{"id":8133,"date":"2022-09-14T12:00:54","date_gmt":"2022-09-14T10:00:54","guid":{"rendered":"https:\/\/www.anovapeneira.gal\/?p=8133"},"modified":"2022-09-11T20:38:36","modified_gmt":"2022-09-11T18:38:36","slug":"tomino-reconece-os-logros-dos-piraguistas-manuel-ochoa-e-emilio-rodriguez","status":"publish","type":"post","link":"https:\/\/www.anovapeneira.gal\/index.php\/2022\/09\/14\/tomino-reconece-os-logros-dos-piraguistas-manuel-ochoa-e-emilio-rodriguez\/","title":{"rendered":"Tomi\u00f1o reco\u00f1ece os logros dos pirag\u00fcistas Manuel Ochoa e Emilio Rodr\u00edguez"},"content":{"rendered":"\n<h2 class=\"wp-block-heading\"><strong>O Concello ofreceu este venres unha recepci\u00f3n na que gabou as s\u00faas traxectorias, as\u00ed como o labor que est\u00e1 a realizar Rodr\u00edguez coa canteira<\/strong><\/h2>\n\n\n\n<p><strong>Tomi\u00f1o, 9 de setembro de 2022<\/strong><\/p>\n\n\n\n<p>O Concello organizou esta ma\u00f1\u00e1 unha recepci\u00f3n aos pirag\u00fcistas tomi\u00f1eses Manuel Ochoa e Emilio Rodr\u00edguez, dous deportistas que est\u00e1n acadando importantes logros para este deporte a nivel nacional e internacional e que levan o nome de Tomi\u00f1o por todo o mundo. \u201cEstamos moi orgullosos e orgullosas da canteira que temos, do traballo que est\u00e1n a facer e da implicaci\u00f3n coa que viven este deporte\u201d, salientou a alcaldesa, Sandra Gonz\u00e1lez.<\/p>\n\n\n\n<p>A rexedora gabou os \u00faltimos trunfos de Manuel Ochoa, que fixo historia ao acadar a medalla de prata na Copa do Mundo de Sl\u00e1lom Extremo, coro\u00e1ndose como un dos mellores deportistas do mundo nesta categor\u00eda. Durante a recepci\u00f3n, Gonz\u00e1lez tam\u00e9n o animou a seguir loitando polos seus so\u00f1os. Un reco\u00f1ecemento na s\u00faa propia terra que para Ochoa \u00e9 \u201cmoi importante, porque ao final \u00e9 de onde ve\u00f1o, onde comecei a adestrar e o que me preparou para a mi\u00f1a carreira e para os logros que estou obtendo\u201d. \u201cAgora as mi\u00f1as miras est\u00e1n postas nos Xogos Ol\u00edmpicos, un proxecto que sei que non \u00e9 doado pero polo que loitarei ata o final. Sempre fun subindo chanzo a chanzo e continuarei fac\u00e9ndoo para que non se quede nun reto e que os meus so\u00f1os se convertan en realidade\u201d.<\/p>\n\n\n\n<p>Sandra Gonz\u00e1lez tivo tam\u00e9n unha verbas de eloxio para Emilio Rodr\u00edguez, \u201cao que lle dariamos o ouro non s\u00f3 polos seus logros deportivos, sen\u00f3n pola s\u00faa entrega e dedicaci\u00f3n ao Club Deportivo Mi\u00f1o-Teixugos, polo seu cari\u00f1o polos nenos e nenas, por crear unha canteira de luxo, por compartir cos demais a s\u00faa paix\u00f3n por este deporte e por facelo sempre dun xeito desinteresado\u201d. Como aseguraba Emilio Rodr\u00edguez, \u201cpara n\u00f3s \u00e9 unha alegr\u00eda que reco\u00f1ezan o labor e o esforzo que facemos para chegar a todos os nosos retos. E \u00e9 impresionante o agarimo que recibimos de toda a xente, que ven como tratas aos nenos e nenas e como van crecendo pouco a pouco como deportistas e persoas dentro do club\u201d.<\/p>\n","protected":false},"excerpt":{"rendered":"<div class=\"mh-excerpt\"><p>O Concello ofreceu este venres unha recepci\u00f3n na que gabou as s\u00faas traxectorias, as\u00ed como o labor que est\u00e1 a realizar Rodr\u00edguez coa canteira <a class=\"mh-excerpt-more\" href=\"https:\/\/www.anovapeneira.gal\/index.php\/2022\/09\/14\/tomino-reconece-os-logros-dos-piraguistas-manuel-ochoa-e-emilio-rodriguez\/\" title=\"Tomi\u00f1o reco\u00f1ece os logros dos pirag\u00fcistas Manuel Ochoa e Emilio Rodr\u00edguez\">[&#8230;]<\/a><\/p>\n<\/div>","protected":false},"author":3,"featured_media":8135,"comment_status":"open","ping_status":"open","sticky":false,"template":"","format":"standard","meta":{"_exactmetrics_skip_tracking":false,"_exactmetrics_sitenote_active":false,"_exactmetrics_sitenote_note":"","_exactmetrics_sitenote_category":0,"footnotes":""},"categories":[21],"tags":[81],"class_list":{"0":"post-8133","1":"post","2":"type-post","3":"status-publish","4":"format-standard","5":"has-post-thumbnail","7":"category-baixo-mino","8":"tag-concello-de-tomino"},"yoast_head":"<!-- This site is optimized with the Yoast SEO plugin v27.4 - https:\/\/yoast.com\/product\/yoast-seo-wordpress\/ -->\n<title>Tomi\u00f1o reco\u00f1ece os logros dos pirag\u00fcistas Manuel Ochoa e Emilio Rodr\u00edguez -<\/title>\n<meta name=\"description\" content=\"O Concello ofreceu este venres unha recepci\u00f3n na que gabou as s\u00faas traxectorias, as\u00ed como o labor que est\u00e1 a realizar Rodr\u00edguez coa canteira\" \/>\n<meta name=\"robots\" content=\"index, follow, max-snippet:-1, max-image-preview:large, max-video-preview:-1\" \/>\n<link rel=\"canonical\" href=\"https:\/\/www.anovapeneira.gal\/index.php\/2022\/09\/14\/tomino-reconece-os-logros-dos-piraguistas-manuel-ochoa-e-emilio-rodriguez\/\" \/>\n<meta property=\"og:locale\" content=\"gl_ES\" \/>\n<meta property=\"og:type\" content=\"article\" \/>\n<meta property=\"og:title\" content=\"Tomi\u00f1o reco\u00f1ece os logros dos pirag\u00fcistas Manuel Ochoa e Emilio Rodr\u00edguez -\" \/>\n<meta property=\"og:description\" content=\"O Concello ofreceu este venres unha recepci\u00f3n na que gabou as s\u00faas traxectorias, as\u00ed como o labor que est\u00e1 a realizar Rodr\u00edguez coa canteira\" \/>\n<meta property=\"og:url\" content=\"https:\/\/www.anovapeneira.gal\/index.php\/2022\/09\/14\/tomino-reconece-os-logros-dos-piraguistas-manuel-ochoa-e-emilio-rodriguez\/\" \/>\n<meta property=\"article:publisher\" content=\"https:\/\/www.facebook.com\/anovapeneira\" \/>\n<meta property=\"article:published_time\" content=\"2022-09-14T10:00:54+00:00\" \/>\n<meta property=\"og:image\" content=\"https:\/\/www.anovapeneira.gal\/wp-content\/uploads\/2022\/09\/Manuel_Ochoa_Emilio_Rodrigue.jpg\" \/>\n\t<meta property=\"og:image:width\" content=\"720\" \/>\n\t<meta property=\"og:image:height\" content=\"432\" \/>\n\t<meta property=\"og:image:type\" content=\"image\/jpeg\" \/>\n<meta name=\"author\" content=\"Redacci\u00f3n A Nova Peneira\" \/>\n<meta name=\"twitter:card\" content=\"summary_large_image\" \/>\n<meta name=\"twitter:creator\" content=\"@APeneira\" \/>\n<meta name=\"twitter:site\" content=\"@APeneira\" \/>\n<meta name=\"twitter:label1\" content=\"Escrito por\" \/>\n\t<meta name=\"twitter:data1\" content=\"Redacci\u00f3n A Nova Peneira\" \/>\n\t<meta name=\"twitter:label2\" content=\"Tempo de lectura\" \/>\n\t<meta name=\"twitter:data2\" content=\"2 minutos\" \/>\n<script type=\"application\/ld+json\" class=\"yoast-schema-graph\">{\"@context\":\"https:\\\/\\\/schema.org\",\"@graph\":[{\"@type\":\"Article\",\"@id\":\"https:\\\/\\\/www.anovapeneira.gal\\\/index.php\\\/2022\\\/09\\\/14\\\/tomino-reconece-os-logros-dos-piraguistas-manuel-ochoa-e-emilio-rodriguez\\\/#article\",\"isPartOf\":{\"@id\":\"https:\\\/\\\/www.anovapeneira.gal\\\/index.php\\\/2022\\\/09\\\/14\\\/tomino-reconece-os-logros-dos-piraguistas-manuel-ochoa-e-emilio-rodriguez\\\/\"},\"author\":{\"name\":\"Redacci\u00f3n A Nova Peneira\",\"@id\":\"https:\\\/\\\/www.anovapeneira.gal\\\/#\\\/schema\\\/person\\\/b93e3f8932e3f8da96334607eb6ac6aa\"},\"headline\":\"Tomi\u00f1o reco\u00f1ece os logros dos pirag\u00fcistas Manuel Ochoa e Emilio Rodr\u00edguez\",\"datePublished\":\"2022-09-14T10:00:54+00:00\",\"mainEntityOfPage\":{\"@id\":\"https:\\\/\\\/www.anovapeneira.gal\\\/index.php\\\/2022\\\/09\\\/14\\\/tomino-reconece-os-logros-dos-piraguistas-manuel-ochoa-e-emilio-rodriguez\\\/\"},\"wordCount\":407,\"commentCount\":0,\"publisher\":{\"@id\":\"https:\\\/\\\/www.anovapeneira.gal\\\/#organization\"},\"image\":{\"@id\":\"https:\\\/\\\/www.anovapeneira.gal\\\/index.php\\\/2022\\\/09\\\/14\\\/tomino-reconece-os-logros-dos-piraguistas-manuel-ochoa-e-emilio-rodriguez\\\/#primaryimage\"},\"thumbnailUrl\":\"https:\\\/\\\/www.anovapeneira.gal\\\/wp-content\\\/uploads\\\/2022\\\/09\\\/Manuel_Ochoa_Emilio_Rodrigue.jpg\",\"keywords\":[\"Concello de Tomi\u00f1o\"],\"articleSection\":[\"Baixo Mi\u00f1o\"],\"inLanguage\":\"gl-ES\",\"potentialAction\":[{\"@type\":\"CommentAction\",\"name\":\"Comment\",\"target\":[\"https:\\\/\\\/www.anovapeneira.gal\\\/index.php\\\/2022\\\/09\\\/14\\\/tomino-reconece-os-logros-dos-piraguistas-manuel-ochoa-e-emilio-rodriguez\\\/#respond\"]}]},{\"@type\":\"WebPage\",\"@id\":\"https:\\\/\\\/www.anovapeneira.gal\\\/index.php\\\/2022\\\/09\\\/14\\\/tomino-reconece-os-logros-dos-piraguistas-manuel-ochoa-e-emilio-rodriguez\\\/\",\"url\":\"https:\\\/\\\/www.anovapeneira.gal\\\/index.php\\\/2022\\\/09\\\/14\\\/tomino-reconece-os-logros-dos-piraguistas-manuel-ochoa-e-emilio-rodriguez\\\/\",\"name\":\"Tomi\u00f1o reco\u00f1ece os logros dos pirag\u00fcistas Manuel Ochoa e Emilio Rodr\u00edguez -\",\"isPartOf\":{\"@id\":\"https:\\\/\\\/www.anovapeneira.gal\\\/#website\"},\"primaryImageOfPage\":{\"@id\":\"https:\\\/\\\/www.anovapeneira.gal\\\/index.php\\\/2022\\\/09\\\/14\\\/tomino-reconece-os-logros-dos-piraguistas-manuel-ochoa-e-emilio-rodriguez\\\/#primaryimage\"},\"image\":{\"@id\":\"https:\\\/\\\/www.anovapeneira.gal\\\/index.php\\\/2022\\\/09\\\/14\\\/tomino-reconece-os-logros-dos-piraguistas-manuel-ochoa-e-emilio-rodriguez\\\/#primaryimage\"},\"thumbnailUrl\":\"https:\\\/\\\/www.anovapeneira.gal\\\/wp-content\\\/uploads\\\/2022\\\/09\\\/Manuel_Ochoa_Emilio_Rodrigue.jpg\",\"datePublished\":\"2022-09-14T10:00:54+00:00\",\"description\":\"O Concello ofreceu este venres unha recepci\u00f3n na que gabou as s\u00faas traxectorias, as\u00ed como o labor que est\u00e1 a realizar Rodr\u00edguez coa canteira\",\"breadcrumb\":{\"@id\":\"https:\\\/\\\/www.anovapeneira.gal\\\/index.php\\\/2022\\\/09\\\/14\\\/tomino-reconece-os-logros-dos-piraguistas-manuel-ochoa-e-emilio-rodriguez\\\/#breadcrumb\"},\"inLanguage\":\"gl-ES\",\"potentialAction\":[{\"@type\":\"ReadAction\",\"target\":[\"https:\\\/\\\/www.anovapeneira.gal\\\/index.php\\\/2022\\\/09\\\/14\\\/tomino-reconece-os-logros-dos-piraguistas-manuel-ochoa-e-emilio-rodriguez\\\/\"]}]},{\"@type\":\"ImageObject\",\"inLanguage\":\"gl-ES\",\"@id\":\"https:\\\/\\\/www.anovapeneira.gal\\\/index.php\\\/2022\\\/09\\\/14\\\/tomino-reconece-os-logros-dos-piraguistas-manuel-ochoa-e-emilio-rodriguez\\\/#primaryimage\",\"url\":\"https:\\\/\\\/www.anovapeneira.gal\\\/wp-content\\\/uploads\\\/2022\\\/09\\\/Manuel_Ochoa_Emilio_Rodrigue.jpg\",\"contentUrl\":\"https:\\\/\\\/www.anovapeneira.gal\\\/wp-content\\\/uploads\\\/2022\\\/09\\\/Manuel_Ochoa_Emilio_Rodrigue.jpg\",\"width\":720,\"height\":432,\"caption\":\"Tomi\u00f1o reco\u00f1ece os logros dos pirag\u00fcistas Manuel Ochoa e Emilio Rodr\u00edguez\"},{\"@type\":\"BreadcrumbList\",\"@id\":\"https:\\\/\\\/www.anovapeneira.gal\\\/index.php\\\/2022\\\/09\\\/14\\\/tomino-reconece-os-logros-dos-piraguistas-manuel-ochoa-e-emilio-rodriguez\\\/#breadcrumb\",\"itemListElement\":[{\"@type\":\"ListItem\",\"position\":1,\"name\":\"Portada\",\"item\":\"https:\\\/\\\/www.anovapeneira.gal\\\/\"},{\"@type\":\"ListItem\",\"position\":2,\"name\":\"Tomi\u00f1o reco\u00f1ece os logros dos pirag\u00fcistas Manuel Ochoa e Emilio Rodr\u00edguez\"}]},{\"@type\":\"WebSite\",\"@id\":\"https:\\\/\\\/www.anovapeneira.gal\\\/#website\",\"url\":\"https:\\\/\\\/www.anovapeneira.gal\\\/\",\"name\":\"\",\"description\":\"Xornal galego de informaci\u00f3n xeral Publicaci\u00f3n mensual de novas de Galicia e en especial dos Concellos da sur da provincia de Pontevedra.\",\"publisher\":{\"@id\":\"https:\\\/\\\/www.anovapeneira.gal\\\/#organization\"},\"potentialAction\":[{\"@type\":\"SearchAction\",\"target\":{\"@type\":\"EntryPoint\",\"urlTemplate\":\"https:\\\/\\\/www.anovapeneira.gal\\\/?s={search_term_string}\"},\"query-input\":{\"@type\":\"PropertyValueSpecification\",\"valueRequired\":true,\"valueName\":\"search_term_string\"}}],\"inLanguage\":\"gl-ES\"},{\"@type\":\"Organization\",\"@id\":\"https:\\\/\\\/www.anovapeneira.gal\\\/#organization\",\"name\":\"A Nova Peneira\",\"url\":\"https:\\\/\\\/www.anovapeneira.gal\\\/\",\"logo\":{\"@type\":\"ImageObject\",\"inLanguage\":\"gl-ES\",\"@id\":\"https:\\\/\\\/www.anovapeneira.gal\\\/#\\\/schema\\\/logo\\\/image\\\/\",\"url\":\"http:\\\/\\\/www.anovapeneira.gal\\\/wp-content\\\/uploads\\\/2019\\\/06\\\/logo_a_nova_peneira_portal_web.png\",\"contentUrl\":\"http:\\\/\\\/www.anovapeneira.gal\\\/wp-content\\\/uploads\\\/2019\\\/06\\\/logo_a_nova_peneira_portal_web.png\",\"width\":300,\"height\":100,\"caption\":\"A Nova Peneira\"},\"image\":{\"@id\":\"https:\\\/\\\/www.anovapeneira.gal\\\/#\\\/schema\\\/logo\\\/image\\\/\"},\"sameAs\":[\"https:\\\/\\\/www.facebook.com\\\/anovapeneira\",\"https:\\\/\\\/x.com\\\/APeneira\"]},{\"@type\":\"Person\",\"@id\":\"https:\\\/\\\/www.anovapeneira.gal\\\/#\\\/schema\\\/person\\\/b93e3f8932e3f8da96334607eb6ac6aa\",\"name\":\"Redacci\u00f3n A Nova Peneira\",\"image\":{\"@type\":\"ImageObject\",\"inLanguage\":\"gl-ES\",\"@id\":\"https:\\\/\\\/secure.gravatar.com\\\/avatar\\\/c052a2551a06e23fac63626232eaa90abd78dbcf1700fc46a2b2c89fd27b735f?s=96&d=mm&r=g\",\"url\":\"https:\\\/\\\/secure.gravatar.com\\\/avatar\\\/c052a2551a06e23fac63626232eaa90abd78dbcf1700fc46a2b2c89fd27b735f?s=96&d=mm&r=g\",\"contentUrl\":\"https:\\\/\\\/secure.gravatar.com\\\/avatar\\\/c052a2551a06e23fac63626232eaa90abd78dbcf1700fc46a2b2c89fd27b735f?s=96&d=mm&r=g\",\"caption\":\"Redacci\u00f3n A Nova Peneira\"},\"sameAs\":[\"http:\\\/\\\/www.anovapeneira.gal\\\/\"],\"url\":\"https:\\\/\\\/www.anovapeneira.gal\\\/index.php\\\/author\\\/redactor\\\/\"}]}<\/script>\n<!-- \/ Yoast SEO plugin. -->","yoast_head_json":{"title":"Tomi\u00f1o reco\u00f1ece os logros dos pirag\u00fcistas Manuel Ochoa e Emilio Rodr\u00edguez -","description":"O Concello ofreceu este venres unha recepci\u00f3n na que gabou as s\u00faas traxectorias, as\u00ed como o labor que est\u00e1 a realizar Rodr\u00edguez coa canteira","robots":{"index":"index","follow":"follow","max-snippet":"max-snippet:-1","max-image-preview":"max-image-preview:large","max-video-preview":"max-video-preview:-1"},"canonical":"https:\/\/www.anovapeneira.gal\/index.php\/2022\/09\/14\/tomino-reconece-os-logros-dos-piraguistas-manuel-ochoa-e-emilio-rodriguez\/","og_locale":"gl_ES","og_type":"article","og_title":"Tomi\u00f1o reco\u00f1ece os logros dos pirag\u00fcistas Manuel Ochoa e Emilio Rodr\u00edguez -","og_description":"O Concello ofreceu este venres unha recepci\u00f3n na que gabou as s\u00faas traxectorias, as\u00ed como o labor que est\u00e1 a realizar Rodr\u00edguez coa canteira","og_url":"https:\/\/www.anovapeneira.gal\/index.php\/2022\/09\/14\/tomino-reconece-os-logros-dos-piraguistas-manuel-ochoa-e-emilio-rodriguez\/","article_publisher":"https:\/\/www.facebook.com\/anovapeneira","article_published_time":"2022-09-14T10:00:54+00:00","og_image":[{"width":720,"height":432,"url":"https:\/\/www.anovapeneira.gal\/wp-content\/uploads\/2022\/09\/Manuel_Ochoa_Emilio_Rodrigue.jpg","type":"image\/jpeg"}],"author":"Redacci\u00f3n A Nova Peneira","twitter_card":"summary_large_image","twitter_creator":"@APeneira","twitter_site":"@APeneira","twitter_misc":{"Escrito por":"Redacci\u00f3n A Nova Peneira","Tempo de lectura":"2 minutos"},"schema":{"@context":"https:\/\/schema.org","@graph":[{"@type":"Article","@id":"https:\/\/www.anovapeneira.gal\/index.php\/2022\/09\/14\/tomino-reconece-os-logros-dos-piraguistas-manuel-ochoa-e-emilio-rodriguez\/#article","isPartOf":{"@id":"https:\/\/www.anovapeneira.gal\/index.php\/2022\/09\/14\/tomino-reconece-os-logros-dos-piraguistas-manuel-ochoa-e-emilio-rodriguez\/"},"author":{"name":"Redacci\u00f3n A Nova Peneira","@id":"https:\/\/www.anovapeneira.gal\/#\/schema\/person\/b93e3f8932e3f8da96334607eb6ac6aa"},"headline":"Tomi\u00f1o reco\u00f1ece os logros dos pirag\u00fcistas Manuel Ochoa e Emilio Rodr\u00edguez","datePublished":"2022-09-14T10:00:54+00:00","mainEntityOfPage":{"@id":"https:\/\/www.anovapeneira.gal\/index.php\/2022\/09\/14\/tomino-reconece-os-logros-dos-piraguistas-manuel-ochoa-e-emilio-rodriguez\/"},"wordCount":407,"commentCount":0,"publisher":{"@id":"https:\/\/www.anovapeneira.gal\/#organization"},"image":{"@id":"https:\/\/www.anovapeneira.gal\/index.php\/2022\/09\/14\/tomino-reconece-os-logros-dos-piraguistas-manuel-ochoa-e-emilio-rodriguez\/#primaryimage"},"thumbnailUrl":"https:\/\/www.anovapeneira.gal\/wp-content\/uploads\/2022\/09\/Manuel_Ochoa_Emilio_Rodrigue.jpg","keywords":["Concello de Tomi\u00f1o"],"articleSection":["Baixo Mi\u00f1o"],"inLanguage":"gl-ES","potentialAction":[{"@type":"CommentAction","name":"Comment","target":["https:\/\/www.anovapeneira.gal\/index.php\/2022\/09\/14\/tomino-reconece-os-logros-dos-piraguistas-manuel-ochoa-e-emilio-rodriguez\/#respond"]}]},{"@type":"WebPage","@id":"https:\/\/www.anovapeneira.gal\/index.php\/2022\/09\/14\/tomino-reconece-os-logros-dos-piraguistas-manuel-ochoa-e-emilio-rodriguez\/","url":"https:\/\/www.anovapeneira.gal\/index.php\/2022\/09\/14\/tomino-reconece-os-logros-dos-piraguistas-manuel-ochoa-e-emilio-rodriguez\/","name":"Tomi\u00f1o reco\u00f1ece os logros dos pirag\u00fcistas Manuel Ochoa e Emilio Rodr\u00edguez -","isPartOf":{"@id":"https:\/\/www.anovapeneira.gal\/#website"},"primaryImageOfPage":{"@id":"https:\/\/www.anovapeneira.gal\/index.php\/2022\/09\/14\/tomino-reconece-os-logros-dos-piraguistas-manuel-ochoa-e-emilio-rodriguez\/#primaryimage"},"image":{"@id":"https:\/\/www.anovapeneira.gal\/index.php\/2022\/09\/14\/tomino-reconece-os-logros-dos-piraguistas-manuel-ochoa-e-emilio-rodriguez\/#primaryimage"},"thumbnailUrl":"https:\/\/www.anovapeneira.gal\/wp-content\/uploads\/2022\/09\/Manuel_Ochoa_Emilio_Rodrigue.jpg","datePublished":"2022-09-14T10:00:54+00:00","description":"O Concello ofreceu este venres unha recepci\u00f3n na que gabou as s\u00faas traxectorias, as\u00ed como o labor que est\u00e1 a realizar Rodr\u00edguez coa canteira","breadcrumb":{"@id":"https:\/\/www.anovapeneira.gal\/index.php\/2022\/09\/14\/tomino-reconece-os-logros-dos-piraguistas-manuel-ochoa-e-emilio-rodriguez\/#breadcrumb"},"inLanguage":"gl-ES","potentialAction":[{"@type":"ReadAction","target":["https:\/\/www.anovapeneira.gal\/index.php\/2022\/09\/14\/tomino-reconece-os-logros-dos-piraguistas-manuel-ochoa-e-emilio-rodriguez\/"]}]},{"@type":"ImageObject","inLanguage":"gl-ES","@id":"https:\/\/www.anovapeneira.gal\/index.php\/2022\/09\/14\/tomino-reconece-os-logros-dos-piraguistas-manuel-ochoa-e-emilio-rodriguez\/#primaryimage","url":"https:\/\/www.anovapeneira.gal\/wp-content\/uploads\/2022\/09\/Manuel_Ochoa_Emilio_Rodrigue.jpg","contentUrl":"https:\/\/www.anovapeneira.gal\/wp-content\/uploads\/2022\/09\/Manuel_Ochoa_Emilio_Rodrigue.jpg","width":720,"height":432,"caption":"Tomi\u00f1o reco\u00f1ece os logros dos pirag\u00fcistas Manuel Ochoa e Emilio Rodr\u00edguez"},{"@type":"BreadcrumbList","@id":"https:\/\/www.anovapeneira.gal\/index.php\/2022\/09\/14\/tomino-reconece-os-logros-dos-piraguistas-manuel-ochoa-e-emilio-rodriguez\/#breadcrumb","itemListElement":[{"@type":"ListItem","position":1,"name":"Portada","item":"https:\/\/www.anovapeneira.gal\/"},{"@type":"ListItem","position":2,"name":"Tomi\u00f1o reco\u00f1ece os logros dos pirag\u00fcistas Manuel Ochoa e Emilio Rodr\u00edguez"}]},{"@type":"WebSite","@id":"https:\/\/www.anovapeneira.gal\/#website","url":"https:\/\/www.anovapeneira.gal\/","name":"","description":"Xornal galego de informaci\u00f3n xeral Publicaci\u00f3n mensual de novas de Galicia e en especial dos Concellos da sur da provincia de Pontevedra.","publisher":{"@id":"https:\/\/www.anovapeneira.gal\/#organization"},"potentialAction":[{"@type":"SearchAction","target":{"@type":"EntryPoint","urlTemplate":"https:\/\/www.anovapeneira.gal\/?s={search_term_string}"},"query-input":{"@type":"PropertyValueSpecification","valueRequired":true,"valueName":"search_term_string"}}],"inLanguage":"gl-ES"},{"@type":"Organization","@id":"https:\/\/www.anovapeneira.gal\/#organization","name":"A Nova Peneira","url":"https:\/\/www.anovapeneira.gal\/","logo":{"@type":"ImageObject","inLanguage":"gl-ES","@id":"https:\/\/www.anovapeneira.gal\/#\/schema\/logo\/image\/","url":"http:\/\/www.anovapeneira.gal\/wp-content\/uploads\/2019\/06\/logo_a_nova_peneira_portal_web.png","contentUrl":"http:\/\/www.anovapeneira.gal\/wp-content\/uploads\/2019\/06\/logo_a_nova_peneira_portal_web.png","width":300,"height":100,"caption":"A Nova Peneira"},"image":{"@id":"https:\/\/www.anovapeneira.gal\/#\/schema\/logo\/image\/"},"sameAs":["https:\/\/www.facebook.com\/anovapeneira","https:\/\/x.com\/APeneira"]},{"@type":"Person","@id":"https:\/\/www.anovapeneira.gal\/#\/schema\/person\/b93e3f8932e3f8da96334607eb6ac6aa","name":"Redacci\u00f3n A Nova Peneira","image":{"@type":"ImageObject","inLanguage":"gl-ES","@id":"https:\/\/secure.gravatar.com\/avatar\/c052a2551a06e23fac63626232eaa90abd78dbcf1700fc46a2b2c89fd27b735f?s=96&d=mm&r=g","url":"https:\/\/secure.gravatar.com\/avatar\/c052a2551a06e23fac63626232eaa90abd78dbcf1700fc46a2b2c89fd27b735f?s=96&d=mm&r=g","contentUrl":"https:\/\/secure.gravatar.com\/avatar\/c052a2551a06e23fac63626232eaa90abd78dbcf1700fc46a2b2c89fd27b735f?s=96&d=mm&r=g","caption":"Redacci\u00f3n A Nova Peneira"},"sameAs":["http:\/\/www.anovapeneira.gal\/"],"url":"https:\/\/www.anovapeneira.gal\/index.php\/author\/redactor\/"}]}},"jetpack_featured_media_url":"https:\/\/www.anovapeneira.gal\/wp-content\/uploads\/2022\/09\/Manuel_Ochoa_Emilio_Rodrigue.jpg","_links":{"self":[{"href":"https:\/\/www.anovapeneira.gal\/index.php\/wp-json\/wp\/v2\/posts\/8133","targetHints":{"allow":["GET"]}}],"collection":[{"href":"https:\/\/www.anovapeneira.gal\/index.php\/wp-json\/wp\/v2\/posts"}],"about":[{"href":"https:\/\/www.anovapeneira.gal\/index.php\/wp-json\/wp\/v2\/types\/post"}],"author":[{"embeddable":true,"href":"https:\/\/www.anovapeneira.gal\/index.php\/wp-json\/wp\/v2\/users\/3"}],"replies":[{"embeddable":true,"href":"https:\/\/www.anovapeneira.gal\/index.php\/wp-json\/wp\/v2\/comments?post=8133"}],"version-history":[{"count":1,"href":"https:\/\/www.anovapeneira.gal\/index.php\/wp-json\/wp\/v2\/posts\/8133\/revisions"}],"predecessor-version":[{"id":8134,"href":"https:\/\/www.anovapeneira.gal\/index.php\/wp-json\/wp\/v2\/posts\/8133\/revisions\/8134"}],"wp:featuredmedia":[{"embeddable":true,"href":"https:\/\/www.anovapeneira.gal\/index.php\/wp-json\/wp\/v2\/media\/8135"}],"wp:attachment":[{"href":"https:\/\/www.anovapeneira.gal\/index.php\/wp-json\/wp\/v2\/media?parent=8133"}],"wp:term":[{"taxonomy":"category","embeddable":true,"href":"https:\/\/www.anovapeneira.gal\/index.php\/wp-json\/wp\/v2\/categories?post=8133"},{"taxonomy":"post_tag","embeddable":true,"href":"https:\/\/www.anovapeneira.gal\/index.php\/wp-json\/wp\/v2\/tags?post=8133"}],"curies":[{"name":"wp","href":"https:\/\/api.w.org\/{rel}","templated":true}]}}