{"id":8141,"date":"2022-09-15T12:00:04","date_gmt":"2022-09-15T10:00:04","guid":{"rendered":"https:\/\/www.anovapeneira.gal\/?p=8141"},"modified":"2022-09-11T20:56:32","modified_gmt":"2022-09-11T18:56:32","slug":"xavier-rodriguez-candidato-do-bng-a-alcaldia-de-nigran","status":"publish","type":"post","link":"https:\/\/www.anovapeneira.gal\/index.php\/2022\/09\/15\/xavier-rodriguez-candidato-do-bng-a-alcaldia-de-nigran\/","title":{"rendered":"Xavier Rodr\u00edguez candidato do BNG \u00e1 alcald\u00eda de Nigr\u00e1n"},"content":{"rendered":"\n<p><strong>Nigr\u00e1n nunca foi unha localidade na que o nacionalismo tivera unhas porcentaxes de voto significativas. Supo\u00f1o que son m\u00faltiples as raz\u00f3ns que o expliquen, pero eu destacar\u00eda a alta concentraci\u00f3n de persoas de moi elevado poder adquisitivo, socioloxicamente conservadoras, que compran vivendas neste concello. Por\u00e9n sempre tivo un espazo m\u00e1is ou menos estable que perdeu nas elecci\u00f3ns do 2019 xa que quedou f\u00f3ra do Concello. Desta volta o seu cabeza de lista am\u00f3sase moi ilusionado en recuperar a presenza do BNG no consistorio, pois todos os indicios apuntan a que iso \u00e9 o que vai acontecer. N\u00f3s conversamos con el<\/strong><\/p>\n\n\n\n<p>\u201c<strong>O nacionalismo non pode volver quedar f\u00f3ra do Concello de Nigr\u00e1n e n\u00f3s estamos convencidos de que conseguiremos recuperar a representaci\u00f3n\u201d<\/strong><\/p>\n\n\n\n<p><strong>Xa podemos dicir que vas ser o candidato do Bng nas municipais do 2023?<\/strong><\/p>\n\n\n\n<blockquote class=\"wp-block-quote is-layout-flow wp-block-quote-is-layout-flow\"><p>Si, non \u00e9 algo que anunciaramos, de feito o m\u00e1is probable \u00e9 que non fagamos un anuncio oficial sen\u00f3n unha presentaci\u00f3n de candidatura pero xa tratamos a nivel local quen \u00eda ser o cabeza de lista e, si, a responsabilidade vouna asumir eu.<\/p><\/blockquote>\n\n\n\n<p><strong>No mandato do 2015 eras concelleiro e no 19 o BNG perdeu a representaci\u00f3n que ti\u00f1ades en Nigr\u00e1n, e agora cales son as aspiraci\u00f3ns realistas que tedes?<\/strong><\/p>\n\n\n\n<blockquote class=\"wp-block-quote is-layout-flow wp-block-quote-is-layout-flow\"><p>Desde logo recuperar a representaci\u00f3n que nunca debemos de ter perdido algo que n\u00f3s estamos seguros de que imos conseguir.<\/p><\/blockquote>\n\n\n\n<p><strong>Por que?<\/strong><\/p>\n\n\n\n<blockquote class=\"wp-block-quote is-layout-flow wp-block-quote-is-layout-flow\"><p>O ambiente que pulsamos pola r\u00faa as\u00ed o indica .Vemos un clamor xeral sobre a imperiosa necesidade de corrixir \u00e1 anomal\u00eda de que o nacionalismo estea f\u00f3ra do Concello de Nigr\u00e1n e neste tema ser\u00eda pertinente penso eu analizar as causas que motivaron que perderamos esa representaci\u00f3n<\/p><\/blockquote>\n\n\n\n<p><strong>Cales foron?<\/strong><\/p>\n\n\n\n<blockquote class=\"wp-block-quote is-layout-flow wp-block-quote-is-layout-flow\"><p>Nas municipais do 2019 houbo un enorme tsunami socialista na nosa \u00e1rea que arrastroulles moito voto que habitualmente non te\u00f1en. En concreto en Nigr\u00e1n esa onda levouse por diante ao PP, e a Nigr\u00e1n decide. Curiosamente ao nacionalismo non. O que determinou que o nacionalismo non tivera representaci\u00f3n foi a divisi\u00f3n pois por primeira vez na nosa historia houbo d\u00faas candidaturas , a nosa e a de Manifesto Mi\u00f1or, de claro perfil nacionalista<\/p><\/blockquote>\n\n\n\n<p><strong>Manifesto Mi\u00f1or desapareceu?<\/strong><\/p>\n\n\n\n<blockquote class=\"wp-block-quote is-layout-flow wp-block-quote-is-layout-flow\"><p>Home non sei que ter\u00e1n pensado, pero nestes catro anos , en Nigr\u00e1n, estiveron completamente desaparecidos. Non fixeron absolutamente nada de pol\u00edtica. O BNG como \u00e9 tradici\u00f3n na nosa historia, esteamos nas instituci\u00f3ns ou non, nunca deixa de facer pol\u00edtica nin de estar presente nas distintos conflitos<\/p><\/blockquote>\n\n\n\n<p><strong>Tivestes contactos con algunha destas persoas que foron na outra candidatura nacionalista?<\/strong><\/p>\n\n\n\n<blockquote class=\"wp-block-quote is-layout-flow wp-block-quote-is-layout-flow\"><p>Si, con algunha persoa si, de feito algunha est\u00e1 nestes momentos claramente connotada co BNG<\/p><\/blockquote>\n\n\n\n<p><strong>E nestes anos f\u00f3ra do Concello foi posible facer pol\u00edtica?<\/strong><\/p>\n\n\n\n<blockquote class=\"wp-block-quote is-layout-flow wp-block-quote-is-layout-flow\"><p>\u00c9 m\u00e1is dif\u00edcil desde logo, pero si a fixemos. De feito estes anos serv\u00edronnos a todos como aprendizaxe e fix\u00e9ronnos constatar que \u00e9 m\u00e1is importante a organizaci\u00f3n que as instituci\u00f3ns.<\/p><\/blockquote>\n\n\n\n<p><strong>Como est\u00e1 a sa\u00fade do BNG de Nigr\u00e1n?<\/strong><\/p>\n\n\n\n<blockquote class=\"wp-block-quote is-layout-flow wp-block-quote-is-layout-flow\"><p>Estamos no noso m\u00e1ximo hist\u00f3rico de afiliaci\u00f3n, ese \u00e9 un dato obxectivo. E hai outra parte m\u00e1is subxectiva que se refire aos \u00e1nimos e ilusi\u00f3ns e podo dicir que o que percibimos \u00e9 que tam\u00e9n est\u00e1n en m\u00e1ximos.<\/p><\/blockquote>\n\n\n\n<p><strong>Val\u00f3ranos o goberno do PSOE que encabeza Juan Gonz\u00e1lez?<\/strong><\/p>\n\n\n\n<blockquote class=\"wp-block-quote is-layout-flow wp-block-quote-is-layout-flow\"><p>A s\u00faa principal caracter\u00edstica \u00e9 a inacci\u00f3n. Este \u00e9 un goberno que escapa dos problemas e que fai moi pouco. O que si fan \u00e9 propaganda, iso si que o fan moito, por suposto pagada con cartos de todos os veci\u00f1os e veci\u00f1as de Nigr\u00e1n.<\/p><\/blockquote>\n\n\n\n<p><strong>Pero ent\u00f3n por que , ao teu xu\u00edzo, ten ese resultado abafador 13 de 17?<\/strong><\/p>\n\n\n\n<blockquote class=\"wp-block-quote is-layout-flow wp-block-quote-is-layout-flow\"><p>Como che dixen antes pola onda favorable que tivo o PSOE no 2019, pola propaganda e por unha moi boa imaxe persoal. Imos ver canto \u00e9 capaz de conservar nas elecci\u00f3ns do 2023.Polo que pulsamos n\u00f3s xa hai colectivos que se dan de conta de que non \u00e9 como se vende.<\/p><\/blockquote>\n\n\n\n<p><strong>Recentemente o Bng de Nigr\u00e1n amosou a s\u00faa preocupaci\u00f3n polo estado da Foz. Est\u00e1 en mal estado esa paraxe tan fermosa?<\/strong><\/p>\n\n\n\n<blockquote class=\"wp-block-quote is-layout-flow wp-block-quote-is-layout-flow\"><p>Nun estudo que fixera a Universidade de Vigo cualific\u00e1raa como unha cloaca a ceo aberto. Hai poucas d\u00e9cadas hab\u00eda nese espazo un importante banco marisqueiro do que viv\u00edan moitas persoas. Agora est\u00e1 pechado por contaminaci\u00f3n<\/p><\/blockquote>\n\n\n\n<p><strong>De augas fecais?<\/strong><\/p>\n\n\n\n<blockquote class=\"wp-block-quote is-layout-flow wp-block-quote-is-layout-flow\"><p>Fundamentalmente de augas fecais. Iso \u00e9 por varias causas, a m\u00e1is importante o mal funcionamento da depuradora de Gondomar, pero tam\u00e9n hai vertidos directos. A soluci\u00f3n deste grave problema \u00e9 un dos temas nos que o BNG fixo fincap\u00e9. Non digo que sexa f\u00e1cil ama\u00f1alo pero o que nos molesta \u00e9 que non se faga absolutamente nada por tentalo. A protecci\u00f3n do noso medio ambiente \u00e9 esencial para n\u00f3s, e ese \u00e9 un punto que require atenci\u00f3n pero non o \u00fanico, pois hai m\u00e1is problemas<\/p><\/blockquote>\n\n\n\n<p><strong>Por exemplo?<\/strong><\/p>\n\n\n\n<blockquote class=\"wp-block-quote is-layout-flow wp-block-quote-is-layout-flow\"><p>A contaminaci\u00f3n do r\u00edo Mu\u00ed\u00f1os<\/p><\/blockquote>\n\n\n\n<p><strong>No voso bolet\u00edn falabades de supostos casos de enchufismo no Concello. C\u00f3ntame iso?<\/strong><\/p>\n\n\n\n<blockquote class=\"wp-block-quote is-layout-flow wp-block-quote-is-layout-flow\"><p>N\u00f3s o que dicimos \u00e9 que para evitar calquera tipo de pol\u00e9mica a contrataci\u00f3n de persoal temporal por parte da administraci\u00f3n municipal debe de facerse a trav\u00e9s de convocatorias p\u00fablicas de emprego con absoluta transparencia.<\/p><\/blockquote>\n\n\n\n<p><strong>Que pasa cos bombeiros do Val Mi\u00f1or?<\/strong><\/p>\n\n\n\n<blockquote class=\"wp-block-quote is-layout-flow wp-block-quote-is-layout-flow\"><p>Hai un conflito grave de suposto acoso. Antes d\u00edxenche que a caracter\u00edstica principal deste goberno \u00e9 a Inacci\u00f3n e este \u00e9 un exemplo palpable. O alcalde de Nigr\u00e1n \u00e9 o presidente da mancomunidade e a s\u00faa inhibici\u00f3n provoca que esteamos na situaci\u00f3n que estamos. Quero recordar que a mancomunidade foi sancionada con 25.001\u20ac pola s\u00faa inacci\u00f3n. E eses cartos pag\u00e1molos todos os cidad\u00e1ns e cidad\u00e1s do Val Mi\u00f1or<\/p><\/blockquote>\n\n\n\n<p><strong>De feito v\u00f3s pedistes a dimisi\u00f3n de Juan como presidente da mancomunidade non?<\/strong><\/p>\n\n\n\n<blockquote class=\"wp-block-quote is-layout-flow wp-block-quote-is-layout-flow\"><p>Si, ped\u00edmola .Se el que ten as competencias non as asume entendemos que debe deixalo e dar paso a outra persoa que si as queira exercer.<\/p><\/blockquote>\n\n\n\n<p><strong>Pare rematar;cales son, segundo o voso criterio, as principais necesidades que ten o concello de Nigr\u00e1n?<\/strong><\/p>\n\n\n\n<blockquote class=\"wp-block-quote is-layout-flow wp-block-quote-is-layout-flow\"><p>A cuesti\u00f3n medio ambiental \u00e9 un problema relevante que deber\u00eda ser abordado con decisi\u00f3n algo que este goberno non fai. O Plan xeral, un goberno que ten unha maior\u00eda brutal como este non conseguiu aprobar un plan xeral, que tipo de goberno \u00e9?.Para n\u00f3s \u00e9 fundamental aprobar un plan xeral non para favorecer a construci\u00f3n nin a especulaci\u00f3n sen\u00f3n para protexer espazos naturais , para crear solo dotacional e para crear vivenda protexida pois a s\u00faa escaseza \u00e9 outra das eivas esenciais do noso Concello.<\/p><\/blockquote>\n\n\n\n<blockquote class=\"wp-block-quote is-layout-flow wp-block-quote-is-layout-flow\"><p>En Nigr\u00e1n hai unha expulsi\u00f3n notable de persoas novas porque non poden acceder aos prezos disparatados da vivenda e son substitu\u00eddos por poboaci\u00f3n for\u00e1nea de alto nivel adquisitivo o que \u00e9 para o BNG intolerable.<\/p><\/blockquote>\n","protected":false},"excerpt":{"rendered":"<div class=\"mh-excerpt\"><p>Nigr\u00e1n nunca foi unha localidade na que o nacionalismo tivera unhas porcentaxes de voto significativas. Supo\u00f1o que son m\u00faltiples as raz\u00f3ns que o expliquen, pero eu destacar\u00eda a alta concentraci\u00f3n de persoas de moi elevado poder adquisitivo, socioloxicamente conservadoras, que compran vivendas neste concello <a class=\"mh-excerpt-more\" href=\"https:\/\/www.anovapeneira.gal\/index.php\/2022\/09\/15\/xavier-rodriguez-candidato-do-bng-a-alcaldia-de-nigran\/\" title=\"Xavier Rodr\u00edguez candidato do BNG \u00e1 alcald\u00eda de Nigr\u00e1n\">[&#8230;]<\/a><\/p>\n<\/div>","protected":false},"author":3,"featured_media":8144,"comment_status":"open","ping_status":"open","sticky":false,"template":"","format":"standard","meta":{"_exactmetrics_skip_tracking":false,"_exactmetrics_sitenote_active":false,"_exactmetrics_sitenote_note":"","_exactmetrics_sitenote_category":0,"footnotes":""},"categories":[20],"tags":[135],"class_list":{"0":"post-8141","1":"post","2":"type-post","3":"status-publish","4":"format-standard","5":"has-post-thumbnail","7":"category-val-minor","8":"tag-concello-de-nigran"},"yoast_head":"<!-- This site is optimized with the Yoast SEO plugin v27.4 - https:\/\/yoast.com\/product\/yoast-seo-wordpress\/ -->\n<title>Xavier Rodr\u00edguez candidato do BNG \u00e1 alcald\u00eda de Nigr\u00e1n -<\/title>\n<meta name=\"description\" content=\"Nigr\u00e1n nunca foi unha localidade na que o nacionalismo tivera unhas porcentaxes de voto significativas. Supo\u00f1o que son m\u00faltiples as raz\u00f3ns que o expliquen, pero eu destacar\u00eda a alta concentraci\u00f3n de persoas de moi elevado poder adquisitivo, socioloxicamente conservadoras, que compran vivendas neste concello\" \/>\n<meta name=\"robots\" content=\"index, follow, max-snippet:-1, max-image-preview:large, max-video-preview:-1\" \/>\n<link rel=\"canonical\" href=\"https:\/\/www.anovapeneira.gal\/index.php\/2022\/09\/15\/xavier-rodriguez-candidato-do-bng-a-alcaldia-de-nigran\/\" \/>\n<meta property=\"og:locale\" content=\"gl_ES\" \/>\n<meta property=\"og:type\" content=\"article\" \/>\n<meta property=\"og:title\" content=\"Xavier Rodr\u00edguez candidato do BNG \u00e1 alcald\u00eda de Nigr\u00e1n -\" \/>\n<meta property=\"og:description\" content=\"Nigr\u00e1n nunca foi unha localidade na que o nacionalismo tivera unhas porcentaxes de voto significativas. Supo\u00f1o que son m\u00faltiples as raz\u00f3ns que o expliquen, pero eu destacar\u00eda a alta concentraci\u00f3n de persoas de moi elevado poder adquisitivo, socioloxicamente conservadoras, que compran vivendas neste concello\" \/>\n<meta property=\"og:url\" content=\"https:\/\/www.anovapeneira.gal\/index.php\/2022\/09\/15\/xavier-rodriguez-candidato-do-bng-a-alcaldia-de-nigran\/\" \/>\n<meta property=\"article:publisher\" content=\"https:\/\/www.facebook.com\/anovapeneira\" \/>\n<meta property=\"article:published_time\" content=\"2022-09-15T10:00:04+00:00\" \/>\n<meta property=\"og:image\" content=\"https:\/\/www.anovapeneira.gal\/wp-content\/uploads\/2022\/09\/xavier_rodriguez.jpg\" \/>\n\t<meta property=\"og:image:width\" content=\"720\" \/>\n\t<meta property=\"og:image:height\" content=\"432\" \/>\n\t<meta property=\"og:image:type\" content=\"image\/jpeg\" \/>\n<meta name=\"author\" content=\"Redacci\u00f3n A Nova Peneira\" \/>\n<meta name=\"twitter:card\" content=\"summary_large_image\" \/>\n<meta name=\"twitter:creator\" content=\"@APeneira\" \/>\n<meta name=\"twitter:site\" content=\"@APeneira\" \/>\n<meta name=\"twitter:label1\" content=\"Escrito por\" \/>\n\t<meta name=\"twitter:data1\" content=\"Redacci\u00f3n A Nova Peneira\" \/>\n\t<meta name=\"twitter:label2\" content=\"Tempo de lectura\" \/>\n\t<meta name=\"twitter:data2\" content=\"6 minutos\" \/>\n<script type=\"application\/ld+json\" class=\"yoast-schema-graph\">{\"@context\":\"https:\\\/\\\/schema.org\",\"@graph\":[{\"@type\":\"Article\",\"@id\":\"https:\\\/\\\/www.anovapeneira.gal\\\/index.php\\\/2022\\\/09\\\/15\\\/xavier-rodriguez-candidato-do-bng-a-alcaldia-de-nigran\\\/#article\",\"isPartOf\":{\"@id\":\"https:\\\/\\\/www.anovapeneira.gal\\\/index.php\\\/2022\\\/09\\\/15\\\/xavier-rodriguez-candidato-do-bng-a-alcaldia-de-nigran\\\/\"},\"author\":{\"name\":\"Redacci\u00f3n A Nova Peneira\",\"@id\":\"https:\\\/\\\/www.anovapeneira.gal\\\/#\\\/schema\\\/person\\\/b93e3f8932e3f8da96334607eb6ac6aa\"},\"headline\":\"Xavier Rodr\u00edguez candidato do BNG \u00e1 alcald\u00eda de Nigr\u00e1n\",\"datePublished\":\"2022-09-15T10:00:04+00:00\",\"mainEntityOfPage\":{\"@id\":\"https:\\\/\\\/www.anovapeneira.gal\\\/index.php\\\/2022\\\/09\\\/15\\\/xavier-rodriguez-candidato-do-bng-a-alcaldia-de-nigran\\\/\"},\"wordCount\":1189,\"commentCount\":0,\"publisher\":{\"@id\":\"https:\\\/\\\/www.anovapeneira.gal\\\/#organization\"},\"image\":{\"@id\":\"https:\\\/\\\/www.anovapeneira.gal\\\/index.php\\\/2022\\\/09\\\/15\\\/xavier-rodriguez-candidato-do-bng-a-alcaldia-de-nigran\\\/#primaryimage\"},\"thumbnailUrl\":\"https:\\\/\\\/www.anovapeneira.gal\\\/wp-content\\\/uploads\\\/2022\\\/09\\\/xavier_rodriguez.jpg\",\"keywords\":[\"Concello de Nigr\u00e1n\"],\"articleSection\":[\"Val Mi\u00f1or\"],\"inLanguage\":\"gl-ES\",\"potentialAction\":[{\"@type\":\"CommentAction\",\"name\":\"Comment\",\"target\":[\"https:\\\/\\\/www.anovapeneira.gal\\\/index.php\\\/2022\\\/09\\\/15\\\/xavier-rodriguez-candidato-do-bng-a-alcaldia-de-nigran\\\/#respond\"]}]},{\"@type\":\"WebPage\",\"@id\":\"https:\\\/\\\/www.anovapeneira.gal\\\/index.php\\\/2022\\\/09\\\/15\\\/xavier-rodriguez-candidato-do-bng-a-alcaldia-de-nigran\\\/\",\"url\":\"https:\\\/\\\/www.anovapeneira.gal\\\/index.php\\\/2022\\\/09\\\/15\\\/xavier-rodriguez-candidato-do-bng-a-alcaldia-de-nigran\\\/\",\"name\":\"Xavier Rodr\u00edguez candidato do BNG \u00e1 alcald\u00eda de Nigr\u00e1n -\",\"isPartOf\":{\"@id\":\"https:\\\/\\\/www.anovapeneira.gal\\\/#website\"},\"primaryImageOfPage\":{\"@id\":\"https:\\\/\\\/www.anovapeneira.gal\\\/index.php\\\/2022\\\/09\\\/15\\\/xavier-rodriguez-candidato-do-bng-a-alcaldia-de-nigran\\\/#primaryimage\"},\"image\":{\"@id\":\"https:\\\/\\\/www.anovapeneira.gal\\\/index.php\\\/2022\\\/09\\\/15\\\/xavier-rodriguez-candidato-do-bng-a-alcaldia-de-nigran\\\/#primaryimage\"},\"thumbnailUrl\":\"https:\\\/\\\/www.anovapeneira.gal\\\/wp-content\\\/uploads\\\/2022\\\/09\\\/xavier_rodriguez.jpg\",\"datePublished\":\"2022-09-15T10:00:04+00:00\",\"description\":\"Nigr\u00e1n nunca foi unha localidade na que o nacionalismo tivera unhas porcentaxes de voto significativas. Supo\u00f1o que son m\u00faltiples as raz\u00f3ns que o expliquen, pero eu destacar\u00eda a alta concentraci\u00f3n de persoas de moi elevado poder adquisitivo, socioloxicamente conservadoras, que compran vivendas neste concello\",\"breadcrumb\":{\"@id\":\"https:\\\/\\\/www.anovapeneira.gal\\\/index.php\\\/2022\\\/09\\\/15\\\/xavier-rodriguez-candidato-do-bng-a-alcaldia-de-nigran\\\/#breadcrumb\"},\"inLanguage\":\"gl-ES\",\"potentialAction\":[{\"@type\":\"ReadAction\",\"target\":[\"https:\\\/\\\/www.anovapeneira.gal\\\/index.php\\\/2022\\\/09\\\/15\\\/xavier-rodriguez-candidato-do-bng-a-alcaldia-de-nigran\\\/\"]}]},{\"@type\":\"ImageObject\",\"inLanguage\":\"gl-ES\",\"@id\":\"https:\\\/\\\/www.anovapeneira.gal\\\/index.php\\\/2022\\\/09\\\/15\\\/xavier-rodriguez-candidato-do-bng-a-alcaldia-de-nigran\\\/#primaryimage\",\"url\":\"https:\\\/\\\/www.anovapeneira.gal\\\/wp-content\\\/uploads\\\/2022\\\/09\\\/xavier_rodriguez.jpg\",\"contentUrl\":\"https:\\\/\\\/www.anovapeneira.gal\\\/wp-content\\\/uploads\\\/2022\\\/09\\\/xavier_rodriguez.jpg\",\"width\":720,\"height\":432,\"caption\":\"Xavier Rodr\u00edguez BNG \u00e1 de Nigr\u00e1n\"},{\"@type\":\"BreadcrumbList\",\"@id\":\"https:\\\/\\\/www.anovapeneira.gal\\\/index.php\\\/2022\\\/09\\\/15\\\/xavier-rodriguez-candidato-do-bng-a-alcaldia-de-nigran\\\/#breadcrumb\",\"itemListElement\":[{\"@type\":\"ListItem\",\"position\":1,\"name\":\"Portada\",\"item\":\"https:\\\/\\\/www.anovapeneira.gal\\\/\"},{\"@type\":\"ListItem\",\"position\":2,\"name\":\"Xavier Rodr\u00edguez candidato do BNG \u00e1 alcald\u00eda de Nigr\u00e1n\"}]},{\"@type\":\"WebSite\",\"@id\":\"https:\\\/\\\/www.anovapeneira.gal\\\/#website\",\"url\":\"https:\\\/\\\/www.anovapeneira.gal\\\/\",\"name\":\"\",\"description\":\"Xornal galego de informaci\u00f3n xeral Publicaci\u00f3n mensual de novas de Galicia e en especial dos Concellos da sur da provincia de Pontevedra.\",\"publisher\":{\"@id\":\"https:\\\/\\\/www.anovapeneira.gal\\\/#organization\"},\"potentialAction\":[{\"@type\":\"SearchAction\",\"target\":{\"@type\":\"EntryPoint\",\"urlTemplate\":\"https:\\\/\\\/www.anovapeneira.gal\\\/?s={search_term_string}\"},\"query-input\":{\"@type\":\"PropertyValueSpecification\",\"valueRequired\":true,\"valueName\":\"search_term_string\"}}],\"inLanguage\":\"gl-ES\"},{\"@type\":\"Organization\",\"@id\":\"https:\\\/\\\/www.anovapeneira.gal\\\/#organization\",\"name\":\"A Nova Peneira\",\"url\":\"https:\\\/\\\/www.anovapeneira.gal\\\/\",\"logo\":{\"@type\":\"ImageObject\",\"inLanguage\":\"gl-ES\",\"@id\":\"https:\\\/\\\/www.anovapeneira.gal\\\/#\\\/schema\\\/logo\\\/image\\\/\",\"url\":\"http:\\\/\\\/www.anovapeneira.gal\\\/wp-content\\\/uploads\\\/2019\\\/06\\\/logo_a_nova_peneira_portal_web.png\",\"contentUrl\":\"http:\\\/\\\/www.anovapeneira.gal\\\/wp-content\\\/uploads\\\/2019\\\/06\\\/logo_a_nova_peneira_portal_web.png\",\"width\":300,\"height\":100,\"caption\":\"A Nova Peneira\"},\"image\":{\"@id\":\"https:\\\/\\\/www.anovapeneira.gal\\\/#\\\/schema\\\/logo\\\/image\\\/\"},\"sameAs\":[\"https:\\\/\\\/www.facebook.com\\\/anovapeneira\",\"https:\\\/\\\/x.com\\\/APeneira\"]},{\"@type\":\"Person\",\"@id\":\"https:\\\/\\\/www.anovapeneira.gal\\\/#\\\/schema\\\/person\\\/b93e3f8932e3f8da96334607eb6ac6aa\",\"name\":\"Redacci\u00f3n A Nova Peneira\",\"image\":{\"@type\":\"ImageObject\",\"inLanguage\":\"gl-ES\",\"@id\":\"https:\\\/\\\/secure.gravatar.com\\\/avatar\\\/c052a2551a06e23fac63626232eaa90abd78dbcf1700fc46a2b2c89fd27b735f?s=96&d=mm&r=g\",\"url\":\"https:\\\/\\\/secure.gravatar.com\\\/avatar\\\/c052a2551a06e23fac63626232eaa90abd78dbcf1700fc46a2b2c89fd27b735f?s=96&d=mm&r=g\",\"contentUrl\":\"https:\\\/\\\/secure.gravatar.com\\\/avatar\\\/c052a2551a06e23fac63626232eaa90abd78dbcf1700fc46a2b2c89fd27b735f?s=96&d=mm&r=g\",\"caption\":\"Redacci\u00f3n A Nova Peneira\"},\"sameAs\":[\"http:\\\/\\\/www.anovapeneira.gal\\\/\"],\"url\":\"https:\\\/\\\/www.anovapeneira.gal\\\/index.php\\\/author\\\/redactor\\\/\"}]}<\/script>\n<!-- \/ Yoast SEO plugin. -->","yoast_head_json":{"title":"Xavier Rodr\u00edguez candidato do BNG \u00e1 alcald\u00eda de Nigr\u00e1n -","description":"Nigr\u00e1n nunca foi unha localidade na que o nacionalismo tivera unhas porcentaxes de voto significativas. Supo\u00f1o que son m\u00faltiples as raz\u00f3ns que o expliquen, pero eu destacar\u00eda a alta concentraci\u00f3n de persoas de moi elevado poder adquisitivo, socioloxicamente conservadoras, que compran vivendas neste concello","robots":{"index":"index","follow":"follow","max-snippet":"max-snippet:-1","max-image-preview":"max-image-preview:large","max-video-preview":"max-video-preview:-1"},"canonical":"https:\/\/www.anovapeneira.gal\/index.php\/2022\/09\/15\/xavier-rodriguez-candidato-do-bng-a-alcaldia-de-nigran\/","og_locale":"gl_ES","og_type":"article","og_title":"Xavier Rodr\u00edguez candidato do BNG \u00e1 alcald\u00eda de Nigr\u00e1n -","og_description":"Nigr\u00e1n nunca foi unha localidade na que o nacionalismo tivera unhas porcentaxes de voto significativas. Supo\u00f1o que son m\u00faltiples as raz\u00f3ns que o expliquen, pero eu destacar\u00eda a alta concentraci\u00f3n de persoas de moi elevado poder adquisitivo, socioloxicamente conservadoras, que compran vivendas neste concello","og_url":"https:\/\/www.anovapeneira.gal\/index.php\/2022\/09\/15\/xavier-rodriguez-candidato-do-bng-a-alcaldia-de-nigran\/","article_publisher":"https:\/\/www.facebook.com\/anovapeneira","article_published_time":"2022-09-15T10:00:04+00:00","og_image":[{"width":720,"height":432,"url":"https:\/\/www.anovapeneira.gal\/wp-content\/uploads\/2022\/09\/xavier_rodriguez.jpg","type":"image\/jpeg"}],"author":"Redacci\u00f3n A Nova Peneira","twitter_card":"summary_large_image","twitter_creator":"@APeneira","twitter_site":"@APeneira","twitter_misc":{"Escrito por":"Redacci\u00f3n A Nova Peneira","Tempo de lectura":"6 minutos"},"schema":{"@context":"https:\/\/schema.org","@graph":[{"@type":"Article","@id":"https:\/\/www.anovapeneira.gal\/index.php\/2022\/09\/15\/xavier-rodriguez-candidato-do-bng-a-alcaldia-de-nigran\/#article","isPartOf":{"@id":"https:\/\/www.anovapeneira.gal\/index.php\/2022\/09\/15\/xavier-rodriguez-candidato-do-bng-a-alcaldia-de-nigran\/"},"author":{"name":"Redacci\u00f3n A Nova Peneira","@id":"https:\/\/www.anovapeneira.gal\/#\/schema\/person\/b93e3f8932e3f8da96334607eb6ac6aa"},"headline":"Xavier Rodr\u00edguez candidato do BNG \u00e1 alcald\u00eda de Nigr\u00e1n","datePublished":"2022-09-15T10:00:04+00:00","mainEntityOfPage":{"@id":"https:\/\/www.anovapeneira.gal\/index.php\/2022\/09\/15\/xavier-rodriguez-candidato-do-bng-a-alcaldia-de-nigran\/"},"wordCount":1189,"commentCount":0,"publisher":{"@id":"https:\/\/www.anovapeneira.gal\/#organization"},"image":{"@id":"https:\/\/www.anovapeneira.gal\/index.php\/2022\/09\/15\/xavier-rodriguez-candidato-do-bng-a-alcaldia-de-nigran\/#primaryimage"},"thumbnailUrl":"https:\/\/www.anovapeneira.gal\/wp-content\/uploads\/2022\/09\/xavier_rodriguez.jpg","keywords":["Concello de Nigr\u00e1n"],"articleSection":["Val Mi\u00f1or"],"inLanguage":"gl-ES","potentialAction":[{"@type":"CommentAction","name":"Comment","target":["https:\/\/www.anovapeneira.gal\/index.php\/2022\/09\/15\/xavier-rodriguez-candidato-do-bng-a-alcaldia-de-nigran\/#respond"]}]},{"@type":"WebPage","@id":"https:\/\/www.anovapeneira.gal\/index.php\/2022\/09\/15\/xavier-rodriguez-candidato-do-bng-a-alcaldia-de-nigran\/","url":"https:\/\/www.anovapeneira.gal\/index.php\/2022\/09\/15\/xavier-rodriguez-candidato-do-bng-a-alcaldia-de-nigran\/","name":"Xavier Rodr\u00edguez candidato do BNG \u00e1 alcald\u00eda de Nigr\u00e1n -","isPartOf":{"@id":"https:\/\/www.anovapeneira.gal\/#website"},"primaryImageOfPage":{"@id":"https:\/\/www.anovapeneira.gal\/index.php\/2022\/09\/15\/xavier-rodriguez-candidato-do-bng-a-alcaldia-de-nigran\/#primaryimage"},"image":{"@id":"https:\/\/www.anovapeneira.gal\/index.php\/2022\/09\/15\/xavier-rodriguez-candidato-do-bng-a-alcaldia-de-nigran\/#primaryimage"},"thumbnailUrl":"https:\/\/www.anovapeneira.gal\/wp-content\/uploads\/2022\/09\/xavier_rodriguez.jpg","datePublished":"2022-09-15T10:00:04+00:00","description":"Nigr\u00e1n nunca foi unha localidade na que o nacionalismo tivera unhas porcentaxes de voto significativas. Supo\u00f1o que son m\u00faltiples as raz\u00f3ns que o expliquen, pero eu destacar\u00eda a alta concentraci\u00f3n de persoas de moi elevado poder adquisitivo, socioloxicamente conservadoras, que compran vivendas neste concello","breadcrumb":{"@id":"https:\/\/www.anovapeneira.gal\/index.php\/2022\/09\/15\/xavier-rodriguez-candidato-do-bng-a-alcaldia-de-nigran\/#breadcrumb"},"inLanguage":"gl-ES","potentialAction":[{"@type":"ReadAction","target":["https:\/\/www.anovapeneira.gal\/index.php\/2022\/09\/15\/xavier-rodriguez-candidato-do-bng-a-alcaldia-de-nigran\/"]}]},{"@type":"ImageObject","inLanguage":"gl-ES","@id":"https:\/\/www.anovapeneira.gal\/index.php\/2022\/09\/15\/xavier-rodriguez-candidato-do-bng-a-alcaldia-de-nigran\/#primaryimage","url":"https:\/\/www.anovapeneira.gal\/wp-content\/uploads\/2022\/09\/xavier_rodriguez.jpg","contentUrl":"https:\/\/www.anovapeneira.gal\/wp-content\/uploads\/2022\/09\/xavier_rodriguez.jpg","width":720,"height":432,"caption":"Xavier Rodr\u00edguez BNG \u00e1 de Nigr\u00e1n"},{"@type":"BreadcrumbList","@id":"https:\/\/www.anovapeneira.gal\/index.php\/2022\/09\/15\/xavier-rodriguez-candidato-do-bng-a-alcaldia-de-nigran\/#breadcrumb","itemListElement":[{"@type":"ListItem","position":1,"name":"Portada","item":"https:\/\/www.anovapeneira.gal\/"},{"@type":"ListItem","position":2,"name":"Xavier Rodr\u00edguez candidato do BNG \u00e1 alcald\u00eda de Nigr\u00e1n"}]},{"@type":"WebSite","@id":"https:\/\/www.anovapeneira.gal\/#website","url":"https:\/\/www.anovapeneira.gal\/","name":"","description":"Xornal galego de informaci\u00f3n xeral Publicaci\u00f3n mensual de novas de Galicia e en especial dos Concellos da sur da provincia de Pontevedra.","publisher":{"@id":"https:\/\/www.anovapeneira.gal\/#organization"},"potentialAction":[{"@type":"SearchAction","target":{"@type":"EntryPoint","urlTemplate":"https:\/\/www.anovapeneira.gal\/?s={search_term_string}"},"query-input":{"@type":"PropertyValueSpecification","valueRequired":true,"valueName":"search_term_string"}}],"inLanguage":"gl-ES"},{"@type":"Organization","@id":"https:\/\/www.anovapeneira.gal\/#organization","name":"A Nova Peneira","url":"https:\/\/www.anovapeneira.gal\/","logo":{"@type":"ImageObject","inLanguage":"gl-ES","@id":"https:\/\/www.anovapeneira.gal\/#\/schema\/logo\/image\/","url":"http:\/\/www.anovapeneira.gal\/wp-content\/uploads\/2019\/06\/logo_a_nova_peneira_portal_web.png","contentUrl":"http:\/\/www.anovapeneira.gal\/wp-content\/uploads\/2019\/06\/logo_a_nova_peneira_portal_web.png","width":300,"height":100,"caption":"A Nova Peneira"},"image":{"@id":"https:\/\/www.anovapeneira.gal\/#\/schema\/logo\/image\/"},"sameAs":["https:\/\/www.facebook.com\/anovapeneira","https:\/\/x.com\/APeneira"]},{"@type":"Person","@id":"https:\/\/www.anovapeneira.gal\/#\/schema\/person\/b93e3f8932e3f8da96334607eb6ac6aa","name":"Redacci\u00f3n A Nova Peneira","image":{"@type":"ImageObject","inLanguage":"gl-ES","@id":"https:\/\/secure.gravatar.com\/avatar\/c052a2551a06e23fac63626232eaa90abd78dbcf1700fc46a2b2c89fd27b735f?s=96&d=mm&r=g","url":"https:\/\/secure.gravatar.com\/avatar\/c052a2551a06e23fac63626232eaa90abd78dbcf1700fc46a2b2c89fd27b735f?s=96&d=mm&r=g","contentUrl":"https:\/\/secure.gravatar.com\/avatar\/c052a2551a06e23fac63626232eaa90abd78dbcf1700fc46a2b2c89fd27b735f?s=96&d=mm&r=g","caption":"Redacci\u00f3n A Nova Peneira"},"sameAs":["http:\/\/www.anovapeneira.gal\/"],"url":"https:\/\/www.anovapeneira.gal\/index.php\/author\/redactor\/"}]}},"jetpack_featured_media_url":"https:\/\/www.anovapeneira.gal\/wp-content\/uploads\/2022\/09\/xavier_rodriguez.jpg","_links":{"self":[{"href":"https:\/\/www.anovapeneira.gal\/index.php\/wp-json\/wp\/v2\/posts\/8141","targetHints":{"allow":["GET"]}}],"collection":[{"href":"https:\/\/www.anovapeneira.gal\/index.php\/wp-json\/wp\/v2\/posts"}],"about":[{"href":"https:\/\/www.anovapeneira.gal\/index.php\/wp-json\/wp\/v2\/types\/post"}],"author":[{"embeddable":true,"href":"https:\/\/www.anovapeneira.gal\/index.php\/wp-json\/wp\/v2\/users\/3"}],"replies":[{"embeddable":true,"href":"https:\/\/www.anovapeneira.gal\/index.php\/wp-json\/wp\/v2\/comments?post=8141"}],"version-history":[{"count":2,"href":"https:\/\/www.anovapeneira.gal\/index.php\/wp-json\/wp\/v2\/posts\/8141\/revisions"}],"predecessor-version":[{"id":8143,"href":"https:\/\/www.anovapeneira.gal\/index.php\/wp-json\/wp\/v2\/posts\/8141\/revisions\/8143"}],"wp:featuredmedia":[{"embeddable":true,"href":"https:\/\/www.anovapeneira.gal\/index.php\/wp-json\/wp\/v2\/media\/8144"}],"wp:attachment":[{"href":"https:\/\/www.anovapeneira.gal\/index.php\/wp-json\/wp\/v2\/media?parent=8141"}],"wp:term":[{"taxonomy":"category","embeddable":true,"href":"https:\/\/www.anovapeneira.gal\/index.php\/wp-json\/wp\/v2\/categories?post=8141"},{"taxonomy":"post_tag","embeddable":true,"href":"https:\/\/www.anovapeneira.gal\/index.php\/wp-json\/wp\/v2\/tags?post=8141"}],"curies":[{"name":"wp","href":"https:\/\/api.w.org\/{rel}","templated":true}]}}