{"id":8148,"date":"2022-09-16T12:00:24","date_gmt":"2022-09-16T10:00:24","guid":{"rendered":"https:\/\/www.anovapeneira.gal\/?p=8148"},"modified":"2022-09-14T07:25:54","modified_gmt":"2022-09-14T05:25:54","slug":"os-11-de-marin-1936","status":"publish","type":"post","link":"https:\/\/www.anovapeneira.gal\/index.php\/2022\/09\/16\/os-11-de-marin-1936\/","title":{"rendered":"Os 11 de Mar\u00edn (1936)"},"content":{"rendered":"\n<pre class=\"wp-block-verse\">Celso Milleiro<\/pre>\n\n\n\n<p>Durante o goberno bipartito da Xunta, e sobre todo grazas ao esforzo do BNG, p\u00faxose a andar o proxecto \u201cNomes e Voces\u201d co obxectivo de estudar a represi\u00f3n durante a guerra civil e a ditadura. Unha fonte que nos facilitou a moitos investigadores informaci\u00f3n dabondo desta tem\u00e1tica, e por outro lado daba unha estimaci\u00f3n aproximada do que aconteceu durante ese per\u00edodo da nosa historia.<\/p>\n\n\n\n<p>Pese a isto, a relaci\u00f3n de nomes das v\u00edtimas non est\u00e1 completa, l\u00f3xico dentro dun traballo de tal envergadura. A d\u00eda de hoxe temos recollido en Mar\u00edn os nomes de 11 persoas paseadas ou desaparecidas entre os meses de xullo a setembro de 1936: Jos\u00e9 G\u00f3mez Mart\u00ed \u201cLamparilla\u201d (camareiro, militante da XSU, desaparecido o 20 de xullo, fontes sinalan que foi detido en setembro de 1939), Daniel G\u00f3mez Mart\u00ed \u201cPastaseca\u201d (panadeiro, militante da XSU, algunha fonte afirmou que o seu corpo apareceu nalgunha praia de Bueu), Jos\u00e9 Garc\u00eda Bustos \u201cSantacomba\u201d (militante da XSU, paseado a noite do 4 de agosto en Mollavao), Jos\u00e9 Conde Vilas (Albanel, asasinado en Tenorio o 13 de agosto, \u00e9 pos\u00edbel que se trate do seu irm\u00e1n Antonio, a s\u00faa morte non foi rexistrada), Carmen Pesqueira Dom\u00ednguez \u201cCapirota\u201d (lavandeira, paseada a noite do 17 de agosto, foi rexistrada en Bueu), Ignacio Dom\u00ednguez Abal \u201cCapirote\u201d (mari\u00f1eiro, falecido tras unha malleira dada por falanxistas, o seu corpo nunca apareceu), Manuel Garc\u00eda Gonz\u00e1lez \u201cApache\u201d (mari\u00f1eiro, detido o 16 de setembro, desaparecido, parece ser que o seu corpo foi botado \u00e1 r\u00eda de Vigo), Jos\u00e9 Pazos Acu\u00f1a \u201cO Ancho\u201d (mari\u00f1eiro, desaparecido o 18 de setembro), Santiago Gonz\u00e1lez G\u00f3mez (foi detido e morto na taberna dun falanxista da Laxe, o seu corpo non apareceu), Modesto Pazos Figueroa \u201cO Fidel\u201d (mari\u00f1eiro, foi detido e fusilado con outros na canteira da Laxe, non foi rexistrado) e Daniel Pereira Figueroa (mari\u00f1eiro, veci\u00f1o da Laxe, falecido o 10 de novembro, non rexistrado). En relaci\u00f3n a algunhas das mortes, os seus asasinatos deberon acontecer o mesmo d\u00eda, presumibelmente na canteira da Laxe, lugar onde os veci\u00f1os m\u00e1is maiores lembraban un fusilamento de varias persoas.<\/p>\n\n\n\n<p>Antes da guerra houbo un incidente na taberna do Pil\u00e1n (Cantodarea) cando un \u201cmilitar\u201d sacou unha pistola ao enfadarse polos cantos que uns mari\u00f1eiros realizaban cando com\u00edan unha caldeirada. Estes quit\u00e1ronlle axi\u00f1a a pistola e lev\u00e1rona ao Concello. Tras o golpe de estado o \u201cmilitar\u201d quixo desquitarse buscando a todos os mari\u00f1eiros implicados, entre eles tam\u00e9n: Amable Soto Gonz\u00e1lez \u201cVirulo\u201d (fusilado en 1938), Laureano Gonz\u00e1lez Moreira \u201cO Reino\u201d e Laureano Santiago de los Santos \u201cCaghulo\u201d, que salvaron a vida ao fuxir cando foron a s\u00faa captura. Menos sorte tivo \u201cO Apache\u201d que estivo presente e probabelmente alg\u00fans dos mari\u00f1eiros desaparecidos mencionados. Se cadra este \u201cmilitar\u201d foi o m\u00fasico e empregado da conservas Herrero e durante eses meses Sarxento de Milicias Alfonso Temes, colaborando con el o patr\u00f3n da canteira Jes\u00fas Nov\u00e1s. Os dous foron importantes militantes da CEDA de Mar\u00edn durante a Rep\u00fablica e despois afiliados \u00e1 Falanxe.<\/p>\n\n\n\n<p>De todos estes desaparecidos citados s\u00f3 constan como paseados para \u201cNome e Voces\u201d Carmen Pesqueira e Daniel Pereira, outros son citados pero sen mencionar o seu tr\u00e1xico final. Non descartar\u00eda que no futuro sa\u00edse alg\u00fan nome m\u00e1is, a\u00ednda non identificado.<\/p>\n\n\n\n<p>Non creo que Mar\u00edn fora unha an\u00e9cdota na Galiza, sen\u00f3n que puidera ser un exemplo que confirmase que o n\u00famero de mortes extraxudiciais durante a guerra civil sexa maior das 3161 recollidos polo magn\u00edfico proxecto interuniversitario.<\/p>\n","protected":false},"excerpt":{"rendered":"<div class=\"mh-excerpt\"><p>Durante o goberno bipartito da Xunta, e sobre todo grazas ao esforzo do BNG, p\u00faxose a andar o proxecto \u201cNomes e Voces\u201d co obxectivo de estudar a represi\u00f3n durante a guerra civil e a ditadura <a class=\"mh-excerpt-more\" href=\"https:\/\/www.anovapeneira.gal\/index.php\/2022\/09\/16\/os-11-de-marin-1936\/\" title=\"Os 11 de Mar\u00edn (1936)\">[&#8230;]<\/a><\/p>\n<\/div>","protected":false},"author":12,"featured_media":8150,"comment_status":"open","ping_status":"open","sticky":false,"template":"","format":"standard","meta":{"_exactmetrics_skip_tracking":false,"_exactmetrics_sitenote_active":false,"_exactmetrics_sitenote_note":"","_exactmetrics_sitenote_category":0,"footnotes":""},"categories":[7],"tags":[1328],"class_list":{"0":"post-8148","1":"post","2":"type-post","3":"status-publish","4":"format-standard","5":"has-post-thumbnail","7":"category-artigos-de-opinion","8":"tag-celso-milleiro"},"yoast_head":"<!-- This site is optimized with the Yoast SEO plugin v27.4 - https:\/\/yoast.com\/product\/yoast-seo-wordpress\/ -->\n<title>Os 11 de Mar\u00edn (1936) -<\/title>\n<meta name=\"description\" content=\"Durante o goberno bipartito da Xunta, e sobre todo grazas ao esforzo do BNG, p\u00faxose a andar o proxecto \u201cNomes e Voces\u201d co obxectivo de estudar a represi\u00f3n durante a guerra civil e a ditadura\" \/>\n<meta name=\"robots\" content=\"index, follow, max-snippet:-1, max-image-preview:large, max-video-preview:-1\" \/>\n<link rel=\"canonical\" href=\"https:\/\/www.anovapeneira.gal\/index.php\/2022\/09\/16\/os-11-de-marin-1936\/\" \/>\n<meta property=\"og:locale\" content=\"gl_ES\" \/>\n<meta property=\"og:type\" content=\"article\" \/>\n<meta property=\"og:title\" content=\"Os 11 de Mar\u00edn (1936) -\" \/>\n<meta property=\"og:description\" content=\"Durante o goberno bipartito da Xunta, e sobre todo grazas ao esforzo do BNG, p\u00faxose a andar o proxecto \u201cNomes e Voces\u201d co obxectivo de estudar a represi\u00f3n durante a guerra civil e a ditadura\" \/>\n<meta property=\"og:url\" content=\"https:\/\/www.anovapeneira.gal\/index.php\/2022\/09\/16\/os-11-de-marin-1936\/\" \/>\n<meta property=\"article:publisher\" content=\"https:\/\/www.facebook.com\/anovapeneira\" \/>\n<meta property=\"article:published_time\" content=\"2022-09-16T10:00:24+00:00\" \/>\n<meta property=\"og:image\" content=\"https:\/\/www.anovapeneira.gal\/wp-content\/uploads\/2022\/09\/Manuel_Garci\u0301a_Gonza\u0301lez_APACHE.jpg\" \/>\n\t<meta property=\"og:image:width\" content=\"720\" \/>\n\t<meta property=\"og:image:height\" content=\"432\" \/>\n\t<meta property=\"og:image:type\" content=\"image\/jpeg\" \/>\n<meta name=\"author\" content=\"Artigos Opini\u00f3n\" \/>\n<meta name=\"twitter:card\" content=\"summary_large_image\" \/>\n<meta name=\"twitter:creator\" content=\"@APeneira\" \/>\n<meta name=\"twitter:site\" content=\"@APeneira\" \/>\n<meta name=\"twitter:label1\" content=\"Escrito por\" \/>\n\t<meta name=\"twitter:data1\" content=\"Artigos Opini\u00f3n\" \/>\n\t<meta name=\"twitter:label2\" content=\"Tempo de lectura\" \/>\n\t<meta name=\"twitter:data2\" content=\"4 minutos\" \/>\n<script type=\"application\/ld+json\" class=\"yoast-schema-graph\">{\"@context\":\"https:\\\/\\\/schema.org\",\"@graph\":[{\"@type\":\"Article\",\"@id\":\"https:\\\/\\\/www.anovapeneira.gal\\\/index.php\\\/2022\\\/09\\\/16\\\/os-11-de-marin-1936\\\/#article\",\"isPartOf\":{\"@id\":\"https:\\\/\\\/www.anovapeneira.gal\\\/index.php\\\/2022\\\/09\\\/16\\\/os-11-de-marin-1936\\\/\"},\"author\":{\"name\":\"Artigos Opini\u00f3n\",\"@id\":\"https:\\\/\\\/www.anovapeneira.gal\\\/#\\\/schema\\\/person\\\/f18a4feb302e8f20bcef4490b5b60bb3\"},\"headline\":\"Os 11 de Mar\u00edn (1936)\",\"datePublished\":\"2022-09-16T10:00:24+00:00\",\"mainEntityOfPage\":{\"@id\":\"https:\\\/\\\/www.anovapeneira.gal\\\/index.php\\\/2022\\\/09\\\/16\\\/os-11-de-marin-1936\\\/\"},\"wordCount\":620,\"commentCount\":1,\"publisher\":{\"@id\":\"https:\\\/\\\/www.anovapeneira.gal\\\/#organization\"},\"image\":{\"@id\":\"https:\\\/\\\/www.anovapeneira.gal\\\/index.php\\\/2022\\\/09\\\/16\\\/os-11-de-marin-1936\\\/#primaryimage\"},\"thumbnailUrl\":\"https:\\\/\\\/www.anovapeneira.gal\\\/wp-content\\\/uploads\\\/2022\\\/09\\\/Manuel_Garci\u0301a_Gonza\u0301lez_APACHE.jpg\",\"keywords\":[\"Celso Milleiro\"],\"articleSection\":[\"Artigos de opini\u00f3n\"],\"inLanguage\":\"gl-ES\",\"potentialAction\":[{\"@type\":\"CommentAction\",\"name\":\"Comment\",\"target\":[\"https:\\\/\\\/www.anovapeneira.gal\\\/index.php\\\/2022\\\/09\\\/16\\\/os-11-de-marin-1936\\\/#respond\"]}]},{\"@type\":\"WebPage\",\"@id\":\"https:\\\/\\\/www.anovapeneira.gal\\\/index.php\\\/2022\\\/09\\\/16\\\/os-11-de-marin-1936\\\/\",\"url\":\"https:\\\/\\\/www.anovapeneira.gal\\\/index.php\\\/2022\\\/09\\\/16\\\/os-11-de-marin-1936\\\/\",\"name\":\"Os 11 de Mar\u00edn (1936) -\",\"isPartOf\":{\"@id\":\"https:\\\/\\\/www.anovapeneira.gal\\\/#website\"},\"primaryImageOfPage\":{\"@id\":\"https:\\\/\\\/www.anovapeneira.gal\\\/index.php\\\/2022\\\/09\\\/16\\\/os-11-de-marin-1936\\\/#primaryimage\"},\"image\":{\"@id\":\"https:\\\/\\\/www.anovapeneira.gal\\\/index.php\\\/2022\\\/09\\\/16\\\/os-11-de-marin-1936\\\/#primaryimage\"},\"thumbnailUrl\":\"https:\\\/\\\/www.anovapeneira.gal\\\/wp-content\\\/uploads\\\/2022\\\/09\\\/Manuel_Garci\u0301a_Gonza\u0301lez_APACHE.jpg\",\"datePublished\":\"2022-09-16T10:00:24+00:00\",\"description\":\"Durante o goberno bipartito da Xunta, e sobre todo grazas ao esforzo do BNG, p\u00faxose a andar o proxecto \u201cNomes e Voces\u201d co obxectivo de estudar a represi\u00f3n durante a guerra civil e a ditadura\",\"breadcrumb\":{\"@id\":\"https:\\\/\\\/www.anovapeneira.gal\\\/index.php\\\/2022\\\/09\\\/16\\\/os-11-de-marin-1936\\\/#breadcrumb\"},\"inLanguage\":\"gl-ES\",\"potentialAction\":[{\"@type\":\"ReadAction\",\"target\":[\"https:\\\/\\\/www.anovapeneira.gal\\\/index.php\\\/2022\\\/09\\\/16\\\/os-11-de-marin-1936\\\/\"]}]},{\"@type\":\"ImageObject\",\"inLanguage\":\"gl-ES\",\"@id\":\"https:\\\/\\\/www.anovapeneira.gal\\\/index.php\\\/2022\\\/09\\\/16\\\/os-11-de-marin-1936\\\/#primaryimage\",\"url\":\"https:\\\/\\\/www.anovapeneira.gal\\\/wp-content\\\/uploads\\\/2022\\\/09\\\/Manuel_Garci\u0301a_Gonza\u0301lez_APACHE.jpg\",\"contentUrl\":\"https:\\\/\\\/www.anovapeneira.gal\\\/wp-content\\\/uploads\\\/2022\\\/09\\\/Manuel_Garci\u0301a_Gonza\u0301lez_APACHE.jpg\",\"width\":720,\"height\":432,\"caption\":\"Manuel Garc\u00eda Gonz\u00e1lez, Apache\"},{\"@type\":\"BreadcrumbList\",\"@id\":\"https:\\\/\\\/www.anovapeneira.gal\\\/index.php\\\/2022\\\/09\\\/16\\\/os-11-de-marin-1936\\\/#breadcrumb\",\"itemListElement\":[{\"@type\":\"ListItem\",\"position\":1,\"name\":\"Portada\",\"item\":\"https:\\\/\\\/www.anovapeneira.gal\\\/\"},{\"@type\":\"ListItem\",\"position\":2,\"name\":\"Os 11 de Mar\u00edn (1936)\"}]},{\"@type\":\"WebSite\",\"@id\":\"https:\\\/\\\/www.anovapeneira.gal\\\/#website\",\"url\":\"https:\\\/\\\/www.anovapeneira.gal\\\/\",\"name\":\"\",\"description\":\"Xornal galego de informaci\u00f3n xeral Publicaci\u00f3n mensual de novas de Galicia e en especial dos Concellos da sur da provincia de Pontevedra.\",\"publisher\":{\"@id\":\"https:\\\/\\\/www.anovapeneira.gal\\\/#organization\"},\"potentialAction\":[{\"@type\":\"SearchAction\",\"target\":{\"@type\":\"EntryPoint\",\"urlTemplate\":\"https:\\\/\\\/www.anovapeneira.gal\\\/?s={search_term_string}\"},\"query-input\":{\"@type\":\"PropertyValueSpecification\",\"valueRequired\":true,\"valueName\":\"search_term_string\"}}],\"inLanguage\":\"gl-ES\"},{\"@type\":\"Organization\",\"@id\":\"https:\\\/\\\/www.anovapeneira.gal\\\/#organization\",\"name\":\"A Nova Peneira\",\"url\":\"https:\\\/\\\/www.anovapeneira.gal\\\/\",\"logo\":{\"@type\":\"ImageObject\",\"inLanguage\":\"gl-ES\",\"@id\":\"https:\\\/\\\/www.anovapeneira.gal\\\/#\\\/schema\\\/logo\\\/image\\\/\",\"url\":\"http:\\\/\\\/www.anovapeneira.gal\\\/wp-content\\\/uploads\\\/2019\\\/06\\\/logo_a_nova_peneira_portal_web.png\",\"contentUrl\":\"http:\\\/\\\/www.anovapeneira.gal\\\/wp-content\\\/uploads\\\/2019\\\/06\\\/logo_a_nova_peneira_portal_web.png\",\"width\":300,\"height\":100,\"caption\":\"A Nova Peneira\"},\"image\":{\"@id\":\"https:\\\/\\\/www.anovapeneira.gal\\\/#\\\/schema\\\/logo\\\/image\\\/\"},\"sameAs\":[\"https:\\\/\\\/www.facebook.com\\\/anovapeneira\",\"https:\\\/\\\/x.com\\\/APeneira\"]},{\"@type\":\"Person\",\"@id\":\"https:\\\/\\\/www.anovapeneira.gal\\\/#\\\/schema\\\/person\\\/f18a4feb302e8f20bcef4490b5b60bb3\",\"name\":\"Artigos Opini\u00f3n\",\"image\":{\"@type\":\"ImageObject\",\"inLanguage\":\"gl-ES\",\"@id\":\"https:\\\/\\\/secure.gravatar.com\\\/avatar\\\/072844300f4881150aee2da4278f7a65d16eefdf8262eb67085f1e702de2b959?s=96&d=mm&r=g\",\"url\":\"https:\\\/\\\/secure.gravatar.com\\\/avatar\\\/072844300f4881150aee2da4278f7a65d16eefdf8262eb67085f1e702de2b959?s=96&d=mm&r=g\",\"contentUrl\":\"https:\\\/\\\/secure.gravatar.com\\\/avatar\\\/072844300f4881150aee2da4278f7a65d16eefdf8262eb67085f1e702de2b959?s=96&d=mm&r=g\",\"caption\":\"Artigos Opini\u00f3n\"},\"sameAs\":[\"http:\\\/\\\/anovapeneira.gal\"],\"url\":\"https:\\\/\\\/www.anovapeneira.gal\\\/index.php\\\/author\\\/artigosopinion\\\/\"}]}<\/script>\n<!-- \/ Yoast SEO plugin. -->","yoast_head_json":{"title":"Os 11 de Mar\u00edn (1936) -","description":"Durante o goberno bipartito da Xunta, e sobre todo grazas ao esforzo do BNG, p\u00faxose a andar o proxecto \u201cNomes e Voces\u201d co obxectivo de estudar a represi\u00f3n durante a guerra civil e a ditadura","robots":{"index":"index","follow":"follow","max-snippet":"max-snippet:-1","max-image-preview":"max-image-preview:large","max-video-preview":"max-video-preview:-1"},"canonical":"https:\/\/www.anovapeneira.gal\/index.php\/2022\/09\/16\/os-11-de-marin-1936\/","og_locale":"gl_ES","og_type":"article","og_title":"Os 11 de Mar\u00edn (1936) -","og_description":"Durante o goberno bipartito da Xunta, e sobre todo grazas ao esforzo do BNG, p\u00faxose a andar o proxecto \u201cNomes e Voces\u201d co obxectivo de estudar a represi\u00f3n durante a guerra civil e a ditadura","og_url":"https:\/\/www.anovapeneira.gal\/index.php\/2022\/09\/16\/os-11-de-marin-1936\/","article_publisher":"https:\/\/www.facebook.com\/anovapeneira","article_published_time":"2022-09-16T10:00:24+00:00","og_image":[{"width":720,"height":432,"url":"https:\/\/www.anovapeneira.gal\/wp-content\/uploads\/2022\/09\/Manuel_Garci\u0301a_Gonza\u0301lez_APACHE.jpg","type":"image\/jpeg"}],"author":"Artigos Opini\u00f3n","twitter_card":"summary_large_image","twitter_creator":"@APeneira","twitter_site":"@APeneira","twitter_misc":{"Escrito por":"Artigos Opini\u00f3n","Tempo de lectura":"4 minutos"},"schema":{"@context":"https:\/\/schema.org","@graph":[{"@type":"Article","@id":"https:\/\/www.anovapeneira.gal\/index.php\/2022\/09\/16\/os-11-de-marin-1936\/#article","isPartOf":{"@id":"https:\/\/www.anovapeneira.gal\/index.php\/2022\/09\/16\/os-11-de-marin-1936\/"},"author":{"name":"Artigos Opini\u00f3n","@id":"https:\/\/www.anovapeneira.gal\/#\/schema\/person\/f18a4feb302e8f20bcef4490b5b60bb3"},"headline":"Os 11 de Mar\u00edn (1936)","datePublished":"2022-09-16T10:00:24+00:00","mainEntityOfPage":{"@id":"https:\/\/www.anovapeneira.gal\/index.php\/2022\/09\/16\/os-11-de-marin-1936\/"},"wordCount":620,"commentCount":1,"publisher":{"@id":"https:\/\/www.anovapeneira.gal\/#organization"},"image":{"@id":"https:\/\/www.anovapeneira.gal\/index.php\/2022\/09\/16\/os-11-de-marin-1936\/#primaryimage"},"thumbnailUrl":"https:\/\/www.anovapeneira.gal\/wp-content\/uploads\/2022\/09\/Manuel_Garci\u0301a_Gonza\u0301lez_APACHE.jpg","keywords":["Celso Milleiro"],"articleSection":["Artigos de opini\u00f3n"],"inLanguage":"gl-ES","potentialAction":[{"@type":"CommentAction","name":"Comment","target":["https:\/\/www.anovapeneira.gal\/index.php\/2022\/09\/16\/os-11-de-marin-1936\/#respond"]}]},{"@type":"WebPage","@id":"https:\/\/www.anovapeneira.gal\/index.php\/2022\/09\/16\/os-11-de-marin-1936\/","url":"https:\/\/www.anovapeneira.gal\/index.php\/2022\/09\/16\/os-11-de-marin-1936\/","name":"Os 11 de Mar\u00edn (1936) -","isPartOf":{"@id":"https:\/\/www.anovapeneira.gal\/#website"},"primaryImageOfPage":{"@id":"https:\/\/www.anovapeneira.gal\/index.php\/2022\/09\/16\/os-11-de-marin-1936\/#primaryimage"},"image":{"@id":"https:\/\/www.anovapeneira.gal\/index.php\/2022\/09\/16\/os-11-de-marin-1936\/#primaryimage"},"thumbnailUrl":"https:\/\/www.anovapeneira.gal\/wp-content\/uploads\/2022\/09\/Manuel_Garci\u0301a_Gonza\u0301lez_APACHE.jpg","datePublished":"2022-09-16T10:00:24+00:00","description":"Durante o goberno bipartito da Xunta, e sobre todo grazas ao esforzo do BNG, p\u00faxose a andar o proxecto \u201cNomes e Voces\u201d co obxectivo de estudar a represi\u00f3n durante a guerra civil e a ditadura","breadcrumb":{"@id":"https:\/\/www.anovapeneira.gal\/index.php\/2022\/09\/16\/os-11-de-marin-1936\/#breadcrumb"},"inLanguage":"gl-ES","potentialAction":[{"@type":"ReadAction","target":["https:\/\/www.anovapeneira.gal\/index.php\/2022\/09\/16\/os-11-de-marin-1936\/"]}]},{"@type":"ImageObject","inLanguage":"gl-ES","@id":"https:\/\/www.anovapeneira.gal\/index.php\/2022\/09\/16\/os-11-de-marin-1936\/#primaryimage","url":"https:\/\/www.anovapeneira.gal\/wp-content\/uploads\/2022\/09\/Manuel_Garci\u0301a_Gonza\u0301lez_APACHE.jpg","contentUrl":"https:\/\/www.anovapeneira.gal\/wp-content\/uploads\/2022\/09\/Manuel_Garci\u0301a_Gonza\u0301lez_APACHE.jpg","width":720,"height":432,"caption":"Manuel Garc\u00eda Gonz\u00e1lez, Apache"},{"@type":"BreadcrumbList","@id":"https:\/\/www.anovapeneira.gal\/index.php\/2022\/09\/16\/os-11-de-marin-1936\/#breadcrumb","itemListElement":[{"@type":"ListItem","position":1,"name":"Portada","item":"https:\/\/www.anovapeneira.gal\/"},{"@type":"ListItem","position":2,"name":"Os 11 de Mar\u00edn (1936)"}]},{"@type":"WebSite","@id":"https:\/\/www.anovapeneira.gal\/#website","url":"https:\/\/www.anovapeneira.gal\/","name":"","description":"Xornal galego de informaci\u00f3n xeral Publicaci\u00f3n mensual de novas de Galicia e en especial dos Concellos da sur da provincia de Pontevedra.","publisher":{"@id":"https:\/\/www.anovapeneira.gal\/#organization"},"potentialAction":[{"@type":"SearchAction","target":{"@type":"EntryPoint","urlTemplate":"https:\/\/www.anovapeneira.gal\/?s={search_term_string}"},"query-input":{"@type":"PropertyValueSpecification","valueRequired":true,"valueName":"search_term_string"}}],"inLanguage":"gl-ES"},{"@type":"Organization","@id":"https:\/\/www.anovapeneira.gal\/#organization","name":"A Nova Peneira","url":"https:\/\/www.anovapeneira.gal\/","logo":{"@type":"ImageObject","inLanguage":"gl-ES","@id":"https:\/\/www.anovapeneira.gal\/#\/schema\/logo\/image\/","url":"http:\/\/www.anovapeneira.gal\/wp-content\/uploads\/2019\/06\/logo_a_nova_peneira_portal_web.png","contentUrl":"http:\/\/www.anovapeneira.gal\/wp-content\/uploads\/2019\/06\/logo_a_nova_peneira_portal_web.png","width":300,"height":100,"caption":"A Nova Peneira"},"image":{"@id":"https:\/\/www.anovapeneira.gal\/#\/schema\/logo\/image\/"},"sameAs":["https:\/\/www.facebook.com\/anovapeneira","https:\/\/x.com\/APeneira"]},{"@type":"Person","@id":"https:\/\/www.anovapeneira.gal\/#\/schema\/person\/f18a4feb302e8f20bcef4490b5b60bb3","name":"Artigos Opini\u00f3n","image":{"@type":"ImageObject","inLanguage":"gl-ES","@id":"https:\/\/secure.gravatar.com\/avatar\/072844300f4881150aee2da4278f7a65d16eefdf8262eb67085f1e702de2b959?s=96&d=mm&r=g","url":"https:\/\/secure.gravatar.com\/avatar\/072844300f4881150aee2da4278f7a65d16eefdf8262eb67085f1e702de2b959?s=96&d=mm&r=g","contentUrl":"https:\/\/secure.gravatar.com\/avatar\/072844300f4881150aee2da4278f7a65d16eefdf8262eb67085f1e702de2b959?s=96&d=mm&r=g","caption":"Artigos Opini\u00f3n"},"sameAs":["http:\/\/anovapeneira.gal"],"url":"https:\/\/www.anovapeneira.gal\/index.php\/author\/artigosopinion\/"}]}},"jetpack_featured_media_url":"https:\/\/www.anovapeneira.gal\/wp-content\/uploads\/2022\/09\/Manuel_Garci\u0301a_Gonza\u0301lez_APACHE.jpg","_links":{"self":[{"href":"https:\/\/www.anovapeneira.gal\/index.php\/wp-json\/wp\/v2\/posts\/8148","targetHints":{"allow":["GET"]}}],"collection":[{"href":"https:\/\/www.anovapeneira.gal\/index.php\/wp-json\/wp\/v2\/posts"}],"about":[{"href":"https:\/\/www.anovapeneira.gal\/index.php\/wp-json\/wp\/v2\/types\/post"}],"author":[{"embeddable":true,"href":"https:\/\/www.anovapeneira.gal\/index.php\/wp-json\/wp\/v2\/users\/12"}],"replies":[{"embeddable":true,"href":"https:\/\/www.anovapeneira.gal\/index.php\/wp-json\/wp\/v2\/comments?post=8148"}],"version-history":[{"count":1,"href":"https:\/\/www.anovapeneira.gal\/index.php\/wp-json\/wp\/v2\/posts\/8148\/revisions"}],"predecessor-version":[{"id":8149,"href":"https:\/\/www.anovapeneira.gal\/index.php\/wp-json\/wp\/v2\/posts\/8148\/revisions\/8149"}],"wp:featuredmedia":[{"embeddable":true,"href":"https:\/\/www.anovapeneira.gal\/index.php\/wp-json\/wp\/v2\/media\/8150"}],"wp:attachment":[{"href":"https:\/\/www.anovapeneira.gal\/index.php\/wp-json\/wp\/v2\/media?parent=8148"}],"wp:term":[{"taxonomy":"category","embeddable":true,"href":"https:\/\/www.anovapeneira.gal\/index.php\/wp-json\/wp\/v2\/categories?post=8148"},{"taxonomy":"post_tag","embeddable":true,"href":"https:\/\/www.anovapeneira.gal\/index.php\/wp-json\/wp\/v2\/tags?post=8148"}],"curies":[{"name":"wp","href":"https:\/\/api.w.org\/{rel}","templated":true}]}}