{"id":8158,"date":"2022-09-19T12:00:52","date_gmt":"2022-09-19T10:00:52","guid":{"rendered":"https:\/\/www.anovapeneira.gal\/?p=8158"},"modified":"2022-09-16T09:42:17","modified_gmt":"2022-09-16T07:42:17","slug":"o-bng-reclama-a-reprobacion-do-director-da-crtvg-e-urxe-a-renovacion-da-direccion-xeral-como-establece-a-lei-de-medios","status":"publish","type":"post","link":"https:\/\/www.anovapeneira.gal\/index.php\/2022\/09\/19\/o-bng-reclama-a-reprobacion-do-director-da-crtvg-e-urxe-a-renovacion-da-direccion-xeral-como-establece-a-lei-de-medios\/","title":{"rendered":"O BNG reclama a reprobaci\u00f3n do director da CRTVG e urxe a renovaci\u00f3n da direcci\u00f3n xeral como establece a Lei de Medios"},"content":{"rendered":"\n<h2 class=\"wp-block-heading\"><strong>Olalla Rodil reproba ao PP o seu exercicio de \u201ccinismo pol\u00edtico\u201d porque non ten \u201ca m\u00e1is m\u00ednima intenci\u00f3n\u201d de garantir a independencia da compa\u00f1\u00eda<\/strong><\/h2>\n\n\n\n<p><strong>Santiago de Compostela, 13 setembro 2022<\/strong><\/p>\n\n\n\n<p>O BNG reclamou no Parlamento galego a reprobaci\u00f3n do director xeral da CRTVG -pola violaci\u00f3n de dereitos fundamentais por parte da corporaci\u00f3n p\u00fablica aos seus traballadores e traballadoras, tal e como recolle a sentenza firme que condena \u00e1 corporaci\u00f3n por vulnerar os dereitos dun dos seus traballadores- e urxiu a iniciar de maneira inmediata o proceso de negociaci\u00f3n entre as forzas pol\u00edticas representadas na C\u00e1mara para a renovaci\u00f3n da direcci\u00f3n xeral do ente, de acordo co disposto na Lei 9\/2011, dos medios p\u00fablicos de comunicaci\u00f3n audiovisual de Galiza.<\/p>\n\n\n\n<p>A viceportavoz parlamentaria do Bloque, Olalla Rodil, asegurou que a sentenza condenatoria \u00e1 CRTVG pola vulneraci\u00f3n dos dereitos fundamentais dun dos seus traballadores, Carlos Jim\u00e9nez -a quen agradeceu a s\u00faa presenza no hemiciclo, xunto con representantes do comit\u00e9 intercentros, durante o debate da proposici\u00f3n non de lei nacionalista- \u00e9 \u201cun feito inadmisible en calquera sistema democr\u00e1tico e debera ser motivo abondo para que as persoas respons\u00e1beis presentasen a s\u00faa dimisi\u00f3n\u201d, logo dun conflito xudicial que, segundo recalcou, \u201csacou as vergo\u00f1as todas \u00e1 direcci\u00f3n da corporaci\u00f3n, a comezar polo seu m\u00e1ximo responsable\u201d.<\/p>\n\n\n\n<p>Rodil advertiu que esta non era \u201ca primeira nin a \u00fanica vez\u201d que a direcci\u00f3n do ente p\u00fablico actuaba contra os e as traballadoras que decidiron defender os seus dereitos laborais e o m\u00e1is importante: \u201cDefender a Galega, que \u00e9 o mesmo que defender o dereito de toda a cidadan\u00eda a contar cuns medios p\u00fablicos libres, independentes e sen inxerencias pol\u00edticas que reflictan o pluralismo e a diversidade que existe en Galiza\u201d.<\/p>\n\n\n\n<p>As\u00ed, e logo de recordar os distintos expedientes abertos pola direcci\u00f3n da compa\u00f1\u00eda contra quen denunciou a manipulaci\u00f3n informativa, recordou que xa pasaron 11 anos sen que se aprobase o Estatuto profesional nin se crease o Consello de informativos, \u201c11 anos sen asinar nin un s\u00f3 contrato-programa e, por suposto, 11 anos sen se constitu\u00edr a autoridade audiovisual independente\u201d, incidiu.<\/p>\n\n\n\n<p>Segundo recalcou, son 11 anos os que se lles leva negando \u00e1s traballadoras e aos traballadores, pero sobre todo \u00e1s galegas e aos galegos, que son as verdadeiras propietarias dos medios p\u00fablicos, os instrumentos de participaci\u00f3n democr\u00e1tica que velen polo cumprimento escrupuloso da misi\u00f3n de servizo p\u00fablico\u201d. \u201cTodo o que acabo de relatar est\u00e1 na Lei de Medios, na s\u00faa lei, non na do Bloque\u201d, recriminou \u00e1 bancada do PP, \u00e1 que acusou de \u201ctremendo exercicio de cinismo pol\u00edtico e falsidade, digno de estudo, o que fixeron vostedes\u201d.<\/p>\n\n\n\n<p>\u201cPorque vostedes non te\u00f1en nin a m\u00e1is m\u00ednima intenci\u00f3n de garantir nin a obxectividade, nin a independencia, nin o pluralismo nin sequera o cumprimento da lei na CRTVG\u201d, conclu\u00edu na defensa desta proposici\u00f3n non de lei que ser\u00e1 votada na xornada plenaria de ma\u00f1\u00e1, pero para a que, no debate de hoxe, o PP xa adiantou o seu voto negativo.<\/p>\n","protected":false},"excerpt":{"rendered":"<div class=\"mh-excerpt\"><p>Olalla Rodil reproba ao PP o seu exercicio de \u201ccinismo pol\u00edtico\u201d porque non ten \u201ca m\u00e1is m\u00ednima intenci\u00f3n\u201d de garantir a independencia da compa\u00f1\u00eda <a class=\"mh-excerpt-more\" href=\"https:\/\/www.anovapeneira.gal\/index.php\/2022\/09\/19\/o-bng-reclama-a-reprobacion-do-director-da-crtvg-e-urxe-a-renovacion-da-direccion-xeral-como-establece-a-lei-de-medios\/\" title=\"O BNG reclama a reprobaci\u00f3n do director da CRTVG e urxe a renovaci\u00f3n da direcci\u00f3n xeral como establece a Lei de Medios\">[&#8230;]<\/a><\/p>\n<\/div>","protected":false},"author":3,"featured_media":8159,"comment_status":"open","ping_status":"open","sticky":false,"template":"","format":"standard","meta":{"_exactmetrics_skip_tracking":false,"_exactmetrics_sitenote_active":false,"_exactmetrics_sitenote_note":"","_exactmetrics_sitenote_category":0,"footnotes":""},"categories":[263],"tags":[],"class_list":{"0":"post-8158","1":"post","2":"type-post","3":"status-publish","4":"format-standard","5":"has-post-thumbnail","7":"category-novas"},"yoast_head":"<!-- This site is optimized with the Yoast SEO plugin v27.4 - https:\/\/yoast.com\/product\/yoast-seo-wordpress\/ -->\n<title>O BNG reclama a reprobaci\u00f3n do director da CRTVG e urxe a renovaci\u00f3n da direcci\u00f3n xeral como establece a Lei de Medios -<\/title>\n<meta name=\"description\" content=\"Olalla Rodil reproba ao PP o seu exercicio de \u201ccinismo pol\u00edtico\u201d porque non ten \u201ca m\u00e1is m\u00ednima intenci\u00f3n\u201d de garantir a independencia da compa\u00f1\u00eda\" \/>\n<meta name=\"robots\" content=\"index, follow, max-snippet:-1, max-image-preview:large, max-video-preview:-1\" \/>\n<link rel=\"canonical\" href=\"https:\/\/www.anovapeneira.gal\/index.php\/2022\/09\/19\/o-bng-reclama-a-reprobacion-do-director-da-crtvg-e-urxe-a-renovacion-da-direccion-xeral-como-establece-a-lei-de-medios\/\" \/>\n<meta property=\"og:locale\" content=\"gl_ES\" \/>\n<meta property=\"og:type\" content=\"article\" \/>\n<meta property=\"og:title\" content=\"O BNG reclama a reprobaci\u00f3n do director da CRTVG e urxe a renovaci\u00f3n da direcci\u00f3n xeral como establece a Lei de Medios -\" \/>\n<meta property=\"og:description\" content=\"Olalla Rodil reproba ao PP o seu exercicio de \u201ccinismo pol\u00edtico\u201d porque non ten \u201ca m\u00e1is m\u00ednima intenci\u00f3n\u201d de garantir a independencia da compa\u00f1\u00eda\" \/>\n<meta property=\"og:url\" content=\"https:\/\/www.anovapeneira.gal\/index.php\/2022\/09\/19\/o-bng-reclama-a-reprobacion-do-director-da-crtvg-e-urxe-a-renovacion-da-direccion-xeral-como-establece-a-lei-de-medios\/\" \/>\n<meta property=\"article:publisher\" content=\"https:\/\/www.facebook.com\/anovapeneira\" \/>\n<meta property=\"article:published_time\" content=\"2022-09-19T10:00:52+00:00\" \/>\n<meta property=\"og:image\" content=\"https:\/\/www.anovapeneira.gal\/wp-content\/uploads\/2022\/09\/olalla_rodil.jpg\" \/>\n\t<meta property=\"og:image:width\" content=\"720\" \/>\n\t<meta property=\"og:image:height\" content=\"432\" \/>\n\t<meta property=\"og:image:type\" content=\"image\/jpeg\" \/>\n<meta name=\"author\" content=\"Redacci\u00f3n A Nova Peneira\" \/>\n<meta name=\"twitter:card\" content=\"summary_large_image\" \/>\n<meta name=\"twitter:creator\" content=\"@APeneira\" \/>\n<meta name=\"twitter:site\" content=\"@APeneira\" \/>\n<meta name=\"twitter:label1\" content=\"Escrito por\" \/>\n\t<meta name=\"twitter:data1\" content=\"Redacci\u00f3n A Nova Peneira\" \/>\n\t<meta name=\"twitter:label2\" content=\"Tempo de lectura\" \/>\n\t<meta name=\"twitter:data2\" content=\"3 minutos\" \/>\n<script type=\"application\/ld+json\" class=\"yoast-schema-graph\">{\"@context\":\"https:\\\/\\\/schema.org\",\"@graph\":[{\"@type\":\"Article\",\"@id\":\"https:\\\/\\\/www.anovapeneira.gal\\\/index.php\\\/2022\\\/09\\\/19\\\/o-bng-reclama-a-reprobacion-do-director-da-crtvg-e-urxe-a-renovacion-da-direccion-xeral-como-establece-a-lei-de-medios\\\/#article\",\"isPartOf\":{\"@id\":\"https:\\\/\\\/www.anovapeneira.gal\\\/index.php\\\/2022\\\/09\\\/19\\\/o-bng-reclama-a-reprobacion-do-director-da-crtvg-e-urxe-a-renovacion-da-direccion-xeral-como-establece-a-lei-de-medios\\\/\"},\"author\":{\"name\":\"Redacci\u00f3n A Nova Peneira\",\"@id\":\"https:\\\/\\\/www.anovapeneira.gal\\\/#\\\/schema\\\/person\\\/b93e3f8932e3f8da96334607eb6ac6aa\"},\"headline\":\"O BNG reclama a reprobaci\u00f3n do director da CRTVG e urxe a renovaci\u00f3n da direcci\u00f3n xeral como establece a Lei de Medios\",\"datePublished\":\"2022-09-19T10:00:52+00:00\",\"mainEntityOfPage\":{\"@id\":\"https:\\\/\\\/www.anovapeneira.gal\\\/index.php\\\/2022\\\/09\\\/19\\\/o-bng-reclama-a-reprobacion-do-director-da-crtvg-e-urxe-a-renovacion-da-direccion-xeral-como-establece-a-lei-de-medios\\\/\"},\"wordCount\":552,\"commentCount\":0,\"publisher\":{\"@id\":\"https:\\\/\\\/www.anovapeneira.gal\\\/#organization\"},\"image\":{\"@id\":\"https:\\\/\\\/www.anovapeneira.gal\\\/index.php\\\/2022\\\/09\\\/19\\\/o-bng-reclama-a-reprobacion-do-director-da-crtvg-e-urxe-a-renovacion-da-direccion-xeral-como-establece-a-lei-de-medios\\\/#primaryimage\"},\"thumbnailUrl\":\"https:\\\/\\\/www.anovapeneira.gal\\\/wp-content\\\/uploads\\\/2022\\\/09\\\/olalla_rodil.jpg\",\"articleSection\":[\"Novas\"],\"inLanguage\":\"gl-ES\",\"potentialAction\":[{\"@type\":\"CommentAction\",\"name\":\"Comment\",\"target\":[\"https:\\\/\\\/www.anovapeneira.gal\\\/index.php\\\/2022\\\/09\\\/19\\\/o-bng-reclama-a-reprobacion-do-director-da-crtvg-e-urxe-a-renovacion-da-direccion-xeral-como-establece-a-lei-de-medios\\\/#respond\"]}]},{\"@type\":\"WebPage\",\"@id\":\"https:\\\/\\\/www.anovapeneira.gal\\\/index.php\\\/2022\\\/09\\\/19\\\/o-bng-reclama-a-reprobacion-do-director-da-crtvg-e-urxe-a-renovacion-da-direccion-xeral-como-establece-a-lei-de-medios\\\/\",\"url\":\"https:\\\/\\\/www.anovapeneira.gal\\\/index.php\\\/2022\\\/09\\\/19\\\/o-bng-reclama-a-reprobacion-do-director-da-crtvg-e-urxe-a-renovacion-da-direccion-xeral-como-establece-a-lei-de-medios\\\/\",\"name\":\"O BNG reclama a reprobaci\u00f3n do director da CRTVG e urxe a renovaci\u00f3n da direcci\u00f3n xeral como establece a Lei de Medios -\",\"isPartOf\":{\"@id\":\"https:\\\/\\\/www.anovapeneira.gal\\\/#website\"},\"primaryImageOfPage\":{\"@id\":\"https:\\\/\\\/www.anovapeneira.gal\\\/index.php\\\/2022\\\/09\\\/19\\\/o-bng-reclama-a-reprobacion-do-director-da-crtvg-e-urxe-a-renovacion-da-direccion-xeral-como-establece-a-lei-de-medios\\\/#primaryimage\"},\"image\":{\"@id\":\"https:\\\/\\\/www.anovapeneira.gal\\\/index.php\\\/2022\\\/09\\\/19\\\/o-bng-reclama-a-reprobacion-do-director-da-crtvg-e-urxe-a-renovacion-da-direccion-xeral-como-establece-a-lei-de-medios\\\/#primaryimage\"},\"thumbnailUrl\":\"https:\\\/\\\/www.anovapeneira.gal\\\/wp-content\\\/uploads\\\/2022\\\/09\\\/olalla_rodil.jpg\",\"datePublished\":\"2022-09-19T10:00:52+00:00\",\"description\":\"Olalla Rodil reproba ao PP o seu exercicio de \u201ccinismo pol\u00edtico\u201d porque non ten \u201ca m\u00e1is m\u00ednima intenci\u00f3n\u201d de garantir a independencia da compa\u00f1\u00eda\",\"breadcrumb\":{\"@id\":\"https:\\\/\\\/www.anovapeneira.gal\\\/index.php\\\/2022\\\/09\\\/19\\\/o-bng-reclama-a-reprobacion-do-director-da-crtvg-e-urxe-a-renovacion-da-direccion-xeral-como-establece-a-lei-de-medios\\\/#breadcrumb\"},\"inLanguage\":\"gl-ES\",\"potentialAction\":[{\"@type\":\"ReadAction\",\"target\":[\"https:\\\/\\\/www.anovapeneira.gal\\\/index.php\\\/2022\\\/09\\\/19\\\/o-bng-reclama-a-reprobacion-do-director-da-crtvg-e-urxe-a-renovacion-da-direccion-xeral-como-establece-a-lei-de-medios\\\/\"]}]},{\"@type\":\"ImageObject\",\"inLanguage\":\"gl-ES\",\"@id\":\"https:\\\/\\\/www.anovapeneira.gal\\\/index.php\\\/2022\\\/09\\\/19\\\/o-bng-reclama-a-reprobacion-do-director-da-crtvg-e-urxe-a-renovacion-da-direccion-xeral-como-establece-a-lei-de-medios\\\/#primaryimage\",\"url\":\"https:\\\/\\\/www.anovapeneira.gal\\\/wp-content\\\/uploads\\\/2022\\\/09\\\/olalla_rodil.jpg\",\"contentUrl\":\"https:\\\/\\\/www.anovapeneira.gal\\\/wp-content\\\/uploads\\\/2022\\\/09\\\/olalla_rodil.jpg\",\"width\":720,\"height\":432,\"caption\":\"O BNG reclama a reprobaci\u00f3n do director da CRTVG e urxe a renovaci\u00f3n da direcci\u00f3n xeral como establece a Lei de Medios\"},{\"@type\":\"BreadcrumbList\",\"@id\":\"https:\\\/\\\/www.anovapeneira.gal\\\/index.php\\\/2022\\\/09\\\/19\\\/o-bng-reclama-a-reprobacion-do-director-da-crtvg-e-urxe-a-renovacion-da-direccion-xeral-como-establece-a-lei-de-medios\\\/#breadcrumb\",\"itemListElement\":[{\"@type\":\"ListItem\",\"position\":1,\"name\":\"Portada\",\"item\":\"https:\\\/\\\/www.anovapeneira.gal\\\/\"},{\"@type\":\"ListItem\",\"position\":2,\"name\":\"O BNG reclama a reprobaci\u00f3n do director da CRTVG e urxe a renovaci\u00f3n da direcci\u00f3n xeral como establece a Lei de Medios\"}]},{\"@type\":\"WebSite\",\"@id\":\"https:\\\/\\\/www.anovapeneira.gal\\\/#website\",\"url\":\"https:\\\/\\\/www.anovapeneira.gal\\\/\",\"name\":\"\",\"description\":\"Xornal galego de informaci\u00f3n xeral Publicaci\u00f3n mensual de novas de Galicia e en especial dos Concellos da sur da provincia de Pontevedra.\",\"publisher\":{\"@id\":\"https:\\\/\\\/www.anovapeneira.gal\\\/#organization\"},\"potentialAction\":[{\"@type\":\"SearchAction\",\"target\":{\"@type\":\"EntryPoint\",\"urlTemplate\":\"https:\\\/\\\/www.anovapeneira.gal\\\/?s={search_term_string}\"},\"query-input\":{\"@type\":\"PropertyValueSpecification\",\"valueRequired\":true,\"valueName\":\"search_term_string\"}}],\"inLanguage\":\"gl-ES\"},{\"@type\":\"Organization\",\"@id\":\"https:\\\/\\\/www.anovapeneira.gal\\\/#organization\",\"name\":\"A Nova Peneira\",\"url\":\"https:\\\/\\\/www.anovapeneira.gal\\\/\",\"logo\":{\"@type\":\"ImageObject\",\"inLanguage\":\"gl-ES\",\"@id\":\"https:\\\/\\\/www.anovapeneira.gal\\\/#\\\/schema\\\/logo\\\/image\\\/\",\"url\":\"http:\\\/\\\/www.anovapeneira.gal\\\/wp-content\\\/uploads\\\/2019\\\/06\\\/logo_a_nova_peneira_portal_web.png\",\"contentUrl\":\"http:\\\/\\\/www.anovapeneira.gal\\\/wp-content\\\/uploads\\\/2019\\\/06\\\/logo_a_nova_peneira_portal_web.png\",\"width\":300,\"height\":100,\"caption\":\"A Nova Peneira\"},\"image\":{\"@id\":\"https:\\\/\\\/www.anovapeneira.gal\\\/#\\\/schema\\\/logo\\\/image\\\/\"},\"sameAs\":[\"https:\\\/\\\/www.facebook.com\\\/anovapeneira\",\"https:\\\/\\\/x.com\\\/APeneira\"]},{\"@type\":\"Person\",\"@id\":\"https:\\\/\\\/www.anovapeneira.gal\\\/#\\\/schema\\\/person\\\/b93e3f8932e3f8da96334607eb6ac6aa\",\"name\":\"Redacci\u00f3n A Nova Peneira\",\"image\":{\"@type\":\"ImageObject\",\"inLanguage\":\"gl-ES\",\"@id\":\"https:\\\/\\\/secure.gravatar.com\\\/avatar\\\/c052a2551a06e23fac63626232eaa90abd78dbcf1700fc46a2b2c89fd27b735f?s=96&d=mm&r=g\",\"url\":\"https:\\\/\\\/secure.gravatar.com\\\/avatar\\\/c052a2551a06e23fac63626232eaa90abd78dbcf1700fc46a2b2c89fd27b735f?s=96&d=mm&r=g\",\"contentUrl\":\"https:\\\/\\\/secure.gravatar.com\\\/avatar\\\/c052a2551a06e23fac63626232eaa90abd78dbcf1700fc46a2b2c89fd27b735f?s=96&d=mm&r=g\",\"caption\":\"Redacci\u00f3n A Nova Peneira\"},\"sameAs\":[\"http:\\\/\\\/www.anovapeneira.gal\\\/\"],\"url\":\"https:\\\/\\\/www.anovapeneira.gal\\\/index.php\\\/author\\\/redactor\\\/\"}]}<\/script>\n<!-- \/ Yoast SEO plugin. -->","yoast_head_json":{"title":"O BNG reclama a reprobaci\u00f3n do director da CRTVG e urxe a renovaci\u00f3n da direcci\u00f3n xeral como establece a Lei de Medios -","description":"Olalla Rodil reproba ao PP o seu exercicio de \u201ccinismo pol\u00edtico\u201d porque non ten \u201ca m\u00e1is m\u00ednima intenci\u00f3n\u201d de garantir a independencia da compa\u00f1\u00eda","robots":{"index":"index","follow":"follow","max-snippet":"max-snippet:-1","max-image-preview":"max-image-preview:large","max-video-preview":"max-video-preview:-1"},"canonical":"https:\/\/www.anovapeneira.gal\/index.php\/2022\/09\/19\/o-bng-reclama-a-reprobacion-do-director-da-crtvg-e-urxe-a-renovacion-da-direccion-xeral-como-establece-a-lei-de-medios\/","og_locale":"gl_ES","og_type":"article","og_title":"O BNG reclama a reprobaci\u00f3n do director da CRTVG e urxe a renovaci\u00f3n da direcci\u00f3n xeral como establece a Lei de Medios -","og_description":"Olalla Rodil reproba ao PP o seu exercicio de \u201ccinismo pol\u00edtico\u201d porque non ten \u201ca m\u00e1is m\u00ednima intenci\u00f3n\u201d de garantir a independencia da compa\u00f1\u00eda","og_url":"https:\/\/www.anovapeneira.gal\/index.php\/2022\/09\/19\/o-bng-reclama-a-reprobacion-do-director-da-crtvg-e-urxe-a-renovacion-da-direccion-xeral-como-establece-a-lei-de-medios\/","article_publisher":"https:\/\/www.facebook.com\/anovapeneira","article_published_time":"2022-09-19T10:00:52+00:00","og_image":[{"width":720,"height":432,"url":"https:\/\/www.anovapeneira.gal\/wp-content\/uploads\/2022\/09\/olalla_rodil.jpg","type":"image\/jpeg"}],"author":"Redacci\u00f3n A Nova Peneira","twitter_card":"summary_large_image","twitter_creator":"@APeneira","twitter_site":"@APeneira","twitter_misc":{"Escrito por":"Redacci\u00f3n A Nova Peneira","Tempo de lectura":"3 minutos"},"schema":{"@context":"https:\/\/schema.org","@graph":[{"@type":"Article","@id":"https:\/\/www.anovapeneira.gal\/index.php\/2022\/09\/19\/o-bng-reclama-a-reprobacion-do-director-da-crtvg-e-urxe-a-renovacion-da-direccion-xeral-como-establece-a-lei-de-medios\/#article","isPartOf":{"@id":"https:\/\/www.anovapeneira.gal\/index.php\/2022\/09\/19\/o-bng-reclama-a-reprobacion-do-director-da-crtvg-e-urxe-a-renovacion-da-direccion-xeral-como-establece-a-lei-de-medios\/"},"author":{"name":"Redacci\u00f3n A Nova Peneira","@id":"https:\/\/www.anovapeneira.gal\/#\/schema\/person\/b93e3f8932e3f8da96334607eb6ac6aa"},"headline":"O BNG reclama a reprobaci\u00f3n do director da CRTVG e urxe a renovaci\u00f3n da direcci\u00f3n xeral como establece a Lei de Medios","datePublished":"2022-09-19T10:00:52+00:00","mainEntityOfPage":{"@id":"https:\/\/www.anovapeneira.gal\/index.php\/2022\/09\/19\/o-bng-reclama-a-reprobacion-do-director-da-crtvg-e-urxe-a-renovacion-da-direccion-xeral-como-establece-a-lei-de-medios\/"},"wordCount":552,"commentCount":0,"publisher":{"@id":"https:\/\/www.anovapeneira.gal\/#organization"},"image":{"@id":"https:\/\/www.anovapeneira.gal\/index.php\/2022\/09\/19\/o-bng-reclama-a-reprobacion-do-director-da-crtvg-e-urxe-a-renovacion-da-direccion-xeral-como-establece-a-lei-de-medios\/#primaryimage"},"thumbnailUrl":"https:\/\/www.anovapeneira.gal\/wp-content\/uploads\/2022\/09\/olalla_rodil.jpg","articleSection":["Novas"],"inLanguage":"gl-ES","potentialAction":[{"@type":"CommentAction","name":"Comment","target":["https:\/\/www.anovapeneira.gal\/index.php\/2022\/09\/19\/o-bng-reclama-a-reprobacion-do-director-da-crtvg-e-urxe-a-renovacion-da-direccion-xeral-como-establece-a-lei-de-medios\/#respond"]}]},{"@type":"WebPage","@id":"https:\/\/www.anovapeneira.gal\/index.php\/2022\/09\/19\/o-bng-reclama-a-reprobacion-do-director-da-crtvg-e-urxe-a-renovacion-da-direccion-xeral-como-establece-a-lei-de-medios\/","url":"https:\/\/www.anovapeneira.gal\/index.php\/2022\/09\/19\/o-bng-reclama-a-reprobacion-do-director-da-crtvg-e-urxe-a-renovacion-da-direccion-xeral-como-establece-a-lei-de-medios\/","name":"O BNG reclama a reprobaci\u00f3n do director da CRTVG e urxe a renovaci\u00f3n da direcci\u00f3n xeral como establece a Lei de Medios -","isPartOf":{"@id":"https:\/\/www.anovapeneira.gal\/#website"},"primaryImageOfPage":{"@id":"https:\/\/www.anovapeneira.gal\/index.php\/2022\/09\/19\/o-bng-reclama-a-reprobacion-do-director-da-crtvg-e-urxe-a-renovacion-da-direccion-xeral-como-establece-a-lei-de-medios\/#primaryimage"},"image":{"@id":"https:\/\/www.anovapeneira.gal\/index.php\/2022\/09\/19\/o-bng-reclama-a-reprobacion-do-director-da-crtvg-e-urxe-a-renovacion-da-direccion-xeral-como-establece-a-lei-de-medios\/#primaryimage"},"thumbnailUrl":"https:\/\/www.anovapeneira.gal\/wp-content\/uploads\/2022\/09\/olalla_rodil.jpg","datePublished":"2022-09-19T10:00:52+00:00","description":"Olalla Rodil reproba ao PP o seu exercicio de \u201ccinismo pol\u00edtico\u201d porque non ten \u201ca m\u00e1is m\u00ednima intenci\u00f3n\u201d de garantir a independencia da compa\u00f1\u00eda","breadcrumb":{"@id":"https:\/\/www.anovapeneira.gal\/index.php\/2022\/09\/19\/o-bng-reclama-a-reprobacion-do-director-da-crtvg-e-urxe-a-renovacion-da-direccion-xeral-como-establece-a-lei-de-medios\/#breadcrumb"},"inLanguage":"gl-ES","potentialAction":[{"@type":"ReadAction","target":["https:\/\/www.anovapeneira.gal\/index.php\/2022\/09\/19\/o-bng-reclama-a-reprobacion-do-director-da-crtvg-e-urxe-a-renovacion-da-direccion-xeral-como-establece-a-lei-de-medios\/"]}]},{"@type":"ImageObject","inLanguage":"gl-ES","@id":"https:\/\/www.anovapeneira.gal\/index.php\/2022\/09\/19\/o-bng-reclama-a-reprobacion-do-director-da-crtvg-e-urxe-a-renovacion-da-direccion-xeral-como-establece-a-lei-de-medios\/#primaryimage","url":"https:\/\/www.anovapeneira.gal\/wp-content\/uploads\/2022\/09\/olalla_rodil.jpg","contentUrl":"https:\/\/www.anovapeneira.gal\/wp-content\/uploads\/2022\/09\/olalla_rodil.jpg","width":720,"height":432,"caption":"O BNG reclama a reprobaci\u00f3n do director da CRTVG e urxe a renovaci\u00f3n da direcci\u00f3n xeral como establece a Lei de Medios"},{"@type":"BreadcrumbList","@id":"https:\/\/www.anovapeneira.gal\/index.php\/2022\/09\/19\/o-bng-reclama-a-reprobacion-do-director-da-crtvg-e-urxe-a-renovacion-da-direccion-xeral-como-establece-a-lei-de-medios\/#breadcrumb","itemListElement":[{"@type":"ListItem","position":1,"name":"Portada","item":"https:\/\/www.anovapeneira.gal\/"},{"@type":"ListItem","position":2,"name":"O BNG reclama a reprobaci\u00f3n do director da CRTVG e urxe a renovaci\u00f3n da direcci\u00f3n xeral como establece a Lei de Medios"}]},{"@type":"WebSite","@id":"https:\/\/www.anovapeneira.gal\/#website","url":"https:\/\/www.anovapeneira.gal\/","name":"","description":"Xornal galego de informaci\u00f3n xeral Publicaci\u00f3n mensual de novas de Galicia e en especial dos Concellos da sur da provincia de Pontevedra.","publisher":{"@id":"https:\/\/www.anovapeneira.gal\/#organization"},"potentialAction":[{"@type":"SearchAction","target":{"@type":"EntryPoint","urlTemplate":"https:\/\/www.anovapeneira.gal\/?s={search_term_string}"},"query-input":{"@type":"PropertyValueSpecification","valueRequired":true,"valueName":"search_term_string"}}],"inLanguage":"gl-ES"},{"@type":"Organization","@id":"https:\/\/www.anovapeneira.gal\/#organization","name":"A Nova Peneira","url":"https:\/\/www.anovapeneira.gal\/","logo":{"@type":"ImageObject","inLanguage":"gl-ES","@id":"https:\/\/www.anovapeneira.gal\/#\/schema\/logo\/image\/","url":"http:\/\/www.anovapeneira.gal\/wp-content\/uploads\/2019\/06\/logo_a_nova_peneira_portal_web.png","contentUrl":"http:\/\/www.anovapeneira.gal\/wp-content\/uploads\/2019\/06\/logo_a_nova_peneira_portal_web.png","width":300,"height":100,"caption":"A Nova Peneira"},"image":{"@id":"https:\/\/www.anovapeneira.gal\/#\/schema\/logo\/image\/"},"sameAs":["https:\/\/www.facebook.com\/anovapeneira","https:\/\/x.com\/APeneira"]},{"@type":"Person","@id":"https:\/\/www.anovapeneira.gal\/#\/schema\/person\/b93e3f8932e3f8da96334607eb6ac6aa","name":"Redacci\u00f3n A Nova Peneira","image":{"@type":"ImageObject","inLanguage":"gl-ES","@id":"https:\/\/secure.gravatar.com\/avatar\/c052a2551a06e23fac63626232eaa90abd78dbcf1700fc46a2b2c89fd27b735f?s=96&d=mm&r=g","url":"https:\/\/secure.gravatar.com\/avatar\/c052a2551a06e23fac63626232eaa90abd78dbcf1700fc46a2b2c89fd27b735f?s=96&d=mm&r=g","contentUrl":"https:\/\/secure.gravatar.com\/avatar\/c052a2551a06e23fac63626232eaa90abd78dbcf1700fc46a2b2c89fd27b735f?s=96&d=mm&r=g","caption":"Redacci\u00f3n A Nova Peneira"},"sameAs":["http:\/\/www.anovapeneira.gal\/"],"url":"https:\/\/www.anovapeneira.gal\/index.php\/author\/redactor\/"}]}},"jetpack_featured_media_url":"https:\/\/www.anovapeneira.gal\/wp-content\/uploads\/2022\/09\/olalla_rodil.jpg","_links":{"self":[{"href":"https:\/\/www.anovapeneira.gal\/index.php\/wp-json\/wp\/v2\/posts\/8158","targetHints":{"allow":["GET"]}}],"collection":[{"href":"https:\/\/www.anovapeneira.gal\/index.php\/wp-json\/wp\/v2\/posts"}],"about":[{"href":"https:\/\/www.anovapeneira.gal\/index.php\/wp-json\/wp\/v2\/types\/post"}],"author":[{"embeddable":true,"href":"https:\/\/www.anovapeneira.gal\/index.php\/wp-json\/wp\/v2\/users\/3"}],"replies":[{"embeddable":true,"href":"https:\/\/www.anovapeneira.gal\/index.php\/wp-json\/wp\/v2\/comments?post=8158"}],"version-history":[{"count":1,"href":"https:\/\/www.anovapeneira.gal\/index.php\/wp-json\/wp\/v2\/posts\/8158\/revisions"}],"predecessor-version":[{"id":8160,"href":"https:\/\/www.anovapeneira.gal\/index.php\/wp-json\/wp\/v2\/posts\/8158\/revisions\/8160"}],"wp:featuredmedia":[{"embeddable":true,"href":"https:\/\/www.anovapeneira.gal\/index.php\/wp-json\/wp\/v2\/media\/8159"}],"wp:attachment":[{"href":"https:\/\/www.anovapeneira.gal\/index.php\/wp-json\/wp\/v2\/media?parent=8158"}],"wp:term":[{"taxonomy":"category","embeddable":true,"href":"https:\/\/www.anovapeneira.gal\/index.php\/wp-json\/wp\/v2\/categories?post=8158"},{"taxonomy":"post_tag","embeddable":true,"href":"https:\/\/www.anovapeneira.gal\/index.php\/wp-json\/wp\/v2\/tags?post=8158"}],"curies":[{"name":"wp","href":"https:\/\/api.w.org\/{rel}","templated":true}]}}