{"id":816,"date":"2019-08-05T10:00:21","date_gmt":"2019-08-05T08:00:21","guid":{"rendered":"http:\/\/www.anovapeneira.gal\/?p=816"},"modified":"2019-08-02T11:07:48","modified_gmt":"2019-08-02T09:07:48","slug":"o-bng-de-mos-solicita-a-limpeza-e-desinfeccion-dos-colectores-do-lixo","status":"publish","type":"post","link":"https:\/\/www.anovapeneira.gal\/index.php\/2019\/08\/05\/o-bng-de-mos-solicita-a-limpeza-e-desinfeccion-dos-colectores-do-lixo\/","title":{"rendered":"O BNG de Mos solicita a limpeza e  desinfecci\u00f3n dos colectores do lixo"},"content":{"rendered":"\n<h2 class=\"wp-block-heading\">Xa foron identificados varios ni\u00f1os de avespas baixo as pestanas dos contedores e algunhas persoas sufriron picaduras  Gustavo Barcia lamenta a existencia de verteduras incontroladas en distintos puntosdo termo municipal <\/h2>\n\n\n\n<p><strong>Mos, 31 de xullo de 2019<\/strong><\/p>\n\n\n\n<p> Os colectores do lixo convert\u00e9ronse nun perigo para os usuarios nalg\u00fans puntos do concello de Mos. Coa chegada das altas temperaturas, as avespas fixeron os seus ni\u00f1os debaixo das pestanas dalg\u00fans contedores e varias persoas sufriron xa as picaduras destes insectos. Por este motivo, o portavoz do grupo municipal do BNG, Gustavo Barcia, solicitou no \u00faltimo pleno que se proceda canto antes \u00e1 limpeza e desinfecci\u00f3n dos colectores situados na v\u00eda p\u00fablica.Segundo Barcia, a presenza das avespas non \u00e9 o \u00fanico problema que atopa a veci\u00f1anza ao achegarse aos colectores, xa que \u201ca falla de mantemento fai que o cheiro sexa insoportable nas proximidades dalg\u00fans puntos de dep\u00f3sito do lixo\u201d. O concelleiro nacionalista considera que o servizo de recollida de residuos do concello de Mos \u201c\u00e9 manifestamente mellorable\u201d e lamenta ademais a existencia de verteduras incontroladas en distintos puntos do termo municipal. Ante este problema, a \u00fanica soluci\u00f3n por parte do concello foi \u201cfacer unha publicaci\u00f3n nas redes sociais solicitando responsabilidade \u00e1 veci\u00f1anza\u201d.Punto limpoO BNG de Mos defende que \u00e9 preciso mellorar, con car\u00e1cter xeral, o tratamento de residuos s\u00f3lidos urbanos en todo o concello. Entre as m\u00faltiples cuesti\u00f3ns que \u00e9 preciso revisar, est\u00e1 a necesidade de ampliar os horarios do punto limpo da Veigada\u00f1a. Actualmente s\u00f3 est\u00e1 aberto os martes, os xoves e os s\u00e1bados pola ma\u00f1\u00e1, un horario que limita moito as posibilidades de facer uso deste servizo.<\/p>\n","protected":false},"excerpt":{"rendered":"<div class=\"mh-excerpt\"><p>Xa foron identificados varios ni\u00f1os de avespas baixo as pestanas dos contedores e algunhas persoas sufriron picaduras  Gustavo Barcia lamenta a existencia de verteduras incontroladas en distintos puntosdo termo municipal  <a class=\"mh-excerpt-more\" href=\"https:\/\/www.anovapeneira.gal\/index.php\/2019\/08\/05\/o-bng-de-mos-solicita-a-limpeza-e-desinfeccion-dos-colectores-do-lixo\/\" title=\"O BNG de Mos solicita a limpeza e  desinfecci\u00f3n dos colectores do lixo\">[&#8230;]<\/a><\/p>\n<\/div>","protected":false},"author":3,"featured_media":817,"comment_status":"open","ping_status":"open","sticky":false,"template":"","format":"standard","meta":{"_exactmetrics_skip_tracking":false,"_exactmetrics_sitenote_active":false,"_exactmetrics_sitenote_note":"","_exactmetrics_sitenote_category":0,"footnotes":""},"categories":[23],"tags":[220,218,374,373],"class_list":{"0":"post-816","1":"post","2":"type-post","3":"status-publish","4":"format-standard","5":"has-post-thumbnail","7":"category-a-lourina","8":"tag-bng-de-mos","9":"tag-concello-de-mos","10":"tag-lixo","11":"tag-tratamento-de-residuos"},"yoast_head":"<!-- This site is optimized with the Yoast SEO plugin v27.4 - https:\/\/yoast.com\/product\/yoast-seo-wordpress\/ -->\n<title>O BNG de Mos solicita a limpeza e desinfecci\u00f3n dos colectores do lixo -<\/title>\n<meta name=\"robots\" content=\"index, follow, max-snippet:-1, max-image-preview:large, max-video-preview:-1\" \/>\n<link rel=\"canonical\" href=\"https:\/\/www.anovapeneira.gal\/index.php\/2019\/08\/05\/o-bng-de-mos-solicita-a-limpeza-e-desinfeccion-dos-colectores-do-lixo\/\" \/>\n<meta property=\"og:locale\" content=\"gl_ES\" \/>\n<meta property=\"og:type\" content=\"article\" \/>\n<meta property=\"og:title\" content=\"O BNG de Mos solicita a limpeza e desinfecci\u00f3n dos colectores do lixo -\" \/>\n<meta property=\"og:description\" content=\"Xa foron identificados varios ni\u00f1os de avespas baixo as pestanas dos contedores e algunhas persoas sufriron picaduras Gustavo Barcia lamenta a existencia de verteduras incontroladas en distintos puntosdo termo municipal [...]\" \/>\n<meta property=\"og:url\" content=\"https:\/\/www.anovapeneira.gal\/index.php\/2019\/08\/05\/o-bng-de-mos-solicita-a-limpeza-e-desinfeccion-dos-colectores-do-lixo\/\" \/>\n<meta property=\"article:publisher\" content=\"https:\/\/www.facebook.com\/anovapeneira\" \/>\n<meta property=\"article:published_time\" content=\"2019-08-05T08:00:21+00:00\" \/>\n<meta property=\"og:image\" content=\"https:\/\/www.anovapeneira.gal\/wp-content\/uploads\/2019\/08\/servizo_limpeza_mos_a_nova_peneira.jpg\" \/>\n\t<meta property=\"og:image:width\" content=\"720\" \/>\n\t<meta property=\"og:image:height\" content=\"473\" \/>\n\t<meta property=\"og:image:type\" content=\"image\/jpeg\" \/>\n<meta name=\"author\" content=\"Redacci\u00f3n A Nova Peneira\" \/>\n<meta name=\"twitter:card\" content=\"summary_large_image\" \/>\n<meta name=\"twitter:creator\" content=\"@APeneira\" \/>\n<meta name=\"twitter:site\" content=\"@APeneira\" \/>\n<meta name=\"twitter:label1\" content=\"Escrito por\" \/>\n\t<meta name=\"twitter:data1\" content=\"Redacci\u00f3n A Nova Peneira\" \/>\n\t<meta name=\"twitter:label2\" content=\"Tempo de lectura\" \/>\n\t<meta name=\"twitter:data2\" content=\"1 minuto\" \/>\n<script type=\"application\/ld+json\" class=\"yoast-schema-graph\">{\"@context\":\"https:\\\/\\\/schema.org\",\"@graph\":[{\"@type\":\"Article\",\"@id\":\"https:\\\/\\\/www.anovapeneira.gal\\\/index.php\\\/2019\\\/08\\\/05\\\/o-bng-de-mos-solicita-a-limpeza-e-desinfeccion-dos-colectores-do-lixo\\\/#article\",\"isPartOf\":{\"@id\":\"https:\\\/\\\/www.anovapeneira.gal\\\/index.php\\\/2019\\\/08\\\/05\\\/o-bng-de-mos-solicita-a-limpeza-e-desinfeccion-dos-colectores-do-lixo\\\/\"},\"author\":{\"name\":\"Redacci\u00f3n A Nova Peneira\",\"@id\":\"https:\\\/\\\/www.anovapeneira.gal\\\/#\\\/schema\\\/person\\\/b93e3f8932e3f8da96334607eb6ac6aa\"},\"headline\":\"O BNG de Mos solicita a limpeza e desinfecci\u00f3n dos colectores do lixo\",\"datePublished\":\"2019-08-05T08:00:21+00:00\",\"mainEntityOfPage\":{\"@id\":\"https:\\\/\\\/www.anovapeneira.gal\\\/index.php\\\/2019\\\/08\\\/05\\\/o-bng-de-mos-solicita-a-limpeza-e-desinfeccion-dos-colectores-do-lixo\\\/\"},\"wordCount\":294,\"commentCount\":0,\"publisher\":{\"@id\":\"https:\\\/\\\/www.anovapeneira.gal\\\/#organization\"},\"image\":{\"@id\":\"https:\\\/\\\/www.anovapeneira.gal\\\/index.php\\\/2019\\\/08\\\/05\\\/o-bng-de-mos-solicita-a-limpeza-e-desinfeccion-dos-colectores-do-lixo\\\/#primaryimage\"},\"thumbnailUrl\":\"https:\\\/\\\/www.anovapeneira.gal\\\/wp-content\\\/uploads\\\/2019\\\/08\\\/servizo_limpeza_mos_a_nova_peneira.jpg\",\"keywords\":[\"BNG de Mos\",\"Concello de Mos\",\"Lixo\",\"Tratamento de residuos\"],\"articleSection\":[\"A Louri\u00f1a\"],\"inLanguage\":\"gl-ES\",\"potentialAction\":[{\"@type\":\"CommentAction\",\"name\":\"Comment\",\"target\":[\"https:\\\/\\\/www.anovapeneira.gal\\\/index.php\\\/2019\\\/08\\\/05\\\/o-bng-de-mos-solicita-a-limpeza-e-desinfeccion-dos-colectores-do-lixo\\\/#respond\"]}]},{\"@type\":\"WebPage\",\"@id\":\"https:\\\/\\\/www.anovapeneira.gal\\\/index.php\\\/2019\\\/08\\\/05\\\/o-bng-de-mos-solicita-a-limpeza-e-desinfeccion-dos-colectores-do-lixo\\\/\",\"url\":\"https:\\\/\\\/www.anovapeneira.gal\\\/index.php\\\/2019\\\/08\\\/05\\\/o-bng-de-mos-solicita-a-limpeza-e-desinfeccion-dos-colectores-do-lixo\\\/\",\"name\":\"O BNG de Mos solicita a limpeza e desinfecci\u00f3n dos colectores do lixo -\",\"isPartOf\":{\"@id\":\"https:\\\/\\\/www.anovapeneira.gal\\\/#website\"},\"primaryImageOfPage\":{\"@id\":\"https:\\\/\\\/www.anovapeneira.gal\\\/index.php\\\/2019\\\/08\\\/05\\\/o-bng-de-mos-solicita-a-limpeza-e-desinfeccion-dos-colectores-do-lixo\\\/#primaryimage\"},\"image\":{\"@id\":\"https:\\\/\\\/www.anovapeneira.gal\\\/index.php\\\/2019\\\/08\\\/05\\\/o-bng-de-mos-solicita-a-limpeza-e-desinfeccion-dos-colectores-do-lixo\\\/#primaryimage\"},\"thumbnailUrl\":\"https:\\\/\\\/www.anovapeneira.gal\\\/wp-content\\\/uploads\\\/2019\\\/08\\\/servizo_limpeza_mos_a_nova_peneira.jpg\",\"datePublished\":\"2019-08-05T08:00:21+00:00\",\"breadcrumb\":{\"@id\":\"https:\\\/\\\/www.anovapeneira.gal\\\/index.php\\\/2019\\\/08\\\/05\\\/o-bng-de-mos-solicita-a-limpeza-e-desinfeccion-dos-colectores-do-lixo\\\/#breadcrumb\"},\"inLanguage\":\"gl-ES\",\"potentialAction\":[{\"@type\":\"ReadAction\",\"target\":[\"https:\\\/\\\/www.anovapeneira.gal\\\/index.php\\\/2019\\\/08\\\/05\\\/o-bng-de-mos-solicita-a-limpeza-e-desinfeccion-dos-colectores-do-lixo\\\/\"]}]},{\"@type\":\"ImageObject\",\"inLanguage\":\"gl-ES\",\"@id\":\"https:\\\/\\\/www.anovapeneira.gal\\\/index.php\\\/2019\\\/08\\\/05\\\/o-bng-de-mos-solicita-a-limpeza-e-desinfeccion-dos-colectores-do-lixo\\\/#primaryimage\",\"url\":\"https:\\\/\\\/www.anovapeneira.gal\\\/wp-content\\\/uploads\\\/2019\\\/08\\\/servizo_limpeza_mos_a_nova_peneira.jpg\",\"contentUrl\":\"https:\\\/\\\/www.anovapeneira.gal\\\/wp-content\\\/uploads\\\/2019\\\/08\\\/servizo_limpeza_mos_a_nova_peneira.jpg\",\"width\":720,\"height\":473,\"caption\":\"Servizo limpeza Concello de Mos A Nova Peneira\"},{\"@type\":\"BreadcrumbList\",\"@id\":\"https:\\\/\\\/www.anovapeneira.gal\\\/index.php\\\/2019\\\/08\\\/05\\\/o-bng-de-mos-solicita-a-limpeza-e-desinfeccion-dos-colectores-do-lixo\\\/#breadcrumb\",\"itemListElement\":[{\"@type\":\"ListItem\",\"position\":1,\"name\":\"Portada\",\"item\":\"https:\\\/\\\/www.anovapeneira.gal\\\/\"},{\"@type\":\"ListItem\",\"position\":2,\"name\":\"O BNG de Mos solicita a limpeza e desinfecci\u00f3n dos colectores do lixo\"}]},{\"@type\":\"WebSite\",\"@id\":\"https:\\\/\\\/www.anovapeneira.gal\\\/#website\",\"url\":\"https:\\\/\\\/www.anovapeneira.gal\\\/\",\"name\":\"\",\"description\":\"Xornal galego de informaci\u00f3n xeral Publicaci\u00f3n mensual de novas de Galicia e en especial dos Concellos da sur da provincia de Pontevedra.\",\"publisher\":{\"@id\":\"https:\\\/\\\/www.anovapeneira.gal\\\/#organization\"},\"potentialAction\":[{\"@type\":\"SearchAction\",\"target\":{\"@type\":\"EntryPoint\",\"urlTemplate\":\"https:\\\/\\\/www.anovapeneira.gal\\\/?s={search_term_string}\"},\"query-input\":{\"@type\":\"PropertyValueSpecification\",\"valueRequired\":true,\"valueName\":\"search_term_string\"}}],\"inLanguage\":\"gl-ES\"},{\"@type\":\"Organization\",\"@id\":\"https:\\\/\\\/www.anovapeneira.gal\\\/#organization\",\"name\":\"A Nova Peneira\",\"url\":\"https:\\\/\\\/www.anovapeneira.gal\\\/\",\"logo\":{\"@type\":\"ImageObject\",\"inLanguage\":\"gl-ES\",\"@id\":\"https:\\\/\\\/www.anovapeneira.gal\\\/#\\\/schema\\\/logo\\\/image\\\/\",\"url\":\"http:\\\/\\\/www.anovapeneira.gal\\\/wp-content\\\/uploads\\\/2019\\\/06\\\/logo_a_nova_peneira_portal_web.png\",\"contentUrl\":\"http:\\\/\\\/www.anovapeneira.gal\\\/wp-content\\\/uploads\\\/2019\\\/06\\\/logo_a_nova_peneira_portal_web.png\",\"width\":300,\"height\":100,\"caption\":\"A Nova Peneira\"},\"image\":{\"@id\":\"https:\\\/\\\/www.anovapeneira.gal\\\/#\\\/schema\\\/logo\\\/image\\\/\"},\"sameAs\":[\"https:\\\/\\\/www.facebook.com\\\/anovapeneira\",\"https:\\\/\\\/x.com\\\/APeneira\"]},{\"@type\":\"Person\",\"@id\":\"https:\\\/\\\/www.anovapeneira.gal\\\/#\\\/schema\\\/person\\\/b93e3f8932e3f8da96334607eb6ac6aa\",\"name\":\"Redacci\u00f3n A Nova Peneira\",\"image\":{\"@type\":\"ImageObject\",\"inLanguage\":\"gl-ES\",\"@id\":\"https:\\\/\\\/secure.gravatar.com\\\/avatar\\\/c052a2551a06e23fac63626232eaa90abd78dbcf1700fc46a2b2c89fd27b735f?s=96&d=mm&r=g\",\"url\":\"https:\\\/\\\/secure.gravatar.com\\\/avatar\\\/c052a2551a06e23fac63626232eaa90abd78dbcf1700fc46a2b2c89fd27b735f?s=96&d=mm&r=g\",\"contentUrl\":\"https:\\\/\\\/secure.gravatar.com\\\/avatar\\\/c052a2551a06e23fac63626232eaa90abd78dbcf1700fc46a2b2c89fd27b735f?s=96&d=mm&r=g\",\"caption\":\"Redacci\u00f3n A Nova Peneira\"},\"sameAs\":[\"http:\\\/\\\/www.anovapeneira.gal\\\/\"],\"url\":\"https:\\\/\\\/www.anovapeneira.gal\\\/index.php\\\/author\\\/redactor\\\/\"}]}<\/script>\n<!-- \/ Yoast SEO plugin. -->","yoast_head_json":{"title":"O BNG de Mos solicita a limpeza e desinfecci\u00f3n dos colectores do lixo -","robots":{"index":"index","follow":"follow","max-snippet":"max-snippet:-1","max-image-preview":"max-image-preview:large","max-video-preview":"max-video-preview:-1"},"canonical":"https:\/\/www.anovapeneira.gal\/index.php\/2019\/08\/05\/o-bng-de-mos-solicita-a-limpeza-e-desinfeccion-dos-colectores-do-lixo\/","og_locale":"gl_ES","og_type":"article","og_title":"O BNG de Mos solicita a limpeza e desinfecci\u00f3n dos colectores do lixo -","og_description":"Xa foron identificados varios ni\u00f1os de avespas baixo as pestanas dos contedores e algunhas persoas sufriron picaduras Gustavo Barcia lamenta a existencia de verteduras incontroladas en distintos puntosdo termo municipal [...]","og_url":"https:\/\/www.anovapeneira.gal\/index.php\/2019\/08\/05\/o-bng-de-mos-solicita-a-limpeza-e-desinfeccion-dos-colectores-do-lixo\/","article_publisher":"https:\/\/www.facebook.com\/anovapeneira","article_published_time":"2019-08-05T08:00:21+00:00","og_image":[{"width":720,"height":473,"url":"https:\/\/www.anovapeneira.gal\/wp-content\/uploads\/2019\/08\/servizo_limpeza_mos_a_nova_peneira.jpg","type":"image\/jpeg"}],"author":"Redacci\u00f3n A Nova Peneira","twitter_card":"summary_large_image","twitter_creator":"@APeneira","twitter_site":"@APeneira","twitter_misc":{"Escrito por":"Redacci\u00f3n A Nova Peneira","Tempo de lectura":"1 minuto"},"schema":{"@context":"https:\/\/schema.org","@graph":[{"@type":"Article","@id":"https:\/\/www.anovapeneira.gal\/index.php\/2019\/08\/05\/o-bng-de-mos-solicita-a-limpeza-e-desinfeccion-dos-colectores-do-lixo\/#article","isPartOf":{"@id":"https:\/\/www.anovapeneira.gal\/index.php\/2019\/08\/05\/o-bng-de-mos-solicita-a-limpeza-e-desinfeccion-dos-colectores-do-lixo\/"},"author":{"name":"Redacci\u00f3n A Nova Peneira","@id":"https:\/\/www.anovapeneira.gal\/#\/schema\/person\/b93e3f8932e3f8da96334607eb6ac6aa"},"headline":"O BNG de Mos solicita a limpeza e desinfecci\u00f3n dos colectores do lixo","datePublished":"2019-08-05T08:00:21+00:00","mainEntityOfPage":{"@id":"https:\/\/www.anovapeneira.gal\/index.php\/2019\/08\/05\/o-bng-de-mos-solicita-a-limpeza-e-desinfeccion-dos-colectores-do-lixo\/"},"wordCount":294,"commentCount":0,"publisher":{"@id":"https:\/\/www.anovapeneira.gal\/#organization"},"image":{"@id":"https:\/\/www.anovapeneira.gal\/index.php\/2019\/08\/05\/o-bng-de-mos-solicita-a-limpeza-e-desinfeccion-dos-colectores-do-lixo\/#primaryimage"},"thumbnailUrl":"https:\/\/www.anovapeneira.gal\/wp-content\/uploads\/2019\/08\/servizo_limpeza_mos_a_nova_peneira.jpg","keywords":["BNG de Mos","Concello de Mos","Lixo","Tratamento de residuos"],"articleSection":["A Louri\u00f1a"],"inLanguage":"gl-ES","potentialAction":[{"@type":"CommentAction","name":"Comment","target":["https:\/\/www.anovapeneira.gal\/index.php\/2019\/08\/05\/o-bng-de-mos-solicita-a-limpeza-e-desinfeccion-dos-colectores-do-lixo\/#respond"]}]},{"@type":"WebPage","@id":"https:\/\/www.anovapeneira.gal\/index.php\/2019\/08\/05\/o-bng-de-mos-solicita-a-limpeza-e-desinfeccion-dos-colectores-do-lixo\/","url":"https:\/\/www.anovapeneira.gal\/index.php\/2019\/08\/05\/o-bng-de-mos-solicita-a-limpeza-e-desinfeccion-dos-colectores-do-lixo\/","name":"O BNG de Mos solicita a limpeza e desinfecci\u00f3n dos colectores do lixo -","isPartOf":{"@id":"https:\/\/www.anovapeneira.gal\/#website"},"primaryImageOfPage":{"@id":"https:\/\/www.anovapeneira.gal\/index.php\/2019\/08\/05\/o-bng-de-mos-solicita-a-limpeza-e-desinfeccion-dos-colectores-do-lixo\/#primaryimage"},"image":{"@id":"https:\/\/www.anovapeneira.gal\/index.php\/2019\/08\/05\/o-bng-de-mos-solicita-a-limpeza-e-desinfeccion-dos-colectores-do-lixo\/#primaryimage"},"thumbnailUrl":"https:\/\/www.anovapeneira.gal\/wp-content\/uploads\/2019\/08\/servizo_limpeza_mos_a_nova_peneira.jpg","datePublished":"2019-08-05T08:00:21+00:00","breadcrumb":{"@id":"https:\/\/www.anovapeneira.gal\/index.php\/2019\/08\/05\/o-bng-de-mos-solicita-a-limpeza-e-desinfeccion-dos-colectores-do-lixo\/#breadcrumb"},"inLanguage":"gl-ES","potentialAction":[{"@type":"ReadAction","target":["https:\/\/www.anovapeneira.gal\/index.php\/2019\/08\/05\/o-bng-de-mos-solicita-a-limpeza-e-desinfeccion-dos-colectores-do-lixo\/"]}]},{"@type":"ImageObject","inLanguage":"gl-ES","@id":"https:\/\/www.anovapeneira.gal\/index.php\/2019\/08\/05\/o-bng-de-mos-solicita-a-limpeza-e-desinfeccion-dos-colectores-do-lixo\/#primaryimage","url":"https:\/\/www.anovapeneira.gal\/wp-content\/uploads\/2019\/08\/servizo_limpeza_mos_a_nova_peneira.jpg","contentUrl":"https:\/\/www.anovapeneira.gal\/wp-content\/uploads\/2019\/08\/servizo_limpeza_mos_a_nova_peneira.jpg","width":720,"height":473,"caption":"Servizo limpeza Concello de Mos A Nova Peneira"},{"@type":"BreadcrumbList","@id":"https:\/\/www.anovapeneira.gal\/index.php\/2019\/08\/05\/o-bng-de-mos-solicita-a-limpeza-e-desinfeccion-dos-colectores-do-lixo\/#breadcrumb","itemListElement":[{"@type":"ListItem","position":1,"name":"Portada","item":"https:\/\/www.anovapeneira.gal\/"},{"@type":"ListItem","position":2,"name":"O BNG de Mos solicita a limpeza e desinfecci\u00f3n dos colectores do lixo"}]},{"@type":"WebSite","@id":"https:\/\/www.anovapeneira.gal\/#website","url":"https:\/\/www.anovapeneira.gal\/","name":"","description":"Xornal galego de informaci\u00f3n xeral Publicaci\u00f3n mensual de novas de Galicia e en especial dos Concellos da sur da provincia de Pontevedra.","publisher":{"@id":"https:\/\/www.anovapeneira.gal\/#organization"},"potentialAction":[{"@type":"SearchAction","target":{"@type":"EntryPoint","urlTemplate":"https:\/\/www.anovapeneira.gal\/?s={search_term_string}"},"query-input":{"@type":"PropertyValueSpecification","valueRequired":true,"valueName":"search_term_string"}}],"inLanguage":"gl-ES"},{"@type":"Organization","@id":"https:\/\/www.anovapeneira.gal\/#organization","name":"A Nova Peneira","url":"https:\/\/www.anovapeneira.gal\/","logo":{"@type":"ImageObject","inLanguage":"gl-ES","@id":"https:\/\/www.anovapeneira.gal\/#\/schema\/logo\/image\/","url":"http:\/\/www.anovapeneira.gal\/wp-content\/uploads\/2019\/06\/logo_a_nova_peneira_portal_web.png","contentUrl":"http:\/\/www.anovapeneira.gal\/wp-content\/uploads\/2019\/06\/logo_a_nova_peneira_portal_web.png","width":300,"height":100,"caption":"A Nova Peneira"},"image":{"@id":"https:\/\/www.anovapeneira.gal\/#\/schema\/logo\/image\/"},"sameAs":["https:\/\/www.facebook.com\/anovapeneira","https:\/\/x.com\/APeneira"]},{"@type":"Person","@id":"https:\/\/www.anovapeneira.gal\/#\/schema\/person\/b93e3f8932e3f8da96334607eb6ac6aa","name":"Redacci\u00f3n A Nova Peneira","image":{"@type":"ImageObject","inLanguage":"gl-ES","@id":"https:\/\/secure.gravatar.com\/avatar\/c052a2551a06e23fac63626232eaa90abd78dbcf1700fc46a2b2c89fd27b735f?s=96&d=mm&r=g","url":"https:\/\/secure.gravatar.com\/avatar\/c052a2551a06e23fac63626232eaa90abd78dbcf1700fc46a2b2c89fd27b735f?s=96&d=mm&r=g","contentUrl":"https:\/\/secure.gravatar.com\/avatar\/c052a2551a06e23fac63626232eaa90abd78dbcf1700fc46a2b2c89fd27b735f?s=96&d=mm&r=g","caption":"Redacci\u00f3n A Nova Peneira"},"sameAs":["http:\/\/www.anovapeneira.gal\/"],"url":"https:\/\/www.anovapeneira.gal\/index.php\/author\/redactor\/"}]}},"jetpack_featured_media_url":"https:\/\/www.anovapeneira.gal\/wp-content\/uploads\/2019\/08\/servizo_limpeza_mos_a_nova_peneira.jpg","_links":{"self":[{"href":"https:\/\/www.anovapeneira.gal\/index.php\/wp-json\/wp\/v2\/posts\/816","targetHints":{"allow":["GET"]}}],"collection":[{"href":"https:\/\/www.anovapeneira.gal\/index.php\/wp-json\/wp\/v2\/posts"}],"about":[{"href":"https:\/\/www.anovapeneira.gal\/index.php\/wp-json\/wp\/v2\/types\/post"}],"author":[{"embeddable":true,"href":"https:\/\/www.anovapeneira.gal\/index.php\/wp-json\/wp\/v2\/users\/3"}],"replies":[{"embeddable":true,"href":"https:\/\/www.anovapeneira.gal\/index.php\/wp-json\/wp\/v2\/comments?post=816"}],"version-history":[{"count":1,"href":"https:\/\/www.anovapeneira.gal\/index.php\/wp-json\/wp\/v2\/posts\/816\/revisions"}],"predecessor-version":[{"id":818,"href":"https:\/\/www.anovapeneira.gal\/index.php\/wp-json\/wp\/v2\/posts\/816\/revisions\/818"}],"wp:featuredmedia":[{"embeddable":true,"href":"https:\/\/www.anovapeneira.gal\/index.php\/wp-json\/wp\/v2\/media\/817"}],"wp:attachment":[{"href":"https:\/\/www.anovapeneira.gal\/index.php\/wp-json\/wp\/v2\/media?parent=816"}],"wp:term":[{"taxonomy":"category","embeddable":true,"href":"https:\/\/www.anovapeneira.gal\/index.php\/wp-json\/wp\/v2\/categories?post=816"},{"taxonomy":"post_tag","embeddable":true,"href":"https:\/\/www.anovapeneira.gal\/index.php\/wp-json\/wp\/v2\/tags?post=816"}],"curies":[{"name":"wp","href":"https:\/\/api.w.org\/{rel}","templated":true}]}}