{"id":8164,"date":"2022-09-20T12:00:57","date_gmt":"2022-09-20T10:00:57","guid":{"rendered":"https:\/\/www.anovapeneira.gal\/?p=8164"},"modified":"2022-09-16T09:56:12","modified_gmt":"2022-09-16T07:56:12","slug":"o-bng-propon-un-pacto-galego-pola-auga-que-veta-un-pp-negacionista-da-realidade-e-dos-grandes-acordos-de-pais","status":"publish","type":"post","link":"https:\/\/www.anovapeneira.gal\/index.php\/2022\/09\/20\/o-bng-propon-un-pacto-galego-pola-auga-que-veta-un-pp-negacionista-da-realidade-e-dos-grandes-acordos-de-pais\/","title":{"rendered":"O BNG prop\u00f3n un Pacto Galego pola Auga que veta un PP \u201cnegacionista\u201d da realidade e dos grandes acordos de Pa\u00eds"},"content":{"rendered":"\n<h2 class=\"wp-block-heading\"><strong>Lu\u00eds Bar\u00e1 defende a urxencia de dar resposta \u00e1s consecuencias do cambio clim\u00e1tico das que, segundo advirte, \u201cs\u00f3 estamos vendo o principio\u201d<\/strong><\/h2>\n\n\n\n<p><strong>Santiago de Compostela, 14 setembro 2022<\/strong><\/p>\n\n\n\n<p>O BNG propuxo no Parlamento galego a elaboraci\u00f3n dun gran Pacto Galego pola Auga que permita afrontar o escenario tanto presente como futuro de cambio clim\u00e1tico, unha proposta que foi rexeitada por un PP que o portavoz nacionalista de Medio Ambiente, Lu\u00eds Bar\u00e1, considerou \u201cretratado\u201d: \u201cfronte a un BNG en construtivo, en positivo e a favor de chegar a acordos, temos a un PP en contra, situado na oposici\u00f3n e negacionista, da realidade e dun gran acordo de Pa\u00eds pola auga\u201d.<\/p>\n\n\n\n<p>Bar\u00e1 lamentou a negativa do PP a unha proposta que considerou chave para poder afrontar un problema \u201cque non \u00e9 conxuntural, sen\u00f3n estrutural, que veu para quedarse e do que s\u00f3 estamos no principio\u201d e diante do que, segundo recalcou, a estratexia da Xunta est\u00e1 sendo \u201creactiva, parcial e unilateral\u201d.<\/p>\n\n\n\n<p>Neste sentido, exemplificou coa recentemente aprobada Lei do Ciclo da Auga que, segundo dixo, parte dunha visi\u00f3n limitada da pol\u00edtica da auga, reduc\u00edndoa ao ciclo urbano de abastecemento, subministro e depuraci\u00f3n, e exclu\u00edndo da planificaci\u00f3n hidrol\u00f3xica ao 60% do territorio (fundamentalmente grande parte das provincias de Ourense e Lugo e o sur da de Pontevedra). Ademais, o deputado nacionalista referiuse \u00e1 nova norma como a \u201cLei do Sablazo da Auga\u201d xa que ten como \u201cmedida estrela\u201d subirlle a auga aos galegos e galegas \u201cna maior crise de prezos dos \u00faltimos 40 anos\u201d.<\/p>\n\n\n\n<p>Fronte a un modelo e unhas pol\u00edticas que definiu \u201cdo s\u00e9culo pasado\u201d, Bar\u00e1 defendeu a urxencia de desenvolver un novo modelo baseado na nova cultura da auga: \u201ca pol\u00edtica da auga non pode ser sectorial, ten que ser unha pol\u00edtica integral e transversal, vinculada \u00e1s pol\u00edticas ambientais e a todas as sectoriais, como a foresta, a industrial, a agrogandeira, a do ordenaci\u00f3n do territorio e, sobre todo, \u00e1 da biodiversidade, a da protecci\u00f3n do medio ambiente e dos recursos h\u00eddricos que est\u00e1n constantemente sendo ameazados e destru\u00eddos por pol\u00edticas ecocidas promovidas pola Xunta\u201d, afondou.<\/p>\n\n\n\n<p>As\u00ed pois, a proposta defendida polo BNG para desenvolver un amplo proceso de participaci\u00f3n social e institucional que permita aprobar o Pacto Galego pola Auga a mediados de 2023, parte deste enfoque integral e da necesaria preservaci\u00f3n e conservaci\u00f3n dos recursos h\u00eddricos e da biodiversidade, con especial atenci\u00f3n aos humidais e masas de auga continentais.<\/p>\n\n\n\n<p>De igual xeito e entre outras cuesti\u00f3ns, recolle a an\u00e1lise dos recursos e dos escenarios de evoluci\u00f3n da demanda a medio e longo prazo, tanto para actividades econ\u00f3micas como para o consumo humano, e a consecuente fixaci\u00f3n de prioridades. Ademais de medidas de planificaci\u00f3n e xesti\u00f3n relacionadas coas actividades econ\u00f3micas e co ciclo urbano da auga, a proposta nacionalista apunta medidas orzamentarias para garantir os investimentos necesarios coa participaci\u00f3n dos diferentes niveis da Administraci\u00f3n, as\u00ed como un pacto local para definir unha estrutura tarifaria e criterios sobre os investimentos en infraestruturas hidr\u00e1ulicas ou o desenvolvemento dunha nova gobernanza da auga, coa creaci\u00f3n do consello galego e dos consellos territoriais para o seu uso sustent\u00e1be<\/p>\n","protected":false},"excerpt":{"rendered":"<div class=\"mh-excerpt\"><p>Lu\u00eds Bar\u00e1 defende a urxencia de dar resposta \u00e1s consecuencias do cambio clim\u00e1tico das que, segundo advirte, \u201cs\u00f3 estamos vendo o principio\u201d Santiago de Compostela, 14 setembro 2022 O BNG propuxo no Parlamento galego a <a class=\"mh-excerpt-more\" href=\"https:\/\/www.anovapeneira.gal\/index.php\/2022\/09\/20\/o-bng-propon-un-pacto-galego-pola-auga-que-veta-un-pp-negacionista-da-realidade-e-dos-grandes-acordos-de-pais\/\" title=\"O BNG prop\u00f3n un Pacto Galego pola Auga que veta un PP \u201cnegacionista\u201d da realidade e dos grandes acordos de Pa\u00eds\">[&#8230;]<\/a><\/p>\n<\/div>","protected":false},"author":3,"featured_media":8165,"comment_status":"open","ping_status":"open","sticky":false,"template":"","format":"standard","meta":{"_exactmetrics_skip_tracking":false,"_exactmetrics_sitenote_active":false,"_exactmetrics_sitenote_note":"","_exactmetrics_sitenote_category":0,"footnotes":""},"categories":[263],"tags":[10,372],"class_list":{"0":"post-8164","1":"post","2":"type-post","3":"status-publish","4":"format-standard","5":"has-post-thumbnail","7":"category-novas","8":"tag-bng","9":"tag-luis-bara"},"yoast_head":"<!-- This site is optimized with the Yoast SEO plugin v27.4 - https:\/\/yoast.com\/product\/yoast-seo-wordpress\/ -->\n<title>O BNG prop\u00f3n un Pacto Galego pola Auga que veta un PP \u201cnegacionista\u201d da realidade e dos grandes acordos de Pa\u00eds -<\/title>\n<meta name=\"description\" content=\"Lu\u00eds Bar\u00e1 defende a urxencia de dar resposta \u00e1s consecuencias do cambio clim\u00e1tico das que, segundo advirte, \u201cs\u00f3 estamos vendo o principio\u201d\" \/>\n<meta name=\"robots\" content=\"index, follow, max-snippet:-1, max-image-preview:large, max-video-preview:-1\" \/>\n<link rel=\"canonical\" href=\"https:\/\/www.anovapeneira.gal\/index.php\/2022\/09\/20\/o-bng-propon-un-pacto-galego-pola-auga-que-veta-un-pp-negacionista-da-realidade-e-dos-grandes-acordos-de-pais\/\" \/>\n<meta property=\"og:locale\" content=\"gl_ES\" \/>\n<meta property=\"og:type\" content=\"article\" \/>\n<meta property=\"og:title\" content=\"O BNG prop\u00f3n un Pacto Galego pola Auga que veta un PP \u201cnegacionista\u201d da realidade e dos grandes acordos de Pa\u00eds -\" \/>\n<meta property=\"og:description\" content=\"Lu\u00eds Bar\u00e1 defende a urxencia de dar resposta \u00e1s consecuencias do cambio clim\u00e1tico das que, segundo advirte, \u201cs\u00f3 estamos vendo o principio\u201d\" \/>\n<meta property=\"og:url\" content=\"https:\/\/www.anovapeneira.gal\/index.php\/2022\/09\/20\/o-bng-propon-un-pacto-galego-pola-auga-que-veta-un-pp-negacionista-da-realidade-e-dos-grandes-acordos-de-pais\/\" \/>\n<meta property=\"article:publisher\" content=\"https:\/\/www.facebook.com\/anovapeneira\" \/>\n<meta property=\"article:published_time\" content=\"2022-09-20T10:00:57+00:00\" \/>\n<meta property=\"og:image\" content=\"https:\/\/www.anovapeneira.gal\/wp-content\/uploads\/2022\/09\/foto-Lui\u0301s-Bara\u0301.jpg\" \/>\n\t<meta property=\"og:image:width\" content=\"720\" \/>\n\t<meta property=\"og:image:height\" content=\"432\" \/>\n\t<meta property=\"og:image:type\" content=\"image\/jpeg\" \/>\n<meta name=\"author\" content=\"Redacci\u00f3n A Nova Peneira\" \/>\n<meta name=\"twitter:card\" content=\"summary_large_image\" \/>\n<meta name=\"twitter:creator\" content=\"@APeneira\" \/>\n<meta name=\"twitter:site\" content=\"@APeneira\" \/>\n<meta name=\"twitter:label1\" content=\"Escrito por\" \/>\n\t<meta name=\"twitter:data1\" content=\"Redacci\u00f3n A Nova Peneira\" \/>\n\t<meta name=\"twitter:label2\" content=\"Tempo de lectura\" \/>\n\t<meta name=\"twitter:data2\" content=\"3 minutos\" \/>\n<script type=\"application\/ld+json\" class=\"yoast-schema-graph\">{\"@context\":\"https:\\\/\\\/schema.org\",\"@graph\":[{\"@type\":\"Article\",\"@id\":\"https:\\\/\\\/www.anovapeneira.gal\\\/index.php\\\/2022\\\/09\\\/20\\\/o-bng-propon-un-pacto-galego-pola-auga-que-veta-un-pp-negacionista-da-realidade-e-dos-grandes-acordos-de-pais\\\/#article\",\"isPartOf\":{\"@id\":\"https:\\\/\\\/www.anovapeneira.gal\\\/index.php\\\/2022\\\/09\\\/20\\\/o-bng-propon-un-pacto-galego-pola-auga-que-veta-un-pp-negacionista-da-realidade-e-dos-grandes-acordos-de-pais\\\/\"},\"author\":{\"name\":\"Redacci\u00f3n A Nova Peneira\",\"@id\":\"https:\\\/\\\/www.anovapeneira.gal\\\/#\\\/schema\\\/person\\\/b93e3f8932e3f8da96334607eb6ac6aa\"},\"headline\":\"O BNG prop\u00f3n un Pacto Galego pola Auga que veta un PP \u201cnegacionista\u201d da realidade e dos grandes acordos de Pa\u00eds\",\"datePublished\":\"2022-09-20T10:00:57+00:00\",\"mainEntityOfPage\":{\"@id\":\"https:\\\/\\\/www.anovapeneira.gal\\\/index.php\\\/2022\\\/09\\\/20\\\/o-bng-propon-un-pacto-galego-pola-auga-que-veta-un-pp-negacionista-da-realidade-e-dos-grandes-acordos-de-pais\\\/\"},\"wordCount\":573,\"commentCount\":0,\"publisher\":{\"@id\":\"https:\\\/\\\/www.anovapeneira.gal\\\/#organization\"},\"image\":{\"@id\":\"https:\\\/\\\/www.anovapeneira.gal\\\/index.php\\\/2022\\\/09\\\/20\\\/o-bng-propon-un-pacto-galego-pola-auga-que-veta-un-pp-negacionista-da-realidade-e-dos-grandes-acordos-de-pais\\\/#primaryimage\"},\"thumbnailUrl\":\"https:\\\/\\\/www.anovapeneira.gal\\\/wp-content\\\/uploads\\\/2022\\\/09\\\/foto-Lui\u0301s-Bara\u0301.jpg\",\"keywords\":[\"BNG\",\"Lu\u00eds Bar\u00e1\"],\"articleSection\":[\"Novas\"],\"inLanguage\":\"gl-ES\",\"potentialAction\":[{\"@type\":\"CommentAction\",\"name\":\"Comment\",\"target\":[\"https:\\\/\\\/www.anovapeneira.gal\\\/index.php\\\/2022\\\/09\\\/20\\\/o-bng-propon-un-pacto-galego-pola-auga-que-veta-un-pp-negacionista-da-realidade-e-dos-grandes-acordos-de-pais\\\/#respond\"]}]},{\"@type\":\"WebPage\",\"@id\":\"https:\\\/\\\/www.anovapeneira.gal\\\/index.php\\\/2022\\\/09\\\/20\\\/o-bng-propon-un-pacto-galego-pola-auga-que-veta-un-pp-negacionista-da-realidade-e-dos-grandes-acordos-de-pais\\\/\",\"url\":\"https:\\\/\\\/www.anovapeneira.gal\\\/index.php\\\/2022\\\/09\\\/20\\\/o-bng-propon-un-pacto-galego-pola-auga-que-veta-un-pp-negacionista-da-realidade-e-dos-grandes-acordos-de-pais\\\/\",\"name\":\"O BNG prop\u00f3n un Pacto Galego pola Auga que veta un PP \u201cnegacionista\u201d da realidade e dos grandes acordos de Pa\u00eds -\",\"isPartOf\":{\"@id\":\"https:\\\/\\\/www.anovapeneira.gal\\\/#website\"},\"primaryImageOfPage\":{\"@id\":\"https:\\\/\\\/www.anovapeneira.gal\\\/index.php\\\/2022\\\/09\\\/20\\\/o-bng-propon-un-pacto-galego-pola-auga-que-veta-un-pp-negacionista-da-realidade-e-dos-grandes-acordos-de-pais\\\/#primaryimage\"},\"image\":{\"@id\":\"https:\\\/\\\/www.anovapeneira.gal\\\/index.php\\\/2022\\\/09\\\/20\\\/o-bng-propon-un-pacto-galego-pola-auga-que-veta-un-pp-negacionista-da-realidade-e-dos-grandes-acordos-de-pais\\\/#primaryimage\"},\"thumbnailUrl\":\"https:\\\/\\\/www.anovapeneira.gal\\\/wp-content\\\/uploads\\\/2022\\\/09\\\/foto-Lui\u0301s-Bara\u0301.jpg\",\"datePublished\":\"2022-09-20T10:00:57+00:00\",\"description\":\"Lu\u00eds Bar\u00e1 defende a urxencia de dar resposta \u00e1s consecuencias do cambio clim\u00e1tico das que, segundo advirte, \u201cs\u00f3 estamos vendo o principio\u201d\",\"breadcrumb\":{\"@id\":\"https:\\\/\\\/www.anovapeneira.gal\\\/index.php\\\/2022\\\/09\\\/20\\\/o-bng-propon-un-pacto-galego-pola-auga-que-veta-un-pp-negacionista-da-realidade-e-dos-grandes-acordos-de-pais\\\/#breadcrumb\"},\"inLanguage\":\"gl-ES\",\"potentialAction\":[{\"@type\":\"ReadAction\",\"target\":[\"https:\\\/\\\/www.anovapeneira.gal\\\/index.php\\\/2022\\\/09\\\/20\\\/o-bng-propon-un-pacto-galego-pola-auga-que-veta-un-pp-negacionista-da-realidade-e-dos-grandes-acordos-de-pais\\\/\"]}]},{\"@type\":\"ImageObject\",\"inLanguage\":\"gl-ES\",\"@id\":\"https:\\\/\\\/www.anovapeneira.gal\\\/index.php\\\/2022\\\/09\\\/20\\\/o-bng-propon-un-pacto-galego-pola-auga-que-veta-un-pp-negacionista-da-realidade-e-dos-grandes-acordos-de-pais\\\/#primaryimage\",\"url\":\"https:\\\/\\\/www.anovapeneira.gal\\\/wp-content\\\/uploads\\\/2022\\\/09\\\/foto-Lui\u0301s-Bara\u0301.jpg\",\"contentUrl\":\"https:\\\/\\\/www.anovapeneira.gal\\\/wp-content\\\/uploads\\\/2022\\\/09\\\/foto-Lui\u0301s-Bara\u0301.jpg\",\"width\":720,\"height\":432,\"caption\":\"Lu\u00eds Bar\u00e1\"},{\"@type\":\"BreadcrumbList\",\"@id\":\"https:\\\/\\\/www.anovapeneira.gal\\\/index.php\\\/2022\\\/09\\\/20\\\/o-bng-propon-un-pacto-galego-pola-auga-que-veta-un-pp-negacionista-da-realidade-e-dos-grandes-acordos-de-pais\\\/#breadcrumb\",\"itemListElement\":[{\"@type\":\"ListItem\",\"position\":1,\"name\":\"Portada\",\"item\":\"https:\\\/\\\/www.anovapeneira.gal\\\/\"},{\"@type\":\"ListItem\",\"position\":2,\"name\":\"O BNG prop\u00f3n un Pacto Galego pola Auga que veta un PP \u201cnegacionista\u201d da realidade e dos grandes acordos de Pa\u00eds\"}]},{\"@type\":\"WebSite\",\"@id\":\"https:\\\/\\\/www.anovapeneira.gal\\\/#website\",\"url\":\"https:\\\/\\\/www.anovapeneira.gal\\\/\",\"name\":\"\",\"description\":\"Xornal galego de informaci\u00f3n xeral Publicaci\u00f3n mensual de novas de Galicia e en especial dos Concellos da sur da provincia de Pontevedra.\",\"publisher\":{\"@id\":\"https:\\\/\\\/www.anovapeneira.gal\\\/#organization\"},\"potentialAction\":[{\"@type\":\"SearchAction\",\"target\":{\"@type\":\"EntryPoint\",\"urlTemplate\":\"https:\\\/\\\/www.anovapeneira.gal\\\/?s={search_term_string}\"},\"query-input\":{\"@type\":\"PropertyValueSpecification\",\"valueRequired\":true,\"valueName\":\"search_term_string\"}}],\"inLanguage\":\"gl-ES\"},{\"@type\":\"Organization\",\"@id\":\"https:\\\/\\\/www.anovapeneira.gal\\\/#organization\",\"name\":\"A Nova Peneira\",\"url\":\"https:\\\/\\\/www.anovapeneira.gal\\\/\",\"logo\":{\"@type\":\"ImageObject\",\"inLanguage\":\"gl-ES\",\"@id\":\"https:\\\/\\\/www.anovapeneira.gal\\\/#\\\/schema\\\/logo\\\/image\\\/\",\"url\":\"http:\\\/\\\/www.anovapeneira.gal\\\/wp-content\\\/uploads\\\/2019\\\/06\\\/logo_a_nova_peneira_portal_web.png\",\"contentUrl\":\"http:\\\/\\\/www.anovapeneira.gal\\\/wp-content\\\/uploads\\\/2019\\\/06\\\/logo_a_nova_peneira_portal_web.png\",\"width\":300,\"height\":100,\"caption\":\"A Nova Peneira\"},\"image\":{\"@id\":\"https:\\\/\\\/www.anovapeneira.gal\\\/#\\\/schema\\\/logo\\\/image\\\/\"},\"sameAs\":[\"https:\\\/\\\/www.facebook.com\\\/anovapeneira\",\"https:\\\/\\\/x.com\\\/APeneira\"]},{\"@type\":\"Person\",\"@id\":\"https:\\\/\\\/www.anovapeneira.gal\\\/#\\\/schema\\\/person\\\/b93e3f8932e3f8da96334607eb6ac6aa\",\"name\":\"Redacci\u00f3n A Nova Peneira\",\"image\":{\"@type\":\"ImageObject\",\"inLanguage\":\"gl-ES\",\"@id\":\"https:\\\/\\\/secure.gravatar.com\\\/avatar\\\/c052a2551a06e23fac63626232eaa90abd78dbcf1700fc46a2b2c89fd27b735f?s=96&d=mm&r=g\",\"url\":\"https:\\\/\\\/secure.gravatar.com\\\/avatar\\\/c052a2551a06e23fac63626232eaa90abd78dbcf1700fc46a2b2c89fd27b735f?s=96&d=mm&r=g\",\"contentUrl\":\"https:\\\/\\\/secure.gravatar.com\\\/avatar\\\/c052a2551a06e23fac63626232eaa90abd78dbcf1700fc46a2b2c89fd27b735f?s=96&d=mm&r=g\",\"caption\":\"Redacci\u00f3n A Nova Peneira\"},\"sameAs\":[\"http:\\\/\\\/www.anovapeneira.gal\\\/\"],\"url\":\"https:\\\/\\\/www.anovapeneira.gal\\\/index.php\\\/author\\\/redactor\\\/\"}]}<\/script>\n<!-- \/ Yoast SEO plugin. -->","yoast_head_json":{"title":"O BNG prop\u00f3n un Pacto Galego pola Auga que veta un PP \u201cnegacionista\u201d da realidade e dos grandes acordos de Pa\u00eds -","description":"Lu\u00eds Bar\u00e1 defende a urxencia de dar resposta \u00e1s consecuencias do cambio clim\u00e1tico das que, segundo advirte, \u201cs\u00f3 estamos vendo o principio\u201d","robots":{"index":"index","follow":"follow","max-snippet":"max-snippet:-1","max-image-preview":"max-image-preview:large","max-video-preview":"max-video-preview:-1"},"canonical":"https:\/\/www.anovapeneira.gal\/index.php\/2022\/09\/20\/o-bng-propon-un-pacto-galego-pola-auga-que-veta-un-pp-negacionista-da-realidade-e-dos-grandes-acordos-de-pais\/","og_locale":"gl_ES","og_type":"article","og_title":"O BNG prop\u00f3n un Pacto Galego pola Auga que veta un PP \u201cnegacionista\u201d da realidade e dos grandes acordos de Pa\u00eds -","og_description":"Lu\u00eds Bar\u00e1 defende a urxencia de dar resposta \u00e1s consecuencias do cambio clim\u00e1tico das que, segundo advirte, \u201cs\u00f3 estamos vendo o principio\u201d","og_url":"https:\/\/www.anovapeneira.gal\/index.php\/2022\/09\/20\/o-bng-propon-un-pacto-galego-pola-auga-que-veta-un-pp-negacionista-da-realidade-e-dos-grandes-acordos-de-pais\/","article_publisher":"https:\/\/www.facebook.com\/anovapeneira","article_published_time":"2022-09-20T10:00:57+00:00","og_image":[{"width":720,"height":432,"url":"https:\/\/www.anovapeneira.gal\/wp-content\/uploads\/2022\/09\/foto-Lui\u0301s-Bara\u0301.jpg","type":"image\/jpeg"}],"author":"Redacci\u00f3n A Nova Peneira","twitter_card":"summary_large_image","twitter_creator":"@APeneira","twitter_site":"@APeneira","twitter_misc":{"Escrito por":"Redacci\u00f3n A Nova Peneira","Tempo de lectura":"3 minutos"},"schema":{"@context":"https:\/\/schema.org","@graph":[{"@type":"Article","@id":"https:\/\/www.anovapeneira.gal\/index.php\/2022\/09\/20\/o-bng-propon-un-pacto-galego-pola-auga-que-veta-un-pp-negacionista-da-realidade-e-dos-grandes-acordos-de-pais\/#article","isPartOf":{"@id":"https:\/\/www.anovapeneira.gal\/index.php\/2022\/09\/20\/o-bng-propon-un-pacto-galego-pola-auga-que-veta-un-pp-negacionista-da-realidade-e-dos-grandes-acordos-de-pais\/"},"author":{"name":"Redacci\u00f3n A Nova Peneira","@id":"https:\/\/www.anovapeneira.gal\/#\/schema\/person\/b93e3f8932e3f8da96334607eb6ac6aa"},"headline":"O BNG prop\u00f3n un Pacto Galego pola Auga que veta un PP \u201cnegacionista\u201d da realidade e dos grandes acordos de Pa\u00eds","datePublished":"2022-09-20T10:00:57+00:00","mainEntityOfPage":{"@id":"https:\/\/www.anovapeneira.gal\/index.php\/2022\/09\/20\/o-bng-propon-un-pacto-galego-pola-auga-que-veta-un-pp-negacionista-da-realidade-e-dos-grandes-acordos-de-pais\/"},"wordCount":573,"commentCount":0,"publisher":{"@id":"https:\/\/www.anovapeneira.gal\/#organization"},"image":{"@id":"https:\/\/www.anovapeneira.gal\/index.php\/2022\/09\/20\/o-bng-propon-un-pacto-galego-pola-auga-que-veta-un-pp-negacionista-da-realidade-e-dos-grandes-acordos-de-pais\/#primaryimage"},"thumbnailUrl":"https:\/\/www.anovapeneira.gal\/wp-content\/uploads\/2022\/09\/foto-Lui\u0301s-Bara\u0301.jpg","keywords":["BNG","Lu\u00eds Bar\u00e1"],"articleSection":["Novas"],"inLanguage":"gl-ES","potentialAction":[{"@type":"CommentAction","name":"Comment","target":["https:\/\/www.anovapeneira.gal\/index.php\/2022\/09\/20\/o-bng-propon-un-pacto-galego-pola-auga-que-veta-un-pp-negacionista-da-realidade-e-dos-grandes-acordos-de-pais\/#respond"]}]},{"@type":"WebPage","@id":"https:\/\/www.anovapeneira.gal\/index.php\/2022\/09\/20\/o-bng-propon-un-pacto-galego-pola-auga-que-veta-un-pp-negacionista-da-realidade-e-dos-grandes-acordos-de-pais\/","url":"https:\/\/www.anovapeneira.gal\/index.php\/2022\/09\/20\/o-bng-propon-un-pacto-galego-pola-auga-que-veta-un-pp-negacionista-da-realidade-e-dos-grandes-acordos-de-pais\/","name":"O BNG prop\u00f3n un Pacto Galego pola Auga que veta un PP \u201cnegacionista\u201d da realidade e dos grandes acordos de Pa\u00eds -","isPartOf":{"@id":"https:\/\/www.anovapeneira.gal\/#website"},"primaryImageOfPage":{"@id":"https:\/\/www.anovapeneira.gal\/index.php\/2022\/09\/20\/o-bng-propon-un-pacto-galego-pola-auga-que-veta-un-pp-negacionista-da-realidade-e-dos-grandes-acordos-de-pais\/#primaryimage"},"image":{"@id":"https:\/\/www.anovapeneira.gal\/index.php\/2022\/09\/20\/o-bng-propon-un-pacto-galego-pola-auga-que-veta-un-pp-negacionista-da-realidade-e-dos-grandes-acordos-de-pais\/#primaryimage"},"thumbnailUrl":"https:\/\/www.anovapeneira.gal\/wp-content\/uploads\/2022\/09\/foto-Lui\u0301s-Bara\u0301.jpg","datePublished":"2022-09-20T10:00:57+00:00","description":"Lu\u00eds Bar\u00e1 defende a urxencia de dar resposta \u00e1s consecuencias do cambio clim\u00e1tico das que, segundo advirte, \u201cs\u00f3 estamos vendo o principio\u201d","breadcrumb":{"@id":"https:\/\/www.anovapeneira.gal\/index.php\/2022\/09\/20\/o-bng-propon-un-pacto-galego-pola-auga-que-veta-un-pp-negacionista-da-realidade-e-dos-grandes-acordos-de-pais\/#breadcrumb"},"inLanguage":"gl-ES","potentialAction":[{"@type":"ReadAction","target":["https:\/\/www.anovapeneira.gal\/index.php\/2022\/09\/20\/o-bng-propon-un-pacto-galego-pola-auga-que-veta-un-pp-negacionista-da-realidade-e-dos-grandes-acordos-de-pais\/"]}]},{"@type":"ImageObject","inLanguage":"gl-ES","@id":"https:\/\/www.anovapeneira.gal\/index.php\/2022\/09\/20\/o-bng-propon-un-pacto-galego-pola-auga-que-veta-un-pp-negacionista-da-realidade-e-dos-grandes-acordos-de-pais\/#primaryimage","url":"https:\/\/www.anovapeneira.gal\/wp-content\/uploads\/2022\/09\/foto-Lui\u0301s-Bara\u0301.jpg","contentUrl":"https:\/\/www.anovapeneira.gal\/wp-content\/uploads\/2022\/09\/foto-Lui\u0301s-Bara\u0301.jpg","width":720,"height":432,"caption":"Lu\u00eds Bar\u00e1"},{"@type":"BreadcrumbList","@id":"https:\/\/www.anovapeneira.gal\/index.php\/2022\/09\/20\/o-bng-propon-un-pacto-galego-pola-auga-que-veta-un-pp-negacionista-da-realidade-e-dos-grandes-acordos-de-pais\/#breadcrumb","itemListElement":[{"@type":"ListItem","position":1,"name":"Portada","item":"https:\/\/www.anovapeneira.gal\/"},{"@type":"ListItem","position":2,"name":"O BNG prop\u00f3n un Pacto Galego pola Auga que veta un PP \u201cnegacionista\u201d da realidade e dos grandes acordos de Pa\u00eds"}]},{"@type":"WebSite","@id":"https:\/\/www.anovapeneira.gal\/#website","url":"https:\/\/www.anovapeneira.gal\/","name":"","description":"Xornal galego de informaci\u00f3n xeral Publicaci\u00f3n mensual de novas de Galicia e en especial dos Concellos da sur da provincia de Pontevedra.","publisher":{"@id":"https:\/\/www.anovapeneira.gal\/#organization"},"potentialAction":[{"@type":"SearchAction","target":{"@type":"EntryPoint","urlTemplate":"https:\/\/www.anovapeneira.gal\/?s={search_term_string}"},"query-input":{"@type":"PropertyValueSpecification","valueRequired":true,"valueName":"search_term_string"}}],"inLanguage":"gl-ES"},{"@type":"Organization","@id":"https:\/\/www.anovapeneira.gal\/#organization","name":"A Nova Peneira","url":"https:\/\/www.anovapeneira.gal\/","logo":{"@type":"ImageObject","inLanguage":"gl-ES","@id":"https:\/\/www.anovapeneira.gal\/#\/schema\/logo\/image\/","url":"http:\/\/www.anovapeneira.gal\/wp-content\/uploads\/2019\/06\/logo_a_nova_peneira_portal_web.png","contentUrl":"http:\/\/www.anovapeneira.gal\/wp-content\/uploads\/2019\/06\/logo_a_nova_peneira_portal_web.png","width":300,"height":100,"caption":"A Nova Peneira"},"image":{"@id":"https:\/\/www.anovapeneira.gal\/#\/schema\/logo\/image\/"},"sameAs":["https:\/\/www.facebook.com\/anovapeneira","https:\/\/x.com\/APeneira"]},{"@type":"Person","@id":"https:\/\/www.anovapeneira.gal\/#\/schema\/person\/b93e3f8932e3f8da96334607eb6ac6aa","name":"Redacci\u00f3n A Nova Peneira","image":{"@type":"ImageObject","inLanguage":"gl-ES","@id":"https:\/\/secure.gravatar.com\/avatar\/c052a2551a06e23fac63626232eaa90abd78dbcf1700fc46a2b2c89fd27b735f?s=96&d=mm&r=g","url":"https:\/\/secure.gravatar.com\/avatar\/c052a2551a06e23fac63626232eaa90abd78dbcf1700fc46a2b2c89fd27b735f?s=96&d=mm&r=g","contentUrl":"https:\/\/secure.gravatar.com\/avatar\/c052a2551a06e23fac63626232eaa90abd78dbcf1700fc46a2b2c89fd27b735f?s=96&d=mm&r=g","caption":"Redacci\u00f3n A Nova Peneira"},"sameAs":["http:\/\/www.anovapeneira.gal\/"],"url":"https:\/\/www.anovapeneira.gal\/index.php\/author\/redactor\/"}]}},"jetpack_featured_media_url":"https:\/\/www.anovapeneira.gal\/wp-content\/uploads\/2022\/09\/foto-Lui\u0301s-Bara\u0301.jpg","_links":{"self":[{"href":"https:\/\/www.anovapeneira.gal\/index.php\/wp-json\/wp\/v2\/posts\/8164","targetHints":{"allow":["GET"]}}],"collection":[{"href":"https:\/\/www.anovapeneira.gal\/index.php\/wp-json\/wp\/v2\/posts"}],"about":[{"href":"https:\/\/www.anovapeneira.gal\/index.php\/wp-json\/wp\/v2\/types\/post"}],"author":[{"embeddable":true,"href":"https:\/\/www.anovapeneira.gal\/index.php\/wp-json\/wp\/v2\/users\/3"}],"replies":[{"embeddable":true,"href":"https:\/\/www.anovapeneira.gal\/index.php\/wp-json\/wp\/v2\/comments?post=8164"}],"version-history":[{"count":1,"href":"https:\/\/www.anovapeneira.gal\/index.php\/wp-json\/wp\/v2\/posts\/8164\/revisions"}],"predecessor-version":[{"id":8166,"href":"https:\/\/www.anovapeneira.gal\/index.php\/wp-json\/wp\/v2\/posts\/8164\/revisions\/8166"}],"wp:featuredmedia":[{"embeddable":true,"href":"https:\/\/www.anovapeneira.gal\/index.php\/wp-json\/wp\/v2\/media\/8165"}],"wp:attachment":[{"href":"https:\/\/www.anovapeneira.gal\/index.php\/wp-json\/wp\/v2\/media?parent=8164"}],"wp:term":[{"taxonomy":"category","embeddable":true,"href":"https:\/\/www.anovapeneira.gal\/index.php\/wp-json\/wp\/v2\/categories?post=8164"},{"taxonomy":"post_tag","embeddable":true,"href":"https:\/\/www.anovapeneira.gal\/index.php\/wp-json\/wp\/v2\/tags?post=8164"}],"curies":[{"name":"wp","href":"https:\/\/api.w.org\/{rel}","templated":true}]}}