{"id":8167,"date":"2022-09-21T10:00:22","date_gmt":"2022-09-21T08:00:22","guid":{"rendered":"https:\/\/www.anovapeneira.gal\/?p=8167"},"modified":"2022-09-16T10:11:45","modified_gmt":"2022-09-16T08:11:45","slug":"denuncian-outra-accion-intimidatoria-da-ganderia-industrial-contra-o-movemento-ecoloxista","status":"publish","type":"post","link":"https:\/\/www.anovapeneira.gal\/index.php\/2022\/09\/21\/denuncian-outra-accion-intimidatoria-da-ganderia-industrial-contra-o-movemento-ecoloxista\/","title":{"rendered":"Denuncian outra acci\u00f3n intimidatoria da gander\u00eda industrial contra o movemento ecoloxista"},"content":{"rendered":"\n<h2 class=\"wp-block-heading\">Ecoloxistas en acci\u00f3n denuncia que unha explotaci\u00f3n porcina industrial en Silleda (Pontevedra) interp\u00faxolle unha demanda xudicial con af\u00e1n meramente intimidatorio, co obxectivo de acalar as s\u00faas cr\u00edticas polos impactos ambientais da gander\u00eda industrial<\/h2>\n\n\n\n<h4 class=\"wp-block-heading\">Non \u00e9 a primeira vez que unha empresa do sector tenta silenciar a ecoloxistas, veci\u00f1as\/os ou movementos sociais mediante acci\u00f3ns xudiciais que perseguen atemorizar a quen denuncie o grave impacto ambiental e social das explotaci\u00f3ns industriais<\/h4>\n\n\n\n<p>A Federaci\u00f3n galega de Ecoloxistas en Acci\u00f3n sinalou, a mediados deste ano, un proxecto dunha a explotaci\u00f3n industrial de porcos en Silleda (Pontevedra), por bordear a ilegalidade ao declarar unha capacidade de 1.999 animais para eludir o estudo de impacto ambiental (EIA), obrigatorio a partir de 2.000 animais. Ademais, esta explotaci\u00f3n estar\u00eda situada \u00e1 beira dun n\u00facleo de vivendas unifamiliares, o que provocou as protestas das familias veci\u00f1as. A comarca galega do Deza, \u00e1 que pertence o municipio de Silleda, soporta xa a maior carga gandeira de toda a comunidade aut\u00f3noma galega.<\/p>\n\n\n\n<p>Estas pr\u00e1cticas son habituais para eludir os estudos de avaliaci\u00f3n ambiental sen que a administraci\u00f3n po\u00f1a remedio. Ecoloxistas en Acci\u00f3n Galiza denunciou tam\u00e9n que, lonxe de po\u00f1er l\u00edmites ambientais \u00e1 proliferaci\u00f3n sen control da gander\u00eda industrial, a propia Xunta de Galicia subvenciona estas instalaci\u00f3ns industriais. No caso deste proxecto de Silleda, caso con m\u00e1is de 100.000 euros.<\/p>\n\n\n\n<p>Ecoloxistas en Acci\u00f3n Galiza colaborou coa veci\u00f1anza de Silleda para que este caso tivese unha gran repercusi\u00f3n medi\u00e1tica e social, o cal incomodou a Fertaporc S.C., propietaria da explotaci\u00f3n, quen presentou unha demanda xudicial por 3.000 euros contra Ecoloxistas en Acci\u00f3n. Para a organizaci\u00f3n ecoloxista, a demanda \u00e9 totalmente infundada e s\u00f3 pretende intimidar a activistas e veci\u00f1anza para silenciar as protestas contra a gander\u00eda industrial e este proxecto en concreto.<\/p>\n\n\n\n<p>Este tipo de casos de empresas c\u00e1rnicas demandando a movementos ecoloxistas e veci\u00f1ais est\u00e1 a ser cada vez m\u00e1is frecuente. Sen ir m\u00e1is lonxe, en Ourense, o grupo Coren interpuxo demanda, hai pouco m\u00e1is de dous anos, contra un veci\u00f1o da Limia por denunciar publicamente as s\u00faas actividades e, m\u00e1is recentemente, a finais do ano pasado, en Navarra, a empresa Valle de Odieta S.C.L. demandou a organizaci\u00f3ns e colectivos ambientais pola denuncia p\u00fablica das s\u00faas irregularidades.<\/p>\n\n\n\n<p>Ecoloxistas en Acci\u00f3n prop\u00f3n un modelo de gander\u00eda extensiva con base agroecol\u00f3gica que cre emprego de calidade, protexa a biodiversidade e preve\u00f1a incendios, proporcionando emprego e alimentos de calidade. Por todo iso, a organizaci\u00f3n ecoloxista denuncia o modelo agroindustrial, que s\u00f3 beneficia a unhas poucas grandes empresas<\/p>\n","protected":false},"excerpt":{"rendered":"<div class=\"mh-excerpt\"><p>A Federaci\u00f3n galega de Ecoloxistas en Acci\u00f3n sinalou, a mediados deste ano, un proxecto dunha a explotaci\u00f3n industrial de porcos en Silleda (Pontevedra), por bordear a ilegalidade ao declarar unha capacidade de 1.999 animais para eludir o estudo de impacto ambiental (EIA) <a class=\"mh-excerpt-more\" href=\"https:\/\/www.anovapeneira.gal\/index.php\/2022\/09\/21\/denuncian-outra-accion-intimidatoria-da-ganderia-industrial-contra-o-movemento-ecoloxista\/\" title=\"Denuncian outra acci\u00f3n intimidatoria da gander\u00eda industrial contra o movemento ecoloxista\">[&#8230;]<\/a><\/p>\n<\/div>","protected":false},"author":3,"featured_media":2572,"comment_status":"open","ping_status":"open","sticky":false,"template":"","format":"standard","meta":{"_exactmetrics_skip_tracking":false,"_exactmetrics_sitenote_active":false,"_exactmetrics_sitenote_note":"","_exactmetrics_sitenote_category":0,"footnotes":""},"categories":[263],"tags":[924],"class_list":{"0":"post-8167","1":"post","2":"type-post","3":"status-publish","4":"format-standard","5":"has-post-thumbnail","7":"category-novas","8":"tag-ecoloxistas-en-accion"},"yoast_head":"<!-- This site is optimized with the Yoast SEO plugin v27.4 - https:\/\/yoast.com\/product\/yoast-seo-wordpress\/ -->\n<title>Denuncian outra acci\u00f3n intimidatoria da gander\u00eda industrial contra o movemento ecoloxista -<\/title>\n<meta name=\"description\" content=\"A Federaci\u00f3n galega de Ecoloxistas en Acci\u00f3n sinalou, a mediados deste ano, un proxecto dunha a explotaci\u00f3n industrial de porcos en Silleda (Pontevedra)\" \/>\n<meta name=\"robots\" content=\"index, follow, max-snippet:-1, max-image-preview:large, max-video-preview:-1\" \/>\n<link rel=\"canonical\" href=\"https:\/\/www.anovapeneira.gal\/index.php\/2022\/09\/21\/denuncian-outra-accion-intimidatoria-da-ganderia-industrial-contra-o-movemento-ecoloxista\/\" \/>\n<meta property=\"og:locale\" content=\"gl_ES\" \/>\n<meta property=\"og:type\" content=\"article\" \/>\n<meta property=\"og:title\" content=\"Denuncian outra acci\u00f3n intimidatoria da gander\u00eda industrial contra o movemento ecoloxista -\" \/>\n<meta property=\"og:description\" content=\"A Federaci\u00f3n galega de Ecoloxistas en Acci\u00f3n sinalou, a mediados deste ano, un proxecto dunha a explotaci\u00f3n industrial de porcos en Silleda (Pontevedra)\" \/>\n<meta property=\"og:url\" content=\"https:\/\/www.anovapeneira.gal\/index.php\/2022\/09\/21\/denuncian-outra-accion-intimidatoria-da-ganderia-industrial-contra-o-movemento-ecoloxista\/\" \/>\n<meta property=\"article:publisher\" content=\"https:\/\/www.facebook.com\/anovapeneira\" \/>\n<meta property=\"article:published_time\" content=\"2022-09-21T08:00:22+00:00\" \/>\n<meta property=\"og:image\" content=\"https:\/\/www.anovapeneira.gal\/wp-content\/uploads\/2020\/02\/ecoloxitas_en_accion.png\" \/>\n\t<meta property=\"og:image:width\" content=\"720\" \/>\n\t<meta property=\"og:image:height\" content=\"432\" \/>\n\t<meta property=\"og:image:type\" content=\"image\/png\" \/>\n<meta name=\"author\" content=\"Redacci\u00f3n A Nova Peneira\" \/>\n<meta name=\"twitter:card\" content=\"summary_large_image\" \/>\n<meta name=\"twitter:creator\" content=\"@APeneira\" \/>\n<meta name=\"twitter:site\" content=\"@APeneira\" \/>\n<meta name=\"twitter:label1\" content=\"Escrito por\" \/>\n\t<meta name=\"twitter:data1\" content=\"Redacci\u00f3n A Nova Peneira\" \/>\n\t<meta name=\"twitter:label2\" content=\"Tempo de lectura\" \/>\n\t<meta name=\"twitter:data2\" content=\"3 minutos\" \/>\n<script type=\"application\/ld+json\" class=\"yoast-schema-graph\">{\"@context\":\"https:\\\/\\\/schema.org\",\"@graph\":[{\"@type\":\"Article\",\"@id\":\"https:\\\/\\\/www.anovapeneira.gal\\\/index.php\\\/2022\\\/09\\\/21\\\/denuncian-outra-accion-intimidatoria-da-ganderia-industrial-contra-o-movemento-ecoloxista\\\/#article\",\"isPartOf\":{\"@id\":\"https:\\\/\\\/www.anovapeneira.gal\\\/index.php\\\/2022\\\/09\\\/21\\\/denuncian-outra-accion-intimidatoria-da-ganderia-industrial-contra-o-movemento-ecoloxista\\\/\"},\"author\":{\"name\":\"Redacci\u00f3n A Nova Peneira\",\"@id\":\"https:\\\/\\\/www.anovapeneira.gal\\\/#\\\/schema\\\/person\\\/b93e3f8932e3f8da96334607eb6ac6aa\"},\"headline\":\"Denuncian outra acci\u00f3n intimidatoria da gander\u00eda industrial contra o movemento ecoloxista\",\"datePublished\":\"2022-09-21T08:00:22+00:00\",\"mainEntityOfPage\":{\"@id\":\"https:\\\/\\\/www.anovapeneira.gal\\\/index.php\\\/2022\\\/09\\\/21\\\/denuncian-outra-accion-intimidatoria-da-ganderia-industrial-contra-o-movemento-ecoloxista\\\/\"},\"wordCount\":476,\"commentCount\":0,\"publisher\":{\"@id\":\"https:\\\/\\\/www.anovapeneira.gal\\\/#organization\"},\"image\":{\"@id\":\"https:\\\/\\\/www.anovapeneira.gal\\\/index.php\\\/2022\\\/09\\\/21\\\/denuncian-outra-accion-intimidatoria-da-ganderia-industrial-contra-o-movemento-ecoloxista\\\/#primaryimage\"},\"thumbnailUrl\":\"https:\\\/\\\/www.anovapeneira.gal\\\/wp-content\\\/uploads\\\/2020\\\/02\\\/ecoloxitas_en_accion.png\",\"keywords\":[\"Ecoloxistas en Acci\u00f3n\"],\"articleSection\":[\"Novas\"],\"inLanguage\":\"gl-ES\",\"potentialAction\":[{\"@type\":\"CommentAction\",\"name\":\"Comment\",\"target\":[\"https:\\\/\\\/www.anovapeneira.gal\\\/index.php\\\/2022\\\/09\\\/21\\\/denuncian-outra-accion-intimidatoria-da-ganderia-industrial-contra-o-movemento-ecoloxista\\\/#respond\"]}]},{\"@type\":\"WebPage\",\"@id\":\"https:\\\/\\\/www.anovapeneira.gal\\\/index.php\\\/2022\\\/09\\\/21\\\/denuncian-outra-accion-intimidatoria-da-ganderia-industrial-contra-o-movemento-ecoloxista\\\/\",\"url\":\"https:\\\/\\\/www.anovapeneira.gal\\\/index.php\\\/2022\\\/09\\\/21\\\/denuncian-outra-accion-intimidatoria-da-ganderia-industrial-contra-o-movemento-ecoloxista\\\/\",\"name\":\"Denuncian outra acci\u00f3n intimidatoria da gander\u00eda industrial contra o movemento ecoloxista -\",\"isPartOf\":{\"@id\":\"https:\\\/\\\/www.anovapeneira.gal\\\/#website\"},\"primaryImageOfPage\":{\"@id\":\"https:\\\/\\\/www.anovapeneira.gal\\\/index.php\\\/2022\\\/09\\\/21\\\/denuncian-outra-accion-intimidatoria-da-ganderia-industrial-contra-o-movemento-ecoloxista\\\/#primaryimage\"},\"image\":{\"@id\":\"https:\\\/\\\/www.anovapeneira.gal\\\/index.php\\\/2022\\\/09\\\/21\\\/denuncian-outra-accion-intimidatoria-da-ganderia-industrial-contra-o-movemento-ecoloxista\\\/#primaryimage\"},\"thumbnailUrl\":\"https:\\\/\\\/www.anovapeneira.gal\\\/wp-content\\\/uploads\\\/2020\\\/02\\\/ecoloxitas_en_accion.png\",\"datePublished\":\"2022-09-21T08:00:22+00:00\",\"description\":\"A Federaci\u00f3n galega de Ecoloxistas en Acci\u00f3n sinalou, a mediados deste ano, un proxecto dunha a explotaci\u00f3n industrial de porcos en Silleda (Pontevedra)\",\"breadcrumb\":{\"@id\":\"https:\\\/\\\/www.anovapeneira.gal\\\/index.php\\\/2022\\\/09\\\/21\\\/denuncian-outra-accion-intimidatoria-da-ganderia-industrial-contra-o-movemento-ecoloxista\\\/#breadcrumb\"},\"inLanguage\":\"gl-ES\",\"potentialAction\":[{\"@type\":\"ReadAction\",\"target\":[\"https:\\\/\\\/www.anovapeneira.gal\\\/index.php\\\/2022\\\/09\\\/21\\\/denuncian-outra-accion-intimidatoria-da-ganderia-industrial-contra-o-movemento-ecoloxista\\\/\"]}]},{\"@type\":\"ImageObject\",\"inLanguage\":\"gl-ES\",\"@id\":\"https:\\\/\\\/www.anovapeneira.gal\\\/index.php\\\/2022\\\/09\\\/21\\\/denuncian-outra-accion-intimidatoria-da-ganderia-industrial-contra-o-movemento-ecoloxista\\\/#primaryimage\",\"url\":\"https:\\\/\\\/www.anovapeneira.gal\\\/wp-content\\\/uploads\\\/2020\\\/02\\\/ecoloxitas_en_accion.png\",\"contentUrl\":\"https:\\\/\\\/www.anovapeneira.gal\\\/wp-content\\\/uploads\\\/2020\\\/02\\\/ecoloxitas_en_accion.png\",\"width\":720,\"height\":432,\"caption\":\"Ecoloxistas en acci\u00f3n Galiza\"},{\"@type\":\"BreadcrumbList\",\"@id\":\"https:\\\/\\\/www.anovapeneira.gal\\\/index.php\\\/2022\\\/09\\\/21\\\/denuncian-outra-accion-intimidatoria-da-ganderia-industrial-contra-o-movemento-ecoloxista\\\/#breadcrumb\",\"itemListElement\":[{\"@type\":\"ListItem\",\"position\":1,\"name\":\"Portada\",\"item\":\"https:\\\/\\\/www.anovapeneira.gal\\\/\"},{\"@type\":\"ListItem\",\"position\":2,\"name\":\"Denuncian outra acci\u00f3n intimidatoria da gander\u00eda industrial contra o movemento ecoloxista\"}]},{\"@type\":\"WebSite\",\"@id\":\"https:\\\/\\\/www.anovapeneira.gal\\\/#website\",\"url\":\"https:\\\/\\\/www.anovapeneira.gal\\\/\",\"name\":\"\",\"description\":\"Xornal galego de informaci\u00f3n xeral Publicaci\u00f3n mensual de novas de Galicia e en especial dos Concellos da sur da provincia de Pontevedra.\",\"publisher\":{\"@id\":\"https:\\\/\\\/www.anovapeneira.gal\\\/#organization\"},\"potentialAction\":[{\"@type\":\"SearchAction\",\"target\":{\"@type\":\"EntryPoint\",\"urlTemplate\":\"https:\\\/\\\/www.anovapeneira.gal\\\/?s={search_term_string}\"},\"query-input\":{\"@type\":\"PropertyValueSpecification\",\"valueRequired\":true,\"valueName\":\"search_term_string\"}}],\"inLanguage\":\"gl-ES\"},{\"@type\":\"Organization\",\"@id\":\"https:\\\/\\\/www.anovapeneira.gal\\\/#organization\",\"name\":\"A Nova Peneira\",\"url\":\"https:\\\/\\\/www.anovapeneira.gal\\\/\",\"logo\":{\"@type\":\"ImageObject\",\"inLanguage\":\"gl-ES\",\"@id\":\"https:\\\/\\\/www.anovapeneira.gal\\\/#\\\/schema\\\/logo\\\/image\\\/\",\"url\":\"http:\\\/\\\/www.anovapeneira.gal\\\/wp-content\\\/uploads\\\/2019\\\/06\\\/logo_a_nova_peneira_portal_web.png\",\"contentUrl\":\"http:\\\/\\\/www.anovapeneira.gal\\\/wp-content\\\/uploads\\\/2019\\\/06\\\/logo_a_nova_peneira_portal_web.png\",\"width\":300,\"height\":100,\"caption\":\"A Nova Peneira\"},\"image\":{\"@id\":\"https:\\\/\\\/www.anovapeneira.gal\\\/#\\\/schema\\\/logo\\\/image\\\/\"},\"sameAs\":[\"https:\\\/\\\/www.facebook.com\\\/anovapeneira\",\"https:\\\/\\\/x.com\\\/APeneira\"]},{\"@type\":\"Person\",\"@id\":\"https:\\\/\\\/www.anovapeneira.gal\\\/#\\\/schema\\\/person\\\/b93e3f8932e3f8da96334607eb6ac6aa\",\"name\":\"Redacci\u00f3n A Nova Peneira\",\"image\":{\"@type\":\"ImageObject\",\"inLanguage\":\"gl-ES\",\"@id\":\"https:\\\/\\\/secure.gravatar.com\\\/avatar\\\/c052a2551a06e23fac63626232eaa90abd78dbcf1700fc46a2b2c89fd27b735f?s=96&d=mm&r=g\",\"url\":\"https:\\\/\\\/secure.gravatar.com\\\/avatar\\\/c052a2551a06e23fac63626232eaa90abd78dbcf1700fc46a2b2c89fd27b735f?s=96&d=mm&r=g\",\"contentUrl\":\"https:\\\/\\\/secure.gravatar.com\\\/avatar\\\/c052a2551a06e23fac63626232eaa90abd78dbcf1700fc46a2b2c89fd27b735f?s=96&d=mm&r=g\",\"caption\":\"Redacci\u00f3n A Nova Peneira\"},\"sameAs\":[\"http:\\\/\\\/www.anovapeneira.gal\\\/\"],\"url\":\"https:\\\/\\\/www.anovapeneira.gal\\\/index.php\\\/author\\\/redactor\\\/\"}]}<\/script>\n<!-- \/ Yoast SEO plugin. -->","yoast_head_json":{"title":"Denuncian outra acci\u00f3n intimidatoria da gander\u00eda industrial contra o movemento ecoloxista -","description":"A Federaci\u00f3n galega de Ecoloxistas en Acci\u00f3n sinalou, a mediados deste ano, un proxecto dunha a explotaci\u00f3n industrial de porcos en Silleda (Pontevedra)","robots":{"index":"index","follow":"follow","max-snippet":"max-snippet:-1","max-image-preview":"max-image-preview:large","max-video-preview":"max-video-preview:-1"},"canonical":"https:\/\/www.anovapeneira.gal\/index.php\/2022\/09\/21\/denuncian-outra-accion-intimidatoria-da-ganderia-industrial-contra-o-movemento-ecoloxista\/","og_locale":"gl_ES","og_type":"article","og_title":"Denuncian outra acci\u00f3n intimidatoria da gander\u00eda industrial contra o movemento ecoloxista -","og_description":"A Federaci\u00f3n galega de Ecoloxistas en Acci\u00f3n sinalou, a mediados deste ano, un proxecto dunha a explotaci\u00f3n industrial de porcos en Silleda (Pontevedra)","og_url":"https:\/\/www.anovapeneira.gal\/index.php\/2022\/09\/21\/denuncian-outra-accion-intimidatoria-da-ganderia-industrial-contra-o-movemento-ecoloxista\/","article_publisher":"https:\/\/www.facebook.com\/anovapeneira","article_published_time":"2022-09-21T08:00:22+00:00","og_image":[{"width":720,"height":432,"url":"https:\/\/www.anovapeneira.gal\/wp-content\/uploads\/2020\/02\/ecoloxitas_en_accion.png","type":"image\/png"}],"author":"Redacci\u00f3n A Nova Peneira","twitter_card":"summary_large_image","twitter_creator":"@APeneira","twitter_site":"@APeneira","twitter_misc":{"Escrito por":"Redacci\u00f3n A Nova Peneira","Tempo de lectura":"3 minutos"},"schema":{"@context":"https:\/\/schema.org","@graph":[{"@type":"Article","@id":"https:\/\/www.anovapeneira.gal\/index.php\/2022\/09\/21\/denuncian-outra-accion-intimidatoria-da-ganderia-industrial-contra-o-movemento-ecoloxista\/#article","isPartOf":{"@id":"https:\/\/www.anovapeneira.gal\/index.php\/2022\/09\/21\/denuncian-outra-accion-intimidatoria-da-ganderia-industrial-contra-o-movemento-ecoloxista\/"},"author":{"name":"Redacci\u00f3n A Nova Peneira","@id":"https:\/\/www.anovapeneira.gal\/#\/schema\/person\/b93e3f8932e3f8da96334607eb6ac6aa"},"headline":"Denuncian outra acci\u00f3n intimidatoria da gander\u00eda industrial contra o movemento ecoloxista","datePublished":"2022-09-21T08:00:22+00:00","mainEntityOfPage":{"@id":"https:\/\/www.anovapeneira.gal\/index.php\/2022\/09\/21\/denuncian-outra-accion-intimidatoria-da-ganderia-industrial-contra-o-movemento-ecoloxista\/"},"wordCount":476,"commentCount":0,"publisher":{"@id":"https:\/\/www.anovapeneira.gal\/#organization"},"image":{"@id":"https:\/\/www.anovapeneira.gal\/index.php\/2022\/09\/21\/denuncian-outra-accion-intimidatoria-da-ganderia-industrial-contra-o-movemento-ecoloxista\/#primaryimage"},"thumbnailUrl":"https:\/\/www.anovapeneira.gal\/wp-content\/uploads\/2020\/02\/ecoloxitas_en_accion.png","keywords":["Ecoloxistas en Acci\u00f3n"],"articleSection":["Novas"],"inLanguage":"gl-ES","potentialAction":[{"@type":"CommentAction","name":"Comment","target":["https:\/\/www.anovapeneira.gal\/index.php\/2022\/09\/21\/denuncian-outra-accion-intimidatoria-da-ganderia-industrial-contra-o-movemento-ecoloxista\/#respond"]}]},{"@type":"WebPage","@id":"https:\/\/www.anovapeneira.gal\/index.php\/2022\/09\/21\/denuncian-outra-accion-intimidatoria-da-ganderia-industrial-contra-o-movemento-ecoloxista\/","url":"https:\/\/www.anovapeneira.gal\/index.php\/2022\/09\/21\/denuncian-outra-accion-intimidatoria-da-ganderia-industrial-contra-o-movemento-ecoloxista\/","name":"Denuncian outra acci\u00f3n intimidatoria da gander\u00eda industrial contra o movemento ecoloxista -","isPartOf":{"@id":"https:\/\/www.anovapeneira.gal\/#website"},"primaryImageOfPage":{"@id":"https:\/\/www.anovapeneira.gal\/index.php\/2022\/09\/21\/denuncian-outra-accion-intimidatoria-da-ganderia-industrial-contra-o-movemento-ecoloxista\/#primaryimage"},"image":{"@id":"https:\/\/www.anovapeneira.gal\/index.php\/2022\/09\/21\/denuncian-outra-accion-intimidatoria-da-ganderia-industrial-contra-o-movemento-ecoloxista\/#primaryimage"},"thumbnailUrl":"https:\/\/www.anovapeneira.gal\/wp-content\/uploads\/2020\/02\/ecoloxitas_en_accion.png","datePublished":"2022-09-21T08:00:22+00:00","description":"A Federaci\u00f3n galega de Ecoloxistas en Acci\u00f3n sinalou, a mediados deste ano, un proxecto dunha a explotaci\u00f3n industrial de porcos en Silleda (Pontevedra)","breadcrumb":{"@id":"https:\/\/www.anovapeneira.gal\/index.php\/2022\/09\/21\/denuncian-outra-accion-intimidatoria-da-ganderia-industrial-contra-o-movemento-ecoloxista\/#breadcrumb"},"inLanguage":"gl-ES","potentialAction":[{"@type":"ReadAction","target":["https:\/\/www.anovapeneira.gal\/index.php\/2022\/09\/21\/denuncian-outra-accion-intimidatoria-da-ganderia-industrial-contra-o-movemento-ecoloxista\/"]}]},{"@type":"ImageObject","inLanguage":"gl-ES","@id":"https:\/\/www.anovapeneira.gal\/index.php\/2022\/09\/21\/denuncian-outra-accion-intimidatoria-da-ganderia-industrial-contra-o-movemento-ecoloxista\/#primaryimage","url":"https:\/\/www.anovapeneira.gal\/wp-content\/uploads\/2020\/02\/ecoloxitas_en_accion.png","contentUrl":"https:\/\/www.anovapeneira.gal\/wp-content\/uploads\/2020\/02\/ecoloxitas_en_accion.png","width":720,"height":432,"caption":"Ecoloxistas en acci\u00f3n Galiza"},{"@type":"BreadcrumbList","@id":"https:\/\/www.anovapeneira.gal\/index.php\/2022\/09\/21\/denuncian-outra-accion-intimidatoria-da-ganderia-industrial-contra-o-movemento-ecoloxista\/#breadcrumb","itemListElement":[{"@type":"ListItem","position":1,"name":"Portada","item":"https:\/\/www.anovapeneira.gal\/"},{"@type":"ListItem","position":2,"name":"Denuncian outra acci\u00f3n intimidatoria da gander\u00eda industrial contra o movemento ecoloxista"}]},{"@type":"WebSite","@id":"https:\/\/www.anovapeneira.gal\/#website","url":"https:\/\/www.anovapeneira.gal\/","name":"","description":"Xornal galego de informaci\u00f3n xeral Publicaci\u00f3n mensual de novas de Galicia e en especial dos Concellos da sur da provincia de Pontevedra.","publisher":{"@id":"https:\/\/www.anovapeneira.gal\/#organization"},"potentialAction":[{"@type":"SearchAction","target":{"@type":"EntryPoint","urlTemplate":"https:\/\/www.anovapeneira.gal\/?s={search_term_string}"},"query-input":{"@type":"PropertyValueSpecification","valueRequired":true,"valueName":"search_term_string"}}],"inLanguage":"gl-ES"},{"@type":"Organization","@id":"https:\/\/www.anovapeneira.gal\/#organization","name":"A Nova Peneira","url":"https:\/\/www.anovapeneira.gal\/","logo":{"@type":"ImageObject","inLanguage":"gl-ES","@id":"https:\/\/www.anovapeneira.gal\/#\/schema\/logo\/image\/","url":"http:\/\/www.anovapeneira.gal\/wp-content\/uploads\/2019\/06\/logo_a_nova_peneira_portal_web.png","contentUrl":"http:\/\/www.anovapeneira.gal\/wp-content\/uploads\/2019\/06\/logo_a_nova_peneira_portal_web.png","width":300,"height":100,"caption":"A Nova Peneira"},"image":{"@id":"https:\/\/www.anovapeneira.gal\/#\/schema\/logo\/image\/"},"sameAs":["https:\/\/www.facebook.com\/anovapeneira","https:\/\/x.com\/APeneira"]},{"@type":"Person","@id":"https:\/\/www.anovapeneira.gal\/#\/schema\/person\/b93e3f8932e3f8da96334607eb6ac6aa","name":"Redacci\u00f3n A Nova Peneira","image":{"@type":"ImageObject","inLanguage":"gl-ES","@id":"https:\/\/secure.gravatar.com\/avatar\/c052a2551a06e23fac63626232eaa90abd78dbcf1700fc46a2b2c89fd27b735f?s=96&d=mm&r=g","url":"https:\/\/secure.gravatar.com\/avatar\/c052a2551a06e23fac63626232eaa90abd78dbcf1700fc46a2b2c89fd27b735f?s=96&d=mm&r=g","contentUrl":"https:\/\/secure.gravatar.com\/avatar\/c052a2551a06e23fac63626232eaa90abd78dbcf1700fc46a2b2c89fd27b735f?s=96&d=mm&r=g","caption":"Redacci\u00f3n A Nova Peneira"},"sameAs":["http:\/\/www.anovapeneira.gal\/"],"url":"https:\/\/www.anovapeneira.gal\/index.php\/author\/redactor\/"}]}},"jetpack_featured_media_url":"https:\/\/www.anovapeneira.gal\/wp-content\/uploads\/2020\/02\/ecoloxitas_en_accion.png","_links":{"self":[{"href":"https:\/\/www.anovapeneira.gal\/index.php\/wp-json\/wp\/v2\/posts\/8167","targetHints":{"allow":["GET"]}}],"collection":[{"href":"https:\/\/www.anovapeneira.gal\/index.php\/wp-json\/wp\/v2\/posts"}],"about":[{"href":"https:\/\/www.anovapeneira.gal\/index.php\/wp-json\/wp\/v2\/types\/post"}],"author":[{"embeddable":true,"href":"https:\/\/www.anovapeneira.gal\/index.php\/wp-json\/wp\/v2\/users\/3"}],"replies":[{"embeddable":true,"href":"https:\/\/www.anovapeneira.gal\/index.php\/wp-json\/wp\/v2\/comments?post=8167"}],"version-history":[{"count":2,"href":"https:\/\/www.anovapeneira.gal\/index.php\/wp-json\/wp\/v2\/posts\/8167\/revisions"}],"predecessor-version":[{"id":8169,"href":"https:\/\/www.anovapeneira.gal\/index.php\/wp-json\/wp\/v2\/posts\/8167\/revisions\/8169"}],"wp:featuredmedia":[{"embeddable":true,"href":"https:\/\/www.anovapeneira.gal\/index.php\/wp-json\/wp\/v2\/media\/2572"}],"wp:attachment":[{"href":"https:\/\/www.anovapeneira.gal\/index.php\/wp-json\/wp\/v2\/media?parent=8167"}],"wp:term":[{"taxonomy":"category","embeddable":true,"href":"https:\/\/www.anovapeneira.gal\/index.php\/wp-json\/wp\/v2\/categories?post=8167"},{"taxonomy":"post_tag","embeddable":true,"href":"https:\/\/www.anovapeneira.gal\/index.php\/wp-json\/wp\/v2\/tags?post=8167"}],"curies":[{"name":"wp","href":"https:\/\/api.w.org\/{rel}","templated":true}]}}