{"id":8173,"date":"2022-09-22T12:00:29","date_gmt":"2022-09-22T10:00:29","guid":{"rendered":"https:\/\/www.anovapeneira.gal\/?p=8173"},"modified":"2022-09-16T10:33:09","modified_gmt":"2022-09-16T08:33:09","slug":"o-concello-de-tui-recibe-a-medalla-de-ouro-praias-sen-fume","status":"publish","type":"post","link":"https:\/\/www.anovapeneira.gal\/index.php\/2022\/09\/22\/o-concello-de-tui-recibe-a-medalla-de-ouro-praias-sen-fume\/","title":{"rendered":"O Concello de Tui recibe a medalla de ouro \u2018Praias sen fume\u2019"},"content":{"rendered":"\n<h2 class=\"wp-block-heading\">O galard\u00f3n aos areeiros fluviais tudenses foi recollido por Ismael Diz, concelleiro de Medio Ambiente<\/h2>\n\n\n\n<p><strong>Tui. Xoves, 15 de setembro de 2022.<\/strong><\/p>\n\n\n\n<p>O Concello de Tui recibiu a medalla de ouro de praias sen fume ao contar coa totalidade dos seus areeiros libres de tabaco.<\/p>\n\n\n\n<p>O pasado venres tivo lugar en Baiona o acto de entrega destas distinci\u00f3ns, onde o concelleiro de Medio Ambiente, Ismael Diz, recibiu o diploma acreditativo de mans do conselleiro de Sanidade, Julio Garc\u00eda Comesa\u00f1a.<\/p>\n\n\n\n<p>En concreto no Concello de Tui son as praias de Areeiros, en Guillarei, e do Penedo, en Caldelas, as que forman parte da Rede Galega de Praias sen Fume. Este programa ten un fin educativo, de promoci\u00f3n da sa\u00fade e de protecci\u00f3n do medio ambiente, sendo o seu cumprimento voluntario. Deste xeito, busca promocionar unha vida sen tabaco e desnormalizar o seu consumo na sociedade mediante a promoci\u00f3n tur\u00edstica dunhas praias nas que tam\u00e9n se respecte e coide o medio ambiente.<\/p>\n\n\n\n<p>Ismael Diz, concelleiro de Medio Ambiente, amosou a satisfacci\u00f3n que sup\u00f3n este distintivo para Tui ao verse inclu\u00eddo nun selecto grupo de 214 areais en 80 concellos. Diz fixo unha valoraci\u00f3n \u2018moi positiva\u2019 dun proxecto que o goberno local v\u00e9n desenvolvendo dende a pasado mandato. Agora recolle os seus froitos \u201ccontinuando con constancia e coa aposta pola sa\u00fade e por facer m\u00e1is inclusivas para todos as praias de Tui\u201d.<\/p>\n\n\n\n<p>Pertencer a esta rede compromete aos concellos a colocar toda a sinal\u00e9ctica e materiais de difusi\u00f3n que reco\u00f1ecen a estes espazos libre de fume. Tam\u00e9n implica desenvolver actividades e acci\u00f3ns encami\u00f1adas a lograr unha sociedade libre de tabaco.<\/p>\n","protected":false},"excerpt":{"rendered":"<div class=\"mh-excerpt\"><p>O galard\u00f3n aos areeiros fluviais tudenses foi recollido por Ismael Diz, concelleiro de Medio Ambiente <a class=\"mh-excerpt-more\" href=\"https:\/\/www.anovapeneira.gal\/index.php\/2022\/09\/22\/o-concello-de-tui-recibe-a-medalla-de-ouro-praias-sen-fume\/\" title=\"O Concello de Tui recibe a medalla de ouro \u2018Praias sen fume\u2019\">[&#8230;]<\/a><\/p>\n<\/div>","protected":false},"author":3,"featured_media":8175,"comment_status":"open","ping_status":"open","sticky":false,"template":"","format":"standard","meta":{"_exactmetrics_skip_tracking":false,"_exactmetrics_sitenote_active":false,"_exactmetrics_sitenote_note":"","_exactmetrics_sitenote_category":0,"footnotes":""},"categories":[21],"tags":[426],"class_list":{"0":"post-8173","1":"post","2":"type-post","3":"status-publish","4":"format-standard","5":"has-post-thumbnail","7":"category-baixo-mino","8":"tag-concello-de-tui"},"yoast_head":"<!-- This site is optimized with the Yoast SEO plugin v27.4 - https:\/\/yoast.com\/product\/yoast-seo-wordpress\/ -->\n<title>O Concello de Tui recibe a medalla de ouro \u2018Praias sen fume\u2019 -<\/title>\n<meta name=\"description\" content=\"O galard\u00f3n aos areeiros fluviais tudenses foi recollido por Ismael Diz, concelleiro de Medio Ambiente\" \/>\n<meta name=\"robots\" content=\"index, follow, max-snippet:-1, max-image-preview:large, max-video-preview:-1\" \/>\n<link rel=\"canonical\" href=\"https:\/\/www.anovapeneira.gal\/index.php\/2022\/09\/22\/o-concello-de-tui-recibe-a-medalla-de-ouro-praias-sen-fume\/\" \/>\n<meta property=\"og:locale\" content=\"gl_ES\" \/>\n<meta property=\"og:type\" content=\"article\" \/>\n<meta property=\"og:title\" content=\"O Concello de Tui recibe a medalla de ouro \u2018Praias sen fume\u2019 -\" \/>\n<meta property=\"og:description\" content=\"O galard\u00f3n aos areeiros fluviais tudenses foi recollido por Ismael Diz, concelleiro de Medio Ambiente\" \/>\n<meta property=\"og:url\" content=\"https:\/\/www.anovapeneira.gal\/index.php\/2022\/09\/22\/o-concello-de-tui-recibe-a-medalla-de-ouro-praias-sen-fume\/\" \/>\n<meta property=\"article:publisher\" content=\"https:\/\/www.facebook.com\/anovapeneira\" \/>\n<meta property=\"article:published_time\" content=\"2022-09-22T10:00:29+00:00\" \/>\n<meta property=\"og:image\" content=\"https:\/\/www.anovapeneira.gal\/wp-content\/uploads\/2022\/09\/praias_sen_fume.jpg\" \/>\n\t<meta property=\"og:image:width\" content=\"720\" \/>\n\t<meta property=\"og:image:height\" content=\"432\" \/>\n\t<meta property=\"og:image:type\" content=\"image\/jpeg\" \/>\n<meta name=\"author\" content=\"Redacci\u00f3n A Nova Peneira\" \/>\n<meta name=\"twitter:card\" content=\"summary_large_image\" \/>\n<meta name=\"twitter:creator\" content=\"@APeneira\" \/>\n<meta name=\"twitter:site\" content=\"@APeneira\" \/>\n<meta name=\"twitter:label1\" content=\"Escrito por\" \/>\n\t<meta name=\"twitter:data1\" content=\"Redacci\u00f3n A Nova Peneira\" \/>\n\t<meta name=\"twitter:label2\" content=\"Tempo de lectura\" \/>\n\t<meta name=\"twitter:data2\" content=\"2 minutos\" \/>\n<script type=\"application\/ld+json\" class=\"yoast-schema-graph\">{\"@context\":\"https:\\\/\\\/schema.org\",\"@graph\":[{\"@type\":\"Article\",\"@id\":\"https:\\\/\\\/www.anovapeneira.gal\\\/index.php\\\/2022\\\/09\\\/22\\\/o-concello-de-tui-recibe-a-medalla-de-ouro-praias-sen-fume\\\/#article\",\"isPartOf\":{\"@id\":\"https:\\\/\\\/www.anovapeneira.gal\\\/index.php\\\/2022\\\/09\\\/22\\\/o-concello-de-tui-recibe-a-medalla-de-ouro-praias-sen-fume\\\/\"},\"author\":{\"name\":\"Redacci\u00f3n A Nova Peneira\",\"@id\":\"https:\\\/\\\/www.anovapeneira.gal\\\/#\\\/schema\\\/person\\\/b93e3f8932e3f8da96334607eb6ac6aa\"},\"headline\":\"O Concello de Tui recibe a medalla de ouro \u2018Praias sen fume\u2019\",\"datePublished\":\"2022-09-22T10:00:29+00:00\",\"mainEntityOfPage\":{\"@id\":\"https:\\\/\\\/www.anovapeneira.gal\\\/index.php\\\/2022\\\/09\\\/22\\\/o-concello-de-tui-recibe-a-medalla-de-ouro-praias-sen-fume\\\/\"},\"wordCount\":298,\"commentCount\":0,\"publisher\":{\"@id\":\"https:\\\/\\\/www.anovapeneira.gal\\\/#organization\"},\"image\":{\"@id\":\"https:\\\/\\\/www.anovapeneira.gal\\\/index.php\\\/2022\\\/09\\\/22\\\/o-concello-de-tui-recibe-a-medalla-de-ouro-praias-sen-fume\\\/#primaryimage\"},\"thumbnailUrl\":\"https:\\\/\\\/www.anovapeneira.gal\\\/wp-content\\\/uploads\\\/2022\\\/09\\\/praias_sen_fume.jpg\",\"keywords\":[\"Concello de Tui\"],\"articleSection\":[\"Baixo Mi\u00f1o\"],\"inLanguage\":\"gl-ES\",\"potentialAction\":[{\"@type\":\"CommentAction\",\"name\":\"Comment\",\"target\":[\"https:\\\/\\\/www.anovapeneira.gal\\\/index.php\\\/2022\\\/09\\\/22\\\/o-concello-de-tui-recibe-a-medalla-de-ouro-praias-sen-fume\\\/#respond\"]}]},{\"@type\":\"WebPage\",\"@id\":\"https:\\\/\\\/www.anovapeneira.gal\\\/index.php\\\/2022\\\/09\\\/22\\\/o-concello-de-tui-recibe-a-medalla-de-ouro-praias-sen-fume\\\/\",\"url\":\"https:\\\/\\\/www.anovapeneira.gal\\\/index.php\\\/2022\\\/09\\\/22\\\/o-concello-de-tui-recibe-a-medalla-de-ouro-praias-sen-fume\\\/\",\"name\":\"O Concello de Tui recibe a medalla de ouro \u2018Praias sen fume\u2019 -\",\"isPartOf\":{\"@id\":\"https:\\\/\\\/www.anovapeneira.gal\\\/#website\"},\"primaryImageOfPage\":{\"@id\":\"https:\\\/\\\/www.anovapeneira.gal\\\/index.php\\\/2022\\\/09\\\/22\\\/o-concello-de-tui-recibe-a-medalla-de-ouro-praias-sen-fume\\\/#primaryimage\"},\"image\":{\"@id\":\"https:\\\/\\\/www.anovapeneira.gal\\\/index.php\\\/2022\\\/09\\\/22\\\/o-concello-de-tui-recibe-a-medalla-de-ouro-praias-sen-fume\\\/#primaryimage\"},\"thumbnailUrl\":\"https:\\\/\\\/www.anovapeneira.gal\\\/wp-content\\\/uploads\\\/2022\\\/09\\\/praias_sen_fume.jpg\",\"datePublished\":\"2022-09-22T10:00:29+00:00\",\"description\":\"O galard\u00f3n aos areeiros fluviais tudenses foi recollido por Ismael Diz, concelleiro de Medio Ambiente\",\"breadcrumb\":{\"@id\":\"https:\\\/\\\/www.anovapeneira.gal\\\/index.php\\\/2022\\\/09\\\/22\\\/o-concello-de-tui-recibe-a-medalla-de-ouro-praias-sen-fume\\\/#breadcrumb\"},\"inLanguage\":\"gl-ES\",\"potentialAction\":[{\"@type\":\"ReadAction\",\"target\":[\"https:\\\/\\\/www.anovapeneira.gal\\\/index.php\\\/2022\\\/09\\\/22\\\/o-concello-de-tui-recibe-a-medalla-de-ouro-praias-sen-fume\\\/\"]}]},{\"@type\":\"ImageObject\",\"inLanguage\":\"gl-ES\",\"@id\":\"https:\\\/\\\/www.anovapeneira.gal\\\/index.php\\\/2022\\\/09\\\/22\\\/o-concello-de-tui-recibe-a-medalla-de-ouro-praias-sen-fume\\\/#primaryimage\",\"url\":\"https:\\\/\\\/www.anovapeneira.gal\\\/wp-content\\\/uploads\\\/2022\\\/09\\\/praias_sen_fume.jpg\",\"contentUrl\":\"https:\\\/\\\/www.anovapeneira.gal\\\/wp-content\\\/uploads\\\/2022\\\/09\\\/praias_sen_fume.jpg\",\"width\":720,\"height\":432,\"caption\":\"O Concello de Tui recibe a medalla de ouro \u2018Praias sen fume\u2019\"},{\"@type\":\"BreadcrumbList\",\"@id\":\"https:\\\/\\\/www.anovapeneira.gal\\\/index.php\\\/2022\\\/09\\\/22\\\/o-concello-de-tui-recibe-a-medalla-de-ouro-praias-sen-fume\\\/#breadcrumb\",\"itemListElement\":[{\"@type\":\"ListItem\",\"position\":1,\"name\":\"Portada\",\"item\":\"https:\\\/\\\/www.anovapeneira.gal\\\/\"},{\"@type\":\"ListItem\",\"position\":2,\"name\":\"O Concello de Tui recibe a medalla de ouro \u2018Praias sen fume\u2019\"}]},{\"@type\":\"WebSite\",\"@id\":\"https:\\\/\\\/www.anovapeneira.gal\\\/#website\",\"url\":\"https:\\\/\\\/www.anovapeneira.gal\\\/\",\"name\":\"\",\"description\":\"Xornal galego de informaci\u00f3n xeral Publicaci\u00f3n mensual de novas de Galicia e en especial dos Concellos da sur da provincia de Pontevedra.\",\"publisher\":{\"@id\":\"https:\\\/\\\/www.anovapeneira.gal\\\/#organization\"},\"potentialAction\":[{\"@type\":\"SearchAction\",\"target\":{\"@type\":\"EntryPoint\",\"urlTemplate\":\"https:\\\/\\\/www.anovapeneira.gal\\\/?s={search_term_string}\"},\"query-input\":{\"@type\":\"PropertyValueSpecification\",\"valueRequired\":true,\"valueName\":\"search_term_string\"}}],\"inLanguage\":\"gl-ES\"},{\"@type\":\"Organization\",\"@id\":\"https:\\\/\\\/www.anovapeneira.gal\\\/#organization\",\"name\":\"A Nova Peneira\",\"url\":\"https:\\\/\\\/www.anovapeneira.gal\\\/\",\"logo\":{\"@type\":\"ImageObject\",\"inLanguage\":\"gl-ES\",\"@id\":\"https:\\\/\\\/www.anovapeneira.gal\\\/#\\\/schema\\\/logo\\\/image\\\/\",\"url\":\"http:\\\/\\\/www.anovapeneira.gal\\\/wp-content\\\/uploads\\\/2019\\\/06\\\/logo_a_nova_peneira_portal_web.png\",\"contentUrl\":\"http:\\\/\\\/www.anovapeneira.gal\\\/wp-content\\\/uploads\\\/2019\\\/06\\\/logo_a_nova_peneira_portal_web.png\",\"width\":300,\"height\":100,\"caption\":\"A Nova Peneira\"},\"image\":{\"@id\":\"https:\\\/\\\/www.anovapeneira.gal\\\/#\\\/schema\\\/logo\\\/image\\\/\"},\"sameAs\":[\"https:\\\/\\\/www.facebook.com\\\/anovapeneira\",\"https:\\\/\\\/x.com\\\/APeneira\"]},{\"@type\":\"Person\",\"@id\":\"https:\\\/\\\/www.anovapeneira.gal\\\/#\\\/schema\\\/person\\\/b93e3f8932e3f8da96334607eb6ac6aa\",\"name\":\"Redacci\u00f3n A Nova Peneira\",\"image\":{\"@type\":\"ImageObject\",\"inLanguage\":\"gl-ES\",\"@id\":\"https:\\\/\\\/secure.gravatar.com\\\/avatar\\\/c052a2551a06e23fac63626232eaa90abd78dbcf1700fc46a2b2c89fd27b735f?s=96&d=mm&r=g\",\"url\":\"https:\\\/\\\/secure.gravatar.com\\\/avatar\\\/c052a2551a06e23fac63626232eaa90abd78dbcf1700fc46a2b2c89fd27b735f?s=96&d=mm&r=g\",\"contentUrl\":\"https:\\\/\\\/secure.gravatar.com\\\/avatar\\\/c052a2551a06e23fac63626232eaa90abd78dbcf1700fc46a2b2c89fd27b735f?s=96&d=mm&r=g\",\"caption\":\"Redacci\u00f3n A Nova Peneira\"},\"sameAs\":[\"http:\\\/\\\/www.anovapeneira.gal\\\/\"],\"url\":\"https:\\\/\\\/www.anovapeneira.gal\\\/index.php\\\/author\\\/redactor\\\/\"}]}<\/script>\n<!-- \/ Yoast SEO plugin. -->","yoast_head_json":{"title":"O Concello de Tui recibe a medalla de ouro \u2018Praias sen fume\u2019 -","description":"O galard\u00f3n aos areeiros fluviais tudenses foi recollido por Ismael Diz, concelleiro de Medio Ambiente","robots":{"index":"index","follow":"follow","max-snippet":"max-snippet:-1","max-image-preview":"max-image-preview:large","max-video-preview":"max-video-preview:-1"},"canonical":"https:\/\/www.anovapeneira.gal\/index.php\/2022\/09\/22\/o-concello-de-tui-recibe-a-medalla-de-ouro-praias-sen-fume\/","og_locale":"gl_ES","og_type":"article","og_title":"O Concello de Tui recibe a medalla de ouro \u2018Praias sen fume\u2019 -","og_description":"O galard\u00f3n aos areeiros fluviais tudenses foi recollido por Ismael Diz, concelleiro de Medio Ambiente","og_url":"https:\/\/www.anovapeneira.gal\/index.php\/2022\/09\/22\/o-concello-de-tui-recibe-a-medalla-de-ouro-praias-sen-fume\/","article_publisher":"https:\/\/www.facebook.com\/anovapeneira","article_published_time":"2022-09-22T10:00:29+00:00","og_image":[{"width":720,"height":432,"url":"https:\/\/www.anovapeneira.gal\/wp-content\/uploads\/2022\/09\/praias_sen_fume.jpg","type":"image\/jpeg"}],"author":"Redacci\u00f3n A Nova Peneira","twitter_card":"summary_large_image","twitter_creator":"@APeneira","twitter_site":"@APeneira","twitter_misc":{"Escrito por":"Redacci\u00f3n A Nova Peneira","Tempo de lectura":"2 minutos"},"schema":{"@context":"https:\/\/schema.org","@graph":[{"@type":"Article","@id":"https:\/\/www.anovapeneira.gal\/index.php\/2022\/09\/22\/o-concello-de-tui-recibe-a-medalla-de-ouro-praias-sen-fume\/#article","isPartOf":{"@id":"https:\/\/www.anovapeneira.gal\/index.php\/2022\/09\/22\/o-concello-de-tui-recibe-a-medalla-de-ouro-praias-sen-fume\/"},"author":{"name":"Redacci\u00f3n A Nova Peneira","@id":"https:\/\/www.anovapeneira.gal\/#\/schema\/person\/b93e3f8932e3f8da96334607eb6ac6aa"},"headline":"O Concello de Tui recibe a medalla de ouro \u2018Praias sen fume\u2019","datePublished":"2022-09-22T10:00:29+00:00","mainEntityOfPage":{"@id":"https:\/\/www.anovapeneira.gal\/index.php\/2022\/09\/22\/o-concello-de-tui-recibe-a-medalla-de-ouro-praias-sen-fume\/"},"wordCount":298,"commentCount":0,"publisher":{"@id":"https:\/\/www.anovapeneira.gal\/#organization"},"image":{"@id":"https:\/\/www.anovapeneira.gal\/index.php\/2022\/09\/22\/o-concello-de-tui-recibe-a-medalla-de-ouro-praias-sen-fume\/#primaryimage"},"thumbnailUrl":"https:\/\/www.anovapeneira.gal\/wp-content\/uploads\/2022\/09\/praias_sen_fume.jpg","keywords":["Concello de Tui"],"articleSection":["Baixo Mi\u00f1o"],"inLanguage":"gl-ES","potentialAction":[{"@type":"CommentAction","name":"Comment","target":["https:\/\/www.anovapeneira.gal\/index.php\/2022\/09\/22\/o-concello-de-tui-recibe-a-medalla-de-ouro-praias-sen-fume\/#respond"]}]},{"@type":"WebPage","@id":"https:\/\/www.anovapeneira.gal\/index.php\/2022\/09\/22\/o-concello-de-tui-recibe-a-medalla-de-ouro-praias-sen-fume\/","url":"https:\/\/www.anovapeneira.gal\/index.php\/2022\/09\/22\/o-concello-de-tui-recibe-a-medalla-de-ouro-praias-sen-fume\/","name":"O Concello de Tui recibe a medalla de ouro \u2018Praias sen fume\u2019 -","isPartOf":{"@id":"https:\/\/www.anovapeneira.gal\/#website"},"primaryImageOfPage":{"@id":"https:\/\/www.anovapeneira.gal\/index.php\/2022\/09\/22\/o-concello-de-tui-recibe-a-medalla-de-ouro-praias-sen-fume\/#primaryimage"},"image":{"@id":"https:\/\/www.anovapeneira.gal\/index.php\/2022\/09\/22\/o-concello-de-tui-recibe-a-medalla-de-ouro-praias-sen-fume\/#primaryimage"},"thumbnailUrl":"https:\/\/www.anovapeneira.gal\/wp-content\/uploads\/2022\/09\/praias_sen_fume.jpg","datePublished":"2022-09-22T10:00:29+00:00","description":"O galard\u00f3n aos areeiros fluviais tudenses foi recollido por Ismael Diz, concelleiro de Medio Ambiente","breadcrumb":{"@id":"https:\/\/www.anovapeneira.gal\/index.php\/2022\/09\/22\/o-concello-de-tui-recibe-a-medalla-de-ouro-praias-sen-fume\/#breadcrumb"},"inLanguage":"gl-ES","potentialAction":[{"@type":"ReadAction","target":["https:\/\/www.anovapeneira.gal\/index.php\/2022\/09\/22\/o-concello-de-tui-recibe-a-medalla-de-ouro-praias-sen-fume\/"]}]},{"@type":"ImageObject","inLanguage":"gl-ES","@id":"https:\/\/www.anovapeneira.gal\/index.php\/2022\/09\/22\/o-concello-de-tui-recibe-a-medalla-de-ouro-praias-sen-fume\/#primaryimage","url":"https:\/\/www.anovapeneira.gal\/wp-content\/uploads\/2022\/09\/praias_sen_fume.jpg","contentUrl":"https:\/\/www.anovapeneira.gal\/wp-content\/uploads\/2022\/09\/praias_sen_fume.jpg","width":720,"height":432,"caption":"O Concello de Tui recibe a medalla de ouro \u2018Praias sen fume\u2019"},{"@type":"BreadcrumbList","@id":"https:\/\/www.anovapeneira.gal\/index.php\/2022\/09\/22\/o-concello-de-tui-recibe-a-medalla-de-ouro-praias-sen-fume\/#breadcrumb","itemListElement":[{"@type":"ListItem","position":1,"name":"Portada","item":"https:\/\/www.anovapeneira.gal\/"},{"@type":"ListItem","position":2,"name":"O Concello de Tui recibe a medalla de ouro \u2018Praias sen fume\u2019"}]},{"@type":"WebSite","@id":"https:\/\/www.anovapeneira.gal\/#website","url":"https:\/\/www.anovapeneira.gal\/","name":"","description":"Xornal galego de informaci\u00f3n xeral Publicaci\u00f3n mensual de novas de Galicia e en especial dos Concellos da sur da provincia de Pontevedra.","publisher":{"@id":"https:\/\/www.anovapeneira.gal\/#organization"},"potentialAction":[{"@type":"SearchAction","target":{"@type":"EntryPoint","urlTemplate":"https:\/\/www.anovapeneira.gal\/?s={search_term_string}"},"query-input":{"@type":"PropertyValueSpecification","valueRequired":true,"valueName":"search_term_string"}}],"inLanguage":"gl-ES"},{"@type":"Organization","@id":"https:\/\/www.anovapeneira.gal\/#organization","name":"A Nova Peneira","url":"https:\/\/www.anovapeneira.gal\/","logo":{"@type":"ImageObject","inLanguage":"gl-ES","@id":"https:\/\/www.anovapeneira.gal\/#\/schema\/logo\/image\/","url":"http:\/\/www.anovapeneira.gal\/wp-content\/uploads\/2019\/06\/logo_a_nova_peneira_portal_web.png","contentUrl":"http:\/\/www.anovapeneira.gal\/wp-content\/uploads\/2019\/06\/logo_a_nova_peneira_portal_web.png","width":300,"height":100,"caption":"A Nova Peneira"},"image":{"@id":"https:\/\/www.anovapeneira.gal\/#\/schema\/logo\/image\/"},"sameAs":["https:\/\/www.facebook.com\/anovapeneira","https:\/\/x.com\/APeneira"]},{"@type":"Person","@id":"https:\/\/www.anovapeneira.gal\/#\/schema\/person\/b93e3f8932e3f8da96334607eb6ac6aa","name":"Redacci\u00f3n A Nova Peneira","image":{"@type":"ImageObject","inLanguage":"gl-ES","@id":"https:\/\/secure.gravatar.com\/avatar\/c052a2551a06e23fac63626232eaa90abd78dbcf1700fc46a2b2c89fd27b735f?s=96&d=mm&r=g","url":"https:\/\/secure.gravatar.com\/avatar\/c052a2551a06e23fac63626232eaa90abd78dbcf1700fc46a2b2c89fd27b735f?s=96&d=mm&r=g","contentUrl":"https:\/\/secure.gravatar.com\/avatar\/c052a2551a06e23fac63626232eaa90abd78dbcf1700fc46a2b2c89fd27b735f?s=96&d=mm&r=g","caption":"Redacci\u00f3n A Nova Peneira"},"sameAs":["http:\/\/www.anovapeneira.gal\/"],"url":"https:\/\/www.anovapeneira.gal\/index.php\/author\/redactor\/"}]}},"jetpack_featured_media_url":"https:\/\/www.anovapeneira.gal\/wp-content\/uploads\/2022\/09\/praias_sen_fume.jpg","_links":{"self":[{"href":"https:\/\/www.anovapeneira.gal\/index.php\/wp-json\/wp\/v2\/posts\/8173","targetHints":{"allow":["GET"]}}],"collection":[{"href":"https:\/\/www.anovapeneira.gal\/index.php\/wp-json\/wp\/v2\/posts"}],"about":[{"href":"https:\/\/www.anovapeneira.gal\/index.php\/wp-json\/wp\/v2\/types\/post"}],"author":[{"embeddable":true,"href":"https:\/\/www.anovapeneira.gal\/index.php\/wp-json\/wp\/v2\/users\/3"}],"replies":[{"embeddable":true,"href":"https:\/\/www.anovapeneira.gal\/index.php\/wp-json\/wp\/v2\/comments?post=8173"}],"version-history":[{"count":1,"href":"https:\/\/www.anovapeneira.gal\/index.php\/wp-json\/wp\/v2\/posts\/8173\/revisions"}],"predecessor-version":[{"id":8174,"href":"https:\/\/www.anovapeneira.gal\/index.php\/wp-json\/wp\/v2\/posts\/8173\/revisions\/8174"}],"wp:featuredmedia":[{"embeddable":true,"href":"https:\/\/www.anovapeneira.gal\/index.php\/wp-json\/wp\/v2\/media\/8175"}],"wp:attachment":[{"href":"https:\/\/www.anovapeneira.gal\/index.php\/wp-json\/wp\/v2\/media?parent=8173"}],"wp:term":[{"taxonomy":"category","embeddable":true,"href":"https:\/\/www.anovapeneira.gal\/index.php\/wp-json\/wp\/v2\/categories?post=8173"},{"taxonomy":"post_tag","embeddable":true,"href":"https:\/\/www.anovapeneira.gal\/index.php\/wp-json\/wp\/v2\/tags?post=8173"}],"curies":[{"name":"wp","href":"https:\/\/api.w.org\/{rel}","templated":true}]}}