{"id":8176,"date":"2022-09-21T12:00:30","date_gmt":"2022-09-21T10:00:30","guid":{"rendered":"https:\/\/www.anovapeneira.gal\/?p=8176"},"modified":"2022-09-16T10:42:47","modified_gmt":"2022-09-16T08:42:47","slug":"depurando-responsabilidades-sobre-a-contaminacion-do-tea","status":"publish","type":"post","link":"https:\/\/www.anovapeneira.gal\/index.php\/2022\/09\/21\/depurando-responsabilidades-sobre-a-contaminacion-do-tea\/","title":{"rendered":"Depurando responsabilidades sobre a contaminaci\u00f3n do Tea"},"content":{"rendered":"\n<figure class=\"wp-block-image size-full is-resized is-style-default\"><img loading=\"lazy\" decoding=\"async\" src=\"https:\/\/www.anovapeneira.gal\/wp-content\/uploads\/2022\/09\/alma_lopez_figueiras.jpg\" alt=\"\" class=\"wp-image-8177\" width=\"95\" height=\"115\"\/><figcaption>Alma L\u00f3pez Figueiras<\/figcaption><\/figure>\n\n\n\n<p><em>O r\u00edo, que forma parte da Rede Natura 2000, sufre as consecuencias da ineficiente depuraci\u00f3n de augas residuais na EDAR de Mondariz Balneario, constru\u00edda hai 17 anos coa esperanza de reducir as verteduras contaminantes tam\u00e9n en Mondariz para mellorar a calidade medioambiental. As relaci\u00f3ns de cooperaci\u00f3n entre os dous concellos, cada vez m\u00e1is tensas.<\/em><\/p>\n\n\n\n<p>Nos anos noventa do s\u00e9culo pasado, cando desde a asociaci\u00f3n ecoloxista Adenco comezaban a denunciar activamente as verteduras contaminantes sobre o r\u00edo Tea en Ponteareas, \u201cMondariz Balneario, malia ter unha decantadora precaria, era unha abandeirada da depuraci\u00f3n\u201d. As\u00ed lembra desde Mondariz Xos\u00e9 Barcia, un hist\u00f3rico militante do movemento ecoloxista na comarca do Condado, aqueles anos previos \u00e1 construci\u00f3n dunha moderna Estaci\u00f3n Depuradora de Augas Residuais (EDAR) no Paseo de Troncoso da Moi Hospitalaria Vila. Corr\u00eda o ano 2005 e, ao tempo que se inauguraba a reconstruci\u00f3n do Gran Hotel de Mondariz, traball\u00e1base na posta en marcha dunha nova instalaci\u00f3n con capacidade t\u00e9cnica para dar servizo a unha poboaci\u00f3n equivalente de 6.000 habitantes. As expectativas sobre a posibilidade de reducir drasticamente as verteduras contaminantes sobre o r\u00edo Tea \u2013principalmente en Mondariz, onde se ubica a planta embotelladora de Aguas de Mondariz\u2013 eran altas, mais pasaron case d\u00faas d\u00e9cadas e a situaci\u00f3n non mudou demasiado.<\/p>\n\n\n\n<p>\u201cSendo un concello tan pequeno, cando Mondariz Balneario solicita infraestruturas como unha depuradora ou unha garder\u00eda no seu territorio tira da poboaci\u00f3n do veci\u00f1o Mondariz como xustificaci\u00f3n\u201d, reflexiona Barcia, que foi concelleiro do BNG na Corporaci\u00f3n Municipal de Mondariz antes de que Augas de Galicia financiase a construci\u00f3n da EDAR con fondos europeos. En base a esta xustificaci\u00f3n, ese ano 2005 os dous concellos asinaron un convenio de colaboraci\u00f3n para o sostemento conxunto dos servizos de depuraci\u00f3n, garder\u00eda e punto limpo, localizados os tres en territorio de Mondariz Balneario. A depuraci\u00f3n, con todo, atopouse con limitaci\u00f3ns substanciais no volume de verteduras autorizado que afectaron principalmente ao Concello de Mondariz e acenderon a mecha dun conflito a\u00ednda non resolto que foi pasando polas mans de tres alcaldes de tres partidos distintos ao longo de 17 anos, demostrando que a falta de entendemento nesta cuesti\u00f3n \u00eda m\u00e1is al\u00e1 da ideolox\u00eda.<\/p>\n\n\n\n<p>Desde o comezo do seu mandato, o actual Goberno municipal de Mondariz mostrou unha gran preocupaci\u00f3n pola situaci\u00f3n da EDAR de Mondariz e a falta de conexi\u00f3n da rede de saneamento da localidade a trav\u00e9s do colector xeral de augas residuais constru\u00eddo \u00e1 beira do Tea en 2015 e que nunca se chegou a utilizar. \u201cA EDAR de Mondariz Balneario est\u00e1 funcionando cunha autorizaci\u00f3n de verteduras para unha poboaci\u00f3n equivalente de 2.500 habitantes (apenas 500 habitantes de Mondariz), o cal indica que est\u00e1 infrautilizada\u201d, sinala Xos\u00e9 Emilio Barros, alcalde de Mondariz.<\/p>\n\n\n\n<p><strong>Excesivas infiltraci\u00f3ns de augas limpas<\/strong><\/p>\n\n\n\n<p>Detr\u00e1s da resistencia de Mondariz Balneario a permitir m\u00e1is verteduras de Mondariz hai unha explicaci\u00f3n obxectiva: malia estar operando ao 41,5% da s\u00faa capacidade t\u00e9cnica, a EDAR verte o triple do caudal autorizado. Segundo os c\u00e1lculos de Mauro Chivite, que \u00e9 concelleiro do BNG de Mondariz Balneario y fiscaliza o funcionamento da depuraci\u00f3n desde a oposici\u00f3n, as verteduras rexistradas na EDAR representan m\u00e1is de mil litros por persoa e d\u00eda, cando a media no Estado espa\u00f1ol \u00e9 de 220 libros por persoa e d\u00eda. \u201c\u00c9 evidente que existe un desfasamento, derivado das infiltraci\u00f3ns de pluviais na rede de saneamento\u201d, comenta. A propia Augas de Galicia, nos seus informes peri\u00f3dicos, ten recomendado a realizaci\u00f3n dunha campa\u00f1a de inspecci\u00f3n nas redes de saneamento para determinar os puntos de maior infiltraci\u00f3n de augas limpas e tomar as medidas adecuadas.<\/p>\n\n\n\n<p>O Concello de Mondariz Balneario, que durante moito tempo estivo de costas a este problema e apuntaba a Mondariz como principal responsable das infiltraci\u00f3ns, como critican desde o concello veci\u00f1o, reco\u00f1ece actualmente a situaci\u00f3n e mesmo ten contratado a unha empresa externa para elaborar un estudo. Con todo, asume que reducir a entrada de augas limpas na rede de saneamento \u00e9 complicado e lento. A\u00ednda que se reducise a entrada de augas limpas, \u201chaber\u00eda que considerar m\u00e1is variables antes de permitir un aumento de verteduras de augas residuais\u201d de Mondariz, comentan desde a oficina t\u00e9cnica de Secretar\u00eda-Intervenci\u00f3n de Mondariz Balneario. \u201cOs sistemas de depuraci\u00f3n nunca son eficientes ao 100%, e a EDAR est\u00e1 ao l\u00edmite\u201d, argumentan.<\/p>\n\n\n\n<p><strong>Mondariz intensifica a presi\u00f3n<\/strong><\/p>\n\n\n\n<p>En Mondariz, onde esta limitaci\u00f3n de acceso \u00e1 EDAR de Mondariz Balneario afecta directamente ao saneamento municipal, demandan desde hai tempo unha soluci\u00f3n e critican a falta de vontade pol\u00edtica do alcalde do concello veci\u00f1o para resolver un problema que principalmente \u00e9 medioambiental e, como tal, non entende de fronteiras pol\u00edtico-administrativas. As\u00ed e todo, admiten que \u00e9 unha cuesti\u00f3n m\u00e1is complexa do que parece. \u201cSomos conscientes de que a EDAR de Mondariz Balneario non pode dar servizo a todos os habitantes de Mondariz\u201d a\u00ednda que opere alg\u00fan d\u00eda ao 100% da s\u00faa capacidade t\u00e9cnica, pero si \u201cconsideramos fundamental chegar a enganchar o colector xeral\u201d, que representa as verteduras duns 2.000 habitantes de Mondariz, Cernadela (Riofr\u00edo) e Frades, explica Barros.<\/p>\n\n\n\n<p>As infraestruturas que utiliza Mondariz para depurar este volume de verteduras hai anos que est\u00e1n saturadas e non responden \u00e1s necesidades de saneamento da vila. As verteduras contaminantes ao r\u00edo, ademais de danar a calidade medioambiental dunha contorna con gran valor ecol\u00f3xico e interese tur\u00edstico, implican sanci\u00f3ns recorrentes por parte de CHMS que repercuten a nivel econ\u00f3mico e financieiro.<\/p>\n\n\n\n<p>No seu empe\u00f1o por solucionar o problema de acceso \u00e1 EDAR, o Goberno municipal de Mondariz ten tomado distancia respecto dos enfoques anteriores e traballa desde varios puntos de vista para presionar a Mondariz Balneario. Un deles \u00e9 ter en conta as instituci\u00f3ns supramunicipais, como a CHMS. Actualmente, por exemplo, est\u00e1 en proceso de legalizar o colector xeral de augas residuais que se constru\u00edra en 2015, como obra de urxencia tras unha vertedura altamente t\u00f3xica que tivera lugar meses atr\u00e1s, e que unha vez feito non obtivera a autorizaci\u00f3n necesaria da CHMS para poder operar e chegar a conectar coa EDAR.<\/p>\n\n\n\n<p>\u201cAta agora, ning\u00fan Goberno municipal fixera os tr\u00e1mites necesarios para legalizar esta infraestrutura\u201d, advirte Barros, cr\u00edtico coa xesti\u00f3n pol\u00edtica deste problema de saneamento durante os mandatos anteriores do PP e Alternativa por Mondariz. A teor dos escritos de CHMS recibidos no contexto deste proceso, o concelleiro de medio ambiente, Leopoldo Tato, interpreta con optimismo o posicionamento desta instituci\u00f3n, que relaciona a legalizaci\u00f3n do colector coa autorizaci\u00f3n de verteduras e menciona o programa de reduci\u00f3n da contaminaci\u00f3n aprobado hai uns anos e que a\u00ednda non foi debidamente executado. \u201cAbre a porta a una posible soluci\u00f3n do problema\u201d, comenta.<\/p>\n\n\n\n<p>A \u00faltima palabra, en todo caso, a ten o Concello de Mondariz Balneario, responsable de autorizar ou non as verteduras que solicita Mondariz. Preguntado sobre as reclamaci\u00f3ns do concello veci\u00f1o, Jos\u00e9 Antonio Lorenzo, que o pr\u00f3ximo ano cumprir\u00e1 40 anos como alcalde de Mondariz Balneario, reivindica o car\u00e1cter municipal da EDAR e non entende a atenci\u00f3n medi\u00e1tica que suscita este asunto. A pesar de manifestar que o concello ten interese en colaborar, desde a oficina t\u00e9cnica de Secretar\u00eda-Intervenci\u00f3n corroboran o enfoque do alcalde: \u201cA depuradora \u00e9 de Mondariz Balneario, non \u00e9 compartida\u201d. E suli\u00f1an: \u201cMondariz Balneario non lle pode resolver o problema de depuraci\u00f3n a Mondariz\u201d.<\/p>\n\n\n\n<p><strong>Denuncias de opacidade nas contas<\/strong><\/p>\n\n\n\n<p>En relaci\u00f3n ao servizo de depuraci\u00f3n, outra das frontes abertas nos \u00faltimos anos entre os concellos de Mondariz e Mondariz Balneario sit\u00faase no terreo econ\u00f3mico e financieiro. O Goberno municipal de Mondariz, malia inclu\u00edr unha partida relacionada con este gasto no seu plan orzamentario, res\u00edstese a pagar as liquidaci\u00f3ns que lle env\u00eda Mondariz Balneario polo servizo sen antes aclarar certos datos. \u201cEnviamos ata tres requerimentos de informaci\u00f3n a Mondariz Balneario para solicitarlle datos que poidan xustificar a aportaci\u00f3n econ\u00f3mica que lle exixe a Mondariz, pero non tivemos resposta\u201d, explica Xos\u00e9 Emilio Barros. \u201cTemos vontade de pagar, pero non a cegas\u201d.<\/p>\n\n\n\n<p>A cont\u00eda acumulada desde 2019 ascend\u00eda a 138.247,47 \u20ac a principios deste ano e foi denunciada publicamente pola oposici\u00f3n que lidera Alternativa por Mondariz, partidario de saldar as contas co concello veci\u00f1o antes de buscar unha negociaci\u00f3n, como xa fixera durante o mandato de Xoan Carlos Montes, pag\u00e1ndolle a Mondariz Balneario unha suma acumulada durante o mandato precedente de Julio Al\u00e9n, sen acadar avances significativos na resoluci\u00f3n do problema, como advirten desde o actual Goberno municipal de coalici\u00f3n. Este, pola contra, non entende este pago pendente de realizar como unha d\u00e9beda, sen\u00f3n como \u201co resultado de cuestionar unhas cantidades que se reclaman e non se xustifican debidamente, que non \u00e9 o mesmo\u201d, indica Barros.<\/p>\n\n\n\n<p>Mondariz Balneario, malia non aclarar datos relevantes como o custo da depuraci\u00f3n que se realiza na EDAR, m\u00f3strase indignado coa estratexia pol\u00edtica de fiscalizaci\u00f3n adoptada no concello veci\u00f1o. Con todo, non o toman como un caso extraordinario nas relaci\u00f3ns intermunicipais. \u201cMondariz sempre tarda en pagar\u201d, afirman desde a oficina t\u00e9cnica de Secretar\u00eda-Intervenci\u00f3n, estendendo a cr\u00edtica a outros servizos sostidos conxuntamente conforme ao convenio de colaboraci\u00f3n, como a garder\u00eda.<\/p>\n\n\n\n<p>Respecto do custo da depuraci\u00f3n, que para Mondariz \u00e9 un dato fundamental para avaliar a rendabilidade do servizo, o propio Concello de Mondariz Balneario reco\u00f1ece que \u00e9 dif\u00edcil sabelo porque a empresa concesionaria, Espina y Delf\u00edn, leva a xesti\u00f3n tanto da depuraci\u00f3n como da tra\u00edda de auga. \u201cHai bastante escurantismo\u201d, sinalan desde o BNG de Mondariz Balneario, sen descartar a posibilidade de que a empresa saque proveito do contexto de depuraci\u00f3n natural por diluci\u00f3n que xorde da excesiva e descontrolada infiltraci\u00f3n de augas limpas na rede de saneamento. \u201cA depuradora non est\u00e1 funcionando, non necesitan aplicar o tratamento qu\u00edmico para depurar\u201d, argumentan desde a oposici\u00f3n.<\/p>\n\n\n\n<p>O que m\u00e1is preocupa aos que demandan un maior control das infiltraci\u00f3ns de augas limpas na rede de saneamento para reducir o caudal de verteduras da EDAR de Mondariz Balneario e permitir que Mondariz enganche o seu colector xeral de augas residuais \u00e9 a calidade medioambiental do r\u00edo Tea. O problema \u00e9 complexo, mais tanto desde Mondariz como desde Mondariz Balneario apuntan \u00e1 figura pol\u00edtica de Jos\u00e9 Antonio Lorenzo. \u201cConsidera que o problema \u00e9 de Mondariz, non o sinte como propio a pesar de que a merda que se verte r\u00edo arriba ch\u00e9ganos a n\u00f3s\u201d, sinala Mauro Chivite deste a oposici\u00f3n nacionalista. O persoal t\u00e9cnico do propio concello admite que existe un ofuscamento que dificulta a comunicaci\u00f3n e as relaci\u00f3ns de colaboraci\u00f3n con Mondariz para atopar unha soluci\u00f3n coordinada.<\/p>\n\n\n\n<p>As candidaturas para as elecci\u00f3ns municipais do pr\u00f3ximo ano a\u00ednda non est\u00e1n confirmadas, mais a depuraci\u00f3n e as tensas relaci\u00f3ns de colaboraci\u00f3n entre os dous concellos de seguro estar\u00e1n presentes no debate de precampa\u00f1a.<\/p>\n","protected":false},"excerpt":{"rendered":"<div class=\"mh-excerpt\"><p>O r\u00edo, que forma parte da Rede Natura 2000, sufre as consecuencias da ineficiente depuraci\u00f3n de augas residuais na EDAR de Mondariz Balneario, constru\u00edda hai 17 anos coa esperanza de reducir as verteduras contaminantes tam\u00e9n en Mondariz para mellorar a calidade medioambiental <a class=\"mh-excerpt-more\" href=\"https:\/\/www.anovapeneira.gal\/index.php\/2022\/09\/21\/depurando-responsabilidades-sobre-a-contaminacion-do-tea\/\" title=\"Depurando responsabilidades sobre a contaminaci\u00f3n do Tea\">[&#8230;]<\/a><\/p>\n<\/div>","protected":false},"author":41,"featured_media":8180,"comment_status":"open","ping_status":"open","sticky":false,"template":"","format":"standard","meta":{"_exactmetrics_skip_tracking":false,"_exactmetrics_sitenote_active":false,"_exactmetrics_sitenote_note":"","_exactmetrics_sitenote_category":0,"footnotes":""},"categories":[492],"tags":[405],"class_list":{"0":"post-8176","1":"post","2":"type-post","3":"status-publish","4":"format-standard","5":"has-post-thumbnail","7":"category-condado-reportaxes","8":"tag-concello-de-mondariz"},"yoast_head":"<!-- This site is optimized with the Yoast SEO plugin v27.4 - https:\/\/yoast.com\/product\/yoast-seo-wordpress\/ -->\n<title>Depurando responsabilidades sobre a contaminaci\u00f3n do Tea -<\/title>\n<meta name=\"description\" content=\"O r\u00edo, que forma parte da Rede Natura 2000, sufre as consecuencias da ineficiente depuraci\u00f3n de augas residuais na EDAR de Mondariz Balneario, constru\u00edda hai 17 anos coa esperanza de reducir as verteduras contaminantes tam\u00e9n en Mondariz para mellorar a calidade medioambiental\" \/>\n<meta name=\"robots\" content=\"index, follow, max-snippet:-1, max-image-preview:large, max-video-preview:-1\" \/>\n<link rel=\"canonical\" href=\"https:\/\/www.anovapeneira.gal\/index.php\/2022\/09\/21\/depurando-responsabilidades-sobre-a-contaminacion-do-tea\/\" \/>\n<meta property=\"og:locale\" content=\"gl_ES\" \/>\n<meta property=\"og:type\" content=\"article\" \/>\n<meta property=\"og:title\" content=\"Depurando responsabilidades sobre a contaminaci\u00f3n do Tea -\" \/>\n<meta property=\"og:description\" content=\"O r\u00edo, que forma parte da Rede Natura 2000, sufre as consecuencias da ineficiente depuraci\u00f3n de augas residuais na EDAR de Mondariz Balneario, constru\u00edda hai 17 anos coa esperanza de reducir as verteduras contaminantes tam\u00e9n en Mondariz para mellorar a calidade medioambiental\" \/>\n<meta property=\"og:url\" content=\"https:\/\/www.anovapeneira.gal\/index.php\/2022\/09\/21\/depurando-responsabilidades-sobre-a-contaminacion-do-tea\/\" \/>\n<meta property=\"article:publisher\" content=\"https:\/\/www.facebook.com\/anovapeneira\" \/>\n<meta property=\"article:published_time\" content=\"2022-09-21T10:00:30+00:00\" \/>\n<meta property=\"og:image\" content=\"https:\/\/www.anovapeneira.gal\/wp-content\/uploads\/2022\/09\/edar_mondariz_balneario.jpg\" \/>\n\t<meta property=\"og:image:width\" content=\"720\" \/>\n\t<meta property=\"og:image:height\" content=\"432\" \/>\n\t<meta property=\"og:image:type\" content=\"image\/jpeg\" \/>\n<meta name=\"author\" content=\"Alma L\u00f3pez Figueiras\" \/>\n<meta name=\"twitter:card\" content=\"summary_large_image\" \/>\n<meta name=\"twitter:creator\" content=\"@APeneira\" \/>\n<meta name=\"twitter:site\" content=\"@APeneira\" \/>\n<meta name=\"twitter:label1\" content=\"Escrito por\" \/>\n\t<meta name=\"twitter:data1\" content=\"Alma L\u00f3pez Figueiras\" \/>\n\t<meta name=\"twitter:label2\" content=\"Tempo de lectura\" \/>\n\t<meta name=\"twitter:data2\" content=\"10 minutos\" \/>\n<script type=\"application\/ld+json\" class=\"yoast-schema-graph\">{\"@context\":\"https:\\\/\\\/schema.org\",\"@graph\":[{\"@type\":\"Article\",\"@id\":\"https:\\\/\\\/www.anovapeneira.gal\\\/index.php\\\/2022\\\/09\\\/21\\\/depurando-responsabilidades-sobre-a-contaminacion-do-tea\\\/#article\",\"isPartOf\":{\"@id\":\"https:\\\/\\\/www.anovapeneira.gal\\\/index.php\\\/2022\\\/09\\\/21\\\/depurando-responsabilidades-sobre-a-contaminacion-do-tea\\\/\"},\"author\":{\"name\":\"Alma L\u00f3pez Figueiras\",\"@id\":\"https:\\\/\\\/www.anovapeneira.gal\\\/#\\\/schema\\\/person\\\/0746a5e9aff49562caf86a581a001c1c\"},\"headline\":\"Depurando responsabilidades sobre a contaminaci\u00f3n do Tea\",\"datePublished\":\"2022-09-21T10:00:30+00:00\",\"mainEntityOfPage\":{\"@id\":\"https:\\\/\\\/www.anovapeneira.gal\\\/index.php\\\/2022\\\/09\\\/21\\\/depurando-responsabilidades-sobre-a-contaminacion-do-tea\\\/\"},\"wordCount\":1912,\"commentCount\":0,\"publisher\":{\"@id\":\"https:\\\/\\\/www.anovapeneira.gal\\\/#organization\"},\"image\":{\"@id\":\"https:\\\/\\\/www.anovapeneira.gal\\\/index.php\\\/2022\\\/09\\\/21\\\/depurando-responsabilidades-sobre-a-contaminacion-do-tea\\\/#primaryimage\"},\"thumbnailUrl\":\"https:\\\/\\\/www.anovapeneira.gal\\\/wp-content\\\/uploads\\\/2022\\\/09\\\/edar_mondariz_balneario.jpg\",\"keywords\":[\"Concello de Mondariz\"],\"articleSection\":[\"Condado\"],\"inLanguage\":\"gl-ES\",\"potentialAction\":[{\"@type\":\"CommentAction\",\"name\":\"Comment\",\"target\":[\"https:\\\/\\\/www.anovapeneira.gal\\\/index.php\\\/2022\\\/09\\\/21\\\/depurando-responsabilidades-sobre-a-contaminacion-do-tea\\\/#respond\"]}]},{\"@type\":\"WebPage\",\"@id\":\"https:\\\/\\\/www.anovapeneira.gal\\\/index.php\\\/2022\\\/09\\\/21\\\/depurando-responsabilidades-sobre-a-contaminacion-do-tea\\\/\",\"url\":\"https:\\\/\\\/www.anovapeneira.gal\\\/index.php\\\/2022\\\/09\\\/21\\\/depurando-responsabilidades-sobre-a-contaminacion-do-tea\\\/\",\"name\":\"Depurando responsabilidades sobre a contaminaci\u00f3n do Tea -\",\"isPartOf\":{\"@id\":\"https:\\\/\\\/www.anovapeneira.gal\\\/#website\"},\"primaryImageOfPage\":{\"@id\":\"https:\\\/\\\/www.anovapeneira.gal\\\/index.php\\\/2022\\\/09\\\/21\\\/depurando-responsabilidades-sobre-a-contaminacion-do-tea\\\/#primaryimage\"},\"image\":{\"@id\":\"https:\\\/\\\/www.anovapeneira.gal\\\/index.php\\\/2022\\\/09\\\/21\\\/depurando-responsabilidades-sobre-a-contaminacion-do-tea\\\/#primaryimage\"},\"thumbnailUrl\":\"https:\\\/\\\/www.anovapeneira.gal\\\/wp-content\\\/uploads\\\/2022\\\/09\\\/edar_mondariz_balneario.jpg\",\"datePublished\":\"2022-09-21T10:00:30+00:00\",\"description\":\"O r\u00edo, que forma parte da Rede Natura 2000, sufre as consecuencias da ineficiente depuraci\u00f3n de augas residuais na EDAR de Mondariz Balneario, constru\u00edda hai 17 anos coa esperanza de reducir as verteduras contaminantes tam\u00e9n en Mondariz para mellorar a calidade medioambiental\",\"breadcrumb\":{\"@id\":\"https:\\\/\\\/www.anovapeneira.gal\\\/index.php\\\/2022\\\/09\\\/21\\\/depurando-responsabilidades-sobre-a-contaminacion-do-tea\\\/#breadcrumb\"},\"inLanguage\":\"gl-ES\",\"potentialAction\":[{\"@type\":\"ReadAction\",\"target\":[\"https:\\\/\\\/www.anovapeneira.gal\\\/index.php\\\/2022\\\/09\\\/21\\\/depurando-responsabilidades-sobre-a-contaminacion-do-tea\\\/\"]}]},{\"@type\":\"ImageObject\",\"inLanguage\":\"gl-ES\",\"@id\":\"https:\\\/\\\/www.anovapeneira.gal\\\/index.php\\\/2022\\\/09\\\/21\\\/depurando-responsabilidades-sobre-a-contaminacion-do-tea\\\/#primaryimage\",\"url\":\"https:\\\/\\\/www.anovapeneira.gal\\\/wp-content\\\/uploads\\\/2022\\\/09\\\/edar_mondariz_balneario.jpg\",\"contentUrl\":\"https:\\\/\\\/www.anovapeneira.gal\\\/wp-content\\\/uploads\\\/2022\\\/09\\\/edar_mondariz_balneario.jpg\",\"width\":720,\"height\":432,\"caption\":\"Depurando responsabilidades sobre a contaminaci\u00f3n do Tea\"},{\"@type\":\"BreadcrumbList\",\"@id\":\"https:\\\/\\\/www.anovapeneira.gal\\\/index.php\\\/2022\\\/09\\\/21\\\/depurando-responsabilidades-sobre-a-contaminacion-do-tea\\\/#breadcrumb\",\"itemListElement\":[{\"@type\":\"ListItem\",\"position\":1,\"name\":\"Portada\",\"item\":\"https:\\\/\\\/www.anovapeneira.gal\\\/\"},{\"@type\":\"ListItem\",\"position\":2,\"name\":\"Depurando responsabilidades sobre a contaminaci\u00f3n do Tea\"}]},{\"@type\":\"WebSite\",\"@id\":\"https:\\\/\\\/www.anovapeneira.gal\\\/#website\",\"url\":\"https:\\\/\\\/www.anovapeneira.gal\\\/\",\"name\":\"\",\"description\":\"Xornal galego de informaci\u00f3n xeral Publicaci\u00f3n mensual de novas de Galicia e en especial dos Concellos da sur da provincia de Pontevedra.\",\"publisher\":{\"@id\":\"https:\\\/\\\/www.anovapeneira.gal\\\/#organization\"},\"potentialAction\":[{\"@type\":\"SearchAction\",\"target\":{\"@type\":\"EntryPoint\",\"urlTemplate\":\"https:\\\/\\\/www.anovapeneira.gal\\\/?s={search_term_string}\"},\"query-input\":{\"@type\":\"PropertyValueSpecification\",\"valueRequired\":true,\"valueName\":\"search_term_string\"}}],\"inLanguage\":\"gl-ES\"},{\"@type\":\"Organization\",\"@id\":\"https:\\\/\\\/www.anovapeneira.gal\\\/#organization\",\"name\":\"A Nova Peneira\",\"url\":\"https:\\\/\\\/www.anovapeneira.gal\\\/\",\"logo\":{\"@type\":\"ImageObject\",\"inLanguage\":\"gl-ES\",\"@id\":\"https:\\\/\\\/www.anovapeneira.gal\\\/#\\\/schema\\\/logo\\\/image\\\/\",\"url\":\"http:\\\/\\\/www.anovapeneira.gal\\\/wp-content\\\/uploads\\\/2019\\\/06\\\/logo_a_nova_peneira_portal_web.png\",\"contentUrl\":\"http:\\\/\\\/www.anovapeneira.gal\\\/wp-content\\\/uploads\\\/2019\\\/06\\\/logo_a_nova_peneira_portal_web.png\",\"width\":300,\"height\":100,\"caption\":\"A Nova Peneira\"},\"image\":{\"@id\":\"https:\\\/\\\/www.anovapeneira.gal\\\/#\\\/schema\\\/logo\\\/image\\\/\"},\"sameAs\":[\"https:\\\/\\\/www.facebook.com\\\/anovapeneira\",\"https:\\\/\\\/x.com\\\/APeneira\"]},{\"@type\":\"Person\",\"@id\":\"https:\\\/\\\/www.anovapeneira.gal\\\/#\\\/schema\\\/person\\\/0746a5e9aff49562caf86a581a001c1c\",\"name\":\"Alma L\u00f3pez Figueiras\",\"image\":{\"@type\":\"ImageObject\",\"inLanguage\":\"gl-ES\",\"@id\":\"https:\\\/\\\/secure.gravatar.com\\\/avatar\\\/feba821d8b06f92a15842270e547b80062a95516341d6cf987c8062ab7527628?s=96&d=mm&r=g\",\"url\":\"https:\\\/\\\/secure.gravatar.com\\\/avatar\\\/feba821d8b06f92a15842270e547b80062a95516341d6cf987c8062ab7527628?s=96&d=mm&r=g\",\"contentUrl\":\"https:\\\/\\\/secure.gravatar.com\\\/avatar\\\/feba821d8b06f92a15842270e547b80062a95516341d6cf987c8062ab7527628?s=96&d=mm&r=g\",\"caption\":\"Alma L\u00f3pez Figueiras\"},\"url\":\"https:\\\/\\\/www.anovapeneira.gal\\\/index.php\\\/author\\\/almalfigueiras\\\/\"}]}<\/script>\n<!-- \/ Yoast SEO plugin. -->","yoast_head_json":{"title":"Depurando responsabilidades sobre a contaminaci\u00f3n do Tea -","description":"O r\u00edo, que forma parte da Rede Natura 2000, sufre as consecuencias da ineficiente depuraci\u00f3n de augas residuais na EDAR de Mondariz Balneario, constru\u00edda hai 17 anos coa esperanza de reducir as verteduras contaminantes tam\u00e9n en Mondariz para mellorar a calidade medioambiental","robots":{"index":"index","follow":"follow","max-snippet":"max-snippet:-1","max-image-preview":"max-image-preview:large","max-video-preview":"max-video-preview:-1"},"canonical":"https:\/\/www.anovapeneira.gal\/index.php\/2022\/09\/21\/depurando-responsabilidades-sobre-a-contaminacion-do-tea\/","og_locale":"gl_ES","og_type":"article","og_title":"Depurando responsabilidades sobre a contaminaci\u00f3n do Tea -","og_description":"O r\u00edo, que forma parte da Rede Natura 2000, sufre as consecuencias da ineficiente depuraci\u00f3n de augas residuais na EDAR de Mondariz Balneario, constru\u00edda hai 17 anos coa esperanza de reducir as verteduras contaminantes tam\u00e9n en Mondariz para mellorar a calidade medioambiental","og_url":"https:\/\/www.anovapeneira.gal\/index.php\/2022\/09\/21\/depurando-responsabilidades-sobre-a-contaminacion-do-tea\/","article_publisher":"https:\/\/www.facebook.com\/anovapeneira","article_published_time":"2022-09-21T10:00:30+00:00","og_image":[{"width":720,"height":432,"url":"https:\/\/www.anovapeneira.gal\/wp-content\/uploads\/2022\/09\/edar_mondariz_balneario.jpg","type":"image\/jpeg"}],"author":"Alma L\u00f3pez Figueiras","twitter_card":"summary_large_image","twitter_creator":"@APeneira","twitter_site":"@APeneira","twitter_misc":{"Escrito por":"Alma L\u00f3pez Figueiras","Tempo de lectura":"10 minutos"},"schema":{"@context":"https:\/\/schema.org","@graph":[{"@type":"Article","@id":"https:\/\/www.anovapeneira.gal\/index.php\/2022\/09\/21\/depurando-responsabilidades-sobre-a-contaminacion-do-tea\/#article","isPartOf":{"@id":"https:\/\/www.anovapeneira.gal\/index.php\/2022\/09\/21\/depurando-responsabilidades-sobre-a-contaminacion-do-tea\/"},"author":{"name":"Alma L\u00f3pez Figueiras","@id":"https:\/\/www.anovapeneira.gal\/#\/schema\/person\/0746a5e9aff49562caf86a581a001c1c"},"headline":"Depurando responsabilidades sobre a contaminaci\u00f3n do Tea","datePublished":"2022-09-21T10:00:30+00:00","mainEntityOfPage":{"@id":"https:\/\/www.anovapeneira.gal\/index.php\/2022\/09\/21\/depurando-responsabilidades-sobre-a-contaminacion-do-tea\/"},"wordCount":1912,"commentCount":0,"publisher":{"@id":"https:\/\/www.anovapeneira.gal\/#organization"},"image":{"@id":"https:\/\/www.anovapeneira.gal\/index.php\/2022\/09\/21\/depurando-responsabilidades-sobre-a-contaminacion-do-tea\/#primaryimage"},"thumbnailUrl":"https:\/\/www.anovapeneira.gal\/wp-content\/uploads\/2022\/09\/edar_mondariz_balneario.jpg","keywords":["Concello de Mondariz"],"articleSection":["Condado"],"inLanguage":"gl-ES","potentialAction":[{"@type":"CommentAction","name":"Comment","target":["https:\/\/www.anovapeneira.gal\/index.php\/2022\/09\/21\/depurando-responsabilidades-sobre-a-contaminacion-do-tea\/#respond"]}]},{"@type":"WebPage","@id":"https:\/\/www.anovapeneira.gal\/index.php\/2022\/09\/21\/depurando-responsabilidades-sobre-a-contaminacion-do-tea\/","url":"https:\/\/www.anovapeneira.gal\/index.php\/2022\/09\/21\/depurando-responsabilidades-sobre-a-contaminacion-do-tea\/","name":"Depurando responsabilidades sobre a contaminaci\u00f3n do Tea -","isPartOf":{"@id":"https:\/\/www.anovapeneira.gal\/#website"},"primaryImageOfPage":{"@id":"https:\/\/www.anovapeneira.gal\/index.php\/2022\/09\/21\/depurando-responsabilidades-sobre-a-contaminacion-do-tea\/#primaryimage"},"image":{"@id":"https:\/\/www.anovapeneira.gal\/index.php\/2022\/09\/21\/depurando-responsabilidades-sobre-a-contaminacion-do-tea\/#primaryimage"},"thumbnailUrl":"https:\/\/www.anovapeneira.gal\/wp-content\/uploads\/2022\/09\/edar_mondariz_balneario.jpg","datePublished":"2022-09-21T10:00:30+00:00","description":"O r\u00edo, que forma parte da Rede Natura 2000, sufre as consecuencias da ineficiente depuraci\u00f3n de augas residuais na EDAR de Mondariz Balneario, constru\u00edda hai 17 anos coa esperanza de reducir as verteduras contaminantes tam\u00e9n en Mondariz para mellorar a calidade medioambiental","breadcrumb":{"@id":"https:\/\/www.anovapeneira.gal\/index.php\/2022\/09\/21\/depurando-responsabilidades-sobre-a-contaminacion-do-tea\/#breadcrumb"},"inLanguage":"gl-ES","potentialAction":[{"@type":"ReadAction","target":["https:\/\/www.anovapeneira.gal\/index.php\/2022\/09\/21\/depurando-responsabilidades-sobre-a-contaminacion-do-tea\/"]}]},{"@type":"ImageObject","inLanguage":"gl-ES","@id":"https:\/\/www.anovapeneira.gal\/index.php\/2022\/09\/21\/depurando-responsabilidades-sobre-a-contaminacion-do-tea\/#primaryimage","url":"https:\/\/www.anovapeneira.gal\/wp-content\/uploads\/2022\/09\/edar_mondariz_balneario.jpg","contentUrl":"https:\/\/www.anovapeneira.gal\/wp-content\/uploads\/2022\/09\/edar_mondariz_balneario.jpg","width":720,"height":432,"caption":"Depurando responsabilidades sobre a contaminaci\u00f3n do Tea"},{"@type":"BreadcrumbList","@id":"https:\/\/www.anovapeneira.gal\/index.php\/2022\/09\/21\/depurando-responsabilidades-sobre-a-contaminacion-do-tea\/#breadcrumb","itemListElement":[{"@type":"ListItem","position":1,"name":"Portada","item":"https:\/\/www.anovapeneira.gal\/"},{"@type":"ListItem","position":2,"name":"Depurando responsabilidades sobre a contaminaci\u00f3n do Tea"}]},{"@type":"WebSite","@id":"https:\/\/www.anovapeneira.gal\/#website","url":"https:\/\/www.anovapeneira.gal\/","name":"","description":"Xornal galego de informaci\u00f3n xeral Publicaci\u00f3n mensual de novas de Galicia e en especial dos Concellos da sur da provincia de Pontevedra.","publisher":{"@id":"https:\/\/www.anovapeneira.gal\/#organization"},"potentialAction":[{"@type":"SearchAction","target":{"@type":"EntryPoint","urlTemplate":"https:\/\/www.anovapeneira.gal\/?s={search_term_string}"},"query-input":{"@type":"PropertyValueSpecification","valueRequired":true,"valueName":"search_term_string"}}],"inLanguage":"gl-ES"},{"@type":"Organization","@id":"https:\/\/www.anovapeneira.gal\/#organization","name":"A Nova Peneira","url":"https:\/\/www.anovapeneira.gal\/","logo":{"@type":"ImageObject","inLanguage":"gl-ES","@id":"https:\/\/www.anovapeneira.gal\/#\/schema\/logo\/image\/","url":"http:\/\/www.anovapeneira.gal\/wp-content\/uploads\/2019\/06\/logo_a_nova_peneira_portal_web.png","contentUrl":"http:\/\/www.anovapeneira.gal\/wp-content\/uploads\/2019\/06\/logo_a_nova_peneira_portal_web.png","width":300,"height":100,"caption":"A Nova Peneira"},"image":{"@id":"https:\/\/www.anovapeneira.gal\/#\/schema\/logo\/image\/"},"sameAs":["https:\/\/www.facebook.com\/anovapeneira","https:\/\/x.com\/APeneira"]},{"@type":"Person","@id":"https:\/\/www.anovapeneira.gal\/#\/schema\/person\/0746a5e9aff49562caf86a581a001c1c","name":"Alma L\u00f3pez Figueiras","image":{"@type":"ImageObject","inLanguage":"gl-ES","@id":"https:\/\/secure.gravatar.com\/avatar\/feba821d8b06f92a15842270e547b80062a95516341d6cf987c8062ab7527628?s=96&d=mm&r=g","url":"https:\/\/secure.gravatar.com\/avatar\/feba821d8b06f92a15842270e547b80062a95516341d6cf987c8062ab7527628?s=96&d=mm&r=g","contentUrl":"https:\/\/secure.gravatar.com\/avatar\/feba821d8b06f92a15842270e547b80062a95516341d6cf987c8062ab7527628?s=96&d=mm&r=g","caption":"Alma L\u00f3pez Figueiras"},"url":"https:\/\/www.anovapeneira.gal\/index.php\/author\/almalfigueiras\/"}]}},"jetpack_featured_media_url":"https:\/\/www.anovapeneira.gal\/wp-content\/uploads\/2022\/09\/edar_mondariz_balneario.jpg","_links":{"self":[{"href":"https:\/\/www.anovapeneira.gal\/index.php\/wp-json\/wp\/v2\/posts\/8176","targetHints":{"allow":["GET"]}}],"collection":[{"href":"https:\/\/www.anovapeneira.gal\/index.php\/wp-json\/wp\/v2\/posts"}],"about":[{"href":"https:\/\/www.anovapeneira.gal\/index.php\/wp-json\/wp\/v2\/types\/post"}],"author":[{"embeddable":true,"href":"https:\/\/www.anovapeneira.gal\/index.php\/wp-json\/wp\/v2\/users\/41"}],"replies":[{"embeddable":true,"href":"https:\/\/www.anovapeneira.gal\/index.php\/wp-json\/wp\/v2\/comments?post=8176"}],"version-history":[{"count":3,"href":"https:\/\/www.anovapeneira.gal\/index.php\/wp-json\/wp\/v2\/posts\/8176\/revisions"}],"predecessor-version":[{"id":8181,"href":"https:\/\/www.anovapeneira.gal\/index.php\/wp-json\/wp\/v2\/posts\/8176\/revisions\/8181"}],"wp:featuredmedia":[{"embeddable":true,"href":"https:\/\/www.anovapeneira.gal\/index.php\/wp-json\/wp\/v2\/media\/8180"}],"wp:attachment":[{"href":"https:\/\/www.anovapeneira.gal\/index.php\/wp-json\/wp\/v2\/media?parent=8176"}],"wp:term":[{"taxonomy":"category","embeddable":true,"href":"https:\/\/www.anovapeneira.gal\/index.php\/wp-json\/wp\/v2\/categories?post=8176"},{"taxonomy":"post_tag","embeddable":true,"href":"https:\/\/www.anovapeneira.gal\/index.php\/wp-json\/wp\/v2\/tags?post=8176"}],"curies":[{"name":"wp","href":"https:\/\/api.w.org\/{rel}","templated":true}]}}