{"id":8182,"date":"2022-09-23T10:00:40","date_gmt":"2022-09-23T08:00:40","guid":{"rendered":"https:\/\/www.anovapeneira.gal\/?p=8182"},"modified":"2022-09-18T10:46:04","modified_gmt":"2022-09-18T08:46:04","slug":"o-bng-denuncia-que-estudantes-redondelans-tardaron-tres-horas-no-tren-dende-compostela","status":"publish","type":"post","link":"https:\/\/www.anovapeneira.gal\/index.php\/2022\/09\/23\/o-bng-denuncia-que-estudantes-redondelans-tardaron-tres-horas-no-tren-dende-compostela\/","title":{"rendered":"O BNG denuncia que estudantes redondel\u00e1ns tardaron tres horas no tren dende Compostela"},"content":{"rendered":"\n<h2 class=\"wp-block-heading\">\u201cObrig\u00e1ronos a transbordar en Pontevedra para desprazalos ata Vigo e finalmente retornar a Redondela\u201d, afirma o voceiro municipal Xo\u00e1n Carlos Gonz\u00e1lez<\/h2>\n\n\n\n<p>De trato \u201cvexatorio e de desprezo absoluto\u201d, cualifican o comportamento da empresa de transportes p\u00fablicas coas viaxeiras e viaxeiros, na s\u00faa maior\u00eda estudantes, da li\u00f1a Compostela-Redondela. Os feitos aconteceron durante o pasado venres 9 de setembro afectando arredor de trinta mozos e mozas. \u201cUnha viaxe que non deber\u00eda durar m\u00e1is de hora e media, converteuse nunha aut\u00e9ntica peregrinaci\u00f3n de tres\u201d, sinala<\/p>\n\n\n\n<p>Todo transcurr\u00eda con certa normalidade na viaxe do tren rexional, para aqueles estudantes que decidiron facer uso do ferrocarril \u00e1s 16:30h da tarde na estaci\u00f3n da capital de Galiza. A hora prevista para a chegada a Redondela do tren rexional era \u00e1s 17.45.<\/p>\n\n\n\n<p>Previamente produc\u00edrase informaci\u00f3n contraditoria, pois inicialmente avisaran de falta de asentos, para m\u00e1is tarde anular o aviso. \u201cSorprendentemente, \u00e1 chegada \u00e1 estaci\u00f3n de Pontevedra, obrigaron a toda a pasaxe con destino Vigo e Redondela a cambiar a un tren Alvia, que se despraza pola li\u00f1a do Eixo Atl\u00e1ntico co compromiso de deterse na estaci\u00f3n de Eidos, en Redondela\u201d, afirma o edil nacionalista.<\/p>\n\n\n\n<p>Por\u00e9n, ao chegar a Redondela, o tren non se detivo, continuando ata a estaci\u00f3n de Vialia en Vigo, ante a sorpresa e conseguinte enfado dos mozos e mozas redondel\u00e1s.<\/p>\n\n\n\n<p>Unha vez que chegaron \u00e1 cidade ol\u00edvica, tiveron que xestionar a volta ata a Estaci\u00f3n de Eidos, que se produciu sobre as 19 horas.<\/p>\n\n\n\n<p>\u201cO que deber\u00eda converterse nun desprazamento ao fogar para pasar a fin de semana coa familia, iniciouse cun total desprezo por parte de RENFE\u201d, denuncia o edil nacionalista. Valora Xo\u00e1n Carlos Gonz\u00e1lez, \u201cque \u00e9 m\u00e1is que evidente que o transporte ferroviario, segue sendo o que maior interese esperta entre a xente moza, pola s\u00faa eficiencia, seguridade e accesibilidade econ\u00f3mica. Dende o BNG, imos seguir defendendo este transporte p\u00fablico, cun servizo de calidade\u201d<\/p>\n","protected":false},"excerpt":{"rendered":"<div class=\"mh-excerpt\"><p>\u201cObrig\u00e1ronos a transbordar en Pontevedra para desprazalos ata Vigo e finalmente retornar a Redondela\u201d, afirma o voceiro municipal Xo\u00e1n Carlos Gonz\u00e1lez <a class=\"mh-excerpt-more\" href=\"https:\/\/www.anovapeneira.gal\/index.php\/2022\/09\/23\/o-bng-denuncia-que-estudantes-redondelans-tardaron-tres-horas-no-tren-dende-compostela\/\" title=\"O BNG denuncia que estudantes redondel\u00e1ns tardaron tres horas no tren dende Compostela\">[&#8230;]<\/a><\/p>\n<\/div>","protected":false},"author":3,"featured_media":7864,"comment_status":"open","ping_status":"open","sticky":false,"template":"","format":"standard","meta":{"_exactmetrics_skip_tracking":false,"_exactmetrics_sitenote_active":false,"_exactmetrics_sitenote_note":"","_exactmetrics_sitenote_category":0,"footnotes":""},"categories":[24],"tags":[171],"class_list":{"0":"post-8182","1":"post","2":"type-post","3":"status-publish","4":"format-standard","5":"has-post-thumbnail","7":"category-redondela","8":"tag-concello-de-redondela"},"yoast_head":"<!-- This site is optimized with the Yoast SEO plugin v27.4 - https:\/\/yoast.com\/product\/yoast-seo-wordpress\/ -->\n<title>O BNG denuncia que estudantes redondel\u00e1ns tardaron tres horas no tren dende Compostela -<\/title>\n<meta name=\"description\" content=\"\u201cObrig\u00e1ronos a transbordar en Pontevedra para desprazalos ata Vigo e finalmente retornar a Redondela\u201d, afirma o voceiro municipal Xo\u00e1n Carlos Gonz\u00e1lez\" \/>\n<meta name=\"robots\" content=\"index, follow, max-snippet:-1, max-image-preview:large, max-video-preview:-1\" \/>\n<link rel=\"canonical\" href=\"https:\/\/www.anovapeneira.gal\/index.php\/2022\/09\/23\/o-bng-denuncia-que-estudantes-redondelans-tardaron-tres-horas-no-tren-dende-compostela\/\" \/>\n<meta property=\"og:locale\" content=\"gl_ES\" \/>\n<meta property=\"og:type\" content=\"article\" \/>\n<meta property=\"og:title\" content=\"O BNG denuncia que estudantes redondel\u00e1ns tardaron tres horas no tren dende Compostela -\" \/>\n<meta property=\"og:description\" content=\"\u201cObrig\u00e1ronos a transbordar en Pontevedra para desprazalos ata Vigo e finalmente retornar a Redondela\u201d, afirma o voceiro municipal Xo\u00e1n Carlos Gonz\u00e1lez\" \/>\n<meta property=\"og:url\" content=\"https:\/\/www.anovapeneira.gal\/index.php\/2022\/09\/23\/o-bng-denuncia-que-estudantes-redondelans-tardaron-tres-horas-no-tren-dende-compostela\/\" \/>\n<meta property=\"article:publisher\" content=\"https:\/\/www.facebook.com\/anovapeneira\" \/>\n<meta property=\"article:published_time\" content=\"2022-09-23T08:00:40+00:00\" \/>\n<meta property=\"og:image\" content=\"https:\/\/www.anovapeneira.gal\/wp-content\/uploads\/2022\/07\/xoan_carlos_bng.jpg\" \/>\n\t<meta property=\"og:image:width\" content=\"720\" \/>\n\t<meta property=\"og:image:height\" content=\"432\" \/>\n\t<meta property=\"og:image:type\" content=\"image\/jpeg\" \/>\n<meta name=\"author\" content=\"Redacci\u00f3n A Nova Peneira\" \/>\n<meta name=\"twitter:card\" content=\"summary_large_image\" \/>\n<meta name=\"twitter:creator\" content=\"@APeneira\" \/>\n<meta name=\"twitter:site\" content=\"@APeneira\" \/>\n<meta name=\"twitter:label1\" content=\"Escrito por\" \/>\n\t<meta name=\"twitter:data1\" content=\"Redacci\u00f3n A Nova Peneira\" \/>\n\t<meta name=\"twitter:label2\" content=\"Tempo de lectura\" \/>\n\t<meta name=\"twitter:data2\" content=\"2 minutos\" \/>\n<script type=\"application\/ld+json\" class=\"yoast-schema-graph\">{\"@context\":\"https:\\\/\\\/schema.org\",\"@graph\":[{\"@type\":\"Article\",\"@id\":\"https:\\\/\\\/www.anovapeneira.gal\\\/index.php\\\/2022\\\/09\\\/23\\\/o-bng-denuncia-que-estudantes-redondelans-tardaron-tres-horas-no-tren-dende-compostela\\\/#article\",\"isPartOf\":{\"@id\":\"https:\\\/\\\/www.anovapeneira.gal\\\/index.php\\\/2022\\\/09\\\/23\\\/o-bng-denuncia-que-estudantes-redondelans-tardaron-tres-horas-no-tren-dende-compostela\\\/\"},\"author\":{\"name\":\"Redacci\u00f3n A Nova Peneira\",\"@id\":\"https:\\\/\\\/www.anovapeneira.gal\\\/#\\\/schema\\\/person\\\/b93e3f8932e3f8da96334607eb6ac6aa\"},\"headline\":\"O BNG denuncia que estudantes redondel\u00e1ns tardaron tres horas no tren dende Compostela\",\"datePublished\":\"2022-09-23T08:00:40+00:00\",\"mainEntityOfPage\":{\"@id\":\"https:\\\/\\\/www.anovapeneira.gal\\\/index.php\\\/2022\\\/09\\\/23\\\/o-bng-denuncia-que-estudantes-redondelans-tardaron-tres-horas-no-tren-dende-compostela\\\/\"},\"wordCount\":351,\"commentCount\":0,\"publisher\":{\"@id\":\"https:\\\/\\\/www.anovapeneira.gal\\\/#organization\"},\"image\":{\"@id\":\"https:\\\/\\\/www.anovapeneira.gal\\\/index.php\\\/2022\\\/09\\\/23\\\/o-bng-denuncia-que-estudantes-redondelans-tardaron-tres-horas-no-tren-dende-compostela\\\/#primaryimage\"},\"thumbnailUrl\":\"https:\\\/\\\/www.anovapeneira.gal\\\/wp-content\\\/uploads\\\/2022\\\/07\\\/xoan_carlos_bng.jpg\",\"keywords\":[\"Concello de Redondela\"],\"articleSection\":[\"Redondela\"],\"inLanguage\":\"gl-ES\",\"potentialAction\":[{\"@type\":\"CommentAction\",\"name\":\"Comment\",\"target\":[\"https:\\\/\\\/www.anovapeneira.gal\\\/index.php\\\/2022\\\/09\\\/23\\\/o-bng-denuncia-que-estudantes-redondelans-tardaron-tres-horas-no-tren-dende-compostela\\\/#respond\"]}]},{\"@type\":\"WebPage\",\"@id\":\"https:\\\/\\\/www.anovapeneira.gal\\\/index.php\\\/2022\\\/09\\\/23\\\/o-bng-denuncia-que-estudantes-redondelans-tardaron-tres-horas-no-tren-dende-compostela\\\/\",\"url\":\"https:\\\/\\\/www.anovapeneira.gal\\\/index.php\\\/2022\\\/09\\\/23\\\/o-bng-denuncia-que-estudantes-redondelans-tardaron-tres-horas-no-tren-dende-compostela\\\/\",\"name\":\"O BNG denuncia que estudantes redondel\u00e1ns tardaron tres horas no tren dende Compostela -\",\"isPartOf\":{\"@id\":\"https:\\\/\\\/www.anovapeneira.gal\\\/#website\"},\"primaryImageOfPage\":{\"@id\":\"https:\\\/\\\/www.anovapeneira.gal\\\/index.php\\\/2022\\\/09\\\/23\\\/o-bng-denuncia-que-estudantes-redondelans-tardaron-tres-horas-no-tren-dende-compostela\\\/#primaryimage\"},\"image\":{\"@id\":\"https:\\\/\\\/www.anovapeneira.gal\\\/index.php\\\/2022\\\/09\\\/23\\\/o-bng-denuncia-que-estudantes-redondelans-tardaron-tres-horas-no-tren-dende-compostela\\\/#primaryimage\"},\"thumbnailUrl\":\"https:\\\/\\\/www.anovapeneira.gal\\\/wp-content\\\/uploads\\\/2022\\\/07\\\/xoan_carlos_bng.jpg\",\"datePublished\":\"2022-09-23T08:00:40+00:00\",\"description\":\"\u201cObrig\u00e1ronos a transbordar en Pontevedra para desprazalos ata Vigo e finalmente retornar a Redondela\u201d, afirma o voceiro municipal Xo\u00e1n Carlos Gonz\u00e1lez\",\"breadcrumb\":{\"@id\":\"https:\\\/\\\/www.anovapeneira.gal\\\/index.php\\\/2022\\\/09\\\/23\\\/o-bng-denuncia-que-estudantes-redondelans-tardaron-tres-horas-no-tren-dende-compostela\\\/#breadcrumb\"},\"inLanguage\":\"gl-ES\",\"potentialAction\":[{\"@type\":\"ReadAction\",\"target\":[\"https:\\\/\\\/www.anovapeneira.gal\\\/index.php\\\/2022\\\/09\\\/23\\\/o-bng-denuncia-que-estudantes-redondelans-tardaron-tres-horas-no-tren-dende-compostela\\\/\"]}]},{\"@type\":\"ImageObject\",\"inLanguage\":\"gl-ES\",\"@id\":\"https:\\\/\\\/www.anovapeneira.gal\\\/index.php\\\/2022\\\/09\\\/23\\\/o-bng-denuncia-que-estudantes-redondelans-tardaron-tres-horas-no-tren-dende-compostela\\\/#primaryimage\",\"url\":\"https:\\\/\\\/www.anovapeneira.gal\\\/wp-content\\\/uploads\\\/2022\\\/07\\\/xoan_carlos_bng.jpg\",\"contentUrl\":\"https:\\\/\\\/www.anovapeneira.gal\\\/wp-content\\\/uploads\\\/2022\\\/07\\\/xoan_carlos_bng.jpg\",\"width\":720,\"height\":432,\"caption\":\"Xo\u00e1n Carlos Gonz\u00e1lez, elixido candidato do BNG Redondela\"},{\"@type\":\"BreadcrumbList\",\"@id\":\"https:\\\/\\\/www.anovapeneira.gal\\\/index.php\\\/2022\\\/09\\\/23\\\/o-bng-denuncia-que-estudantes-redondelans-tardaron-tres-horas-no-tren-dende-compostela\\\/#breadcrumb\",\"itemListElement\":[{\"@type\":\"ListItem\",\"position\":1,\"name\":\"Portada\",\"item\":\"https:\\\/\\\/www.anovapeneira.gal\\\/\"},{\"@type\":\"ListItem\",\"position\":2,\"name\":\"O BNG denuncia que estudantes redondel\u00e1ns tardaron tres horas no tren dende Compostela\"}]},{\"@type\":\"WebSite\",\"@id\":\"https:\\\/\\\/www.anovapeneira.gal\\\/#website\",\"url\":\"https:\\\/\\\/www.anovapeneira.gal\\\/\",\"name\":\"\",\"description\":\"Xornal galego de informaci\u00f3n xeral Publicaci\u00f3n mensual de novas de Galicia e en especial dos Concellos da sur da provincia de Pontevedra.\",\"publisher\":{\"@id\":\"https:\\\/\\\/www.anovapeneira.gal\\\/#organization\"},\"potentialAction\":[{\"@type\":\"SearchAction\",\"target\":{\"@type\":\"EntryPoint\",\"urlTemplate\":\"https:\\\/\\\/www.anovapeneira.gal\\\/?s={search_term_string}\"},\"query-input\":{\"@type\":\"PropertyValueSpecification\",\"valueRequired\":true,\"valueName\":\"search_term_string\"}}],\"inLanguage\":\"gl-ES\"},{\"@type\":\"Organization\",\"@id\":\"https:\\\/\\\/www.anovapeneira.gal\\\/#organization\",\"name\":\"A Nova Peneira\",\"url\":\"https:\\\/\\\/www.anovapeneira.gal\\\/\",\"logo\":{\"@type\":\"ImageObject\",\"inLanguage\":\"gl-ES\",\"@id\":\"https:\\\/\\\/www.anovapeneira.gal\\\/#\\\/schema\\\/logo\\\/image\\\/\",\"url\":\"http:\\\/\\\/www.anovapeneira.gal\\\/wp-content\\\/uploads\\\/2019\\\/06\\\/logo_a_nova_peneira_portal_web.png\",\"contentUrl\":\"http:\\\/\\\/www.anovapeneira.gal\\\/wp-content\\\/uploads\\\/2019\\\/06\\\/logo_a_nova_peneira_portal_web.png\",\"width\":300,\"height\":100,\"caption\":\"A Nova Peneira\"},\"image\":{\"@id\":\"https:\\\/\\\/www.anovapeneira.gal\\\/#\\\/schema\\\/logo\\\/image\\\/\"},\"sameAs\":[\"https:\\\/\\\/www.facebook.com\\\/anovapeneira\",\"https:\\\/\\\/x.com\\\/APeneira\"]},{\"@type\":\"Person\",\"@id\":\"https:\\\/\\\/www.anovapeneira.gal\\\/#\\\/schema\\\/person\\\/b93e3f8932e3f8da96334607eb6ac6aa\",\"name\":\"Redacci\u00f3n A Nova Peneira\",\"image\":{\"@type\":\"ImageObject\",\"inLanguage\":\"gl-ES\",\"@id\":\"https:\\\/\\\/secure.gravatar.com\\\/avatar\\\/c052a2551a06e23fac63626232eaa90abd78dbcf1700fc46a2b2c89fd27b735f?s=96&d=mm&r=g\",\"url\":\"https:\\\/\\\/secure.gravatar.com\\\/avatar\\\/c052a2551a06e23fac63626232eaa90abd78dbcf1700fc46a2b2c89fd27b735f?s=96&d=mm&r=g\",\"contentUrl\":\"https:\\\/\\\/secure.gravatar.com\\\/avatar\\\/c052a2551a06e23fac63626232eaa90abd78dbcf1700fc46a2b2c89fd27b735f?s=96&d=mm&r=g\",\"caption\":\"Redacci\u00f3n A Nova Peneira\"},\"sameAs\":[\"http:\\\/\\\/www.anovapeneira.gal\\\/\"],\"url\":\"https:\\\/\\\/www.anovapeneira.gal\\\/index.php\\\/author\\\/redactor\\\/\"}]}<\/script>\n<!-- \/ Yoast SEO plugin. -->","yoast_head_json":{"title":"O BNG denuncia que estudantes redondel\u00e1ns tardaron tres horas no tren dende Compostela -","description":"\u201cObrig\u00e1ronos a transbordar en Pontevedra para desprazalos ata Vigo e finalmente retornar a Redondela\u201d, afirma o voceiro municipal Xo\u00e1n Carlos Gonz\u00e1lez","robots":{"index":"index","follow":"follow","max-snippet":"max-snippet:-1","max-image-preview":"max-image-preview:large","max-video-preview":"max-video-preview:-1"},"canonical":"https:\/\/www.anovapeneira.gal\/index.php\/2022\/09\/23\/o-bng-denuncia-que-estudantes-redondelans-tardaron-tres-horas-no-tren-dende-compostela\/","og_locale":"gl_ES","og_type":"article","og_title":"O BNG denuncia que estudantes redondel\u00e1ns tardaron tres horas no tren dende Compostela -","og_description":"\u201cObrig\u00e1ronos a transbordar en Pontevedra para desprazalos ata Vigo e finalmente retornar a Redondela\u201d, afirma o voceiro municipal Xo\u00e1n Carlos Gonz\u00e1lez","og_url":"https:\/\/www.anovapeneira.gal\/index.php\/2022\/09\/23\/o-bng-denuncia-que-estudantes-redondelans-tardaron-tres-horas-no-tren-dende-compostela\/","article_publisher":"https:\/\/www.facebook.com\/anovapeneira","article_published_time":"2022-09-23T08:00:40+00:00","og_image":[{"width":720,"height":432,"url":"https:\/\/www.anovapeneira.gal\/wp-content\/uploads\/2022\/07\/xoan_carlos_bng.jpg","type":"image\/jpeg"}],"author":"Redacci\u00f3n A Nova Peneira","twitter_card":"summary_large_image","twitter_creator":"@APeneira","twitter_site":"@APeneira","twitter_misc":{"Escrito por":"Redacci\u00f3n A Nova Peneira","Tempo de lectura":"2 minutos"},"schema":{"@context":"https:\/\/schema.org","@graph":[{"@type":"Article","@id":"https:\/\/www.anovapeneira.gal\/index.php\/2022\/09\/23\/o-bng-denuncia-que-estudantes-redondelans-tardaron-tres-horas-no-tren-dende-compostela\/#article","isPartOf":{"@id":"https:\/\/www.anovapeneira.gal\/index.php\/2022\/09\/23\/o-bng-denuncia-que-estudantes-redondelans-tardaron-tres-horas-no-tren-dende-compostela\/"},"author":{"name":"Redacci\u00f3n A Nova Peneira","@id":"https:\/\/www.anovapeneira.gal\/#\/schema\/person\/b93e3f8932e3f8da96334607eb6ac6aa"},"headline":"O BNG denuncia que estudantes redondel\u00e1ns tardaron tres horas no tren dende Compostela","datePublished":"2022-09-23T08:00:40+00:00","mainEntityOfPage":{"@id":"https:\/\/www.anovapeneira.gal\/index.php\/2022\/09\/23\/o-bng-denuncia-que-estudantes-redondelans-tardaron-tres-horas-no-tren-dende-compostela\/"},"wordCount":351,"commentCount":0,"publisher":{"@id":"https:\/\/www.anovapeneira.gal\/#organization"},"image":{"@id":"https:\/\/www.anovapeneira.gal\/index.php\/2022\/09\/23\/o-bng-denuncia-que-estudantes-redondelans-tardaron-tres-horas-no-tren-dende-compostela\/#primaryimage"},"thumbnailUrl":"https:\/\/www.anovapeneira.gal\/wp-content\/uploads\/2022\/07\/xoan_carlos_bng.jpg","keywords":["Concello de Redondela"],"articleSection":["Redondela"],"inLanguage":"gl-ES","potentialAction":[{"@type":"CommentAction","name":"Comment","target":["https:\/\/www.anovapeneira.gal\/index.php\/2022\/09\/23\/o-bng-denuncia-que-estudantes-redondelans-tardaron-tres-horas-no-tren-dende-compostela\/#respond"]}]},{"@type":"WebPage","@id":"https:\/\/www.anovapeneira.gal\/index.php\/2022\/09\/23\/o-bng-denuncia-que-estudantes-redondelans-tardaron-tres-horas-no-tren-dende-compostela\/","url":"https:\/\/www.anovapeneira.gal\/index.php\/2022\/09\/23\/o-bng-denuncia-que-estudantes-redondelans-tardaron-tres-horas-no-tren-dende-compostela\/","name":"O BNG denuncia que estudantes redondel\u00e1ns tardaron tres horas no tren dende Compostela -","isPartOf":{"@id":"https:\/\/www.anovapeneira.gal\/#website"},"primaryImageOfPage":{"@id":"https:\/\/www.anovapeneira.gal\/index.php\/2022\/09\/23\/o-bng-denuncia-que-estudantes-redondelans-tardaron-tres-horas-no-tren-dende-compostela\/#primaryimage"},"image":{"@id":"https:\/\/www.anovapeneira.gal\/index.php\/2022\/09\/23\/o-bng-denuncia-que-estudantes-redondelans-tardaron-tres-horas-no-tren-dende-compostela\/#primaryimage"},"thumbnailUrl":"https:\/\/www.anovapeneira.gal\/wp-content\/uploads\/2022\/07\/xoan_carlos_bng.jpg","datePublished":"2022-09-23T08:00:40+00:00","description":"\u201cObrig\u00e1ronos a transbordar en Pontevedra para desprazalos ata Vigo e finalmente retornar a Redondela\u201d, afirma o voceiro municipal Xo\u00e1n Carlos Gonz\u00e1lez","breadcrumb":{"@id":"https:\/\/www.anovapeneira.gal\/index.php\/2022\/09\/23\/o-bng-denuncia-que-estudantes-redondelans-tardaron-tres-horas-no-tren-dende-compostela\/#breadcrumb"},"inLanguage":"gl-ES","potentialAction":[{"@type":"ReadAction","target":["https:\/\/www.anovapeneira.gal\/index.php\/2022\/09\/23\/o-bng-denuncia-que-estudantes-redondelans-tardaron-tres-horas-no-tren-dende-compostela\/"]}]},{"@type":"ImageObject","inLanguage":"gl-ES","@id":"https:\/\/www.anovapeneira.gal\/index.php\/2022\/09\/23\/o-bng-denuncia-que-estudantes-redondelans-tardaron-tres-horas-no-tren-dende-compostela\/#primaryimage","url":"https:\/\/www.anovapeneira.gal\/wp-content\/uploads\/2022\/07\/xoan_carlos_bng.jpg","contentUrl":"https:\/\/www.anovapeneira.gal\/wp-content\/uploads\/2022\/07\/xoan_carlos_bng.jpg","width":720,"height":432,"caption":"Xo\u00e1n Carlos Gonz\u00e1lez, elixido candidato do BNG Redondela"},{"@type":"BreadcrumbList","@id":"https:\/\/www.anovapeneira.gal\/index.php\/2022\/09\/23\/o-bng-denuncia-que-estudantes-redondelans-tardaron-tres-horas-no-tren-dende-compostela\/#breadcrumb","itemListElement":[{"@type":"ListItem","position":1,"name":"Portada","item":"https:\/\/www.anovapeneira.gal\/"},{"@type":"ListItem","position":2,"name":"O BNG denuncia que estudantes redondel\u00e1ns tardaron tres horas no tren dende Compostela"}]},{"@type":"WebSite","@id":"https:\/\/www.anovapeneira.gal\/#website","url":"https:\/\/www.anovapeneira.gal\/","name":"","description":"Xornal galego de informaci\u00f3n xeral Publicaci\u00f3n mensual de novas de Galicia e en especial dos Concellos da sur da provincia de Pontevedra.","publisher":{"@id":"https:\/\/www.anovapeneira.gal\/#organization"},"potentialAction":[{"@type":"SearchAction","target":{"@type":"EntryPoint","urlTemplate":"https:\/\/www.anovapeneira.gal\/?s={search_term_string}"},"query-input":{"@type":"PropertyValueSpecification","valueRequired":true,"valueName":"search_term_string"}}],"inLanguage":"gl-ES"},{"@type":"Organization","@id":"https:\/\/www.anovapeneira.gal\/#organization","name":"A Nova Peneira","url":"https:\/\/www.anovapeneira.gal\/","logo":{"@type":"ImageObject","inLanguage":"gl-ES","@id":"https:\/\/www.anovapeneira.gal\/#\/schema\/logo\/image\/","url":"http:\/\/www.anovapeneira.gal\/wp-content\/uploads\/2019\/06\/logo_a_nova_peneira_portal_web.png","contentUrl":"http:\/\/www.anovapeneira.gal\/wp-content\/uploads\/2019\/06\/logo_a_nova_peneira_portal_web.png","width":300,"height":100,"caption":"A Nova Peneira"},"image":{"@id":"https:\/\/www.anovapeneira.gal\/#\/schema\/logo\/image\/"},"sameAs":["https:\/\/www.facebook.com\/anovapeneira","https:\/\/x.com\/APeneira"]},{"@type":"Person","@id":"https:\/\/www.anovapeneira.gal\/#\/schema\/person\/b93e3f8932e3f8da96334607eb6ac6aa","name":"Redacci\u00f3n A Nova Peneira","image":{"@type":"ImageObject","inLanguage":"gl-ES","@id":"https:\/\/secure.gravatar.com\/avatar\/c052a2551a06e23fac63626232eaa90abd78dbcf1700fc46a2b2c89fd27b735f?s=96&d=mm&r=g","url":"https:\/\/secure.gravatar.com\/avatar\/c052a2551a06e23fac63626232eaa90abd78dbcf1700fc46a2b2c89fd27b735f?s=96&d=mm&r=g","contentUrl":"https:\/\/secure.gravatar.com\/avatar\/c052a2551a06e23fac63626232eaa90abd78dbcf1700fc46a2b2c89fd27b735f?s=96&d=mm&r=g","caption":"Redacci\u00f3n A Nova Peneira"},"sameAs":["http:\/\/www.anovapeneira.gal\/"],"url":"https:\/\/www.anovapeneira.gal\/index.php\/author\/redactor\/"}]}},"jetpack_featured_media_url":"https:\/\/www.anovapeneira.gal\/wp-content\/uploads\/2022\/07\/xoan_carlos_bng.jpg","_links":{"self":[{"href":"https:\/\/www.anovapeneira.gal\/index.php\/wp-json\/wp\/v2\/posts\/8182","targetHints":{"allow":["GET"]}}],"collection":[{"href":"https:\/\/www.anovapeneira.gal\/index.php\/wp-json\/wp\/v2\/posts"}],"about":[{"href":"https:\/\/www.anovapeneira.gal\/index.php\/wp-json\/wp\/v2\/types\/post"}],"author":[{"embeddable":true,"href":"https:\/\/www.anovapeneira.gal\/index.php\/wp-json\/wp\/v2\/users\/3"}],"replies":[{"embeddable":true,"href":"https:\/\/www.anovapeneira.gal\/index.php\/wp-json\/wp\/v2\/comments?post=8182"}],"version-history":[{"count":1,"href":"https:\/\/www.anovapeneira.gal\/index.php\/wp-json\/wp\/v2\/posts\/8182\/revisions"}],"predecessor-version":[{"id":8183,"href":"https:\/\/www.anovapeneira.gal\/index.php\/wp-json\/wp\/v2\/posts\/8182\/revisions\/8183"}],"wp:featuredmedia":[{"embeddable":true,"href":"https:\/\/www.anovapeneira.gal\/index.php\/wp-json\/wp\/v2\/media\/7864"}],"wp:attachment":[{"href":"https:\/\/www.anovapeneira.gal\/index.php\/wp-json\/wp\/v2\/media?parent=8182"}],"wp:term":[{"taxonomy":"category","embeddable":true,"href":"https:\/\/www.anovapeneira.gal\/index.php\/wp-json\/wp\/v2\/categories?post=8182"},{"taxonomy":"post_tag","embeddable":true,"href":"https:\/\/www.anovapeneira.gal\/index.php\/wp-json\/wp\/v2\/tags?post=8182"}],"curies":[{"name":"wp","href":"https:\/\/api.w.org\/{rel}","templated":true}]}}