{"id":8193,"date":"2022-09-27T10:00:16","date_gmt":"2022-09-27T08:00:16","guid":{"rendered":"https:\/\/www.anovapeneira.gal\/?p=8193"},"modified":"2022-09-24T08:18:58","modified_gmt":"2022-09-24T06:18:58","slug":"iv-gala-de-entrega-de-premios-a-nova-peneira-3","status":"publish","type":"post","link":"https:\/\/www.anovapeneira.gal\/index.php\/2022\/09\/27\/iv-gala-de-entrega-de-premios-a-nova-peneira-3\/","title":{"rendered":"IV Gala de entrega de premios A Nova Peneira"},"content":{"rendered":"\n<figure class=\"wp-block-image size-full is-resized\"><img loading=\"lazy\" decoding=\"async\" src=\"https:\/\/www.anovapeneira.gal\/wp-content\/uploads\/2019\/05\/tino_lago_director_a_nova_peneira.jpg\" alt=\"Tino Lago director a Nova Peneira\" class=\"wp-image-189\" width=\"95\" height=\"111\"\/><figcaption>Tino Lago director a Nova Peneira<\/figcaption><\/figure>\n\n\n\n<p>No ano 1982 celebrouse o mundial de f\u00fatbol en Espa\u00f1a. Eu, que daquela ti\u00f1a 12 anos, estaba imbu\u00eddo polo ambiente abafante que, a trav\u00e9s da conversi\u00f3n de algo que carece da m\u00e1is m\u00ednima relevancia, unha competici\u00f3n entre dous equipos de 11 persoas que tratan de introducir un obxecto esf\u00e9rico m\u00e1is veces que o equipo contrario nunha superficie rectangular, nun acontecemento supostamente significativo na vida dos seareiros e seareiras, narcotiza \u00e1s masas de tal maneira que o que \u00e9 en verdade importante, por exemplo naquel momento hist\u00f3rico as cerca de 200 persoas asasinadas en Espa\u00f1a por violencia pol\u00edtica de orixe presuntamente institucional, pase desapercibido. Eu participaba daquela paix\u00f3n polos Juanito, L\u00f3pez Ufarte, Santillana&#8230;&#8230;, si, creo que m\u00e1is por non sentirme desprazado do meu grupo de amigos, porque en realidade a min nunca me interesou nada ning\u00fan deporte, ata que un profesor de Moa\u00f1a preguntou un d\u00eda \u00e1 nosa clase que era Galicia para n\u00f3s. Todos os nenos e nenas sen excepci\u00f3n contestamos que unha rexi\u00f3n de Espa\u00f1a. O noso profesor retrucounos, d\u00edxonos que estabamos errados e que Galicia \u00e9 unha naci\u00f3n. El explicounos o mellor que puido e soubo as raz\u00f3ns que motivaban o seu pensamento. Non o debeu de facer nada mal, polo menos aos meus ollos, pois lembro escoitar fascinado as s\u00faas palabras que exerceron de catalizador que me levou a iniciar unha viaxe sen retorno polos cami\u00f1os do nacionalismo galego .<\/p>\n\n\n\n<p>Hoxe , corenta anos despois, te\u00f1o a honra de dirixir un medio de comunicaci\u00f3n, firmemente comprometido co pobo galego , que con humildade e enormes esforzos trata de transmitir a quen te\u00f1a a bondade de escoitarnos a nosa forma de entender a realidade. Non \u00e9 nada doado facer un peri\u00f3dico como o noso. Cada coraz\u00f3n conquistado g\u00e1\u00f1ase como se ga\u00f1an as grandes batallas, despois de moitas derrotas. Cada sorriso arrincado, arr\u00edncase como arrinca o mineiro o carb\u00f3n das minas, manch\u00e1ndose ata o m\u00e1is profundo. E sen a axuda xenerosa e desinteresada de tantas persoas cuxo compromiso pol\u00edtico mot\u00edvaas a dar todo sen pedir nada, de milleiros de anunciantes e de centos de subscritores e subscritoras un peri\u00f3dico como o noso, totalmente afastado dos circu\u00edtos de poder, que nin sequera recibe a publicidade institucional polo 17 de Maio e o 25 de Xullo que d\u00e1 a Xunta a todos os medios de comunicaci\u00f3n, incluso a negocios con forma de peri\u00f3dico que te\u00f1en 0 contido de produci\u00f3n propia e que son constru\u00eddos ad hoc para a captaci\u00f3n de subvenci\u00f3ns, non ter\u00eda a m\u00e1is m\u00ednima oportunidade de existir.<\/p>\n\n\n\n<p>Vela\u00ed est\u00e1 unha das d\u00faas raz\u00f3ns que explican as nosa galas bienais: queremos reco\u00f1ecer e premiar a quen fai posible a nosa existencia. A outra xa a sabedes: queremos reco\u00f1ecer e premiar a quen coa s\u00faa traxectoria pol\u00edtica, social e sindical contrib\u00fae a que este pa\u00eds a\u00ednda siga a existir.<\/p>\n\n\n\n<p>O pasado 17 de setembro, como sempre no restaurante Manolo do Porri\u00f1o, celebramos a IV edici\u00f3n. Premiamos a 5 dos nosos mellores anunciantes: A Pelu de Lara de Chapela, o Caf\u00e9 da vila de Redondela, a Perruquer\u00eda Manel Ribeiro de Goi\u00e1n, a Cervexer\u00eda Carlete do H\u00edo e a N\u00e1utica Gonbelmar de Mar\u00edn. Premiamos a axuda que nos d\u00e1 o concello de Fornelos de Montes. Reco\u00f1ecemos \u00e1 nosa colaboradora Montse Fajardo, a memoria do noso querido amigo Xose Manuel Pazos Varela, a bondade e xenerosidade de Mar\u00eda Xos\u00e9 Garc\u00eda, hist\u00f3rica delegada sindical da CIG, e reco\u00f1ecemos con admiraci\u00f3n infinita toda unha vida de compromiso co pobo galego ao Instituto de Estudos Mi\u00f1or\u00e1ns e a Francisco Rodr\u00edguez S\u00e1nchez. Este \u00faltimo premio, se cadra o de maior carga emotiva: toda unha vida de compromiso co pobo galego, describe \u00e1 perfecci\u00f3n a nosa raz\u00f3n de existir: O compromiso consciente co noso pobo, o pobo galego.<\/p>\n","protected":false},"excerpt":{"rendered":"<div class=\"mh-excerpt\"><p>No ano 1982 celebrouse o mundial de f\u00fatbol en Espa\u00f1a. Eu, que daquela ti\u00f1a 12 anos, estaba imbu\u00eddo polo ambiente abafante que, a trav\u00e9s da conversi\u00f3n de algo que carece da m\u00e1is m\u00ednima relevancia <a class=\"mh-excerpt-more\" href=\"https:\/\/www.anovapeneira.gal\/index.php\/2022\/09\/27\/iv-gala-de-entrega-de-premios-a-nova-peneira-3\/\" title=\"IV Gala de entrega de premios A Nova Peneira\">[&#8230;]<\/a><\/p>\n<\/div>","protected":false},"author":2,"featured_media":8196,"comment_status":"open","ping_status":"open","sticky":false,"template":"","format":"standard","meta":{"_exactmetrics_skip_tracking":false,"_exactmetrics_sitenote_active":false,"_exactmetrics_sitenote_note":"","_exactmetrics_sitenote_category":0,"footnotes":""},"categories":[61],"tags":[1329],"class_list":{"0":"post-8193","1":"post","2":"type-post","3":"status-publish","4":"format-standard","5":"has-post-thumbnail","7":"category-artigo-editorial","8":"tag-iv-gala-a-nova-peneira"},"yoast_head":"<!-- This site is optimized with the Yoast SEO plugin v27.4 - https:\/\/yoast.com\/product\/yoast-seo-wordpress\/ -->\n<title>IV Gala de entrega de premios A Nova Peneira -<\/title>\n<meta name=\"description\" content=\"No ano 1982 celebrouse o mundial de f\u00fatbol en Espa\u00f1a. Eu, que daquela ti\u00f1a 12 anos, estaba imbu\u00eddo polo ambiente abafante que, a trav\u00e9s da conversi\u00f3n de algo que carece da m\u00e1is m\u00ednima relevancia\" \/>\n<meta name=\"robots\" content=\"index, follow, max-snippet:-1, max-image-preview:large, max-video-preview:-1\" \/>\n<link rel=\"canonical\" href=\"https:\/\/www.anovapeneira.gal\/index.php\/2022\/09\/27\/iv-gala-de-entrega-de-premios-a-nova-peneira-3\/\" \/>\n<meta property=\"og:locale\" content=\"gl_ES\" \/>\n<meta property=\"og:type\" content=\"article\" \/>\n<meta property=\"og:title\" content=\"IV Gala de entrega de premios A Nova Peneira -\" \/>\n<meta property=\"og:description\" content=\"No ano 1982 celebrouse o mundial de f\u00fatbol en Espa\u00f1a. Eu, que daquela ti\u00f1a 12 anos, estaba imbu\u00eddo polo ambiente abafante que, a trav\u00e9s da conversi\u00f3n de algo que carece da m\u00e1is m\u00ednima relevancia\" \/>\n<meta property=\"og:url\" content=\"https:\/\/www.anovapeneira.gal\/index.php\/2022\/09\/27\/iv-gala-de-entrega-de-premios-a-nova-peneira-3\/\" \/>\n<meta property=\"article:publisher\" content=\"https:\/\/www.facebook.com\/anovapeneira\" \/>\n<meta property=\"article:published_time\" content=\"2022-09-27T08:00:16+00:00\" \/>\n<meta property=\"og:image\" content=\"https:\/\/www.anovapeneira.gal\/wp-content\/uploads\/2022\/09\/IV_gala_a_nova_peneira.jpg\" \/>\n\t<meta property=\"og:image:width\" content=\"720\" \/>\n\t<meta property=\"og:image:height\" content=\"432\" \/>\n\t<meta property=\"og:image:type\" content=\"image\/jpeg\" \/>\n<meta name=\"author\" content=\"Tino Lago\" \/>\n<meta name=\"twitter:card\" content=\"summary_large_image\" \/>\n<meta name=\"twitter:image\" content=\"https:\/\/www.anovapeneira.gal\/wp-content\/uploads\/2022\/09\/IV_gala_a_nova_peneira.jpg\" \/>\n<meta name=\"twitter:creator\" content=\"@APeneira\" \/>\n<meta name=\"twitter:site\" content=\"@APeneira\" \/>\n<meta name=\"twitter:label1\" content=\"Escrito por\" \/>\n\t<meta name=\"twitter:data1\" content=\"Tino Lago\" \/>\n\t<meta name=\"twitter:label2\" content=\"Tempo de lectura\" \/>\n\t<meta name=\"twitter:data2\" content=\"4 minutos\" \/>\n<script type=\"application\/ld+json\" class=\"yoast-schema-graph\">{\"@context\":\"https:\\\/\\\/schema.org\",\"@graph\":[{\"@type\":\"Article\",\"@id\":\"https:\\\/\\\/www.anovapeneira.gal\\\/index.php\\\/2022\\\/09\\\/27\\\/iv-gala-de-entrega-de-premios-a-nova-peneira-3\\\/#article\",\"isPartOf\":{\"@id\":\"https:\\\/\\\/www.anovapeneira.gal\\\/index.php\\\/2022\\\/09\\\/27\\\/iv-gala-de-entrega-de-premios-a-nova-peneira-3\\\/\"},\"author\":{\"name\":\"Tino Lago\",\"@id\":\"https:\\\/\\\/www.anovapeneira.gal\\\/#\\\/schema\\\/person\\\/424dfe65e3070fd8a44d22d2c088762a\"},\"headline\":\"IV Gala de entrega de premios A Nova Peneira\",\"datePublished\":\"2022-09-27T08:00:16+00:00\",\"mainEntityOfPage\":{\"@id\":\"https:\\\/\\\/www.anovapeneira.gal\\\/index.php\\\/2022\\\/09\\\/27\\\/iv-gala-de-entrega-de-premios-a-nova-peneira-3\\\/\"},\"wordCount\":699,\"commentCount\":0,\"publisher\":{\"@id\":\"https:\\\/\\\/www.anovapeneira.gal\\\/#organization\"},\"image\":{\"@id\":\"https:\\\/\\\/www.anovapeneira.gal\\\/index.php\\\/2022\\\/09\\\/27\\\/iv-gala-de-entrega-de-premios-a-nova-peneira-3\\\/#primaryimage\"},\"thumbnailUrl\":\"https:\\\/\\\/www.anovapeneira.gal\\\/wp-content\\\/uploads\\\/2022\\\/09\\\/IV_gala_a_nova_peneira.jpg\",\"keywords\":[\"IV Gala A Nova Peneira\"],\"articleSection\":[\"Artigo editorial\"],\"inLanguage\":\"gl-ES\",\"potentialAction\":[{\"@type\":\"CommentAction\",\"name\":\"Comment\",\"target\":[\"https:\\\/\\\/www.anovapeneira.gal\\\/index.php\\\/2022\\\/09\\\/27\\\/iv-gala-de-entrega-de-premios-a-nova-peneira-3\\\/#respond\"]}]},{\"@type\":\"WebPage\",\"@id\":\"https:\\\/\\\/www.anovapeneira.gal\\\/index.php\\\/2022\\\/09\\\/27\\\/iv-gala-de-entrega-de-premios-a-nova-peneira-3\\\/\",\"url\":\"https:\\\/\\\/www.anovapeneira.gal\\\/index.php\\\/2022\\\/09\\\/27\\\/iv-gala-de-entrega-de-premios-a-nova-peneira-3\\\/\",\"name\":\"IV Gala de entrega de premios A Nova Peneira -\",\"isPartOf\":{\"@id\":\"https:\\\/\\\/www.anovapeneira.gal\\\/#website\"},\"primaryImageOfPage\":{\"@id\":\"https:\\\/\\\/www.anovapeneira.gal\\\/index.php\\\/2022\\\/09\\\/27\\\/iv-gala-de-entrega-de-premios-a-nova-peneira-3\\\/#primaryimage\"},\"image\":{\"@id\":\"https:\\\/\\\/www.anovapeneira.gal\\\/index.php\\\/2022\\\/09\\\/27\\\/iv-gala-de-entrega-de-premios-a-nova-peneira-3\\\/#primaryimage\"},\"thumbnailUrl\":\"https:\\\/\\\/www.anovapeneira.gal\\\/wp-content\\\/uploads\\\/2022\\\/09\\\/IV_gala_a_nova_peneira.jpg\",\"datePublished\":\"2022-09-27T08:00:16+00:00\",\"description\":\"No ano 1982 celebrouse o mundial de f\u00fatbol en Espa\u00f1a. Eu, que daquela ti\u00f1a 12 anos, estaba imbu\u00eddo polo ambiente abafante que, a trav\u00e9s da conversi\u00f3n de algo que carece da m\u00e1is m\u00ednima relevancia\",\"breadcrumb\":{\"@id\":\"https:\\\/\\\/www.anovapeneira.gal\\\/index.php\\\/2022\\\/09\\\/27\\\/iv-gala-de-entrega-de-premios-a-nova-peneira-3\\\/#breadcrumb\"},\"inLanguage\":\"gl-ES\",\"potentialAction\":[{\"@type\":\"ReadAction\",\"target\":[\"https:\\\/\\\/www.anovapeneira.gal\\\/index.php\\\/2022\\\/09\\\/27\\\/iv-gala-de-entrega-de-premios-a-nova-peneira-3\\\/\"]}]},{\"@type\":\"ImageObject\",\"inLanguage\":\"gl-ES\",\"@id\":\"https:\\\/\\\/www.anovapeneira.gal\\\/index.php\\\/2022\\\/09\\\/27\\\/iv-gala-de-entrega-de-premios-a-nova-peneira-3\\\/#primaryimage\",\"url\":\"https:\\\/\\\/www.anovapeneira.gal\\\/wp-content\\\/uploads\\\/2022\\\/09\\\/IV_gala_a_nova_peneira.jpg\",\"contentUrl\":\"https:\\\/\\\/www.anovapeneira.gal\\\/wp-content\\\/uploads\\\/2022\\\/09\\\/IV_gala_a_nova_peneira.jpg\",\"width\":720,\"height\":432,\"caption\":\"IV Gala de entrega de premios A Nova Peneira\"},{\"@type\":\"BreadcrumbList\",\"@id\":\"https:\\\/\\\/www.anovapeneira.gal\\\/index.php\\\/2022\\\/09\\\/27\\\/iv-gala-de-entrega-de-premios-a-nova-peneira-3\\\/#breadcrumb\",\"itemListElement\":[{\"@type\":\"ListItem\",\"position\":1,\"name\":\"Portada\",\"item\":\"https:\\\/\\\/www.anovapeneira.gal\\\/\"},{\"@type\":\"ListItem\",\"position\":2,\"name\":\"IV Gala de entrega de premios A Nova Peneira\"}]},{\"@type\":\"WebSite\",\"@id\":\"https:\\\/\\\/www.anovapeneira.gal\\\/#website\",\"url\":\"https:\\\/\\\/www.anovapeneira.gal\\\/\",\"name\":\"\",\"description\":\"Xornal galego de informaci\u00f3n xeral Publicaci\u00f3n mensual de novas de Galicia e en especial dos Concellos da sur da provincia de Pontevedra.\",\"publisher\":{\"@id\":\"https:\\\/\\\/www.anovapeneira.gal\\\/#organization\"},\"potentialAction\":[{\"@type\":\"SearchAction\",\"target\":{\"@type\":\"EntryPoint\",\"urlTemplate\":\"https:\\\/\\\/www.anovapeneira.gal\\\/?s={search_term_string}\"},\"query-input\":{\"@type\":\"PropertyValueSpecification\",\"valueRequired\":true,\"valueName\":\"search_term_string\"}}],\"inLanguage\":\"gl-ES\"},{\"@type\":\"Organization\",\"@id\":\"https:\\\/\\\/www.anovapeneira.gal\\\/#organization\",\"name\":\"A Nova Peneira\",\"url\":\"https:\\\/\\\/www.anovapeneira.gal\\\/\",\"logo\":{\"@type\":\"ImageObject\",\"inLanguage\":\"gl-ES\",\"@id\":\"https:\\\/\\\/www.anovapeneira.gal\\\/#\\\/schema\\\/logo\\\/image\\\/\",\"url\":\"http:\\\/\\\/www.anovapeneira.gal\\\/wp-content\\\/uploads\\\/2019\\\/06\\\/logo_a_nova_peneira_portal_web.png\",\"contentUrl\":\"http:\\\/\\\/www.anovapeneira.gal\\\/wp-content\\\/uploads\\\/2019\\\/06\\\/logo_a_nova_peneira_portal_web.png\",\"width\":300,\"height\":100,\"caption\":\"A Nova Peneira\"},\"image\":{\"@id\":\"https:\\\/\\\/www.anovapeneira.gal\\\/#\\\/schema\\\/logo\\\/image\\\/\"},\"sameAs\":[\"https:\\\/\\\/www.facebook.com\\\/anovapeneira\",\"https:\\\/\\\/x.com\\\/APeneira\"]},{\"@type\":\"Person\",\"@id\":\"https:\\\/\\\/www.anovapeneira.gal\\\/#\\\/schema\\\/person\\\/424dfe65e3070fd8a44d22d2c088762a\",\"name\":\"Tino Lago\",\"image\":{\"@type\":\"ImageObject\",\"inLanguage\":\"gl-ES\",\"@id\":\"https:\\\/\\\/secure.gravatar.com\\\/avatar\\\/b3df6a06e44bab3111583b90f0f33a0379ee5e3d22cbadd232d39f21c30c62be?s=96&d=mm&r=g\",\"url\":\"https:\\\/\\\/secure.gravatar.com\\\/avatar\\\/b3df6a06e44bab3111583b90f0f33a0379ee5e3d22cbadd232d39f21c30c62be?s=96&d=mm&r=g\",\"contentUrl\":\"https:\\\/\\\/secure.gravatar.com\\\/avatar\\\/b3df6a06e44bab3111583b90f0f33a0379ee5e3d22cbadd232d39f21c30c62be?s=96&d=mm&r=g\",\"caption\":\"Tino Lago\"},\"sameAs\":[\"http:\\\/\\\/www.anovapeneira.gal\"],\"url\":\"https:\\\/\\\/www.anovapeneira.gal\\\/index.php\\\/author\\\/director\\\/\"}]}<\/script>\n<!-- \/ Yoast SEO plugin. -->","yoast_head_json":{"title":"IV Gala de entrega de premios A Nova Peneira -","description":"No ano 1982 celebrouse o mundial de f\u00fatbol en Espa\u00f1a. Eu, que daquela ti\u00f1a 12 anos, estaba imbu\u00eddo polo ambiente abafante que, a trav\u00e9s da conversi\u00f3n de algo que carece da m\u00e1is m\u00ednima relevancia","robots":{"index":"index","follow":"follow","max-snippet":"max-snippet:-1","max-image-preview":"max-image-preview:large","max-video-preview":"max-video-preview:-1"},"canonical":"https:\/\/www.anovapeneira.gal\/index.php\/2022\/09\/27\/iv-gala-de-entrega-de-premios-a-nova-peneira-3\/","og_locale":"gl_ES","og_type":"article","og_title":"IV Gala de entrega de premios A Nova Peneira -","og_description":"No ano 1982 celebrouse o mundial de f\u00fatbol en Espa\u00f1a. Eu, que daquela ti\u00f1a 12 anos, estaba imbu\u00eddo polo ambiente abafante que, a trav\u00e9s da conversi\u00f3n de algo que carece da m\u00e1is m\u00ednima relevancia","og_url":"https:\/\/www.anovapeneira.gal\/index.php\/2022\/09\/27\/iv-gala-de-entrega-de-premios-a-nova-peneira-3\/","article_publisher":"https:\/\/www.facebook.com\/anovapeneira","article_published_time":"2022-09-27T08:00:16+00:00","og_image":[{"width":720,"height":432,"url":"https:\/\/www.anovapeneira.gal\/wp-content\/uploads\/2022\/09\/IV_gala_a_nova_peneira.jpg","type":"image\/jpeg"}],"author":"Tino Lago","twitter_card":"summary_large_image","twitter_image":"https:\/\/www.anovapeneira.gal\/wp-content\/uploads\/2022\/09\/IV_gala_a_nova_peneira.jpg","twitter_creator":"@APeneira","twitter_site":"@APeneira","twitter_misc":{"Escrito por":"Tino Lago","Tempo de lectura":"4 minutos"},"schema":{"@context":"https:\/\/schema.org","@graph":[{"@type":"Article","@id":"https:\/\/www.anovapeneira.gal\/index.php\/2022\/09\/27\/iv-gala-de-entrega-de-premios-a-nova-peneira-3\/#article","isPartOf":{"@id":"https:\/\/www.anovapeneira.gal\/index.php\/2022\/09\/27\/iv-gala-de-entrega-de-premios-a-nova-peneira-3\/"},"author":{"name":"Tino Lago","@id":"https:\/\/www.anovapeneira.gal\/#\/schema\/person\/424dfe65e3070fd8a44d22d2c088762a"},"headline":"IV Gala de entrega de premios A Nova Peneira","datePublished":"2022-09-27T08:00:16+00:00","mainEntityOfPage":{"@id":"https:\/\/www.anovapeneira.gal\/index.php\/2022\/09\/27\/iv-gala-de-entrega-de-premios-a-nova-peneira-3\/"},"wordCount":699,"commentCount":0,"publisher":{"@id":"https:\/\/www.anovapeneira.gal\/#organization"},"image":{"@id":"https:\/\/www.anovapeneira.gal\/index.php\/2022\/09\/27\/iv-gala-de-entrega-de-premios-a-nova-peneira-3\/#primaryimage"},"thumbnailUrl":"https:\/\/www.anovapeneira.gal\/wp-content\/uploads\/2022\/09\/IV_gala_a_nova_peneira.jpg","keywords":["IV Gala A Nova Peneira"],"articleSection":["Artigo editorial"],"inLanguage":"gl-ES","potentialAction":[{"@type":"CommentAction","name":"Comment","target":["https:\/\/www.anovapeneira.gal\/index.php\/2022\/09\/27\/iv-gala-de-entrega-de-premios-a-nova-peneira-3\/#respond"]}]},{"@type":"WebPage","@id":"https:\/\/www.anovapeneira.gal\/index.php\/2022\/09\/27\/iv-gala-de-entrega-de-premios-a-nova-peneira-3\/","url":"https:\/\/www.anovapeneira.gal\/index.php\/2022\/09\/27\/iv-gala-de-entrega-de-premios-a-nova-peneira-3\/","name":"IV Gala de entrega de premios A Nova Peneira -","isPartOf":{"@id":"https:\/\/www.anovapeneira.gal\/#website"},"primaryImageOfPage":{"@id":"https:\/\/www.anovapeneira.gal\/index.php\/2022\/09\/27\/iv-gala-de-entrega-de-premios-a-nova-peneira-3\/#primaryimage"},"image":{"@id":"https:\/\/www.anovapeneira.gal\/index.php\/2022\/09\/27\/iv-gala-de-entrega-de-premios-a-nova-peneira-3\/#primaryimage"},"thumbnailUrl":"https:\/\/www.anovapeneira.gal\/wp-content\/uploads\/2022\/09\/IV_gala_a_nova_peneira.jpg","datePublished":"2022-09-27T08:00:16+00:00","description":"No ano 1982 celebrouse o mundial de f\u00fatbol en Espa\u00f1a. Eu, que daquela ti\u00f1a 12 anos, estaba imbu\u00eddo polo ambiente abafante que, a trav\u00e9s da conversi\u00f3n de algo que carece da m\u00e1is m\u00ednima relevancia","breadcrumb":{"@id":"https:\/\/www.anovapeneira.gal\/index.php\/2022\/09\/27\/iv-gala-de-entrega-de-premios-a-nova-peneira-3\/#breadcrumb"},"inLanguage":"gl-ES","potentialAction":[{"@type":"ReadAction","target":["https:\/\/www.anovapeneira.gal\/index.php\/2022\/09\/27\/iv-gala-de-entrega-de-premios-a-nova-peneira-3\/"]}]},{"@type":"ImageObject","inLanguage":"gl-ES","@id":"https:\/\/www.anovapeneira.gal\/index.php\/2022\/09\/27\/iv-gala-de-entrega-de-premios-a-nova-peneira-3\/#primaryimage","url":"https:\/\/www.anovapeneira.gal\/wp-content\/uploads\/2022\/09\/IV_gala_a_nova_peneira.jpg","contentUrl":"https:\/\/www.anovapeneira.gal\/wp-content\/uploads\/2022\/09\/IV_gala_a_nova_peneira.jpg","width":720,"height":432,"caption":"IV Gala de entrega de premios A Nova Peneira"},{"@type":"BreadcrumbList","@id":"https:\/\/www.anovapeneira.gal\/index.php\/2022\/09\/27\/iv-gala-de-entrega-de-premios-a-nova-peneira-3\/#breadcrumb","itemListElement":[{"@type":"ListItem","position":1,"name":"Portada","item":"https:\/\/www.anovapeneira.gal\/"},{"@type":"ListItem","position":2,"name":"IV Gala de entrega de premios A Nova Peneira"}]},{"@type":"WebSite","@id":"https:\/\/www.anovapeneira.gal\/#website","url":"https:\/\/www.anovapeneira.gal\/","name":"","description":"Xornal galego de informaci\u00f3n xeral Publicaci\u00f3n mensual de novas de Galicia e en especial dos Concellos da sur da provincia de Pontevedra.","publisher":{"@id":"https:\/\/www.anovapeneira.gal\/#organization"},"potentialAction":[{"@type":"SearchAction","target":{"@type":"EntryPoint","urlTemplate":"https:\/\/www.anovapeneira.gal\/?s={search_term_string}"},"query-input":{"@type":"PropertyValueSpecification","valueRequired":true,"valueName":"search_term_string"}}],"inLanguage":"gl-ES"},{"@type":"Organization","@id":"https:\/\/www.anovapeneira.gal\/#organization","name":"A Nova Peneira","url":"https:\/\/www.anovapeneira.gal\/","logo":{"@type":"ImageObject","inLanguage":"gl-ES","@id":"https:\/\/www.anovapeneira.gal\/#\/schema\/logo\/image\/","url":"http:\/\/www.anovapeneira.gal\/wp-content\/uploads\/2019\/06\/logo_a_nova_peneira_portal_web.png","contentUrl":"http:\/\/www.anovapeneira.gal\/wp-content\/uploads\/2019\/06\/logo_a_nova_peneira_portal_web.png","width":300,"height":100,"caption":"A Nova Peneira"},"image":{"@id":"https:\/\/www.anovapeneira.gal\/#\/schema\/logo\/image\/"},"sameAs":["https:\/\/www.facebook.com\/anovapeneira","https:\/\/x.com\/APeneira"]},{"@type":"Person","@id":"https:\/\/www.anovapeneira.gal\/#\/schema\/person\/424dfe65e3070fd8a44d22d2c088762a","name":"Tino Lago","image":{"@type":"ImageObject","inLanguage":"gl-ES","@id":"https:\/\/secure.gravatar.com\/avatar\/b3df6a06e44bab3111583b90f0f33a0379ee5e3d22cbadd232d39f21c30c62be?s=96&d=mm&r=g","url":"https:\/\/secure.gravatar.com\/avatar\/b3df6a06e44bab3111583b90f0f33a0379ee5e3d22cbadd232d39f21c30c62be?s=96&d=mm&r=g","contentUrl":"https:\/\/secure.gravatar.com\/avatar\/b3df6a06e44bab3111583b90f0f33a0379ee5e3d22cbadd232d39f21c30c62be?s=96&d=mm&r=g","caption":"Tino Lago"},"sameAs":["http:\/\/www.anovapeneira.gal"],"url":"https:\/\/www.anovapeneira.gal\/index.php\/author\/director\/"}]}},"jetpack_featured_media_url":"https:\/\/www.anovapeneira.gal\/wp-content\/uploads\/2022\/09\/IV_gala_a_nova_peneira.jpg","_links":{"self":[{"href":"https:\/\/www.anovapeneira.gal\/index.php\/wp-json\/wp\/v2\/posts\/8193","targetHints":{"allow":["GET"]}}],"collection":[{"href":"https:\/\/www.anovapeneira.gal\/index.php\/wp-json\/wp\/v2\/posts"}],"about":[{"href":"https:\/\/www.anovapeneira.gal\/index.php\/wp-json\/wp\/v2\/types\/post"}],"author":[{"embeddable":true,"href":"https:\/\/www.anovapeneira.gal\/index.php\/wp-json\/wp\/v2\/users\/2"}],"replies":[{"embeddable":true,"href":"https:\/\/www.anovapeneira.gal\/index.php\/wp-json\/wp\/v2\/comments?post=8193"}],"version-history":[{"count":2,"href":"https:\/\/www.anovapeneira.gal\/index.php\/wp-json\/wp\/v2\/posts\/8193\/revisions"}],"predecessor-version":[{"id":8195,"href":"https:\/\/www.anovapeneira.gal\/index.php\/wp-json\/wp\/v2\/posts\/8193\/revisions\/8195"}],"wp:featuredmedia":[{"embeddable":true,"href":"https:\/\/www.anovapeneira.gal\/index.php\/wp-json\/wp\/v2\/media\/8196"}],"wp:attachment":[{"href":"https:\/\/www.anovapeneira.gal\/index.php\/wp-json\/wp\/v2\/media?parent=8193"}],"wp:term":[{"taxonomy":"category","embeddable":true,"href":"https:\/\/www.anovapeneira.gal\/index.php\/wp-json\/wp\/v2\/categories?post=8193"},{"taxonomy":"post_tag","embeddable":true,"href":"https:\/\/www.anovapeneira.gal\/index.php\/wp-json\/wp\/v2\/tags?post=8193"}],"curies":[{"name":"wp","href":"https:\/\/api.w.org\/{rel}","templated":true}]}}