{"id":823,"date":"2019-08-05T14:00:22","date_gmt":"2019-08-05T12:00:22","guid":{"rendered":"http:\/\/www.anovapeneira.gal\/?p=823"},"modified":"2019-08-02T11:21:41","modified_gmt":"2019-08-02T09:21:41","slug":"unha-vintena-de-persoas-maiores-pechan-outro-ano-de-actividades-cunha-xornada-en-contacto-coa-natureza","status":"publish","type":"post","link":"https:\/\/www.anovapeneira.gal\/index.php\/2019\/08\/05\/unha-vintena-de-persoas-maiores-pechan-outro-ano-de-actividades-cunha-xornada-en-contacto-coa-natureza\/","title":{"rendered":"Unha vintena de persoas maiores pechan outro ano de actividades cunha xornada en contacto coa natureza"},"content":{"rendered":"\n<h2 class=\"wp-block-heading\"><strong>A granxa escola Coraz\u00f3n de Carballo ofreceulles visitas guiadas e un taller de musicoterapia<\/strong><\/h2>\n\n\n\n<p><strong>Tomi\u00f1o, 30 de xullo de 2019<\/strong><\/p>\n\n\n\n<p>As\nm\u00e1is de 20 persoas que participan no programa de maiores organizado\npolo Concello de Tomi\u00f1o, co apoio da Deputaci\u00f3n Provincial,\npecharon o curso 2019-2020, cunha xornada en contacto coa natureza,\nque compartiron ademais con usuarios e usuarias do Centro de D\u00eda.<\/p>\n\n\n\n<p>A\ngranxa escola \u201cCoraz\u00f3n de Carballo\u201d de Tomi\u00f1o foi o enclave\nelixido esta vez para pasar unha xornada diferente, que comezou sobre\nas once da ma\u00f1\u00e1 cun taller de musicoterapia, no que logo de\nensinarlles instrumentos musicais de todas partes do mundo,\nproxectaron v\u00eddeos coa m\u00fasica doutros pa\u00edses. M\u00e1is tarde, eles\nmesmos tocaron varias melod\u00edas con instrumentos de percusi\u00f3n\n(pandeiro, conchas, cascabeis, etc.) e por \u00faltimo, interpretaron\ncanci\u00f3ns galegas tradicionais.<\/p>\n\n\n\n<p>Da man\nde Bibiana \u00c1lvarez Magallanes, psicopedagoga a cargo do programa de\nmaiores  \u201cReact\u00edvate\u201d, os usuarios e usuarias desfrutaron dunha\nmerenda a base de sand\u00eda e biscoito caseiro. A continuaci\u00f3n,\ndivididos en dous grupos, uns foron a ver os diferentes tipos de aves\nda granxa, a Aula da Natureza, cunha fermosa colecci\u00f3n de elementos,\ne os outros visitaron a horta, os demais animais e realizaron unha\ndivertida actividade a base de refr\u00e1ns. \n<\/p>\n\n\n\n<p>Sobre\nlas 14.00, comida elaborada especialmente no establecemento, e a\npartir das 15.30 continuaron as actividades, at\u00e9 as 17.00 horas. \n<\/p>\n\n\n\n<p>Durante\no curso, as persoas maiores do programa \u201cReact\u00edvate\u201d fixeron 4\nactividades principais: estimulaci\u00f3n cognitiva, inform\u00e1tica,\nxerontoximnasia e actividades espec\u00edficas, dous d\u00edas \u00e1 semana, nas\ninstalaci\u00f3ns do Centro Vontade.<\/p>\n\n\n\n<p>A\nxornada en Coraz\u00f3n de Carballo, cos anfitri\u00f3ns Xos\u00e9 Mart\u00ednez e\nDiana Balboa (music\u00f3loga especializada en Lisboa e Oxford) e o resto\nde monitores, foi unha boa oportunidade para afianzar as s\u00faas\naptitudes f\u00edsicas e intelectuais, con momentos de convivencia e de\nexpresi\u00f3n art\u00edstica que fan deste programa unha opci\u00f3n moi\natractiva.<\/p>\n\n\n\n<p>A\nconcelleira de Benestar Social, Cristina Mart\u00ednez, salienta a\nimportancia de que as persoas maiores do concello, te\u00f1an unha boa\ncalidade de vida, mantendo as s\u00faas capacidades no mellor nivel\nposible e fomentando unha boa autoestima e sociabilidade.<\/p>\n","protected":false},"excerpt":{"rendered":"<div class=\"mh-excerpt\"><p>A granxa escola Coraz\u00f3n de Carballo ofreceulles visitas guiadas e un taller de musicoterapia\ufeff <a class=\"mh-excerpt-more\" href=\"https:\/\/www.anovapeneira.gal\/index.php\/2019\/08\/05\/unha-vintena-de-persoas-maiores-pechan-outro-ano-de-actividades-cunha-xornada-en-contacto-coa-natureza\/\" title=\"Unha vintena de persoas maiores pechan outro ano de actividades cunha xornada en contacto coa natureza\">[&#8230;]<\/a><\/p>\n<\/div>","protected":false},"author":3,"featured_media":824,"comment_status":"open","ping_status":"open","sticky":false,"template":"","format":"standard","meta":{"_exactmetrics_skip_tracking":false,"_exactmetrics_sitenote_active":false,"_exactmetrics_sitenote_note":"","_exactmetrics_sitenote_category":0,"footnotes":""},"categories":[21],"tags":[380,81,378,377,379],"class_list":{"0":"post-823","1":"post","2":"type-post","3":"status-publish","4":"format-standard","5":"has-post-thumbnail","7":"category-baixo-mino","8":"tag-benestar-social","9":"tag-concello-de-tomino","10":"tag-corazon-de-carballo","11":"tag-musicoterapia","12":"tag-persoas-maiores"},"yoast_head":"<!-- This site is optimized with the Yoast SEO plugin v27.4 - https:\/\/yoast.com\/product\/yoast-seo-wordpress\/ -->\n<title>Unha vintena de persoas maiores pechan outro ano de actividades cunha xornada en contacto coa natureza -<\/title>\n<meta name=\"robots\" content=\"index, follow, max-snippet:-1, max-image-preview:large, max-video-preview:-1\" \/>\n<link rel=\"canonical\" href=\"https:\/\/www.anovapeneira.gal\/index.php\/2019\/08\/05\/unha-vintena-de-persoas-maiores-pechan-outro-ano-de-actividades-cunha-xornada-en-contacto-coa-natureza\/\" \/>\n<meta property=\"og:locale\" content=\"gl_ES\" \/>\n<meta property=\"og:type\" content=\"article\" \/>\n<meta property=\"og:title\" content=\"Unha vintena de persoas maiores pechan outro ano de actividades cunha xornada en contacto coa natureza -\" \/>\n<meta property=\"og:description\" content=\"A granxa escola Coraz\u00f3n de Carballo ofreceulles visitas guiadas e un taller de musicoterapia\ufeff [...]\" \/>\n<meta property=\"og:url\" content=\"https:\/\/www.anovapeneira.gal\/index.php\/2019\/08\/05\/unha-vintena-de-persoas-maiores-pechan-outro-ano-de-actividades-cunha-xornada-en-contacto-coa-natureza\/\" \/>\n<meta property=\"article:publisher\" content=\"https:\/\/www.facebook.com\/anovapeneira\" \/>\n<meta property=\"article:published_time\" content=\"2019-08-05T12:00:22+00:00\" \/>\n<meta property=\"og:image\" content=\"https:\/\/www.anovapeneira.gal\/wp-content\/uploads\/2019\/08\/Corazon_de_Carballo_a_nova_peneira.jpg\" \/>\n\t<meta property=\"og:image:width\" content=\"720\" \/>\n\t<meta property=\"og:image:height\" content=\"473\" \/>\n\t<meta property=\"og:image:type\" content=\"image\/jpeg\" \/>\n<meta name=\"author\" content=\"Redacci\u00f3n A Nova Peneira\" \/>\n<meta name=\"twitter:card\" content=\"summary_large_image\" \/>\n<meta name=\"twitter:creator\" content=\"@APeneira\" \/>\n<meta name=\"twitter:site\" content=\"@APeneira\" \/>\n<meta name=\"twitter:label1\" content=\"Escrito por\" \/>\n\t<meta name=\"twitter:data1\" content=\"Redacci\u00f3n A Nova Peneira\" \/>\n\t<meta name=\"twitter:label2\" content=\"Tempo de lectura\" \/>\n\t<meta name=\"twitter:data2\" content=\"2 minutos\" \/>\n<script type=\"application\/ld+json\" class=\"yoast-schema-graph\">{\"@context\":\"https:\\\/\\\/schema.org\",\"@graph\":[{\"@type\":\"Article\",\"@id\":\"https:\\\/\\\/www.anovapeneira.gal\\\/index.php\\\/2019\\\/08\\\/05\\\/unha-vintena-de-persoas-maiores-pechan-outro-ano-de-actividades-cunha-xornada-en-contacto-coa-natureza\\\/#article\",\"isPartOf\":{\"@id\":\"https:\\\/\\\/www.anovapeneira.gal\\\/index.php\\\/2019\\\/08\\\/05\\\/unha-vintena-de-persoas-maiores-pechan-outro-ano-de-actividades-cunha-xornada-en-contacto-coa-natureza\\\/\"},\"author\":{\"name\":\"Redacci\u00f3n A Nova Peneira\",\"@id\":\"https:\\\/\\\/www.anovapeneira.gal\\\/#\\\/schema\\\/person\\\/b93e3f8932e3f8da96334607eb6ac6aa\"},\"headline\":\"Unha vintena de persoas maiores pechan outro ano de actividades cunha xornada en contacto coa natureza\",\"datePublished\":\"2019-08-05T12:00:22+00:00\",\"mainEntityOfPage\":{\"@id\":\"https:\\\/\\\/www.anovapeneira.gal\\\/index.php\\\/2019\\\/08\\\/05\\\/unha-vintena-de-persoas-maiores-pechan-outro-ano-de-actividades-cunha-xornada-en-contacto-coa-natureza\\\/\"},\"wordCount\":389,\"commentCount\":0,\"publisher\":{\"@id\":\"https:\\\/\\\/www.anovapeneira.gal\\\/#organization\"},\"image\":{\"@id\":\"https:\\\/\\\/www.anovapeneira.gal\\\/index.php\\\/2019\\\/08\\\/05\\\/unha-vintena-de-persoas-maiores-pechan-outro-ano-de-actividades-cunha-xornada-en-contacto-coa-natureza\\\/#primaryimage\"},\"thumbnailUrl\":\"https:\\\/\\\/www.anovapeneira.gal\\\/wp-content\\\/uploads\\\/2019\\\/08\\\/Corazon_de_Carballo_a_nova_peneira.jpg\",\"keywords\":[\"Benestar Social\",\"Concello de Tomi\u00f1o\",\"Coraz\u00f3n de Carballo\",\"Musicoterapia\",\"Persoas Maiores\"],\"articleSection\":[\"Baixo Mi\u00f1o\"],\"inLanguage\":\"gl-ES\",\"potentialAction\":[{\"@type\":\"CommentAction\",\"name\":\"Comment\",\"target\":[\"https:\\\/\\\/www.anovapeneira.gal\\\/index.php\\\/2019\\\/08\\\/05\\\/unha-vintena-de-persoas-maiores-pechan-outro-ano-de-actividades-cunha-xornada-en-contacto-coa-natureza\\\/#respond\"]}]},{\"@type\":\"WebPage\",\"@id\":\"https:\\\/\\\/www.anovapeneira.gal\\\/index.php\\\/2019\\\/08\\\/05\\\/unha-vintena-de-persoas-maiores-pechan-outro-ano-de-actividades-cunha-xornada-en-contacto-coa-natureza\\\/\",\"url\":\"https:\\\/\\\/www.anovapeneira.gal\\\/index.php\\\/2019\\\/08\\\/05\\\/unha-vintena-de-persoas-maiores-pechan-outro-ano-de-actividades-cunha-xornada-en-contacto-coa-natureza\\\/\",\"name\":\"Unha vintena de persoas maiores pechan outro ano de actividades cunha xornada en contacto coa natureza -\",\"isPartOf\":{\"@id\":\"https:\\\/\\\/www.anovapeneira.gal\\\/#website\"},\"primaryImageOfPage\":{\"@id\":\"https:\\\/\\\/www.anovapeneira.gal\\\/index.php\\\/2019\\\/08\\\/05\\\/unha-vintena-de-persoas-maiores-pechan-outro-ano-de-actividades-cunha-xornada-en-contacto-coa-natureza\\\/#primaryimage\"},\"image\":{\"@id\":\"https:\\\/\\\/www.anovapeneira.gal\\\/index.php\\\/2019\\\/08\\\/05\\\/unha-vintena-de-persoas-maiores-pechan-outro-ano-de-actividades-cunha-xornada-en-contacto-coa-natureza\\\/#primaryimage\"},\"thumbnailUrl\":\"https:\\\/\\\/www.anovapeneira.gal\\\/wp-content\\\/uploads\\\/2019\\\/08\\\/Corazon_de_Carballo_a_nova_peneira.jpg\",\"datePublished\":\"2019-08-05T12:00:22+00:00\",\"breadcrumb\":{\"@id\":\"https:\\\/\\\/www.anovapeneira.gal\\\/index.php\\\/2019\\\/08\\\/05\\\/unha-vintena-de-persoas-maiores-pechan-outro-ano-de-actividades-cunha-xornada-en-contacto-coa-natureza\\\/#breadcrumb\"},\"inLanguage\":\"gl-ES\",\"potentialAction\":[{\"@type\":\"ReadAction\",\"target\":[\"https:\\\/\\\/www.anovapeneira.gal\\\/index.php\\\/2019\\\/08\\\/05\\\/unha-vintena-de-persoas-maiores-pechan-outro-ano-de-actividades-cunha-xornada-en-contacto-coa-natureza\\\/\"]}]},{\"@type\":\"ImageObject\",\"inLanguage\":\"gl-ES\",\"@id\":\"https:\\\/\\\/www.anovapeneira.gal\\\/index.php\\\/2019\\\/08\\\/05\\\/unha-vintena-de-persoas-maiores-pechan-outro-ano-de-actividades-cunha-xornada-en-contacto-coa-natureza\\\/#primaryimage\",\"url\":\"https:\\\/\\\/www.anovapeneira.gal\\\/wp-content\\\/uploads\\\/2019\\\/08\\\/Corazon_de_Carballo_a_nova_peneira.jpg\",\"contentUrl\":\"https:\\\/\\\/www.anovapeneira.gal\\\/wp-content\\\/uploads\\\/2019\\\/08\\\/Corazon_de_Carballo_a_nova_peneira.jpg\",\"width\":720,\"height\":473,\"caption\":\"Coraz\u00f3n de Carballo Concello de Tomi\u00f1o A Nova Peneira\"},{\"@type\":\"BreadcrumbList\",\"@id\":\"https:\\\/\\\/www.anovapeneira.gal\\\/index.php\\\/2019\\\/08\\\/05\\\/unha-vintena-de-persoas-maiores-pechan-outro-ano-de-actividades-cunha-xornada-en-contacto-coa-natureza\\\/#breadcrumb\",\"itemListElement\":[{\"@type\":\"ListItem\",\"position\":1,\"name\":\"Portada\",\"item\":\"https:\\\/\\\/www.anovapeneira.gal\\\/\"},{\"@type\":\"ListItem\",\"position\":2,\"name\":\"Unha vintena de persoas maiores pechan outro ano de actividades cunha xornada en contacto coa natureza\"}]},{\"@type\":\"WebSite\",\"@id\":\"https:\\\/\\\/www.anovapeneira.gal\\\/#website\",\"url\":\"https:\\\/\\\/www.anovapeneira.gal\\\/\",\"name\":\"\",\"description\":\"Xornal galego de informaci\u00f3n xeral Publicaci\u00f3n mensual de novas de Galicia e en especial dos Concellos da sur da provincia de Pontevedra.\",\"publisher\":{\"@id\":\"https:\\\/\\\/www.anovapeneira.gal\\\/#organization\"},\"potentialAction\":[{\"@type\":\"SearchAction\",\"target\":{\"@type\":\"EntryPoint\",\"urlTemplate\":\"https:\\\/\\\/www.anovapeneira.gal\\\/?s={search_term_string}\"},\"query-input\":{\"@type\":\"PropertyValueSpecification\",\"valueRequired\":true,\"valueName\":\"search_term_string\"}}],\"inLanguage\":\"gl-ES\"},{\"@type\":\"Organization\",\"@id\":\"https:\\\/\\\/www.anovapeneira.gal\\\/#organization\",\"name\":\"A Nova Peneira\",\"url\":\"https:\\\/\\\/www.anovapeneira.gal\\\/\",\"logo\":{\"@type\":\"ImageObject\",\"inLanguage\":\"gl-ES\",\"@id\":\"https:\\\/\\\/www.anovapeneira.gal\\\/#\\\/schema\\\/logo\\\/image\\\/\",\"url\":\"http:\\\/\\\/www.anovapeneira.gal\\\/wp-content\\\/uploads\\\/2019\\\/06\\\/logo_a_nova_peneira_portal_web.png\",\"contentUrl\":\"http:\\\/\\\/www.anovapeneira.gal\\\/wp-content\\\/uploads\\\/2019\\\/06\\\/logo_a_nova_peneira_portal_web.png\",\"width\":300,\"height\":100,\"caption\":\"A Nova Peneira\"},\"image\":{\"@id\":\"https:\\\/\\\/www.anovapeneira.gal\\\/#\\\/schema\\\/logo\\\/image\\\/\"},\"sameAs\":[\"https:\\\/\\\/www.facebook.com\\\/anovapeneira\",\"https:\\\/\\\/x.com\\\/APeneira\"]},{\"@type\":\"Person\",\"@id\":\"https:\\\/\\\/www.anovapeneira.gal\\\/#\\\/schema\\\/person\\\/b93e3f8932e3f8da96334607eb6ac6aa\",\"name\":\"Redacci\u00f3n A Nova Peneira\",\"image\":{\"@type\":\"ImageObject\",\"inLanguage\":\"gl-ES\",\"@id\":\"https:\\\/\\\/secure.gravatar.com\\\/avatar\\\/c052a2551a06e23fac63626232eaa90abd78dbcf1700fc46a2b2c89fd27b735f?s=96&d=mm&r=g\",\"url\":\"https:\\\/\\\/secure.gravatar.com\\\/avatar\\\/c052a2551a06e23fac63626232eaa90abd78dbcf1700fc46a2b2c89fd27b735f?s=96&d=mm&r=g\",\"contentUrl\":\"https:\\\/\\\/secure.gravatar.com\\\/avatar\\\/c052a2551a06e23fac63626232eaa90abd78dbcf1700fc46a2b2c89fd27b735f?s=96&d=mm&r=g\",\"caption\":\"Redacci\u00f3n A Nova Peneira\"},\"sameAs\":[\"http:\\\/\\\/www.anovapeneira.gal\\\/\"],\"url\":\"https:\\\/\\\/www.anovapeneira.gal\\\/index.php\\\/author\\\/redactor\\\/\"}]}<\/script>\n<!-- \/ Yoast SEO plugin. -->","yoast_head_json":{"title":"Unha vintena de persoas maiores pechan outro ano de actividades cunha xornada en contacto coa natureza -","robots":{"index":"index","follow":"follow","max-snippet":"max-snippet:-1","max-image-preview":"max-image-preview:large","max-video-preview":"max-video-preview:-1"},"canonical":"https:\/\/www.anovapeneira.gal\/index.php\/2019\/08\/05\/unha-vintena-de-persoas-maiores-pechan-outro-ano-de-actividades-cunha-xornada-en-contacto-coa-natureza\/","og_locale":"gl_ES","og_type":"article","og_title":"Unha vintena de persoas maiores pechan outro ano de actividades cunha xornada en contacto coa natureza -","og_description":"A granxa escola Coraz\u00f3n de Carballo ofreceulles visitas guiadas e un taller de musicoterapia\ufeff [...]","og_url":"https:\/\/www.anovapeneira.gal\/index.php\/2019\/08\/05\/unha-vintena-de-persoas-maiores-pechan-outro-ano-de-actividades-cunha-xornada-en-contacto-coa-natureza\/","article_publisher":"https:\/\/www.facebook.com\/anovapeneira","article_published_time":"2019-08-05T12:00:22+00:00","og_image":[{"width":720,"height":473,"url":"https:\/\/www.anovapeneira.gal\/wp-content\/uploads\/2019\/08\/Corazon_de_Carballo_a_nova_peneira.jpg","type":"image\/jpeg"}],"author":"Redacci\u00f3n A Nova Peneira","twitter_card":"summary_large_image","twitter_creator":"@APeneira","twitter_site":"@APeneira","twitter_misc":{"Escrito por":"Redacci\u00f3n A Nova Peneira","Tempo de lectura":"2 minutos"},"schema":{"@context":"https:\/\/schema.org","@graph":[{"@type":"Article","@id":"https:\/\/www.anovapeneira.gal\/index.php\/2019\/08\/05\/unha-vintena-de-persoas-maiores-pechan-outro-ano-de-actividades-cunha-xornada-en-contacto-coa-natureza\/#article","isPartOf":{"@id":"https:\/\/www.anovapeneira.gal\/index.php\/2019\/08\/05\/unha-vintena-de-persoas-maiores-pechan-outro-ano-de-actividades-cunha-xornada-en-contacto-coa-natureza\/"},"author":{"name":"Redacci\u00f3n A Nova Peneira","@id":"https:\/\/www.anovapeneira.gal\/#\/schema\/person\/b93e3f8932e3f8da96334607eb6ac6aa"},"headline":"Unha vintena de persoas maiores pechan outro ano de actividades cunha xornada en contacto coa natureza","datePublished":"2019-08-05T12:00:22+00:00","mainEntityOfPage":{"@id":"https:\/\/www.anovapeneira.gal\/index.php\/2019\/08\/05\/unha-vintena-de-persoas-maiores-pechan-outro-ano-de-actividades-cunha-xornada-en-contacto-coa-natureza\/"},"wordCount":389,"commentCount":0,"publisher":{"@id":"https:\/\/www.anovapeneira.gal\/#organization"},"image":{"@id":"https:\/\/www.anovapeneira.gal\/index.php\/2019\/08\/05\/unha-vintena-de-persoas-maiores-pechan-outro-ano-de-actividades-cunha-xornada-en-contacto-coa-natureza\/#primaryimage"},"thumbnailUrl":"https:\/\/www.anovapeneira.gal\/wp-content\/uploads\/2019\/08\/Corazon_de_Carballo_a_nova_peneira.jpg","keywords":["Benestar Social","Concello de Tomi\u00f1o","Coraz\u00f3n de Carballo","Musicoterapia","Persoas Maiores"],"articleSection":["Baixo Mi\u00f1o"],"inLanguage":"gl-ES","potentialAction":[{"@type":"CommentAction","name":"Comment","target":["https:\/\/www.anovapeneira.gal\/index.php\/2019\/08\/05\/unha-vintena-de-persoas-maiores-pechan-outro-ano-de-actividades-cunha-xornada-en-contacto-coa-natureza\/#respond"]}]},{"@type":"WebPage","@id":"https:\/\/www.anovapeneira.gal\/index.php\/2019\/08\/05\/unha-vintena-de-persoas-maiores-pechan-outro-ano-de-actividades-cunha-xornada-en-contacto-coa-natureza\/","url":"https:\/\/www.anovapeneira.gal\/index.php\/2019\/08\/05\/unha-vintena-de-persoas-maiores-pechan-outro-ano-de-actividades-cunha-xornada-en-contacto-coa-natureza\/","name":"Unha vintena de persoas maiores pechan outro ano de actividades cunha xornada en contacto coa natureza -","isPartOf":{"@id":"https:\/\/www.anovapeneira.gal\/#website"},"primaryImageOfPage":{"@id":"https:\/\/www.anovapeneira.gal\/index.php\/2019\/08\/05\/unha-vintena-de-persoas-maiores-pechan-outro-ano-de-actividades-cunha-xornada-en-contacto-coa-natureza\/#primaryimage"},"image":{"@id":"https:\/\/www.anovapeneira.gal\/index.php\/2019\/08\/05\/unha-vintena-de-persoas-maiores-pechan-outro-ano-de-actividades-cunha-xornada-en-contacto-coa-natureza\/#primaryimage"},"thumbnailUrl":"https:\/\/www.anovapeneira.gal\/wp-content\/uploads\/2019\/08\/Corazon_de_Carballo_a_nova_peneira.jpg","datePublished":"2019-08-05T12:00:22+00:00","breadcrumb":{"@id":"https:\/\/www.anovapeneira.gal\/index.php\/2019\/08\/05\/unha-vintena-de-persoas-maiores-pechan-outro-ano-de-actividades-cunha-xornada-en-contacto-coa-natureza\/#breadcrumb"},"inLanguage":"gl-ES","potentialAction":[{"@type":"ReadAction","target":["https:\/\/www.anovapeneira.gal\/index.php\/2019\/08\/05\/unha-vintena-de-persoas-maiores-pechan-outro-ano-de-actividades-cunha-xornada-en-contacto-coa-natureza\/"]}]},{"@type":"ImageObject","inLanguage":"gl-ES","@id":"https:\/\/www.anovapeneira.gal\/index.php\/2019\/08\/05\/unha-vintena-de-persoas-maiores-pechan-outro-ano-de-actividades-cunha-xornada-en-contacto-coa-natureza\/#primaryimage","url":"https:\/\/www.anovapeneira.gal\/wp-content\/uploads\/2019\/08\/Corazon_de_Carballo_a_nova_peneira.jpg","contentUrl":"https:\/\/www.anovapeneira.gal\/wp-content\/uploads\/2019\/08\/Corazon_de_Carballo_a_nova_peneira.jpg","width":720,"height":473,"caption":"Coraz\u00f3n de Carballo Concello de Tomi\u00f1o A Nova Peneira"},{"@type":"BreadcrumbList","@id":"https:\/\/www.anovapeneira.gal\/index.php\/2019\/08\/05\/unha-vintena-de-persoas-maiores-pechan-outro-ano-de-actividades-cunha-xornada-en-contacto-coa-natureza\/#breadcrumb","itemListElement":[{"@type":"ListItem","position":1,"name":"Portada","item":"https:\/\/www.anovapeneira.gal\/"},{"@type":"ListItem","position":2,"name":"Unha vintena de persoas maiores pechan outro ano de actividades cunha xornada en contacto coa natureza"}]},{"@type":"WebSite","@id":"https:\/\/www.anovapeneira.gal\/#website","url":"https:\/\/www.anovapeneira.gal\/","name":"","description":"Xornal galego de informaci\u00f3n xeral Publicaci\u00f3n mensual de novas de Galicia e en especial dos Concellos da sur da provincia de Pontevedra.","publisher":{"@id":"https:\/\/www.anovapeneira.gal\/#organization"},"potentialAction":[{"@type":"SearchAction","target":{"@type":"EntryPoint","urlTemplate":"https:\/\/www.anovapeneira.gal\/?s={search_term_string}"},"query-input":{"@type":"PropertyValueSpecification","valueRequired":true,"valueName":"search_term_string"}}],"inLanguage":"gl-ES"},{"@type":"Organization","@id":"https:\/\/www.anovapeneira.gal\/#organization","name":"A Nova Peneira","url":"https:\/\/www.anovapeneira.gal\/","logo":{"@type":"ImageObject","inLanguage":"gl-ES","@id":"https:\/\/www.anovapeneira.gal\/#\/schema\/logo\/image\/","url":"http:\/\/www.anovapeneira.gal\/wp-content\/uploads\/2019\/06\/logo_a_nova_peneira_portal_web.png","contentUrl":"http:\/\/www.anovapeneira.gal\/wp-content\/uploads\/2019\/06\/logo_a_nova_peneira_portal_web.png","width":300,"height":100,"caption":"A Nova Peneira"},"image":{"@id":"https:\/\/www.anovapeneira.gal\/#\/schema\/logo\/image\/"},"sameAs":["https:\/\/www.facebook.com\/anovapeneira","https:\/\/x.com\/APeneira"]},{"@type":"Person","@id":"https:\/\/www.anovapeneira.gal\/#\/schema\/person\/b93e3f8932e3f8da96334607eb6ac6aa","name":"Redacci\u00f3n A Nova Peneira","image":{"@type":"ImageObject","inLanguage":"gl-ES","@id":"https:\/\/secure.gravatar.com\/avatar\/c052a2551a06e23fac63626232eaa90abd78dbcf1700fc46a2b2c89fd27b735f?s=96&d=mm&r=g","url":"https:\/\/secure.gravatar.com\/avatar\/c052a2551a06e23fac63626232eaa90abd78dbcf1700fc46a2b2c89fd27b735f?s=96&d=mm&r=g","contentUrl":"https:\/\/secure.gravatar.com\/avatar\/c052a2551a06e23fac63626232eaa90abd78dbcf1700fc46a2b2c89fd27b735f?s=96&d=mm&r=g","caption":"Redacci\u00f3n A Nova Peneira"},"sameAs":["http:\/\/www.anovapeneira.gal\/"],"url":"https:\/\/www.anovapeneira.gal\/index.php\/author\/redactor\/"}]}},"jetpack_featured_media_url":"https:\/\/www.anovapeneira.gal\/wp-content\/uploads\/2019\/08\/Corazon_de_Carballo_a_nova_peneira.jpg","_links":{"self":[{"href":"https:\/\/www.anovapeneira.gal\/index.php\/wp-json\/wp\/v2\/posts\/823","targetHints":{"allow":["GET"]}}],"collection":[{"href":"https:\/\/www.anovapeneira.gal\/index.php\/wp-json\/wp\/v2\/posts"}],"about":[{"href":"https:\/\/www.anovapeneira.gal\/index.php\/wp-json\/wp\/v2\/types\/post"}],"author":[{"embeddable":true,"href":"https:\/\/www.anovapeneira.gal\/index.php\/wp-json\/wp\/v2\/users\/3"}],"replies":[{"embeddable":true,"href":"https:\/\/www.anovapeneira.gal\/index.php\/wp-json\/wp\/v2\/comments?post=823"}],"version-history":[{"count":1,"href":"https:\/\/www.anovapeneira.gal\/index.php\/wp-json\/wp\/v2\/posts\/823\/revisions"}],"predecessor-version":[{"id":825,"href":"https:\/\/www.anovapeneira.gal\/index.php\/wp-json\/wp\/v2\/posts\/823\/revisions\/825"}],"wp:featuredmedia":[{"embeddable":true,"href":"https:\/\/www.anovapeneira.gal\/index.php\/wp-json\/wp\/v2\/media\/824"}],"wp:attachment":[{"href":"https:\/\/www.anovapeneira.gal\/index.php\/wp-json\/wp\/v2\/media?parent=823"}],"wp:term":[{"taxonomy":"category","embeddable":true,"href":"https:\/\/www.anovapeneira.gal\/index.php\/wp-json\/wp\/v2\/categories?post=823"},{"taxonomy":"post_tag","embeddable":true,"href":"https:\/\/www.anovapeneira.gal\/index.php\/wp-json\/wp\/v2\/tags?post=823"}],"curies":[{"name":"wp","href":"https:\/\/api.w.org\/{rel}","templated":true}]}}