{"id":8274,"date":"2022-09-30T12:00:47","date_gmt":"2022-09-30T10:00:47","guid":{"rendered":"https:\/\/www.anovapeneira.gal\/?p=8274"},"modified":"2022-09-27T15:37:06","modified_gmt":"2022-09-27T13:37:06","slug":"o-bng-lamenta-o-mal-estado-das-instalacions-do-paseo-alcalde-blanco","status":"publish","type":"post","link":"https:\/\/www.anovapeneira.gal\/index.php\/2022\/09\/30\/o-bng-lamenta-o-mal-estado-das-instalacions-do-paseo-alcalde-blanco\/","title":{"rendered":"O BNG lamenta o mal estado das instalaci\u00f3ns do paseo Alcalde Blanco"},"content":{"rendered":"\n<h2 class=\"wp-block-heading\"><em>Luc\u00eda Santos manifesta que \u201cnon \u00e9 normal que unhas instalaci\u00f3ns que acaban de ser inauguradas, e nas que se investiron m\u00e1is dun mill\u00f3n de euros, presenten xa semellante estado de deterioro.\u201d<\/em><\/h2>\n\n\n\n<h3 class=\"wp-block-heading\"><em>Santos manifesta que \u201ca actuaci\u00f3n m\u00e1is necesaria que precisa a nosa vila para conectar Mar\u00edn co mar \u00e9 a actuaci\u00f3n no espazo existente entre o casco urbano e o paseo Alcalde Blanco.\u201d<\/em><\/h3>\n\n\n\n<p>Mar\u00edn, 23 de setembro do 2022.<\/p>\n\n\n\n<p>Na comisi\u00f3n informativa de urbanismo celebrada este mes de setembro, a portavoz municipal do BNG, Luc\u00eda Santos, deu traslado do mal estado no que se atopan as instalaci\u00f3ns recentemente inauguradas do Paseo Alcalde Blanco.<\/p>\n\n\n\n<p>Luc\u00eda Santos afirma que \u201ca madeira das gradas est\u00e1n rotas ou despegadas en diferentes zonas e perdendo a cor inicial. As\u00edmesmo, o pavimento que cubre a zona do parque de auga tam\u00e9n se est\u00e1 despegando.\u201d<\/p>\n\n\n\n<p>As obras do Paseo Alcalde Blanco, nas que se investiron 1.135.500 euros co financiamento do 80% de fondos Feder, foron rematadas a principios de ano, a\u00ednda que a zona do parque de auga non se puxo en funcionamento at\u00e9 a s\u00faa inauguraci\u00f3n oficial, o pasado mes de xullo.<\/p>\n\n\n\n<p>A portavoz municipal do BNG manifesta que \u201cnon \u00e9 normal que unhas instalaci\u00f3ns que acaban de ser inauguradas e nas que se investiron m\u00e1is dun mill\u00f3n de euros, presenten xa semellante estado de deterioro.\u201d Polo que insta ao goberno municipal para que \u201cestas graves deficiencias sexan subsanadas o antes pos\u00edbel pola empresa encargada da execuci\u00f3n da obra.\u201d<\/p>\n\n\n\n<p>O goberno de Mar\u00eda Ramallo presentou o proxecto do Paseo Alcalde Blanco como \u201cun referente en mobilidade sost\u00edbel\u201d para conectar o casco urbano co mar, mais \u201cesta actuaci\u00f3n foi en realidade unha remodelaci\u00f3n dun espazo xa existente que non supuxo a creaci\u00f3n dun espazo novo, polo que o resultado final est\u00e1 moi lonxe do que Mar\u00edn realmente precisa\u201d, en palabras de Luc\u00eda Santos.<\/p>\n\n\n\n<p>Santos manifesta que \u201ca actuaci\u00f3n m\u00e1is necesaria que precisa a nosa vila para conectar Mar\u00edn co mar \u00e9 a actuaci\u00f3n no espazo existente entre o casco urbano e o paseo Alcalde Blanco, que permita crear un espazo peonil c\u00f3modo e acces\u00edbel desde a zona da alameda at\u00e9 o paseo, e que po\u00f1a fin a incomodidade que sup\u00f3n cami\u00f1ar polo medio dun aparcadoiro sorteando coches.\u201d<\/p>\n\n\n\n<p>Luc\u00eda Santos reco\u00f1ece que \u201c\u00e9 certo que a actuaci\u00f3n na punta do paseo supuxo unha mellora incuestion\u00e1bel no paseo, mais a actuaci\u00f3n restante non era prioritaria\u201d, o que pon de manifesto unha vez m\u00e1is \u201ca falta de proxecto e de ideas desde goberno do PP, que presenta como grandes logros actuaci\u00f3ns en espazos xa existentes como son no Paseo Alcalde Blanco ou na Avenida de Ourense.\u201d<\/p>\n\n\n\n<p>A portavoz municipal do BNG apunta que \u201cnon comprendo como despois de oito meses desde o remate da obra, e xa finalizando o ver\u00e1n, o local do final do paseo destinado a hostalar\u00eda segue sen estar en funcionamento, a\u00ednda pendente de licitaci\u00f3n.\u201d<\/p>\n","protected":false},"excerpt":{"rendered":"<div class=\"mh-excerpt\"><p>Luc\u00eda Santos manifesta que \u201cnon \u00e9 normal que unhas instalaci\u00f3ns que acaban de ser inauguradas, e nas que se investiron m\u00e1is dun mill\u00f3n de euros, presenten xa semellante estado de deterioro.\u201d <a class=\"mh-excerpt-more\" href=\"https:\/\/www.anovapeneira.gal\/index.php\/2022\/09\/30\/o-bng-lamenta-o-mal-estado-das-instalacions-do-paseo-alcalde-blanco\/\" title=\"O BNG lamenta o mal estado das instalaci\u00f3ns do paseo Alcalde Blanco\">[&#8230;]<\/a><\/p>\n<\/div>","protected":false},"author":3,"featured_media":8275,"comment_status":"open","ping_status":"open","sticky":false,"template":"","format":"standard","meta":{"_exactmetrics_skip_tracking":false,"_exactmetrics_sitenote_active":false,"_exactmetrics_sitenote_note":"","_exactmetrics_sitenote_category":0,"footnotes":""},"categories":[22],"tags":[144],"class_list":{"0":"post-8274","1":"post","2":"type-post","3":"status-publish","4":"format-standard","5":"has-post-thumbnail","7":"category-morrazo","8":"tag-concello-de-marin"},"yoast_head":"<!-- This site is optimized with the Yoast SEO plugin v27.4 - https:\/\/yoast.com\/product\/yoast-seo-wordpress\/ -->\n<title>O BNG lamenta o mal estado das instalaci\u00f3ns do paseo Alcalde Blanco -<\/title>\n<meta name=\"description\" content=\"Luc\u00eda Santos manifesta que \u201cnon \u00e9 normal que unhas instalaci\u00f3ns que acaban de ser inauguradas, e nas que se investiron m\u00e1is dun mill\u00f3n de euros, presenten xa semellante estado de deterioro.\u201d\" \/>\n<meta name=\"robots\" content=\"index, follow, max-snippet:-1, max-image-preview:large, max-video-preview:-1\" \/>\n<link rel=\"canonical\" href=\"https:\/\/www.anovapeneira.gal\/index.php\/2022\/09\/30\/o-bng-lamenta-o-mal-estado-das-instalacions-do-paseo-alcalde-blanco\/\" \/>\n<meta property=\"og:locale\" content=\"gl_ES\" \/>\n<meta property=\"og:type\" content=\"article\" \/>\n<meta property=\"og:title\" content=\"O BNG lamenta o mal estado das instalaci\u00f3ns do paseo Alcalde Blanco -\" \/>\n<meta property=\"og:description\" content=\"Luc\u00eda Santos manifesta que \u201cnon \u00e9 normal que unhas instalaci\u00f3ns que acaban de ser inauguradas, e nas que se investiron m\u00e1is dun mill\u00f3n de euros, presenten xa semellante estado de deterioro.\u201d\" \/>\n<meta property=\"og:url\" content=\"https:\/\/www.anovapeneira.gal\/index.php\/2022\/09\/30\/o-bng-lamenta-o-mal-estado-das-instalacions-do-paseo-alcalde-blanco\/\" \/>\n<meta property=\"article:publisher\" content=\"https:\/\/www.facebook.com\/anovapeneira\" \/>\n<meta property=\"article:published_time\" content=\"2022-09-30T10:00:47+00:00\" \/>\n<meta property=\"og:image\" content=\"https:\/\/www.anovapeneira.gal\/wp-content\/uploads\/2022\/09\/paseo_mal.jpg\" \/>\n\t<meta property=\"og:image:width\" content=\"720\" \/>\n\t<meta property=\"og:image:height\" content=\"432\" \/>\n\t<meta property=\"og:image:type\" content=\"image\/jpeg\" \/>\n<meta name=\"author\" content=\"Redacci\u00f3n A Nova Peneira\" \/>\n<meta name=\"twitter:card\" content=\"summary_large_image\" \/>\n<meta name=\"twitter:creator\" content=\"@APeneira\" \/>\n<meta name=\"twitter:site\" content=\"@APeneira\" \/>\n<meta name=\"twitter:label1\" content=\"Escrito por\" \/>\n\t<meta name=\"twitter:data1\" content=\"Redacci\u00f3n A Nova Peneira\" \/>\n\t<meta name=\"twitter:label2\" content=\"Tempo de lectura\" \/>\n\t<meta name=\"twitter:data2\" content=\"3 minutos\" \/>\n<script type=\"application\/ld+json\" class=\"yoast-schema-graph\">{\"@context\":\"https:\\\/\\\/schema.org\",\"@graph\":[{\"@type\":\"Article\",\"@id\":\"https:\\\/\\\/www.anovapeneira.gal\\\/index.php\\\/2022\\\/09\\\/30\\\/o-bng-lamenta-o-mal-estado-das-instalacions-do-paseo-alcalde-blanco\\\/#article\",\"isPartOf\":{\"@id\":\"https:\\\/\\\/www.anovapeneira.gal\\\/index.php\\\/2022\\\/09\\\/30\\\/o-bng-lamenta-o-mal-estado-das-instalacions-do-paseo-alcalde-blanco\\\/\"},\"author\":{\"name\":\"Redacci\u00f3n A Nova Peneira\",\"@id\":\"https:\\\/\\\/www.anovapeneira.gal\\\/#\\\/schema\\\/person\\\/b93e3f8932e3f8da96334607eb6ac6aa\"},\"headline\":\"O BNG lamenta o mal estado das instalaci\u00f3ns do paseo Alcalde Blanco\",\"datePublished\":\"2022-09-30T10:00:47+00:00\",\"mainEntityOfPage\":{\"@id\":\"https:\\\/\\\/www.anovapeneira.gal\\\/index.php\\\/2022\\\/09\\\/30\\\/o-bng-lamenta-o-mal-estado-das-instalacions-do-paseo-alcalde-blanco\\\/\"},\"wordCount\":533,\"commentCount\":0,\"publisher\":{\"@id\":\"https:\\\/\\\/www.anovapeneira.gal\\\/#organization\"},\"image\":{\"@id\":\"https:\\\/\\\/www.anovapeneira.gal\\\/index.php\\\/2022\\\/09\\\/30\\\/o-bng-lamenta-o-mal-estado-das-instalacions-do-paseo-alcalde-blanco\\\/#primaryimage\"},\"thumbnailUrl\":\"https:\\\/\\\/www.anovapeneira.gal\\\/wp-content\\\/uploads\\\/2022\\\/09\\\/paseo_mal.jpg\",\"keywords\":[\"Concello de Mar\u00edn\"],\"articleSection\":[\"Morrazo\"],\"inLanguage\":\"gl-ES\",\"potentialAction\":[{\"@type\":\"CommentAction\",\"name\":\"Comment\",\"target\":[\"https:\\\/\\\/www.anovapeneira.gal\\\/index.php\\\/2022\\\/09\\\/30\\\/o-bng-lamenta-o-mal-estado-das-instalacions-do-paseo-alcalde-blanco\\\/#respond\"]}]},{\"@type\":\"WebPage\",\"@id\":\"https:\\\/\\\/www.anovapeneira.gal\\\/index.php\\\/2022\\\/09\\\/30\\\/o-bng-lamenta-o-mal-estado-das-instalacions-do-paseo-alcalde-blanco\\\/\",\"url\":\"https:\\\/\\\/www.anovapeneira.gal\\\/index.php\\\/2022\\\/09\\\/30\\\/o-bng-lamenta-o-mal-estado-das-instalacions-do-paseo-alcalde-blanco\\\/\",\"name\":\"O BNG lamenta o mal estado das instalaci\u00f3ns do paseo Alcalde Blanco -\",\"isPartOf\":{\"@id\":\"https:\\\/\\\/www.anovapeneira.gal\\\/#website\"},\"primaryImageOfPage\":{\"@id\":\"https:\\\/\\\/www.anovapeneira.gal\\\/index.php\\\/2022\\\/09\\\/30\\\/o-bng-lamenta-o-mal-estado-das-instalacions-do-paseo-alcalde-blanco\\\/#primaryimage\"},\"image\":{\"@id\":\"https:\\\/\\\/www.anovapeneira.gal\\\/index.php\\\/2022\\\/09\\\/30\\\/o-bng-lamenta-o-mal-estado-das-instalacions-do-paseo-alcalde-blanco\\\/#primaryimage\"},\"thumbnailUrl\":\"https:\\\/\\\/www.anovapeneira.gal\\\/wp-content\\\/uploads\\\/2022\\\/09\\\/paseo_mal.jpg\",\"datePublished\":\"2022-09-30T10:00:47+00:00\",\"description\":\"Luc\u00eda Santos manifesta que \u201cnon \u00e9 normal que unhas instalaci\u00f3ns que acaban de ser inauguradas, e nas que se investiron m\u00e1is dun mill\u00f3n de euros, presenten xa semellante estado de deterioro.\u201d\",\"breadcrumb\":{\"@id\":\"https:\\\/\\\/www.anovapeneira.gal\\\/index.php\\\/2022\\\/09\\\/30\\\/o-bng-lamenta-o-mal-estado-das-instalacions-do-paseo-alcalde-blanco\\\/#breadcrumb\"},\"inLanguage\":\"gl-ES\",\"potentialAction\":[{\"@type\":\"ReadAction\",\"target\":[\"https:\\\/\\\/www.anovapeneira.gal\\\/index.php\\\/2022\\\/09\\\/30\\\/o-bng-lamenta-o-mal-estado-das-instalacions-do-paseo-alcalde-blanco\\\/\"]}]},{\"@type\":\"ImageObject\",\"inLanguage\":\"gl-ES\",\"@id\":\"https:\\\/\\\/www.anovapeneira.gal\\\/index.php\\\/2022\\\/09\\\/30\\\/o-bng-lamenta-o-mal-estado-das-instalacions-do-paseo-alcalde-blanco\\\/#primaryimage\",\"url\":\"https:\\\/\\\/www.anovapeneira.gal\\\/wp-content\\\/uploads\\\/2022\\\/09\\\/paseo_mal.jpg\",\"contentUrl\":\"https:\\\/\\\/www.anovapeneira.gal\\\/wp-content\\\/uploads\\\/2022\\\/09\\\/paseo_mal.jpg\",\"width\":720,\"height\":432,\"caption\":\"paseo Alcalde Blanco\"},{\"@type\":\"BreadcrumbList\",\"@id\":\"https:\\\/\\\/www.anovapeneira.gal\\\/index.php\\\/2022\\\/09\\\/30\\\/o-bng-lamenta-o-mal-estado-das-instalacions-do-paseo-alcalde-blanco\\\/#breadcrumb\",\"itemListElement\":[{\"@type\":\"ListItem\",\"position\":1,\"name\":\"Portada\",\"item\":\"https:\\\/\\\/www.anovapeneira.gal\\\/\"},{\"@type\":\"ListItem\",\"position\":2,\"name\":\"O BNG lamenta o mal estado das instalaci\u00f3ns do paseo Alcalde Blanco\"}]},{\"@type\":\"WebSite\",\"@id\":\"https:\\\/\\\/www.anovapeneira.gal\\\/#website\",\"url\":\"https:\\\/\\\/www.anovapeneira.gal\\\/\",\"name\":\"\",\"description\":\"Xornal galego de informaci\u00f3n xeral Publicaci\u00f3n mensual de novas de Galicia e en especial dos Concellos da sur da provincia de Pontevedra.\",\"publisher\":{\"@id\":\"https:\\\/\\\/www.anovapeneira.gal\\\/#organization\"},\"potentialAction\":[{\"@type\":\"SearchAction\",\"target\":{\"@type\":\"EntryPoint\",\"urlTemplate\":\"https:\\\/\\\/www.anovapeneira.gal\\\/?s={search_term_string}\"},\"query-input\":{\"@type\":\"PropertyValueSpecification\",\"valueRequired\":true,\"valueName\":\"search_term_string\"}}],\"inLanguage\":\"gl-ES\"},{\"@type\":\"Organization\",\"@id\":\"https:\\\/\\\/www.anovapeneira.gal\\\/#organization\",\"name\":\"A Nova Peneira\",\"url\":\"https:\\\/\\\/www.anovapeneira.gal\\\/\",\"logo\":{\"@type\":\"ImageObject\",\"inLanguage\":\"gl-ES\",\"@id\":\"https:\\\/\\\/www.anovapeneira.gal\\\/#\\\/schema\\\/logo\\\/image\\\/\",\"url\":\"http:\\\/\\\/www.anovapeneira.gal\\\/wp-content\\\/uploads\\\/2019\\\/06\\\/logo_a_nova_peneira_portal_web.png\",\"contentUrl\":\"http:\\\/\\\/www.anovapeneira.gal\\\/wp-content\\\/uploads\\\/2019\\\/06\\\/logo_a_nova_peneira_portal_web.png\",\"width\":300,\"height\":100,\"caption\":\"A Nova Peneira\"},\"image\":{\"@id\":\"https:\\\/\\\/www.anovapeneira.gal\\\/#\\\/schema\\\/logo\\\/image\\\/\"},\"sameAs\":[\"https:\\\/\\\/www.facebook.com\\\/anovapeneira\",\"https:\\\/\\\/x.com\\\/APeneira\"]},{\"@type\":\"Person\",\"@id\":\"https:\\\/\\\/www.anovapeneira.gal\\\/#\\\/schema\\\/person\\\/b93e3f8932e3f8da96334607eb6ac6aa\",\"name\":\"Redacci\u00f3n A Nova Peneira\",\"image\":{\"@type\":\"ImageObject\",\"inLanguage\":\"gl-ES\",\"@id\":\"https:\\\/\\\/secure.gravatar.com\\\/avatar\\\/c052a2551a06e23fac63626232eaa90abd78dbcf1700fc46a2b2c89fd27b735f?s=96&d=mm&r=g\",\"url\":\"https:\\\/\\\/secure.gravatar.com\\\/avatar\\\/c052a2551a06e23fac63626232eaa90abd78dbcf1700fc46a2b2c89fd27b735f?s=96&d=mm&r=g\",\"contentUrl\":\"https:\\\/\\\/secure.gravatar.com\\\/avatar\\\/c052a2551a06e23fac63626232eaa90abd78dbcf1700fc46a2b2c89fd27b735f?s=96&d=mm&r=g\",\"caption\":\"Redacci\u00f3n A Nova Peneira\"},\"sameAs\":[\"http:\\\/\\\/www.anovapeneira.gal\\\/\"],\"url\":\"https:\\\/\\\/www.anovapeneira.gal\\\/index.php\\\/author\\\/redactor\\\/\"}]}<\/script>\n<!-- \/ Yoast SEO plugin. -->","yoast_head_json":{"title":"O BNG lamenta o mal estado das instalaci\u00f3ns do paseo Alcalde Blanco -","description":"Luc\u00eda Santos manifesta que \u201cnon \u00e9 normal que unhas instalaci\u00f3ns que acaban de ser inauguradas, e nas que se investiron m\u00e1is dun mill\u00f3n de euros, presenten xa semellante estado de deterioro.\u201d","robots":{"index":"index","follow":"follow","max-snippet":"max-snippet:-1","max-image-preview":"max-image-preview:large","max-video-preview":"max-video-preview:-1"},"canonical":"https:\/\/www.anovapeneira.gal\/index.php\/2022\/09\/30\/o-bng-lamenta-o-mal-estado-das-instalacions-do-paseo-alcalde-blanco\/","og_locale":"gl_ES","og_type":"article","og_title":"O BNG lamenta o mal estado das instalaci\u00f3ns do paseo Alcalde Blanco -","og_description":"Luc\u00eda Santos manifesta que \u201cnon \u00e9 normal que unhas instalaci\u00f3ns que acaban de ser inauguradas, e nas que se investiron m\u00e1is dun mill\u00f3n de euros, presenten xa semellante estado de deterioro.\u201d","og_url":"https:\/\/www.anovapeneira.gal\/index.php\/2022\/09\/30\/o-bng-lamenta-o-mal-estado-das-instalacions-do-paseo-alcalde-blanco\/","article_publisher":"https:\/\/www.facebook.com\/anovapeneira","article_published_time":"2022-09-30T10:00:47+00:00","og_image":[{"width":720,"height":432,"url":"https:\/\/www.anovapeneira.gal\/wp-content\/uploads\/2022\/09\/paseo_mal.jpg","type":"image\/jpeg"}],"author":"Redacci\u00f3n A Nova Peneira","twitter_card":"summary_large_image","twitter_creator":"@APeneira","twitter_site":"@APeneira","twitter_misc":{"Escrito por":"Redacci\u00f3n A Nova Peneira","Tempo de lectura":"3 minutos"},"schema":{"@context":"https:\/\/schema.org","@graph":[{"@type":"Article","@id":"https:\/\/www.anovapeneira.gal\/index.php\/2022\/09\/30\/o-bng-lamenta-o-mal-estado-das-instalacions-do-paseo-alcalde-blanco\/#article","isPartOf":{"@id":"https:\/\/www.anovapeneira.gal\/index.php\/2022\/09\/30\/o-bng-lamenta-o-mal-estado-das-instalacions-do-paseo-alcalde-blanco\/"},"author":{"name":"Redacci\u00f3n A Nova Peneira","@id":"https:\/\/www.anovapeneira.gal\/#\/schema\/person\/b93e3f8932e3f8da96334607eb6ac6aa"},"headline":"O BNG lamenta o mal estado das instalaci\u00f3ns do paseo Alcalde Blanco","datePublished":"2022-09-30T10:00:47+00:00","mainEntityOfPage":{"@id":"https:\/\/www.anovapeneira.gal\/index.php\/2022\/09\/30\/o-bng-lamenta-o-mal-estado-das-instalacions-do-paseo-alcalde-blanco\/"},"wordCount":533,"commentCount":0,"publisher":{"@id":"https:\/\/www.anovapeneira.gal\/#organization"},"image":{"@id":"https:\/\/www.anovapeneira.gal\/index.php\/2022\/09\/30\/o-bng-lamenta-o-mal-estado-das-instalacions-do-paseo-alcalde-blanco\/#primaryimage"},"thumbnailUrl":"https:\/\/www.anovapeneira.gal\/wp-content\/uploads\/2022\/09\/paseo_mal.jpg","keywords":["Concello de Mar\u00edn"],"articleSection":["Morrazo"],"inLanguage":"gl-ES","potentialAction":[{"@type":"CommentAction","name":"Comment","target":["https:\/\/www.anovapeneira.gal\/index.php\/2022\/09\/30\/o-bng-lamenta-o-mal-estado-das-instalacions-do-paseo-alcalde-blanco\/#respond"]}]},{"@type":"WebPage","@id":"https:\/\/www.anovapeneira.gal\/index.php\/2022\/09\/30\/o-bng-lamenta-o-mal-estado-das-instalacions-do-paseo-alcalde-blanco\/","url":"https:\/\/www.anovapeneira.gal\/index.php\/2022\/09\/30\/o-bng-lamenta-o-mal-estado-das-instalacions-do-paseo-alcalde-blanco\/","name":"O BNG lamenta o mal estado das instalaci\u00f3ns do paseo Alcalde Blanco -","isPartOf":{"@id":"https:\/\/www.anovapeneira.gal\/#website"},"primaryImageOfPage":{"@id":"https:\/\/www.anovapeneira.gal\/index.php\/2022\/09\/30\/o-bng-lamenta-o-mal-estado-das-instalacions-do-paseo-alcalde-blanco\/#primaryimage"},"image":{"@id":"https:\/\/www.anovapeneira.gal\/index.php\/2022\/09\/30\/o-bng-lamenta-o-mal-estado-das-instalacions-do-paseo-alcalde-blanco\/#primaryimage"},"thumbnailUrl":"https:\/\/www.anovapeneira.gal\/wp-content\/uploads\/2022\/09\/paseo_mal.jpg","datePublished":"2022-09-30T10:00:47+00:00","description":"Luc\u00eda Santos manifesta que \u201cnon \u00e9 normal que unhas instalaci\u00f3ns que acaban de ser inauguradas, e nas que se investiron m\u00e1is dun mill\u00f3n de euros, presenten xa semellante estado de deterioro.\u201d","breadcrumb":{"@id":"https:\/\/www.anovapeneira.gal\/index.php\/2022\/09\/30\/o-bng-lamenta-o-mal-estado-das-instalacions-do-paseo-alcalde-blanco\/#breadcrumb"},"inLanguage":"gl-ES","potentialAction":[{"@type":"ReadAction","target":["https:\/\/www.anovapeneira.gal\/index.php\/2022\/09\/30\/o-bng-lamenta-o-mal-estado-das-instalacions-do-paseo-alcalde-blanco\/"]}]},{"@type":"ImageObject","inLanguage":"gl-ES","@id":"https:\/\/www.anovapeneira.gal\/index.php\/2022\/09\/30\/o-bng-lamenta-o-mal-estado-das-instalacions-do-paseo-alcalde-blanco\/#primaryimage","url":"https:\/\/www.anovapeneira.gal\/wp-content\/uploads\/2022\/09\/paseo_mal.jpg","contentUrl":"https:\/\/www.anovapeneira.gal\/wp-content\/uploads\/2022\/09\/paseo_mal.jpg","width":720,"height":432,"caption":"paseo Alcalde Blanco"},{"@type":"BreadcrumbList","@id":"https:\/\/www.anovapeneira.gal\/index.php\/2022\/09\/30\/o-bng-lamenta-o-mal-estado-das-instalacions-do-paseo-alcalde-blanco\/#breadcrumb","itemListElement":[{"@type":"ListItem","position":1,"name":"Portada","item":"https:\/\/www.anovapeneira.gal\/"},{"@type":"ListItem","position":2,"name":"O BNG lamenta o mal estado das instalaci\u00f3ns do paseo Alcalde Blanco"}]},{"@type":"WebSite","@id":"https:\/\/www.anovapeneira.gal\/#website","url":"https:\/\/www.anovapeneira.gal\/","name":"","description":"Xornal galego de informaci\u00f3n xeral Publicaci\u00f3n mensual de novas de Galicia e en especial dos Concellos da sur da provincia de Pontevedra.","publisher":{"@id":"https:\/\/www.anovapeneira.gal\/#organization"},"potentialAction":[{"@type":"SearchAction","target":{"@type":"EntryPoint","urlTemplate":"https:\/\/www.anovapeneira.gal\/?s={search_term_string}"},"query-input":{"@type":"PropertyValueSpecification","valueRequired":true,"valueName":"search_term_string"}}],"inLanguage":"gl-ES"},{"@type":"Organization","@id":"https:\/\/www.anovapeneira.gal\/#organization","name":"A Nova Peneira","url":"https:\/\/www.anovapeneira.gal\/","logo":{"@type":"ImageObject","inLanguage":"gl-ES","@id":"https:\/\/www.anovapeneira.gal\/#\/schema\/logo\/image\/","url":"http:\/\/www.anovapeneira.gal\/wp-content\/uploads\/2019\/06\/logo_a_nova_peneira_portal_web.png","contentUrl":"http:\/\/www.anovapeneira.gal\/wp-content\/uploads\/2019\/06\/logo_a_nova_peneira_portal_web.png","width":300,"height":100,"caption":"A Nova Peneira"},"image":{"@id":"https:\/\/www.anovapeneira.gal\/#\/schema\/logo\/image\/"},"sameAs":["https:\/\/www.facebook.com\/anovapeneira","https:\/\/x.com\/APeneira"]},{"@type":"Person","@id":"https:\/\/www.anovapeneira.gal\/#\/schema\/person\/b93e3f8932e3f8da96334607eb6ac6aa","name":"Redacci\u00f3n A Nova Peneira","image":{"@type":"ImageObject","inLanguage":"gl-ES","@id":"https:\/\/secure.gravatar.com\/avatar\/c052a2551a06e23fac63626232eaa90abd78dbcf1700fc46a2b2c89fd27b735f?s=96&d=mm&r=g","url":"https:\/\/secure.gravatar.com\/avatar\/c052a2551a06e23fac63626232eaa90abd78dbcf1700fc46a2b2c89fd27b735f?s=96&d=mm&r=g","contentUrl":"https:\/\/secure.gravatar.com\/avatar\/c052a2551a06e23fac63626232eaa90abd78dbcf1700fc46a2b2c89fd27b735f?s=96&d=mm&r=g","caption":"Redacci\u00f3n A Nova Peneira"},"sameAs":["http:\/\/www.anovapeneira.gal\/"],"url":"https:\/\/www.anovapeneira.gal\/index.php\/author\/redactor\/"}]}},"jetpack_featured_media_url":"https:\/\/www.anovapeneira.gal\/wp-content\/uploads\/2022\/09\/paseo_mal.jpg","_links":{"self":[{"href":"https:\/\/www.anovapeneira.gal\/index.php\/wp-json\/wp\/v2\/posts\/8274","targetHints":{"allow":["GET"]}}],"collection":[{"href":"https:\/\/www.anovapeneira.gal\/index.php\/wp-json\/wp\/v2\/posts"}],"about":[{"href":"https:\/\/www.anovapeneira.gal\/index.php\/wp-json\/wp\/v2\/types\/post"}],"author":[{"embeddable":true,"href":"https:\/\/www.anovapeneira.gal\/index.php\/wp-json\/wp\/v2\/users\/3"}],"replies":[{"embeddable":true,"href":"https:\/\/www.anovapeneira.gal\/index.php\/wp-json\/wp\/v2\/comments?post=8274"}],"version-history":[{"count":1,"href":"https:\/\/www.anovapeneira.gal\/index.php\/wp-json\/wp\/v2\/posts\/8274\/revisions"}],"predecessor-version":[{"id":8276,"href":"https:\/\/www.anovapeneira.gal\/index.php\/wp-json\/wp\/v2\/posts\/8274\/revisions\/8276"}],"wp:featuredmedia":[{"embeddable":true,"href":"https:\/\/www.anovapeneira.gal\/index.php\/wp-json\/wp\/v2\/media\/8275"}],"wp:attachment":[{"href":"https:\/\/www.anovapeneira.gal\/index.php\/wp-json\/wp\/v2\/media?parent=8274"}],"wp:term":[{"taxonomy":"category","embeddable":true,"href":"https:\/\/www.anovapeneira.gal\/index.php\/wp-json\/wp\/v2\/categories?post=8274"},{"taxonomy":"post_tag","embeddable":true,"href":"https:\/\/www.anovapeneira.gal\/index.php\/wp-json\/wp\/v2\/tags?post=8274"}],"curies":[{"name":"wp","href":"https:\/\/api.w.org\/{rel}","templated":true}]}}