{"id":8277,"date":"2022-10-03T10:00:46","date_gmt":"2022-10-03T08:00:46","guid":{"rendered":"https:\/\/www.anovapeneira.gal\/?p=8277"},"modified":"2022-09-27T15:44:51","modified_gmt":"2022-09-27T13:44:51","slug":"bng-exixe-modificar-o-decreto-de-axudas-ao-sector-da-carne-e-incluir-os-becerros-das-explotacions-extensivas-de-cebo-tradicional","status":"publish","type":"post","link":"https:\/\/www.anovapeneira.gal\/index.php\/2022\/10\/03\/bng-exixe-modificar-o-decreto-de-axudas-ao-sector-da-carne-e-incluir-os-becerros-das-explotacions-extensivas-de-cebo-tradicional\/","title":{"rendered":"BNG exixe modificar o decreto de axudas ao sector da carne e inclu\u00edr os becerros das explotaci\u00f3ns extensivas de cebo tradicional"},"content":{"rendered":"\n<h2 class=\"wp-block-heading\"><strong>N\u00e9stor Rego alerta que, se non se inclu\u00edren estas explotaci\u00f3ns maioritarias na Galiza, estarase a penalizar unha maneira de vida sustent\u00e1bel do punto de vista ambiental, social e econ\u00f3mico<\/strong><\/h2>\n\n\n\n<h3 class=\"wp-block-heading\"><strong>A frente nacionalista demanda incorporar as pequenas e medias explotaci\u00f3ns que empregan unha produci\u00f3n mixta en que combinan a cr\u00eda de cuxos e o mantemento das vacas nutrices da granxa<\/strong><\/h3>\n\n\n\n<p><strong>Madrid, 26 de setembro de 2022<\/strong>. <\/p>\n\n\n\n<p>O deputado do BNG no Congreso, N\u00e9stor Rego, v\u00e9n de rexistrar iniciativas co obxectivo de que o executivo estatal incl\u00faa axudas para o sector da carne e incorpore no Real Decreto a posibilidade de cobro por cr\u00edas nacidas e cebadas nunha explotaci\u00f3n ou en cebadeiros comunitarios xestionados por produtores de vaca nutriz. A organizaci\u00f3n nacionalista demanda contemplar as especificidades e realidades deste sector xa que, se non se fixer, estarase deixando f\u00f3ra a gran maior\u00eda do sector galego da carne.<\/p>\n\n\n\n<p>O pasado mes de xu\u00f1o o Goberno do Estado aprobaba Real Decreto 428\/2022 polo que se estabelecen as bases reguladoras para a concesi\u00f3n directa de axudas excepcionais de adaptaci\u00f3n para compensar as dificultades econ\u00f3micas derivadas da guerra na Ucra\u00edna en determinados sectores agrarios. A norma excl\u00fae a axuda polos becerros e resto de cr\u00edas e s\u00f3 reco\u00f1ece o cobro polas nais, o que est\u00e1 a provocar un grave prexu\u00edzo para os gandeiros e as explotaci\u00f3ns do noso Pa\u00eds, en favor dos cebadeiros e explotaci\u00f3ns de carne industrial.<\/p>\n\n\n\n<p>Dentro da Dentro da Indicaci\u00f3n Xeogr\u00e1fica Protexida \u201cTenreira Galega\u201d incl\u00faense unhas 8.000 granxas que ceban os seus propios tenreiros e que, por unha interpretaci\u00f3n totalmente err\u00f3nea do Ministerio, quedan f\u00f3ra desta axuda. Resulta imprescind\u00edbel, por tanto, que o Ministerio de Agricultura corrixa o citado Real Decreto no seu artigo 3 para inclu\u00edr como beneficiarios da axuda por vac\u00fan de cebo tam\u00e9n aos tenreiros nados na propia explotaci\u00f3n, tal e como se recolle nos puntos a) e b) do artigo 63 da lexislaci\u00f3n da PAC.<\/p>\n\n\n\n<p>\u201c\u00c9 unha mostra m\u00e1is do desco\u00f1ecemento que ten o Ministerio de Agricultura da realidade do campo na Galiza e das caracter\u00edsticas e singularidades do seu tecido produtivo, que se basea principalmente en pequenas granxas familiares de produci\u00f3n de carne, en r\u00e9xime de extensivo, tanto de vac\u00fan como de ovino e caprino\u201d afirma o deputado do BNG. N\u00e9stor Rego engade que, co compendio de erros e discriminaci\u00f3ns, estase a penalizar unha maneira de vida sustent\u00e1bel do punto de vista ambiental, social e econ\u00f3mico e mesmo produce un empeoramento da situaci\u00f3n de abandono do rural.<\/p>\n\n\n\n<p>De facto, estas pequenas e medianas explotaci\u00f3ns empregan unha produci\u00f3n mixta. \u00c9 dicir, combinan a cr\u00eda de animais co mantemento das vacas nutrices na granxa. \u201cEste tipo de explotaci\u00f3ns, en que realizan esta actividade complementaria \u00e1 da vaca ama de cr\u00eda, proporcionan un valor engadido no mantemento das superficies agrarias, sobre todo nas zonas de monta\u00f1a\u201d destaca Rego. Mais, pola contra, o executivo do Estado non est\u00e1n a promocionalas e protexelas, a pesar de que mesmo son un actor importante na prevenci\u00f3n dos lumes.<\/p>\n\n\n\n<p>\u201cO Ministerio debe rectificar esta decisi\u00f3n e inclu\u00edr axudas para as pequenas e medias explotaci\u00f3ns. Se non se corrixir a norma, estaremos diante dun novo desv\u00edo de di\u00f1eiro p\u00fablico para a agroindustria en detrimento das granxas pequenas e medias\u201d subli\u00f1a. Para o deputado nacionalista, o Goberno debe premiar a funci\u00f3n ecosist\u00e9mica e de xesti\u00f3n do territorio que realizan as pequenas e medias explotaci\u00f3ns en extensivo e colaborar ao seu mantemento cunha pol\u00edtica de axudas adecuada que contemple a s\u00faa realidade diferenciada e espec\u00edfica.<\/p>\n\n\n\n<p><strong>Acordo do Parlamento de Galiza para pedir a modificaci\u00f3n do decreto<\/strong><\/p>\n\n\n\n<p>Neste sentido, a frente nacionalista lembra o apoio da unanimidade do Parlamento de Galiza a unha iniciativa do BNG para que a Xunta de Galiza reclame a modificaci\u00f3n da norma para compensar determinados sectores agrarios polas dificultades derivadas da guerra na Ucra\u00edna. O sector gandeiro galego sup\u00f3n 54% da produci\u00f3n final agraria (PFA) frente a 17,5% da media no Estado espa\u00f1ol, segundo o anuario da agricultura familiar en Espa\u00f1a de 2020, o que nos d\u00e1 unha idea da importancia do sector primario na econom\u00eda galega.<\/p>\n\n\n\n<p>\u201cTodos estes datos avalan a vitalidade do sector e a necesidade de considerar e contemplar as s\u00faas especificidades e realidades diferenciadas para inclu\u00edlos plenamente nas axudas que se dese\u00f1en. Non pode deixarse f\u00f3ra a gran maior\u00eda do sector galego de carne\u201d salienta Rego.<\/p>\n","protected":false},"excerpt":{"rendered":"<div class=\"mh-excerpt\"><p>N\u00e9stor Rego alerta que, se non se inclu\u00edren estas explotaci\u00f3ns maioritarias na Galiza, estarase a penalizar unha maneira de vida sustent\u00e1bel do punto de vista ambiental, social e econ\u00f3mico <a class=\"mh-excerpt-more\" href=\"https:\/\/www.anovapeneira.gal\/index.php\/2022\/10\/03\/bng-exixe-modificar-o-decreto-de-axudas-ao-sector-da-carne-e-incluir-os-becerros-das-explotacions-extensivas-de-cebo-tradicional\/\" title=\"BNG exixe modificar o decreto de axudas ao sector da carne e inclu\u00edr os becerros das explotaci\u00f3ns extensivas de cebo tradicional\">[&#8230;]<\/a><\/p>\n<\/div>","protected":false},"author":3,"featured_media":8280,"comment_status":"open","ping_status":"open","sticky":false,"template":"","format":"standard","meta":{"_exactmetrics_skip_tracking":false,"_exactmetrics_sitenote_active":false,"_exactmetrics_sitenote_note":"","_exactmetrics_sitenote_category":0,"footnotes":""},"categories":[263],"tags":[631],"class_list":{"0":"post-8277","1":"post","2":"type-post","3":"status-publish","4":"format-standard","5":"has-post-thumbnail","7":"category-novas","8":"tag-nestor-rego"},"yoast_head":"<!-- This site is optimized with the Yoast SEO plugin v27.4 - https:\/\/yoast.com\/product\/yoast-seo-wordpress\/ -->\n<title>BNG exixe modificar o decreto de axudas ao sector da carne e inclu\u00edr os becerros das explotaci\u00f3ns extensivas de cebo tradicional -<\/title>\n<meta name=\"description\" content=\"N\u00e9stor Rego alerta que, se non se inclu\u00edren estas explotaci\u00f3ns maioritarias na Galiza, estarase a penalizar unha maneira de vida sustent\u00e1bel do punto de vista ambiental, social e econ\u00f3mico\" \/>\n<meta name=\"robots\" content=\"index, follow, max-snippet:-1, max-image-preview:large, max-video-preview:-1\" \/>\n<link rel=\"canonical\" href=\"https:\/\/www.anovapeneira.gal\/index.php\/2022\/10\/03\/bng-exixe-modificar-o-decreto-de-axudas-ao-sector-da-carne-e-incluir-os-becerros-das-explotacions-extensivas-de-cebo-tradicional\/\" \/>\n<meta property=\"og:locale\" content=\"gl_ES\" \/>\n<meta property=\"og:type\" content=\"article\" \/>\n<meta property=\"og:title\" content=\"BNG exixe modificar o decreto de axudas ao sector da carne e inclu\u00edr os becerros das explotaci\u00f3ns extensivas de cebo tradicional -\" \/>\n<meta property=\"og:description\" content=\"N\u00e9stor Rego alerta que, se non se inclu\u00edren estas explotaci\u00f3ns maioritarias na Galiza, estarase a penalizar unha maneira de vida sustent\u00e1bel do punto de vista ambiental, social e econ\u00f3mico\" \/>\n<meta property=\"og:url\" content=\"https:\/\/www.anovapeneira.gal\/index.php\/2022\/10\/03\/bng-exixe-modificar-o-decreto-de-axudas-ao-sector-da-carne-e-incluir-os-becerros-das-explotacions-extensivas-de-cebo-tradicional\/\" \/>\n<meta property=\"article:publisher\" content=\"https:\/\/www.facebook.com\/anovapeneira\" \/>\n<meta property=\"article:published_time\" content=\"2022-10-03T08:00:46+00:00\" \/>\n<meta property=\"og:image\" content=\"https:\/\/www.anovapeneira.gal\/wp-content\/uploads\/2022\/09\/nestor_rego_madrid.jpg\" \/>\n\t<meta property=\"og:image:width\" content=\"720\" \/>\n\t<meta property=\"og:image:height\" content=\"432\" \/>\n\t<meta property=\"og:image:type\" content=\"image\/jpeg\" \/>\n<meta name=\"author\" content=\"Redacci\u00f3n A Nova Peneira\" \/>\n<meta name=\"twitter:card\" content=\"summary_large_image\" \/>\n<meta name=\"twitter:creator\" content=\"@APeneira\" \/>\n<meta name=\"twitter:site\" content=\"@APeneira\" \/>\n<meta name=\"twitter:label1\" content=\"Escrito por\" \/>\n\t<meta name=\"twitter:data1\" content=\"Redacci\u00f3n A Nova Peneira\" \/>\n\t<meta name=\"twitter:label2\" content=\"Tempo de lectura\" \/>\n\t<meta name=\"twitter:data2\" content=\"4 minutos\" \/>\n<script type=\"application\/ld+json\" class=\"yoast-schema-graph\">{\"@context\":\"https:\\\/\\\/schema.org\",\"@graph\":[{\"@type\":\"Article\",\"@id\":\"https:\\\/\\\/www.anovapeneira.gal\\\/index.php\\\/2022\\\/10\\\/03\\\/bng-exixe-modificar-o-decreto-de-axudas-ao-sector-da-carne-e-incluir-os-becerros-das-explotacions-extensivas-de-cebo-tradicional\\\/#article\",\"isPartOf\":{\"@id\":\"https:\\\/\\\/www.anovapeneira.gal\\\/index.php\\\/2022\\\/10\\\/03\\\/bng-exixe-modificar-o-decreto-de-axudas-ao-sector-da-carne-e-incluir-os-becerros-das-explotacions-extensivas-de-cebo-tradicional\\\/\"},\"author\":{\"name\":\"Redacci\u00f3n A Nova Peneira\",\"@id\":\"https:\\\/\\\/www.anovapeneira.gal\\\/#\\\/schema\\\/person\\\/b93e3f8932e3f8da96334607eb6ac6aa\"},\"headline\":\"BNG exixe modificar o decreto de axudas ao sector da carne e inclu\u00edr os becerros das explotaci\u00f3ns extensivas de cebo tradicional\",\"datePublished\":\"2022-10-03T08:00:46+00:00\",\"mainEntityOfPage\":{\"@id\":\"https:\\\/\\\/www.anovapeneira.gal\\\/index.php\\\/2022\\\/10\\\/03\\\/bng-exixe-modificar-o-decreto-de-axudas-ao-sector-da-carne-e-incluir-os-becerros-das-explotacions-extensivas-de-cebo-tradicional\\\/\"},\"wordCount\":812,\"commentCount\":0,\"publisher\":{\"@id\":\"https:\\\/\\\/www.anovapeneira.gal\\\/#organization\"},\"image\":{\"@id\":\"https:\\\/\\\/www.anovapeneira.gal\\\/index.php\\\/2022\\\/10\\\/03\\\/bng-exixe-modificar-o-decreto-de-axudas-ao-sector-da-carne-e-incluir-os-becerros-das-explotacions-extensivas-de-cebo-tradicional\\\/#primaryimage\"},\"thumbnailUrl\":\"https:\\\/\\\/www.anovapeneira.gal\\\/wp-content\\\/uploads\\\/2022\\\/09\\\/nestor_rego_madrid.jpg\",\"keywords\":[\"N\u00e9stor Rego\"],\"articleSection\":[\"Novas\"],\"inLanguage\":\"gl-ES\",\"potentialAction\":[{\"@type\":\"CommentAction\",\"name\":\"Comment\",\"target\":[\"https:\\\/\\\/www.anovapeneira.gal\\\/index.php\\\/2022\\\/10\\\/03\\\/bng-exixe-modificar-o-decreto-de-axudas-ao-sector-da-carne-e-incluir-os-becerros-das-explotacions-extensivas-de-cebo-tradicional\\\/#respond\"]}]},{\"@type\":\"WebPage\",\"@id\":\"https:\\\/\\\/www.anovapeneira.gal\\\/index.php\\\/2022\\\/10\\\/03\\\/bng-exixe-modificar-o-decreto-de-axudas-ao-sector-da-carne-e-incluir-os-becerros-das-explotacions-extensivas-de-cebo-tradicional\\\/\",\"url\":\"https:\\\/\\\/www.anovapeneira.gal\\\/index.php\\\/2022\\\/10\\\/03\\\/bng-exixe-modificar-o-decreto-de-axudas-ao-sector-da-carne-e-incluir-os-becerros-das-explotacions-extensivas-de-cebo-tradicional\\\/\",\"name\":\"BNG exixe modificar o decreto de axudas ao sector da carne e inclu\u00edr os becerros das explotaci\u00f3ns extensivas de cebo tradicional -\",\"isPartOf\":{\"@id\":\"https:\\\/\\\/www.anovapeneira.gal\\\/#website\"},\"primaryImageOfPage\":{\"@id\":\"https:\\\/\\\/www.anovapeneira.gal\\\/index.php\\\/2022\\\/10\\\/03\\\/bng-exixe-modificar-o-decreto-de-axudas-ao-sector-da-carne-e-incluir-os-becerros-das-explotacions-extensivas-de-cebo-tradicional\\\/#primaryimage\"},\"image\":{\"@id\":\"https:\\\/\\\/www.anovapeneira.gal\\\/index.php\\\/2022\\\/10\\\/03\\\/bng-exixe-modificar-o-decreto-de-axudas-ao-sector-da-carne-e-incluir-os-becerros-das-explotacions-extensivas-de-cebo-tradicional\\\/#primaryimage\"},\"thumbnailUrl\":\"https:\\\/\\\/www.anovapeneira.gal\\\/wp-content\\\/uploads\\\/2022\\\/09\\\/nestor_rego_madrid.jpg\",\"datePublished\":\"2022-10-03T08:00:46+00:00\",\"description\":\"N\u00e9stor Rego alerta que, se non se inclu\u00edren estas explotaci\u00f3ns maioritarias na Galiza, estarase a penalizar unha maneira de vida sustent\u00e1bel do punto de vista ambiental, social e econ\u00f3mico\",\"breadcrumb\":{\"@id\":\"https:\\\/\\\/www.anovapeneira.gal\\\/index.php\\\/2022\\\/10\\\/03\\\/bng-exixe-modificar-o-decreto-de-axudas-ao-sector-da-carne-e-incluir-os-becerros-das-explotacions-extensivas-de-cebo-tradicional\\\/#breadcrumb\"},\"inLanguage\":\"gl-ES\",\"potentialAction\":[{\"@type\":\"ReadAction\",\"target\":[\"https:\\\/\\\/www.anovapeneira.gal\\\/index.php\\\/2022\\\/10\\\/03\\\/bng-exixe-modificar-o-decreto-de-axudas-ao-sector-da-carne-e-incluir-os-becerros-das-explotacions-extensivas-de-cebo-tradicional\\\/\"]}]},{\"@type\":\"ImageObject\",\"inLanguage\":\"gl-ES\",\"@id\":\"https:\\\/\\\/www.anovapeneira.gal\\\/index.php\\\/2022\\\/10\\\/03\\\/bng-exixe-modificar-o-decreto-de-axudas-ao-sector-da-carne-e-incluir-os-becerros-das-explotacions-extensivas-de-cebo-tradicional\\\/#primaryimage\",\"url\":\"https:\\\/\\\/www.anovapeneira.gal\\\/wp-content\\\/uploads\\\/2022\\\/09\\\/nestor_rego_madrid.jpg\",\"contentUrl\":\"https:\\\/\\\/www.anovapeneira.gal\\\/wp-content\\\/uploads\\\/2022\\\/09\\\/nestor_rego_madrid.jpg\",\"width\":720,\"height\":432,\"caption\":\"N\u00e9stor Rego\"},{\"@type\":\"BreadcrumbList\",\"@id\":\"https:\\\/\\\/www.anovapeneira.gal\\\/index.php\\\/2022\\\/10\\\/03\\\/bng-exixe-modificar-o-decreto-de-axudas-ao-sector-da-carne-e-incluir-os-becerros-das-explotacions-extensivas-de-cebo-tradicional\\\/#breadcrumb\",\"itemListElement\":[{\"@type\":\"ListItem\",\"position\":1,\"name\":\"Portada\",\"item\":\"https:\\\/\\\/www.anovapeneira.gal\\\/\"},{\"@type\":\"ListItem\",\"position\":2,\"name\":\"BNG exixe modificar o decreto de axudas ao sector da carne e inclu\u00edr os becerros das explotaci\u00f3ns extensivas de cebo tradicional\"}]},{\"@type\":\"WebSite\",\"@id\":\"https:\\\/\\\/www.anovapeneira.gal\\\/#website\",\"url\":\"https:\\\/\\\/www.anovapeneira.gal\\\/\",\"name\":\"\",\"description\":\"Xornal galego de informaci\u00f3n xeral Publicaci\u00f3n mensual de novas de Galicia e en especial dos Concellos da sur da provincia de Pontevedra.\",\"publisher\":{\"@id\":\"https:\\\/\\\/www.anovapeneira.gal\\\/#organization\"},\"potentialAction\":[{\"@type\":\"SearchAction\",\"target\":{\"@type\":\"EntryPoint\",\"urlTemplate\":\"https:\\\/\\\/www.anovapeneira.gal\\\/?s={search_term_string}\"},\"query-input\":{\"@type\":\"PropertyValueSpecification\",\"valueRequired\":true,\"valueName\":\"search_term_string\"}}],\"inLanguage\":\"gl-ES\"},{\"@type\":\"Organization\",\"@id\":\"https:\\\/\\\/www.anovapeneira.gal\\\/#organization\",\"name\":\"A Nova Peneira\",\"url\":\"https:\\\/\\\/www.anovapeneira.gal\\\/\",\"logo\":{\"@type\":\"ImageObject\",\"inLanguage\":\"gl-ES\",\"@id\":\"https:\\\/\\\/www.anovapeneira.gal\\\/#\\\/schema\\\/logo\\\/image\\\/\",\"url\":\"http:\\\/\\\/www.anovapeneira.gal\\\/wp-content\\\/uploads\\\/2019\\\/06\\\/logo_a_nova_peneira_portal_web.png\",\"contentUrl\":\"http:\\\/\\\/www.anovapeneira.gal\\\/wp-content\\\/uploads\\\/2019\\\/06\\\/logo_a_nova_peneira_portal_web.png\",\"width\":300,\"height\":100,\"caption\":\"A Nova Peneira\"},\"image\":{\"@id\":\"https:\\\/\\\/www.anovapeneira.gal\\\/#\\\/schema\\\/logo\\\/image\\\/\"},\"sameAs\":[\"https:\\\/\\\/www.facebook.com\\\/anovapeneira\",\"https:\\\/\\\/x.com\\\/APeneira\"]},{\"@type\":\"Person\",\"@id\":\"https:\\\/\\\/www.anovapeneira.gal\\\/#\\\/schema\\\/person\\\/b93e3f8932e3f8da96334607eb6ac6aa\",\"name\":\"Redacci\u00f3n A Nova Peneira\",\"image\":{\"@type\":\"ImageObject\",\"inLanguage\":\"gl-ES\",\"@id\":\"https:\\\/\\\/secure.gravatar.com\\\/avatar\\\/c052a2551a06e23fac63626232eaa90abd78dbcf1700fc46a2b2c89fd27b735f?s=96&d=mm&r=g\",\"url\":\"https:\\\/\\\/secure.gravatar.com\\\/avatar\\\/c052a2551a06e23fac63626232eaa90abd78dbcf1700fc46a2b2c89fd27b735f?s=96&d=mm&r=g\",\"contentUrl\":\"https:\\\/\\\/secure.gravatar.com\\\/avatar\\\/c052a2551a06e23fac63626232eaa90abd78dbcf1700fc46a2b2c89fd27b735f?s=96&d=mm&r=g\",\"caption\":\"Redacci\u00f3n A Nova Peneira\"},\"sameAs\":[\"http:\\\/\\\/www.anovapeneira.gal\\\/\"],\"url\":\"https:\\\/\\\/www.anovapeneira.gal\\\/index.php\\\/author\\\/redactor\\\/\"}]}<\/script>\n<!-- \/ Yoast SEO plugin. -->","yoast_head_json":{"title":"BNG exixe modificar o decreto de axudas ao sector da carne e inclu\u00edr os becerros das explotaci\u00f3ns extensivas de cebo tradicional -","description":"N\u00e9stor Rego alerta que, se non se inclu\u00edren estas explotaci\u00f3ns maioritarias na Galiza, estarase a penalizar unha maneira de vida sustent\u00e1bel do punto de vista ambiental, social e econ\u00f3mico","robots":{"index":"index","follow":"follow","max-snippet":"max-snippet:-1","max-image-preview":"max-image-preview:large","max-video-preview":"max-video-preview:-1"},"canonical":"https:\/\/www.anovapeneira.gal\/index.php\/2022\/10\/03\/bng-exixe-modificar-o-decreto-de-axudas-ao-sector-da-carne-e-incluir-os-becerros-das-explotacions-extensivas-de-cebo-tradicional\/","og_locale":"gl_ES","og_type":"article","og_title":"BNG exixe modificar o decreto de axudas ao sector da carne e inclu\u00edr os becerros das explotaci\u00f3ns extensivas de cebo tradicional -","og_description":"N\u00e9stor Rego alerta que, se non se inclu\u00edren estas explotaci\u00f3ns maioritarias na Galiza, estarase a penalizar unha maneira de vida sustent\u00e1bel do punto de vista ambiental, social e econ\u00f3mico","og_url":"https:\/\/www.anovapeneira.gal\/index.php\/2022\/10\/03\/bng-exixe-modificar-o-decreto-de-axudas-ao-sector-da-carne-e-incluir-os-becerros-das-explotacions-extensivas-de-cebo-tradicional\/","article_publisher":"https:\/\/www.facebook.com\/anovapeneira","article_published_time":"2022-10-03T08:00:46+00:00","og_image":[{"width":720,"height":432,"url":"https:\/\/www.anovapeneira.gal\/wp-content\/uploads\/2022\/09\/nestor_rego_madrid.jpg","type":"image\/jpeg"}],"author":"Redacci\u00f3n A Nova Peneira","twitter_card":"summary_large_image","twitter_creator":"@APeneira","twitter_site":"@APeneira","twitter_misc":{"Escrito por":"Redacci\u00f3n A Nova Peneira","Tempo de lectura":"4 minutos"},"schema":{"@context":"https:\/\/schema.org","@graph":[{"@type":"Article","@id":"https:\/\/www.anovapeneira.gal\/index.php\/2022\/10\/03\/bng-exixe-modificar-o-decreto-de-axudas-ao-sector-da-carne-e-incluir-os-becerros-das-explotacions-extensivas-de-cebo-tradicional\/#article","isPartOf":{"@id":"https:\/\/www.anovapeneira.gal\/index.php\/2022\/10\/03\/bng-exixe-modificar-o-decreto-de-axudas-ao-sector-da-carne-e-incluir-os-becerros-das-explotacions-extensivas-de-cebo-tradicional\/"},"author":{"name":"Redacci\u00f3n A Nova Peneira","@id":"https:\/\/www.anovapeneira.gal\/#\/schema\/person\/b93e3f8932e3f8da96334607eb6ac6aa"},"headline":"BNG exixe modificar o decreto de axudas ao sector da carne e inclu\u00edr os becerros das explotaci\u00f3ns extensivas de cebo tradicional","datePublished":"2022-10-03T08:00:46+00:00","mainEntityOfPage":{"@id":"https:\/\/www.anovapeneira.gal\/index.php\/2022\/10\/03\/bng-exixe-modificar-o-decreto-de-axudas-ao-sector-da-carne-e-incluir-os-becerros-das-explotacions-extensivas-de-cebo-tradicional\/"},"wordCount":812,"commentCount":0,"publisher":{"@id":"https:\/\/www.anovapeneira.gal\/#organization"},"image":{"@id":"https:\/\/www.anovapeneira.gal\/index.php\/2022\/10\/03\/bng-exixe-modificar-o-decreto-de-axudas-ao-sector-da-carne-e-incluir-os-becerros-das-explotacions-extensivas-de-cebo-tradicional\/#primaryimage"},"thumbnailUrl":"https:\/\/www.anovapeneira.gal\/wp-content\/uploads\/2022\/09\/nestor_rego_madrid.jpg","keywords":["N\u00e9stor Rego"],"articleSection":["Novas"],"inLanguage":"gl-ES","potentialAction":[{"@type":"CommentAction","name":"Comment","target":["https:\/\/www.anovapeneira.gal\/index.php\/2022\/10\/03\/bng-exixe-modificar-o-decreto-de-axudas-ao-sector-da-carne-e-incluir-os-becerros-das-explotacions-extensivas-de-cebo-tradicional\/#respond"]}]},{"@type":"WebPage","@id":"https:\/\/www.anovapeneira.gal\/index.php\/2022\/10\/03\/bng-exixe-modificar-o-decreto-de-axudas-ao-sector-da-carne-e-incluir-os-becerros-das-explotacions-extensivas-de-cebo-tradicional\/","url":"https:\/\/www.anovapeneira.gal\/index.php\/2022\/10\/03\/bng-exixe-modificar-o-decreto-de-axudas-ao-sector-da-carne-e-incluir-os-becerros-das-explotacions-extensivas-de-cebo-tradicional\/","name":"BNG exixe modificar o decreto de axudas ao sector da carne e inclu\u00edr os becerros das explotaci\u00f3ns extensivas de cebo tradicional -","isPartOf":{"@id":"https:\/\/www.anovapeneira.gal\/#website"},"primaryImageOfPage":{"@id":"https:\/\/www.anovapeneira.gal\/index.php\/2022\/10\/03\/bng-exixe-modificar-o-decreto-de-axudas-ao-sector-da-carne-e-incluir-os-becerros-das-explotacions-extensivas-de-cebo-tradicional\/#primaryimage"},"image":{"@id":"https:\/\/www.anovapeneira.gal\/index.php\/2022\/10\/03\/bng-exixe-modificar-o-decreto-de-axudas-ao-sector-da-carne-e-incluir-os-becerros-das-explotacions-extensivas-de-cebo-tradicional\/#primaryimage"},"thumbnailUrl":"https:\/\/www.anovapeneira.gal\/wp-content\/uploads\/2022\/09\/nestor_rego_madrid.jpg","datePublished":"2022-10-03T08:00:46+00:00","description":"N\u00e9stor Rego alerta que, se non se inclu\u00edren estas explotaci\u00f3ns maioritarias na Galiza, estarase a penalizar unha maneira de vida sustent\u00e1bel do punto de vista ambiental, social e econ\u00f3mico","breadcrumb":{"@id":"https:\/\/www.anovapeneira.gal\/index.php\/2022\/10\/03\/bng-exixe-modificar-o-decreto-de-axudas-ao-sector-da-carne-e-incluir-os-becerros-das-explotacions-extensivas-de-cebo-tradicional\/#breadcrumb"},"inLanguage":"gl-ES","potentialAction":[{"@type":"ReadAction","target":["https:\/\/www.anovapeneira.gal\/index.php\/2022\/10\/03\/bng-exixe-modificar-o-decreto-de-axudas-ao-sector-da-carne-e-incluir-os-becerros-das-explotacions-extensivas-de-cebo-tradicional\/"]}]},{"@type":"ImageObject","inLanguage":"gl-ES","@id":"https:\/\/www.anovapeneira.gal\/index.php\/2022\/10\/03\/bng-exixe-modificar-o-decreto-de-axudas-ao-sector-da-carne-e-incluir-os-becerros-das-explotacions-extensivas-de-cebo-tradicional\/#primaryimage","url":"https:\/\/www.anovapeneira.gal\/wp-content\/uploads\/2022\/09\/nestor_rego_madrid.jpg","contentUrl":"https:\/\/www.anovapeneira.gal\/wp-content\/uploads\/2022\/09\/nestor_rego_madrid.jpg","width":720,"height":432,"caption":"N\u00e9stor Rego"},{"@type":"BreadcrumbList","@id":"https:\/\/www.anovapeneira.gal\/index.php\/2022\/10\/03\/bng-exixe-modificar-o-decreto-de-axudas-ao-sector-da-carne-e-incluir-os-becerros-das-explotacions-extensivas-de-cebo-tradicional\/#breadcrumb","itemListElement":[{"@type":"ListItem","position":1,"name":"Portada","item":"https:\/\/www.anovapeneira.gal\/"},{"@type":"ListItem","position":2,"name":"BNG exixe modificar o decreto de axudas ao sector da carne e inclu\u00edr os becerros das explotaci\u00f3ns extensivas de cebo tradicional"}]},{"@type":"WebSite","@id":"https:\/\/www.anovapeneira.gal\/#website","url":"https:\/\/www.anovapeneira.gal\/","name":"","description":"Xornal galego de informaci\u00f3n xeral Publicaci\u00f3n mensual de novas de Galicia e en especial dos Concellos da sur da provincia de Pontevedra.","publisher":{"@id":"https:\/\/www.anovapeneira.gal\/#organization"},"potentialAction":[{"@type":"SearchAction","target":{"@type":"EntryPoint","urlTemplate":"https:\/\/www.anovapeneira.gal\/?s={search_term_string}"},"query-input":{"@type":"PropertyValueSpecification","valueRequired":true,"valueName":"search_term_string"}}],"inLanguage":"gl-ES"},{"@type":"Organization","@id":"https:\/\/www.anovapeneira.gal\/#organization","name":"A Nova Peneira","url":"https:\/\/www.anovapeneira.gal\/","logo":{"@type":"ImageObject","inLanguage":"gl-ES","@id":"https:\/\/www.anovapeneira.gal\/#\/schema\/logo\/image\/","url":"http:\/\/www.anovapeneira.gal\/wp-content\/uploads\/2019\/06\/logo_a_nova_peneira_portal_web.png","contentUrl":"http:\/\/www.anovapeneira.gal\/wp-content\/uploads\/2019\/06\/logo_a_nova_peneira_portal_web.png","width":300,"height":100,"caption":"A Nova Peneira"},"image":{"@id":"https:\/\/www.anovapeneira.gal\/#\/schema\/logo\/image\/"},"sameAs":["https:\/\/www.facebook.com\/anovapeneira","https:\/\/x.com\/APeneira"]},{"@type":"Person","@id":"https:\/\/www.anovapeneira.gal\/#\/schema\/person\/b93e3f8932e3f8da96334607eb6ac6aa","name":"Redacci\u00f3n A Nova Peneira","image":{"@type":"ImageObject","inLanguage":"gl-ES","@id":"https:\/\/secure.gravatar.com\/avatar\/c052a2551a06e23fac63626232eaa90abd78dbcf1700fc46a2b2c89fd27b735f?s=96&d=mm&r=g","url":"https:\/\/secure.gravatar.com\/avatar\/c052a2551a06e23fac63626232eaa90abd78dbcf1700fc46a2b2c89fd27b735f?s=96&d=mm&r=g","contentUrl":"https:\/\/secure.gravatar.com\/avatar\/c052a2551a06e23fac63626232eaa90abd78dbcf1700fc46a2b2c89fd27b735f?s=96&d=mm&r=g","caption":"Redacci\u00f3n A Nova Peneira"},"sameAs":["http:\/\/www.anovapeneira.gal\/"],"url":"https:\/\/www.anovapeneira.gal\/index.php\/author\/redactor\/"}]}},"jetpack_featured_media_url":"https:\/\/www.anovapeneira.gal\/wp-content\/uploads\/2022\/09\/nestor_rego_madrid.jpg","_links":{"self":[{"href":"https:\/\/www.anovapeneira.gal\/index.php\/wp-json\/wp\/v2\/posts\/8277","targetHints":{"allow":["GET"]}}],"collection":[{"href":"https:\/\/www.anovapeneira.gal\/index.php\/wp-json\/wp\/v2\/posts"}],"about":[{"href":"https:\/\/www.anovapeneira.gal\/index.php\/wp-json\/wp\/v2\/types\/post"}],"author":[{"embeddable":true,"href":"https:\/\/www.anovapeneira.gal\/index.php\/wp-json\/wp\/v2\/users\/3"}],"replies":[{"embeddable":true,"href":"https:\/\/www.anovapeneira.gal\/index.php\/wp-json\/wp\/v2\/comments?post=8277"}],"version-history":[{"count":2,"href":"https:\/\/www.anovapeneira.gal\/index.php\/wp-json\/wp\/v2\/posts\/8277\/revisions"}],"predecessor-version":[{"id":8279,"href":"https:\/\/www.anovapeneira.gal\/index.php\/wp-json\/wp\/v2\/posts\/8277\/revisions\/8279"}],"wp:featuredmedia":[{"embeddable":true,"href":"https:\/\/www.anovapeneira.gal\/index.php\/wp-json\/wp\/v2\/media\/8280"}],"wp:attachment":[{"href":"https:\/\/www.anovapeneira.gal\/index.php\/wp-json\/wp\/v2\/media?parent=8277"}],"wp:term":[{"taxonomy":"category","embeddable":true,"href":"https:\/\/www.anovapeneira.gal\/index.php\/wp-json\/wp\/v2\/categories?post=8277"},{"taxonomy":"post_tag","embeddable":true,"href":"https:\/\/www.anovapeneira.gal\/index.php\/wp-json\/wp\/v2\/tags?post=8277"}],"curies":[{"name":"wp","href":"https:\/\/api.w.org\/{rel}","templated":true}]}}