{"id":8285,"date":"2022-10-04T10:00:11","date_gmt":"2022-10-04T08:00:11","guid":{"rendered":"https:\/\/www.anovapeneira.gal\/?p=8285"},"modified":"2022-09-30T14:04:37","modified_gmt":"2022-09-30T12:04:37","slug":"o-concello-de-bueu-abre-o-prazo-de-licitacion-para-o-axardinamento-da-contorna-da-igrexa","status":"publish","type":"post","link":"https:\/\/www.anovapeneira.gal\/index.php\/2022\/10\/04\/o-concello-de-bueu-abre-o-prazo-de-licitacion-para-o-axardinamento-da-contorna-da-igrexa\/","title":{"rendered":"O Concello de Bueu abre o prazo de licitaci\u00f3n para o axardinamento da contorna da igrexa"},"content":{"rendered":"\n<p><strong>Bueu, a 27 de setembro de 2022<\/strong><\/p>\n\n\n\n<p>O Concello de Bueu v\u00e9n de abrir o prazo de licitaci\u00f3n para as obras de axardinamento da contorna da igrexa de San Marti\u00f1o de Bueu, o que fora o antigo cemiterio. As empresas interesadas en acometer esta actuaci\u00f3n poder\u00e1n presentar as ofertas econ\u00f3micas ata o 17 de outubro, segundo consta no anuncio publicado na Plataforma de Licitaci\u00f3n do Sector P\u00fablico. O orzamento de licitaci\u00f3n ascende a 135.531,29 \u20ac, IVE engadido, e as obras contar\u00e1n co apoio financeiro da Deputaci\u00f3n de Pontevedra a trav\u00e9s do Plan Concellos 2021.<\/p>\n\n\n\n<p>Dende hai anos, este espazo at\u00f3pase sen ning\u00fan aproveitamento en un estado de abandono, de a\u00ed que o goberno local decidise apostar por este proxecto que pretende po\u00f1elo en valor a trav\u00e9s dunha soluci\u00f3n integral e transformadora. As\u00ed, vaise constru\u00edr un muro de contenci\u00f3n superposto ao actual na zona pr\u00f3xima ao vial do Valado e unas escaleiras que conectar\u00e1n con esa zona e que permitir\u00e1n dispo\u00f1er de d\u00faas zonas de miradoiro a distintos niveis. Tam\u00e9n se vai manter o pante\u00f3n existente e as \u00e1rbores actuais, e crear un miradoiro ao norte aproveitando a zona do muro perimetral parcialmente derru\u00eddo.<\/p>\n\n\n\n<p>O proxecto contempla ofrecer unha soluci\u00f3n ao desnivel entre a parcela e o atrio da igrexa cun muro banco, e actuar na parcela a trav\u00e9s de elementos de tratamento superficial como axardinamento, trazado de sendeiros perimetrais con acabado en xabre consolidado e o sendeiro central e a zona do miradoiro pavimentados en pedra, con pendentes variables que se adapten \u00e1 topograf\u00eda actual do terreo. Por \u00faltimo, colocaranse tres bancos na zona do miradoiro e outros tres no sendeiro interior da zona axardinada, e executaranse as instalaci\u00f3ns de saneamento, alumeado, recollida de pluviais e rego.<\/p>\n\n\n\n<p>O Concello pretende seguir actuando nos espazos verdes para ofrecer alternativas de lecer \u00e1 cidadan\u00eda, tal e como se conseguir\u00e1 con esta obra.<\/p>\n","protected":false},"excerpt":{"rendered":"<div class=\"mh-excerpt\"><p>O Concello de Bueu v\u00e9n de abrir o prazo de licitaci\u00f3n para as obras de axardinamento da contorna da igrexa de San Marti\u00f1o de Bueu, o que fora o antigo cemiterio. As empresas interesadas en acometer esta actuaci\u00f3n poder\u00e1n presentar as ofertas econ\u00f3micas ata o 17 de outubro, segundo consta no anuncio publicado na Plataforma de Licitaci\u00f3n do Sector P\u00fablico <a class=\"mh-excerpt-more\" href=\"https:\/\/www.anovapeneira.gal\/index.php\/2022\/10\/04\/o-concello-de-bueu-abre-o-prazo-de-licitacion-para-o-axardinamento-da-contorna-da-igrexa\/\" title=\"O Concello de Bueu abre o prazo de licitaci\u00f3n para o axardinamento da contorna da igrexa\">[&#8230;]<\/a><\/p>\n<\/div>","protected":false},"author":3,"featured_media":8287,"comment_status":"open","ping_status":"open","sticky":false,"template":"","format":"standard","meta":{"_exactmetrics_skip_tracking":false,"_exactmetrics_sitenote_active":false,"_exactmetrics_sitenote_note":"","_exactmetrics_sitenote_category":0,"footnotes":""},"categories":[22],"tags":[440],"class_list":{"0":"post-8285","1":"post","2":"type-post","3":"status-publish","4":"format-standard","5":"has-post-thumbnail","7":"category-morrazo","8":"tag-concello-de-bueu"},"yoast_head":"<!-- This site is optimized with the Yoast SEO plugin v27.4 - https:\/\/yoast.com\/product\/yoast-seo-wordpress\/ -->\n<title>O Concello de Bueu abre o prazo de licitaci\u00f3n para o axardinamento da contorna da igrexa -<\/title>\n<meta name=\"description\" content=\"O Concello de Bueu v\u00e9n de abrir o prazo de licitaci\u00f3n para as obras de axardinamento da contorna da igrexa de San Marti\u00f1o de Bueu, o que fora o antigo cemiterio. As empresas interesadas en acometer esta actuaci\u00f3n poder\u00e1n presentar as ofertas econ\u00f3micas ata o 17 de outubro, segundo consta no anuncio publicado na Plataforma de Licitaci\u00f3n do Sector P\u00fablico\" \/>\n<meta name=\"robots\" content=\"index, follow, max-snippet:-1, max-image-preview:large, max-video-preview:-1\" \/>\n<link rel=\"canonical\" href=\"https:\/\/www.anovapeneira.gal\/index.php\/2022\/10\/04\/o-concello-de-bueu-abre-o-prazo-de-licitacion-para-o-axardinamento-da-contorna-da-igrexa\/\" \/>\n<meta property=\"og:locale\" content=\"gl_ES\" \/>\n<meta property=\"og:type\" content=\"article\" \/>\n<meta property=\"og:title\" content=\"O Concello de Bueu abre o prazo de licitaci\u00f3n para o axardinamento da contorna da igrexa -\" \/>\n<meta property=\"og:description\" content=\"O Concello de Bueu v\u00e9n de abrir o prazo de licitaci\u00f3n para as obras de axardinamento da contorna da igrexa de San Marti\u00f1o de Bueu, o que fora o antigo cemiterio. As empresas interesadas en acometer esta actuaci\u00f3n poder\u00e1n presentar as ofertas econ\u00f3micas ata o 17 de outubro, segundo consta no anuncio publicado na Plataforma de Licitaci\u00f3n do Sector P\u00fablico\" \/>\n<meta property=\"og:url\" content=\"https:\/\/www.anovapeneira.gal\/index.php\/2022\/10\/04\/o-concello-de-bueu-abre-o-prazo-de-licitacion-para-o-axardinamento-da-contorna-da-igrexa\/\" \/>\n<meta property=\"article:publisher\" content=\"https:\/\/www.facebook.com\/anovapeneira\" \/>\n<meta property=\"article:published_time\" content=\"2022-10-04T08:00:11+00:00\" \/>\n<meta property=\"og:image\" content=\"https:\/\/www.anovapeneira.gal\/wp-content\/uploads\/2022\/09\/igrexa_bueu.jpg\" \/>\n\t<meta property=\"og:image:width\" content=\"720\" \/>\n\t<meta property=\"og:image:height\" content=\"432\" \/>\n\t<meta property=\"og:image:type\" content=\"image\/jpeg\" \/>\n<meta name=\"author\" content=\"Redacci\u00f3n A Nova Peneira\" \/>\n<meta name=\"twitter:card\" content=\"summary_large_image\" \/>\n<meta name=\"twitter:creator\" content=\"@APeneira\" \/>\n<meta name=\"twitter:site\" content=\"@APeneira\" \/>\n<meta name=\"twitter:label1\" content=\"Escrito por\" \/>\n\t<meta name=\"twitter:data1\" content=\"Redacci\u00f3n A Nova Peneira\" \/>\n\t<meta name=\"twitter:label2\" content=\"Tempo de lectura\" \/>\n\t<meta name=\"twitter:data2\" content=\"2 minutos\" \/>\n<script type=\"application\/ld+json\" class=\"yoast-schema-graph\">{\"@context\":\"https:\\\/\\\/schema.org\",\"@graph\":[{\"@type\":\"Article\",\"@id\":\"https:\\\/\\\/www.anovapeneira.gal\\\/index.php\\\/2022\\\/10\\\/04\\\/o-concello-de-bueu-abre-o-prazo-de-licitacion-para-o-axardinamento-da-contorna-da-igrexa\\\/#article\",\"isPartOf\":{\"@id\":\"https:\\\/\\\/www.anovapeneira.gal\\\/index.php\\\/2022\\\/10\\\/04\\\/o-concello-de-bueu-abre-o-prazo-de-licitacion-para-o-axardinamento-da-contorna-da-igrexa\\\/\"},\"author\":{\"name\":\"Redacci\u00f3n A Nova Peneira\",\"@id\":\"https:\\\/\\\/www.anovapeneira.gal\\\/#\\\/schema\\\/person\\\/b93e3f8932e3f8da96334607eb6ac6aa\"},\"headline\":\"O Concello de Bueu abre o prazo de licitaci\u00f3n para o axardinamento da contorna da igrexa\",\"datePublished\":\"2022-10-04T08:00:11+00:00\",\"mainEntityOfPage\":{\"@id\":\"https:\\\/\\\/www.anovapeneira.gal\\\/index.php\\\/2022\\\/10\\\/04\\\/o-concello-de-bueu-abre-o-prazo-de-licitacion-para-o-axardinamento-da-contorna-da-igrexa\\\/\"},\"wordCount\":351,\"commentCount\":0,\"publisher\":{\"@id\":\"https:\\\/\\\/www.anovapeneira.gal\\\/#organization\"},\"image\":{\"@id\":\"https:\\\/\\\/www.anovapeneira.gal\\\/index.php\\\/2022\\\/10\\\/04\\\/o-concello-de-bueu-abre-o-prazo-de-licitacion-para-o-axardinamento-da-contorna-da-igrexa\\\/#primaryimage\"},\"thumbnailUrl\":\"https:\\\/\\\/www.anovapeneira.gal\\\/wp-content\\\/uploads\\\/2022\\\/09\\\/igrexa_bueu.jpg\",\"keywords\":[\"Concello de Bueu\"],\"articleSection\":[\"Morrazo\"],\"inLanguage\":\"gl-ES\",\"potentialAction\":[{\"@type\":\"CommentAction\",\"name\":\"Comment\",\"target\":[\"https:\\\/\\\/www.anovapeneira.gal\\\/index.php\\\/2022\\\/10\\\/04\\\/o-concello-de-bueu-abre-o-prazo-de-licitacion-para-o-axardinamento-da-contorna-da-igrexa\\\/#respond\"]}]},{\"@type\":\"WebPage\",\"@id\":\"https:\\\/\\\/www.anovapeneira.gal\\\/index.php\\\/2022\\\/10\\\/04\\\/o-concello-de-bueu-abre-o-prazo-de-licitacion-para-o-axardinamento-da-contorna-da-igrexa\\\/\",\"url\":\"https:\\\/\\\/www.anovapeneira.gal\\\/index.php\\\/2022\\\/10\\\/04\\\/o-concello-de-bueu-abre-o-prazo-de-licitacion-para-o-axardinamento-da-contorna-da-igrexa\\\/\",\"name\":\"O Concello de Bueu abre o prazo de licitaci\u00f3n para o axardinamento da contorna da igrexa -\",\"isPartOf\":{\"@id\":\"https:\\\/\\\/www.anovapeneira.gal\\\/#website\"},\"primaryImageOfPage\":{\"@id\":\"https:\\\/\\\/www.anovapeneira.gal\\\/index.php\\\/2022\\\/10\\\/04\\\/o-concello-de-bueu-abre-o-prazo-de-licitacion-para-o-axardinamento-da-contorna-da-igrexa\\\/#primaryimage\"},\"image\":{\"@id\":\"https:\\\/\\\/www.anovapeneira.gal\\\/index.php\\\/2022\\\/10\\\/04\\\/o-concello-de-bueu-abre-o-prazo-de-licitacion-para-o-axardinamento-da-contorna-da-igrexa\\\/#primaryimage\"},\"thumbnailUrl\":\"https:\\\/\\\/www.anovapeneira.gal\\\/wp-content\\\/uploads\\\/2022\\\/09\\\/igrexa_bueu.jpg\",\"datePublished\":\"2022-10-04T08:00:11+00:00\",\"description\":\"O Concello de Bueu v\u00e9n de abrir o prazo de licitaci\u00f3n para as obras de axardinamento da contorna da igrexa de San Marti\u00f1o de Bueu, o que fora o antigo cemiterio. As empresas interesadas en acometer esta actuaci\u00f3n poder\u00e1n presentar as ofertas econ\u00f3micas ata o 17 de outubro, segundo consta no anuncio publicado na Plataforma de Licitaci\u00f3n do Sector P\u00fablico\",\"breadcrumb\":{\"@id\":\"https:\\\/\\\/www.anovapeneira.gal\\\/index.php\\\/2022\\\/10\\\/04\\\/o-concello-de-bueu-abre-o-prazo-de-licitacion-para-o-axardinamento-da-contorna-da-igrexa\\\/#breadcrumb\"},\"inLanguage\":\"gl-ES\",\"potentialAction\":[{\"@type\":\"ReadAction\",\"target\":[\"https:\\\/\\\/www.anovapeneira.gal\\\/index.php\\\/2022\\\/10\\\/04\\\/o-concello-de-bueu-abre-o-prazo-de-licitacion-para-o-axardinamento-da-contorna-da-igrexa\\\/\"]}]},{\"@type\":\"ImageObject\",\"inLanguage\":\"gl-ES\",\"@id\":\"https:\\\/\\\/www.anovapeneira.gal\\\/index.php\\\/2022\\\/10\\\/04\\\/o-concello-de-bueu-abre-o-prazo-de-licitacion-para-o-axardinamento-da-contorna-da-igrexa\\\/#primaryimage\",\"url\":\"https:\\\/\\\/www.anovapeneira.gal\\\/wp-content\\\/uploads\\\/2022\\\/09\\\/igrexa_bueu.jpg\",\"contentUrl\":\"https:\\\/\\\/www.anovapeneira.gal\\\/wp-content\\\/uploads\\\/2022\\\/09\\\/igrexa_bueu.jpg\",\"width\":720,\"height\":432,\"caption\":\"O Concello de Bueu abre o prazo de licitaci\u00f3n para o axardinamento da contorna da igrexa\"},{\"@type\":\"BreadcrumbList\",\"@id\":\"https:\\\/\\\/www.anovapeneira.gal\\\/index.php\\\/2022\\\/10\\\/04\\\/o-concello-de-bueu-abre-o-prazo-de-licitacion-para-o-axardinamento-da-contorna-da-igrexa\\\/#breadcrumb\",\"itemListElement\":[{\"@type\":\"ListItem\",\"position\":1,\"name\":\"Portada\",\"item\":\"https:\\\/\\\/www.anovapeneira.gal\\\/\"},{\"@type\":\"ListItem\",\"position\":2,\"name\":\"O Concello de Bueu abre o prazo de licitaci\u00f3n para o axardinamento da contorna da igrexa\"}]},{\"@type\":\"WebSite\",\"@id\":\"https:\\\/\\\/www.anovapeneira.gal\\\/#website\",\"url\":\"https:\\\/\\\/www.anovapeneira.gal\\\/\",\"name\":\"\",\"description\":\"Xornal galego de informaci\u00f3n xeral Publicaci\u00f3n mensual de novas de Galicia e en especial dos Concellos da sur da provincia de Pontevedra.\",\"publisher\":{\"@id\":\"https:\\\/\\\/www.anovapeneira.gal\\\/#organization\"},\"potentialAction\":[{\"@type\":\"SearchAction\",\"target\":{\"@type\":\"EntryPoint\",\"urlTemplate\":\"https:\\\/\\\/www.anovapeneira.gal\\\/?s={search_term_string}\"},\"query-input\":{\"@type\":\"PropertyValueSpecification\",\"valueRequired\":true,\"valueName\":\"search_term_string\"}}],\"inLanguage\":\"gl-ES\"},{\"@type\":\"Organization\",\"@id\":\"https:\\\/\\\/www.anovapeneira.gal\\\/#organization\",\"name\":\"A Nova Peneira\",\"url\":\"https:\\\/\\\/www.anovapeneira.gal\\\/\",\"logo\":{\"@type\":\"ImageObject\",\"inLanguage\":\"gl-ES\",\"@id\":\"https:\\\/\\\/www.anovapeneira.gal\\\/#\\\/schema\\\/logo\\\/image\\\/\",\"url\":\"http:\\\/\\\/www.anovapeneira.gal\\\/wp-content\\\/uploads\\\/2019\\\/06\\\/logo_a_nova_peneira_portal_web.png\",\"contentUrl\":\"http:\\\/\\\/www.anovapeneira.gal\\\/wp-content\\\/uploads\\\/2019\\\/06\\\/logo_a_nova_peneira_portal_web.png\",\"width\":300,\"height\":100,\"caption\":\"A Nova Peneira\"},\"image\":{\"@id\":\"https:\\\/\\\/www.anovapeneira.gal\\\/#\\\/schema\\\/logo\\\/image\\\/\"},\"sameAs\":[\"https:\\\/\\\/www.facebook.com\\\/anovapeneira\",\"https:\\\/\\\/x.com\\\/APeneira\"]},{\"@type\":\"Person\",\"@id\":\"https:\\\/\\\/www.anovapeneira.gal\\\/#\\\/schema\\\/person\\\/b93e3f8932e3f8da96334607eb6ac6aa\",\"name\":\"Redacci\u00f3n A Nova Peneira\",\"image\":{\"@type\":\"ImageObject\",\"inLanguage\":\"gl-ES\",\"@id\":\"https:\\\/\\\/secure.gravatar.com\\\/avatar\\\/c052a2551a06e23fac63626232eaa90abd78dbcf1700fc46a2b2c89fd27b735f?s=96&d=mm&r=g\",\"url\":\"https:\\\/\\\/secure.gravatar.com\\\/avatar\\\/c052a2551a06e23fac63626232eaa90abd78dbcf1700fc46a2b2c89fd27b735f?s=96&d=mm&r=g\",\"contentUrl\":\"https:\\\/\\\/secure.gravatar.com\\\/avatar\\\/c052a2551a06e23fac63626232eaa90abd78dbcf1700fc46a2b2c89fd27b735f?s=96&d=mm&r=g\",\"caption\":\"Redacci\u00f3n A Nova Peneira\"},\"sameAs\":[\"http:\\\/\\\/www.anovapeneira.gal\\\/\"],\"url\":\"https:\\\/\\\/www.anovapeneira.gal\\\/index.php\\\/author\\\/redactor\\\/\"}]}<\/script>\n<!-- \/ Yoast SEO plugin. -->","yoast_head_json":{"title":"O Concello de Bueu abre o prazo de licitaci\u00f3n para o axardinamento da contorna da igrexa -","description":"O Concello de Bueu v\u00e9n de abrir o prazo de licitaci\u00f3n para as obras de axardinamento da contorna da igrexa de San Marti\u00f1o de Bueu, o que fora o antigo cemiterio. As empresas interesadas en acometer esta actuaci\u00f3n poder\u00e1n presentar as ofertas econ\u00f3micas ata o 17 de outubro, segundo consta no anuncio publicado na Plataforma de Licitaci\u00f3n do Sector P\u00fablico","robots":{"index":"index","follow":"follow","max-snippet":"max-snippet:-1","max-image-preview":"max-image-preview:large","max-video-preview":"max-video-preview:-1"},"canonical":"https:\/\/www.anovapeneira.gal\/index.php\/2022\/10\/04\/o-concello-de-bueu-abre-o-prazo-de-licitacion-para-o-axardinamento-da-contorna-da-igrexa\/","og_locale":"gl_ES","og_type":"article","og_title":"O Concello de Bueu abre o prazo de licitaci\u00f3n para o axardinamento da contorna da igrexa -","og_description":"O Concello de Bueu v\u00e9n de abrir o prazo de licitaci\u00f3n para as obras de axardinamento da contorna da igrexa de San Marti\u00f1o de Bueu, o que fora o antigo cemiterio. As empresas interesadas en acometer esta actuaci\u00f3n poder\u00e1n presentar as ofertas econ\u00f3micas ata o 17 de outubro, segundo consta no anuncio publicado na Plataforma de Licitaci\u00f3n do Sector P\u00fablico","og_url":"https:\/\/www.anovapeneira.gal\/index.php\/2022\/10\/04\/o-concello-de-bueu-abre-o-prazo-de-licitacion-para-o-axardinamento-da-contorna-da-igrexa\/","article_publisher":"https:\/\/www.facebook.com\/anovapeneira","article_published_time":"2022-10-04T08:00:11+00:00","og_image":[{"width":720,"height":432,"url":"https:\/\/www.anovapeneira.gal\/wp-content\/uploads\/2022\/09\/igrexa_bueu.jpg","type":"image\/jpeg"}],"author":"Redacci\u00f3n A Nova Peneira","twitter_card":"summary_large_image","twitter_creator":"@APeneira","twitter_site":"@APeneira","twitter_misc":{"Escrito por":"Redacci\u00f3n A Nova Peneira","Tempo de lectura":"2 minutos"},"schema":{"@context":"https:\/\/schema.org","@graph":[{"@type":"Article","@id":"https:\/\/www.anovapeneira.gal\/index.php\/2022\/10\/04\/o-concello-de-bueu-abre-o-prazo-de-licitacion-para-o-axardinamento-da-contorna-da-igrexa\/#article","isPartOf":{"@id":"https:\/\/www.anovapeneira.gal\/index.php\/2022\/10\/04\/o-concello-de-bueu-abre-o-prazo-de-licitacion-para-o-axardinamento-da-contorna-da-igrexa\/"},"author":{"name":"Redacci\u00f3n A Nova Peneira","@id":"https:\/\/www.anovapeneira.gal\/#\/schema\/person\/b93e3f8932e3f8da96334607eb6ac6aa"},"headline":"O Concello de Bueu abre o prazo de licitaci\u00f3n para o axardinamento da contorna da igrexa","datePublished":"2022-10-04T08:00:11+00:00","mainEntityOfPage":{"@id":"https:\/\/www.anovapeneira.gal\/index.php\/2022\/10\/04\/o-concello-de-bueu-abre-o-prazo-de-licitacion-para-o-axardinamento-da-contorna-da-igrexa\/"},"wordCount":351,"commentCount":0,"publisher":{"@id":"https:\/\/www.anovapeneira.gal\/#organization"},"image":{"@id":"https:\/\/www.anovapeneira.gal\/index.php\/2022\/10\/04\/o-concello-de-bueu-abre-o-prazo-de-licitacion-para-o-axardinamento-da-contorna-da-igrexa\/#primaryimage"},"thumbnailUrl":"https:\/\/www.anovapeneira.gal\/wp-content\/uploads\/2022\/09\/igrexa_bueu.jpg","keywords":["Concello de Bueu"],"articleSection":["Morrazo"],"inLanguage":"gl-ES","potentialAction":[{"@type":"CommentAction","name":"Comment","target":["https:\/\/www.anovapeneira.gal\/index.php\/2022\/10\/04\/o-concello-de-bueu-abre-o-prazo-de-licitacion-para-o-axardinamento-da-contorna-da-igrexa\/#respond"]}]},{"@type":"WebPage","@id":"https:\/\/www.anovapeneira.gal\/index.php\/2022\/10\/04\/o-concello-de-bueu-abre-o-prazo-de-licitacion-para-o-axardinamento-da-contorna-da-igrexa\/","url":"https:\/\/www.anovapeneira.gal\/index.php\/2022\/10\/04\/o-concello-de-bueu-abre-o-prazo-de-licitacion-para-o-axardinamento-da-contorna-da-igrexa\/","name":"O Concello de Bueu abre o prazo de licitaci\u00f3n para o axardinamento da contorna da igrexa -","isPartOf":{"@id":"https:\/\/www.anovapeneira.gal\/#website"},"primaryImageOfPage":{"@id":"https:\/\/www.anovapeneira.gal\/index.php\/2022\/10\/04\/o-concello-de-bueu-abre-o-prazo-de-licitacion-para-o-axardinamento-da-contorna-da-igrexa\/#primaryimage"},"image":{"@id":"https:\/\/www.anovapeneira.gal\/index.php\/2022\/10\/04\/o-concello-de-bueu-abre-o-prazo-de-licitacion-para-o-axardinamento-da-contorna-da-igrexa\/#primaryimage"},"thumbnailUrl":"https:\/\/www.anovapeneira.gal\/wp-content\/uploads\/2022\/09\/igrexa_bueu.jpg","datePublished":"2022-10-04T08:00:11+00:00","description":"O Concello de Bueu v\u00e9n de abrir o prazo de licitaci\u00f3n para as obras de axardinamento da contorna da igrexa de San Marti\u00f1o de Bueu, o que fora o antigo cemiterio. As empresas interesadas en acometer esta actuaci\u00f3n poder\u00e1n presentar as ofertas econ\u00f3micas ata o 17 de outubro, segundo consta no anuncio publicado na Plataforma de Licitaci\u00f3n do Sector P\u00fablico","breadcrumb":{"@id":"https:\/\/www.anovapeneira.gal\/index.php\/2022\/10\/04\/o-concello-de-bueu-abre-o-prazo-de-licitacion-para-o-axardinamento-da-contorna-da-igrexa\/#breadcrumb"},"inLanguage":"gl-ES","potentialAction":[{"@type":"ReadAction","target":["https:\/\/www.anovapeneira.gal\/index.php\/2022\/10\/04\/o-concello-de-bueu-abre-o-prazo-de-licitacion-para-o-axardinamento-da-contorna-da-igrexa\/"]}]},{"@type":"ImageObject","inLanguage":"gl-ES","@id":"https:\/\/www.anovapeneira.gal\/index.php\/2022\/10\/04\/o-concello-de-bueu-abre-o-prazo-de-licitacion-para-o-axardinamento-da-contorna-da-igrexa\/#primaryimage","url":"https:\/\/www.anovapeneira.gal\/wp-content\/uploads\/2022\/09\/igrexa_bueu.jpg","contentUrl":"https:\/\/www.anovapeneira.gal\/wp-content\/uploads\/2022\/09\/igrexa_bueu.jpg","width":720,"height":432,"caption":"O Concello de Bueu abre o prazo de licitaci\u00f3n para o axardinamento da contorna da igrexa"},{"@type":"BreadcrumbList","@id":"https:\/\/www.anovapeneira.gal\/index.php\/2022\/10\/04\/o-concello-de-bueu-abre-o-prazo-de-licitacion-para-o-axardinamento-da-contorna-da-igrexa\/#breadcrumb","itemListElement":[{"@type":"ListItem","position":1,"name":"Portada","item":"https:\/\/www.anovapeneira.gal\/"},{"@type":"ListItem","position":2,"name":"O Concello de Bueu abre o prazo de licitaci\u00f3n para o axardinamento da contorna da igrexa"}]},{"@type":"WebSite","@id":"https:\/\/www.anovapeneira.gal\/#website","url":"https:\/\/www.anovapeneira.gal\/","name":"","description":"Xornal galego de informaci\u00f3n xeral Publicaci\u00f3n mensual de novas de Galicia e en especial dos Concellos da sur da provincia de Pontevedra.","publisher":{"@id":"https:\/\/www.anovapeneira.gal\/#organization"},"potentialAction":[{"@type":"SearchAction","target":{"@type":"EntryPoint","urlTemplate":"https:\/\/www.anovapeneira.gal\/?s={search_term_string}"},"query-input":{"@type":"PropertyValueSpecification","valueRequired":true,"valueName":"search_term_string"}}],"inLanguage":"gl-ES"},{"@type":"Organization","@id":"https:\/\/www.anovapeneira.gal\/#organization","name":"A Nova Peneira","url":"https:\/\/www.anovapeneira.gal\/","logo":{"@type":"ImageObject","inLanguage":"gl-ES","@id":"https:\/\/www.anovapeneira.gal\/#\/schema\/logo\/image\/","url":"http:\/\/www.anovapeneira.gal\/wp-content\/uploads\/2019\/06\/logo_a_nova_peneira_portal_web.png","contentUrl":"http:\/\/www.anovapeneira.gal\/wp-content\/uploads\/2019\/06\/logo_a_nova_peneira_portal_web.png","width":300,"height":100,"caption":"A Nova Peneira"},"image":{"@id":"https:\/\/www.anovapeneira.gal\/#\/schema\/logo\/image\/"},"sameAs":["https:\/\/www.facebook.com\/anovapeneira","https:\/\/x.com\/APeneira"]},{"@type":"Person","@id":"https:\/\/www.anovapeneira.gal\/#\/schema\/person\/b93e3f8932e3f8da96334607eb6ac6aa","name":"Redacci\u00f3n A Nova Peneira","image":{"@type":"ImageObject","inLanguage":"gl-ES","@id":"https:\/\/secure.gravatar.com\/avatar\/c052a2551a06e23fac63626232eaa90abd78dbcf1700fc46a2b2c89fd27b735f?s=96&d=mm&r=g","url":"https:\/\/secure.gravatar.com\/avatar\/c052a2551a06e23fac63626232eaa90abd78dbcf1700fc46a2b2c89fd27b735f?s=96&d=mm&r=g","contentUrl":"https:\/\/secure.gravatar.com\/avatar\/c052a2551a06e23fac63626232eaa90abd78dbcf1700fc46a2b2c89fd27b735f?s=96&d=mm&r=g","caption":"Redacci\u00f3n A Nova Peneira"},"sameAs":["http:\/\/www.anovapeneira.gal\/"],"url":"https:\/\/www.anovapeneira.gal\/index.php\/author\/redactor\/"}]}},"jetpack_featured_media_url":"https:\/\/www.anovapeneira.gal\/wp-content\/uploads\/2022\/09\/igrexa_bueu.jpg","_links":{"self":[{"href":"https:\/\/www.anovapeneira.gal\/index.php\/wp-json\/wp\/v2\/posts\/8285","targetHints":{"allow":["GET"]}}],"collection":[{"href":"https:\/\/www.anovapeneira.gal\/index.php\/wp-json\/wp\/v2\/posts"}],"about":[{"href":"https:\/\/www.anovapeneira.gal\/index.php\/wp-json\/wp\/v2\/types\/post"}],"author":[{"embeddable":true,"href":"https:\/\/www.anovapeneira.gal\/index.php\/wp-json\/wp\/v2\/users\/3"}],"replies":[{"embeddable":true,"href":"https:\/\/www.anovapeneira.gal\/index.php\/wp-json\/wp\/v2\/comments?post=8285"}],"version-history":[{"count":2,"href":"https:\/\/www.anovapeneira.gal\/index.php\/wp-json\/wp\/v2\/posts\/8285\/revisions"}],"predecessor-version":[{"id":8288,"href":"https:\/\/www.anovapeneira.gal\/index.php\/wp-json\/wp\/v2\/posts\/8285\/revisions\/8288"}],"wp:featuredmedia":[{"embeddable":true,"href":"https:\/\/www.anovapeneira.gal\/index.php\/wp-json\/wp\/v2\/media\/8287"}],"wp:attachment":[{"href":"https:\/\/www.anovapeneira.gal\/index.php\/wp-json\/wp\/v2\/media?parent=8285"}],"wp:term":[{"taxonomy":"category","embeddable":true,"href":"https:\/\/www.anovapeneira.gal\/index.php\/wp-json\/wp\/v2\/categories?post=8285"},{"taxonomy":"post_tag","embeddable":true,"href":"https:\/\/www.anovapeneira.gal\/index.php\/wp-json\/wp\/v2\/tags?post=8285"}],"curies":[{"name":"wp","href":"https:\/\/api.w.org\/{rel}","templated":true}]}}