{"id":8292,"date":"2022-10-05T10:00:51","date_gmt":"2022-10-05T08:00:51","guid":{"rendered":"https:\/\/www.anovapeneira.gal\/?p=8292"},"modified":"2022-09-30T14:17:21","modified_gmt":"2022-09-30T12:17:21","slug":"o-concello-de-nigran-pecha-o-martes-4-de-outubro-a-vella-biblioteca-para-iniciar-o-traslado-dos-libros-a-nova","status":"publish","type":"post","link":"https:\/\/www.anovapeneira.gal\/index.php\/2022\/10\/05\/o-concello-de-nigran-pecha-o-martes-4-de-outubro-a-vella-biblioteca-para-iniciar-o-traslado-dos-libros-a-nova\/","title":{"rendered":"O Concello de Nigr\u00e1n pecha o martes 4 de outubro a vella biblioteca para iniciar o traslado dos libros \u00e1 nova"},"content":{"rendered":"\n<h2 class=\"wp-block-heading\"><strong>O edificio da Estrada pola V\u00eda est\u00e1 xa amoblado tras investir o Concello 169.158 \u20ac \u20ac na s\u00faa dotaci\u00f3n. O mesmo d\u00eda 4 iniciarase o traslado dos 50.000 exemplares, traballo contratado a unha empresa de mudanzas<\/strong><\/h2>\n\n\n\n<p><strong>A sede do Ce\u00e1n iniciar\u00e1 a s\u00faa andaina en Outubro como sede xa da escola municipal de m\u00fasica<\/strong><\/p>\n\n\n\n<p><strong>&#8220;Estamos traballando sen parar para que o novo edificio poida abrir as s\u00faas portas a finais de outubro, gustar\u00edanos que tivese sido antes pero diferentes procedementos administrativos o foron retardando&#8221;, sinala o rexedor, Juan Gonz\u00e1lez<\/strong><\/p>\n\n\n\n<p><em><strong>Nigr\u00e1n, 28\/04\/22.- <\/strong><\/em>A actual Biblioteca Municipal de Nigr\u00e1n (O Ce\u00e1n) pechar\u00e1 definitivamente as s\u00faas portas o vindeiro martes 4 de outubro para comezar desde ese d\u00eda o traslado de libros \u00e1 nova sede en Estrada pola V\u00eda. O futuro edificio foi xa amoblado as pasadas semanas pola empresa adxudicataria Sutega tras investir o Concello a tal efecto 169.158 \u20ac do Remanente de Tesourer\u00eda. Deste xeito, os andeis actualmente baleiros recibir\u00e1n entre o 4 e o 8 de outubro a totalidade dos 50.000 exemplares que cont\u00e9n o Ce\u00e1n, ademais de trasladarse determinados mobles para a zona de almacenaxe e dep\u00f3sito. Adicionalmente, o &#8216;baleirado&#8217; da xa vella Biblioteca permitir\u00e1 que o alumnado da actividade cultural de m\u00fasica inicie al\u00ed o novo curso e se transforme, de facto, na sede da Escola Municipal de M\u00fasica. A caixa de correos para devoluci\u00f3n de libros permanecer\u00e1 operativa no Ce\u00e1n mentres dure o traslado.<\/p>\n\n\n\n<p>&#8220;Estamos traballando sen parar para que o novo edificio poida abrir as s\u00faas portas a finais de outubro, gustar\u00edanos que tivese sido antes pero diferentes procedementos administrativos o foron retardando e non quixemos que o resultado final se vise afectado por presas innecesarias&#8221;, sinala o rexedor, Juan Gonz\u00e1lez, quen incide en que &#8220;se contratou ex-profeso a unha empresa de mudanzas especializada no traslado de libros de bibliotecas, polo que ser\u00e1 moi \u00e1xil&#8221;.<\/p>\n\n\n\n<p>Tras concluirse o edificio, o Concello tivo que dotar de equipamento e mobiliario esta instalaci\u00f3n que pasa de contar con 120 metros cadrados no Ce\u00e1n a 1.260 m\u00b2, xerando espazos novos como a sala infantil independente, zona de estudo ou outra de usos m\u00faltiples. &#8220;Un edificio infinitamente maior, vangardista e ga\u00f1ador de premios, non pod\u00eda ser amoblado de calquera xeito, as\u00ed que confiamos para elo no criterio dos seus mesmos arquitectos co obxectivo de que o resultado global sexa excelente&#8221;, explica Gonz\u00e1lez.<\/p>\n\n\n\n<p>O mobiliario elixido, con 30 anos de garant\u00eda, destaca por ser de li\u00f1as puras e dese\u00f1o atemporal, en tons neutros e fabricado en materiais de alta calidade que lle outorgan resistencia e durabilidade. &#8220;Cada moble foi elixido atendendo \u00e1 singularidade do espazo e funci\u00f3n que vai ocupar porque se quixo dar unha imaxe unitaria que respectase \u00e1 propia arquitectura do edificio&#8221;, explican desde a adxudicataria Sutega, empresa galega responsable de proxectos similares como o amoblamento da Biblioteca Municipal Princesa Do\u00f1a Leonor (Boadilla del Monte), a Biblioteca Municipal Los Corrales de Buelna (Cantabria) ou o Arquivo Hist\u00f3rico de Ourense e, xa na comarca, das novas oficinas da Zona Franca de Vigo. &#8220;Evidentemente as necesidades de mobiliario, equipamento inform\u00e1tico etc se multiplican porque contaremos con novos servizos e m\u00e1is capacidade, con esa premisa se constru\u00edu este edificio&#8221;, engade o rexedor, quen detalle que se adquiriron unha ducia de ordenadores de mesa para usuarios fronte aos 3 dos que disp\u00f3n actualmente ou novos equipamentos como un proxector, equipo de son ou televisores e se inclu\u00edron plantas naturais para outorgar calidez ao espazo.<\/p>\n\n\n\n<p><strong>Edificio bioclim\u00e1tico<\/strong><\/p>\n\n\n\n<p>O novo edificio dese\u00f1ado polo estudio G\u00e1ndara-Pons ocupa unha parcela municipal de 443 metros cadrados e de forma trapezoidal no centro do municipio (a beira da Estrada pola V\u00eda, \u00e1 altura do n\u00famero 118, frente a r\u00faa do Panasco) nun lugar facilmente accesible para a veci\u00f1anza tanto en transporte p\u00fablico como privado. O feito de que se trate dunha parcela con forte desnivel permite que te\u00f1a d\u00faas entradas, con accesos tanto dende o andar baixo como desde o primeiro, o que favorece unha utilizaci\u00f3n polivalente das instalaci\u00f3ns. Desde o punto de vista urban\u00edstico, a construci\u00f3n xera unha praza cuberta que se abre \u00e1 praza existente e que sup\u00f3n unha zona previa \u00e1 entrada polo andar baixo.<\/p>\n\n\n\n<p>Conta con catro alturas, planta irregular, e superficie total constru\u00edda de 1.260 m2 clasificado coa letra A no seu Certificado de Eficiencia Enerx\u00e9tica (m\u00e1xima categor\u00eda). Tr\u00e1tase, por tanto, dun edificio bioclim\u00e1tico que disp\u00f3n das \u00faltimas tecnolox\u00edas en instalaci\u00f3ns para acadar esta sostibilidade ambiental.<\/p>\n\n\n\n<p>Na planta baixa (191 m2) disponse dunha sala de usos m\u00faltiples vinculada \u00e1 praza cuberta adxacente, almac\u00e9n e aseos; na pranta primeira (269 m2) hemeroteca, sala de ordenadores, recepci\u00f3n e zona de pr\u00e9stamo infantil e xuvenil; na segunda (272 m2) zona de pr\u00e9stamo para adultos e na terceira (235m2), zona de estudio que se comunica a dobre altura coa zona de pr\u00e9stamos do nivel inferior.<\/p>\n","protected":false},"excerpt":{"rendered":"<div class=\"mh-excerpt\"><p>O edificio da Estrada pola V\u00eda est\u00e1 xa amoblado tras investir o Concello 169.158 \u20ac \u20ac na s\u00faa dotaci\u00f3n. O mesmo d\u00eda 4 iniciarase o traslado dos 50.000 exemplares, traballo contratado a unha empresa de mudanzas <a class=\"mh-excerpt-more\" href=\"https:\/\/www.anovapeneira.gal\/index.php\/2022\/10\/05\/o-concello-de-nigran-pecha-o-martes-4-de-outubro-a-vella-biblioteca-para-iniciar-o-traslado-dos-libros-a-nova\/\" title=\"O Concello de Nigr\u00e1n pecha o martes 4 de outubro a vella biblioteca para iniciar o traslado dos libros \u00e1 nova\">[&#8230;]<\/a><\/p>\n<\/div>","protected":false},"author":3,"featured_media":8294,"comment_status":"open","ping_status":"open","sticky":false,"template":"","format":"standard","meta":{"_exactmetrics_skip_tracking":false,"_exactmetrics_sitenote_active":false,"_exactmetrics_sitenote_note":"","_exactmetrics_sitenote_category":0,"footnotes":""},"categories":[20],"tags":[135],"class_list":{"0":"post-8292","1":"post","2":"type-post","3":"status-publish","4":"format-standard","5":"has-post-thumbnail","7":"category-val-minor","8":"tag-concello-de-nigran"},"yoast_head":"<!-- This site is optimized with the Yoast SEO plugin v27.5 - https:\/\/yoast.com\/product\/yoast-seo-wordpress\/ -->\n<title>O Concello de Nigr\u00e1n pecha o martes 4 de outubro a vella biblioteca para iniciar o traslado dos libros \u00e1 nova -<\/title>\n<meta name=\"description\" content=\"O edificio da Estrada pola V\u00eda est\u00e1 xa amoblado tras investir o Concello 169.158 \u20ac \u20ac na s\u00faa dotaci\u00f3n. O mesmo d\u00eda 4 iniciarase o traslado dos 50.000 exemplares, traballo contratado a unha empresa de mudanzas\" \/>\n<meta name=\"robots\" content=\"index, follow, max-snippet:-1, max-image-preview:large, max-video-preview:-1\" \/>\n<link rel=\"canonical\" href=\"https:\/\/www.anovapeneira.gal\/index.php\/2022\/10\/05\/o-concello-de-nigran-pecha-o-martes-4-de-outubro-a-vella-biblioteca-para-iniciar-o-traslado-dos-libros-a-nova\/\" \/>\n<meta property=\"og:locale\" content=\"gl_ES\" \/>\n<meta property=\"og:type\" content=\"article\" \/>\n<meta property=\"og:title\" content=\"O Concello de Nigr\u00e1n pecha o martes 4 de outubro a vella biblioteca para iniciar o traslado dos libros \u00e1 nova -\" \/>\n<meta property=\"og:description\" content=\"O edificio da Estrada pola V\u00eda est\u00e1 xa amoblado tras investir o Concello 169.158 \u20ac \u20ac na s\u00faa dotaci\u00f3n. O mesmo d\u00eda 4 iniciarase o traslado dos 50.000 exemplares, traballo contratado a unha empresa de mudanzas\" \/>\n<meta property=\"og:url\" content=\"https:\/\/www.anovapeneira.gal\/index.php\/2022\/10\/05\/o-concello-de-nigran-pecha-o-martes-4-de-outubro-a-vella-biblioteca-para-iniciar-o-traslado-dos-libros-a-nova\/\" \/>\n<meta property=\"article:publisher\" content=\"https:\/\/www.facebook.com\/anovapeneira\" \/>\n<meta property=\"article:published_time\" content=\"2022-10-05T08:00:51+00:00\" \/>\n<meta property=\"og:image\" content=\"https:\/\/www.anovapeneira.gal\/wp-content\/uploads\/2022\/09\/HectorSantosDiez_NuevaBiblio_nigran.jpg\" \/>\n\t<meta property=\"og:image:width\" content=\"720\" \/>\n\t<meta property=\"og:image:height\" content=\"432\" \/>\n\t<meta property=\"og:image:type\" content=\"image\/jpeg\" \/>\n<meta name=\"author\" content=\"Redacci\u00f3n A Nova Peneira\" \/>\n<meta name=\"twitter:card\" content=\"summary_large_image\" \/>\n<meta name=\"twitter:creator\" content=\"@APeneira\" \/>\n<meta name=\"twitter:site\" content=\"@APeneira\" \/>\n<meta name=\"twitter:label1\" content=\"Escrito por\" \/>\n\t<meta name=\"twitter:data1\" content=\"Redacci\u00f3n A Nova Peneira\" \/>\n\t<meta name=\"twitter:label2\" content=\"Tempo de lectura\" \/>\n\t<meta name=\"twitter:data2\" content=\"5 minutos\" \/>\n<script type=\"application\/ld+json\" class=\"yoast-schema-graph\">{\"@context\":\"https:\\\/\\\/schema.org\",\"@graph\":[{\"@type\":\"Article\",\"@id\":\"https:\\\/\\\/www.anovapeneira.gal\\\/index.php\\\/2022\\\/10\\\/05\\\/o-concello-de-nigran-pecha-o-martes-4-de-outubro-a-vella-biblioteca-para-iniciar-o-traslado-dos-libros-a-nova\\\/#article\",\"isPartOf\":{\"@id\":\"https:\\\/\\\/www.anovapeneira.gal\\\/index.php\\\/2022\\\/10\\\/05\\\/o-concello-de-nigran-pecha-o-martes-4-de-outubro-a-vella-biblioteca-para-iniciar-o-traslado-dos-libros-a-nova\\\/\"},\"author\":{\"name\":\"Redacci\u00f3n A Nova Peneira\",\"@id\":\"https:\\\/\\\/www.anovapeneira.gal\\\/#\\\/schema\\\/person\\\/b93e3f8932e3f8da96334607eb6ac6aa\"},\"headline\":\"O Concello de Nigr\u00e1n pecha o martes 4 de outubro a vella biblioteca para iniciar o traslado dos libros \u00e1 nova\",\"datePublished\":\"2022-10-05T08:00:51+00:00\",\"mainEntityOfPage\":{\"@id\":\"https:\\\/\\\/www.anovapeneira.gal\\\/index.php\\\/2022\\\/10\\\/05\\\/o-concello-de-nigran-pecha-o-martes-4-de-outubro-a-vella-biblioteca-para-iniciar-o-traslado-dos-libros-a-nova\\\/\"},\"wordCount\":863,\"commentCount\":0,\"publisher\":{\"@id\":\"https:\\\/\\\/www.anovapeneira.gal\\\/#organization\"},\"image\":{\"@id\":\"https:\\\/\\\/www.anovapeneira.gal\\\/index.php\\\/2022\\\/10\\\/05\\\/o-concello-de-nigran-pecha-o-martes-4-de-outubro-a-vella-biblioteca-para-iniciar-o-traslado-dos-libros-a-nova\\\/#primaryimage\"},\"thumbnailUrl\":\"https:\\\/\\\/www.anovapeneira.gal\\\/wp-content\\\/uploads\\\/2022\\\/09\\\/HectorSantosDiez_NuevaBiblio_nigran.jpg\",\"keywords\":[\"Concello de Nigr\u00e1n\"],\"articleSection\":[\"Val Mi\u00f1or\"],\"inLanguage\":\"gl-ES\",\"potentialAction\":[{\"@type\":\"CommentAction\",\"name\":\"Comment\",\"target\":[\"https:\\\/\\\/www.anovapeneira.gal\\\/index.php\\\/2022\\\/10\\\/05\\\/o-concello-de-nigran-pecha-o-martes-4-de-outubro-a-vella-biblioteca-para-iniciar-o-traslado-dos-libros-a-nova\\\/#respond\"]}]},{\"@type\":\"WebPage\",\"@id\":\"https:\\\/\\\/www.anovapeneira.gal\\\/index.php\\\/2022\\\/10\\\/05\\\/o-concello-de-nigran-pecha-o-martes-4-de-outubro-a-vella-biblioteca-para-iniciar-o-traslado-dos-libros-a-nova\\\/\",\"url\":\"https:\\\/\\\/www.anovapeneira.gal\\\/index.php\\\/2022\\\/10\\\/05\\\/o-concello-de-nigran-pecha-o-martes-4-de-outubro-a-vella-biblioteca-para-iniciar-o-traslado-dos-libros-a-nova\\\/\",\"name\":\"O Concello de Nigr\u00e1n pecha o martes 4 de outubro a vella biblioteca para iniciar o traslado dos libros \u00e1 nova -\",\"isPartOf\":{\"@id\":\"https:\\\/\\\/www.anovapeneira.gal\\\/#website\"},\"primaryImageOfPage\":{\"@id\":\"https:\\\/\\\/www.anovapeneira.gal\\\/index.php\\\/2022\\\/10\\\/05\\\/o-concello-de-nigran-pecha-o-martes-4-de-outubro-a-vella-biblioteca-para-iniciar-o-traslado-dos-libros-a-nova\\\/#primaryimage\"},\"image\":{\"@id\":\"https:\\\/\\\/www.anovapeneira.gal\\\/index.php\\\/2022\\\/10\\\/05\\\/o-concello-de-nigran-pecha-o-martes-4-de-outubro-a-vella-biblioteca-para-iniciar-o-traslado-dos-libros-a-nova\\\/#primaryimage\"},\"thumbnailUrl\":\"https:\\\/\\\/www.anovapeneira.gal\\\/wp-content\\\/uploads\\\/2022\\\/09\\\/HectorSantosDiez_NuevaBiblio_nigran.jpg\",\"datePublished\":\"2022-10-05T08:00:51+00:00\",\"description\":\"O edificio da Estrada pola V\u00eda est\u00e1 xa amoblado tras investir o Concello 169.158 \u20ac \u20ac na s\u00faa dotaci\u00f3n. O mesmo d\u00eda 4 iniciarase o traslado dos 50.000 exemplares, traballo contratado a unha empresa de mudanzas\",\"breadcrumb\":{\"@id\":\"https:\\\/\\\/www.anovapeneira.gal\\\/index.php\\\/2022\\\/10\\\/05\\\/o-concello-de-nigran-pecha-o-martes-4-de-outubro-a-vella-biblioteca-para-iniciar-o-traslado-dos-libros-a-nova\\\/#breadcrumb\"},\"inLanguage\":\"gl-ES\",\"potentialAction\":[{\"@type\":\"ReadAction\",\"target\":[\"https:\\\/\\\/www.anovapeneira.gal\\\/index.php\\\/2022\\\/10\\\/05\\\/o-concello-de-nigran-pecha-o-martes-4-de-outubro-a-vella-biblioteca-para-iniciar-o-traslado-dos-libros-a-nova\\\/\"]}]},{\"@type\":\"ImageObject\",\"inLanguage\":\"gl-ES\",\"@id\":\"https:\\\/\\\/www.anovapeneira.gal\\\/index.php\\\/2022\\\/10\\\/05\\\/o-concello-de-nigran-pecha-o-martes-4-de-outubro-a-vella-biblioteca-para-iniciar-o-traslado-dos-libros-a-nova\\\/#primaryimage\",\"url\":\"https:\\\/\\\/www.anovapeneira.gal\\\/wp-content\\\/uploads\\\/2022\\\/09\\\/HectorSantosDiez_NuevaBiblio_nigran.jpg\",\"contentUrl\":\"https:\\\/\\\/www.anovapeneira.gal\\\/wp-content\\\/uploads\\\/2022\\\/09\\\/HectorSantosDiez_NuevaBiblio_nigran.jpg\",\"width\":720,\"height\":432,\"caption\":\"Biblioteca Nigr\u00e1n\"},{\"@type\":\"BreadcrumbList\",\"@id\":\"https:\\\/\\\/www.anovapeneira.gal\\\/index.php\\\/2022\\\/10\\\/05\\\/o-concello-de-nigran-pecha-o-martes-4-de-outubro-a-vella-biblioteca-para-iniciar-o-traslado-dos-libros-a-nova\\\/#breadcrumb\",\"itemListElement\":[{\"@type\":\"ListItem\",\"position\":1,\"name\":\"Portada\",\"item\":\"https:\\\/\\\/www.anovapeneira.gal\\\/\"},{\"@type\":\"ListItem\",\"position\":2,\"name\":\"O Concello de Nigr\u00e1n pecha o martes 4 de outubro a vella biblioteca para iniciar o traslado dos libros \u00e1 nova\"}]},{\"@type\":\"WebSite\",\"@id\":\"https:\\\/\\\/www.anovapeneira.gal\\\/#website\",\"url\":\"https:\\\/\\\/www.anovapeneira.gal\\\/\",\"name\":\"\",\"description\":\"Xornal galego de informaci\u00f3n xeral Publicaci\u00f3n mensual de novas de Galicia e en especial dos Concellos da sur da provincia de Pontevedra.\",\"publisher\":{\"@id\":\"https:\\\/\\\/www.anovapeneira.gal\\\/#organization\"},\"potentialAction\":[{\"@type\":\"SearchAction\",\"target\":{\"@type\":\"EntryPoint\",\"urlTemplate\":\"https:\\\/\\\/www.anovapeneira.gal\\\/?s={search_term_string}\"},\"query-input\":{\"@type\":\"PropertyValueSpecification\",\"valueRequired\":true,\"valueName\":\"search_term_string\"}}],\"inLanguage\":\"gl-ES\"},{\"@type\":\"Organization\",\"@id\":\"https:\\\/\\\/www.anovapeneira.gal\\\/#organization\",\"name\":\"A Nova Peneira\",\"url\":\"https:\\\/\\\/www.anovapeneira.gal\\\/\",\"logo\":{\"@type\":\"ImageObject\",\"inLanguage\":\"gl-ES\",\"@id\":\"https:\\\/\\\/www.anovapeneira.gal\\\/#\\\/schema\\\/logo\\\/image\\\/\",\"url\":\"http:\\\/\\\/www.anovapeneira.gal\\\/wp-content\\\/uploads\\\/2019\\\/06\\\/logo_a_nova_peneira_portal_web.png\",\"contentUrl\":\"http:\\\/\\\/www.anovapeneira.gal\\\/wp-content\\\/uploads\\\/2019\\\/06\\\/logo_a_nova_peneira_portal_web.png\",\"width\":300,\"height\":100,\"caption\":\"A Nova Peneira\"},\"image\":{\"@id\":\"https:\\\/\\\/www.anovapeneira.gal\\\/#\\\/schema\\\/logo\\\/image\\\/\"},\"sameAs\":[\"https:\\\/\\\/www.facebook.com\\\/anovapeneira\",\"https:\\\/\\\/x.com\\\/APeneira\"]},{\"@type\":\"Person\",\"@id\":\"https:\\\/\\\/www.anovapeneira.gal\\\/#\\\/schema\\\/person\\\/b93e3f8932e3f8da96334607eb6ac6aa\",\"name\":\"Redacci\u00f3n A Nova Peneira\",\"image\":{\"@type\":\"ImageObject\",\"inLanguage\":\"gl-ES\",\"@id\":\"https:\\\/\\\/secure.gravatar.com\\\/avatar\\\/c052a2551a06e23fac63626232eaa90abd78dbcf1700fc46a2b2c89fd27b735f?s=96&d=mm&r=g\",\"url\":\"https:\\\/\\\/secure.gravatar.com\\\/avatar\\\/c052a2551a06e23fac63626232eaa90abd78dbcf1700fc46a2b2c89fd27b735f?s=96&d=mm&r=g\",\"contentUrl\":\"https:\\\/\\\/secure.gravatar.com\\\/avatar\\\/c052a2551a06e23fac63626232eaa90abd78dbcf1700fc46a2b2c89fd27b735f?s=96&d=mm&r=g\",\"caption\":\"Redacci\u00f3n A Nova Peneira\"},\"sameAs\":[\"http:\\\/\\\/www.anovapeneira.gal\\\/\"],\"url\":\"https:\\\/\\\/www.anovapeneira.gal\\\/index.php\\\/author\\\/redactor\\\/\"}]}<\/script>\n<!-- \/ Yoast SEO plugin. -->","yoast_head_json":{"title":"O Concello de Nigr\u00e1n pecha o martes 4 de outubro a vella biblioteca para iniciar o traslado dos libros \u00e1 nova -","description":"O edificio da Estrada pola V\u00eda est\u00e1 xa amoblado tras investir o Concello 169.158 \u20ac \u20ac na s\u00faa dotaci\u00f3n. O mesmo d\u00eda 4 iniciarase o traslado dos 50.000 exemplares, traballo contratado a unha empresa de mudanzas","robots":{"index":"index","follow":"follow","max-snippet":"max-snippet:-1","max-image-preview":"max-image-preview:large","max-video-preview":"max-video-preview:-1"},"canonical":"https:\/\/www.anovapeneira.gal\/index.php\/2022\/10\/05\/o-concello-de-nigran-pecha-o-martes-4-de-outubro-a-vella-biblioteca-para-iniciar-o-traslado-dos-libros-a-nova\/","og_locale":"gl_ES","og_type":"article","og_title":"O Concello de Nigr\u00e1n pecha o martes 4 de outubro a vella biblioteca para iniciar o traslado dos libros \u00e1 nova -","og_description":"O edificio da Estrada pola V\u00eda est\u00e1 xa amoblado tras investir o Concello 169.158 \u20ac \u20ac na s\u00faa dotaci\u00f3n. O mesmo d\u00eda 4 iniciarase o traslado dos 50.000 exemplares, traballo contratado a unha empresa de mudanzas","og_url":"https:\/\/www.anovapeneira.gal\/index.php\/2022\/10\/05\/o-concello-de-nigran-pecha-o-martes-4-de-outubro-a-vella-biblioteca-para-iniciar-o-traslado-dos-libros-a-nova\/","article_publisher":"https:\/\/www.facebook.com\/anovapeneira","article_published_time":"2022-10-05T08:00:51+00:00","og_image":[{"width":720,"height":432,"url":"https:\/\/www.anovapeneira.gal\/wp-content\/uploads\/2022\/09\/HectorSantosDiez_NuevaBiblio_nigran.jpg","type":"image\/jpeg"}],"author":"Redacci\u00f3n A Nova Peneira","twitter_card":"summary_large_image","twitter_creator":"@APeneira","twitter_site":"@APeneira","twitter_misc":{"Escrito por":"Redacci\u00f3n A Nova Peneira","Tempo de lectura":"5 minutos"},"schema":{"@context":"https:\/\/schema.org","@graph":[{"@type":"Article","@id":"https:\/\/www.anovapeneira.gal\/index.php\/2022\/10\/05\/o-concello-de-nigran-pecha-o-martes-4-de-outubro-a-vella-biblioteca-para-iniciar-o-traslado-dos-libros-a-nova\/#article","isPartOf":{"@id":"https:\/\/www.anovapeneira.gal\/index.php\/2022\/10\/05\/o-concello-de-nigran-pecha-o-martes-4-de-outubro-a-vella-biblioteca-para-iniciar-o-traslado-dos-libros-a-nova\/"},"author":{"name":"Redacci\u00f3n A Nova Peneira","@id":"https:\/\/www.anovapeneira.gal\/#\/schema\/person\/b93e3f8932e3f8da96334607eb6ac6aa"},"headline":"O Concello de Nigr\u00e1n pecha o martes 4 de outubro a vella biblioteca para iniciar o traslado dos libros \u00e1 nova","datePublished":"2022-10-05T08:00:51+00:00","mainEntityOfPage":{"@id":"https:\/\/www.anovapeneira.gal\/index.php\/2022\/10\/05\/o-concello-de-nigran-pecha-o-martes-4-de-outubro-a-vella-biblioteca-para-iniciar-o-traslado-dos-libros-a-nova\/"},"wordCount":863,"commentCount":0,"publisher":{"@id":"https:\/\/www.anovapeneira.gal\/#organization"},"image":{"@id":"https:\/\/www.anovapeneira.gal\/index.php\/2022\/10\/05\/o-concello-de-nigran-pecha-o-martes-4-de-outubro-a-vella-biblioteca-para-iniciar-o-traslado-dos-libros-a-nova\/#primaryimage"},"thumbnailUrl":"https:\/\/www.anovapeneira.gal\/wp-content\/uploads\/2022\/09\/HectorSantosDiez_NuevaBiblio_nigran.jpg","keywords":["Concello de Nigr\u00e1n"],"articleSection":["Val Mi\u00f1or"],"inLanguage":"gl-ES","potentialAction":[{"@type":"CommentAction","name":"Comment","target":["https:\/\/www.anovapeneira.gal\/index.php\/2022\/10\/05\/o-concello-de-nigran-pecha-o-martes-4-de-outubro-a-vella-biblioteca-para-iniciar-o-traslado-dos-libros-a-nova\/#respond"]}]},{"@type":"WebPage","@id":"https:\/\/www.anovapeneira.gal\/index.php\/2022\/10\/05\/o-concello-de-nigran-pecha-o-martes-4-de-outubro-a-vella-biblioteca-para-iniciar-o-traslado-dos-libros-a-nova\/","url":"https:\/\/www.anovapeneira.gal\/index.php\/2022\/10\/05\/o-concello-de-nigran-pecha-o-martes-4-de-outubro-a-vella-biblioteca-para-iniciar-o-traslado-dos-libros-a-nova\/","name":"O Concello de Nigr\u00e1n pecha o martes 4 de outubro a vella biblioteca para iniciar o traslado dos libros \u00e1 nova -","isPartOf":{"@id":"https:\/\/www.anovapeneira.gal\/#website"},"primaryImageOfPage":{"@id":"https:\/\/www.anovapeneira.gal\/index.php\/2022\/10\/05\/o-concello-de-nigran-pecha-o-martes-4-de-outubro-a-vella-biblioteca-para-iniciar-o-traslado-dos-libros-a-nova\/#primaryimage"},"image":{"@id":"https:\/\/www.anovapeneira.gal\/index.php\/2022\/10\/05\/o-concello-de-nigran-pecha-o-martes-4-de-outubro-a-vella-biblioteca-para-iniciar-o-traslado-dos-libros-a-nova\/#primaryimage"},"thumbnailUrl":"https:\/\/www.anovapeneira.gal\/wp-content\/uploads\/2022\/09\/HectorSantosDiez_NuevaBiblio_nigran.jpg","datePublished":"2022-10-05T08:00:51+00:00","description":"O edificio da Estrada pola V\u00eda est\u00e1 xa amoblado tras investir o Concello 169.158 \u20ac \u20ac na s\u00faa dotaci\u00f3n. O mesmo d\u00eda 4 iniciarase o traslado dos 50.000 exemplares, traballo contratado a unha empresa de mudanzas","breadcrumb":{"@id":"https:\/\/www.anovapeneira.gal\/index.php\/2022\/10\/05\/o-concello-de-nigran-pecha-o-martes-4-de-outubro-a-vella-biblioteca-para-iniciar-o-traslado-dos-libros-a-nova\/#breadcrumb"},"inLanguage":"gl-ES","potentialAction":[{"@type":"ReadAction","target":["https:\/\/www.anovapeneira.gal\/index.php\/2022\/10\/05\/o-concello-de-nigran-pecha-o-martes-4-de-outubro-a-vella-biblioteca-para-iniciar-o-traslado-dos-libros-a-nova\/"]}]},{"@type":"ImageObject","inLanguage":"gl-ES","@id":"https:\/\/www.anovapeneira.gal\/index.php\/2022\/10\/05\/o-concello-de-nigran-pecha-o-martes-4-de-outubro-a-vella-biblioteca-para-iniciar-o-traslado-dos-libros-a-nova\/#primaryimage","url":"https:\/\/www.anovapeneira.gal\/wp-content\/uploads\/2022\/09\/HectorSantosDiez_NuevaBiblio_nigran.jpg","contentUrl":"https:\/\/www.anovapeneira.gal\/wp-content\/uploads\/2022\/09\/HectorSantosDiez_NuevaBiblio_nigran.jpg","width":720,"height":432,"caption":"Biblioteca Nigr\u00e1n"},{"@type":"BreadcrumbList","@id":"https:\/\/www.anovapeneira.gal\/index.php\/2022\/10\/05\/o-concello-de-nigran-pecha-o-martes-4-de-outubro-a-vella-biblioteca-para-iniciar-o-traslado-dos-libros-a-nova\/#breadcrumb","itemListElement":[{"@type":"ListItem","position":1,"name":"Portada","item":"https:\/\/www.anovapeneira.gal\/"},{"@type":"ListItem","position":2,"name":"O Concello de Nigr\u00e1n pecha o martes 4 de outubro a vella biblioteca para iniciar o traslado dos libros \u00e1 nova"}]},{"@type":"WebSite","@id":"https:\/\/www.anovapeneira.gal\/#website","url":"https:\/\/www.anovapeneira.gal\/","name":"","description":"Xornal galego de informaci\u00f3n xeral Publicaci\u00f3n mensual de novas de Galicia e en especial dos Concellos da sur da provincia de Pontevedra.","publisher":{"@id":"https:\/\/www.anovapeneira.gal\/#organization"},"potentialAction":[{"@type":"SearchAction","target":{"@type":"EntryPoint","urlTemplate":"https:\/\/www.anovapeneira.gal\/?s={search_term_string}"},"query-input":{"@type":"PropertyValueSpecification","valueRequired":true,"valueName":"search_term_string"}}],"inLanguage":"gl-ES"},{"@type":"Organization","@id":"https:\/\/www.anovapeneira.gal\/#organization","name":"A Nova Peneira","url":"https:\/\/www.anovapeneira.gal\/","logo":{"@type":"ImageObject","inLanguage":"gl-ES","@id":"https:\/\/www.anovapeneira.gal\/#\/schema\/logo\/image\/","url":"http:\/\/www.anovapeneira.gal\/wp-content\/uploads\/2019\/06\/logo_a_nova_peneira_portal_web.png","contentUrl":"http:\/\/www.anovapeneira.gal\/wp-content\/uploads\/2019\/06\/logo_a_nova_peneira_portal_web.png","width":300,"height":100,"caption":"A Nova Peneira"},"image":{"@id":"https:\/\/www.anovapeneira.gal\/#\/schema\/logo\/image\/"},"sameAs":["https:\/\/www.facebook.com\/anovapeneira","https:\/\/x.com\/APeneira"]},{"@type":"Person","@id":"https:\/\/www.anovapeneira.gal\/#\/schema\/person\/b93e3f8932e3f8da96334607eb6ac6aa","name":"Redacci\u00f3n A Nova Peneira","image":{"@type":"ImageObject","inLanguage":"gl-ES","@id":"https:\/\/secure.gravatar.com\/avatar\/c052a2551a06e23fac63626232eaa90abd78dbcf1700fc46a2b2c89fd27b735f?s=96&d=mm&r=g","url":"https:\/\/secure.gravatar.com\/avatar\/c052a2551a06e23fac63626232eaa90abd78dbcf1700fc46a2b2c89fd27b735f?s=96&d=mm&r=g","contentUrl":"https:\/\/secure.gravatar.com\/avatar\/c052a2551a06e23fac63626232eaa90abd78dbcf1700fc46a2b2c89fd27b735f?s=96&d=mm&r=g","caption":"Redacci\u00f3n A Nova Peneira"},"sameAs":["http:\/\/www.anovapeneira.gal\/"],"url":"https:\/\/www.anovapeneira.gal\/index.php\/author\/redactor\/"}]}},"jetpack_featured_media_url":"https:\/\/www.anovapeneira.gal\/wp-content\/uploads\/2022\/09\/HectorSantosDiez_NuevaBiblio_nigran.jpg","_links":{"self":[{"href":"https:\/\/www.anovapeneira.gal\/index.php\/wp-json\/wp\/v2\/posts\/8292","targetHints":{"allow":["GET"]}}],"collection":[{"href":"https:\/\/www.anovapeneira.gal\/index.php\/wp-json\/wp\/v2\/posts"}],"about":[{"href":"https:\/\/www.anovapeneira.gal\/index.php\/wp-json\/wp\/v2\/types\/post"}],"author":[{"embeddable":true,"href":"https:\/\/www.anovapeneira.gal\/index.php\/wp-json\/wp\/v2\/users\/3"}],"replies":[{"embeddable":true,"href":"https:\/\/www.anovapeneira.gal\/index.php\/wp-json\/wp\/v2\/comments?post=8292"}],"version-history":[{"count":1,"href":"https:\/\/www.anovapeneira.gal\/index.php\/wp-json\/wp\/v2\/posts\/8292\/revisions"}],"predecessor-version":[{"id":8293,"href":"https:\/\/www.anovapeneira.gal\/index.php\/wp-json\/wp\/v2\/posts\/8292\/revisions\/8293"}],"wp:featuredmedia":[{"embeddable":true,"href":"https:\/\/www.anovapeneira.gal\/index.php\/wp-json\/wp\/v2\/media\/8294"}],"wp:attachment":[{"href":"https:\/\/www.anovapeneira.gal\/index.php\/wp-json\/wp\/v2\/media?parent=8292"}],"wp:term":[{"taxonomy":"category","embeddable":true,"href":"https:\/\/www.anovapeneira.gal\/index.php\/wp-json\/wp\/v2\/categories?post=8292"},{"taxonomy":"post_tag","embeddable":true,"href":"https:\/\/www.anovapeneira.gal\/index.php\/wp-json\/wp\/v2\/tags?post=8292"}],"curies":[{"name":"wp","href":"https:\/\/api.w.org\/{rel}","templated":true}]}}