{"id":8295,"date":"2022-10-05T12:00:22","date_gmt":"2022-10-05T10:00:22","guid":{"rendered":"https:\/\/www.anovapeneira.gal\/?p=8295"},"modified":"2022-09-30T14:24:44","modified_gmt":"2022-09-30T12:24:44","slug":"alternativa-por-mondariz-lamenta-que-o-concello-de-mondariz-deixe-de-apoiar-a-celebracion-de-outono-en-son-despois-de-cinco-edicions-consecutivas-en-mondariz-este-ano-trasladase-a-ponteareas-por-falt","status":"publish","type":"post","link":"https:\/\/www.anovapeneira.gal\/index.php\/2022\/10\/05\/alternativa-por-mondariz-lamenta-que-o-concello-de-mondariz-deixe-de-apoiar-a-celebracion-de-outono-en-son-despois-de-cinco-edicions-consecutivas-en-mondariz-este-ano-trasladase-a-ponteareas-por-falt\/","title":{"rendered":"Alternativa por Mondariz lamenta que o concello de Mondariz deixe de apoiar a celebraci\u00f3n de Outono en Son Despois de cinco edici\u00f3ns consecutivas en Mondariz, este ano trasl\u00e1dase a Ponteareas por falta de apoio do goberno local"},"content":{"rendered":"\n<p>AporM lamenta que o goberno do Concello de Mondariz decidise deixar de colaborar co coro Mistura Vocal financiando o VI Ciclo Coral Outono en Son, que levaba 5 edici\u00f3ns celebr\u00e1ndose de forma ininterrompida na nosa vila co apoio do concello. Por esta raz\u00f3n Mistura Vocal decidiu trasladar a edici\u00f3n deste ano, por vez primeira, f\u00f3ra de Mondariz, e ter\u00e1 lugar o vindeiro 1 de outubro no convento de Canedo, en Ponteareas.<\/p>\n\n\n\n<p>Outono en Son convert\u00e9rase nunha celebraci\u00f3n coral de referencia na bisbarra do Condado e A Paradanta, como proba a masiva asistencia de p\u00fablico de toda a \u00e1rea metropolitana de Vigo, non s\u00f3 conformado polos familiares dos coristas, como aseguran desde o goberno local.<\/p>\n\n\n\n<p>En canto aos fondos empregados para financiar Outono en Son, estes non son fondos propios, sen\u00f3n que ata agora o Concello de Mondariz procuraba os fondos na Deputaci\u00f3n de Pontevedra a trav\u00e9s do Plan Concellos. Este medio foi o utilizado este ano polo goberno local para conseguir os 12.100 \u20ac que custou o grupo Am\u00e9rica e os 5.445 \u20ac do escenario do grupo Dakidarr\u00eda, d\u00faas actuaci\u00f3ns que tiveron lugar este ver\u00e1n na localidade. Seguindo a l\u00f3xica do goberno local, Xo\u00e1n C. Montes Bugar\u00edn rec\u00f3rdalle ao alcalde que ning\u00fan destes grupos son do municipio, ao igual que Mistura Vocal, coa diferencia de que este \u00faltimo si ten veci\u00f1os de Mondariz entre os seus compo\u00f1entes.<\/p>\n\n\n\n<p>Calis recorda que tampouco \u00e9 certo que eses 4.000 \u20ac que o Concello deixa de destinar a Outono en Son vaian a repercutir en asociaci\u00f3ns da vila, polo tanto queda en evidencia que se trata dunha decisi\u00f3n exclusivamente pol\u00edtica: o alcalde decidiu non financialo e non repetir este evento en Mondariz, argumentando ante os organizadores que &#8220;a luz vai cara&#8221; ou que prefiren &#8220;apoiar economicamente actividades de dinamizaci\u00f3n sociocultural organizadas por asociaci\u00f3ns e colectivos da localidade&#8221;. A pesar de todo convidamos \u00e1 veci\u00f1anza desprazarse ate ao Convento de Franciscanos de Canedo, no concello veci\u00f1o de Ponteareas, onde seguro que os coros Mistura Vocal e Solo Voces non defraudar\u00e1n ao p\u00fablico asistente, en particular ao da vila de Mondariz.<\/p>\n\n\n\n<p>AporM comprom\u00e9tese publicamente a recuperar este certame coral para Mondariz na s\u00faa edici\u00f3n de 2023 se as veci\u00f1as e os veci\u00f1os decidan po\u00f1elos \u00e1 fronte da alcald\u00eda o pr\u00f3ximo mes de maio.<\/p>\n","protected":false},"excerpt":{"rendered":"<div class=\"mh-excerpt\"><p>AporM lamenta que o goberno do Concello de Mondariz decidise deixar de colaborar co coro Mistura Vocal financiando o VI Ciclo Coral Outono en Son, que levaba 5 edici\u00f3ns celebr\u00e1ndose de forma ininterrompida na nosa vila co apoio do concello <a class=\"mh-excerpt-more\" href=\"https:\/\/www.anovapeneira.gal\/index.php\/2022\/10\/05\/alternativa-por-mondariz-lamenta-que-o-concello-de-mondariz-deixe-de-apoiar-a-celebracion-de-outono-en-son-despois-de-cinco-edicions-consecutivas-en-mondariz-este-ano-trasladase-a-ponteareas-por-falt\/\" title=\"Alternativa por Mondariz lamenta que o concello de Mondariz deixe de apoiar a celebraci\u00f3n de Outono en Son Despois de cinco edici\u00f3ns consecutivas en Mondariz, este ano trasl\u00e1dase a Ponteareas por falta de apoio do goberno local\">[&#8230;]<\/a><\/p>\n<\/div>","protected":false},"author":3,"featured_media":8297,"comment_status":"open","ping_status":"open","sticky":false,"template":"","format":"standard","meta":{"_exactmetrics_skip_tracking":false,"_exactmetrics_sitenote_active":false,"_exactmetrics_sitenote_note":"","_exactmetrics_sitenote_category":0,"footnotes":""},"categories":[25],"tags":[405],"class_list":{"0":"post-8295","1":"post","2":"type-post","3":"status-publish","4":"format-standard","5":"has-post-thumbnail","7":"category-condado","8":"tag-concello-de-mondariz"},"yoast_head":"<!-- This site is optimized with the Yoast SEO plugin v27.4 - https:\/\/yoast.com\/product\/yoast-seo-wordpress\/ -->\n<title>Alternativa por Mondariz lamenta que o concello de Mondariz deixe de apoiar a celebraci\u00f3n de Outono en Son Despois de cinco edici\u00f3ns consecutivas en Mondariz, este ano trasl\u00e1dase a Ponteareas por falta de apoio do goberno local -<\/title>\n<meta name=\"description\" content=\"AporM lamenta que o goberno do Concello de Mondariz decidise deixar de colaborar co coro Mistura Vocal financiando o VI Ciclo Coral Outono en Son, que levaba 5 edici\u00f3ns celebr\u00e1ndose de forma ininterrompida na nosa vila co apoio do concello\" \/>\n<meta name=\"robots\" content=\"index, follow, max-snippet:-1, max-image-preview:large, max-video-preview:-1\" \/>\n<link rel=\"canonical\" href=\"https:\/\/www.anovapeneira.gal\/index.php\/2022\/10\/05\/alternativa-por-mondariz-lamenta-que-o-concello-de-mondariz-deixe-de-apoiar-a-celebracion-de-outono-en-son-despois-de-cinco-edicions-consecutivas-en-mondariz-este-ano-trasladase-a-ponteareas-por-falt\/\" \/>\n<meta property=\"og:locale\" content=\"gl_ES\" \/>\n<meta property=\"og:type\" content=\"article\" \/>\n<meta property=\"og:title\" content=\"Alternativa por Mondariz lamenta que o concello de Mondariz deixe de apoiar a celebraci\u00f3n de Outono en Son Despois de cinco edici\u00f3ns consecutivas en Mondariz, este ano trasl\u00e1dase a Ponteareas por falta de apoio do goberno local -\" \/>\n<meta property=\"og:description\" content=\"AporM lamenta que o goberno do Concello de Mondariz decidise deixar de colaborar co coro Mistura Vocal financiando o VI Ciclo Coral Outono en Son, que levaba 5 edici\u00f3ns celebr\u00e1ndose de forma ininterrompida na nosa vila co apoio do concello\" \/>\n<meta property=\"og:url\" content=\"https:\/\/www.anovapeneira.gal\/index.php\/2022\/10\/05\/alternativa-por-mondariz-lamenta-que-o-concello-de-mondariz-deixe-de-apoiar-a-celebracion-de-outono-en-son-despois-de-cinco-edicions-consecutivas-en-mondariz-este-ano-trasladase-a-ponteareas-por-falt\/\" \/>\n<meta property=\"article:publisher\" content=\"https:\/\/www.facebook.com\/anovapeneira\" \/>\n<meta property=\"article:published_time\" content=\"2022-10-05T10:00:22+00:00\" \/>\n<meta property=\"og:image\" content=\"https:\/\/www.anovapeneira.gal\/wp-content\/uploads\/2022\/09\/mondarioz_son_Despois.jpg\" \/>\n\t<meta property=\"og:image:width\" content=\"720\" \/>\n\t<meta property=\"og:image:height\" content=\"432\" \/>\n\t<meta property=\"og:image:type\" content=\"image\/jpeg\" \/>\n<meta name=\"author\" content=\"Redacci\u00f3n A Nova Peneira\" \/>\n<meta name=\"twitter:card\" content=\"summary_large_image\" \/>\n<meta name=\"twitter:creator\" content=\"@APeneira\" \/>\n<meta name=\"twitter:site\" content=\"@APeneira\" \/>\n<meta name=\"twitter:label1\" content=\"Escrito por\" \/>\n\t<meta name=\"twitter:data1\" content=\"Redacci\u00f3n A Nova Peneira\" \/>\n\t<meta name=\"twitter:label2\" content=\"Tempo de lectura\" \/>\n\t<meta name=\"twitter:data2\" content=\"3 minutos\" \/>\n<script type=\"application\/ld+json\" class=\"yoast-schema-graph\">{\"@context\":\"https:\\\/\\\/schema.org\",\"@graph\":[{\"@type\":\"Article\",\"@id\":\"https:\\\/\\\/www.anovapeneira.gal\\\/index.php\\\/2022\\\/10\\\/05\\\/alternativa-por-mondariz-lamenta-que-o-concello-de-mondariz-deixe-de-apoiar-a-celebracion-de-outono-en-son-despois-de-cinco-edicions-consecutivas-en-mondariz-este-ano-trasladase-a-ponteareas-por-falt\\\/#article\",\"isPartOf\":{\"@id\":\"https:\\\/\\\/www.anovapeneira.gal\\\/index.php\\\/2022\\\/10\\\/05\\\/alternativa-por-mondariz-lamenta-que-o-concello-de-mondariz-deixe-de-apoiar-a-celebracion-de-outono-en-son-despois-de-cinco-edicions-consecutivas-en-mondariz-este-ano-trasladase-a-ponteareas-por-falt\\\/\"},\"author\":{\"name\":\"Redacci\u00f3n A Nova Peneira\",\"@id\":\"https:\\\/\\\/www.anovapeneira.gal\\\/#\\\/schema\\\/person\\\/b93e3f8932e3f8da96334607eb6ac6aa\"},\"headline\":\"Alternativa por Mondariz lamenta que o concello de Mondariz deixe de apoiar a celebraci\u00f3n de Outono en Son Despois de cinco edici\u00f3ns consecutivas en Mondariz, este ano trasl\u00e1dase a Ponteareas por falta de apoio do goberno local\",\"datePublished\":\"2022-10-05T10:00:22+00:00\",\"mainEntityOfPage\":{\"@id\":\"https:\\\/\\\/www.anovapeneira.gal\\\/index.php\\\/2022\\\/10\\\/05\\\/alternativa-por-mondariz-lamenta-que-o-concello-de-mondariz-deixe-de-apoiar-a-celebracion-de-outono-en-son-despois-de-cinco-edicions-consecutivas-en-mondariz-este-ano-trasladase-a-ponteareas-por-falt\\\/\"},\"wordCount\":445,\"commentCount\":0,\"publisher\":{\"@id\":\"https:\\\/\\\/www.anovapeneira.gal\\\/#organization\"},\"image\":{\"@id\":\"https:\\\/\\\/www.anovapeneira.gal\\\/index.php\\\/2022\\\/10\\\/05\\\/alternativa-por-mondariz-lamenta-que-o-concello-de-mondariz-deixe-de-apoiar-a-celebracion-de-outono-en-son-despois-de-cinco-edicions-consecutivas-en-mondariz-este-ano-trasladase-a-ponteareas-por-falt\\\/#primaryimage\"},\"thumbnailUrl\":\"https:\\\/\\\/www.anovapeneira.gal\\\/wp-content\\\/uploads\\\/2022\\\/09\\\/mondarioz_son_Despois.jpg\",\"keywords\":[\"Concello de Mondariz\"],\"articleSection\":[\"Condado\"],\"inLanguage\":\"gl-ES\",\"potentialAction\":[{\"@type\":\"CommentAction\",\"name\":\"Comment\",\"target\":[\"https:\\\/\\\/www.anovapeneira.gal\\\/index.php\\\/2022\\\/10\\\/05\\\/alternativa-por-mondariz-lamenta-que-o-concello-de-mondariz-deixe-de-apoiar-a-celebracion-de-outono-en-son-despois-de-cinco-edicions-consecutivas-en-mondariz-este-ano-trasladase-a-ponteareas-por-falt\\\/#respond\"]}]},{\"@type\":\"WebPage\",\"@id\":\"https:\\\/\\\/www.anovapeneira.gal\\\/index.php\\\/2022\\\/10\\\/05\\\/alternativa-por-mondariz-lamenta-que-o-concello-de-mondariz-deixe-de-apoiar-a-celebracion-de-outono-en-son-despois-de-cinco-edicions-consecutivas-en-mondariz-este-ano-trasladase-a-ponteareas-por-falt\\\/\",\"url\":\"https:\\\/\\\/www.anovapeneira.gal\\\/index.php\\\/2022\\\/10\\\/05\\\/alternativa-por-mondariz-lamenta-que-o-concello-de-mondariz-deixe-de-apoiar-a-celebracion-de-outono-en-son-despois-de-cinco-edicions-consecutivas-en-mondariz-este-ano-trasladase-a-ponteareas-por-falt\\\/\",\"name\":\"Alternativa por Mondariz lamenta que o concello de Mondariz deixe de apoiar a celebraci\u00f3n de Outono en Son Despois de cinco edici\u00f3ns consecutivas en Mondariz, este ano trasl\u00e1dase a Ponteareas por falta de apoio do goberno local -\",\"isPartOf\":{\"@id\":\"https:\\\/\\\/www.anovapeneira.gal\\\/#website\"},\"primaryImageOfPage\":{\"@id\":\"https:\\\/\\\/www.anovapeneira.gal\\\/index.php\\\/2022\\\/10\\\/05\\\/alternativa-por-mondariz-lamenta-que-o-concello-de-mondariz-deixe-de-apoiar-a-celebracion-de-outono-en-son-despois-de-cinco-edicions-consecutivas-en-mondariz-este-ano-trasladase-a-ponteareas-por-falt\\\/#primaryimage\"},\"image\":{\"@id\":\"https:\\\/\\\/www.anovapeneira.gal\\\/index.php\\\/2022\\\/10\\\/05\\\/alternativa-por-mondariz-lamenta-que-o-concello-de-mondariz-deixe-de-apoiar-a-celebracion-de-outono-en-son-despois-de-cinco-edicions-consecutivas-en-mondariz-este-ano-trasladase-a-ponteareas-por-falt\\\/#primaryimage\"},\"thumbnailUrl\":\"https:\\\/\\\/www.anovapeneira.gal\\\/wp-content\\\/uploads\\\/2022\\\/09\\\/mondarioz_son_Despois.jpg\",\"datePublished\":\"2022-10-05T10:00:22+00:00\",\"description\":\"AporM lamenta que o goberno do Concello de Mondariz decidise deixar de colaborar co coro Mistura Vocal financiando o VI Ciclo Coral Outono en Son, que levaba 5 edici\u00f3ns celebr\u00e1ndose de forma ininterrompida na nosa vila co apoio do concello\",\"breadcrumb\":{\"@id\":\"https:\\\/\\\/www.anovapeneira.gal\\\/index.php\\\/2022\\\/10\\\/05\\\/alternativa-por-mondariz-lamenta-que-o-concello-de-mondariz-deixe-de-apoiar-a-celebracion-de-outono-en-son-despois-de-cinco-edicions-consecutivas-en-mondariz-este-ano-trasladase-a-ponteareas-por-falt\\\/#breadcrumb\"},\"inLanguage\":\"gl-ES\",\"potentialAction\":[{\"@type\":\"ReadAction\",\"target\":[\"https:\\\/\\\/www.anovapeneira.gal\\\/index.php\\\/2022\\\/10\\\/05\\\/alternativa-por-mondariz-lamenta-que-o-concello-de-mondariz-deixe-de-apoiar-a-celebracion-de-outono-en-son-despois-de-cinco-edicions-consecutivas-en-mondariz-este-ano-trasladase-a-ponteareas-por-falt\\\/\"]}]},{\"@type\":\"ImageObject\",\"inLanguage\":\"gl-ES\",\"@id\":\"https:\\\/\\\/www.anovapeneira.gal\\\/index.php\\\/2022\\\/10\\\/05\\\/alternativa-por-mondariz-lamenta-que-o-concello-de-mondariz-deixe-de-apoiar-a-celebracion-de-outono-en-son-despois-de-cinco-edicions-consecutivas-en-mondariz-este-ano-trasladase-a-ponteareas-por-falt\\\/#primaryimage\",\"url\":\"https:\\\/\\\/www.anovapeneira.gal\\\/wp-content\\\/uploads\\\/2022\\\/09\\\/mondarioz_son_Despois.jpg\",\"contentUrl\":\"https:\\\/\\\/www.anovapeneira.gal\\\/wp-content\\\/uploads\\\/2022\\\/09\\\/mondarioz_son_Despois.jpg\",\"width\":720,\"height\":432,\"caption\":\"celebraci\u00f3n de Outono en Son Despois\"},{\"@type\":\"BreadcrumbList\",\"@id\":\"https:\\\/\\\/www.anovapeneira.gal\\\/index.php\\\/2022\\\/10\\\/05\\\/alternativa-por-mondariz-lamenta-que-o-concello-de-mondariz-deixe-de-apoiar-a-celebracion-de-outono-en-son-despois-de-cinco-edicions-consecutivas-en-mondariz-este-ano-trasladase-a-ponteareas-por-falt\\\/#breadcrumb\",\"itemListElement\":[{\"@type\":\"ListItem\",\"position\":1,\"name\":\"Portada\",\"item\":\"https:\\\/\\\/www.anovapeneira.gal\\\/\"},{\"@type\":\"ListItem\",\"position\":2,\"name\":\"Alternativa por Mondariz lamenta que o concello de Mondariz deixe de apoiar a celebraci\u00f3n de Outono en Son Despois de cinco edici\u00f3ns consecutivas en Mondariz, este ano trasl\u00e1dase a Ponteareas por falta de apoio do goberno local\"}]},{\"@type\":\"WebSite\",\"@id\":\"https:\\\/\\\/www.anovapeneira.gal\\\/#website\",\"url\":\"https:\\\/\\\/www.anovapeneira.gal\\\/\",\"name\":\"\",\"description\":\"Xornal galego de informaci\u00f3n xeral Publicaci\u00f3n mensual de novas de Galicia e en especial dos Concellos da sur da provincia de Pontevedra.\",\"publisher\":{\"@id\":\"https:\\\/\\\/www.anovapeneira.gal\\\/#organization\"},\"potentialAction\":[{\"@type\":\"SearchAction\",\"target\":{\"@type\":\"EntryPoint\",\"urlTemplate\":\"https:\\\/\\\/www.anovapeneira.gal\\\/?s={search_term_string}\"},\"query-input\":{\"@type\":\"PropertyValueSpecification\",\"valueRequired\":true,\"valueName\":\"search_term_string\"}}],\"inLanguage\":\"gl-ES\"},{\"@type\":\"Organization\",\"@id\":\"https:\\\/\\\/www.anovapeneira.gal\\\/#organization\",\"name\":\"A Nova Peneira\",\"url\":\"https:\\\/\\\/www.anovapeneira.gal\\\/\",\"logo\":{\"@type\":\"ImageObject\",\"inLanguage\":\"gl-ES\",\"@id\":\"https:\\\/\\\/www.anovapeneira.gal\\\/#\\\/schema\\\/logo\\\/image\\\/\",\"url\":\"http:\\\/\\\/www.anovapeneira.gal\\\/wp-content\\\/uploads\\\/2019\\\/06\\\/logo_a_nova_peneira_portal_web.png\",\"contentUrl\":\"http:\\\/\\\/www.anovapeneira.gal\\\/wp-content\\\/uploads\\\/2019\\\/06\\\/logo_a_nova_peneira_portal_web.png\",\"width\":300,\"height\":100,\"caption\":\"A Nova Peneira\"},\"image\":{\"@id\":\"https:\\\/\\\/www.anovapeneira.gal\\\/#\\\/schema\\\/logo\\\/image\\\/\"},\"sameAs\":[\"https:\\\/\\\/www.facebook.com\\\/anovapeneira\",\"https:\\\/\\\/x.com\\\/APeneira\"]},{\"@type\":\"Person\",\"@id\":\"https:\\\/\\\/www.anovapeneira.gal\\\/#\\\/schema\\\/person\\\/b93e3f8932e3f8da96334607eb6ac6aa\",\"name\":\"Redacci\u00f3n A Nova Peneira\",\"image\":{\"@type\":\"ImageObject\",\"inLanguage\":\"gl-ES\",\"@id\":\"https:\\\/\\\/secure.gravatar.com\\\/avatar\\\/c052a2551a06e23fac63626232eaa90abd78dbcf1700fc46a2b2c89fd27b735f?s=96&d=mm&r=g\",\"url\":\"https:\\\/\\\/secure.gravatar.com\\\/avatar\\\/c052a2551a06e23fac63626232eaa90abd78dbcf1700fc46a2b2c89fd27b735f?s=96&d=mm&r=g\",\"contentUrl\":\"https:\\\/\\\/secure.gravatar.com\\\/avatar\\\/c052a2551a06e23fac63626232eaa90abd78dbcf1700fc46a2b2c89fd27b735f?s=96&d=mm&r=g\",\"caption\":\"Redacci\u00f3n A Nova Peneira\"},\"sameAs\":[\"http:\\\/\\\/www.anovapeneira.gal\\\/\"],\"url\":\"https:\\\/\\\/www.anovapeneira.gal\\\/index.php\\\/author\\\/redactor\\\/\"}]}<\/script>\n<!-- \/ Yoast SEO plugin. -->","yoast_head_json":{"title":"Alternativa por Mondariz lamenta que o concello de Mondariz deixe de apoiar a celebraci\u00f3n de Outono en Son Despois de cinco edici\u00f3ns consecutivas en Mondariz, este ano trasl\u00e1dase a Ponteareas por falta de apoio do goberno local -","description":"AporM lamenta que o goberno do Concello de Mondariz decidise deixar de colaborar co coro Mistura Vocal financiando o VI Ciclo Coral Outono en Son, que levaba 5 edici\u00f3ns celebr\u00e1ndose de forma ininterrompida na nosa vila co apoio do concello","robots":{"index":"index","follow":"follow","max-snippet":"max-snippet:-1","max-image-preview":"max-image-preview:large","max-video-preview":"max-video-preview:-1"},"canonical":"https:\/\/www.anovapeneira.gal\/index.php\/2022\/10\/05\/alternativa-por-mondariz-lamenta-que-o-concello-de-mondariz-deixe-de-apoiar-a-celebracion-de-outono-en-son-despois-de-cinco-edicions-consecutivas-en-mondariz-este-ano-trasladase-a-ponteareas-por-falt\/","og_locale":"gl_ES","og_type":"article","og_title":"Alternativa por Mondariz lamenta que o concello de Mondariz deixe de apoiar a celebraci\u00f3n de Outono en Son Despois de cinco edici\u00f3ns consecutivas en Mondariz, este ano trasl\u00e1dase a Ponteareas por falta de apoio do goberno local -","og_description":"AporM lamenta que o goberno do Concello de Mondariz decidise deixar de colaborar co coro Mistura Vocal financiando o VI Ciclo Coral Outono en Son, que levaba 5 edici\u00f3ns celebr\u00e1ndose de forma ininterrompida na nosa vila co apoio do concello","og_url":"https:\/\/www.anovapeneira.gal\/index.php\/2022\/10\/05\/alternativa-por-mondariz-lamenta-que-o-concello-de-mondariz-deixe-de-apoiar-a-celebracion-de-outono-en-son-despois-de-cinco-edicions-consecutivas-en-mondariz-este-ano-trasladase-a-ponteareas-por-falt\/","article_publisher":"https:\/\/www.facebook.com\/anovapeneira","article_published_time":"2022-10-05T10:00:22+00:00","og_image":[{"width":720,"height":432,"url":"https:\/\/www.anovapeneira.gal\/wp-content\/uploads\/2022\/09\/mondarioz_son_Despois.jpg","type":"image\/jpeg"}],"author":"Redacci\u00f3n A Nova Peneira","twitter_card":"summary_large_image","twitter_creator":"@APeneira","twitter_site":"@APeneira","twitter_misc":{"Escrito por":"Redacci\u00f3n A Nova Peneira","Tempo de lectura":"3 minutos"},"schema":{"@context":"https:\/\/schema.org","@graph":[{"@type":"Article","@id":"https:\/\/www.anovapeneira.gal\/index.php\/2022\/10\/05\/alternativa-por-mondariz-lamenta-que-o-concello-de-mondariz-deixe-de-apoiar-a-celebracion-de-outono-en-son-despois-de-cinco-edicions-consecutivas-en-mondariz-este-ano-trasladase-a-ponteareas-por-falt\/#article","isPartOf":{"@id":"https:\/\/www.anovapeneira.gal\/index.php\/2022\/10\/05\/alternativa-por-mondariz-lamenta-que-o-concello-de-mondariz-deixe-de-apoiar-a-celebracion-de-outono-en-son-despois-de-cinco-edicions-consecutivas-en-mondariz-este-ano-trasladase-a-ponteareas-por-falt\/"},"author":{"name":"Redacci\u00f3n A Nova Peneira","@id":"https:\/\/www.anovapeneira.gal\/#\/schema\/person\/b93e3f8932e3f8da96334607eb6ac6aa"},"headline":"Alternativa por Mondariz lamenta que o concello de Mondariz deixe de apoiar a celebraci\u00f3n de Outono en Son Despois de cinco edici\u00f3ns consecutivas en Mondariz, este ano trasl\u00e1dase a Ponteareas por falta de apoio do goberno local","datePublished":"2022-10-05T10:00:22+00:00","mainEntityOfPage":{"@id":"https:\/\/www.anovapeneira.gal\/index.php\/2022\/10\/05\/alternativa-por-mondariz-lamenta-que-o-concello-de-mondariz-deixe-de-apoiar-a-celebracion-de-outono-en-son-despois-de-cinco-edicions-consecutivas-en-mondariz-este-ano-trasladase-a-ponteareas-por-falt\/"},"wordCount":445,"commentCount":0,"publisher":{"@id":"https:\/\/www.anovapeneira.gal\/#organization"},"image":{"@id":"https:\/\/www.anovapeneira.gal\/index.php\/2022\/10\/05\/alternativa-por-mondariz-lamenta-que-o-concello-de-mondariz-deixe-de-apoiar-a-celebracion-de-outono-en-son-despois-de-cinco-edicions-consecutivas-en-mondariz-este-ano-trasladase-a-ponteareas-por-falt\/#primaryimage"},"thumbnailUrl":"https:\/\/www.anovapeneira.gal\/wp-content\/uploads\/2022\/09\/mondarioz_son_Despois.jpg","keywords":["Concello de Mondariz"],"articleSection":["Condado"],"inLanguage":"gl-ES","potentialAction":[{"@type":"CommentAction","name":"Comment","target":["https:\/\/www.anovapeneira.gal\/index.php\/2022\/10\/05\/alternativa-por-mondariz-lamenta-que-o-concello-de-mondariz-deixe-de-apoiar-a-celebracion-de-outono-en-son-despois-de-cinco-edicions-consecutivas-en-mondariz-este-ano-trasladase-a-ponteareas-por-falt\/#respond"]}]},{"@type":"WebPage","@id":"https:\/\/www.anovapeneira.gal\/index.php\/2022\/10\/05\/alternativa-por-mondariz-lamenta-que-o-concello-de-mondariz-deixe-de-apoiar-a-celebracion-de-outono-en-son-despois-de-cinco-edicions-consecutivas-en-mondariz-este-ano-trasladase-a-ponteareas-por-falt\/","url":"https:\/\/www.anovapeneira.gal\/index.php\/2022\/10\/05\/alternativa-por-mondariz-lamenta-que-o-concello-de-mondariz-deixe-de-apoiar-a-celebracion-de-outono-en-son-despois-de-cinco-edicions-consecutivas-en-mondariz-este-ano-trasladase-a-ponteareas-por-falt\/","name":"Alternativa por Mondariz lamenta que o concello de Mondariz deixe de apoiar a celebraci\u00f3n de Outono en Son Despois de cinco edici\u00f3ns consecutivas en Mondariz, este ano trasl\u00e1dase a Ponteareas por falta de apoio do goberno local -","isPartOf":{"@id":"https:\/\/www.anovapeneira.gal\/#website"},"primaryImageOfPage":{"@id":"https:\/\/www.anovapeneira.gal\/index.php\/2022\/10\/05\/alternativa-por-mondariz-lamenta-que-o-concello-de-mondariz-deixe-de-apoiar-a-celebracion-de-outono-en-son-despois-de-cinco-edicions-consecutivas-en-mondariz-este-ano-trasladase-a-ponteareas-por-falt\/#primaryimage"},"image":{"@id":"https:\/\/www.anovapeneira.gal\/index.php\/2022\/10\/05\/alternativa-por-mondariz-lamenta-que-o-concello-de-mondariz-deixe-de-apoiar-a-celebracion-de-outono-en-son-despois-de-cinco-edicions-consecutivas-en-mondariz-este-ano-trasladase-a-ponteareas-por-falt\/#primaryimage"},"thumbnailUrl":"https:\/\/www.anovapeneira.gal\/wp-content\/uploads\/2022\/09\/mondarioz_son_Despois.jpg","datePublished":"2022-10-05T10:00:22+00:00","description":"AporM lamenta que o goberno do Concello de Mondariz decidise deixar de colaborar co coro Mistura Vocal financiando o VI Ciclo Coral Outono en Son, que levaba 5 edici\u00f3ns celebr\u00e1ndose de forma ininterrompida na nosa vila co apoio do concello","breadcrumb":{"@id":"https:\/\/www.anovapeneira.gal\/index.php\/2022\/10\/05\/alternativa-por-mondariz-lamenta-que-o-concello-de-mondariz-deixe-de-apoiar-a-celebracion-de-outono-en-son-despois-de-cinco-edicions-consecutivas-en-mondariz-este-ano-trasladase-a-ponteareas-por-falt\/#breadcrumb"},"inLanguage":"gl-ES","potentialAction":[{"@type":"ReadAction","target":["https:\/\/www.anovapeneira.gal\/index.php\/2022\/10\/05\/alternativa-por-mondariz-lamenta-que-o-concello-de-mondariz-deixe-de-apoiar-a-celebracion-de-outono-en-son-despois-de-cinco-edicions-consecutivas-en-mondariz-este-ano-trasladase-a-ponteareas-por-falt\/"]}]},{"@type":"ImageObject","inLanguage":"gl-ES","@id":"https:\/\/www.anovapeneira.gal\/index.php\/2022\/10\/05\/alternativa-por-mondariz-lamenta-que-o-concello-de-mondariz-deixe-de-apoiar-a-celebracion-de-outono-en-son-despois-de-cinco-edicions-consecutivas-en-mondariz-este-ano-trasladase-a-ponteareas-por-falt\/#primaryimage","url":"https:\/\/www.anovapeneira.gal\/wp-content\/uploads\/2022\/09\/mondarioz_son_Despois.jpg","contentUrl":"https:\/\/www.anovapeneira.gal\/wp-content\/uploads\/2022\/09\/mondarioz_son_Despois.jpg","width":720,"height":432,"caption":"celebraci\u00f3n de Outono en Son Despois"},{"@type":"BreadcrumbList","@id":"https:\/\/www.anovapeneira.gal\/index.php\/2022\/10\/05\/alternativa-por-mondariz-lamenta-que-o-concello-de-mondariz-deixe-de-apoiar-a-celebracion-de-outono-en-son-despois-de-cinco-edicions-consecutivas-en-mondariz-este-ano-trasladase-a-ponteareas-por-falt\/#breadcrumb","itemListElement":[{"@type":"ListItem","position":1,"name":"Portada","item":"https:\/\/www.anovapeneira.gal\/"},{"@type":"ListItem","position":2,"name":"Alternativa por Mondariz lamenta que o concello de Mondariz deixe de apoiar a celebraci\u00f3n de Outono en Son Despois de cinco edici\u00f3ns consecutivas en Mondariz, este ano trasl\u00e1dase a Ponteareas por falta de apoio do goberno local"}]},{"@type":"WebSite","@id":"https:\/\/www.anovapeneira.gal\/#website","url":"https:\/\/www.anovapeneira.gal\/","name":"","description":"Xornal galego de informaci\u00f3n xeral Publicaci\u00f3n mensual de novas de Galicia e en especial dos Concellos da sur da provincia de Pontevedra.","publisher":{"@id":"https:\/\/www.anovapeneira.gal\/#organization"},"potentialAction":[{"@type":"SearchAction","target":{"@type":"EntryPoint","urlTemplate":"https:\/\/www.anovapeneira.gal\/?s={search_term_string}"},"query-input":{"@type":"PropertyValueSpecification","valueRequired":true,"valueName":"search_term_string"}}],"inLanguage":"gl-ES"},{"@type":"Organization","@id":"https:\/\/www.anovapeneira.gal\/#organization","name":"A Nova Peneira","url":"https:\/\/www.anovapeneira.gal\/","logo":{"@type":"ImageObject","inLanguage":"gl-ES","@id":"https:\/\/www.anovapeneira.gal\/#\/schema\/logo\/image\/","url":"http:\/\/www.anovapeneira.gal\/wp-content\/uploads\/2019\/06\/logo_a_nova_peneira_portal_web.png","contentUrl":"http:\/\/www.anovapeneira.gal\/wp-content\/uploads\/2019\/06\/logo_a_nova_peneira_portal_web.png","width":300,"height":100,"caption":"A Nova Peneira"},"image":{"@id":"https:\/\/www.anovapeneira.gal\/#\/schema\/logo\/image\/"},"sameAs":["https:\/\/www.facebook.com\/anovapeneira","https:\/\/x.com\/APeneira"]},{"@type":"Person","@id":"https:\/\/www.anovapeneira.gal\/#\/schema\/person\/b93e3f8932e3f8da96334607eb6ac6aa","name":"Redacci\u00f3n A Nova Peneira","image":{"@type":"ImageObject","inLanguage":"gl-ES","@id":"https:\/\/secure.gravatar.com\/avatar\/c052a2551a06e23fac63626232eaa90abd78dbcf1700fc46a2b2c89fd27b735f?s=96&d=mm&r=g","url":"https:\/\/secure.gravatar.com\/avatar\/c052a2551a06e23fac63626232eaa90abd78dbcf1700fc46a2b2c89fd27b735f?s=96&d=mm&r=g","contentUrl":"https:\/\/secure.gravatar.com\/avatar\/c052a2551a06e23fac63626232eaa90abd78dbcf1700fc46a2b2c89fd27b735f?s=96&d=mm&r=g","caption":"Redacci\u00f3n A Nova Peneira"},"sameAs":["http:\/\/www.anovapeneira.gal\/"],"url":"https:\/\/www.anovapeneira.gal\/index.php\/author\/redactor\/"}]}},"jetpack_featured_media_url":"https:\/\/www.anovapeneira.gal\/wp-content\/uploads\/2022\/09\/mondarioz_son_Despois.jpg","_links":{"self":[{"href":"https:\/\/www.anovapeneira.gal\/index.php\/wp-json\/wp\/v2\/posts\/8295","targetHints":{"allow":["GET"]}}],"collection":[{"href":"https:\/\/www.anovapeneira.gal\/index.php\/wp-json\/wp\/v2\/posts"}],"about":[{"href":"https:\/\/www.anovapeneira.gal\/index.php\/wp-json\/wp\/v2\/types\/post"}],"author":[{"embeddable":true,"href":"https:\/\/www.anovapeneira.gal\/index.php\/wp-json\/wp\/v2\/users\/3"}],"replies":[{"embeddable":true,"href":"https:\/\/www.anovapeneira.gal\/index.php\/wp-json\/wp\/v2\/comments?post=8295"}],"version-history":[{"count":2,"href":"https:\/\/www.anovapeneira.gal\/index.php\/wp-json\/wp\/v2\/posts\/8295\/revisions"}],"predecessor-version":[{"id":8298,"href":"https:\/\/www.anovapeneira.gal\/index.php\/wp-json\/wp\/v2\/posts\/8295\/revisions\/8298"}],"wp:featuredmedia":[{"embeddable":true,"href":"https:\/\/www.anovapeneira.gal\/index.php\/wp-json\/wp\/v2\/media\/8297"}],"wp:attachment":[{"href":"https:\/\/www.anovapeneira.gal\/index.php\/wp-json\/wp\/v2\/media?parent=8295"}],"wp:term":[{"taxonomy":"category","embeddable":true,"href":"https:\/\/www.anovapeneira.gal\/index.php\/wp-json\/wp\/v2\/categories?post=8295"},{"taxonomy":"post_tag","embeddable":true,"href":"https:\/\/www.anovapeneira.gal\/index.php\/wp-json\/wp\/v2\/tags?post=8295"}],"curies":[{"name":"wp","href":"https:\/\/api.w.org\/{rel}","templated":true}]}}