{"id":8299,"date":"2022-10-06T10:00:02","date_gmt":"2022-10-06T08:00:02","guid":{"rendered":"https:\/\/www.anovapeneira.gal\/?p=8299"},"modified":"2022-10-03T10:27:19","modified_gmt":"2022-10-03T08:27:19","slug":"a-oficina-de-turismo-de-bueu-recibiu-2116-visitantes-nesta-tempada-estival","status":"publish","type":"post","link":"https:\/\/www.anovapeneira.gal\/index.php\/2022\/10\/06\/a-oficina-de-turismo-de-bueu-recibiu-2116-visitantes-nesta-tempada-estival\/","title":{"rendered":"A oficina de turismo de Bueu recibiu 2116 visitantes nesta tempada estival"},"content":{"rendered":"\n<p><strong>Bueu, a 30 de setembro de 2022<\/strong><\/p>\n\n\n\n<ul class=\"wp-block-list\"><li><strong>O municipio morracense consolida o turismo estatal e de proximidade, e o Concello de Bueu segue apostando pola promoci\u00f3n cultural e sostible<\/strong><\/li><li><strong>A concelleira de turismo salienta que <\/strong><strong>\u201cnon existe un perfil de visitante, sen\u00f3n que case sempre adoitan ser persoas activas que buscan o encanto ambiental e natural da contorna, a ampla programaci\u00f3n cultural e deportiva, e mesmo a gastronom\u00eda, que \u00e9 das mellores da zona\u201d<\/strong><\/li><\/ul>\n\n\n\n<p>A vila de Bueu segue a consolidarse coma un dos referentes m\u00e1is atractivos da costa pontevedresa para os e as turistas. As\u00ed o demostran as estat\u00edsticas da Oficina de Turismo, que este ano recibiu entre xullo e agosto a un total de 2.116 visitantes, concretamente 756 en xullo e 1.061 en agosto. As cifras mostran que a maior\u00eda pertencen \u00e1 franxa de idade de entre 36 e 59 anos (802), seguido de maiores de 60 anos (559), menos de 18 anos (389), e entre 19 e 35 anos (247); e tam\u00e9n que o tempo medio da estancia \u00e9 de 1 a 5 d\u00edas. O informe destaca a consolidaci\u00f3n do turismo estatal e auton\u00f3mico, repuntando especialmente Canarias e o Pa\u00eds Vasco, e tam\u00e9n se incrementaron os provenientes do estranxeiro, como \u00e9 o caso paradigm\u00e1tico de Alema\u00f1a, que medra nun 60%.<\/p>\n\n\n\n<p>Dende a Oficina de Turismo, que estivo aberta ao p\u00fablico entre o 2 de xullo e o 29 de setembro, destacan que a maior\u00eda das persoas se hospedan en aluguer vacacional, e que preto do 60% son visitantes que ve\u00f1en repiten ano tras ano. Isto d\u00e9bese \u00e1 oferta l\u00fadica e tur\u00edstica que se organiza dende as diversas conceller\u00edas e que fan que Bueu sexa un municipio atractivo para moitos p\u00fablicos. Silvia Carballo, concelleira de promoci\u00f3n econ\u00f3mica e turismo, apunta que \u201cnon existe un perfil de visitante, sen\u00f3n que case sempre adoitan ser persoas activas que buscan o encanto ambiental e natural da contorna, a ampla programaci\u00f3n cultural e deportiva, e mesmo a gastronom\u00eda, que \u00e9 das mellores da zona\u201d.<\/p>\n\n\n\n<p>Durante a tempada estival, o Concello de Bueu puxo en marcha varios programas de oferta cultural, a trav\u00e9s da que se buscaba dar a co\u00f1ecer a vila e ofrecer alternativas l\u00fadicas, como \u00e9 o caso das rutas de sendeirismo, as rutas gastron\u00f3micas \u201cSabor e mar\u201d ou o \u201cConvida Bueu 2022\u201d, no que se ofreceron actividades culturais diversas e para todas as franxas de idade nos lugares das tres parroquias. A iso haber\u00eda que engadir a consecuci\u00f3n este ano do distintivo de Bandeira Azul na praia urbana da Banda do R\u00edo, o que supuxo un \u201cfito hist\u00f3rico\u201d, e o incremento de servizos neste e noutros areais.<\/p>\n\n\n\n<p>Carballo salienta que \u201cdende o goberno local continuaremos traballando para que ademais de ser un referente tur\u00edstico, consigamos a excelencia tur\u00edstica, que ten que ver coa mellora e aumento dos servizos e pol\u00edticas para o conxunto da cidadan\u00eda\u201d.<\/p>\n","protected":false},"excerpt":{"rendered":"<div class=\"mh-excerpt\"><p>O municipio morracense consolida o turismo estatal e de proximidade, e o Concello de Bueu segue apostando pola promoci\u00f3n cultural e sostible <a class=\"mh-excerpt-more\" href=\"https:\/\/www.anovapeneira.gal\/index.php\/2022\/10\/06\/a-oficina-de-turismo-de-bueu-recibiu-2116-visitantes-nesta-tempada-estival\/\" title=\"A oficina de turismo de Bueu recibiu 2116 visitantes nesta tempada estival\">[&#8230;]<\/a><\/p>\n<\/div>","protected":false},"author":3,"featured_media":8301,"comment_status":"open","ping_status":"open","sticky":false,"template":"","format":"standard","meta":{"_exactmetrics_skip_tracking":false,"_exactmetrics_sitenote_active":false,"_exactmetrics_sitenote_note":"","_exactmetrics_sitenote_category":0,"footnotes":""},"categories":[22,1],"tags":[440],"class_list":{"0":"post-8299","1":"post","2":"type-post","3":"status-publish","4":"format-standard","5":"has-post-thumbnail","7":"category-morrazo","8":"category-sin-categoria","9":"tag-concello-de-bueu"},"yoast_head":"<!-- This site is optimized with the Yoast SEO plugin v27.4 - https:\/\/yoast.com\/product\/yoast-seo-wordpress\/ -->\n<title>A oficina de turismo de Bueu recibiu 2116 visitantes nesta tempada estival -<\/title>\n<meta name=\"robots\" content=\"index, follow, max-snippet:-1, max-image-preview:large, max-video-preview:-1\" \/>\n<link rel=\"canonical\" href=\"https:\/\/www.anovapeneira.gal\/index.php\/2022\/10\/06\/a-oficina-de-turismo-de-bueu-recibiu-2116-visitantes-nesta-tempada-estival\/\" \/>\n<meta property=\"og:locale\" content=\"gl_ES\" \/>\n<meta property=\"og:type\" content=\"article\" \/>\n<meta property=\"og:title\" content=\"A oficina de turismo de Bueu recibiu 2116 visitantes nesta tempada estival -\" \/>\n<meta property=\"og:description\" content=\"O municipio morracense consolida o turismo estatal e de proximidade, e o Concello de Bueu segue apostando pola promoci\u00f3n cultural e sostible [...]\" \/>\n<meta property=\"og:url\" content=\"https:\/\/www.anovapeneira.gal\/index.php\/2022\/10\/06\/a-oficina-de-turismo-de-bueu-recibiu-2116-visitantes-nesta-tempada-estival\/\" \/>\n<meta property=\"article:publisher\" content=\"https:\/\/www.facebook.com\/anovapeneira\" \/>\n<meta property=\"article:published_time\" content=\"2022-10-06T08:00:02+00:00\" \/>\n<meta property=\"og:image\" content=\"https:\/\/www.anovapeneira.gal\/wp-content\/uploads\/2022\/10\/turismo_bueu.jpg\" \/>\n\t<meta property=\"og:image:width\" content=\"720\" \/>\n\t<meta property=\"og:image:height\" content=\"432\" \/>\n\t<meta property=\"og:image:type\" content=\"image\/jpeg\" \/>\n<meta name=\"author\" content=\"Redacci\u00f3n A Nova Peneira\" \/>\n<meta name=\"twitter:card\" content=\"summary_large_image\" \/>\n<meta name=\"twitter:creator\" content=\"@APeneira\" \/>\n<meta name=\"twitter:site\" content=\"@APeneira\" \/>\n<meta name=\"twitter:label1\" content=\"Escrito por\" \/>\n\t<meta name=\"twitter:data1\" content=\"Redacci\u00f3n A Nova Peneira\" \/>\n\t<meta name=\"twitter:label2\" content=\"Tempo de lectura\" \/>\n\t<meta name=\"twitter:data2\" content=\"3 minutos\" \/>\n<script type=\"application\/ld+json\" class=\"yoast-schema-graph\">{\"@context\":\"https:\\\/\\\/schema.org\",\"@graph\":[{\"@type\":\"Article\",\"@id\":\"https:\\\/\\\/www.anovapeneira.gal\\\/index.php\\\/2022\\\/10\\\/06\\\/a-oficina-de-turismo-de-bueu-recibiu-2116-visitantes-nesta-tempada-estival\\\/#article\",\"isPartOf\":{\"@id\":\"https:\\\/\\\/www.anovapeneira.gal\\\/index.php\\\/2022\\\/10\\\/06\\\/a-oficina-de-turismo-de-bueu-recibiu-2116-visitantes-nesta-tempada-estival\\\/\"},\"author\":{\"name\":\"Redacci\u00f3n A Nova Peneira\",\"@id\":\"https:\\\/\\\/www.anovapeneira.gal\\\/#\\\/schema\\\/person\\\/b93e3f8932e3f8da96334607eb6ac6aa\"},\"headline\":\"A oficina de turismo de Bueu recibiu 2116 visitantes nesta tempada estival\",\"datePublished\":\"2022-10-06T08:00:02+00:00\",\"mainEntityOfPage\":{\"@id\":\"https:\\\/\\\/www.anovapeneira.gal\\\/index.php\\\/2022\\\/10\\\/06\\\/a-oficina-de-turismo-de-bueu-recibiu-2116-visitantes-nesta-tempada-estival\\\/\"},\"wordCount\":497,\"commentCount\":0,\"publisher\":{\"@id\":\"https:\\\/\\\/www.anovapeneira.gal\\\/#organization\"},\"image\":{\"@id\":\"https:\\\/\\\/www.anovapeneira.gal\\\/index.php\\\/2022\\\/10\\\/06\\\/a-oficina-de-turismo-de-bueu-recibiu-2116-visitantes-nesta-tempada-estival\\\/#primaryimage\"},\"thumbnailUrl\":\"https:\\\/\\\/www.anovapeneira.gal\\\/wp-content\\\/uploads\\\/2022\\\/10\\\/turismo_bueu.jpg\",\"keywords\":[\"Concello de Bueu\"],\"articleSection\":[\"Morrazo\",\"Sin categor\u00eda\"],\"inLanguage\":\"gl-ES\",\"potentialAction\":[{\"@type\":\"CommentAction\",\"name\":\"Comment\",\"target\":[\"https:\\\/\\\/www.anovapeneira.gal\\\/index.php\\\/2022\\\/10\\\/06\\\/a-oficina-de-turismo-de-bueu-recibiu-2116-visitantes-nesta-tempada-estival\\\/#respond\"]}]},{\"@type\":\"WebPage\",\"@id\":\"https:\\\/\\\/www.anovapeneira.gal\\\/index.php\\\/2022\\\/10\\\/06\\\/a-oficina-de-turismo-de-bueu-recibiu-2116-visitantes-nesta-tempada-estival\\\/\",\"url\":\"https:\\\/\\\/www.anovapeneira.gal\\\/index.php\\\/2022\\\/10\\\/06\\\/a-oficina-de-turismo-de-bueu-recibiu-2116-visitantes-nesta-tempada-estival\\\/\",\"name\":\"A oficina de turismo de Bueu recibiu 2116 visitantes nesta tempada estival -\",\"isPartOf\":{\"@id\":\"https:\\\/\\\/www.anovapeneira.gal\\\/#website\"},\"primaryImageOfPage\":{\"@id\":\"https:\\\/\\\/www.anovapeneira.gal\\\/index.php\\\/2022\\\/10\\\/06\\\/a-oficina-de-turismo-de-bueu-recibiu-2116-visitantes-nesta-tempada-estival\\\/#primaryimage\"},\"image\":{\"@id\":\"https:\\\/\\\/www.anovapeneira.gal\\\/index.php\\\/2022\\\/10\\\/06\\\/a-oficina-de-turismo-de-bueu-recibiu-2116-visitantes-nesta-tempada-estival\\\/#primaryimage\"},\"thumbnailUrl\":\"https:\\\/\\\/www.anovapeneira.gal\\\/wp-content\\\/uploads\\\/2022\\\/10\\\/turismo_bueu.jpg\",\"datePublished\":\"2022-10-06T08:00:02+00:00\",\"breadcrumb\":{\"@id\":\"https:\\\/\\\/www.anovapeneira.gal\\\/index.php\\\/2022\\\/10\\\/06\\\/a-oficina-de-turismo-de-bueu-recibiu-2116-visitantes-nesta-tempada-estival\\\/#breadcrumb\"},\"inLanguage\":\"gl-ES\",\"potentialAction\":[{\"@type\":\"ReadAction\",\"target\":[\"https:\\\/\\\/www.anovapeneira.gal\\\/index.php\\\/2022\\\/10\\\/06\\\/a-oficina-de-turismo-de-bueu-recibiu-2116-visitantes-nesta-tempada-estival\\\/\"]}]},{\"@type\":\"ImageObject\",\"inLanguage\":\"gl-ES\",\"@id\":\"https:\\\/\\\/www.anovapeneira.gal\\\/index.php\\\/2022\\\/10\\\/06\\\/a-oficina-de-turismo-de-bueu-recibiu-2116-visitantes-nesta-tempada-estival\\\/#primaryimage\",\"url\":\"https:\\\/\\\/www.anovapeneira.gal\\\/wp-content\\\/uploads\\\/2022\\\/10\\\/turismo_bueu.jpg\",\"contentUrl\":\"https:\\\/\\\/www.anovapeneira.gal\\\/wp-content\\\/uploads\\\/2022\\\/10\\\/turismo_bueu.jpg\",\"width\":720,\"height\":432,\"caption\":\"Turismo Bueu\"},{\"@type\":\"BreadcrumbList\",\"@id\":\"https:\\\/\\\/www.anovapeneira.gal\\\/index.php\\\/2022\\\/10\\\/06\\\/a-oficina-de-turismo-de-bueu-recibiu-2116-visitantes-nesta-tempada-estival\\\/#breadcrumb\",\"itemListElement\":[{\"@type\":\"ListItem\",\"position\":1,\"name\":\"Portada\",\"item\":\"https:\\\/\\\/www.anovapeneira.gal\\\/\"},{\"@type\":\"ListItem\",\"position\":2,\"name\":\"A oficina de turismo de Bueu recibiu 2116 visitantes nesta tempada estival\"}]},{\"@type\":\"WebSite\",\"@id\":\"https:\\\/\\\/www.anovapeneira.gal\\\/#website\",\"url\":\"https:\\\/\\\/www.anovapeneira.gal\\\/\",\"name\":\"\",\"description\":\"Xornal galego de informaci\u00f3n xeral Publicaci\u00f3n mensual de novas de Galicia e en especial dos Concellos da sur da provincia de Pontevedra.\",\"publisher\":{\"@id\":\"https:\\\/\\\/www.anovapeneira.gal\\\/#organization\"},\"potentialAction\":[{\"@type\":\"SearchAction\",\"target\":{\"@type\":\"EntryPoint\",\"urlTemplate\":\"https:\\\/\\\/www.anovapeneira.gal\\\/?s={search_term_string}\"},\"query-input\":{\"@type\":\"PropertyValueSpecification\",\"valueRequired\":true,\"valueName\":\"search_term_string\"}}],\"inLanguage\":\"gl-ES\"},{\"@type\":\"Organization\",\"@id\":\"https:\\\/\\\/www.anovapeneira.gal\\\/#organization\",\"name\":\"A Nova Peneira\",\"url\":\"https:\\\/\\\/www.anovapeneira.gal\\\/\",\"logo\":{\"@type\":\"ImageObject\",\"inLanguage\":\"gl-ES\",\"@id\":\"https:\\\/\\\/www.anovapeneira.gal\\\/#\\\/schema\\\/logo\\\/image\\\/\",\"url\":\"http:\\\/\\\/www.anovapeneira.gal\\\/wp-content\\\/uploads\\\/2019\\\/06\\\/logo_a_nova_peneira_portal_web.png\",\"contentUrl\":\"http:\\\/\\\/www.anovapeneira.gal\\\/wp-content\\\/uploads\\\/2019\\\/06\\\/logo_a_nova_peneira_portal_web.png\",\"width\":300,\"height\":100,\"caption\":\"A Nova Peneira\"},\"image\":{\"@id\":\"https:\\\/\\\/www.anovapeneira.gal\\\/#\\\/schema\\\/logo\\\/image\\\/\"},\"sameAs\":[\"https:\\\/\\\/www.facebook.com\\\/anovapeneira\",\"https:\\\/\\\/x.com\\\/APeneira\"]},{\"@type\":\"Person\",\"@id\":\"https:\\\/\\\/www.anovapeneira.gal\\\/#\\\/schema\\\/person\\\/b93e3f8932e3f8da96334607eb6ac6aa\",\"name\":\"Redacci\u00f3n A Nova Peneira\",\"image\":{\"@type\":\"ImageObject\",\"inLanguage\":\"gl-ES\",\"@id\":\"https:\\\/\\\/secure.gravatar.com\\\/avatar\\\/c052a2551a06e23fac63626232eaa90abd78dbcf1700fc46a2b2c89fd27b735f?s=96&d=mm&r=g\",\"url\":\"https:\\\/\\\/secure.gravatar.com\\\/avatar\\\/c052a2551a06e23fac63626232eaa90abd78dbcf1700fc46a2b2c89fd27b735f?s=96&d=mm&r=g\",\"contentUrl\":\"https:\\\/\\\/secure.gravatar.com\\\/avatar\\\/c052a2551a06e23fac63626232eaa90abd78dbcf1700fc46a2b2c89fd27b735f?s=96&d=mm&r=g\",\"caption\":\"Redacci\u00f3n A Nova Peneira\"},\"sameAs\":[\"http:\\\/\\\/www.anovapeneira.gal\\\/\"],\"url\":\"https:\\\/\\\/www.anovapeneira.gal\\\/index.php\\\/author\\\/redactor\\\/\"}]}<\/script>\n<!-- \/ Yoast SEO plugin. -->","yoast_head_json":{"title":"A oficina de turismo de Bueu recibiu 2116 visitantes nesta tempada estival -","robots":{"index":"index","follow":"follow","max-snippet":"max-snippet:-1","max-image-preview":"max-image-preview:large","max-video-preview":"max-video-preview:-1"},"canonical":"https:\/\/www.anovapeneira.gal\/index.php\/2022\/10\/06\/a-oficina-de-turismo-de-bueu-recibiu-2116-visitantes-nesta-tempada-estival\/","og_locale":"gl_ES","og_type":"article","og_title":"A oficina de turismo de Bueu recibiu 2116 visitantes nesta tempada estival -","og_description":"O municipio morracense consolida o turismo estatal e de proximidade, e o Concello de Bueu segue apostando pola promoci\u00f3n cultural e sostible [...]","og_url":"https:\/\/www.anovapeneira.gal\/index.php\/2022\/10\/06\/a-oficina-de-turismo-de-bueu-recibiu-2116-visitantes-nesta-tempada-estival\/","article_publisher":"https:\/\/www.facebook.com\/anovapeneira","article_published_time":"2022-10-06T08:00:02+00:00","og_image":[{"width":720,"height":432,"url":"https:\/\/www.anovapeneira.gal\/wp-content\/uploads\/2022\/10\/turismo_bueu.jpg","type":"image\/jpeg"}],"author":"Redacci\u00f3n A Nova Peneira","twitter_card":"summary_large_image","twitter_creator":"@APeneira","twitter_site":"@APeneira","twitter_misc":{"Escrito por":"Redacci\u00f3n A Nova Peneira","Tempo de lectura":"3 minutos"},"schema":{"@context":"https:\/\/schema.org","@graph":[{"@type":"Article","@id":"https:\/\/www.anovapeneira.gal\/index.php\/2022\/10\/06\/a-oficina-de-turismo-de-bueu-recibiu-2116-visitantes-nesta-tempada-estival\/#article","isPartOf":{"@id":"https:\/\/www.anovapeneira.gal\/index.php\/2022\/10\/06\/a-oficina-de-turismo-de-bueu-recibiu-2116-visitantes-nesta-tempada-estival\/"},"author":{"name":"Redacci\u00f3n A Nova Peneira","@id":"https:\/\/www.anovapeneira.gal\/#\/schema\/person\/b93e3f8932e3f8da96334607eb6ac6aa"},"headline":"A oficina de turismo de Bueu recibiu 2116 visitantes nesta tempada estival","datePublished":"2022-10-06T08:00:02+00:00","mainEntityOfPage":{"@id":"https:\/\/www.anovapeneira.gal\/index.php\/2022\/10\/06\/a-oficina-de-turismo-de-bueu-recibiu-2116-visitantes-nesta-tempada-estival\/"},"wordCount":497,"commentCount":0,"publisher":{"@id":"https:\/\/www.anovapeneira.gal\/#organization"},"image":{"@id":"https:\/\/www.anovapeneira.gal\/index.php\/2022\/10\/06\/a-oficina-de-turismo-de-bueu-recibiu-2116-visitantes-nesta-tempada-estival\/#primaryimage"},"thumbnailUrl":"https:\/\/www.anovapeneira.gal\/wp-content\/uploads\/2022\/10\/turismo_bueu.jpg","keywords":["Concello de Bueu"],"articleSection":["Morrazo","Sin categor\u00eda"],"inLanguage":"gl-ES","potentialAction":[{"@type":"CommentAction","name":"Comment","target":["https:\/\/www.anovapeneira.gal\/index.php\/2022\/10\/06\/a-oficina-de-turismo-de-bueu-recibiu-2116-visitantes-nesta-tempada-estival\/#respond"]}]},{"@type":"WebPage","@id":"https:\/\/www.anovapeneira.gal\/index.php\/2022\/10\/06\/a-oficina-de-turismo-de-bueu-recibiu-2116-visitantes-nesta-tempada-estival\/","url":"https:\/\/www.anovapeneira.gal\/index.php\/2022\/10\/06\/a-oficina-de-turismo-de-bueu-recibiu-2116-visitantes-nesta-tempada-estival\/","name":"A oficina de turismo de Bueu recibiu 2116 visitantes nesta tempada estival -","isPartOf":{"@id":"https:\/\/www.anovapeneira.gal\/#website"},"primaryImageOfPage":{"@id":"https:\/\/www.anovapeneira.gal\/index.php\/2022\/10\/06\/a-oficina-de-turismo-de-bueu-recibiu-2116-visitantes-nesta-tempada-estival\/#primaryimage"},"image":{"@id":"https:\/\/www.anovapeneira.gal\/index.php\/2022\/10\/06\/a-oficina-de-turismo-de-bueu-recibiu-2116-visitantes-nesta-tempada-estival\/#primaryimage"},"thumbnailUrl":"https:\/\/www.anovapeneira.gal\/wp-content\/uploads\/2022\/10\/turismo_bueu.jpg","datePublished":"2022-10-06T08:00:02+00:00","breadcrumb":{"@id":"https:\/\/www.anovapeneira.gal\/index.php\/2022\/10\/06\/a-oficina-de-turismo-de-bueu-recibiu-2116-visitantes-nesta-tempada-estival\/#breadcrumb"},"inLanguage":"gl-ES","potentialAction":[{"@type":"ReadAction","target":["https:\/\/www.anovapeneira.gal\/index.php\/2022\/10\/06\/a-oficina-de-turismo-de-bueu-recibiu-2116-visitantes-nesta-tempada-estival\/"]}]},{"@type":"ImageObject","inLanguage":"gl-ES","@id":"https:\/\/www.anovapeneira.gal\/index.php\/2022\/10\/06\/a-oficina-de-turismo-de-bueu-recibiu-2116-visitantes-nesta-tempada-estival\/#primaryimage","url":"https:\/\/www.anovapeneira.gal\/wp-content\/uploads\/2022\/10\/turismo_bueu.jpg","contentUrl":"https:\/\/www.anovapeneira.gal\/wp-content\/uploads\/2022\/10\/turismo_bueu.jpg","width":720,"height":432,"caption":"Turismo Bueu"},{"@type":"BreadcrumbList","@id":"https:\/\/www.anovapeneira.gal\/index.php\/2022\/10\/06\/a-oficina-de-turismo-de-bueu-recibiu-2116-visitantes-nesta-tempada-estival\/#breadcrumb","itemListElement":[{"@type":"ListItem","position":1,"name":"Portada","item":"https:\/\/www.anovapeneira.gal\/"},{"@type":"ListItem","position":2,"name":"A oficina de turismo de Bueu recibiu 2116 visitantes nesta tempada estival"}]},{"@type":"WebSite","@id":"https:\/\/www.anovapeneira.gal\/#website","url":"https:\/\/www.anovapeneira.gal\/","name":"","description":"Xornal galego de informaci\u00f3n xeral Publicaci\u00f3n mensual de novas de Galicia e en especial dos Concellos da sur da provincia de Pontevedra.","publisher":{"@id":"https:\/\/www.anovapeneira.gal\/#organization"},"potentialAction":[{"@type":"SearchAction","target":{"@type":"EntryPoint","urlTemplate":"https:\/\/www.anovapeneira.gal\/?s={search_term_string}"},"query-input":{"@type":"PropertyValueSpecification","valueRequired":true,"valueName":"search_term_string"}}],"inLanguage":"gl-ES"},{"@type":"Organization","@id":"https:\/\/www.anovapeneira.gal\/#organization","name":"A Nova Peneira","url":"https:\/\/www.anovapeneira.gal\/","logo":{"@type":"ImageObject","inLanguage":"gl-ES","@id":"https:\/\/www.anovapeneira.gal\/#\/schema\/logo\/image\/","url":"http:\/\/www.anovapeneira.gal\/wp-content\/uploads\/2019\/06\/logo_a_nova_peneira_portal_web.png","contentUrl":"http:\/\/www.anovapeneira.gal\/wp-content\/uploads\/2019\/06\/logo_a_nova_peneira_portal_web.png","width":300,"height":100,"caption":"A Nova Peneira"},"image":{"@id":"https:\/\/www.anovapeneira.gal\/#\/schema\/logo\/image\/"},"sameAs":["https:\/\/www.facebook.com\/anovapeneira","https:\/\/x.com\/APeneira"]},{"@type":"Person","@id":"https:\/\/www.anovapeneira.gal\/#\/schema\/person\/b93e3f8932e3f8da96334607eb6ac6aa","name":"Redacci\u00f3n A Nova Peneira","image":{"@type":"ImageObject","inLanguage":"gl-ES","@id":"https:\/\/secure.gravatar.com\/avatar\/c052a2551a06e23fac63626232eaa90abd78dbcf1700fc46a2b2c89fd27b735f?s=96&d=mm&r=g","url":"https:\/\/secure.gravatar.com\/avatar\/c052a2551a06e23fac63626232eaa90abd78dbcf1700fc46a2b2c89fd27b735f?s=96&d=mm&r=g","contentUrl":"https:\/\/secure.gravatar.com\/avatar\/c052a2551a06e23fac63626232eaa90abd78dbcf1700fc46a2b2c89fd27b735f?s=96&d=mm&r=g","caption":"Redacci\u00f3n A Nova Peneira"},"sameAs":["http:\/\/www.anovapeneira.gal\/"],"url":"https:\/\/www.anovapeneira.gal\/index.php\/author\/redactor\/"}]}},"jetpack_featured_media_url":"https:\/\/www.anovapeneira.gal\/wp-content\/uploads\/2022\/10\/turismo_bueu.jpg","_links":{"self":[{"href":"https:\/\/www.anovapeneira.gal\/index.php\/wp-json\/wp\/v2\/posts\/8299","targetHints":{"allow":["GET"]}}],"collection":[{"href":"https:\/\/www.anovapeneira.gal\/index.php\/wp-json\/wp\/v2\/posts"}],"about":[{"href":"https:\/\/www.anovapeneira.gal\/index.php\/wp-json\/wp\/v2\/types\/post"}],"author":[{"embeddable":true,"href":"https:\/\/www.anovapeneira.gal\/index.php\/wp-json\/wp\/v2\/users\/3"}],"replies":[{"embeddable":true,"href":"https:\/\/www.anovapeneira.gal\/index.php\/wp-json\/wp\/v2\/comments?post=8299"}],"version-history":[{"count":2,"href":"https:\/\/www.anovapeneira.gal\/index.php\/wp-json\/wp\/v2\/posts\/8299\/revisions"}],"predecessor-version":[{"id":8302,"href":"https:\/\/www.anovapeneira.gal\/index.php\/wp-json\/wp\/v2\/posts\/8299\/revisions\/8302"}],"wp:featuredmedia":[{"embeddable":true,"href":"https:\/\/www.anovapeneira.gal\/index.php\/wp-json\/wp\/v2\/media\/8301"}],"wp:attachment":[{"href":"https:\/\/www.anovapeneira.gal\/index.php\/wp-json\/wp\/v2\/media?parent=8299"}],"wp:term":[{"taxonomy":"category","embeddable":true,"href":"https:\/\/www.anovapeneira.gal\/index.php\/wp-json\/wp\/v2\/categories?post=8299"},{"taxonomy":"post_tag","embeddable":true,"href":"https:\/\/www.anovapeneira.gal\/index.php\/wp-json\/wp\/v2\/tags?post=8299"}],"curies":[{"name":"wp","href":"https:\/\/api.w.org\/{rel}","templated":true}]}}