{"id":8305,"date":"2022-10-07T10:00:59","date_gmt":"2022-10-07T08:00:59","guid":{"rendered":"https:\/\/www.anovapeneira.gal\/?p=8305"},"modified":"2022-10-03T10:48:28","modified_gmt":"2022-10-03T08:48:28","slug":"a-praza-do-calvario-renovado-epicentro-da-actividade-economica-e-social-do-rosal","status":"publish","type":"post","link":"https:\/\/www.anovapeneira.gal\/index.php\/2022\/10\/07\/a-praza-do-calvario-renovado-epicentro-da-actividade-economica-e-social-do-rosal\/","title":{"rendered":"A Praza do Calvario, renovado epicentro da actividade econ\u00f3mica e social do Rosal"},"content":{"rendered":"\n<h2 class=\"wp-block-heading\"><strong>Alcaldesa e presidenta da Deputaci\u00f3n de Pontevedra inauguraron este s\u00e1bado este espazo transformador<\/strong><\/h2>\n\n\n\n<h2 class=\"wp-block-heading\">\u201c<strong>Convertemos a nosa praza nun espazo de calidade, sen barreiras, inclusivo, igualitario, democr\u00e1tico e accesible\u201d, destacou a rexedora<\/strong><\/h2>\n\n\n\n<p> <strong>O Rosal, 1 de outubro de 2022<\/strong><\/p>\n\n\n\n<p>\u201cHoxe damos un paso hist\u00f3rico no Rosal. Coa transformaci\u00f3n da Praza do Calvario non s\u00f3 cumprimos un gran compromiso, sen\u00f3n que recuperamos o epicentro da nosa actividade econ\u00f3mica, social e de convivencia para as persoas. Porque xuntas e xuntos estamos a constru\u00edr o Rosal das persoas\u201d. Con estas verbas a alcaldesa do Rosal, \u00c1nxela Fern\u00e1ndez Call\u00eds, inauguraba este s\u00e1bado este espazo \u201cmellorado, reformado e recuperado para as persoas con ese mimo, cari\u00f1o, coidado, historia e posta en valor do patrimonio que merece\u201d.<\/p>\n\n\n\n<p>Foi durante un emotivo acto que contou coa presenza da presidenta da Deputaci\u00f3n de Pontevedra, Carmela Silva; o seu vicepresidente C\u00e9sar Mosquera, o deputado de Mobilidade, Ux\u00edo Ben\u00edtez, e equipo t\u00e9cnico da Deputaci\u00f3n; membros da corporaci\u00f3n municipal do Rosal, a alcaldesa de Tomi\u00f1o, Sandra Gonz\u00e1lez, e ed\u00eds; as\u00ed como representantes do equipo t\u00e9cnico que desenvolveu o proxecto, representantes das asociaci\u00f3ns culturais, sociais e deportivas rosaleiras e da propia veci\u00f1anza que desfrutar\u00e1 deste novo espazo que se converter\u00e1 de novo no centro social, administrativo e econ\u00f3mico do Rosal.<\/p>\n\n\n\n<p>Unha Praza do Calvario cunha historia propia na que apoiarse \u201cpara avanzar na construci\u00f3n do noso presente e futuro\u201d, historia que fala dunha praza humanizada a finais do s\u00e9culo XIX coa sobreira como \u00e1rbore protagonista, do valor patrimonial de edificios como unha igrexa da \u00e9poca medieval ou un edificio do concello constru\u00eddo no s\u00e9culo XVIII. E, como non, da historia dos cabaqueiros, que no novo espazo collen preponderancia. Unha historia que tam\u00e9n tivo en conta a transformaci\u00f3n da praza, na que se empregaron materiais construtivos que preservan e potencian o car\u00e1cter patrimonial e arquitect\u00f3nico a trav\u00e9s dun dese\u00f1o unitario, atractivo, flexible, novo e din\u00e1mico co que po\u00f1er en valor historia e patrimonio.<\/p>\n\n\n\n<figure class=\"wp-block-gallery has-nested-images columns-default is-cropped wp-block-gallery-1 is-layout-flex wp-block-gallery-is-layout-flex\">\n<figure class=\"wp-block-image size-large\"><img loading=\"lazy\" decoding=\"async\" width=\"1024\" height=\"682\" data-id=\"8308\" src=\"https:\/\/www.anovapeneira.gal\/wp-content\/uploads\/2022\/10\/Inauguracio\u0301n-Praza-do-Calvario-04-1024x682.jpg\" alt=\"\" class=\"wp-image-8308\" srcset=\"https:\/\/www.anovapeneira.gal\/wp-content\/uploads\/2022\/10\/Inauguracio\u0301n-Praza-do-Calvario-04-1024x682.jpg 1024w, https:\/\/www.anovapeneira.gal\/wp-content\/uploads\/2022\/10\/Inauguracio\u0301n-Praza-do-Calvario-04-300x200.jpg 300w, https:\/\/www.anovapeneira.gal\/wp-content\/uploads\/2022\/10\/Inauguracio\u0301n-Praza-do-Calvario-04-768x512.jpg 768w, https:\/\/www.anovapeneira.gal\/wp-content\/uploads\/2022\/10\/Inauguracio\u0301n-Praza-do-Calvario-04-1536x1024.jpg 1536w, https:\/\/www.anovapeneira.gal\/wp-content\/uploads\/2022\/10\/Inauguracio\u0301n-Praza-do-Calvario-04.jpg 2000w\" sizes=\"auto, (max-width: 1024px) 100vw, 1024px\" \/><\/figure>\n\n\n\n<figure class=\"wp-block-image size-large\"><img loading=\"lazy\" decoding=\"async\" width=\"1024\" height=\"682\" data-id=\"8311\" src=\"https:\/\/www.anovapeneira.gal\/wp-content\/uploads\/2022\/10\/Inauguracio\u0301n-Praza-do-Calvario-01-1024x682.jpg\" alt=\"\" class=\"wp-image-8311\" srcset=\"https:\/\/www.anovapeneira.gal\/wp-content\/uploads\/2022\/10\/Inauguracio\u0301n-Praza-do-Calvario-01-1024x682.jpg 1024w, https:\/\/www.anovapeneira.gal\/wp-content\/uploads\/2022\/10\/Inauguracio\u0301n-Praza-do-Calvario-01-300x200.jpg 300w, https:\/\/www.anovapeneira.gal\/wp-content\/uploads\/2022\/10\/Inauguracio\u0301n-Praza-do-Calvario-01-768x512.jpg 768w, https:\/\/www.anovapeneira.gal\/wp-content\/uploads\/2022\/10\/Inauguracio\u0301n-Praza-do-Calvario-01-1536x1024.jpg 1536w, https:\/\/www.anovapeneira.gal\/wp-content\/uploads\/2022\/10\/Inauguracio\u0301n-Praza-do-Calvario-01.jpg 2000w\" sizes=\"auto, (max-width: 1024px) 100vw, 1024px\" \/><\/figure>\n<\/figure>\n\n\n\n<p>Pola s\u00faa banda, a presidenta da Deputaci\u00f3n de Pontevedra, Carmela Silva, cualificou a reforma da praza como \u201cmod\u00e9lica\u201d e asegurou que \u201c\u00e9 un exemplo da reactivaci\u00f3n da provincia, tanto pola s\u00faa calidade est\u00e9tica como pola s\u00faa aposta polos valores hist\u00f3ricos e patrimoniais, para ofrecer \u00e1 veci\u00f1anza un espazo de lecer e convivencia\u201d.<\/p>\n\n\n\n<p>Foron en total 1,5 mill\u00f3ns de euros de investimento, dos que a Deputaci\u00f3n de Pontevedra achegou case 518.000 euros e o Concello m\u00e1is dun mill\u00f3n para os que solicitou fondos europeos dos Next Generation a trav\u00e9s do IDAE. Unha reforma integral que dota de identidade a zona, reforzando o espazo como punto de revitalizaci\u00f3n urbana e comercial da contorna, con novos usos e actividades que dinamicen a zona e cunha sobreira de gran porte pero tam\u00e9n cunha diversidade de \u00e1rbores para potenciar a multifuncionalidade da praza, tanto dende o punto de vista est\u00e9tico como para dispor de zonas de sombra.<\/p>\n\n\n\n<p>Ademais, a praza conta cunha iluminaci\u00f3n \u00fanica feita a medida que permite axustala en funci\u00f3n das necesidades de cada momento ou cun elemento elevado a modo de escenario que reinterpreta o templete de m\u00fasica que ti\u00f1a a praza nos anos 20, agora realizado en ladrillo artes\u00e1n en recordo aos cabaqueiros. Pero ademais de traballar no exterior tam\u00e9n se transformou e modernizou todo o que non se ve, coa colocaci\u00f3n de case 1.700 metros de tubaxe para a renovaci\u00f3n e soterramento de canalizaci\u00f3ns, redes de saneamento, abastecemento, pluviais, telecomunicaci\u00f3ns, electricidade e alumeado.<\/p>\n\n\n\n<p>\u201cMelloramos e transformamos a nosa praza nun espazo p\u00fablico de calidade e en mai\u00fasculas, sen barreiras, inclusivo, igualitario, democr\u00e1tico e accesible\u201d, explicou a rexedora, que destacou que \u201cconvertemos un aparcamento e unha rotonda no centro neur\u00e1lxico de interacci\u00f3n social, de convivencia, creando un espazo seguro, amable, saudable, moito m\u00e1is verde no que potenciar a actividade econ\u00f3mica de proximidade, o comercio e o consumo local\u201d.<\/p>\n\n\n\n<p>Pola s\u00faa banda, a presidenta da Deputaci\u00f3n de Pontevedra, Carmela Silva, subli\u00f1ou as\u00ed mesmo a relevancia do ReacPon para dotar de recursos aos concellos con este plan extraordinario \u201ccos que mobilizar a econom\u00eda da provincia, impulsando proxectos maduros que supo\u00f1en un compromiso coa mobilidade sostible, co medio ambiente, con infraestruturas modernas e dotaci\u00f3ns para que as persoas, vivan onde vivan, desfruten dos mesmos dereitos e servizos\u201d.<\/p>\n\n\n\n<p>O acto inaugural arrancou coa actuaci\u00f3n do grupo de baile de Paula Covi\u00e1n e pechouse tras a intervenci\u00f3n das autoridades cun concerto da Banda da Agrupaci\u00f3n Musical do Rosal.<\/p>\n","protected":false},"excerpt":{"rendered":"<div class=\"mh-excerpt\"><p>Alcaldesa e presidenta da Deputaci\u00f3n de Pontevedra inauguraron este s\u00e1bado este espazo transformador <a class=\"mh-excerpt-more\" href=\"https:\/\/www.anovapeneira.gal\/index.php\/2022\/10\/07\/a-praza-do-calvario-renovado-epicentro-da-actividade-economica-e-social-do-rosal\/\" title=\"A Praza do Calvario, renovado epicentro da actividade econ\u00f3mica e social do Rosal\">[&#8230;]<\/a><\/p>\n<\/div>","protected":false},"author":3,"featured_media":8306,"comment_status":"open","ping_status":"open","sticky":false,"template":"","format":"standard","meta":{"_exactmetrics_skip_tracking":false,"_exactmetrics_sitenote_active":false,"_exactmetrics_sitenote_note":"","_exactmetrics_sitenote_category":0,"footnotes":""},"categories":[21],"tags":[131],"class_list":{"0":"post-8305","1":"post","2":"type-post","3":"status-publish","4":"format-standard","5":"has-post-thumbnail","7":"category-baixo-mino","8":"tag-concello-do-rosal"},"yoast_head":"<!-- This site is optimized with the Yoast SEO plugin v27.4 - https:\/\/yoast.com\/product\/yoast-seo-wordpress\/ -->\n<title>A Praza do Calvario, renovado epicentro da actividade econ\u00f3mica e social do Rosal -<\/title>\n<meta name=\"description\" content=\"Alcaldesa e presidenta da Deputaci\u00f3n de Pontevedra inauguraron este s\u00e1bado este espazo transformador\" \/>\n<meta name=\"robots\" content=\"index, follow, max-snippet:-1, max-image-preview:large, max-video-preview:-1\" \/>\n<link rel=\"canonical\" href=\"https:\/\/www.anovapeneira.gal\/index.php\/2022\/10\/07\/a-praza-do-calvario-renovado-epicentro-da-actividade-economica-e-social-do-rosal\/\" \/>\n<meta property=\"og:locale\" content=\"gl_ES\" \/>\n<meta property=\"og:type\" content=\"article\" \/>\n<meta property=\"og:title\" content=\"A Praza do Calvario, renovado epicentro da actividade econ\u00f3mica e social do Rosal -\" \/>\n<meta property=\"og:description\" content=\"Alcaldesa e presidenta da Deputaci\u00f3n de Pontevedra inauguraron este s\u00e1bado este espazo transformador\" \/>\n<meta property=\"og:url\" content=\"https:\/\/www.anovapeneira.gal\/index.php\/2022\/10\/07\/a-praza-do-calvario-renovado-epicentro-da-actividade-economica-e-social-do-rosal\/\" \/>\n<meta property=\"article:publisher\" content=\"https:\/\/www.facebook.com\/anovapeneira\" \/>\n<meta property=\"article:published_time\" content=\"2022-10-07T08:00:59+00:00\" \/>\n<meta property=\"og:image\" content=\"https:\/\/www.anovapeneira.gal\/wp-content\/uploads\/2022\/10\/Inauguracio\u0301n-Praza-do-Calvario-02-1024x768.jpg\" \/>\n\t<meta property=\"og:image:width\" content=\"1024\" \/>\n\t<meta property=\"og:image:height\" content=\"768\" \/>\n\t<meta property=\"og:image:type\" content=\"image\/jpeg\" \/>\n<meta name=\"author\" content=\"Redacci\u00f3n A Nova Peneira\" \/>\n<meta name=\"twitter:card\" content=\"summary_large_image\" \/>\n<meta name=\"twitter:creator\" content=\"@APeneira\" \/>\n<meta name=\"twitter:site\" content=\"@APeneira\" \/>\n<meta name=\"twitter:label1\" content=\"Escrito por\" \/>\n\t<meta name=\"twitter:data1\" content=\"Redacci\u00f3n A Nova Peneira\" \/>\n\t<meta name=\"twitter:label2\" content=\"Tempo de lectura\" \/>\n\t<meta name=\"twitter:data2\" content=\"5 minutos\" \/>\n<script type=\"application\/ld+json\" class=\"yoast-schema-graph\">{\"@context\":\"https:\\\/\\\/schema.org\",\"@graph\":[{\"@type\":\"Article\",\"@id\":\"https:\\\/\\\/www.anovapeneira.gal\\\/index.php\\\/2022\\\/10\\\/07\\\/a-praza-do-calvario-renovado-epicentro-da-actividade-economica-e-social-do-rosal\\\/#article\",\"isPartOf\":{\"@id\":\"https:\\\/\\\/www.anovapeneira.gal\\\/index.php\\\/2022\\\/10\\\/07\\\/a-praza-do-calvario-renovado-epicentro-da-actividade-economica-e-social-do-rosal\\\/\"},\"author\":{\"name\":\"Redacci\u00f3n A Nova Peneira\",\"@id\":\"https:\\\/\\\/www.anovapeneira.gal\\\/#\\\/schema\\\/person\\\/b93e3f8932e3f8da96334607eb6ac6aa\"},\"headline\":\"A Praza do Calvario, renovado epicentro da actividade econ\u00f3mica e social do Rosal\",\"datePublished\":\"2022-10-07T08:00:59+00:00\",\"mainEntityOfPage\":{\"@id\":\"https:\\\/\\\/www.anovapeneira.gal\\\/index.php\\\/2022\\\/10\\\/07\\\/a-praza-do-calvario-renovado-epicentro-da-actividade-economica-e-social-do-rosal\\\/\"},\"wordCount\":809,\"commentCount\":0,\"publisher\":{\"@id\":\"https:\\\/\\\/www.anovapeneira.gal\\\/#organization\"},\"image\":{\"@id\":\"https:\\\/\\\/www.anovapeneira.gal\\\/index.php\\\/2022\\\/10\\\/07\\\/a-praza-do-calvario-renovado-epicentro-da-actividade-economica-e-social-do-rosal\\\/#primaryimage\"},\"thumbnailUrl\":\"https:\\\/\\\/www.anovapeneira.gal\\\/wp-content\\\/uploads\\\/2022\\\/10\\\/Inauguracio\u0301n-Praza-do-Calvario-02.jpg\",\"keywords\":[\"Concello do Rosal\"],\"articleSection\":[\"Baixo Mi\u00f1o\"],\"inLanguage\":\"gl-ES\",\"potentialAction\":[{\"@type\":\"CommentAction\",\"name\":\"Comment\",\"target\":[\"https:\\\/\\\/www.anovapeneira.gal\\\/index.php\\\/2022\\\/10\\\/07\\\/a-praza-do-calvario-renovado-epicentro-da-actividade-economica-e-social-do-rosal\\\/#respond\"]}]},{\"@type\":\"WebPage\",\"@id\":\"https:\\\/\\\/www.anovapeneira.gal\\\/index.php\\\/2022\\\/10\\\/07\\\/a-praza-do-calvario-renovado-epicentro-da-actividade-economica-e-social-do-rosal\\\/\",\"url\":\"https:\\\/\\\/www.anovapeneira.gal\\\/index.php\\\/2022\\\/10\\\/07\\\/a-praza-do-calvario-renovado-epicentro-da-actividade-economica-e-social-do-rosal\\\/\",\"name\":\"A Praza do Calvario, renovado epicentro da actividade econ\u00f3mica e social do Rosal -\",\"isPartOf\":{\"@id\":\"https:\\\/\\\/www.anovapeneira.gal\\\/#website\"},\"primaryImageOfPage\":{\"@id\":\"https:\\\/\\\/www.anovapeneira.gal\\\/index.php\\\/2022\\\/10\\\/07\\\/a-praza-do-calvario-renovado-epicentro-da-actividade-economica-e-social-do-rosal\\\/#primaryimage\"},\"image\":{\"@id\":\"https:\\\/\\\/www.anovapeneira.gal\\\/index.php\\\/2022\\\/10\\\/07\\\/a-praza-do-calvario-renovado-epicentro-da-actividade-economica-e-social-do-rosal\\\/#primaryimage\"},\"thumbnailUrl\":\"https:\\\/\\\/www.anovapeneira.gal\\\/wp-content\\\/uploads\\\/2022\\\/10\\\/Inauguracio\u0301n-Praza-do-Calvario-02.jpg\",\"datePublished\":\"2022-10-07T08:00:59+00:00\",\"description\":\"Alcaldesa e presidenta da Deputaci\u00f3n de Pontevedra inauguraron este s\u00e1bado este espazo transformador\",\"breadcrumb\":{\"@id\":\"https:\\\/\\\/www.anovapeneira.gal\\\/index.php\\\/2022\\\/10\\\/07\\\/a-praza-do-calvario-renovado-epicentro-da-actividade-economica-e-social-do-rosal\\\/#breadcrumb\"},\"inLanguage\":\"gl-ES\",\"potentialAction\":[{\"@type\":\"ReadAction\",\"target\":[\"https:\\\/\\\/www.anovapeneira.gal\\\/index.php\\\/2022\\\/10\\\/07\\\/a-praza-do-calvario-renovado-epicentro-da-actividade-economica-e-social-do-rosal\\\/\"]}]},{\"@type\":\"ImageObject\",\"inLanguage\":\"gl-ES\",\"@id\":\"https:\\\/\\\/www.anovapeneira.gal\\\/index.php\\\/2022\\\/10\\\/07\\\/a-praza-do-calvario-renovado-epicentro-da-actividade-economica-e-social-do-rosal\\\/#primaryimage\",\"url\":\"https:\\\/\\\/www.anovapeneira.gal\\\/wp-content\\\/uploads\\\/2022\\\/10\\\/Inauguracio\u0301n-Praza-do-Calvario-02.jpg\",\"contentUrl\":\"https:\\\/\\\/www.anovapeneira.gal\\\/wp-content\\\/uploads\\\/2022\\\/10\\\/Inauguracio\u0301n-Praza-do-Calvario-02.jpg\",\"width\":2000,\"height\":1500,\"caption\":\"A Praza do Calvario, renovado epicentro da actividade econ\u00f3mica e social do Rosal\"},{\"@type\":\"BreadcrumbList\",\"@id\":\"https:\\\/\\\/www.anovapeneira.gal\\\/index.php\\\/2022\\\/10\\\/07\\\/a-praza-do-calvario-renovado-epicentro-da-actividade-economica-e-social-do-rosal\\\/#breadcrumb\",\"itemListElement\":[{\"@type\":\"ListItem\",\"position\":1,\"name\":\"Portada\",\"item\":\"https:\\\/\\\/www.anovapeneira.gal\\\/\"},{\"@type\":\"ListItem\",\"position\":2,\"name\":\"A Praza do Calvario, renovado epicentro da actividade econ\u00f3mica e social do Rosal\"}]},{\"@type\":\"WebSite\",\"@id\":\"https:\\\/\\\/www.anovapeneira.gal\\\/#website\",\"url\":\"https:\\\/\\\/www.anovapeneira.gal\\\/\",\"name\":\"\",\"description\":\"Xornal galego de informaci\u00f3n xeral Publicaci\u00f3n mensual de novas de Galicia e en especial dos Concellos da sur da provincia de Pontevedra.\",\"publisher\":{\"@id\":\"https:\\\/\\\/www.anovapeneira.gal\\\/#organization\"},\"potentialAction\":[{\"@type\":\"SearchAction\",\"target\":{\"@type\":\"EntryPoint\",\"urlTemplate\":\"https:\\\/\\\/www.anovapeneira.gal\\\/?s={search_term_string}\"},\"query-input\":{\"@type\":\"PropertyValueSpecification\",\"valueRequired\":true,\"valueName\":\"search_term_string\"}}],\"inLanguage\":\"gl-ES\"},{\"@type\":\"Organization\",\"@id\":\"https:\\\/\\\/www.anovapeneira.gal\\\/#organization\",\"name\":\"A Nova Peneira\",\"url\":\"https:\\\/\\\/www.anovapeneira.gal\\\/\",\"logo\":{\"@type\":\"ImageObject\",\"inLanguage\":\"gl-ES\",\"@id\":\"https:\\\/\\\/www.anovapeneira.gal\\\/#\\\/schema\\\/logo\\\/image\\\/\",\"url\":\"http:\\\/\\\/www.anovapeneira.gal\\\/wp-content\\\/uploads\\\/2019\\\/06\\\/logo_a_nova_peneira_portal_web.png\",\"contentUrl\":\"http:\\\/\\\/www.anovapeneira.gal\\\/wp-content\\\/uploads\\\/2019\\\/06\\\/logo_a_nova_peneira_portal_web.png\",\"width\":300,\"height\":100,\"caption\":\"A Nova Peneira\"},\"image\":{\"@id\":\"https:\\\/\\\/www.anovapeneira.gal\\\/#\\\/schema\\\/logo\\\/image\\\/\"},\"sameAs\":[\"https:\\\/\\\/www.facebook.com\\\/anovapeneira\",\"https:\\\/\\\/x.com\\\/APeneira\"]},{\"@type\":\"Person\",\"@id\":\"https:\\\/\\\/www.anovapeneira.gal\\\/#\\\/schema\\\/person\\\/b93e3f8932e3f8da96334607eb6ac6aa\",\"name\":\"Redacci\u00f3n A Nova Peneira\",\"image\":{\"@type\":\"ImageObject\",\"inLanguage\":\"gl-ES\",\"@id\":\"https:\\\/\\\/secure.gravatar.com\\\/avatar\\\/c052a2551a06e23fac63626232eaa90abd78dbcf1700fc46a2b2c89fd27b735f?s=96&d=mm&r=g\",\"url\":\"https:\\\/\\\/secure.gravatar.com\\\/avatar\\\/c052a2551a06e23fac63626232eaa90abd78dbcf1700fc46a2b2c89fd27b735f?s=96&d=mm&r=g\",\"contentUrl\":\"https:\\\/\\\/secure.gravatar.com\\\/avatar\\\/c052a2551a06e23fac63626232eaa90abd78dbcf1700fc46a2b2c89fd27b735f?s=96&d=mm&r=g\",\"caption\":\"Redacci\u00f3n A Nova Peneira\"},\"sameAs\":[\"http:\\\/\\\/www.anovapeneira.gal\\\/\"],\"url\":\"https:\\\/\\\/www.anovapeneira.gal\\\/index.php\\\/author\\\/redactor\\\/\"}]}<\/script>\n<!-- \/ Yoast SEO plugin. -->","yoast_head_json":{"title":"A Praza do Calvario, renovado epicentro da actividade econ\u00f3mica e social do Rosal -","description":"Alcaldesa e presidenta da Deputaci\u00f3n de Pontevedra inauguraron este s\u00e1bado este espazo transformador","robots":{"index":"index","follow":"follow","max-snippet":"max-snippet:-1","max-image-preview":"max-image-preview:large","max-video-preview":"max-video-preview:-1"},"canonical":"https:\/\/www.anovapeneira.gal\/index.php\/2022\/10\/07\/a-praza-do-calvario-renovado-epicentro-da-actividade-economica-e-social-do-rosal\/","og_locale":"gl_ES","og_type":"article","og_title":"A Praza do Calvario, renovado epicentro da actividade econ\u00f3mica e social do Rosal -","og_description":"Alcaldesa e presidenta da Deputaci\u00f3n de Pontevedra inauguraron este s\u00e1bado este espazo transformador","og_url":"https:\/\/www.anovapeneira.gal\/index.php\/2022\/10\/07\/a-praza-do-calvario-renovado-epicentro-da-actividade-economica-e-social-do-rosal\/","article_publisher":"https:\/\/www.facebook.com\/anovapeneira","article_published_time":"2022-10-07T08:00:59+00:00","og_image":[{"width":1024,"height":768,"url":"https:\/\/www.anovapeneira.gal\/wp-content\/uploads\/2022\/10\/Inauguracio\u0301n-Praza-do-Calvario-02-1024x768.jpg","type":"image\/jpeg"}],"author":"Redacci\u00f3n A Nova Peneira","twitter_card":"summary_large_image","twitter_creator":"@APeneira","twitter_site":"@APeneira","twitter_misc":{"Escrito por":"Redacci\u00f3n A Nova Peneira","Tempo de lectura":"5 minutos"},"schema":{"@context":"https:\/\/schema.org","@graph":[{"@type":"Article","@id":"https:\/\/www.anovapeneira.gal\/index.php\/2022\/10\/07\/a-praza-do-calvario-renovado-epicentro-da-actividade-economica-e-social-do-rosal\/#article","isPartOf":{"@id":"https:\/\/www.anovapeneira.gal\/index.php\/2022\/10\/07\/a-praza-do-calvario-renovado-epicentro-da-actividade-economica-e-social-do-rosal\/"},"author":{"name":"Redacci\u00f3n A Nova Peneira","@id":"https:\/\/www.anovapeneira.gal\/#\/schema\/person\/b93e3f8932e3f8da96334607eb6ac6aa"},"headline":"A Praza do Calvario, renovado epicentro da actividade econ\u00f3mica e social do Rosal","datePublished":"2022-10-07T08:00:59+00:00","mainEntityOfPage":{"@id":"https:\/\/www.anovapeneira.gal\/index.php\/2022\/10\/07\/a-praza-do-calvario-renovado-epicentro-da-actividade-economica-e-social-do-rosal\/"},"wordCount":809,"commentCount":0,"publisher":{"@id":"https:\/\/www.anovapeneira.gal\/#organization"},"image":{"@id":"https:\/\/www.anovapeneira.gal\/index.php\/2022\/10\/07\/a-praza-do-calvario-renovado-epicentro-da-actividade-economica-e-social-do-rosal\/#primaryimage"},"thumbnailUrl":"https:\/\/www.anovapeneira.gal\/wp-content\/uploads\/2022\/10\/Inauguracio\u0301n-Praza-do-Calvario-02.jpg","keywords":["Concello do Rosal"],"articleSection":["Baixo Mi\u00f1o"],"inLanguage":"gl-ES","potentialAction":[{"@type":"CommentAction","name":"Comment","target":["https:\/\/www.anovapeneira.gal\/index.php\/2022\/10\/07\/a-praza-do-calvario-renovado-epicentro-da-actividade-economica-e-social-do-rosal\/#respond"]}]},{"@type":"WebPage","@id":"https:\/\/www.anovapeneira.gal\/index.php\/2022\/10\/07\/a-praza-do-calvario-renovado-epicentro-da-actividade-economica-e-social-do-rosal\/","url":"https:\/\/www.anovapeneira.gal\/index.php\/2022\/10\/07\/a-praza-do-calvario-renovado-epicentro-da-actividade-economica-e-social-do-rosal\/","name":"A Praza do Calvario, renovado epicentro da actividade econ\u00f3mica e social do Rosal -","isPartOf":{"@id":"https:\/\/www.anovapeneira.gal\/#website"},"primaryImageOfPage":{"@id":"https:\/\/www.anovapeneira.gal\/index.php\/2022\/10\/07\/a-praza-do-calvario-renovado-epicentro-da-actividade-economica-e-social-do-rosal\/#primaryimage"},"image":{"@id":"https:\/\/www.anovapeneira.gal\/index.php\/2022\/10\/07\/a-praza-do-calvario-renovado-epicentro-da-actividade-economica-e-social-do-rosal\/#primaryimage"},"thumbnailUrl":"https:\/\/www.anovapeneira.gal\/wp-content\/uploads\/2022\/10\/Inauguracio\u0301n-Praza-do-Calvario-02.jpg","datePublished":"2022-10-07T08:00:59+00:00","description":"Alcaldesa e presidenta da Deputaci\u00f3n de Pontevedra inauguraron este s\u00e1bado este espazo transformador","breadcrumb":{"@id":"https:\/\/www.anovapeneira.gal\/index.php\/2022\/10\/07\/a-praza-do-calvario-renovado-epicentro-da-actividade-economica-e-social-do-rosal\/#breadcrumb"},"inLanguage":"gl-ES","potentialAction":[{"@type":"ReadAction","target":["https:\/\/www.anovapeneira.gal\/index.php\/2022\/10\/07\/a-praza-do-calvario-renovado-epicentro-da-actividade-economica-e-social-do-rosal\/"]}]},{"@type":"ImageObject","inLanguage":"gl-ES","@id":"https:\/\/www.anovapeneira.gal\/index.php\/2022\/10\/07\/a-praza-do-calvario-renovado-epicentro-da-actividade-economica-e-social-do-rosal\/#primaryimage","url":"https:\/\/www.anovapeneira.gal\/wp-content\/uploads\/2022\/10\/Inauguracio\u0301n-Praza-do-Calvario-02.jpg","contentUrl":"https:\/\/www.anovapeneira.gal\/wp-content\/uploads\/2022\/10\/Inauguracio\u0301n-Praza-do-Calvario-02.jpg","width":2000,"height":1500,"caption":"A Praza do Calvario, renovado epicentro da actividade econ\u00f3mica e social do Rosal"},{"@type":"BreadcrumbList","@id":"https:\/\/www.anovapeneira.gal\/index.php\/2022\/10\/07\/a-praza-do-calvario-renovado-epicentro-da-actividade-economica-e-social-do-rosal\/#breadcrumb","itemListElement":[{"@type":"ListItem","position":1,"name":"Portada","item":"https:\/\/www.anovapeneira.gal\/"},{"@type":"ListItem","position":2,"name":"A Praza do Calvario, renovado epicentro da actividade econ\u00f3mica e social do Rosal"}]},{"@type":"WebSite","@id":"https:\/\/www.anovapeneira.gal\/#website","url":"https:\/\/www.anovapeneira.gal\/","name":"","description":"Xornal galego de informaci\u00f3n xeral Publicaci\u00f3n mensual de novas de Galicia e en especial dos Concellos da sur da provincia de Pontevedra.","publisher":{"@id":"https:\/\/www.anovapeneira.gal\/#organization"},"potentialAction":[{"@type":"SearchAction","target":{"@type":"EntryPoint","urlTemplate":"https:\/\/www.anovapeneira.gal\/?s={search_term_string}"},"query-input":{"@type":"PropertyValueSpecification","valueRequired":true,"valueName":"search_term_string"}}],"inLanguage":"gl-ES"},{"@type":"Organization","@id":"https:\/\/www.anovapeneira.gal\/#organization","name":"A Nova Peneira","url":"https:\/\/www.anovapeneira.gal\/","logo":{"@type":"ImageObject","inLanguage":"gl-ES","@id":"https:\/\/www.anovapeneira.gal\/#\/schema\/logo\/image\/","url":"http:\/\/www.anovapeneira.gal\/wp-content\/uploads\/2019\/06\/logo_a_nova_peneira_portal_web.png","contentUrl":"http:\/\/www.anovapeneira.gal\/wp-content\/uploads\/2019\/06\/logo_a_nova_peneira_portal_web.png","width":300,"height":100,"caption":"A Nova Peneira"},"image":{"@id":"https:\/\/www.anovapeneira.gal\/#\/schema\/logo\/image\/"},"sameAs":["https:\/\/www.facebook.com\/anovapeneira","https:\/\/x.com\/APeneira"]},{"@type":"Person","@id":"https:\/\/www.anovapeneira.gal\/#\/schema\/person\/b93e3f8932e3f8da96334607eb6ac6aa","name":"Redacci\u00f3n A Nova Peneira","image":{"@type":"ImageObject","inLanguage":"gl-ES","@id":"https:\/\/secure.gravatar.com\/avatar\/c052a2551a06e23fac63626232eaa90abd78dbcf1700fc46a2b2c89fd27b735f?s=96&d=mm&r=g","url":"https:\/\/secure.gravatar.com\/avatar\/c052a2551a06e23fac63626232eaa90abd78dbcf1700fc46a2b2c89fd27b735f?s=96&d=mm&r=g","contentUrl":"https:\/\/secure.gravatar.com\/avatar\/c052a2551a06e23fac63626232eaa90abd78dbcf1700fc46a2b2c89fd27b735f?s=96&d=mm&r=g","caption":"Redacci\u00f3n A Nova Peneira"},"sameAs":["http:\/\/www.anovapeneira.gal\/"],"url":"https:\/\/www.anovapeneira.gal\/index.php\/author\/redactor\/"}]}},"jetpack_featured_media_url":"https:\/\/www.anovapeneira.gal\/wp-content\/uploads\/2022\/10\/Inauguracio\u0301n-Praza-do-Calvario-02.jpg","_links":{"self":[{"href":"https:\/\/www.anovapeneira.gal\/index.php\/wp-json\/wp\/v2\/posts\/8305","targetHints":{"allow":["GET"]}}],"collection":[{"href":"https:\/\/www.anovapeneira.gal\/index.php\/wp-json\/wp\/v2\/posts"}],"about":[{"href":"https:\/\/www.anovapeneira.gal\/index.php\/wp-json\/wp\/v2\/types\/post"}],"author":[{"embeddable":true,"href":"https:\/\/www.anovapeneira.gal\/index.php\/wp-json\/wp\/v2\/users\/3"}],"replies":[{"embeddable":true,"href":"https:\/\/www.anovapeneira.gal\/index.php\/wp-json\/wp\/v2\/comments?post=8305"}],"version-history":[{"count":2,"href":"https:\/\/www.anovapeneira.gal\/index.php\/wp-json\/wp\/v2\/posts\/8305\/revisions"}],"predecessor-version":[{"id":8312,"href":"https:\/\/www.anovapeneira.gal\/index.php\/wp-json\/wp\/v2\/posts\/8305\/revisions\/8312"}],"wp:featuredmedia":[{"embeddable":true,"href":"https:\/\/www.anovapeneira.gal\/index.php\/wp-json\/wp\/v2\/media\/8306"}],"wp:attachment":[{"href":"https:\/\/www.anovapeneira.gal\/index.php\/wp-json\/wp\/v2\/media?parent=8305"}],"wp:term":[{"taxonomy":"category","embeddable":true,"href":"https:\/\/www.anovapeneira.gal\/index.php\/wp-json\/wp\/v2\/categories?post=8305"},{"taxonomy":"post_tag","embeddable":true,"href":"https:\/\/www.anovapeneira.gal\/index.php\/wp-json\/wp\/v2\/tags?post=8305"}],"curies":[{"name":"wp","href":"https:\/\/api.w.org\/{rel}","templated":true}]}}