{"id":832,"date":"2019-08-06T14:00:17","date_gmt":"2019-08-06T12:00:17","guid":{"rendered":"http:\/\/www.anovapeneira.gal\/?p=832"},"modified":"2019-08-02T11:48:59","modified_gmt":"2019-08-02T09:48:59","slug":"a-maioria-dos-novos-contratos-do-segundo-trimestre-de-2019-foron-temporais-e-asinados-por-homes","status":"publish","type":"post","link":"https:\/\/www.anovapeneira.gal\/index.php\/2019\/08\/06\/a-maioria-dos-novos-contratos-do-segundo-trimestre-de-2019-foron-temporais-e-asinados-por-homes\/","title":{"rendered":"A maior\u00eda dos novos contratos do segundo trimestre de 2019 foron temporais e asinados por homes"},"content":{"rendered":"\n<h2 class=\"wp-block-heading\">A ocupaci\u00f3n medra menos con respecto a per\u00edodos anteriores e aumenta a diferenza entre as taxas de paro masculina e feminina<\/h2>\n\n\n\n<p><strong>CIG, 26 de xullo de 2019<\/strong><\/p>\n\n\n\n<p>O segundo trimestre do ano rematou en Galiza con 18.600 persoas \nocupadas m\u00e1is que no trimestre anterior e con 13.500 paradas menos. \nTr\u00e1tase do peor dato de ocupaci\u00f3n dos \u00faltimos anos, xa que esta medrara \nen 25.700 no mesmo per\u00edodo de 2018. Ademais, a maior parte dos novos \ncontratos tiveron car\u00e1cter temporal, superando o 90%, e foron asinados \npor homes (74,2%), o que fai aumentar de novo a diferenza entre as taxas\n de paro masculina e feminina.<\/p>\n\n\n\n<p>Atop\u00e1monos diante dunha tendencia positiva propia deste per\u00edodo ao \ninclu\u00edr parte das contrataci\u00f3ns da \u00e9poca estival. As caracter\u00edsticas do \nemprego creado tam\u00e9n marcan unha tendencia continu\u00edsta, xa que os postos\n de traballo foron maioritariamente por conta allea, \u00e9 dicir, \nasalariadas\/os no 60% dos casos, e de car\u00e1cter temporal (91% das novas \npersoas asalariadas).<\/p>\n\n\n\n<p>O medre da ocupaci\u00f3n afectou en maior medida ao sector servizos (7100\n ocupados\/as m\u00e1is) e \u00e1 industria, con 5.800 novas contrataci\u00f3ns; a\u00ednda \nque todos os sectores rexistraron unha evoluci\u00f3n positiva.<\/p>\n\n\n\n<p><strong>EPA II trimestre. Principais vari\u00e1beis. <\/strong><\/p>\n\n\n\n<table class=\"wp-block-table\"><tbody><tr><td>\n&nbsp;\n<\/td><td>\n<strong>Total<\/strong>\n<\/td><td>\n<strong>Evoluci\u00f3n<\/strong>\n<\/td><td>\n&nbsp;\n<\/td><td>\n&nbsp;\n<\/td><td>\n&nbsp;\n<\/td><\/tr><tr><td>\n&nbsp;\n<\/td><td>\n<strong>Total<\/strong>\n<\/td><td>\nTrimestral\n<\/td><td>\n&nbsp;\n<\/td><td>\nAnual\n<\/td><td>\n&nbsp;\n<\/td><\/tr><tr><td>\n&nbsp;\n<\/td><td>\n<strong>2018\/II<\/strong>\n<\/td><td>\n<strong>2019\/I<\/strong>\n<\/td><td>\n<strong>2019\/II<\/strong>\n<\/td><td>\n<strong>Absoluta<\/strong>\n<\/td><td>\n<strong>%<\/strong>\n<\/td><td>\n<strong>Absoluta<\/strong>\n<\/td><td>\n<strong>%<\/strong>\n<\/td><\/tr><tr><td>\n<strong>Total<\/strong>\n<\/td><td>\n2.333,50\n<\/td><td>\n2.333,90\n<\/td><td>\n2.334,30\n<\/td><td>\n0,40\n<\/td><td>\n0,02\n<\/td><td>\n0,80\n<\/td><td>\n0,03\n<\/td><\/tr><tr><td>\n<strong>Activos<\/strong>\n<\/td><td>\n1.250,80\n<\/td><td>\n1.234,20\n<\/td><td>\n1.239,10\n<\/td><td>\n4,90\n<\/td><td>\n0,40\n<\/td><td>\n-11,70\n<\/td><td>\n-0,94\n<\/td><\/tr><tr><td>\n<strong>Poboaci\u00f3n ocupada<\/strong>\n<\/td><td>\n1.075,80\n<\/td><td>\n1.080,20\n<\/td><td>\n1.098,80\n<\/td><td>\n18,60\n<\/td><td>\n1,72\n<\/td><td>\n23,00\n<\/td><td>\n2,14\n<\/td><\/tr><tr><td>\n<strong>Poboaci\u00f3n parada<\/strong>\n<\/td><td>\n175\n<\/td><td>\n153,9\n<\/td><td>\n140,4\n<\/td><td>\n-13,50\n<\/td><td>\n-8,77\n<\/td><td>\n-34,60\n<\/td><td>\n-19,77\n<\/td><\/tr><tr><td>\n<strong>Inactivos<\/strong>\n<\/td><td>\n1.082,70\n<\/td><td>\n1.099,70\n<\/td><td>\n1.095,20\n<\/td><td>\n-4,50\n<\/td><td>\n-0,41\n<\/td><td>\n12,50\n<\/td><td>\n1,15\n<\/td><\/tr><tr><td>\n&nbsp;\n<\/td><td>\n&nbsp;\n<\/td><td>\n&nbsp;\n<\/td><td>\n&nbsp;\n<\/td><td>\n&nbsp;\n<\/td><td>\n&nbsp;\n<\/td><td>\n&nbsp;\n<\/td><td>\n&nbsp;\n<\/td><\/tr><\/tbody><\/table>\n\n\n\n<p><strong>Fonte: INE. EPA. Valores absolutos en miles.<\/strong><\/p>\n\n\n\n<p>No que atinxe ao sexo, a maior\u00eda do emprego creado foi entre os homes\n (74,2%), o que provoca que volva medrar a diferenza entre as taxas de \nparo masculina e feminina. Nas etapas de destruci\u00f3n de emprego as taxas \nequipar\u00e1ronse, chegando incluso a masculina a superar a feminina, pero \ncando o emprego se recupera minimamente volven aumentar as diferenzas, o\n que para a CIG amosa o papel secundario que as mulleres contin\u00faan a ter\n no mercado laboral. A taxa de paro situouse neste per\u00edodo no 11,3%: a \ndos homes baixou at\u00e9 o 10,7% e a das mulleres contin\u00faa no 12%.<\/p>\n\n\n\n<p>O medre da ocupaci\u00f3n tam\u00e9n mellorou a situaci\u00f3n dalg\u00fans fogares que \ncontaban con todos os seus membros no paro. Con todo, rex\u00edstrase un \nn\u00famero moi elevado de fogares (52.200) con alg\u00fan membro activo no que \ntodos est\u00e1n parados (trimestre anterior eran 55.000).<\/p>\n\n\n\n<p>En resumo, os datos da Enquisa de Poboaci\u00f3n Activa (EPA) do segundo \ntrimestre de 2019 amosan a continuidade da tendencia xa co\u00f1ecida: medre \nda ocupaci\u00f3n de car\u00e1cter estacional e polo tanto temporal. Ao mesmo \ntempo, reflicten que o incremento do SMI non provocou un aumento da \ndestruci\u00f3n de emprego, polo que dende a CIG consideran necesario afondar\n neste sentido e apostan pola derrogaci\u00f3n das reformas laborais que \nest\u00e1n detr\u00e1s da crecente precarizaci\u00f3n do emprego.<\/p>\n\n\n\n<p><strong>Pol\u00edticas propias<\/strong><\/p>\n\n\n\n<p>O secretario confederal de Emprego e Industria, Fran Cartelle, fai \nfincap\u00e9 no feito de que os datos deixan ver a menor baixada do \ndesemprego no segundo trimestre dos \u00faltimos anos, as\u00ed como que esta se \ncentre principalmente no sector servizos. Sinala tam\u00e9n que dous terzos \ndos empregos creados compens\u00e1ronse con esa cantidade de empregos \ndestru\u00eddos, o que d\u00e1 idea da enorme rotaci\u00f3n no mercado de traballo.<\/p>\n\n\n\n<p>\u201cNunha xornada como a de hoxe, d\u00eda posterior ao da Patria Galega, \u00e1 \nvista da situaci\u00f3n de deterioro da calidade do emprego e da \ndesertizaci\u00f3n industrial do pa\u00eds non podemos facer outra cousa que \nreclamar con m\u00e1is forza a necesidade de que Galiza pos\u00faa competencias \nplenas que nos permitan desenvolver pol\u00edticas industriais que aproveiten\n a enorme potencialidade dos nosos sectores produtivos e pol\u00edticas \necon\u00f3micas e laborais que sirvan para distribu\u00edr a riqueza e para \nmellorar as condici\u00f3ns de vida da clase traballadora galega\u201d.<\/p>\n\n\n\n<p>Para Cartelle, a soberan\u00eda \u00e9 a ferramenta que nos permitir\u00eda rematar \ncon esta realidade laboral na que a precariedade e a inxustiza social \navanzan da man de gobernos que act\u00faan ao ditado dos intereses da elite \necon\u00f3mica.<\/p>\n","protected":false},"excerpt":{"rendered":"<div class=\"mh-excerpt\"><p>O segundo trimestre do ano rematou en Galiza con 18.600 persoas ocupadas m\u00e1is que no trimestre anterior e con 13.500 paradas menos. Tr\u00e1tase do peor dato de ocupaci\u00f3n dos \u00faltimos anos, xa que esta medrara en 25.700 no mesmo per\u00edodo de 2018 <a class=\"mh-excerpt-more\" href=\"https:\/\/www.anovapeneira.gal\/index.php\/2019\/08\/06\/a-maioria-dos-novos-contratos-do-segundo-trimestre-de-2019-foron-temporais-e-asinados-por-homes\/\" title=\"A maior\u00eda dos novos contratos do segundo trimestre de 2019 foron temporais e asinados por homes\">[&#8230;]<\/a><\/p>\n<\/div>","protected":false},"author":3,"featured_media":834,"comment_status":"open","ping_status":"open","sticky":false,"template":"","format":"standard","meta":{"_exactmetrics_skip_tracking":false,"_exactmetrics_sitenote_active":false,"_exactmetrics_sitenote_note":"","_exactmetrics_sitenote_category":0,"footnotes":""},"categories":[263],"tags":[88,113,385,302],"class_list":{"0":"post-832","1":"post","2":"type-post","3":"status-publish","4":"format-standard","5":"has-post-thumbnail","7":"category-novas","8":"tag-cig","9":"tag-igualdade","10":"tag-ocupacion","11":"tag-traballo-e-benestar"},"yoast_head":"<!-- This site is optimized with the Yoast SEO plugin v27.4 - https:\/\/yoast.com\/product\/yoast-seo-wordpress\/ -->\n<title>A maior\u00eda dos novos contratos do segundo trimestre de 2019 foron temporais e asinados por homes -<\/title>\n<meta name=\"robots\" content=\"index, follow, max-snippet:-1, max-image-preview:large, max-video-preview:-1\" \/>\n<link rel=\"canonical\" href=\"https:\/\/www.anovapeneira.gal\/index.php\/2019\/08\/06\/a-maioria-dos-novos-contratos-do-segundo-trimestre-de-2019-foron-temporais-e-asinados-por-homes\/\" \/>\n<meta property=\"og:locale\" content=\"gl_ES\" \/>\n<meta property=\"og:type\" content=\"article\" \/>\n<meta property=\"og:title\" content=\"A maior\u00eda dos novos contratos do segundo trimestre de 2019 foron temporais e asinados por homes -\" \/>\n<meta property=\"og:description\" content=\"O segundo trimestre do ano rematou en Galiza con 18.600 persoas ocupadas m\u00e1is que no trimestre anterior e con 13.500 paradas menos. Tr\u00e1tase do peor dato de ocupaci\u00f3n dos \u00faltimos anos, xa que esta medrara en 25.700 no mesmo per\u00edodo de 2018 [...]\" \/>\n<meta property=\"og:url\" content=\"https:\/\/www.anovapeneira.gal\/index.php\/2019\/08\/06\/a-maioria-dos-novos-contratos-do-segundo-trimestre-de-2019-foron-temporais-e-asinados-por-homes\/\" \/>\n<meta property=\"article:publisher\" content=\"https:\/\/www.facebook.com\/anovapeneira\" \/>\n<meta property=\"article:published_time\" content=\"2019-08-06T12:00:17+00:00\" \/>\n<meta property=\"og:image\" content=\"https:\/\/www.anovapeneira.gal\/wp-content\/uploads\/2019\/08\/contratos_galicia_a_nova_peneira.jpg\" \/>\n\t<meta property=\"og:image:width\" content=\"720\" \/>\n\t<meta property=\"og:image:height\" content=\"473\" \/>\n\t<meta property=\"og:image:type\" content=\"image\/jpeg\" \/>\n<meta name=\"author\" content=\"Redacci\u00f3n A Nova Peneira\" \/>\n<meta name=\"twitter:card\" content=\"summary_large_image\" \/>\n<meta name=\"twitter:creator\" content=\"@APeneira\" \/>\n<meta name=\"twitter:site\" content=\"@APeneira\" \/>\n<meta name=\"twitter:label1\" content=\"Escrito por\" \/>\n\t<meta name=\"twitter:data1\" content=\"Redacci\u00f3n A Nova Peneira\" \/>\n\t<meta name=\"twitter:label2\" content=\"Tempo de lectura\" \/>\n\t<meta name=\"twitter:data2\" content=\"3 minutos\" \/>\n<script type=\"application\/ld+json\" class=\"yoast-schema-graph\">{\"@context\":\"https:\\\/\\\/schema.org\",\"@graph\":[{\"@type\":\"Article\",\"@id\":\"https:\\\/\\\/www.anovapeneira.gal\\\/index.php\\\/2019\\\/08\\\/06\\\/a-maioria-dos-novos-contratos-do-segundo-trimestre-de-2019-foron-temporais-e-asinados-por-homes\\\/#article\",\"isPartOf\":{\"@id\":\"https:\\\/\\\/www.anovapeneira.gal\\\/index.php\\\/2019\\\/08\\\/06\\\/a-maioria-dos-novos-contratos-do-segundo-trimestre-de-2019-foron-temporais-e-asinados-por-homes\\\/\"},\"author\":{\"name\":\"Redacci\u00f3n A Nova Peneira\",\"@id\":\"https:\\\/\\\/www.anovapeneira.gal\\\/#\\\/schema\\\/person\\\/b93e3f8932e3f8da96334607eb6ac6aa\"},\"headline\":\"A maior\u00eda dos novos contratos do segundo trimestre de 2019 foron temporais e asinados por homes\",\"datePublished\":\"2019-08-06T12:00:17+00:00\",\"mainEntityOfPage\":{\"@id\":\"https:\\\/\\\/www.anovapeneira.gal\\\/index.php\\\/2019\\\/08\\\/06\\\/a-maioria-dos-novos-contratos-do-segundo-trimestre-de-2019-foron-temporais-e-asinados-por-homes\\\/\"},\"wordCount\":706,\"commentCount\":0,\"publisher\":{\"@id\":\"https:\\\/\\\/www.anovapeneira.gal\\\/#organization\"},\"image\":{\"@id\":\"https:\\\/\\\/www.anovapeneira.gal\\\/index.php\\\/2019\\\/08\\\/06\\\/a-maioria-dos-novos-contratos-do-segundo-trimestre-de-2019-foron-temporais-e-asinados-por-homes\\\/#primaryimage\"},\"thumbnailUrl\":\"https:\\\/\\\/www.anovapeneira.gal\\\/wp-content\\\/uploads\\\/2019\\\/08\\\/contratos_galicia_a_nova_peneira.jpg\",\"keywords\":[\"CIG\",\"Igualdade\",\"Ocupaci\u00f3n\",\"Traballo e Benestar\"],\"articleSection\":[\"Novas\"],\"inLanguage\":\"gl-ES\",\"potentialAction\":[{\"@type\":\"CommentAction\",\"name\":\"Comment\",\"target\":[\"https:\\\/\\\/www.anovapeneira.gal\\\/index.php\\\/2019\\\/08\\\/06\\\/a-maioria-dos-novos-contratos-do-segundo-trimestre-de-2019-foron-temporais-e-asinados-por-homes\\\/#respond\"]}]},{\"@type\":\"WebPage\",\"@id\":\"https:\\\/\\\/www.anovapeneira.gal\\\/index.php\\\/2019\\\/08\\\/06\\\/a-maioria-dos-novos-contratos-do-segundo-trimestre-de-2019-foron-temporais-e-asinados-por-homes\\\/\",\"url\":\"https:\\\/\\\/www.anovapeneira.gal\\\/index.php\\\/2019\\\/08\\\/06\\\/a-maioria-dos-novos-contratos-do-segundo-trimestre-de-2019-foron-temporais-e-asinados-por-homes\\\/\",\"name\":\"A maior\u00eda dos novos contratos do segundo trimestre de 2019 foron temporais e asinados por homes -\",\"isPartOf\":{\"@id\":\"https:\\\/\\\/www.anovapeneira.gal\\\/#website\"},\"primaryImageOfPage\":{\"@id\":\"https:\\\/\\\/www.anovapeneira.gal\\\/index.php\\\/2019\\\/08\\\/06\\\/a-maioria-dos-novos-contratos-do-segundo-trimestre-de-2019-foron-temporais-e-asinados-por-homes\\\/#primaryimage\"},\"image\":{\"@id\":\"https:\\\/\\\/www.anovapeneira.gal\\\/index.php\\\/2019\\\/08\\\/06\\\/a-maioria-dos-novos-contratos-do-segundo-trimestre-de-2019-foron-temporais-e-asinados-por-homes\\\/#primaryimage\"},\"thumbnailUrl\":\"https:\\\/\\\/www.anovapeneira.gal\\\/wp-content\\\/uploads\\\/2019\\\/08\\\/contratos_galicia_a_nova_peneira.jpg\",\"datePublished\":\"2019-08-06T12:00:17+00:00\",\"breadcrumb\":{\"@id\":\"https:\\\/\\\/www.anovapeneira.gal\\\/index.php\\\/2019\\\/08\\\/06\\\/a-maioria-dos-novos-contratos-do-segundo-trimestre-de-2019-foron-temporais-e-asinados-por-homes\\\/#breadcrumb\"},\"inLanguage\":\"gl-ES\",\"potentialAction\":[{\"@type\":\"ReadAction\",\"target\":[\"https:\\\/\\\/www.anovapeneira.gal\\\/index.php\\\/2019\\\/08\\\/06\\\/a-maioria-dos-novos-contratos-do-segundo-trimestre-de-2019-foron-temporais-e-asinados-por-homes\\\/\"]}]},{\"@type\":\"ImageObject\",\"inLanguage\":\"gl-ES\",\"@id\":\"https:\\\/\\\/www.anovapeneira.gal\\\/index.php\\\/2019\\\/08\\\/06\\\/a-maioria-dos-novos-contratos-do-segundo-trimestre-de-2019-foron-temporais-e-asinados-por-homes\\\/#primaryimage\",\"url\":\"https:\\\/\\\/www.anovapeneira.gal\\\/wp-content\\\/uploads\\\/2019\\\/08\\\/contratos_galicia_a_nova_peneira.jpg\",\"contentUrl\":\"https:\\\/\\\/www.anovapeneira.gal\\\/wp-content\\\/uploads\\\/2019\\\/08\\\/contratos_galicia_a_nova_peneira.jpg\",\"width\":720,\"height\":473,\"caption\":\"Contratos Galicia CIG A Nova Peneira\"},{\"@type\":\"BreadcrumbList\",\"@id\":\"https:\\\/\\\/www.anovapeneira.gal\\\/index.php\\\/2019\\\/08\\\/06\\\/a-maioria-dos-novos-contratos-do-segundo-trimestre-de-2019-foron-temporais-e-asinados-por-homes\\\/#breadcrumb\",\"itemListElement\":[{\"@type\":\"ListItem\",\"position\":1,\"name\":\"Portada\",\"item\":\"https:\\\/\\\/www.anovapeneira.gal\\\/\"},{\"@type\":\"ListItem\",\"position\":2,\"name\":\"A maior\u00eda dos novos contratos do segundo trimestre de 2019 foron temporais e asinados por homes\"}]},{\"@type\":\"WebSite\",\"@id\":\"https:\\\/\\\/www.anovapeneira.gal\\\/#website\",\"url\":\"https:\\\/\\\/www.anovapeneira.gal\\\/\",\"name\":\"\",\"description\":\"Xornal galego de informaci\u00f3n xeral Publicaci\u00f3n mensual de novas de Galicia e en especial dos Concellos da sur da provincia de Pontevedra.\",\"publisher\":{\"@id\":\"https:\\\/\\\/www.anovapeneira.gal\\\/#organization\"},\"potentialAction\":[{\"@type\":\"SearchAction\",\"target\":{\"@type\":\"EntryPoint\",\"urlTemplate\":\"https:\\\/\\\/www.anovapeneira.gal\\\/?s={search_term_string}\"},\"query-input\":{\"@type\":\"PropertyValueSpecification\",\"valueRequired\":true,\"valueName\":\"search_term_string\"}}],\"inLanguage\":\"gl-ES\"},{\"@type\":\"Organization\",\"@id\":\"https:\\\/\\\/www.anovapeneira.gal\\\/#organization\",\"name\":\"A Nova Peneira\",\"url\":\"https:\\\/\\\/www.anovapeneira.gal\\\/\",\"logo\":{\"@type\":\"ImageObject\",\"inLanguage\":\"gl-ES\",\"@id\":\"https:\\\/\\\/www.anovapeneira.gal\\\/#\\\/schema\\\/logo\\\/image\\\/\",\"url\":\"http:\\\/\\\/www.anovapeneira.gal\\\/wp-content\\\/uploads\\\/2019\\\/06\\\/logo_a_nova_peneira_portal_web.png\",\"contentUrl\":\"http:\\\/\\\/www.anovapeneira.gal\\\/wp-content\\\/uploads\\\/2019\\\/06\\\/logo_a_nova_peneira_portal_web.png\",\"width\":300,\"height\":100,\"caption\":\"A Nova Peneira\"},\"image\":{\"@id\":\"https:\\\/\\\/www.anovapeneira.gal\\\/#\\\/schema\\\/logo\\\/image\\\/\"},\"sameAs\":[\"https:\\\/\\\/www.facebook.com\\\/anovapeneira\",\"https:\\\/\\\/x.com\\\/APeneira\"]},{\"@type\":\"Person\",\"@id\":\"https:\\\/\\\/www.anovapeneira.gal\\\/#\\\/schema\\\/person\\\/b93e3f8932e3f8da96334607eb6ac6aa\",\"name\":\"Redacci\u00f3n A Nova Peneira\",\"image\":{\"@type\":\"ImageObject\",\"inLanguage\":\"gl-ES\",\"@id\":\"https:\\\/\\\/secure.gravatar.com\\\/avatar\\\/c052a2551a06e23fac63626232eaa90abd78dbcf1700fc46a2b2c89fd27b735f?s=96&d=mm&r=g\",\"url\":\"https:\\\/\\\/secure.gravatar.com\\\/avatar\\\/c052a2551a06e23fac63626232eaa90abd78dbcf1700fc46a2b2c89fd27b735f?s=96&d=mm&r=g\",\"contentUrl\":\"https:\\\/\\\/secure.gravatar.com\\\/avatar\\\/c052a2551a06e23fac63626232eaa90abd78dbcf1700fc46a2b2c89fd27b735f?s=96&d=mm&r=g\",\"caption\":\"Redacci\u00f3n A Nova Peneira\"},\"sameAs\":[\"http:\\\/\\\/www.anovapeneira.gal\\\/\"],\"url\":\"https:\\\/\\\/www.anovapeneira.gal\\\/index.php\\\/author\\\/redactor\\\/\"}]}<\/script>\n<!-- \/ Yoast SEO plugin. -->","yoast_head_json":{"title":"A maior\u00eda dos novos contratos do segundo trimestre de 2019 foron temporais e asinados por homes -","robots":{"index":"index","follow":"follow","max-snippet":"max-snippet:-1","max-image-preview":"max-image-preview:large","max-video-preview":"max-video-preview:-1"},"canonical":"https:\/\/www.anovapeneira.gal\/index.php\/2019\/08\/06\/a-maioria-dos-novos-contratos-do-segundo-trimestre-de-2019-foron-temporais-e-asinados-por-homes\/","og_locale":"gl_ES","og_type":"article","og_title":"A maior\u00eda dos novos contratos do segundo trimestre de 2019 foron temporais e asinados por homes -","og_description":"O segundo trimestre do ano rematou en Galiza con 18.600 persoas ocupadas m\u00e1is que no trimestre anterior e con 13.500 paradas menos. Tr\u00e1tase do peor dato de ocupaci\u00f3n dos \u00faltimos anos, xa que esta medrara en 25.700 no mesmo per\u00edodo de 2018 [...]","og_url":"https:\/\/www.anovapeneira.gal\/index.php\/2019\/08\/06\/a-maioria-dos-novos-contratos-do-segundo-trimestre-de-2019-foron-temporais-e-asinados-por-homes\/","article_publisher":"https:\/\/www.facebook.com\/anovapeneira","article_published_time":"2019-08-06T12:00:17+00:00","og_image":[{"width":720,"height":473,"url":"https:\/\/www.anovapeneira.gal\/wp-content\/uploads\/2019\/08\/contratos_galicia_a_nova_peneira.jpg","type":"image\/jpeg"}],"author":"Redacci\u00f3n A Nova Peneira","twitter_card":"summary_large_image","twitter_creator":"@APeneira","twitter_site":"@APeneira","twitter_misc":{"Escrito por":"Redacci\u00f3n A Nova Peneira","Tempo de lectura":"3 minutos"},"schema":{"@context":"https:\/\/schema.org","@graph":[{"@type":"Article","@id":"https:\/\/www.anovapeneira.gal\/index.php\/2019\/08\/06\/a-maioria-dos-novos-contratos-do-segundo-trimestre-de-2019-foron-temporais-e-asinados-por-homes\/#article","isPartOf":{"@id":"https:\/\/www.anovapeneira.gal\/index.php\/2019\/08\/06\/a-maioria-dos-novos-contratos-do-segundo-trimestre-de-2019-foron-temporais-e-asinados-por-homes\/"},"author":{"name":"Redacci\u00f3n A Nova Peneira","@id":"https:\/\/www.anovapeneira.gal\/#\/schema\/person\/b93e3f8932e3f8da96334607eb6ac6aa"},"headline":"A maior\u00eda dos novos contratos do segundo trimestre de 2019 foron temporais e asinados por homes","datePublished":"2019-08-06T12:00:17+00:00","mainEntityOfPage":{"@id":"https:\/\/www.anovapeneira.gal\/index.php\/2019\/08\/06\/a-maioria-dos-novos-contratos-do-segundo-trimestre-de-2019-foron-temporais-e-asinados-por-homes\/"},"wordCount":706,"commentCount":0,"publisher":{"@id":"https:\/\/www.anovapeneira.gal\/#organization"},"image":{"@id":"https:\/\/www.anovapeneira.gal\/index.php\/2019\/08\/06\/a-maioria-dos-novos-contratos-do-segundo-trimestre-de-2019-foron-temporais-e-asinados-por-homes\/#primaryimage"},"thumbnailUrl":"https:\/\/www.anovapeneira.gal\/wp-content\/uploads\/2019\/08\/contratos_galicia_a_nova_peneira.jpg","keywords":["CIG","Igualdade","Ocupaci\u00f3n","Traballo e Benestar"],"articleSection":["Novas"],"inLanguage":"gl-ES","potentialAction":[{"@type":"CommentAction","name":"Comment","target":["https:\/\/www.anovapeneira.gal\/index.php\/2019\/08\/06\/a-maioria-dos-novos-contratos-do-segundo-trimestre-de-2019-foron-temporais-e-asinados-por-homes\/#respond"]}]},{"@type":"WebPage","@id":"https:\/\/www.anovapeneira.gal\/index.php\/2019\/08\/06\/a-maioria-dos-novos-contratos-do-segundo-trimestre-de-2019-foron-temporais-e-asinados-por-homes\/","url":"https:\/\/www.anovapeneira.gal\/index.php\/2019\/08\/06\/a-maioria-dos-novos-contratos-do-segundo-trimestre-de-2019-foron-temporais-e-asinados-por-homes\/","name":"A maior\u00eda dos novos contratos do segundo trimestre de 2019 foron temporais e asinados por homes -","isPartOf":{"@id":"https:\/\/www.anovapeneira.gal\/#website"},"primaryImageOfPage":{"@id":"https:\/\/www.anovapeneira.gal\/index.php\/2019\/08\/06\/a-maioria-dos-novos-contratos-do-segundo-trimestre-de-2019-foron-temporais-e-asinados-por-homes\/#primaryimage"},"image":{"@id":"https:\/\/www.anovapeneira.gal\/index.php\/2019\/08\/06\/a-maioria-dos-novos-contratos-do-segundo-trimestre-de-2019-foron-temporais-e-asinados-por-homes\/#primaryimage"},"thumbnailUrl":"https:\/\/www.anovapeneira.gal\/wp-content\/uploads\/2019\/08\/contratos_galicia_a_nova_peneira.jpg","datePublished":"2019-08-06T12:00:17+00:00","breadcrumb":{"@id":"https:\/\/www.anovapeneira.gal\/index.php\/2019\/08\/06\/a-maioria-dos-novos-contratos-do-segundo-trimestre-de-2019-foron-temporais-e-asinados-por-homes\/#breadcrumb"},"inLanguage":"gl-ES","potentialAction":[{"@type":"ReadAction","target":["https:\/\/www.anovapeneira.gal\/index.php\/2019\/08\/06\/a-maioria-dos-novos-contratos-do-segundo-trimestre-de-2019-foron-temporais-e-asinados-por-homes\/"]}]},{"@type":"ImageObject","inLanguage":"gl-ES","@id":"https:\/\/www.anovapeneira.gal\/index.php\/2019\/08\/06\/a-maioria-dos-novos-contratos-do-segundo-trimestre-de-2019-foron-temporais-e-asinados-por-homes\/#primaryimage","url":"https:\/\/www.anovapeneira.gal\/wp-content\/uploads\/2019\/08\/contratos_galicia_a_nova_peneira.jpg","contentUrl":"https:\/\/www.anovapeneira.gal\/wp-content\/uploads\/2019\/08\/contratos_galicia_a_nova_peneira.jpg","width":720,"height":473,"caption":"Contratos Galicia CIG A Nova Peneira"},{"@type":"BreadcrumbList","@id":"https:\/\/www.anovapeneira.gal\/index.php\/2019\/08\/06\/a-maioria-dos-novos-contratos-do-segundo-trimestre-de-2019-foron-temporais-e-asinados-por-homes\/#breadcrumb","itemListElement":[{"@type":"ListItem","position":1,"name":"Portada","item":"https:\/\/www.anovapeneira.gal\/"},{"@type":"ListItem","position":2,"name":"A maior\u00eda dos novos contratos do segundo trimestre de 2019 foron temporais e asinados por homes"}]},{"@type":"WebSite","@id":"https:\/\/www.anovapeneira.gal\/#website","url":"https:\/\/www.anovapeneira.gal\/","name":"","description":"Xornal galego de informaci\u00f3n xeral Publicaci\u00f3n mensual de novas de Galicia e en especial dos Concellos da sur da provincia de Pontevedra.","publisher":{"@id":"https:\/\/www.anovapeneira.gal\/#organization"},"potentialAction":[{"@type":"SearchAction","target":{"@type":"EntryPoint","urlTemplate":"https:\/\/www.anovapeneira.gal\/?s={search_term_string}"},"query-input":{"@type":"PropertyValueSpecification","valueRequired":true,"valueName":"search_term_string"}}],"inLanguage":"gl-ES"},{"@type":"Organization","@id":"https:\/\/www.anovapeneira.gal\/#organization","name":"A Nova Peneira","url":"https:\/\/www.anovapeneira.gal\/","logo":{"@type":"ImageObject","inLanguage":"gl-ES","@id":"https:\/\/www.anovapeneira.gal\/#\/schema\/logo\/image\/","url":"http:\/\/www.anovapeneira.gal\/wp-content\/uploads\/2019\/06\/logo_a_nova_peneira_portal_web.png","contentUrl":"http:\/\/www.anovapeneira.gal\/wp-content\/uploads\/2019\/06\/logo_a_nova_peneira_portal_web.png","width":300,"height":100,"caption":"A Nova Peneira"},"image":{"@id":"https:\/\/www.anovapeneira.gal\/#\/schema\/logo\/image\/"},"sameAs":["https:\/\/www.facebook.com\/anovapeneira","https:\/\/x.com\/APeneira"]},{"@type":"Person","@id":"https:\/\/www.anovapeneira.gal\/#\/schema\/person\/b93e3f8932e3f8da96334607eb6ac6aa","name":"Redacci\u00f3n A Nova Peneira","image":{"@type":"ImageObject","inLanguage":"gl-ES","@id":"https:\/\/secure.gravatar.com\/avatar\/c052a2551a06e23fac63626232eaa90abd78dbcf1700fc46a2b2c89fd27b735f?s=96&d=mm&r=g","url":"https:\/\/secure.gravatar.com\/avatar\/c052a2551a06e23fac63626232eaa90abd78dbcf1700fc46a2b2c89fd27b735f?s=96&d=mm&r=g","contentUrl":"https:\/\/secure.gravatar.com\/avatar\/c052a2551a06e23fac63626232eaa90abd78dbcf1700fc46a2b2c89fd27b735f?s=96&d=mm&r=g","caption":"Redacci\u00f3n A Nova Peneira"},"sameAs":["http:\/\/www.anovapeneira.gal\/"],"url":"https:\/\/www.anovapeneira.gal\/index.php\/author\/redactor\/"}]}},"jetpack_featured_media_url":"https:\/\/www.anovapeneira.gal\/wp-content\/uploads\/2019\/08\/contratos_galicia_a_nova_peneira.jpg","_links":{"self":[{"href":"https:\/\/www.anovapeneira.gal\/index.php\/wp-json\/wp\/v2\/posts\/832","targetHints":{"allow":["GET"]}}],"collection":[{"href":"https:\/\/www.anovapeneira.gal\/index.php\/wp-json\/wp\/v2\/posts"}],"about":[{"href":"https:\/\/www.anovapeneira.gal\/index.php\/wp-json\/wp\/v2\/types\/post"}],"author":[{"embeddable":true,"href":"https:\/\/www.anovapeneira.gal\/index.php\/wp-json\/wp\/v2\/users\/3"}],"replies":[{"embeddable":true,"href":"https:\/\/www.anovapeneira.gal\/index.php\/wp-json\/wp\/v2\/comments?post=832"}],"version-history":[{"count":3,"href":"https:\/\/www.anovapeneira.gal\/index.php\/wp-json\/wp\/v2\/posts\/832\/revisions"}],"predecessor-version":[{"id":836,"href":"https:\/\/www.anovapeneira.gal\/index.php\/wp-json\/wp\/v2\/posts\/832\/revisions\/836"}],"wp:featuredmedia":[{"embeddable":true,"href":"https:\/\/www.anovapeneira.gal\/index.php\/wp-json\/wp\/v2\/media\/834"}],"wp:attachment":[{"href":"https:\/\/www.anovapeneira.gal\/index.php\/wp-json\/wp\/v2\/media?parent=832"}],"wp:term":[{"taxonomy":"category","embeddable":true,"href":"https:\/\/www.anovapeneira.gal\/index.php\/wp-json\/wp\/v2\/categories?post=832"},{"taxonomy":"post_tag","embeddable":true,"href":"https:\/\/www.anovapeneira.gal\/index.php\/wp-json\/wp\/v2\/tags?post=832"}],"curies":[{"name":"wp","href":"https:\/\/api.w.org\/{rel}","templated":true}]}}