{"id":8334,"date":"2022-10-11T10:00:13","date_gmt":"2022-10-11T08:00:13","guid":{"rendered":"https:\/\/www.anovapeneira.gal\/?p=8334"},"modified":"2022-10-06T12:28:30","modified_gmt":"2022-10-06T10:28:30","slug":"redondela-acolle-a-final-da-xxvii-liga-galega-de-futbol-sala-adaptada","status":"publish","type":"post","link":"https:\/\/www.anovapeneira.gal\/index.php\/2022\/10\/11\/redondela-acolle-a-final-da-xxvii-liga-galega-de-futbol-sala-adaptada\/","title":{"rendered":"Redondela acolle a final da XXVII Liga Galega de f\u00fatbol sala adaptada"},"content":{"rendered":"\n<h2 class=\"wp-block-heading\"><strong>A Federaci\u00f3n Galega de Deporte Adaptado (FGDA), organizou en Redondela a 3\u00aa xornada da liga Galega de F\u00fatbol sala na que participan equipos de toda a comunidade. O redondel\u00e1n ASDAN foi o ga\u00f1ador da competici\u00f3n non adaptada e o Celta Integra A o ga\u00f1ador da Adaptada<\/strong><\/h2>\n\n\n\n<p><strong>Redondela, 05 de outubro de 2022<\/strong><\/p>\n\n\n\n<p>A 3\u00aa e \u00faltima xornada da liga Galega de F\u00fatbol Sala para discapacitados intelectuais tivo lugar este 5 de outubro nas instalaci\u00f3ns do Pavill\u00f3n Municipal e no pavill\u00f3n \u2018A Marisma\u2019 de Redondela. Unha cita que enfrentou a 11 equipos de toda Galicia cun total de 120 deportistas que competiron en 2 categor\u00edas: Competici\u00f3n e Adaptada.<\/p>\n\n\n\n<p>Entre os integrantes da competici\u00f3n atop\u00e1banse a Fundaci\u00f3n Celta Integrada, o equipo San Rafael, Juan XXIII e ASDAN; este \u00faltimo representado a Redondela. Por outra banda na competici\u00f3n adaptada xogaron os equipos ASPANAEX, Juan Mar\u00eda, Fundaci\u00f3n Celta Integra \u201c A\u201d, Fundaci\u00f3n Celta Integra \u201c B\u201d, Saladino Cortizo \u201c A\u201d, Saladino Cortizo \u201c B\u201d e San Rafael.<\/p>\n\n\n\n<p>\u00d3 evento deportivo acudiu a alcaldesa de Redondela, Digna Rivas, para apoiar e agradecer o traballo que fai a Federaci\u00f3n Galega de Deporte Adaptado. En palabras da alcaldesa \u201ca federaci\u00f3n realiza un gran traballo e pon o punto de atenci\u00f3n sobre o deporte adaptado organizando disputas de alto nivel. Este tipo de encontros demostran o valor dos deportistas galegos\u201d.<\/p>\n\n\n\n<p>Durante o evento atop\u00e1banse a secretaria da federaci\u00f3n, Susana Garc\u00eda e o director t\u00e9cnico da Federaci\u00f3n, Domingo Salinas quen lembrou que \u201cdespois do par\u00f3n provocado pola pandemia, este ano 2022 retomamos aos poucos as actividades que vimos desenvolvendo cada ano. Desde a Federaci\u00f3n estamos moi agradecidos \u00e1 total colaboraci\u00f3n do Concello de Redondela sempre que solicitamos facer calquera evento de deporte adaptado\u201d.<\/p>\n\n\n\n<p>Susana Garc\u00eda tam\u00e9n quixo,\u201cagradecer a extraordinaria disposici\u00f3n do Concello de Redondela \u00e1 hora de acoller esta final. Sempre nos sentimos ben arroupados cando organizamos partidos en Redondela\u201d.<\/p>\n\n\n\n<p>Mar\u00eda Castro, concelleira de econom\u00eda e emprego; xunto con Olga Garc\u00eda, concelleira de ensino e xuventude, foron as encargadas de repatir os trofeos aos ga\u00f1adores. No \u2018Cadro de Honor\u2019 os ga\u00f1adores foron o equipo redondel\u00e1n ASDAN na categor\u00eda de competici\u00f3n non adaptada, seguido do Celta Integra; Na categor\u00eda adaptada o ga\u00f1ador foi o equipo Celta Integra A, seguido de Juan Mar\u00eda.<\/p>\n\n\n\n<p>Digna Rivas, pola s\u00faa banda, agradeceu \u00e1 Federaci\u00f3n que elixira Redondela engadindo que \u201cA Federaci\u00f3n Galega de Deporte adaptado pode contar con Redondela para todos cantos eventos deportivos queiran realizar\u201d.<\/p>\n","protected":false},"excerpt":{"rendered":"<div class=\"mh-excerpt\"><p>A Federaci\u00f3n Galega de Deporte Adaptado (FGDA), organizou en Redondela a 3\u00aa xornada da liga Galega de F\u00fatbol sala na que participan equipos de toda a comunidade <a class=\"mh-excerpt-more\" href=\"https:\/\/www.anovapeneira.gal\/index.php\/2022\/10\/11\/redondela-acolle-a-final-da-xxvii-liga-galega-de-futbol-sala-adaptada\/\" title=\"Redondela acolle a final da XXVII Liga Galega de f\u00fatbol sala adaptada\">[&#8230;]<\/a><\/p>\n<\/div>","protected":false},"author":3,"featured_media":8336,"comment_status":"open","ping_status":"open","sticky":false,"template":"","format":"standard","meta":{"_exactmetrics_skip_tracking":false,"_exactmetrics_sitenote_active":false,"_exactmetrics_sitenote_note":"","_exactmetrics_sitenote_category":0,"footnotes":""},"categories":[24],"tags":[171],"class_list":{"0":"post-8334","1":"post","2":"type-post","3":"status-publish","4":"format-standard","5":"has-post-thumbnail","7":"category-redondela","8":"tag-concello-de-redondela"},"yoast_head":"<!-- This site is optimized with the Yoast SEO plugin v27.4 - https:\/\/yoast.com\/product\/yoast-seo-wordpress\/ -->\n<title>Redondela acolle a final da XXVII Liga Galega de f\u00fatbol sala adaptada -<\/title>\n<meta name=\"description\" content=\"A Federaci\u00f3n Galega de Deporte Adaptado (FGDA), organizou en Redondela a 3\u00aa xornada da liga Galega de F\u00fatbol sala na que participan equipos de toda a comunidade\" \/>\n<meta name=\"robots\" content=\"index, follow, max-snippet:-1, max-image-preview:large, max-video-preview:-1\" \/>\n<link rel=\"canonical\" href=\"https:\/\/www.anovapeneira.gal\/index.php\/2022\/10\/11\/redondela-acolle-a-final-da-xxvii-liga-galega-de-futbol-sala-adaptada\/\" \/>\n<meta property=\"og:locale\" content=\"gl_ES\" \/>\n<meta property=\"og:type\" content=\"article\" \/>\n<meta property=\"og:title\" content=\"Redondela acolle a final da XXVII Liga Galega de f\u00fatbol sala adaptada -\" \/>\n<meta property=\"og:description\" content=\"A Federaci\u00f3n Galega de Deporte Adaptado (FGDA), organizou en Redondela a 3\u00aa xornada da liga Galega de F\u00fatbol sala na que participan equipos de toda a comunidade\" \/>\n<meta property=\"og:url\" content=\"https:\/\/www.anovapeneira.gal\/index.php\/2022\/10\/11\/redondela-acolle-a-final-da-xxvii-liga-galega-de-futbol-sala-adaptada\/\" \/>\n<meta property=\"article:publisher\" content=\"https:\/\/www.facebook.com\/anovapeneira\" \/>\n<meta property=\"article:published_time\" content=\"2022-10-11T08:00:13+00:00\" \/>\n<meta property=\"og:image\" content=\"https:\/\/www.anovapeneira.gal\/wp-content\/uploads\/2022\/10\/liga_adaptada_redondela.jpg\" \/>\n\t<meta property=\"og:image:width\" content=\"720\" \/>\n\t<meta property=\"og:image:height\" content=\"432\" \/>\n\t<meta property=\"og:image:type\" content=\"image\/jpeg\" \/>\n<meta name=\"author\" content=\"Redacci\u00f3n A Nova Peneira\" \/>\n<meta name=\"twitter:card\" content=\"summary_large_image\" \/>\n<meta name=\"twitter:creator\" content=\"@APeneira\" \/>\n<meta name=\"twitter:site\" content=\"@APeneira\" \/>\n<meta name=\"twitter:label1\" content=\"Escrito por\" \/>\n\t<meta name=\"twitter:data1\" content=\"Redacci\u00f3n A Nova Peneira\" \/>\n\t<meta name=\"twitter:label2\" content=\"Tempo de lectura\" \/>\n\t<meta name=\"twitter:data2\" content=\"3 minutos\" \/>\n<script type=\"application\/ld+json\" class=\"yoast-schema-graph\">{\"@context\":\"https:\\\/\\\/schema.org\",\"@graph\":[{\"@type\":\"Article\",\"@id\":\"https:\\\/\\\/www.anovapeneira.gal\\\/index.php\\\/2022\\\/10\\\/11\\\/redondela-acolle-a-final-da-xxvii-liga-galega-de-futbol-sala-adaptada\\\/#article\",\"isPartOf\":{\"@id\":\"https:\\\/\\\/www.anovapeneira.gal\\\/index.php\\\/2022\\\/10\\\/11\\\/redondela-acolle-a-final-da-xxvii-liga-galega-de-futbol-sala-adaptada\\\/\"},\"author\":{\"name\":\"Redacci\u00f3n A Nova Peneira\",\"@id\":\"https:\\\/\\\/www.anovapeneira.gal\\\/#\\\/schema\\\/person\\\/b93e3f8932e3f8da96334607eb6ac6aa\"},\"headline\":\"Redondela acolle a final da XXVII Liga Galega de f\u00fatbol sala adaptada\",\"datePublished\":\"2022-10-11T08:00:13+00:00\",\"mainEntityOfPage\":{\"@id\":\"https:\\\/\\\/www.anovapeneira.gal\\\/index.php\\\/2022\\\/10\\\/11\\\/redondela-acolle-a-final-da-xxvii-liga-galega-de-futbol-sala-adaptada\\\/\"},\"wordCount\":446,\"commentCount\":0,\"publisher\":{\"@id\":\"https:\\\/\\\/www.anovapeneira.gal\\\/#organization\"},\"image\":{\"@id\":\"https:\\\/\\\/www.anovapeneira.gal\\\/index.php\\\/2022\\\/10\\\/11\\\/redondela-acolle-a-final-da-xxvii-liga-galega-de-futbol-sala-adaptada\\\/#primaryimage\"},\"thumbnailUrl\":\"https:\\\/\\\/www.anovapeneira.gal\\\/wp-content\\\/uploads\\\/2022\\\/10\\\/liga_adaptada_redondela.jpg\",\"keywords\":[\"Concello de Redondela\"],\"articleSection\":[\"Redondela\"],\"inLanguage\":\"gl-ES\",\"potentialAction\":[{\"@type\":\"CommentAction\",\"name\":\"Comment\",\"target\":[\"https:\\\/\\\/www.anovapeneira.gal\\\/index.php\\\/2022\\\/10\\\/11\\\/redondela-acolle-a-final-da-xxvii-liga-galega-de-futbol-sala-adaptada\\\/#respond\"]}]},{\"@type\":\"WebPage\",\"@id\":\"https:\\\/\\\/www.anovapeneira.gal\\\/index.php\\\/2022\\\/10\\\/11\\\/redondela-acolle-a-final-da-xxvii-liga-galega-de-futbol-sala-adaptada\\\/\",\"url\":\"https:\\\/\\\/www.anovapeneira.gal\\\/index.php\\\/2022\\\/10\\\/11\\\/redondela-acolle-a-final-da-xxvii-liga-galega-de-futbol-sala-adaptada\\\/\",\"name\":\"Redondela acolle a final da XXVII Liga Galega de f\u00fatbol sala adaptada -\",\"isPartOf\":{\"@id\":\"https:\\\/\\\/www.anovapeneira.gal\\\/#website\"},\"primaryImageOfPage\":{\"@id\":\"https:\\\/\\\/www.anovapeneira.gal\\\/index.php\\\/2022\\\/10\\\/11\\\/redondela-acolle-a-final-da-xxvii-liga-galega-de-futbol-sala-adaptada\\\/#primaryimage\"},\"image\":{\"@id\":\"https:\\\/\\\/www.anovapeneira.gal\\\/index.php\\\/2022\\\/10\\\/11\\\/redondela-acolle-a-final-da-xxvii-liga-galega-de-futbol-sala-adaptada\\\/#primaryimage\"},\"thumbnailUrl\":\"https:\\\/\\\/www.anovapeneira.gal\\\/wp-content\\\/uploads\\\/2022\\\/10\\\/liga_adaptada_redondela.jpg\",\"datePublished\":\"2022-10-11T08:00:13+00:00\",\"description\":\"A Federaci\u00f3n Galega de Deporte Adaptado (FGDA), organizou en Redondela a 3\u00aa xornada da liga Galega de F\u00fatbol sala na que participan equipos de toda a comunidade\",\"breadcrumb\":{\"@id\":\"https:\\\/\\\/www.anovapeneira.gal\\\/index.php\\\/2022\\\/10\\\/11\\\/redondela-acolle-a-final-da-xxvii-liga-galega-de-futbol-sala-adaptada\\\/#breadcrumb\"},\"inLanguage\":\"gl-ES\",\"potentialAction\":[{\"@type\":\"ReadAction\",\"target\":[\"https:\\\/\\\/www.anovapeneira.gal\\\/index.php\\\/2022\\\/10\\\/11\\\/redondela-acolle-a-final-da-xxvii-liga-galega-de-futbol-sala-adaptada\\\/\"]}]},{\"@type\":\"ImageObject\",\"inLanguage\":\"gl-ES\",\"@id\":\"https:\\\/\\\/www.anovapeneira.gal\\\/index.php\\\/2022\\\/10\\\/11\\\/redondela-acolle-a-final-da-xxvii-liga-galega-de-futbol-sala-adaptada\\\/#primaryimage\",\"url\":\"https:\\\/\\\/www.anovapeneira.gal\\\/wp-content\\\/uploads\\\/2022\\\/10\\\/liga_adaptada_redondela.jpg\",\"contentUrl\":\"https:\\\/\\\/www.anovapeneira.gal\\\/wp-content\\\/uploads\\\/2022\\\/10\\\/liga_adaptada_redondela.jpg\",\"width\":720,\"height\":432,\"caption\":\"Redondela acolle a final da XXVII Liga Galega de f\u00fatbol sala adaptada\"},{\"@type\":\"BreadcrumbList\",\"@id\":\"https:\\\/\\\/www.anovapeneira.gal\\\/index.php\\\/2022\\\/10\\\/11\\\/redondela-acolle-a-final-da-xxvii-liga-galega-de-futbol-sala-adaptada\\\/#breadcrumb\",\"itemListElement\":[{\"@type\":\"ListItem\",\"position\":1,\"name\":\"Portada\",\"item\":\"https:\\\/\\\/www.anovapeneira.gal\\\/\"},{\"@type\":\"ListItem\",\"position\":2,\"name\":\"Redondela acolle a final da XXVII Liga Galega de f\u00fatbol sala adaptada\"}]},{\"@type\":\"WebSite\",\"@id\":\"https:\\\/\\\/www.anovapeneira.gal\\\/#website\",\"url\":\"https:\\\/\\\/www.anovapeneira.gal\\\/\",\"name\":\"\",\"description\":\"Xornal galego de informaci\u00f3n xeral Publicaci\u00f3n mensual de novas de Galicia e en especial dos Concellos da sur da provincia de Pontevedra.\",\"publisher\":{\"@id\":\"https:\\\/\\\/www.anovapeneira.gal\\\/#organization\"},\"potentialAction\":[{\"@type\":\"SearchAction\",\"target\":{\"@type\":\"EntryPoint\",\"urlTemplate\":\"https:\\\/\\\/www.anovapeneira.gal\\\/?s={search_term_string}\"},\"query-input\":{\"@type\":\"PropertyValueSpecification\",\"valueRequired\":true,\"valueName\":\"search_term_string\"}}],\"inLanguage\":\"gl-ES\"},{\"@type\":\"Organization\",\"@id\":\"https:\\\/\\\/www.anovapeneira.gal\\\/#organization\",\"name\":\"A Nova Peneira\",\"url\":\"https:\\\/\\\/www.anovapeneira.gal\\\/\",\"logo\":{\"@type\":\"ImageObject\",\"inLanguage\":\"gl-ES\",\"@id\":\"https:\\\/\\\/www.anovapeneira.gal\\\/#\\\/schema\\\/logo\\\/image\\\/\",\"url\":\"http:\\\/\\\/www.anovapeneira.gal\\\/wp-content\\\/uploads\\\/2019\\\/06\\\/logo_a_nova_peneira_portal_web.png\",\"contentUrl\":\"http:\\\/\\\/www.anovapeneira.gal\\\/wp-content\\\/uploads\\\/2019\\\/06\\\/logo_a_nova_peneira_portal_web.png\",\"width\":300,\"height\":100,\"caption\":\"A Nova Peneira\"},\"image\":{\"@id\":\"https:\\\/\\\/www.anovapeneira.gal\\\/#\\\/schema\\\/logo\\\/image\\\/\"},\"sameAs\":[\"https:\\\/\\\/www.facebook.com\\\/anovapeneira\",\"https:\\\/\\\/x.com\\\/APeneira\"]},{\"@type\":\"Person\",\"@id\":\"https:\\\/\\\/www.anovapeneira.gal\\\/#\\\/schema\\\/person\\\/b93e3f8932e3f8da96334607eb6ac6aa\",\"name\":\"Redacci\u00f3n A Nova Peneira\",\"image\":{\"@type\":\"ImageObject\",\"inLanguage\":\"gl-ES\",\"@id\":\"https:\\\/\\\/secure.gravatar.com\\\/avatar\\\/c052a2551a06e23fac63626232eaa90abd78dbcf1700fc46a2b2c89fd27b735f?s=96&d=mm&r=g\",\"url\":\"https:\\\/\\\/secure.gravatar.com\\\/avatar\\\/c052a2551a06e23fac63626232eaa90abd78dbcf1700fc46a2b2c89fd27b735f?s=96&d=mm&r=g\",\"contentUrl\":\"https:\\\/\\\/secure.gravatar.com\\\/avatar\\\/c052a2551a06e23fac63626232eaa90abd78dbcf1700fc46a2b2c89fd27b735f?s=96&d=mm&r=g\",\"caption\":\"Redacci\u00f3n A Nova Peneira\"},\"sameAs\":[\"http:\\\/\\\/www.anovapeneira.gal\\\/\"],\"url\":\"https:\\\/\\\/www.anovapeneira.gal\\\/index.php\\\/author\\\/redactor\\\/\"}]}<\/script>\n<!-- \/ Yoast SEO plugin. -->","yoast_head_json":{"title":"Redondela acolle a final da XXVII Liga Galega de f\u00fatbol sala adaptada -","description":"A Federaci\u00f3n Galega de Deporte Adaptado (FGDA), organizou en Redondela a 3\u00aa xornada da liga Galega de F\u00fatbol sala na que participan equipos de toda a comunidade","robots":{"index":"index","follow":"follow","max-snippet":"max-snippet:-1","max-image-preview":"max-image-preview:large","max-video-preview":"max-video-preview:-1"},"canonical":"https:\/\/www.anovapeneira.gal\/index.php\/2022\/10\/11\/redondela-acolle-a-final-da-xxvii-liga-galega-de-futbol-sala-adaptada\/","og_locale":"gl_ES","og_type":"article","og_title":"Redondela acolle a final da XXVII Liga Galega de f\u00fatbol sala adaptada -","og_description":"A Federaci\u00f3n Galega de Deporte Adaptado (FGDA), organizou en Redondela a 3\u00aa xornada da liga Galega de F\u00fatbol sala na que participan equipos de toda a comunidade","og_url":"https:\/\/www.anovapeneira.gal\/index.php\/2022\/10\/11\/redondela-acolle-a-final-da-xxvii-liga-galega-de-futbol-sala-adaptada\/","article_publisher":"https:\/\/www.facebook.com\/anovapeneira","article_published_time":"2022-10-11T08:00:13+00:00","og_image":[{"width":720,"height":432,"url":"https:\/\/www.anovapeneira.gal\/wp-content\/uploads\/2022\/10\/liga_adaptada_redondela.jpg","type":"image\/jpeg"}],"author":"Redacci\u00f3n A Nova Peneira","twitter_card":"summary_large_image","twitter_creator":"@APeneira","twitter_site":"@APeneira","twitter_misc":{"Escrito por":"Redacci\u00f3n A Nova Peneira","Tempo de lectura":"3 minutos"},"schema":{"@context":"https:\/\/schema.org","@graph":[{"@type":"Article","@id":"https:\/\/www.anovapeneira.gal\/index.php\/2022\/10\/11\/redondela-acolle-a-final-da-xxvii-liga-galega-de-futbol-sala-adaptada\/#article","isPartOf":{"@id":"https:\/\/www.anovapeneira.gal\/index.php\/2022\/10\/11\/redondela-acolle-a-final-da-xxvii-liga-galega-de-futbol-sala-adaptada\/"},"author":{"name":"Redacci\u00f3n A Nova Peneira","@id":"https:\/\/www.anovapeneira.gal\/#\/schema\/person\/b93e3f8932e3f8da96334607eb6ac6aa"},"headline":"Redondela acolle a final da XXVII Liga Galega de f\u00fatbol sala adaptada","datePublished":"2022-10-11T08:00:13+00:00","mainEntityOfPage":{"@id":"https:\/\/www.anovapeneira.gal\/index.php\/2022\/10\/11\/redondela-acolle-a-final-da-xxvii-liga-galega-de-futbol-sala-adaptada\/"},"wordCount":446,"commentCount":0,"publisher":{"@id":"https:\/\/www.anovapeneira.gal\/#organization"},"image":{"@id":"https:\/\/www.anovapeneira.gal\/index.php\/2022\/10\/11\/redondela-acolle-a-final-da-xxvii-liga-galega-de-futbol-sala-adaptada\/#primaryimage"},"thumbnailUrl":"https:\/\/www.anovapeneira.gal\/wp-content\/uploads\/2022\/10\/liga_adaptada_redondela.jpg","keywords":["Concello de Redondela"],"articleSection":["Redondela"],"inLanguage":"gl-ES","potentialAction":[{"@type":"CommentAction","name":"Comment","target":["https:\/\/www.anovapeneira.gal\/index.php\/2022\/10\/11\/redondela-acolle-a-final-da-xxvii-liga-galega-de-futbol-sala-adaptada\/#respond"]}]},{"@type":"WebPage","@id":"https:\/\/www.anovapeneira.gal\/index.php\/2022\/10\/11\/redondela-acolle-a-final-da-xxvii-liga-galega-de-futbol-sala-adaptada\/","url":"https:\/\/www.anovapeneira.gal\/index.php\/2022\/10\/11\/redondela-acolle-a-final-da-xxvii-liga-galega-de-futbol-sala-adaptada\/","name":"Redondela acolle a final da XXVII Liga Galega de f\u00fatbol sala adaptada -","isPartOf":{"@id":"https:\/\/www.anovapeneira.gal\/#website"},"primaryImageOfPage":{"@id":"https:\/\/www.anovapeneira.gal\/index.php\/2022\/10\/11\/redondela-acolle-a-final-da-xxvii-liga-galega-de-futbol-sala-adaptada\/#primaryimage"},"image":{"@id":"https:\/\/www.anovapeneira.gal\/index.php\/2022\/10\/11\/redondela-acolle-a-final-da-xxvii-liga-galega-de-futbol-sala-adaptada\/#primaryimage"},"thumbnailUrl":"https:\/\/www.anovapeneira.gal\/wp-content\/uploads\/2022\/10\/liga_adaptada_redondela.jpg","datePublished":"2022-10-11T08:00:13+00:00","description":"A Federaci\u00f3n Galega de Deporte Adaptado (FGDA), organizou en Redondela a 3\u00aa xornada da liga Galega de F\u00fatbol sala na que participan equipos de toda a comunidade","breadcrumb":{"@id":"https:\/\/www.anovapeneira.gal\/index.php\/2022\/10\/11\/redondela-acolle-a-final-da-xxvii-liga-galega-de-futbol-sala-adaptada\/#breadcrumb"},"inLanguage":"gl-ES","potentialAction":[{"@type":"ReadAction","target":["https:\/\/www.anovapeneira.gal\/index.php\/2022\/10\/11\/redondela-acolle-a-final-da-xxvii-liga-galega-de-futbol-sala-adaptada\/"]}]},{"@type":"ImageObject","inLanguage":"gl-ES","@id":"https:\/\/www.anovapeneira.gal\/index.php\/2022\/10\/11\/redondela-acolle-a-final-da-xxvii-liga-galega-de-futbol-sala-adaptada\/#primaryimage","url":"https:\/\/www.anovapeneira.gal\/wp-content\/uploads\/2022\/10\/liga_adaptada_redondela.jpg","contentUrl":"https:\/\/www.anovapeneira.gal\/wp-content\/uploads\/2022\/10\/liga_adaptada_redondela.jpg","width":720,"height":432,"caption":"Redondela acolle a final da XXVII Liga Galega de f\u00fatbol sala adaptada"},{"@type":"BreadcrumbList","@id":"https:\/\/www.anovapeneira.gal\/index.php\/2022\/10\/11\/redondela-acolle-a-final-da-xxvii-liga-galega-de-futbol-sala-adaptada\/#breadcrumb","itemListElement":[{"@type":"ListItem","position":1,"name":"Portada","item":"https:\/\/www.anovapeneira.gal\/"},{"@type":"ListItem","position":2,"name":"Redondela acolle a final da XXVII Liga Galega de f\u00fatbol sala adaptada"}]},{"@type":"WebSite","@id":"https:\/\/www.anovapeneira.gal\/#website","url":"https:\/\/www.anovapeneira.gal\/","name":"","description":"Xornal galego de informaci\u00f3n xeral Publicaci\u00f3n mensual de novas de Galicia e en especial dos Concellos da sur da provincia de Pontevedra.","publisher":{"@id":"https:\/\/www.anovapeneira.gal\/#organization"},"potentialAction":[{"@type":"SearchAction","target":{"@type":"EntryPoint","urlTemplate":"https:\/\/www.anovapeneira.gal\/?s={search_term_string}"},"query-input":{"@type":"PropertyValueSpecification","valueRequired":true,"valueName":"search_term_string"}}],"inLanguage":"gl-ES"},{"@type":"Organization","@id":"https:\/\/www.anovapeneira.gal\/#organization","name":"A Nova Peneira","url":"https:\/\/www.anovapeneira.gal\/","logo":{"@type":"ImageObject","inLanguage":"gl-ES","@id":"https:\/\/www.anovapeneira.gal\/#\/schema\/logo\/image\/","url":"http:\/\/www.anovapeneira.gal\/wp-content\/uploads\/2019\/06\/logo_a_nova_peneira_portal_web.png","contentUrl":"http:\/\/www.anovapeneira.gal\/wp-content\/uploads\/2019\/06\/logo_a_nova_peneira_portal_web.png","width":300,"height":100,"caption":"A Nova Peneira"},"image":{"@id":"https:\/\/www.anovapeneira.gal\/#\/schema\/logo\/image\/"},"sameAs":["https:\/\/www.facebook.com\/anovapeneira","https:\/\/x.com\/APeneira"]},{"@type":"Person","@id":"https:\/\/www.anovapeneira.gal\/#\/schema\/person\/b93e3f8932e3f8da96334607eb6ac6aa","name":"Redacci\u00f3n A Nova Peneira","image":{"@type":"ImageObject","inLanguage":"gl-ES","@id":"https:\/\/secure.gravatar.com\/avatar\/c052a2551a06e23fac63626232eaa90abd78dbcf1700fc46a2b2c89fd27b735f?s=96&d=mm&r=g","url":"https:\/\/secure.gravatar.com\/avatar\/c052a2551a06e23fac63626232eaa90abd78dbcf1700fc46a2b2c89fd27b735f?s=96&d=mm&r=g","contentUrl":"https:\/\/secure.gravatar.com\/avatar\/c052a2551a06e23fac63626232eaa90abd78dbcf1700fc46a2b2c89fd27b735f?s=96&d=mm&r=g","caption":"Redacci\u00f3n A Nova Peneira"},"sameAs":["http:\/\/www.anovapeneira.gal\/"],"url":"https:\/\/www.anovapeneira.gal\/index.php\/author\/redactor\/"}]}},"jetpack_featured_media_url":"https:\/\/www.anovapeneira.gal\/wp-content\/uploads\/2022\/10\/liga_adaptada_redondela.jpg","_links":{"self":[{"href":"https:\/\/www.anovapeneira.gal\/index.php\/wp-json\/wp\/v2\/posts\/8334","targetHints":{"allow":["GET"]}}],"collection":[{"href":"https:\/\/www.anovapeneira.gal\/index.php\/wp-json\/wp\/v2\/posts"}],"about":[{"href":"https:\/\/www.anovapeneira.gal\/index.php\/wp-json\/wp\/v2\/types\/post"}],"author":[{"embeddable":true,"href":"https:\/\/www.anovapeneira.gal\/index.php\/wp-json\/wp\/v2\/users\/3"}],"replies":[{"embeddable":true,"href":"https:\/\/www.anovapeneira.gal\/index.php\/wp-json\/wp\/v2\/comments?post=8334"}],"version-history":[{"count":1,"href":"https:\/\/www.anovapeneira.gal\/index.php\/wp-json\/wp\/v2\/posts\/8334\/revisions"}],"predecessor-version":[{"id":8335,"href":"https:\/\/www.anovapeneira.gal\/index.php\/wp-json\/wp\/v2\/posts\/8334\/revisions\/8335"}],"wp:featuredmedia":[{"embeddable":true,"href":"https:\/\/www.anovapeneira.gal\/index.php\/wp-json\/wp\/v2\/media\/8336"}],"wp:attachment":[{"href":"https:\/\/www.anovapeneira.gal\/index.php\/wp-json\/wp\/v2\/media?parent=8334"}],"wp:term":[{"taxonomy":"category","embeddable":true,"href":"https:\/\/www.anovapeneira.gal\/index.php\/wp-json\/wp\/v2\/categories?post=8334"},{"taxonomy":"post_tag","embeddable":true,"href":"https:\/\/www.anovapeneira.gal\/index.php\/wp-json\/wp\/v2\/tags?post=8334"}],"curies":[{"name":"wp","href":"https:\/\/api.w.org\/{rel}","templated":true}]}}