{"id":8337,"date":"2022-10-11T12:00:38","date_gmt":"2022-10-11T10:00:38","guid":{"rendered":"https:\/\/www.anovapeneira.gal\/?p=8337"},"modified":"2022-10-06T12:33:55","modified_gmt":"2022-10-06T10:33:55","slug":"a-agrupacion-redondela-comprometese-a-sufragar-un-estudo-das-augas-do-rio-se-a-situacion-continua-sen-solventarse","status":"publish","type":"post","link":"https:\/\/www.anovapeneira.gal\/index.php\/2022\/10\/11\/a-agrupacion-redondela-comprometese-a-sufragar-un-estudo-das-augas-do-rio-se-a-situacion-continua-sen-solventarse\/","title":{"rendered":"A agrupaci\u00f3n redondel\u00e1 comprom\u00e9tese a sufragar un estudo das augas do r\u00edo se a situaci\u00f3n contin\u00faa sen solventarse"},"content":{"rendered":"\n<h2 class=\"wp-block-heading\"><strong>AE<\/strong><strong>R <\/strong><strong>e Alternativa Veci\u00f1al de Pazos de Borb\u00e9n urxen soluci\u00f3n aos vertidos diarios no r\u00edo Alvedosa<\/strong><\/h2>\n\n\n\n<p>Denuncian a pasividade de ambos concellos e solicitan a intervenci\u00f3n de Augas de Galicia nesta \u201cbarbaridade medioambiental\u201d<\/p>\n\n\n\n<p><strong>Redondela, 5 de outubro do 2022.<\/strong><\/p>\n\n\n\n<p>As agrupaci\u00f3ns de electores Alternativa Veci\u00f1al de Pazos de Borb\u00e9n e a de Redondela, <strong>AER<\/strong>, xuntan os seus esforzos na denuncia dos constantes vertidos de aguas fecais e industriais que est\u00e1 a facer o Concello de Pazos nun afluente do Alvedosa e que perxudica gravemente ao ecosistema de ambas localidades coa pasividade das d\u00faas administraci\u00f3n locais. Segundo explica Luciano Otero, concelleiro e voceiro de <strong>Alternativa Veci\u00f1al<\/strong> \u201curxe unha soluci\u00f3n xa que levamos anos con esta problem\u00e1tica, con decantadoras obsoletas que non fan a s\u00faa funci\u00f3n tanto en Amoedo, como en Pazos, Moscoso e Nespereira\u201d. \u201cCremos que os vertidos, que son constantes, prove\u00f1en dunhas 150 casas, uns 400 veci\u00f1os da zona, as\u00ed como do Pol\u00edgono Industrial de Amoedo, que acolle a 14 empresas\u201d, contin\u00faa Otero.<\/p>\n\n\n\n<p>Ante esta situaci\u00f3n, a Agrupaci\u00f3n de Electores de Redondela, <strong>AE<\/strong><strong>R<\/strong>, denuncia que esta \u201cbarbaridade medioambiental\u201d est\u00e1 a p\u00f3r en perigo os bancos marisqueiros de Redondela e a r\u00eda. \u201cO sistema da decantadora de Amoedo, totalmente obsoleto e cunha maquinaria sen ning\u00fan mantemento, est\u00e1 a supor un vertido diario de litros e litros diarios a un afluente do r\u00edo Alvedosa que pasa por Redondela\u201d, explica Roberto Villar, concelleiro da Agrupaci\u00f3n. Por iso, solicitan que Augas de Galicia faga unha execuci\u00f3n subsidiaria do problema e aporte soluci\u00f3n efectivas e urxen ao Concello de Redondela para que se persoe como parte interesada e solicite v\u00eda oficio ao organismo auton\u00f3mico informaci\u00f3n sobre o vertido contaminante que realiza o Concello de Pazos de Borb\u00e9n. Segundo indica Roberto Villar, concelleiro de AER, \u201ca pasividade do goberno de Redondela neste asunto \u00e9 evidente xa que reun\u00edmonos co concelleiro de Medio Ambiente a principios de setembro para urxir unha soluci\u00f3n e seguimos a esperar\u201d. \u201cO compromiso de nosa Agrupaci\u00f3n \u00e9 clara -contin\u00faa Villar- se non<\/p>\n\n\n\n<p>se soluciona en breve, <strong>AE<\/strong><strong>R<\/strong> sufragar\u00e1 con medios propios un estudo sobre o estado das augas do Alvedosa\u201d.<\/p>\n\n\n\n<p>Pola s\u00faa banda, <strong>Alternativa Veci\u00f1al<\/strong> de Pazos de Borb\u00e9n explica tam\u00e9n que a desidia do concello de Pazos est\u00e1 a provocar que esta situaci\u00f3n sexa end\u00e9mica na zona e \u201cboa proba disto son os expedientes que, dende hai anos, Augas de Galicia lle ten aberto ao Concello por non cumprir cos requisitos administrativos de facer anal\u00edticas constantes e reenvi\u00e1rllelos para a s\u00faa revisi\u00f3n. De feito, segundo indica a agrupaci\u00f3n, \u201cO Concello de Pazos de Borb\u00e9n leva xa d\u00faas sanci\u00f3ns de 5.000 euros cada unha e conta con m\u00e1is expedientes a\u00ednda por resolver o que sup\u00f3n tam\u00e9n un grave perxu\u00edzo econ\u00f3mico para as arcas municipais ademais do evidente dano medioambiental\u201d.<\/p>\n","protected":false},"excerpt":{"rendered":"<div class=\"mh-excerpt\"><p>AER e Alternativa Veci\u00f1al de Pazos de Borb\u00e9n urxen soluci\u00f3n aos vertidos diarios no r\u00edo Alvedosa <a class=\"mh-excerpt-more\" href=\"https:\/\/www.anovapeneira.gal\/index.php\/2022\/10\/11\/a-agrupacion-redondela-comprometese-a-sufragar-un-estudo-das-augas-do-rio-se-a-situacion-continua-sen-solventarse\/\" title=\"A agrupaci\u00f3n redondel\u00e1 comprom\u00e9tese a sufragar un estudo das augas do r\u00edo se a situaci\u00f3n contin\u00faa sen solventarse\">[&#8230;]<\/a><\/p>\n<\/div>","protected":false},"author":3,"featured_media":8338,"comment_status":"open","ping_status":"open","sticky":false,"template":"","format":"standard","meta":{"_exactmetrics_skip_tracking":false,"_exactmetrics_sitenote_active":false,"_exactmetrics_sitenote_note":"","_exactmetrics_sitenote_category":0,"footnotes":""},"categories":[24],"tags":[1089],"class_list":{"0":"post-8337","1":"post","2":"type-post","3":"status-publish","4":"format-standard","5":"has-post-thumbnail","7":"category-redondela","8":"tag-concello-de-pazos-de-borben"},"yoast_head":"<!-- This site is optimized with the Yoast SEO plugin v27.4 - https:\/\/yoast.com\/product\/yoast-seo-wordpress\/ -->\n<title>A agrupaci\u00f3n redondel\u00e1 comprom\u00e9tese a sufragar un estudo das augas do r\u00edo se a situaci\u00f3n contin\u00faa sen solventarse -<\/title>\n<meta name=\"description\" content=\"AER e Alternativa Veci\u00f1al de Pazos de Borb\u00e9n urxen soluci\u00f3n aos vertidos diarios no r\u00edo Alvedosa\" \/>\n<meta name=\"robots\" content=\"index, follow, max-snippet:-1, max-image-preview:large, max-video-preview:-1\" \/>\n<link rel=\"canonical\" href=\"https:\/\/www.anovapeneira.gal\/index.php\/2022\/10\/11\/a-agrupacion-redondela-comprometese-a-sufragar-un-estudo-das-augas-do-rio-se-a-situacion-continua-sen-solventarse\/\" \/>\n<meta property=\"og:locale\" content=\"gl_ES\" \/>\n<meta property=\"og:type\" content=\"article\" \/>\n<meta property=\"og:title\" content=\"A agrupaci\u00f3n redondel\u00e1 comprom\u00e9tese a sufragar un estudo das augas do r\u00edo se a situaci\u00f3n contin\u00faa sen solventarse -\" \/>\n<meta property=\"og:description\" content=\"AER e Alternativa Veci\u00f1al de Pazos de Borb\u00e9n urxen soluci\u00f3n aos vertidos diarios no r\u00edo Alvedosa\" \/>\n<meta property=\"og:url\" content=\"https:\/\/www.anovapeneira.gal\/index.php\/2022\/10\/11\/a-agrupacion-redondela-comprometese-a-sufragar-un-estudo-das-augas-do-rio-se-a-situacion-continua-sen-solventarse\/\" \/>\n<meta property=\"article:publisher\" content=\"https:\/\/www.facebook.com\/anovapeneira\" \/>\n<meta property=\"article:published_time\" content=\"2022-10-11T10:00:38+00:00\" \/>\n<meta property=\"og:image\" content=\"https:\/\/www.anovapeneira.gal\/wp-content\/uploads\/2022\/10\/vertido_amoedo.jpg\" \/>\n\t<meta property=\"og:image:width\" content=\"720\" \/>\n\t<meta property=\"og:image:height\" content=\"432\" \/>\n\t<meta property=\"og:image:type\" content=\"image\/jpeg\" \/>\n<meta name=\"author\" content=\"Redacci\u00f3n A Nova Peneira\" \/>\n<meta name=\"twitter:card\" content=\"summary_large_image\" \/>\n<meta name=\"twitter:creator\" content=\"@APeneira\" \/>\n<meta name=\"twitter:site\" content=\"@APeneira\" \/>\n<meta name=\"twitter:label1\" content=\"Escrito por\" \/>\n\t<meta name=\"twitter:data1\" content=\"Redacci\u00f3n A Nova Peneira\" \/>\n\t<meta name=\"twitter:label2\" content=\"Tempo de lectura\" \/>\n\t<meta name=\"twitter:data2\" content=\"3 minutos\" \/>\n<script type=\"application\/ld+json\" class=\"yoast-schema-graph\">{\"@context\":\"https:\\\/\\\/schema.org\",\"@graph\":[{\"@type\":\"Article\",\"@id\":\"https:\\\/\\\/www.anovapeneira.gal\\\/index.php\\\/2022\\\/10\\\/11\\\/a-agrupacion-redondela-comprometese-a-sufragar-un-estudo-das-augas-do-rio-se-a-situacion-continua-sen-solventarse\\\/#article\",\"isPartOf\":{\"@id\":\"https:\\\/\\\/www.anovapeneira.gal\\\/index.php\\\/2022\\\/10\\\/11\\\/a-agrupacion-redondela-comprometese-a-sufragar-un-estudo-das-augas-do-rio-se-a-situacion-continua-sen-solventarse\\\/\"},\"author\":{\"name\":\"Redacci\u00f3n A Nova Peneira\",\"@id\":\"https:\\\/\\\/www.anovapeneira.gal\\\/#\\\/schema\\\/person\\\/b93e3f8932e3f8da96334607eb6ac6aa\"},\"headline\":\"A agrupaci\u00f3n redondel\u00e1 comprom\u00e9tese a sufragar un estudo das augas do r\u00edo se a situaci\u00f3n contin\u00faa sen solventarse\",\"datePublished\":\"2022-10-11T10:00:38+00:00\",\"mainEntityOfPage\":{\"@id\":\"https:\\\/\\\/www.anovapeneira.gal\\\/index.php\\\/2022\\\/10\\\/11\\\/a-agrupacion-redondela-comprometese-a-sufragar-un-estudo-das-augas-do-rio-se-a-situacion-continua-sen-solventarse\\\/\"},\"wordCount\":531,\"commentCount\":0,\"publisher\":{\"@id\":\"https:\\\/\\\/www.anovapeneira.gal\\\/#organization\"},\"image\":{\"@id\":\"https:\\\/\\\/www.anovapeneira.gal\\\/index.php\\\/2022\\\/10\\\/11\\\/a-agrupacion-redondela-comprometese-a-sufragar-un-estudo-das-augas-do-rio-se-a-situacion-continua-sen-solventarse\\\/#primaryimage\"},\"thumbnailUrl\":\"https:\\\/\\\/www.anovapeneira.gal\\\/wp-content\\\/uploads\\\/2022\\\/10\\\/vertido_amoedo.jpg\",\"keywords\":[\"Concello de Pazos de Borb\u00e9n\"],\"articleSection\":[\"Redondela\"],\"inLanguage\":\"gl-ES\",\"potentialAction\":[{\"@type\":\"CommentAction\",\"name\":\"Comment\",\"target\":[\"https:\\\/\\\/www.anovapeneira.gal\\\/index.php\\\/2022\\\/10\\\/11\\\/a-agrupacion-redondela-comprometese-a-sufragar-un-estudo-das-augas-do-rio-se-a-situacion-continua-sen-solventarse\\\/#respond\"]}]},{\"@type\":\"WebPage\",\"@id\":\"https:\\\/\\\/www.anovapeneira.gal\\\/index.php\\\/2022\\\/10\\\/11\\\/a-agrupacion-redondela-comprometese-a-sufragar-un-estudo-das-augas-do-rio-se-a-situacion-continua-sen-solventarse\\\/\",\"url\":\"https:\\\/\\\/www.anovapeneira.gal\\\/index.php\\\/2022\\\/10\\\/11\\\/a-agrupacion-redondela-comprometese-a-sufragar-un-estudo-das-augas-do-rio-se-a-situacion-continua-sen-solventarse\\\/\",\"name\":\"A agrupaci\u00f3n redondel\u00e1 comprom\u00e9tese a sufragar un estudo das augas do r\u00edo se a situaci\u00f3n contin\u00faa sen solventarse -\",\"isPartOf\":{\"@id\":\"https:\\\/\\\/www.anovapeneira.gal\\\/#website\"},\"primaryImageOfPage\":{\"@id\":\"https:\\\/\\\/www.anovapeneira.gal\\\/index.php\\\/2022\\\/10\\\/11\\\/a-agrupacion-redondela-comprometese-a-sufragar-un-estudo-das-augas-do-rio-se-a-situacion-continua-sen-solventarse\\\/#primaryimage\"},\"image\":{\"@id\":\"https:\\\/\\\/www.anovapeneira.gal\\\/index.php\\\/2022\\\/10\\\/11\\\/a-agrupacion-redondela-comprometese-a-sufragar-un-estudo-das-augas-do-rio-se-a-situacion-continua-sen-solventarse\\\/#primaryimage\"},\"thumbnailUrl\":\"https:\\\/\\\/www.anovapeneira.gal\\\/wp-content\\\/uploads\\\/2022\\\/10\\\/vertido_amoedo.jpg\",\"datePublished\":\"2022-10-11T10:00:38+00:00\",\"description\":\"AER e Alternativa Veci\u00f1al de Pazos de Borb\u00e9n urxen soluci\u00f3n aos vertidos diarios no r\u00edo Alvedosa\",\"breadcrumb\":{\"@id\":\"https:\\\/\\\/www.anovapeneira.gal\\\/index.php\\\/2022\\\/10\\\/11\\\/a-agrupacion-redondela-comprometese-a-sufragar-un-estudo-das-augas-do-rio-se-a-situacion-continua-sen-solventarse\\\/#breadcrumb\"},\"inLanguage\":\"gl-ES\",\"potentialAction\":[{\"@type\":\"ReadAction\",\"target\":[\"https:\\\/\\\/www.anovapeneira.gal\\\/index.php\\\/2022\\\/10\\\/11\\\/a-agrupacion-redondela-comprometese-a-sufragar-un-estudo-das-augas-do-rio-se-a-situacion-continua-sen-solventarse\\\/\"]}]},{\"@type\":\"ImageObject\",\"inLanguage\":\"gl-ES\",\"@id\":\"https:\\\/\\\/www.anovapeneira.gal\\\/index.php\\\/2022\\\/10\\\/11\\\/a-agrupacion-redondela-comprometese-a-sufragar-un-estudo-das-augas-do-rio-se-a-situacion-continua-sen-solventarse\\\/#primaryimage\",\"url\":\"https:\\\/\\\/www.anovapeneira.gal\\\/wp-content\\\/uploads\\\/2022\\\/10\\\/vertido_amoedo.jpg\",\"contentUrl\":\"https:\\\/\\\/www.anovapeneira.gal\\\/wp-content\\\/uploads\\\/2022\\\/10\\\/vertido_amoedo.jpg\",\"width\":720,\"height\":432,\"caption\":\"Vertido Amoedo\"},{\"@type\":\"BreadcrumbList\",\"@id\":\"https:\\\/\\\/www.anovapeneira.gal\\\/index.php\\\/2022\\\/10\\\/11\\\/a-agrupacion-redondela-comprometese-a-sufragar-un-estudo-das-augas-do-rio-se-a-situacion-continua-sen-solventarse\\\/#breadcrumb\",\"itemListElement\":[{\"@type\":\"ListItem\",\"position\":1,\"name\":\"Portada\",\"item\":\"https:\\\/\\\/www.anovapeneira.gal\\\/\"},{\"@type\":\"ListItem\",\"position\":2,\"name\":\"A agrupaci\u00f3n redondel\u00e1 comprom\u00e9tese a sufragar un estudo das augas do r\u00edo se a situaci\u00f3n contin\u00faa sen solventarse\"}]},{\"@type\":\"WebSite\",\"@id\":\"https:\\\/\\\/www.anovapeneira.gal\\\/#website\",\"url\":\"https:\\\/\\\/www.anovapeneira.gal\\\/\",\"name\":\"\",\"description\":\"Xornal galego de informaci\u00f3n xeral Publicaci\u00f3n mensual de novas de Galicia e en especial dos Concellos da sur da provincia de Pontevedra.\",\"publisher\":{\"@id\":\"https:\\\/\\\/www.anovapeneira.gal\\\/#organization\"},\"potentialAction\":[{\"@type\":\"SearchAction\",\"target\":{\"@type\":\"EntryPoint\",\"urlTemplate\":\"https:\\\/\\\/www.anovapeneira.gal\\\/?s={search_term_string}\"},\"query-input\":{\"@type\":\"PropertyValueSpecification\",\"valueRequired\":true,\"valueName\":\"search_term_string\"}}],\"inLanguage\":\"gl-ES\"},{\"@type\":\"Organization\",\"@id\":\"https:\\\/\\\/www.anovapeneira.gal\\\/#organization\",\"name\":\"A Nova Peneira\",\"url\":\"https:\\\/\\\/www.anovapeneira.gal\\\/\",\"logo\":{\"@type\":\"ImageObject\",\"inLanguage\":\"gl-ES\",\"@id\":\"https:\\\/\\\/www.anovapeneira.gal\\\/#\\\/schema\\\/logo\\\/image\\\/\",\"url\":\"http:\\\/\\\/www.anovapeneira.gal\\\/wp-content\\\/uploads\\\/2019\\\/06\\\/logo_a_nova_peneira_portal_web.png\",\"contentUrl\":\"http:\\\/\\\/www.anovapeneira.gal\\\/wp-content\\\/uploads\\\/2019\\\/06\\\/logo_a_nova_peneira_portal_web.png\",\"width\":300,\"height\":100,\"caption\":\"A Nova Peneira\"},\"image\":{\"@id\":\"https:\\\/\\\/www.anovapeneira.gal\\\/#\\\/schema\\\/logo\\\/image\\\/\"},\"sameAs\":[\"https:\\\/\\\/www.facebook.com\\\/anovapeneira\",\"https:\\\/\\\/x.com\\\/APeneira\"]},{\"@type\":\"Person\",\"@id\":\"https:\\\/\\\/www.anovapeneira.gal\\\/#\\\/schema\\\/person\\\/b93e3f8932e3f8da96334607eb6ac6aa\",\"name\":\"Redacci\u00f3n A Nova Peneira\",\"image\":{\"@type\":\"ImageObject\",\"inLanguage\":\"gl-ES\",\"@id\":\"https:\\\/\\\/secure.gravatar.com\\\/avatar\\\/c052a2551a06e23fac63626232eaa90abd78dbcf1700fc46a2b2c89fd27b735f?s=96&d=mm&r=g\",\"url\":\"https:\\\/\\\/secure.gravatar.com\\\/avatar\\\/c052a2551a06e23fac63626232eaa90abd78dbcf1700fc46a2b2c89fd27b735f?s=96&d=mm&r=g\",\"contentUrl\":\"https:\\\/\\\/secure.gravatar.com\\\/avatar\\\/c052a2551a06e23fac63626232eaa90abd78dbcf1700fc46a2b2c89fd27b735f?s=96&d=mm&r=g\",\"caption\":\"Redacci\u00f3n A Nova Peneira\"},\"sameAs\":[\"http:\\\/\\\/www.anovapeneira.gal\\\/\"],\"url\":\"https:\\\/\\\/www.anovapeneira.gal\\\/index.php\\\/author\\\/redactor\\\/\"}]}<\/script>\n<!-- \/ Yoast SEO plugin. -->","yoast_head_json":{"title":"A agrupaci\u00f3n redondel\u00e1 comprom\u00e9tese a sufragar un estudo das augas do r\u00edo se a situaci\u00f3n contin\u00faa sen solventarse -","description":"AER e Alternativa Veci\u00f1al de Pazos de Borb\u00e9n urxen soluci\u00f3n aos vertidos diarios no r\u00edo Alvedosa","robots":{"index":"index","follow":"follow","max-snippet":"max-snippet:-1","max-image-preview":"max-image-preview:large","max-video-preview":"max-video-preview:-1"},"canonical":"https:\/\/www.anovapeneira.gal\/index.php\/2022\/10\/11\/a-agrupacion-redondela-comprometese-a-sufragar-un-estudo-das-augas-do-rio-se-a-situacion-continua-sen-solventarse\/","og_locale":"gl_ES","og_type":"article","og_title":"A agrupaci\u00f3n redondel\u00e1 comprom\u00e9tese a sufragar un estudo das augas do r\u00edo se a situaci\u00f3n contin\u00faa sen solventarse -","og_description":"AER e Alternativa Veci\u00f1al de Pazos de Borb\u00e9n urxen soluci\u00f3n aos vertidos diarios no r\u00edo Alvedosa","og_url":"https:\/\/www.anovapeneira.gal\/index.php\/2022\/10\/11\/a-agrupacion-redondela-comprometese-a-sufragar-un-estudo-das-augas-do-rio-se-a-situacion-continua-sen-solventarse\/","article_publisher":"https:\/\/www.facebook.com\/anovapeneira","article_published_time":"2022-10-11T10:00:38+00:00","og_image":[{"width":720,"height":432,"url":"https:\/\/www.anovapeneira.gal\/wp-content\/uploads\/2022\/10\/vertido_amoedo.jpg","type":"image\/jpeg"}],"author":"Redacci\u00f3n A Nova Peneira","twitter_card":"summary_large_image","twitter_creator":"@APeneira","twitter_site":"@APeneira","twitter_misc":{"Escrito por":"Redacci\u00f3n A Nova Peneira","Tempo de lectura":"3 minutos"},"schema":{"@context":"https:\/\/schema.org","@graph":[{"@type":"Article","@id":"https:\/\/www.anovapeneira.gal\/index.php\/2022\/10\/11\/a-agrupacion-redondela-comprometese-a-sufragar-un-estudo-das-augas-do-rio-se-a-situacion-continua-sen-solventarse\/#article","isPartOf":{"@id":"https:\/\/www.anovapeneira.gal\/index.php\/2022\/10\/11\/a-agrupacion-redondela-comprometese-a-sufragar-un-estudo-das-augas-do-rio-se-a-situacion-continua-sen-solventarse\/"},"author":{"name":"Redacci\u00f3n A Nova Peneira","@id":"https:\/\/www.anovapeneira.gal\/#\/schema\/person\/b93e3f8932e3f8da96334607eb6ac6aa"},"headline":"A agrupaci\u00f3n redondel\u00e1 comprom\u00e9tese a sufragar un estudo das augas do r\u00edo se a situaci\u00f3n contin\u00faa sen solventarse","datePublished":"2022-10-11T10:00:38+00:00","mainEntityOfPage":{"@id":"https:\/\/www.anovapeneira.gal\/index.php\/2022\/10\/11\/a-agrupacion-redondela-comprometese-a-sufragar-un-estudo-das-augas-do-rio-se-a-situacion-continua-sen-solventarse\/"},"wordCount":531,"commentCount":0,"publisher":{"@id":"https:\/\/www.anovapeneira.gal\/#organization"},"image":{"@id":"https:\/\/www.anovapeneira.gal\/index.php\/2022\/10\/11\/a-agrupacion-redondela-comprometese-a-sufragar-un-estudo-das-augas-do-rio-se-a-situacion-continua-sen-solventarse\/#primaryimage"},"thumbnailUrl":"https:\/\/www.anovapeneira.gal\/wp-content\/uploads\/2022\/10\/vertido_amoedo.jpg","keywords":["Concello de Pazos de Borb\u00e9n"],"articleSection":["Redondela"],"inLanguage":"gl-ES","potentialAction":[{"@type":"CommentAction","name":"Comment","target":["https:\/\/www.anovapeneira.gal\/index.php\/2022\/10\/11\/a-agrupacion-redondela-comprometese-a-sufragar-un-estudo-das-augas-do-rio-se-a-situacion-continua-sen-solventarse\/#respond"]}]},{"@type":"WebPage","@id":"https:\/\/www.anovapeneira.gal\/index.php\/2022\/10\/11\/a-agrupacion-redondela-comprometese-a-sufragar-un-estudo-das-augas-do-rio-se-a-situacion-continua-sen-solventarse\/","url":"https:\/\/www.anovapeneira.gal\/index.php\/2022\/10\/11\/a-agrupacion-redondela-comprometese-a-sufragar-un-estudo-das-augas-do-rio-se-a-situacion-continua-sen-solventarse\/","name":"A agrupaci\u00f3n redondel\u00e1 comprom\u00e9tese a sufragar un estudo das augas do r\u00edo se a situaci\u00f3n contin\u00faa sen solventarse -","isPartOf":{"@id":"https:\/\/www.anovapeneira.gal\/#website"},"primaryImageOfPage":{"@id":"https:\/\/www.anovapeneira.gal\/index.php\/2022\/10\/11\/a-agrupacion-redondela-comprometese-a-sufragar-un-estudo-das-augas-do-rio-se-a-situacion-continua-sen-solventarse\/#primaryimage"},"image":{"@id":"https:\/\/www.anovapeneira.gal\/index.php\/2022\/10\/11\/a-agrupacion-redondela-comprometese-a-sufragar-un-estudo-das-augas-do-rio-se-a-situacion-continua-sen-solventarse\/#primaryimage"},"thumbnailUrl":"https:\/\/www.anovapeneira.gal\/wp-content\/uploads\/2022\/10\/vertido_amoedo.jpg","datePublished":"2022-10-11T10:00:38+00:00","description":"AER e Alternativa Veci\u00f1al de Pazos de Borb\u00e9n urxen soluci\u00f3n aos vertidos diarios no r\u00edo Alvedosa","breadcrumb":{"@id":"https:\/\/www.anovapeneira.gal\/index.php\/2022\/10\/11\/a-agrupacion-redondela-comprometese-a-sufragar-un-estudo-das-augas-do-rio-se-a-situacion-continua-sen-solventarse\/#breadcrumb"},"inLanguage":"gl-ES","potentialAction":[{"@type":"ReadAction","target":["https:\/\/www.anovapeneira.gal\/index.php\/2022\/10\/11\/a-agrupacion-redondela-comprometese-a-sufragar-un-estudo-das-augas-do-rio-se-a-situacion-continua-sen-solventarse\/"]}]},{"@type":"ImageObject","inLanguage":"gl-ES","@id":"https:\/\/www.anovapeneira.gal\/index.php\/2022\/10\/11\/a-agrupacion-redondela-comprometese-a-sufragar-un-estudo-das-augas-do-rio-se-a-situacion-continua-sen-solventarse\/#primaryimage","url":"https:\/\/www.anovapeneira.gal\/wp-content\/uploads\/2022\/10\/vertido_amoedo.jpg","contentUrl":"https:\/\/www.anovapeneira.gal\/wp-content\/uploads\/2022\/10\/vertido_amoedo.jpg","width":720,"height":432,"caption":"Vertido Amoedo"},{"@type":"BreadcrumbList","@id":"https:\/\/www.anovapeneira.gal\/index.php\/2022\/10\/11\/a-agrupacion-redondela-comprometese-a-sufragar-un-estudo-das-augas-do-rio-se-a-situacion-continua-sen-solventarse\/#breadcrumb","itemListElement":[{"@type":"ListItem","position":1,"name":"Portada","item":"https:\/\/www.anovapeneira.gal\/"},{"@type":"ListItem","position":2,"name":"A agrupaci\u00f3n redondel\u00e1 comprom\u00e9tese a sufragar un estudo das augas do r\u00edo se a situaci\u00f3n contin\u00faa sen solventarse"}]},{"@type":"WebSite","@id":"https:\/\/www.anovapeneira.gal\/#website","url":"https:\/\/www.anovapeneira.gal\/","name":"","description":"Xornal galego de informaci\u00f3n xeral Publicaci\u00f3n mensual de novas de Galicia e en especial dos Concellos da sur da provincia de Pontevedra.","publisher":{"@id":"https:\/\/www.anovapeneira.gal\/#organization"},"potentialAction":[{"@type":"SearchAction","target":{"@type":"EntryPoint","urlTemplate":"https:\/\/www.anovapeneira.gal\/?s={search_term_string}"},"query-input":{"@type":"PropertyValueSpecification","valueRequired":true,"valueName":"search_term_string"}}],"inLanguage":"gl-ES"},{"@type":"Organization","@id":"https:\/\/www.anovapeneira.gal\/#organization","name":"A Nova Peneira","url":"https:\/\/www.anovapeneira.gal\/","logo":{"@type":"ImageObject","inLanguage":"gl-ES","@id":"https:\/\/www.anovapeneira.gal\/#\/schema\/logo\/image\/","url":"http:\/\/www.anovapeneira.gal\/wp-content\/uploads\/2019\/06\/logo_a_nova_peneira_portal_web.png","contentUrl":"http:\/\/www.anovapeneira.gal\/wp-content\/uploads\/2019\/06\/logo_a_nova_peneira_portal_web.png","width":300,"height":100,"caption":"A Nova Peneira"},"image":{"@id":"https:\/\/www.anovapeneira.gal\/#\/schema\/logo\/image\/"},"sameAs":["https:\/\/www.facebook.com\/anovapeneira","https:\/\/x.com\/APeneira"]},{"@type":"Person","@id":"https:\/\/www.anovapeneira.gal\/#\/schema\/person\/b93e3f8932e3f8da96334607eb6ac6aa","name":"Redacci\u00f3n A Nova Peneira","image":{"@type":"ImageObject","inLanguage":"gl-ES","@id":"https:\/\/secure.gravatar.com\/avatar\/c052a2551a06e23fac63626232eaa90abd78dbcf1700fc46a2b2c89fd27b735f?s=96&d=mm&r=g","url":"https:\/\/secure.gravatar.com\/avatar\/c052a2551a06e23fac63626232eaa90abd78dbcf1700fc46a2b2c89fd27b735f?s=96&d=mm&r=g","contentUrl":"https:\/\/secure.gravatar.com\/avatar\/c052a2551a06e23fac63626232eaa90abd78dbcf1700fc46a2b2c89fd27b735f?s=96&d=mm&r=g","caption":"Redacci\u00f3n A Nova Peneira"},"sameAs":["http:\/\/www.anovapeneira.gal\/"],"url":"https:\/\/www.anovapeneira.gal\/index.php\/author\/redactor\/"}]}},"jetpack_featured_media_url":"https:\/\/www.anovapeneira.gal\/wp-content\/uploads\/2022\/10\/vertido_amoedo.jpg","_links":{"self":[{"href":"https:\/\/www.anovapeneira.gal\/index.php\/wp-json\/wp\/v2\/posts\/8337","targetHints":{"allow":["GET"]}}],"collection":[{"href":"https:\/\/www.anovapeneira.gal\/index.php\/wp-json\/wp\/v2\/posts"}],"about":[{"href":"https:\/\/www.anovapeneira.gal\/index.php\/wp-json\/wp\/v2\/types\/post"}],"author":[{"embeddable":true,"href":"https:\/\/www.anovapeneira.gal\/index.php\/wp-json\/wp\/v2\/users\/3"}],"replies":[{"embeddable":true,"href":"https:\/\/www.anovapeneira.gal\/index.php\/wp-json\/wp\/v2\/comments?post=8337"}],"version-history":[{"count":1,"href":"https:\/\/www.anovapeneira.gal\/index.php\/wp-json\/wp\/v2\/posts\/8337\/revisions"}],"predecessor-version":[{"id":8339,"href":"https:\/\/www.anovapeneira.gal\/index.php\/wp-json\/wp\/v2\/posts\/8337\/revisions\/8339"}],"wp:featuredmedia":[{"embeddable":true,"href":"https:\/\/www.anovapeneira.gal\/index.php\/wp-json\/wp\/v2\/media\/8338"}],"wp:attachment":[{"href":"https:\/\/www.anovapeneira.gal\/index.php\/wp-json\/wp\/v2\/media?parent=8337"}],"wp:term":[{"taxonomy":"category","embeddable":true,"href":"https:\/\/www.anovapeneira.gal\/index.php\/wp-json\/wp\/v2\/categories?post=8337"},{"taxonomy":"post_tag","embeddable":true,"href":"https:\/\/www.anovapeneira.gal\/index.php\/wp-json\/wp\/v2\/tags?post=8337"}],"curies":[{"name":"wp","href":"https:\/\/api.w.org\/{rel}","templated":true}]}}