{"id":8340,"date":"2022-10-12T10:00:32","date_gmt":"2022-10-12T08:00:32","guid":{"rendered":"https:\/\/www.anovapeneira.gal\/?p=8340"},"modified":"2022-10-07T20:23:49","modified_gmt":"2022-10-07T18:23:49","slug":"o-bng-valora-como-insultantes-os-orzamentos-do-estado-para-vigo-que-aprazan-a-conexion-de-alta-velocidade-con-porto","status":"publish","type":"post","link":"https:\/\/www.anovapeneira.gal\/index.php\/2022\/10\/12\/o-bng-valora-como-insultantes-os-orzamentos-do-estado-para-vigo-que-aprazan-a-conexion-de-alta-velocidade-con-porto\/","title":{"rendered":"O BNG valora como \u201cinsultantes\u201d os Orzamentos do Estado para Vigo que aprazan a conexi\u00f3n de alta velocidade con Porto"},"content":{"rendered":"\n<h2 class=\"wp-block-heading\">A fronte nacionalista anuncia emendas ao proxecto de contas do Goberno espa\u00f1ol polos \u201cinsuficientes\u201d investimentos previstos na cidade, como a Biblioteca do Estado ou a variante de Cerdedo, as\u00ed como pola falla de partidas para a mellora do tramo da AP-9 en Teis, entre outros.<\/h2>\n\n\n\n<p>Xabier P. Igrexas: \u201cO BNG vai plantar cara ao Goberno espa\u00f1ol de PSOE e Unidas Podemos por virarlle as costas a Vigo e fronte \u00e1 submisi\u00f3n partidista de Abel Caballero\u201d.<br><br><strong>VIGO, 7 de outubro 2022.<\/strong><\/p>\n\n\n\n<p>O Bloque Nacionalista Galego de Vigo considera \u201cinsultante\u201d o proxecto de Orzamentos Xerais do Estado (OXE) para 2023 presentado polo Goberno espa\u00f1ol diante das \u201cinsuficientes\u201d partidas para a cidade, que postergan e ignoran importantes investimentos pendentes. A fronte nacionalista destaca entre outras carencias a falla de compromisos para a posta en marcha da estrat\u00e9xica sa\u00edda sur ferroviaria con Porto.<\/p>\n\n\n\n<p>\u201cSon uns orzamentos do patad\u00f3n para adiante, de volva vostede ma\u00f1\u00e1, que insisten en aprazar a atenci\u00f3n das necesidades da maior cidade de Galiza\u201d, criticou o concelleiro e candidato do BNG \u00e1 Alcald\u00eda de Vigo, Xabier P. Igrexas, que considerou \u201cespecialmente grave\u201d a escasa aportaci\u00f3n estatal en materia de infraestruturas e mobilidade, polo que anunciou a presentaci\u00f3n dunha bater\u00eda de emendas para aumentar os investimentos.<\/p>\n\n\n\n<p>As\u00ed, tachou de \u201cafrenta\u201d a Vigo que a anunciada conexi\u00f3n de alta velocidade con Portugal, cunha partida de menos de 30 mil euros no proxecto, volva quedar f\u00f3ra das prioridades. \u201cCon estes orzamentos o Goberno espa\u00f1ol de PSOE e Unidas Podemos di claramente que non quere facer realidade a sa\u00edda sur\u201d, afeou Igrexas, que contrastou este \u201crid\u00edculo\u201d investimento co firme compromiso amosado polo Goberno portugu\u00e9s para desenvolver esta conexi\u00f3n.<\/p>\n\n\n\n<p>Tam\u00e9n en materia ferroviaria, o candidato nacionalista valorou como \u201ccosm\u00e9tico\u201d o investimento para a variante de Cerdedo, que representa un 0,02% do custo total desta infraestrutura para a conexi\u00f3n directa de alta velocidade de Vigo coa Meseta. No mesmo sentido, cualificou de \u201crid\u00edcula\u201d a partida prevista para o novo trazado da autov\u00eda entre Vigo e O Porri\u00f1o.<\/p>\n\n\n\n<p>Sobre a Biblioteca do Estado en Vigo, o concelleiro do BNG considerou \u201cunha broma de mal gusto\u201d que s\u00f3 se aprovisionen 100 mil euros, que supo\u00f1en postergar esta dotaci\u00f3n anunciada de forma reiterada desde 2007. Igrexas lembrou que as contas deste exercicio xa recoll\u00edan 50 mil euros para esta \u201cbiblioteca do conto da leiteira\u201d, dos que non se executou nin un euro.<\/p>\n\n\n\n<p>Nesa li\u00f1a, desde a fronte nacionalista cren tam\u00e9n \u201cinsuficiente\u201d o esforzo inversor para desenvolver o Campus do Mar na ETEA as\u00ed como das partidas para a mellora do aeroporto de Peinador.<\/p>\n\n\n\n<p><strong>Importantes necesidades ausentes<\/strong><\/p>\n\n\n\n<p>O candidato do BNG en Vigo lamentou ademais que un n\u00famero importante de proxectos e necesidades pendentes na cidade queden f\u00f3ra das previsi\u00f3ns do Goberno espa\u00f1ol. Entre eles, destacou a ausencia de investimentos demandados historicamente no barrio de Teis, como a mellora dos pasos elevados da AP-9 da Xorxa e da Trapa, a conversi\u00f3n do tramo urbano e a instalaci\u00f3n das comprometidas pantallas ac\u00fasticas no punto de maior contaminaci\u00f3n ac\u00fastica da cidade.<\/p>\n\n\n\n<p>Igrexas lamentou que o proxecto de OXE para 2023 tampouco recolla partidas para promover pol\u00edticas de reindustrializaci\u00f3n e de fortalecemento dos sectores produtivos de Vigo, diante da \u201cdesertizaci\u00f3n industrial\u201d que padece a cidade desde hai anos en sectores fundamentais como o naval e cun impacto moi significativo sobre o emprego. Subli\u00f1ou tam\u00e9n a falla de investimentos para soterrar a VG-20 ao seu paso polo barrio de Navia.<\/p>\n\n\n\n<p>\u201cO Goberno espa\u00f1ol volve virarlle as costas a Vigo\u201d, remachou o edil nacionalista, que anunciou que o BNG est\u00e1 xa a traballar nunha bater\u00eda de emendas para reclamar un aumento substancial dos investimentos estatais na cidade fronte \u201c\u00e1 submisi\u00f3n e mansedume\u201d do alcalde de Vigo, Abel Caballero, co goberno liderado polo seu partido.<\/p>\n","protected":false},"excerpt":{"rendered":"<div class=\"mh-excerpt\"><p>A fronte nacionalista anuncia emendas ao proxecto de contas do Goberno espa\u00f1ol polos \u201cinsuficientes\u201d investimentos previstos na cidade, como a Biblioteca do Estado ou a variante de Cerdedo <a class=\"mh-excerpt-more\" href=\"https:\/\/www.anovapeneira.gal\/index.php\/2022\/10\/12\/o-bng-valora-como-insultantes-os-orzamentos-do-estado-para-vigo-que-aprazan-a-conexion-de-alta-velocidade-con-porto\/\" title=\"O BNG valora como \u201cinsultantes\u201d os Orzamentos do Estado para Vigo que aprazan a conexi\u00f3n de alta velocidade con Porto\">[&#8230;]<\/a><\/p>\n<\/div>","protected":false},"author":3,"featured_media":8341,"comment_status":"open","ping_status":"open","sticky":false,"template":"","format":"standard","meta":{"_exactmetrics_skip_tracking":false,"_exactmetrics_sitenote_active":false,"_exactmetrics_sitenote_note":"","_exactmetrics_sitenote_category":0,"footnotes":""},"categories":[19],"tags":[227],"class_list":{"0":"post-8340","1":"post","2":"type-post","3":"status-publish","4":"format-standard","5":"has-post-thumbnail","7":"category-vigo","8":"tag-concello-de-vigo"},"yoast_head":"<!-- This site is optimized with the Yoast SEO plugin v27.4 - https:\/\/yoast.com\/product\/yoast-seo-wordpress\/ -->\n<title>O BNG valora como \u201cinsultantes\u201d os Orzamentos do Estado para Vigo que aprazan a conexi\u00f3n de alta velocidade con Porto -<\/title>\n<meta name=\"description\" content=\"A fronte nacionalista anuncia emendas ao proxecto de contas do Goberno espa\u00f1ol polos \u201cinsuficientes\u201d investimentos previstos na cidade, como a Biblioteca do Estado ou a variante de Cerdedo\" \/>\n<meta name=\"robots\" content=\"index, follow, max-snippet:-1, max-image-preview:large, max-video-preview:-1\" \/>\n<link rel=\"canonical\" href=\"https:\/\/www.anovapeneira.gal\/index.php\/2022\/10\/12\/o-bng-valora-como-insultantes-os-orzamentos-do-estado-para-vigo-que-aprazan-a-conexion-de-alta-velocidade-con-porto\/\" \/>\n<meta property=\"og:locale\" content=\"gl_ES\" \/>\n<meta property=\"og:type\" content=\"article\" \/>\n<meta property=\"og:title\" content=\"O BNG valora como \u201cinsultantes\u201d os Orzamentos do Estado para Vigo que aprazan a conexi\u00f3n de alta velocidade con Porto -\" \/>\n<meta property=\"og:description\" content=\"A fronte nacionalista anuncia emendas ao proxecto de contas do Goberno espa\u00f1ol polos \u201cinsuficientes\u201d investimentos previstos na cidade, como a Biblioteca do Estado ou a variante de Cerdedo\" \/>\n<meta property=\"og:url\" content=\"https:\/\/www.anovapeneira.gal\/index.php\/2022\/10\/12\/o-bng-valora-como-insultantes-os-orzamentos-do-estado-para-vigo-que-aprazan-a-conexion-de-alta-velocidade-con-porto\/\" \/>\n<meta property=\"article:publisher\" content=\"https:\/\/www.facebook.com\/anovapeneira\" \/>\n<meta property=\"article:published_time\" content=\"2022-10-12T08:00:32+00:00\" \/>\n<meta property=\"og:image\" content=\"https:\/\/www.anovapeneira.gal\/wp-content\/uploads\/2022\/10\/xabier_p_igrexas_2.jpg\" \/>\n\t<meta property=\"og:image:width\" content=\"720\" \/>\n\t<meta property=\"og:image:height\" content=\"432\" \/>\n\t<meta property=\"og:image:type\" content=\"image\/jpeg\" \/>\n<meta name=\"author\" content=\"Redacci\u00f3n A Nova Peneira\" \/>\n<meta name=\"twitter:card\" content=\"summary_large_image\" \/>\n<meta name=\"twitter:creator\" content=\"@APeneira\" \/>\n<meta name=\"twitter:site\" content=\"@APeneira\" \/>\n<meta name=\"twitter:label1\" content=\"Escrito por\" \/>\n\t<meta name=\"twitter:data1\" content=\"Redacci\u00f3n A Nova Peneira\" \/>\n\t<meta name=\"twitter:label2\" content=\"Tempo de lectura\" \/>\n\t<meta name=\"twitter:data2\" content=\"4 minutos\" \/>\n<script type=\"application\/ld+json\" class=\"yoast-schema-graph\">{\"@context\":\"https:\\\/\\\/schema.org\",\"@graph\":[{\"@type\":\"Article\",\"@id\":\"https:\\\/\\\/www.anovapeneira.gal\\\/index.php\\\/2022\\\/10\\\/12\\\/o-bng-valora-como-insultantes-os-orzamentos-do-estado-para-vigo-que-aprazan-a-conexion-de-alta-velocidade-con-porto\\\/#article\",\"isPartOf\":{\"@id\":\"https:\\\/\\\/www.anovapeneira.gal\\\/index.php\\\/2022\\\/10\\\/12\\\/o-bng-valora-como-insultantes-os-orzamentos-do-estado-para-vigo-que-aprazan-a-conexion-de-alta-velocidade-con-porto\\\/\"},\"author\":{\"name\":\"Redacci\u00f3n A Nova Peneira\",\"@id\":\"https:\\\/\\\/www.anovapeneira.gal\\\/#\\\/schema\\\/person\\\/b93e3f8932e3f8da96334607eb6ac6aa\"},\"headline\":\"O BNG valora como \u201cinsultantes\u201d os Orzamentos do Estado para Vigo que aprazan a conexi\u00f3n de alta velocidade con Porto\",\"datePublished\":\"2022-10-12T08:00:32+00:00\",\"mainEntityOfPage\":{\"@id\":\"https:\\\/\\\/www.anovapeneira.gal\\\/index.php\\\/2022\\\/10\\\/12\\\/o-bng-valora-como-insultantes-os-orzamentos-do-estado-para-vigo-que-aprazan-a-conexion-de-alta-velocidade-con-porto\\\/\"},\"wordCount\":674,\"commentCount\":0,\"publisher\":{\"@id\":\"https:\\\/\\\/www.anovapeneira.gal\\\/#organization\"},\"image\":{\"@id\":\"https:\\\/\\\/www.anovapeneira.gal\\\/index.php\\\/2022\\\/10\\\/12\\\/o-bng-valora-como-insultantes-os-orzamentos-do-estado-para-vigo-que-aprazan-a-conexion-de-alta-velocidade-con-porto\\\/#primaryimage\"},\"thumbnailUrl\":\"https:\\\/\\\/www.anovapeneira.gal\\\/wp-content\\\/uploads\\\/2022\\\/10\\\/xabier_p_igrexas_2.jpg\",\"keywords\":[\"Concello de Vigo\"],\"articleSection\":[\"Vigo\"],\"inLanguage\":\"gl-ES\",\"potentialAction\":[{\"@type\":\"CommentAction\",\"name\":\"Comment\",\"target\":[\"https:\\\/\\\/www.anovapeneira.gal\\\/index.php\\\/2022\\\/10\\\/12\\\/o-bng-valora-como-insultantes-os-orzamentos-do-estado-para-vigo-que-aprazan-a-conexion-de-alta-velocidade-con-porto\\\/#respond\"]}]},{\"@type\":\"WebPage\",\"@id\":\"https:\\\/\\\/www.anovapeneira.gal\\\/index.php\\\/2022\\\/10\\\/12\\\/o-bng-valora-como-insultantes-os-orzamentos-do-estado-para-vigo-que-aprazan-a-conexion-de-alta-velocidade-con-porto\\\/\",\"url\":\"https:\\\/\\\/www.anovapeneira.gal\\\/index.php\\\/2022\\\/10\\\/12\\\/o-bng-valora-como-insultantes-os-orzamentos-do-estado-para-vigo-que-aprazan-a-conexion-de-alta-velocidade-con-porto\\\/\",\"name\":\"O BNG valora como \u201cinsultantes\u201d os Orzamentos do Estado para Vigo que aprazan a conexi\u00f3n de alta velocidade con Porto -\",\"isPartOf\":{\"@id\":\"https:\\\/\\\/www.anovapeneira.gal\\\/#website\"},\"primaryImageOfPage\":{\"@id\":\"https:\\\/\\\/www.anovapeneira.gal\\\/index.php\\\/2022\\\/10\\\/12\\\/o-bng-valora-como-insultantes-os-orzamentos-do-estado-para-vigo-que-aprazan-a-conexion-de-alta-velocidade-con-porto\\\/#primaryimage\"},\"image\":{\"@id\":\"https:\\\/\\\/www.anovapeneira.gal\\\/index.php\\\/2022\\\/10\\\/12\\\/o-bng-valora-como-insultantes-os-orzamentos-do-estado-para-vigo-que-aprazan-a-conexion-de-alta-velocidade-con-porto\\\/#primaryimage\"},\"thumbnailUrl\":\"https:\\\/\\\/www.anovapeneira.gal\\\/wp-content\\\/uploads\\\/2022\\\/10\\\/xabier_p_igrexas_2.jpg\",\"datePublished\":\"2022-10-12T08:00:32+00:00\",\"description\":\"A fronte nacionalista anuncia emendas ao proxecto de contas do Goberno espa\u00f1ol polos \u201cinsuficientes\u201d investimentos previstos na cidade, como a Biblioteca do Estado ou a variante de Cerdedo\",\"breadcrumb\":{\"@id\":\"https:\\\/\\\/www.anovapeneira.gal\\\/index.php\\\/2022\\\/10\\\/12\\\/o-bng-valora-como-insultantes-os-orzamentos-do-estado-para-vigo-que-aprazan-a-conexion-de-alta-velocidade-con-porto\\\/#breadcrumb\"},\"inLanguage\":\"gl-ES\",\"potentialAction\":[{\"@type\":\"ReadAction\",\"target\":[\"https:\\\/\\\/www.anovapeneira.gal\\\/index.php\\\/2022\\\/10\\\/12\\\/o-bng-valora-como-insultantes-os-orzamentos-do-estado-para-vigo-que-aprazan-a-conexion-de-alta-velocidade-con-porto\\\/\"]}]},{\"@type\":\"ImageObject\",\"inLanguage\":\"gl-ES\",\"@id\":\"https:\\\/\\\/www.anovapeneira.gal\\\/index.php\\\/2022\\\/10\\\/12\\\/o-bng-valora-como-insultantes-os-orzamentos-do-estado-para-vigo-que-aprazan-a-conexion-de-alta-velocidade-con-porto\\\/#primaryimage\",\"url\":\"https:\\\/\\\/www.anovapeneira.gal\\\/wp-content\\\/uploads\\\/2022\\\/10\\\/xabier_p_igrexas_2.jpg\",\"contentUrl\":\"https:\\\/\\\/www.anovapeneira.gal\\\/wp-content\\\/uploads\\\/2022\\\/10\\\/xabier_p_igrexas_2.jpg\",\"width\":720,\"height\":432,\"caption\":\"Xabier P. Igrexas\"},{\"@type\":\"BreadcrumbList\",\"@id\":\"https:\\\/\\\/www.anovapeneira.gal\\\/index.php\\\/2022\\\/10\\\/12\\\/o-bng-valora-como-insultantes-os-orzamentos-do-estado-para-vigo-que-aprazan-a-conexion-de-alta-velocidade-con-porto\\\/#breadcrumb\",\"itemListElement\":[{\"@type\":\"ListItem\",\"position\":1,\"name\":\"Portada\",\"item\":\"https:\\\/\\\/www.anovapeneira.gal\\\/\"},{\"@type\":\"ListItem\",\"position\":2,\"name\":\"O BNG valora como \u201cinsultantes\u201d os Orzamentos do Estado para Vigo que aprazan a conexi\u00f3n de alta velocidade con Porto\"}]},{\"@type\":\"WebSite\",\"@id\":\"https:\\\/\\\/www.anovapeneira.gal\\\/#website\",\"url\":\"https:\\\/\\\/www.anovapeneira.gal\\\/\",\"name\":\"\",\"description\":\"Xornal galego de informaci\u00f3n xeral Publicaci\u00f3n mensual de novas de Galicia e en especial dos Concellos da sur da provincia de Pontevedra.\",\"publisher\":{\"@id\":\"https:\\\/\\\/www.anovapeneira.gal\\\/#organization\"},\"potentialAction\":[{\"@type\":\"SearchAction\",\"target\":{\"@type\":\"EntryPoint\",\"urlTemplate\":\"https:\\\/\\\/www.anovapeneira.gal\\\/?s={search_term_string}\"},\"query-input\":{\"@type\":\"PropertyValueSpecification\",\"valueRequired\":true,\"valueName\":\"search_term_string\"}}],\"inLanguage\":\"gl-ES\"},{\"@type\":\"Organization\",\"@id\":\"https:\\\/\\\/www.anovapeneira.gal\\\/#organization\",\"name\":\"A Nova Peneira\",\"url\":\"https:\\\/\\\/www.anovapeneira.gal\\\/\",\"logo\":{\"@type\":\"ImageObject\",\"inLanguage\":\"gl-ES\",\"@id\":\"https:\\\/\\\/www.anovapeneira.gal\\\/#\\\/schema\\\/logo\\\/image\\\/\",\"url\":\"http:\\\/\\\/www.anovapeneira.gal\\\/wp-content\\\/uploads\\\/2019\\\/06\\\/logo_a_nova_peneira_portal_web.png\",\"contentUrl\":\"http:\\\/\\\/www.anovapeneira.gal\\\/wp-content\\\/uploads\\\/2019\\\/06\\\/logo_a_nova_peneira_portal_web.png\",\"width\":300,\"height\":100,\"caption\":\"A Nova Peneira\"},\"image\":{\"@id\":\"https:\\\/\\\/www.anovapeneira.gal\\\/#\\\/schema\\\/logo\\\/image\\\/\"},\"sameAs\":[\"https:\\\/\\\/www.facebook.com\\\/anovapeneira\",\"https:\\\/\\\/x.com\\\/APeneira\"]},{\"@type\":\"Person\",\"@id\":\"https:\\\/\\\/www.anovapeneira.gal\\\/#\\\/schema\\\/person\\\/b93e3f8932e3f8da96334607eb6ac6aa\",\"name\":\"Redacci\u00f3n A Nova Peneira\",\"image\":{\"@type\":\"ImageObject\",\"inLanguage\":\"gl-ES\",\"@id\":\"https:\\\/\\\/secure.gravatar.com\\\/avatar\\\/c052a2551a06e23fac63626232eaa90abd78dbcf1700fc46a2b2c89fd27b735f?s=96&d=mm&r=g\",\"url\":\"https:\\\/\\\/secure.gravatar.com\\\/avatar\\\/c052a2551a06e23fac63626232eaa90abd78dbcf1700fc46a2b2c89fd27b735f?s=96&d=mm&r=g\",\"contentUrl\":\"https:\\\/\\\/secure.gravatar.com\\\/avatar\\\/c052a2551a06e23fac63626232eaa90abd78dbcf1700fc46a2b2c89fd27b735f?s=96&d=mm&r=g\",\"caption\":\"Redacci\u00f3n A Nova Peneira\"},\"sameAs\":[\"http:\\\/\\\/www.anovapeneira.gal\\\/\"],\"url\":\"https:\\\/\\\/www.anovapeneira.gal\\\/index.php\\\/author\\\/redactor\\\/\"}]}<\/script>\n<!-- \/ Yoast SEO plugin. -->","yoast_head_json":{"title":"O BNG valora como \u201cinsultantes\u201d os Orzamentos do Estado para Vigo que aprazan a conexi\u00f3n de alta velocidade con Porto -","description":"A fronte nacionalista anuncia emendas ao proxecto de contas do Goberno espa\u00f1ol polos \u201cinsuficientes\u201d investimentos previstos na cidade, como a Biblioteca do Estado ou a variante de Cerdedo","robots":{"index":"index","follow":"follow","max-snippet":"max-snippet:-1","max-image-preview":"max-image-preview:large","max-video-preview":"max-video-preview:-1"},"canonical":"https:\/\/www.anovapeneira.gal\/index.php\/2022\/10\/12\/o-bng-valora-como-insultantes-os-orzamentos-do-estado-para-vigo-que-aprazan-a-conexion-de-alta-velocidade-con-porto\/","og_locale":"gl_ES","og_type":"article","og_title":"O BNG valora como \u201cinsultantes\u201d os Orzamentos do Estado para Vigo que aprazan a conexi\u00f3n de alta velocidade con Porto -","og_description":"A fronte nacionalista anuncia emendas ao proxecto de contas do Goberno espa\u00f1ol polos \u201cinsuficientes\u201d investimentos previstos na cidade, como a Biblioteca do Estado ou a variante de Cerdedo","og_url":"https:\/\/www.anovapeneira.gal\/index.php\/2022\/10\/12\/o-bng-valora-como-insultantes-os-orzamentos-do-estado-para-vigo-que-aprazan-a-conexion-de-alta-velocidade-con-porto\/","article_publisher":"https:\/\/www.facebook.com\/anovapeneira","article_published_time":"2022-10-12T08:00:32+00:00","og_image":[{"width":720,"height":432,"url":"https:\/\/www.anovapeneira.gal\/wp-content\/uploads\/2022\/10\/xabier_p_igrexas_2.jpg","type":"image\/jpeg"}],"author":"Redacci\u00f3n A Nova Peneira","twitter_card":"summary_large_image","twitter_creator":"@APeneira","twitter_site":"@APeneira","twitter_misc":{"Escrito por":"Redacci\u00f3n A Nova Peneira","Tempo de lectura":"4 minutos"},"schema":{"@context":"https:\/\/schema.org","@graph":[{"@type":"Article","@id":"https:\/\/www.anovapeneira.gal\/index.php\/2022\/10\/12\/o-bng-valora-como-insultantes-os-orzamentos-do-estado-para-vigo-que-aprazan-a-conexion-de-alta-velocidade-con-porto\/#article","isPartOf":{"@id":"https:\/\/www.anovapeneira.gal\/index.php\/2022\/10\/12\/o-bng-valora-como-insultantes-os-orzamentos-do-estado-para-vigo-que-aprazan-a-conexion-de-alta-velocidade-con-porto\/"},"author":{"name":"Redacci\u00f3n A Nova Peneira","@id":"https:\/\/www.anovapeneira.gal\/#\/schema\/person\/b93e3f8932e3f8da96334607eb6ac6aa"},"headline":"O BNG valora como \u201cinsultantes\u201d os Orzamentos do Estado para Vigo que aprazan a conexi\u00f3n de alta velocidade con Porto","datePublished":"2022-10-12T08:00:32+00:00","mainEntityOfPage":{"@id":"https:\/\/www.anovapeneira.gal\/index.php\/2022\/10\/12\/o-bng-valora-como-insultantes-os-orzamentos-do-estado-para-vigo-que-aprazan-a-conexion-de-alta-velocidade-con-porto\/"},"wordCount":674,"commentCount":0,"publisher":{"@id":"https:\/\/www.anovapeneira.gal\/#organization"},"image":{"@id":"https:\/\/www.anovapeneira.gal\/index.php\/2022\/10\/12\/o-bng-valora-como-insultantes-os-orzamentos-do-estado-para-vigo-que-aprazan-a-conexion-de-alta-velocidade-con-porto\/#primaryimage"},"thumbnailUrl":"https:\/\/www.anovapeneira.gal\/wp-content\/uploads\/2022\/10\/xabier_p_igrexas_2.jpg","keywords":["Concello de Vigo"],"articleSection":["Vigo"],"inLanguage":"gl-ES","potentialAction":[{"@type":"CommentAction","name":"Comment","target":["https:\/\/www.anovapeneira.gal\/index.php\/2022\/10\/12\/o-bng-valora-como-insultantes-os-orzamentos-do-estado-para-vigo-que-aprazan-a-conexion-de-alta-velocidade-con-porto\/#respond"]}]},{"@type":"WebPage","@id":"https:\/\/www.anovapeneira.gal\/index.php\/2022\/10\/12\/o-bng-valora-como-insultantes-os-orzamentos-do-estado-para-vigo-que-aprazan-a-conexion-de-alta-velocidade-con-porto\/","url":"https:\/\/www.anovapeneira.gal\/index.php\/2022\/10\/12\/o-bng-valora-como-insultantes-os-orzamentos-do-estado-para-vigo-que-aprazan-a-conexion-de-alta-velocidade-con-porto\/","name":"O BNG valora como \u201cinsultantes\u201d os Orzamentos do Estado para Vigo que aprazan a conexi\u00f3n de alta velocidade con Porto -","isPartOf":{"@id":"https:\/\/www.anovapeneira.gal\/#website"},"primaryImageOfPage":{"@id":"https:\/\/www.anovapeneira.gal\/index.php\/2022\/10\/12\/o-bng-valora-como-insultantes-os-orzamentos-do-estado-para-vigo-que-aprazan-a-conexion-de-alta-velocidade-con-porto\/#primaryimage"},"image":{"@id":"https:\/\/www.anovapeneira.gal\/index.php\/2022\/10\/12\/o-bng-valora-como-insultantes-os-orzamentos-do-estado-para-vigo-que-aprazan-a-conexion-de-alta-velocidade-con-porto\/#primaryimage"},"thumbnailUrl":"https:\/\/www.anovapeneira.gal\/wp-content\/uploads\/2022\/10\/xabier_p_igrexas_2.jpg","datePublished":"2022-10-12T08:00:32+00:00","description":"A fronte nacionalista anuncia emendas ao proxecto de contas do Goberno espa\u00f1ol polos \u201cinsuficientes\u201d investimentos previstos na cidade, como a Biblioteca do Estado ou a variante de Cerdedo","breadcrumb":{"@id":"https:\/\/www.anovapeneira.gal\/index.php\/2022\/10\/12\/o-bng-valora-como-insultantes-os-orzamentos-do-estado-para-vigo-que-aprazan-a-conexion-de-alta-velocidade-con-porto\/#breadcrumb"},"inLanguage":"gl-ES","potentialAction":[{"@type":"ReadAction","target":["https:\/\/www.anovapeneira.gal\/index.php\/2022\/10\/12\/o-bng-valora-como-insultantes-os-orzamentos-do-estado-para-vigo-que-aprazan-a-conexion-de-alta-velocidade-con-porto\/"]}]},{"@type":"ImageObject","inLanguage":"gl-ES","@id":"https:\/\/www.anovapeneira.gal\/index.php\/2022\/10\/12\/o-bng-valora-como-insultantes-os-orzamentos-do-estado-para-vigo-que-aprazan-a-conexion-de-alta-velocidade-con-porto\/#primaryimage","url":"https:\/\/www.anovapeneira.gal\/wp-content\/uploads\/2022\/10\/xabier_p_igrexas_2.jpg","contentUrl":"https:\/\/www.anovapeneira.gal\/wp-content\/uploads\/2022\/10\/xabier_p_igrexas_2.jpg","width":720,"height":432,"caption":"Xabier P. Igrexas"},{"@type":"BreadcrumbList","@id":"https:\/\/www.anovapeneira.gal\/index.php\/2022\/10\/12\/o-bng-valora-como-insultantes-os-orzamentos-do-estado-para-vigo-que-aprazan-a-conexion-de-alta-velocidade-con-porto\/#breadcrumb","itemListElement":[{"@type":"ListItem","position":1,"name":"Portada","item":"https:\/\/www.anovapeneira.gal\/"},{"@type":"ListItem","position":2,"name":"O BNG valora como \u201cinsultantes\u201d os Orzamentos do Estado para Vigo que aprazan a conexi\u00f3n de alta velocidade con Porto"}]},{"@type":"WebSite","@id":"https:\/\/www.anovapeneira.gal\/#website","url":"https:\/\/www.anovapeneira.gal\/","name":"","description":"Xornal galego de informaci\u00f3n xeral Publicaci\u00f3n mensual de novas de Galicia e en especial dos Concellos da sur da provincia de Pontevedra.","publisher":{"@id":"https:\/\/www.anovapeneira.gal\/#organization"},"potentialAction":[{"@type":"SearchAction","target":{"@type":"EntryPoint","urlTemplate":"https:\/\/www.anovapeneira.gal\/?s={search_term_string}"},"query-input":{"@type":"PropertyValueSpecification","valueRequired":true,"valueName":"search_term_string"}}],"inLanguage":"gl-ES"},{"@type":"Organization","@id":"https:\/\/www.anovapeneira.gal\/#organization","name":"A Nova Peneira","url":"https:\/\/www.anovapeneira.gal\/","logo":{"@type":"ImageObject","inLanguage":"gl-ES","@id":"https:\/\/www.anovapeneira.gal\/#\/schema\/logo\/image\/","url":"http:\/\/www.anovapeneira.gal\/wp-content\/uploads\/2019\/06\/logo_a_nova_peneira_portal_web.png","contentUrl":"http:\/\/www.anovapeneira.gal\/wp-content\/uploads\/2019\/06\/logo_a_nova_peneira_portal_web.png","width":300,"height":100,"caption":"A Nova Peneira"},"image":{"@id":"https:\/\/www.anovapeneira.gal\/#\/schema\/logo\/image\/"},"sameAs":["https:\/\/www.facebook.com\/anovapeneira","https:\/\/x.com\/APeneira"]},{"@type":"Person","@id":"https:\/\/www.anovapeneira.gal\/#\/schema\/person\/b93e3f8932e3f8da96334607eb6ac6aa","name":"Redacci\u00f3n A Nova Peneira","image":{"@type":"ImageObject","inLanguage":"gl-ES","@id":"https:\/\/secure.gravatar.com\/avatar\/c052a2551a06e23fac63626232eaa90abd78dbcf1700fc46a2b2c89fd27b735f?s=96&d=mm&r=g","url":"https:\/\/secure.gravatar.com\/avatar\/c052a2551a06e23fac63626232eaa90abd78dbcf1700fc46a2b2c89fd27b735f?s=96&d=mm&r=g","contentUrl":"https:\/\/secure.gravatar.com\/avatar\/c052a2551a06e23fac63626232eaa90abd78dbcf1700fc46a2b2c89fd27b735f?s=96&d=mm&r=g","caption":"Redacci\u00f3n A Nova Peneira"},"sameAs":["http:\/\/www.anovapeneira.gal\/"],"url":"https:\/\/www.anovapeneira.gal\/index.php\/author\/redactor\/"}]}},"jetpack_featured_media_url":"https:\/\/www.anovapeneira.gal\/wp-content\/uploads\/2022\/10\/xabier_p_igrexas_2.jpg","_links":{"self":[{"href":"https:\/\/www.anovapeneira.gal\/index.php\/wp-json\/wp\/v2\/posts\/8340","targetHints":{"allow":["GET"]}}],"collection":[{"href":"https:\/\/www.anovapeneira.gal\/index.php\/wp-json\/wp\/v2\/posts"}],"about":[{"href":"https:\/\/www.anovapeneira.gal\/index.php\/wp-json\/wp\/v2\/types\/post"}],"author":[{"embeddable":true,"href":"https:\/\/www.anovapeneira.gal\/index.php\/wp-json\/wp\/v2\/users\/3"}],"replies":[{"embeddable":true,"href":"https:\/\/www.anovapeneira.gal\/index.php\/wp-json\/wp\/v2\/comments?post=8340"}],"version-history":[{"count":1,"href":"https:\/\/www.anovapeneira.gal\/index.php\/wp-json\/wp\/v2\/posts\/8340\/revisions"}],"predecessor-version":[{"id":8342,"href":"https:\/\/www.anovapeneira.gal\/index.php\/wp-json\/wp\/v2\/posts\/8340\/revisions\/8342"}],"wp:featuredmedia":[{"embeddable":true,"href":"https:\/\/www.anovapeneira.gal\/index.php\/wp-json\/wp\/v2\/media\/8341"}],"wp:attachment":[{"href":"https:\/\/www.anovapeneira.gal\/index.php\/wp-json\/wp\/v2\/media?parent=8340"}],"wp:term":[{"taxonomy":"category","embeddable":true,"href":"https:\/\/www.anovapeneira.gal\/index.php\/wp-json\/wp\/v2\/categories?post=8340"},{"taxonomy":"post_tag","embeddable":true,"href":"https:\/\/www.anovapeneira.gal\/index.php\/wp-json\/wp\/v2\/tags?post=8340"}],"curies":[{"name":"wp","href":"https:\/\/api.w.org\/{rel}","templated":true}]}}