{"id":8355,"date":"2022-10-13T12:00:05","date_gmt":"2022-10-13T10:00:05","guid":{"rendered":"https:\/\/www.anovapeneira.gal\/?p=8355"},"modified":"2022-10-09T18:43:11","modified_gmt":"2022-10-09T16:43:11","slug":"a-oposicion-de-mos-toma-a-palabra","status":"publish","type":"post","link":"https:\/\/www.anovapeneira.gal\/index.php\/2022\/10\/13\/a-oposicion-de-mos-toma-a-palabra\/","title":{"rendered":"A Oposici\u00f3n de Mos toma a palabra"},"content":{"rendered":"\n<pre class=\"wp-block-verse\"><strong>G.Figueiredo e Tino Lago<\/strong><\/pre>\n\n\n\n<h2 class=\"wp-block-heading\"><strong>Grupo municipal do PSdeG \u2013 PSOE<\/strong><\/h2>\n\n\n\n<p><strong>Os socialistas mosenses son o principal grupo de oposici\u00f3n ao goberno do PP nesta localidade da Louri\u00f1a. E n\u00f3s iniciamos esta xeira de entrevistas a toda a oposici\u00f3n mosense( PSOE, Ga\u00f1aMos e BNG) falando con eles. Todo parece indicar que a s\u00faa voceira, e tam\u00e9n deputada provincial, Victoria Alonso repetir\u00e1 como candidata . Ela am\u00f3sase moi animada e convencida de que no 2023 si haber\u00e1 cambio pol\u00edtico en Mos. Vela\u00ed vai o que deu de si a nosa conversa cos concelleiros e concelleiras socialistas de Mos.<\/strong><\/p>\n\n\n\n<p>\u201c <strong>Percibimos nas r\u00faas de Mos un malestar crecente cara ao goberno municipal, e unha onda imparable de simpat\u00eda cara ao proxecto socialista. Temos a convicci\u00f3n de que no 2023 haber\u00e1 cambio de goberno\u201d<\/strong><\/p>\n\n\n\n<p><strong>Valorade ao goberno municipal neste mandato?.<\/strong><\/p>\n\n\n\n<blockquote class=\"wp-block-quote is-layout-flow wp-block-quote-is-layout-flow\"><p>O que m\u00e1is chama a atenci\u00f3n , non xa neste mandato, sen\u00f3n desde que Mos padece o desgoberno da s\u00faa nefasta alcaldesa, \u00e9 a desastrosa xesti\u00f3n econ\u00f3mica. Os recursos malg\u00e1stanse de maneira flagrante e as necesidades reais da maior\u00eda da veci\u00f1anza est\u00e1n totalmente desatendidas. O resultado da cat\u00e1strofe financiera \u00e9 que o concello ten que recorrer en moitas ocasi\u00f3ns ao reco\u00f1ecemento extraxudicial de cr\u00e9dito e que moitos dos traballos que se encargan, que non serven para nada,son executados digamos que por empresas amigas<\/p><\/blockquote>\n\n\n\n<p><strong>Ponde alg\u00fan exemplo deste suposto dispendio econ\u00f3mico que mencionades?<\/strong><\/p>\n\n\n\n<blockquote class=\"wp-block-quote is-layout-flow wp-block-quote-is-layout-flow\"><p>Todos os temas que a alcaldesa leva a xu\u00edzo como a defensa do proxecto de Mouri\u00f1o, \u00e1 Comunidade de Montes, \u00e1s tra\u00eddas de augas. A alcaldesa paga a defensa de todos estes casos con di\u00f1eiro p\u00fablico que non est\u00e1 orzado.<\/p><\/blockquote>\n\n\n\n<p><strong>E este malgasto, en que situaci\u00f3n econ\u00f3mica deixa o concello?<\/strong><\/p>\n\n\n\n<blockquote class=\"wp-block-quote is-layout-flow wp-block-quote-is-layout-flow\"><p>Temos unha d\u00e9beda bancaria de case 5 mill\u00f3ns de euros e todos os anos hai reco\u00f1ecementos extraxudiciais que a aumentan entre 800.000 e 1 mill\u00f3n de euros .<\/p><\/blockquote>\n\n\n\n<blockquote class=\"wp-block-quote is-layout-flow wp-block-quote-is-layout-flow\"><p>Mesmo agora, para acabar o mandato pediron un cr\u00e9dito de 800.000\u20ac \u00e1 Xunta de Galicia para facer unhas obras innecesarias en San Eleuterio que van deixar sen aparcamento aos veci\u00f1os e veci\u00f1as.<\/p><\/blockquote>\n\n\n\n<blockquote class=\"wp-block-quote is-layout-flow wp-block-quote-is-layout-flow\"><p>Levabamos dous anos sen licitar o contrato de lixo, imos facelo agora, e este contrato sup\u00f3n un mill\u00f3n e medio de euros m\u00e1is anuais, antes custaba 600.000\u20ac. Est\u00e1n a encarecerse moit\u00edsimo todos os contratos.<\/p><\/blockquote>\n\n\n\n<p><strong>Queda clara a vosa posici\u00f3n sobre a xesti\u00f3n econ\u00f3mica deste goberno. Agora queremos co\u00f1ecer que pensades sobre o trato \u00e1 veci\u00f1anza. O goberno de Mos trata igual \u00e1s persoas que claramente se connotan co PP ,c\u00e1s persoas que claramente se connotan en posici\u00f3ns contrarias ?<\/strong><\/p>\n\n\n\n<blockquote class=\"wp-block-quote is-layout-flow wp-block-quote-is-layout-flow\"><p>\u00c9 unha desgraza e profundamente inxusto pero a resposta a esa pregunta \u00e9 un NON rotundo. Non hai un trato igualitario. Hai parroquias \u00e1s que se lle d\u00e1 trato de favor e outras que se lles quere castigar. Barrios, asociaci\u00f3ns e colectivos que non est\u00e1n de acordo coa xesti\u00f3n deste goberno vense afectados e outros que si o est\u00e1n son beneficiados. A veci\u00f1anza mosense mer\u00e9cese un trato igualitario e non o ten.<\/p><\/blockquote>\n\n\n\n<p><strong>A recente declaraci\u00f3n de proxecto de interese auton\u00f3mico ao proxecto do Celta en Tameiga vai conducir irremediablemente a un intento de expropiaci\u00f3n?<\/strong><\/p>\n\n\n\n<blockquote class=\"wp-block-quote is-layout-flow wp-block-quote-is-layout-flow\"><p>Se os propietarios non queren ceder nin vender, a \u00fanica v\u00eda que queda \u00e9 a expropiaci\u00f3n para que poida levar a cabo este proxecto. E parece claro que o dono do Celta non quere desistir do seu intento de facer negocio cos montes de Tameiga<\/p><\/blockquote>\n\n\n\n<p><strong>Hai algunha previsi\u00f3n de que o intento de expropiar poida ser inminente ou credes que van esperar \u00e1s elecci\u00f3ns municipais?<\/strong><\/p>\n\n\n\n<blockquote class=\"wp-block-quote is-layout-flow wp-block-quote-is-layout-flow\"><p>Isto est\u00e1 na Xunta de Galicia e non nos facilitan informaci\u00f3n de como vai o expediente, nin no Concello de Mos nin na Xunta .<\/p><\/blockquote>\n\n\n\n<p><strong>E a vosa posici\u00f3n segue sendo claramente en contra?<\/strong><\/p>\n\n\n\n<blockquote class=\"wp-block-quote is-layout-flow wp-block-quote-is-layout-flow\"><p>Estas instalaci\u00f3ns van ser totalmente privadas e benefician a unha soa persoa, a Mouri\u00f1o. Xa o vimos cos campos de adestramento do Celta que se fixeron en Pereiras, dixeron que os clubs de f\u00fatbol de Mos poder\u00edan adestrar al\u00ed e non \u00e9 verdade, adestra exclusivamente o Celta. Sabemos que \u00e9 un intento de Mouri\u00f1o de facerse con activos e patrimonio para poder vender o equipo e facer negocio, non beneficia en nada ao noso pobo.<\/p><\/blockquote>\n\n\n\n<p><strong>E que problema hai en Pereiras coa auga? ao parecer houbo este ver\u00e1n restrici\u00f3ns e cortes de auga.<\/strong><\/p>\n\n\n\n<blockquote class=\"wp-block-quote is-layout-flow wp-block-quote-is-layout-flow\"><p>Este ver\u00e1n algunha tra\u00edda sufriu cortes de subministraci\u00f3n, tiveron menos cantidade e menos potencia de auga. Preguntamos por isto nun pleno e a alcaldesa presentou informes nos que alegan que \u00e9 por culpa da seca.<\/p><\/blockquote>\n\n\n\n<p><strong>Pero sosp\u00e9itase que puido ter algunha incidencia a auga que necesita o Celta para regar os campos de f\u00fatbol, non?<\/strong><\/p>\n\n\n\n<blockquote class=\"wp-block-quote is-layout-flow wp-block-quote-is-layout-flow\"><p>Se se escava e se constr\u00fae encima da terra onde est\u00e1n os pozos e tra\u00eddas de auga, \u00e9 de supo\u00f1er que isto afectar\u00e1 negativamente a cantidade e potencia da auga.<\/p><\/blockquote>\n\n\n\n<blockquote class=\"wp-block-quote is-layout-flow wp-block-quote-is-layout-flow\"><p>Tam\u00e9n este inverno, os d\u00edas que houbo choiva forte, ao estar o monte con desterre e sen \u00e1rbores, provocou que a choiva fixese riadas asolagando leiras e estradas.<\/p><\/blockquote>\n\n\n\n<p><strong>Mantilla, ti vives en Pereiras, cando se iniciou todo este proceso do proxecto do Celta, a Comunidade de Montes de Pereiras,presuntamente controlada por persoas af\u00edns ao Partido Popular, deulle o benepl\u00e1cito para facer estas instalaci\u00f3ns coa aprobaci\u00f3n maioritaria dos comuneiros e comuneiras. No momento actual cal \u00e9 o sentir maioritario que percibes en Pereiras, a t\u00faa parroquia?<\/strong><\/p>\n\n\n\n<blockquote class=\"wp-block-quote is-layout-flow wp-block-quote-is-layout-flow\"><p>Creo que agora mesmo \u00e9 desfavorable. Xa daquela sa\u00edu o proxecto aprobado, pero por pouca diferenza de votos. Se se fai hoxe esta Asemblea, eu creo que o proxecto non sair\u00eda adiante.<\/p><\/blockquote>\n\n\n\n<p><strong>Cales foron as vosas principais li\u00f1as de acci\u00f3n pol\u00edtica no traballo de oposici\u00f3n que mantivestes estes anos?<\/strong><\/p>\n\n\n\n<blockquote class=\"wp-block-quote is-layout-flow wp-block-quote-is-layout-flow\"><p>Foron sobre todo no tema econ\u00f3mico. Somos un concello pequeno cun orzamento anual de 10 mill\u00f3ns de euros e a metade xa se vai en salarios para o persoal. Hai que administrar moi ben os nosos recursos para poder sacar a adiante proxectos de interese.<\/p><\/blockquote>\n\n\n\n<blockquote class=\"wp-block-quote is-layout-flow wp-block-quote-is-layout-flow\"><p>Tam\u00e9n facemos fincap\u00e9 na necesidade de dotar ao noso Concello dun plan urban\u00edstico. Buscar unha localizaci\u00f3n para o novo Concello e crear a partir de a\u00ed un n\u00facleo urbano. Somos un concello moi disperso, pero creo que a\u00ednda estamos a tempo de que o Concello de Mos te\u00f1a un centro e que podamos crecer a partir de a\u00ed.<\/p><\/blockquote>\n\n\n\n<blockquote class=\"wp-block-quote is-layout-flow wp-block-quote-is-layout-flow\"><p>Necesitamos facer humanizaci\u00f3ns con sentido e atendendo \u00e1s necesidades da xente, tam\u00e9n temos que canalizar as augas e limpar ben as cunetas cando se roza para que as riadas da choiva non vaian pola estrada&#8230;<\/p><\/blockquote>\n\n\n\n<p><strong>\u00c9 verdade que as empresas marchan de maneira axigantada do parque Empresarial Monte Faqui\u00f1a?<\/strong><\/p>\n\n\n\n<blockquote class=\"wp-block-quote is-layout-flow wp-block-quote-is-layout-flow\"><p>Non, isto \u00e9 rotundamente falso. Si que marcharon algunhas empresas por motivos diversos, pero no momento xa est\u00e1n novas empresas ocupando os espazos baleiros. Isto \u00e9 un bulo que claramente espeta o PP en contra da Comunidade de Montes de Tameiga para tratar de desgastalos pola s\u00faa posici\u00f3n contraria ao proxecto de Celta.<\/p><\/blockquote>\n\n\n\n<p><strong>Para o 2023 vai haber elecci\u00f3ns municipais. Xa tedes definido que vas ser ti a candidata Victoria?<\/strong><\/p>\n\n\n\n<blockquote class=\"wp-block-quote is-layout-flow wp-block-quote-is-layout-flow\"><p>Temos un proxecto e unha lista \u00e1 que pretendemos que se lle dea continuidade, pero iso teno que decidir a militancia na nosa pr\u00f3xima asemblea que se far\u00e1 este mes de outubro.<\/p><\/blockquote>\n\n\n\n<p><strong>E se tes a aprobaci\u00f3n da militancia, cal \u00e9 a t\u00faa vontade pol\u00edtica?<\/strong><\/p>\n\n\n\n<blockquote class=\"wp-block-quote is-layout-flow wp-block-quote-is-layout-flow\"><p>A mi\u00f1a vontade \u00e9 seguir a pleno rendemento para poder mellorar a vida dos nosos veci\u00f1os e veci\u00f1as.<\/p><\/blockquote>\n\n\n\n<blockquote class=\"wp-block-quote is-layout-flow wp-block-quote-is-layout-flow\"><p>O que me molesta profundamente \u00e9 a maneira de facer pol\u00edtica de Partido Popular. Fan pol\u00edticas de agresi\u00f3ns persoais e descualificaci\u00f3ns constantes nos plenos cara \u00e1 oposici\u00f3n, no canto de defender as s\u00faas propostas.<\/p><\/blockquote>\n\n\n\n<blockquote class=\"wp-block-quote is-layout-flow wp-block-quote-is-layout-flow\"><p>Se obte\u00f1o a confianza maioritaria dos meus compa\u00f1eiros e compa\u00f1eiras de partido, a mi\u00f1a vontade \u00e9 encabezar de novo a candidatura do Partido Socialista de Mos. Estou animada, con forzas e ilusi\u00f3n de ser a pr\u00f3xima alcaldesa de Mos.<\/p><\/blockquote>\n\n\n\n<p><strong>A previsi\u00f3n realista que temos para o 2023 \u00e9 alcanzar a alcald\u00eda?, hai posibilidades de que cambie a maior\u00eda en Mos?<\/strong><\/p>\n\n\n\n<blockquote class=\"wp-block-quote is-layout-flow wp-block-quote-is-layout-flow\"><p>Rotundamente si. No ano 2019 foron moii poucos votos os que fixeron que conservara a maior\u00eda. O que percibimos agora nas r\u00faas \u00e9 unha sensaci\u00f3n de malestar continuo e constante contra o goberno municipal e unha crecente onda de apoios ao proxecto socialista.<\/p><\/blockquote>\n","protected":false},"excerpt":{"rendered":"<div class=\"mh-excerpt\"><p>Os socialistas mosenses son o principal grupo de oposici\u00f3n ao goberno do PP nesta localidade da Louri\u00f1a <a class=\"mh-excerpt-more\" href=\"https:\/\/www.anovapeneira.gal\/index.php\/2022\/10\/13\/a-oposicion-de-mos-toma-a-palabra\/\" title=\"A Oposici\u00f3n de Mos toma a palabra\">[&#8230;]<\/a><\/p>\n<\/div>","protected":false},"author":17,"featured_media":8356,"comment_status":"open","ping_status":"open","sticky":false,"template":"","format":"standard","meta":{"_exactmetrics_skip_tracking":false,"_exactmetrics_sitenote_active":false,"_exactmetrics_sitenote_note":"","_exactmetrics_sitenote_category":0,"footnotes":""},"categories":[265],"tags":[218],"class_list":{"0":"post-8355","1":"post","2":"type-post","3":"status-publish","4":"format-standard","5":"has-post-thumbnail","7":"category-a-lourina-entrevistas","8":"tag-concello-de-mos"},"yoast_head":"<!-- This site is optimized with the Yoast SEO plugin v27.4 - https:\/\/yoast.com\/product\/yoast-seo-wordpress\/ -->\n<title>A Oposici\u00f3n de Mos toma a palabra -<\/title>\n<meta name=\"description\" content=\"Os socialistas mosenses son o principal grupo de oposici\u00f3n ao goberno do PP nesta localidade da Louri\u00f1a\" \/>\n<meta name=\"robots\" content=\"index, follow, max-snippet:-1, max-image-preview:large, max-video-preview:-1\" \/>\n<link rel=\"canonical\" href=\"https:\/\/www.anovapeneira.gal\/index.php\/2022\/10\/13\/a-oposicion-de-mos-toma-a-palabra\/\" \/>\n<meta property=\"og:locale\" content=\"gl_ES\" \/>\n<meta property=\"og:type\" content=\"article\" \/>\n<meta property=\"og:title\" content=\"A Oposici\u00f3n de Mos toma a palabra -\" \/>\n<meta property=\"og:description\" content=\"Os socialistas mosenses son o principal grupo de oposici\u00f3n ao goberno do PP nesta localidade da Louri\u00f1a\" \/>\n<meta property=\"og:url\" content=\"https:\/\/www.anovapeneira.gal\/index.php\/2022\/10\/13\/a-oposicion-de-mos-toma-a-palabra\/\" \/>\n<meta property=\"article:publisher\" content=\"https:\/\/www.facebook.com\/anovapeneira\" \/>\n<meta property=\"article:published_time\" content=\"2022-10-13T10:00:05+00:00\" \/>\n<meta property=\"og:image\" content=\"https:\/\/www.anovapeneira.gal\/wp-content\/uploads\/2022\/10\/grupo_mos_psoe.jpg\" \/>\n\t<meta property=\"og:image:width\" content=\"720\" \/>\n\t<meta property=\"og:image:height\" content=\"432\" \/>\n\t<meta property=\"og:image:type\" content=\"image\/jpeg\" \/>\n<meta name=\"author\" content=\"G. Figueiredo\" \/>\n<meta name=\"twitter:card\" content=\"summary_large_image\" \/>\n<meta name=\"twitter:creator\" content=\"@APeneira\" \/>\n<meta name=\"twitter:site\" content=\"@APeneira\" \/>\n<meta name=\"twitter:label1\" content=\"Escrito por\" \/>\n\t<meta name=\"twitter:data1\" content=\"G. Figueiredo\" \/>\n\t<meta name=\"twitter:label2\" content=\"Tempo de lectura\" \/>\n\t<meta name=\"twitter:data2\" content=\"8 minutos\" \/>\n<script type=\"application\/ld+json\" class=\"yoast-schema-graph\">{\"@context\":\"https:\\\/\\\/schema.org\",\"@graph\":[{\"@type\":\"Article\",\"@id\":\"https:\\\/\\\/www.anovapeneira.gal\\\/index.php\\\/2022\\\/10\\\/13\\\/a-oposicion-de-mos-toma-a-palabra\\\/#article\",\"isPartOf\":{\"@id\":\"https:\\\/\\\/www.anovapeneira.gal\\\/index.php\\\/2022\\\/10\\\/13\\\/a-oposicion-de-mos-toma-a-palabra\\\/\"},\"author\":{\"name\":\"G. Figueiredo\",\"@id\":\"https:\\\/\\\/www.anovapeneira.gal\\\/#\\\/schema\\\/person\\\/42f904d7cac80cf3f5a31494dd82a9b6\"},\"headline\":\"A Oposici\u00f3n de Mos toma a palabra\",\"datePublished\":\"2022-10-13T10:00:05+00:00\",\"mainEntityOfPage\":{\"@id\":\"https:\\\/\\\/www.anovapeneira.gal\\\/index.php\\\/2022\\\/10\\\/13\\\/a-oposicion-de-mos-toma-a-palabra\\\/\"},\"wordCount\":1445,\"commentCount\":0,\"publisher\":{\"@id\":\"https:\\\/\\\/www.anovapeneira.gal\\\/#organization\"},\"image\":{\"@id\":\"https:\\\/\\\/www.anovapeneira.gal\\\/index.php\\\/2022\\\/10\\\/13\\\/a-oposicion-de-mos-toma-a-palabra\\\/#primaryimage\"},\"thumbnailUrl\":\"https:\\\/\\\/www.anovapeneira.gal\\\/wp-content\\\/uploads\\\/2022\\\/10\\\/grupo_mos_psoe.jpg\",\"keywords\":[\"Concello de Mos\"],\"articleSection\":[\"A Louri\u00f1a\"],\"inLanguage\":\"gl-ES\",\"potentialAction\":[{\"@type\":\"CommentAction\",\"name\":\"Comment\",\"target\":[\"https:\\\/\\\/www.anovapeneira.gal\\\/index.php\\\/2022\\\/10\\\/13\\\/a-oposicion-de-mos-toma-a-palabra\\\/#respond\"]}]},{\"@type\":\"WebPage\",\"@id\":\"https:\\\/\\\/www.anovapeneira.gal\\\/index.php\\\/2022\\\/10\\\/13\\\/a-oposicion-de-mos-toma-a-palabra\\\/\",\"url\":\"https:\\\/\\\/www.anovapeneira.gal\\\/index.php\\\/2022\\\/10\\\/13\\\/a-oposicion-de-mos-toma-a-palabra\\\/\",\"name\":\"A Oposici\u00f3n de Mos toma a palabra -\",\"isPartOf\":{\"@id\":\"https:\\\/\\\/www.anovapeneira.gal\\\/#website\"},\"primaryImageOfPage\":{\"@id\":\"https:\\\/\\\/www.anovapeneira.gal\\\/index.php\\\/2022\\\/10\\\/13\\\/a-oposicion-de-mos-toma-a-palabra\\\/#primaryimage\"},\"image\":{\"@id\":\"https:\\\/\\\/www.anovapeneira.gal\\\/index.php\\\/2022\\\/10\\\/13\\\/a-oposicion-de-mos-toma-a-palabra\\\/#primaryimage\"},\"thumbnailUrl\":\"https:\\\/\\\/www.anovapeneira.gal\\\/wp-content\\\/uploads\\\/2022\\\/10\\\/grupo_mos_psoe.jpg\",\"datePublished\":\"2022-10-13T10:00:05+00:00\",\"description\":\"Os socialistas mosenses son o principal grupo de oposici\u00f3n ao goberno do PP nesta localidade da Louri\u00f1a\",\"breadcrumb\":{\"@id\":\"https:\\\/\\\/www.anovapeneira.gal\\\/index.php\\\/2022\\\/10\\\/13\\\/a-oposicion-de-mos-toma-a-palabra\\\/#breadcrumb\"},\"inLanguage\":\"gl-ES\",\"potentialAction\":[{\"@type\":\"ReadAction\",\"target\":[\"https:\\\/\\\/www.anovapeneira.gal\\\/index.php\\\/2022\\\/10\\\/13\\\/a-oposicion-de-mos-toma-a-palabra\\\/\"]}]},{\"@type\":\"ImageObject\",\"inLanguage\":\"gl-ES\",\"@id\":\"https:\\\/\\\/www.anovapeneira.gal\\\/index.php\\\/2022\\\/10\\\/13\\\/a-oposicion-de-mos-toma-a-palabra\\\/#primaryimage\",\"url\":\"https:\\\/\\\/www.anovapeneira.gal\\\/wp-content\\\/uploads\\\/2022\\\/10\\\/grupo_mos_psoe.jpg\",\"contentUrl\":\"https:\\\/\\\/www.anovapeneira.gal\\\/wp-content\\\/uploads\\\/2022\\\/10\\\/grupo_mos_psoe.jpg\",\"width\":720,\"height\":432,\"caption\":\"A Oposici\u00f3n de Mos toma a palabra\"},{\"@type\":\"BreadcrumbList\",\"@id\":\"https:\\\/\\\/www.anovapeneira.gal\\\/index.php\\\/2022\\\/10\\\/13\\\/a-oposicion-de-mos-toma-a-palabra\\\/#breadcrumb\",\"itemListElement\":[{\"@type\":\"ListItem\",\"position\":1,\"name\":\"Portada\",\"item\":\"https:\\\/\\\/www.anovapeneira.gal\\\/\"},{\"@type\":\"ListItem\",\"position\":2,\"name\":\"A Oposici\u00f3n de Mos toma a palabra\"}]},{\"@type\":\"WebSite\",\"@id\":\"https:\\\/\\\/www.anovapeneira.gal\\\/#website\",\"url\":\"https:\\\/\\\/www.anovapeneira.gal\\\/\",\"name\":\"\",\"description\":\"Xornal galego de informaci\u00f3n xeral Publicaci\u00f3n mensual de novas de Galicia e en especial dos Concellos da sur da provincia de Pontevedra.\",\"publisher\":{\"@id\":\"https:\\\/\\\/www.anovapeneira.gal\\\/#organization\"},\"potentialAction\":[{\"@type\":\"SearchAction\",\"target\":{\"@type\":\"EntryPoint\",\"urlTemplate\":\"https:\\\/\\\/www.anovapeneira.gal\\\/?s={search_term_string}\"},\"query-input\":{\"@type\":\"PropertyValueSpecification\",\"valueRequired\":true,\"valueName\":\"search_term_string\"}}],\"inLanguage\":\"gl-ES\"},{\"@type\":\"Organization\",\"@id\":\"https:\\\/\\\/www.anovapeneira.gal\\\/#organization\",\"name\":\"A Nova Peneira\",\"url\":\"https:\\\/\\\/www.anovapeneira.gal\\\/\",\"logo\":{\"@type\":\"ImageObject\",\"inLanguage\":\"gl-ES\",\"@id\":\"https:\\\/\\\/www.anovapeneira.gal\\\/#\\\/schema\\\/logo\\\/image\\\/\",\"url\":\"http:\\\/\\\/www.anovapeneira.gal\\\/wp-content\\\/uploads\\\/2019\\\/06\\\/logo_a_nova_peneira_portal_web.png\",\"contentUrl\":\"http:\\\/\\\/www.anovapeneira.gal\\\/wp-content\\\/uploads\\\/2019\\\/06\\\/logo_a_nova_peneira_portal_web.png\",\"width\":300,\"height\":100,\"caption\":\"A Nova Peneira\"},\"image\":{\"@id\":\"https:\\\/\\\/www.anovapeneira.gal\\\/#\\\/schema\\\/logo\\\/image\\\/\"},\"sameAs\":[\"https:\\\/\\\/www.facebook.com\\\/anovapeneira\",\"https:\\\/\\\/x.com\\\/APeneira\"]},{\"@type\":\"Person\",\"@id\":\"https:\\\/\\\/www.anovapeneira.gal\\\/#\\\/schema\\\/person\\\/42f904d7cac80cf3f5a31494dd82a9b6\",\"name\":\"G. Figueiredo\",\"image\":{\"@type\":\"ImageObject\",\"inLanguage\":\"gl-ES\",\"@id\":\"https:\\\/\\\/secure.gravatar.com\\\/avatar\\\/2d970086688458e0398ef8b84f5cbb8cc1ec3ab115aeb8435135a9f556af97b3?s=96&d=mm&r=g\",\"url\":\"https:\\\/\\\/secure.gravatar.com\\\/avatar\\\/2d970086688458e0398ef8b84f5cbb8cc1ec3ab115aeb8435135a9f556af97b3?s=96&d=mm&r=g\",\"contentUrl\":\"https:\\\/\\\/secure.gravatar.com\\\/avatar\\\/2d970086688458e0398ef8b84f5cbb8cc1ec3ab115aeb8435135a9f556af97b3?s=96&d=mm&r=g\",\"caption\":\"G. Figueiredo\"},\"sameAs\":[\"http:\\\/\\\/www.anovapeneira.gal\\\/\"],\"url\":\"https:\\\/\\\/www.anovapeneira.gal\\\/index.php\\\/author\\\/g-figueiredo\\\/\"}]}<\/script>\n<!-- \/ Yoast SEO plugin. -->","yoast_head_json":{"title":"A Oposici\u00f3n de Mos toma a palabra -","description":"Os socialistas mosenses son o principal grupo de oposici\u00f3n ao goberno do PP nesta localidade da Louri\u00f1a","robots":{"index":"index","follow":"follow","max-snippet":"max-snippet:-1","max-image-preview":"max-image-preview:large","max-video-preview":"max-video-preview:-1"},"canonical":"https:\/\/www.anovapeneira.gal\/index.php\/2022\/10\/13\/a-oposicion-de-mos-toma-a-palabra\/","og_locale":"gl_ES","og_type":"article","og_title":"A Oposici\u00f3n de Mos toma a palabra -","og_description":"Os socialistas mosenses son o principal grupo de oposici\u00f3n ao goberno do PP nesta localidade da Louri\u00f1a","og_url":"https:\/\/www.anovapeneira.gal\/index.php\/2022\/10\/13\/a-oposicion-de-mos-toma-a-palabra\/","article_publisher":"https:\/\/www.facebook.com\/anovapeneira","article_published_time":"2022-10-13T10:00:05+00:00","og_image":[{"width":720,"height":432,"url":"https:\/\/www.anovapeneira.gal\/wp-content\/uploads\/2022\/10\/grupo_mos_psoe.jpg","type":"image\/jpeg"}],"author":"G. Figueiredo","twitter_card":"summary_large_image","twitter_creator":"@APeneira","twitter_site":"@APeneira","twitter_misc":{"Escrito por":"G. Figueiredo","Tempo de lectura":"8 minutos"},"schema":{"@context":"https:\/\/schema.org","@graph":[{"@type":"Article","@id":"https:\/\/www.anovapeneira.gal\/index.php\/2022\/10\/13\/a-oposicion-de-mos-toma-a-palabra\/#article","isPartOf":{"@id":"https:\/\/www.anovapeneira.gal\/index.php\/2022\/10\/13\/a-oposicion-de-mos-toma-a-palabra\/"},"author":{"name":"G. Figueiredo","@id":"https:\/\/www.anovapeneira.gal\/#\/schema\/person\/42f904d7cac80cf3f5a31494dd82a9b6"},"headline":"A Oposici\u00f3n de Mos toma a palabra","datePublished":"2022-10-13T10:00:05+00:00","mainEntityOfPage":{"@id":"https:\/\/www.anovapeneira.gal\/index.php\/2022\/10\/13\/a-oposicion-de-mos-toma-a-palabra\/"},"wordCount":1445,"commentCount":0,"publisher":{"@id":"https:\/\/www.anovapeneira.gal\/#organization"},"image":{"@id":"https:\/\/www.anovapeneira.gal\/index.php\/2022\/10\/13\/a-oposicion-de-mos-toma-a-palabra\/#primaryimage"},"thumbnailUrl":"https:\/\/www.anovapeneira.gal\/wp-content\/uploads\/2022\/10\/grupo_mos_psoe.jpg","keywords":["Concello de Mos"],"articleSection":["A Louri\u00f1a"],"inLanguage":"gl-ES","potentialAction":[{"@type":"CommentAction","name":"Comment","target":["https:\/\/www.anovapeneira.gal\/index.php\/2022\/10\/13\/a-oposicion-de-mos-toma-a-palabra\/#respond"]}]},{"@type":"WebPage","@id":"https:\/\/www.anovapeneira.gal\/index.php\/2022\/10\/13\/a-oposicion-de-mos-toma-a-palabra\/","url":"https:\/\/www.anovapeneira.gal\/index.php\/2022\/10\/13\/a-oposicion-de-mos-toma-a-palabra\/","name":"A Oposici\u00f3n de Mos toma a palabra -","isPartOf":{"@id":"https:\/\/www.anovapeneira.gal\/#website"},"primaryImageOfPage":{"@id":"https:\/\/www.anovapeneira.gal\/index.php\/2022\/10\/13\/a-oposicion-de-mos-toma-a-palabra\/#primaryimage"},"image":{"@id":"https:\/\/www.anovapeneira.gal\/index.php\/2022\/10\/13\/a-oposicion-de-mos-toma-a-palabra\/#primaryimage"},"thumbnailUrl":"https:\/\/www.anovapeneira.gal\/wp-content\/uploads\/2022\/10\/grupo_mos_psoe.jpg","datePublished":"2022-10-13T10:00:05+00:00","description":"Os socialistas mosenses son o principal grupo de oposici\u00f3n ao goberno do PP nesta localidade da Louri\u00f1a","breadcrumb":{"@id":"https:\/\/www.anovapeneira.gal\/index.php\/2022\/10\/13\/a-oposicion-de-mos-toma-a-palabra\/#breadcrumb"},"inLanguage":"gl-ES","potentialAction":[{"@type":"ReadAction","target":["https:\/\/www.anovapeneira.gal\/index.php\/2022\/10\/13\/a-oposicion-de-mos-toma-a-palabra\/"]}]},{"@type":"ImageObject","inLanguage":"gl-ES","@id":"https:\/\/www.anovapeneira.gal\/index.php\/2022\/10\/13\/a-oposicion-de-mos-toma-a-palabra\/#primaryimage","url":"https:\/\/www.anovapeneira.gal\/wp-content\/uploads\/2022\/10\/grupo_mos_psoe.jpg","contentUrl":"https:\/\/www.anovapeneira.gal\/wp-content\/uploads\/2022\/10\/grupo_mos_psoe.jpg","width":720,"height":432,"caption":"A Oposici\u00f3n de Mos toma a palabra"},{"@type":"BreadcrumbList","@id":"https:\/\/www.anovapeneira.gal\/index.php\/2022\/10\/13\/a-oposicion-de-mos-toma-a-palabra\/#breadcrumb","itemListElement":[{"@type":"ListItem","position":1,"name":"Portada","item":"https:\/\/www.anovapeneira.gal\/"},{"@type":"ListItem","position":2,"name":"A Oposici\u00f3n de Mos toma a palabra"}]},{"@type":"WebSite","@id":"https:\/\/www.anovapeneira.gal\/#website","url":"https:\/\/www.anovapeneira.gal\/","name":"","description":"Xornal galego de informaci\u00f3n xeral Publicaci\u00f3n mensual de novas de Galicia e en especial dos Concellos da sur da provincia de Pontevedra.","publisher":{"@id":"https:\/\/www.anovapeneira.gal\/#organization"},"potentialAction":[{"@type":"SearchAction","target":{"@type":"EntryPoint","urlTemplate":"https:\/\/www.anovapeneira.gal\/?s={search_term_string}"},"query-input":{"@type":"PropertyValueSpecification","valueRequired":true,"valueName":"search_term_string"}}],"inLanguage":"gl-ES"},{"@type":"Organization","@id":"https:\/\/www.anovapeneira.gal\/#organization","name":"A Nova Peneira","url":"https:\/\/www.anovapeneira.gal\/","logo":{"@type":"ImageObject","inLanguage":"gl-ES","@id":"https:\/\/www.anovapeneira.gal\/#\/schema\/logo\/image\/","url":"http:\/\/www.anovapeneira.gal\/wp-content\/uploads\/2019\/06\/logo_a_nova_peneira_portal_web.png","contentUrl":"http:\/\/www.anovapeneira.gal\/wp-content\/uploads\/2019\/06\/logo_a_nova_peneira_portal_web.png","width":300,"height":100,"caption":"A Nova Peneira"},"image":{"@id":"https:\/\/www.anovapeneira.gal\/#\/schema\/logo\/image\/"},"sameAs":["https:\/\/www.facebook.com\/anovapeneira","https:\/\/x.com\/APeneira"]},{"@type":"Person","@id":"https:\/\/www.anovapeneira.gal\/#\/schema\/person\/42f904d7cac80cf3f5a31494dd82a9b6","name":"G. Figueiredo","image":{"@type":"ImageObject","inLanguage":"gl-ES","@id":"https:\/\/secure.gravatar.com\/avatar\/2d970086688458e0398ef8b84f5cbb8cc1ec3ab115aeb8435135a9f556af97b3?s=96&d=mm&r=g","url":"https:\/\/secure.gravatar.com\/avatar\/2d970086688458e0398ef8b84f5cbb8cc1ec3ab115aeb8435135a9f556af97b3?s=96&d=mm&r=g","contentUrl":"https:\/\/secure.gravatar.com\/avatar\/2d970086688458e0398ef8b84f5cbb8cc1ec3ab115aeb8435135a9f556af97b3?s=96&d=mm&r=g","caption":"G. Figueiredo"},"sameAs":["http:\/\/www.anovapeneira.gal\/"],"url":"https:\/\/www.anovapeneira.gal\/index.php\/author\/g-figueiredo\/"}]}},"jetpack_featured_media_url":"https:\/\/www.anovapeneira.gal\/wp-content\/uploads\/2022\/10\/grupo_mos_psoe.jpg","_links":{"self":[{"href":"https:\/\/www.anovapeneira.gal\/index.php\/wp-json\/wp\/v2\/posts\/8355","targetHints":{"allow":["GET"]}}],"collection":[{"href":"https:\/\/www.anovapeneira.gal\/index.php\/wp-json\/wp\/v2\/posts"}],"about":[{"href":"https:\/\/www.anovapeneira.gal\/index.php\/wp-json\/wp\/v2\/types\/post"}],"author":[{"embeddable":true,"href":"https:\/\/www.anovapeneira.gal\/index.php\/wp-json\/wp\/v2\/users\/17"}],"replies":[{"embeddable":true,"href":"https:\/\/www.anovapeneira.gal\/index.php\/wp-json\/wp\/v2\/comments?post=8355"}],"version-history":[{"count":1,"href":"https:\/\/www.anovapeneira.gal\/index.php\/wp-json\/wp\/v2\/posts\/8355\/revisions"}],"predecessor-version":[{"id":8357,"href":"https:\/\/www.anovapeneira.gal\/index.php\/wp-json\/wp\/v2\/posts\/8355\/revisions\/8357"}],"wp:featuredmedia":[{"embeddable":true,"href":"https:\/\/www.anovapeneira.gal\/index.php\/wp-json\/wp\/v2\/media\/8356"}],"wp:attachment":[{"href":"https:\/\/www.anovapeneira.gal\/index.php\/wp-json\/wp\/v2\/media?parent=8355"}],"wp:term":[{"taxonomy":"category","embeddable":true,"href":"https:\/\/www.anovapeneira.gal\/index.php\/wp-json\/wp\/v2\/categories?post=8355"},{"taxonomy":"post_tag","embeddable":true,"href":"https:\/\/www.anovapeneira.gal\/index.php\/wp-json\/wp\/v2\/tags?post=8355"}],"curies":[{"name":"wp","href":"https:\/\/api.w.org\/{rel}","templated":true}]}}