{"id":8360,"date":"2022-10-14T12:00:55","date_gmt":"2022-10-14T10:00:55","guid":{"rendered":"https:\/\/www.anovapeneira.gal\/?p=8360"},"modified":"2022-10-09T18:59:40","modified_gmt":"2022-10-09T16:59:40","slug":"gustavo-barcia-candidato-a-alcaldia-de-mos-polo-bng","status":"publish","type":"post","link":"https:\/\/www.anovapeneira.gal\/index.php\/2022\/10\/14\/gustavo-barcia-candidato-a-alcaldia-de-mos-polo-bng\/","title":{"rendered":"Gustavo Barcia candidato \u00e1 alcald\u00eda de Mos polo BNG"},"content":{"rendered":"\n<p><strong>O BNG fixo p\u00fablico o primeiro tramo da s\u00faa candidatura, e o s\u00e1bado 8 presentou no seu local de Puxeiros aos 3 homes e 2 mulleres que ocupar\u00e1n os 5 primeiros postos na listaxe dos nacionalistas galegos das elecci\u00f3ns municipais que se celebrar\u00e1n o pr\u00f3ximo ano. Esta formaci\u00f3n pol\u00edtica vive un gran momento en todo o pa\u00eds galego e os seus militantes de Mos am\u00f3sanse ilusionados e esperanzados en que a maior\u00eda da sociedade mosense saiba valorar o inmenso traballo de r\u00faa que fai o seu corpo de militantes. A s\u00faa candidatura est\u00e1 formada, nos postos que de momentos co\u00f1ecemos, por xente nova moi formada, Gustavo o n\u00famero 1 e graduado en historia e m\u00fasico, Sara a n\u00famero 2 \u00e9 avogada, Alberto o n\u00famero 3 ten estudos de enxe\u00f1er\u00eda &#8230;.. que tratan de transmitir \u00e1 veci\u00f1anza de Mos a s\u00faa ilusi\u00f3n por protagonizar un cambio de goberno que Mos precisa con urxencia. N\u00f3s falamos con Gustavo, o seu voceiro.<\/strong><\/p>\n\n\n\n<p>\u201c<strong>O orgullo de vivir no concello de Mos ten que vir por termos bos servizos e calidade de vida, non por ter unha bandeira moi grande\u201d<\/strong><\/p>\n\n\n\n<p><strong>O pasado d\u00eda 8 presentastes \u00e1s 5 primeiras persoas do que ser\u00e1 a vosa candidatura nas municipais do 2023.Ti repites como cabeza de lista e candidato \u00e1 alcald\u00eda. Cales son as t\u00faas sensaci\u00f3ns ao respecto?<\/strong><\/p>\n\n\n\n<blockquote class=\"wp-block-quote is-layout-flow wp-block-quote-is-layout-flow\"><p>Estou enormemente animado, con toneladas de ilusi\u00f3n e tam\u00e9n cunha enorme sensaci\u00f3n de responsabilidade pois canto m\u00e1is co\u00f1ezo a pol\u00edtica municipal por dentro, m\u00e1is me convenzo da imperiosa necesidade que ten Mos de mudar de goberno.<\/p><\/blockquote>\n\n\n\n<p><strong>Ben, f\u00e1lanos das catro persoas que che van acompa\u00f1ar nos primeiros postos da candidatura?<\/strong><\/p>\n\n\n\n<blockquote class=\"wp-block-quote is-layout-flow wp-block-quote-is-layout-flow\"><p>Como n\u00famero 2 vai Sara Samart\u00edn unha moza que \u00e9 natural de Pereiras e que con menos de 30 anos xa \u00e9 unha extraordinaria avogada. O n\u00famero 3 \u00e9 Alberto Barreiro, un mozo de Louredo, que \u00e9 enxe\u00f1eiro e traballa no sector do metal e est\u00e1 moi vinculado ao tecido asociativo da s\u00faa parroquia. A nosa n\u00famero 4 \u00e9 Esther R\u00faas, unha veci\u00f1a de Torroso que rexenta un negocio de artesan\u00eda na parroquia de Mos. E de n\u00famero 5 vai ir Carlos Villar m\u00e1is co\u00f1ecido como Cao de Mos. Como sabes el \u00e9 un home moi implicado na comunidade de montes de Tameiga e dirixe de maneira brillante a sala Rebull\u00f3n , tanto \u00e9 as\u00ed que a sala chegou a estar nomeada para os premios Mart\u00edn Codax como unha das salas de referencia de Galicia<\/p><\/blockquote>\n\n\n\n<p><strong>A calidade da sala Rebull\u00f3n \u00e9 incuestionable, a s\u00faa consideraci\u00f3n dento do mundo da m\u00fasica como unha das salas de primeiro nivel non a cuestiona ningu\u00e9n. Por\u00e9n creo que o goberno de Mos o que se di moita colaboraci\u00f3n non \u00e9 que lle preste?<\/strong><\/p>\n\n\n\n<blockquote class=\"wp-block-quote is-layout-flow wp-block-quote-is-layout-flow\"><p>Todo o contrario, o \u00fanico que fai o Concello coa sala Rebull\u00f3n e p\u00f3rlle todo tipo de atrancos.<\/p><\/blockquote>\n\n\n\n<p><strong>No pleno ordinario de setembro, celebrado a principios de outubro, tiveches unha discusi\u00f3n coa alcaldesa na que ela exhortouche a retirar a expresi\u00f3n \u201c amedrentar aos traballadores\u201d que ti empregaches refer\u00edndoche ao goberno municipal, e ti neg\u00e1cheste a retirala. Expl\u00edcanos ese episodio?<\/strong><\/p>\n\n\n\n<blockquote class=\"wp-block-quote is-layout-flow wp-block-quote-is-layout-flow\"><p>Estabamos a debater unha moci\u00f3n do partido socialista pedindo que a Xunta recibise a un colectivo de traballadoras do Consorcio Galego de Benestar en relaci\u00f3n \u00e1 folga da Gali\u00f1a azul. Desde o BNG manifestamos que un colectivo laboral debe de ser cando menos recibido e escoitado. A concelleira de servizos sociais tivo a cara dura de dicir que n\u00f3s non falabamos coas traballadoras. Eu retruqueille esa falsidade e d\u00edxenlle que desde logo non lle \u00eda dar ningunha listaxe de con quen fala o BNG<\/p><\/blockquote>\n\n\n\n<p><strong>Por que?<\/strong><\/p>\n\n\n\n<blockquote class=\"wp-block-quote is-layout-flow wp-block-quote-is-layout-flow\"><p>Para que despois non poidan amedrentar ou incluso reprimir \u00e1s traballadoras que falen con n\u00f3s. E f\u00edxate, cando eu empreguei esa expresi\u00f3n de \u201c amedrentar aos traballadores\u201d a alcaldesa seica se alporizou toda dixo que era algo moi serio e que o retirase. Pero ao d\u00eda seguinte dese pleno sae unha sentenza xudicial que condena ao concello de Mos por exercer a represi\u00f3n sindical contra unha traballadora. Iso si que \u00e9 moi serio. Este \u00e9 un claro exemplo de como se comporta o PP con quen non lle ri as grazas. De feito nese mesmo pleno que mencionas hab\u00eda un veci\u00f1o, que ten un problema persoal, manifest\u00e1ndose porque o Concello leva oito anos sen que lle atenda.<\/p><\/blockquote>\n\n\n\n<p><strong>A alcaldesa despreza a aquelas persoas e colectivos de Mos que non se connotan claramente co PP ?<\/strong><\/p>\n\n\n\n<blockquote class=\"wp-block-quote is-layout-flow wp-block-quote-is-layout-flow\"><p>Evidentemente si. De feito ela chegou a dicir que consideraba \u00e1 comunidade de montes de Tameiga como \u201cnon grata\u201d.Que unha alcaldesa cualifique dese modo a unha parte da veci\u00f1anza, da que ela tam\u00e9n \u00e9 alcaldesa s\u00f3, para quen te\u00f1a ollos para ver de maneira obxectiva e limpa, a descualifica a ela mesma.<\/p><\/blockquote>\n\n\n\n<p><strong>O proceso para declarar o proxecto do Celta como en Tameiga como un proxecto \u201c de interese auton\u00f3mico\u201d parece indicar que o intento de expropiaci\u00f3n \u00e9 irreversible. Cal \u00e9 a opini\u00f3n do BNG?<\/strong><\/p>\n\n\n\n<blockquote class=\"wp-block-quote is-layout-flow wp-block-quote-is-layout-flow\"><p>O proceso a\u00ednda vai para longo pero si, desde logo que si. Este movemento s\u00f3 ten por obxecto crear a arquitectura necesaria para poder darlle cobertura xur\u00eddica a un futuro intento de expropiaci\u00f3n. Desde logo a posici\u00f3n pol\u00edtica do BNG \u00e9 radicalmente contraria a un proxecto que arrasar\u00eda cos nosos montes para beneficiar a unha persoa en concreto, e xa che anticipo que se nas elecci\u00f3ns do 2023 temos a posibilidade aritm\u00e9tica de gobernar este asunto morre ao d\u00eda seguinte. Esta figura xur\u00eddica do interese auton\u00f3mico trata tam\u00e9n, de saltarse a Fomento, que como sabes sobre o proxecto inicial fixo un informe rotundamente contrario \u00e1 s\u00faa execuci\u00f3n.<\/p><\/blockquote>\n\n\n\n<p><strong>Cal \u00e9 a situaci\u00f3n econ\u00f3mica do Concello de Mos?<\/strong><\/p>\n\n\n\n<blockquote class=\"wp-block-quote is-layout-flow wp-block-quote-is-layout-flow\"><p>Con respecto a hai uns anos est\u00e1 mellor. Pero non \u00e9 grazas ao goberno municipal. Eles son os pir\u00f3manos que chegaron a provocar unha d\u00e9beda de case 14 mill\u00f3ns de \u20ac e se a situaci\u00f3n actual \u00e9 menos mala que antes d\u00e9bese s\u00f3 \u00e1 facenda estatal que de facto chegou a intervir ao noso concello. Foi o ministerio de Facenda o que salvou ao noso concello da quebra t\u00e9cnica e foi o goberno de Nidia Ar\u00e9valo o que nos levou a esta lamentable situaci\u00f3n . A\u00ednda con todo, o dispendio de cartos p\u00fablicos que fai este goberno segue a ser elevad\u00edsimo.<\/p><\/blockquote>\n\n\n\n<p><strong>Por\u00e9n o Concello todos os anos ten que recorrer a reco\u00f1ecementos extraxudiciais de cr\u00e9dito?<\/strong><\/p>\n\n\n\n<blockquote class=\"wp-block-quote is-layout-flow wp-block-quote-is-layout-flow\"><p>Si. Esa \u00e9 unha figura legal pero excepcional pensada para facturas que entran a finais de ano e non se poden meter no exercicio fiscal, ou para situaci\u00f3ns de emerxencia que requiren actuaci\u00f3ns urxentes( unha inundaci\u00f3n, un incendio) para as que non hai dotaci\u00f3n nos orzamentos do concello.<\/p><\/blockquote>\n\n\n\n<blockquote class=\"wp-block-quote is-layout-flow wp-block-quote-is-layout-flow\"><p>Sen embargo o noso Concello este ano xa leva dous reco\u00f1ecementos extraxudiciais, que suman, entre os dous, m\u00e1is de 1.000.000 de \u20ac, e que son para atender gasto corrente\u00a1\u00a1\u00a1\u00a1 como o pago da luz da auga ou tel\u00e9fonos. Un exemplo notorio da s\u00faa desastrosa xesti\u00f3n econ\u00f3mica<\/p><\/blockquote>\n\n\n\n<p><strong>En pouco m\u00e1is de medio ano teremos elecci\u00f3ns municipais. Cales son as expectativas realistas sobre o seu resultado?<\/strong><\/p>\n\n\n\n<blockquote class=\"wp-block-quote is-layout-flow wp-block-quote-is-layout-flow\"><p>Estou convencido de que imos conseguir mudar o goberno. A percepci\u00f3n que temos no traballo de r\u00faa as\u00ed o indica. No 2019 faltaron moi poucos votos e desta volta \u00edmolo conseguir seguro. Quero lembrar tam\u00e9n que nas \u00faltimas municipais o n\u00famero de votos acadados polas 3 forzas que estamos na oposici\u00f3n 4.650 supera en case 400 aos que conseguiu o PP 4.264.\u00c9 dicir unha maior\u00eda de veci\u00f1os e veci\u00f1as non quixeron naquel momento a vitoria do PP. E nas elecci\u00f3ns do ano pr\u00f3ximo s\u00f3 temos que conseguir que esa maior\u00eda sexa un pouqui\u00f1o m\u00e1is numerosa para que Mos poida mudar por fin o desgoberno que padece. E insisto, estou seguro de que o imos lograr<\/p><\/blockquote>\n\n\n\n<p><strong>Que opinas da campa\u00f1a \u201c Somos Mos\u201d?<\/strong><\/p>\n\n\n\n<blockquote class=\"wp-block-quote is-layout-flow wp-block-quote-is-layout-flow\"><p>\u00c9 como quen ten a casa chea de porcallada e no canto de limpala m\u00e9tea debaixo da alfombra para ocultala.\u201d Somos Mos\u201d s\u00f3 \u00e9 unha campa\u00f1a de propaganda que trata de tapar as miserias do goberno do PP. O orgullo de vivir no concello de Mos ten que vir por termos bos servizos e calidade de vida,non por ter unha bandeira moi grande.<\/p><\/blockquote>\n\n\n\n<p><strong>As expectativas dis que son que o PP perda a maior\u00eda absoluta. E en concreto o BNG ata onde aspira chegar?<\/strong><\/p>\n\n\n\n<blockquote class=\"wp-block-quote is-layout-flow wp-block-quote-is-layout-flow\"><p>O BNG de Mos non se pon l\u00edmites. En xeral o bloque vive un gran momento, se cadra o mellor da s\u00faa historia, e en Mos non somos alleos, de feito nas auton\u00f3micas do 2020 tivemos un resultado extraordinario. N\u00f3s aspiramos a termos unha suba m\u00e1is que notable, insisto, sen ning\u00fan tipo de l\u00edmite, porque o BNG non s\u00f3 en Mos sen\u00f3n en toda Galiza debe aspirar a disputarlle ao PP a hexemon\u00eda social.<\/p><\/blockquote>\n","protected":false},"excerpt":{"rendered":"<div class=\"mh-excerpt\"><p>O BNG fixo p\u00fablico o primeiro tramo da s\u00faa candidatura, e o s\u00e1bado 8 presentou no seu local de Puxeiros aos 3 homes e 2 mulleres que ocupar\u00e1n os 5 primeiros postos na listaxe dos nacionalistas galegos das elecci\u00f3ns municipais que se celebrar\u00e1n o pr\u00f3ximo ano <a class=\"mh-excerpt-more\" href=\"https:\/\/www.anovapeneira.gal\/index.php\/2022\/10\/14\/gustavo-barcia-candidato-a-alcaldia-de-mos-polo-bng\/\" title=\"Gustavo Barcia candidato \u00e1 alcald\u00eda de Mos polo BNG\">[&#8230;]<\/a><\/p>\n<\/div>","protected":false},"author":3,"featured_media":8362,"comment_status":"open","ping_status":"open","sticky":false,"template":"","format":"standard","meta":{"_exactmetrics_skip_tracking":false,"_exactmetrics_sitenote_active":false,"_exactmetrics_sitenote_note":"","_exactmetrics_sitenote_category":0,"footnotes":""},"categories":[23],"tags":[218],"class_list":{"0":"post-8360","1":"post","2":"type-post","3":"status-publish","4":"format-standard","5":"has-post-thumbnail","7":"category-a-lourina","8":"tag-concello-de-mos"},"yoast_head":"<!-- This site is optimized with the Yoast SEO plugin v27.4 - https:\/\/yoast.com\/product\/yoast-seo-wordpress\/ -->\n<title>Gustavo Barcia candidato \u00e1 alcald\u00eda de Mos polo BNG -<\/title>\n<meta name=\"description\" content=\"O BNG fixo p\u00fablico o primeiro tramo da s\u00faa candidatura, e o s\u00e1bado 8 presentou no seu local de Puxeiros aos 3 homes e 2 mulleres que ocupar\u00e1n os 5 primeiros postos na listaxe dos nacionalistas galegos das elecci\u00f3ns municipais que se celebrar\u00e1n o pr\u00f3ximo ano\" \/>\n<meta name=\"robots\" content=\"index, follow, max-snippet:-1, max-image-preview:large, max-video-preview:-1\" \/>\n<link rel=\"canonical\" href=\"https:\/\/www.anovapeneira.gal\/index.php\/2022\/10\/14\/gustavo-barcia-candidato-a-alcaldia-de-mos-polo-bng\/\" \/>\n<meta property=\"og:locale\" content=\"gl_ES\" \/>\n<meta property=\"og:type\" content=\"article\" \/>\n<meta property=\"og:title\" content=\"Gustavo Barcia candidato \u00e1 alcald\u00eda de Mos polo BNG -\" \/>\n<meta property=\"og:description\" content=\"O BNG fixo p\u00fablico o primeiro tramo da s\u00faa candidatura, e o s\u00e1bado 8 presentou no seu local de Puxeiros aos 3 homes e 2 mulleres que ocupar\u00e1n os 5 primeiros postos na listaxe dos nacionalistas galegos das elecci\u00f3ns municipais que se celebrar\u00e1n o pr\u00f3ximo ano\" \/>\n<meta property=\"og:url\" content=\"https:\/\/www.anovapeneira.gal\/index.php\/2022\/10\/14\/gustavo-barcia-candidato-a-alcaldia-de-mos-polo-bng\/\" \/>\n<meta property=\"article:publisher\" content=\"https:\/\/www.facebook.com\/anovapeneira\" \/>\n<meta property=\"article:published_time\" content=\"2022-10-14T10:00:55+00:00\" \/>\n<meta property=\"og:image\" content=\"https:\/\/www.anovapeneira.gal\/wp-content\/uploads\/2022\/10\/GUSTAVO_bng_mos.jpg\" \/>\n\t<meta property=\"og:image:width\" content=\"720\" \/>\n\t<meta property=\"og:image:height\" content=\"432\" \/>\n\t<meta property=\"og:image:type\" content=\"image\/jpeg\" \/>\n<meta name=\"author\" content=\"Redacci\u00f3n A Nova Peneira\" \/>\n<meta name=\"twitter:card\" content=\"summary_large_image\" \/>\n<meta name=\"twitter:creator\" content=\"@APeneira\" \/>\n<meta name=\"twitter:site\" content=\"@APeneira\" \/>\n<meta name=\"twitter:label1\" content=\"Escrito por\" \/>\n\t<meta name=\"twitter:data1\" content=\"Redacci\u00f3n A Nova Peneira\" \/>\n\t<meta name=\"twitter:label2\" content=\"Tempo de lectura\" \/>\n\t<meta name=\"twitter:data2\" content=\"8 minutos\" \/>\n<script type=\"application\/ld+json\" class=\"yoast-schema-graph\">{\"@context\":\"https:\\\/\\\/schema.org\",\"@graph\":[{\"@type\":\"Article\",\"@id\":\"https:\\\/\\\/www.anovapeneira.gal\\\/index.php\\\/2022\\\/10\\\/14\\\/gustavo-barcia-candidato-a-alcaldia-de-mos-polo-bng\\\/#article\",\"isPartOf\":{\"@id\":\"https:\\\/\\\/www.anovapeneira.gal\\\/index.php\\\/2022\\\/10\\\/14\\\/gustavo-barcia-candidato-a-alcaldia-de-mos-polo-bng\\\/\"},\"author\":{\"name\":\"Redacci\u00f3n A Nova Peneira\",\"@id\":\"https:\\\/\\\/www.anovapeneira.gal\\\/#\\\/schema\\\/person\\\/b93e3f8932e3f8da96334607eb6ac6aa\"},\"headline\":\"Gustavo Barcia candidato \u00e1 alcald\u00eda de Mos polo BNG\",\"datePublished\":\"2022-10-14T10:00:55+00:00\",\"mainEntityOfPage\":{\"@id\":\"https:\\\/\\\/www.anovapeneira.gal\\\/index.php\\\/2022\\\/10\\\/14\\\/gustavo-barcia-candidato-a-alcaldia-de-mos-polo-bng\\\/\"},\"wordCount\":1541,\"commentCount\":0,\"publisher\":{\"@id\":\"https:\\\/\\\/www.anovapeneira.gal\\\/#organization\"},\"image\":{\"@id\":\"https:\\\/\\\/www.anovapeneira.gal\\\/index.php\\\/2022\\\/10\\\/14\\\/gustavo-barcia-candidato-a-alcaldia-de-mos-polo-bng\\\/#primaryimage\"},\"thumbnailUrl\":\"https:\\\/\\\/www.anovapeneira.gal\\\/wp-content\\\/uploads\\\/2022\\\/10\\\/GUSTAVO_bng_mos.jpg\",\"keywords\":[\"Concello de Mos\"],\"articleSection\":[\"A Louri\u00f1a\"],\"inLanguage\":\"gl-ES\",\"potentialAction\":[{\"@type\":\"CommentAction\",\"name\":\"Comment\",\"target\":[\"https:\\\/\\\/www.anovapeneira.gal\\\/index.php\\\/2022\\\/10\\\/14\\\/gustavo-barcia-candidato-a-alcaldia-de-mos-polo-bng\\\/#respond\"]}]},{\"@type\":\"WebPage\",\"@id\":\"https:\\\/\\\/www.anovapeneira.gal\\\/index.php\\\/2022\\\/10\\\/14\\\/gustavo-barcia-candidato-a-alcaldia-de-mos-polo-bng\\\/\",\"url\":\"https:\\\/\\\/www.anovapeneira.gal\\\/index.php\\\/2022\\\/10\\\/14\\\/gustavo-barcia-candidato-a-alcaldia-de-mos-polo-bng\\\/\",\"name\":\"Gustavo Barcia candidato \u00e1 alcald\u00eda de Mos polo BNG -\",\"isPartOf\":{\"@id\":\"https:\\\/\\\/www.anovapeneira.gal\\\/#website\"},\"primaryImageOfPage\":{\"@id\":\"https:\\\/\\\/www.anovapeneira.gal\\\/index.php\\\/2022\\\/10\\\/14\\\/gustavo-barcia-candidato-a-alcaldia-de-mos-polo-bng\\\/#primaryimage\"},\"image\":{\"@id\":\"https:\\\/\\\/www.anovapeneira.gal\\\/index.php\\\/2022\\\/10\\\/14\\\/gustavo-barcia-candidato-a-alcaldia-de-mos-polo-bng\\\/#primaryimage\"},\"thumbnailUrl\":\"https:\\\/\\\/www.anovapeneira.gal\\\/wp-content\\\/uploads\\\/2022\\\/10\\\/GUSTAVO_bng_mos.jpg\",\"datePublished\":\"2022-10-14T10:00:55+00:00\",\"description\":\"O BNG fixo p\u00fablico o primeiro tramo da s\u00faa candidatura, e o s\u00e1bado 8 presentou no seu local de Puxeiros aos 3 homes e 2 mulleres que ocupar\u00e1n os 5 primeiros postos na listaxe dos nacionalistas galegos das elecci\u00f3ns municipais que se celebrar\u00e1n o pr\u00f3ximo ano\",\"breadcrumb\":{\"@id\":\"https:\\\/\\\/www.anovapeneira.gal\\\/index.php\\\/2022\\\/10\\\/14\\\/gustavo-barcia-candidato-a-alcaldia-de-mos-polo-bng\\\/#breadcrumb\"},\"inLanguage\":\"gl-ES\",\"potentialAction\":[{\"@type\":\"ReadAction\",\"target\":[\"https:\\\/\\\/www.anovapeneira.gal\\\/index.php\\\/2022\\\/10\\\/14\\\/gustavo-barcia-candidato-a-alcaldia-de-mos-polo-bng\\\/\"]}]},{\"@type\":\"ImageObject\",\"inLanguage\":\"gl-ES\",\"@id\":\"https:\\\/\\\/www.anovapeneira.gal\\\/index.php\\\/2022\\\/10\\\/14\\\/gustavo-barcia-candidato-a-alcaldia-de-mos-polo-bng\\\/#primaryimage\",\"url\":\"https:\\\/\\\/www.anovapeneira.gal\\\/wp-content\\\/uploads\\\/2022\\\/10\\\/GUSTAVO_bng_mos.jpg\",\"contentUrl\":\"https:\\\/\\\/www.anovapeneira.gal\\\/wp-content\\\/uploads\\\/2022\\\/10\\\/GUSTAVO_bng_mos.jpg\",\"width\":720,\"height\":432,\"caption\":\"Gustavo BNG Mos\"},{\"@type\":\"BreadcrumbList\",\"@id\":\"https:\\\/\\\/www.anovapeneira.gal\\\/index.php\\\/2022\\\/10\\\/14\\\/gustavo-barcia-candidato-a-alcaldia-de-mos-polo-bng\\\/#breadcrumb\",\"itemListElement\":[{\"@type\":\"ListItem\",\"position\":1,\"name\":\"Portada\",\"item\":\"https:\\\/\\\/www.anovapeneira.gal\\\/\"},{\"@type\":\"ListItem\",\"position\":2,\"name\":\"Gustavo Barcia candidato \u00e1 alcald\u00eda de Mos polo BNG\"}]},{\"@type\":\"WebSite\",\"@id\":\"https:\\\/\\\/www.anovapeneira.gal\\\/#website\",\"url\":\"https:\\\/\\\/www.anovapeneira.gal\\\/\",\"name\":\"\",\"description\":\"Xornal galego de informaci\u00f3n xeral Publicaci\u00f3n mensual de novas de Galicia e en especial dos Concellos da sur da provincia de Pontevedra.\",\"publisher\":{\"@id\":\"https:\\\/\\\/www.anovapeneira.gal\\\/#organization\"},\"potentialAction\":[{\"@type\":\"SearchAction\",\"target\":{\"@type\":\"EntryPoint\",\"urlTemplate\":\"https:\\\/\\\/www.anovapeneira.gal\\\/?s={search_term_string}\"},\"query-input\":{\"@type\":\"PropertyValueSpecification\",\"valueRequired\":true,\"valueName\":\"search_term_string\"}}],\"inLanguage\":\"gl-ES\"},{\"@type\":\"Organization\",\"@id\":\"https:\\\/\\\/www.anovapeneira.gal\\\/#organization\",\"name\":\"A Nova Peneira\",\"url\":\"https:\\\/\\\/www.anovapeneira.gal\\\/\",\"logo\":{\"@type\":\"ImageObject\",\"inLanguage\":\"gl-ES\",\"@id\":\"https:\\\/\\\/www.anovapeneira.gal\\\/#\\\/schema\\\/logo\\\/image\\\/\",\"url\":\"http:\\\/\\\/www.anovapeneira.gal\\\/wp-content\\\/uploads\\\/2019\\\/06\\\/logo_a_nova_peneira_portal_web.png\",\"contentUrl\":\"http:\\\/\\\/www.anovapeneira.gal\\\/wp-content\\\/uploads\\\/2019\\\/06\\\/logo_a_nova_peneira_portal_web.png\",\"width\":300,\"height\":100,\"caption\":\"A Nova Peneira\"},\"image\":{\"@id\":\"https:\\\/\\\/www.anovapeneira.gal\\\/#\\\/schema\\\/logo\\\/image\\\/\"},\"sameAs\":[\"https:\\\/\\\/www.facebook.com\\\/anovapeneira\",\"https:\\\/\\\/x.com\\\/APeneira\"]},{\"@type\":\"Person\",\"@id\":\"https:\\\/\\\/www.anovapeneira.gal\\\/#\\\/schema\\\/person\\\/b93e3f8932e3f8da96334607eb6ac6aa\",\"name\":\"Redacci\u00f3n A Nova Peneira\",\"image\":{\"@type\":\"ImageObject\",\"inLanguage\":\"gl-ES\",\"@id\":\"https:\\\/\\\/secure.gravatar.com\\\/avatar\\\/c052a2551a06e23fac63626232eaa90abd78dbcf1700fc46a2b2c89fd27b735f?s=96&d=mm&r=g\",\"url\":\"https:\\\/\\\/secure.gravatar.com\\\/avatar\\\/c052a2551a06e23fac63626232eaa90abd78dbcf1700fc46a2b2c89fd27b735f?s=96&d=mm&r=g\",\"contentUrl\":\"https:\\\/\\\/secure.gravatar.com\\\/avatar\\\/c052a2551a06e23fac63626232eaa90abd78dbcf1700fc46a2b2c89fd27b735f?s=96&d=mm&r=g\",\"caption\":\"Redacci\u00f3n A Nova Peneira\"},\"sameAs\":[\"http:\\\/\\\/www.anovapeneira.gal\\\/\"],\"url\":\"https:\\\/\\\/www.anovapeneira.gal\\\/index.php\\\/author\\\/redactor\\\/\"}]}<\/script>\n<!-- \/ Yoast SEO plugin. -->","yoast_head_json":{"title":"Gustavo Barcia candidato \u00e1 alcald\u00eda de Mos polo BNG -","description":"O BNG fixo p\u00fablico o primeiro tramo da s\u00faa candidatura, e o s\u00e1bado 8 presentou no seu local de Puxeiros aos 3 homes e 2 mulleres que ocupar\u00e1n os 5 primeiros postos na listaxe dos nacionalistas galegos das elecci\u00f3ns municipais que se celebrar\u00e1n o pr\u00f3ximo ano","robots":{"index":"index","follow":"follow","max-snippet":"max-snippet:-1","max-image-preview":"max-image-preview:large","max-video-preview":"max-video-preview:-1"},"canonical":"https:\/\/www.anovapeneira.gal\/index.php\/2022\/10\/14\/gustavo-barcia-candidato-a-alcaldia-de-mos-polo-bng\/","og_locale":"gl_ES","og_type":"article","og_title":"Gustavo Barcia candidato \u00e1 alcald\u00eda de Mos polo BNG -","og_description":"O BNG fixo p\u00fablico o primeiro tramo da s\u00faa candidatura, e o s\u00e1bado 8 presentou no seu local de Puxeiros aos 3 homes e 2 mulleres que ocupar\u00e1n os 5 primeiros postos na listaxe dos nacionalistas galegos das elecci\u00f3ns municipais que se celebrar\u00e1n o pr\u00f3ximo ano","og_url":"https:\/\/www.anovapeneira.gal\/index.php\/2022\/10\/14\/gustavo-barcia-candidato-a-alcaldia-de-mos-polo-bng\/","article_publisher":"https:\/\/www.facebook.com\/anovapeneira","article_published_time":"2022-10-14T10:00:55+00:00","og_image":[{"width":720,"height":432,"url":"https:\/\/www.anovapeneira.gal\/wp-content\/uploads\/2022\/10\/GUSTAVO_bng_mos.jpg","type":"image\/jpeg"}],"author":"Redacci\u00f3n A Nova Peneira","twitter_card":"summary_large_image","twitter_creator":"@APeneira","twitter_site":"@APeneira","twitter_misc":{"Escrito por":"Redacci\u00f3n A Nova Peneira","Tempo de lectura":"8 minutos"},"schema":{"@context":"https:\/\/schema.org","@graph":[{"@type":"Article","@id":"https:\/\/www.anovapeneira.gal\/index.php\/2022\/10\/14\/gustavo-barcia-candidato-a-alcaldia-de-mos-polo-bng\/#article","isPartOf":{"@id":"https:\/\/www.anovapeneira.gal\/index.php\/2022\/10\/14\/gustavo-barcia-candidato-a-alcaldia-de-mos-polo-bng\/"},"author":{"name":"Redacci\u00f3n A Nova Peneira","@id":"https:\/\/www.anovapeneira.gal\/#\/schema\/person\/b93e3f8932e3f8da96334607eb6ac6aa"},"headline":"Gustavo Barcia candidato \u00e1 alcald\u00eda de Mos polo BNG","datePublished":"2022-10-14T10:00:55+00:00","mainEntityOfPage":{"@id":"https:\/\/www.anovapeneira.gal\/index.php\/2022\/10\/14\/gustavo-barcia-candidato-a-alcaldia-de-mos-polo-bng\/"},"wordCount":1541,"commentCount":0,"publisher":{"@id":"https:\/\/www.anovapeneira.gal\/#organization"},"image":{"@id":"https:\/\/www.anovapeneira.gal\/index.php\/2022\/10\/14\/gustavo-barcia-candidato-a-alcaldia-de-mos-polo-bng\/#primaryimage"},"thumbnailUrl":"https:\/\/www.anovapeneira.gal\/wp-content\/uploads\/2022\/10\/GUSTAVO_bng_mos.jpg","keywords":["Concello de Mos"],"articleSection":["A Louri\u00f1a"],"inLanguage":"gl-ES","potentialAction":[{"@type":"CommentAction","name":"Comment","target":["https:\/\/www.anovapeneira.gal\/index.php\/2022\/10\/14\/gustavo-barcia-candidato-a-alcaldia-de-mos-polo-bng\/#respond"]}]},{"@type":"WebPage","@id":"https:\/\/www.anovapeneira.gal\/index.php\/2022\/10\/14\/gustavo-barcia-candidato-a-alcaldia-de-mos-polo-bng\/","url":"https:\/\/www.anovapeneira.gal\/index.php\/2022\/10\/14\/gustavo-barcia-candidato-a-alcaldia-de-mos-polo-bng\/","name":"Gustavo Barcia candidato \u00e1 alcald\u00eda de Mos polo BNG -","isPartOf":{"@id":"https:\/\/www.anovapeneira.gal\/#website"},"primaryImageOfPage":{"@id":"https:\/\/www.anovapeneira.gal\/index.php\/2022\/10\/14\/gustavo-barcia-candidato-a-alcaldia-de-mos-polo-bng\/#primaryimage"},"image":{"@id":"https:\/\/www.anovapeneira.gal\/index.php\/2022\/10\/14\/gustavo-barcia-candidato-a-alcaldia-de-mos-polo-bng\/#primaryimage"},"thumbnailUrl":"https:\/\/www.anovapeneira.gal\/wp-content\/uploads\/2022\/10\/GUSTAVO_bng_mos.jpg","datePublished":"2022-10-14T10:00:55+00:00","description":"O BNG fixo p\u00fablico o primeiro tramo da s\u00faa candidatura, e o s\u00e1bado 8 presentou no seu local de Puxeiros aos 3 homes e 2 mulleres que ocupar\u00e1n os 5 primeiros postos na listaxe dos nacionalistas galegos das elecci\u00f3ns municipais que se celebrar\u00e1n o pr\u00f3ximo ano","breadcrumb":{"@id":"https:\/\/www.anovapeneira.gal\/index.php\/2022\/10\/14\/gustavo-barcia-candidato-a-alcaldia-de-mos-polo-bng\/#breadcrumb"},"inLanguage":"gl-ES","potentialAction":[{"@type":"ReadAction","target":["https:\/\/www.anovapeneira.gal\/index.php\/2022\/10\/14\/gustavo-barcia-candidato-a-alcaldia-de-mos-polo-bng\/"]}]},{"@type":"ImageObject","inLanguage":"gl-ES","@id":"https:\/\/www.anovapeneira.gal\/index.php\/2022\/10\/14\/gustavo-barcia-candidato-a-alcaldia-de-mos-polo-bng\/#primaryimage","url":"https:\/\/www.anovapeneira.gal\/wp-content\/uploads\/2022\/10\/GUSTAVO_bng_mos.jpg","contentUrl":"https:\/\/www.anovapeneira.gal\/wp-content\/uploads\/2022\/10\/GUSTAVO_bng_mos.jpg","width":720,"height":432,"caption":"Gustavo BNG Mos"},{"@type":"BreadcrumbList","@id":"https:\/\/www.anovapeneira.gal\/index.php\/2022\/10\/14\/gustavo-barcia-candidato-a-alcaldia-de-mos-polo-bng\/#breadcrumb","itemListElement":[{"@type":"ListItem","position":1,"name":"Portada","item":"https:\/\/www.anovapeneira.gal\/"},{"@type":"ListItem","position":2,"name":"Gustavo Barcia candidato \u00e1 alcald\u00eda de Mos polo BNG"}]},{"@type":"WebSite","@id":"https:\/\/www.anovapeneira.gal\/#website","url":"https:\/\/www.anovapeneira.gal\/","name":"","description":"Xornal galego de informaci\u00f3n xeral Publicaci\u00f3n mensual de novas de Galicia e en especial dos Concellos da sur da provincia de Pontevedra.","publisher":{"@id":"https:\/\/www.anovapeneira.gal\/#organization"},"potentialAction":[{"@type":"SearchAction","target":{"@type":"EntryPoint","urlTemplate":"https:\/\/www.anovapeneira.gal\/?s={search_term_string}"},"query-input":{"@type":"PropertyValueSpecification","valueRequired":true,"valueName":"search_term_string"}}],"inLanguage":"gl-ES"},{"@type":"Organization","@id":"https:\/\/www.anovapeneira.gal\/#organization","name":"A Nova Peneira","url":"https:\/\/www.anovapeneira.gal\/","logo":{"@type":"ImageObject","inLanguage":"gl-ES","@id":"https:\/\/www.anovapeneira.gal\/#\/schema\/logo\/image\/","url":"http:\/\/www.anovapeneira.gal\/wp-content\/uploads\/2019\/06\/logo_a_nova_peneira_portal_web.png","contentUrl":"http:\/\/www.anovapeneira.gal\/wp-content\/uploads\/2019\/06\/logo_a_nova_peneira_portal_web.png","width":300,"height":100,"caption":"A Nova Peneira"},"image":{"@id":"https:\/\/www.anovapeneira.gal\/#\/schema\/logo\/image\/"},"sameAs":["https:\/\/www.facebook.com\/anovapeneira","https:\/\/x.com\/APeneira"]},{"@type":"Person","@id":"https:\/\/www.anovapeneira.gal\/#\/schema\/person\/b93e3f8932e3f8da96334607eb6ac6aa","name":"Redacci\u00f3n A Nova Peneira","image":{"@type":"ImageObject","inLanguage":"gl-ES","@id":"https:\/\/secure.gravatar.com\/avatar\/c052a2551a06e23fac63626232eaa90abd78dbcf1700fc46a2b2c89fd27b735f?s=96&d=mm&r=g","url":"https:\/\/secure.gravatar.com\/avatar\/c052a2551a06e23fac63626232eaa90abd78dbcf1700fc46a2b2c89fd27b735f?s=96&d=mm&r=g","contentUrl":"https:\/\/secure.gravatar.com\/avatar\/c052a2551a06e23fac63626232eaa90abd78dbcf1700fc46a2b2c89fd27b735f?s=96&d=mm&r=g","caption":"Redacci\u00f3n A Nova Peneira"},"sameAs":["http:\/\/www.anovapeneira.gal\/"],"url":"https:\/\/www.anovapeneira.gal\/index.php\/author\/redactor\/"}]}},"jetpack_featured_media_url":"https:\/\/www.anovapeneira.gal\/wp-content\/uploads\/2022\/10\/GUSTAVO_bng_mos.jpg","_links":{"self":[{"href":"https:\/\/www.anovapeneira.gal\/index.php\/wp-json\/wp\/v2\/posts\/8360","targetHints":{"allow":["GET"]}}],"collection":[{"href":"https:\/\/www.anovapeneira.gal\/index.php\/wp-json\/wp\/v2\/posts"}],"about":[{"href":"https:\/\/www.anovapeneira.gal\/index.php\/wp-json\/wp\/v2\/types\/post"}],"author":[{"embeddable":true,"href":"https:\/\/www.anovapeneira.gal\/index.php\/wp-json\/wp\/v2\/users\/3"}],"replies":[{"embeddable":true,"href":"https:\/\/www.anovapeneira.gal\/index.php\/wp-json\/wp\/v2\/comments?post=8360"}],"version-history":[{"count":1,"href":"https:\/\/www.anovapeneira.gal\/index.php\/wp-json\/wp\/v2\/posts\/8360\/revisions"}],"predecessor-version":[{"id":8361,"href":"https:\/\/www.anovapeneira.gal\/index.php\/wp-json\/wp\/v2\/posts\/8360\/revisions\/8361"}],"wp:featuredmedia":[{"embeddable":true,"href":"https:\/\/www.anovapeneira.gal\/index.php\/wp-json\/wp\/v2\/media\/8362"}],"wp:attachment":[{"href":"https:\/\/www.anovapeneira.gal\/index.php\/wp-json\/wp\/v2\/media?parent=8360"}],"wp:term":[{"taxonomy":"category","embeddable":true,"href":"https:\/\/www.anovapeneira.gal\/index.php\/wp-json\/wp\/v2\/categories?post=8360"},{"taxonomy":"post_tag","embeddable":true,"href":"https:\/\/www.anovapeneira.gal\/index.php\/wp-json\/wp\/v2\/tags?post=8360"}],"curies":[{"name":"wp","href":"https:\/\/api.w.org\/{rel}","templated":true}]}}