{"id":8366,"date":"2022-10-17T12:00:56","date_gmt":"2022-10-17T10:00:56","guid":{"rendered":"https:\/\/www.anovapeneira.gal\/?p=8366"},"modified":"2022-10-16T16:59:15","modified_gmt":"2022-10-16T14:59:15","slug":"o-tribunal-supremo-confirma-a-nulidade-da-autorizacion-do-parque-eolico-de-iribio-en-ancares-courel","status":"publish","type":"post","link":"https:\/\/www.anovapeneira.gal\/index.php\/2022\/10\/17\/o-tribunal-supremo-confirma-a-nulidade-da-autorizacion-do-parque-eolico-de-iribio-en-ancares-courel\/","title":{"rendered":"O Tribunal Supremo confirma a nulidade da autorizaci\u00f3n do parque e\u00f3lico de Iribio, en Ancares-Courel"},"content":{"rendered":"\n<h2 class=\"wp-block-heading\">A sentenza sup\u00f3n na pr\u00e1ctica o fin definitivo do proxecto, ao que a Xunta de Galicia dera o visto e prace cunha avaliaci\u00f3n ambiental obsoleta e anterior \u00e1 inclusi\u00f3n da Serra de Iribio na Rede Natura 2000, protecci\u00f3n outorgada polo seu valor ambiental.<\/h2>\n\n\n\n<p>As obras, iniciadas sen contar con todas as autorizaci\u00f3ns requiridas e paralizadas en xu\u00f1o de 2019, destru\u00edron h\u00e1bitats de gran valor, xusto cando se estaba desenvolvendo o proxecto LIFE Oso Courel para conservar o h\u00e1bitat do oso pardo nesta zona.<\/p>\n\n\n\n<p><strong>10 de outubro de 2022.<\/strong><\/p>\n\n\n\n<p>A Asociaci\u00f3n para a Defensa Ecol\u00f3xica de Galiza (ADEGA), a Sociedade Galega de Ornitolox\u00eda (SGO), e a Fundaci\u00f3n Ouso Pardo (FOP) celebramos a sentenza do Tribunal Supremo que confirma a nulidade da autorizaci\u00f3n do parque e\u00f3lico lucense de Iribio (ou Oribio). Esta autorizaci\u00f3n foi outorgada no ano 2019, empregando unha declaraci\u00f3n de impacto ambiental (DIA) concedida catorce anos antes, en 2005, para un proxecto tramitado baixo a mesma denominaci\u00f3n nos mesmos terreos pero substancialmente distinto.<\/p>\n\n\n\n<p>O Alto Tribunal pon fin as\u00ed aos intentos da Xunta de Galicia por salvar o proxecto promovido por FERGO VENTO SL na Serra do Oribio e d\u00e1 a raz\u00f3n \u00e1s organizaci\u00f3ns conservacionistas e ecoloxistas que en 2019 impugnamos a autorizaci\u00f3n en primeira instancia argumentando que non foi conforme a dereito, xa que a s\u00faa construci\u00f3n non era compatible coa conservaci\u00f3n da riqueza natural e cultural deste territorio, nin co seu desenvolvemento sustentable, e non cumpr\u00eda as disposici\u00f3ns do Plano Director da Rede Natura 2000 en Galiza.<\/p>\n\n\n\n<p>Nun principio as obras xa foran paralizadas preventivamente polo Tribunal Superior de Xustiza de Galiza en 2019 ao non contar coa documentaci\u00f3n regulamentaria.<\/p>\n\n\n\n<p>A empresa promotora e a Xunta presentaron recurso de casaci\u00f3n ante o Tribunal Supremo unha vez que o Tribunal de Xustiza de Galicia (TSXG) dera a raz\u00f3n \u00e1s tres organizaci\u00f3ns conservacionistas. O proceso concl\u00fae agora cun novo pulo da xustiza \u00e1 conservaci\u00f3n deste espazo natural. O Tribunal Supremo reprocha que a Xunta fixese valer un procedemento de avaliaci\u00f3n de impacto ambiental claramente obsoleto, obviando a caducidade da DIA e as sucesivas protecci\u00f3ns legais que se foron outorgando \u00e1 zona.<\/p>\n\n\n\n<p>A mercantil promotora do parque expuxera tam\u00e9n subsidiariamente recurso de casaci\u00f3n auton\u00f3mico ante o TSXG, nun procedemento xudicial que, a xu\u00edzo da representaci\u00f3n letrada das tres organizaci\u00f3ns, defendidas polo despacho de avogados EcoUrban, agora queda vinculado polo pronunciamento do Tribunal Supremo e na pr\u00e1ctica fai inviable retomar a tramitaci\u00f3n do parque e\u00f3lico Iribio.<\/p>\n\n\n\n<p>As entidades conservacionistas e ecoloxistas recorrentes solicitar\u00e1n agora a restauraci\u00f3n das zonas afectadas polas obras.<\/p>\n\n\n\n<p>Esta sentenza \u00e9 un importante paso para a protecci\u00f3n efectiva da exigua Rede Natura en Galicia, salvagardando un dos seus espazos m\u00e1is emblem\u00e1ticos. A Serra do Iribio sit\u00faase entre os municipios de Triacastela e Samos na provincia de Lugo, constitu\u00edndo a \u00e1rea m\u00e1is setentrional do espazo natural do Courel. Est\u00e1 catalogada como Zona Especial de Conservaci\u00f3n (ZEC Ancares-Courel) e Zona de Especial Protecci\u00f3n dos Valores Naturais (ZEPVN), dentro da Rede Natura 2000 de Galiza, e agora tam\u00e9n Reserva da Biosfera, ten unha riqueza natural moi destacable, ademais de importantes valores etnogr\u00e1ficos e culturais que ficaban baixo ameza deste proxecto e\u00f3lico. \u00c9 unha zona de presenza recente de oso pardo, dentro do proceso de expansi\u00f3n natural da especie cara ao occidente da s\u00faa \u00e1rea de distribuci\u00f3n. De feito, desde o ano 2017 nesta zona desenvolveuse o proxecto Life Oso Courel co obxectivo de favorecer o asentamento permanente do oso pardo na Serra do Courel, e favorecer a convivencia entre o osos e as actividades humanas.<\/p>\n\n\n\n<p><strong>Senta xurisprudencia<\/strong><\/p>\n\n\n\n<p>\u00c9 relevante que o Tribunal Supremo realizou o esforzo de fixar xurisprudencia sobre a caducidade das declaraci\u00f3ns de impacto ambiental. Tr\u00e1tase, por tanto, dun pronunciamento que vai m\u00e1is al\u00f3 do caso particular de Iribio e que pode resultar determinante para moitos outros supostos tam\u00e9n f\u00f3ra do territorio galego, ao interpretar a normativa estatal.<\/p>\n\n\n\n<p>Ademais, esta doutrina afecta non s\u00f3 a parques e\u00f3licos, sen\u00f3n a calquera tipo de proxecto sometido a avaliaci\u00f3n de impacto ambiental no que a Administraci\u00f3n, obviando os prazos de caducidade que imp\u00f3n a normativa, outorgue autorizaci\u00f3n. O Alto Tribunal considera que, a\u00ednda que non sexa posible que os tribunais substit\u00faan \u00e1s administraci\u00f3ns p\u00fablicas na declaraci\u00f3n de caducidade da DIA, si que poden declarar que o procedemento de avaliaci\u00f3n de impacto ambiental que acompa\u00f1a \u00e1s autorizaci\u00f3ns non \u00e9 v\u00e1lido, anulando a autorizaci\u00f3n, ao ignorarse pola administraci\u00f3n competente a s\u00faa obriga de tramitar o correspondente expediente de caducidade, retomando un principio, xa consagrado pola xurisprudencia, que sost\u00e9n que a administraci\u00f3n non pode beneficiarse da s\u00faa propia neglixencia ou inactividade cando o resultado sexa contrario a dereito ou ao interese p\u00fablico.<\/p>\n","protected":false},"excerpt":{"rendered":"<div class=\"mh-excerpt\"><p>A sentenza sup\u00f3n na pr\u00e1ctica o fin definitivo do proxecto, ao que a Xunta de Galicia dera o visto e prace cunha avaliaci\u00f3n ambiental obsoleta e anterior \u00e1 inclusi\u00f3n da Serra de Iribio na Rede Natura 2000, protecci\u00f3n outorgada polo seu valor ambiental <a class=\"mh-excerpt-more\" href=\"https:\/\/www.anovapeneira.gal\/index.php\/2022\/10\/17\/o-tribunal-supremo-confirma-a-nulidade-da-autorizacion-do-parque-eolico-de-iribio-en-ancares-courel\/\" title=\"O Tribunal Supremo confirma a nulidade da autorizaci\u00f3n do parque e\u00f3lico de Iribio, en Ancares-Courel\">[&#8230;]<\/a><\/p>\n<\/div>","protected":false},"author":3,"featured_media":4696,"comment_status":"open","ping_status":"open","sticky":false,"template":"","format":"standard","meta":{"_exactmetrics_skip_tracking":false,"_exactmetrics_sitenote_active":false,"_exactmetrics_sitenote_note":"","_exactmetrics_sitenote_category":0,"footnotes":""},"categories":[263],"tags":[1332,1094],"class_list":{"0":"post-8366","1":"post","2":"type-post","3":"status-publish","4":"format-standard","5":"has-post-thumbnail","7":"category-novas","8":"tag-iribio","9":"tag-parque-eolico"},"yoast_head":"<!-- This site is optimized with the Yoast SEO plugin v27.4 - https:\/\/yoast.com\/product\/yoast-seo-wordpress\/ -->\n<title>O Tribunal Supremo confirma a nulidade da autorizaci\u00f3n do parque e\u00f3lico de Iribio, en Ancares-Courel -<\/title>\n<meta name=\"description\" content=\"A sentenza sup\u00f3n na pr\u00e1ctica o fin definitivo do proxecto, ao que a Xunta de Galicia dera o visto e prace cunha avaliaci\u00f3n ambiental obsoleta e anterior \u00e1 inclusi\u00f3n da Serra de Iribio na Rede Natura 2000, protecci\u00f3n outorgada polo seu valor ambiental\" \/>\n<meta name=\"robots\" content=\"index, follow, max-snippet:-1, max-image-preview:large, max-video-preview:-1\" \/>\n<link rel=\"canonical\" href=\"https:\/\/www.anovapeneira.gal\/index.php\/2022\/10\/17\/o-tribunal-supremo-confirma-a-nulidade-da-autorizacion-do-parque-eolico-de-iribio-en-ancares-courel\/\" \/>\n<meta property=\"og:locale\" content=\"gl_ES\" \/>\n<meta property=\"og:type\" content=\"article\" \/>\n<meta property=\"og:title\" content=\"O Tribunal Supremo confirma a nulidade da autorizaci\u00f3n do parque e\u00f3lico de Iribio, en Ancares-Courel -\" \/>\n<meta property=\"og:description\" content=\"A sentenza sup\u00f3n na pr\u00e1ctica o fin definitivo do proxecto, ao que a Xunta de Galicia dera o visto e prace cunha avaliaci\u00f3n ambiental obsoleta e anterior \u00e1 inclusi\u00f3n da Serra de Iribio na Rede Natura 2000, protecci\u00f3n outorgada polo seu valor ambiental\" \/>\n<meta property=\"og:url\" content=\"https:\/\/www.anovapeneira.gal\/index.php\/2022\/10\/17\/o-tribunal-supremo-confirma-a-nulidade-da-autorizacion-do-parque-eolico-de-iribio-en-ancares-courel\/\" \/>\n<meta property=\"article:publisher\" content=\"https:\/\/www.facebook.com\/anovapeneira\" \/>\n<meta property=\"article:published_time\" content=\"2022-10-17T10:00:56+00:00\" \/>\n<meta property=\"og:image\" content=\"https:\/\/www.anovapeneira.gal\/wp-content\/uploads\/2021\/01\/eolico.jpg\" \/>\n\t<meta property=\"og:image:width\" content=\"720\" \/>\n\t<meta property=\"og:image:height\" content=\"432\" \/>\n\t<meta property=\"og:image:type\" content=\"image\/jpeg\" \/>\n<meta name=\"author\" content=\"Redacci\u00f3n A Nova Peneira\" \/>\n<meta name=\"twitter:card\" content=\"summary_large_image\" \/>\n<meta name=\"twitter:creator\" content=\"@APeneira\" \/>\n<meta name=\"twitter:site\" content=\"@APeneira\" \/>\n<meta name=\"twitter:label1\" content=\"Escrito por\" \/>\n\t<meta name=\"twitter:data1\" content=\"Redacci\u00f3n A Nova Peneira\" \/>\n\t<meta name=\"twitter:label2\" content=\"Tempo de lectura\" \/>\n\t<meta name=\"twitter:data2\" content=\"5 minutos\" \/>\n<script type=\"application\/ld+json\" class=\"yoast-schema-graph\">{\"@context\":\"https:\\\/\\\/schema.org\",\"@graph\":[{\"@type\":\"Article\",\"@id\":\"https:\\\/\\\/www.anovapeneira.gal\\\/index.php\\\/2022\\\/10\\\/17\\\/o-tribunal-supremo-confirma-a-nulidade-da-autorizacion-do-parque-eolico-de-iribio-en-ancares-courel\\\/#article\",\"isPartOf\":{\"@id\":\"https:\\\/\\\/www.anovapeneira.gal\\\/index.php\\\/2022\\\/10\\\/17\\\/o-tribunal-supremo-confirma-a-nulidade-da-autorizacion-do-parque-eolico-de-iribio-en-ancares-courel\\\/\"},\"author\":{\"name\":\"Redacci\u00f3n A Nova Peneira\",\"@id\":\"https:\\\/\\\/www.anovapeneira.gal\\\/#\\\/schema\\\/person\\\/b93e3f8932e3f8da96334607eb6ac6aa\"},\"headline\":\"O Tribunal Supremo confirma a nulidade da autorizaci\u00f3n do parque e\u00f3lico de Iribio, en Ancares-Courel\",\"datePublished\":\"2022-10-17T10:00:56+00:00\",\"mainEntityOfPage\":{\"@id\":\"https:\\\/\\\/www.anovapeneira.gal\\\/index.php\\\/2022\\\/10\\\/17\\\/o-tribunal-supremo-confirma-a-nulidade-da-autorizacion-do-parque-eolico-de-iribio-en-ancares-courel\\\/\"},\"wordCount\":852,\"commentCount\":0,\"publisher\":{\"@id\":\"https:\\\/\\\/www.anovapeneira.gal\\\/#organization\"},\"image\":{\"@id\":\"https:\\\/\\\/www.anovapeneira.gal\\\/index.php\\\/2022\\\/10\\\/17\\\/o-tribunal-supremo-confirma-a-nulidade-da-autorizacion-do-parque-eolico-de-iribio-en-ancares-courel\\\/#primaryimage\"},\"thumbnailUrl\":\"https:\\\/\\\/www.anovapeneira.gal\\\/wp-content\\\/uploads\\\/2021\\\/01\\\/eolico.jpg\",\"keywords\":[\"Iribio\",\"Parque e\u00f3lico\"],\"articleSection\":[\"Novas\"],\"inLanguage\":\"gl-ES\",\"potentialAction\":[{\"@type\":\"CommentAction\",\"name\":\"Comment\",\"target\":[\"https:\\\/\\\/www.anovapeneira.gal\\\/index.php\\\/2022\\\/10\\\/17\\\/o-tribunal-supremo-confirma-a-nulidade-da-autorizacion-do-parque-eolico-de-iribio-en-ancares-courel\\\/#respond\"]}]},{\"@type\":\"WebPage\",\"@id\":\"https:\\\/\\\/www.anovapeneira.gal\\\/index.php\\\/2022\\\/10\\\/17\\\/o-tribunal-supremo-confirma-a-nulidade-da-autorizacion-do-parque-eolico-de-iribio-en-ancares-courel\\\/\",\"url\":\"https:\\\/\\\/www.anovapeneira.gal\\\/index.php\\\/2022\\\/10\\\/17\\\/o-tribunal-supremo-confirma-a-nulidade-da-autorizacion-do-parque-eolico-de-iribio-en-ancares-courel\\\/\",\"name\":\"O Tribunal Supremo confirma a nulidade da autorizaci\u00f3n do parque e\u00f3lico de Iribio, en Ancares-Courel -\",\"isPartOf\":{\"@id\":\"https:\\\/\\\/www.anovapeneira.gal\\\/#website\"},\"primaryImageOfPage\":{\"@id\":\"https:\\\/\\\/www.anovapeneira.gal\\\/index.php\\\/2022\\\/10\\\/17\\\/o-tribunal-supremo-confirma-a-nulidade-da-autorizacion-do-parque-eolico-de-iribio-en-ancares-courel\\\/#primaryimage\"},\"image\":{\"@id\":\"https:\\\/\\\/www.anovapeneira.gal\\\/index.php\\\/2022\\\/10\\\/17\\\/o-tribunal-supremo-confirma-a-nulidade-da-autorizacion-do-parque-eolico-de-iribio-en-ancares-courel\\\/#primaryimage\"},\"thumbnailUrl\":\"https:\\\/\\\/www.anovapeneira.gal\\\/wp-content\\\/uploads\\\/2021\\\/01\\\/eolico.jpg\",\"datePublished\":\"2022-10-17T10:00:56+00:00\",\"description\":\"A sentenza sup\u00f3n na pr\u00e1ctica o fin definitivo do proxecto, ao que a Xunta de Galicia dera o visto e prace cunha avaliaci\u00f3n ambiental obsoleta e anterior \u00e1 inclusi\u00f3n da Serra de Iribio na Rede Natura 2000, protecci\u00f3n outorgada polo seu valor ambiental\",\"breadcrumb\":{\"@id\":\"https:\\\/\\\/www.anovapeneira.gal\\\/index.php\\\/2022\\\/10\\\/17\\\/o-tribunal-supremo-confirma-a-nulidade-da-autorizacion-do-parque-eolico-de-iribio-en-ancares-courel\\\/#breadcrumb\"},\"inLanguage\":\"gl-ES\",\"potentialAction\":[{\"@type\":\"ReadAction\",\"target\":[\"https:\\\/\\\/www.anovapeneira.gal\\\/index.php\\\/2022\\\/10\\\/17\\\/o-tribunal-supremo-confirma-a-nulidade-da-autorizacion-do-parque-eolico-de-iribio-en-ancares-courel\\\/\"]}]},{\"@type\":\"ImageObject\",\"inLanguage\":\"gl-ES\",\"@id\":\"https:\\\/\\\/www.anovapeneira.gal\\\/index.php\\\/2022\\\/10\\\/17\\\/o-tribunal-supremo-confirma-a-nulidade-da-autorizacion-do-parque-eolico-de-iribio-en-ancares-courel\\\/#primaryimage\",\"url\":\"https:\\\/\\\/www.anovapeneira.gal\\\/wp-content\\\/uploads\\\/2021\\\/01\\\/eolico.jpg\",\"contentUrl\":\"https:\\\/\\\/www.anovapeneira.gal\\\/wp-content\\\/uploads\\\/2021\\\/01\\\/eolico.jpg\",\"width\":720,\"height\":432,\"caption\":\"Tomi\u00f1o rexeita o proxecto e\u00f3lico da Serra da Groba\"},{\"@type\":\"BreadcrumbList\",\"@id\":\"https:\\\/\\\/www.anovapeneira.gal\\\/index.php\\\/2022\\\/10\\\/17\\\/o-tribunal-supremo-confirma-a-nulidade-da-autorizacion-do-parque-eolico-de-iribio-en-ancares-courel\\\/#breadcrumb\",\"itemListElement\":[{\"@type\":\"ListItem\",\"position\":1,\"name\":\"Portada\",\"item\":\"https:\\\/\\\/www.anovapeneira.gal\\\/\"},{\"@type\":\"ListItem\",\"position\":2,\"name\":\"O Tribunal Supremo confirma a nulidade da autorizaci\u00f3n do parque e\u00f3lico de Iribio, en Ancares-Courel\"}]},{\"@type\":\"WebSite\",\"@id\":\"https:\\\/\\\/www.anovapeneira.gal\\\/#website\",\"url\":\"https:\\\/\\\/www.anovapeneira.gal\\\/\",\"name\":\"\",\"description\":\"Xornal galego de informaci\u00f3n xeral Publicaci\u00f3n mensual de novas de Galicia e en especial dos Concellos da sur da provincia de Pontevedra.\",\"publisher\":{\"@id\":\"https:\\\/\\\/www.anovapeneira.gal\\\/#organization\"},\"potentialAction\":[{\"@type\":\"SearchAction\",\"target\":{\"@type\":\"EntryPoint\",\"urlTemplate\":\"https:\\\/\\\/www.anovapeneira.gal\\\/?s={search_term_string}\"},\"query-input\":{\"@type\":\"PropertyValueSpecification\",\"valueRequired\":true,\"valueName\":\"search_term_string\"}}],\"inLanguage\":\"gl-ES\"},{\"@type\":\"Organization\",\"@id\":\"https:\\\/\\\/www.anovapeneira.gal\\\/#organization\",\"name\":\"A Nova Peneira\",\"url\":\"https:\\\/\\\/www.anovapeneira.gal\\\/\",\"logo\":{\"@type\":\"ImageObject\",\"inLanguage\":\"gl-ES\",\"@id\":\"https:\\\/\\\/www.anovapeneira.gal\\\/#\\\/schema\\\/logo\\\/image\\\/\",\"url\":\"http:\\\/\\\/www.anovapeneira.gal\\\/wp-content\\\/uploads\\\/2019\\\/06\\\/logo_a_nova_peneira_portal_web.png\",\"contentUrl\":\"http:\\\/\\\/www.anovapeneira.gal\\\/wp-content\\\/uploads\\\/2019\\\/06\\\/logo_a_nova_peneira_portal_web.png\",\"width\":300,\"height\":100,\"caption\":\"A Nova Peneira\"},\"image\":{\"@id\":\"https:\\\/\\\/www.anovapeneira.gal\\\/#\\\/schema\\\/logo\\\/image\\\/\"},\"sameAs\":[\"https:\\\/\\\/www.facebook.com\\\/anovapeneira\",\"https:\\\/\\\/x.com\\\/APeneira\"]},{\"@type\":\"Person\",\"@id\":\"https:\\\/\\\/www.anovapeneira.gal\\\/#\\\/schema\\\/person\\\/b93e3f8932e3f8da96334607eb6ac6aa\",\"name\":\"Redacci\u00f3n A Nova Peneira\",\"image\":{\"@type\":\"ImageObject\",\"inLanguage\":\"gl-ES\",\"@id\":\"https:\\\/\\\/secure.gravatar.com\\\/avatar\\\/c052a2551a06e23fac63626232eaa90abd78dbcf1700fc46a2b2c89fd27b735f?s=96&d=mm&r=g\",\"url\":\"https:\\\/\\\/secure.gravatar.com\\\/avatar\\\/c052a2551a06e23fac63626232eaa90abd78dbcf1700fc46a2b2c89fd27b735f?s=96&d=mm&r=g\",\"contentUrl\":\"https:\\\/\\\/secure.gravatar.com\\\/avatar\\\/c052a2551a06e23fac63626232eaa90abd78dbcf1700fc46a2b2c89fd27b735f?s=96&d=mm&r=g\",\"caption\":\"Redacci\u00f3n A Nova Peneira\"},\"sameAs\":[\"http:\\\/\\\/www.anovapeneira.gal\\\/\"],\"url\":\"https:\\\/\\\/www.anovapeneira.gal\\\/index.php\\\/author\\\/redactor\\\/\"}]}<\/script>\n<!-- \/ Yoast SEO plugin. -->","yoast_head_json":{"title":"O Tribunal Supremo confirma a nulidade da autorizaci\u00f3n do parque e\u00f3lico de Iribio, en Ancares-Courel -","description":"A sentenza sup\u00f3n na pr\u00e1ctica o fin definitivo do proxecto, ao que a Xunta de Galicia dera o visto e prace cunha avaliaci\u00f3n ambiental obsoleta e anterior \u00e1 inclusi\u00f3n da Serra de Iribio na Rede Natura 2000, protecci\u00f3n outorgada polo seu valor ambiental","robots":{"index":"index","follow":"follow","max-snippet":"max-snippet:-1","max-image-preview":"max-image-preview:large","max-video-preview":"max-video-preview:-1"},"canonical":"https:\/\/www.anovapeneira.gal\/index.php\/2022\/10\/17\/o-tribunal-supremo-confirma-a-nulidade-da-autorizacion-do-parque-eolico-de-iribio-en-ancares-courel\/","og_locale":"gl_ES","og_type":"article","og_title":"O Tribunal Supremo confirma a nulidade da autorizaci\u00f3n do parque e\u00f3lico de Iribio, en Ancares-Courel -","og_description":"A sentenza sup\u00f3n na pr\u00e1ctica o fin definitivo do proxecto, ao que a Xunta de Galicia dera o visto e prace cunha avaliaci\u00f3n ambiental obsoleta e anterior \u00e1 inclusi\u00f3n da Serra de Iribio na Rede Natura 2000, protecci\u00f3n outorgada polo seu valor ambiental","og_url":"https:\/\/www.anovapeneira.gal\/index.php\/2022\/10\/17\/o-tribunal-supremo-confirma-a-nulidade-da-autorizacion-do-parque-eolico-de-iribio-en-ancares-courel\/","article_publisher":"https:\/\/www.facebook.com\/anovapeneira","article_published_time":"2022-10-17T10:00:56+00:00","og_image":[{"width":720,"height":432,"url":"https:\/\/www.anovapeneira.gal\/wp-content\/uploads\/2021\/01\/eolico.jpg","type":"image\/jpeg"}],"author":"Redacci\u00f3n A Nova Peneira","twitter_card":"summary_large_image","twitter_creator":"@APeneira","twitter_site":"@APeneira","twitter_misc":{"Escrito por":"Redacci\u00f3n A Nova Peneira","Tempo de lectura":"5 minutos"},"schema":{"@context":"https:\/\/schema.org","@graph":[{"@type":"Article","@id":"https:\/\/www.anovapeneira.gal\/index.php\/2022\/10\/17\/o-tribunal-supremo-confirma-a-nulidade-da-autorizacion-do-parque-eolico-de-iribio-en-ancares-courel\/#article","isPartOf":{"@id":"https:\/\/www.anovapeneira.gal\/index.php\/2022\/10\/17\/o-tribunal-supremo-confirma-a-nulidade-da-autorizacion-do-parque-eolico-de-iribio-en-ancares-courel\/"},"author":{"name":"Redacci\u00f3n A Nova Peneira","@id":"https:\/\/www.anovapeneira.gal\/#\/schema\/person\/b93e3f8932e3f8da96334607eb6ac6aa"},"headline":"O Tribunal Supremo confirma a nulidade da autorizaci\u00f3n do parque e\u00f3lico de Iribio, en Ancares-Courel","datePublished":"2022-10-17T10:00:56+00:00","mainEntityOfPage":{"@id":"https:\/\/www.anovapeneira.gal\/index.php\/2022\/10\/17\/o-tribunal-supremo-confirma-a-nulidade-da-autorizacion-do-parque-eolico-de-iribio-en-ancares-courel\/"},"wordCount":852,"commentCount":0,"publisher":{"@id":"https:\/\/www.anovapeneira.gal\/#organization"},"image":{"@id":"https:\/\/www.anovapeneira.gal\/index.php\/2022\/10\/17\/o-tribunal-supremo-confirma-a-nulidade-da-autorizacion-do-parque-eolico-de-iribio-en-ancares-courel\/#primaryimage"},"thumbnailUrl":"https:\/\/www.anovapeneira.gal\/wp-content\/uploads\/2021\/01\/eolico.jpg","keywords":["Iribio","Parque e\u00f3lico"],"articleSection":["Novas"],"inLanguage":"gl-ES","potentialAction":[{"@type":"CommentAction","name":"Comment","target":["https:\/\/www.anovapeneira.gal\/index.php\/2022\/10\/17\/o-tribunal-supremo-confirma-a-nulidade-da-autorizacion-do-parque-eolico-de-iribio-en-ancares-courel\/#respond"]}]},{"@type":"WebPage","@id":"https:\/\/www.anovapeneira.gal\/index.php\/2022\/10\/17\/o-tribunal-supremo-confirma-a-nulidade-da-autorizacion-do-parque-eolico-de-iribio-en-ancares-courel\/","url":"https:\/\/www.anovapeneira.gal\/index.php\/2022\/10\/17\/o-tribunal-supremo-confirma-a-nulidade-da-autorizacion-do-parque-eolico-de-iribio-en-ancares-courel\/","name":"O Tribunal Supremo confirma a nulidade da autorizaci\u00f3n do parque e\u00f3lico de Iribio, en Ancares-Courel -","isPartOf":{"@id":"https:\/\/www.anovapeneira.gal\/#website"},"primaryImageOfPage":{"@id":"https:\/\/www.anovapeneira.gal\/index.php\/2022\/10\/17\/o-tribunal-supremo-confirma-a-nulidade-da-autorizacion-do-parque-eolico-de-iribio-en-ancares-courel\/#primaryimage"},"image":{"@id":"https:\/\/www.anovapeneira.gal\/index.php\/2022\/10\/17\/o-tribunal-supremo-confirma-a-nulidade-da-autorizacion-do-parque-eolico-de-iribio-en-ancares-courel\/#primaryimage"},"thumbnailUrl":"https:\/\/www.anovapeneira.gal\/wp-content\/uploads\/2021\/01\/eolico.jpg","datePublished":"2022-10-17T10:00:56+00:00","description":"A sentenza sup\u00f3n na pr\u00e1ctica o fin definitivo do proxecto, ao que a Xunta de Galicia dera o visto e prace cunha avaliaci\u00f3n ambiental obsoleta e anterior \u00e1 inclusi\u00f3n da Serra de Iribio na Rede Natura 2000, protecci\u00f3n outorgada polo seu valor ambiental","breadcrumb":{"@id":"https:\/\/www.anovapeneira.gal\/index.php\/2022\/10\/17\/o-tribunal-supremo-confirma-a-nulidade-da-autorizacion-do-parque-eolico-de-iribio-en-ancares-courel\/#breadcrumb"},"inLanguage":"gl-ES","potentialAction":[{"@type":"ReadAction","target":["https:\/\/www.anovapeneira.gal\/index.php\/2022\/10\/17\/o-tribunal-supremo-confirma-a-nulidade-da-autorizacion-do-parque-eolico-de-iribio-en-ancares-courel\/"]}]},{"@type":"ImageObject","inLanguage":"gl-ES","@id":"https:\/\/www.anovapeneira.gal\/index.php\/2022\/10\/17\/o-tribunal-supremo-confirma-a-nulidade-da-autorizacion-do-parque-eolico-de-iribio-en-ancares-courel\/#primaryimage","url":"https:\/\/www.anovapeneira.gal\/wp-content\/uploads\/2021\/01\/eolico.jpg","contentUrl":"https:\/\/www.anovapeneira.gal\/wp-content\/uploads\/2021\/01\/eolico.jpg","width":720,"height":432,"caption":"Tomi\u00f1o rexeita o proxecto e\u00f3lico da Serra da Groba"},{"@type":"BreadcrumbList","@id":"https:\/\/www.anovapeneira.gal\/index.php\/2022\/10\/17\/o-tribunal-supremo-confirma-a-nulidade-da-autorizacion-do-parque-eolico-de-iribio-en-ancares-courel\/#breadcrumb","itemListElement":[{"@type":"ListItem","position":1,"name":"Portada","item":"https:\/\/www.anovapeneira.gal\/"},{"@type":"ListItem","position":2,"name":"O Tribunal Supremo confirma a nulidade da autorizaci\u00f3n do parque e\u00f3lico de Iribio, en Ancares-Courel"}]},{"@type":"WebSite","@id":"https:\/\/www.anovapeneira.gal\/#website","url":"https:\/\/www.anovapeneira.gal\/","name":"","description":"Xornal galego de informaci\u00f3n xeral Publicaci\u00f3n mensual de novas de Galicia e en especial dos Concellos da sur da provincia de Pontevedra.","publisher":{"@id":"https:\/\/www.anovapeneira.gal\/#organization"},"potentialAction":[{"@type":"SearchAction","target":{"@type":"EntryPoint","urlTemplate":"https:\/\/www.anovapeneira.gal\/?s={search_term_string}"},"query-input":{"@type":"PropertyValueSpecification","valueRequired":true,"valueName":"search_term_string"}}],"inLanguage":"gl-ES"},{"@type":"Organization","@id":"https:\/\/www.anovapeneira.gal\/#organization","name":"A Nova Peneira","url":"https:\/\/www.anovapeneira.gal\/","logo":{"@type":"ImageObject","inLanguage":"gl-ES","@id":"https:\/\/www.anovapeneira.gal\/#\/schema\/logo\/image\/","url":"http:\/\/www.anovapeneira.gal\/wp-content\/uploads\/2019\/06\/logo_a_nova_peneira_portal_web.png","contentUrl":"http:\/\/www.anovapeneira.gal\/wp-content\/uploads\/2019\/06\/logo_a_nova_peneira_portal_web.png","width":300,"height":100,"caption":"A Nova Peneira"},"image":{"@id":"https:\/\/www.anovapeneira.gal\/#\/schema\/logo\/image\/"},"sameAs":["https:\/\/www.facebook.com\/anovapeneira","https:\/\/x.com\/APeneira"]},{"@type":"Person","@id":"https:\/\/www.anovapeneira.gal\/#\/schema\/person\/b93e3f8932e3f8da96334607eb6ac6aa","name":"Redacci\u00f3n A Nova Peneira","image":{"@type":"ImageObject","inLanguage":"gl-ES","@id":"https:\/\/secure.gravatar.com\/avatar\/c052a2551a06e23fac63626232eaa90abd78dbcf1700fc46a2b2c89fd27b735f?s=96&d=mm&r=g","url":"https:\/\/secure.gravatar.com\/avatar\/c052a2551a06e23fac63626232eaa90abd78dbcf1700fc46a2b2c89fd27b735f?s=96&d=mm&r=g","contentUrl":"https:\/\/secure.gravatar.com\/avatar\/c052a2551a06e23fac63626232eaa90abd78dbcf1700fc46a2b2c89fd27b735f?s=96&d=mm&r=g","caption":"Redacci\u00f3n A Nova Peneira"},"sameAs":["http:\/\/www.anovapeneira.gal\/"],"url":"https:\/\/www.anovapeneira.gal\/index.php\/author\/redactor\/"}]}},"jetpack_featured_media_url":"https:\/\/www.anovapeneira.gal\/wp-content\/uploads\/2021\/01\/eolico.jpg","_links":{"self":[{"href":"https:\/\/www.anovapeneira.gal\/index.php\/wp-json\/wp\/v2\/posts\/8366","targetHints":{"allow":["GET"]}}],"collection":[{"href":"https:\/\/www.anovapeneira.gal\/index.php\/wp-json\/wp\/v2\/posts"}],"about":[{"href":"https:\/\/www.anovapeneira.gal\/index.php\/wp-json\/wp\/v2\/types\/post"}],"author":[{"embeddable":true,"href":"https:\/\/www.anovapeneira.gal\/index.php\/wp-json\/wp\/v2\/users\/3"}],"replies":[{"embeddable":true,"href":"https:\/\/www.anovapeneira.gal\/index.php\/wp-json\/wp\/v2\/comments?post=8366"}],"version-history":[{"count":2,"href":"https:\/\/www.anovapeneira.gal\/index.php\/wp-json\/wp\/v2\/posts\/8366\/revisions"}],"predecessor-version":[{"id":8368,"href":"https:\/\/www.anovapeneira.gal\/index.php\/wp-json\/wp\/v2\/posts\/8366\/revisions\/8368"}],"wp:featuredmedia":[{"embeddable":true,"href":"https:\/\/www.anovapeneira.gal\/index.php\/wp-json\/wp\/v2\/media\/4696"}],"wp:attachment":[{"href":"https:\/\/www.anovapeneira.gal\/index.php\/wp-json\/wp\/v2\/media?parent=8366"}],"wp:term":[{"taxonomy":"category","embeddable":true,"href":"https:\/\/www.anovapeneira.gal\/index.php\/wp-json\/wp\/v2\/categories?post=8366"},{"taxonomy":"post_tag","embeddable":true,"href":"https:\/\/www.anovapeneira.gal\/index.php\/wp-json\/wp\/v2\/tags?post=8366"}],"curies":[{"name":"wp","href":"https:\/\/api.w.org\/{rel}","templated":true}]}}