{"id":8373,"date":"2022-10-18T12:00:29","date_gmt":"2022-10-18T10:00:29","guid":{"rendered":"https:\/\/www.anovapeneira.gal\/?p=8373"},"modified":"2022-10-16T17:08:55","modified_gmt":"2022-10-16T15:08:55","slug":"a-omix-de-tomino-prepara-un-outono-con-novidosos-cursos-e-actividades","status":"publish","type":"post","link":"https:\/\/www.anovapeneira.gal\/index.php\/2022\/10\/18\/a-omix-de-tomino-prepara-un-outono-con-novidosos-cursos-e-actividades\/","title":{"rendered":"A OMIX de Tomi\u00f1o prepara un outono con novidosos cursos e actividades"},"content":{"rendered":"\n<h2 class=\"wp-block-heading\"><strong>Xa est\u00e1 aberto o prazo para inscribirse nos obradoiros de caracterizaci\u00f3n, podcast e podcasting e conservaci\u00f3n de alimentos<\/strong><\/h2>\n\n\n\n<p><strong>Tomi\u00f1o, 12 de outubro de 2022.<\/strong><\/p>\n\n\n\n<p>Aproveitar o outono nunca foi tan doado nin divertido. A OMIX de Tomi\u00f1o ten preparada para esta nova tempada un amplo programa de cursos novidosos e innovadores que buscan achegar a mozos e mozas a actividades actuais que espertan grande interese entre eles e elas.<\/p>\n\n\n\n<p>\u201cTemos unha mocidade moi din\u00e1mica con ganas de facer cousas e seguir aprendendo, polo que dende o Concello debemos adaptar os nosos programas, actualizalos constantemente e modernizalos para brindarlle novas oportunidades en campos que agora est\u00e1n en boga\u201d, explica a alcaldesa, Sandra Gonz\u00e1lez.<\/p>\n\n\n\n<p>O primeiro <strong>curso<\/strong> da tempada de outono comezar\u00e1 o vindeiro 22 de outubro e estar\u00e1 centrado na <strong>caracterizaci\u00f3n<\/strong>. Con Sama\u00edn \u00e1 volta da esquina e tam\u00e9n pensando no Entroido, a OMIX de Tomi\u00f1o organiza un obradoiro pr\u00e1ctico no que as persoas participantes aprender\u00e1n diferentes t\u00e9cnicas de caracterizaci\u00f3n para crear personaxes de cine ou teatro empregando maquillaxe art\u00edstica e efectos especiais para facer realidade todo o que poidan imaxinar. O curso, aberto rapazas e rapaces a partir de 12 anos, impartirase os <strong>s\u00e1bados 22 e 29 de outubro<\/strong> de 12.00 a 13.30 horas en Goi\u00e1n e ter\u00e1 un custo de 10 euros.<\/p>\n\n\n\n<p>As novas tecnolox\u00edas e formas de comunicaci\u00f3n tam\u00e9n te\u00f1en oco na programaci\u00f3n de outono da OMIX. O <strong>s\u00e1bado 29 de outubro<\/strong> celebrarase un <strong>obradoiro sobre podcast e podcasting<\/strong>, un curso no que as e os participantes recibir\u00e1n formaci\u00f3n sobre este novo formato como v\u00eda de informaci\u00f3n, divertimento ou aprendizaxe que aumentou de forma considerable o seu consumo nos \u00faltimos tempos. O obradoiro ser\u00e1 impartido por David Gesteira, creador do podcast \u2018Descifrando a historia\u2019, que ten m\u00e1is dun ano de traxectoria e foi un dos ga\u00f1adores dos V Premios Xuventude da Deputaci\u00f3n de Pontevedra en 2021. Dirixido preferentemente a mocidade ata os 35 anos, o curso desenvolverase de 09.00 a 13.00 horas en Goi\u00e1n.<\/p>\n\n\n\n<figure class=\"wp-block-image size-large\"><img loading=\"lazy\" decoding=\"async\" width=\"724\" height=\"1024\" src=\"https:\/\/www.anovapeneira.gal\/wp-content\/uploads\/2022\/10\/Cartel-obradoiros-e-cursos-01-724x1024.png\" alt=\"\" class=\"wp-image-8375\" srcset=\"https:\/\/www.anovapeneira.gal\/wp-content\/uploads\/2022\/10\/Cartel-obradoiros-e-cursos-01-724x1024.png 724w, https:\/\/www.anovapeneira.gal\/wp-content\/uploads\/2022\/10\/Cartel-obradoiros-e-cursos-01-212x300.png 212w, https:\/\/www.anovapeneira.gal\/wp-content\/uploads\/2022\/10\/Cartel-obradoiros-e-cursos-01-768x1086.png 768w, https:\/\/www.anovapeneira.gal\/wp-content\/uploads\/2022\/10\/Cartel-obradoiros-e-cursos-01.png 843w\" sizes=\"auto, (max-width: 724px) 100vw, 724px\" \/><\/figure>\n\n\n\n<p>No mes de novembro o gran protagonista ser\u00e1 o <strong>obradoiro de conservaci\u00f3n de alimentos<\/strong>, d\u00faas xornadas nas que o alumnado aprender\u00e1 a elaborar conservas de alimentos seguras e se concienciar\u00e1 sobre a necesidade de aplicar boas pr\u00e1cticas na s\u00faa manufactura. Este curso vai dirixido \u00e1s persoas con inquedanzas particulares e a aquelas e aqueles profesionais relacionados coas conservas artesanais. Ser\u00e1 <strong>os s\u00e1bados 5 e 12 de novembro<\/strong> de 10.00 a 14.00 horas no Mercado de Tomi\u00f1o. O curso ter\u00e1 un prezo de 10 euros por persoa.<\/p>\n\n\n\n<p>As persoas interesadas en participar en calquera destes obradoiros <a href=\"https:\/\/tomino.gal\/cursos-e-obradoiros-outono-2022\/\">poden inscribirse xa a trav\u00e9s da p\u00e1xina web do Concello de Tomi\u00f1o.<\/a><\/p>\n","protected":false},"excerpt":{"rendered":"<div class=\"mh-excerpt\"><p>Xa est\u00e1 aberto o prazo para inscribirse nos obradoiros de caracterizaci\u00f3n, podcast e podcasting e conservaci\u00f3n de alimentos <a class=\"mh-excerpt-more\" href=\"https:\/\/www.anovapeneira.gal\/index.php\/2022\/10\/18\/a-omix-de-tomino-prepara-un-outono-con-novidosos-cursos-e-actividades\/\" title=\"A OMIX de Tomi\u00f1o prepara un outono con novidosos cursos e actividades\">[&#8230;]<\/a><\/p>\n<\/div>","protected":false},"author":1,"featured_media":8378,"comment_status":"open","ping_status":"open","sticky":false,"template":"","format":"standard","meta":{"_exactmetrics_skip_tracking":false,"_exactmetrics_sitenote_active":false,"_exactmetrics_sitenote_note":"","_exactmetrics_sitenote_category":0,"footnotes":""},"categories":[21],"tags":[81],"class_list":{"0":"post-8373","1":"post","2":"type-post","3":"status-publish","4":"format-standard","5":"has-post-thumbnail","7":"category-baixo-mino","8":"tag-concello-de-tomino"},"yoast_head":"<!-- This site is optimized with the Yoast SEO plugin v27.4 - https:\/\/yoast.com\/product\/yoast-seo-wordpress\/ -->\n<title>A OMIX de Tomi\u00f1o prepara un outono con novidosos cursos e actividades -<\/title>\n<meta name=\"description\" content=\"Xa est\u00e1 aberto o prazo para inscribirse nos obradoiros de caracterizaci\u00f3n, podcast e podcasting e conservaci\u00f3n de alimentos\" \/>\n<meta name=\"robots\" content=\"index, follow, max-snippet:-1, max-image-preview:large, max-video-preview:-1\" \/>\n<link rel=\"canonical\" href=\"https:\/\/www.anovapeneira.gal\/index.php\/2022\/10\/18\/a-omix-de-tomino-prepara-un-outono-con-novidosos-cursos-e-actividades\/\" \/>\n<meta property=\"og:locale\" content=\"gl_ES\" \/>\n<meta property=\"og:type\" content=\"article\" \/>\n<meta property=\"og:title\" content=\"A OMIX de Tomi\u00f1o prepara un outono con novidosos cursos e actividades -\" \/>\n<meta property=\"og:description\" content=\"Xa est\u00e1 aberto o prazo para inscribirse nos obradoiros de caracterizaci\u00f3n, podcast e podcasting e conservaci\u00f3n de alimentos\" \/>\n<meta property=\"og:url\" content=\"https:\/\/www.anovapeneira.gal\/index.php\/2022\/10\/18\/a-omix-de-tomino-prepara-un-outono-con-novidosos-cursos-e-actividades\/\" \/>\n<meta property=\"article:publisher\" content=\"https:\/\/www.facebook.com\/anovapeneira\" \/>\n<meta property=\"article:author\" content=\"https:\/\/www.facebook.com\/anovapeneira\/\" \/>\n<meta property=\"article:published_time\" content=\"2022-10-18T10:00:29+00:00\" \/>\n<meta property=\"og:image\" content=\"https:\/\/www.anovapeneira.gal\/wp-content\/uploads\/2022\/10\/obradoiros_tominho.png\" \/>\n\t<meta property=\"og:image:width\" content=\"720\" \/>\n\t<meta property=\"og:image:height\" content=\"432\" \/>\n\t<meta property=\"og:image:type\" content=\"image\/png\" \/>\n<meta name=\"author\" content=\"admin\" \/>\n<meta name=\"twitter:card\" content=\"summary_large_image\" \/>\n<meta name=\"twitter:creator\" content=\"@APeneira\" \/>\n<meta name=\"twitter:site\" content=\"@APeneira\" \/>\n<meta name=\"twitter:label1\" content=\"Escrito por\" \/>\n\t<meta name=\"twitter:data1\" content=\"admin\" \/>\n\t<meta name=\"twitter:label2\" content=\"Tempo de lectura\" \/>\n\t<meta name=\"twitter:data2\" content=\"3 minutos\" \/>\n<script type=\"application\/ld+json\" class=\"yoast-schema-graph\">{\"@context\":\"https:\\\/\\\/schema.org\",\"@graph\":[{\"@type\":\"Article\",\"@id\":\"https:\\\/\\\/www.anovapeneira.gal\\\/index.php\\\/2022\\\/10\\\/18\\\/a-omix-de-tomino-prepara-un-outono-con-novidosos-cursos-e-actividades\\\/#article\",\"isPartOf\":{\"@id\":\"https:\\\/\\\/www.anovapeneira.gal\\\/index.php\\\/2022\\\/10\\\/18\\\/a-omix-de-tomino-prepara-un-outono-con-novidosos-cursos-e-actividades\\\/\"},\"author\":{\"name\":\"admin\",\"@id\":\"https:\\\/\\\/www.anovapeneira.gal\\\/#\\\/schema\\\/person\\\/fb77575328c93684dae4b0075f90c2cb\"},\"headline\":\"A OMIX de Tomi\u00f1o prepara un outono con novidosos cursos e actividades\",\"datePublished\":\"2022-10-18T10:00:29+00:00\",\"mainEntityOfPage\":{\"@id\":\"https:\\\/\\\/www.anovapeneira.gal\\\/index.php\\\/2022\\\/10\\\/18\\\/a-omix-de-tomino-prepara-un-outono-con-novidosos-cursos-e-actividades\\\/\"},\"wordCount\":467,\"commentCount\":0,\"publisher\":{\"@id\":\"https:\\\/\\\/www.anovapeneira.gal\\\/#organization\"},\"image\":{\"@id\":\"https:\\\/\\\/www.anovapeneira.gal\\\/index.php\\\/2022\\\/10\\\/18\\\/a-omix-de-tomino-prepara-un-outono-con-novidosos-cursos-e-actividades\\\/#primaryimage\"},\"thumbnailUrl\":\"https:\\\/\\\/www.anovapeneira.gal\\\/wp-content\\\/uploads\\\/2022\\\/10\\\/obradoiros_tominho.png\",\"keywords\":[\"Concello de Tomi\u00f1o\"],\"articleSection\":[\"Baixo Mi\u00f1o\"],\"inLanguage\":\"gl-ES\",\"potentialAction\":[{\"@type\":\"CommentAction\",\"name\":\"Comment\",\"target\":[\"https:\\\/\\\/www.anovapeneira.gal\\\/index.php\\\/2022\\\/10\\\/18\\\/a-omix-de-tomino-prepara-un-outono-con-novidosos-cursos-e-actividades\\\/#respond\"]}]},{\"@type\":\"WebPage\",\"@id\":\"https:\\\/\\\/www.anovapeneira.gal\\\/index.php\\\/2022\\\/10\\\/18\\\/a-omix-de-tomino-prepara-un-outono-con-novidosos-cursos-e-actividades\\\/\",\"url\":\"https:\\\/\\\/www.anovapeneira.gal\\\/index.php\\\/2022\\\/10\\\/18\\\/a-omix-de-tomino-prepara-un-outono-con-novidosos-cursos-e-actividades\\\/\",\"name\":\"A OMIX de Tomi\u00f1o prepara un outono con novidosos cursos e actividades -\",\"isPartOf\":{\"@id\":\"https:\\\/\\\/www.anovapeneira.gal\\\/#website\"},\"primaryImageOfPage\":{\"@id\":\"https:\\\/\\\/www.anovapeneira.gal\\\/index.php\\\/2022\\\/10\\\/18\\\/a-omix-de-tomino-prepara-un-outono-con-novidosos-cursos-e-actividades\\\/#primaryimage\"},\"image\":{\"@id\":\"https:\\\/\\\/www.anovapeneira.gal\\\/index.php\\\/2022\\\/10\\\/18\\\/a-omix-de-tomino-prepara-un-outono-con-novidosos-cursos-e-actividades\\\/#primaryimage\"},\"thumbnailUrl\":\"https:\\\/\\\/www.anovapeneira.gal\\\/wp-content\\\/uploads\\\/2022\\\/10\\\/obradoiros_tominho.png\",\"datePublished\":\"2022-10-18T10:00:29+00:00\",\"description\":\"Xa est\u00e1 aberto o prazo para inscribirse nos obradoiros de caracterizaci\u00f3n, podcast e podcasting e conservaci\u00f3n de alimentos\",\"breadcrumb\":{\"@id\":\"https:\\\/\\\/www.anovapeneira.gal\\\/index.php\\\/2022\\\/10\\\/18\\\/a-omix-de-tomino-prepara-un-outono-con-novidosos-cursos-e-actividades\\\/#breadcrumb\"},\"inLanguage\":\"gl-ES\",\"potentialAction\":[{\"@type\":\"ReadAction\",\"target\":[\"https:\\\/\\\/www.anovapeneira.gal\\\/index.php\\\/2022\\\/10\\\/18\\\/a-omix-de-tomino-prepara-un-outono-con-novidosos-cursos-e-actividades\\\/\"]}]},{\"@type\":\"ImageObject\",\"inLanguage\":\"gl-ES\",\"@id\":\"https:\\\/\\\/www.anovapeneira.gal\\\/index.php\\\/2022\\\/10\\\/18\\\/a-omix-de-tomino-prepara-un-outono-con-novidosos-cursos-e-actividades\\\/#primaryimage\",\"url\":\"https:\\\/\\\/www.anovapeneira.gal\\\/wp-content\\\/uploads\\\/2022\\\/10\\\/obradoiros_tominho.png\",\"contentUrl\":\"https:\\\/\\\/www.anovapeneira.gal\\\/wp-content\\\/uploads\\\/2022\\\/10\\\/obradoiros_tominho.png\",\"width\":720,\"height\":432,\"caption\":\"A OMIX de Tomi\u00f1o prepara un outono con novidosos cursos e actividades\"},{\"@type\":\"BreadcrumbList\",\"@id\":\"https:\\\/\\\/www.anovapeneira.gal\\\/index.php\\\/2022\\\/10\\\/18\\\/a-omix-de-tomino-prepara-un-outono-con-novidosos-cursos-e-actividades\\\/#breadcrumb\",\"itemListElement\":[{\"@type\":\"ListItem\",\"position\":1,\"name\":\"Portada\",\"item\":\"https:\\\/\\\/www.anovapeneira.gal\\\/\"},{\"@type\":\"ListItem\",\"position\":2,\"name\":\"A OMIX de Tomi\u00f1o prepara un outono con novidosos cursos e actividades\"}]},{\"@type\":\"WebSite\",\"@id\":\"https:\\\/\\\/www.anovapeneira.gal\\\/#website\",\"url\":\"https:\\\/\\\/www.anovapeneira.gal\\\/\",\"name\":\"\",\"description\":\"Xornal galego de informaci\u00f3n xeral Publicaci\u00f3n mensual de novas de Galicia e en especial dos Concellos da sur da provincia de Pontevedra.\",\"publisher\":{\"@id\":\"https:\\\/\\\/www.anovapeneira.gal\\\/#organization\"},\"potentialAction\":[{\"@type\":\"SearchAction\",\"target\":{\"@type\":\"EntryPoint\",\"urlTemplate\":\"https:\\\/\\\/www.anovapeneira.gal\\\/?s={search_term_string}\"},\"query-input\":{\"@type\":\"PropertyValueSpecification\",\"valueRequired\":true,\"valueName\":\"search_term_string\"}}],\"inLanguage\":\"gl-ES\"},{\"@type\":\"Organization\",\"@id\":\"https:\\\/\\\/www.anovapeneira.gal\\\/#organization\",\"name\":\"A Nova Peneira\",\"url\":\"https:\\\/\\\/www.anovapeneira.gal\\\/\",\"logo\":{\"@type\":\"ImageObject\",\"inLanguage\":\"gl-ES\",\"@id\":\"https:\\\/\\\/www.anovapeneira.gal\\\/#\\\/schema\\\/logo\\\/image\\\/\",\"url\":\"http:\\\/\\\/www.anovapeneira.gal\\\/wp-content\\\/uploads\\\/2019\\\/06\\\/logo_a_nova_peneira_portal_web.png\",\"contentUrl\":\"http:\\\/\\\/www.anovapeneira.gal\\\/wp-content\\\/uploads\\\/2019\\\/06\\\/logo_a_nova_peneira_portal_web.png\",\"width\":300,\"height\":100,\"caption\":\"A Nova Peneira\"},\"image\":{\"@id\":\"https:\\\/\\\/www.anovapeneira.gal\\\/#\\\/schema\\\/logo\\\/image\\\/\"},\"sameAs\":[\"https:\\\/\\\/www.facebook.com\\\/anovapeneira\",\"https:\\\/\\\/x.com\\\/APeneira\"]},{\"@type\":\"Person\",\"@id\":\"https:\\\/\\\/www.anovapeneira.gal\\\/#\\\/schema\\\/person\\\/fb77575328c93684dae4b0075f90c2cb\",\"name\":\"admin\",\"image\":{\"@type\":\"ImageObject\",\"inLanguage\":\"gl-ES\",\"@id\":\"https:\\\/\\\/secure.gravatar.com\\\/avatar\\\/df15c36ce375448325e0bc870e91bbee95947a002eb98dcfd6c2b053e18843e9?s=96&d=mm&r=g\",\"url\":\"https:\\\/\\\/secure.gravatar.com\\\/avatar\\\/df15c36ce375448325e0bc870e91bbee95947a002eb98dcfd6c2b053e18843e9?s=96&d=mm&r=g\",\"contentUrl\":\"https:\\\/\\\/secure.gravatar.com\\\/avatar\\\/df15c36ce375448325e0bc870e91bbee95947a002eb98dcfd6c2b053e18843e9?s=96&d=mm&r=g\",\"caption\":\"admin\"},\"description\":\"Xornal galego de informaci\u00f3n xeral Publicaci\u00f3n mensual de novas de Galicia e en especial dos Concellos da sur da provincia de Pontevedra.\",\"sameAs\":[\"http:\\\/\\\/www.anovapeneira.gal\\\/\",\"https:\\\/\\\/www.facebook.com\\\/anovapeneira\\\/\"],\"url\":\"https:\\\/\\\/www.anovapeneira.gal\\\/index.php\\\/author\\\/admin\\\/\"}]}<\/script>\n<!-- \/ Yoast SEO plugin. -->","yoast_head_json":{"title":"A OMIX de Tomi\u00f1o prepara un outono con novidosos cursos e actividades -","description":"Xa est\u00e1 aberto o prazo para inscribirse nos obradoiros de caracterizaci\u00f3n, podcast e podcasting e conservaci\u00f3n de alimentos","robots":{"index":"index","follow":"follow","max-snippet":"max-snippet:-1","max-image-preview":"max-image-preview:large","max-video-preview":"max-video-preview:-1"},"canonical":"https:\/\/www.anovapeneira.gal\/index.php\/2022\/10\/18\/a-omix-de-tomino-prepara-un-outono-con-novidosos-cursos-e-actividades\/","og_locale":"gl_ES","og_type":"article","og_title":"A OMIX de Tomi\u00f1o prepara un outono con novidosos cursos e actividades -","og_description":"Xa est\u00e1 aberto o prazo para inscribirse nos obradoiros de caracterizaci\u00f3n, podcast e podcasting e conservaci\u00f3n de alimentos","og_url":"https:\/\/www.anovapeneira.gal\/index.php\/2022\/10\/18\/a-omix-de-tomino-prepara-un-outono-con-novidosos-cursos-e-actividades\/","article_publisher":"https:\/\/www.facebook.com\/anovapeneira","article_author":"https:\/\/www.facebook.com\/anovapeneira\/","article_published_time":"2022-10-18T10:00:29+00:00","og_image":[{"width":720,"height":432,"url":"https:\/\/www.anovapeneira.gal\/wp-content\/uploads\/2022\/10\/obradoiros_tominho.png","type":"image\/png"}],"author":"admin","twitter_card":"summary_large_image","twitter_creator":"@APeneira","twitter_site":"@APeneira","twitter_misc":{"Escrito por":"admin","Tempo de lectura":"3 minutos"},"schema":{"@context":"https:\/\/schema.org","@graph":[{"@type":"Article","@id":"https:\/\/www.anovapeneira.gal\/index.php\/2022\/10\/18\/a-omix-de-tomino-prepara-un-outono-con-novidosos-cursos-e-actividades\/#article","isPartOf":{"@id":"https:\/\/www.anovapeneira.gal\/index.php\/2022\/10\/18\/a-omix-de-tomino-prepara-un-outono-con-novidosos-cursos-e-actividades\/"},"author":{"name":"admin","@id":"https:\/\/www.anovapeneira.gal\/#\/schema\/person\/fb77575328c93684dae4b0075f90c2cb"},"headline":"A OMIX de Tomi\u00f1o prepara un outono con novidosos cursos e actividades","datePublished":"2022-10-18T10:00:29+00:00","mainEntityOfPage":{"@id":"https:\/\/www.anovapeneira.gal\/index.php\/2022\/10\/18\/a-omix-de-tomino-prepara-un-outono-con-novidosos-cursos-e-actividades\/"},"wordCount":467,"commentCount":0,"publisher":{"@id":"https:\/\/www.anovapeneira.gal\/#organization"},"image":{"@id":"https:\/\/www.anovapeneira.gal\/index.php\/2022\/10\/18\/a-omix-de-tomino-prepara-un-outono-con-novidosos-cursos-e-actividades\/#primaryimage"},"thumbnailUrl":"https:\/\/www.anovapeneira.gal\/wp-content\/uploads\/2022\/10\/obradoiros_tominho.png","keywords":["Concello de Tomi\u00f1o"],"articleSection":["Baixo Mi\u00f1o"],"inLanguage":"gl-ES","potentialAction":[{"@type":"CommentAction","name":"Comment","target":["https:\/\/www.anovapeneira.gal\/index.php\/2022\/10\/18\/a-omix-de-tomino-prepara-un-outono-con-novidosos-cursos-e-actividades\/#respond"]}]},{"@type":"WebPage","@id":"https:\/\/www.anovapeneira.gal\/index.php\/2022\/10\/18\/a-omix-de-tomino-prepara-un-outono-con-novidosos-cursos-e-actividades\/","url":"https:\/\/www.anovapeneira.gal\/index.php\/2022\/10\/18\/a-omix-de-tomino-prepara-un-outono-con-novidosos-cursos-e-actividades\/","name":"A OMIX de Tomi\u00f1o prepara un outono con novidosos cursos e actividades -","isPartOf":{"@id":"https:\/\/www.anovapeneira.gal\/#website"},"primaryImageOfPage":{"@id":"https:\/\/www.anovapeneira.gal\/index.php\/2022\/10\/18\/a-omix-de-tomino-prepara-un-outono-con-novidosos-cursos-e-actividades\/#primaryimage"},"image":{"@id":"https:\/\/www.anovapeneira.gal\/index.php\/2022\/10\/18\/a-omix-de-tomino-prepara-un-outono-con-novidosos-cursos-e-actividades\/#primaryimage"},"thumbnailUrl":"https:\/\/www.anovapeneira.gal\/wp-content\/uploads\/2022\/10\/obradoiros_tominho.png","datePublished":"2022-10-18T10:00:29+00:00","description":"Xa est\u00e1 aberto o prazo para inscribirse nos obradoiros de caracterizaci\u00f3n, podcast e podcasting e conservaci\u00f3n de alimentos","breadcrumb":{"@id":"https:\/\/www.anovapeneira.gal\/index.php\/2022\/10\/18\/a-omix-de-tomino-prepara-un-outono-con-novidosos-cursos-e-actividades\/#breadcrumb"},"inLanguage":"gl-ES","potentialAction":[{"@type":"ReadAction","target":["https:\/\/www.anovapeneira.gal\/index.php\/2022\/10\/18\/a-omix-de-tomino-prepara-un-outono-con-novidosos-cursos-e-actividades\/"]}]},{"@type":"ImageObject","inLanguage":"gl-ES","@id":"https:\/\/www.anovapeneira.gal\/index.php\/2022\/10\/18\/a-omix-de-tomino-prepara-un-outono-con-novidosos-cursos-e-actividades\/#primaryimage","url":"https:\/\/www.anovapeneira.gal\/wp-content\/uploads\/2022\/10\/obradoiros_tominho.png","contentUrl":"https:\/\/www.anovapeneira.gal\/wp-content\/uploads\/2022\/10\/obradoiros_tominho.png","width":720,"height":432,"caption":"A OMIX de Tomi\u00f1o prepara un outono con novidosos cursos e actividades"},{"@type":"BreadcrumbList","@id":"https:\/\/www.anovapeneira.gal\/index.php\/2022\/10\/18\/a-omix-de-tomino-prepara-un-outono-con-novidosos-cursos-e-actividades\/#breadcrumb","itemListElement":[{"@type":"ListItem","position":1,"name":"Portada","item":"https:\/\/www.anovapeneira.gal\/"},{"@type":"ListItem","position":2,"name":"A OMIX de Tomi\u00f1o prepara un outono con novidosos cursos e actividades"}]},{"@type":"WebSite","@id":"https:\/\/www.anovapeneira.gal\/#website","url":"https:\/\/www.anovapeneira.gal\/","name":"","description":"Xornal galego de informaci\u00f3n xeral Publicaci\u00f3n mensual de novas de Galicia e en especial dos Concellos da sur da provincia de Pontevedra.","publisher":{"@id":"https:\/\/www.anovapeneira.gal\/#organization"},"potentialAction":[{"@type":"SearchAction","target":{"@type":"EntryPoint","urlTemplate":"https:\/\/www.anovapeneira.gal\/?s={search_term_string}"},"query-input":{"@type":"PropertyValueSpecification","valueRequired":true,"valueName":"search_term_string"}}],"inLanguage":"gl-ES"},{"@type":"Organization","@id":"https:\/\/www.anovapeneira.gal\/#organization","name":"A Nova Peneira","url":"https:\/\/www.anovapeneira.gal\/","logo":{"@type":"ImageObject","inLanguage":"gl-ES","@id":"https:\/\/www.anovapeneira.gal\/#\/schema\/logo\/image\/","url":"http:\/\/www.anovapeneira.gal\/wp-content\/uploads\/2019\/06\/logo_a_nova_peneira_portal_web.png","contentUrl":"http:\/\/www.anovapeneira.gal\/wp-content\/uploads\/2019\/06\/logo_a_nova_peneira_portal_web.png","width":300,"height":100,"caption":"A Nova Peneira"},"image":{"@id":"https:\/\/www.anovapeneira.gal\/#\/schema\/logo\/image\/"},"sameAs":["https:\/\/www.facebook.com\/anovapeneira","https:\/\/x.com\/APeneira"]},{"@type":"Person","@id":"https:\/\/www.anovapeneira.gal\/#\/schema\/person\/fb77575328c93684dae4b0075f90c2cb","name":"admin","image":{"@type":"ImageObject","inLanguage":"gl-ES","@id":"https:\/\/secure.gravatar.com\/avatar\/df15c36ce375448325e0bc870e91bbee95947a002eb98dcfd6c2b053e18843e9?s=96&d=mm&r=g","url":"https:\/\/secure.gravatar.com\/avatar\/df15c36ce375448325e0bc870e91bbee95947a002eb98dcfd6c2b053e18843e9?s=96&d=mm&r=g","contentUrl":"https:\/\/secure.gravatar.com\/avatar\/df15c36ce375448325e0bc870e91bbee95947a002eb98dcfd6c2b053e18843e9?s=96&d=mm&r=g","caption":"admin"},"description":"Xornal galego de informaci\u00f3n xeral Publicaci\u00f3n mensual de novas de Galicia e en especial dos Concellos da sur da provincia de Pontevedra.","sameAs":["http:\/\/www.anovapeneira.gal\/","https:\/\/www.facebook.com\/anovapeneira\/"],"url":"https:\/\/www.anovapeneira.gal\/index.php\/author\/admin\/"}]}},"jetpack_featured_media_url":"https:\/\/www.anovapeneira.gal\/wp-content\/uploads\/2022\/10\/obradoiros_tominho.png","_links":{"self":[{"href":"https:\/\/www.anovapeneira.gal\/index.php\/wp-json\/wp\/v2\/posts\/8373","targetHints":{"allow":["GET"]}}],"collection":[{"href":"https:\/\/www.anovapeneira.gal\/index.php\/wp-json\/wp\/v2\/posts"}],"about":[{"href":"https:\/\/www.anovapeneira.gal\/index.php\/wp-json\/wp\/v2\/types\/post"}],"author":[{"embeddable":true,"href":"https:\/\/www.anovapeneira.gal\/index.php\/wp-json\/wp\/v2\/users\/1"}],"replies":[{"embeddable":true,"href":"https:\/\/www.anovapeneira.gal\/index.php\/wp-json\/wp\/v2\/comments?post=8373"}],"version-history":[{"count":4,"href":"https:\/\/www.anovapeneira.gal\/index.php\/wp-json\/wp\/v2\/posts\/8373\/revisions"}],"predecessor-version":[{"id":8379,"href":"https:\/\/www.anovapeneira.gal\/index.php\/wp-json\/wp\/v2\/posts\/8373\/revisions\/8379"}],"wp:featuredmedia":[{"embeddable":true,"href":"https:\/\/www.anovapeneira.gal\/index.php\/wp-json\/wp\/v2\/media\/8378"}],"wp:attachment":[{"href":"https:\/\/www.anovapeneira.gal\/index.php\/wp-json\/wp\/v2\/media?parent=8373"}],"wp:term":[{"taxonomy":"category","embeddable":true,"href":"https:\/\/www.anovapeneira.gal\/index.php\/wp-json\/wp\/v2\/categories?post=8373"},{"taxonomy":"post_tag","embeddable":true,"href":"https:\/\/www.anovapeneira.gal\/index.php\/wp-json\/wp\/v2\/tags?post=8373"}],"curies":[{"name":"wp","href":"https:\/\/api.w.org\/{rel}","templated":true}]}}