{"id":8382,"date":"2022-10-19T10:00:03","date_gmt":"2022-10-19T08:00:03","guid":{"rendered":"https:\/\/www.anovapeneira.gal\/?p=8382"},"modified":"2022-10-16T17:17:22","modified_gmt":"2022-10-16T15:17:22","slug":"xabier-perez-igrexas-candidato-a-alcaldia-de-vigo-polo-bng","status":"publish","type":"post","link":"https:\/\/www.anovapeneira.gal\/index.php\/2022\/10\/19\/xabier-perez-igrexas-candidato-a-alcaldia-de-vigo-polo-bng\/","title":{"rendered":"Xabier P\u00e9rez Igrexas candidato \u00e1 alcald\u00eda de Vigo polo BNG"},"content":{"rendered":"\n<p>\u00c1 pol\u00edtica pode chegarse por moitas raz\u00f3ns. As\u00ed, hai xente que ven porque busca un medio de vida, hainas tam\u00e9n que se achegan \u00e1 pr\u00e1ctica pol\u00edtica para satisfacer as s\u00faas m\u00e1is escuras pulsi\u00f3ns de narcisismo e notoriedade, e tam\u00e9n as hai, moitas, que sacrifican boa parte da s\u00faa vida persoal, perden tempo, cartos, ilusi\u00f3ns, tranquilidade emocional e non lles queda m\u00e1is remedio que convivir con todo tipo de idiotas e ou indesexables s\u00f3 por principios, pola defensa das s\u00faas convicci\u00f3ns e coa nobreza por bandeira de achegar o mellor de si mesmos na procura dunha sociedade mellor. Entre estes \u00faltimos est\u00e1 Xabier P\u00e9rez Igrexas. Este \u00e9 un rapaz brillante, dos m\u00e1is brillantes que te\u00f1o co\u00f1ecido nos 25 anos que levo mergullado, mergullado ata as tripas, na pol\u00edtica galega. Se \u00e9 capaz de resistir todos os desgustos que lle vai ocasionar a pr\u00e1ctica pol\u00edtica en primeiro nivel, alg\u00fan d\u00eda, e d\u00edgoo absolutamente convencido, vai ser alcalde de Vigo.<\/p>\n\n\n\n<h2 class=\"wp-block-heading\">\u201c<strong>En Vigo hai fame dunha alternativa en positivo que impulse \u00e1 nosa cidade\u201d<\/strong><\/h2>\n\n\n\n<p><strong>Ves de ser nomeado de maneira un\u00e1nime o candidato do BNG de Vigo \u00e1s elecci\u00f3ns municipais do ano pr\u00f3ximo. Cales son nestes momentos as t\u00faas sensaci\u00f3ns?<\/strong><\/p>\n\n\n\n<blockquote class=\"wp-block-quote is-layout-flow wp-block-quote-is-layout-flow\"><p>O que primeiro quixera salientar \u00e9 o proceso absolutamente democr\u00e1tico da nosa organizaci\u00f3n \u00e1 hora de escoller as candidaturas. No BNG non hai dedazos nin nada que se lle pareza. Foi a nosa militancia no seu conxunto a que tomou a decisi\u00f3n de honrarme coa s\u00faa confianza para encabezar un proxecto que \u00e9 colectivo.<\/p><\/blockquote>\n\n\n\n<p><strong>Esta xa \u00e9 a segunda vez que encabezas a candidatura dos nacionalistas vigueses, de feito levas 4 anos sendo o \u00fanico concelleiro do BNG , nunha corporaci\u00f3n cuxa forza de goberno ten unha maior\u00eda absoluta abafadora( 20 de 27).Imaxino que estes catro anos non foron nada doados para ti?<\/strong><\/p>\n\n\n\n<blockquote class=\"wp-block-quote is-layout-flow wp-block-quote-is-layout-flow\"><p>Con toda a humildade, pero tam\u00e9n con firmeza, creo que podo dicir que neste mandato BNG est\u00e1 a ser unha referencia pol\u00edtica en Vigo, moi por encima do noso peso aritm\u00e9tico no Concello , fronte a esa maior\u00eda absolut\u00edsima que se amosou absolutamente in\u00fatil \u00e1 hora de atender as necesidades reais das viguesas e dos vigueses. N\u00f3s fomos capaces de situarnos como unha alternativa en positivo con propostas diante de cada unha das necesidades reais da veci\u00f1anza.<\/p><\/blockquote>\n\n\n\n<p><strong>Por que esa maior\u00eda enorme que ten Abel Caballero \u00e9, ao teu xu\u00edzo, in\u00fatil para atender as necesidades reais das e dos vigueses?, e por que , ao teu xu\u00edzo, o BNG amosouse como unha alternativa realista?<\/strong><\/p>\n\n\n\n<blockquote class=\"wp-block-quote is-layout-flow wp-block-quote-is-layout-flow\"><p>En relaci\u00f3n \u00e1 primeira pregunta un dato: No exercicio 2021 o goberno de Abel Caballero deixou sen gastar 120 mill\u00f3ns de \u20ac do seu orzamento .\u00c9 dicir catro de cada 10\u20ac do orzamento non se gastan co que catro de cada 10 necesidades reais non se cobren. A inmensa maior\u00eda dos anuncios e promesas de Abel Caballero quedan niso, en promesas e anuncios.<\/p><\/blockquote>\n\n\n\n<blockquote class=\"wp-block-quote is-layout-flow wp-block-quote-is-layout-flow\"><p>E no que respecta \u00e1 segunda pregunta outro dato: Case 700 propostas e alternativas concretas que no que vai de mandato o BNG puxo enriba da mesa. Non houbo un s\u00f3 problema nin necesidade da cidade que non merecera dunha proposta en positivo por parte do BNG.<\/p><\/blockquote>\n\n\n\n<p><strong>Cantas desas case 700 propostas que achegou a vosa formaci\u00f3n pol\u00edtica foron atendidas polo goberno municipal?<\/strong><\/p>\n\n\n\n<blockquote class=\"wp-block-quote is-layout-flow wp-block-quote-is-layout-flow\"><p>Practicamente ningunha.<\/p><\/blockquote>\n\n\n\n<p><strong>Cales foron as principais li\u00f1as de actuaci\u00f3n pol\u00edtica que estades a desenvolver neste mandato?<\/strong><\/p>\n\n\n\n<blockquote class=\"wp-block-quote is-layout-flow wp-block-quote-is-layout-flow\"><p>N\u00f3s quixemos p\u00f3r as necesidades reais dos barrios e parroquias no centro da acci\u00f3n pol\u00edtica. E con toda modestia creo que contribu\u00edmos a que iso fose as\u00ed. As\u00ed o tratamos de facer durante a pandemia, e as\u00ed o estamos intentando neste escenario de agravamento brutal da crise. Temos unha cidade con preto de 20.000 persoas desempregadas, con 10.000 postos de traballo menos dos que hab\u00eda no ano 2009, e temos unha cidade cuxos sectores industriais atravesan unha etapa enormemente preocupante.<\/p><\/blockquote>\n\n\n\n<blockquote class=\"wp-block-quote is-layout-flow wp-block-quote-is-layout-flow\"><p>N\u00f3s \u00faltimos meses no BNG estivemos a facer grandes esforzos que permitan po\u00f1er ao Concello como un enorme parapeto social nunha cidade que segue tendo filas de fame.<\/p><\/blockquote>\n\n\n\n<p><strong>Hai vigueses e viguesas que pasan fame e as s\u00faas necesidades non son atendidas adecuadamente polos servizos sociais do Concello?<\/strong><\/p>\n\n\n\n<blockquote class=\"wp-block-quote is-layout-flow wp-block-quote-is-layout-flow\"><p>Si, hai moitas familias. V\u00e9molo na realidade material que viven as entidades que prestan servizos de axuda alimentar que por desgraza te\u00f1en que atender cada vez a m\u00e1is persoas. E neste contexto estase dando unha situaci\u00f3n in\u00e9dita: hai asalariados e asalariadas que te\u00f1en que acudir a un comedor social porque os seus soldos non lles alcanza para atender as s\u00faas necesidades m\u00e1is b\u00e1sicas.<\/p><\/blockquote>\n\n\n\n<blockquote class=\"wp-block-quote is-layout-flow wp-block-quote-is-layout-flow\"><p>Estamos nunha cidade onde o \u00edndice de pobreza e exclusi\u00f3n social atinxe a 60.000 persoas. E este \u00e9 un dato oficial, a fonte \u00e9 o \u00edndice AROPE. \u00c9 dicir ; na nosa cidade unha de cada cinco persoas das que cada d\u00eda nos cruzamos no ascensor, na r\u00faa , no mercado , nos parques \u00e9 pobre ou est\u00e1 en risco de selo.<\/p><\/blockquote>\n\n\n\n<p><strong>Antes falabas da situaci\u00f3n de enorme gravidade que atravesa o tecido industrial da nosa cidade. Vaiamos por partes: O sector naval vigu\u00e9s est\u00e1 morto?<\/strong><\/p>\n\n\n\n<blockquote class=\"wp-block-quote is-layout-flow wp-block-quote-is-layout-flow\"><p>Corre o risco real de desaparecer tal como o co\u00f1ecemos.<\/p><\/blockquote>\n\n\n\n<p><strong>\u00c9 inevitable?<\/strong><\/p>\n\n\n\n<blockquote class=\"wp-block-quote is-layout-flow wp-block-quote-is-layout-flow\"><p>Non , pero fai falta que as administraci\u00f3ns p\u00fablicas implicadas superen o seu intolerable desleixo ante a morte que est\u00e1 a sufrir un sector,a construci\u00f3n e reparaci\u00f3n naval, no que fomos potencia mundial.<\/p><\/blockquote>\n\n\n\n<p><strong>O goberno municipal exerce a s\u00faa responsabilidade que debe de ser estar enriba constantemente das administraci\u00f3ns auton\u00f3mica e estatal para que se impliquen dunha vez de maneira clara e sen matices na salvaci\u00f3n dun sector , o naval, sen o que non se pode entender Vigo?<\/strong><\/p>\n\n\n\n<blockquote class=\"wp-block-quote is-layout-flow wp-block-quote-is-layout-flow\"><p>Por desgraza non. Todo o contrario, parece encantado de promover este proceso de terciarizaci\u00f3n da cidade. O futuro de Vigo non pasa polo mono cultivo nin das luces de Nadal nin do Xacobeo, sen\u00f3n por desenvolver todas as nosas potencialidades para volver ser o pulm\u00f3n industrial de Galiza.<\/p><\/blockquote>\n\n\n\n<p><strong>E a situaci\u00f3n do sector do autom\u00f3bil?<\/strong><\/p>\n\n\n\n<blockquote class=\"wp-block-quote is-layout-flow wp-block-quote-is-layout-flow\"><p>Tam\u00e9n \u00e9 complicada tanto por factores externos que todos co\u00f1ecemos como por problemas propios. Hoxe a produci\u00f3n de STELLANTIS ( a antiga PSA)ven sendo m\u00e1is ou menos a mesma que nos anos 2007\/2008 pero naquel momento hab\u00eda 10.000 persoas traballando na factor\u00eda de Bala\u00eddos e hoxe non chegan a 6.000, moitos con contratos a tempo parcial. No sector do autom\u00f3bil o aumento da precariedade \u00e9 en verdade alarmante e o risco de deslocalizaci\u00f3n est\u00e1 moi presente, tanto \u00e9 as\u00ed que desde o ano 2008 non se instalou nin unha soa empresa nova do sector na nosa comarca. E si o fixeron do outro lado da raia<\/p><\/blockquote>\n\n\n\n<p><strong>Na parroquia de Beade hai un importante movemento de oposici\u00f3n veci\u00f1al \u00e1 nova v\u00eda que de executarse afectar\u00eda gravemente a Beade, Bembrive e Matam\u00e1. Cal \u00e9 a posici\u00f3n do BNG ao respecto?<\/strong><\/p>\n\n\n\n<blockquote class=\"wp-block-quote is-layout-flow wp-block-quote-is-layout-flow\"><p>\u00c9 a chamada da PO 010 que de executarse afectar\u00eda moi gravemente a varias parroquias do rural vigu\u00e9s. Se cadra \u00e9 o principal s\u00edntoma dun plan xeral de ordenaci\u00f3n municipal desastroso elaborado na escuridade dos despachos sen ter o m\u00e1s m\u00ednimo di\u00e1logo con ningu\u00e9n. Esta v\u00eda ter\u00eda uns efectos ambientais, veci\u00f1ais e sociais tremendos.<\/p><\/blockquote>\n\n\n\n<blockquote class=\"wp-block-quote is-layout-flow wp-block-quote-is-layout-flow\"><p>Sobre a PO 010 o que di o plan xeral e que se tratar\u00eda dunha v\u00eda de servizo para a planta de Stellantis ligada a unha eventual ampliaci\u00f3n do pol\u00edgono de Bala\u00eddos. Unha ampliaci\u00f3n que desde o BNG entendemos que non \u00e9 sost\u00edbel. O goberno de Abel Caballero non quere mover nin unha soa coma dun plan xeral que non est\u00e1 \u00e1 altura das necesidades da cidade.<\/p><\/blockquote>\n\n\n\n<p><strong>Como valoras a pol\u00edtica municipal en relaci\u00f3n ao idioma galego?<\/strong><\/p>\n\n\n\n<blockquote class=\"wp-block-quote is-layout-flow wp-block-quote-is-layout-flow\"><p>\u00c9 unha pol\u00edtica de indisimulada galego fobia, matan ao idioma non por confrontaci\u00f3n sen\u00f3n por inanici\u00f3n,Temos un alcalde que vulnera reiteradamente a ordenanza municipal aprobada por unanimidade que di que o galego \u00e9 a lingua vehicular do noso concello.<\/p><\/blockquote>\n\n\n\n<p><strong>O BNG \u00e9 unha formaci\u00f3n pol\u00edtica que sempre se caracterizou por facerdes un intenso traballo de r\u00faa. Cando percorredes as r\u00faas, cami\u00f1os e corredoiras de Vigo que sensaci\u00f3ns percibides?<\/strong><\/p>\n\n\n\n<blockquote class=\"wp-block-quote is-layout-flow wp-block-quote-is-layout-flow\"><p>O que vemos \u00e9 que hai unha crecente onda de simpat\u00eda cara ao BNG e sobre todo, o percibimos \u00e9 que en Vigo hai fame dunha alternativa en positivo que impulse \u00e1 cidade.<\/p><\/blockquote>\n\n\n\n<p><strong>A t\u00faa responsabilidade, ser o cabeza de lista do nacionalismo galego na maior cidade de Galicia cunha situaci\u00f3n aritm\u00e9tica tan esmagadora como ten Abel Caballero, non \u00e9 nada f\u00e1cil. Como est\u00e1s de \u00e1nimos e moral?<\/strong><\/p>\n\n\n\n<blockquote class=\"wp-block-quote is-layout-flow wp-block-quote-is-layout-flow\"><p>O leitmotiv que inspira toda a mi\u00f1a vida pol\u00edtica \u00e9 o mesmo desde hai moitos anos: fronte a unha realidade que non non guste temos a opci\u00f3n de instalarnos na resignaci\u00f3n e ou na indignaci\u00f3n e non facer nada para mudala, ou que as persoas cunha visi\u00f3n pol\u00edtica semellante nos organicemos para dar pasos e tratar de cambiar as cousas. Eu estou na segunda opci\u00f3n , desde logo. Asi comecei hai moitos anos no movemento veci\u00f1al e a\u00ed sigo estando. Estou moi ben, moi honrado pola confianza que en min deposita a militancia do BNG , e con moita ilusi\u00f3n e responsabilidade por irmos dando pasos para que o nacionalismo ocupe en Vigo o lugar que lle corresponde.<\/p><\/blockquote>\n\n\n\n<p><strong>As expectativas realistas para o 2023?<\/strong><\/p>\n\n\n\n<blockquote class=\"wp-block-quote is-layout-flow wp-block-quote-is-layout-flow\"><p>Estou convencido de que imos dar un salto substancial. O BNG vai volver ser unha forza determinante na pol\u00edtica municipal<\/p><\/blockquote>\n","protected":false},"excerpt":{"rendered":"<div class=\"mh-excerpt\"><p>\u00c1 pol\u00edtica pode chegarse por moitas raz\u00f3ns. As\u00ed, hai xente que ven porque busca un medio de vida, hainas tam\u00e9n que se achegan \u00e1 pr\u00e1ctica pol\u00edtica para satisfacer as s\u00faas m\u00e1is escuras pulsi\u00f3ns de narcisismo e notoriedade <a class=\"mh-excerpt-more\" href=\"https:\/\/www.anovapeneira.gal\/index.php\/2022\/10\/19\/xabier-perez-igrexas-candidato-a-alcaldia-de-vigo-polo-bng\/\" title=\"Xabier P\u00e9rez Igrexas candidato \u00e1 alcald\u00eda de Vigo polo BNG\">[&#8230;]<\/a><\/p>\n<\/div>","protected":false},"author":2,"featured_media":8384,"comment_status":"open","ping_status":"open","sticky":false,"template":"","format":"standard","meta":{"_exactmetrics_skip_tracking":false,"_exactmetrics_sitenote_active":false,"_exactmetrics_sitenote_note":"","_exactmetrics_sitenote_category":0,"footnotes":""},"categories":[272],"tags":[227],"class_list":{"0":"post-8382","1":"post","2":"type-post","3":"status-publish","4":"format-standard","5":"has-post-thumbnail","7":"category-vigo-entrevistas","8":"tag-concello-de-vigo"},"yoast_head":"<!-- This site is optimized with the Yoast SEO plugin v27.4 - https:\/\/yoast.com\/product\/yoast-seo-wordpress\/ -->\n<title>Xabier P\u00e9rez Igrexas candidato \u00e1 alcald\u00eda de Vigo polo BNG -<\/title>\n<meta name=\"description\" content=\"\u00c1 pol\u00edtica pode chegarse por moitas raz\u00f3ns. As\u00ed, hai xente que ven porque busca un medio de vida, hainas tam\u00e9n que se achegan \u00e1 pr\u00e1ctica pol\u00edtica para satisfacer as s\u00faas m\u00e1is escuras pulsi\u00f3ns de narcisismo e notoriedade\" \/>\n<meta name=\"robots\" content=\"index, follow, max-snippet:-1, max-image-preview:large, max-video-preview:-1\" \/>\n<link rel=\"canonical\" href=\"https:\/\/www.anovapeneira.gal\/index.php\/2022\/10\/19\/xabier-perez-igrexas-candidato-a-alcaldia-de-vigo-polo-bng\/\" \/>\n<meta property=\"og:locale\" content=\"gl_ES\" \/>\n<meta property=\"og:type\" content=\"article\" \/>\n<meta property=\"og:title\" content=\"Xabier P\u00e9rez Igrexas candidato \u00e1 alcald\u00eda de Vigo polo BNG -\" \/>\n<meta property=\"og:description\" content=\"\u00c1 pol\u00edtica pode chegarse por moitas raz\u00f3ns. As\u00ed, hai xente que ven porque busca un medio de vida, hainas tam\u00e9n que se achegan \u00e1 pr\u00e1ctica pol\u00edtica para satisfacer as s\u00faas m\u00e1is escuras pulsi\u00f3ns de narcisismo e notoriedade\" \/>\n<meta property=\"og:url\" content=\"https:\/\/www.anovapeneira.gal\/index.php\/2022\/10\/19\/xabier-perez-igrexas-candidato-a-alcaldia-de-vigo-polo-bng\/\" \/>\n<meta property=\"article:publisher\" content=\"https:\/\/www.facebook.com\/anovapeneira\" \/>\n<meta property=\"article:published_time\" content=\"2022-10-19T08:00:03+00:00\" \/>\n<meta property=\"og:image\" content=\"https:\/\/www.anovapeneira.gal\/wp-content\/uploads\/2022\/10\/xabier_perez_igrexas.png\" \/>\n\t<meta property=\"og:image:width\" content=\"720\" \/>\n\t<meta property=\"og:image:height\" content=\"432\" \/>\n\t<meta property=\"og:image:type\" content=\"image\/png\" \/>\n<meta name=\"author\" content=\"Tino Lago\" \/>\n<meta name=\"twitter:card\" content=\"summary_large_image\" \/>\n<meta name=\"twitter:creator\" content=\"@APeneira\" \/>\n<meta name=\"twitter:site\" content=\"@APeneira\" \/>\n<meta name=\"twitter:label1\" content=\"Escrito por\" \/>\n\t<meta name=\"twitter:data1\" content=\"Tino Lago\" \/>\n\t<meta name=\"twitter:label2\" content=\"Tempo de lectura\" \/>\n\t<meta name=\"twitter:data2\" content=\"9 minutos\" \/>\n<script type=\"application\/ld+json\" class=\"yoast-schema-graph\">{\"@context\":\"https:\\\/\\\/schema.org\",\"@graph\":[{\"@type\":\"Article\",\"@id\":\"https:\\\/\\\/www.anovapeneira.gal\\\/index.php\\\/2022\\\/10\\\/19\\\/xabier-perez-igrexas-candidato-a-alcaldia-de-vigo-polo-bng\\\/#article\",\"isPartOf\":{\"@id\":\"https:\\\/\\\/www.anovapeneira.gal\\\/index.php\\\/2022\\\/10\\\/19\\\/xabier-perez-igrexas-candidato-a-alcaldia-de-vigo-polo-bng\\\/\"},\"author\":{\"name\":\"Tino Lago\",\"@id\":\"https:\\\/\\\/www.anovapeneira.gal\\\/#\\\/schema\\\/person\\\/424dfe65e3070fd8a44d22d2c088762a\"},\"headline\":\"Xabier P\u00e9rez Igrexas candidato \u00e1 alcald\u00eda de Vigo polo BNG\",\"datePublished\":\"2022-10-19T08:00:03+00:00\",\"mainEntityOfPage\":{\"@id\":\"https:\\\/\\\/www.anovapeneira.gal\\\/index.php\\\/2022\\\/10\\\/19\\\/xabier-perez-igrexas-candidato-a-alcaldia-de-vigo-polo-bng\\\/\"},\"wordCount\":1626,\"commentCount\":0,\"publisher\":{\"@id\":\"https:\\\/\\\/www.anovapeneira.gal\\\/#organization\"},\"image\":{\"@id\":\"https:\\\/\\\/www.anovapeneira.gal\\\/index.php\\\/2022\\\/10\\\/19\\\/xabier-perez-igrexas-candidato-a-alcaldia-de-vigo-polo-bng\\\/#primaryimage\"},\"thumbnailUrl\":\"https:\\\/\\\/www.anovapeneira.gal\\\/wp-content\\\/uploads\\\/2022\\\/10\\\/xabier_perez_igrexas.png\",\"keywords\":[\"Concello de Vigo\"],\"articleSection\":[\"Vigo\"],\"inLanguage\":\"gl-ES\",\"potentialAction\":[{\"@type\":\"CommentAction\",\"name\":\"Comment\",\"target\":[\"https:\\\/\\\/www.anovapeneira.gal\\\/index.php\\\/2022\\\/10\\\/19\\\/xabier-perez-igrexas-candidato-a-alcaldia-de-vigo-polo-bng\\\/#respond\"]}]},{\"@type\":\"WebPage\",\"@id\":\"https:\\\/\\\/www.anovapeneira.gal\\\/index.php\\\/2022\\\/10\\\/19\\\/xabier-perez-igrexas-candidato-a-alcaldia-de-vigo-polo-bng\\\/\",\"url\":\"https:\\\/\\\/www.anovapeneira.gal\\\/index.php\\\/2022\\\/10\\\/19\\\/xabier-perez-igrexas-candidato-a-alcaldia-de-vigo-polo-bng\\\/\",\"name\":\"Xabier P\u00e9rez Igrexas candidato \u00e1 alcald\u00eda de Vigo polo BNG -\",\"isPartOf\":{\"@id\":\"https:\\\/\\\/www.anovapeneira.gal\\\/#website\"},\"primaryImageOfPage\":{\"@id\":\"https:\\\/\\\/www.anovapeneira.gal\\\/index.php\\\/2022\\\/10\\\/19\\\/xabier-perez-igrexas-candidato-a-alcaldia-de-vigo-polo-bng\\\/#primaryimage\"},\"image\":{\"@id\":\"https:\\\/\\\/www.anovapeneira.gal\\\/index.php\\\/2022\\\/10\\\/19\\\/xabier-perez-igrexas-candidato-a-alcaldia-de-vigo-polo-bng\\\/#primaryimage\"},\"thumbnailUrl\":\"https:\\\/\\\/www.anovapeneira.gal\\\/wp-content\\\/uploads\\\/2022\\\/10\\\/xabier_perez_igrexas.png\",\"datePublished\":\"2022-10-19T08:00:03+00:00\",\"description\":\"\u00c1 pol\u00edtica pode chegarse por moitas raz\u00f3ns. As\u00ed, hai xente que ven porque busca un medio de vida, hainas tam\u00e9n que se achegan \u00e1 pr\u00e1ctica pol\u00edtica para satisfacer as s\u00faas m\u00e1is escuras pulsi\u00f3ns de narcisismo e notoriedade\",\"breadcrumb\":{\"@id\":\"https:\\\/\\\/www.anovapeneira.gal\\\/index.php\\\/2022\\\/10\\\/19\\\/xabier-perez-igrexas-candidato-a-alcaldia-de-vigo-polo-bng\\\/#breadcrumb\"},\"inLanguage\":\"gl-ES\",\"potentialAction\":[{\"@type\":\"ReadAction\",\"target\":[\"https:\\\/\\\/www.anovapeneira.gal\\\/index.php\\\/2022\\\/10\\\/19\\\/xabier-perez-igrexas-candidato-a-alcaldia-de-vigo-polo-bng\\\/\"]}]},{\"@type\":\"ImageObject\",\"inLanguage\":\"gl-ES\",\"@id\":\"https:\\\/\\\/www.anovapeneira.gal\\\/index.php\\\/2022\\\/10\\\/19\\\/xabier-perez-igrexas-candidato-a-alcaldia-de-vigo-polo-bng\\\/#primaryimage\",\"url\":\"https:\\\/\\\/www.anovapeneira.gal\\\/wp-content\\\/uploads\\\/2022\\\/10\\\/xabier_perez_igrexas.png\",\"contentUrl\":\"https:\\\/\\\/www.anovapeneira.gal\\\/wp-content\\\/uploads\\\/2022\\\/10\\\/xabier_perez_igrexas.png\",\"width\":720,\"height\":432,\"caption\":\"Xabier P\u00e9rez Igrexas\"},{\"@type\":\"BreadcrumbList\",\"@id\":\"https:\\\/\\\/www.anovapeneira.gal\\\/index.php\\\/2022\\\/10\\\/19\\\/xabier-perez-igrexas-candidato-a-alcaldia-de-vigo-polo-bng\\\/#breadcrumb\",\"itemListElement\":[{\"@type\":\"ListItem\",\"position\":1,\"name\":\"Portada\",\"item\":\"https:\\\/\\\/www.anovapeneira.gal\\\/\"},{\"@type\":\"ListItem\",\"position\":2,\"name\":\"Xabier P\u00e9rez Igrexas candidato \u00e1 alcald\u00eda de Vigo polo BNG\"}]},{\"@type\":\"WebSite\",\"@id\":\"https:\\\/\\\/www.anovapeneira.gal\\\/#website\",\"url\":\"https:\\\/\\\/www.anovapeneira.gal\\\/\",\"name\":\"\",\"description\":\"Xornal galego de informaci\u00f3n xeral Publicaci\u00f3n mensual de novas de Galicia e en especial dos Concellos da sur da provincia de Pontevedra.\",\"publisher\":{\"@id\":\"https:\\\/\\\/www.anovapeneira.gal\\\/#organization\"},\"potentialAction\":[{\"@type\":\"SearchAction\",\"target\":{\"@type\":\"EntryPoint\",\"urlTemplate\":\"https:\\\/\\\/www.anovapeneira.gal\\\/?s={search_term_string}\"},\"query-input\":{\"@type\":\"PropertyValueSpecification\",\"valueRequired\":true,\"valueName\":\"search_term_string\"}}],\"inLanguage\":\"gl-ES\"},{\"@type\":\"Organization\",\"@id\":\"https:\\\/\\\/www.anovapeneira.gal\\\/#organization\",\"name\":\"A Nova Peneira\",\"url\":\"https:\\\/\\\/www.anovapeneira.gal\\\/\",\"logo\":{\"@type\":\"ImageObject\",\"inLanguage\":\"gl-ES\",\"@id\":\"https:\\\/\\\/www.anovapeneira.gal\\\/#\\\/schema\\\/logo\\\/image\\\/\",\"url\":\"http:\\\/\\\/www.anovapeneira.gal\\\/wp-content\\\/uploads\\\/2019\\\/06\\\/logo_a_nova_peneira_portal_web.png\",\"contentUrl\":\"http:\\\/\\\/www.anovapeneira.gal\\\/wp-content\\\/uploads\\\/2019\\\/06\\\/logo_a_nova_peneira_portal_web.png\",\"width\":300,\"height\":100,\"caption\":\"A Nova Peneira\"},\"image\":{\"@id\":\"https:\\\/\\\/www.anovapeneira.gal\\\/#\\\/schema\\\/logo\\\/image\\\/\"},\"sameAs\":[\"https:\\\/\\\/www.facebook.com\\\/anovapeneira\",\"https:\\\/\\\/x.com\\\/APeneira\"]},{\"@type\":\"Person\",\"@id\":\"https:\\\/\\\/www.anovapeneira.gal\\\/#\\\/schema\\\/person\\\/424dfe65e3070fd8a44d22d2c088762a\",\"name\":\"Tino Lago\",\"image\":{\"@type\":\"ImageObject\",\"inLanguage\":\"gl-ES\",\"@id\":\"https:\\\/\\\/secure.gravatar.com\\\/avatar\\\/b3df6a06e44bab3111583b90f0f33a0379ee5e3d22cbadd232d39f21c30c62be?s=96&d=mm&r=g\",\"url\":\"https:\\\/\\\/secure.gravatar.com\\\/avatar\\\/b3df6a06e44bab3111583b90f0f33a0379ee5e3d22cbadd232d39f21c30c62be?s=96&d=mm&r=g\",\"contentUrl\":\"https:\\\/\\\/secure.gravatar.com\\\/avatar\\\/b3df6a06e44bab3111583b90f0f33a0379ee5e3d22cbadd232d39f21c30c62be?s=96&d=mm&r=g\",\"caption\":\"Tino Lago\"},\"sameAs\":[\"http:\\\/\\\/www.anovapeneira.gal\"],\"url\":\"https:\\\/\\\/www.anovapeneira.gal\\\/index.php\\\/author\\\/director\\\/\"}]}<\/script>\n<!-- \/ Yoast SEO plugin. -->","yoast_head_json":{"title":"Xabier P\u00e9rez Igrexas candidato \u00e1 alcald\u00eda de Vigo polo BNG -","description":"\u00c1 pol\u00edtica pode chegarse por moitas raz\u00f3ns. As\u00ed, hai xente que ven porque busca un medio de vida, hainas tam\u00e9n que se achegan \u00e1 pr\u00e1ctica pol\u00edtica para satisfacer as s\u00faas m\u00e1is escuras pulsi\u00f3ns de narcisismo e notoriedade","robots":{"index":"index","follow":"follow","max-snippet":"max-snippet:-1","max-image-preview":"max-image-preview:large","max-video-preview":"max-video-preview:-1"},"canonical":"https:\/\/www.anovapeneira.gal\/index.php\/2022\/10\/19\/xabier-perez-igrexas-candidato-a-alcaldia-de-vigo-polo-bng\/","og_locale":"gl_ES","og_type":"article","og_title":"Xabier P\u00e9rez Igrexas candidato \u00e1 alcald\u00eda de Vigo polo BNG -","og_description":"\u00c1 pol\u00edtica pode chegarse por moitas raz\u00f3ns. As\u00ed, hai xente que ven porque busca un medio de vida, hainas tam\u00e9n que se achegan \u00e1 pr\u00e1ctica pol\u00edtica para satisfacer as s\u00faas m\u00e1is escuras pulsi\u00f3ns de narcisismo e notoriedade","og_url":"https:\/\/www.anovapeneira.gal\/index.php\/2022\/10\/19\/xabier-perez-igrexas-candidato-a-alcaldia-de-vigo-polo-bng\/","article_publisher":"https:\/\/www.facebook.com\/anovapeneira","article_published_time":"2022-10-19T08:00:03+00:00","og_image":[{"width":720,"height":432,"url":"https:\/\/www.anovapeneira.gal\/wp-content\/uploads\/2022\/10\/xabier_perez_igrexas.png","type":"image\/png"}],"author":"Tino Lago","twitter_card":"summary_large_image","twitter_creator":"@APeneira","twitter_site":"@APeneira","twitter_misc":{"Escrito por":"Tino Lago","Tempo de lectura":"9 minutos"},"schema":{"@context":"https:\/\/schema.org","@graph":[{"@type":"Article","@id":"https:\/\/www.anovapeneira.gal\/index.php\/2022\/10\/19\/xabier-perez-igrexas-candidato-a-alcaldia-de-vigo-polo-bng\/#article","isPartOf":{"@id":"https:\/\/www.anovapeneira.gal\/index.php\/2022\/10\/19\/xabier-perez-igrexas-candidato-a-alcaldia-de-vigo-polo-bng\/"},"author":{"name":"Tino Lago","@id":"https:\/\/www.anovapeneira.gal\/#\/schema\/person\/424dfe65e3070fd8a44d22d2c088762a"},"headline":"Xabier P\u00e9rez Igrexas candidato \u00e1 alcald\u00eda de Vigo polo BNG","datePublished":"2022-10-19T08:00:03+00:00","mainEntityOfPage":{"@id":"https:\/\/www.anovapeneira.gal\/index.php\/2022\/10\/19\/xabier-perez-igrexas-candidato-a-alcaldia-de-vigo-polo-bng\/"},"wordCount":1626,"commentCount":0,"publisher":{"@id":"https:\/\/www.anovapeneira.gal\/#organization"},"image":{"@id":"https:\/\/www.anovapeneira.gal\/index.php\/2022\/10\/19\/xabier-perez-igrexas-candidato-a-alcaldia-de-vigo-polo-bng\/#primaryimage"},"thumbnailUrl":"https:\/\/www.anovapeneira.gal\/wp-content\/uploads\/2022\/10\/xabier_perez_igrexas.png","keywords":["Concello de Vigo"],"articleSection":["Vigo"],"inLanguage":"gl-ES","potentialAction":[{"@type":"CommentAction","name":"Comment","target":["https:\/\/www.anovapeneira.gal\/index.php\/2022\/10\/19\/xabier-perez-igrexas-candidato-a-alcaldia-de-vigo-polo-bng\/#respond"]}]},{"@type":"WebPage","@id":"https:\/\/www.anovapeneira.gal\/index.php\/2022\/10\/19\/xabier-perez-igrexas-candidato-a-alcaldia-de-vigo-polo-bng\/","url":"https:\/\/www.anovapeneira.gal\/index.php\/2022\/10\/19\/xabier-perez-igrexas-candidato-a-alcaldia-de-vigo-polo-bng\/","name":"Xabier P\u00e9rez Igrexas candidato \u00e1 alcald\u00eda de Vigo polo BNG -","isPartOf":{"@id":"https:\/\/www.anovapeneira.gal\/#website"},"primaryImageOfPage":{"@id":"https:\/\/www.anovapeneira.gal\/index.php\/2022\/10\/19\/xabier-perez-igrexas-candidato-a-alcaldia-de-vigo-polo-bng\/#primaryimage"},"image":{"@id":"https:\/\/www.anovapeneira.gal\/index.php\/2022\/10\/19\/xabier-perez-igrexas-candidato-a-alcaldia-de-vigo-polo-bng\/#primaryimage"},"thumbnailUrl":"https:\/\/www.anovapeneira.gal\/wp-content\/uploads\/2022\/10\/xabier_perez_igrexas.png","datePublished":"2022-10-19T08:00:03+00:00","description":"\u00c1 pol\u00edtica pode chegarse por moitas raz\u00f3ns. As\u00ed, hai xente que ven porque busca un medio de vida, hainas tam\u00e9n que se achegan \u00e1 pr\u00e1ctica pol\u00edtica para satisfacer as s\u00faas m\u00e1is escuras pulsi\u00f3ns de narcisismo e notoriedade","breadcrumb":{"@id":"https:\/\/www.anovapeneira.gal\/index.php\/2022\/10\/19\/xabier-perez-igrexas-candidato-a-alcaldia-de-vigo-polo-bng\/#breadcrumb"},"inLanguage":"gl-ES","potentialAction":[{"@type":"ReadAction","target":["https:\/\/www.anovapeneira.gal\/index.php\/2022\/10\/19\/xabier-perez-igrexas-candidato-a-alcaldia-de-vigo-polo-bng\/"]}]},{"@type":"ImageObject","inLanguage":"gl-ES","@id":"https:\/\/www.anovapeneira.gal\/index.php\/2022\/10\/19\/xabier-perez-igrexas-candidato-a-alcaldia-de-vigo-polo-bng\/#primaryimage","url":"https:\/\/www.anovapeneira.gal\/wp-content\/uploads\/2022\/10\/xabier_perez_igrexas.png","contentUrl":"https:\/\/www.anovapeneira.gal\/wp-content\/uploads\/2022\/10\/xabier_perez_igrexas.png","width":720,"height":432,"caption":"Xabier P\u00e9rez Igrexas"},{"@type":"BreadcrumbList","@id":"https:\/\/www.anovapeneira.gal\/index.php\/2022\/10\/19\/xabier-perez-igrexas-candidato-a-alcaldia-de-vigo-polo-bng\/#breadcrumb","itemListElement":[{"@type":"ListItem","position":1,"name":"Portada","item":"https:\/\/www.anovapeneira.gal\/"},{"@type":"ListItem","position":2,"name":"Xabier P\u00e9rez Igrexas candidato \u00e1 alcald\u00eda de Vigo polo BNG"}]},{"@type":"WebSite","@id":"https:\/\/www.anovapeneira.gal\/#website","url":"https:\/\/www.anovapeneira.gal\/","name":"","description":"Xornal galego de informaci\u00f3n xeral Publicaci\u00f3n mensual de novas de Galicia e en especial dos Concellos da sur da provincia de Pontevedra.","publisher":{"@id":"https:\/\/www.anovapeneira.gal\/#organization"},"potentialAction":[{"@type":"SearchAction","target":{"@type":"EntryPoint","urlTemplate":"https:\/\/www.anovapeneira.gal\/?s={search_term_string}"},"query-input":{"@type":"PropertyValueSpecification","valueRequired":true,"valueName":"search_term_string"}}],"inLanguage":"gl-ES"},{"@type":"Organization","@id":"https:\/\/www.anovapeneira.gal\/#organization","name":"A Nova Peneira","url":"https:\/\/www.anovapeneira.gal\/","logo":{"@type":"ImageObject","inLanguage":"gl-ES","@id":"https:\/\/www.anovapeneira.gal\/#\/schema\/logo\/image\/","url":"http:\/\/www.anovapeneira.gal\/wp-content\/uploads\/2019\/06\/logo_a_nova_peneira_portal_web.png","contentUrl":"http:\/\/www.anovapeneira.gal\/wp-content\/uploads\/2019\/06\/logo_a_nova_peneira_portal_web.png","width":300,"height":100,"caption":"A Nova Peneira"},"image":{"@id":"https:\/\/www.anovapeneira.gal\/#\/schema\/logo\/image\/"},"sameAs":["https:\/\/www.facebook.com\/anovapeneira","https:\/\/x.com\/APeneira"]},{"@type":"Person","@id":"https:\/\/www.anovapeneira.gal\/#\/schema\/person\/424dfe65e3070fd8a44d22d2c088762a","name":"Tino Lago","image":{"@type":"ImageObject","inLanguage":"gl-ES","@id":"https:\/\/secure.gravatar.com\/avatar\/b3df6a06e44bab3111583b90f0f33a0379ee5e3d22cbadd232d39f21c30c62be?s=96&d=mm&r=g","url":"https:\/\/secure.gravatar.com\/avatar\/b3df6a06e44bab3111583b90f0f33a0379ee5e3d22cbadd232d39f21c30c62be?s=96&d=mm&r=g","contentUrl":"https:\/\/secure.gravatar.com\/avatar\/b3df6a06e44bab3111583b90f0f33a0379ee5e3d22cbadd232d39f21c30c62be?s=96&d=mm&r=g","caption":"Tino Lago"},"sameAs":["http:\/\/www.anovapeneira.gal"],"url":"https:\/\/www.anovapeneira.gal\/index.php\/author\/director\/"}]}},"jetpack_featured_media_url":"https:\/\/www.anovapeneira.gal\/wp-content\/uploads\/2022\/10\/xabier_perez_igrexas.png","_links":{"self":[{"href":"https:\/\/www.anovapeneira.gal\/index.php\/wp-json\/wp\/v2\/posts\/8382","targetHints":{"allow":["GET"]}}],"collection":[{"href":"https:\/\/www.anovapeneira.gal\/index.php\/wp-json\/wp\/v2\/posts"}],"about":[{"href":"https:\/\/www.anovapeneira.gal\/index.php\/wp-json\/wp\/v2\/types\/post"}],"author":[{"embeddable":true,"href":"https:\/\/www.anovapeneira.gal\/index.php\/wp-json\/wp\/v2\/users\/2"}],"replies":[{"embeddable":true,"href":"https:\/\/www.anovapeneira.gal\/index.php\/wp-json\/wp\/v2\/comments?post=8382"}],"version-history":[{"count":1,"href":"https:\/\/www.anovapeneira.gal\/index.php\/wp-json\/wp\/v2\/posts\/8382\/revisions"}],"predecessor-version":[{"id":8383,"href":"https:\/\/www.anovapeneira.gal\/index.php\/wp-json\/wp\/v2\/posts\/8382\/revisions\/8383"}],"wp:featuredmedia":[{"embeddable":true,"href":"https:\/\/www.anovapeneira.gal\/index.php\/wp-json\/wp\/v2\/media\/8384"}],"wp:attachment":[{"href":"https:\/\/www.anovapeneira.gal\/index.php\/wp-json\/wp\/v2\/media?parent=8382"}],"wp:term":[{"taxonomy":"category","embeddable":true,"href":"https:\/\/www.anovapeneira.gal\/index.php\/wp-json\/wp\/v2\/categories?post=8382"},{"taxonomy":"post_tag","embeddable":true,"href":"https:\/\/www.anovapeneira.gal\/index.php\/wp-json\/wp\/v2\/tags?post=8382"}],"curies":[{"name":"wp","href":"https:\/\/api.w.org\/{rel}","templated":true}]}}