{"id":8385,"date":"2022-10-19T12:00:10","date_gmt":"2022-10-19T10:00:10","guid":{"rendered":"https:\/\/www.anovapeneira.gal\/?p=8385"},"modified":"2022-10-16T17:26:30","modified_gmt":"2022-10-16T15:26:30","slug":"a-fiscalia-investiga-a-xunta-pola-vaga-de-lumes-deste-veran","status":"publish","type":"post","link":"https:\/\/www.anovapeneira.gal\/index.php\/2022\/10\/19\/a-fiscalia-investiga-a-xunta-pola-vaga-de-lumes-deste-veran\/","title":{"rendered":"A Fiscal\u00eda investiga \u00e1 Xunta pola vaga de lumes deste ver\u00e1n"},"content":{"rendered":"\n<p>A Fiscal\u00eda iniciou dilixencias en base \u00e1 denuncia presentada en agosto polas entidades que integran a plataforma \u201cPor un Monte Galego con Futuro\u201d na que se sinalaba a Xunta como respons\u00e1bel por inacci\u00f3n do alcance do desastre ambiental causado pola vaga de lumes.<\/p>\n\n\n\n<p>A Fiscal\u00eda v\u00e9n de remitir resposta \u00e1s denuncias presentadas polas diversas entidades que conforman \u201cPor un Monte galego con Futuro\u201d informando que incoar\u00e1 dilixencias coa fin de determinar a pos\u00edbel comisi\u00f3n dun delito contra o medio ambiente dos artigos 325 e 326 do C\u00f3digo Penal, relativo \u00e1 protecci\u00f3n da flora.<\/p>\n\n\n\n<p>A Fiscal\u00eda lembra que, en co\u00f1ecemento dun \u201cfeito aparentemente delitivo, ben directamente ou por ser representada unha denuncia ou atestado, practicar\u00e1 o mesmo ou ordenar\u00e1 \u00e1 polic\u00eda xudicial que practique as dilixencias que estime pertinentes para a comprobaci\u00f3n do feito ou da responsabilidade dos part\u00edcipes no mesmo\u201d, como as\u00ed confirma que decidiu.<\/p>\n\n\n\n<p>As entidades da plataforma Por un Monte Galego con Futuro denunciaban o desleixo do goberno da Xunta de Galiza ante a vaga de lumes que nos meses de xullo e agosto produciran graves efectos nos montes e ecosistemas de m\u00e1is valor de Galiza.<\/p>\n\n\n\n<p>Na s\u00faa denuncia sinalaban expresamente \u00e1 consellar\u00eda de Medio Rural pola s\u00faa inacci\u00f3n perante uns lumes que arrasaron ecosistemas de gran valor como o Parque Natural do Invernadoiro e Macizo Central ourens\u00e1n, Serra do Courel, bisbarra de Valdeorras, Val de Monterrei, Montes da Ca\u00f1iza, Montes da bisbarra do Ribeiro ou o Arenteiro, entre outros. E apuntaban que o dano producido polos incendios forestais, coa calcinaci\u00f3n de miles de hect\u00e1reas de montes e destruci\u00f3n de ecosistemas, agravouse debido a que a maior\u00eda dos traballos de prevenci\u00f3n de incendios previstos para o ano 2022 est\u00e1n sen facer a d\u00eda de hoxe.<\/p>\n\n\n\n<p>Xunto a isto denunciaban que s\u00f3 se executara, \u00e1 altura do mes de agosto, parte do Plan de prevenci\u00f3n de incendios forestais presentado o 5 de maio de 2022 polo ent\u00f3n Presidente da Xunta de Galiza don Alberto N\u00fa\u00f1ez Feijoo, cun orzamento de m\u00e1is de 180 mill\u00f3ns de euros que, entre outras partidas, ti\u00f1a previsto un investimento de 33 mill\u00f3ns de euros para prevenci\u00f3n e intervir en 58.000 hect\u00e1reas de montes, 58.000 quil\u00f3metros de pistas\u2026<\/p>\n\n\n\n<p>Menor repercusi\u00f3n de se ter activado o \u201cm\u00e1ximo risco\u201d<\/p>\n\n\n\n<p>Para a plataforma \u201cPor un Monte Galego con Futuro\u201d o alcance e repercusi\u00f3n dos incendios forestais ter\u00eda sido moito menor de activarse todo o operativo de &#8220;Tempada de M\u00e1ximo Risco de Incendios&#8221; tal e como estabelec\u00eda o PLADIGA 2022 e deb\u00edanse ter adoptado, ademais, as medidas complementarias estabelecidas nos protocolos de Protecci\u00f3n Civil tanto da comunidade aut\u00f3noma como do Estado espa\u00f1ol.<\/p>\n\n\n\n<p>A plataforma afirmaba tam\u00e9n, no escrito dirixido \u00e1 Fiscal\u00eda, que \u201cos indicadores diarios de incendios forestais permit\u00edan vaticinar que, en caso de focos iniciais de incendio forestal, estes pod\u00edan converterse con facilidade en Grandes Incendios Forestais, como as\u00ed lamentabelmente pasou a partires do 14 de xullo\u201d,e que \u201cproducidos os primeiros focos iniciais, non se actuou en tempo e forma cos medios suficientes coa fin de intentar controlar a s\u00faa expansi\u00f3n e minimizar os efectos dos lumes tanto nos ecosistemas como os danos econ\u00f3micos e sociais que se pod\u00edan producir\u201d.<\/p>\n\n\n\n<p>\u2018Por un Monte Galego con Futuro\u2019 chamaba tam\u00e9n a atenci\u00f3n sobre a \u201cdram\u00e1tica\u201d situaci\u00f3n vivida en aldeas e poboaci\u00f3ns, con varias casas calcinadas por uns incendios forestais incontrolados pola falla de medios, nomeadamente entre o 14 e o 27 de xullo. E recalcaban que o operativo para extinguir os incendios estivo desbordado desde o principio pola falla de medios t\u00e9cnicos, materiais e humanos.<\/p>\n\n\n\n<p>Grao de mobilizaci\u00f3n do operativo insuficiente<\/p>\n\n\n\n<p>Outra das consideraci\u00f3ns que aportaron na s\u00faa denuncia foi que o grao de mobilizaci\u00f3n do operativo de prevenci\u00f3n e extinci\u00f3n de incendios foi equipar\u00e1bel ao que se activa durante unha precampa\u00f1a nos meses de marzo, abril, maio, xu\u00f1o. \u201cMentres, montes enteiros ardendo, os espazos naturais de m\u00e1is valor de Galiza calcin\u00e1ndose e aldeas afectadas con casas queimadas\u201d.<\/p>\n\n\n\n<p>Canda isto, recoll\u00edan datos como as preto de 40.000 ha. calcinadas no mes de xullo, con mill\u00f3ns de animais atrapados e mortos polo avance das lapas, sen que houbera un protocolo de actuaci\u00f3n para minimizar os efectos dos incendios sobre a fauna ou para recoller os animais feridos e tratar de curalos nos centros de recuperaci\u00f3n de fauna salvaxe xestionados pola Conseller\u00eda de Medio Ambiente.<\/p>\n\n\n\n<p>\u201cFallou a prevenci\u00f3n e logo producidos os primeiros focos iniciais, non se actuou en tempo e forma cos medios suficientes co fin de intentar controlar a s\u00faa expansi\u00f3n e minimizar os efectos dos lumes tanto nos ecosistemas como os danos econ\u00f3micos e sociais\u201d \u2013 subli\u00f1a Xos\u00e9 Santos voceiro da Plataforma Por un Monte Galego con Futuro \u2013 \u201cAdemais, o desleixo da Xunta \u00e9 tan grande que a\u00ednda non se tomou ningunha medida para reducir o dano causado como a retirada das cinzas para que non contaminen as augas ou a recuperaci\u00f3n da avifauna\u201d.<\/p>\n","protected":false},"excerpt":{"rendered":"<div class=\"mh-excerpt\"><p>A Fiscal\u00eda iniciou dilixencias en base \u00e1 denuncia presentada en agosto polas entidades que integran a plataforma \u201cPor un Monte Galego con Futuro\u201d na que se sinalaba a Xunta como respons\u00e1bel por inacci\u00f3n do alcance do desastre ambiental causado pola vaga de lumes <a class=\"mh-excerpt-more\" href=\"https:\/\/www.anovapeneira.gal\/index.php\/2022\/10\/19\/a-fiscalia-investiga-a-xunta-pola-vaga-de-lumes-deste-veran\/\" title=\"A Fiscal\u00eda investiga \u00e1 Xunta pola vaga de lumes deste ver\u00e1n\">[&#8230;]<\/a><\/p>\n<\/div>","protected":false},"author":3,"featured_media":2572,"comment_status":"open","ping_status":"open","sticky":false,"template":"","format":"standard","meta":{"_exactmetrics_skip_tracking":false,"_exactmetrics_sitenote_active":false,"_exactmetrics_sitenote_note":"","_exactmetrics_sitenote_category":0,"footnotes":""},"categories":[263],"tags":[1333],"class_list":{"0":"post-8385","1":"post","2":"type-post","3":"status-publish","4":"format-standard","5":"has-post-thumbnail","7":"category-novas","8":"tag-lumes"},"yoast_head":"<!-- This site is optimized with the Yoast SEO plugin v27.4 - https:\/\/yoast.com\/product\/yoast-seo-wordpress\/ -->\n<title>A Fiscal\u00eda investiga \u00e1 Xunta pola vaga de lumes deste ver\u00e1n -<\/title>\n<meta name=\"description\" content=\"A Fiscal\u00eda iniciou dilixencias en base \u00e1 denuncia presentada en agosto polas entidades que integran a plataforma \u201cPor un Monte Galego con Futuro\u201d na que se sinalaba a Xunta como respons\u00e1bel por inacci\u00f3n do alcance do desastre ambiental causado pola vaga de lumes\" \/>\n<meta name=\"robots\" content=\"index, follow, max-snippet:-1, max-image-preview:large, max-video-preview:-1\" \/>\n<link rel=\"canonical\" href=\"https:\/\/www.anovapeneira.gal\/index.php\/2022\/10\/19\/a-fiscalia-investiga-a-xunta-pola-vaga-de-lumes-deste-veran\/\" \/>\n<meta property=\"og:locale\" content=\"gl_ES\" \/>\n<meta property=\"og:type\" content=\"article\" \/>\n<meta property=\"og:title\" content=\"A Fiscal\u00eda investiga \u00e1 Xunta pola vaga de lumes deste ver\u00e1n -\" \/>\n<meta property=\"og:description\" content=\"A Fiscal\u00eda iniciou dilixencias en base \u00e1 denuncia presentada en agosto polas entidades que integran a plataforma \u201cPor un Monte Galego con Futuro\u201d na que se sinalaba a Xunta como respons\u00e1bel por inacci\u00f3n do alcance do desastre ambiental causado pola vaga de lumes\" \/>\n<meta property=\"og:url\" content=\"https:\/\/www.anovapeneira.gal\/index.php\/2022\/10\/19\/a-fiscalia-investiga-a-xunta-pola-vaga-de-lumes-deste-veran\/\" \/>\n<meta property=\"article:publisher\" content=\"https:\/\/www.facebook.com\/anovapeneira\" \/>\n<meta property=\"article:published_time\" content=\"2022-10-19T10:00:10+00:00\" \/>\n<meta property=\"og:image\" content=\"https:\/\/www.anovapeneira.gal\/wp-content\/uploads\/2020\/02\/ecoloxitas_en_accion.png\" \/>\n\t<meta property=\"og:image:width\" content=\"720\" \/>\n\t<meta property=\"og:image:height\" content=\"432\" \/>\n\t<meta property=\"og:image:type\" content=\"image\/png\" \/>\n<meta name=\"author\" content=\"Redacci\u00f3n A Nova Peneira\" \/>\n<meta name=\"twitter:card\" content=\"summary_large_image\" \/>\n<meta name=\"twitter:creator\" content=\"@APeneira\" \/>\n<meta name=\"twitter:site\" content=\"@APeneira\" \/>\n<meta name=\"twitter:label1\" content=\"Escrito por\" \/>\n\t<meta name=\"twitter:data1\" content=\"Redacci\u00f3n A Nova Peneira\" \/>\n\t<meta name=\"twitter:label2\" content=\"Tempo de lectura\" \/>\n\t<meta name=\"twitter:data2\" content=\"5 minutos\" \/>\n<script type=\"application\/ld+json\" class=\"yoast-schema-graph\">{\"@context\":\"https:\\\/\\\/schema.org\",\"@graph\":[{\"@type\":\"Article\",\"@id\":\"https:\\\/\\\/www.anovapeneira.gal\\\/index.php\\\/2022\\\/10\\\/19\\\/a-fiscalia-investiga-a-xunta-pola-vaga-de-lumes-deste-veran\\\/#article\",\"isPartOf\":{\"@id\":\"https:\\\/\\\/www.anovapeneira.gal\\\/index.php\\\/2022\\\/10\\\/19\\\/a-fiscalia-investiga-a-xunta-pola-vaga-de-lumes-deste-veran\\\/\"},\"author\":{\"name\":\"Redacci\u00f3n A Nova Peneira\",\"@id\":\"https:\\\/\\\/www.anovapeneira.gal\\\/#\\\/schema\\\/person\\\/b93e3f8932e3f8da96334607eb6ac6aa\"},\"headline\":\"A Fiscal\u00eda investiga \u00e1 Xunta pola vaga de lumes deste ver\u00e1n\",\"datePublished\":\"2022-10-19T10:00:10+00:00\",\"mainEntityOfPage\":{\"@id\":\"https:\\\/\\\/www.anovapeneira.gal\\\/index.php\\\/2022\\\/10\\\/19\\\/a-fiscalia-investiga-a-xunta-pola-vaga-de-lumes-deste-veran\\\/\"},\"wordCount\":880,\"commentCount\":0,\"publisher\":{\"@id\":\"https:\\\/\\\/www.anovapeneira.gal\\\/#organization\"},\"image\":{\"@id\":\"https:\\\/\\\/www.anovapeneira.gal\\\/index.php\\\/2022\\\/10\\\/19\\\/a-fiscalia-investiga-a-xunta-pola-vaga-de-lumes-deste-veran\\\/#primaryimage\"},\"thumbnailUrl\":\"https:\\\/\\\/www.anovapeneira.gal\\\/wp-content\\\/uploads\\\/2020\\\/02\\\/ecoloxitas_en_accion.png\",\"keywords\":[\"Lumes\"],\"articleSection\":[\"Novas\"],\"inLanguage\":\"gl-ES\",\"potentialAction\":[{\"@type\":\"CommentAction\",\"name\":\"Comment\",\"target\":[\"https:\\\/\\\/www.anovapeneira.gal\\\/index.php\\\/2022\\\/10\\\/19\\\/a-fiscalia-investiga-a-xunta-pola-vaga-de-lumes-deste-veran\\\/#respond\"]}]},{\"@type\":\"WebPage\",\"@id\":\"https:\\\/\\\/www.anovapeneira.gal\\\/index.php\\\/2022\\\/10\\\/19\\\/a-fiscalia-investiga-a-xunta-pola-vaga-de-lumes-deste-veran\\\/\",\"url\":\"https:\\\/\\\/www.anovapeneira.gal\\\/index.php\\\/2022\\\/10\\\/19\\\/a-fiscalia-investiga-a-xunta-pola-vaga-de-lumes-deste-veran\\\/\",\"name\":\"A Fiscal\u00eda investiga \u00e1 Xunta pola vaga de lumes deste ver\u00e1n -\",\"isPartOf\":{\"@id\":\"https:\\\/\\\/www.anovapeneira.gal\\\/#website\"},\"primaryImageOfPage\":{\"@id\":\"https:\\\/\\\/www.anovapeneira.gal\\\/index.php\\\/2022\\\/10\\\/19\\\/a-fiscalia-investiga-a-xunta-pola-vaga-de-lumes-deste-veran\\\/#primaryimage\"},\"image\":{\"@id\":\"https:\\\/\\\/www.anovapeneira.gal\\\/index.php\\\/2022\\\/10\\\/19\\\/a-fiscalia-investiga-a-xunta-pola-vaga-de-lumes-deste-veran\\\/#primaryimage\"},\"thumbnailUrl\":\"https:\\\/\\\/www.anovapeneira.gal\\\/wp-content\\\/uploads\\\/2020\\\/02\\\/ecoloxitas_en_accion.png\",\"datePublished\":\"2022-10-19T10:00:10+00:00\",\"description\":\"A Fiscal\u00eda iniciou dilixencias en base \u00e1 denuncia presentada en agosto polas entidades que integran a plataforma \u201cPor un Monte Galego con Futuro\u201d na que se sinalaba a Xunta como respons\u00e1bel por inacci\u00f3n do alcance do desastre ambiental causado pola vaga de lumes\",\"breadcrumb\":{\"@id\":\"https:\\\/\\\/www.anovapeneira.gal\\\/index.php\\\/2022\\\/10\\\/19\\\/a-fiscalia-investiga-a-xunta-pola-vaga-de-lumes-deste-veran\\\/#breadcrumb\"},\"inLanguage\":\"gl-ES\",\"potentialAction\":[{\"@type\":\"ReadAction\",\"target\":[\"https:\\\/\\\/www.anovapeneira.gal\\\/index.php\\\/2022\\\/10\\\/19\\\/a-fiscalia-investiga-a-xunta-pola-vaga-de-lumes-deste-veran\\\/\"]}]},{\"@type\":\"ImageObject\",\"inLanguage\":\"gl-ES\",\"@id\":\"https:\\\/\\\/www.anovapeneira.gal\\\/index.php\\\/2022\\\/10\\\/19\\\/a-fiscalia-investiga-a-xunta-pola-vaga-de-lumes-deste-veran\\\/#primaryimage\",\"url\":\"https:\\\/\\\/www.anovapeneira.gal\\\/wp-content\\\/uploads\\\/2020\\\/02\\\/ecoloxitas_en_accion.png\",\"contentUrl\":\"https:\\\/\\\/www.anovapeneira.gal\\\/wp-content\\\/uploads\\\/2020\\\/02\\\/ecoloxitas_en_accion.png\",\"width\":720,\"height\":432,\"caption\":\"Ecoloxistas en acci\u00f3n Galiza\"},{\"@type\":\"BreadcrumbList\",\"@id\":\"https:\\\/\\\/www.anovapeneira.gal\\\/index.php\\\/2022\\\/10\\\/19\\\/a-fiscalia-investiga-a-xunta-pola-vaga-de-lumes-deste-veran\\\/#breadcrumb\",\"itemListElement\":[{\"@type\":\"ListItem\",\"position\":1,\"name\":\"Portada\",\"item\":\"https:\\\/\\\/www.anovapeneira.gal\\\/\"},{\"@type\":\"ListItem\",\"position\":2,\"name\":\"A Fiscal\u00eda investiga \u00e1 Xunta pola vaga de lumes deste ver\u00e1n\"}]},{\"@type\":\"WebSite\",\"@id\":\"https:\\\/\\\/www.anovapeneira.gal\\\/#website\",\"url\":\"https:\\\/\\\/www.anovapeneira.gal\\\/\",\"name\":\"\",\"description\":\"Xornal galego de informaci\u00f3n xeral Publicaci\u00f3n mensual de novas de Galicia e en especial dos Concellos da sur da provincia de Pontevedra.\",\"publisher\":{\"@id\":\"https:\\\/\\\/www.anovapeneira.gal\\\/#organization\"},\"potentialAction\":[{\"@type\":\"SearchAction\",\"target\":{\"@type\":\"EntryPoint\",\"urlTemplate\":\"https:\\\/\\\/www.anovapeneira.gal\\\/?s={search_term_string}\"},\"query-input\":{\"@type\":\"PropertyValueSpecification\",\"valueRequired\":true,\"valueName\":\"search_term_string\"}}],\"inLanguage\":\"gl-ES\"},{\"@type\":\"Organization\",\"@id\":\"https:\\\/\\\/www.anovapeneira.gal\\\/#organization\",\"name\":\"A Nova Peneira\",\"url\":\"https:\\\/\\\/www.anovapeneira.gal\\\/\",\"logo\":{\"@type\":\"ImageObject\",\"inLanguage\":\"gl-ES\",\"@id\":\"https:\\\/\\\/www.anovapeneira.gal\\\/#\\\/schema\\\/logo\\\/image\\\/\",\"url\":\"http:\\\/\\\/www.anovapeneira.gal\\\/wp-content\\\/uploads\\\/2019\\\/06\\\/logo_a_nova_peneira_portal_web.png\",\"contentUrl\":\"http:\\\/\\\/www.anovapeneira.gal\\\/wp-content\\\/uploads\\\/2019\\\/06\\\/logo_a_nova_peneira_portal_web.png\",\"width\":300,\"height\":100,\"caption\":\"A Nova Peneira\"},\"image\":{\"@id\":\"https:\\\/\\\/www.anovapeneira.gal\\\/#\\\/schema\\\/logo\\\/image\\\/\"},\"sameAs\":[\"https:\\\/\\\/www.facebook.com\\\/anovapeneira\",\"https:\\\/\\\/x.com\\\/APeneira\"]},{\"@type\":\"Person\",\"@id\":\"https:\\\/\\\/www.anovapeneira.gal\\\/#\\\/schema\\\/person\\\/b93e3f8932e3f8da96334607eb6ac6aa\",\"name\":\"Redacci\u00f3n A Nova Peneira\",\"image\":{\"@type\":\"ImageObject\",\"inLanguage\":\"gl-ES\",\"@id\":\"https:\\\/\\\/secure.gravatar.com\\\/avatar\\\/c052a2551a06e23fac63626232eaa90abd78dbcf1700fc46a2b2c89fd27b735f?s=96&d=mm&r=g\",\"url\":\"https:\\\/\\\/secure.gravatar.com\\\/avatar\\\/c052a2551a06e23fac63626232eaa90abd78dbcf1700fc46a2b2c89fd27b735f?s=96&d=mm&r=g\",\"contentUrl\":\"https:\\\/\\\/secure.gravatar.com\\\/avatar\\\/c052a2551a06e23fac63626232eaa90abd78dbcf1700fc46a2b2c89fd27b735f?s=96&d=mm&r=g\",\"caption\":\"Redacci\u00f3n A Nova Peneira\"},\"sameAs\":[\"http:\\\/\\\/www.anovapeneira.gal\\\/\"],\"url\":\"https:\\\/\\\/www.anovapeneira.gal\\\/index.php\\\/author\\\/redactor\\\/\"}]}<\/script>\n<!-- \/ Yoast SEO plugin. -->","yoast_head_json":{"title":"A Fiscal\u00eda investiga \u00e1 Xunta pola vaga de lumes deste ver\u00e1n -","description":"A Fiscal\u00eda iniciou dilixencias en base \u00e1 denuncia presentada en agosto polas entidades que integran a plataforma \u201cPor un Monte Galego con Futuro\u201d na que se sinalaba a Xunta como respons\u00e1bel por inacci\u00f3n do alcance do desastre ambiental causado pola vaga de lumes","robots":{"index":"index","follow":"follow","max-snippet":"max-snippet:-1","max-image-preview":"max-image-preview:large","max-video-preview":"max-video-preview:-1"},"canonical":"https:\/\/www.anovapeneira.gal\/index.php\/2022\/10\/19\/a-fiscalia-investiga-a-xunta-pola-vaga-de-lumes-deste-veran\/","og_locale":"gl_ES","og_type":"article","og_title":"A Fiscal\u00eda investiga \u00e1 Xunta pola vaga de lumes deste ver\u00e1n -","og_description":"A Fiscal\u00eda iniciou dilixencias en base \u00e1 denuncia presentada en agosto polas entidades que integran a plataforma \u201cPor un Monte Galego con Futuro\u201d na que se sinalaba a Xunta como respons\u00e1bel por inacci\u00f3n do alcance do desastre ambiental causado pola vaga de lumes","og_url":"https:\/\/www.anovapeneira.gal\/index.php\/2022\/10\/19\/a-fiscalia-investiga-a-xunta-pola-vaga-de-lumes-deste-veran\/","article_publisher":"https:\/\/www.facebook.com\/anovapeneira","article_published_time":"2022-10-19T10:00:10+00:00","og_image":[{"width":720,"height":432,"url":"https:\/\/www.anovapeneira.gal\/wp-content\/uploads\/2020\/02\/ecoloxitas_en_accion.png","type":"image\/png"}],"author":"Redacci\u00f3n A Nova Peneira","twitter_card":"summary_large_image","twitter_creator":"@APeneira","twitter_site":"@APeneira","twitter_misc":{"Escrito por":"Redacci\u00f3n A Nova Peneira","Tempo de lectura":"5 minutos"},"schema":{"@context":"https:\/\/schema.org","@graph":[{"@type":"Article","@id":"https:\/\/www.anovapeneira.gal\/index.php\/2022\/10\/19\/a-fiscalia-investiga-a-xunta-pola-vaga-de-lumes-deste-veran\/#article","isPartOf":{"@id":"https:\/\/www.anovapeneira.gal\/index.php\/2022\/10\/19\/a-fiscalia-investiga-a-xunta-pola-vaga-de-lumes-deste-veran\/"},"author":{"name":"Redacci\u00f3n A Nova Peneira","@id":"https:\/\/www.anovapeneira.gal\/#\/schema\/person\/b93e3f8932e3f8da96334607eb6ac6aa"},"headline":"A Fiscal\u00eda investiga \u00e1 Xunta pola vaga de lumes deste ver\u00e1n","datePublished":"2022-10-19T10:00:10+00:00","mainEntityOfPage":{"@id":"https:\/\/www.anovapeneira.gal\/index.php\/2022\/10\/19\/a-fiscalia-investiga-a-xunta-pola-vaga-de-lumes-deste-veran\/"},"wordCount":880,"commentCount":0,"publisher":{"@id":"https:\/\/www.anovapeneira.gal\/#organization"},"image":{"@id":"https:\/\/www.anovapeneira.gal\/index.php\/2022\/10\/19\/a-fiscalia-investiga-a-xunta-pola-vaga-de-lumes-deste-veran\/#primaryimage"},"thumbnailUrl":"https:\/\/www.anovapeneira.gal\/wp-content\/uploads\/2020\/02\/ecoloxitas_en_accion.png","keywords":["Lumes"],"articleSection":["Novas"],"inLanguage":"gl-ES","potentialAction":[{"@type":"CommentAction","name":"Comment","target":["https:\/\/www.anovapeneira.gal\/index.php\/2022\/10\/19\/a-fiscalia-investiga-a-xunta-pola-vaga-de-lumes-deste-veran\/#respond"]}]},{"@type":"WebPage","@id":"https:\/\/www.anovapeneira.gal\/index.php\/2022\/10\/19\/a-fiscalia-investiga-a-xunta-pola-vaga-de-lumes-deste-veran\/","url":"https:\/\/www.anovapeneira.gal\/index.php\/2022\/10\/19\/a-fiscalia-investiga-a-xunta-pola-vaga-de-lumes-deste-veran\/","name":"A Fiscal\u00eda investiga \u00e1 Xunta pola vaga de lumes deste ver\u00e1n -","isPartOf":{"@id":"https:\/\/www.anovapeneira.gal\/#website"},"primaryImageOfPage":{"@id":"https:\/\/www.anovapeneira.gal\/index.php\/2022\/10\/19\/a-fiscalia-investiga-a-xunta-pola-vaga-de-lumes-deste-veran\/#primaryimage"},"image":{"@id":"https:\/\/www.anovapeneira.gal\/index.php\/2022\/10\/19\/a-fiscalia-investiga-a-xunta-pola-vaga-de-lumes-deste-veran\/#primaryimage"},"thumbnailUrl":"https:\/\/www.anovapeneira.gal\/wp-content\/uploads\/2020\/02\/ecoloxitas_en_accion.png","datePublished":"2022-10-19T10:00:10+00:00","description":"A Fiscal\u00eda iniciou dilixencias en base \u00e1 denuncia presentada en agosto polas entidades que integran a plataforma \u201cPor un Monte Galego con Futuro\u201d na que se sinalaba a Xunta como respons\u00e1bel por inacci\u00f3n do alcance do desastre ambiental causado pola vaga de lumes","breadcrumb":{"@id":"https:\/\/www.anovapeneira.gal\/index.php\/2022\/10\/19\/a-fiscalia-investiga-a-xunta-pola-vaga-de-lumes-deste-veran\/#breadcrumb"},"inLanguage":"gl-ES","potentialAction":[{"@type":"ReadAction","target":["https:\/\/www.anovapeneira.gal\/index.php\/2022\/10\/19\/a-fiscalia-investiga-a-xunta-pola-vaga-de-lumes-deste-veran\/"]}]},{"@type":"ImageObject","inLanguage":"gl-ES","@id":"https:\/\/www.anovapeneira.gal\/index.php\/2022\/10\/19\/a-fiscalia-investiga-a-xunta-pola-vaga-de-lumes-deste-veran\/#primaryimage","url":"https:\/\/www.anovapeneira.gal\/wp-content\/uploads\/2020\/02\/ecoloxitas_en_accion.png","contentUrl":"https:\/\/www.anovapeneira.gal\/wp-content\/uploads\/2020\/02\/ecoloxitas_en_accion.png","width":720,"height":432,"caption":"Ecoloxistas en acci\u00f3n Galiza"},{"@type":"BreadcrumbList","@id":"https:\/\/www.anovapeneira.gal\/index.php\/2022\/10\/19\/a-fiscalia-investiga-a-xunta-pola-vaga-de-lumes-deste-veran\/#breadcrumb","itemListElement":[{"@type":"ListItem","position":1,"name":"Portada","item":"https:\/\/www.anovapeneira.gal\/"},{"@type":"ListItem","position":2,"name":"A Fiscal\u00eda investiga \u00e1 Xunta pola vaga de lumes deste ver\u00e1n"}]},{"@type":"WebSite","@id":"https:\/\/www.anovapeneira.gal\/#website","url":"https:\/\/www.anovapeneira.gal\/","name":"","description":"Xornal galego de informaci\u00f3n xeral Publicaci\u00f3n mensual de novas de Galicia e en especial dos Concellos da sur da provincia de Pontevedra.","publisher":{"@id":"https:\/\/www.anovapeneira.gal\/#organization"},"potentialAction":[{"@type":"SearchAction","target":{"@type":"EntryPoint","urlTemplate":"https:\/\/www.anovapeneira.gal\/?s={search_term_string}"},"query-input":{"@type":"PropertyValueSpecification","valueRequired":true,"valueName":"search_term_string"}}],"inLanguage":"gl-ES"},{"@type":"Organization","@id":"https:\/\/www.anovapeneira.gal\/#organization","name":"A Nova Peneira","url":"https:\/\/www.anovapeneira.gal\/","logo":{"@type":"ImageObject","inLanguage":"gl-ES","@id":"https:\/\/www.anovapeneira.gal\/#\/schema\/logo\/image\/","url":"http:\/\/www.anovapeneira.gal\/wp-content\/uploads\/2019\/06\/logo_a_nova_peneira_portal_web.png","contentUrl":"http:\/\/www.anovapeneira.gal\/wp-content\/uploads\/2019\/06\/logo_a_nova_peneira_portal_web.png","width":300,"height":100,"caption":"A Nova Peneira"},"image":{"@id":"https:\/\/www.anovapeneira.gal\/#\/schema\/logo\/image\/"},"sameAs":["https:\/\/www.facebook.com\/anovapeneira","https:\/\/x.com\/APeneira"]},{"@type":"Person","@id":"https:\/\/www.anovapeneira.gal\/#\/schema\/person\/b93e3f8932e3f8da96334607eb6ac6aa","name":"Redacci\u00f3n A Nova Peneira","image":{"@type":"ImageObject","inLanguage":"gl-ES","@id":"https:\/\/secure.gravatar.com\/avatar\/c052a2551a06e23fac63626232eaa90abd78dbcf1700fc46a2b2c89fd27b735f?s=96&d=mm&r=g","url":"https:\/\/secure.gravatar.com\/avatar\/c052a2551a06e23fac63626232eaa90abd78dbcf1700fc46a2b2c89fd27b735f?s=96&d=mm&r=g","contentUrl":"https:\/\/secure.gravatar.com\/avatar\/c052a2551a06e23fac63626232eaa90abd78dbcf1700fc46a2b2c89fd27b735f?s=96&d=mm&r=g","caption":"Redacci\u00f3n A Nova Peneira"},"sameAs":["http:\/\/www.anovapeneira.gal\/"],"url":"https:\/\/www.anovapeneira.gal\/index.php\/author\/redactor\/"}]}},"jetpack_featured_media_url":"https:\/\/www.anovapeneira.gal\/wp-content\/uploads\/2020\/02\/ecoloxitas_en_accion.png","_links":{"self":[{"href":"https:\/\/www.anovapeneira.gal\/index.php\/wp-json\/wp\/v2\/posts\/8385","targetHints":{"allow":["GET"]}}],"collection":[{"href":"https:\/\/www.anovapeneira.gal\/index.php\/wp-json\/wp\/v2\/posts"}],"about":[{"href":"https:\/\/www.anovapeneira.gal\/index.php\/wp-json\/wp\/v2\/types\/post"}],"author":[{"embeddable":true,"href":"https:\/\/www.anovapeneira.gal\/index.php\/wp-json\/wp\/v2\/users\/3"}],"replies":[{"embeddable":true,"href":"https:\/\/www.anovapeneira.gal\/index.php\/wp-json\/wp\/v2\/comments?post=8385"}],"version-history":[{"count":1,"href":"https:\/\/www.anovapeneira.gal\/index.php\/wp-json\/wp\/v2\/posts\/8385\/revisions"}],"predecessor-version":[{"id":8386,"href":"https:\/\/www.anovapeneira.gal\/index.php\/wp-json\/wp\/v2\/posts\/8385\/revisions\/8386"}],"wp:featuredmedia":[{"embeddable":true,"href":"https:\/\/www.anovapeneira.gal\/index.php\/wp-json\/wp\/v2\/media\/2572"}],"wp:attachment":[{"href":"https:\/\/www.anovapeneira.gal\/index.php\/wp-json\/wp\/v2\/media?parent=8385"}],"wp:term":[{"taxonomy":"category","embeddable":true,"href":"https:\/\/www.anovapeneira.gal\/index.php\/wp-json\/wp\/v2\/categories?post=8385"},{"taxonomy":"post_tag","embeddable":true,"href":"https:\/\/www.anovapeneira.gal\/index.php\/wp-json\/wp\/v2\/tags?post=8385"}],"curies":[{"name":"wp","href":"https:\/\/api.w.org\/{rel}","templated":true}]}}