{"id":8388,"date":"2022-10-20T10:00:37","date_gmt":"2022-10-20T08:00:37","guid":{"rendered":"https:\/\/www.anovapeneira.gal\/?p=8388"},"modified":"2022-10-16T17:39:56","modified_gmt":"2022-10-16T15:39:56","slug":"cousas-de-salvaterra-de-mino","status":"publish","type":"post","link":"https:\/\/www.anovapeneira.gal\/index.php\/2022\/10\/20\/cousas-de-salvaterra-de-mino\/","title":{"rendered":"Cousas de Salvaterra de Mi\u00f1o"},"content":{"rendered":"\n<figure class=\"wp-block-image size-full is-resized\"><img loading=\"lazy\" decoding=\"async\" src=\"https:\/\/www.anovapeneira.gal\/wp-content\/uploads\/2022\/08\/opinion_anton_saque.jpg\" alt=\"Ant\u00f3n Lourenzo, veci\u00f1o da Vila\" class=\"wp-image-8006\" width=\"95\" height=\"115\"\/><figcaption>Ant\u00f3n Lourenzo, veci\u00f1o da Vila<\/figcaption><\/figure>\n\n\n\n<p><strong>ATAQUE AO LUGAR DE TAMUXE<\/strong><\/p>\n\n\n\n<p>Parece como se o Conde de Castel Melhor formara unha serpe de duas cabezas atacando en diversos lugares e distantes entre s\u00ed, o dous de xullo de 1643, na barra de Cami\u00f1a, catro d\u00edas despois en Dasteriz, e hoxe dezasete, outra vez na foz do Mi\u00f1o.<\/p>\n\n\n\n<p>Sabendo o Conde da dificultade de acometer acci\u00f3ns nesa zona do Mi\u00f1o, con ventos desfavorables e as mareas cambiantes, non cesou no empe\u00f1o de conseguir o seu obxectivo, dada a importancia que para el ti\u00f1a aquel porto onde se recoll\u00edan as barcas dos galegos.<\/p>\n\n\n\n<p>Intentou xa que logo de novo a empresa. \u00c9 Tamuxe un lugar perto da vila da Garda, pegado o r\u00edo Mi\u00f1o, en fronte das feregres\u00edas de Seixas e Lanhelas, perto tam\u00e9n da vila do Rosal, vila composta de at\u00e9 cen veci\u00f1os.<\/p>\n\n\n\n<p>Ordenou o Conde \u00f3 Capit\u00e1n Christ\u00f3v\u00e3o Mausinho de Vasconcelos que reunira catrocentos Infantes tirados da s\u00faa compa\u00f1\u00eda e da do Capit\u00e1n Rodrigo de Moura Coutinho, as duas situadas en Lanhelas, con orde de se xuntar no entorno das d\u00faas horas despois de media noite, no lugar que se chama S. Bento de Caminha. Quixo o Conde que fose neste punto para axudarse da oscuridade da noite, pero tardaron en reunirse e tivo o Conde que ordenar a Ruy Pereira de Souto Mayor e a Francisco Rebello de Sousa, fosen a axilizar o encontro, ao final, lograron reunirse no punto indicado os Infantes e ainda m\u00e1is xente de Caminha.<\/p>\n\n\n\n<p>Cruzado o r\u00edo con todo sixilo, chegaron ao lugar do desembarco, atacaron ao enemigo con tal ousad\u00eda e determinaci\u00f3n, que a pesar da resistencia encontrada no lugar de Tamuxe, entraron, saquearon e queimaron todo, deixando tras de s\u00ed mortos, nove dos s\u00e9us moradores.<\/p>\n\n\n\n<p>Ti\u00f1a orden o Capit\u00e1n Christov\u00e3o Mausinho de ga\u00f1ar a ponte que al\u00ed hab\u00eda, capturar os barcos de guerra postos no esteiro perto da desembocadura, na que entra tres cuartos de legua e que aproveita as subidas do mar anche\u00e1ndose notablemente. De non poder capturalos, deb\u00edan queimalos ou quebralos, saquese o lugar e destruise todo o que poidera.<\/p>\n\n\n\n<p>Capturaron alg\u00fans barcos, pero por ir baixando a marea non puideron ir a polos que se encontraban m\u00e1is r\u00edo arriba. Retir\u00e1ronse con tan s\u00f3 unha baixa mortal e catorce feridos, entre eles un criado do Conde.<\/p>\n\n\n\n<figure class=\"wp-block-image size-large\"><img loading=\"lazy\" decoding=\"async\" width=\"652\" height=\"1024\" src=\"https:\/\/www.anovapeneira.gal\/wp-content\/uploads\/2022\/10\/Foto-artigo-Xaque-652x1024.jpg\" alt=\"Ataque ao lugar de tamuxe\" class=\"wp-image-8393\" srcset=\"https:\/\/www.anovapeneira.gal\/wp-content\/uploads\/2022\/10\/Foto-artigo-Xaque-652x1024.jpg 652w, https:\/\/www.anovapeneira.gal\/wp-content\/uploads\/2022\/10\/Foto-artigo-Xaque-191x300.jpg 191w, https:\/\/www.anovapeneira.gal\/wp-content\/uploads\/2022\/10\/Foto-artigo-Xaque-768x1206.jpg 768w, https:\/\/www.anovapeneira.gal\/wp-content\/uploads\/2022\/10\/Foto-artigo-Xaque-978x1536.jpg 978w, https:\/\/www.anovapeneira.gal\/wp-content\/uploads\/2022\/10\/Foto-artigo-Xaque-1304x2048.jpg 1304w, https:\/\/www.anovapeneira.gal\/wp-content\/uploads\/2022\/10\/Foto-artigo-Xaque-scaled.jpg 1630w\" sizes=\"auto, (max-width: 652px) 100vw, 652px\" \/><\/figure>\n\n\n\n<p><strong>ATAQUE A FERREIROS, PEREIRAS e GUXINDE, Terras de ENTRIMO.<\/strong><\/p>\n\n\n\n<p>Estaba o Conde euf\u00f3rico con tantas vitorias, quer\u00eda que se soubese que para s\u00faa resoluci\u00f3n non hab\u00eda nesta guerra cousa, por dif\u00edcil que fose, que el non acometera. Foi as\u00ed como resolveu entrar nos lugares de Ferreiros, Pereiras, Guxinde, nas Terras de Entrimo, povoados nos seus termos m\u00e1is de 400 veci\u00f1os.<\/p>\n\n\n\n<p>Para ese fin deu orde o Capit\u00e1n Duquin\u00e9, (Pedro Mauricio Duquesne) de naci\u00f3n franc\u00e9s, que se atopaba en Melga\u00e7o, saise a campa\u00f1a con seiscentos soldados das compa\u00f1\u00edas dos Capit\u00e1ns Antonio de Queir\u00f3s Mascarenhas e Antonio de Sousa, da ordenanza de Valadares.<\/p>\n\n\n\n<p>Executouse a orden e marchouse deste modo; na vangarda \u00eda o Capit\u00e1n Duquin\u00e9 para envestir Ferreiros, entrando m\u00e1is media legua por Galiza, a distancia marchava o seu Alf\u00e9rez Lanut con vintecinco aventureiros, os cales segu\u00edu a s\u00faa compa\u00f1\u00eda e con ela Don Jo\u00e3o de Sousa. Trat\u00e1base de entablar un primeiro contacto cos galegos nos lugares de Guxinde e Pereiras e cando estes acudiran a escaramuza, entrase Antonio de Queir\u00f3s, Capit\u00e1n Maior de Valladares, co groso das tropas que vi\u00f1a na retagarda, e os derrotaran.<\/p>\n\n\n\n<p>O \u00edmpetu con que os portugueses acometeron o ataque, alterou estes plans, porque Duquin\u00e9 acometeu Ferreiros, Antonio de Queir\u00f3s, Pereiras, os de Valadares, Guxinde. Destes asaltos ficaron mortos de entrada m\u00e1is de vinte enemigos. Vi\u00f1an a defenderse os galegos acrecentando o n\u00famero e con tal furor, como quen defend\u00eda a s\u00faa casa, facenda, muller e fillos, de forma que obligaron o Capit\u00e1n Duquin\u00e9 a tomar unha altura onde protexerse, no entanto Don Jo\u00e3o de Sousa queimaba e arrasaba o lugar de Ferreiros, onde sendo por eles envestido, defendeuse e matou a oito.<\/p>\n\n\n\n<p>Non fixo menos Antonio de Queir\u00f3s e Pedro de Betancor de Freitas en Ferreiros, ficando mortos m\u00e1is de trinta galegos, levando na retirada daqueles lugares m\u00e1is de tres mil cabezas de gando para Portugal.<\/p>\n\n\n\n<p>Sentindo os galegos por todas partes o dano das armas portuguesas, cheg\u00f3ulle o Conde de Castel Melhor orde do Rei para continuar a guerra coa maior presi\u00f3n pos\u00edbel, sendo o fin distraer o maior n\u00famero de medios humanos e materiales do rei castel\u00e1n na fronteira do norte, debilitando deste xeito o poder dos castellanos na parte da Extremadura, onde o Rei determinaba encami\u00f1ar as forzas das armas portuguesas.<\/p>\n\n\n\n<p>Para por en marcha este plan, en principio, non contou con medios nin socorros suficientes, polo que se viu obligado a contar cos s\u00e9us propios medios. Convocou con gran dilixencia a xente m\u00e1is desocupada e \u00fatil da provincia.<\/p>\n\n\n\n<p>Xuntouse toda en Mon\u00e7\u00e3o o 13 de agosto de 1643, en n\u00famero de cinco mil infantes, dos que eran de pago novecentos, e escasos cincuenta cabalos. Dividiu a infaner\u00eda en sete tercios e, con esta xente determinou o Conde voltar sobre Salvaterra, conquistala, fortificala e conservar aquela praza, parec\u00e9ndolle xustamente o punto m\u00e1is \u00fatil para acometer outros lugares da Galiza e as\u00ed foi por espazo de dezaseis anos.<\/p>\n\n\n\n<p>Sen d\u00fabida o ideal ser\u00eda acometer o ataque sobre Tui, pero era evidente que estaba mellor fortificada e defendida.<\/p>\n\n\n\n<p>Salvaterra a 14 de outubro do 2022<\/p>\n\n\n\n<p>Joa\u00f5 Salgado de Araujo. Guerras con Portugal. Biblioteca Nacional de Lisboa.<\/p>\n\n\n\n<p>Historia de Portugal restaurado. Biblioteca Penzol. Vigo.<\/p>\n\n\n\n<p>Agradecemento especial a D. Jes\u00fas Presa de Cabreira, Salvaterra de Mi\u00f1o, pola s\u00faa xenerosidade de me fornecer informaci\u00f3n sobre este e outros temas. Autor do moi interesante blog \u201clargandolastreyletras\u201d.<\/p>\n","protected":false},"excerpt":{"rendered":"<div class=\"mh-excerpt\"><p>Parece como se o Conde de Castel Melhor formara unha serpe de duas cabezas atacando en diversos lugares e distantes entre s\u00ed, o dous de xullo de 1643, na barra de Cami\u00f1a, catro d\u00edas despois en Dasteriz, e hoxe dezasete, outra vez na foz do Mi\u00f1o <a class=\"mh-excerpt-more\" href=\"https:\/\/www.anovapeneira.gal\/index.php\/2022\/10\/20\/cousas-de-salvaterra-de-mino\/\" title=\"Cousas de Salvaterra de Mi\u00f1o\">[&#8230;]<\/a><\/p>\n<\/div>","protected":false},"author":34,"featured_media":8391,"comment_status":"open","ping_status":"open","sticky":false,"template":"","format":"standard","meta":{"_exactmetrics_skip_tracking":false,"_exactmetrics_sitenote_active":false,"_exactmetrics_sitenote_note":"","_exactmetrics_sitenote_category":0,"footnotes":""},"categories":[7],"tags":[186],"class_list":{"0":"post-8388","1":"post","2":"type-post","3":"status-publish","4":"format-standard","5":"has-post-thumbnail","7":"category-artigos-de-opinion","8":"tag-concello-de-salvaterra-do-mino"},"yoast_head":"<!-- This site is optimized with the Yoast SEO plugin v27.4 - https:\/\/yoast.com\/product\/yoast-seo-wordpress\/ -->\n<title>Cousas de Salvaterra de Mi\u00f1o -<\/title>\n<meta name=\"description\" content=\"Parece como se o Conde de Castel Melhor formara unha serpe de duas cabezas atacando en diversos lugares e distantes entre s\u00ed, o dous de xullo de 1643, na barra de Cami\u00f1a, catro d\u00edas despois en Dasteriz, e hoxe dezasete, outra vez na foz do Mi\u00f1o\" \/>\n<meta name=\"robots\" content=\"index, follow, max-snippet:-1, max-image-preview:large, max-video-preview:-1\" \/>\n<link rel=\"canonical\" href=\"https:\/\/www.anovapeneira.gal\/index.php\/2022\/10\/20\/cousas-de-salvaterra-de-mino\/\" \/>\n<meta property=\"og:locale\" content=\"gl_ES\" \/>\n<meta property=\"og:type\" content=\"article\" \/>\n<meta property=\"og:title\" content=\"Cousas de Salvaterra de Mi\u00f1o -\" \/>\n<meta property=\"og:description\" content=\"Parece como se o Conde de Castel Melhor formara unha serpe de duas cabezas atacando en diversos lugares e distantes entre s\u00ed, o dous de xullo de 1643, na barra de Cami\u00f1a, catro d\u00edas despois en Dasteriz, e hoxe dezasete, outra vez na foz do Mi\u00f1o\" \/>\n<meta property=\"og:url\" content=\"https:\/\/www.anovapeneira.gal\/index.php\/2022\/10\/20\/cousas-de-salvaterra-de-mino\/\" \/>\n<meta property=\"article:publisher\" content=\"https:\/\/www.facebook.com\/anovapeneira\" \/>\n<meta property=\"article:published_time\" content=\"2022-10-20T08:00:37+00:00\" \/>\n<meta property=\"og:image\" content=\"https:\/\/www.anovapeneira.gal\/wp-content\/uploads\/2022\/10\/cousas_salvaterra.jpg\" \/>\n\t<meta property=\"og:image:width\" content=\"720\" \/>\n\t<meta property=\"og:image:height\" content=\"432\" \/>\n\t<meta property=\"og:image:type\" content=\"image\/jpeg\" \/>\n<meta name=\"author\" content=\"Ant\u00f3n Lorenzo Gonz\u00e1lez\" \/>\n<meta name=\"twitter:card\" content=\"summary_large_image\" \/>\n<meta name=\"twitter:creator\" content=\"@APeneira\" \/>\n<meta name=\"twitter:site\" content=\"@APeneira\" \/>\n<meta name=\"twitter:label1\" content=\"Escrito por\" \/>\n\t<meta name=\"twitter:data1\" content=\"Ant\u00f3n Lorenzo Gonz\u00e1lez\" \/>\n\t<meta name=\"twitter:label2\" content=\"Tempo de lectura\" \/>\n\t<meta name=\"twitter:data2\" content=\"6 minutos\" \/>\n<script type=\"application\/ld+json\" class=\"yoast-schema-graph\">{\"@context\":\"https:\\\/\\\/schema.org\",\"@graph\":[{\"@type\":\"Article\",\"@id\":\"https:\\\/\\\/www.anovapeneira.gal\\\/index.php\\\/2022\\\/10\\\/20\\\/cousas-de-salvaterra-de-mino\\\/#article\",\"isPartOf\":{\"@id\":\"https:\\\/\\\/www.anovapeneira.gal\\\/index.php\\\/2022\\\/10\\\/20\\\/cousas-de-salvaterra-de-mino\\\/\"},\"author\":{\"name\":\"Ant\u00f3n Lorenzo Gonz\u00e1lez\",\"@id\":\"https:\\\/\\\/www.anovapeneira.gal\\\/#\\\/schema\\\/person\\\/1bf91cd240796d05b6522e3d8a6e2d8e\"},\"headline\":\"Cousas de Salvaterra de Mi\u00f1o\",\"datePublished\":\"2022-10-20T08:00:37+00:00\",\"mainEntityOfPage\":{\"@id\":\"https:\\\/\\\/www.anovapeneira.gal\\\/index.php\\\/2022\\\/10\\\/20\\\/cousas-de-salvaterra-de-mino\\\/\"},\"wordCount\":1036,\"commentCount\":0,\"publisher\":{\"@id\":\"https:\\\/\\\/www.anovapeneira.gal\\\/#organization\"},\"image\":{\"@id\":\"https:\\\/\\\/www.anovapeneira.gal\\\/index.php\\\/2022\\\/10\\\/20\\\/cousas-de-salvaterra-de-mino\\\/#primaryimage\"},\"thumbnailUrl\":\"https:\\\/\\\/www.anovapeneira.gal\\\/wp-content\\\/uploads\\\/2022\\\/10\\\/cousas_salvaterra.jpg\",\"keywords\":[\"Concello de Salvaterra do Mi\u00f1o\"],\"articleSection\":[\"Artigos de opini\u00f3n\"],\"inLanguage\":\"gl-ES\",\"potentialAction\":[{\"@type\":\"CommentAction\",\"name\":\"Comment\",\"target\":[\"https:\\\/\\\/www.anovapeneira.gal\\\/index.php\\\/2022\\\/10\\\/20\\\/cousas-de-salvaterra-de-mino\\\/#respond\"]}]},{\"@type\":\"WebPage\",\"@id\":\"https:\\\/\\\/www.anovapeneira.gal\\\/index.php\\\/2022\\\/10\\\/20\\\/cousas-de-salvaterra-de-mino\\\/\",\"url\":\"https:\\\/\\\/www.anovapeneira.gal\\\/index.php\\\/2022\\\/10\\\/20\\\/cousas-de-salvaterra-de-mino\\\/\",\"name\":\"Cousas de Salvaterra de Mi\u00f1o -\",\"isPartOf\":{\"@id\":\"https:\\\/\\\/www.anovapeneira.gal\\\/#website\"},\"primaryImageOfPage\":{\"@id\":\"https:\\\/\\\/www.anovapeneira.gal\\\/index.php\\\/2022\\\/10\\\/20\\\/cousas-de-salvaterra-de-mino\\\/#primaryimage\"},\"image\":{\"@id\":\"https:\\\/\\\/www.anovapeneira.gal\\\/index.php\\\/2022\\\/10\\\/20\\\/cousas-de-salvaterra-de-mino\\\/#primaryimage\"},\"thumbnailUrl\":\"https:\\\/\\\/www.anovapeneira.gal\\\/wp-content\\\/uploads\\\/2022\\\/10\\\/cousas_salvaterra.jpg\",\"datePublished\":\"2022-10-20T08:00:37+00:00\",\"description\":\"Parece como se o Conde de Castel Melhor formara unha serpe de duas cabezas atacando en diversos lugares e distantes entre s\u00ed, o dous de xullo de 1643, na barra de Cami\u00f1a, catro d\u00edas despois en Dasteriz, e hoxe dezasete, outra vez na foz do Mi\u00f1o\",\"breadcrumb\":{\"@id\":\"https:\\\/\\\/www.anovapeneira.gal\\\/index.php\\\/2022\\\/10\\\/20\\\/cousas-de-salvaterra-de-mino\\\/#breadcrumb\"},\"inLanguage\":\"gl-ES\",\"potentialAction\":[{\"@type\":\"ReadAction\",\"target\":[\"https:\\\/\\\/www.anovapeneira.gal\\\/index.php\\\/2022\\\/10\\\/20\\\/cousas-de-salvaterra-de-mino\\\/\"]}]},{\"@type\":\"ImageObject\",\"inLanguage\":\"gl-ES\",\"@id\":\"https:\\\/\\\/www.anovapeneira.gal\\\/index.php\\\/2022\\\/10\\\/20\\\/cousas-de-salvaterra-de-mino\\\/#primaryimage\",\"url\":\"https:\\\/\\\/www.anovapeneira.gal\\\/wp-content\\\/uploads\\\/2022\\\/10\\\/cousas_salvaterra.jpg\",\"contentUrl\":\"https:\\\/\\\/www.anovapeneira.gal\\\/wp-content\\\/uploads\\\/2022\\\/10\\\/cousas_salvaterra.jpg\",\"width\":720,\"height\":432,\"caption\":\"Ataque ao lugar de Tamuxe\"},{\"@type\":\"BreadcrumbList\",\"@id\":\"https:\\\/\\\/www.anovapeneira.gal\\\/index.php\\\/2022\\\/10\\\/20\\\/cousas-de-salvaterra-de-mino\\\/#breadcrumb\",\"itemListElement\":[{\"@type\":\"ListItem\",\"position\":1,\"name\":\"Portada\",\"item\":\"https:\\\/\\\/www.anovapeneira.gal\\\/\"},{\"@type\":\"ListItem\",\"position\":2,\"name\":\"Cousas de Salvaterra de Mi\u00f1o\"}]},{\"@type\":\"WebSite\",\"@id\":\"https:\\\/\\\/www.anovapeneira.gal\\\/#website\",\"url\":\"https:\\\/\\\/www.anovapeneira.gal\\\/\",\"name\":\"\",\"description\":\"Xornal galego de informaci\u00f3n xeral Publicaci\u00f3n mensual de novas de Galicia e en especial dos Concellos da sur da provincia de Pontevedra.\",\"publisher\":{\"@id\":\"https:\\\/\\\/www.anovapeneira.gal\\\/#organization\"},\"potentialAction\":[{\"@type\":\"SearchAction\",\"target\":{\"@type\":\"EntryPoint\",\"urlTemplate\":\"https:\\\/\\\/www.anovapeneira.gal\\\/?s={search_term_string}\"},\"query-input\":{\"@type\":\"PropertyValueSpecification\",\"valueRequired\":true,\"valueName\":\"search_term_string\"}}],\"inLanguage\":\"gl-ES\"},{\"@type\":\"Organization\",\"@id\":\"https:\\\/\\\/www.anovapeneira.gal\\\/#organization\",\"name\":\"A Nova Peneira\",\"url\":\"https:\\\/\\\/www.anovapeneira.gal\\\/\",\"logo\":{\"@type\":\"ImageObject\",\"inLanguage\":\"gl-ES\",\"@id\":\"https:\\\/\\\/www.anovapeneira.gal\\\/#\\\/schema\\\/logo\\\/image\\\/\",\"url\":\"http:\\\/\\\/www.anovapeneira.gal\\\/wp-content\\\/uploads\\\/2019\\\/06\\\/logo_a_nova_peneira_portal_web.png\",\"contentUrl\":\"http:\\\/\\\/www.anovapeneira.gal\\\/wp-content\\\/uploads\\\/2019\\\/06\\\/logo_a_nova_peneira_portal_web.png\",\"width\":300,\"height\":100,\"caption\":\"A Nova Peneira\"},\"image\":{\"@id\":\"https:\\\/\\\/www.anovapeneira.gal\\\/#\\\/schema\\\/logo\\\/image\\\/\"},\"sameAs\":[\"https:\\\/\\\/www.facebook.com\\\/anovapeneira\",\"https:\\\/\\\/x.com\\\/APeneira\"]},{\"@type\":\"Person\",\"@id\":\"https:\\\/\\\/www.anovapeneira.gal\\\/#\\\/schema\\\/person\\\/1bf91cd240796d05b6522e3d8a6e2d8e\",\"name\":\"Ant\u00f3n Lorenzo Gonz\u00e1lez\",\"image\":{\"@type\":\"ImageObject\",\"inLanguage\":\"gl-ES\",\"@id\":\"https:\\\/\\\/secure.gravatar.com\\\/avatar\\\/dcd882e8f4338e07610336943426400d525673506eb37ce59442ba704e5cc971?s=96&d=mm&r=g\",\"url\":\"https:\\\/\\\/secure.gravatar.com\\\/avatar\\\/dcd882e8f4338e07610336943426400d525673506eb37ce59442ba704e5cc971?s=96&d=mm&r=g\",\"contentUrl\":\"https:\\\/\\\/secure.gravatar.com\\\/avatar\\\/dcd882e8f4338e07610336943426400d525673506eb37ce59442ba704e5cc971?s=96&d=mm&r=g\",\"caption\":\"Ant\u00f3n Lorenzo Gonz\u00e1lez\"},\"url\":\"https:\\\/\\\/www.anovapeneira.gal\\\/index.php\\\/author\\\/xaque\\\/\"}]}<\/script>\n<!-- \/ Yoast SEO plugin. -->","yoast_head_json":{"title":"Cousas de Salvaterra de Mi\u00f1o -","description":"Parece como se o Conde de Castel Melhor formara unha serpe de duas cabezas atacando en diversos lugares e distantes entre s\u00ed, o dous de xullo de 1643, na barra de Cami\u00f1a, catro d\u00edas despois en Dasteriz, e hoxe dezasete, outra vez na foz do Mi\u00f1o","robots":{"index":"index","follow":"follow","max-snippet":"max-snippet:-1","max-image-preview":"max-image-preview:large","max-video-preview":"max-video-preview:-1"},"canonical":"https:\/\/www.anovapeneira.gal\/index.php\/2022\/10\/20\/cousas-de-salvaterra-de-mino\/","og_locale":"gl_ES","og_type":"article","og_title":"Cousas de Salvaterra de Mi\u00f1o -","og_description":"Parece como se o Conde de Castel Melhor formara unha serpe de duas cabezas atacando en diversos lugares e distantes entre s\u00ed, o dous de xullo de 1643, na barra de Cami\u00f1a, catro d\u00edas despois en Dasteriz, e hoxe dezasete, outra vez na foz do Mi\u00f1o","og_url":"https:\/\/www.anovapeneira.gal\/index.php\/2022\/10\/20\/cousas-de-salvaterra-de-mino\/","article_publisher":"https:\/\/www.facebook.com\/anovapeneira","article_published_time":"2022-10-20T08:00:37+00:00","og_image":[{"width":720,"height":432,"url":"https:\/\/www.anovapeneira.gal\/wp-content\/uploads\/2022\/10\/cousas_salvaterra.jpg","type":"image\/jpeg"}],"author":"Ant\u00f3n Lorenzo Gonz\u00e1lez","twitter_card":"summary_large_image","twitter_creator":"@APeneira","twitter_site":"@APeneira","twitter_misc":{"Escrito por":"Ant\u00f3n Lorenzo Gonz\u00e1lez","Tempo de lectura":"6 minutos"},"schema":{"@context":"https:\/\/schema.org","@graph":[{"@type":"Article","@id":"https:\/\/www.anovapeneira.gal\/index.php\/2022\/10\/20\/cousas-de-salvaterra-de-mino\/#article","isPartOf":{"@id":"https:\/\/www.anovapeneira.gal\/index.php\/2022\/10\/20\/cousas-de-salvaterra-de-mino\/"},"author":{"name":"Ant\u00f3n Lorenzo Gonz\u00e1lez","@id":"https:\/\/www.anovapeneira.gal\/#\/schema\/person\/1bf91cd240796d05b6522e3d8a6e2d8e"},"headline":"Cousas de Salvaterra de Mi\u00f1o","datePublished":"2022-10-20T08:00:37+00:00","mainEntityOfPage":{"@id":"https:\/\/www.anovapeneira.gal\/index.php\/2022\/10\/20\/cousas-de-salvaterra-de-mino\/"},"wordCount":1036,"commentCount":0,"publisher":{"@id":"https:\/\/www.anovapeneira.gal\/#organization"},"image":{"@id":"https:\/\/www.anovapeneira.gal\/index.php\/2022\/10\/20\/cousas-de-salvaterra-de-mino\/#primaryimage"},"thumbnailUrl":"https:\/\/www.anovapeneira.gal\/wp-content\/uploads\/2022\/10\/cousas_salvaterra.jpg","keywords":["Concello de Salvaterra do Mi\u00f1o"],"articleSection":["Artigos de opini\u00f3n"],"inLanguage":"gl-ES","potentialAction":[{"@type":"CommentAction","name":"Comment","target":["https:\/\/www.anovapeneira.gal\/index.php\/2022\/10\/20\/cousas-de-salvaterra-de-mino\/#respond"]}]},{"@type":"WebPage","@id":"https:\/\/www.anovapeneira.gal\/index.php\/2022\/10\/20\/cousas-de-salvaterra-de-mino\/","url":"https:\/\/www.anovapeneira.gal\/index.php\/2022\/10\/20\/cousas-de-salvaterra-de-mino\/","name":"Cousas de Salvaterra de Mi\u00f1o -","isPartOf":{"@id":"https:\/\/www.anovapeneira.gal\/#website"},"primaryImageOfPage":{"@id":"https:\/\/www.anovapeneira.gal\/index.php\/2022\/10\/20\/cousas-de-salvaterra-de-mino\/#primaryimage"},"image":{"@id":"https:\/\/www.anovapeneira.gal\/index.php\/2022\/10\/20\/cousas-de-salvaterra-de-mino\/#primaryimage"},"thumbnailUrl":"https:\/\/www.anovapeneira.gal\/wp-content\/uploads\/2022\/10\/cousas_salvaterra.jpg","datePublished":"2022-10-20T08:00:37+00:00","description":"Parece como se o Conde de Castel Melhor formara unha serpe de duas cabezas atacando en diversos lugares e distantes entre s\u00ed, o dous de xullo de 1643, na barra de Cami\u00f1a, catro d\u00edas despois en Dasteriz, e hoxe dezasete, outra vez na foz do Mi\u00f1o","breadcrumb":{"@id":"https:\/\/www.anovapeneira.gal\/index.php\/2022\/10\/20\/cousas-de-salvaterra-de-mino\/#breadcrumb"},"inLanguage":"gl-ES","potentialAction":[{"@type":"ReadAction","target":["https:\/\/www.anovapeneira.gal\/index.php\/2022\/10\/20\/cousas-de-salvaterra-de-mino\/"]}]},{"@type":"ImageObject","inLanguage":"gl-ES","@id":"https:\/\/www.anovapeneira.gal\/index.php\/2022\/10\/20\/cousas-de-salvaterra-de-mino\/#primaryimage","url":"https:\/\/www.anovapeneira.gal\/wp-content\/uploads\/2022\/10\/cousas_salvaterra.jpg","contentUrl":"https:\/\/www.anovapeneira.gal\/wp-content\/uploads\/2022\/10\/cousas_salvaterra.jpg","width":720,"height":432,"caption":"Ataque ao lugar de Tamuxe"},{"@type":"BreadcrumbList","@id":"https:\/\/www.anovapeneira.gal\/index.php\/2022\/10\/20\/cousas-de-salvaterra-de-mino\/#breadcrumb","itemListElement":[{"@type":"ListItem","position":1,"name":"Portada","item":"https:\/\/www.anovapeneira.gal\/"},{"@type":"ListItem","position":2,"name":"Cousas de Salvaterra de Mi\u00f1o"}]},{"@type":"WebSite","@id":"https:\/\/www.anovapeneira.gal\/#website","url":"https:\/\/www.anovapeneira.gal\/","name":"","description":"Xornal galego de informaci\u00f3n xeral Publicaci\u00f3n mensual de novas de Galicia e en especial dos Concellos da sur da provincia de Pontevedra.","publisher":{"@id":"https:\/\/www.anovapeneira.gal\/#organization"},"potentialAction":[{"@type":"SearchAction","target":{"@type":"EntryPoint","urlTemplate":"https:\/\/www.anovapeneira.gal\/?s={search_term_string}"},"query-input":{"@type":"PropertyValueSpecification","valueRequired":true,"valueName":"search_term_string"}}],"inLanguage":"gl-ES"},{"@type":"Organization","@id":"https:\/\/www.anovapeneira.gal\/#organization","name":"A Nova Peneira","url":"https:\/\/www.anovapeneira.gal\/","logo":{"@type":"ImageObject","inLanguage":"gl-ES","@id":"https:\/\/www.anovapeneira.gal\/#\/schema\/logo\/image\/","url":"http:\/\/www.anovapeneira.gal\/wp-content\/uploads\/2019\/06\/logo_a_nova_peneira_portal_web.png","contentUrl":"http:\/\/www.anovapeneira.gal\/wp-content\/uploads\/2019\/06\/logo_a_nova_peneira_portal_web.png","width":300,"height":100,"caption":"A Nova Peneira"},"image":{"@id":"https:\/\/www.anovapeneira.gal\/#\/schema\/logo\/image\/"},"sameAs":["https:\/\/www.facebook.com\/anovapeneira","https:\/\/x.com\/APeneira"]},{"@type":"Person","@id":"https:\/\/www.anovapeneira.gal\/#\/schema\/person\/1bf91cd240796d05b6522e3d8a6e2d8e","name":"Ant\u00f3n Lorenzo Gonz\u00e1lez","image":{"@type":"ImageObject","inLanguage":"gl-ES","@id":"https:\/\/secure.gravatar.com\/avatar\/dcd882e8f4338e07610336943426400d525673506eb37ce59442ba704e5cc971?s=96&d=mm&r=g","url":"https:\/\/secure.gravatar.com\/avatar\/dcd882e8f4338e07610336943426400d525673506eb37ce59442ba704e5cc971?s=96&d=mm&r=g","contentUrl":"https:\/\/secure.gravatar.com\/avatar\/dcd882e8f4338e07610336943426400d525673506eb37ce59442ba704e5cc971?s=96&d=mm&r=g","caption":"Ant\u00f3n Lorenzo Gonz\u00e1lez"},"url":"https:\/\/www.anovapeneira.gal\/index.php\/author\/xaque\/"}]}},"jetpack_featured_media_url":"https:\/\/www.anovapeneira.gal\/wp-content\/uploads\/2022\/10\/cousas_salvaterra.jpg","_links":{"self":[{"href":"https:\/\/www.anovapeneira.gal\/index.php\/wp-json\/wp\/v2\/posts\/8388","targetHints":{"allow":["GET"]}}],"collection":[{"href":"https:\/\/www.anovapeneira.gal\/index.php\/wp-json\/wp\/v2\/posts"}],"about":[{"href":"https:\/\/www.anovapeneira.gal\/index.php\/wp-json\/wp\/v2\/types\/post"}],"author":[{"embeddable":true,"href":"https:\/\/www.anovapeneira.gal\/index.php\/wp-json\/wp\/v2\/users\/34"}],"replies":[{"embeddable":true,"href":"https:\/\/www.anovapeneira.gal\/index.php\/wp-json\/wp\/v2\/comments?post=8388"}],"version-history":[{"count":3,"href":"https:\/\/www.anovapeneira.gal\/index.php\/wp-json\/wp\/v2\/posts\/8388\/revisions"}],"predecessor-version":[{"id":8394,"href":"https:\/\/www.anovapeneira.gal\/index.php\/wp-json\/wp\/v2\/posts\/8388\/revisions\/8394"}],"wp:featuredmedia":[{"embeddable":true,"href":"https:\/\/www.anovapeneira.gal\/index.php\/wp-json\/wp\/v2\/media\/8391"}],"wp:attachment":[{"href":"https:\/\/www.anovapeneira.gal\/index.php\/wp-json\/wp\/v2\/media?parent=8388"}],"wp:term":[{"taxonomy":"category","embeddable":true,"href":"https:\/\/www.anovapeneira.gal\/index.php\/wp-json\/wp\/v2\/categories?post=8388"},{"taxonomy":"post_tag","embeddable":true,"href":"https:\/\/www.anovapeneira.gal\/index.php\/wp-json\/wp\/v2\/tags?post=8388"}],"curies":[{"name":"wp","href":"https:\/\/api.w.org\/{rel}","templated":true}]}}