{"id":8395,"date":"2022-10-21T10:00:54","date_gmt":"2022-10-21T08:00:54","guid":{"rendered":"https:\/\/www.anovapeneira.gal\/?p=8395"},"modified":"2022-10-16T17:50:26","modified_gmt":"2022-10-16T15:50:26","slug":"lucia-santos-e-o-bng-de-marin-sen-limites","status":"publish","type":"post","link":"https:\/\/www.anovapeneira.gal\/index.php\/2022\/10\/21\/lucia-santos-e-o-bng-de-marin-sen-limites\/","title":{"rendered":"Luc\u00eda Santos e o BNG de Mar\u00edn sen l\u00edmites"},"content":{"rendered":"\n<p>O pasado s\u00e1bado 14 de outubro o BNG de Mar\u00edn presentou, no multiusos da praza de abastos, \u00e1s 10 persoas que ocupar\u00e1n os 10 primeiros postos na s\u00faa candidatura \u00e1s elecci\u00f3ns municipais que se celebrar\u00e1n o pr\u00f3ximo ano. Luc\u00eda, que de novo ser\u00e1 a cabeza de lista dos e das nacionalistas marinenses, estivo acompa\u00f1ada pola alcaldesa de Allariz, Cristina Cid e por Ana Pont\u00f3n, portavoz nacional do BNG. Asemade, alcaldes e alcaldesas nacionalistas de Concellos pr\u00f3ximos como a de Moa\u00f1a ou os de Bueu e Poio al\u00e9n de deputados como Luis Bar\u00e1, ou Manu Lourenzo acheg\u00e1ronse a Mar\u00edn a arroupar coa s\u00faa compa\u00f1\u00eda a Luc\u00eda, a candidata nacionalista, que estes catro anos , nun contexto enormemente dif\u00edcil, bateuse o cobre con valent\u00eda , intelixencia e dignidade contra a inacci\u00f3n da maior\u00eda abafadora que ten o PP de Mar\u00eda Ramallo na corporaci\u00f3n marinense, e sendo ela a alternativa e oposici\u00f3n real nun concello no que o PSOE nin estivo, nin est\u00e1 nin o espera case ningu\u00e9n.<\/p>\n\n\n\n<p>O acto no que o BNG de Mar\u00edn presentou aos seus 10 <a href=\"mailto:primeir@s\">primeir@s<\/a> candidatos e candidatas foi un \u00e9xito indiscutible, m\u00e1is de 200 persoas ateigaron o recinto no que se desenvolveu, v\u00e9ndose moitas delas na obriga de presencialo de p\u00e9 pois as previsi\u00f3ns m\u00e1is optimistas de asistencia dos organizadores super\u00e1ronse con creces. A actuaci\u00f3n musical de Jasper que deu paso aos discursos de Crsitina, de Ana e de Luc\u00eda fixo agromar as emoci\u00f3ns das persoas que acudiron \u00e1 presentaci\u00f3n. E as palabras das 3 mulleres que interviron recordando os modelos de vilas e cidades BNG que ao longo de todo o pa\u00eds galego supo\u00f1en un sopro de aire fresco , alternativo ao nepotismo caracter\u00edstico do PP terminou for facer estoupar os aplausos e a esperanza de tantas veci\u00f1as e veci\u00f1os que aspiran a que o cambio que necesita Mar\u00edn chegue m\u00e1is pronto que tarde. E si, Mar\u00edn necesita un cambio con urxencia. A alarmante perda de poboaci\u00f3n que sofre a vila marinense desde que o PP de Mar\u00eda Ramallo accedeu ao goberno \u00e9 un indicio m\u00e1is que claro do que acontece nas localidades sen esperanza nin futuro: as persoas, especialmente as mozas e os mozos, te\u00f1en que marchar a constru\u00edr un proxecto de vida lonxe de onde naceron pois al\u00ed onde desexar\u00edan facelo se lles negan as oportunidades.<\/p>\n\n\n\n<p>A candidatura dos nacionalistas que encabeza Luc\u00eda Santos e cuxos 10 primeiros postos foron presentados no acto ao que nos referimos est\u00e1 composta dunha mestura de xente moi nova, extraordinariamente formada como por exemplo a n\u00famero 2 Celia Garc\u00eda e o n\u00famero 3 Jos\u00e9 Souto e xente moi veterana cuxa experiencia ser\u00e1 sen d\u00fabida un plus importante \u00e1 hora de conformar corpo pol\u00edtico como por exemplo o veci\u00f1o de Seixo e ex deputado Bieito Lobeira.<\/p>\n","protected":false},"excerpt":{"rendered":"<div class=\"mh-excerpt\"><p>O pasado s\u00e1bado 14 de outubro o BNG de Mar\u00edn presentou, no multiusos da praza de abastos, \u00e1s 10 persoas que ocupar\u00e1n os 10 primeiros postos na s\u00faa candidatura \u00e1s elecci\u00f3ns municipais que se celebrar\u00e1n o pr\u00f3ximo ano <a class=\"mh-excerpt-more\" href=\"https:\/\/www.anovapeneira.gal\/index.php\/2022\/10\/21\/lucia-santos-e-o-bng-de-marin-sen-limites\/\" title=\"Luc\u00eda Santos e o BNG de Mar\u00edn sen l\u00edmites\">[&#8230;]<\/a><\/p>\n<\/div>","protected":false},"author":6,"featured_media":8397,"comment_status":"open","ping_status":"open","sticky":false,"template":"","format":"standard","meta":{"_exactmetrics_skip_tracking":false,"_exactmetrics_sitenote_active":false,"_exactmetrics_sitenote_note":"","_exactmetrics_sitenote_category":0,"footnotes":""},"categories":[22],"tags":[144],"class_list":{"0":"post-8395","1":"post","2":"type-post","3":"status-publish","4":"format-standard","5":"has-post-thumbnail","7":"category-morrazo","8":"tag-concello-de-marin"},"yoast_head":"<!-- This site is optimized with the Yoast SEO plugin v27.4 - https:\/\/yoast.com\/product\/yoast-seo-wordpress\/ -->\n<title>Luc\u00eda Santos e o BNG de Mar\u00edn sen l\u00edmites -<\/title>\n<meta name=\"description\" content=\"O pasado s\u00e1bado 14 de outubro o BNG de Mar\u00edn presentou, no multiusos da praza de abastos, \u00e1s 10 persoas que ocupar\u00e1n os 10 primeiros postos na s\u00faa candidatura \u00e1s elecci\u00f3ns municipais que se celebrar\u00e1n o pr\u00f3ximo ano\" \/>\n<meta name=\"robots\" content=\"index, follow, max-snippet:-1, max-image-preview:large, max-video-preview:-1\" \/>\n<link rel=\"canonical\" href=\"https:\/\/www.anovapeneira.gal\/index.php\/2022\/10\/21\/lucia-santos-e-o-bng-de-marin-sen-limites\/\" \/>\n<meta property=\"og:locale\" content=\"gl_ES\" \/>\n<meta property=\"og:type\" content=\"article\" \/>\n<meta property=\"og:title\" content=\"Luc\u00eda Santos e o BNG de Mar\u00edn sen l\u00edmites -\" \/>\n<meta property=\"og:description\" content=\"O pasado s\u00e1bado 14 de outubro o BNG de Mar\u00edn presentou, no multiusos da praza de abastos, \u00e1s 10 persoas que ocupar\u00e1n os 10 primeiros postos na s\u00faa candidatura \u00e1s elecci\u00f3ns municipais que se celebrar\u00e1n o pr\u00f3ximo ano\" \/>\n<meta property=\"og:url\" content=\"https:\/\/www.anovapeneira.gal\/index.php\/2022\/10\/21\/lucia-santos-e-o-bng-de-marin-sen-limites\/\" \/>\n<meta property=\"article:publisher\" content=\"https:\/\/www.facebook.com\/anovapeneira\" \/>\n<meta property=\"article:published_time\" content=\"2022-10-21T08:00:54+00:00\" \/>\n<meta property=\"og:image\" content=\"https:\/\/www.anovapeneira.gal\/wp-content\/uploads\/2022\/10\/Presentacion_lucia_santos.jpg\" \/>\n\t<meta property=\"og:image:width\" content=\"720\" \/>\n\t<meta property=\"og:image:height\" content=\"432\" \/>\n\t<meta property=\"og:image:type\" content=\"image\/jpeg\" \/>\n<meta name=\"author\" content=\"Marcos Santos\" \/>\n<meta name=\"twitter:card\" content=\"summary_large_image\" \/>\n<meta name=\"twitter:creator\" content=\"@APeneira\" \/>\n<meta name=\"twitter:site\" content=\"@APeneira\" \/>\n<meta name=\"twitter:label1\" content=\"Escrito por\" \/>\n\t<meta name=\"twitter:data1\" content=\"Marcos Santos\" \/>\n\t<meta name=\"twitter:label2\" content=\"Tempo de lectura\" \/>\n\t<meta name=\"twitter:data2\" content=\"3 minutos\" \/>\n<script type=\"application\/ld+json\" class=\"yoast-schema-graph\">{\"@context\":\"https:\\\/\\\/schema.org\",\"@graph\":[{\"@type\":\"Article\",\"@id\":\"https:\\\/\\\/www.anovapeneira.gal\\\/index.php\\\/2022\\\/10\\\/21\\\/lucia-santos-e-o-bng-de-marin-sen-limites\\\/#article\",\"isPartOf\":{\"@id\":\"https:\\\/\\\/www.anovapeneira.gal\\\/index.php\\\/2022\\\/10\\\/21\\\/lucia-santos-e-o-bng-de-marin-sen-limites\\\/\"},\"author\":{\"name\":\"Marcos Santos\",\"@id\":\"https:\\\/\\\/www.anovapeneira.gal\\\/#\\\/schema\\\/person\\\/d9d84823564720e7593293bab054e52d\"},\"headline\":\"Luc\u00eda Santos e o BNG de Mar\u00edn sen l\u00edmites\",\"datePublished\":\"2022-10-21T08:00:54+00:00\",\"mainEntityOfPage\":{\"@id\":\"https:\\\/\\\/www.anovapeneira.gal\\\/index.php\\\/2022\\\/10\\\/21\\\/lucia-santos-e-o-bng-de-marin-sen-limites\\\/\"},\"wordCount\":513,\"commentCount\":0,\"publisher\":{\"@id\":\"https:\\\/\\\/www.anovapeneira.gal\\\/#organization\"},\"image\":{\"@id\":\"https:\\\/\\\/www.anovapeneira.gal\\\/index.php\\\/2022\\\/10\\\/21\\\/lucia-santos-e-o-bng-de-marin-sen-limites\\\/#primaryimage\"},\"thumbnailUrl\":\"https:\\\/\\\/www.anovapeneira.gal\\\/wp-content\\\/uploads\\\/2022\\\/10\\\/Presentacion_lucia_santos.jpg\",\"keywords\":[\"Concello de Mar\u00edn\"],\"articleSection\":[\"Morrazo\"],\"inLanguage\":\"gl-ES\",\"potentialAction\":[{\"@type\":\"CommentAction\",\"name\":\"Comment\",\"target\":[\"https:\\\/\\\/www.anovapeneira.gal\\\/index.php\\\/2022\\\/10\\\/21\\\/lucia-santos-e-o-bng-de-marin-sen-limites\\\/#respond\"]}]},{\"@type\":\"WebPage\",\"@id\":\"https:\\\/\\\/www.anovapeneira.gal\\\/index.php\\\/2022\\\/10\\\/21\\\/lucia-santos-e-o-bng-de-marin-sen-limites\\\/\",\"url\":\"https:\\\/\\\/www.anovapeneira.gal\\\/index.php\\\/2022\\\/10\\\/21\\\/lucia-santos-e-o-bng-de-marin-sen-limites\\\/\",\"name\":\"Luc\u00eda Santos e o BNG de Mar\u00edn sen l\u00edmites -\",\"isPartOf\":{\"@id\":\"https:\\\/\\\/www.anovapeneira.gal\\\/#website\"},\"primaryImageOfPage\":{\"@id\":\"https:\\\/\\\/www.anovapeneira.gal\\\/index.php\\\/2022\\\/10\\\/21\\\/lucia-santos-e-o-bng-de-marin-sen-limites\\\/#primaryimage\"},\"image\":{\"@id\":\"https:\\\/\\\/www.anovapeneira.gal\\\/index.php\\\/2022\\\/10\\\/21\\\/lucia-santos-e-o-bng-de-marin-sen-limites\\\/#primaryimage\"},\"thumbnailUrl\":\"https:\\\/\\\/www.anovapeneira.gal\\\/wp-content\\\/uploads\\\/2022\\\/10\\\/Presentacion_lucia_santos.jpg\",\"datePublished\":\"2022-10-21T08:00:54+00:00\",\"description\":\"O pasado s\u00e1bado 14 de outubro o BNG de Mar\u00edn presentou, no multiusos da praza de abastos, \u00e1s 10 persoas que ocupar\u00e1n os 10 primeiros postos na s\u00faa candidatura \u00e1s elecci\u00f3ns municipais que se celebrar\u00e1n o pr\u00f3ximo ano\",\"breadcrumb\":{\"@id\":\"https:\\\/\\\/www.anovapeneira.gal\\\/index.php\\\/2022\\\/10\\\/21\\\/lucia-santos-e-o-bng-de-marin-sen-limites\\\/#breadcrumb\"},\"inLanguage\":\"gl-ES\",\"potentialAction\":[{\"@type\":\"ReadAction\",\"target\":[\"https:\\\/\\\/www.anovapeneira.gal\\\/index.php\\\/2022\\\/10\\\/21\\\/lucia-santos-e-o-bng-de-marin-sen-limites\\\/\"]}]},{\"@type\":\"ImageObject\",\"inLanguage\":\"gl-ES\",\"@id\":\"https:\\\/\\\/www.anovapeneira.gal\\\/index.php\\\/2022\\\/10\\\/21\\\/lucia-santos-e-o-bng-de-marin-sen-limites\\\/#primaryimage\",\"url\":\"https:\\\/\\\/www.anovapeneira.gal\\\/wp-content\\\/uploads\\\/2022\\\/10\\\/Presentacion_lucia_santos.jpg\",\"contentUrl\":\"https:\\\/\\\/www.anovapeneira.gal\\\/wp-content\\\/uploads\\\/2022\\\/10\\\/Presentacion_lucia_santos.jpg\",\"width\":720,\"height\":432,\"caption\":\"Presentaci\u00f3n Luc\u00eda Santos\"},{\"@type\":\"BreadcrumbList\",\"@id\":\"https:\\\/\\\/www.anovapeneira.gal\\\/index.php\\\/2022\\\/10\\\/21\\\/lucia-santos-e-o-bng-de-marin-sen-limites\\\/#breadcrumb\",\"itemListElement\":[{\"@type\":\"ListItem\",\"position\":1,\"name\":\"Portada\",\"item\":\"https:\\\/\\\/www.anovapeneira.gal\\\/\"},{\"@type\":\"ListItem\",\"position\":2,\"name\":\"Luc\u00eda Santos e o BNG de Mar\u00edn sen l\u00edmites\"}]},{\"@type\":\"WebSite\",\"@id\":\"https:\\\/\\\/www.anovapeneira.gal\\\/#website\",\"url\":\"https:\\\/\\\/www.anovapeneira.gal\\\/\",\"name\":\"\",\"description\":\"Xornal galego de informaci\u00f3n xeral Publicaci\u00f3n mensual de novas de Galicia e en especial dos Concellos da sur da provincia de Pontevedra.\",\"publisher\":{\"@id\":\"https:\\\/\\\/www.anovapeneira.gal\\\/#organization\"},\"potentialAction\":[{\"@type\":\"SearchAction\",\"target\":{\"@type\":\"EntryPoint\",\"urlTemplate\":\"https:\\\/\\\/www.anovapeneira.gal\\\/?s={search_term_string}\"},\"query-input\":{\"@type\":\"PropertyValueSpecification\",\"valueRequired\":true,\"valueName\":\"search_term_string\"}}],\"inLanguage\":\"gl-ES\"},{\"@type\":\"Organization\",\"@id\":\"https:\\\/\\\/www.anovapeneira.gal\\\/#organization\",\"name\":\"A Nova Peneira\",\"url\":\"https:\\\/\\\/www.anovapeneira.gal\\\/\",\"logo\":{\"@type\":\"ImageObject\",\"inLanguage\":\"gl-ES\",\"@id\":\"https:\\\/\\\/www.anovapeneira.gal\\\/#\\\/schema\\\/logo\\\/image\\\/\",\"url\":\"http:\\\/\\\/www.anovapeneira.gal\\\/wp-content\\\/uploads\\\/2019\\\/06\\\/logo_a_nova_peneira_portal_web.png\",\"contentUrl\":\"http:\\\/\\\/www.anovapeneira.gal\\\/wp-content\\\/uploads\\\/2019\\\/06\\\/logo_a_nova_peneira_portal_web.png\",\"width\":300,\"height\":100,\"caption\":\"A Nova Peneira\"},\"image\":{\"@id\":\"https:\\\/\\\/www.anovapeneira.gal\\\/#\\\/schema\\\/logo\\\/image\\\/\"},\"sameAs\":[\"https:\\\/\\\/www.facebook.com\\\/anovapeneira\",\"https:\\\/\\\/x.com\\\/APeneira\"]},{\"@type\":\"Person\",\"@id\":\"https:\\\/\\\/www.anovapeneira.gal\\\/#\\\/schema\\\/person\\\/d9d84823564720e7593293bab054e52d\",\"name\":\"Marcos Santos\",\"image\":{\"@type\":\"ImageObject\",\"inLanguage\":\"gl-ES\",\"@id\":\"https:\\\/\\\/secure.gravatar.com\\\/avatar\\\/0e8017099a7a47c0a9d2275e865fe326484561eb3d70649069e4b8e61a8d2e8c?s=96&d=mm&r=g\",\"url\":\"https:\\\/\\\/secure.gravatar.com\\\/avatar\\\/0e8017099a7a47c0a9d2275e865fe326484561eb3d70649069e4b8e61a8d2e8c?s=96&d=mm&r=g\",\"contentUrl\":\"https:\\\/\\\/secure.gravatar.com\\\/avatar\\\/0e8017099a7a47c0a9d2275e865fe326484561eb3d70649069e4b8e61a8d2e8c?s=96&d=mm&r=g\",\"caption\":\"Marcos Santos\"},\"sameAs\":[\"http:\\\/\\\/anovapeneira.gal\"],\"url\":\"https:\\\/\\\/www.anovapeneira.gal\\\/index.php\\\/author\\\/marcos-santos\\\/\"}]}<\/script>\n<!-- \/ Yoast SEO plugin. -->","yoast_head_json":{"title":"Luc\u00eda Santos e o BNG de Mar\u00edn sen l\u00edmites -","description":"O pasado s\u00e1bado 14 de outubro o BNG de Mar\u00edn presentou, no multiusos da praza de abastos, \u00e1s 10 persoas que ocupar\u00e1n os 10 primeiros postos na s\u00faa candidatura \u00e1s elecci\u00f3ns municipais que se celebrar\u00e1n o pr\u00f3ximo ano","robots":{"index":"index","follow":"follow","max-snippet":"max-snippet:-1","max-image-preview":"max-image-preview:large","max-video-preview":"max-video-preview:-1"},"canonical":"https:\/\/www.anovapeneira.gal\/index.php\/2022\/10\/21\/lucia-santos-e-o-bng-de-marin-sen-limites\/","og_locale":"gl_ES","og_type":"article","og_title":"Luc\u00eda Santos e o BNG de Mar\u00edn sen l\u00edmites -","og_description":"O pasado s\u00e1bado 14 de outubro o BNG de Mar\u00edn presentou, no multiusos da praza de abastos, \u00e1s 10 persoas que ocupar\u00e1n os 10 primeiros postos na s\u00faa candidatura \u00e1s elecci\u00f3ns municipais que se celebrar\u00e1n o pr\u00f3ximo ano","og_url":"https:\/\/www.anovapeneira.gal\/index.php\/2022\/10\/21\/lucia-santos-e-o-bng-de-marin-sen-limites\/","article_publisher":"https:\/\/www.facebook.com\/anovapeneira","article_published_time":"2022-10-21T08:00:54+00:00","og_image":[{"width":720,"height":432,"url":"https:\/\/www.anovapeneira.gal\/wp-content\/uploads\/2022\/10\/Presentacion_lucia_santos.jpg","type":"image\/jpeg"}],"author":"Marcos Santos","twitter_card":"summary_large_image","twitter_creator":"@APeneira","twitter_site":"@APeneira","twitter_misc":{"Escrito por":"Marcos Santos","Tempo de lectura":"3 minutos"},"schema":{"@context":"https:\/\/schema.org","@graph":[{"@type":"Article","@id":"https:\/\/www.anovapeneira.gal\/index.php\/2022\/10\/21\/lucia-santos-e-o-bng-de-marin-sen-limites\/#article","isPartOf":{"@id":"https:\/\/www.anovapeneira.gal\/index.php\/2022\/10\/21\/lucia-santos-e-o-bng-de-marin-sen-limites\/"},"author":{"name":"Marcos Santos","@id":"https:\/\/www.anovapeneira.gal\/#\/schema\/person\/d9d84823564720e7593293bab054e52d"},"headline":"Luc\u00eda Santos e o BNG de Mar\u00edn sen l\u00edmites","datePublished":"2022-10-21T08:00:54+00:00","mainEntityOfPage":{"@id":"https:\/\/www.anovapeneira.gal\/index.php\/2022\/10\/21\/lucia-santos-e-o-bng-de-marin-sen-limites\/"},"wordCount":513,"commentCount":0,"publisher":{"@id":"https:\/\/www.anovapeneira.gal\/#organization"},"image":{"@id":"https:\/\/www.anovapeneira.gal\/index.php\/2022\/10\/21\/lucia-santos-e-o-bng-de-marin-sen-limites\/#primaryimage"},"thumbnailUrl":"https:\/\/www.anovapeneira.gal\/wp-content\/uploads\/2022\/10\/Presentacion_lucia_santos.jpg","keywords":["Concello de Mar\u00edn"],"articleSection":["Morrazo"],"inLanguage":"gl-ES","potentialAction":[{"@type":"CommentAction","name":"Comment","target":["https:\/\/www.anovapeneira.gal\/index.php\/2022\/10\/21\/lucia-santos-e-o-bng-de-marin-sen-limites\/#respond"]}]},{"@type":"WebPage","@id":"https:\/\/www.anovapeneira.gal\/index.php\/2022\/10\/21\/lucia-santos-e-o-bng-de-marin-sen-limites\/","url":"https:\/\/www.anovapeneira.gal\/index.php\/2022\/10\/21\/lucia-santos-e-o-bng-de-marin-sen-limites\/","name":"Luc\u00eda Santos e o BNG de Mar\u00edn sen l\u00edmites -","isPartOf":{"@id":"https:\/\/www.anovapeneira.gal\/#website"},"primaryImageOfPage":{"@id":"https:\/\/www.anovapeneira.gal\/index.php\/2022\/10\/21\/lucia-santos-e-o-bng-de-marin-sen-limites\/#primaryimage"},"image":{"@id":"https:\/\/www.anovapeneira.gal\/index.php\/2022\/10\/21\/lucia-santos-e-o-bng-de-marin-sen-limites\/#primaryimage"},"thumbnailUrl":"https:\/\/www.anovapeneira.gal\/wp-content\/uploads\/2022\/10\/Presentacion_lucia_santos.jpg","datePublished":"2022-10-21T08:00:54+00:00","description":"O pasado s\u00e1bado 14 de outubro o BNG de Mar\u00edn presentou, no multiusos da praza de abastos, \u00e1s 10 persoas que ocupar\u00e1n os 10 primeiros postos na s\u00faa candidatura \u00e1s elecci\u00f3ns municipais que se celebrar\u00e1n o pr\u00f3ximo ano","breadcrumb":{"@id":"https:\/\/www.anovapeneira.gal\/index.php\/2022\/10\/21\/lucia-santos-e-o-bng-de-marin-sen-limites\/#breadcrumb"},"inLanguage":"gl-ES","potentialAction":[{"@type":"ReadAction","target":["https:\/\/www.anovapeneira.gal\/index.php\/2022\/10\/21\/lucia-santos-e-o-bng-de-marin-sen-limites\/"]}]},{"@type":"ImageObject","inLanguage":"gl-ES","@id":"https:\/\/www.anovapeneira.gal\/index.php\/2022\/10\/21\/lucia-santos-e-o-bng-de-marin-sen-limites\/#primaryimage","url":"https:\/\/www.anovapeneira.gal\/wp-content\/uploads\/2022\/10\/Presentacion_lucia_santos.jpg","contentUrl":"https:\/\/www.anovapeneira.gal\/wp-content\/uploads\/2022\/10\/Presentacion_lucia_santos.jpg","width":720,"height":432,"caption":"Presentaci\u00f3n Luc\u00eda Santos"},{"@type":"BreadcrumbList","@id":"https:\/\/www.anovapeneira.gal\/index.php\/2022\/10\/21\/lucia-santos-e-o-bng-de-marin-sen-limites\/#breadcrumb","itemListElement":[{"@type":"ListItem","position":1,"name":"Portada","item":"https:\/\/www.anovapeneira.gal\/"},{"@type":"ListItem","position":2,"name":"Luc\u00eda Santos e o BNG de Mar\u00edn sen l\u00edmites"}]},{"@type":"WebSite","@id":"https:\/\/www.anovapeneira.gal\/#website","url":"https:\/\/www.anovapeneira.gal\/","name":"","description":"Xornal galego de informaci\u00f3n xeral Publicaci\u00f3n mensual de novas de Galicia e en especial dos Concellos da sur da provincia de Pontevedra.","publisher":{"@id":"https:\/\/www.anovapeneira.gal\/#organization"},"potentialAction":[{"@type":"SearchAction","target":{"@type":"EntryPoint","urlTemplate":"https:\/\/www.anovapeneira.gal\/?s={search_term_string}"},"query-input":{"@type":"PropertyValueSpecification","valueRequired":true,"valueName":"search_term_string"}}],"inLanguage":"gl-ES"},{"@type":"Organization","@id":"https:\/\/www.anovapeneira.gal\/#organization","name":"A Nova Peneira","url":"https:\/\/www.anovapeneira.gal\/","logo":{"@type":"ImageObject","inLanguage":"gl-ES","@id":"https:\/\/www.anovapeneira.gal\/#\/schema\/logo\/image\/","url":"http:\/\/www.anovapeneira.gal\/wp-content\/uploads\/2019\/06\/logo_a_nova_peneira_portal_web.png","contentUrl":"http:\/\/www.anovapeneira.gal\/wp-content\/uploads\/2019\/06\/logo_a_nova_peneira_portal_web.png","width":300,"height":100,"caption":"A Nova Peneira"},"image":{"@id":"https:\/\/www.anovapeneira.gal\/#\/schema\/logo\/image\/"},"sameAs":["https:\/\/www.facebook.com\/anovapeneira","https:\/\/x.com\/APeneira"]},{"@type":"Person","@id":"https:\/\/www.anovapeneira.gal\/#\/schema\/person\/d9d84823564720e7593293bab054e52d","name":"Marcos Santos","image":{"@type":"ImageObject","inLanguage":"gl-ES","@id":"https:\/\/secure.gravatar.com\/avatar\/0e8017099a7a47c0a9d2275e865fe326484561eb3d70649069e4b8e61a8d2e8c?s=96&d=mm&r=g","url":"https:\/\/secure.gravatar.com\/avatar\/0e8017099a7a47c0a9d2275e865fe326484561eb3d70649069e4b8e61a8d2e8c?s=96&d=mm&r=g","contentUrl":"https:\/\/secure.gravatar.com\/avatar\/0e8017099a7a47c0a9d2275e865fe326484561eb3d70649069e4b8e61a8d2e8c?s=96&d=mm&r=g","caption":"Marcos Santos"},"sameAs":["http:\/\/anovapeneira.gal"],"url":"https:\/\/www.anovapeneira.gal\/index.php\/author\/marcos-santos\/"}]}},"jetpack_featured_media_url":"https:\/\/www.anovapeneira.gal\/wp-content\/uploads\/2022\/10\/Presentacion_lucia_santos.jpg","_links":{"self":[{"href":"https:\/\/www.anovapeneira.gal\/index.php\/wp-json\/wp\/v2\/posts\/8395","targetHints":{"allow":["GET"]}}],"collection":[{"href":"https:\/\/www.anovapeneira.gal\/index.php\/wp-json\/wp\/v2\/posts"}],"about":[{"href":"https:\/\/www.anovapeneira.gal\/index.php\/wp-json\/wp\/v2\/types\/post"}],"author":[{"embeddable":true,"href":"https:\/\/www.anovapeneira.gal\/index.php\/wp-json\/wp\/v2\/users\/6"}],"replies":[{"embeddable":true,"href":"https:\/\/www.anovapeneira.gal\/index.php\/wp-json\/wp\/v2\/comments?post=8395"}],"version-history":[{"count":1,"href":"https:\/\/www.anovapeneira.gal\/index.php\/wp-json\/wp\/v2\/posts\/8395\/revisions"}],"predecessor-version":[{"id":8396,"href":"https:\/\/www.anovapeneira.gal\/index.php\/wp-json\/wp\/v2\/posts\/8395\/revisions\/8396"}],"wp:featuredmedia":[{"embeddable":true,"href":"https:\/\/www.anovapeneira.gal\/index.php\/wp-json\/wp\/v2\/media\/8397"}],"wp:attachment":[{"href":"https:\/\/www.anovapeneira.gal\/index.php\/wp-json\/wp\/v2\/media?parent=8395"}],"wp:term":[{"taxonomy":"category","embeddable":true,"href":"https:\/\/www.anovapeneira.gal\/index.php\/wp-json\/wp\/v2\/categories?post=8395"},{"taxonomy":"post_tag","embeddable":true,"href":"https:\/\/www.anovapeneira.gal\/index.php\/wp-json\/wp\/v2\/tags?post=8395"}],"curies":[{"name":"wp","href":"https:\/\/api.w.org\/{rel}","templated":true}]}}