{"id":8402,"date":"2022-10-20T12:00:58","date_gmt":"2022-10-20T10:00:58","guid":{"rendered":"https:\/\/www.anovapeneira.gal\/?p=8402"},"modified":"2022-10-16T17:56:18","modified_gmt":"2022-10-16T15:56:18","slug":"luciano-otero-de-alternativa-vecinal-xefe-da-oposicion-en-pazos-de-borben","status":"publish","type":"post","link":"https:\/\/www.anovapeneira.gal\/index.php\/2022\/10\/20\/luciano-otero-de-alternativa-vecinal-xefe-da-oposicion-en-pazos-de-borben\/","title":{"rendered":"Luciano Otero de Alternativa Veci\u00f1al, xefe da oposici\u00f3n en Pazos de Borb\u00e9n"},"content":{"rendered":"\n<p><strong>Despois de rozar cos dedos a alcald\u00eda nos dou \u00faltimos procesos electorais o l\u00edder de Alternativa Veci\u00f1al, e xefe da oposici\u00f3n de Pazos, Luciano Otero am\u00f3sase convencido e ilusionado en que nas elecci\u00f3ns do ano pr\u00f3ximo o seu proxecto pol\u00edtico obter\u00e1 a confianza da maior\u00eda da veci\u00f1anza da s\u00faa localidade e, por fin, este concello poder\u00e1 mudar un goberno que non fai outra cousa que deixar pasar o tempo e mirar para outro lado cada vez que xorde alg\u00fan problema.<\/strong><\/p>\n\n\n\n<h2 class=\"wp-block-heading\">\u201c<strong>Pazos de Borb\u00e9n carece de alcalde. Non hai ningu\u00e9n ao mando\u201d<\/strong><\/h2>\n\n\n\n<p><strong>Luciano, podemos dicir que vas ser el candidato de Alternativa Veci\u00f1al para as vindeiras elecci\u00f3ns municipais?<\/strong><\/p>\n\n\n\n<blockquote class=\"wp-block-quote is-layout-flow wp-block-quote-is-layout-flow\"><p>Previsiblemente si. O que si podo asegurar \u00e9 que Alternativa Veci\u00f1al vaise presentar con toda a ilusi\u00f3n , o \u00e1nimo e a forza para desta volta, si, poder desbancar ao goberno do PP. Con toda a modestia creo que podemos dicir que somos a \u00fanica alternativa con serias posibilidades de conseguilo.<\/p><\/blockquote>\n\n\n\n<p><strong>Ent\u00f3n, se tes a confianza dos teus compa\u00f1eiros e compa\u00f1eiras , tes \u00e1nimos e vontade para volver encabezar a lista de Alternativa Veci\u00f1al?<\/strong><\/p>\n\n\n\n<blockquote class=\"wp-block-quote is-layout-flow wp-block-quote-is-layout-flow\"><p>Si, rotundamente si. Considero que temos un moi importante traballo pol\u00edtico detr\u00e1s e non debemos de tiralo pola borda.<\/p><\/blockquote>\n\n\n\n<p><strong>Por que pensas que Pazos de Borb\u00e9n necesita un cambio pol\u00edtico?<\/strong><\/p>\n\n\n\n<blockquote class=\"wp-block-quote is-layout-flow wp-block-quote-is-layout-flow\"><p>Por moitas cousas, por exemplo, as multas que nos ve\u00f1en de saneamento e o concello non fai nada.<\/p><\/blockquote>\n\n\n\n<p><strong>E estas multas son polo deixamento do Goberno municipal?<\/strong><\/p>\n\n\n\n<blockquote class=\"wp-block-quote is-layout-flow wp-block-quote-is-layout-flow\"><p>Si, claro. Mesmo este mes estamos coa campa\u00f1a en contra das verteduras que hai en Amoedo. Sabemos que hai problemas dif\u00edciles de resolver, como o da depuradora, pero se non fas nada e non traballas na soluci\u00f3n, esta non chegar\u00e1 nunca.<\/p><\/blockquote>\n\n\n\n<blockquote class=\"wp-block-quote is-layout-flow wp-block-quote-is-layout-flow\"><p>Desde a Xunta non s\u00f3 chegan multas pola depuradora, sen\u00f3n por non analizar as augas, non envialas, non ter ordenaci\u00f3n municipal sobre isto&#8230;. Isto si \u00e9 desidia do Goberno municipal.<\/p><\/blockquote>\n\n\n\n<p><strong>Andr\u00e9s Iglesias \u00e9 o alcalde de Pazos de Borb\u00e9n, ou s\u00f3 o \u00e9 formalmente?<\/strong><\/p>\n\n\n\n<blockquote class=\"wp-block-quote is-layout-flow wp-block-quote-is-layout-flow\"><p>Creo que non temos alcalde nin goberno, que non hai ningu\u00e9n ao mando. P\u00f3\u00f1oche como exemplo a estrada que vai desde os Valos a Amoedo. Debe ser o primeiro caso dunha infraestrutura, que necesita unha mellora urxente, teno todo a favor e, a\u00ednda as\u00ed, non se fai.<\/p><\/blockquote>\n\n\n\n<p><strong>Cando paso por esta estrada vexo carteis de veci\u00f1@s que se laian do mal estado da estrada, que \u00e9 o que lle pasa?<\/strong><\/p>\n\n\n\n<blockquote class=\"wp-block-quote is-layout-flow wp-block-quote-is-layout-flow\"><p>Esta estrada \u00e9 da Deputaci\u00f3n de Pontevedra. Ten un trazado moi antigo, o chan est\u00e1 nun estado p\u00e9simo. Desde o ano 2018, a Deputaci\u00f3n aprobou un proxecto para arranxala e est\u00e1 paralizado pola actitude do concello.<\/p><\/blockquote>\n\n\n\n<blockquote class=\"wp-block-quote is-layout-flow wp-block-quote-is-layout-flow\"><p>Entendemos que se ga\u00f1a de novo Andr\u00e9s Iglesias e o PP todo vai seguir igual, e esta v\u00eda de comunicaci\u00f3n que atinxe a tres parroquias do noso concello vai seguir nun estado lamentable. O desleixo do goberno municipal \u00e9 m\u00e1is que notable en case todo, pero neste importante asunto supera os l\u00edmites do alarmante.<\/p><\/blockquote>\n\n\n\n<p><strong>Cres que Andr\u00e9s Iglesias vai volver encabezar a lista do PP?<\/strong><\/p>\n\n\n\n<blockquote class=\"wp-block-quote is-layout-flow wp-block-quote-is-layout-flow\"><p>Eu creo que si, que segue Andr\u00e9s de cabeza de lista e Elo\u00edsa Nogueira vai de segunda.<\/p><\/blockquote>\n\n\n\n<p><strong>Elo\u00edsa \u00e9 a persoa que leva o peso dos plenos. Asume o papel que antes desempe\u00f1aba Severino. Como \u00e9 Eloisa nas relaci\u00f3ns coa oposici\u00f3n?<\/strong><\/p>\n\n\n\n<blockquote class=\"wp-block-quote is-layout-flow wp-block-quote-is-layout-flow\"><p>P\u00e9sima, deteriorouse moito o ambiente nos Plenos. Xa non hai debate nin di\u00e1logo como cando estaba Severino . Agora non responden as nosas preguntas ou dannos respostas absurdas. Cando levamos preguntas aos Plenos obr\u00edgannos a facerlle as preguntas todas seguidas e as respostas van todas seguidas tam\u00e9n, sen dar opci\u00f3n a debate. O normal e l\u00f3xico \u00e9 facer unha pregunta e contestar, facer outra, e contestala, como se fac\u00eda antes.<\/p><\/blockquote>\n\n\n\n<p><strong>Dime un exemplo?.<\/strong><\/p>\n\n\n\n<blockquote class=\"wp-block-quote is-layout-flow wp-block-quote-is-layout-flow\"><p>Preguntar\u00e1moslle se van axudar dalgunha maneira \u00e1s familias que te\u00f1en fillos estudando en Redondela para os que non hai transporte p\u00fablico. Contest\u00e1ronnos que si, que as \u00edan a axudar. Pregunt\u00e1moslles como, que \u00edan facer e respond\u00e9ronnos que a pregunta xa estaba contestada.<\/p><\/blockquote>\n\n\n\n<p><strong>Fixeron algo respecto diso?<\/strong><\/p>\n\n\n\n<blockquote class=\"wp-block-quote is-layout-flow wp-block-quote-is-layout-flow\"><p>Non,non fixeron nada.<\/p><\/blockquote>\n\n\n\n<p><strong>Luciano, cales son os principais problemas que padece Pazos?<\/strong><\/p>\n\n\n\n<blockquote class=\"wp-block-quote is-layout-flow wp-block-quote-is-layout-flow\"><p>A lentitude e desorganizaci\u00f3n da xesti\u00f3n coti\u00e1 do concello para a veci\u00f1anza. Eu levei a pleno unha chamada de atenci\u00f3n da valedora do pobo, porque un veci\u00f1o meteu unha petici\u00f3n e non lle contestaron, volveu metela e seguiu sen contestaci\u00f3n, meteu 5 escritos para que lle contestasen un, despois dun ano de tr\u00e1mites.<\/p><\/blockquote>\n\n\n\n<blockquote class=\"wp-block-quote is-layout-flow wp-block-quote-is-layout-flow\"><p>Hai que darlle un impulso ao concello e potenciar un plan xeral. Estamos a funcionar coas normas subsidiarias .<\/p><\/blockquote>\n\n\n\n<p><strong>O PP leva moitos anos tendo maior\u00eda absoluta neste concello. Nunca deu un paso adiante para facer un Plan Xeral?<\/strong><\/p>\n\n\n\n<blockquote class=\"wp-block-quote is-layout-flow wp-block-quote-is-layout-flow\"><p>Si. Exp\u00faxose unha proposta antes do 2011, pero houbo movementos veci\u00f1ais en contra, hab\u00eda cousas sospeitosas e present\u00e1ronse moitas alegaci\u00f3ns. Met\u00e9rono nun caix\u00f3n e al\u00ed quedou enterrado.<\/p><\/blockquote>\n\n\n\n<blockquote class=\"wp-block-quote is-layout-flow wp-block-quote-is-layout-flow\"><p>Tam\u00e9n est\u00e1 o do pol\u00edgono de Amoedo, no canto de colaborar coa Comunidade de Montes para darlle un impulso ao pol\u00edgono, mellorar as infraestruturas para que creza e ve\u00f1an empresas, est\u00e1n con enfrontamentos. Esta \u00e9 outra caracter\u00edstica deste Goberno.<\/p><\/blockquote>\n\n\n\n<p><strong>Este problema caracteriza a Galicia desde sempre. O nepotismo e a bipolarizaci\u00f3n da sociedade en amigos e inimigos. O PP de Pazos de Borb\u00e9n act\u00faa as\u00ed?<\/strong><\/p>\n\n\n\n<blockquote class=\"wp-block-quote is-layout-flow wp-block-quote-is-layout-flow\"><p>L\u00e9vao ao extremo totalmente, parece que fan pol\u00edtica de patio do colexio. Ata no Pleno de setembro imped\u00edronnos facer as preguntas. Queix\u00e1monos, v\u00edronse acurralados , o alcalde levantou a sesi\u00f3n e non puidemos terminar a nosa quenda de preguntas.<\/p><\/blockquote>\n\n\n\n<p><strong>Nas elecci\u00f3ns do 2019 o PP conservou a maior\u00eda por moi pouqui\u00f1os votos. Houbo d\u00faas casu\u00edsticas que foron , ao meu xu\u00edzo, as que lle deron o 6 concelleiro por esa marxe tan estreita:1) A decisi\u00f3n de Conde de presentarse.2) E unha situaci\u00f3n un tanto an\u00f3mala de presuntos censos en puntos concretos de Pazos de persoas que supostamente non viven no Concello. Quero preguntarche polas d\u00faas:<\/strong><\/p>\n\n\n\n<p><strong>Sabes se Conde ten intenci\u00f3n de volverse presentar?<\/strong><\/p>\n\n\n\n<blockquote class=\"wp-block-quote is-layout-flow wp-block-quote-is-layout-flow\"><p>Creo que non, que non se vai a presentar.<\/p><\/blockquote>\n\n\n\n<p><strong>E no tema de censo ides facer algo?<\/strong><\/p>\n\n\n\n<blockquote class=\"wp-block-quote is-layout-flow wp-block-quote-is-layout-flow\"><p>Imos estar moi vixiantes. Nos anteriores comicios, como viron perigar a maior\u00eda absoluta, fixeron presuntamente empadroamentos en n\u00facleos que controlan como, por exemplo, a residencia da terceira idade ou en casa dalg\u00fans concelleiros. Sospeitamos que houbo uns 40 empadroamentos que non son veci\u00f1os de Pazos. Destes 40, alg\u00fans votaron por correo e sospeitamos que Andr\u00e9s foi investido alcalde con votos fraudulentos.<\/p><\/blockquote>\n\n\n\n<p><strong>Hai maneira de controlar isto?<\/strong><\/p>\n\n\n\n<blockquote class=\"wp-block-quote is-layout-flow wp-block-quote-is-layout-flow\"><p>Hai un per\u00edodo de exposici\u00f3n p\u00fablica do censo.<\/p><\/blockquote>\n\n\n\n<p><strong>Cales son as expectativas realistas que tes para as pr\u00f3ximas elecci\u00f3ns?<\/strong><\/p>\n\n\n\n<blockquote class=\"wp-block-quote is-layout-flow wp-block-quote-is-layout-flow\"><p>Isto \u00e9 moi dif\u00edcil de pulsar, pero estou seguro que eles non o te\u00f1en f\u00e1cil. Hai m\u00e1is veci\u00f1os descontentos co goberno municipal que os que est\u00e1n contentos. En total son uns 1126 votos para o conxunto da oposici\u00f3n fronte aos 850 que quita o PP. O PP non ten a confianza da maior\u00eda de Pazos. E estou seguro que desta volta a realidade sociol\u00f3xica do noso concello reflectirase nas urnas de maneira que o PP perda a maior\u00eda absoluta,<\/p><\/blockquote>\n\n\n\n<p><strong>Que poder\u00eda atopar en ti un veci\u00f1o ou unha veci\u00f1a de Pazos se foses alcalde?<\/strong><\/p>\n\n\n\n<blockquote class=\"wp-block-quote is-layout-flow wp-block-quote-is-layout-flow\"><p>O primordial, traballar e estar presente. Despois, tentar acabar co sectarismo no concello.<\/p><\/blockquote>\n","protected":false},"excerpt":{"rendered":"<div class=\"mh-excerpt\"><p>Despois de rozar cos dedos a alcald\u00eda nos dou \u00faltimos procesos electorais o l\u00edder de Alternativa Veci\u00f1al, e xefe da oposici\u00f3n de Pazos, Luciano Otero am\u00f3sase convencido e ilusionado en que nas elecci\u00f3ns do ano pr\u00f3ximo o seu proxecto pol\u00edtico obter\u00e1 a confianza da maior\u00eda da veci\u00f1anza da s\u00faa localidade <a class=\"mh-excerpt-more\" href=\"https:\/\/www.anovapeneira.gal\/index.php\/2022\/10\/20\/luciano-otero-de-alternativa-vecinal-xefe-da-oposicion-en-pazos-de-borben\/\" title=\"Luciano Otero de Alternativa Veci\u00f1al, xefe da oposici\u00f3n en Pazos de Borb\u00e9n\">[&#8230;]<\/a><\/p>\n<\/div>","protected":false},"author":3,"featured_media":8405,"comment_status":"open","ping_status":"open","sticky":false,"template":"","format":"standard","meta":{"_exactmetrics_skip_tracking":false,"_exactmetrics_sitenote_active":false,"_exactmetrics_sitenote_note":"","_exactmetrics_sitenote_category":0,"footnotes":""},"categories":[270],"tags":[1089],"class_list":{"0":"post-8402","1":"post","2":"type-post","3":"status-publish","4":"format-standard","5":"has-post-thumbnail","7":"category-redondela-entrevistas","8":"tag-concello-de-pazos-de-borben"},"yoast_head":"<!-- This site is optimized with the Yoast SEO plugin v27.4 - https:\/\/yoast.com\/product\/yoast-seo-wordpress\/ -->\n<title>Luciano Otero de Alternativa Veci\u00f1al, xefe da oposici\u00f3n en Pazos de Borb\u00e9n -<\/title>\n<meta name=\"description\" content=\"Despois de rozar cos dedos a alcald\u00eda nos dou \u00faltimos procesos electorais o l\u00edder de Alternativa Veci\u00f1al, e xefe da oposici\u00f3n de Pazos, Luciano Otero am\u00f3sase convencido e ilusionado en que nas elecci\u00f3ns do ano pr\u00f3ximo o seu proxecto pol\u00edtico obter\u00e1 a confianza da maior\u00eda da veci\u00f1anza da s\u00faa localidade\" \/>\n<meta name=\"robots\" content=\"index, follow, max-snippet:-1, max-image-preview:large, max-video-preview:-1\" \/>\n<link rel=\"canonical\" href=\"https:\/\/www.anovapeneira.gal\/index.php\/2022\/10\/20\/luciano-otero-de-alternativa-vecinal-xefe-da-oposicion-en-pazos-de-borben\/\" \/>\n<meta property=\"og:locale\" content=\"gl_ES\" \/>\n<meta property=\"og:type\" content=\"article\" \/>\n<meta property=\"og:title\" content=\"Luciano Otero de Alternativa Veci\u00f1al, xefe da oposici\u00f3n en Pazos de Borb\u00e9n -\" \/>\n<meta property=\"og:description\" content=\"Despois de rozar cos dedos a alcald\u00eda nos dou \u00faltimos procesos electorais o l\u00edder de Alternativa Veci\u00f1al, e xefe da oposici\u00f3n de Pazos, Luciano Otero am\u00f3sase convencido e ilusionado en que nas elecci\u00f3ns do ano pr\u00f3ximo o seu proxecto pol\u00edtico obter\u00e1 a confianza da maior\u00eda da veci\u00f1anza da s\u00faa localidade\" \/>\n<meta property=\"og:url\" content=\"https:\/\/www.anovapeneira.gal\/index.php\/2022\/10\/20\/luciano-otero-de-alternativa-vecinal-xefe-da-oposicion-en-pazos-de-borben\/\" \/>\n<meta property=\"article:publisher\" content=\"https:\/\/www.facebook.com\/anovapeneira\" \/>\n<meta property=\"article:published_time\" content=\"2022-10-20T10:00:58+00:00\" \/>\n<meta property=\"og:image\" content=\"https:\/\/www.anovapeneira.gal\/wp-content\/uploads\/2022\/10\/luciano_otero_pazos_de_borben.jpg\" \/>\n\t<meta property=\"og:image:width\" content=\"720\" \/>\n\t<meta property=\"og:image:height\" content=\"432\" \/>\n\t<meta property=\"og:image:type\" content=\"image\/jpeg\" \/>\n<meta name=\"author\" content=\"Redacci\u00f3n A Nova Peneira\" \/>\n<meta name=\"twitter:card\" content=\"summary_large_image\" \/>\n<meta name=\"twitter:creator\" content=\"@APeneira\" \/>\n<meta name=\"twitter:site\" content=\"@APeneira\" \/>\n<meta name=\"twitter:label1\" content=\"Escrito por\" \/>\n\t<meta name=\"twitter:data1\" content=\"Redacci\u00f3n A Nova Peneira\" \/>\n\t<meta name=\"twitter:label2\" content=\"Tempo de lectura\" \/>\n\t<meta name=\"twitter:data2\" content=\"7 minutos\" \/>\n<script type=\"application\/ld+json\" class=\"yoast-schema-graph\">{\"@context\":\"https:\\\/\\\/schema.org\",\"@graph\":[{\"@type\":\"Article\",\"@id\":\"https:\\\/\\\/www.anovapeneira.gal\\\/index.php\\\/2022\\\/10\\\/20\\\/luciano-otero-de-alternativa-vecinal-xefe-da-oposicion-en-pazos-de-borben\\\/#article\",\"isPartOf\":{\"@id\":\"https:\\\/\\\/www.anovapeneira.gal\\\/index.php\\\/2022\\\/10\\\/20\\\/luciano-otero-de-alternativa-vecinal-xefe-da-oposicion-en-pazos-de-borben\\\/\"},\"author\":{\"name\":\"Redacci\u00f3n A Nova Peneira\",\"@id\":\"https:\\\/\\\/www.anovapeneira.gal\\\/#\\\/schema\\\/person\\\/b93e3f8932e3f8da96334607eb6ac6aa\"},\"headline\":\"Luciano Otero de Alternativa Veci\u00f1al, xefe da oposici\u00f3n en Pazos de Borb\u00e9n\",\"datePublished\":\"2022-10-20T10:00:58+00:00\",\"mainEntityOfPage\":{\"@id\":\"https:\\\/\\\/www.anovapeneira.gal\\\/index.php\\\/2022\\\/10\\\/20\\\/luciano-otero-de-alternativa-vecinal-xefe-da-oposicion-en-pazos-de-borben\\\/\"},\"wordCount\":1294,\"commentCount\":0,\"publisher\":{\"@id\":\"https:\\\/\\\/www.anovapeneira.gal\\\/#organization\"},\"image\":{\"@id\":\"https:\\\/\\\/www.anovapeneira.gal\\\/index.php\\\/2022\\\/10\\\/20\\\/luciano-otero-de-alternativa-vecinal-xefe-da-oposicion-en-pazos-de-borben\\\/#primaryimage\"},\"thumbnailUrl\":\"https:\\\/\\\/www.anovapeneira.gal\\\/wp-content\\\/uploads\\\/2022\\\/10\\\/luciano_otero_pazos_de_borben.jpg\",\"keywords\":[\"Concello de Pazos de Borb\u00e9n\"],\"articleSection\":[\"Redondela\"],\"inLanguage\":\"gl-ES\",\"potentialAction\":[{\"@type\":\"CommentAction\",\"name\":\"Comment\",\"target\":[\"https:\\\/\\\/www.anovapeneira.gal\\\/index.php\\\/2022\\\/10\\\/20\\\/luciano-otero-de-alternativa-vecinal-xefe-da-oposicion-en-pazos-de-borben\\\/#respond\"]}]},{\"@type\":\"WebPage\",\"@id\":\"https:\\\/\\\/www.anovapeneira.gal\\\/index.php\\\/2022\\\/10\\\/20\\\/luciano-otero-de-alternativa-vecinal-xefe-da-oposicion-en-pazos-de-borben\\\/\",\"url\":\"https:\\\/\\\/www.anovapeneira.gal\\\/index.php\\\/2022\\\/10\\\/20\\\/luciano-otero-de-alternativa-vecinal-xefe-da-oposicion-en-pazos-de-borben\\\/\",\"name\":\"Luciano Otero de Alternativa Veci\u00f1al, xefe da oposici\u00f3n en Pazos de Borb\u00e9n -\",\"isPartOf\":{\"@id\":\"https:\\\/\\\/www.anovapeneira.gal\\\/#website\"},\"primaryImageOfPage\":{\"@id\":\"https:\\\/\\\/www.anovapeneira.gal\\\/index.php\\\/2022\\\/10\\\/20\\\/luciano-otero-de-alternativa-vecinal-xefe-da-oposicion-en-pazos-de-borben\\\/#primaryimage\"},\"image\":{\"@id\":\"https:\\\/\\\/www.anovapeneira.gal\\\/index.php\\\/2022\\\/10\\\/20\\\/luciano-otero-de-alternativa-vecinal-xefe-da-oposicion-en-pazos-de-borben\\\/#primaryimage\"},\"thumbnailUrl\":\"https:\\\/\\\/www.anovapeneira.gal\\\/wp-content\\\/uploads\\\/2022\\\/10\\\/luciano_otero_pazos_de_borben.jpg\",\"datePublished\":\"2022-10-20T10:00:58+00:00\",\"description\":\"Despois de rozar cos dedos a alcald\u00eda nos dou \u00faltimos procesos electorais o l\u00edder de Alternativa Veci\u00f1al, e xefe da oposici\u00f3n de Pazos, Luciano Otero am\u00f3sase convencido e ilusionado en que nas elecci\u00f3ns do ano pr\u00f3ximo o seu proxecto pol\u00edtico obter\u00e1 a confianza da maior\u00eda da veci\u00f1anza da s\u00faa localidade\",\"breadcrumb\":{\"@id\":\"https:\\\/\\\/www.anovapeneira.gal\\\/index.php\\\/2022\\\/10\\\/20\\\/luciano-otero-de-alternativa-vecinal-xefe-da-oposicion-en-pazos-de-borben\\\/#breadcrumb\"},\"inLanguage\":\"gl-ES\",\"potentialAction\":[{\"@type\":\"ReadAction\",\"target\":[\"https:\\\/\\\/www.anovapeneira.gal\\\/index.php\\\/2022\\\/10\\\/20\\\/luciano-otero-de-alternativa-vecinal-xefe-da-oposicion-en-pazos-de-borben\\\/\"]}]},{\"@type\":\"ImageObject\",\"inLanguage\":\"gl-ES\",\"@id\":\"https:\\\/\\\/www.anovapeneira.gal\\\/index.php\\\/2022\\\/10\\\/20\\\/luciano-otero-de-alternativa-vecinal-xefe-da-oposicion-en-pazos-de-borben\\\/#primaryimage\",\"url\":\"https:\\\/\\\/www.anovapeneira.gal\\\/wp-content\\\/uploads\\\/2022\\\/10\\\/luciano_otero_pazos_de_borben.jpg\",\"contentUrl\":\"https:\\\/\\\/www.anovapeneira.gal\\\/wp-content\\\/uploads\\\/2022\\\/10\\\/luciano_otero_pazos_de_borben.jpg\",\"width\":720,\"height\":432,\"caption\":\"Luciano Otero de Alternativa Veci\u00f1al, xefe da oposici\u00f3n en Pazos de Borb\u00e9n.\"},{\"@type\":\"BreadcrumbList\",\"@id\":\"https:\\\/\\\/www.anovapeneira.gal\\\/index.php\\\/2022\\\/10\\\/20\\\/luciano-otero-de-alternativa-vecinal-xefe-da-oposicion-en-pazos-de-borben\\\/#breadcrumb\",\"itemListElement\":[{\"@type\":\"ListItem\",\"position\":1,\"name\":\"Portada\",\"item\":\"https:\\\/\\\/www.anovapeneira.gal\\\/\"},{\"@type\":\"ListItem\",\"position\":2,\"name\":\"Luciano Otero de Alternativa Veci\u00f1al, xefe da oposici\u00f3n en Pazos de Borb\u00e9n\"}]},{\"@type\":\"WebSite\",\"@id\":\"https:\\\/\\\/www.anovapeneira.gal\\\/#website\",\"url\":\"https:\\\/\\\/www.anovapeneira.gal\\\/\",\"name\":\"\",\"description\":\"Xornal galego de informaci\u00f3n xeral Publicaci\u00f3n mensual de novas de Galicia e en especial dos Concellos da sur da provincia de Pontevedra.\",\"publisher\":{\"@id\":\"https:\\\/\\\/www.anovapeneira.gal\\\/#organization\"},\"potentialAction\":[{\"@type\":\"SearchAction\",\"target\":{\"@type\":\"EntryPoint\",\"urlTemplate\":\"https:\\\/\\\/www.anovapeneira.gal\\\/?s={search_term_string}\"},\"query-input\":{\"@type\":\"PropertyValueSpecification\",\"valueRequired\":true,\"valueName\":\"search_term_string\"}}],\"inLanguage\":\"gl-ES\"},{\"@type\":\"Organization\",\"@id\":\"https:\\\/\\\/www.anovapeneira.gal\\\/#organization\",\"name\":\"A Nova Peneira\",\"url\":\"https:\\\/\\\/www.anovapeneira.gal\\\/\",\"logo\":{\"@type\":\"ImageObject\",\"inLanguage\":\"gl-ES\",\"@id\":\"https:\\\/\\\/www.anovapeneira.gal\\\/#\\\/schema\\\/logo\\\/image\\\/\",\"url\":\"http:\\\/\\\/www.anovapeneira.gal\\\/wp-content\\\/uploads\\\/2019\\\/06\\\/logo_a_nova_peneira_portal_web.png\",\"contentUrl\":\"http:\\\/\\\/www.anovapeneira.gal\\\/wp-content\\\/uploads\\\/2019\\\/06\\\/logo_a_nova_peneira_portal_web.png\",\"width\":300,\"height\":100,\"caption\":\"A Nova Peneira\"},\"image\":{\"@id\":\"https:\\\/\\\/www.anovapeneira.gal\\\/#\\\/schema\\\/logo\\\/image\\\/\"},\"sameAs\":[\"https:\\\/\\\/www.facebook.com\\\/anovapeneira\",\"https:\\\/\\\/x.com\\\/APeneira\"]},{\"@type\":\"Person\",\"@id\":\"https:\\\/\\\/www.anovapeneira.gal\\\/#\\\/schema\\\/person\\\/b93e3f8932e3f8da96334607eb6ac6aa\",\"name\":\"Redacci\u00f3n A Nova Peneira\",\"image\":{\"@type\":\"ImageObject\",\"inLanguage\":\"gl-ES\",\"@id\":\"https:\\\/\\\/secure.gravatar.com\\\/avatar\\\/c052a2551a06e23fac63626232eaa90abd78dbcf1700fc46a2b2c89fd27b735f?s=96&d=mm&r=g\",\"url\":\"https:\\\/\\\/secure.gravatar.com\\\/avatar\\\/c052a2551a06e23fac63626232eaa90abd78dbcf1700fc46a2b2c89fd27b735f?s=96&d=mm&r=g\",\"contentUrl\":\"https:\\\/\\\/secure.gravatar.com\\\/avatar\\\/c052a2551a06e23fac63626232eaa90abd78dbcf1700fc46a2b2c89fd27b735f?s=96&d=mm&r=g\",\"caption\":\"Redacci\u00f3n A Nova Peneira\"},\"sameAs\":[\"http:\\\/\\\/www.anovapeneira.gal\\\/\"],\"url\":\"https:\\\/\\\/www.anovapeneira.gal\\\/index.php\\\/author\\\/redactor\\\/\"}]}<\/script>\n<!-- \/ Yoast SEO plugin. -->","yoast_head_json":{"title":"Luciano Otero de Alternativa Veci\u00f1al, xefe da oposici\u00f3n en Pazos de Borb\u00e9n -","description":"Despois de rozar cos dedos a alcald\u00eda nos dou \u00faltimos procesos electorais o l\u00edder de Alternativa Veci\u00f1al, e xefe da oposici\u00f3n de Pazos, Luciano Otero am\u00f3sase convencido e ilusionado en que nas elecci\u00f3ns do ano pr\u00f3ximo o seu proxecto pol\u00edtico obter\u00e1 a confianza da maior\u00eda da veci\u00f1anza da s\u00faa localidade","robots":{"index":"index","follow":"follow","max-snippet":"max-snippet:-1","max-image-preview":"max-image-preview:large","max-video-preview":"max-video-preview:-1"},"canonical":"https:\/\/www.anovapeneira.gal\/index.php\/2022\/10\/20\/luciano-otero-de-alternativa-vecinal-xefe-da-oposicion-en-pazos-de-borben\/","og_locale":"gl_ES","og_type":"article","og_title":"Luciano Otero de Alternativa Veci\u00f1al, xefe da oposici\u00f3n en Pazos de Borb\u00e9n -","og_description":"Despois de rozar cos dedos a alcald\u00eda nos dou \u00faltimos procesos electorais o l\u00edder de Alternativa Veci\u00f1al, e xefe da oposici\u00f3n de Pazos, Luciano Otero am\u00f3sase convencido e ilusionado en que nas elecci\u00f3ns do ano pr\u00f3ximo o seu proxecto pol\u00edtico obter\u00e1 a confianza da maior\u00eda da veci\u00f1anza da s\u00faa localidade","og_url":"https:\/\/www.anovapeneira.gal\/index.php\/2022\/10\/20\/luciano-otero-de-alternativa-vecinal-xefe-da-oposicion-en-pazos-de-borben\/","article_publisher":"https:\/\/www.facebook.com\/anovapeneira","article_published_time":"2022-10-20T10:00:58+00:00","og_image":[{"width":720,"height":432,"url":"https:\/\/www.anovapeneira.gal\/wp-content\/uploads\/2022\/10\/luciano_otero_pazos_de_borben.jpg","type":"image\/jpeg"}],"author":"Redacci\u00f3n A Nova Peneira","twitter_card":"summary_large_image","twitter_creator":"@APeneira","twitter_site":"@APeneira","twitter_misc":{"Escrito por":"Redacci\u00f3n A Nova Peneira","Tempo de lectura":"7 minutos"},"schema":{"@context":"https:\/\/schema.org","@graph":[{"@type":"Article","@id":"https:\/\/www.anovapeneira.gal\/index.php\/2022\/10\/20\/luciano-otero-de-alternativa-vecinal-xefe-da-oposicion-en-pazos-de-borben\/#article","isPartOf":{"@id":"https:\/\/www.anovapeneira.gal\/index.php\/2022\/10\/20\/luciano-otero-de-alternativa-vecinal-xefe-da-oposicion-en-pazos-de-borben\/"},"author":{"name":"Redacci\u00f3n A Nova Peneira","@id":"https:\/\/www.anovapeneira.gal\/#\/schema\/person\/b93e3f8932e3f8da96334607eb6ac6aa"},"headline":"Luciano Otero de Alternativa Veci\u00f1al, xefe da oposici\u00f3n en Pazos de Borb\u00e9n","datePublished":"2022-10-20T10:00:58+00:00","mainEntityOfPage":{"@id":"https:\/\/www.anovapeneira.gal\/index.php\/2022\/10\/20\/luciano-otero-de-alternativa-vecinal-xefe-da-oposicion-en-pazos-de-borben\/"},"wordCount":1294,"commentCount":0,"publisher":{"@id":"https:\/\/www.anovapeneira.gal\/#organization"},"image":{"@id":"https:\/\/www.anovapeneira.gal\/index.php\/2022\/10\/20\/luciano-otero-de-alternativa-vecinal-xefe-da-oposicion-en-pazos-de-borben\/#primaryimage"},"thumbnailUrl":"https:\/\/www.anovapeneira.gal\/wp-content\/uploads\/2022\/10\/luciano_otero_pazos_de_borben.jpg","keywords":["Concello de Pazos de Borb\u00e9n"],"articleSection":["Redondela"],"inLanguage":"gl-ES","potentialAction":[{"@type":"CommentAction","name":"Comment","target":["https:\/\/www.anovapeneira.gal\/index.php\/2022\/10\/20\/luciano-otero-de-alternativa-vecinal-xefe-da-oposicion-en-pazos-de-borben\/#respond"]}]},{"@type":"WebPage","@id":"https:\/\/www.anovapeneira.gal\/index.php\/2022\/10\/20\/luciano-otero-de-alternativa-vecinal-xefe-da-oposicion-en-pazos-de-borben\/","url":"https:\/\/www.anovapeneira.gal\/index.php\/2022\/10\/20\/luciano-otero-de-alternativa-vecinal-xefe-da-oposicion-en-pazos-de-borben\/","name":"Luciano Otero de Alternativa Veci\u00f1al, xefe da oposici\u00f3n en Pazos de Borb\u00e9n -","isPartOf":{"@id":"https:\/\/www.anovapeneira.gal\/#website"},"primaryImageOfPage":{"@id":"https:\/\/www.anovapeneira.gal\/index.php\/2022\/10\/20\/luciano-otero-de-alternativa-vecinal-xefe-da-oposicion-en-pazos-de-borben\/#primaryimage"},"image":{"@id":"https:\/\/www.anovapeneira.gal\/index.php\/2022\/10\/20\/luciano-otero-de-alternativa-vecinal-xefe-da-oposicion-en-pazos-de-borben\/#primaryimage"},"thumbnailUrl":"https:\/\/www.anovapeneira.gal\/wp-content\/uploads\/2022\/10\/luciano_otero_pazos_de_borben.jpg","datePublished":"2022-10-20T10:00:58+00:00","description":"Despois de rozar cos dedos a alcald\u00eda nos dou \u00faltimos procesos electorais o l\u00edder de Alternativa Veci\u00f1al, e xefe da oposici\u00f3n de Pazos, Luciano Otero am\u00f3sase convencido e ilusionado en que nas elecci\u00f3ns do ano pr\u00f3ximo o seu proxecto pol\u00edtico obter\u00e1 a confianza da maior\u00eda da veci\u00f1anza da s\u00faa localidade","breadcrumb":{"@id":"https:\/\/www.anovapeneira.gal\/index.php\/2022\/10\/20\/luciano-otero-de-alternativa-vecinal-xefe-da-oposicion-en-pazos-de-borben\/#breadcrumb"},"inLanguage":"gl-ES","potentialAction":[{"@type":"ReadAction","target":["https:\/\/www.anovapeneira.gal\/index.php\/2022\/10\/20\/luciano-otero-de-alternativa-vecinal-xefe-da-oposicion-en-pazos-de-borben\/"]}]},{"@type":"ImageObject","inLanguage":"gl-ES","@id":"https:\/\/www.anovapeneira.gal\/index.php\/2022\/10\/20\/luciano-otero-de-alternativa-vecinal-xefe-da-oposicion-en-pazos-de-borben\/#primaryimage","url":"https:\/\/www.anovapeneira.gal\/wp-content\/uploads\/2022\/10\/luciano_otero_pazos_de_borben.jpg","contentUrl":"https:\/\/www.anovapeneira.gal\/wp-content\/uploads\/2022\/10\/luciano_otero_pazos_de_borben.jpg","width":720,"height":432,"caption":"Luciano Otero de Alternativa Veci\u00f1al, xefe da oposici\u00f3n en Pazos de Borb\u00e9n."},{"@type":"BreadcrumbList","@id":"https:\/\/www.anovapeneira.gal\/index.php\/2022\/10\/20\/luciano-otero-de-alternativa-vecinal-xefe-da-oposicion-en-pazos-de-borben\/#breadcrumb","itemListElement":[{"@type":"ListItem","position":1,"name":"Portada","item":"https:\/\/www.anovapeneira.gal\/"},{"@type":"ListItem","position":2,"name":"Luciano Otero de Alternativa Veci\u00f1al, xefe da oposici\u00f3n en Pazos de Borb\u00e9n"}]},{"@type":"WebSite","@id":"https:\/\/www.anovapeneira.gal\/#website","url":"https:\/\/www.anovapeneira.gal\/","name":"","description":"Xornal galego de informaci\u00f3n xeral Publicaci\u00f3n mensual de novas de Galicia e en especial dos Concellos da sur da provincia de Pontevedra.","publisher":{"@id":"https:\/\/www.anovapeneira.gal\/#organization"},"potentialAction":[{"@type":"SearchAction","target":{"@type":"EntryPoint","urlTemplate":"https:\/\/www.anovapeneira.gal\/?s={search_term_string}"},"query-input":{"@type":"PropertyValueSpecification","valueRequired":true,"valueName":"search_term_string"}}],"inLanguage":"gl-ES"},{"@type":"Organization","@id":"https:\/\/www.anovapeneira.gal\/#organization","name":"A Nova Peneira","url":"https:\/\/www.anovapeneira.gal\/","logo":{"@type":"ImageObject","inLanguage":"gl-ES","@id":"https:\/\/www.anovapeneira.gal\/#\/schema\/logo\/image\/","url":"http:\/\/www.anovapeneira.gal\/wp-content\/uploads\/2019\/06\/logo_a_nova_peneira_portal_web.png","contentUrl":"http:\/\/www.anovapeneira.gal\/wp-content\/uploads\/2019\/06\/logo_a_nova_peneira_portal_web.png","width":300,"height":100,"caption":"A Nova Peneira"},"image":{"@id":"https:\/\/www.anovapeneira.gal\/#\/schema\/logo\/image\/"},"sameAs":["https:\/\/www.facebook.com\/anovapeneira","https:\/\/x.com\/APeneira"]},{"@type":"Person","@id":"https:\/\/www.anovapeneira.gal\/#\/schema\/person\/b93e3f8932e3f8da96334607eb6ac6aa","name":"Redacci\u00f3n A Nova Peneira","image":{"@type":"ImageObject","inLanguage":"gl-ES","@id":"https:\/\/secure.gravatar.com\/avatar\/c052a2551a06e23fac63626232eaa90abd78dbcf1700fc46a2b2c89fd27b735f?s=96&d=mm&r=g","url":"https:\/\/secure.gravatar.com\/avatar\/c052a2551a06e23fac63626232eaa90abd78dbcf1700fc46a2b2c89fd27b735f?s=96&d=mm&r=g","contentUrl":"https:\/\/secure.gravatar.com\/avatar\/c052a2551a06e23fac63626232eaa90abd78dbcf1700fc46a2b2c89fd27b735f?s=96&d=mm&r=g","caption":"Redacci\u00f3n A Nova Peneira"},"sameAs":["http:\/\/www.anovapeneira.gal\/"],"url":"https:\/\/www.anovapeneira.gal\/index.php\/author\/redactor\/"}]}},"jetpack_featured_media_url":"https:\/\/www.anovapeneira.gal\/wp-content\/uploads\/2022\/10\/luciano_otero_pazos_de_borben.jpg","_links":{"self":[{"href":"https:\/\/www.anovapeneira.gal\/index.php\/wp-json\/wp\/v2\/posts\/8402","targetHints":{"allow":["GET"]}}],"collection":[{"href":"https:\/\/www.anovapeneira.gal\/index.php\/wp-json\/wp\/v2\/posts"}],"about":[{"href":"https:\/\/www.anovapeneira.gal\/index.php\/wp-json\/wp\/v2\/types\/post"}],"author":[{"embeddable":true,"href":"https:\/\/www.anovapeneira.gal\/index.php\/wp-json\/wp\/v2\/users\/3"}],"replies":[{"embeddable":true,"href":"https:\/\/www.anovapeneira.gal\/index.php\/wp-json\/wp\/v2\/comments?post=8402"}],"version-history":[{"count":2,"href":"https:\/\/www.anovapeneira.gal\/index.php\/wp-json\/wp\/v2\/posts\/8402\/revisions"}],"predecessor-version":[{"id":8404,"href":"https:\/\/www.anovapeneira.gal\/index.php\/wp-json\/wp\/v2\/posts\/8402\/revisions\/8404"}],"wp:featuredmedia":[{"embeddable":true,"href":"https:\/\/www.anovapeneira.gal\/index.php\/wp-json\/wp\/v2\/media\/8405"}],"wp:attachment":[{"href":"https:\/\/www.anovapeneira.gal\/index.php\/wp-json\/wp\/v2\/media?parent=8402"}],"wp:term":[{"taxonomy":"category","embeddable":true,"href":"https:\/\/www.anovapeneira.gal\/index.php\/wp-json\/wp\/v2\/categories?post=8402"},{"taxonomy":"post_tag","embeddable":true,"href":"https:\/\/www.anovapeneira.gal\/index.php\/wp-json\/wp\/v2\/tags?post=8402"}],"curies":[{"name":"wp","href":"https:\/\/api.w.org\/{rel}","templated":true}]}}