{"id":8406,"date":"2022-10-24T12:00:02","date_gmt":"2022-10-24T10:00:02","guid":{"rendered":"https:\/\/www.anovapeneira.gal\/?p=8406"},"modified":"2022-10-16T18:07:05","modified_gmt":"2022-10-16T16:07:05","slug":"nova-derrota-xudicial-do-concello-de-mos","status":"publish","type":"post","link":"https:\/\/www.anovapeneira.gal\/index.php\/2022\/10\/24\/nova-derrota-xudicial-do-concello-de-mos\/","title":{"rendered":"Nova derrota xudicial do concello de Mos"},"content":{"rendered":"\n<p><strong>O concello de Mos foi recentemente obrigado v\u00eda sentenza xudicial, porque antes se negou a atender a raz\u00f3ns, a aceptar que os delegados e delegadas de CCOO no comit\u00e9 de empresa do Concello cederan o seu cr\u00e9dito horario, para realizar traballo sindical, \u00e1 delegada desa central sindical que CCOO considerou que debera recibilo pois polo seu perfil o sindicato consid\u00e9raa unha persoa id\u00f3nea para realizar sindicalismo. N\u00f3s conversamos coa persoa de CCOO responsable das relaci\u00f3ns coas administraci\u00f3ns locais na s\u00faa agrupaci\u00f3n de Vigo.<\/strong><\/p>\n\n\n\n<p><strong>Carlos Mart\u00ednez coordinador de servizos \u00e1 cidadan\u00eda da<\/strong><\/p>\n\n\n\n<p><strong>agrupaci\u00f3n de Vigo de CCOO<\/strong><\/p>\n\n\n\n<p><strong>Cantos anos levas afiliado a CCOO?<\/strong><\/p>\n\n\n\n<blockquote class=\"wp-block-quote is-layout-flow wp-block-quote-is-layout-flow\"><p>Desde 1992. Levo 30 anos<\/p><\/blockquote>\n\n\n\n<p><strong>Nestas 3 d\u00e9cadas no sindicato ver\u00edas todo tipo de contextos, alg\u00fan tan complicado como o que parece que estamos a vivir?<\/strong><\/p>\n\n\n\n<blockquote class=\"wp-block-quote is-layout-flow wp-block-quote-is-layout-flow\"><p>A crise do 2008 foi bestial, pero esta ten pinta de que pode chegar a ser peor. Veremos como evoluciona pero en principio parece diferente a todo o que temos vivido ata agora.<\/p><\/blockquote>\n\n\n\n<p><strong>Cal \u00e9 a t\u00faa responsabilidade no sindicato?<\/strong><\/p>\n\n\n\n<blockquote class=\"wp-block-quote is-layout-flow wp-block-quote-is-layout-flow\"><p>Levo a administraci\u00f3n local. Negocio nos concellos da mi\u00f1a \u00e1rea, Vigo e Baixo Mi\u00f1o( arredor de 30 concellos) os dereitos laborais dos seus traballadores e traballadoras tanto os funcionarios como o persoal laboral.<\/p><\/blockquote>\n\n\n\n<p><strong>As negociaci\u00f3ns cos alcaldes e alcaldesas en li\u00f1as xerais en que par\u00e1metros se moven?<\/strong><\/p>\n\n\n\n<blockquote class=\"wp-block-quote is-layout-flow wp-block-quote-is-layout-flow\"><p>Hai de todo. \u00c1s veces hai tensi\u00f3ns e \u00e1s veces se chegan a acordos de maneira m\u00e1is f\u00e1cil.<\/p><\/blockquote>\n\n\n\n<p><strong>C\u00f3ntanos o conflito concreto que tivestes co Concello de Mos?<\/strong><\/p>\n\n\n\n<blockquote class=\"wp-block-quote is-layout-flow wp-block-quote-is-layout-flow\"><p>Nas \u00faltimas elecci\u00f3ns sindicais demos un salto importante e pasamos de ter 2 representantes no comit\u00e9 a 4 nun comit\u00e9 de 10 persoas que funciona como un s\u00f3 \u00f3rgano colexiado. As e os delegados electos te\u00f1en un cr\u00e9dito horario de horas mensuais para realizar as s\u00faas funci\u00f3ns sindicais.<\/p><\/blockquote>\n\n\n\n<blockquote class=\"wp-block-quote is-layout-flow wp-block-quote-is-layout-flow\"><p>N\u00f3s decidimos que 3 dos nosos delegados lle cederan o seu cr\u00e9dito \u00e1 nosa compa\u00f1eira que \u00eda de n\u00famero un na nosa lista, pois entendiamos que polo seu perfil e caracter\u00edsticas pos\u00fae elevadas capacidades para facer sindicalismo.<\/p><\/blockquote>\n\n\n\n<blockquote class=\"wp-block-quote is-layout-flow wp-block-quote-is-layout-flow\"><p>Fixemos a solicitude e acept\u00e1rona e as\u00ed estivemos un ano.<\/p><\/blockquote>\n\n\n\n<p><strong>E logo cal foi o motivo do conflito?<\/strong><\/p>\n\n\n\n<blockquote class=\"wp-block-quote is-layout-flow wp-block-quote-is-layout-flow\"><p>Seica a nova interventora entend\u00eda que ese cr\u00e9dito horario non nos correspond\u00eda,pois consideraba que os delegados representantes de funcionarios non lle pod\u00edan ceder horas, pois a compa\u00f1eira para a que demandamos o cr\u00e9dito \u00e9 persoal laboral. N\u00f3s entendiamos que iso non \u00e9 correcto pois o comit\u00e9 de empresa \u00e9 un s\u00f3 \u00f3rgano colexiado. Eles consideraban o contrario e cort\u00e1ronnos o cr\u00e9dito horario.<\/p><\/blockquote>\n\n\n\n<p><strong>De que maneira vos comunicaron o corte do cr\u00e9dito horario?<\/strong><\/p>\n\n\n\n<blockquote class=\"wp-block-quote is-layout-flow wp-block-quote-is-layout-flow\"><p>Por escrito \u00e1 interesada<\/p><\/blockquote>\n\n\n\n<p><strong>Cal foi a vosa reacci\u00f3n?<\/strong><\/p>\n\n\n\n<blockquote class=\"wp-block-quote is-layout-flow wp-block-quote-is-layout-flow\"><p>Pois en vista de que non atend\u00edan a raz\u00f3ns non nos deixaron outra sa\u00edda que acudir ao xulgado e denunciar ao concello de Mos. Sa\u00edu a sentenza hai moi pouco e a xustiza danos a raz\u00f3n en que si temos dereito a fusionar o cr\u00e9dito horario pois o comit\u00e9 de empresa do concello de Mos funciona como un s\u00f3 \u00f3rgano.<\/p><\/blockquote>\n\n\n\n<p><strong>Sabes se o Concello ten pensado presentar recurso?<\/strong><\/p>\n\n\n\n<blockquote class=\"wp-block-quote is-layout-flow wp-block-quote-is-layout-flow\"><p>Coido que non. A sentenza \u00e9 rotunda.<\/p><\/blockquote>\n","protected":false},"excerpt":{"rendered":"<div class=\"mh-excerpt\"><p>O concello de Mos foi recentemente obrigado v\u00eda sentenza xudicial, porque antes se negou a atender a raz\u00f3ns, a aceptar que os delegados e delegadas de CCOO no comit\u00e9 de empresa do Concello cederan o seu cr\u00e9dito horario <a class=\"mh-excerpt-more\" href=\"https:\/\/www.anovapeneira.gal\/index.php\/2022\/10\/24\/nova-derrota-xudicial-do-concello-de-mos\/\" title=\"Nova derrota xudicial do concello de Mos\">[&#8230;]<\/a><\/p>\n<\/div>","protected":false},"author":3,"featured_media":8409,"comment_status":"open","ping_status":"open","sticky":false,"template":"","format":"standard","meta":{"_exactmetrics_skip_tracking":false,"_exactmetrics_sitenote_active":false,"_exactmetrics_sitenote_note":"","_exactmetrics_sitenote_category":0,"footnotes":""},"categories":[23],"tags":[218],"class_list":{"0":"post-8406","1":"post","2":"type-post","3":"status-publish","4":"format-standard","5":"has-post-thumbnail","7":"category-a-lourina","8":"tag-concello-de-mos"},"yoast_head":"<!-- This site is optimized with the Yoast SEO plugin v27.4 - https:\/\/yoast.com\/product\/yoast-seo-wordpress\/ -->\n<title>Nova derrota xudicial do concello de Mos -<\/title>\n<meta name=\"description\" content=\"O concello de Mos foi recentemente obrigado v\u00eda sentenza xudicial, porque antes se negou a atender a raz\u00f3ns, a aceptar que os delegados e delegadas de CCOO no comit\u00e9 de empresa do Concello cederan o seu cr\u00e9dito horario\" \/>\n<meta name=\"robots\" content=\"index, follow, max-snippet:-1, max-image-preview:large, max-video-preview:-1\" \/>\n<link rel=\"canonical\" href=\"https:\/\/www.anovapeneira.gal\/index.php\/2022\/10\/24\/nova-derrota-xudicial-do-concello-de-mos\/\" \/>\n<meta property=\"og:locale\" content=\"gl_ES\" \/>\n<meta property=\"og:type\" content=\"article\" \/>\n<meta property=\"og:title\" content=\"Nova derrota xudicial do concello de Mos -\" \/>\n<meta property=\"og:description\" content=\"O concello de Mos foi recentemente obrigado v\u00eda sentenza xudicial, porque antes se negou a atender a raz\u00f3ns, a aceptar que os delegados e delegadas de CCOO no comit\u00e9 de empresa do Concello cederan o seu cr\u00e9dito horario\" \/>\n<meta property=\"og:url\" content=\"https:\/\/www.anovapeneira.gal\/index.php\/2022\/10\/24\/nova-derrota-xudicial-do-concello-de-mos\/\" \/>\n<meta property=\"article:publisher\" content=\"https:\/\/www.facebook.com\/anovapeneira\" \/>\n<meta property=\"article:published_time\" content=\"2022-10-24T10:00:02+00:00\" \/>\n<meta property=\"og:image\" content=\"https:\/\/www.anovapeneira.gal\/wp-content\/uploads\/2022\/10\/carlos_martinez_ccoo_mos.jpg\" \/>\n\t<meta property=\"og:image:width\" content=\"720\" \/>\n\t<meta property=\"og:image:height\" content=\"432\" \/>\n\t<meta property=\"og:image:type\" content=\"image\/jpeg\" \/>\n<meta name=\"author\" content=\"Redacci\u00f3n A Nova Peneira\" \/>\n<meta name=\"twitter:card\" content=\"summary_large_image\" \/>\n<meta name=\"twitter:creator\" content=\"@APeneira\" \/>\n<meta name=\"twitter:site\" content=\"@APeneira\" \/>\n<meta name=\"twitter:label1\" content=\"Escrito por\" \/>\n\t<meta name=\"twitter:data1\" content=\"Redacci\u00f3n A Nova Peneira\" \/>\n\t<meta name=\"twitter:label2\" content=\"Tempo de lectura\" \/>\n\t<meta name=\"twitter:data2\" content=\"3 minutos\" \/>\n<script type=\"application\/ld+json\" class=\"yoast-schema-graph\">{\"@context\":\"https:\\\/\\\/schema.org\",\"@graph\":[{\"@type\":\"Article\",\"@id\":\"https:\\\/\\\/www.anovapeneira.gal\\\/index.php\\\/2022\\\/10\\\/24\\\/nova-derrota-xudicial-do-concello-de-mos\\\/#article\",\"isPartOf\":{\"@id\":\"https:\\\/\\\/www.anovapeneira.gal\\\/index.php\\\/2022\\\/10\\\/24\\\/nova-derrota-xudicial-do-concello-de-mos\\\/\"},\"author\":{\"name\":\"Redacci\u00f3n A Nova Peneira\",\"@id\":\"https:\\\/\\\/www.anovapeneira.gal\\\/#\\\/schema\\\/person\\\/b93e3f8932e3f8da96334607eb6ac6aa\"},\"headline\":\"Nova derrota xudicial do concello de Mos\",\"datePublished\":\"2022-10-24T10:00:02+00:00\",\"mainEntityOfPage\":{\"@id\":\"https:\\\/\\\/www.anovapeneira.gal\\\/index.php\\\/2022\\\/10\\\/24\\\/nova-derrota-xudicial-do-concello-de-mos\\\/\"},\"wordCount\":548,\"commentCount\":0,\"publisher\":{\"@id\":\"https:\\\/\\\/www.anovapeneira.gal\\\/#organization\"},\"image\":{\"@id\":\"https:\\\/\\\/www.anovapeneira.gal\\\/index.php\\\/2022\\\/10\\\/24\\\/nova-derrota-xudicial-do-concello-de-mos\\\/#primaryimage\"},\"thumbnailUrl\":\"https:\\\/\\\/www.anovapeneira.gal\\\/wp-content\\\/uploads\\\/2022\\\/10\\\/carlos_martinez_ccoo_mos.jpg\",\"keywords\":[\"Concello de Mos\"],\"articleSection\":[\"A Louri\u00f1a\"],\"inLanguage\":\"gl-ES\",\"potentialAction\":[{\"@type\":\"CommentAction\",\"name\":\"Comment\",\"target\":[\"https:\\\/\\\/www.anovapeneira.gal\\\/index.php\\\/2022\\\/10\\\/24\\\/nova-derrota-xudicial-do-concello-de-mos\\\/#respond\"]}]},{\"@type\":\"WebPage\",\"@id\":\"https:\\\/\\\/www.anovapeneira.gal\\\/index.php\\\/2022\\\/10\\\/24\\\/nova-derrota-xudicial-do-concello-de-mos\\\/\",\"url\":\"https:\\\/\\\/www.anovapeneira.gal\\\/index.php\\\/2022\\\/10\\\/24\\\/nova-derrota-xudicial-do-concello-de-mos\\\/\",\"name\":\"Nova derrota xudicial do concello de Mos -\",\"isPartOf\":{\"@id\":\"https:\\\/\\\/www.anovapeneira.gal\\\/#website\"},\"primaryImageOfPage\":{\"@id\":\"https:\\\/\\\/www.anovapeneira.gal\\\/index.php\\\/2022\\\/10\\\/24\\\/nova-derrota-xudicial-do-concello-de-mos\\\/#primaryimage\"},\"image\":{\"@id\":\"https:\\\/\\\/www.anovapeneira.gal\\\/index.php\\\/2022\\\/10\\\/24\\\/nova-derrota-xudicial-do-concello-de-mos\\\/#primaryimage\"},\"thumbnailUrl\":\"https:\\\/\\\/www.anovapeneira.gal\\\/wp-content\\\/uploads\\\/2022\\\/10\\\/carlos_martinez_ccoo_mos.jpg\",\"datePublished\":\"2022-10-24T10:00:02+00:00\",\"description\":\"O concello de Mos foi recentemente obrigado v\u00eda sentenza xudicial, porque antes se negou a atender a raz\u00f3ns, a aceptar que os delegados e delegadas de CCOO no comit\u00e9 de empresa do Concello cederan o seu cr\u00e9dito horario\",\"breadcrumb\":{\"@id\":\"https:\\\/\\\/www.anovapeneira.gal\\\/index.php\\\/2022\\\/10\\\/24\\\/nova-derrota-xudicial-do-concello-de-mos\\\/#breadcrumb\"},\"inLanguage\":\"gl-ES\",\"potentialAction\":[{\"@type\":\"ReadAction\",\"target\":[\"https:\\\/\\\/www.anovapeneira.gal\\\/index.php\\\/2022\\\/10\\\/24\\\/nova-derrota-xudicial-do-concello-de-mos\\\/\"]}]},{\"@type\":\"ImageObject\",\"inLanguage\":\"gl-ES\",\"@id\":\"https:\\\/\\\/www.anovapeneira.gal\\\/index.php\\\/2022\\\/10\\\/24\\\/nova-derrota-xudicial-do-concello-de-mos\\\/#primaryimage\",\"url\":\"https:\\\/\\\/www.anovapeneira.gal\\\/wp-content\\\/uploads\\\/2022\\\/10\\\/carlos_martinez_ccoo_mos.jpg\",\"contentUrl\":\"https:\\\/\\\/www.anovapeneira.gal\\\/wp-content\\\/uploads\\\/2022\\\/10\\\/carlos_martinez_ccoo_mos.jpg\",\"width\":720,\"height\":432,\"caption\":\"Nova derrota xudicial do concello de Mos\"},{\"@type\":\"BreadcrumbList\",\"@id\":\"https:\\\/\\\/www.anovapeneira.gal\\\/index.php\\\/2022\\\/10\\\/24\\\/nova-derrota-xudicial-do-concello-de-mos\\\/#breadcrumb\",\"itemListElement\":[{\"@type\":\"ListItem\",\"position\":1,\"name\":\"Portada\",\"item\":\"https:\\\/\\\/www.anovapeneira.gal\\\/\"},{\"@type\":\"ListItem\",\"position\":2,\"name\":\"Nova derrota xudicial do concello de Mos\"}]},{\"@type\":\"WebSite\",\"@id\":\"https:\\\/\\\/www.anovapeneira.gal\\\/#website\",\"url\":\"https:\\\/\\\/www.anovapeneira.gal\\\/\",\"name\":\"\",\"description\":\"Xornal galego de informaci\u00f3n xeral Publicaci\u00f3n mensual de novas de Galicia e en especial dos Concellos da sur da provincia de Pontevedra.\",\"publisher\":{\"@id\":\"https:\\\/\\\/www.anovapeneira.gal\\\/#organization\"},\"potentialAction\":[{\"@type\":\"SearchAction\",\"target\":{\"@type\":\"EntryPoint\",\"urlTemplate\":\"https:\\\/\\\/www.anovapeneira.gal\\\/?s={search_term_string}\"},\"query-input\":{\"@type\":\"PropertyValueSpecification\",\"valueRequired\":true,\"valueName\":\"search_term_string\"}}],\"inLanguage\":\"gl-ES\"},{\"@type\":\"Organization\",\"@id\":\"https:\\\/\\\/www.anovapeneira.gal\\\/#organization\",\"name\":\"A Nova Peneira\",\"url\":\"https:\\\/\\\/www.anovapeneira.gal\\\/\",\"logo\":{\"@type\":\"ImageObject\",\"inLanguage\":\"gl-ES\",\"@id\":\"https:\\\/\\\/www.anovapeneira.gal\\\/#\\\/schema\\\/logo\\\/image\\\/\",\"url\":\"http:\\\/\\\/www.anovapeneira.gal\\\/wp-content\\\/uploads\\\/2019\\\/06\\\/logo_a_nova_peneira_portal_web.png\",\"contentUrl\":\"http:\\\/\\\/www.anovapeneira.gal\\\/wp-content\\\/uploads\\\/2019\\\/06\\\/logo_a_nova_peneira_portal_web.png\",\"width\":300,\"height\":100,\"caption\":\"A Nova Peneira\"},\"image\":{\"@id\":\"https:\\\/\\\/www.anovapeneira.gal\\\/#\\\/schema\\\/logo\\\/image\\\/\"},\"sameAs\":[\"https:\\\/\\\/www.facebook.com\\\/anovapeneira\",\"https:\\\/\\\/x.com\\\/APeneira\"]},{\"@type\":\"Person\",\"@id\":\"https:\\\/\\\/www.anovapeneira.gal\\\/#\\\/schema\\\/person\\\/b93e3f8932e3f8da96334607eb6ac6aa\",\"name\":\"Redacci\u00f3n A Nova Peneira\",\"image\":{\"@type\":\"ImageObject\",\"inLanguage\":\"gl-ES\",\"@id\":\"https:\\\/\\\/secure.gravatar.com\\\/avatar\\\/c052a2551a06e23fac63626232eaa90abd78dbcf1700fc46a2b2c89fd27b735f?s=96&d=mm&r=g\",\"url\":\"https:\\\/\\\/secure.gravatar.com\\\/avatar\\\/c052a2551a06e23fac63626232eaa90abd78dbcf1700fc46a2b2c89fd27b735f?s=96&d=mm&r=g\",\"contentUrl\":\"https:\\\/\\\/secure.gravatar.com\\\/avatar\\\/c052a2551a06e23fac63626232eaa90abd78dbcf1700fc46a2b2c89fd27b735f?s=96&d=mm&r=g\",\"caption\":\"Redacci\u00f3n A Nova Peneira\"},\"sameAs\":[\"http:\\\/\\\/www.anovapeneira.gal\\\/\"],\"url\":\"https:\\\/\\\/www.anovapeneira.gal\\\/index.php\\\/author\\\/redactor\\\/\"}]}<\/script>\n<!-- \/ Yoast SEO plugin. -->","yoast_head_json":{"title":"Nova derrota xudicial do concello de Mos -","description":"O concello de Mos foi recentemente obrigado v\u00eda sentenza xudicial, porque antes se negou a atender a raz\u00f3ns, a aceptar que os delegados e delegadas de CCOO no comit\u00e9 de empresa do Concello cederan o seu cr\u00e9dito horario","robots":{"index":"index","follow":"follow","max-snippet":"max-snippet:-1","max-image-preview":"max-image-preview:large","max-video-preview":"max-video-preview:-1"},"canonical":"https:\/\/www.anovapeneira.gal\/index.php\/2022\/10\/24\/nova-derrota-xudicial-do-concello-de-mos\/","og_locale":"gl_ES","og_type":"article","og_title":"Nova derrota xudicial do concello de Mos -","og_description":"O concello de Mos foi recentemente obrigado v\u00eda sentenza xudicial, porque antes se negou a atender a raz\u00f3ns, a aceptar que os delegados e delegadas de CCOO no comit\u00e9 de empresa do Concello cederan o seu cr\u00e9dito horario","og_url":"https:\/\/www.anovapeneira.gal\/index.php\/2022\/10\/24\/nova-derrota-xudicial-do-concello-de-mos\/","article_publisher":"https:\/\/www.facebook.com\/anovapeneira","article_published_time":"2022-10-24T10:00:02+00:00","og_image":[{"width":720,"height":432,"url":"https:\/\/www.anovapeneira.gal\/wp-content\/uploads\/2022\/10\/carlos_martinez_ccoo_mos.jpg","type":"image\/jpeg"}],"author":"Redacci\u00f3n A Nova Peneira","twitter_card":"summary_large_image","twitter_creator":"@APeneira","twitter_site":"@APeneira","twitter_misc":{"Escrito por":"Redacci\u00f3n A Nova Peneira","Tempo de lectura":"3 minutos"},"schema":{"@context":"https:\/\/schema.org","@graph":[{"@type":"Article","@id":"https:\/\/www.anovapeneira.gal\/index.php\/2022\/10\/24\/nova-derrota-xudicial-do-concello-de-mos\/#article","isPartOf":{"@id":"https:\/\/www.anovapeneira.gal\/index.php\/2022\/10\/24\/nova-derrota-xudicial-do-concello-de-mos\/"},"author":{"name":"Redacci\u00f3n A Nova Peneira","@id":"https:\/\/www.anovapeneira.gal\/#\/schema\/person\/b93e3f8932e3f8da96334607eb6ac6aa"},"headline":"Nova derrota xudicial do concello de Mos","datePublished":"2022-10-24T10:00:02+00:00","mainEntityOfPage":{"@id":"https:\/\/www.anovapeneira.gal\/index.php\/2022\/10\/24\/nova-derrota-xudicial-do-concello-de-mos\/"},"wordCount":548,"commentCount":0,"publisher":{"@id":"https:\/\/www.anovapeneira.gal\/#organization"},"image":{"@id":"https:\/\/www.anovapeneira.gal\/index.php\/2022\/10\/24\/nova-derrota-xudicial-do-concello-de-mos\/#primaryimage"},"thumbnailUrl":"https:\/\/www.anovapeneira.gal\/wp-content\/uploads\/2022\/10\/carlos_martinez_ccoo_mos.jpg","keywords":["Concello de Mos"],"articleSection":["A Louri\u00f1a"],"inLanguage":"gl-ES","potentialAction":[{"@type":"CommentAction","name":"Comment","target":["https:\/\/www.anovapeneira.gal\/index.php\/2022\/10\/24\/nova-derrota-xudicial-do-concello-de-mos\/#respond"]}]},{"@type":"WebPage","@id":"https:\/\/www.anovapeneira.gal\/index.php\/2022\/10\/24\/nova-derrota-xudicial-do-concello-de-mos\/","url":"https:\/\/www.anovapeneira.gal\/index.php\/2022\/10\/24\/nova-derrota-xudicial-do-concello-de-mos\/","name":"Nova derrota xudicial do concello de Mos -","isPartOf":{"@id":"https:\/\/www.anovapeneira.gal\/#website"},"primaryImageOfPage":{"@id":"https:\/\/www.anovapeneira.gal\/index.php\/2022\/10\/24\/nova-derrota-xudicial-do-concello-de-mos\/#primaryimage"},"image":{"@id":"https:\/\/www.anovapeneira.gal\/index.php\/2022\/10\/24\/nova-derrota-xudicial-do-concello-de-mos\/#primaryimage"},"thumbnailUrl":"https:\/\/www.anovapeneira.gal\/wp-content\/uploads\/2022\/10\/carlos_martinez_ccoo_mos.jpg","datePublished":"2022-10-24T10:00:02+00:00","description":"O concello de Mos foi recentemente obrigado v\u00eda sentenza xudicial, porque antes se negou a atender a raz\u00f3ns, a aceptar que os delegados e delegadas de CCOO no comit\u00e9 de empresa do Concello cederan o seu cr\u00e9dito horario","breadcrumb":{"@id":"https:\/\/www.anovapeneira.gal\/index.php\/2022\/10\/24\/nova-derrota-xudicial-do-concello-de-mos\/#breadcrumb"},"inLanguage":"gl-ES","potentialAction":[{"@type":"ReadAction","target":["https:\/\/www.anovapeneira.gal\/index.php\/2022\/10\/24\/nova-derrota-xudicial-do-concello-de-mos\/"]}]},{"@type":"ImageObject","inLanguage":"gl-ES","@id":"https:\/\/www.anovapeneira.gal\/index.php\/2022\/10\/24\/nova-derrota-xudicial-do-concello-de-mos\/#primaryimage","url":"https:\/\/www.anovapeneira.gal\/wp-content\/uploads\/2022\/10\/carlos_martinez_ccoo_mos.jpg","contentUrl":"https:\/\/www.anovapeneira.gal\/wp-content\/uploads\/2022\/10\/carlos_martinez_ccoo_mos.jpg","width":720,"height":432,"caption":"Nova derrota xudicial do concello de Mos"},{"@type":"BreadcrumbList","@id":"https:\/\/www.anovapeneira.gal\/index.php\/2022\/10\/24\/nova-derrota-xudicial-do-concello-de-mos\/#breadcrumb","itemListElement":[{"@type":"ListItem","position":1,"name":"Portada","item":"https:\/\/www.anovapeneira.gal\/"},{"@type":"ListItem","position":2,"name":"Nova derrota xudicial do concello de Mos"}]},{"@type":"WebSite","@id":"https:\/\/www.anovapeneira.gal\/#website","url":"https:\/\/www.anovapeneira.gal\/","name":"","description":"Xornal galego de informaci\u00f3n xeral Publicaci\u00f3n mensual de novas de Galicia e en especial dos Concellos da sur da provincia de Pontevedra.","publisher":{"@id":"https:\/\/www.anovapeneira.gal\/#organization"},"potentialAction":[{"@type":"SearchAction","target":{"@type":"EntryPoint","urlTemplate":"https:\/\/www.anovapeneira.gal\/?s={search_term_string}"},"query-input":{"@type":"PropertyValueSpecification","valueRequired":true,"valueName":"search_term_string"}}],"inLanguage":"gl-ES"},{"@type":"Organization","@id":"https:\/\/www.anovapeneira.gal\/#organization","name":"A Nova Peneira","url":"https:\/\/www.anovapeneira.gal\/","logo":{"@type":"ImageObject","inLanguage":"gl-ES","@id":"https:\/\/www.anovapeneira.gal\/#\/schema\/logo\/image\/","url":"http:\/\/www.anovapeneira.gal\/wp-content\/uploads\/2019\/06\/logo_a_nova_peneira_portal_web.png","contentUrl":"http:\/\/www.anovapeneira.gal\/wp-content\/uploads\/2019\/06\/logo_a_nova_peneira_portal_web.png","width":300,"height":100,"caption":"A Nova Peneira"},"image":{"@id":"https:\/\/www.anovapeneira.gal\/#\/schema\/logo\/image\/"},"sameAs":["https:\/\/www.facebook.com\/anovapeneira","https:\/\/x.com\/APeneira"]},{"@type":"Person","@id":"https:\/\/www.anovapeneira.gal\/#\/schema\/person\/b93e3f8932e3f8da96334607eb6ac6aa","name":"Redacci\u00f3n A Nova Peneira","image":{"@type":"ImageObject","inLanguage":"gl-ES","@id":"https:\/\/secure.gravatar.com\/avatar\/c052a2551a06e23fac63626232eaa90abd78dbcf1700fc46a2b2c89fd27b735f?s=96&d=mm&r=g","url":"https:\/\/secure.gravatar.com\/avatar\/c052a2551a06e23fac63626232eaa90abd78dbcf1700fc46a2b2c89fd27b735f?s=96&d=mm&r=g","contentUrl":"https:\/\/secure.gravatar.com\/avatar\/c052a2551a06e23fac63626232eaa90abd78dbcf1700fc46a2b2c89fd27b735f?s=96&d=mm&r=g","caption":"Redacci\u00f3n A Nova Peneira"},"sameAs":["http:\/\/www.anovapeneira.gal\/"],"url":"https:\/\/www.anovapeneira.gal\/index.php\/author\/redactor\/"}]}},"jetpack_featured_media_url":"https:\/\/www.anovapeneira.gal\/wp-content\/uploads\/2022\/10\/carlos_martinez_ccoo_mos.jpg","_links":{"self":[{"href":"https:\/\/www.anovapeneira.gal\/index.php\/wp-json\/wp\/v2\/posts\/8406","targetHints":{"allow":["GET"]}}],"collection":[{"href":"https:\/\/www.anovapeneira.gal\/index.php\/wp-json\/wp\/v2\/posts"}],"about":[{"href":"https:\/\/www.anovapeneira.gal\/index.php\/wp-json\/wp\/v2\/types\/post"}],"author":[{"embeddable":true,"href":"https:\/\/www.anovapeneira.gal\/index.php\/wp-json\/wp\/v2\/users\/3"}],"replies":[{"embeddable":true,"href":"https:\/\/www.anovapeneira.gal\/index.php\/wp-json\/wp\/v2\/comments?post=8406"}],"version-history":[{"count":2,"href":"https:\/\/www.anovapeneira.gal\/index.php\/wp-json\/wp\/v2\/posts\/8406\/revisions"}],"predecessor-version":[{"id":8408,"href":"https:\/\/www.anovapeneira.gal\/index.php\/wp-json\/wp\/v2\/posts\/8406\/revisions\/8408"}],"wp:featuredmedia":[{"embeddable":true,"href":"https:\/\/www.anovapeneira.gal\/index.php\/wp-json\/wp\/v2\/media\/8409"}],"wp:attachment":[{"href":"https:\/\/www.anovapeneira.gal\/index.php\/wp-json\/wp\/v2\/media?parent=8406"}],"wp:term":[{"taxonomy":"category","embeddable":true,"href":"https:\/\/www.anovapeneira.gal\/index.php\/wp-json\/wp\/v2\/categories?post=8406"},{"taxonomy":"post_tag","embeddable":true,"href":"https:\/\/www.anovapeneira.gal\/index.php\/wp-json\/wp\/v2\/tags?post=8406"}],"curies":[{"name":"wp","href":"https:\/\/api.w.org\/{rel}","templated":true}]}}