{"id":8415,"date":"2022-10-24T10:00:04","date_gmt":"2022-10-24T08:00:04","guid":{"rendered":"https:\/\/www.anovapeneira.gal\/?p=8415"},"modified":"2022-10-16T18:14:47","modified_gmt":"2022-10-16T16:14:47","slug":"alma-lopez-figueiras","status":"publish","type":"post","link":"https:\/\/www.anovapeneira.gal\/index.php\/2022\/10\/24\/alma-lopez-figueiras\/","title":{"rendered":"Alma L\u00f3pez Figueiras"},"content":{"rendered":"\n<h2 class=\"wp-block-heading\">\u201cEn pol\u00edtica cultural, \u00e1s veces menos \u00e9 m\u00e1is\u201d<\/h2>\n\n\n\n<p>Dentro do Goberno de Mondariz, Anxos Carballo Iglesias \u2013m\u00e1is co\u00f1ecida como Lita entre os veci\u00f1os e as veci\u00f1as da localidade\u2013 \u00e9 a concelleira responsable de Cultura, Igualdade, Educaci\u00f3n e Mocidade desde 2019. \u00c9 natural da entidade local menor de Queimadelos, onde comezou o seu activismo pol\u00edtico aos 18 anos, present\u00e1ndose como candidata a presidir a Xunta Veci\u00f1al dentro das listas de Esquerda Galega, cando era impensable rachar coas din\u00e1micas do caciquismo no rural galego e o proxecto nacionalista estaba emerxendo. Entrou na Corporaci\u00f3n e no Goberno municipal nun momento de gran madurez pol\u00edtica e profesional como Educadora Social especializada en menores, con case tres d\u00e9cadas de activismo en asociaci\u00f3ns veci\u00f1ais, en causas sociais e no BNG de Mondariz. Conversamos con ela sobre a pol\u00edtica cultural que est\u00e1 promovendo o Goberno de Mondariz e as li\u00f1as de traballo nas outras \u00e1reas que dirixe.<\/p>\n\n\n\n<p><strong>Son case tres anos e medio como concelleira nun Goberno de coalici\u00f3n. Que balance fai desta experiencia?<\/strong><\/p>\n\n\n\n<blockquote class=\"wp-block-quote is-layout-flow wp-block-quote-is-layout-flow\"><p>Os comezos foron complicados porque somos un Goberno en minor\u00eda e fomos tremendamente atacados por unha parte da oposici\u00f3n. Con todo, se algo caracteriza a este Goberno creo que \u00e9 a valent\u00eda.<\/p><\/blockquote>\n\n\n\n<p><strong>Todos os concellos te\u00f1en certas rutinas no seu funcionamento administrativo, tam\u00e9n no eido cultural, mais son os gobernos os que marcan as li\u00f1as estrat\u00e9xicas. Desde a Conceller\u00eda de Cultura, cales son as s\u00faas prioridades?<\/strong><\/p>\n\n\n\n<blockquote class=\"wp-block-quote is-layout-flow wp-block-quote-is-layout-flow\"><p>Queremos ofrecer calidade e diversidade na programaci\u00f3n cultural, sempre dentro das nosas posibilidades. \u00c1s veces menos \u00e9 m\u00e1is, e esta \u00e9 a nosa premisa fundamental. Nestes \u00faltimos tres anos, mesmo cunha pandemia de por medio, temos promovido actividades culturais de gran calidade que antes non se v\u00edan. Falo de teatro e cinema, por exemplo. Mondariz recibiu a visita de figuras relevantes das artes esc\u00e9nicas e audiovisuais para presentar as s\u00faas obras: Miguel de Lira, \u00d3liver Laxe, Ignacio Vilar, Paula Cons,&#8230; Desde o Concello tam\u00e9n trouxemos actuaci\u00f3ns musicais que foron referencia na comarca e atraeron \u00e1 mocidade, como <em>Dakidarr\u00eda<\/em> este ver\u00e1n e <em>Baiuca<\/em> en 2021. A descentralizaci\u00f3n de actividades para inclu\u00edr as parroquias na programaci\u00f3n cultural municipal foi outra das li\u00f1as de acci\u00f3n. Realiz\u00e1ronse obradoiros de teatro comunitario en Mouriscados, Gargamala, Sabax\u00e1ns e Tout\u00f3n, e lev\u00e1ronse espect\u00e1culos de O Fiadeiro a Vilar e Gargamala.<\/p><\/blockquote>\n\n\n\n<p><strong>A oposici\u00f3n, particularmente o partido que deixou o poder en 2019 (Alternativa por Mondariz), ten acusado ao Goberno municipal de recortes en eventos e axudas \u00e1s asociaci\u00f3ns veci\u00f1ais e culturais. \u00c9 iso certo?<\/strong><\/p>\n\n\n\n<blockquote class=\"wp-block-quote is-layout-flow wp-block-quote-is-layout-flow\"><p>Non houbo recortes, \u00e9 falso. Os fondos que se destinan a Cultura, tanto os que proceden do orzamento municipal como os que ve\u00f1en doutras instituci\u00f3ns como a Deputaci\u00f3n de Pontevedra, seguen sendo os mesmos. O que si mudou foi a distribuci\u00f3n deses fondos. A programaci\u00f3n de actividades \u00e9 radicalmente distinta porque este Goberno decidiu deixar de financiar certos eventos que estaban baleiros de contido, soamente aportaban diversi\u00f3n e entretemento, e supu\u00f1an un considerable gasto e esforzo municipal. Falo da Festa da Carne Arreglada, \u00e1 que \u00edan 4.000 \u20ac, ou da actividade Mondariz Race, que custaba 6.000 \u20ac. En relaci\u00f3n \u00e1s axudas destinadas \u00e1s asociaci\u00f3ns, o que houbo foi un cambio cara a un modelo m\u00e1is xusto e equitativo que ten en conta as actividades que se realizan. Haber\u00e1 asociaci\u00f3ns que seguramente recibir\u00e1n m\u00e1is do que recib\u00edan antes.<\/p><\/blockquote>\n\n\n\n<p><strong>Recentemente houbo cr\u00edticas pola decisi\u00f3n gobernamental de suprimir o financiamento do ciclo coral <\/strong><em><strong>Outono en Son<\/strong><\/em><strong>, organizado polo coro <\/strong><em><strong>Mistura Vocal<\/strong><\/em> <strong>durante cinco anos (2017-2021) na Praza de Abastos de Mondariz. Por que se tomou esta decisi\u00f3n?<\/strong><\/p>\n\n\n\n<blockquote class=\"wp-block-quote is-layout-flow wp-block-quote-is-layout-flow\"><p>Persoalmente s\u00edntome indignada con esta pol\u00e9mica. O Goberno do que son parte mantivo o financiamento do ciclo coral <em>Outono en Son<\/em> durante tres edici\u00f3ns, mesmo en tempos de pandemia, destinando 4.000 \u20ac a cada edici\u00f3n. Mais xa nos \u00faltimos anos observamos que o formato do evento resultaba repetitivo, sempre actuaba o mesmo coro e non merec\u00eda esa asignaci\u00f3n de di\u00f1eiro p\u00fablico, en detrimento doutros eventos culturais que se demandaban na localidade e doutros colectivos das mesmas caracter\u00edsticas. Con todo, desde o Concello puxemos a disposici\u00f3n do coro organizador as instalaci\u00f3ns e o propio persoal municipal para dar apoio lox\u00edstico se consideraban quedarse na localidade. Foi decisi\u00f3n deles procurar un novo escenario para <em>Outono en Son<\/em> f\u00f3ra de Mondariz. Desco\u00f1ecemos se atoparon o apoio financeiro que reclamaban no Concello de Ponteareas. Aproveito para dicir que este ano tam\u00e9n deixamos de financiar a proba de orientaci\u00f3n nocturna <em>Orienta-Tea<\/em>, mais isto non foi impedimento para que a empresa que organizaba a actividade o seguise facendo en Mondariz pola s\u00faa conta. Arredor de <em>Outono en Son<\/em> houbo unha politizaci\u00f3n interesada e c\u00ednica. Crit\u00edcannos por deixar de financiar un evento organizado por un coro alleo ao concello, cando na localidade existen agrupaci\u00f3ns corais que non recib\u00edan un euro por organizar eventos semellantes, como <em>Agarimos da Terra<\/em>, ou que tiveron que desistir por falta de recursos, como a <em>Coral Santa Baia<\/em>. Este tipo de evento \u00e9 interesante e p\u00f3dese recuperar, con ou sen <em>Mistura Vocal<\/em> como coro organizador.<\/p><\/blockquote>\n\n\n\n<p><strong>E este di\u00f1eiro p\u00fablico que deixou de destinar o Concello de Mondariz a <\/strong><em><strong>Outono en Son<\/strong><\/em> <strong>e <\/strong><em><strong>Orienta-Tea<\/strong><\/em> <strong>a onde foi?<\/strong><\/p>\n\n\n\n<blockquote class=\"wp-block-quote is-layout-flow wp-block-quote-is-layout-flow\"><p>Este ver\u00e1n, o Concello de Mondariz f\u00edxose cargo de d\u00faas actuaci\u00f3ns das Festas Patronais da Pe\u00f1a de Francia e San Roque: <em>Dakidarr\u00eda<\/em>, que vi\u00f1a a trav\u00e9s do programa Musigal da Deputaci\u00f3n de Pontevedra pero cun elevado cach\u00e9 de produci\u00f3n que ti\u00f1a que asumir o Concello, e o grupo <em>Am\u00e9rica de Vigo<\/em>. Estas actuaci\u00f3ns foron pagadas con eses cartos que se deixaron de destinar a outros eventos, pero c\u00f3mpre explicar ben por que. Durante a pandemia, como non hab\u00eda comisi\u00f3n de festas en activo e foi o Concello quen asumiu a programaci\u00f3n cultural de mediados de agosto, retirouse a asignaci\u00f3n de 14.000 euros. Este ano, que si houbo festas, compensouse a falta de apoio financeiro con estas actuaci\u00f3ns. Por outra banda, hai outros eventos da programaci\u00f3n cultural de outono, como a obra de teatro <em>Invisibles<\/em>, que te\u00f1en un custo considerable. Como dic\u00eda antes, apostamos pola calidade e a diversidade.<\/p><\/blockquote>\n\n\n\n<p><strong>Os grandes eventos culturais, sobre todo en concellos pequenos, act\u00faan como polos tur\u00edsticos e tam\u00e9n dinamizan a econom\u00eda local. Como concelleira de Cultura, pensa que Mondariz necesita un gran evento cultural, m\u00e1is al\u00f3 das tradicionais festas patronais de mediados de agosto?<\/strong><\/p>\n\n\n\n<blockquote class=\"wp-block-quote is-layout-flow wp-block-quote-is-layout-flow\"><p>Claro que me gustar\u00eda, ser\u00eda un orgullo. Penso por exemplo en Vilaxo\u00e1n de Arousa, que nin sequera \u00e9 concello e ten o festival Revenidas. Ou mesmo en Cans, co festival de cinema. Mais para un Concello pequeno como Mondariz \u00e9 inviable asumir a organizaci\u00f3n dun gran evento destas caracter\u00edsticas, non hai orzamento suficiente nin tampouco a infraestrutura necesaria para recibir a tantas persoas. En todo caso, a iniciativa ten que partir do tecido asociativo, como pasa na maior\u00eda dos festivais, e o Concello apoiar\u00e1.<\/p><\/blockquote>\n\n\n\n<p><strong>Falando do tecido asociativo, na \u00faltima sesi\u00f3n plenaria prop\u00faxose modificar a ordenanza municipal do ICIO para bonificar o 95% do imposto correspondente nas obras de interese social e cultural que se tramiten no termo municipal, mais votaron en contra e esta proposta non sa\u00edu adiante. Por que?<\/strong><\/p>\n\n\n\n<blockquote class=\"wp-block-quote is-layout-flow wp-block-quote-is-layout-flow\"><p>Votamos en contra pola situaci\u00f3n financeira do Concello. A de Alternativa por Mondariz foi unha proposta populista pensada en clave preelectoral. Arredor dos impostos deber\u00eda darse un debate pol\u00edtico serio no Pleno.<\/p><\/blockquote>\n\n\n\n<p><strong>Como os demais membros do equipo de Goberno municipal, vostede asume varias \u00e1reas. Ademais de Cultura, \u00e9 responsable de Igualdade, Educaci\u00f3n e Mocidade. Como se est\u00e1 traballando nesas \u00e1reas?<\/strong><\/p>\n\n\n\n<blockquote class=\"wp-block-quote is-layout-flow wp-block-quote-is-layout-flow\"><p>En Igualdade traballamos de xeito transversal, tendo moi presente a educaci\u00f3n en valores na programaci\u00f3n cultural con charlas, conferencias, obras de teatro ou ciclos de cinema. Neste eido tam\u00e9n temos colaborado co CPI de Mondariz. Na \u00e1rea de Mocidade estamos dando pequenos pero importantes pasos para ofrecer alternativas de lecer. O centro de ocio e deporte urbano que se est\u00e1 desenvolvendo no Campo da Minada est\u00e1 pensado para a mocidade. Recentemente, durante a inauguraci\u00f3n do circu\u00edto de pumptrack, colaboramos cun grupo de rapaces dedicados \u00e1 m\u00fasica rap que xa se est\u00e1 constitu\u00edndo como asociaci\u00f3n xuvenil e ten interese en organizar un festival de cultura urbana. Desde o Concello apoiamos estes proxectos e animamos \u00e1 veci\u00f1anza a tomar a iniciativa na organizaci\u00f3n de actividades culturais.<\/p><\/blockquote>\n\n\n\n<p><strong>Durante a campa\u00f1a electoral de 2019 fal\u00e1base da necesidade de actuar sobre o comedor do CPI de Mondariz para mellorar a calidade alimentaria. Houbo alg\u00fan avance nestes tres anos e medio de Goberno municipal?<\/strong><\/p>\n\n\n\n<blockquote class=\"wp-block-quote is-layout-flow wp-block-quote-is-layout-flow\"><p>Mantivemos d\u00faas reuni\u00f3ns coa Xunta sobre este tema. Foi antes da pandemia e volveremos solicitar outra xuntanza coa delegada territorial en Vigo para propo\u00f1er de novo que o di\u00f1eiro destinado a gastos de comida no CPI de Mondariz sexa transferido ao centro educativo para a s\u00faa xesti\u00f3n. Mesmo chegamos a visitar a coci\u00f1a industrial que hab\u00eda no antigo Rebull\u00f3n, que era bastante moderna e pod\u00eda satisfacer as necesidades. As\u00ed e todo, esta actuaci\u00f3n deber\u00eda ser cofinanciada pola Xunta. Tanto o CPI coma a ANPA e o propio Concello estar\u00edan dispostos a asumir a xesti\u00f3n dunha coci\u00f1a que poder\u00eda dar servizo ao centro educativo, ao centro de d\u00eda e mesmo a un programa de xantar na casa. Entendemos que a negativa da Xunta responde aos intereses do sector do catering. Non o ven coma un servizo, sen\u00f3n coma un negocio, pero seguiremos insistindo.<\/p><\/blockquote>\n","protected":false},"excerpt":{"rendered":"<div class=\"mh-excerpt\"><p>Dentro do Goberno de Mondariz, Anxos Carballo Iglesias \u2013m\u00e1is co\u00f1ecida como Lita entre os veci\u00f1os e as veci\u00f1as da localidade\u2013 \u00e9 a concelleira responsable de Cultura, Igualdade, Educaci\u00f3n e Mocidade desde 2019 <a class=\"mh-excerpt-more\" href=\"https:\/\/www.anovapeneira.gal\/index.php\/2022\/10\/24\/alma-lopez-figueiras\/\" title=\"Alma L\u00f3pez Figueiras\">[&#8230;]<\/a><\/p>\n<\/div>","protected":false},"author":3,"featured_media":8417,"comment_status":"open","ping_status":"open","sticky":false,"template":"","format":"standard","meta":{"_exactmetrics_skip_tracking":false,"_exactmetrics_sitenote_active":false,"_exactmetrics_sitenote_note":"","_exactmetrics_sitenote_category":0,"footnotes":""},"categories":[267],"tags":[1334,405],"class_list":{"0":"post-8415","1":"post","2":"type-post","3":"status-publish","4":"format-standard","5":"has-post-thumbnail","7":"category-condado-entrevistas","8":"tag-alma-lopez-figueiras","9":"tag-concello-de-mondariz"},"yoast_head":"<!-- This site is optimized with the Yoast SEO plugin v27.4 - https:\/\/yoast.com\/product\/yoast-seo-wordpress\/ -->\n<title>Alma L\u00f3pez Figueiras -<\/title>\n<meta name=\"description\" content=\"Dentro do Goberno de Mondariz, Anxos Carballo Iglesias \u2013m\u00e1is co\u00f1ecida como Lita entre os veci\u00f1os e as veci\u00f1as da localidade\u2013 \u00e9 a concelleira responsable de Cultura, Igualdade, Educaci\u00f3n e Mocidade desde 2019\" \/>\n<meta name=\"robots\" content=\"index, follow, max-snippet:-1, max-image-preview:large, max-video-preview:-1\" \/>\n<link rel=\"canonical\" href=\"https:\/\/www.anovapeneira.gal\/index.php\/2022\/10\/24\/alma-lopez-figueiras\/\" \/>\n<meta property=\"og:locale\" content=\"gl_ES\" \/>\n<meta property=\"og:type\" content=\"article\" \/>\n<meta property=\"og:title\" content=\"Alma L\u00f3pez Figueiras -\" \/>\n<meta property=\"og:description\" content=\"Dentro do Goberno de Mondariz, Anxos Carballo Iglesias \u2013m\u00e1is co\u00f1ecida como Lita entre os veci\u00f1os e as veci\u00f1as da localidade\u2013 \u00e9 a concelleira responsable de Cultura, Igualdade, Educaci\u00f3n e Mocidade desde 2019\" \/>\n<meta property=\"og:url\" content=\"https:\/\/www.anovapeneira.gal\/index.php\/2022\/10\/24\/alma-lopez-figueiras\/\" \/>\n<meta property=\"article:publisher\" content=\"https:\/\/www.facebook.com\/anovapeneira\" \/>\n<meta property=\"article:published_time\" content=\"2022-10-24T08:00:04+00:00\" \/>\n<meta property=\"og:image\" content=\"https:\/\/www.anovapeneira.gal\/wp-content\/uploads\/2022\/10\/lita_alma_lopez.jpg\" \/>\n\t<meta property=\"og:image:width\" content=\"720\" \/>\n\t<meta property=\"og:image:height\" content=\"432\" \/>\n\t<meta property=\"og:image:type\" content=\"image\/jpeg\" \/>\n<meta name=\"author\" content=\"Redacci\u00f3n A Nova Peneira\" \/>\n<meta name=\"twitter:card\" content=\"summary_large_image\" \/>\n<meta name=\"twitter:creator\" content=\"@APeneira\" \/>\n<meta name=\"twitter:site\" content=\"@APeneira\" \/>\n<meta name=\"twitter:label1\" content=\"Escrito por\" \/>\n\t<meta name=\"twitter:data1\" content=\"Redacci\u00f3n A Nova Peneira\" \/>\n\t<meta name=\"twitter:label2\" content=\"Tempo de lectura\" \/>\n\t<meta name=\"twitter:data2\" content=\"9 minutos\" \/>\n<script type=\"application\/ld+json\" class=\"yoast-schema-graph\">{\"@context\":\"https:\\\/\\\/schema.org\",\"@graph\":[{\"@type\":\"Article\",\"@id\":\"https:\\\/\\\/www.anovapeneira.gal\\\/index.php\\\/2022\\\/10\\\/24\\\/alma-lopez-figueiras\\\/#article\",\"isPartOf\":{\"@id\":\"https:\\\/\\\/www.anovapeneira.gal\\\/index.php\\\/2022\\\/10\\\/24\\\/alma-lopez-figueiras\\\/\"},\"author\":{\"name\":\"Redacci\u00f3n A Nova Peneira\",\"@id\":\"https:\\\/\\\/www.anovapeneira.gal\\\/#\\\/schema\\\/person\\\/b93e3f8932e3f8da96334607eb6ac6aa\"},\"headline\":\"Alma L\u00f3pez Figueiras\",\"datePublished\":\"2022-10-24T08:00:04+00:00\",\"mainEntityOfPage\":{\"@id\":\"https:\\\/\\\/www.anovapeneira.gal\\\/index.php\\\/2022\\\/10\\\/24\\\/alma-lopez-figueiras\\\/\"},\"wordCount\":1665,\"commentCount\":0,\"publisher\":{\"@id\":\"https:\\\/\\\/www.anovapeneira.gal\\\/#organization\"},\"image\":{\"@id\":\"https:\\\/\\\/www.anovapeneira.gal\\\/index.php\\\/2022\\\/10\\\/24\\\/alma-lopez-figueiras\\\/#primaryimage\"},\"thumbnailUrl\":\"https:\\\/\\\/www.anovapeneira.gal\\\/wp-content\\\/uploads\\\/2022\\\/10\\\/lita_alma_lopez.jpg\",\"keywords\":[\"Alma L\u00f3pez Figueiras\",\"Concello de Mondariz\"],\"articleSection\":[\"Condado\"],\"inLanguage\":\"gl-ES\",\"potentialAction\":[{\"@type\":\"CommentAction\",\"name\":\"Comment\",\"target\":[\"https:\\\/\\\/www.anovapeneira.gal\\\/index.php\\\/2022\\\/10\\\/24\\\/alma-lopez-figueiras\\\/#respond\"]}]},{\"@type\":\"WebPage\",\"@id\":\"https:\\\/\\\/www.anovapeneira.gal\\\/index.php\\\/2022\\\/10\\\/24\\\/alma-lopez-figueiras\\\/\",\"url\":\"https:\\\/\\\/www.anovapeneira.gal\\\/index.php\\\/2022\\\/10\\\/24\\\/alma-lopez-figueiras\\\/\",\"name\":\"Alma L\u00f3pez Figueiras -\",\"isPartOf\":{\"@id\":\"https:\\\/\\\/www.anovapeneira.gal\\\/#website\"},\"primaryImageOfPage\":{\"@id\":\"https:\\\/\\\/www.anovapeneira.gal\\\/index.php\\\/2022\\\/10\\\/24\\\/alma-lopez-figueiras\\\/#primaryimage\"},\"image\":{\"@id\":\"https:\\\/\\\/www.anovapeneira.gal\\\/index.php\\\/2022\\\/10\\\/24\\\/alma-lopez-figueiras\\\/#primaryimage\"},\"thumbnailUrl\":\"https:\\\/\\\/www.anovapeneira.gal\\\/wp-content\\\/uploads\\\/2022\\\/10\\\/lita_alma_lopez.jpg\",\"datePublished\":\"2022-10-24T08:00:04+00:00\",\"description\":\"Dentro do Goberno de Mondariz, Anxos Carballo Iglesias \u2013m\u00e1is co\u00f1ecida como Lita entre os veci\u00f1os e as veci\u00f1as da localidade\u2013 \u00e9 a concelleira responsable de Cultura, Igualdade, Educaci\u00f3n e Mocidade desde 2019\",\"breadcrumb\":{\"@id\":\"https:\\\/\\\/www.anovapeneira.gal\\\/index.php\\\/2022\\\/10\\\/24\\\/alma-lopez-figueiras\\\/#breadcrumb\"},\"inLanguage\":\"gl-ES\",\"potentialAction\":[{\"@type\":\"ReadAction\",\"target\":[\"https:\\\/\\\/www.anovapeneira.gal\\\/index.php\\\/2022\\\/10\\\/24\\\/alma-lopez-figueiras\\\/\"]}]},{\"@type\":\"ImageObject\",\"inLanguage\":\"gl-ES\",\"@id\":\"https:\\\/\\\/www.anovapeneira.gal\\\/index.php\\\/2022\\\/10\\\/24\\\/alma-lopez-figueiras\\\/#primaryimage\",\"url\":\"https:\\\/\\\/www.anovapeneira.gal\\\/wp-content\\\/uploads\\\/2022\\\/10\\\/lita_alma_lopez.jpg\",\"contentUrl\":\"https:\\\/\\\/www.anovapeneira.gal\\\/wp-content\\\/uploads\\\/2022\\\/10\\\/lita_alma_lopez.jpg\",\"width\":720,\"height\":432,\"caption\":\"Alma L\u00f3pez Figueiras\"},{\"@type\":\"BreadcrumbList\",\"@id\":\"https:\\\/\\\/www.anovapeneira.gal\\\/index.php\\\/2022\\\/10\\\/24\\\/alma-lopez-figueiras\\\/#breadcrumb\",\"itemListElement\":[{\"@type\":\"ListItem\",\"position\":1,\"name\":\"Portada\",\"item\":\"https:\\\/\\\/www.anovapeneira.gal\\\/\"},{\"@type\":\"ListItem\",\"position\":2,\"name\":\"Alma L\u00f3pez Figueiras\"}]},{\"@type\":\"WebSite\",\"@id\":\"https:\\\/\\\/www.anovapeneira.gal\\\/#website\",\"url\":\"https:\\\/\\\/www.anovapeneira.gal\\\/\",\"name\":\"\",\"description\":\"Xornal galego de informaci\u00f3n xeral Publicaci\u00f3n mensual de novas de Galicia e en especial dos Concellos da sur da provincia de Pontevedra.\",\"publisher\":{\"@id\":\"https:\\\/\\\/www.anovapeneira.gal\\\/#organization\"},\"potentialAction\":[{\"@type\":\"SearchAction\",\"target\":{\"@type\":\"EntryPoint\",\"urlTemplate\":\"https:\\\/\\\/www.anovapeneira.gal\\\/?s={search_term_string}\"},\"query-input\":{\"@type\":\"PropertyValueSpecification\",\"valueRequired\":true,\"valueName\":\"search_term_string\"}}],\"inLanguage\":\"gl-ES\"},{\"@type\":\"Organization\",\"@id\":\"https:\\\/\\\/www.anovapeneira.gal\\\/#organization\",\"name\":\"A Nova Peneira\",\"url\":\"https:\\\/\\\/www.anovapeneira.gal\\\/\",\"logo\":{\"@type\":\"ImageObject\",\"inLanguage\":\"gl-ES\",\"@id\":\"https:\\\/\\\/www.anovapeneira.gal\\\/#\\\/schema\\\/logo\\\/image\\\/\",\"url\":\"http:\\\/\\\/www.anovapeneira.gal\\\/wp-content\\\/uploads\\\/2019\\\/06\\\/logo_a_nova_peneira_portal_web.png\",\"contentUrl\":\"http:\\\/\\\/www.anovapeneira.gal\\\/wp-content\\\/uploads\\\/2019\\\/06\\\/logo_a_nova_peneira_portal_web.png\",\"width\":300,\"height\":100,\"caption\":\"A Nova Peneira\"},\"image\":{\"@id\":\"https:\\\/\\\/www.anovapeneira.gal\\\/#\\\/schema\\\/logo\\\/image\\\/\"},\"sameAs\":[\"https:\\\/\\\/www.facebook.com\\\/anovapeneira\",\"https:\\\/\\\/x.com\\\/APeneira\"]},{\"@type\":\"Person\",\"@id\":\"https:\\\/\\\/www.anovapeneira.gal\\\/#\\\/schema\\\/person\\\/b93e3f8932e3f8da96334607eb6ac6aa\",\"name\":\"Redacci\u00f3n A Nova Peneira\",\"image\":{\"@type\":\"ImageObject\",\"inLanguage\":\"gl-ES\",\"@id\":\"https:\\\/\\\/secure.gravatar.com\\\/avatar\\\/c052a2551a06e23fac63626232eaa90abd78dbcf1700fc46a2b2c89fd27b735f?s=96&d=mm&r=g\",\"url\":\"https:\\\/\\\/secure.gravatar.com\\\/avatar\\\/c052a2551a06e23fac63626232eaa90abd78dbcf1700fc46a2b2c89fd27b735f?s=96&d=mm&r=g\",\"contentUrl\":\"https:\\\/\\\/secure.gravatar.com\\\/avatar\\\/c052a2551a06e23fac63626232eaa90abd78dbcf1700fc46a2b2c89fd27b735f?s=96&d=mm&r=g\",\"caption\":\"Redacci\u00f3n A Nova Peneira\"},\"sameAs\":[\"http:\\\/\\\/www.anovapeneira.gal\\\/\"],\"url\":\"https:\\\/\\\/www.anovapeneira.gal\\\/index.php\\\/author\\\/redactor\\\/\"}]}<\/script>\n<!-- \/ Yoast SEO plugin. -->","yoast_head_json":{"title":"Alma L\u00f3pez Figueiras -","description":"Dentro do Goberno de Mondariz, Anxos Carballo Iglesias \u2013m\u00e1is co\u00f1ecida como Lita entre os veci\u00f1os e as veci\u00f1as da localidade\u2013 \u00e9 a concelleira responsable de Cultura, Igualdade, Educaci\u00f3n e Mocidade desde 2019","robots":{"index":"index","follow":"follow","max-snippet":"max-snippet:-1","max-image-preview":"max-image-preview:large","max-video-preview":"max-video-preview:-1"},"canonical":"https:\/\/www.anovapeneira.gal\/index.php\/2022\/10\/24\/alma-lopez-figueiras\/","og_locale":"gl_ES","og_type":"article","og_title":"Alma L\u00f3pez Figueiras -","og_description":"Dentro do Goberno de Mondariz, Anxos Carballo Iglesias \u2013m\u00e1is co\u00f1ecida como Lita entre os veci\u00f1os e as veci\u00f1as da localidade\u2013 \u00e9 a concelleira responsable de Cultura, Igualdade, Educaci\u00f3n e Mocidade desde 2019","og_url":"https:\/\/www.anovapeneira.gal\/index.php\/2022\/10\/24\/alma-lopez-figueiras\/","article_publisher":"https:\/\/www.facebook.com\/anovapeneira","article_published_time":"2022-10-24T08:00:04+00:00","og_image":[{"width":720,"height":432,"url":"https:\/\/www.anovapeneira.gal\/wp-content\/uploads\/2022\/10\/lita_alma_lopez.jpg","type":"image\/jpeg"}],"author":"Redacci\u00f3n A Nova Peneira","twitter_card":"summary_large_image","twitter_creator":"@APeneira","twitter_site":"@APeneira","twitter_misc":{"Escrito por":"Redacci\u00f3n A Nova Peneira","Tempo de lectura":"9 minutos"},"schema":{"@context":"https:\/\/schema.org","@graph":[{"@type":"Article","@id":"https:\/\/www.anovapeneira.gal\/index.php\/2022\/10\/24\/alma-lopez-figueiras\/#article","isPartOf":{"@id":"https:\/\/www.anovapeneira.gal\/index.php\/2022\/10\/24\/alma-lopez-figueiras\/"},"author":{"name":"Redacci\u00f3n A Nova Peneira","@id":"https:\/\/www.anovapeneira.gal\/#\/schema\/person\/b93e3f8932e3f8da96334607eb6ac6aa"},"headline":"Alma L\u00f3pez Figueiras","datePublished":"2022-10-24T08:00:04+00:00","mainEntityOfPage":{"@id":"https:\/\/www.anovapeneira.gal\/index.php\/2022\/10\/24\/alma-lopez-figueiras\/"},"wordCount":1665,"commentCount":0,"publisher":{"@id":"https:\/\/www.anovapeneira.gal\/#organization"},"image":{"@id":"https:\/\/www.anovapeneira.gal\/index.php\/2022\/10\/24\/alma-lopez-figueiras\/#primaryimage"},"thumbnailUrl":"https:\/\/www.anovapeneira.gal\/wp-content\/uploads\/2022\/10\/lita_alma_lopez.jpg","keywords":["Alma L\u00f3pez Figueiras","Concello de Mondariz"],"articleSection":["Condado"],"inLanguage":"gl-ES","potentialAction":[{"@type":"CommentAction","name":"Comment","target":["https:\/\/www.anovapeneira.gal\/index.php\/2022\/10\/24\/alma-lopez-figueiras\/#respond"]}]},{"@type":"WebPage","@id":"https:\/\/www.anovapeneira.gal\/index.php\/2022\/10\/24\/alma-lopez-figueiras\/","url":"https:\/\/www.anovapeneira.gal\/index.php\/2022\/10\/24\/alma-lopez-figueiras\/","name":"Alma L\u00f3pez Figueiras -","isPartOf":{"@id":"https:\/\/www.anovapeneira.gal\/#website"},"primaryImageOfPage":{"@id":"https:\/\/www.anovapeneira.gal\/index.php\/2022\/10\/24\/alma-lopez-figueiras\/#primaryimage"},"image":{"@id":"https:\/\/www.anovapeneira.gal\/index.php\/2022\/10\/24\/alma-lopez-figueiras\/#primaryimage"},"thumbnailUrl":"https:\/\/www.anovapeneira.gal\/wp-content\/uploads\/2022\/10\/lita_alma_lopez.jpg","datePublished":"2022-10-24T08:00:04+00:00","description":"Dentro do Goberno de Mondariz, Anxos Carballo Iglesias \u2013m\u00e1is co\u00f1ecida como Lita entre os veci\u00f1os e as veci\u00f1as da localidade\u2013 \u00e9 a concelleira responsable de Cultura, Igualdade, Educaci\u00f3n e Mocidade desde 2019","breadcrumb":{"@id":"https:\/\/www.anovapeneira.gal\/index.php\/2022\/10\/24\/alma-lopez-figueiras\/#breadcrumb"},"inLanguage":"gl-ES","potentialAction":[{"@type":"ReadAction","target":["https:\/\/www.anovapeneira.gal\/index.php\/2022\/10\/24\/alma-lopez-figueiras\/"]}]},{"@type":"ImageObject","inLanguage":"gl-ES","@id":"https:\/\/www.anovapeneira.gal\/index.php\/2022\/10\/24\/alma-lopez-figueiras\/#primaryimage","url":"https:\/\/www.anovapeneira.gal\/wp-content\/uploads\/2022\/10\/lita_alma_lopez.jpg","contentUrl":"https:\/\/www.anovapeneira.gal\/wp-content\/uploads\/2022\/10\/lita_alma_lopez.jpg","width":720,"height":432,"caption":"Alma L\u00f3pez Figueiras"},{"@type":"BreadcrumbList","@id":"https:\/\/www.anovapeneira.gal\/index.php\/2022\/10\/24\/alma-lopez-figueiras\/#breadcrumb","itemListElement":[{"@type":"ListItem","position":1,"name":"Portada","item":"https:\/\/www.anovapeneira.gal\/"},{"@type":"ListItem","position":2,"name":"Alma L\u00f3pez Figueiras"}]},{"@type":"WebSite","@id":"https:\/\/www.anovapeneira.gal\/#website","url":"https:\/\/www.anovapeneira.gal\/","name":"","description":"Xornal galego de informaci\u00f3n xeral Publicaci\u00f3n mensual de novas de Galicia e en especial dos Concellos da sur da provincia de Pontevedra.","publisher":{"@id":"https:\/\/www.anovapeneira.gal\/#organization"},"potentialAction":[{"@type":"SearchAction","target":{"@type":"EntryPoint","urlTemplate":"https:\/\/www.anovapeneira.gal\/?s={search_term_string}"},"query-input":{"@type":"PropertyValueSpecification","valueRequired":true,"valueName":"search_term_string"}}],"inLanguage":"gl-ES"},{"@type":"Organization","@id":"https:\/\/www.anovapeneira.gal\/#organization","name":"A Nova Peneira","url":"https:\/\/www.anovapeneira.gal\/","logo":{"@type":"ImageObject","inLanguage":"gl-ES","@id":"https:\/\/www.anovapeneira.gal\/#\/schema\/logo\/image\/","url":"http:\/\/www.anovapeneira.gal\/wp-content\/uploads\/2019\/06\/logo_a_nova_peneira_portal_web.png","contentUrl":"http:\/\/www.anovapeneira.gal\/wp-content\/uploads\/2019\/06\/logo_a_nova_peneira_portal_web.png","width":300,"height":100,"caption":"A Nova Peneira"},"image":{"@id":"https:\/\/www.anovapeneira.gal\/#\/schema\/logo\/image\/"},"sameAs":["https:\/\/www.facebook.com\/anovapeneira","https:\/\/x.com\/APeneira"]},{"@type":"Person","@id":"https:\/\/www.anovapeneira.gal\/#\/schema\/person\/b93e3f8932e3f8da96334607eb6ac6aa","name":"Redacci\u00f3n A Nova Peneira","image":{"@type":"ImageObject","inLanguage":"gl-ES","@id":"https:\/\/secure.gravatar.com\/avatar\/c052a2551a06e23fac63626232eaa90abd78dbcf1700fc46a2b2c89fd27b735f?s=96&d=mm&r=g","url":"https:\/\/secure.gravatar.com\/avatar\/c052a2551a06e23fac63626232eaa90abd78dbcf1700fc46a2b2c89fd27b735f?s=96&d=mm&r=g","contentUrl":"https:\/\/secure.gravatar.com\/avatar\/c052a2551a06e23fac63626232eaa90abd78dbcf1700fc46a2b2c89fd27b735f?s=96&d=mm&r=g","caption":"Redacci\u00f3n A Nova Peneira"},"sameAs":["http:\/\/www.anovapeneira.gal\/"],"url":"https:\/\/www.anovapeneira.gal\/index.php\/author\/redactor\/"}]}},"jetpack_featured_media_url":"https:\/\/www.anovapeneira.gal\/wp-content\/uploads\/2022\/10\/lita_alma_lopez.jpg","_links":{"self":[{"href":"https:\/\/www.anovapeneira.gal\/index.php\/wp-json\/wp\/v2\/posts\/8415","targetHints":{"allow":["GET"]}}],"collection":[{"href":"https:\/\/www.anovapeneira.gal\/index.php\/wp-json\/wp\/v2\/posts"}],"about":[{"href":"https:\/\/www.anovapeneira.gal\/index.php\/wp-json\/wp\/v2\/types\/post"}],"author":[{"embeddable":true,"href":"https:\/\/www.anovapeneira.gal\/index.php\/wp-json\/wp\/v2\/users\/3"}],"replies":[{"embeddable":true,"href":"https:\/\/www.anovapeneira.gal\/index.php\/wp-json\/wp\/v2\/comments?post=8415"}],"version-history":[{"count":3,"href":"https:\/\/www.anovapeneira.gal\/index.php\/wp-json\/wp\/v2\/posts\/8415\/revisions"}],"predecessor-version":[{"id":8421,"href":"https:\/\/www.anovapeneira.gal\/index.php\/wp-json\/wp\/v2\/posts\/8415\/revisions\/8421"}],"wp:featuredmedia":[{"embeddable":true,"href":"https:\/\/www.anovapeneira.gal\/index.php\/wp-json\/wp\/v2\/media\/8417"}],"wp:attachment":[{"href":"https:\/\/www.anovapeneira.gal\/index.php\/wp-json\/wp\/v2\/media?parent=8415"}],"wp:term":[{"taxonomy":"category","embeddable":true,"href":"https:\/\/www.anovapeneira.gal\/index.php\/wp-json\/wp\/v2\/categories?post=8415"},{"taxonomy":"post_tag","embeddable":true,"href":"https:\/\/www.anovapeneira.gal\/index.php\/wp-json\/wp\/v2\/tags?post=8415"}],"curies":[{"name":"wp","href":"https:\/\/api.w.org\/{rel}","templated":true}]}}