{"id":8442,"date":"2022-10-28T10:00:28","date_gmt":"2022-10-28T08:00:28","guid":{"rendered":"https:\/\/www.anovapeneira.gal\/?p=8442"},"modified":"2022-10-21T09:59:12","modified_gmt":"2022-10-21T07:59:12","slug":"as-neves-acolle-o-1o-encontro-de-artes-e-territorio","status":"publish","type":"post","link":"https:\/\/www.anovapeneira.gal\/index.php\/2022\/10\/28\/as-neves-acolle-o-1o-encontro-de-artes-e-territorio\/","title":{"rendered":"As Neves acolle o &#8220;1\u00ba Encontro de artes e territorio&#8221;"},"content":{"rendered":"\n<p>o pr\u00f3ximo s\u00e1bado 29 de outubro, as neves ser\u00e1 o escenario do <strong>&#8216;1\u00ba encontro de artes no territorio&#8217;<\/strong>, un evento que quere servir de base para pensar novas f\u00f3rmulas que axuden a potenciar a econom\u00eda e o desenvolvemento tur\u00edstico dende as artes e a cultura.<br><br>Este encontro pretende alicerzarse no apoio da veci\u00f1anza e na experiencia das entidades locais, traballando co co\u00f1ecemento, indagando na identidade cultural que habita o territorio de Galicia, en xeral e, particularmente no do Condado-Paradanta e nas Neves; a paisaxe, abranguendo tanto a natural como a constru\u00edda; o turismo, centrado nos xeitos de comunicaci\u00f3n, dende a m\u00fasica a gastronom\u00eda, da enograf\u00eda \u00e1 arquitectura ou da enolox\u00eda ao lecer e, por \u00faltimo, desvelar como a cultura pode potenciar a actividade econ\u00f3mica.<br><br><strong>Obxectivo<\/strong><br><br>A finalidade \u00faltima \u00e9 que a integraci\u00f3n das artes e a artesan\u00eda local, a fotograf\u00eda e o cinema, as acci\u00f3n esc\u00e9nicas e performativas ou as intervenci\u00f3ns art\u00edsticas, procesuais ou espec\u00edficas para un espazo, convertan <strong>o Encontro de Artes das Neves<\/strong> <strong>nun proxecto colectivo.<\/strong><br><br>Co comisariado da Cooperativa Performa (David Barro, M\u00f3nica Maneiro e I\u00f1aki Mart\u00ednez Antelo) este proxecto quere servir para significar o Condado como un espazo aberto \u00e1 creaci\u00f3n de vangarda, respectuoso coas tradici\u00f3ns e promovendo o patrimonio cultural e natural.<br><br><strong>Programa<\/strong><br><br>A actividade <strong>comezar\u00e1 \u00e1s 11:00 h. na Casa da Xuventude,<\/strong> cun <em>&#8216;Taller de dese\u00f1o estrat\u00e9xico&#8217;<\/em> no que <strong>participar\u00e1n os membros do Grupo de Desenrolo Rural (GDR) Condado-Paradanta, entidades locais e representantes das vilas irm\u00e1ns portuguesas de Melga\u00e7o e Mon\u00e7\u00e3o.<\/strong><\/p>\n\n\n\n<p><br>\u00c1s 17:30 horas ser\u00e1 o tempo da actuaci\u00f3n de Macarena Montesinos e a Banda Municipal de Rubi\u00f3s, na Praza Maior, presentando o seu &#8216;Concerto Monocromo&#8217;. A entrada \u00e9 libre.<\/p>\n\n\n\n<p><br>A Compa\u00f1\u00eda Ch\u00e9vere presentar\u00e1 \u00e1s 18:30h. a s\u00faa obra &#8216;As fillas bravas de Mom\u00e1n&#8217;, no Auditorio Municipal, con entrada \u00e9 de balde ata completar aforo.<\/p>\n\n\n\n<figure class=\"wp-block-image size-large\"><img loading=\"lazy\" decoding=\"async\" width=\"725\" height=\"1024\" src=\"https:\/\/www.anovapeneira.gal\/wp-content\/uploads\/2022\/10\/artes-territorio-725x1024.jpg\" alt=\"\" class=\"wp-image-8446\" srcset=\"https:\/\/www.anovapeneira.gal\/wp-content\/uploads\/2022\/10\/artes-territorio-725x1024.jpg 725w, https:\/\/www.anovapeneira.gal\/wp-content\/uploads\/2022\/10\/artes-territorio-212x300.jpg 212w, https:\/\/www.anovapeneira.gal\/wp-content\/uploads\/2022\/10\/artes-territorio-768x1085.jpg 768w, https:\/\/www.anovapeneira.gal\/wp-content\/uploads\/2022\/10\/artes-territorio.jpg 1080w\" sizes=\"auto, (max-width: 725px) 100vw, 725px\" \/><\/figure>\n","protected":false},"excerpt":{"rendered":"<div class=\"mh-excerpt\"><p>o pr\u00f3ximo s\u00e1bado 29 de outubro, as neves ser\u00e1 o escenario do &#8216;1\u00ba encontro de artes no territorio&#8217;, un evento que quere servir de base para pensar novas f\u00f3rmulas que axuden a potenciar a econom\u00eda e o desenvolvemento tur\u00edstico dende as artes e a cultura <a class=\"mh-excerpt-more\" href=\"https:\/\/www.anovapeneira.gal\/index.php\/2022\/10\/28\/as-neves-acolle-o-1o-encontro-de-artes-e-territorio\/\" title=\"As Neves acolle o &#8220;1\u00ba Encontro de artes e territorio&#8221;\">[&#8230;]<\/a><\/p>\n<\/div>","protected":false},"author":3,"featured_media":8444,"comment_status":"open","ping_status":"open","sticky":false,"template":"","format":"standard","meta":{"_exactmetrics_skip_tracking":false,"_exactmetrics_sitenote_active":false,"_exactmetrics_sitenote_note":"","_exactmetrics_sitenote_category":0,"footnotes":""},"categories":[25],"tags":[546],"class_list":{"0":"post-8442","1":"post","2":"type-post","3":"status-publish","4":"format-standard","5":"has-post-thumbnail","7":"category-condado","8":"tag-concello-das-neves"},"yoast_head":"<!-- This site is optimized with the Yoast SEO plugin v27.4 - https:\/\/yoast.com\/product\/yoast-seo-wordpress\/ -->\n<title>As Neves acolle o &quot;1\u00ba Encontro de artes e territorio&quot; -<\/title>\n<meta name=\"description\" content=\"o pr\u00f3ximo s\u00e1bado 29 de outubro, as neves ser\u00e1 o escenario do &#039;1\u00ba encontro de artes no territorio&#039;, un evento que quere servir de base para pensar novas f\u00f3rmulas que axuden a potenciar a econom\u00eda e o desenvolvemento tur\u00edstico dende as artes e a cultura\" \/>\n<meta name=\"robots\" content=\"index, follow, max-snippet:-1, max-image-preview:large, max-video-preview:-1\" \/>\n<link rel=\"canonical\" href=\"https:\/\/www.anovapeneira.gal\/index.php\/2022\/10\/28\/as-neves-acolle-o-1o-encontro-de-artes-e-territorio\/\" \/>\n<meta property=\"og:locale\" content=\"gl_ES\" \/>\n<meta property=\"og:type\" content=\"article\" \/>\n<meta property=\"og:title\" content=\"As Neves acolle o &quot;1\u00ba Encontro de artes e territorio&quot; -\" \/>\n<meta property=\"og:description\" content=\"o pr\u00f3ximo s\u00e1bado 29 de outubro, as neves ser\u00e1 o escenario do &#039;1\u00ba encontro de artes no territorio&#039;, un evento que quere servir de base para pensar novas f\u00f3rmulas que axuden a potenciar a econom\u00eda e o desenvolvemento tur\u00edstico dende as artes e a cultura\" \/>\n<meta property=\"og:url\" content=\"https:\/\/www.anovapeneira.gal\/index.php\/2022\/10\/28\/as-neves-acolle-o-1o-encontro-de-artes-e-territorio\/\" \/>\n<meta property=\"article:publisher\" content=\"https:\/\/www.facebook.com\/anovapeneira\" \/>\n<meta property=\"article:published_time\" content=\"2022-10-28T08:00:28+00:00\" \/>\n<meta property=\"og:image\" content=\"https:\/\/www.anovapeneira.gal\/wp-content\/uploads\/2022\/10\/artes-territorio_cabeceira.jpg\" \/>\n\t<meta property=\"og:image:width\" content=\"720\" \/>\n\t<meta property=\"og:image:height\" content=\"432\" \/>\n\t<meta property=\"og:image:type\" content=\"image\/jpeg\" \/>\n<meta name=\"author\" content=\"Redacci\u00f3n A Nova Peneira\" \/>\n<meta name=\"twitter:card\" content=\"summary_large_image\" \/>\n<meta name=\"twitter:creator\" content=\"@APeneira\" \/>\n<meta name=\"twitter:site\" content=\"@APeneira\" \/>\n<meta name=\"twitter:label1\" content=\"Escrito por\" \/>\n\t<meta name=\"twitter:data1\" content=\"Redacci\u00f3n A Nova Peneira\" \/>\n\t<meta name=\"twitter:label2\" content=\"Tempo de lectura\" \/>\n\t<meta name=\"twitter:data2\" content=\"2 minutos\" \/>\n<script type=\"application\/ld+json\" class=\"yoast-schema-graph\">{\"@context\":\"https:\\\/\\\/schema.org\",\"@graph\":[{\"@type\":\"Article\",\"@id\":\"https:\\\/\\\/www.anovapeneira.gal\\\/index.php\\\/2022\\\/10\\\/28\\\/as-neves-acolle-o-1o-encontro-de-artes-e-territorio\\\/#article\",\"isPartOf\":{\"@id\":\"https:\\\/\\\/www.anovapeneira.gal\\\/index.php\\\/2022\\\/10\\\/28\\\/as-neves-acolle-o-1o-encontro-de-artes-e-territorio\\\/\"},\"author\":{\"name\":\"Redacci\u00f3n A Nova Peneira\",\"@id\":\"https:\\\/\\\/www.anovapeneira.gal\\\/#\\\/schema\\\/person\\\/b93e3f8932e3f8da96334607eb6ac6aa\"},\"headline\":\"As Neves acolle o &#8220;1\u00ba Encontro de artes e territorio&#8221;\",\"datePublished\":\"2022-10-28T08:00:28+00:00\",\"mainEntityOfPage\":{\"@id\":\"https:\\\/\\\/www.anovapeneira.gal\\\/index.php\\\/2022\\\/10\\\/28\\\/as-neves-acolle-o-1o-encontro-de-artes-e-territorio\\\/\"},\"wordCount\":340,\"commentCount\":0,\"publisher\":{\"@id\":\"https:\\\/\\\/www.anovapeneira.gal\\\/#organization\"},\"image\":{\"@id\":\"https:\\\/\\\/www.anovapeneira.gal\\\/index.php\\\/2022\\\/10\\\/28\\\/as-neves-acolle-o-1o-encontro-de-artes-e-territorio\\\/#primaryimage\"},\"thumbnailUrl\":\"https:\\\/\\\/www.anovapeneira.gal\\\/wp-content\\\/uploads\\\/2022\\\/10\\\/artes-territorio_cabeceira.jpg\",\"keywords\":[\"Concello das Neves\"],\"articleSection\":[\"Condado\"],\"inLanguage\":\"gl-ES\",\"potentialAction\":[{\"@type\":\"CommentAction\",\"name\":\"Comment\",\"target\":[\"https:\\\/\\\/www.anovapeneira.gal\\\/index.php\\\/2022\\\/10\\\/28\\\/as-neves-acolle-o-1o-encontro-de-artes-e-territorio\\\/#respond\"]}]},{\"@type\":\"WebPage\",\"@id\":\"https:\\\/\\\/www.anovapeneira.gal\\\/index.php\\\/2022\\\/10\\\/28\\\/as-neves-acolle-o-1o-encontro-de-artes-e-territorio\\\/\",\"url\":\"https:\\\/\\\/www.anovapeneira.gal\\\/index.php\\\/2022\\\/10\\\/28\\\/as-neves-acolle-o-1o-encontro-de-artes-e-territorio\\\/\",\"name\":\"As Neves acolle o \\\"1\u00ba Encontro de artes e territorio\\\" -\",\"isPartOf\":{\"@id\":\"https:\\\/\\\/www.anovapeneira.gal\\\/#website\"},\"primaryImageOfPage\":{\"@id\":\"https:\\\/\\\/www.anovapeneira.gal\\\/index.php\\\/2022\\\/10\\\/28\\\/as-neves-acolle-o-1o-encontro-de-artes-e-territorio\\\/#primaryimage\"},\"image\":{\"@id\":\"https:\\\/\\\/www.anovapeneira.gal\\\/index.php\\\/2022\\\/10\\\/28\\\/as-neves-acolle-o-1o-encontro-de-artes-e-territorio\\\/#primaryimage\"},\"thumbnailUrl\":\"https:\\\/\\\/www.anovapeneira.gal\\\/wp-content\\\/uploads\\\/2022\\\/10\\\/artes-territorio_cabeceira.jpg\",\"datePublished\":\"2022-10-28T08:00:28+00:00\",\"description\":\"o pr\u00f3ximo s\u00e1bado 29 de outubro, as neves ser\u00e1 o escenario do '1\u00ba encontro de artes no territorio', un evento que quere servir de base para pensar novas f\u00f3rmulas que axuden a potenciar a econom\u00eda e o desenvolvemento tur\u00edstico dende as artes e a cultura\",\"breadcrumb\":{\"@id\":\"https:\\\/\\\/www.anovapeneira.gal\\\/index.php\\\/2022\\\/10\\\/28\\\/as-neves-acolle-o-1o-encontro-de-artes-e-territorio\\\/#breadcrumb\"},\"inLanguage\":\"gl-ES\",\"potentialAction\":[{\"@type\":\"ReadAction\",\"target\":[\"https:\\\/\\\/www.anovapeneira.gal\\\/index.php\\\/2022\\\/10\\\/28\\\/as-neves-acolle-o-1o-encontro-de-artes-e-territorio\\\/\"]}]},{\"@type\":\"ImageObject\",\"inLanguage\":\"gl-ES\",\"@id\":\"https:\\\/\\\/www.anovapeneira.gal\\\/index.php\\\/2022\\\/10\\\/28\\\/as-neves-acolle-o-1o-encontro-de-artes-e-territorio\\\/#primaryimage\",\"url\":\"https:\\\/\\\/www.anovapeneira.gal\\\/wp-content\\\/uploads\\\/2022\\\/10\\\/artes-territorio_cabeceira.jpg\",\"contentUrl\":\"https:\\\/\\\/www.anovapeneira.gal\\\/wp-content\\\/uploads\\\/2022\\\/10\\\/artes-territorio_cabeceira.jpg\",\"width\":720,\"height\":432},{\"@type\":\"BreadcrumbList\",\"@id\":\"https:\\\/\\\/www.anovapeneira.gal\\\/index.php\\\/2022\\\/10\\\/28\\\/as-neves-acolle-o-1o-encontro-de-artes-e-territorio\\\/#breadcrumb\",\"itemListElement\":[{\"@type\":\"ListItem\",\"position\":1,\"name\":\"Portada\",\"item\":\"https:\\\/\\\/www.anovapeneira.gal\\\/\"},{\"@type\":\"ListItem\",\"position\":2,\"name\":\"As Neves acolle o &#8220;1\u00ba Encontro de artes e territorio&#8221;\"}]},{\"@type\":\"WebSite\",\"@id\":\"https:\\\/\\\/www.anovapeneira.gal\\\/#website\",\"url\":\"https:\\\/\\\/www.anovapeneira.gal\\\/\",\"name\":\"\",\"description\":\"Xornal galego de informaci\u00f3n xeral Publicaci\u00f3n mensual de novas de Galicia e en especial dos Concellos da sur da provincia de Pontevedra.\",\"publisher\":{\"@id\":\"https:\\\/\\\/www.anovapeneira.gal\\\/#organization\"},\"potentialAction\":[{\"@type\":\"SearchAction\",\"target\":{\"@type\":\"EntryPoint\",\"urlTemplate\":\"https:\\\/\\\/www.anovapeneira.gal\\\/?s={search_term_string}\"},\"query-input\":{\"@type\":\"PropertyValueSpecification\",\"valueRequired\":true,\"valueName\":\"search_term_string\"}}],\"inLanguage\":\"gl-ES\"},{\"@type\":\"Organization\",\"@id\":\"https:\\\/\\\/www.anovapeneira.gal\\\/#organization\",\"name\":\"A Nova Peneira\",\"url\":\"https:\\\/\\\/www.anovapeneira.gal\\\/\",\"logo\":{\"@type\":\"ImageObject\",\"inLanguage\":\"gl-ES\",\"@id\":\"https:\\\/\\\/www.anovapeneira.gal\\\/#\\\/schema\\\/logo\\\/image\\\/\",\"url\":\"http:\\\/\\\/www.anovapeneira.gal\\\/wp-content\\\/uploads\\\/2019\\\/06\\\/logo_a_nova_peneira_portal_web.png\",\"contentUrl\":\"http:\\\/\\\/www.anovapeneira.gal\\\/wp-content\\\/uploads\\\/2019\\\/06\\\/logo_a_nova_peneira_portal_web.png\",\"width\":300,\"height\":100,\"caption\":\"A Nova Peneira\"},\"image\":{\"@id\":\"https:\\\/\\\/www.anovapeneira.gal\\\/#\\\/schema\\\/logo\\\/image\\\/\"},\"sameAs\":[\"https:\\\/\\\/www.facebook.com\\\/anovapeneira\",\"https:\\\/\\\/x.com\\\/APeneira\"]},{\"@type\":\"Person\",\"@id\":\"https:\\\/\\\/www.anovapeneira.gal\\\/#\\\/schema\\\/person\\\/b93e3f8932e3f8da96334607eb6ac6aa\",\"name\":\"Redacci\u00f3n A Nova Peneira\",\"image\":{\"@type\":\"ImageObject\",\"inLanguage\":\"gl-ES\",\"@id\":\"https:\\\/\\\/secure.gravatar.com\\\/avatar\\\/c052a2551a06e23fac63626232eaa90abd78dbcf1700fc46a2b2c89fd27b735f?s=96&d=mm&r=g\",\"url\":\"https:\\\/\\\/secure.gravatar.com\\\/avatar\\\/c052a2551a06e23fac63626232eaa90abd78dbcf1700fc46a2b2c89fd27b735f?s=96&d=mm&r=g\",\"contentUrl\":\"https:\\\/\\\/secure.gravatar.com\\\/avatar\\\/c052a2551a06e23fac63626232eaa90abd78dbcf1700fc46a2b2c89fd27b735f?s=96&d=mm&r=g\",\"caption\":\"Redacci\u00f3n A Nova Peneira\"},\"sameAs\":[\"http:\\\/\\\/www.anovapeneira.gal\\\/\"],\"url\":\"https:\\\/\\\/www.anovapeneira.gal\\\/index.php\\\/author\\\/redactor\\\/\"}]}<\/script>\n<!-- \/ Yoast SEO plugin. -->","yoast_head_json":{"title":"As Neves acolle o \"1\u00ba Encontro de artes e territorio\" -","description":"o pr\u00f3ximo s\u00e1bado 29 de outubro, as neves ser\u00e1 o escenario do '1\u00ba encontro de artes no territorio', un evento que quere servir de base para pensar novas f\u00f3rmulas que axuden a potenciar a econom\u00eda e o desenvolvemento tur\u00edstico dende as artes e a cultura","robots":{"index":"index","follow":"follow","max-snippet":"max-snippet:-1","max-image-preview":"max-image-preview:large","max-video-preview":"max-video-preview:-1"},"canonical":"https:\/\/www.anovapeneira.gal\/index.php\/2022\/10\/28\/as-neves-acolle-o-1o-encontro-de-artes-e-territorio\/","og_locale":"gl_ES","og_type":"article","og_title":"As Neves acolle o \"1\u00ba Encontro de artes e territorio\" -","og_description":"o pr\u00f3ximo s\u00e1bado 29 de outubro, as neves ser\u00e1 o escenario do '1\u00ba encontro de artes no territorio', un evento que quere servir de base para pensar novas f\u00f3rmulas que axuden a potenciar a econom\u00eda e o desenvolvemento tur\u00edstico dende as artes e a cultura","og_url":"https:\/\/www.anovapeneira.gal\/index.php\/2022\/10\/28\/as-neves-acolle-o-1o-encontro-de-artes-e-territorio\/","article_publisher":"https:\/\/www.facebook.com\/anovapeneira","article_published_time":"2022-10-28T08:00:28+00:00","og_image":[{"width":720,"height":432,"url":"https:\/\/www.anovapeneira.gal\/wp-content\/uploads\/2022\/10\/artes-territorio_cabeceira.jpg","type":"image\/jpeg"}],"author":"Redacci\u00f3n A Nova Peneira","twitter_card":"summary_large_image","twitter_creator":"@APeneira","twitter_site":"@APeneira","twitter_misc":{"Escrito por":"Redacci\u00f3n A Nova Peneira","Tempo de lectura":"2 minutos"},"schema":{"@context":"https:\/\/schema.org","@graph":[{"@type":"Article","@id":"https:\/\/www.anovapeneira.gal\/index.php\/2022\/10\/28\/as-neves-acolle-o-1o-encontro-de-artes-e-territorio\/#article","isPartOf":{"@id":"https:\/\/www.anovapeneira.gal\/index.php\/2022\/10\/28\/as-neves-acolle-o-1o-encontro-de-artes-e-territorio\/"},"author":{"name":"Redacci\u00f3n A Nova Peneira","@id":"https:\/\/www.anovapeneira.gal\/#\/schema\/person\/b93e3f8932e3f8da96334607eb6ac6aa"},"headline":"As Neves acolle o &#8220;1\u00ba Encontro de artes e territorio&#8221;","datePublished":"2022-10-28T08:00:28+00:00","mainEntityOfPage":{"@id":"https:\/\/www.anovapeneira.gal\/index.php\/2022\/10\/28\/as-neves-acolle-o-1o-encontro-de-artes-e-territorio\/"},"wordCount":340,"commentCount":0,"publisher":{"@id":"https:\/\/www.anovapeneira.gal\/#organization"},"image":{"@id":"https:\/\/www.anovapeneira.gal\/index.php\/2022\/10\/28\/as-neves-acolle-o-1o-encontro-de-artes-e-territorio\/#primaryimage"},"thumbnailUrl":"https:\/\/www.anovapeneira.gal\/wp-content\/uploads\/2022\/10\/artes-territorio_cabeceira.jpg","keywords":["Concello das Neves"],"articleSection":["Condado"],"inLanguage":"gl-ES","potentialAction":[{"@type":"CommentAction","name":"Comment","target":["https:\/\/www.anovapeneira.gal\/index.php\/2022\/10\/28\/as-neves-acolle-o-1o-encontro-de-artes-e-territorio\/#respond"]}]},{"@type":"WebPage","@id":"https:\/\/www.anovapeneira.gal\/index.php\/2022\/10\/28\/as-neves-acolle-o-1o-encontro-de-artes-e-territorio\/","url":"https:\/\/www.anovapeneira.gal\/index.php\/2022\/10\/28\/as-neves-acolle-o-1o-encontro-de-artes-e-territorio\/","name":"As Neves acolle o \"1\u00ba Encontro de artes e territorio\" -","isPartOf":{"@id":"https:\/\/www.anovapeneira.gal\/#website"},"primaryImageOfPage":{"@id":"https:\/\/www.anovapeneira.gal\/index.php\/2022\/10\/28\/as-neves-acolle-o-1o-encontro-de-artes-e-territorio\/#primaryimage"},"image":{"@id":"https:\/\/www.anovapeneira.gal\/index.php\/2022\/10\/28\/as-neves-acolle-o-1o-encontro-de-artes-e-territorio\/#primaryimage"},"thumbnailUrl":"https:\/\/www.anovapeneira.gal\/wp-content\/uploads\/2022\/10\/artes-territorio_cabeceira.jpg","datePublished":"2022-10-28T08:00:28+00:00","description":"o pr\u00f3ximo s\u00e1bado 29 de outubro, as neves ser\u00e1 o escenario do '1\u00ba encontro de artes no territorio', un evento que quere servir de base para pensar novas f\u00f3rmulas que axuden a potenciar a econom\u00eda e o desenvolvemento tur\u00edstico dende as artes e a cultura","breadcrumb":{"@id":"https:\/\/www.anovapeneira.gal\/index.php\/2022\/10\/28\/as-neves-acolle-o-1o-encontro-de-artes-e-territorio\/#breadcrumb"},"inLanguage":"gl-ES","potentialAction":[{"@type":"ReadAction","target":["https:\/\/www.anovapeneira.gal\/index.php\/2022\/10\/28\/as-neves-acolle-o-1o-encontro-de-artes-e-territorio\/"]}]},{"@type":"ImageObject","inLanguage":"gl-ES","@id":"https:\/\/www.anovapeneira.gal\/index.php\/2022\/10\/28\/as-neves-acolle-o-1o-encontro-de-artes-e-territorio\/#primaryimage","url":"https:\/\/www.anovapeneira.gal\/wp-content\/uploads\/2022\/10\/artes-territorio_cabeceira.jpg","contentUrl":"https:\/\/www.anovapeneira.gal\/wp-content\/uploads\/2022\/10\/artes-territorio_cabeceira.jpg","width":720,"height":432},{"@type":"BreadcrumbList","@id":"https:\/\/www.anovapeneira.gal\/index.php\/2022\/10\/28\/as-neves-acolle-o-1o-encontro-de-artes-e-territorio\/#breadcrumb","itemListElement":[{"@type":"ListItem","position":1,"name":"Portada","item":"https:\/\/www.anovapeneira.gal\/"},{"@type":"ListItem","position":2,"name":"As Neves acolle o &#8220;1\u00ba Encontro de artes e territorio&#8221;"}]},{"@type":"WebSite","@id":"https:\/\/www.anovapeneira.gal\/#website","url":"https:\/\/www.anovapeneira.gal\/","name":"","description":"Xornal galego de informaci\u00f3n xeral Publicaci\u00f3n mensual de novas de Galicia e en especial dos Concellos da sur da provincia de Pontevedra.","publisher":{"@id":"https:\/\/www.anovapeneira.gal\/#organization"},"potentialAction":[{"@type":"SearchAction","target":{"@type":"EntryPoint","urlTemplate":"https:\/\/www.anovapeneira.gal\/?s={search_term_string}"},"query-input":{"@type":"PropertyValueSpecification","valueRequired":true,"valueName":"search_term_string"}}],"inLanguage":"gl-ES"},{"@type":"Organization","@id":"https:\/\/www.anovapeneira.gal\/#organization","name":"A Nova Peneira","url":"https:\/\/www.anovapeneira.gal\/","logo":{"@type":"ImageObject","inLanguage":"gl-ES","@id":"https:\/\/www.anovapeneira.gal\/#\/schema\/logo\/image\/","url":"http:\/\/www.anovapeneira.gal\/wp-content\/uploads\/2019\/06\/logo_a_nova_peneira_portal_web.png","contentUrl":"http:\/\/www.anovapeneira.gal\/wp-content\/uploads\/2019\/06\/logo_a_nova_peneira_portal_web.png","width":300,"height":100,"caption":"A Nova Peneira"},"image":{"@id":"https:\/\/www.anovapeneira.gal\/#\/schema\/logo\/image\/"},"sameAs":["https:\/\/www.facebook.com\/anovapeneira","https:\/\/x.com\/APeneira"]},{"@type":"Person","@id":"https:\/\/www.anovapeneira.gal\/#\/schema\/person\/b93e3f8932e3f8da96334607eb6ac6aa","name":"Redacci\u00f3n A Nova Peneira","image":{"@type":"ImageObject","inLanguage":"gl-ES","@id":"https:\/\/secure.gravatar.com\/avatar\/c052a2551a06e23fac63626232eaa90abd78dbcf1700fc46a2b2c89fd27b735f?s=96&d=mm&r=g","url":"https:\/\/secure.gravatar.com\/avatar\/c052a2551a06e23fac63626232eaa90abd78dbcf1700fc46a2b2c89fd27b735f?s=96&d=mm&r=g","contentUrl":"https:\/\/secure.gravatar.com\/avatar\/c052a2551a06e23fac63626232eaa90abd78dbcf1700fc46a2b2c89fd27b735f?s=96&d=mm&r=g","caption":"Redacci\u00f3n A Nova Peneira"},"sameAs":["http:\/\/www.anovapeneira.gal\/"],"url":"https:\/\/www.anovapeneira.gal\/index.php\/author\/redactor\/"}]}},"jetpack_featured_media_url":"https:\/\/www.anovapeneira.gal\/wp-content\/uploads\/2022\/10\/artes-territorio_cabeceira.jpg","_links":{"self":[{"href":"https:\/\/www.anovapeneira.gal\/index.php\/wp-json\/wp\/v2\/posts\/8442","targetHints":{"allow":["GET"]}}],"collection":[{"href":"https:\/\/www.anovapeneira.gal\/index.php\/wp-json\/wp\/v2\/posts"}],"about":[{"href":"https:\/\/www.anovapeneira.gal\/index.php\/wp-json\/wp\/v2\/types\/post"}],"author":[{"embeddable":true,"href":"https:\/\/www.anovapeneira.gal\/index.php\/wp-json\/wp\/v2\/users\/3"}],"replies":[{"embeddable":true,"href":"https:\/\/www.anovapeneira.gal\/index.php\/wp-json\/wp\/v2\/comments?post=8442"}],"version-history":[{"count":2,"href":"https:\/\/www.anovapeneira.gal\/index.php\/wp-json\/wp\/v2\/posts\/8442\/revisions"}],"predecessor-version":[{"id":8447,"href":"https:\/\/www.anovapeneira.gal\/index.php\/wp-json\/wp\/v2\/posts\/8442\/revisions\/8447"}],"wp:featuredmedia":[{"embeddable":true,"href":"https:\/\/www.anovapeneira.gal\/index.php\/wp-json\/wp\/v2\/media\/8444"}],"wp:attachment":[{"href":"https:\/\/www.anovapeneira.gal\/index.php\/wp-json\/wp\/v2\/media?parent=8442"}],"wp:term":[{"taxonomy":"category","embeddable":true,"href":"https:\/\/www.anovapeneira.gal\/index.php\/wp-json\/wp\/v2\/categories?post=8442"},{"taxonomy":"post_tag","embeddable":true,"href":"https:\/\/www.anovapeneira.gal\/index.php\/wp-json\/wp\/v2\/tags?post=8442"}],"curies":[{"name":"wp","href":"https:\/\/api.w.org\/{rel}","templated":true}]}}