{"id":8452,"date":"2022-10-31T10:00:56","date_gmt":"2022-10-31T09:00:56","guid":{"rendered":"https:\/\/www.anovapeneira.gal\/?p=8452"},"modified":"2022-10-23T16:05:32","modified_gmt":"2022-10-23T14:05:32","slug":"miguel-riano-director-do-documental-la-ciudad-de-la-selva","status":"publish","type":"post","link":"https:\/\/www.anovapeneira.gal\/index.php\/2022\/10\/31\/miguel-riano-director-do-documental-la-ciudad-de-la-selva\/","title":{"rendered":"Miguel Ria\u00f1o director do documental \u201c La ciudad de la selva\u201d"},"content":{"rendered":"\n<p><strong>Miguel \u00e9 un director de cinema cuxo traballo \u201c La ciudad de la selva\u201d foi seleccionado no Festival de Cinema Independente de Valencia como candidato ao premio de mellor direcci\u00f3n e ao de mellor documental. E finalmente galardoado co premio ao mellor documental. Este traballo ref\u00edrese a unha historia verdadeiramente apaixonante : un lugar lugar oculto no monte preto da aldea de Casiao, en Ourense, que foi fundado por distintas persoas que fux\u00edan da represi\u00f3n franquista. O paso do tempo fixo que estas persoas acabasen convertidas en guerrilleiros que subsisten e loitan contra a garda civil. Carlos Tejerizo, director do proxecto arqueol\u00f3xico \u201c Sputnik Labrego\u201d \u00e9 unha persoa moi importante na produci\u00f3n deste traballo pois das s\u00faas prospecci\u00f3ns concl\u00faense que \u201c La ciudad de la selva\u201d \u00e9 o lugar de Europa occidental con m\u00e1is xacementos de guerrilla. Desde as nosas p\u00e1xinas non podemos m\u00e1is que darlle os parab\u00e9ns emocionados a Miguel e a todo o seu equipo, por ter a valent\u00eda de contribu\u00edr a dignificar a memoria dos guerrilleiros antifranquistas persoas cuxo valor e dignidade fan mellor \u00e1 humanidade.<\/strong><\/p>\n\n\n\n<p>\u201c<strong>A guerrilla era moito mellor valorada polas comunidades onde exist\u00eda que os representantes do estado franquista\u201d<\/strong><\/p>\n\n\n\n<p><strong>O primeiro que me chama a atenci\u00f3n Miguel, case me emociona, \u00e9 que sendo ti de Valladolid fales un galego impecable..?<\/strong><\/p>\n\n\n\n<blockquote class=\"wp-block-quote is-layout-flow wp-block-quote-is-layout-flow\"><p>Moitas grazas Marcos. Eu procedo dunha familia emigrante, parte procede de La Rioja, parte de Segovia e parte de Galicia. Sei o que sup\u00f3n ten que desenvolver un proxecto de vida lonxe de onde naciches e son un home moi respectuoso. A mi\u00f1a parella \u00e9 galega , eu vivo en Vigo e te\u00f1o amigos que me ensinaron o idioma.<\/p><\/blockquote>\n\n\n\n<p><strong>Pero non che impuxeron a s\u00faa aprendizaxe non como defenden alg\u00fans?<\/strong><\/p>\n\n\n\n<blockquote class=\"wp-block-quote is-layout-flow wp-block-quote-is-layout-flow\"><p>Iso carece de sentido. Aprender idiomas non ten nada de malo, todo o contrario sup\u00f3n unha enorme riqueza e eu se vou vivir a calquera sitio procuro co\u00f1ecer o idioma que falen al\u00ed. Par\u00e9ceme o natural.<\/p><\/blockquote>\n\n\n\n<p><strong>Est\u00e1s presentando o teu traballo\u201c La ciudad de la selva\u201d.C\u00f3ntanos que \u00e9?<\/strong><\/p>\n\n\n\n<blockquote class=\"wp-block-quote is-layout-flow wp-block-quote-is-layout-flow\"><p>\u00c9 moitas cousas, se cadra unha das m\u00e1is importantes \u00e9 a que n\u00f3s denominamos : a derradeira fronte de batalla da guerra civil. \u00c9 un espazo f\u00edsico singular no que hai unha fronte de batalla concreta entre a guerrilla e o ex\u00e9rcito de Franco, despois de finalizada a guerra.<\/p><\/blockquote>\n\n\n\n<p><strong>Este documental ten unha peculiaridade significativa pois al\u00e9n das testemu\u00f1as orais utilizastes a arqueolox\u00eda?<\/strong><\/p>\n\n\n\n<blockquote class=\"wp-block-quote is-layout-flow wp-block-quote-is-layout-flow\"><p>Si, e foi un formato que me fixo sentir enormemente c\u00f3modo. O noso obxectivo \u00e9 contribu\u00edr a que o p\u00fablico sexa quen de constru\u00edr un pensamento aut\u00f3nomo sobre unha realidade complexa que c\u00f3mpre observar desde unha perspectiva multi disciplinar.<\/p><\/blockquote>\n\n\n\n<p><strong>Como foi a rodaxe?<\/strong><\/p>\n\n\n\n<blockquote class=\"wp-block-quote is-layout-flow wp-block-quote-is-layout-flow\"><p>A verdade houbo que facer desprazamentos moi longos ata a zona de rodaxe, Pena Trevinca, con equipos moi pesados que o fac\u00edan todo complicado. Entre as viaxes en coche e as andainas investiamos entre 6 e 8 horas s\u00f3 para desprazarnos ao lugar de traballo. Pero ben, forma parte do traballo na natureza e a verdade paga a pena porque eses son montes fermos\u00edsimos.<\/p><\/blockquote>\n\n\n\n<p><strong>Supo\u00f1o que o momento no que viches por primeira vez \u201c La ciudad de la selva\u201d ser\u00eda moi emocionante?<\/strong><\/p>\n\n\n\n<blockquote class=\"wp-block-quote is-layout-flow wp-block-quote-is-layout-flow\"><p>Absolutamente Marcos. Pensar que algu\u00e9n viviu al\u00ed voluntariamente foi algo que a min me convenceu de que o compromiso e a determinaci\u00f3n que ti\u00f1a esta xente merec\u00eda ser contada Detr\u00e1s dese asentamento hab\u00eda un traballo moi complexo, profundamente razoado que indica que as persoas que al\u00ed viviron estaban preparad\u00edsimas.<\/p><\/blockquote>\n\n\n\n<p><strong>Cal era a relaci\u00f3n dos nativos cos guerrilleiros?<\/strong><\/p>\n\n\n\n<blockquote class=\"wp-block-quote is-layout-flow wp-block-quote-is-layout-flow\"><p>Os primeiros fuxidos que chegaron ao asentamento eran locais, e logo foron xunt\u00e1ndose con outras persoas que chegaron doutros puntos e que escapaban por motivaci\u00f3ns pol\u00edticas diversas. A constante represi\u00f3n exercida polo estado franquista levou \u00e1 existencia de certo nivel de simpat\u00eda da comunidade local cara \u00e1 guerrilla, que se materializa en axuda, enlaces e colaboraci\u00f3ns. Hai unha idea xeral referente \u00e1 honestidade dos guerrilleiros cos xente das aldeas, e pola contra tam\u00e9n a a hai sobre que a garda civil sobrepas\u00e1base con moita frecuencia.<\/p><\/blockquote>\n\n\n\n<p><strong>O acoso da garda civil foi tan duro?<\/strong><\/p>\n\n\n\n<blockquote class=\"wp-block-quote is-layout-flow wp-block-quote-is-layout-flow\"><p>Si, foi moi duro, de a\u00ed que se lembre de maneira pexorativa \u00e1 garda civil naquelas circunstancias. O mal que o fac\u00eda a garda civil supuxo que a pouco que fixeran os guerrilleiros a s\u00faa imaxe no pobo fose magn\u00edfica. A guerrilla, e isto que vou dicir transcende calquera visi\u00f3n ideoloxizada, cometendo errores , que tam\u00e9n os cometeu, era un colectivo moi respaldado polas comunidades dos sitios nos que exist\u00eda. Non te\u00f1o ningunha d\u00fabida de que a guerrilla era moito mellor valorada pola xente que os representantes do estado franquista.<\/p><\/blockquote>\n\n\n\n<p><strong>C\u00f3ntanos en que consiste METROPOLIS o proxecto de cooperativa audiovisual da que formas parte?<\/strong><\/p>\n\n\n\n<blockquote class=\"wp-block-quote is-layout-flow wp-block-quote-is-layout-flow\"><p>Pois o seu obxecto \u00e9 basicamente permitirnos traballar no noso, o mundo da comunicaci\u00f3n, \u00e1s persoas que a constitu\u00edmos. A colaboraci\u00f3n \u00e9 un xeito de organizaci\u00f3n social mellor que a competici\u00f3n e \u00e9 o cami\u00f1o para dignificar as condici\u00f3ns de traballo. Hai en Espa\u00f1a en xeral, e en particular no noso sector tam\u00e9n, moita xente con enormes capacidades para o traballo que non est\u00e1n suficientemente valoradas. A nosa idea \u00e9 irmos integrando cada vez a m\u00e1is profesionais na cooperativa para podermos repartir m\u00e1is traballo. N\u00f3s seguimos aprendendo para podelo facer cada vez mellor<\/p><\/blockquote>\n\n\n\n<p><strong>Como valoras a acollida do p\u00fablico nas salas nas que proxectastes o documental?<\/strong><\/p>\n\n\n\n<blockquote class=\"wp-block-quote is-layout-flow wp-block-quote-is-layout-flow\"><p>Moi boa. Estamos moi satisfeitos. Ogall\u00e1 poidamos darlle continuidade ao proxecto<\/p><\/blockquote>\n\n\n\n<p><strong>As sensaci\u00f3ns ao recibir o premio ao mellor documental?<\/strong><\/p>\n\n\n\n<blockquote class=\"wp-block-quote is-layout-flow wp-block-quote-is-layout-flow\"><p>Non esperaba este resultado, d\u00faas selecci\u00f3ns e un premio. O resultado superou as mi\u00f1as expectativas. Estou enormemente contento, ilusionado, agradecido e orgulloso.<\/p><\/blockquote>\n","protected":false},"excerpt":{"rendered":"<div class=\"mh-excerpt\"><p>Miguel \u00e9 un director de cinema cuxo traballo \u201c La ciudad de la selva\u201d foi seleccionado no Festival de Cinema Independente de Valencia como candidato ao premio de mellor direcci\u00f3n e ao de mellor documental <a class=\"mh-excerpt-more\" href=\"https:\/\/www.anovapeneira.gal\/index.php\/2022\/10\/31\/miguel-riano-director-do-documental-la-ciudad-de-la-selva\/\" title=\"Miguel Ria\u00f1o director do documental \u201c La ciudad de la selva\u201d\">[&#8230;]<\/a><\/p>\n<\/div>","protected":false},"author":6,"featured_media":8453,"comment_status":"open","ping_status":"open","sticky":false,"template":"","format":"standard","meta":{"_exactmetrics_skip_tracking":false,"_exactmetrics_sitenote_active":false,"_exactmetrics_sitenote_note":"","_exactmetrics_sitenote_category":0,"footnotes":""},"categories":[264],"tags":[753],"class_list":{"0":"post-8452","1":"post","2":"type-post","3":"status-publish","4":"format-standard","5":"has-post-thumbnail","7":"category-entrevistas-galicia","8":"tag-cine"},"yoast_head":"<!-- This site is optimized with the Yoast SEO plugin v27.4 - https:\/\/yoast.com\/product\/yoast-seo-wordpress\/ -->\n<title>Miguel Ria\u00f1o director do documental \u201c La ciudad de la selva\u201d -<\/title>\n<meta name=\"description\" content=\"Miguel \u00e9 un director de cinema cuxo traballo \u201c La ciudad de la selva\u201d foi seleccionado no Festival de Cinema Independente de Valencia como candidato ao premio de mellor direcci\u00f3n e ao de mellor documental\" \/>\n<meta name=\"robots\" content=\"index, follow, max-snippet:-1, max-image-preview:large, max-video-preview:-1\" \/>\n<link rel=\"canonical\" href=\"https:\/\/www.anovapeneira.gal\/index.php\/2022\/10\/31\/miguel-riano-director-do-documental-la-ciudad-de-la-selva\/\" \/>\n<meta property=\"og:locale\" content=\"gl_ES\" \/>\n<meta property=\"og:type\" content=\"article\" \/>\n<meta property=\"og:title\" content=\"Miguel Ria\u00f1o director do documental \u201c La ciudad de la selva\u201d -\" \/>\n<meta property=\"og:description\" content=\"Miguel \u00e9 un director de cinema cuxo traballo \u201c La ciudad de la selva\u201d foi seleccionado no Festival de Cinema Independente de Valencia como candidato ao premio de mellor direcci\u00f3n e ao de mellor documental\" \/>\n<meta property=\"og:url\" content=\"https:\/\/www.anovapeneira.gal\/index.php\/2022\/10\/31\/miguel-riano-director-do-documental-la-ciudad-de-la-selva\/\" \/>\n<meta property=\"article:publisher\" content=\"https:\/\/www.facebook.com\/anovapeneira\" \/>\n<meta property=\"article:published_time\" content=\"2022-10-31T09:00:56+00:00\" \/>\n<meta property=\"og:image\" content=\"https:\/\/www.anovapeneira.gal\/wp-content\/uploads\/2022\/10\/miguel_riano.jpg\" \/>\n\t<meta property=\"og:image:width\" content=\"720\" \/>\n\t<meta property=\"og:image:height\" content=\"432\" \/>\n\t<meta property=\"og:image:type\" content=\"image\/jpeg\" \/>\n<meta name=\"author\" content=\"Marcos Santos\" \/>\n<meta name=\"twitter:card\" content=\"summary_large_image\" \/>\n<meta name=\"twitter:creator\" content=\"@APeneira\" \/>\n<meta name=\"twitter:site\" content=\"@APeneira\" \/>\n<meta name=\"twitter:label1\" content=\"Escrito por\" \/>\n\t<meta name=\"twitter:data1\" content=\"Marcos Santos\" \/>\n\t<meta name=\"twitter:label2\" content=\"Tempo de lectura\" \/>\n\t<meta name=\"twitter:data2\" content=\"6 minutos\" \/>\n<script type=\"application\/ld+json\" class=\"yoast-schema-graph\">{\"@context\":\"https:\\\/\\\/schema.org\",\"@graph\":[{\"@type\":\"Article\",\"@id\":\"https:\\\/\\\/www.anovapeneira.gal\\\/index.php\\\/2022\\\/10\\\/31\\\/miguel-riano-director-do-documental-la-ciudad-de-la-selva\\\/#article\",\"isPartOf\":{\"@id\":\"https:\\\/\\\/www.anovapeneira.gal\\\/index.php\\\/2022\\\/10\\\/31\\\/miguel-riano-director-do-documental-la-ciudad-de-la-selva\\\/\"},\"author\":{\"name\":\"Marcos Santos\",\"@id\":\"https:\\\/\\\/www.anovapeneira.gal\\\/#\\\/schema\\\/person\\\/d9d84823564720e7593293bab054e52d\"},\"headline\":\"Miguel Ria\u00f1o director do documental \u201c La ciudad de la selva\u201d\",\"datePublished\":\"2022-10-31T09:00:56+00:00\",\"mainEntityOfPage\":{\"@id\":\"https:\\\/\\\/www.anovapeneira.gal\\\/index.php\\\/2022\\\/10\\\/31\\\/miguel-riano-director-do-documental-la-ciudad-de-la-selva\\\/\"},\"wordCount\":995,\"commentCount\":0,\"publisher\":{\"@id\":\"https:\\\/\\\/www.anovapeneira.gal\\\/#organization\"},\"image\":{\"@id\":\"https:\\\/\\\/www.anovapeneira.gal\\\/index.php\\\/2022\\\/10\\\/31\\\/miguel-riano-director-do-documental-la-ciudad-de-la-selva\\\/#primaryimage\"},\"thumbnailUrl\":\"https:\\\/\\\/www.anovapeneira.gal\\\/wp-content\\\/uploads\\\/2022\\\/10\\\/miguel_riano.jpg\",\"keywords\":[\"Cine\"],\"articleSection\":[\"Entrevistas\"],\"inLanguage\":\"gl-ES\",\"potentialAction\":[{\"@type\":\"CommentAction\",\"name\":\"Comment\",\"target\":[\"https:\\\/\\\/www.anovapeneira.gal\\\/index.php\\\/2022\\\/10\\\/31\\\/miguel-riano-director-do-documental-la-ciudad-de-la-selva\\\/#respond\"]}]},{\"@type\":\"WebPage\",\"@id\":\"https:\\\/\\\/www.anovapeneira.gal\\\/index.php\\\/2022\\\/10\\\/31\\\/miguel-riano-director-do-documental-la-ciudad-de-la-selva\\\/\",\"url\":\"https:\\\/\\\/www.anovapeneira.gal\\\/index.php\\\/2022\\\/10\\\/31\\\/miguel-riano-director-do-documental-la-ciudad-de-la-selva\\\/\",\"name\":\"Miguel Ria\u00f1o director do documental \u201c La ciudad de la selva\u201d -\",\"isPartOf\":{\"@id\":\"https:\\\/\\\/www.anovapeneira.gal\\\/#website\"},\"primaryImageOfPage\":{\"@id\":\"https:\\\/\\\/www.anovapeneira.gal\\\/index.php\\\/2022\\\/10\\\/31\\\/miguel-riano-director-do-documental-la-ciudad-de-la-selva\\\/#primaryimage\"},\"image\":{\"@id\":\"https:\\\/\\\/www.anovapeneira.gal\\\/index.php\\\/2022\\\/10\\\/31\\\/miguel-riano-director-do-documental-la-ciudad-de-la-selva\\\/#primaryimage\"},\"thumbnailUrl\":\"https:\\\/\\\/www.anovapeneira.gal\\\/wp-content\\\/uploads\\\/2022\\\/10\\\/miguel_riano.jpg\",\"datePublished\":\"2022-10-31T09:00:56+00:00\",\"description\":\"Miguel \u00e9 un director de cinema cuxo traballo \u201c La ciudad de la selva\u201d foi seleccionado no Festival de Cinema Independente de Valencia como candidato ao premio de mellor direcci\u00f3n e ao de mellor documental\",\"breadcrumb\":{\"@id\":\"https:\\\/\\\/www.anovapeneira.gal\\\/index.php\\\/2022\\\/10\\\/31\\\/miguel-riano-director-do-documental-la-ciudad-de-la-selva\\\/#breadcrumb\"},\"inLanguage\":\"gl-ES\",\"potentialAction\":[{\"@type\":\"ReadAction\",\"target\":[\"https:\\\/\\\/www.anovapeneira.gal\\\/index.php\\\/2022\\\/10\\\/31\\\/miguel-riano-director-do-documental-la-ciudad-de-la-selva\\\/\"]}]},{\"@type\":\"ImageObject\",\"inLanguage\":\"gl-ES\",\"@id\":\"https:\\\/\\\/www.anovapeneira.gal\\\/index.php\\\/2022\\\/10\\\/31\\\/miguel-riano-director-do-documental-la-ciudad-de-la-selva\\\/#primaryimage\",\"url\":\"https:\\\/\\\/www.anovapeneira.gal\\\/wp-content\\\/uploads\\\/2022\\\/10\\\/miguel_riano.jpg\",\"contentUrl\":\"https:\\\/\\\/www.anovapeneira.gal\\\/wp-content\\\/uploads\\\/2022\\\/10\\\/miguel_riano.jpg\",\"width\":720,\"height\":432,\"caption\":\"Miguel Ria\u00f1o director do documental \u201c La ciudad de la selva\u201d\"},{\"@type\":\"BreadcrumbList\",\"@id\":\"https:\\\/\\\/www.anovapeneira.gal\\\/index.php\\\/2022\\\/10\\\/31\\\/miguel-riano-director-do-documental-la-ciudad-de-la-selva\\\/#breadcrumb\",\"itemListElement\":[{\"@type\":\"ListItem\",\"position\":1,\"name\":\"Portada\",\"item\":\"https:\\\/\\\/www.anovapeneira.gal\\\/\"},{\"@type\":\"ListItem\",\"position\":2,\"name\":\"Miguel Ria\u00f1o director do documental \u201c La ciudad de la selva\u201d\"}]},{\"@type\":\"WebSite\",\"@id\":\"https:\\\/\\\/www.anovapeneira.gal\\\/#website\",\"url\":\"https:\\\/\\\/www.anovapeneira.gal\\\/\",\"name\":\"\",\"description\":\"Xornal galego de informaci\u00f3n xeral Publicaci\u00f3n mensual de novas de Galicia e en especial dos Concellos da sur da provincia de Pontevedra.\",\"publisher\":{\"@id\":\"https:\\\/\\\/www.anovapeneira.gal\\\/#organization\"},\"potentialAction\":[{\"@type\":\"SearchAction\",\"target\":{\"@type\":\"EntryPoint\",\"urlTemplate\":\"https:\\\/\\\/www.anovapeneira.gal\\\/?s={search_term_string}\"},\"query-input\":{\"@type\":\"PropertyValueSpecification\",\"valueRequired\":true,\"valueName\":\"search_term_string\"}}],\"inLanguage\":\"gl-ES\"},{\"@type\":\"Organization\",\"@id\":\"https:\\\/\\\/www.anovapeneira.gal\\\/#organization\",\"name\":\"A Nova Peneira\",\"url\":\"https:\\\/\\\/www.anovapeneira.gal\\\/\",\"logo\":{\"@type\":\"ImageObject\",\"inLanguage\":\"gl-ES\",\"@id\":\"https:\\\/\\\/www.anovapeneira.gal\\\/#\\\/schema\\\/logo\\\/image\\\/\",\"url\":\"http:\\\/\\\/www.anovapeneira.gal\\\/wp-content\\\/uploads\\\/2019\\\/06\\\/logo_a_nova_peneira_portal_web.png\",\"contentUrl\":\"http:\\\/\\\/www.anovapeneira.gal\\\/wp-content\\\/uploads\\\/2019\\\/06\\\/logo_a_nova_peneira_portal_web.png\",\"width\":300,\"height\":100,\"caption\":\"A Nova Peneira\"},\"image\":{\"@id\":\"https:\\\/\\\/www.anovapeneira.gal\\\/#\\\/schema\\\/logo\\\/image\\\/\"},\"sameAs\":[\"https:\\\/\\\/www.facebook.com\\\/anovapeneira\",\"https:\\\/\\\/x.com\\\/APeneira\"]},{\"@type\":\"Person\",\"@id\":\"https:\\\/\\\/www.anovapeneira.gal\\\/#\\\/schema\\\/person\\\/d9d84823564720e7593293bab054e52d\",\"name\":\"Marcos Santos\",\"image\":{\"@type\":\"ImageObject\",\"inLanguage\":\"gl-ES\",\"@id\":\"https:\\\/\\\/secure.gravatar.com\\\/avatar\\\/0e8017099a7a47c0a9d2275e865fe326484561eb3d70649069e4b8e61a8d2e8c?s=96&d=mm&r=g\",\"url\":\"https:\\\/\\\/secure.gravatar.com\\\/avatar\\\/0e8017099a7a47c0a9d2275e865fe326484561eb3d70649069e4b8e61a8d2e8c?s=96&d=mm&r=g\",\"contentUrl\":\"https:\\\/\\\/secure.gravatar.com\\\/avatar\\\/0e8017099a7a47c0a9d2275e865fe326484561eb3d70649069e4b8e61a8d2e8c?s=96&d=mm&r=g\",\"caption\":\"Marcos Santos\"},\"sameAs\":[\"http:\\\/\\\/anovapeneira.gal\"],\"url\":\"https:\\\/\\\/www.anovapeneira.gal\\\/index.php\\\/author\\\/marcos-santos\\\/\"}]}<\/script>\n<!-- \/ Yoast SEO plugin. -->","yoast_head_json":{"title":"Miguel Ria\u00f1o director do documental \u201c La ciudad de la selva\u201d -","description":"Miguel \u00e9 un director de cinema cuxo traballo \u201c La ciudad de la selva\u201d foi seleccionado no Festival de Cinema Independente de Valencia como candidato ao premio de mellor direcci\u00f3n e ao de mellor documental","robots":{"index":"index","follow":"follow","max-snippet":"max-snippet:-1","max-image-preview":"max-image-preview:large","max-video-preview":"max-video-preview:-1"},"canonical":"https:\/\/www.anovapeneira.gal\/index.php\/2022\/10\/31\/miguel-riano-director-do-documental-la-ciudad-de-la-selva\/","og_locale":"gl_ES","og_type":"article","og_title":"Miguel Ria\u00f1o director do documental \u201c La ciudad de la selva\u201d -","og_description":"Miguel \u00e9 un director de cinema cuxo traballo \u201c La ciudad de la selva\u201d foi seleccionado no Festival de Cinema Independente de Valencia como candidato ao premio de mellor direcci\u00f3n e ao de mellor documental","og_url":"https:\/\/www.anovapeneira.gal\/index.php\/2022\/10\/31\/miguel-riano-director-do-documental-la-ciudad-de-la-selva\/","article_publisher":"https:\/\/www.facebook.com\/anovapeneira","article_published_time":"2022-10-31T09:00:56+00:00","og_image":[{"width":720,"height":432,"url":"https:\/\/www.anovapeneira.gal\/wp-content\/uploads\/2022\/10\/miguel_riano.jpg","type":"image\/jpeg"}],"author":"Marcos Santos","twitter_card":"summary_large_image","twitter_creator":"@APeneira","twitter_site":"@APeneira","twitter_misc":{"Escrito por":"Marcos Santos","Tempo de lectura":"6 minutos"},"schema":{"@context":"https:\/\/schema.org","@graph":[{"@type":"Article","@id":"https:\/\/www.anovapeneira.gal\/index.php\/2022\/10\/31\/miguel-riano-director-do-documental-la-ciudad-de-la-selva\/#article","isPartOf":{"@id":"https:\/\/www.anovapeneira.gal\/index.php\/2022\/10\/31\/miguel-riano-director-do-documental-la-ciudad-de-la-selva\/"},"author":{"name":"Marcos Santos","@id":"https:\/\/www.anovapeneira.gal\/#\/schema\/person\/d9d84823564720e7593293bab054e52d"},"headline":"Miguel Ria\u00f1o director do documental \u201c La ciudad de la selva\u201d","datePublished":"2022-10-31T09:00:56+00:00","mainEntityOfPage":{"@id":"https:\/\/www.anovapeneira.gal\/index.php\/2022\/10\/31\/miguel-riano-director-do-documental-la-ciudad-de-la-selva\/"},"wordCount":995,"commentCount":0,"publisher":{"@id":"https:\/\/www.anovapeneira.gal\/#organization"},"image":{"@id":"https:\/\/www.anovapeneira.gal\/index.php\/2022\/10\/31\/miguel-riano-director-do-documental-la-ciudad-de-la-selva\/#primaryimage"},"thumbnailUrl":"https:\/\/www.anovapeneira.gal\/wp-content\/uploads\/2022\/10\/miguel_riano.jpg","keywords":["Cine"],"articleSection":["Entrevistas"],"inLanguage":"gl-ES","potentialAction":[{"@type":"CommentAction","name":"Comment","target":["https:\/\/www.anovapeneira.gal\/index.php\/2022\/10\/31\/miguel-riano-director-do-documental-la-ciudad-de-la-selva\/#respond"]}]},{"@type":"WebPage","@id":"https:\/\/www.anovapeneira.gal\/index.php\/2022\/10\/31\/miguel-riano-director-do-documental-la-ciudad-de-la-selva\/","url":"https:\/\/www.anovapeneira.gal\/index.php\/2022\/10\/31\/miguel-riano-director-do-documental-la-ciudad-de-la-selva\/","name":"Miguel Ria\u00f1o director do documental \u201c La ciudad de la selva\u201d -","isPartOf":{"@id":"https:\/\/www.anovapeneira.gal\/#website"},"primaryImageOfPage":{"@id":"https:\/\/www.anovapeneira.gal\/index.php\/2022\/10\/31\/miguel-riano-director-do-documental-la-ciudad-de-la-selva\/#primaryimage"},"image":{"@id":"https:\/\/www.anovapeneira.gal\/index.php\/2022\/10\/31\/miguel-riano-director-do-documental-la-ciudad-de-la-selva\/#primaryimage"},"thumbnailUrl":"https:\/\/www.anovapeneira.gal\/wp-content\/uploads\/2022\/10\/miguel_riano.jpg","datePublished":"2022-10-31T09:00:56+00:00","description":"Miguel \u00e9 un director de cinema cuxo traballo \u201c La ciudad de la selva\u201d foi seleccionado no Festival de Cinema Independente de Valencia como candidato ao premio de mellor direcci\u00f3n e ao de mellor documental","breadcrumb":{"@id":"https:\/\/www.anovapeneira.gal\/index.php\/2022\/10\/31\/miguel-riano-director-do-documental-la-ciudad-de-la-selva\/#breadcrumb"},"inLanguage":"gl-ES","potentialAction":[{"@type":"ReadAction","target":["https:\/\/www.anovapeneira.gal\/index.php\/2022\/10\/31\/miguel-riano-director-do-documental-la-ciudad-de-la-selva\/"]}]},{"@type":"ImageObject","inLanguage":"gl-ES","@id":"https:\/\/www.anovapeneira.gal\/index.php\/2022\/10\/31\/miguel-riano-director-do-documental-la-ciudad-de-la-selva\/#primaryimage","url":"https:\/\/www.anovapeneira.gal\/wp-content\/uploads\/2022\/10\/miguel_riano.jpg","contentUrl":"https:\/\/www.anovapeneira.gal\/wp-content\/uploads\/2022\/10\/miguel_riano.jpg","width":720,"height":432,"caption":"Miguel Ria\u00f1o director do documental \u201c La ciudad de la selva\u201d"},{"@type":"BreadcrumbList","@id":"https:\/\/www.anovapeneira.gal\/index.php\/2022\/10\/31\/miguel-riano-director-do-documental-la-ciudad-de-la-selva\/#breadcrumb","itemListElement":[{"@type":"ListItem","position":1,"name":"Portada","item":"https:\/\/www.anovapeneira.gal\/"},{"@type":"ListItem","position":2,"name":"Miguel Ria\u00f1o director do documental \u201c La ciudad de la selva\u201d"}]},{"@type":"WebSite","@id":"https:\/\/www.anovapeneira.gal\/#website","url":"https:\/\/www.anovapeneira.gal\/","name":"","description":"Xornal galego de informaci\u00f3n xeral Publicaci\u00f3n mensual de novas de Galicia e en especial dos Concellos da sur da provincia de Pontevedra.","publisher":{"@id":"https:\/\/www.anovapeneira.gal\/#organization"},"potentialAction":[{"@type":"SearchAction","target":{"@type":"EntryPoint","urlTemplate":"https:\/\/www.anovapeneira.gal\/?s={search_term_string}"},"query-input":{"@type":"PropertyValueSpecification","valueRequired":true,"valueName":"search_term_string"}}],"inLanguage":"gl-ES"},{"@type":"Organization","@id":"https:\/\/www.anovapeneira.gal\/#organization","name":"A Nova Peneira","url":"https:\/\/www.anovapeneira.gal\/","logo":{"@type":"ImageObject","inLanguage":"gl-ES","@id":"https:\/\/www.anovapeneira.gal\/#\/schema\/logo\/image\/","url":"http:\/\/www.anovapeneira.gal\/wp-content\/uploads\/2019\/06\/logo_a_nova_peneira_portal_web.png","contentUrl":"http:\/\/www.anovapeneira.gal\/wp-content\/uploads\/2019\/06\/logo_a_nova_peneira_portal_web.png","width":300,"height":100,"caption":"A Nova Peneira"},"image":{"@id":"https:\/\/www.anovapeneira.gal\/#\/schema\/logo\/image\/"},"sameAs":["https:\/\/www.facebook.com\/anovapeneira","https:\/\/x.com\/APeneira"]},{"@type":"Person","@id":"https:\/\/www.anovapeneira.gal\/#\/schema\/person\/d9d84823564720e7593293bab054e52d","name":"Marcos Santos","image":{"@type":"ImageObject","inLanguage":"gl-ES","@id":"https:\/\/secure.gravatar.com\/avatar\/0e8017099a7a47c0a9d2275e865fe326484561eb3d70649069e4b8e61a8d2e8c?s=96&d=mm&r=g","url":"https:\/\/secure.gravatar.com\/avatar\/0e8017099a7a47c0a9d2275e865fe326484561eb3d70649069e4b8e61a8d2e8c?s=96&d=mm&r=g","contentUrl":"https:\/\/secure.gravatar.com\/avatar\/0e8017099a7a47c0a9d2275e865fe326484561eb3d70649069e4b8e61a8d2e8c?s=96&d=mm&r=g","caption":"Marcos Santos"},"sameAs":["http:\/\/anovapeneira.gal"],"url":"https:\/\/www.anovapeneira.gal\/index.php\/author\/marcos-santos\/"}]}},"jetpack_featured_media_url":"https:\/\/www.anovapeneira.gal\/wp-content\/uploads\/2022\/10\/miguel_riano.jpg","_links":{"self":[{"href":"https:\/\/www.anovapeneira.gal\/index.php\/wp-json\/wp\/v2\/posts\/8452","targetHints":{"allow":["GET"]}}],"collection":[{"href":"https:\/\/www.anovapeneira.gal\/index.php\/wp-json\/wp\/v2\/posts"}],"about":[{"href":"https:\/\/www.anovapeneira.gal\/index.php\/wp-json\/wp\/v2\/types\/post"}],"author":[{"embeddable":true,"href":"https:\/\/www.anovapeneira.gal\/index.php\/wp-json\/wp\/v2\/users\/6"}],"replies":[{"embeddable":true,"href":"https:\/\/www.anovapeneira.gal\/index.php\/wp-json\/wp\/v2\/comments?post=8452"}],"version-history":[{"count":1,"href":"https:\/\/www.anovapeneira.gal\/index.php\/wp-json\/wp\/v2\/posts\/8452\/revisions"}],"predecessor-version":[{"id":8454,"href":"https:\/\/www.anovapeneira.gal\/index.php\/wp-json\/wp\/v2\/posts\/8452\/revisions\/8454"}],"wp:featuredmedia":[{"embeddable":true,"href":"https:\/\/www.anovapeneira.gal\/index.php\/wp-json\/wp\/v2\/media\/8453"}],"wp:attachment":[{"href":"https:\/\/www.anovapeneira.gal\/index.php\/wp-json\/wp\/v2\/media?parent=8452"}],"wp:term":[{"taxonomy":"category","embeddable":true,"href":"https:\/\/www.anovapeneira.gal\/index.php\/wp-json\/wp\/v2\/categories?post=8452"},{"taxonomy":"post_tag","embeddable":true,"href":"https:\/\/www.anovapeneira.gal\/index.php\/wp-json\/wp\/v2\/tags?post=8452"}],"curies":[{"name":"wp","href":"https:\/\/api.w.org\/{rel}","templated":true}]}}