{"id":8455,"date":"2022-10-31T12:00:52","date_gmt":"2022-10-31T11:00:52","guid":{"rendered":"https:\/\/www.anovapeneira.gal\/?p=8455"},"modified":"2022-10-23T16:10:19","modified_gmt":"2022-10-23T14:10:19","slug":"ienca","status":"publish","type":"post","link":"https:\/\/www.anovapeneira.gal\/index.php\/2022\/10\/31\/ienca\/","title":{"rendered":"Ienca"},"content":{"rendered":"\n<figure class=\"wp-block-image size-full is-resized\"><img loading=\"lazy\" decoding=\"async\" src=\"https:\/\/www.anovapeneira.gal\/wp-content\/uploads\/2020\/06\/carlos_meixome_a_nova_peneira.jpg\" alt=\"Carlos M\u00e9ixome Opini\u00f3n A Nova Peneira\" class=\"wp-image-3375\" width=\"95\" height=\"111\"\/><figcaption>Carlos M\u00e9ixome<\/figcaption><\/figure>\n\n\n\n<p>Un, \u00e9 que vai tendo moitos anos. Con perd\u00f3n. Ben sei que non \u00e9 cousa de gabarse do que non est\u00e1 de moda. Ref\u00edrome aos moitos anos; non a cumprilos. O caso \u00e9 que froito do moito troulear veume \u00e1 chencha unha c\u00e1ntiga de mocidade, de non lembro quen; a\u00ednda que ben pensado deberon ser moitos os seus interpretes pois foi canci\u00f3n de \u00e9xito reiterado e danza constante.<\/p>\n\n\n\n<p>O texto non era, como xa intu\u00edu o lector, unha labarada de virtudes literarias. Mais ou menos dic\u00eda: \u201cEsquerda, esquerda; dereita, dereita; adiante, atr\u00e1s; un, dous, tres\u201d. O retrouso repet\u00edase ata a saciedade ou ata que, afogado de tanto chimpo, rematabas estomballado nunha daquelas cadeiras macizas propias de tempos escuros.<\/p>\n\n\n\n<p>O mon\u00f3tono texto e os reiterados movementos aos que incitaba, vi\u00f1\u00e9ronme ao max\u00edn nestes d\u00edas nos que se armou unha pequena barafunda nas chamadas \u201credes sociais\u201d ou \u201caparellos autistas\u201d (que un visita de cando en vez para non sentirse illado de todo), por mor da visita da portavoz nacionalista a un taller de costura de certo renome.<\/p>\n\n\n\n<p>Pareceume que o retrouso casaba ben con ese cismar do galeguismo de ir para al\u00e1 ou para ac\u00f3, con tal de enredar no cami\u00f1o. Tampouco pretendo ser orixinal, pois a chanza t\u00e9\u00f1oa escoitado en moitas ocasi\u00f3ns. Expl\u00edcome. Ref\u00edrome \u00e1 porf\u00eda dalg\u00fans de \u201ca mi\u00f1a esquerda non manda ningu\u00e9n\u201d. As\u00ed que cando algu\u00e9n lle entraba, ou entra, a vea radical non tardaba moito en ocorr\u00e9rselle a outro unha argallada a\u00ednda maior con tal de manterse \u201c\u00e0 gauche\u201d e ocupar un espazo na xeopol\u00edtica interna, de absoluta inutilidade social, que permita arrexuntar un grupi\u00f1o de presi\u00f3n ata que este esmorece e, coas calores e choivas outonais, abrolle un novo. A teima cismona deu reviravoltas abondo e non \u00e9 do caso sinalalas; que sempre queda feo.<\/p>\n\n\n\n<p>A outra cismona obsesi\u00f3n, vi\u00f1a, e ven, da outra banda. A choromicada permanente da inexistencia dunha dereita galega, no senso de aut\u00f3noma, galeguista ou nacionalista, que non no senso \u00e9tnico, pois ningu\u00e9n lle pretende roubar as s\u00faas orixes a quen nos leva gobernando d\u00e9cadas de formalidade auton\u00f3mica e s\u00e9culos sen este requilorio administrativo. Alg\u00fans intent\u00e1rono. Que eu lembre, e incumprindo o de non sinalar, quixo facelo don Eulogio coas mans encalecidas dos socios da COREN vella; despois, dende un curuto con pretensi\u00f3ns ilustradas, pretendeuno o fel\u00f3n barulleiro de Barreiro ao que todo lle serve con tal de ser el o que predica; e, por descontado, intentouno o meu paisano Pepe Cu\u00ed\u00f1a que non caeu na conta da perversa e eterna maldade dos que aparentan ser \u201cse\u00f1oritos de cidade\u201d ou te\u00f1en fachenda de selo; nin tampouco, infelizmente, do curta que \u00e9 a vida. Deixei para o \u00faltimo os que senten a ausencia da dereita, pero non son quen de facela e, non sei se por mofa, es\u00edxenlle, aos que se reclaman de esquerda, que o fagan.<\/p>\n\n\n\n<p><a><\/a>Lembren o retrouso, r\u00edtmico e axitado, e deixen facer oh!<\/p>\n","protected":false},"excerpt":{"rendered":"<div class=\"mh-excerpt\"><p>Un, \u00e9 que vai tendo moitos anos. Con perd\u00f3n. Ben sei que non \u00e9 cousa de gabarse do que non est\u00e1 de moda. Ref\u00edrome aos moitos anos; non a cumprilos <a class=\"mh-excerpt-more\" href=\"https:\/\/www.anovapeneira.gal\/index.php\/2022\/10\/31\/ienca\/\" title=\"Ienca\">[&#8230;]<\/a><\/p>\n<\/div>","protected":false},"author":28,"featured_media":584,"comment_status":"open","ping_status":"open","sticky":false,"template":"","format":"standard","meta":{"_exactmetrics_skip_tracking":false,"_exactmetrics_sitenote_active":false,"_exactmetrics_sitenote_note":"","_exactmetrics_sitenote_category":0,"footnotes":""},"categories":[7],"tags":[70],"class_list":{"0":"post-8455","1":"post","2":"type-post","3":"status-publish","4":"format-standard","5":"has-post-thumbnail","7":"category-artigos-de-opinion","8":"tag-carlos-meixome"},"yoast_head":"<!-- This site is optimized with the Yoast SEO plugin v27.4 - https:\/\/yoast.com\/product\/yoast-seo-wordpress\/ -->\n<title>Ienca -<\/title>\n<meta name=\"description\" content=\"Un, \u00e9 que vai tendo moitos anos. Con perd\u00f3n. Ben sei que non \u00e9 cousa de gabarse do que non est\u00e1 de moda. Ref\u00edrome aos moitos anos; non a cumprilos\" \/>\n<meta name=\"robots\" content=\"index, follow, max-snippet:-1, max-image-preview:large, max-video-preview:-1\" \/>\n<link rel=\"canonical\" href=\"https:\/\/www.anovapeneira.gal\/index.php\/2022\/10\/31\/ienca\/\" \/>\n<meta property=\"og:locale\" content=\"gl_ES\" \/>\n<meta property=\"og:type\" content=\"article\" \/>\n<meta property=\"og:title\" content=\"Ienca -\" \/>\n<meta property=\"og:description\" content=\"Un, \u00e9 que vai tendo moitos anos. Con perd\u00f3n. Ben sei que non \u00e9 cousa de gabarse do que non est\u00e1 de moda. Ref\u00edrome aos moitos anos; non a cumprilos\" \/>\n<meta property=\"og:url\" content=\"https:\/\/www.anovapeneira.gal\/index.php\/2022\/10\/31\/ienca\/\" \/>\n<meta property=\"article:publisher\" content=\"https:\/\/www.facebook.com\/anovapeneira\" \/>\n<meta property=\"article:published_time\" content=\"2022-10-31T11:00:52+00:00\" \/>\n<meta property=\"og:image\" content=\"https:\/\/www.anovapeneira.gal\/wp-content\/uploads\/2019\/07\/ARTIGO_DE_OPINION_A_NOVA_PENEIRA.jpg\" \/>\n\t<meta property=\"og:image:width\" content=\"720\" \/>\n\t<meta property=\"og:image:height\" content=\"473\" \/>\n\t<meta property=\"og:image:type\" content=\"image\/jpeg\" \/>\n<meta name=\"author\" content=\"Carlos M\u00e9ixome\" \/>\n<meta name=\"twitter:card\" content=\"summary_large_image\" \/>\n<meta name=\"twitter:image\" content=\"https:\/\/www.anovapeneira.gal\/wp-content\/uploads\/2019\/07\/ARTIGO_DE_OPINION_A_NOVA_PENEIRA.jpg\" \/>\n<meta name=\"twitter:creator\" content=\"@APeneira\" \/>\n<meta name=\"twitter:site\" content=\"@APeneira\" \/>\n<meta name=\"twitter:label1\" content=\"Escrito por\" \/>\n\t<meta name=\"twitter:data1\" content=\"Carlos M\u00e9ixome\" \/>\n\t<meta name=\"twitter:label2\" content=\"Tempo de lectura\" \/>\n\t<meta name=\"twitter:data2\" content=\"3 minutos\" \/>\n<script type=\"application\/ld+json\" class=\"yoast-schema-graph\">{\"@context\":\"https:\\\/\\\/schema.org\",\"@graph\":[{\"@type\":\"Article\",\"@id\":\"https:\\\/\\\/www.anovapeneira.gal\\\/index.php\\\/2022\\\/10\\\/31\\\/ienca\\\/#article\",\"isPartOf\":{\"@id\":\"https:\\\/\\\/www.anovapeneira.gal\\\/index.php\\\/2022\\\/10\\\/31\\\/ienca\\\/\"},\"author\":{\"name\":\"Carlos M\u00e9ixome\",\"@id\":\"https:\\\/\\\/www.anovapeneira.gal\\\/#\\\/schema\\\/person\\\/2b153a5dc1eb464bd57627c809057031\"},\"headline\":\"Ienca\",\"datePublished\":\"2022-10-31T11:00:52+00:00\",\"mainEntityOfPage\":{\"@id\":\"https:\\\/\\\/www.anovapeneira.gal\\\/index.php\\\/2022\\\/10\\\/31\\\/ienca\\\/\"},\"wordCount\":524,\"commentCount\":0,\"publisher\":{\"@id\":\"https:\\\/\\\/www.anovapeneira.gal\\\/#organization\"},\"image\":{\"@id\":\"https:\\\/\\\/www.anovapeneira.gal\\\/index.php\\\/2022\\\/10\\\/31\\\/ienca\\\/#primaryimage\"},\"thumbnailUrl\":\"https:\\\/\\\/www.anovapeneira.gal\\\/wp-content\\\/uploads\\\/2019\\\/07\\\/ARTIGO_DE_OPINION_A_NOVA_PENEIRA.jpg\",\"keywords\":[\"Carlos M\u00e9ixome\"],\"articleSection\":[\"Artigos de opini\u00f3n\"],\"inLanguage\":\"gl-ES\",\"potentialAction\":[{\"@type\":\"CommentAction\",\"name\":\"Comment\",\"target\":[\"https:\\\/\\\/www.anovapeneira.gal\\\/index.php\\\/2022\\\/10\\\/31\\\/ienca\\\/#respond\"]}]},{\"@type\":\"WebPage\",\"@id\":\"https:\\\/\\\/www.anovapeneira.gal\\\/index.php\\\/2022\\\/10\\\/31\\\/ienca\\\/\",\"url\":\"https:\\\/\\\/www.anovapeneira.gal\\\/index.php\\\/2022\\\/10\\\/31\\\/ienca\\\/\",\"name\":\"Ienca -\",\"isPartOf\":{\"@id\":\"https:\\\/\\\/www.anovapeneira.gal\\\/#website\"},\"primaryImageOfPage\":{\"@id\":\"https:\\\/\\\/www.anovapeneira.gal\\\/index.php\\\/2022\\\/10\\\/31\\\/ienca\\\/#primaryimage\"},\"image\":{\"@id\":\"https:\\\/\\\/www.anovapeneira.gal\\\/index.php\\\/2022\\\/10\\\/31\\\/ienca\\\/#primaryimage\"},\"thumbnailUrl\":\"https:\\\/\\\/www.anovapeneira.gal\\\/wp-content\\\/uploads\\\/2019\\\/07\\\/ARTIGO_DE_OPINION_A_NOVA_PENEIRA.jpg\",\"datePublished\":\"2022-10-31T11:00:52+00:00\",\"description\":\"Un, \u00e9 que vai tendo moitos anos. Con perd\u00f3n. Ben sei que non \u00e9 cousa de gabarse do que non est\u00e1 de moda. Ref\u00edrome aos moitos anos; non a cumprilos\",\"breadcrumb\":{\"@id\":\"https:\\\/\\\/www.anovapeneira.gal\\\/index.php\\\/2022\\\/10\\\/31\\\/ienca\\\/#breadcrumb\"},\"inLanguage\":\"gl-ES\",\"potentialAction\":[{\"@type\":\"ReadAction\",\"target\":[\"https:\\\/\\\/www.anovapeneira.gal\\\/index.php\\\/2022\\\/10\\\/31\\\/ienca\\\/\"]}]},{\"@type\":\"ImageObject\",\"inLanguage\":\"gl-ES\",\"@id\":\"https:\\\/\\\/www.anovapeneira.gal\\\/index.php\\\/2022\\\/10\\\/31\\\/ienca\\\/#primaryimage\",\"url\":\"https:\\\/\\\/www.anovapeneira.gal\\\/wp-content\\\/uploads\\\/2019\\\/07\\\/ARTIGO_DE_OPINION_A_NOVA_PENEIRA.jpg\",\"contentUrl\":\"https:\\\/\\\/www.anovapeneira.gal\\\/wp-content\\\/uploads\\\/2019\\\/07\\\/ARTIGO_DE_OPINION_A_NOVA_PENEIRA.jpg\",\"width\":720,\"height\":473,\"caption\":\"Artigo de opini\u00f3n A Nova Peneira\"},{\"@type\":\"BreadcrumbList\",\"@id\":\"https:\\\/\\\/www.anovapeneira.gal\\\/index.php\\\/2022\\\/10\\\/31\\\/ienca\\\/#breadcrumb\",\"itemListElement\":[{\"@type\":\"ListItem\",\"position\":1,\"name\":\"Portada\",\"item\":\"https:\\\/\\\/www.anovapeneira.gal\\\/\"},{\"@type\":\"ListItem\",\"position\":2,\"name\":\"Ienca\"}]},{\"@type\":\"WebSite\",\"@id\":\"https:\\\/\\\/www.anovapeneira.gal\\\/#website\",\"url\":\"https:\\\/\\\/www.anovapeneira.gal\\\/\",\"name\":\"\",\"description\":\"Xornal galego de informaci\u00f3n xeral Publicaci\u00f3n mensual de novas de Galicia e en especial dos Concellos da sur da provincia de Pontevedra.\",\"publisher\":{\"@id\":\"https:\\\/\\\/www.anovapeneira.gal\\\/#organization\"},\"potentialAction\":[{\"@type\":\"SearchAction\",\"target\":{\"@type\":\"EntryPoint\",\"urlTemplate\":\"https:\\\/\\\/www.anovapeneira.gal\\\/?s={search_term_string}\"},\"query-input\":{\"@type\":\"PropertyValueSpecification\",\"valueRequired\":true,\"valueName\":\"search_term_string\"}}],\"inLanguage\":\"gl-ES\"},{\"@type\":\"Organization\",\"@id\":\"https:\\\/\\\/www.anovapeneira.gal\\\/#organization\",\"name\":\"A Nova Peneira\",\"url\":\"https:\\\/\\\/www.anovapeneira.gal\\\/\",\"logo\":{\"@type\":\"ImageObject\",\"inLanguage\":\"gl-ES\",\"@id\":\"https:\\\/\\\/www.anovapeneira.gal\\\/#\\\/schema\\\/logo\\\/image\\\/\",\"url\":\"http:\\\/\\\/www.anovapeneira.gal\\\/wp-content\\\/uploads\\\/2019\\\/06\\\/logo_a_nova_peneira_portal_web.png\",\"contentUrl\":\"http:\\\/\\\/www.anovapeneira.gal\\\/wp-content\\\/uploads\\\/2019\\\/06\\\/logo_a_nova_peneira_portal_web.png\",\"width\":300,\"height\":100,\"caption\":\"A Nova Peneira\"},\"image\":{\"@id\":\"https:\\\/\\\/www.anovapeneira.gal\\\/#\\\/schema\\\/logo\\\/image\\\/\"},\"sameAs\":[\"https:\\\/\\\/www.facebook.com\\\/anovapeneira\",\"https:\\\/\\\/x.com\\\/APeneira\"]},{\"@type\":\"Person\",\"@id\":\"https:\\\/\\\/www.anovapeneira.gal\\\/#\\\/schema\\\/person\\\/2b153a5dc1eb464bd57627c809057031\",\"name\":\"Carlos M\u00e9ixome\",\"image\":{\"@type\":\"ImageObject\",\"inLanguage\":\"gl-ES\",\"@id\":\"https:\\\/\\\/secure.gravatar.com\\\/avatar\\\/4a156c6183f8f634f0b5226ef6d55cfbb3b2fe17a025ab46bfb1c737c737f0cf?s=96&d=mm&r=g\",\"url\":\"https:\\\/\\\/secure.gravatar.com\\\/avatar\\\/4a156c6183f8f634f0b5226ef6d55cfbb3b2fe17a025ab46bfb1c737c737f0cf?s=96&d=mm&r=g\",\"contentUrl\":\"https:\\\/\\\/secure.gravatar.com\\\/avatar\\\/4a156c6183f8f634f0b5226ef6d55cfbb3b2fe17a025ab46bfb1c737c737f0cf?s=96&d=mm&r=g\",\"caption\":\"Carlos M\u00e9ixome\"},\"url\":\"https:\\\/\\\/www.anovapeneira.gal\\\/index.php\\\/author\\\/carlosmeixome\\\/\"}]}<\/script>\n<!-- \/ Yoast SEO plugin. -->","yoast_head_json":{"title":"Ienca -","description":"Un, \u00e9 que vai tendo moitos anos. Con perd\u00f3n. Ben sei que non \u00e9 cousa de gabarse do que non est\u00e1 de moda. Ref\u00edrome aos moitos anos; non a cumprilos","robots":{"index":"index","follow":"follow","max-snippet":"max-snippet:-1","max-image-preview":"max-image-preview:large","max-video-preview":"max-video-preview:-1"},"canonical":"https:\/\/www.anovapeneira.gal\/index.php\/2022\/10\/31\/ienca\/","og_locale":"gl_ES","og_type":"article","og_title":"Ienca -","og_description":"Un, \u00e9 que vai tendo moitos anos. Con perd\u00f3n. Ben sei que non \u00e9 cousa de gabarse do que non est\u00e1 de moda. Ref\u00edrome aos moitos anos; non a cumprilos","og_url":"https:\/\/www.anovapeneira.gal\/index.php\/2022\/10\/31\/ienca\/","article_publisher":"https:\/\/www.facebook.com\/anovapeneira","article_published_time":"2022-10-31T11:00:52+00:00","og_image":[{"width":720,"height":473,"url":"https:\/\/www.anovapeneira.gal\/wp-content\/uploads\/2019\/07\/ARTIGO_DE_OPINION_A_NOVA_PENEIRA.jpg","type":"image\/jpeg"}],"author":"Carlos M\u00e9ixome","twitter_card":"summary_large_image","twitter_image":"https:\/\/www.anovapeneira.gal\/wp-content\/uploads\/2019\/07\/ARTIGO_DE_OPINION_A_NOVA_PENEIRA.jpg","twitter_creator":"@APeneira","twitter_site":"@APeneira","twitter_misc":{"Escrito por":"Carlos M\u00e9ixome","Tempo de lectura":"3 minutos"},"schema":{"@context":"https:\/\/schema.org","@graph":[{"@type":"Article","@id":"https:\/\/www.anovapeneira.gal\/index.php\/2022\/10\/31\/ienca\/#article","isPartOf":{"@id":"https:\/\/www.anovapeneira.gal\/index.php\/2022\/10\/31\/ienca\/"},"author":{"name":"Carlos M\u00e9ixome","@id":"https:\/\/www.anovapeneira.gal\/#\/schema\/person\/2b153a5dc1eb464bd57627c809057031"},"headline":"Ienca","datePublished":"2022-10-31T11:00:52+00:00","mainEntityOfPage":{"@id":"https:\/\/www.anovapeneira.gal\/index.php\/2022\/10\/31\/ienca\/"},"wordCount":524,"commentCount":0,"publisher":{"@id":"https:\/\/www.anovapeneira.gal\/#organization"},"image":{"@id":"https:\/\/www.anovapeneira.gal\/index.php\/2022\/10\/31\/ienca\/#primaryimage"},"thumbnailUrl":"https:\/\/www.anovapeneira.gal\/wp-content\/uploads\/2019\/07\/ARTIGO_DE_OPINION_A_NOVA_PENEIRA.jpg","keywords":["Carlos M\u00e9ixome"],"articleSection":["Artigos de opini\u00f3n"],"inLanguage":"gl-ES","potentialAction":[{"@type":"CommentAction","name":"Comment","target":["https:\/\/www.anovapeneira.gal\/index.php\/2022\/10\/31\/ienca\/#respond"]}]},{"@type":"WebPage","@id":"https:\/\/www.anovapeneira.gal\/index.php\/2022\/10\/31\/ienca\/","url":"https:\/\/www.anovapeneira.gal\/index.php\/2022\/10\/31\/ienca\/","name":"Ienca -","isPartOf":{"@id":"https:\/\/www.anovapeneira.gal\/#website"},"primaryImageOfPage":{"@id":"https:\/\/www.anovapeneira.gal\/index.php\/2022\/10\/31\/ienca\/#primaryimage"},"image":{"@id":"https:\/\/www.anovapeneira.gal\/index.php\/2022\/10\/31\/ienca\/#primaryimage"},"thumbnailUrl":"https:\/\/www.anovapeneira.gal\/wp-content\/uploads\/2019\/07\/ARTIGO_DE_OPINION_A_NOVA_PENEIRA.jpg","datePublished":"2022-10-31T11:00:52+00:00","description":"Un, \u00e9 que vai tendo moitos anos. Con perd\u00f3n. Ben sei que non \u00e9 cousa de gabarse do que non est\u00e1 de moda. Ref\u00edrome aos moitos anos; non a cumprilos","breadcrumb":{"@id":"https:\/\/www.anovapeneira.gal\/index.php\/2022\/10\/31\/ienca\/#breadcrumb"},"inLanguage":"gl-ES","potentialAction":[{"@type":"ReadAction","target":["https:\/\/www.anovapeneira.gal\/index.php\/2022\/10\/31\/ienca\/"]}]},{"@type":"ImageObject","inLanguage":"gl-ES","@id":"https:\/\/www.anovapeneira.gal\/index.php\/2022\/10\/31\/ienca\/#primaryimage","url":"https:\/\/www.anovapeneira.gal\/wp-content\/uploads\/2019\/07\/ARTIGO_DE_OPINION_A_NOVA_PENEIRA.jpg","contentUrl":"https:\/\/www.anovapeneira.gal\/wp-content\/uploads\/2019\/07\/ARTIGO_DE_OPINION_A_NOVA_PENEIRA.jpg","width":720,"height":473,"caption":"Artigo de opini\u00f3n A Nova Peneira"},{"@type":"BreadcrumbList","@id":"https:\/\/www.anovapeneira.gal\/index.php\/2022\/10\/31\/ienca\/#breadcrumb","itemListElement":[{"@type":"ListItem","position":1,"name":"Portada","item":"https:\/\/www.anovapeneira.gal\/"},{"@type":"ListItem","position":2,"name":"Ienca"}]},{"@type":"WebSite","@id":"https:\/\/www.anovapeneira.gal\/#website","url":"https:\/\/www.anovapeneira.gal\/","name":"","description":"Xornal galego de informaci\u00f3n xeral Publicaci\u00f3n mensual de novas de Galicia e en especial dos Concellos da sur da provincia de Pontevedra.","publisher":{"@id":"https:\/\/www.anovapeneira.gal\/#organization"},"potentialAction":[{"@type":"SearchAction","target":{"@type":"EntryPoint","urlTemplate":"https:\/\/www.anovapeneira.gal\/?s={search_term_string}"},"query-input":{"@type":"PropertyValueSpecification","valueRequired":true,"valueName":"search_term_string"}}],"inLanguage":"gl-ES"},{"@type":"Organization","@id":"https:\/\/www.anovapeneira.gal\/#organization","name":"A Nova Peneira","url":"https:\/\/www.anovapeneira.gal\/","logo":{"@type":"ImageObject","inLanguage":"gl-ES","@id":"https:\/\/www.anovapeneira.gal\/#\/schema\/logo\/image\/","url":"http:\/\/www.anovapeneira.gal\/wp-content\/uploads\/2019\/06\/logo_a_nova_peneira_portal_web.png","contentUrl":"http:\/\/www.anovapeneira.gal\/wp-content\/uploads\/2019\/06\/logo_a_nova_peneira_portal_web.png","width":300,"height":100,"caption":"A Nova Peneira"},"image":{"@id":"https:\/\/www.anovapeneira.gal\/#\/schema\/logo\/image\/"},"sameAs":["https:\/\/www.facebook.com\/anovapeneira","https:\/\/x.com\/APeneira"]},{"@type":"Person","@id":"https:\/\/www.anovapeneira.gal\/#\/schema\/person\/2b153a5dc1eb464bd57627c809057031","name":"Carlos M\u00e9ixome","image":{"@type":"ImageObject","inLanguage":"gl-ES","@id":"https:\/\/secure.gravatar.com\/avatar\/4a156c6183f8f634f0b5226ef6d55cfbb3b2fe17a025ab46bfb1c737c737f0cf?s=96&d=mm&r=g","url":"https:\/\/secure.gravatar.com\/avatar\/4a156c6183f8f634f0b5226ef6d55cfbb3b2fe17a025ab46bfb1c737c737f0cf?s=96&d=mm&r=g","contentUrl":"https:\/\/secure.gravatar.com\/avatar\/4a156c6183f8f634f0b5226ef6d55cfbb3b2fe17a025ab46bfb1c737c737f0cf?s=96&d=mm&r=g","caption":"Carlos M\u00e9ixome"},"url":"https:\/\/www.anovapeneira.gal\/index.php\/author\/carlosmeixome\/"}]}},"jetpack_featured_media_url":"https:\/\/www.anovapeneira.gal\/wp-content\/uploads\/2019\/07\/ARTIGO_DE_OPINION_A_NOVA_PENEIRA.jpg","_links":{"self":[{"href":"https:\/\/www.anovapeneira.gal\/index.php\/wp-json\/wp\/v2\/posts\/8455","targetHints":{"allow":["GET"]}}],"collection":[{"href":"https:\/\/www.anovapeneira.gal\/index.php\/wp-json\/wp\/v2\/posts"}],"about":[{"href":"https:\/\/www.anovapeneira.gal\/index.php\/wp-json\/wp\/v2\/types\/post"}],"author":[{"embeddable":true,"href":"https:\/\/www.anovapeneira.gal\/index.php\/wp-json\/wp\/v2\/users\/28"}],"replies":[{"embeddable":true,"href":"https:\/\/www.anovapeneira.gal\/index.php\/wp-json\/wp\/v2\/comments?post=8455"}],"version-history":[{"count":1,"href":"https:\/\/www.anovapeneira.gal\/index.php\/wp-json\/wp\/v2\/posts\/8455\/revisions"}],"predecessor-version":[{"id":8456,"href":"https:\/\/www.anovapeneira.gal\/index.php\/wp-json\/wp\/v2\/posts\/8455\/revisions\/8456"}],"wp:featuredmedia":[{"embeddable":true,"href":"https:\/\/www.anovapeneira.gal\/index.php\/wp-json\/wp\/v2\/media\/584"}],"wp:attachment":[{"href":"https:\/\/www.anovapeneira.gal\/index.php\/wp-json\/wp\/v2\/media?parent=8455"}],"wp:term":[{"taxonomy":"category","embeddable":true,"href":"https:\/\/www.anovapeneira.gal\/index.php\/wp-json\/wp\/v2\/categories?post=8455"},{"taxonomy":"post_tag","embeddable":true,"href":"https:\/\/www.anovapeneira.gal\/index.php\/wp-json\/wp\/v2\/tags?post=8455"}],"curies":[{"name":"wp","href":"https:\/\/api.w.org\/{rel}","templated":true}]}}