{"id":8457,"date":"2022-11-01T10:00:01","date_gmt":"2022-11-01T09:00:01","guid":{"rendered":"https:\/\/www.anovapeneira.gal\/?p=8457"},"modified":"2022-10-23T16:18:29","modified_gmt":"2022-10-23T14:18:29","slug":"a-nova-peneira-parroquia-a-parroquia","status":"publish","type":"post","link":"https:\/\/www.anovapeneira.gal\/index.php\/2022\/11\/01\/a-nova-peneira-parroquia-a-parroquia\/","title":{"rendered":"A Nova Peneira Parroquia a Parroquia"},"content":{"rendered":"\n<h2 class=\"wp-block-heading\"><strong>GOI\u00c1N<\/strong><\/h2>\n\n\n\n<p>Tomi\u00f1o \u00e9 unha terra especial, non so polos seus recursos naturais e paisax\u00edsticos, sen\u00f3n tam\u00e9n polo seu rico patrimonio cultural e inmaterial.<\/p>\n\n\n\n<p>Das quince parroquias que conforman este concello, imos falar de Goi\u00e1n.<\/p>\n\n\n\n<p>Goi\u00e1n \u00e9 o segundo n\u00facleo urbano da vila tomi\u00f1esa. Situado na estrada PO-552, que une Tui con A Guarda. Neste emblem\u00e1tico punto fronteirizo inaugurouse no ano 2004 unha nova ponte internacional que o une con Vilanova de Cerveira. A Ponte da Amizade veu a estreitar m\u00e1is as relaci\u00f3ns entre ambas as vilas e ofrece unha fermosa estampa do r\u00edo e das s\u00faas marxes dende o paseo peonil que incorpora.<\/p>\n\n\n\n<p>No centro da vila atopamos a praza Pintor Antonio Fern\u00e1ndez, co conxunto da igrexa Parroquial do s\u00e9culo XVIII e casa reitoral, e a arteria principal, a avenida Ord\u00f3\u00f1ez, que a\u00ednda conserva moitas das casas indianas que contribu\u00edron \u00e1 urbanizaci\u00f3n da vila a comezos do s\u00e9culo pasado, e o Centro Goian\u00e9s, que ten a s\u00faa orixe no ano 1914 e foi durante moitos anos o centro social m\u00e1is activo de toda a comarca.<\/p>\n\n\n\n<p>Se continuamos por esta avenida principal, ao chegar ao cruce que vai para Tabag\u00f3n, atopamos \u201cA Casa das do Correo\u201d, antiga parada da dilixencia de correos a comezos do s\u00e9culo XIX, convertida hoxe nun acolledor restaurante. Chegando ao remate desta estrada principal, alcanzaremos a ermida de San Roque, nunha fermosa contorna de sobreiras centenarias e que albergou no s\u00e9culo XVII a fortaleza de Nosa Sra. da Concepci\u00f3n, erixida en terra polos portugueses e da que s\u00f3 conservan alg\u00fans vestixios do seu contorno.<\/p>\n\n\n\n<p>A avenida desemboca no r\u00edo Mi\u00f1o, que lle ofrece ao visitante unha fermosa panor\u00e1mica da ribeira e da veci\u00f1a vila portuguesa de Vilanova, as\u00ed como dunha praia fluvial, que conta ademais cun amplo espazo de recreo, e embarcadoiro. A contorna ten o complemento perfecto na fortaleza de San Lourenzo e o Pazo da Torre, cunha pequena capela no seu exterior.<\/p>\n\n\n\n<p>Desta Fortaleza San Lorenzo podemos contar que foi a Asociaci\u00f3n Eliseo Alonso de Goi\u00e1n e os veci\u00f1os e veci\u00f1as da parroquia, os encargados darlle luz e o espazo que se merece. Xa m\u00e1is tarde, o Concello de Tomi\u00f1o, avanzou na posta en valor deste Ben de Interese Cutural, e recuperou para uso p\u00fablico parte da contorna.<\/p>\n\n\n\n<p>No ver\u00e1n de 2012 abriuse o \u201cEspazo Fortaleza\u201d ao p\u00fablico. Un espazo diferente, dese\u00f1ado polo arquitecto Pablo Gallego Picard, e que foi distinguido con importantes premios de arquitectura, urbanismo e paisaxe.<\/p>\n\n\n\n<p>Desde a s\u00faa apertura, foron moitos os veci\u00f1os e veci\u00f1as que visitaron o lugar, procedentes do propio municipio, pero tam\u00e9n da comarca e doutros puntos de Galicia.<\/p>\n\n\n\n<p>\u00c9 un dos lugares m\u00e1is concorridos da comarca e non \u00e9 de estra\u00f1ar; a praia fluvial na que se pode pasar un bo d\u00eda de ver\u00e1n; as terrazas dende onde contemplar as augas do r\u00edo Mi\u00f1o: o antigo forte no alto coas s\u00faas impresionantes murallas\u2026 Sen d\u00fabida, un lugar para redescubrir.<\/p>\n\n\n\n<p>Esta fermoso lugar conta tam\u00e9n cun parque infantil, bar e un punto de informaci\u00f3n, o Punto Fortaleza, onde \u00e9 posible concertar visitas guiadas, en canoa, bicicleta ou a p\u00e9, existindo un sistema de audiogu\u00edas pioneiro na comarca.<\/p>\n\n\n\n<p>Se somos dos que nos gusta cami\u00f1ar, podemos percorrer a chamada Senda do Mi\u00f1o. Esta senda conecta Tomi\u00f1o e O Rosal est\u00e1n xa conectados por esta senda que une esta praia de Goi\u00e1n coa de Eiras, de O Rosal. Con este proxecto, o Concello de Tomi\u00f1o deu continuidade \u00e1 apertura do municipio ao r\u00edo Mi\u00f1o, despois de rematar coa \u201cRecuperaci\u00f3n ambiental do en torno da Fortaleza de San Lourenzo e da Praia de Goi\u00e1n\u201d.<\/p>\n\n\n\n<p>Aqu\u00ed non s podemos gozar da natureza, sen\u00f3n tam\u00e9n podemos ollar o Sistema de fortalezas Goi\u00e1n-Vilanova de Cerveira:<\/p>\n\n\n\n<p>Este conxunto de fortalezas xorde como consecuencia do avance do ex\u00e9rcito portugu\u00e9s cara \u00e1s terras m\u00e1is baixas do r\u00edo Mi\u00f1o. A poboaci\u00f3n da Barca en Goi\u00e1n foi atacada en d\u00faas ocasi\u00f3ns e al\u00ed iniciar\u00e1n no ano 1644 a construci\u00f3n dun sistema de fortalezas terre\u00f1as, que servir\u00e1n de modelo para outras fortificaci\u00f3ns posteriores.<\/p>\n\n\n\n<p>Encontr\u00e1monos, pois, cunha zona de grande interese patrimonial, tanto pola entidade dos bens como polo que no seu momento supuxo o fen\u00f3meno de fortificaci\u00f3n fronteiriza, con edificaci\u00f3ns erguidas a ambos os dous lados do r\u00edo Mi\u00f1o.<\/p>\n\n\n\n<p>Todas te\u00f1en a declaraci\u00f3n de BIC, Ben de Interese Cultural, o m\u00e1ximo nivel de protecci\u00f3n contemplado na Lei do patrimonio cultural de Galicia.<\/p>\n\n\n\n<p>Pero se queremos seguir falando de arquitectura, temos que nomear ao Pazo Casa forte dos Correa de Goi\u00e1n.<\/p>\n\n\n\n<p>Esta casa patrucial situada na beira do r\u00edo Mi\u00f1o, \u00e9 un fermoso exemplo da arquitectura dos pazos do barroco galego. A s\u00faa historia queda indisolublemente unida \u00e1 guerra de Restauraci\u00f3n Portuguesa e \u00e1 s\u00faa funci\u00f3n defensiva dun punto estrat\u00e9xico da fronteira galaico-portuguesa.<\/p>\n\n\n\n<p>Pertenceu \u00e1 li\u00f1axe da familia Correa, que, dende o s\u00e9culo XIV, estar\u00e1 unida \u00e1 historia da vila de Goi\u00e1n, e al\u00ed exercer\u00e1n as s\u00faas prerrogativas ata principios do s\u00e9culo XIX, momento en que ser\u00e1 abolido o r\u00e9xime se\u00f1orial.<\/p>\n\n\n\n<p>Esta casa-pazo tam\u00e9n chamada da Torre, pola torre defensiva que albergaba o conxunto, ser\u00e1 levantada no s\u00e9culo XVII e posteriormente reconstru\u00edda no s\u00e9culo XVIII, tras sufrir un devastador incendio por mor da invasi\u00f3n portuguesa.<\/p>\n\n\n\n<p>O conxunto est\u00e1 rodeado por un muro de pedra no que aparece inserida a pequena capela de S. Antonio de Padua, emprazada f\u00f3ra do recinto, e \u00e9 de titularidade privada.<\/p>\n\n\n\n<p>Tam\u00e9n quero nomear ao patrimonio inmaterial de Goi\u00e1n e da s\u00faa Treboada Os da Fonte do Frade.<\/p>\n\n\n\n<p>As \u201ctreboadas\u201d,unhas das manifestaci\u00f3ns culturais, musicais e etnogr\u00e1ficas caracter\u00edsticas de Galicia.<\/p>\n\n\n\n<p>Tr\u00e1tanse dunha agrupaci\u00f3n caracterizada por un instrumento: o bombo de mallada. Antigamente estaban compostas por un gaiteiro acompa\u00f1ado dun tambor e dous destes bombos, pero co descorrer do s\u00e9culo XX, o n\u00famero de bombos incrementouse notablemente; o tambor foi substitu\u00eddo pola caixa e, nalg\u00fans casos, dous gaiteiros forman parte tam\u00e9n da treboada.<\/p>\n\n\n\n<p>O libro \u201cTreboada Galega\u201d, escrito polo investigador Xerardo F. Santom\u00e9, ten moito valor porque rescata as orixes e a evoluci\u00f3n das treboadas no Baixo Mi\u00f1o, salientando o papel dos m\u00fasicos fundamentais, coma o caso do Cesteiro, o Moreira ou o Caixeiro.<\/p>\n\n\n\n<p>Come vedes unha interesante parroquia do Baixo Mi\u00f1o onde mergullarse en calquera momento do ano para gozar da s\u00faa gastronom\u00eda, da s\u00faa contorna natural ou perderse na s\u00faa pegada na historia do noso pa\u00eds.<\/p>\n","protected":false},"excerpt":{"rendered":"<div class=\"mh-excerpt\"><p>Tomi\u00f1o \u00e9 unha terra especial, non so polos seus recursos naturais e paisax\u00edsticos, sen\u00f3n tam\u00e9n polo seu rico patrimonio cultural e inmaterial <a class=\"mh-excerpt-more\" href=\"https:\/\/www.anovapeneira.gal\/index.php\/2022\/11\/01\/a-nova-peneira-parroquia-a-parroquia\/\" title=\"A Nova Peneira Parroquia a Parroquia\">[&#8230;]<\/a><\/p>\n<\/div>","protected":false},"author":17,"featured_media":8459,"comment_status":"open","ping_status":"open","sticky":false,"template":"","format":"standard","meta":{"_exactmetrics_skip_tracking":false,"_exactmetrics_sitenote_active":false,"_exactmetrics_sitenote_note":"","_exactmetrics_sitenote_category":0,"footnotes":""},"categories":[21],"tags":[81],"class_list":{"0":"post-8457","1":"post","2":"type-post","3":"status-publish","4":"format-standard","5":"has-post-thumbnail","7":"category-baixo-mino","8":"tag-concello-de-tomino"},"yoast_head":"<!-- This site is optimized with the Yoast SEO plugin v27.4 - https:\/\/yoast.com\/product\/yoast-seo-wordpress\/ -->\n<title>A Nova Peneira Parroquia a Parroquia -<\/title>\n<meta name=\"description\" content=\"Tomi\u00f1o \u00e9 unha terra especial, non so polos seus recursos naturais e paisax\u00edsticos, sen\u00f3n tam\u00e9n polo seu rico patrimonio cultural e inmaterial\" \/>\n<meta name=\"robots\" content=\"index, follow, max-snippet:-1, max-image-preview:large, max-video-preview:-1\" \/>\n<link rel=\"canonical\" href=\"https:\/\/www.anovapeneira.gal\/index.php\/2022\/11\/01\/a-nova-peneira-parroquia-a-parroquia\/\" \/>\n<meta property=\"og:locale\" content=\"gl_ES\" \/>\n<meta property=\"og:type\" content=\"article\" \/>\n<meta property=\"og:title\" content=\"A Nova Peneira Parroquia a Parroquia -\" \/>\n<meta property=\"og:description\" content=\"Tomi\u00f1o \u00e9 unha terra especial, non so polos seus recursos naturais e paisax\u00edsticos, sen\u00f3n tam\u00e9n polo seu rico patrimonio cultural e inmaterial\" \/>\n<meta property=\"og:url\" content=\"https:\/\/www.anovapeneira.gal\/index.php\/2022\/11\/01\/a-nova-peneira-parroquia-a-parroquia\/\" \/>\n<meta property=\"article:publisher\" content=\"https:\/\/www.facebook.com\/anovapeneira\" \/>\n<meta property=\"article:published_time\" content=\"2022-11-01T09:00:01+00:00\" \/>\n<meta property=\"og:image\" content=\"https:\/\/www.anovapeneira.gal\/wp-content\/uploads\/2022\/10\/goian.jpg\" \/>\n\t<meta property=\"og:image:width\" content=\"720\" \/>\n\t<meta property=\"og:image:height\" content=\"432\" \/>\n\t<meta property=\"og:image:type\" content=\"image\/jpeg\" \/>\n<meta name=\"author\" content=\"G. Figueiredo\" \/>\n<meta name=\"twitter:card\" content=\"summary_large_image\" \/>\n<meta name=\"twitter:creator\" content=\"@APeneira\" \/>\n<meta name=\"twitter:site\" content=\"@APeneira\" \/>\n<meta name=\"twitter:label1\" content=\"Escrito por\" \/>\n\t<meta name=\"twitter:data1\" content=\"G. Figueiredo\" \/>\n\t<meta name=\"twitter:label2\" content=\"Tempo de lectura\" \/>\n\t<meta name=\"twitter:data2\" content=\"6 minutos\" \/>\n<script type=\"application\/ld+json\" class=\"yoast-schema-graph\">{\"@context\":\"https:\\\/\\\/schema.org\",\"@graph\":[{\"@type\":\"Article\",\"@id\":\"https:\\\/\\\/www.anovapeneira.gal\\\/index.php\\\/2022\\\/11\\\/01\\\/a-nova-peneira-parroquia-a-parroquia\\\/#article\",\"isPartOf\":{\"@id\":\"https:\\\/\\\/www.anovapeneira.gal\\\/index.php\\\/2022\\\/11\\\/01\\\/a-nova-peneira-parroquia-a-parroquia\\\/\"},\"author\":{\"name\":\"G. Figueiredo\",\"@id\":\"https:\\\/\\\/www.anovapeneira.gal\\\/#\\\/schema\\\/person\\\/42f904d7cac80cf3f5a31494dd82a9b6\"},\"headline\":\"A Nova Peneira Parroquia a Parroquia\",\"datePublished\":\"2022-11-01T09:00:01+00:00\",\"mainEntityOfPage\":{\"@id\":\"https:\\\/\\\/www.anovapeneira.gal\\\/index.php\\\/2022\\\/11\\\/01\\\/a-nova-peneira-parroquia-a-parroquia\\\/\"},\"wordCount\":1169,\"commentCount\":0,\"publisher\":{\"@id\":\"https:\\\/\\\/www.anovapeneira.gal\\\/#organization\"},\"image\":{\"@id\":\"https:\\\/\\\/www.anovapeneira.gal\\\/index.php\\\/2022\\\/11\\\/01\\\/a-nova-peneira-parroquia-a-parroquia\\\/#primaryimage\"},\"thumbnailUrl\":\"https:\\\/\\\/www.anovapeneira.gal\\\/wp-content\\\/uploads\\\/2022\\\/10\\\/goian.jpg\",\"keywords\":[\"Concello de Tomi\u00f1o\"],\"articleSection\":[\"Baixo Mi\u00f1o\"],\"inLanguage\":\"gl-ES\",\"potentialAction\":[{\"@type\":\"CommentAction\",\"name\":\"Comment\",\"target\":[\"https:\\\/\\\/www.anovapeneira.gal\\\/index.php\\\/2022\\\/11\\\/01\\\/a-nova-peneira-parroquia-a-parroquia\\\/#respond\"]}]},{\"@type\":\"WebPage\",\"@id\":\"https:\\\/\\\/www.anovapeneira.gal\\\/index.php\\\/2022\\\/11\\\/01\\\/a-nova-peneira-parroquia-a-parroquia\\\/\",\"url\":\"https:\\\/\\\/www.anovapeneira.gal\\\/index.php\\\/2022\\\/11\\\/01\\\/a-nova-peneira-parroquia-a-parroquia\\\/\",\"name\":\"A Nova Peneira Parroquia a Parroquia -\",\"isPartOf\":{\"@id\":\"https:\\\/\\\/www.anovapeneira.gal\\\/#website\"},\"primaryImageOfPage\":{\"@id\":\"https:\\\/\\\/www.anovapeneira.gal\\\/index.php\\\/2022\\\/11\\\/01\\\/a-nova-peneira-parroquia-a-parroquia\\\/#primaryimage\"},\"image\":{\"@id\":\"https:\\\/\\\/www.anovapeneira.gal\\\/index.php\\\/2022\\\/11\\\/01\\\/a-nova-peneira-parroquia-a-parroquia\\\/#primaryimage\"},\"thumbnailUrl\":\"https:\\\/\\\/www.anovapeneira.gal\\\/wp-content\\\/uploads\\\/2022\\\/10\\\/goian.jpg\",\"datePublished\":\"2022-11-01T09:00:01+00:00\",\"description\":\"Tomi\u00f1o \u00e9 unha terra especial, non so polos seus recursos naturais e paisax\u00edsticos, sen\u00f3n tam\u00e9n polo seu rico patrimonio cultural e inmaterial\",\"breadcrumb\":{\"@id\":\"https:\\\/\\\/www.anovapeneira.gal\\\/index.php\\\/2022\\\/11\\\/01\\\/a-nova-peneira-parroquia-a-parroquia\\\/#breadcrumb\"},\"inLanguage\":\"gl-ES\",\"potentialAction\":[{\"@type\":\"ReadAction\",\"target\":[\"https:\\\/\\\/www.anovapeneira.gal\\\/index.php\\\/2022\\\/11\\\/01\\\/a-nova-peneira-parroquia-a-parroquia\\\/\"]}]},{\"@type\":\"ImageObject\",\"inLanguage\":\"gl-ES\",\"@id\":\"https:\\\/\\\/www.anovapeneira.gal\\\/index.php\\\/2022\\\/11\\\/01\\\/a-nova-peneira-parroquia-a-parroquia\\\/#primaryimage\",\"url\":\"https:\\\/\\\/www.anovapeneira.gal\\\/wp-content\\\/uploads\\\/2022\\\/10\\\/goian.jpg\",\"contentUrl\":\"https:\\\/\\\/www.anovapeneira.gal\\\/wp-content\\\/uploads\\\/2022\\\/10\\\/goian.jpg\",\"width\":720,\"height\":432,\"caption\":\"A Nova Peneira Parroquia a Parroquia\"},{\"@type\":\"BreadcrumbList\",\"@id\":\"https:\\\/\\\/www.anovapeneira.gal\\\/index.php\\\/2022\\\/11\\\/01\\\/a-nova-peneira-parroquia-a-parroquia\\\/#breadcrumb\",\"itemListElement\":[{\"@type\":\"ListItem\",\"position\":1,\"name\":\"Portada\",\"item\":\"https:\\\/\\\/www.anovapeneira.gal\\\/\"},{\"@type\":\"ListItem\",\"position\":2,\"name\":\"A Nova Peneira Parroquia a Parroquia\"}]},{\"@type\":\"WebSite\",\"@id\":\"https:\\\/\\\/www.anovapeneira.gal\\\/#website\",\"url\":\"https:\\\/\\\/www.anovapeneira.gal\\\/\",\"name\":\"\",\"description\":\"Xornal galego de informaci\u00f3n xeral Publicaci\u00f3n mensual de novas de Galicia e en especial dos Concellos da sur da provincia de Pontevedra.\",\"publisher\":{\"@id\":\"https:\\\/\\\/www.anovapeneira.gal\\\/#organization\"},\"potentialAction\":[{\"@type\":\"SearchAction\",\"target\":{\"@type\":\"EntryPoint\",\"urlTemplate\":\"https:\\\/\\\/www.anovapeneira.gal\\\/?s={search_term_string}\"},\"query-input\":{\"@type\":\"PropertyValueSpecification\",\"valueRequired\":true,\"valueName\":\"search_term_string\"}}],\"inLanguage\":\"gl-ES\"},{\"@type\":\"Organization\",\"@id\":\"https:\\\/\\\/www.anovapeneira.gal\\\/#organization\",\"name\":\"A Nova Peneira\",\"url\":\"https:\\\/\\\/www.anovapeneira.gal\\\/\",\"logo\":{\"@type\":\"ImageObject\",\"inLanguage\":\"gl-ES\",\"@id\":\"https:\\\/\\\/www.anovapeneira.gal\\\/#\\\/schema\\\/logo\\\/image\\\/\",\"url\":\"http:\\\/\\\/www.anovapeneira.gal\\\/wp-content\\\/uploads\\\/2019\\\/06\\\/logo_a_nova_peneira_portal_web.png\",\"contentUrl\":\"http:\\\/\\\/www.anovapeneira.gal\\\/wp-content\\\/uploads\\\/2019\\\/06\\\/logo_a_nova_peneira_portal_web.png\",\"width\":300,\"height\":100,\"caption\":\"A Nova Peneira\"},\"image\":{\"@id\":\"https:\\\/\\\/www.anovapeneira.gal\\\/#\\\/schema\\\/logo\\\/image\\\/\"},\"sameAs\":[\"https:\\\/\\\/www.facebook.com\\\/anovapeneira\",\"https:\\\/\\\/x.com\\\/APeneira\"]},{\"@type\":\"Person\",\"@id\":\"https:\\\/\\\/www.anovapeneira.gal\\\/#\\\/schema\\\/person\\\/42f904d7cac80cf3f5a31494dd82a9b6\",\"name\":\"G. Figueiredo\",\"image\":{\"@type\":\"ImageObject\",\"inLanguage\":\"gl-ES\",\"@id\":\"https:\\\/\\\/secure.gravatar.com\\\/avatar\\\/2d970086688458e0398ef8b84f5cbb8cc1ec3ab115aeb8435135a9f556af97b3?s=96&d=mm&r=g\",\"url\":\"https:\\\/\\\/secure.gravatar.com\\\/avatar\\\/2d970086688458e0398ef8b84f5cbb8cc1ec3ab115aeb8435135a9f556af97b3?s=96&d=mm&r=g\",\"contentUrl\":\"https:\\\/\\\/secure.gravatar.com\\\/avatar\\\/2d970086688458e0398ef8b84f5cbb8cc1ec3ab115aeb8435135a9f556af97b3?s=96&d=mm&r=g\",\"caption\":\"G. Figueiredo\"},\"sameAs\":[\"http:\\\/\\\/www.anovapeneira.gal\\\/\"],\"url\":\"https:\\\/\\\/www.anovapeneira.gal\\\/index.php\\\/author\\\/g-figueiredo\\\/\"}]}<\/script>\n<!-- \/ Yoast SEO plugin. -->","yoast_head_json":{"title":"A Nova Peneira Parroquia a Parroquia -","description":"Tomi\u00f1o \u00e9 unha terra especial, non so polos seus recursos naturais e paisax\u00edsticos, sen\u00f3n tam\u00e9n polo seu rico patrimonio cultural e inmaterial","robots":{"index":"index","follow":"follow","max-snippet":"max-snippet:-1","max-image-preview":"max-image-preview:large","max-video-preview":"max-video-preview:-1"},"canonical":"https:\/\/www.anovapeneira.gal\/index.php\/2022\/11\/01\/a-nova-peneira-parroquia-a-parroquia\/","og_locale":"gl_ES","og_type":"article","og_title":"A Nova Peneira Parroquia a Parroquia -","og_description":"Tomi\u00f1o \u00e9 unha terra especial, non so polos seus recursos naturais e paisax\u00edsticos, sen\u00f3n tam\u00e9n polo seu rico patrimonio cultural e inmaterial","og_url":"https:\/\/www.anovapeneira.gal\/index.php\/2022\/11\/01\/a-nova-peneira-parroquia-a-parroquia\/","article_publisher":"https:\/\/www.facebook.com\/anovapeneira","article_published_time":"2022-11-01T09:00:01+00:00","og_image":[{"width":720,"height":432,"url":"https:\/\/www.anovapeneira.gal\/wp-content\/uploads\/2022\/10\/goian.jpg","type":"image\/jpeg"}],"author":"G. Figueiredo","twitter_card":"summary_large_image","twitter_creator":"@APeneira","twitter_site":"@APeneira","twitter_misc":{"Escrito por":"G. Figueiredo","Tempo de lectura":"6 minutos"},"schema":{"@context":"https:\/\/schema.org","@graph":[{"@type":"Article","@id":"https:\/\/www.anovapeneira.gal\/index.php\/2022\/11\/01\/a-nova-peneira-parroquia-a-parroquia\/#article","isPartOf":{"@id":"https:\/\/www.anovapeneira.gal\/index.php\/2022\/11\/01\/a-nova-peneira-parroquia-a-parroquia\/"},"author":{"name":"G. Figueiredo","@id":"https:\/\/www.anovapeneira.gal\/#\/schema\/person\/42f904d7cac80cf3f5a31494dd82a9b6"},"headline":"A Nova Peneira Parroquia a Parroquia","datePublished":"2022-11-01T09:00:01+00:00","mainEntityOfPage":{"@id":"https:\/\/www.anovapeneira.gal\/index.php\/2022\/11\/01\/a-nova-peneira-parroquia-a-parroquia\/"},"wordCount":1169,"commentCount":0,"publisher":{"@id":"https:\/\/www.anovapeneira.gal\/#organization"},"image":{"@id":"https:\/\/www.anovapeneira.gal\/index.php\/2022\/11\/01\/a-nova-peneira-parroquia-a-parroquia\/#primaryimage"},"thumbnailUrl":"https:\/\/www.anovapeneira.gal\/wp-content\/uploads\/2022\/10\/goian.jpg","keywords":["Concello de Tomi\u00f1o"],"articleSection":["Baixo Mi\u00f1o"],"inLanguage":"gl-ES","potentialAction":[{"@type":"CommentAction","name":"Comment","target":["https:\/\/www.anovapeneira.gal\/index.php\/2022\/11\/01\/a-nova-peneira-parroquia-a-parroquia\/#respond"]}]},{"@type":"WebPage","@id":"https:\/\/www.anovapeneira.gal\/index.php\/2022\/11\/01\/a-nova-peneira-parroquia-a-parroquia\/","url":"https:\/\/www.anovapeneira.gal\/index.php\/2022\/11\/01\/a-nova-peneira-parroquia-a-parroquia\/","name":"A Nova Peneira Parroquia a Parroquia -","isPartOf":{"@id":"https:\/\/www.anovapeneira.gal\/#website"},"primaryImageOfPage":{"@id":"https:\/\/www.anovapeneira.gal\/index.php\/2022\/11\/01\/a-nova-peneira-parroquia-a-parroquia\/#primaryimage"},"image":{"@id":"https:\/\/www.anovapeneira.gal\/index.php\/2022\/11\/01\/a-nova-peneira-parroquia-a-parroquia\/#primaryimage"},"thumbnailUrl":"https:\/\/www.anovapeneira.gal\/wp-content\/uploads\/2022\/10\/goian.jpg","datePublished":"2022-11-01T09:00:01+00:00","description":"Tomi\u00f1o \u00e9 unha terra especial, non so polos seus recursos naturais e paisax\u00edsticos, sen\u00f3n tam\u00e9n polo seu rico patrimonio cultural e inmaterial","breadcrumb":{"@id":"https:\/\/www.anovapeneira.gal\/index.php\/2022\/11\/01\/a-nova-peneira-parroquia-a-parroquia\/#breadcrumb"},"inLanguage":"gl-ES","potentialAction":[{"@type":"ReadAction","target":["https:\/\/www.anovapeneira.gal\/index.php\/2022\/11\/01\/a-nova-peneira-parroquia-a-parroquia\/"]}]},{"@type":"ImageObject","inLanguage":"gl-ES","@id":"https:\/\/www.anovapeneira.gal\/index.php\/2022\/11\/01\/a-nova-peneira-parroquia-a-parroquia\/#primaryimage","url":"https:\/\/www.anovapeneira.gal\/wp-content\/uploads\/2022\/10\/goian.jpg","contentUrl":"https:\/\/www.anovapeneira.gal\/wp-content\/uploads\/2022\/10\/goian.jpg","width":720,"height":432,"caption":"A Nova Peneira Parroquia a Parroquia"},{"@type":"BreadcrumbList","@id":"https:\/\/www.anovapeneira.gal\/index.php\/2022\/11\/01\/a-nova-peneira-parroquia-a-parroquia\/#breadcrumb","itemListElement":[{"@type":"ListItem","position":1,"name":"Portada","item":"https:\/\/www.anovapeneira.gal\/"},{"@type":"ListItem","position":2,"name":"A Nova Peneira Parroquia a Parroquia"}]},{"@type":"WebSite","@id":"https:\/\/www.anovapeneira.gal\/#website","url":"https:\/\/www.anovapeneira.gal\/","name":"","description":"Xornal galego de informaci\u00f3n xeral Publicaci\u00f3n mensual de novas de Galicia e en especial dos Concellos da sur da provincia de Pontevedra.","publisher":{"@id":"https:\/\/www.anovapeneira.gal\/#organization"},"potentialAction":[{"@type":"SearchAction","target":{"@type":"EntryPoint","urlTemplate":"https:\/\/www.anovapeneira.gal\/?s={search_term_string}"},"query-input":{"@type":"PropertyValueSpecification","valueRequired":true,"valueName":"search_term_string"}}],"inLanguage":"gl-ES"},{"@type":"Organization","@id":"https:\/\/www.anovapeneira.gal\/#organization","name":"A Nova Peneira","url":"https:\/\/www.anovapeneira.gal\/","logo":{"@type":"ImageObject","inLanguage":"gl-ES","@id":"https:\/\/www.anovapeneira.gal\/#\/schema\/logo\/image\/","url":"http:\/\/www.anovapeneira.gal\/wp-content\/uploads\/2019\/06\/logo_a_nova_peneira_portal_web.png","contentUrl":"http:\/\/www.anovapeneira.gal\/wp-content\/uploads\/2019\/06\/logo_a_nova_peneira_portal_web.png","width":300,"height":100,"caption":"A Nova Peneira"},"image":{"@id":"https:\/\/www.anovapeneira.gal\/#\/schema\/logo\/image\/"},"sameAs":["https:\/\/www.facebook.com\/anovapeneira","https:\/\/x.com\/APeneira"]},{"@type":"Person","@id":"https:\/\/www.anovapeneira.gal\/#\/schema\/person\/42f904d7cac80cf3f5a31494dd82a9b6","name":"G. Figueiredo","image":{"@type":"ImageObject","inLanguage":"gl-ES","@id":"https:\/\/secure.gravatar.com\/avatar\/2d970086688458e0398ef8b84f5cbb8cc1ec3ab115aeb8435135a9f556af97b3?s=96&d=mm&r=g","url":"https:\/\/secure.gravatar.com\/avatar\/2d970086688458e0398ef8b84f5cbb8cc1ec3ab115aeb8435135a9f556af97b3?s=96&d=mm&r=g","contentUrl":"https:\/\/secure.gravatar.com\/avatar\/2d970086688458e0398ef8b84f5cbb8cc1ec3ab115aeb8435135a9f556af97b3?s=96&d=mm&r=g","caption":"G. Figueiredo"},"sameAs":["http:\/\/www.anovapeneira.gal\/"],"url":"https:\/\/www.anovapeneira.gal\/index.php\/author\/g-figueiredo\/"}]}},"jetpack_featured_media_url":"https:\/\/www.anovapeneira.gal\/wp-content\/uploads\/2022\/10\/goian.jpg","_links":{"self":[{"href":"https:\/\/www.anovapeneira.gal\/index.php\/wp-json\/wp\/v2\/posts\/8457","targetHints":{"allow":["GET"]}}],"collection":[{"href":"https:\/\/www.anovapeneira.gal\/index.php\/wp-json\/wp\/v2\/posts"}],"about":[{"href":"https:\/\/www.anovapeneira.gal\/index.php\/wp-json\/wp\/v2\/types\/post"}],"author":[{"embeddable":true,"href":"https:\/\/www.anovapeneira.gal\/index.php\/wp-json\/wp\/v2\/users\/17"}],"replies":[{"embeddable":true,"href":"https:\/\/www.anovapeneira.gal\/index.php\/wp-json\/wp\/v2\/comments?post=8457"}],"version-history":[{"count":1,"href":"https:\/\/www.anovapeneira.gal\/index.php\/wp-json\/wp\/v2\/posts\/8457\/revisions"}],"predecessor-version":[{"id":8458,"href":"https:\/\/www.anovapeneira.gal\/index.php\/wp-json\/wp\/v2\/posts\/8457\/revisions\/8458"}],"wp:featuredmedia":[{"embeddable":true,"href":"https:\/\/www.anovapeneira.gal\/index.php\/wp-json\/wp\/v2\/media\/8459"}],"wp:attachment":[{"href":"https:\/\/www.anovapeneira.gal\/index.php\/wp-json\/wp\/v2\/media?parent=8457"}],"wp:term":[{"taxonomy":"category","embeddable":true,"href":"https:\/\/www.anovapeneira.gal\/index.php\/wp-json\/wp\/v2\/categories?post=8457"},{"taxonomy":"post_tag","embeddable":true,"href":"https:\/\/www.anovapeneira.gal\/index.php\/wp-json\/wp\/v2\/tags?post=8457"}],"curies":[{"name":"wp","href":"https:\/\/api.w.org\/{rel}","templated":true}]}}