{"id":8462,"date":"2022-11-01T12:00:25","date_gmt":"2022-11-01T11:00:25","guid":{"rendered":"https:\/\/www.anovapeneira.gal\/?p=8462"},"modified":"2022-10-23T16:22:51","modified_gmt":"2022-10-23T14:22:51","slug":"ponteareas-da-un-paso-mais-para-a-rehabilitacion-dos-inmobles-do-centro-historico","status":"publish","type":"post","link":"https:\/\/www.anovapeneira.gal\/index.php\/2022\/11\/01\/ponteareas-da-un-paso-mais-para-a-rehabilitacion-dos-inmobles-do-centro-historico\/","title":{"rendered":"Ponteareas da un paso m\u00e1is para a rehabilitaci\u00f3n dos inmobles do centro hist\u00f3rico"},"content":{"rendered":"\n<h2 class=\"wp-block-heading\"><strong>O Concello aprobou en Xunta de Goberno a declaraci\u00f3n de Entorno Residencial de Rehabilitaci\u00f3n Programada (ERRP) e solicitou xa ao IGVS unha subvenci\u00f3n para participar no programa de rehabilitaci\u00f3n<\/strong><\/h2>\n\n\n\n<p><strong>Ponteareas, 21 de outubrode 2022<\/strong><\/p>\n\n\n\n<p><strong>Con estas acci\u00f3ns o Concello busca atraer poboaci\u00f3n e dinamizar esta zona emblem\u00e1tica da vila<\/strong><\/p>\n\n\n\n<p>O Concello de Ponteareas contin\u00faa coa s\u00faa firme aposta por revitalizar o centro hist\u00f3rico da vila. Neste cami\u00f1o, aprobou en Xunta de Goberno a declaraci\u00f3n da Contorna Residencial de Rehabilitaci\u00f3n Programada de Zona Vella, o que permitir\u00e1 ao municipio e \u00e1 veci\u00f1anza acceder a fondos europeos para a rehabilitaci\u00f3n de edificios residenciais, vivendas e locais comerciais e para a urbanizaci\u00f3n e reurbanizaci\u00f3n dos espazos p\u00fablicos no centro hist\u00f3rico.<\/p>\n\n\n\n<p>\u201cSeguimos a dar pasos na estratexia marcada para transformar Ponteareas nunha vila moderna, c\u00f3moda e segura, recuperando o espazo p\u00fablico para as persoas e facilitando que veci\u00f1os e veci\u00f1as poidan reformar as s\u00faas vivendas e locais e seguir enchendo de vida \u00e1 vila. Isto supor\u00e1 unha revalorizaci\u00f3n econ\u00f3mica de todos estes inmobles e da propia contorna\u201d, asegura a alcaldesa, Cristina Fern\u00e1ndez Davila.<\/p>\n\n\n\n<p>Tras esta nova delimitaci\u00f3n territorial, o Concello xa presentou a s\u00faa solicitude ao Instituto Galego de Vivenda e Solo para a participaci\u00f3n no programa de axuda \u00e1s actuaci\u00f3ns de rehabilitaci\u00f3n a nivel barrio do Plan de Recuperaci\u00f3n, Transformaci\u00f3n e Resiliencia, financiado por fondos Next Generation EU. Estas subvenci\u00f3ns ir\u00e1n destinadas principalmente a reformas relacionadas coa mellora da eficiencia enerx\u00e9tica das vivendas particulares e locais comerciais recollidos dentro desta nova delimitaci\u00f3n territorial.<\/p>\n\n\n\n<p>\u201cA rehabilitaci\u00f3n destes edificios redundar\u00e1 nunha mellora da eficiencia enerx\u00e9tica e en seguir cami\u00f1ando cara a unha vila m\u00e1is sost\u00edbel. Pero tam\u00e9n permitir\u00e1 xunto con outras acci\u00f3ns devolver ao n\u00facleo hist\u00f3rico de Ponteareas todo o seu esplendor, apostando firmemente pola dinamizaci\u00f3n e revitalizaci\u00f3n desta zona emblem\u00e1tica, axudando a asentar poboaci\u00f3n nela, mellorando a calidade de vida das persoas e favorecendo a creaci\u00f3n de emprego e un maior dinamismo econ\u00f3mico\u201d, destacou a rexedora.<\/p>\n\n\n\n<p>Esta nova delimitaci\u00f3n permitir\u00e1 a renovaci\u00f3n de barrios, complementando as actuaci\u00f3ns nas \u00c1reas de Rehabilitaci\u00f3n Integral (ARI), que xa abarcaban 93.000 metros cadrados do n\u00facleo hist\u00f3rico da vila con case 520 vivendas agrupadas en 74 edificios de uso residencial colectivo, 133 unifamiliares, 5 edificios de equipamentos e 16 destinados a outros usos.<\/p>\n\n\n\n<p>Con esta nova declaraci\u00f3n de ERRP o Concello poder\u00e1 dispor dunha oficina integral para a informaci\u00f3n asesoramento e tramitaci\u00f3n das axudas para a rehabilitaci\u00f3n de inmobles no centro hist\u00f3rico. Ademais, a propia oficina prestar\u00e1 tam\u00e9n asesoramento e informaci\u00f3n sobre axudas \u00e1 rehabilitaci\u00f3n dispo\u00f1\u00edbeis aos donos e donas de inmobles do resto do termo municipal de Ponteareas.<\/p>\n\n\n\n<p>Esta declaraci\u00f3n \u00e9 a culminaci\u00f3n de meses de traballo por parte do Concello de Ponteareas nos que se ten prestado servizo de asesoramento e informaci\u00f3n a todas as persoas propietarias interesadas para ter un co\u00f1ecemento previo da situaci\u00f3n real no municipio e ser m\u00e1is \u00e1xiles na aplicaci\u00f3n das subvenci\u00f3ns no momento no que sexa aprobado o proxecto e as axudas comecen a chegar.<\/p>\n\n\n\n<p>As persoas interesadas poder\u00e1n ter acceso a toda esta informaci\u00f3n <a href=\"https:\/\/ponteareas.gal\/servizos\/rehabilitacion\/\">a trav\u00e9s da p\u00e1xina web do Concello<\/a> ou realizar consultas a trav\u00e9s de <a href=\"mailto:rehabilitacion@ponteareas.gal\">rehabilitacion@ponteareas.gal<\/a>. Ademais, est\u00e1 habilitada una enquisa para as persoas residentes nestas zonas e un formulario de solicitude de informaci\u00f3n para axilizar calquera consulta.<\/p>\n","protected":false},"excerpt":{"rendered":"<div class=\"mh-excerpt\"><p>O Concello aprobou en Xunta de Goberno a declaraci\u00f3n de Entorno Residencial de Rehabilitaci\u00f3n Programada (ERRP) e solicitou xa ao IGVS unha subvenci\u00f3n para participar no programa de rehabilitaci\u00f3n <a class=\"mh-excerpt-more\" href=\"https:\/\/www.anovapeneira.gal\/index.php\/2022\/11\/01\/ponteareas-da-un-paso-mais-para-a-rehabilitacion-dos-inmobles-do-centro-historico\/\" title=\"Ponteareas da un paso m\u00e1is para a rehabilitaci\u00f3n dos inmobles do centro hist\u00f3rico\">[&#8230;]<\/a><\/p>\n<\/div>","protected":false},"author":3,"featured_media":8464,"comment_status":"open","ping_status":"open","sticky":false,"template":"","format":"standard","meta":{"_exactmetrics_skip_tracking":false,"_exactmetrics_sitenote_active":false,"_exactmetrics_sitenote_note":"","_exactmetrics_sitenote_category":0,"footnotes":""},"categories":[25],"tags":[208],"class_list":{"0":"post-8462","1":"post","2":"type-post","3":"status-publish","4":"format-standard","5":"has-post-thumbnail","7":"category-condado","8":"tag-concello-de-ponteareas"},"yoast_head":"<!-- This site is optimized with the Yoast SEO plugin v27.4 - https:\/\/yoast.com\/product\/yoast-seo-wordpress\/ -->\n<title>Ponteareas da un paso m\u00e1is para a rehabilitaci\u00f3n dos inmobles do centro hist\u00f3rico -<\/title>\n<meta name=\"description\" content=\"O Concello aprobou en Xunta de Goberno a declaraci\u00f3n de Entorno Residencial de Rehabilitaci\u00f3n Programada (ERRP) e solicitou xa ao IGVS unha subvenci\u00f3n para participar no programa de rehabilitaci\u00f3n\" \/>\n<meta name=\"robots\" content=\"index, follow, max-snippet:-1, max-image-preview:large, max-video-preview:-1\" \/>\n<link rel=\"canonical\" href=\"https:\/\/www.anovapeneira.gal\/index.php\/2022\/11\/01\/ponteareas-da-un-paso-mais-para-a-rehabilitacion-dos-inmobles-do-centro-historico\/\" \/>\n<meta property=\"og:locale\" content=\"gl_ES\" \/>\n<meta property=\"og:type\" content=\"article\" \/>\n<meta property=\"og:title\" content=\"Ponteareas da un paso m\u00e1is para a rehabilitaci\u00f3n dos inmobles do centro hist\u00f3rico -\" \/>\n<meta property=\"og:description\" content=\"O Concello aprobou en Xunta de Goberno a declaraci\u00f3n de Entorno Residencial de Rehabilitaci\u00f3n Programada (ERRP) e solicitou xa ao IGVS unha subvenci\u00f3n para participar no programa de rehabilitaci\u00f3n\" \/>\n<meta property=\"og:url\" content=\"https:\/\/www.anovapeneira.gal\/index.php\/2022\/11\/01\/ponteareas-da-un-paso-mais-para-a-rehabilitacion-dos-inmobles-do-centro-historico\/\" \/>\n<meta property=\"article:publisher\" content=\"https:\/\/www.facebook.com\/anovapeneira\" \/>\n<meta property=\"article:published_time\" content=\"2022-11-01T11:00:25+00:00\" \/>\n<meta property=\"og:image\" content=\"https:\/\/www.anovapeneira.gal\/wp-content\/uploads\/2022\/10\/ponteareas-dende-o-ar.jpg\" \/>\n\t<meta property=\"og:image:width\" content=\"720\" \/>\n\t<meta property=\"og:image:height\" content=\"432\" \/>\n\t<meta property=\"og:image:type\" content=\"image\/jpeg\" \/>\n<meta name=\"author\" content=\"Redacci\u00f3n A Nova Peneira\" \/>\n<meta name=\"twitter:card\" content=\"summary_large_image\" \/>\n<meta name=\"twitter:creator\" content=\"@APeneira\" \/>\n<meta name=\"twitter:site\" content=\"@APeneira\" \/>\n<meta name=\"twitter:label1\" content=\"Escrito por\" \/>\n\t<meta name=\"twitter:data1\" content=\"Redacci\u00f3n A Nova Peneira\" \/>\n\t<meta name=\"twitter:label2\" content=\"Tempo de lectura\" \/>\n\t<meta name=\"twitter:data2\" content=\"3 minutos\" \/>\n<script type=\"application\/ld+json\" class=\"yoast-schema-graph\">{\"@context\":\"https:\\\/\\\/schema.org\",\"@graph\":[{\"@type\":\"Article\",\"@id\":\"https:\\\/\\\/www.anovapeneira.gal\\\/index.php\\\/2022\\\/11\\\/01\\\/ponteareas-da-un-paso-mais-para-a-rehabilitacion-dos-inmobles-do-centro-historico\\\/#article\",\"isPartOf\":{\"@id\":\"https:\\\/\\\/www.anovapeneira.gal\\\/index.php\\\/2022\\\/11\\\/01\\\/ponteareas-da-un-paso-mais-para-a-rehabilitacion-dos-inmobles-do-centro-historico\\\/\"},\"author\":{\"name\":\"Redacci\u00f3n A Nova Peneira\",\"@id\":\"https:\\\/\\\/www.anovapeneira.gal\\\/#\\\/schema\\\/person\\\/b93e3f8932e3f8da96334607eb6ac6aa\"},\"headline\":\"Ponteareas da un paso m\u00e1is para a rehabilitaci\u00f3n dos inmobles do centro hist\u00f3rico\",\"datePublished\":\"2022-11-01T11:00:25+00:00\",\"mainEntityOfPage\":{\"@id\":\"https:\\\/\\\/www.anovapeneira.gal\\\/index.php\\\/2022\\\/11\\\/01\\\/ponteareas-da-un-paso-mais-para-a-rehabilitacion-dos-inmobles-do-centro-historico\\\/\"},\"wordCount\":627,\"commentCount\":0,\"publisher\":{\"@id\":\"https:\\\/\\\/www.anovapeneira.gal\\\/#organization\"},\"image\":{\"@id\":\"https:\\\/\\\/www.anovapeneira.gal\\\/index.php\\\/2022\\\/11\\\/01\\\/ponteareas-da-un-paso-mais-para-a-rehabilitacion-dos-inmobles-do-centro-historico\\\/#primaryimage\"},\"thumbnailUrl\":\"https:\\\/\\\/www.anovapeneira.gal\\\/wp-content\\\/uploads\\\/2022\\\/10\\\/ponteareas-dende-o-ar.jpg\",\"keywords\":[\"Concello de Ponteareas\"],\"articleSection\":[\"Condado\"],\"inLanguage\":\"gl-ES\",\"potentialAction\":[{\"@type\":\"CommentAction\",\"name\":\"Comment\",\"target\":[\"https:\\\/\\\/www.anovapeneira.gal\\\/index.php\\\/2022\\\/11\\\/01\\\/ponteareas-da-un-paso-mais-para-a-rehabilitacion-dos-inmobles-do-centro-historico\\\/#respond\"]}]},{\"@type\":\"WebPage\",\"@id\":\"https:\\\/\\\/www.anovapeneira.gal\\\/index.php\\\/2022\\\/11\\\/01\\\/ponteareas-da-un-paso-mais-para-a-rehabilitacion-dos-inmobles-do-centro-historico\\\/\",\"url\":\"https:\\\/\\\/www.anovapeneira.gal\\\/index.php\\\/2022\\\/11\\\/01\\\/ponteareas-da-un-paso-mais-para-a-rehabilitacion-dos-inmobles-do-centro-historico\\\/\",\"name\":\"Ponteareas da un paso m\u00e1is para a rehabilitaci\u00f3n dos inmobles do centro hist\u00f3rico -\",\"isPartOf\":{\"@id\":\"https:\\\/\\\/www.anovapeneira.gal\\\/#website\"},\"primaryImageOfPage\":{\"@id\":\"https:\\\/\\\/www.anovapeneira.gal\\\/index.php\\\/2022\\\/11\\\/01\\\/ponteareas-da-un-paso-mais-para-a-rehabilitacion-dos-inmobles-do-centro-historico\\\/#primaryimage\"},\"image\":{\"@id\":\"https:\\\/\\\/www.anovapeneira.gal\\\/index.php\\\/2022\\\/11\\\/01\\\/ponteareas-da-un-paso-mais-para-a-rehabilitacion-dos-inmobles-do-centro-historico\\\/#primaryimage\"},\"thumbnailUrl\":\"https:\\\/\\\/www.anovapeneira.gal\\\/wp-content\\\/uploads\\\/2022\\\/10\\\/ponteareas-dende-o-ar.jpg\",\"datePublished\":\"2022-11-01T11:00:25+00:00\",\"description\":\"O Concello aprobou en Xunta de Goberno a declaraci\u00f3n de Entorno Residencial de Rehabilitaci\u00f3n Programada (ERRP) e solicitou xa ao IGVS unha subvenci\u00f3n para participar no programa de rehabilitaci\u00f3n\",\"breadcrumb\":{\"@id\":\"https:\\\/\\\/www.anovapeneira.gal\\\/index.php\\\/2022\\\/11\\\/01\\\/ponteareas-da-un-paso-mais-para-a-rehabilitacion-dos-inmobles-do-centro-historico\\\/#breadcrumb\"},\"inLanguage\":\"gl-ES\",\"potentialAction\":[{\"@type\":\"ReadAction\",\"target\":[\"https:\\\/\\\/www.anovapeneira.gal\\\/index.php\\\/2022\\\/11\\\/01\\\/ponteareas-da-un-paso-mais-para-a-rehabilitacion-dos-inmobles-do-centro-historico\\\/\"]}]},{\"@type\":\"ImageObject\",\"inLanguage\":\"gl-ES\",\"@id\":\"https:\\\/\\\/www.anovapeneira.gal\\\/index.php\\\/2022\\\/11\\\/01\\\/ponteareas-da-un-paso-mais-para-a-rehabilitacion-dos-inmobles-do-centro-historico\\\/#primaryimage\",\"url\":\"https:\\\/\\\/www.anovapeneira.gal\\\/wp-content\\\/uploads\\\/2022\\\/10\\\/ponteareas-dende-o-ar.jpg\",\"contentUrl\":\"https:\\\/\\\/www.anovapeneira.gal\\\/wp-content\\\/uploads\\\/2022\\\/10\\\/ponteareas-dende-o-ar.jpg\",\"width\":720,\"height\":432,\"caption\":\"Ponteareas da un paso m\u00e1is para a rehabilitaci\u00f3n dos inmobles do centro hist\u00f3rico\"},{\"@type\":\"BreadcrumbList\",\"@id\":\"https:\\\/\\\/www.anovapeneira.gal\\\/index.php\\\/2022\\\/11\\\/01\\\/ponteareas-da-un-paso-mais-para-a-rehabilitacion-dos-inmobles-do-centro-historico\\\/#breadcrumb\",\"itemListElement\":[{\"@type\":\"ListItem\",\"position\":1,\"name\":\"Portada\",\"item\":\"https:\\\/\\\/www.anovapeneira.gal\\\/\"},{\"@type\":\"ListItem\",\"position\":2,\"name\":\"Ponteareas da un paso m\u00e1is para a rehabilitaci\u00f3n dos inmobles do centro hist\u00f3rico\"}]},{\"@type\":\"WebSite\",\"@id\":\"https:\\\/\\\/www.anovapeneira.gal\\\/#website\",\"url\":\"https:\\\/\\\/www.anovapeneira.gal\\\/\",\"name\":\"\",\"description\":\"Xornal galego de informaci\u00f3n xeral Publicaci\u00f3n mensual de novas de Galicia e en especial dos Concellos da sur da provincia de Pontevedra.\",\"publisher\":{\"@id\":\"https:\\\/\\\/www.anovapeneira.gal\\\/#organization\"},\"potentialAction\":[{\"@type\":\"SearchAction\",\"target\":{\"@type\":\"EntryPoint\",\"urlTemplate\":\"https:\\\/\\\/www.anovapeneira.gal\\\/?s={search_term_string}\"},\"query-input\":{\"@type\":\"PropertyValueSpecification\",\"valueRequired\":true,\"valueName\":\"search_term_string\"}}],\"inLanguage\":\"gl-ES\"},{\"@type\":\"Organization\",\"@id\":\"https:\\\/\\\/www.anovapeneira.gal\\\/#organization\",\"name\":\"A Nova Peneira\",\"url\":\"https:\\\/\\\/www.anovapeneira.gal\\\/\",\"logo\":{\"@type\":\"ImageObject\",\"inLanguage\":\"gl-ES\",\"@id\":\"https:\\\/\\\/www.anovapeneira.gal\\\/#\\\/schema\\\/logo\\\/image\\\/\",\"url\":\"http:\\\/\\\/www.anovapeneira.gal\\\/wp-content\\\/uploads\\\/2019\\\/06\\\/logo_a_nova_peneira_portal_web.png\",\"contentUrl\":\"http:\\\/\\\/www.anovapeneira.gal\\\/wp-content\\\/uploads\\\/2019\\\/06\\\/logo_a_nova_peneira_portal_web.png\",\"width\":300,\"height\":100,\"caption\":\"A Nova Peneira\"},\"image\":{\"@id\":\"https:\\\/\\\/www.anovapeneira.gal\\\/#\\\/schema\\\/logo\\\/image\\\/\"},\"sameAs\":[\"https:\\\/\\\/www.facebook.com\\\/anovapeneira\",\"https:\\\/\\\/x.com\\\/APeneira\"]},{\"@type\":\"Person\",\"@id\":\"https:\\\/\\\/www.anovapeneira.gal\\\/#\\\/schema\\\/person\\\/b93e3f8932e3f8da96334607eb6ac6aa\",\"name\":\"Redacci\u00f3n A Nova Peneira\",\"image\":{\"@type\":\"ImageObject\",\"inLanguage\":\"gl-ES\",\"@id\":\"https:\\\/\\\/secure.gravatar.com\\\/avatar\\\/c052a2551a06e23fac63626232eaa90abd78dbcf1700fc46a2b2c89fd27b735f?s=96&d=mm&r=g\",\"url\":\"https:\\\/\\\/secure.gravatar.com\\\/avatar\\\/c052a2551a06e23fac63626232eaa90abd78dbcf1700fc46a2b2c89fd27b735f?s=96&d=mm&r=g\",\"contentUrl\":\"https:\\\/\\\/secure.gravatar.com\\\/avatar\\\/c052a2551a06e23fac63626232eaa90abd78dbcf1700fc46a2b2c89fd27b735f?s=96&d=mm&r=g\",\"caption\":\"Redacci\u00f3n A Nova Peneira\"},\"sameAs\":[\"http:\\\/\\\/www.anovapeneira.gal\\\/\"],\"url\":\"https:\\\/\\\/www.anovapeneira.gal\\\/index.php\\\/author\\\/redactor\\\/\"}]}<\/script>\n<!-- \/ Yoast SEO plugin. -->","yoast_head_json":{"title":"Ponteareas da un paso m\u00e1is para a rehabilitaci\u00f3n dos inmobles do centro hist\u00f3rico -","description":"O Concello aprobou en Xunta de Goberno a declaraci\u00f3n de Entorno Residencial de Rehabilitaci\u00f3n Programada (ERRP) e solicitou xa ao IGVS unha subvenci\u00f3n para participar no programa de rehabilitaci\u00f3n","robots":{"index":"index","follow":"follow","max-snippet":"max-snippet:-1","max-image-preview":"max-image-preview:large","max-video-preview":"max-video-preview:-1"},"canonical":"https:\/\/www.anovapeneira.gal\/index.php\/2022\/11\/01\/ponteareas-da-un-paso-mais-para-a-rehabilitacion-dos-inmobles-do-centro-historico\/","og_locale":"gl_ES","og_type":"article","og_title":"Ponteareas da un paso m\u00e1is para a rehabilitaci\u00f3n dos inmobles do centro hist\u00f3rico -","og_description":"O Concello aprobou en Xunta de Goberno a declaraci\u00f3n de Entorno Residencial de Rehabilitaci\u00f3n Programada (ERRP) e solicitou xa ao IGVS unha subvenci\u00f3n para participar no programa de rehabilitaci\u00f3n","og_url":"https:\/\/www.anovapeneira.gal\/index.php\/2022\/11\/01\/ponteareas-da-un-paso-mais-para-a-rehabilitacion-dos-inmobles-do-centro-historico\/","article_publisher":"https:\/\/www.facebook.com\/anovapeneira","article_published_time":"2022-11-01T11:00:25+00:00","og_image":[{"width":720,"height":432,"url":"https:\/\/www.anovapeneira.gal\/wp-content\/uploads\/2022\/10\/ponteareas-dende-o-ar.jpg","type":"image\/jpeg"}],"author":"Redacci\u00f3n A Nova Peneira","twitter_card":"summary_large_image","twitter_creator":"@APeneira","twitter_site":"@APeneira","twitter_misc":{"Escrito por":"Redacci\u00f3n A Nova Peneira","Tempo de lectura":"3 minutos"},"schema":{"@context":"https:\/\/schema.org","@graph":[{"@type":"Article","@id":"https:\/\/www.anovapeneira.gal\/index.php\/2022\/11\/01\/ponteareas-da-un-paso-mais-para-a-rehabilitacion-dos-inmobles-do-centro-historico\/#article","isPartOf":{"@id":"https:\/\/www.anovapeneira.gal\/index.php\/2022\/11\/01\/ponteareas-da-un-paso-mais-para-a-rehabilitacion-dos-inmobles-do-centro-historico\/"},"author":{"name":"Redacci\u00f3n A Nova Peneira","@id":"https:\/\/www.anovapeneira.gal\/#\/schema\/person\/b93e3f8932e3f8da96334607eb6ac6aa"},"headline":"Ponteareas da un paso m\u00e1is para a rehabilitaci\u00f3n dos inmobles do centro hist\u00f3rico","datePublished":"2022-11-01T11:00:25+00:00","mainEntityOfPage":{"@id":"https:\/\/www.anovapeneira.gal\/index.php\/2022\/11\/01\/ponteareas-da-un-paso-mais-para-a-rehabilitacion-dos-inmobles-do-centro-historico\/"},"wordCount":627,"commentCount":0,"publisher":{"@id":"https:\/\/www.anovapeneira.gal\/#organization"},"image":{"@id":"https:\/\/www.anovapeneira.gal\/index.php\/2022\/11\/01\/ponteareas-da-un-paso-mais-para-a-rehabilitacion-dos-inmobles-do-centro-historico\/#primaryimage"},"thumbnailUrl":"https:\/\/www.anovapeneira.gal\/wp-content\/uploads\/2022\/10\/ponteareas-dende-o-ar.jpg","keywords":["Concello de Ponteareas"],"articleSection":["Condado"],"inLanguage":"gl-ES","potentialAction":[{"@type":"CommentAction","name":"Comment","target":["https:\/\/www.anovapeneira.gal\/index.php\/2022\/11\/01\/ponteareas-da-un-paso-mais-para-a-rehabilitacion-dos-inmobles-do-centro-historico\/#respond"]}]},{"@type":"WebPage","@id":"https:\/\/www.anovapeneira.gal\/index.php\/2022\/11\/01\/ponteareas-da-un-paso-mais-para-a-rehabilitacion-dos-inmobles-do-centro-historico\/","url":"https:\/\/www.anovapeneira.gal\/index.php\/2022\/11\/01\/ponteareas-da-un-paso-mais-para-a-rehabilitacion-dos-inmobles-do-centro-historico\/","name":"Ponteareas da un paso m\u00e1is para a rehabilitaci\u00f3n dos inmobles do centro hist\u00f3rico -","isPartOf":{"@id":"https:\/\/www.anovapeneira.gal\/#website"},"primaryImageOfPage":{"@id":"https:\/\/www.anovapeneira.gal\/index.php\/2022\/11\/01\/ponteareas-da-un-paso-mais-para-a-rehabilitacion-dos-inmobles-do-centro-historico\/#primaryimage"},"image":{"@id":"https:\/\/www.anovapeneira.gal\/index.php\/2022\/11\/01\/ponteareas-da-un-paso-mais-para-a-rehabilitacion-dos-inmobles-do-centro-historico\/#primaryimage"},"thumbnailUrl":"https:\/\/www.anovapeneira.gal\/wp-content\/uploads\/2022\/10\/ponteareas-dende-o-ar.jpg","datePublished":"2022-11-01T11:00:25+00:00","description":"O Concello aprobou en Xunta de Goberno a declaraci\u00f3n de Entorno Residencial de Rehabilitaci\u00f3n Programada (ERRP) e solicitou xa ao IGVS unha subvenci\u00f3n para participar no programa de rehabilitaci\u00f3n","breadcrumb":{"@id":"https:\/\/www.anovapeneira.gal\/index.php\/2022\/11\/01\/ponteareas-da-un-paso-mais-para-a-rehabilitacion-dos-inmobles-do-centro-historico\/#breadcrumb"},"inLanguage":"gl-ES","potentialAction":[{"@type":"ReadAction","target":["https:\/\/www.anovapeneira.gal\/index.php\/2022\/11\/01\/ponteareas-da-un-paso-mais-para-a-rehabilitacion-dos-inmobles-do-centro-historico\/"]}]},{"@type":"ImageObject","inLanguage":"gl-ES","@id":"https:\/\/www.anovapeneira.gal\/index.php\/2022\/11\/01\/ponteareas-da-un-paso-mais-para-a-rehabilitacion-dos-inmobles-do-centro-historico\/#primaryimage","url":"https:\/\/www.anovapeneira.gal\/wp-content\/uploads\/2022\/10\/ponteareas-dende-o-ar.jpg","contentUrl":"https:\/\/www.anovapeneira.gal\/wp-content\/uploads\/2022\/10\/ponteareas-dende-o-ar.jpg","width":720,"height":432,"caption":"Ponteareas da un paso m\u00e1is para a rehabilitaci\u00f3n dos inmobles do centro hist\u00f3rico"},{"@type":"BreadcrumbList","@id":"https:\/\/www.anovapeneira.gal\/index.php\/2022\/11\/01\/ponteareas-da-un-paso-mais-para-a-rehabilitacion-dos-inmobles-do-centro-historico\/#breadcrumb","itemListElement":[{"@type":"ListItem","position":1,"name":"Portada","item":"https:\/\/www.anovapeneira.gal\/"},{"@type":"ListItem","position":2,"name":"Ponteareas da un paso m\u00e1is para a rehabilitaci\u00f3n dos inmobles do centro hist\u00f3rico"}]},{"@type":"WebSite","@id":"https:\/\/www.anovapeneira.gal\/#website","url":"https:\/\/www.anovapeneira.gal\/","name":"","description":"Xornal galego de informaci\u00f3n xeral Publicaci\u00f3n mensual de novas de Galicia e en especial dos Concellos da sur da provincia de Pontevedra.","publisher":{"@id":"https:\/\/www.anovapeneira.gal\/#organization"},"potentialAction":[{"@type":"SearchAction","target":{"@type":"EntryPoint","urlTemplate":"https:\/\/www.anovapeneira.gal\/?s={search_term_string}"},"query-input":{"@type":"PropertyValueSpecification","valueRequired":true,"valueName":"search_term_string"}}],"inLanguage":"gl-ES"},{"@type":"Organization","@id":"https:\/\/www.anovapeneira.gal\/#organization","name":"A Nova Peneira","url":"https:\/\/www.anovapeneira.gal\/","logo":{"@type":"ImageObject","inLanguage":"gl-ES","@id":"https:\/\/www.anovapeneira.gal\/#\/schema\/logo\/image\/","url":"http:\/\/www.anovapeneira.gal\/wp-content\/uploads\/2019\/06\/logo_a_nova_peneira_portal_web.png","contentUrl":"http:\/\/www.anovapeneira.gal\/wp-content\/uploads\/2019\/06\/logo_a_nova_peneira_portal_web.png","width":300,"height":100,"caption":"A Nova Peneira"},"image":{"@id":"https:\/\/www.anovapeneira.gal\/#\/schema\/logo\/image\/"},"sameAs":["https:\/\/www.facebook.com\/anovapeneira","https:\/\/x.com\/APeneira"]},{"@type":"Person","@id":"https:\/\/www.anovapeneira.gal\/#\/schema\/person\/b93e3f8932e3f8da96334607eb6ac6aa","name":"Redacci\u00f3n A Nova Peneira","image":{"@type":"ImageObject","inLanguage":"gl-ES","@id":"https:\/\/secure.gravatar.com\/avatar\/c052a2551a06e23fac63626232eaa90abd78dbcf1700fc46a2b2c89fd27b735f?s=96&d=mm&r=g","url":"https:\/\/secure.gravatar.com\/avatar\/c052a2551a06e23fac63626232eaa90abd78dbcf1700fc46a2b2c89fd27b735f?s=96&d=mm&r=g","contentUrl":"https:\/\/secure.gravatar.com\/avatar\/c052a2551a06e23fac63626232eaa90abd78dbcf1700fc46a2b2c89fd27b735f?s=96&d=mm&r=g","caption":"Redacci\u00f3n A Nova Peneira"},"sameAs":["http:\/\/www.anovapeneira.gal\/"],"url":"https:\/\/www.anovapeneira.gal\/index.php\/author\/redactor\/"}]}},"jetpack_featured_media_url":"https:\/\/www.anovapeneira.gal\/wp-content\/uploads\/2022\/10\/ponteareas-dende-o-ar.jpg","_links":{"self":[{"href":"https:\/\/www.anovapeneira.gal\/index.php\/wp-json\/wp\/v2\/posts\/8462","targetHints":{"allow":["GET"]}}],"collection":[{"href":"https:\/\/www.anovapeneira.gal\/index.php\/wp-json\/wp\/v2\/posts"}],"about":[{"href":"https:\/\/www.anovapeneira.gal\/index.php\/wp-json\/wp\/v2\/types\/post"}],"author":[{"embeddable":true,"href":"https:\/\/www.anovapeneira.gal\/index.php\/wp-json\/wp\/v2\/users\/3"}],"replies":[{"embeddable":true,"href":"https:\/\/www.anovapeneira.gal\/index.php\/wp-json\/wp\/v2\/comments?post=8462"}],"version-history":[{"count":2,"href":"https:\/\/www.anovapeneira.gal\/index.php\/wp-json\/wp\/v2\/posts\/8462\/revisions"}],"predecessor-version":[{"id":8465,"href":"https:\/\/www.anovapeneira.gal\/index.php\/wp-json\/wp\/v2\/posts\/8462\/revisions\/8465"}],"wp:featuredmedia":[{"embeddable":true,"href":"https:\/\/www.anovapeneira.gal\/index.php\/wp-json\/wp\/v2\/media\/8464"}],"wp:attachment":[{"href":"https:\/\/www.anovapeneira.gal\/index.php\/wp-json\/wp\/v2\/media?parent=8462"}],"wp:term":[{"taxonomy":"category","embeddable":true,"href":"https:\/\/www.anovapeneira.gal\/index.php\/wp-json\/wp\/v2\/categories?post=8462"},{"taxonomy":"post_tag","embeddable":true,"href":"https:\/\/www.anovapeneira.gal\/index.php\/wp-json\/wp\/v2\/tags?post=8462"}],"curies":[{"name":"wp","href":"https:\/\/api.w.org\/{rel}","templated":true}]}}