{"id":8469,"date":"2022-11-02T12:00:54","date_gmt":"2022-11-02T11:00:54","guid":{"rendered":"https:\/\/www.anovapeneira.gal\/?p=8469"},"modified":"2022-10-26T21:28:49","modified_gmt":"2022-10-26T19:28:49","slug":"o-antigo-reloxo-mecanico-do-ano-35-cobra-vida-grazas-a-contribucion-da-familia-ferreira-conde","status":"publish","type":"post","link":"https:\/\/www.anovapeneira.gal\/index.php\/2022\/11\/02\/o-antigo-reloxo-mecanico-do-ano-35-cobra-vida-grazas-a-contribucion-da-familia-ferreira-conde\/","title":{"rendered":"O antigo reloxo mec\u00e1nico do ano 35 cobra vida grazas \u00e1 contribuci\u00f3n da familia Ferreira-Conde"},"content":{"rendered":"\n<h2 class=\"wp-block-heading\"><strong>O Concello de Covelo presentou os traballos de recuperaci\u00f3n do antigo reloxo do ano 1935 encargado por iniciativa da comisi\u00f3n \u201cPro iniciativas para o melloramento do Distrito de Covelo\u201d, sufragado por subscrici\u00f3n popular e hoxe recuperado grazas ao matrimonio Ferreira-Conde<\/strong><\/h2>\n\n\n\n<p><strong>Covelo, 22 de outubro de 2022<\/strong><\/p>\n\n\n\n<p>O Concello de Covelo acolleu a presentaci\u00f3n dos traballos de recuperaci\u00f3n do reloxo fabricado por \u201cLa Industrial Relojera S.A de Vitoria\u201d, xa desaparecida, encargado no ano 35 pola comisi\u00f3n \u201cPro iniciativas para o melloramento do Distrito de Covelo\u201d e sufragado por subscrici\u00f3n popular.<\/p>\n\n\n\n<p>No acto, o alcalde de Covelo, Pablo Castillo, tivo palabras de agradecemento para a familia Ferreira-Conde que financiou os traballos de recuperaci\u00f3n e a posta en funcionamento do reloxo mec\u00e1nico. \u201cQuero manifestar o meu sincero agradecemento \u00e1 comisi\u00f3n \u201cPro iniciativas para o melloramento do Distrito de Covelo\u201d presidida por D. Antonio Conde Fresco, quen tam\u00e9n foi alcalde dende o ano 1934 ata o ano 1936, polo esforzo realizado na adquisici\u00f3n do reloxo mediante subscrici\u00f3n popular para doalo posteriormente \u00e1 corporaci\u00f3n municipal no ano 35\u201d. A este reco\u00f1ecemento in memoriam, o alcalde tam\u00e9n quixo engadir a s\u00faa gratitude aos seus descendentes actuais e veci\u00f1os do Mang\u00f3n, Mar\u00eda Luisa Conde Prieto e Rui Ferreira Da Silva, \u201cpor ter sido eles os que agora financiaron os traballos de recuperaci\u00f3n e posta en funcionamento do reloxo e achegar parte da documentaci\u00f3n hist\u00f3rica legada da s\u00faa familia para completar o libro que hoxe se presenta\u201d.<\/p>\n\n\n\n<p>O reloxo estivo funcionando 52 anos, desde a s\u00faa instalaci\u00f3n ata o seu abandono no ano 1985 por mor das obras de ampliaci\u00f3n da Casa do Concello. Neste intre foi substitu\u00eddo por un moderno reloxo el\u00e9ctrico.<\/p>\n\n\n\n<p>Un 26 de abril do ano 1935 a comisi\u00f3n acordaba por unanimidade \u201cfacer a doaz\u00f3n do reloxo p\u00fablico con soner\u00eda para colocar na Casa Consistorial por considerar esta obra de grande utilidade p\u00fablica e de absoluta necesidade e transcendencia na reglamentaci\u00f3n de toda a vida campesi\u00f1a do noso pobo\u201d, segundo podemos ler na p\u00e1xina 9 do libro \u201cReloxos monumentais, de sol e camp\u00e1s do Concello de Covelo\u201d escrito por Jos\u00e9 Higinio Su\u00e1rez e Estanislao Fern\u00e1ndez de la Cigo\u00f1a e presentado tam\u00e9n nos sal\u00f3n de plenos, xusto antes de que a familia Ferreira Conde puxera en marcha o antigo reloxo e descobrira a placa conmemorativa.<\/p>\n\n\n\n<p>\u00danico polo seu mecanismo o reloxo de agulla saltante do Concello de Covelo sempre foi acompa\u00f1ado dunha camp\u00e1 xa que un reloxo mec\u00e1nico \u201csen a s\u00faa camp\u00e1 non \u00e9 nada\u201d segundo resumen os investigadores Fern\u00e1ndez de la Cigo\u00f1a e Su\u00e1rez Garra. \u00bfPor que? Porque regulaban a vida agraria e eclesi\u00e1stica e deb\u00edan ser escoitados dende moi lonxe.<\/p>\n\n\n\n<p>Nesta publicaci\u00f3n da Asociaci\u00f3n Galega para a Cultura e a Ecolox\u00eda (AGCE), que conta co apoio da Deputaci\u00f3n de Pontevedra, atoparemos as xoias agochadas nos campanarios das igrexas e os reloxos de sol espallados polas parroquias sorprendendo a ollada curiosa dos e das visitantes.<\/p>\n","protected":false},"excerpt":{"rendered":"<div class=\"mh-excerpt\"><p>O Concello de Covelo presentou os traballos de recuperaci\u00f3n do antigo reloxo do ano 1935 encargado por iniciativa da comisi\u00f3n \u201cPro iniciativas para o melloramento do Distrito de Covelo\u201d, sufragado por subscrici\u00f3n popular e hoxe recuperado grazas ao matrimonio Ferreira-Conde <a class=\"mh-excerpt-more\" href=\"https:\/\/www.anovapeneira.gal\/index.php\/2022\/11\/02\/o-antigo-reloxo-mecanico-do-ano-35-cobra-vida-grazas-a-contribucion-da-familia-ferreira-conde\/\" title=\"O antigo reloxo mec\u00e1nico do ano 35 cobra vida grazas \u00e1 contribuci\u00f3n da familia Ferreira-Conde\">[&#8230;]<\/a><\/p>\n<\/div>","protected":false},"author":3,"featured_media":8477,"comment_status":"open","ping_status":"open","sticky":false,"template":"","format":"standard","meta":{"_exactmetrics_skip_tracking":false,"_exactmetrics_sitenote_active":false,"_exactmetrics_sitenote_note":"","_exactmetrics_sitenote_category":0,"footnotes":""},"categories":[25],"tags":[1306],"class_list":{"0":"post-8469","1":"post","2":"type-post","3":"status-publish","4":"format-standard","5":"has-post-thumbnail","7":"category-condado","8":"tag-concello-de-covelo"},"yoast_head":"<!-- This site is optimized with the Yoast SEO plugin v27.4 - https:\/\/yoast.com\/product\/yoast-seo-wordpress\/ -->\n<title>O antigo reloxo mec\u00e1nico do ano 35 cobra vida grazas \u00e1 contribuci\u00f3n da familia Ferreira-Conde -<\/title>\n<meta name=\"description\" content=\"O Concello de Covelo presentou os traballos de recuperaci\u00f3n do antigo reloxo do ano 1935 encargado por iniciativa da comisi\u00f3n \u201cPro iniciativas para o melloramento do Distrito de Covelo\u201d, sufragado por subscrici\u00f3n popular e hoxe recuperado grazas ao matrimonio Ferreira-Conde\" \/>\n<meta name=\"robots\" content=\"index, follow, max-snippet:-1, max-image-preview:large, max-video-preview:-1\" \/>\n<link rel=\"canonical\" href=\"https:\/\/www.anovapeneira.gal\/index.php\/2022\/11\/02\/o-antigo-reloxo-mecanico-do-ano-35-cobra-vida-grazas-a-contribucion-da-familia-ferreira-conde\/\" \/>\n<meta property=\"og:locale\" content=\"gl_ES\" \/>\n<meta property=\"og:type\" content=\"article\" \/>\n<meta property=\"og:title\" content=\"O antigo reloxo mec\u00e1nico do ano 35 cobra vida grazas \u00e1 contribuci\u00f3n da familia Ferreira-Conde -\" \/>\n<meta property=\"og:description\" content=\"O Concello de Covelo presentou os traballos de recuperaci\u00f3n do antigo reloxo do ano 1935 encargado por iniciativa da comisi\u00f3n \u201cPro iniciativas para o melloramento do Distrito de Covelo\u201d, sufragado por subscrici\u00f3n popular e hoxe recuperado grazas ao matrimonio Ferreira-Conde\" \/>\n<meta property=\"og:url\" content=\"https:\/\/www.anovapeneira.gal\/index.php\/2022\/11\/02\/o-antigo-reloxo-mecanico-do-ano-35-cobra-vida-grazas-a-contribucion-da-familia-ferreira-conde\/\" \/>\n<meta property=\"article:publisher\" content=\"https:\/\/www.facebook.com\/anovapeneira\" \/>\n<meta property=\"article:published_time\" content=\"2022-11-02T11:00:54+00:00\" \/>\n<meta property=\"og:image\" content=\"https:\/\/www.anovapeneira.gal\/wp-content\/uploads\/2022\/10\/reloxo_covelo.jpg\" \/>\n\t<meta property=\"og:image:width\" content=\"720\" \/>\n\t<meta property=\"og:image:height\" content=\"432\" \/>\n\t<meta property=\"og:image:type\" content=\"image\/jpeg\" \/>\n<meta name=\"author\" content=\"Redacci\u00f3n A Nova Peneira\" \/>\n<meta name=\"twitter:card\" content=\"summary_large_image\" \/>\n<meta name=\"twitter:creator\" content=\"@APeneira\" \/>\n<meta name=\"twitter:site\" content=\"@APeneira\" \/>\n<meta name=\"twitter:label1\" content=\"Escrito por\" \/>\n\t<meta name=\"twitter:data1\" content=\"Redacci\u00f3n A Nova Peneira\" \/>\n\t<meta name=\"twitter:label2\" content=\"Tempo de lectura\" \/>\n\t<meta name=\"twitter:data2\" content=\"3 minutos\" \/>\n<script type=\"application\/ld+json\" class=\"yoast-schema-graph\">{\"@context\":\"https:\\\/\\\/schema.org\",\"@graph\":[{\"@type\":\"Article\",\"@id\":\"https:\\\/\\\/www.anovapeneira.gal\\\/index.php\\\/2022\\\/11\\\/02\\\/o-antigo-reloxo-mecanico-do-ano-35-cobra-vida-grazas-a-contribucion-da-familia-ferreira-conde\\\/#article\",\"isPartOf\":{\"@id\":\"https:\\\/\\\/www.anovapeneira.gal\\\/index.php\\\/2022\\\/11\\\/02\\\/o-antigo-reloxo-mecanico-do-ano-35-cobra-vida-grazas-a-contribucion-da-familia-ferreira-conde\\\/\"},\"author\":{\"name\":\"Redacci\u00f3n A Nova Peneira\",\"@id\":\"https:\\\/\\\/www.anovapeneira.gal\\\/#\\\/schema\\\/person\\\/b93e3f8932e3f8da96334607eb6ac6aa\"},\"headline\":\"O antigo reloxo mec\u00e1nico do ano 35 cobra vida grazas \u00e1 contribuci\u00f3n da familia Ferreira-Conde\",\"datePublished\":\"2022-11-02T11:00:54+00:00\",\"mainEntityOfPage\":{\"@id\":\"https:\\\/\\\/www.anovapeneira.gal\\\/index.php\\\/2022\\\/11\\\/02\\\/o-antigo-reloxo-mecanico-do-ano-35-cobra-vida-grazas-a-contribucion-da-familia-ferreira-conde\\\/\"},\"wordCount\":536,\"commentCount\":0,\"publisher\":{\"@id\":\"https:\\\/\\\/www.anovapeneira.gal\\\/#organization\"},\"image\":{\"@id\":\"https:\\\/\\\/www.anovapeneira.gal\\\/index.php\\\/2022\\\/11\\\/02\\\/o-antigo-reloxo-mecanico-do-ano-35-cobra-vida-grazas-a-contribucion-da-familia-ferreira-conde\\\/#primaryimage\"},\"thumbnailUrl\":\"https:\\\/\\\/www.anovapeneira.gal\\\/wp-content\\\/uploads\\\/2022\\\/10\\\/reloxo_covelo.jpg\",\"keywords\":[\"Concello de Covelo\"],\"articleSection\":[\"Condado\"],\"inLanguage\":\"gl-ES\",\"potentialAction\":[{\"@type\":\"CommentAction\",\"name\":\"Comment\",\"target\":[\"https:\\\/\\\/www.anovapeneira.gal\\\/index.php\\\/2022\\\/11\\\/02\\\/o-antigo-reloxo-mecanico-do-ano-35-cobra-vida-grazas-a-contribucion-da-familia-ferreira-conde\\\/#respond\"]}]},{\"@type\":\"WebPage\",\"@id\":\"https:\\\/\\\/www.anovapeneira.gal\\\/index.php\\\/2022\\\/11\\\/02\\\/o-antigo-reloxo-mecanico-do-ano-35-cobra-vida-grazas-a-contribucion-da-familia-ferreira-conde\\\/\",\"url\":\"https:\\\/\\\/www.anovapeneira.gal\\\/index.php\\\/2022\\\/11\\\/02\\\/o-antigo-reloxo-mecanico-do-ano-35-cobra-vida-grazas-a-contribucion-da-familia-ferreira-conde\\\/\",\"name\":\"O antigo reloxo mec\u00e1nico do ano 35 cobra vida grazas \u00e1 contribuci\u00f3n da familia Ferreira-Conde -\",\"isPartOf\":{\"@id\":\"https:\\\/\\\/www.anovapeneira.gal\\\/#website\"},\"primaryImageOfPage\":{\"@id\":\"https:\\\/\\\/www.anovapeneira.gal\\\/index.php\\\/2022\\\/11\\\/02\\\/o-antigo-reloxo-mecanico-do-ano-35-cobra-vida-grazas-a-contribucion-da-familia-ferreira-conde\\\/#primaryimage\"},\"image\":{\"@id\":\"https:\\\/\\\/www.anovapeneira.gal\\\/index.php\\\/2022\\\/11\\\/02\\\/o-antigo-reloxo-mecanico-do-ano-35-cobra-vida-grazas-a-contribucion-da-familia-ferreira-conde\\\/#primaryimage\"},\"thumbnailUrl\":\"https:\\\/\\\/www.anovapeneira.gal\\\/wp-content\\\/uploads\\\/2022\\\/10\\\/reloxo_covelo.jpg\",\"datePublished\":\"2022-11-02T11:00:54+00:00\",\"description\":\"O Concello de Covelo presentou os traballos de recuperaci\u00f3n do antigo reloxo do ano 1935 encargado por iniciativa da comisi\u00f3n \u201cPro iniciativas para o melloramento do Distrito de Covelo\u201d, sufragado por subscrici\u00f3n popular e hoxe recuperado grazas ao matrimonio Ferreira-Conde\",\"breadcrumb\":{\"@id\":\"https:\\\/\\\/www.anovapeneira.gal\\\/index.php\\\/2022\\\/11\\\/02\\\/o-antigo-reloxo-mecanico-do-ano-35-cobra-vida-grazas-a-contribucion-da-familia-ferreira-conde\\\/#breadcrumb\"},\"inLanguage\":\"gl-ES\",\"potentialAction\":[{\"@type\":\"ReadAction\",\"target\":[\"https:\\\/\\\/www.anovapeneira.gal\\\/index.php\\\/2022\\\/11\\\/02\\\/o-antigo-reloxo-mecanico-do-ano-35-cobra-vida-grazas-a-contribucion-da-familia-ferreira-conde\\\/\"]}]},{\"@type\":\"ImageObject\",\"inLanguage\":\"gl-ES\",\"@id\":\"https:\\\/\\\/www.anovapeneira.gal\\\/index.php\\\/2022\\\/11\\\/02\\\/o-antigo-reloxo-mecanico-do-ano-35-cobra-vida-grazas-a-contribucion-da-familia-ferreira-conde\\\/#primaryimage\",\"url\":\"https:\\\/\\\/www.anovapeneira.gal\\\/wp-content\\\/uploads\\\/2022\\\/10\\\/reloxo_covelo.jpg\",\"contentUrl\":\"https:\\\/\\\/www.anovapeneira.gal\\\/wp-content\\\/uploads\\\/2022\\\/10\\\/reloxo_covelo.jpg\",\"width\":720,\"height\":432,\"caption\":\"O antigo reloxo mec\u00e1nico do ano 35 cobra vida grazas \u00e1 contribuci\u00f3n da familia Ferreira-Conde\"},{\"@type\":\"BreadcrumbList\",\"@id\":\"https:\\\/\\\/www.anovapeneira.gal\\\/index.php\\\/2022\\\/11\\\/02\\\/o-antigo-reloxo-mecanico-do-ano-35-cobra-vida-grazas-a-contribucion-da-familia-ferreira-conde\\\/#breadcrumb\",\"itemListElement\":[{\"@type\":\"ListItem\",\"position\":1,\"name\":\"Portada\",\"item\":\"https:\\\/\\\/www.anovapeneira.gal\\\/\"},{\"@type\":\"ListItem\",\"position\":2,\"name\":\"O antigo reloxo mec\u00e1nico do ano 35 cobra vida grazas \u00e1 contribuci\u00f3n da familia Ferreira-Conde\"}]},{\"@type\":\"WebSite\",\"@id\":\"https:\\\/\\\/www.anovapeneira.gal\\\/#website\",\"url\":\"https:\\\/\\\/www.anovapeneira.gal\\\/\",\"name\":\"\",\"description\":\"Xornal galego de informaci\u00f3n xeral Publicaci\u00f3n mensual de novas de Galicia e en especial dos Concellos da sur da provincia de Pontevedra.\",\"publisher\":{\"@id\":\"https:\\\/\\\/www.anovapeneira.gal\\\/#organization\"},\"potentialAction\":[{\"@type\":\"SearchAction\",\"target\":{\"@type\":\"EntryPoint\",\"urlTemplate\":\"https:\\\/\\\/www.anovapeneira.gal\\\/?s={search_term_string}\"},\"query-input\":{\"@type\":\"PropertyValueSpecification\",\"valueRequired\":true,\"valueName\":\"search_term_string\"}}],\"inLanguage\":\"gl-ES\"},{\"@type\":\"Organization\",\"@id\":\"https:\\\/\\\/www.anovapeneira.gal\\\/#organization\",\"name\":\"A Nova Peneira\",\"url\":\"https:\\\/\\\/www.anovapeneira.gal\\\/\",\"logo\":{\"@type\":\"ImageObject\",\"inLanguage\":\"gl-ES\",\"@id\":\"https:\\\/\\\/www.anovapeneira.gal\\\/#\\\/schema\\\/logo\\\/image\\\/\",\"url\":\"http:\\\/\\\/www.anovapeneira.gal\\\/wp-content\\\/uploads\\\/2019\\\/06\\\/logo_a_nova_peneira_portal_web.png\",\"contentUrl\":\"http:\\\/\\\/www.anovapeneira.gal\\\/wp-content\\\/uploads\\\/2019\\\/06\\\/logo_a_nova_peneira_portal_web.png\",\"width\":300,\"height\":100,\"caption\":\"A Nova Peneira\"},\"image\":{\"@id\":\"https:\\\/\\\/www.anovapeneira.gal\\\/#\\\/schema\\\/logo\\\/image\\\/\"},\"sameAs\":[\"https:\\\/\\\/www.facebook.com\\\/anovapeneira\",\"https:\\\/\\\/x.com\\\/APeneira\"]},{\"@type\":\"Person\",\"@id\":\"https:\\\/\\\/www.anovapeneira.gal\\\/#\\\/schema\\\/person\\\/b93e3f8932e3f8da96334607eb6ac6aa\",\"name\":\"Redacci\u00f3n A Nova Peneira\",\"image\":{\"@type\":\"ImageObject\",\"inLanguage\":\"gl-ES\",\"@id\":\"https:\\\/\\\/secure.gravatar.com\\\/avatar\\\/c052a2551a06e23fac63626232eaa90abd78dbcf1700fc46a2b2c89fd27b735f?s=96&d=mm&r=g\",\"url\":\"https:\\\/\\\/secure.gravatar.com\\\/avatar\\\/c052a2551a06e23fac63626232eaa90abd78dbcf1700fc46a2b2c89fd27b735f?s=96&d=mm&r=g\",\"contentUrl\":\"https:\\\/\\\/secure.gravatar.com\\\/avatar\\\/c052a2551a06e23fac63626232eaa90abd78dbcf1700fc46a2b2c89fd27b735f?s=96&d=mm&r=g\",\"caption\":\"Redacci\u00f3n A Nova Peneira\"},\"sameAs\":[\"http:\\\/\\\/www.anovapeneira.gal\\\/\"],\"url\":\"https:\\\/\\\/www.anovapeneira.gal\\\/index.php\\\/author\\\/redactor\\\/\"}]}<\/script>\n<!-- \/ Yoast SEO plugin. -->","yoast_head_json":{"title":"O antigo reloxo mec\u00e1nico do ano 35 cobra vida grazas \u00e1 contribuci\u00f3n da familia Ferreira-Conde -","description":"O Concello de Covelo presentou os traballos de recuperaci\u00f3n do antigo reloxo do ano 1935 encargado por iniciativa da comisi\u00f3n \u201cPro iniciativas para o melloramento do Distrito de Covelo\u201d, sufragado por subscrici\u00f3n popular e hoxe recuperado grazas ao matrimonio Ferreira-Conde","robots":{"index":"index","follow":"follow","max-snippet":"max-snippet:-1","max-image-preview":"max-image-preview:large","max-video-preview":"max-video-preview:-1"},"canonical":"https:\/\/www.anovapeneira.gal\/index.php\/2022\/11\/02\/o-antigo-reloxo-mecanico-do-ano-35-cobra-vida-grazas-a-contribucion-da-familia-ferreira-conde\/","og_locale":"gl_ES","og_type":"article","og_title":"O antigo reloxo mec\u00e1nico do ano 35 cobra vida grazas \u00e1 contribuci\u00f3n da familia Ferreira-Conde -","og_description":"O Concello de Covelo presentou os traballos de recuperaci\u00f3n do antigo reloxo do ano 1935 encargado por iniciativa da comisi\u00f3n \u201cPro iniciativas para o melloramento do Distrito de Covelo\u201d, sufragado por subscrici\u00f3n popular e hoxe recuperado grazas ao matrimonio Ferreira-Conde","og_url":"https:\/\/www.anovapeneira.gal\/index.php\/2022\/11\/02\/o-antigo-reloxo-mecanico-do-ano-35-cobra-vida-grazas-a-contribucion-da-familia-ferreira-conde\/","article_publisher":"https:\/\/www.facebook.com\/anovapeneira","article_published_time":"2022-11-02T11:00:54+00:00","og_image":[{"width":720,"height":432,"url":"https:\/\/www.anovapeneira.gal\/wp-content\/uploads\/2022\/10\/reloxo_covelo.jpg","type":"image\/jpeg"}],"author":"Redacci\u00f3n A Nova Peneira","twitter_card":"summary_large_image","twitter_creator":"@APeneira","twitter_site":"@APeneira","twitter_misc":{"Escrito por":"Redacci\u00f3n A Nova Peneira","Tempo de lectura":"3 minutos"},"schema":{"@context":"https:\/\/schema.org","@graph":[{"@type":"Article","@id":"https:\/\/www.anovapeneira.gal\/index.php\/2022\/11\/02\/o-antigo-reloxo-mecanico-do-ano-35-cobra-vida-grazas-a-contribucion-da-familia-ferreira-conde\/#article","isPartOf":{"@id":"https:\/\/www.anovapeneira.gal\/index.php\/2022\/11\/02\/o-antigo-reloxo-mecanico-do-ano-35-cobra-vida-grazas-a-contribucion-da-familia-ferreira-conde\/"},"author":{"name":"Redacci\u00f3n A Nova Peneira","@id":"https:\/\/www.anovapeneira.gal\/#\/schema\/person\/b93e3f8932e3f8da96334607eb6ac6aa"},"headline":"O antigo reloxo mec\u00e1nico do ano 35 cobra vida grazas \u00e1 contribuci\u00f3n da familia Ferreira-Conde","datePublished":"2022-11-02T11:00:54+00:00","mainEntityOfPage":{"@id":"https:\/\/www.anovapeneira.gal\/index.php\/2022\/11\/02\/o-antigo-reloxo-mecanico-do-ano-35-cobra-vida-grazas-a-contribucion-da-familia-ferreira-conde\/"},"wordCount":536,"commentCount":0,"publisher":{"@id":"https:\/\/www.anovapeneira.gal\/#organization"},"image":{"@id":"https:\/\/www.anovapeneira.gal\/index.php\/2022\/11\/02\/o-antigo-reloxo-mecanico-do-ano-35-cobra-vida-grazas-a-contribucion-da-familia-ferreira-conde\/#primaryimage"},"thumbnailUrl":"https:\/\/www.anovapeneira.gal\/wp-content\/uploads\/2022\/10\/reloxo_covelo.jpg","keywords":["Concello de Covelo"],"articleSection":["Condado"],"inLanguage":"gl-ES","potentialAction":[{"@type":"CommentAction","name":"Comment","target":["https:\/\/www.anovapeneira.gal\/index.php\/2022\/11\/02\/o-antigo-reloxo-mecanico-do-ano-35-cobra-vida-grazas-a-contribucion-da-familia-ferreira-conde\/#respond"]}]},{"@type":"WebPage","@id":"https:\/\/www.anovapeneira.gal\/index.php\/2022\/11\/02\/o-antigo-reloxo-mecanico-do-ano-35-cobra-vida-grazas-a-contribucion-da-familia-ferreira-conde\/","url":"https:\/\/www.anovapeneira.gal\/index.php\/2022\/11\/02\/o-antigo-reloxo-mecanico-do-ano-35-cobra-vida-grazas-a-contribucion-da-familia-ferreira-conde\/","name":"O antigo reloxo mec\u00e1nico do ano 35 cobra vida grazas \u00e1 contribuci\u00f3n da familia Ferreira-Conde -","isPartOf":{"@id":"https:\/\/www.anovapeneira.gal\/#website"},"primaryImageOfPage":{"@id":"https:\/\/www.anovapeneira.gal\/index.php\/2022\/11\/02\/o-antigo-reloxo-mecanico-do-ano-35-cobra-vida-grazas-a-contribucion-da-familia-ferreira-conde\/#primaryimage"},"image":{"@id":"https:\/\/www.anovapeneira.gal\/index.php\/2022\/11\/02\/o-antigo-reloxo-mecanico-do-ano-35-cobra-vida-grazas-a-contribucion-da-familia-ferreira-conde\/#primaryimage"},"thumbnailUrl":"https:\/\/www.anovapeneira.gal\/wp-content\/uploads\/2022\/10\/reloxo_covelo.jpg","datePublished":"2022-11-02T11:00:54+00:00","description":"O Concello de Covelo presentou os traballos de recuperaci\u00f3n do antigo reloxo do ano 1935 encargado por iniciativa da comisi\u00f3n \u201cPro iniciativas para o melloramento do Distrito de Covelo\u201d, sufragado por subscrici\u00f3n popular e hoxe recuperado grazas ao matrimonio Ferreira-Conde","breadcrumb":{"@id":"https:\/\/www.anovapeneira.gal\/index.php\/2022\/11\/02\/o-antigo-reloxo-mecanico-do-ano-35-cobra-vida-grazas-a-contribucion-da-familia-ferreira-conde\/#breadcrumb"},"inLanguage":"gl-ES","potentialAction":[{"@type":"ReadAction","target":["https:\/\/www.anovapeneira.gal\/index.php\/2022\/11\/02\/o-antigo-reloxo-mecanico-do-ano-35-cobra-vida-grazas-a-contribucion-da-familia-ferreira-conde\/"]}]},{"@type":"ImageObject","inLanguage":"gl-ES","@id":"https:\/\/www.anovapeneira.gal\/index.php\/2022\/11\/02\/o-antigo-reloxo-mecanico-do-ano-35-cobra-vida-grazas-a-contribucion-da-familia-ferreira-conde\/#primaryimage","url":"https:\/\/www.anovapeneira.gal\/wp-content\/uploads\/2022\/10\/reloxo_covelo.jpg","contentUrl":"https:\/\/www.anovapeneira.gal\/wp-content\/uploads\/2022\/10\/reloxo_covelo.jpg","width":720,"height":432,"caption":"O antigo reloxo mec\u00e1nico do ano 35 cobra vida grazas \u00e1 contribuci\u00f3n da familia Ferreira-Conde"},{"@type":"BreadcrumbList","@id":"https:\/\/www.anovapeneira.gal\/index.php\/2022\/11\/02\/o-antigo-reloxo-mecanico-do-ano-35-cobra-vida-grazas-a-contribucion-da-familia-ferreira-conde\/#breadcrumb","itemListElement":[{"@type":"ListItem","position":1,"name":"Portada","item":"https:\/\/www.anovapeneira.gal\/"},{"@type":"ListItem","position":2,"name":"O antigo reloxo mec\u00e1nico do ano 35 cobra vida grazas \u00e1 contribuci\u00f3n da familia Ferreira-Conde"}]},{"@type":"WebSite","@id":"https:\/\/www.anovapeneira.gal\/#website","url":"https:\/\/www.anovapeneira.gal\/","name":"","description":"Xornal galego de informaci\u00f3n xeral Publicaci\u00f3n mensual de novas de Galicia e en especial dos Concellos da sur da provincia de Pontevedra.","publisher":{"@id":"https:\/\/www.anovapeneira.gal\/#organization"},"potentialAction":[{"@type":"SearchAction","target":{"@type":"EntryPoint","urlTemplate":"https:\/\/www.anovapeneira.gal\/?s={search_term_string}"},"query-input":{"@type":"PropertyValueSpecification","valueRequired":true,"valueName":"search_term_string"}}],"inLanguage":"gl-ES"},{"@type":"Organization","@id":"https:\/\/www.anovapeneira.gal\/#organization","name":"A Nova Peneira","url":"https:\/\/www.anovapeneira.gal\/","logo":{"@type":"ImageObject","inLanguage":"gl-ES","@id":"https:\/\/www.anovapeneira.gal\/#\/schema\/logo\/image\/","url":"http:\/\/www.anovapeneira.gal\/wp-content\/uploads\/2019\/06\/logo_a_nova_peneira_portal_web.png","contentUrl":"http:\/\/www.anovapeneira.gal\/wp-content\/uploads\/2019\/06\/logo_a_nova_peneira_portal_web.png","width":300,"height":100,"caption":"A Nova Peneira"},"image":{"@id":"https:\/\/www.anovapeneira.gal\/#\/schema\/logo\/image\/"},"sameAs":["https:\/\/www.facebook.com\/anovapeneira","https:\/\/x.com\/APeneira"]},{"@type":"Person","@id":"https:\/\/www.anovapeneira.gal\/#\/schema\/person\/b93e3f8932e3f8da96334607eb6ac6aa","name":"Redacci\u00f3n A Nova Peneira","image":{"@type":"ImageObject","inLanguage":"gl-ES","@id":"https:\/\/secure.gravatar.com\/avatar\/c052a2551a06e23fac63626232eaa90abd78dbcf1700fc46a2b2c89fd27b735f?s=96&d=mm&r=g","url":"https:\/\/secure.gravatar.com\/avatar\/c052a2551a06e23fac63626232eaa90abd78dbcf1700fc46a2b2c89fd27b735f?s=96&d=mm&r=g","contentUrl":"https:\/\/secure.gravatar.com\/avatar\/c052a2551a06e23fac63626232eaa90abd78dbcf1700fc46a2b2c89fd27b735f?s=96&d=mm&r=g","caption":"Redacci\u00f3n A Nova Peneira"},"sameAs":["http:\/\/www.anovapeneira.gal\/"],"url":"https:\/\/www.anovapeneira.gal\/index.php\/author\/redactor\/"}]}},"jetpack_featured_media_url":"https:\/\/www.anovapeneira.gal\/wp-content\/uploads\/2022\/10\/reloxo_covelo.jpg","_links":{"self":[{"href":"https:\/\/www.anovapeneira.gal\/index.php\/wp-json\/wp\/v2\/posts\/8469","targetHints":{"allow":["GET"]}}],"collection":[{"href":"https:\/\/www.anovapeneira.gal\/index.php\/wp-json\/wp\/v2\/posts"}],"about":[{"href":"https:\/\/www.anovapeneira.gal\/index.php\/wp-json\/wp\/v2\/types\/post"}],"author":[{"embeddable":true,"href":"https:\/\/www.anovapeneira.gal\/index.php\/wp-json\/wp\/v2\/users\/3"}],"replies":[{"embeddable":true,"href":"https:\/\/www.anovapeneira.gal\/index.php\/wp-json\/wp\/v2\/comments?post=8469"}],"version-history":[{"count":2,"href":"https:\/\/www.anovapeneira.gal\/index.php\/wp-json\/wp\/v2\/posts\/8469\/revisions"}],"predecessor-version":[{"id":8479,"href":"https:\/\/www.anovapeneira.gal\/index.php\/wp-json\/wp\/v2\/posts\/8469\/revisions\/8479"}],"wp:featuredmedia":[{"embeddable":true,"href":"https:\/\/www.anovapeneira.gal\/index.php\/wp-json\/wp\/v2\/media\/8477"}],"wp:attachment":[{"href":"https:\/\/www.anovapeneira.gal\/index.php\/wp-json\/wp\/v2\/media?parent=8469"}],"wp:term":[{"taxonomy":"category","embeddable":true,"href":"https:\/\/www.anovapeneira.gal\/index.php\/wp-json\/wp\/v2\/categories?post=8469"},{"taxonomy":"post_tag","embeddable":true,"href":"https:\/\/www.anovapeneira.gal\/index.php\/wp-json\/wp\/v2\/tags?post=8469"}],"curies":[{"name":"wp","href":"https:\/\/api.w.org\/{rel}","templated":true}]}}