{"id":8474,"date":"2022-11-03T12:00:25","date_gmt":"2022-11-03T11:00:25","guid":{"rendered":"https:\/\/www.anovapeneira.gal\/?p=8474"},"modified":"2022-10-23T16:40:53","modified_gmt":"2022-10-23T14:40:53","slug":"mais-de-un-milleiro-de-participantes-na-xi-limpeza-simultanea-de-praias","status":"publish","type":"post","link":"https:\/\/www.anovapeneira.gal\/index.php\/2022\/11\/03\/mais-de-un-milleiro-de-participantes-na-xi-limpeza-simultanea-de-praias\/","title":{"rendered":"M\u00e1is de un milleiro de participantes na xi limpeza simult\u00e1nea de praias"},"content":{"rendered":"\n<p>Durante a pasada fin de semana (14 e 15 de Outubro), m\u00e1is de 30 entidades e m\u00e1is de 1000 persoas sumaron os seus esforzos ao longo do litoral galego para limpar as praias e denunciar a problem\u00e1tica ambiental do lixo mari\u00f1o. Nesta und\u00e9cima edici\u00f3n da Limpeza Simult\u00e1nea de Praias retirouse, en total, case unha tonelada de lixo dos nosos areais. A\u00ednda que o tempo non acompa\u00f1ou, non foi impedimento para a maior\u00eda das persoas voluntarias realizaran a acci\u00f3n, a\u00ednda que algunhas foron canceladas e intentar\u00e1n facelo ao longo desta semana.<\/p>\n\n\n\n<p>Na actividade coordinada por ADEGA, participaron centros de ensino, asociaci\u00f3ns, escolas de surf, particulares de todo o territorio galego, que traballaron de xeito organizado na praia elixida por eles mesmos.<\/p>\n\n\n\n<p>De entre o lixo retirado, tiveron moita presenza as cabichas, os pauci\u00f1os dos ouvido, algunhas m\u00e1scaras e, como v\u00e9n sendo habitual restos pl\u00e1sticos. Ademais, adoitan aparecer residuos menos convencionais como calzado, traxes de ba\u00f1o, bid\u00f3ns antigos, garfos &#8230;<\/p>\n\n\n\n<p>Con este tipo de acci\u00f3ns, a organizaci\u00f3n pretende po\u00f1er o foco sobre a problem\u00e1tica dos residuos nos nosos areais despois da tempada turista as\u00ed como a importancia de conservar a nosas praias libres de lixo, evitando que acabe no mar. Ademais, ADEGA incide en que as limpezas de praias non deben de ser feitos illados, e convida a calquera persoa a recoller o lixo do noso litoral sempre que poida e de xeito manual, respectando os ecosistemas dunares, e tendo especial coidado coa fauna e flora que nelas habita.<\/p>\n\n\n\n<p>ADEGA agradece enormemente a participaci\u00f3n de todas as persoas que organizaron e participaron como voluntarias en todas as limpezas.<\/p>\n\n\n\n<p>LISTAXE DE COLECTIVOS PARTICIPANTES<\/p>\n\n\n\n<p>IES a Basella, CEIP de Ard\u00e1n, IES Monte da Vila, AETNA, CEE San Rafael, IES de Arz\u00faa, Prado surf, CEIP de Cangas, A semente Vigo, IES AS Bizocas, CEIP de Portos\u00edn, Concello de Nigr\u00e1n, Prado Surf, CEIP de Foz, AJPS, Concello de Fisterra, CEIP San Roque de Darbo, Agrupaci\u00f3n Instrutiva de Caamouco, Concello de Ares, IES Poio, CEIP Pluriling\u00fce A Laxe, CEIP de Mall\u00f3n, ANPA do San Xo\u00e1n de Filgueira, Concello de Muros CPI A Xunqueira, CEIP de Louro, Scout Chan, CEIP Ram\u00f3n Artaza, Asco_ Prato_Do, IES Armando Cotarelo Valledor, CEIP Pluriling\u00fce Ricardo Tob\u00edo, EEI de Muros, IES Primero de Marzo, CEIP Portonovo, ADEGA Lugo, EOI VIGO &#8211; CANGAS, particulares no Ancoradoiro e Mourisca, CPR Colexio Pluriling\u00fce os Franciscanos e Asociaci\u00f3n de Veci\u00f1os de Espi\u00f1eira.<\/p>\n","protected":false},"excerpt":{"rendered":"<div class=\"mh-excerpt\"><p>Durante a pasada fin de semana (14 e 15 de Outubro), m\u00e1is de 30 entidades e m\u00e1is de 1000 persoas sumaron os seus esforzos ao longo do litoral galego para limpar as praias e denunciar a problem\u00e1tica ambiental do lixo mari\u00f1o <a class=\"mh-excerpt-more\" href=\"https:\/\/www.anovapeneira.gal\/index.php\/2022\/11\/03\/mais-de-un-milleiro-de-participantes-na-xi-limpeza-simultanea-de-praias\/\" title=\"M\u00e1is de un milleiro de participantes na xi limpeza simult\u00e1nea de praias\">[&#8230;]<\/a><\/p>\n<\/div>","protected":false},"author":3,"featured_media":8476,"comment_status":"open","ping_status":"open","sticky":false,"template":"","format":"standard","meta":{"_exactmetrics_skip_tracking":false,"_exactmetrics_sitenote_active":false,"_exactmetrics_sitenote_note":"","_exactmetrics_sitenote_category":0,"footnotes":""},"categories":[263],"tags":[714],"class_list":{"0":"post-8474","1":"post","2":"type-post","3":"status-publish","4":"format-standard","5":"has-post-thumbnail","7":"category-novas","8":"tag-adega"},"yoast_head":"<!-- This site is optimized with the Yoast SEO plugin v27.4 - https:\/\/yoast.com\/product\/yoast-seo-wordpress\/ -->\n<title>M\u00e1is de un milleiro de participantes na xi limpeza simult\u00e1nea de praias -<\/title>\n<meta name=\"description\" content=\"Durante a pasada fin de semana (14 e 15 de Outubro), m\u00e1is de 30 entidades e m\u00e1is de 1000 persoas sumaron os seus esforzos ao longo do litoral galego para limpar as praias e denunciar a problem\u00e1tica ambiental do lixo mari\u00f1o\" \/>\n<meta name=\"robots\" content=\"index, follow, max-snippet:-1, max-image-preview:large, max-video-preview:-1\" \/>\n<link rel=\"canonical\" href=\"https:\/\/www.anovapeneira.gal\/index.php\/2022\/11\/03\/mais-de-un-milleiro-de-participantes-na-xi-limpeza-simultanea-de-praias\/\" \/>\n<meta property=\"og:locale\" content=\"gl_ES\" \/>\n<meta property=\"og:type\" content=\"article\" \/>\n<meta property=\"og:title\" content=\"M\u00e1is de un milleiro de participantes na xi limpeza simult\u00e1nea de praias -\" \/>\n<meta property=\"og:description\" content=\"Durante a pasada fin de semana (14 e 15 de Outubro), m\u00e1is de 30 entidades e m\u00e1is de 1000 persoas sumaron os seus esforzos ao longo do litoral galego para limpar as praias e denunciar a problem\u00e1tica ambiental do lixo mari\u00f1o\" \/>\n<meta property=\"og:url\" content=\"https:\/\/www.anovapeneira.gal\/index.php\/2022\/11\/03\/mais-de-un-milleiro-de-participantes-na-xi-limpeza-simultanea-de-praias\/\" \/>\n<meta property=\"article:publisher\" content=\"https:\/\/www.facebook.com\/anovapeneira\" \/>\n<meta property=\"article:published_time\" content=\"2022-11-03T11:00:25+00:00\" \/>\n<meta property=\"og:image\" content=\"https:\/\/www.anovapeneira.gal\/wp-content\/uploads\/2022\/10\/praias.jpg\" \/>\n\t<meta property=\"og:image:width\" content=\"720\" \/>\n\t<meta property=\"og:image:height\" content=\"432\" \/>\n\t<meta property=\"og:image:type\" content=\"image\/jpeg\" \/>\n<meta name=\"author\" content=\"Redacci\u00f3n A Nova Peneira\" \/>\n<meta name=\"twitter:card\" content=\"summary_large_image\" \/>\n<meta name=\"twitter:creator\" content=\"@APeneira\" \/>\n<meta name=\"twitter:site\" content=\"@APeneira\" \/>\n<meta name=\"twitter:label1\" content=\"Escrito por\" \/>\n\t<meta name=\"twitter:data1\" content=\"Redacci\u00f3n A Nova Peneira\" \/>\n\t<meta name=\"twitter:label2\" content=\"Tempo de lectura\" \/>\n\t<meta name=\"twitter:data2\" content=\"3 minutos\" \/>\n<script type=\"application\/ld+json\" class=\"yoast-schema-graph\">{\"@context\":\"https:\\\/\\\/schema.org\",\"@graph\":[{\"@type\":\"Article\",\"@id\":\"https:\\\/\\\/www.anovapeneira.gal\\\/index.php\\\/2022\\\/11\\\/03\\\/mais-de-un-milleiro-de-participantes-na-xi-limpeza-simultanea-de-praias\\\/#article\",\"isPartOf\":{\"@id\":\"https:\\\/\\\/www.anovapeneira.gal\\\/index.php\\\/2022\\\/11\\\/03\\\/mais-de-un-milleiro-de-participantes-na-xi-limpeza-simultanea-de-praias\\\/\"},\"author\":{\"name\":\"Redacci\u00f3n A Nova Peneira\",\"@id\":\"https:\\\/\\\/www.anovapeneira.gal\\\/#\\\/schema\\\/person\\\/b93e3f8932e3f8da96334607eb6ac6aa\"},\"headline\":\"M\u00e1is de un milleiro de participantes na xi limpeza simult\u00e1nea de praias\",\"datePublished\":\"2022-11-03T11:00:25+00:00\",\"mainEntityOfPage\":{\"@id\":\"https:\\\/\\\/www.anovapeneira.gal\\\/index.php\\\/2022\\\/11\\\/03\\\/mais-de-un-milleiro-de-participantes-na-xi-limpeza-simultanea-de-praias\\\/\"},\"wordCount\":445,\"commentCount\":0,\"publisher\":{\"@id\":\"https:\\\/\\\/www.anovapeneira.gal\\\/#organization\"},\"image\":{\"@id\":\"https:\\\/\\\/www.anovapeneira.gal\\\/index.php\\\/2022\\\/11\\\/03\\\/mais-de-un-milleiro-de-participantes-na-xi-limpeza-simultanea-de-praias\\\/#primaryimage\"},\"thumbnailUrl\":\"https:\\\/\\\/www.anovapeneira.gal\\\/wp-content\\\/uploads\\\/2022\\\/10\\\/praias.jpg\",\"keywords\":[\"Adega\"],\"articleSection\":[\"Novas\"],\"inLanguage\":\"gl-ES\",\"potentialAction\":[{\"@type\":\"CommentAction\",\"name\":\"Comment\",\"target\":[\"https:\\\/\\\/www.anovapeneira.gal\\\/index.php\\\/2022\\\/11\\\/03\\\/mais-de-un-milleiro-de-participantes-na-xi-limpeza-simultanea-de-praias\\\/#respond\"]}]},{\"@type\":\"WebPage\",\"@id\":\"https:\\\/\\\/www.anovapeneira.gal\\\/index.php\\\/2022\\\/11\\\/03\\\/mais-de-un-milleiro-de-participantes-na-xi-limpeza-simultanea-de-praias\\\/\",\"url\":\"https:\\\/\\\/www.anovapeneira.gal\\\/index.php\\\/2022\\\/11\\\/03\\\/mais-de-un-milleiro-de-participantes-na-xi-limpeza-simultanea-de-praias\\\/\",\"name\":\"M\u00e1is de un milleiro de participantes na xi limpeza simult\u00e1nea de praias -\",\"isPartOf\":{\"@id\":\"https:\\\/\\\/www.anovapeneira.gal\\\/#website\"},\"primaryImageOfPage\":{\"@id\":\"https:\\\/\\\/www.anovapeneira.gal\\\/index.php\\\/2022\\\/11\\\/03\\\/mais-de-un-milleiro-de-participantes-na-xi-limpeza-simultanea-de-praias\\\/#primaryimage\"},\"image\":{\"@id\":\"https:\\\/\\\/www.anovapeneira.gal\\\/index.php\\\/2022\\\/11\\\/03\\\/mais-de-un-milleiro-de-participantes-na-xi-limpeza-simultanea-de-praias\\\/#primaryimage\"},\"thumbnailUrl\":\"https:\\\/\\\/www.anovapeneira.gal\\\/wp-content\\\/uploads\\\/2022\\\/10\\\/praias.jpg\",\"datePublished\":\"2022-11-03T11:00:25+00:00\",\"description\":\"Durante a pasada fin de semana (14 e 15 de Outubro), m\u00e1is de 30 entidades e m\u00e1is de 1000 persoas sumaron os seus esforzos ao longo do litoral galego para limpar as praias e denunciar a problem\u00e1tica ambiental do lixo mari\u00f1o\",\"breadcrumb\":{\"@id\":\"https:\\\/\\\/www.anovapeneira.gal\\\/index.php\\\/2022\\\/11\\\/03\\\/mais-de-un-milleiro-de-participantes-na-xi-limpeza-simultanea-de-praias\\\/#breadcrumb\"},\"inLanguage\":\"gl-ES\",\"potentialAction\":[{\"@type\":\"ReadAction\",\"target\":[\"https:\\\/\\\/www.anovapeneira.gal\\\/index.php\\\/2022\\\/11\\\/03\\\/mais-de-un-milleiro-de-participantes-na-xi-limpeza-simultanea-de-praias\\\/\"]}]},{\"@type\":\"ImageObject\",\"inLanguage\":\"gl-ES\",\"@id\":\"https:\\\/\\\/www.anovapeneira.gal\\\/index.php\\\/2022\\\/11\\\/03\\\/mais-de-un-milleiro-de-participantes-na-xi-limpeza-simultanea-de-praias\\\/#primaryimage\",\"url\":\"https:\\\/\\\/www.anovapeneira.gal\\\/wp-content\\\/uploads\\\/2022\\\/10\\\/praias.jpg\",\"contentUrl\":\"https:\\\/\\\/www.anovapeneira.gal\\\/wp-content\\\/uploads\\\/2022\\\/10\\\/praias.jpg\",\"width\":720,\"height\":432,\"caption\":\"M\u00e1is de un milleiro de participantes na xi limpeza simult\u00e1nea de praias\"},{\"@type\":\"BreadcrumbList\",\"@id\":\"https:\\\/\\\/www.anovapeneira.gal\\\/index.php\\\/2022\\\/11\\\/03\\\/mais-de-un-milleiro-de-participantes-na-xi-limpeza-simultanea-de-praias\\\/#breadcrumb\",\"itemListElement\":[{\"@type\":\"ListItem\",\"position\":1,\"name\":\"Portada\",\"item\":\"https:\\\/\\\/www.anovapeneira.gal\\\/\"},{\"@type\":\"ListItem\",\"position\":2,\"name\":\"M\u00e1is de un milleiro de participantes na xi limpeza simult\u00e1nea de praias\"}]},{\"@type\":\"WebSite\",\"@id\":\"https:\\\/\\\/www.anovapeneira.gal\\\/#website\",\"url\":\"https:\\\/\\\/www.anovapeneira.gal\\\/\",\"name\":\"\",\"description\":\"Xornal galego de informaci\u00f3n xeral Publicaci\u00f3n mensual de novas de Galicia e en especial dos Concellos da sur da provincia de Pontevedra.\",\"publisher\":{\"@id\":\"https:\\\/\\\/www.anovapeneira.gal\\\/#organization\"},\"potentialAction\":[{\"@type\":\"SearchAction\",\"target\":{\"@type\":\"EntryPoint\",\"urlTemplate\":\"https:\\\/\\\/www.anovapeneira.gal\\\/?s={search_term_string}\"},\"query-input\":{\"@type\":\"PropertyValueSpecification\",\"valueRequired\":true,\"valueName\":\"search_term_string\"}}],\"inLanguage\":\"gl-ES\"},{\"@type\":\"Organization\",\"@id\":\"https:\\\/\\\/www.anovapeneira.gal\\\/#organization\",\"name\":\"A Nova Peneira\",\"url\":\"https:\\\/\\\/www.anovapeneira.gal\\\/\",\"logo\":{\"@type\":\"ImageObject\",\"inLanguage\":\"gl-ES\",\"@id\":\"https:\\\/\\\/www.anovapeneira.gal\\\/#\\\/schema\\\/logo\\\/image\\\/\",\"url\":\"http:\\\/\\\/www.anovapeneira.gal\\\/wp-content\\\/uploads\\\/2019\\\/06\\\/logo_a_nova_peneira_portal_web.png\",\"contentUrl\":\"http:\\\/\\\/www.anovapeneira.gal\\\/wp-content\\\/uploads\\\/2019\\\/06\\\/logo_a_nova_peneira_portal_web.png\",\"width\":300,\"height\":100,\"caption\":\"A Nova Peneira\"},\"image\":{\"@id\":\"https:\\\/\\\/www.anovapeneira.gal\\\/#\\\/schema\\\/logo\\\/image\\\/\"},\"sameAs\":[\"https:\\\/\\\/www.facebook.com\\\/anovapeneira\",\"https:\\\/\\\/x.com\\\/APeneira\"]},{\"@type\":\"Person\",\"@id\":\"https:\\\/\\\/www.anovapeneira.gal\\\/#\\\/schema\\\/person\\\/b93e3f8932e3f8da96334607eb6ac6aa\",\"name\":\"Redacci\u00f3n A Nova Peneira\",\"image\":{\"@type\":\"ImageObject\",\"inLanguage\":\"gl-ES\",\"@id\":\"https:\\\/\\\/secure.gravatar.com\\\/avatar\\\/c052a2551a06e23fac63626232eaa90abd78dbcf1700fc46a2b2c89fd27b735f?s=96&d=mm&r=g\",\"url\":\"https:\\\/\\\/secure.gravatar.com\\\/avatar\\\/c052a2551a06e23fac63626232eaa90abd78dbcf1700fc46a2b2c89fd27b735f?s=96&d=mm&r=g\",\"contentUrl\":\"https:\\\/\\\/secure.gravatar.com\\\/avatar\\\/c052a2551a06e23fac63626232eaa90abd78dbcf1700fc46a2b2c89fd27b735f?s=96&d=mm&r=g\",\"caption\":\"Redacci\u00f3n A Nova Peneira\"},\"sameAs\":[\"http:\\\/\\\/www.anovapeneira.gal\\\/\"],\"url\":\"https:\\\/\\\/www.anovapeneira.gal\\\/index.php\\\/author\\\/redactor\\\/\"}]}<\/script>\n<!-- \/ Yoast SEO plugin. -->","yoast_head_json":{"title":"M\u00e1is de un milleiro de participantes na xi limpeza simult\u00e1nea de praias -","description":"Durante a pasada fin de semana (14 e 15 de Outubro), m\u00e1is de 30 entidades e m\u00e1is de 1000 persoas sumaron os seus esforzos ao longo do litoral galego para limpar as praias e denunciar a problem\u00e1tica ambiental do lixo mari\u00f1o","robots":{"index":"index","follow":"follow","max-snippet":"max-snippet:-1","max-image-preview":"max-image-preview:large","max-video-preview":"max-video-preview:-1"},"canonical":"https:\/\/www.anovapeneira.gal\/index.php\/2022\/11\/03\/mais-de-un-milleiro-de-participantes-na-xi-limpeza-simultanea-de-praias\/","og_locale":"gl_ES","og_type":"article","og_title":"M\u00e1is de un milleiro de participantes na xi limpeza simult\u00e1nea de praias -","og_description":"Durante a pasada fin de semana (14 e 15 de Outubro), m\u00e1is de 30 entidades e m\u00e1is de 1000 persoas sumaron os seus esforzos ao longo do litoral galego para limpar as praias e denunciar a problem\u00e1tica ambiental do lixo mari\u00f1o","og_url":"https:\/\/www.anovapeneira.gal\/index.php\/2022\/11\/03\/mais-de-un-milleiro-de-participantes-na-xi-limpeza-simultanea-de-praias\/","article_publisher":"https:\/\/www.facebook.com\/anovapeneira","article_published_time":"2022-11-03T11:00:25+00:00","og_image":[{"width":720,"height":432,"url":"https:\/\/www.anovapeneira.gal\/wp-content\/uploads\/2022\/10\/praias.jpg","type":"image\/jpeg"}],"author":"Redacci\u00f3n A Nova Peneira","twitter_card":"summary_large_image","twitter_creator":"@APeneira","twitter_site":"@APeneira","twitter_misc":{"Escrito por":"Redacci\u00f3n A Nova Peneira","Tempo de lectura":"3 minutos"},"schema":{"@context":"https:\/\/schema.org","@graph":[{"@type":"Article","@id":"https:\/\/www.anovapeneira.gal\/index.php\/2022\/11\/03\/mais-de-un-milleiro-de-participantes-na-xi-limpeza-simultanea-de-praias\/#article","isPartOf":{"@id":"https:\/\/www.anovapeneira.gal\/index.php\/2022\/11\/03\/mais-de-un-milleiro-de-participantes-na-xi-limpeza-simultanea-de-praias\/"},"author":{"name":"Redacci\u00f3n A Nova Peneira","@id":"https:\/\/www.anovapeneira.gal\/#\/schema\/person\/b93e3f8932e3f8da96334607eb6ac6aa"},"headline":"M\u00e1is de un milleiro de participantes na xi limpeza simult\u00e1nea de praias","datePublished":"2022-11-03T11:00:25+00:00","mainEntityOfPage":{"@id":"https:\/\/www.anovapeneira.gal\/index.php\/2022\/11\/03\/mais-de-un-milleiro-de-participantes-na-xi-limpeza-simultanea-de-praias\/"},"wordCount":445,"commentCount":0,"publisher":{"@id":"https:\/\/www.anovapeneira.gal\/#organization"},"image":{"@id":"https:\/\/www.anovapeneira.gal\/index.php\/2022\/11\/03\/mais-de-un-milleiro-de-participantes-na-xi-limpeza-simultanea-de-praias\/#primaryimage"},"thumbnailUrl":"https:\/\/www.anovapeneira.gal\/wp-content\/uploads\/2022\/10\/praias.jpg","keywords":["Adega"],"articleSection":["Novas"],"inLanguage":"gl-ES","potentialAction":[{"@type":"CommentAction","name":"Comment","target":["https:\/\/www.anovapeneira.gal\/index.php\/2022\/11\/03\/mais-de-un-milleiro-de-participantes-na-xi-limpeza-simultanea-de-praias\/#respond"]}]},{"@type":"WebPage","@id":"https:\/\/www.anovapeneira.gal\/index.php\/2022\/11\/03\/mais-de-un-milleiro-de-participantes-na-xi-limpeza-simultanea-de-praias\/","url":"https:\/\/www.anovapeneira.gal\/index.php\/2022\/11\/03\/mais-de-un-milleiro-de-participantes-na-xi-limpeza-simultanea-de-praias\/","name":"M\u00e1is de un milleiro de participantes na xi limpeza simult\u00e1nea de praias -","isPartOf":{"@id":"https:\/\/www.anovapeneira.gal\/#website"},"primaryImageOfPage":{"@id":"https:\/\/www.anovapeneira.gal\/index.php\/2022\/11\/03\/mais-de-un-milleiro-de-participantes-na-xi-limpeza-simultanea-de-praias\/#primaryimage"},"image":{"@id":"https:\/\/www.anovapeneira.gal\/index.php\/2022\/11\/03\/mais-de-un-milleiro-de-participantes-na-xi-limpeza-simultanea-de-praias\/#primaryimage"},"thumbnailUrl":"https:\/\/www.anovapeneira.gal\/wp-content\/uploads\/2022\/10\/praias.jpg","datePublished":"2022-11-03T11:00:25+00:00","description":"Durante a pasada fin de semana (14 e 15 de Outubro), m\u00e1is de 30 entidades e m\u00e1is de 1000 persoas sumaron os seus esforzos ao longo do litoral galego para limpar as praias e denunciar a problem\u00e1tica ambiental do lixo mari\u00f1o","breadcrumb":{"@id":"https:\/\/www.anovapeneira.gal\/index.php\/2022\/11\/03\/mais-de-un-milleiro-de-participantes-na-xi-limpeza-simultanea-de-praias\/#breadcrumb"},"inLanguage":"gl-ES","potentialAction":[{"@type":"ReadAction","target":["https:\/\/www.anovapeneira.gal\/index.php\/2022\/11\/03\/mais-de-un-milleiro-de-participantes-na-xi-limpeza-simultanea-de-praias\/"]}]},{"@type":"ImageObject","inLanguage":"gl-ES","@id":"https:\/\/www.anovapeneira.gal\/index.php\/2022\/11\/03\/mais-de-un-milleiro-de-participantes-na-xi-limpeza-simultanea-de-praias\/#primaryimage","url":"https:\/\/www.anovapeneira.gal\/wp-content\/uploads\/2022\/10\/praias.jpg","contentUrl":"https:\/\/www.anovapeneira.gal\/wp-content\/uploads\/2022\/10\/praias.jpg","width":720,"height":432,"caption":"M\u00e1is de un milleiro de participantes na xi limpeza simult\u00e1nea de praias"},{"@type":"BreadcrumbList","@id":"https:\/\/www.anovapeneira.gal\/index.php\/2022\/11\/03\/mais-de-un-milleiro-de-participantes-na-xi-limpeza-simultanea-de-praias\/#breadcrumb","itemListElement":[{"@type":"ListItem","position":1,"name":"Portada","item":"https:\/\/www.anovapeneira.gal\/"},{"@type":"ListItem","position":2,"name":"M\u00e1is de un milleiro de participantes na xi limpeza simult\u00e1nea de praias"}]},{"@type":"WebSite","@id":"https:\/\/www.anovapeneira.gal\/#website","url":"https:\/\/www.anovapeneira.gal\/","name":"","description":"Xornal galego de informaci\u00f3n xeral Publicaci\u00f3n mensual de novas de Galicia e en especial dos Concellos da sur da provincia de Pontevedra.","publisher":{"@id":"https:\/\/www.anovapeneira.gal\/#organization"},"potentialAction":[{"@type":"SearchAction","target":{"@type":"EntryPoint","urlTemplate":"https:\/\/www.anovapeneira.gal\/?s={search_term_string}"},"query-input":{"@type":"PropertyValueSpecification","valueRequired":true,"valueName":"search_term_string"}}],"inLanguage":"gl-ES"},{"@type":"Organization","@id":"https:\/\/www.anovapeneira.gal\/#organization","name":"A Nova Peneira","url":"https:\/\/www.anovapeneira.gal\/","logo":{"@type":"ImageObject","inLanguage":"gl-ES","@id":"https:\/\/www.anovapeneira.gal\/#\/schema\/logo\/image\/","url":"http:\/\/www.anovapeneira.gal\/wp-content\/uploads\/2019\/06\/logo_a_nova_peneira_portal_web.png","contentUrl":"http:\/\/www.anovapeneira.gal\/wp-content\/uploads\/2019\/06\/logo_a_nova_peneira_portal_web.png","width":300,"height":100,"caption":"A Nova Peneira"},"image":{"@id":"https:\/\/www.anovapeneira.gal\/#\/schema\/logo\/image\/"},"sameAs":["https:\/\/www.facebook.com\/anovapeneira","https:\/\/x.com\/APeneira"]},{"@type":"Person","@id":"https:\/\/www.anovapeneira.gal\/#\/schema\/person\/b93e3f8932e3f8da96334607eb6ac6aa","name":"Redacci\u00f3n A Nova Peneira","image":{"@type":"ImageObject","inLanguage":"gl-ES","@id":"https:\/\/secure.gravatar.com\/avatar\/c052a2551a06e23fac63626232eaa90abd78dbcf1700fc46a2b2c89fd27b735f?s=96&d=mm&r=g","url":"https:\/\/secure.gravatar.com\/avatar\/c052a2551a06e23fac63626232eaa90abd78dbcf1700fc46a2b2c89fd27b735f?s=96&d=mm&r=g","contentUrl":"https:\/\/secure.gravatar.com\/avatar\/c052a2551a06e23fac63626232eaa90abd78dbcf1700fc46a2b2c89fd27b735f?s=96&d=mm&r=g","caption":"Redacci\u00f3n A Nova Peneira"},"sameAs":["http:\/\/www.anovapeneira.gal\/"],"url":"https:\/\/www.anovapeneira.gal\/index.php\/author\/redactor\/"}]}},"jetpack_featured_media_url":"https:\/\/www.anovapeneira.gal\/wp-content\/uploads\/2022\/10\/praias.jpg","_links":{"self":[{"href":"https:\/\/www.anovapeneira.gal\/index.php\/wp-json\/wp\/v2\/posts\/8474","targetHints":{"allow":["GET"]}}],"collection":[{"href":"https:\/\/www.anovapeneira.gal\/index.php\/wp-json\/wp\/v2\/posts"}],"about":[{"href":"https:\/\/www.anovapeneira.gal\/index.php\/wp-json\/wp\/v2\/types\/post"}],"author":[{"embeddable":true,"href":"https:\/\/www.anovapeneira.gal\/index.php\/wp-json\/wp\/v2\/users\/3"}],"replies":[{"embeddable":true,"href":"https:\/\/www.anovapeneira.gal\/index.php\/wp-json\/wp\/v2\/comments?post=8474"}],"version-history":[{"count":1,"href":"https:\/\/www.anovapeneira.gal\/index.php\/wp-json\/wp\/v2\/posts\/8474\/revisions"}],"predecessor-version":[{"id":8475,"href":"https:\/\/www.anovapeneira.gal\/index.php\/wp-json\/wp\/v2\/posts\/8474\/revisions\/8475"}],"wp:featuredmedia":[{"embeddable":true,"href":"https:\/\/www.anovapeneira.gal\/index.php\/wp-json\/wp\/v2\/media\/8476"}],"wp:attachment":[{"href":"https:\/\/www.anovapeneira.gal\/index.php\/wp-json\/wp\/v2\/media?parent=8474"}],"wp:term":[{"taxonomy":"category","embeddable":true,"href":"https:\/\/www.anovapeneira.gal\/index.php\/wp-json\/wp\/v2\/categories?post=8474"},{"taxonomy":"post_tag","embeddable":true,"href":"https:\/\/www.anovapeneira.gal\/index.php\/wp-json\/wp\/v2\/tags?post=8474"}],"curies":[{"name":"wp","href":"https:\/\/api.w.org\/{rel}","templated":true}]}}