{"id":8482,"date":"2022-11-04T12:00:50","date_gmt":"2022-11-04T11:00:50","guid":{"rendered":"https:\/\/www.anovapeneira.gal\/?p=8482"},"modified":"2022-10-26T21:37:19","modified_gmt":"2022-10-26T19:37:19","slug":"o-bng-denuncia-o-abuso-dos-contratos-artisticos-na-crtvg-e-a-discriminacion-do-persoal-inscrito-nas-listas-de-contratacion","status":"publish","type":"post","link":"https:\/\/www.anovapeneira.gal\/index.php\/2022\/11\/04\/o-bng-denuncia-o-abuso-dos-contratos-artisticos-na-crtvg-e-a-discriminacion-do-persoal-inscrito-nas-listas-de-contratacion\/","title":{"rendered":"O BNG denuncia o abuso dos contratos art\u00edsticos na CRTVG e a discriminaci\u00f3n do persoal inscrito nas listas de contrataci\u00f3n"},"content":{"rendered":"\n<h2 class=\"wp-block-heading\"><strong>Albert critica esta modalidade de contratos que \u201cnon cumpren cos requisitos m\u00ednimos do Estatuto B\u00e1sico do Empregado P\u00fablico\u201d e que afectan, incluso, \u201c\u00e1s funci\u00f3ns de direcci\u00f3n da Corporaci\u00f3n\u201d<\/strong><\/h2>\n\n\n\n<p><strong>Santiago de Compostela, 25 de outubro 2022.<\/strong><\/p>\n\n\n\n<p>O BNG criticou no Parlamento o mal uso dos contratos art\u00edsticos na CRTVG, unha modalidade de emprego excepcional que est\u00e1 sendo empregada de xeito reiterado e que discrimina ao persoal laboral nas listas de contrataci\u00f3n.<\/p>\n\n\n\n<p>A portavoz para a CRTVG, Mar\u00eda Gonz\u00e1lez Albert, reprobou este sistema \u201cque non cumpre cos requisitos m\u00ednimos do Estatuto B\u00e1sico do Empregado P\u00fablico\u201d e que o contrato art\u00edstico \u00e9 un recurso \u201cexcepcional, pensado para as persoas colaboradoras do medio, non para encadear contratos de 15 anos\u201d. Neste sentido, denunciou o \u201cabuso\u201d desta f\u00f3rmula que est\u00e1 a dar acceso no ente p\u00fablico \u201ca moita xente que non pasa por ning\u00fan proceso de selecci\u00f3n p\u00fablica\u201d e cuxas funci\u00f3ns van dende a \u00e1rea de deportes ata os servizos informativos.<\/p>\n\n\n\n<p>Esta maneira de contratar da Corporaci\u00f3n acaba provocando, reprobou Albert, que \u201chaxa persoal que cumpre funci\u00f3ns estruturais do cadro de persoal encadeando contratos de mes en mes\u201d en detrimento das traballadoras e traballadores nas listas de contrataci\u00f3n da CRTVG que se deixan f\u00f3ra do proceso de selecci\u00f3n. Esta discriminaci\u00f3n provoca que as persoas beneficiadas cos contratos art\u00edsticos te\u00f1an calidade de \u201cfixeza indefinida, o que sup\u00f3n un agravio comparativo para as persoas que forman parte do cadro de persoal\u201d, criticou.<\/p>\n\n\n\n<p>De feito, denunciou a deputada nacionalista, esta \u201cmala pr\u00e1ctica\u201d chega incluso ata os postos de direcci\u00f3n no seo da Corporaci\u00f3n \u201csen que se co\u00f1ezan uns criterios obxectivos e claros sobre a s\u00faa contrataci\u00f3n\u201d, recriminou. Tr\u00e1tanse de empregos en \u201calta direcci\u00f3n\u201d ou \u201credactor xefe\u201d que, na pr\u00e1ctica, \u201cest\u00e1 a cubrir un xornalista facendo, case, albores de control pol\u00edtico\u201d, remarcou a parlamentaria do BNG.<\/p>\n\n\n\n<p>Albert conclu\u00edu po\u00f1endo o foco na reprobaci\u00f3n da Xustiza a este sistema de contrataci\u00f3n e puxo de exemplo a sentenza deste maio do Tribunal Superior de Xustiza de Galiza, que determinou que os contratos de \u201calta direcci\u00f3n\u201d que non dependen da Direcci\u00f3n Xeral \u201cestar\u00edan en fraude de lei\u201d, sen que a CRTVG tomara ningunha medida ao respecto.<\/p>\n","protected":false},"excerpt":{"rendered":"<div class=\"mh-excerpt\"><p>Albert critica esta modalidade de contratos que \u201cnon cumpren cos requisitos m\u00ednimos do Estatuto B\u00e1sico do Empregado P\u00fablico\u201d e que afectan, incluso, \u201c\u00e1s funci\u00f3ns de direcci\u00f3n da Corporaci\u00f3n\u201d <a class=\"mh-excerpt-more\" href=\"https:\/\/www.anovapeneira.gal\/index.php\/2022\/11\/04\/o-bng-denuncia-o-abuso-dos-contratos-artisticos-na-crtvg-e-a-discriminacion-do-persoal-inscrito-nas-listas-de-contratacion\/\" title=\"O BNG denuncia o abuso dos contratos art\u00edsticos na CRTVG e a discriminaci\u00f3n do persoal inscrito nas listas de contrataci\u00f3n\">[&#8230;]<\/a><\/p>\n<\/div>","protected":false},"author":3,"featured_media":8484,"comment_status":"open","ping_status":"open","sticky":false,"template":"","format":"standard","meta":{"_exactmetrics_skip_tracking":false,"_exactmetrics_sitenote_active":false,"_exactmetrics_sitenote_note":"","_exactmetrics_sitenote_category":0,"footnotes":""},"categories":[263],"tags":[824],"class_list":{"0":"post-8482","1":"post","2":"type-post","3":"status-publish","4":"format-standard","5":"has-post-thumbnail","7":"category-novas","8":"tag-crtvg"},"yoast_head":"<!-- This site is optimized with the Yoast SEO plugin v27.4 - https:\/\/yoast.com\/product\/yoast-seo-wordpress\/ -->\n<title>O BNG denuncia o abuso dos contratos art\u00edsticos na CRTVG e a discriminaci\u00f3n do persoal inscrito nas listas de contrataci\u00f3n -<\/title>\n<meta name=\"description\" content=\"Albert critica esta modalidade de contratos que \u201cnon cumpren cos requisitos m\u00ednimos do Estatuto B\u00e1sico do Empregado P\u00fablico\u201d e que afectan, incluso, \u201c\u00e1s funci\u00f3ns de direcci\u00f3n da Corporaci\u00f3n\u201d\" \/>\n<meta name=\"robots\" content=\"index, follow, max-snippet:-1, max-image-preview:large, max-video-preview:-1\" \/>\n<link rel=\"canonical\" href=\"https:\/\/www.anovapeneira.gal\/index.php\/2022\/11\/04\/o-bng-denuncia-o-abuso-dos-contratos-artisticos-na-crtvg-e-a-discriminacion-do-persoal-inscrito-nas-listas-de-contratacion\/\" \/>\n<meta property=\"og:locale\" content=\"gl_ES\" \/>\n<meta property=\"og:type\" content=\"article\" \/>\n<meta property=\"og:title\" content=\"O BNG denuncia o abuso dos contratos art\u00edsticos na CRTVG e a discriminaci\u00f3n do persoal inscrito nas listas de contrataci\u00f3n -\" \/>\n<meta property=\"og:description\" content=\"Albert critica esta modalidade de contratos que \u201cnon cumpren cos requisitos m\u00ednimos do Estatuto B\u00e1sico do Empregado P\u00fablico\u201d e que afectan, incluso, \u201c\u00e1s funci\u00f3ns de direcci\u00f3n da Corporaci\u00f3n\u201d\" \/>\n<meta property=\"og:url\" content=\"https:\/\/www.anovapeneira.gal\/index.php\/2022\/11\/04\/o-bng-denuncia-o-abuso-dos-contratos-artisticos-na-crtvg-e-a-discriminacion-do-persoal-inscrito-nas-listas-de-contratacion\/\" \/>\n<meta property=\"article:publisher\" content=\"https:\/\/www.facebook.com\/anovapeneira\" \/>\n<meta property=\"article:published_time\" content=\"2022-11-04T11:00:50+00:00\" \/>\n<meta property=\"og:image\" content=\"https:\/\/www.anovapeneira.gal\/wp-content\/uploads\/2022\/10\/Maria_Gonzalez_Albert.jpg\" \/>\n\t<meta property=\"og:image:width\" content=\"720\" \/>\n\t<meta property=\"og:image:height\" content=\"432\" \/>\n\t<meta property=\"og:image:type\" content=\"image\/jpeg\" \/>\n<meta name=\"author\" content=\"Redacci\u00f3n A Nova Peneira\" \/>\n<meta name=\"twitter:card\" content=\"summary_large_image\" \/>\n<meta name=\"twitter:creator\" content=\"@APeneira\" \/>\n<meta name=\"twitter:site\" content=\"@APeneira\" \/>\n<meta name=\"twitter:label1\" content=\"Escrito por\" \/>\n\t<meta name=\"twitter:data1\" content=\"Redacci\u00f3n A Nova Peneira\" \/>\n\t<meta name=\"twitter:label2\" content=\"Tempo de lectura\" \/>\n\t<meta name=\"twitter:data2\" content=\"2 minutos\" \/>\n<script type=\"application\/ld+json\" class=\"yoast-schema-graph\">{\"@context\":\"https:\\\/\\\/schema.org\",\"@graph\":[{\"@type\":\"Article\",\"@id\":\"https:\\\/\\\/www.anovapeneira.gal\\\/index.php\\\/2022\\\/11\\\/04\\\/o-bng-denuncia-o-abuso-dos-contratos-artisticos-na-crtvg-e-a-discriminacion-do-persoal-inscrito-nas-listas-de-contratacion\\\/#article\",\"isPartOf\":{\"@id\":\"https:\\\/\\\/www.anovapeneira.gal\\\/index.php\\\/2022\\\/11\\\/04\\\/o-bng-denuncia-o-abuso-dos-contratos-artisticos-na-crtvg-e-a-discriminacion-do-persoal-inscrito-nas-listas-de-contratacion\\\/\"},\"author\":{\"name\":\"Redacci\u00f3n A Nova Peneira\",\"@id\":\"https:\\\/\\\/www.anovapeneira.gal\\\/#\\\/schema\\\/person\\\/b93e3f8932e3f8da96334607eb6ac6aa\"},\"headline\":\"O BNG denuncia o abuso dos contratos art\u00edsticos na CRTVG e a discriminaci\u00f3n do persoal inscrito nas listas de contrataci\u00f3n\",\"datePublished\":\"2022-11-04T11:00:50+00:00\",\"mainEntityOfPage\":{\"@id\":\"https:\\\/\\\/www.anovapeneira.gal\\\/index.php\\\/2022\\\/11\\\/04\\\/o-bng-denuncia-o-abuso-dos-contratos-artisticos-na-crtvg-e-a-discriminacion-do-persoal-inscrito-nas-listas-de-contratacion\\\/\"},\"wordCount\":419,\"commentCount\":0,\"publisher\":{\"@id\":\"https:\\\/\\\/www.anovapeneira.gal\\\/#organization\"},\"image\":{\"@id\":\"https:\\\/\\\/www.anovapeneira.gal\\\/index.php\\\/2022\\\/11\\\/04\\\/o-bng-denuncia-o-abuso-dos-contratos-artisticos-na-crtvg-e-a-discriminacion-do-persoal-inscrito-nas-listas-de-contratacion\\\/#primaryimage\"},\"thumbnailUrl\":\"https:\\\/\\\/www.anovapeneira.gal\\\/wp-content\\\/uploads\\\/2022\\\/10\\\/Maria_Gonzalez_Albert.jpg\",\"keywords\":[\"CRTVG\"],\"articleSection\":[\"Novas\"],\"inLanguage\":\"gl-ES\",\"potentialAction\":[{\"@type\":\"CommentAction\",\"name\":\"Comment\",\"target\":[\"https:\\\/\\\/www.anovapeneira.gal\\\/index.php\\\/2022\\\/11\\\/04\\\/o-bng-denuncia-o-abuso-dos-contratos-artisticos-na-crtvg-e-a-discriminacion-do-persoal-inscrito-nas-listas-de-contratacion\\\/#respond\"]}]},{\"@type\":\"WebPage\",\"@id\":\"https:\\\/\\\/www.anovapeneira.gal\\\/index.php\\\/2022\\\/11\\\/04\\\/o-bng-denuncia-o-abuso-dos-contratos-artisticos-na-crtvg-e-a-discriminacion-do-persoal-inscrito-nas-listas-de-contratacion\\\/\",\"url\":\"https:\\\/\\\/www.anovapeneira.gal\\\/index.php\\\/2022\\\/11\\\/04\\\/o-bng-denuncia-o-abuso-dos-contratos-artisticos-na-crtvg-e-a-discriminacion-do-persoal-inscrito-nas-listas-de-contratacion\\\/\",\"name\":\"O BNG denuncia o abuso dos contratos art\u00edsticos na CRTVG e a discriminaci\u00f3n do persoal inscrito nas listas de contrataci\u00f3n -\",\"isPartOf\":{\"@id\":\"https:\\\/\\\/www.anovapeneira.gal\\\/#website\"},\"primaryImageOfPage\":{\"@id\":\"https:\\\/\\\/www.anovapeneira.gal\\\/index.php\\\/2022\\\/11\\\/04\\\/o-bng-denuncia-o-abuso-dos-contratos-artisticos-na-crtvg-e-a-discriminacion-do-persoal-inscrito-nas-listas-de-contratacion\\\/#primaryimage\"},\"image\":{\"@id\":\"https:\\\/\\\/www.anovapeneira.gal\\\/index.php\\\/2022\\\/11\\\/04\\\/o-bng-denuncia-o-abuso-dos-contratos-artisticos-na-crtvg-e-a-discriminacion-do-persoal-inscrito-nas-listas-de-contratacion\\\/#primaryimage\"},\"thumbnailUrl\":\"https:\\\/\\\/www.anovapeneira.gal\\\/wp-content\\\/uploads\\\/2022\\\/10\\\/Maria_Gonzalez_Albert.jpg\",\"datePublished\":\"2022-11-04T11:00:50+00:00\",\"description\":\"Albert critica esta modalidade de contratos que \u201cnon cumpren cos requisitos m\u00ednimos do Estatuto B\u00e1sico do Empregado P\u00fablico\u201d e que afectan, incluso, \u201c\u00e1s funci\u00f3ns de direcci\u00f3n da Corporaci\u00f3n\u201d\",\"breadcrumb\":{\"@id\":\"https:\\\/\\\/www.anovapeneira.gal\\\/index.php\\\/2022\\\/11\\\/04\\\/o-bng-denuncia-o-abuso-dos-contratos-artisticos-na-crtvg-e-a-discriminacion-do-persoal-inscrito-nas-listas-de-contratacion\\\/#breadcrumb\"},\"inLanguage\":\"gl-ES\",\"potentialAction\":[{\"@type\":\"ReadAction\",\"target\":[\"https:\\\/\\\/www.anovapeneira.gal\\\/index.php\\\/2022\\\/11\\\/04\\\/o-bng-denuncia-o-abuso-dos-contratos-artisticos-na-crtvg-e-a-discriminacion-do-persoal-inscrito-nas-listas-de-contratacion\\\/\"]}]},{\"@type\":\"ImageObject\",\"inLanguage\":\"gl-ES\",\"@id\":\"https:\\\/\\\/www.anovapeneira.gal\\\/index.php\\\/2022\\\/11\\\/04\\\/o-bng-denuncia-o-abuso-dos-contratos-artisticos-na-crtvg-e-a-discriminacion-do-persoal-inscrito-nas-listas-de-contratacion\\\/#primaryimage\",\"url\":\"https:\\\/\\\/www.anovapeneira.gal\\\/wp-content\\\/uploads\\\/2022\\\/10\\\/Maria_Gonzalez_Albert.jpg\",\"contentUrl\":\"https:\\\/\\\/www.anovapeneira.gal\\\/wp-content\\\/uploads\\\/2022\\\/10\\\/Maria_Gonzalez_Albert.jpg\",\"width\":720,\"height\":432,\"caption\":\"O BNG denuncia o abuso dos contratos art\u00edsticos na CRTVG e a discriminaci\u00f3n do persoal inscrito nas listas de contrataci\u00f3n\"},{\"@type\":\"BreadcrumbList\",\"@id\":\"https:\\\/\\\/www.anovapeneira.gal\\\/index.php\\\/2022\\\/11\\\/04\\\/o-bng-denuncia-o-abuso-dos-contratos-artisticos-na-crtvg-e-a-discriminacion-do-persoal-inscrito-nas-listas-de-contratacion\\\/#breadcrumb\",\"itemListElement\":[{\"@type\":\"ListItem\",\"position\":1,\"name\":\"Portada\",\"item\":\"https:\\\/\\\/www.anovapeneira.gal\\\/\"},{\"@type\":\"ListItem\",\"position\":2,\"name\":\"O BNG denuncia o abuso dos contratos art\u00edsticos na CRTVG e a discriminaci\u00f3n do persoal inscrito nas listas de contrataci\u00f3n\"}]},{\"@type\":\"WebSite\",\"@id\":\"https:\\\/\\\/www.anovapeneira.gal\\\/#website\",\"url\":\"https:\\\/\\\/www.anovapeneira.gal\\\/\",\"name\":\"\",\"description\":\"Xornal galego de informaci\u00f3n xeral Publicaci\u00f3n mensual de novas de Galicia e en especial dos Concellos da sur da provincia de Pontevedra.\",\"publisher\":{\"@id\":\"https:\\\/\\\/www.anovapeneira.gal\\\/#organization\"},\"potentialAction\":[{\"@type\":\"SearchAction\",\"target\":{\"@type\":\"EntryPoint\",\"urlTemplate\":\"https:\\\/\\\/www.anovapeneira.gal\\\/?s={search_term_string}\"},\"query-input\":{\"@type\":\"PropertyValueSpecification\",\"valueRequired\":true,\"valueName\":\"search_term_string\"}}],\"inLanguage\":\"gl-ES\"},{\"@type\":\"Organization\",\"@id\":\"https:\\\/\\\/www.anovapeneira.gal\\\/#organization\",\"name\":\"A Nova Peneira\",\"url\":\"https:\\\/\\\/www.anovapeneira.gal\\\/\",\"logo\":{\"@type\":\"ImageObject\",\"inLanguage\":\"gl-ES\",\"@id\":\"https:\\\/\\\/www.anovapeneira.gal\\\/#\\\/schema\\\/logo\\\/image\\\/\",\"url\":\"http:\\\/\\\/www.anovapeneira.gal\\\/wp-content\\\/uploads\\\/2019\\\/06\\\/logo_a_nova_peneira_portal_web.png\",\"contentUrl\":\"http:\\\/\\\/www.anovapeneira.gal\\\/wp-content\\\/uploads\\\/2019\\\/06\\\/logo_a_nova_peneira_portal_web.png\",\"width\":300,\"height\":100,\"caption\":\"A Nova Peneira\"},\"image\":{\"@id\":\"https:\\\/\\\/www.anovapeneira.gal\\\/#\\\/schema\\\/logo\\\/image\\\/\"},\"sameAs\":[\"https:\\\/\\\/www.facebook.com\\\/anovapeneira\",\"https:\\\/\\\/x.com\\\/APeneira\"]},{\"@type\":\"Person\",\"@id\":\"https:\\\/\\\/www.anovapeneira.gal\\\/#\\\/schema\\\/person\\\/b93e3f8932e3f8da96334607eb6ac6aa\",\"name\":\"Redacci\u00f3n A Nova Peneira\",\"image\":{\"@type\":\"ImageObject\",\"inLanguage\":\"gl-ES\",\"@id\":\"https:\\\/\\\/secure.gravatar.com\\\/avatar\\\/c052a2551a06e23fac63626232eaa90abd78dbcf1700fc46a2b2c89fd27b735f?s=96&d=mm&r=g\",\"url\":\"https:\\\/\\\/secure.gravatar.com\\\/avatar\\\/c052a2551a06e23fac63626232eaa90abd78dbcf1700fc46a2b2c89fd27b735f?s=96&d=mm&r=g\",\"contentUrl\":\"https:\\\/\\\/secure.gravatar.com\\\/avatar\\\/c052a2551a06e23fac63626232eaa90abd78dbcf1700fc46a2b2c89fd27b735f?s=96&d=mm&r=g\",\"caption\":\"Redacci\u00f3n A Nova Peneira\"},\"sameAs\":[\"http:\\\/\\\/www.anovapeneira.gal\\\/\"],\"url\":\"https:\\\/\\\/www.anovapeneira.gal\\\/index.php\\\/author\\\/redactor\\\/\"}]}<\/script>\n<!-- \/ Yoast SEO plugin. -->","yoast_head_json":{"title":"O BNG denuncia o abuso dos contratos art\u00edsticos na CRTVG e a discriminaci\u00f3n do persoal inscrito nas listas de contrataci\u00f3n -","description":"Albert critica esta modalidade de contratos que \u201cnon cumpren cos requisitos m\u00ednimos do Estatuto B\u00e1sico do Empregado P\u00fablico\u201d e que afectan, incluso, \u201c\u00e1s funci\u00f3ns de direcci\u00f3n da Corporaci\u00f3n\u201d","robots":{"index":"index","follow":"follow","max-snippet":"max-snippet:-1","max-image-preview":"max-image-preview:large","max-video-preview":"max-video-preview:-1"},"canonical":"https:\/\/www.anovapeneira.gal\/index.php\/2022\/11\/04\/o-bng-denuncia-o-abuso-dos-contratos-artisticos-na-crtvg-e-a-discriminacion-do-persoal-inscrito-nas-listas-de-contratacion\/","og_locale":"gl_ES","og_type":"article","og_title":"O BNG denuncia o abuso dos contratos art\u00edsticos na CRTVG e a discriminaci\u00f3n do persoal inscrito nas listas de contrataci\u00f3n -","og_description":"Albert critica esta modalidade de contratos que \u201cnon cumpren cos requisitos m\u00ednimos do Estatuto B\u00e1sico do Empregado P\u00fablico\u201d e que afectan, incluso, \u201c\u00e1s funci\u00f3ns de direcci\u00f3n da Corporaci\u00f3n\u201d","og_url":"https:\/\/www.anovapeneira.gal\/index.php\/2022\/11\/04\/o-bng-denuncia-o-abuso-dos-contratos-artisticos-na-crtvg-e-a-discriminacion-do-persoal-inscrito-nas-listas-de-contratacion\/","article_publisher":"https:\/\/www.facebook.com\/anovapeneira","article_published_time":"2022-11-04T11:00:50+00:00","og_image":[{"width":720,"height":432,"url":"https:\/\/www.anovapeneira.gal\/wp-content\/uploads\/2022\/10\/Maria_Gonzalez_Albert.jpg","type":"image\/jpeg"}],"author":"Redacci\u00f3n A Nova Peneira","twitter_card":"summary_large_image","twitter_creator":"@APeneira","twitter_site":"@APeneira","twitter_misc":{"Escrito por":"Redacci\u00f3n A Nova Peneira","Tempo de lectura":"2 minutos"},"schema":{"@context":"https:\/\/schema.org","@graph":[{"@type":"Article","@id":"https:\/\/www.anovapeneira.gal\/index.php\/2022\/11\/04\/o-bng-denuncia-o-abuso-dos-contratos-artisticos-na-crtvg-e-a-discriminacion-do-persoal-inscrito-nas-listas-de-contratacion\/#article","isPartOf":{"@id":"https:\/\/www.anovapeneira.gal\/index.php\/2022\/11\/04\/o-bng-denuncia-o-abuso-dos-contratos-artisticos-na-crtvg-e-a-discriminacion-do-persoal-inscrito-nas-listas-de-contratacion\/"},"author":{"name":"Redacci\u00f3n A Nova Peneira","@id":"https:\/\/www.anovapeneira.gal\/#\/schema\/person\/b93e3f8932e3f8da96334607eb6ac6aa"},"headline":"O BNG denuncia o abuso dos contratos art\u00edsticos na CRTVG e a discriminaci\u00f3n do persoal inscrito nas listas de contrataci\u00f3n","datePublished":"2022-11-04T11:00:50+00:00","mainEntityOfPage":{"@id":"https:\/\/www.anovapeneira.gal\/index.php\/2022\/11\/04\/o-bng-denuncia-o-abuso-dos-contratos-artisticos-na-crtvg-e-a-discriminacion-do-persoal-inscrito-nas-listas-de-contratacion\/"},"wordCount":419,"commentCount":0,"publisher":{"@id":"https:\/\/www.anovapeneira.gal\/#organization"},"image":{"@id":"https:\/\/www.anovapeneira.gal\/index.php\/2022\/11\/04\/o-bng-denuncia-o-abuso-dos-contratos-artisticos-na-crtvg-e-a-discriminacion-do-persoal-inscrito-nas-listas-de-contratacion\/#primaryimage"},"thumbnailUrl":"https:\/\/www.anovapeneira.gal\/wp-content\/uploads\/2022\/10\/Maria_Gonzalez_Albert.jpg","keywords":["CRTVG"],"articleSection":["Novas"],"inLanguage":"gl-ES","potentialAction":[{"@type":"CommentAction","name":"Comment","target":["https:\/\/www.anovapeneira.gal\/index.php\/2022\/11\/04\/o-bng-denuncia-o-abuso-dos-contratos-artisticos-na-crtvg-e-a-discriminacion-do-persoal-inscrito-nas-listas-de-contratacion\/#respond"]}]},{"@type":"WebPage","@id":"https:\/\/www.anovapeneira.gal\/index.php\/2022\/11\/04\/o-bng-denuncia-o-abuso-dos-contratos-artisticos-na-crtvg-e-a-discriminacion-do-persoal-inscrito-nas-listas-de-contratacion\/","url":"https:\/\/www.anovapeneira.gal\/index.php\/2022\/11\/04\/o-bng-denuncia-o-abuso-dos-contratos-artisticos-na-crtvg-e-a-discriminacion-do-persoal-inscrito-nas-listas-de-contratacion\/","name":"O BNG denuncia o abuso dos contratos art\u00edsticos na CRTVG e a discriminaci\u00f3n do persoal inscrito nas listas de contrataci\u00f3n -","isPartOf":{"@id":"https:\/\/www.anovapeneira.gal\/#website"},"primaryImageOfPage":{"@id":"https:\/\/www.anovapeneira.gal\/index.php\/2022\/11\/04\/o-bng-denuncia-o-abuso-dos-contratos-artisticos-na-crtvg-e-a-discriminacion-do-persoal-inscrito-nas-listas-de-contratacion\/#primaryimage"},"image":{"@id":"https:\/\/www.anovapeneira.gal\/index.php\/2022\/11\/04\/o-bng-denuncia-o-abuso-dos-contratos-artisticos-na-crtvg-e-a-discriminacion-do-persoal-inscrito-nas-listas-de-contratacion\/#primaryimage"},"thumbnailUrl":"https:\/\/www.anovapeneira.gal\/wp-content\/uploads\/2022\/10\/Maria_Gonzalez_Albert.jpg","datePublished":"2022-11-04T11:00:50+00:00","description":"Albert critica esta modalidade de contratos que \u201cnon cumpren cos requisitos m\u00ednimos do Estatuto B\u00e1sico do Empregado P\u00fablico\u201d e que afectan, incluso, \u201c\u00e1s funci\u00f3ns de direcci\u00f3n da Corporaci\u00f3n\u201d","breadcrumb":{"@id":"https:\/\/www.anovapeneira.gal\/index.php\/2022\/11\/04\/o-bng-denuncia-o-abuso-dos-contratos-artisticos-na-crtvg-e-a-discriminacion-do-persoal-inscrito-nas-listas-de-contratacion\/#breadcrumb"},"inLanguage":"gl-ES","potentialAction":[{"@type":"ReadAction","target":["https:\/\/www.anovapeneira.gal\/index.php\/2022\/11\/04\/o-bng-denuncia-o-abuso-dos-contratos-artisticos-na-crtvg-e-a-discriminacion-do-persoal-inscrito-nas-listas-de-contratacion\/"]}]},{"@type":"ImageObject","inLanguage":"gl-ES","@id":"https:\/\/www.anovapeneira.gal\/index.php\/2022\/11\/04\/o-bng-denuncia-o-abuso-dos-contratos-artisticos-na-crtvg-e-a-discriminacion-do-persoal-inscrito-nas-listas-de-contratacion\/#primaryimage","url":"https:\/\/www.anovapeneira.gal\/wp-content\/uploads\/2022\/10\/Maria_Gonzalez_Albert.jpg","contentUrl":"https:\/\/www.anovapeneira.gal\/wp-content\/uploads\/2022\/10\/Maria_Gonzalez_Albert.jpg","width":720,"height":432,"caption":"O BNG denuncia o abuso dos contratos art\u00edsticos na CRTVG e a discriminaci\u00f3n do persoal inscrito nas listas de contrataci\u00f3n"},{"@type":"BreadcrumbList","@id":"https:\/\/www.anovapeneira.gal\/index.php\/2022\/11\/04\/o-bng-denuncia-o-abuso-dos-contratos-artisticos-na-crtvg-e-a-discriminacion-do-persoal-inscrito-nas-listas-de-contratacion\/#breadcrumb","itemListElement":[{"@type":"ListItem","position":1,"name":"Portada","item":"https:\/\/www.anovapeneira.gal\/"},{"@type":"ListItem","position":2,"name":"O BNG denuncia o abuso dos contratos art\u00edsticos na CRTVG e a discriminaci\u00f3n do persoal inscrito nas listas de contrataci\u00f3n"}]},{"@type":"WebSite","@id":"https:\/\/www.anovapeneira.gal\/#website","url":"https:\/\/www.anovapeneira.gal\/","name":"","description":"Xornal galego de informaci\u00f3n xeral Publicaci\u00f3n mensual de novas de Galicia e en especial dos Concellos da sur da provincia de Pontevedra.","publisher":{"@id":"https:\/\/www.anovapeneira.gal\/#organization"},"potentialAction":[{"@type":"SearchAction","target":{"@type":"EntryPoint","urlTemplate":"https:\/\/www.anovapeneira.gal\/?s={search_term_string}"},"query-input":{"@type":"PropertyValueSpecification","valueRequired":true,"valueName":"search_term_string"}}],"inLanguage":"gl-ES"},{"@type":"Organization","@id":"https:\/\/www.anovapeneira.gal\/#organization","name":"A Nova Peneira","url":"https:\/\/www.anovapeneira.gal\/","logo":{"@type":"ImageObject","inLanguage":"gl-ES","@id":"https:\/\/www.anovapeneira.gal\/#\/schema\/logo\/image\/","url":"http:\/\/www.anovapeneira.gal\/wp-content\/uploads\/2019\/06\/logo_a_nova_peneira_portal_web.png","contentUrl":"http:\/\/www.anovapeneira.gal\/wp-content\/uploads\/2019\/06\/logo_a_nova_peneira_portal_web.png","width":300,"height":100,"caption":"A Nova Peneira"},"image":{"@id":"https:\/\/www.anovapeneira.gal\/#\/schema\/logo\/image\/"},"sameAs":["https:\/\/www.facebook.com\/anovapeneira","https:\/\/x.com\/APeneira"]},{"@type":"Person","@id":"https:\/\/www.anovapeneira.gal\/#\/schema\/person\/b93e3f8932e3f8da96334607eb6ac6aa","name":"Redacci\u00f3n A Nova Peneira","image":{"@type":"ImageObject","inLanguage":"gl-ES","@id":"https:\/\/secure.gravatar.com\/avatar\/c052a2551a06e23fac63626232eaa90abd78dbcf1700fc46a2b2c89fd27b735f?s=96&d=mm&r=g","url":"https:\/\/secure.gravatar.com\/avatar\/c052a2551a06e23fac63626232eaa90abd78dbcf1700fc46a2b2c89fd27b735f?s=96&d=mm&r=g","contentUrl":"https:\/\/secure.gravatar.com\/avatar\/c052a2551a06e23fac63626232eaa90abd78dbcf1700fc46a2b2c89fd27b735f?s=96&d=mm&r=g","caption":"Redacci\u00f3n A Nova Peneira"},"sameAs":["http:\/\/www.anovapeneira.gal\/"],"url":"https:\/\/www.anovapeneira.gal\/index.php\/author\/redactor\/"}]}},"jetpack_featured_media_url":"https:\/\/www.anovapeneira.gal\/wp-content\/uploads\/2022\/10\/Maria_Gonzalez_Albert.jpg","_links":{"self":[{"href":"https:\/\/www.anovapeneira.gal\/index.php\/wp-json\/wp\/v2\/posts\/8482","targetHints":{"allow":["GET"]}}],"collection":[{"href":"https:\/\/www.anovapeneira.gal\/index.php\/wp-json\/wp\/v2\/posts"}],"about":[{"href":"https:\/\/www.anovapeneira.gal\/index.php\/wp-json\/wp\/v2\/types\/post"}],"author":[{"embeddable":true,"href":"https:\/\/www.anovapeneira.gal\/index.php\/wp-json\/wp\/v2\/users\/3"}],"replies":[{"embeddable":true,"href":"https:\/\/www.anovapeneira.gal\/index.php\/wp-json\/wp\/v2\/comments?post=8482"}],"version-history":[{"count":2,"href":"https:\/\/www.anovapeneira.gal\/index.php\/wp-json\/wp\/v2\/posts\/8482\/revisions"}],"predecessor-version":[{"id":8485,"href":"https:\/\/www.anovapeneira.gal\/index.php\/wp-json\/wp\/v2\/posts\/8482\/revisions\/8485"}],"wp:featuredmedia":[{"embeddable":true,"href":"https:\/\/www.anovapeneira.gal\/index.php\/wp-json\/wp\/v2\/media\/8484"}],"wp:attachment":[{"href":"https:\/\/www.anovapeneira.gal\/index.php\/wp-json\/wp\/v2\/media?parent=8482"}],"wp:term":[{"taxonomy":"category","embeddable":true,"href":"https:\/\/www.anovapeneira.gal\/index.php\/wp-json\/wp\/v2\/categories?post=8482"},{"taxonomy":"post_tag","embeddable":true,"href":"https:\/\/www.anovapeneira.gal\/index.php\/wp-json\/wp\/v2\/tags?post=8482"}],"curies":[{"name":"wp","href":"https:\/\/api.w.org\/{rel}","templated":true}]}}