{"id":8499,"date":"2022-11-07T10:00:57","date_gmt":"2022-11-07T09:00:57","guid":{"rendered":"https:\/\/www.anovapeneira.gal\/?p=8499"},"modified":"2022-11-07T08:51:01","modified_gmt":"2022-11-07T07:51:01","slug":"ponton-urxe-aos-gobernos-medidas-a-curto-prazo-e-estruturais-que-protexan-as-maiorias-sociais-fronte-a-crise-de-prezos","status":"publish","type":"post","link":"https:\/\/www.anovapeneira.gal\/index.php\/2022\/11\/07\/ponton-urxe-aos-gobernos-medidas-a-curto-prazo-e-estruturais-que-protexan-as-maiorias-sociais-fronte-a-crise-de-prezos\/","title":{"rendered":"Pont\u00f3n urxe aos gobernos medidas a curto prazo e estruturais que protexan \u00e1s maior\u00edas sociais fronte \u00e1 crise de prezos"},"content":{"rendered":"\n<h2 class=\"wp-block-heading\"><strong>Advirte que a suba dos tipos de interese penaliza a familias e pemes mentres os <\/strong><em><strong>lobbys<\/strong><\/em><strong> econ\u00f3micos contin\u00faan forr\u00e1ndose no contexto actual<\/strong><\/h2>\n\n\n\n<p><strong>Santiago de Compostela, 2 novembro 2022<\/strong><\/p>\n\n\n\n<p>A portavoz nacional, Ana Pont\u00f3n, reclamou aos gobernos que act\u00faen en defensa das maior\u00edas sociais e desenvolvan medidas, tanto \u201ca curto prazo como estruturais\u201d, que lles permitan afrontar a actual crise de prezos porque, segundo advertiu, moitas das que se est\u00e1n tomando \u201cson contrarias \u00e1 maior\u00eda\u201d.<\/p>\n\n\n\n<p>Pont\u00f3n recalcou que medidas como a suba dos tipos de interese e, polo tanto, das hipotecas, prexudican \u00e1s familias, para as que en moitos casos 100 euros m\u00e1is ao mes son inasumibles -\u201c\u00e9 a diferencia entre comer a \u00faltima semana do mes ou non\u201d, alertou- e tam\u00e9n prexudican \u00e1s pequenas e medianas empresas, ao restrinxirlles o acceso ao cr\u00e9dito.<\/p>\n\n\n\n<p>As\u00ed o afirmou na presentaci\u00f3n en Ourense -xunto ao portavoz municipal, Lu\u00eds Seara, e a deputada Noa Presas- da campa\u00f1a <em>Contra a crise de prezos, hai alternativa<\/em> que o BNG est\u00e1 a desenvolver por todo o Pa\u00eds e que concluir\u00e1 o pr\u00f3ximo 18 de decembro cunha manifestaci\u00f3n en Santiago para reclamar precisamente medidas que posibiliten unha sa\u00edda xusta e digna a esta crise.<\/p>\n\n\n\n<p>Durante a s\u00faa intervenci\u00f3n, a l\u00edder nacionalista apuntou que, en Galiza, estes fen\u00f3menos globais tam\u00e9n se dan coa \u201cconcentraci\u00f3n de riqueza en poucas mans\u201d, a maior\u00eda alleas ao Pa\u00eds e situadas territorialmente, sobre todo, en Madrid, que contin\u00faa absorbendo investimentos e poboaci\u00f3n. \u201cPolo que se albisca, pret\u00e9ndense reforzar a\u00ednda m\u00e1is esas tendencias tan nocivas e desfavor\u00e1beis para Galiza e as s\u00faas clases populares\u201d, indicou, para engadir a continuaci\u00f3n que \u201ctemos que actuar contra este duro pau da inflaci\u00f3n que se ensa\u00f1a con quen menos ten e que vai aumentar as desigualdades sociais e territoriais\u201d.<\/p>\n\n\n\n<p>Logo de cualificar como unha \u201cestafa inaceptable\u201d os beneficios de sectores como o enerx\u00e9tico ou o financeiro, lobbys econ\u00f3micos dos que dixo \u201cestanse a forrar nesta crise\u201d, Pont\u00f3n conclu\u00edu avanzando que o BNG vai seguir reclamando nas instituci\u00f3ns e nas r\u00faas medidas que protexan \u00e1s maior\u00edas sociais fronte a unha inflaci\u00f3n que \u00e9 xa \u201co principal problema que temos sobre a mesa\u201d e que est\u00e1 afectando dun xeito moi claro aos galegos e galegas, cun IPC en Galiza por riba da media estatal -pese a ter os salarios \u00e1 cola e as segundas pensi\u00f3ns m\u00e1is baixas- e cun horizonte na que as previsi\u00f3ns de crecemento para o ano que v\u00e9n, segundo alg\u00fans expertos e expertas, son de \u201ccero crecemento&#8221;, a peor cifra de todos os territorios do Estado.<\/p>\n\n\n\n<p>A portavoz nacional do BNG conclu\u00edu facendo un chamamento \u00e1 participaci\u00f3n na manifestaci\u00f3n do 18 de decembro porque penalizar a familias e pemes non pode ser a soluci\u00f3n nunha crise que, segundo asegurou, non responde a un aumento da demanda sen\u00f3n que xa era anterior \u00e1 guerra de Ucra\u00edna e que se sit\u00faa nun contexto de transformaci\u00f3ns de fondo a nivel internacional no que asistimos a unha reconfiguraci\u00f3n do reparto de poder e influencia no mundo.<\/p>\n","protected":false},"excerpt":{"rendered":"<div class=\"mh-excerpt\"><p>Advirte que a suba dos tipos de interese penaliza a familias e pemes mentres os lobbys econ\u00f3micos contin\u00faan forr\u00e1ndose no contexto actual <a class=\"mh-excerpt-more\" href=\"https:\/\/www.anovapeneira.gal\/index.php\/2022\/11\/07\/ponton-urxe-aos-gobernos-medidas-a-curto-prazo-e-estruturais-que-protexan-as-maiorias-sociais-fronte-a-crise-de-prezos\/\" title=\"Pont\u00f3n urxe aos gobernos medidas a curto prazo e estruturais que protexan \u00e1s maior\u00edas sociais fronte \u00e1 crise de prezos\">[&#8230;]<\/a><\/p>\n<\/div>","protected":false},"author":3,"featured_media":8501,"comment_status":"open","ping_status":"open","sticky":false,"template":"","format":"standard","meta":{"_exactmetrics_skip_tracking":false,"_exactmetrics_sitenote_active":false,"_exactmetrics_sitenote_note":"","_exactmetrics_sitenote_category":0,"footnotes":""},"categories":[263],"tags":[281,10],"class_list":{"0":"post-8499","1":"post","2":"type-post","3":"status-publish","4":"format-standard","5":"has-post-thumbnail","7":"category-novas","8":"tag-ana-ponton","9":"tag-bng"},"yoast_head":"<!-- This site is optimized with the Yoast SEO plugin v27.4 - https:\/\/yoast.com\/product\/yoast-seo-wordpress\/ -->\n<title>Pont\u00f3n urxe aos gobernos medidas a curto prazo e estruturais que protexan \u00e1s maior\u00edas sociais fronte \u00e1 crise de prezos -<\/title>\n<meta name=\"description\" content=\"Advirte que a suba dos tipos de interese penaliza a familias e pemes mentres os lobbys econ\u00f3micos contin\u00faan forr\u00e1ndose no contexto actual\" \/>\n<meta name=\"robots\" content=\"index, follow, max-snippet:-1, max-image-preview:large, max-video-preview:-1\" \/>\n<link rel=\"canonical\" href=\"https:\/\/www.anovapeneira.gal\/index.php\/2022\/11\/07\/ponton-urxe-aos-gobernos-medidas-a-curto-prazo-e-estruturais-que-protexan-as-maiorias-sociais-fronte-a-crise-de-prezos\/\" \/>\n<meta property=\"og:locale\" content=\"gl_ES\" \/>\n<meta property=\"og:type\" content=\"article\" \/>\n<meta property=\"og:title\" content=\"Pont\u00f3n urxe aos gobernos medidas a curto prazo e estruturais que protexan \u00e1s maior\u00edas sociais fronte \u00e1 crise de prezos -\" \/>\n<meta property=\"og:description\" content=\"Advirte que a suba dos tipos de interese penaliza a familias e pemes mentres os lobbys econ\u00f3micos contin\u00faan forr\u00e1ndose no contexto actual\" \/>\n<meta property=\"og:url\" content=\"https:\/\/www.anovapeneira.gal\/index.php\/2022\/11\/07\/ponton-urxe-aos-gobernos-medidas-a-curto-prazo-e-estruturais-que-protexan-as-maiorias-sociais-fronte-a-crise-de-prezos\/\" \/>\n<meta property=\"article:publisher\" content=\"https:\/\/www.facebook.com\/anovapeneira\" \/>\n<meta property=\"article:published_time\" content=\"2022-11-07T09:00:57+00:00\" \/>\n<meta property=\"og:image\" content=\"https:\/\/www.anovapeneira.gal\/wp-content\/uploads\/2022\/11\/ana_ponton_ourense.jpg\" \/>\n\t<meta property=\"og:image:width\" content=\"720\" \/>\n\t<meta property=\"og:image:height\" content=\"432\" \/>\n\t<meta property=\"og:image:type\" content=\"image\/jpeg\" \/>\n<meta name=\"author\" content=\"Redacci\u00f3n A Nova Peneira\" \/>\n<meta name=\"twitter:card\" content=\"summary_large_image\" \/>\n<meta name=\"twitter:creator\" content=\"@APeneira\" \/>\n<meta name=\"twitter:site\" content=\"@APeneira\" \/>\n<meta name=\"twitter:label1\" content=\"Escrito por\" \/>\n\t<meta name=\"twitter:data1\" content=\"Redacci\u00f3n A Nova Peneira\" \/>\n\t<meta name=\"twitter:label2\" content=\"Tempo de lectura\" \/>\n\t<meta name=\"twitter:data2\" content=\"3 minutos\" \/>\n<script type=\"application\/ld+json\" class=\"yoast-schema-graph\">{\"@context\":\"https:\\\/\\\/schema.org\",\"@graph\":[{\"@type\":\"Article\",\"@id\":\"https:\\\/\\\/www.anovapeneira.gal\\\/index.php\\\/2022\\\/11\\\/07\\\/ponton-urxe-aos-gobernos-medidas-a-curto-prazo-e-estruturais-que-protexan-as-maiorias-sociais-fronte-a-crise-de-prezos\\\/#article\",\"isPartOf\":{\"@id\":\"https:\\\/\\\/www.anovapeneira.gal\\\/index.php\\\/2022\\\/11\\\/07\\\/ponton-urxe-aos-gobernos-medidas-a-curto-prazo-e-estruturais-que-protexan-as-maiorias-sociais-fronte-a-crise-de-prezos\\\/\"},\"author\":{\"name\":\"Redacci\u00f3n A Nova Peneira\",\"@id\":\"https:\\\/\\\/www.anovapeneira.gal\\\/#\\\/schema\\\/person\\\/b93e3f8932e3f8da96334607eb6ac6aa\"},\"headline\":\"Pont\u00f3n urxe aos gobernos medidas a curto prazo e estruturais que protexan \u00e1s maior\u00edas sociais fronte \u00e1 crise de prezos\",\"datePublished\":\"2022-11-07T09:00:57+00:00\",\"mainEntityOfPage\":{\"@id\":\"https:\\\/\\\/www.anovapeneira.gal\\\/index.php\\\/2022\\\/11\\\/07\\\/ponton-urxe-aos-gobernos-medidas-a-curto-prazo-e-estruturais-que-protexan-as-maiorias-sociais-fronte-a-crise-de-prezos\\\/\"},\"wordCount\":564,\"commentCount\":0,\"publisher\":{\"@id\":\"https:\\\/\\\/www.anovapeneira.gal\\\/#organization\"},\"image\":{\"@id\":\"https:\\\/\\\/www.anovapeneira.gal\\\/index.php\\\/2022\\\/11\\\/07\\\/ponton-urxe-aos-gobernos-medidas-a-curto-prazo-e-estruturais-que-protexan-as-maiorias-sociais-fronte-a-crise-de-prezos\\\/#primaryimage\"},\"thumbnailUrl\":\"https:\\\/\\\/www.anovapeneira.gal\\\/wp-content\\\/uploads\\\/2022\\\/11\\\/ana_ponton_ourense.jpg\",\"keywords\":[\"Ana Pont\u00f3n\",\"BNG\"],\"articleSection\":[\"Novas\"],\"inLanguage\":\"gl-ES\",\"potentialAction\":[{\"@type\":\"CommentAction\",\"name\":\"Comment\",\"target\":[\"https:\\\/\\\/www.anovapeneira.gal\\\/index.php\\\/2022\\\/11\\\/07\\\/ponton-urxe-aos-gobernos-medidas-a-curto-prazo-e-estruturais-que-protexan-as-maiorias-sociais-fronte-a-crise-de-prezos\\\/#respond\"]}]},{\"@type\":\"WebPage\",\"@id\":\"https:\\\/\\\/www.anovapeneira.gal\\\/index.php\\\/2022\\\/11\\\/07\\\/ponton-urxe-aos-gobernos-medidas-a-curto-prazo-e-estruturais-que-protexan-as-maiorias-sociais-fronte-a-crise-de-prezos\\\/\",\"url\":\"https:\\\/\\\/www.anovapeneira.gal\\\/index.php\\\/2022\\\/11\\\/07\\\/ponton-urxe-aos-gobernos-medidas-a-curto-prazo-e-estruturais-que-protexan-as-maiorias-sociais-fronte-a-crise-de-prezos\\\/\",\"name\":\"Pont\u00f3n urxe aos gobernos medidas a curto prazo e estruturais que protexan \u00e1s maior\u00edas sociais fronte \u00e1 crise de prezos -\",\"isPartOf\":{\"@id\":\"https:\\\/\\\/www.anovapeneira.gal\\\/#website\"},\"primaryImageOfPage\":{\"@id\":\"https:\\\/\\\/www.anovapeneira.gal\\\/index.php\\\/2022\\\/11\\\/07\\\/ponton-urxe-aos-gobernos-medidas-a-curto-prazo-e-estruturais-que-protexan-as-maiorias-sociais-fronte-a-crise-de-prezos\\\/#primaryimage\"},\"image\":{\"@id\":\"https:\\\/\\\/www.anovapeneira.gal\\\/index.php\\\/2022\\\/11\\\/07\\\/ponton-urxe-aos-gobernos-medidas-a-curto-prazo-e-estruturais-que-protexan-as-maiorias-sociais-fronte-a-crise-de-prezos\\\/#primaryimage\"},\"thumbnailUrl\":\"https:\\\/\\\/www.anovapeneira.gal\\\/wp-content\\\/uploads\\\/2022\\\/11\\\/ana_ponton_ourense.jpg\",\"datePublished\":\"2022-11-07T09:00:57+00:00\",\"description\":\"Advirte que a suba dos tipos de interese penaliza a familias e pemes mentres os lobbys econ\u00f3micos contin\u00faan forr\u00e1ndose no contexto actual\",\"breadcrumb\":{\"@id\":\"https:\\\/\\\/www.anovapeneira.gal\\\/index.php\\\/2022\\\/11\\\/07\\\/ponton-urxe-aos-gobernos-medidas-a-curto-prazo-e-estruturais-que-protexan-as-maiorias-sociais-fronte-a-crise-de-prezos\\\/#breadcrumb\"},\"inLanguage\":\"gl-ES\",\"potentialAction\":[{\"@type\":\"ReadAction\",\"target\":[\"https:\\\/\\\/www.anovapeneira.gal\\\/index.php\\\/2022\\\/11\\\/07\\\/ponton-urxe-aos-gobernos-medidas-a-curto-prazo-e-estruturais-que-protexan-as-maiorias-sociais-fronte-a-crise-de-prezos\\\/\"]}]},{\"@type\":\"ImageObject\",\"inLanguage\":\"gl-ES\",\"@id\":\"https:\\\/\\\/www.anovapeneira.gal\\\/index.php\\\/2022\\\/11\\\/07\\\/ponton-urxe-aos-gobernos-medidas-a-curto-prazo-e-estruturais-que-protexan-as-maiorias-sociais-fronte-a-crise-de-prezos\\\/#primaryimage\",\"url\":\"https:\\\/\\\/www.anovapeneira.gal\\\/wp-content\\\/uploads\\\/2022\\\/11\\\/ana_ponton_ourense.jpg\",\"contentUrl\":\"https:\\\/\\\/www.anovapeneira.gal\\\/wp-content\\\/uploads\\\/2022\\\/11\\\/ana_ponton_ourense.jpg\",\"width\":720,\"height\":432,\"caption\":\"Ana Pont\u00f3n Ourense\"},{\"@type\":\"BreadcrumbList\",\"@id\":\"https:\\\/\\\/www.anovapeneira.gal\\\/index.php\\\/2022\\\/11\\\/07\\\/ponton-urxe-aos-gobernos-medidas-a-curto-prazo-e-estruturais-que-protexan-as-maiorias-sociais-fronte-a-crise-de-prezos\\\/#breadcrumb\",\"itemListElement\":[{\"@type\":\"ListItem\",\"position\":1,\"name\":\"Portada\",\"item\":\"https:\\\/\\\/www.anovapeneira.gal\\\/\"},{\"@type\":\"ListItem\",\"position\":2,\"name\":\"Pont\u00f3n urxe aos gobernos medidas a curto prazo e estruturais que protexan \u00e1s maior\u00edas sociais fronte \u00e1 crise de prezos\"}]},{\"@type\":\"WebSite\",\"@id\":\"https:\\\/\\\/www.anovapeneira.gal\\\/#website\",\"url\":\"https:\\\/\\\/www.anovapeneira.gal\\\/\",\"name\":\"\",\"description\":\"Xornal galego de informaci\u00f3n xeral Publicaci\u00f3n mensual de novas de Galicia e en especial dos Concellos da sur da provincia de Pontevedra.\",\"publisher\":{\"@id\":\"https:\\\/\\\/www.anovapeneira.gal\\\/#organization\"},\"potentialAction\":[{\"@type\":\"SearchAction\",\"target\":{\"@type\":\"EntryPoint\",\"urlTemplate\":\"https:\\\/\\\/www.anovapeneira.gal\\\/?s={search_term_string}\"},\"query-input\":{\"@type\":\"PropertyValueSpecification\",\"valueRequired\":true,\"valueName\":\"search_term_string\"}}],\"inLanguage\":\"gl-ES\"},{\"@type\":\"Organization\",\"@id\":\"https:\\\/\\\/www.anovapeneira.gal\\\/#organization\",\"name\":\"A Nova Peneira\",\"url\":\"https:\\\/\\\/www.anovapeneira.gal\\\/\",\"logo\":{\"@type\":\"ImageObject\",\"inLanguage\":\"gl-ES\",\"@id\":\"https:\\\/\\\/www.anovapeneira.gal\\\/#\\\/schema\\\/logo\\\/image\\\/\",\"url\":\"http:\\\/\\\/www.anovapeneira.gal\\\/wp-content\\\/uploads\\\/2019\\\/06\\\/logo_a_nova_peneira_portal_web.png\",\"contentUrl\":\"http:\\\/\\\/www.anovapeneira.gal\\\/wp-content\\\/uploads\\\/2019\\\/06\\\/logo_a_nova_peneira_portal_web.png\",\"width\":300,\"height\":100,\"caption\":\"A Nova Peneira\"},\"image\":{\"@id\":\"https:\\\/\\\/www.anovapeneira.gal\\\/#\\\/schema\\\/logo\\\/image\\\/\"},\"sameAs\":[\"https:\\\/\\\/www.facebook.com\\\/anovapeneira\",\"https:\\\/\\\/x.com\\\/APeneira\"]},{\"@type\":\"Person\",\"@id\":\"https:\\\/\\\/www.anovapeneira.gal\\\/#\\\/schema\\\/person\\\/b93e3f8932e3f8da96334607eb6ac6aa\",\"name\":\"Redacci\u00f3n A Nova Peneira\",\"image\":{\"@type\":\"ImageObject\",\"inLanguage\":\"gl-ES\",\"@id\":\"https:\\\/\\\/secure.gravatar.com\\\/avatar\\\/c052a2551a06e23fac63626232eaa90abd78dbcf1700fc46a2b2c89fd27b735f?s=96&d=mm&r=g\",\"url\":\"https:\\\/\\\/secure.gravatar.com\\\/avatar\\\/c052a2551a06e23fac63626232eaa90abd78dbcf1700fc46a2b2c89fd27b735f?s=96&d=mm&r=g\",\"contentUrl\":\"https:\\\/\\\/secure.gravatar.com\\\/avatar\\\/c052a2551a06e23fac63626232eaa90abd78dbcf1700fc46a2b2c89fd27b735f?s=96&d=mm&r=g\",\"caption\":\"Redacci\u00f3n A Nova Peneira\"},\"sameAs\":[\"http:\\\/\\\/www.anovapeneira.gal\\\/\"],\"url\":\"https:\\\/\\\/www.anovapeneira.gal\\\/index.php\\\/author\\\/redactor\\\/\"}]}<\/script>\n<!-- \/ Yoast SEO plugin. -->","yoast_head_json":{"title":"Pont\u00f3n urxe aos gobernos medidas a curto prazo e estruturais que protexan \u00e1s maior\u00edas sociais fronte \u00e1 crise de prezos -","description":"Advirte que a suba dos tipos de interese penaliza a familias e pemes mentres os lobbys econ\u00f3micos contin\u00faan forr\u00e1ndose no contexto actual","robots":{"index":"index","follow":"follow","max-snippet":"max-snippet:-1","max-image-preview":"max-image-preview:large","max-video-preview":"max-video-preview:-1"},"canonical":"https:\/\/www.anovapeneira.gal\/index.php\/2022\/11\/07\/ponton-urxe-aos-gobernos-medidas-a-curto-prazo-e-estruturais-que-protexan-as-maiorias-sociais-fronte-a-crise-de-prezos\/","og_locale":"gl_ES","og_type":"article","og_title":"Pont\u00f3n urxe aos gobernos medidas a curto prazo e estruturais que protexan \u00e1s maior\u00edas sociais fronte \u00e1 crise de prezos -","og_description":"Advirte que a suba dos tipos de interese penaliza a familias e pemes mentres os lobbys econ\u00f3micos contin\u00faan forr\u00e1ndose no contexto actual","og_url":"https:\/\/www.anovapeneira.gal\/index.php\/2022\/11\/07\/ponton-urxe-aos-gobernos-medidas-a-curto-prazo-e-estruturais-que-protexan-as-maiorias-sociais-fronte-a-crise-de-prezos\/","article_publisher":"https:\/\/www.facebook.com\/anovapeneira","article_published_time":"2022-11-07T09:00:57+00:00","og_image":[{"width":720,"height":432,"url":"https:\/\/www.anovapeneira.gal\/wp-content\/uploads\/2022\/11\/ana_ponton_ourense.jpg","type":"image\/jpeg"}],"author":"Redacci\u00f3n A Nova Peneira","twitter_card":"summary_large_image","twitter_creator":"@APeneira","twitter_site":"@APeneira","twitter_misc":{"Escrito por":"Redacci\u00f3n A Nova Peneira","Tempo de lectura":"3 minutos"},"schema":{"@context":"https:\/\/schema.org","@graph":[{"@type":"Article","@id":"https:\/\/www.anovapeneira.gal\/index.php\/2022\/11\/07\/ponton-urxe-aos-gobernos-medidas-a-curto-prazo-e-estruturais-que-protexan-as-maiorias-sociais-fronte-a-crise-de-prezos\/#article","isPartOf":{"@id":"https:\/\/www.anovapeneira.gal\/index.php\/2022\/11\/07\/ponton-urxe-aos-gobernos-medidas-a-curto-prazo-e-estruturais-que-protexan-as-maiorias-sociais-fronte-a-crise-de-prezos\/"},"author":{"name":"Redacci\u00f3n A Nova Peneira","@id":"https:\/\/www.anovapeneira.gal\/#\/schema\/person\/b93e3f8932e3f8da96334607eb6ac6aa"},"headline":"Pont\u00f3n urxe aos gobernos medidas a curto prazo e estruturais que protexan \u00e1s maior\u00edas sociais fronte \u00e1 crise de prezos","datePublished":"2022-11-07T09:00:57+00:00","mainEntityOfPage":{"@id":"https:\/\/www.anovapeneira.gal\/index.php\/2022\/11\/07\/ponton-urxe-aos-gobernos-medidas-a-curto-prazo-e-estruturais-que-protexan-as-maiorias-sociais-fronte-a-crise-de-prezos\/"},"wordCount":564,"commentCount":0,"publisher":{"@id":"https:\/\/www.anovapeneira.gal\/#organization"},"image":{"@id":"https:\/\/www.anovapeneira.gal\/index.php\/2022\/11\/07\/ponton-urxe-aos-gobernos-medidas-a-curto-prazo-e-estruturais-que-protexan-as-maiorias-sociais-fronte-a-crise-de-prezos\/#primaryimage"},"thumbnailUrl":"https:\/\/www.anovapeneira.gal\/wp-content\/uploads\/2022\/11\/ana_ponton_ourense.jpg","keywords":["Ana Pont\u00f3n","BNG"],"articleSection":["Novas"],"inLanguage":"gl-ES","potentialAction":[{"@type":"CommentAction","name":"Comment","target":["https:\/\/www.anovapeneira.gal\/index.php\/2022\/11\/07\/ponton-urxe-aos-gobernos-medidas-a-curto-prazo-e-estruturais-que-protexan-as-maiorias-sociais-fronte-a-crise-de-prezos\/#respond"]}]},{"@type":"WebPage","@id":"https:\/\/www.anovapeneira.gal\/index.php\/2022\/11\/07\/ponton-urxe-aos-gobernos-medidas-a-curto-prazo-e-estruturais-que-protexan-as-maiorias-sociais-fronte-a-crise-de-prezos\/","url":"https:\/\/www.anovapeneira.gal\/index.php\/2022\/11\/07\/ponton-urxe-aos-gobernos-medidas-a-curto-prazo-e-estruturais-que-protexan-as-maiorias-sociais-fronte-a-crise-de-prezos\/","name":"Pont\u00f3n urxe aos gobernos medidas a curto prazo e estruturais que protexan \u00e1s maior\u00edas sociais fronte \u00e1 crise de prezos -","isPartOf":{"@id":"https:\/\/www.anovapeneira.gal\/#website"},"primaryImageOfPage":{"@id":"https:\/\/www.anovapeneira.gal\/index.php\/2022\/11\/07\/ponton-urxe-aos-gobernos-medidas-a-curto-prazo-e-estruturais-que-protexan-as-maiorias-sociais-fronte-a-crise-de-prezos\/#primaryimage"},"image":{"@id":"https:\/\/www.anovapeneira.gal\/index.php\/2022\/11\/07\/ponton-urxe-aos-gobernos-medidas-a-curto-prazo-e-estruturais-que-protexan-as-maiorias-sociais-fronte-a-crise-de-prezos\/#primaryimage"},"thumbnailUrl":"https:\/\/www.anovapeneira.gal\/wp-content\/uploads\/2022\/11\/ana_ponton_ourense.jpg","datePublished":"2022-11-07T09:00:57+00:00","description":"Advirte que a suba dos tipos de interese penaliza a familias e pemes mentres os lobbys econ\u00f3micos contin\u00faan forr\u00e1ndose no contexto actual","breadcrumb":{"@id":"https:\/\/www.anovapeneira.gal\/index.php\/2022\/11\/07\/ponton-urxe-aos-gobernos-medidas-a-curto-prazo-e-estruturais-que-protexan-as-maiorias-sociais-fronte-a-crise-de-prezos\/#breadcrumb"},"inLanguage":"gl-ES","potentialAction":[{"@type":"ReadAction","target":["https:\/\/www.anovapeneira.gal\/index.php\/2022\/11\/07\/ponton-urxe-aos-gobernos-medidas-a-curto-prazo-e-estruturais-que-protexan-as-maiorias-sociais-fronte-a-crise-de-prezos\/"]}]},{"@type":"ImageObject","inLanguage":"gl-ES","@id":"https:\/\/www.anovapeneira.gal\/index.php\/2022\/11\/07\/ponton-urxe-aos-gobernos-medidas-a-curto-prazo-e-estruturais-que-protexan-as-maiorias-sociais-fronte-a-crise-de-prezos\/#primaryimage","url":"https:\/\/www.anovapeneira.gal\/wp-content\/uploads\/2022\/11\/ana_ponton_ourense.jpg","contentUrl":"https:\/\/www.anovapeneira.gal\/wp-content\/uploads\/2022\/11\/ana_ponton_ourense.jpg","width":720,"height":432,"caption":"Ana Pont\u00f3n Ourense"},{"@type":"BreadcrumbList","@id":"https:\/\/www.anovapeneira.gal\/index.php\/2022\/11\/07\/ponton-urxe-aos-gobernos-medidas-a-curto-prazo-e-estruturais-que-protexan-as-maiorias-sociais-fronte-a-crise-de-prezos\/#breadcrumb","itemListElement":[{"@type":"ListItem","position":1,"name":"Portada","item":"https:\/\/www.anovapeneira.gal\/"},{"@type":"ListItem","position":2,"name":"Pont\u00f3n urxe aos gobernos medidas a curto prazo e estruturais que protexan \u00e1s maior\u00edas sociais fronte \u00e1 crise de prezos"}]},{"@type":"WebSite","@id":"https:\/\/www.anovapeneira.gal\/#website","url":"https:\/\/www.anovapeneira.gal\/","name":"","description":"Xornal galego de informaci\u00f3n xeral Publicaci\u00f3n mensual de novas de Galicia e en especial dos Concellos da sur da provincia de Pontevedra.","publisher":{"@id":"https:\/\/www.anovapeneira.gal\/#organization"},"potentialAction":[{"@type":"SearchAction","target":{"@type":"EntryPoint","urlTemplate":"https:\/\/www.anovapeneira.gal\/?s={search_term_string}"},"query-input":{"@type":"PropertyValueSpecification","valueRequired":true,"valueName":"search_term_string"}}],"inLanguage":"gl-ES"},{"@type":"Organization","@id":"https:\/\/www.anovapeneira.gal\/#organization","name":"A Nova Peneira","url":"https:\/\/www.anovapeneira.gal\/","logo":{"@type":"ImageObject","inLanguage":"gl-ES","@id":"https:\/\/www.anovapeneira.gal\/#\/schema\/logo\/image\/","url":"http:\/\/www.anovapeneira.gal\/wp-content\/uploads\/2019\/06\/logo_a_nova_peneira_portal_web.png","contentUrl":"http:\/\/www.anovapeneira.gal\/wp-content\/uploads\/2019\/06\/logo_a_nova_peneira_portal_web.png","width":300,"height":100,"caption":"A Nova Peneira"},"image":{"@id":"https:\/\/www.anovapeneira.gal\/#\/schema\/logo\/image\/"},"sameAs":["https:\/\/www.facebook.com\/anovapeneira","https:\/\/x.com\/APeneira"]},{"@type":"Person","@id":"https:\/\/www.anovapeneira.gal\/#\/schema\/person\/b93e3f8932e3f8da96334607eb6ac6aa","name":"Redacci\u00f3n A Nova Peneira","image":{"@type":"ImageObject","inLanguage":"gl-ES","@id":"https:\/\/secure.gravatar.com\/avatar\/c052a2551a06e23fac63626232eaa90abd78dbcf1700fc46a2b2c89fd27b735f?s=96&d=mm&r=g","url":"https:\/\/secure.gravatar.com\/avatar\/c052a2551a06e23fac63626232eaa90abd78dbcf1700fc46a2b2c89fd27b735f?s=96&d=mm&r=g","contentUrl":"https:\/\/secure.gravatar.com\/avatar\/c052a2551a06e23fac63626232eaa90abd78dbcf1700fc46a2b2c89fd27b735f?s=96&d=mm&r=g","caption":"Redacci\u00f3n A Nova Peneira"},"sameAs":["http:\/\/www.anovapeneira.gal\/"],"url":"https:\/\/www.anovapeneira.gal\/index.php\/author\/redactor\/"}]}},"jetpack_featured_media_url":"https:\/\/www.anovapeneira.gal\/wp-content\/uploads\/2022\/11\/ana_ponton_ourense.jpg","_links":{"self":[{"href":"https:\/\/www.anovapeneira.gal\/index.php\/wp-json\/wp\/v2\/posts\/8499","targetHints":{"allow":["GET"]}}],"collection":[{"href":"https:\/\/www.anovapeneira.gal\/index.php\/wp-json\/wp\/v2\/posts"}],"about":[{"href":"https:\/\/www.anovapeneira.gal\/index.php\/wp-json\/wp\/v2\/types\/post"}],"author":[{"embeddable":true,"href":"https:\/\/www.anovapeneira.gal\/index.php\/wp-json\/wp\/v2\/users\/3"}],"replies":[{"embeddable":true,"href":"https:\/\/www.anovapeneira.gal\/index.php\/wp-json\/wp\/v2\/comments?post=8499"}],"version-history":[{"count":1,"href":"https:\/\/www.anovapeneira.gal\/index.php\/wp-json\/wp\/v2\/posts\/8499\/revisions"}],"predecessor-version":[{"id":8500,"href":"https:\/\/www.anovapeneira.gal\/index.php\/wp-json\/wp\/v2\/posts\/8499\/revisions\/8500"}],"wp:featuredmedia":[{"embeddable":true,"href":"https:\/\/www.anovapeneira.gal\/index.php\/wp-json\/wp\/v2\/media\/8501"}],"wp:attachment":[{"href":"https:\/\/www.anovapeneira.gal\/index.php\/wp-json\/wp\/v2\/media?parent=8499"}],"wp:term":[{"taxonomy":"category","embeddable":true,"href":"https:\/\/www.anovapeneira.gal\/index.php\/wp-json\/wp\/v2\/categories?post=8499"},{"taxonomy":"post_tag","embeddable":true,"href":"https:\/\/www.anovapeneira.gal\/index.php\/wp-json\/wp\/v2\/tags?post=8499"}],"curies":[{"name":"wp","href":"https:\/\/api.w.org\/{rel}","templated":true}]}}