{"id":8502,"date":"2022-11-07T12:00:02","date_gmt":"2022-11-07T11:00:02","guid":{"rendered":"https:\/\/www.anovapeneira.gal\/?p=8502"},"modified":"2022-11-07T09:09:23","modified_gmt":"2022-11-07T08:09:23","slug":"ponte-caldelas-inicia-a-instalacion-da-numeracion-en-todas-as-vivendas-do-municipio","status":"publish","type":"post","link":"https:\/\/www.anovapeneira.gal\/index.php\/2022\/11\/07\/ponte-caldelas-inicia-a-instalacion-da-numeracion-en-todas-as-vivendas-do-municipio\/","title":{"rendered":"Ponte Caldelas inicia a instalaci\u00f3n da numeraci\u00f3n en todas as vivendas do municipio"},"content":{"rendered":"\n<h2 class=\"wp-block-heading\">Crease unha imaxe m\u00e1is homexeneizada da sinalizaci\u00f3n das vivendas e facilitar\u00e1 notablemente a labor do servizo de Correos e das empresas de entrega a domicilio<\/h2>\n\n\n\n<p><strong>Ponte Caldelas, 3 de novembro de 2022<\/strong><\/p>\n\n\n\n<p>O Concello de Ponte Caldelas iniciou a instalaci\u00f3n da numeraci\u00f3n en todas as vivendas do municipio, unha iniciativa que homexeneizar\u00e1 a sinalizaci\u00f3n dos fogares e que, \u00f3 mesmo tempor, facilitar\u00e1 notablemente a labor do servizo de Correos e das empresas de paqueter\u00eda e de reparto a domicilio.<\/p>\n\n\n\n<p>O alcalde de Ponte Caldelas, Andr\u00e9s D\u00edaz, destaca o intenso traballo dos \u00faltimos meses para facer realidade esta iniciativa que sinalizar\u00e1 as m\u00e1is de 3.000 viviendas do municipio. As placas est\u00e1n confeccionadas en material resistente \u00e1 chuvia e te\u00f1en un tama\u00f1o de 15&#215;15 cent\u00edmetros. Contan cun moderno dese\u00f1o no que o fondo de cor mostaza se combina con n\u00fameros en cor blanca e letras en azul. En cada placa figurar\u00e1 o n\u00famero da vivendas, a aldea na que se ubica e o escudo do Concello de Ponte Caldelas.<\/p>\n\n\n\n<p>Os traballos comezaron polo lugar de O Ram\u00eds, na parroquia de Anceu, e a sinalizaci\u00f3n realizarase de xeito ininterrumpido en todas as vivendas de Ponte Caldelas. A empresa instaladora acordar\u00e1 con cada propietario a ubicaci\u00f3n da placa.<\/p>\n","protected":false},"excerpt":{"rendered":"<div class=\"mh-excerpt\"><p>Crease unha imaxe m\u00e1is homexeneizada da sinalizaci\u00f3n das vivendas e facilitar\u00e1 notablemente a labor do servizo de Correos e das empresas de entrega a domicilio <a class=\"mh-excerpt-more\" href=\"https:\/\/www.anovapeneira.gal\/index.php\/2022\/11\/07\/ponte-caldelas-inicia-a-instalacion-da-numeracion-en-todas-as-vivendas-do-municipio\/\" title=\"Ponte Caldelas inicia a instalaci\u00f3n da numeraci\u00f3n en todas as vivendas do municipio\">[&#8230;]<\/a><\/p>\n<\/div>","protected":false},"author":3,"featured_media":3219,"comment_status":"open","ping_status":"open","sticky":false,"template":"","format":"standard","meta":{"_exactmetrics_skip_tracking":false,"_exactmetrics_sitenote_active":false,"_exactmetrics_sitenote_note":"","_exactmetrics_sitenote_category":0,"footnotes":""},"categories":[26],"tags":[],"class_list":{"0":"post-8502","1":"post","2":"type-post","3":"status-publish","4":"format-standard","5":"has-post-thumbnail","7":"category-pontevedra"},"yoast_head":"<!-- This site is optimized with the Yoast SEO plugin v27.4 - https:\/\/yoast.com\/product\/yoast-seo-wordpress\/ -->\n<title>Ponte Caldelas inicia a instalaci\u00f3n da numeraci\u00f3n en todas as vivendas do municipio -<\/title>\n<meta name=\"robots\" content=\"index, follow, max-snippet:-1, max-image-preview:large, max-video-preview:-1\" \/>\n<link rel=\"canonical\" href=\"https:\/\/www.anovapeneira.gal\/index.php\/2022\/11\/07\/ponte-caldelas-inicia-a-instalacion-da-numeracion-en-todas-as-vivendas-do-municipio\/\" \/>\n<meta property=\"og:locale\" content=\"gl_ES\" \/>\n<meta property=\"og:type\" content=\"article\" \/>\n<meta property=\"og:title\" content=\"Ponte Caldelas inicia a instalaci\u00f3n da numeraci\u00f3n en todas as vivendas do municipio -\" \/>\n<meta property=\"og:description\" content=\"Crease unha imaxe m\u00e1is homexeneizada da sinalizaci\u00f3n das vivendas e facilitar\u00e1 notablemente a labor do servizo de Correos e das empresas de entrega a domicilio [...]\" \/>\n<meta property=\"og:url\" content=\"https:\/\/www.anovapeneira.gal\/index.php\/2022\/11\/07\/ponte-caldelas-inicia-a-instalacion-da-numeracion-en-todas-as-vivendas-do-municipio\/\" \/>\n<meta property=\"article:publisher\" content=\"https:\/\/www.facebook.com\/anovapeneira\" \/>\n<meta property=\"article:published_time\" content=\"2022-11-07T11:00:02+00:00\" \/>\n<meta property=\"og:image\" content=\"https:\/\/www.anovapeneira.gal\/wp-content\/uploads\/2020\/05\/logo_ponte_caldelas_a_nova_peneira.jpg\" \/>\n\t<meta property=\"og:image:width\" content=\"720\" \/>\n\t<meta property=\"og:image:height\" content=\"432\" \/>\n\t<meta property=\"og:image:type\" content=\"image\/jpeg\" \/>\n<meta name=\"author\" content=\"Redacci\u00f3n A Nova Peneira\" \/>\n<meta name=\"twitter:card\" content=\"summary_large_image\" \/>\n<meta name=\"twitter:creator\" content=\"@APeneira\" \/>\n<meta name=\"twitter:site\" content=\"@APeneira\" \/>\n<meta name=\"twitter:label1\" content=\"Escrito por\" \/>\n\t<meta name=\"twitter:data1\" content=\"Redacci\u00f3n A Nova Peneira\" \/>\n\t<meta name=\"twitter:label2\" content=\"Tempo de lectura\" \/>\n\t<meta name=\"twitter:data2\" content=\"2 minutos\" \/>\n<script type=\"application\/ld+json\" class=\"yoast-schema-graph\">{\"@context\":\"https:\\\/\\\/schema.org\",\"@graph\":[{\"@type\":\"Article\",\"@id\":\"https:\\\/\\\/www.anovapeneira.gal\\\/index.php\\\/2022\\\/11\\\/07\\\/ponte-caldelas-inicia-a-instalacion-da-numeracion-en-todas-as-vivendas-do-municipio\\\/#article\",\"isPartOf\":{\"@id\":\"https:\\\/\\\/www.anovapeneira.gal\\\/index.php\\\/2022\\\/11\\\/07\\\/ponte-caldelas-inicia-a-instalacion-da-numeracion-en-todas-as-vivendas-do-municipio\\\/\"},\"author\":{\"name\":\"Redacci\u00f3n A Nova Peneira\",\"@id\":\"https:\\\/\\\/www.anovapeneira.gal\\\/#\\\/schema\\\/person\\\/b93e3f8932e3f8da96334607eb6ac6aa\"},\"headline\":\"Ponte Caldelas inicia a instalaci\u00f3n da numeraci\u00f3n en todas as vivendas do municipio\",\"datePublished\":\"2022-11-07T11:00:02+00:00\",\"mainEntityOfPage\":{\"@id\":\"https:\\\/\\\/www.anovapeneira.gal\\\/index.php\\\/2022\\\/11\\\/07\\\/ponte-caldelas-inicia-a-instalacion-da-numeracion-en-todas-as-vivendas-do-municipio\\\/\"},\"wordCount\":233,\"commentCount\":0,\"publisher\":{\"@id\":\"https:\\\/\\\/www.anovapeneira.gal\\\/#organization\"},\"image\":{\"@id\":\"https:\\\/\\\/www.anovapeneira.gal\\\/index.php\\\/2022\\\/11\\\/07\\\/ponte-caldelas-inicia-a-instalacion-da-numeracion-en-todas-as-vivendas-do-municipio\\\/#primaryimage\"},\"thumbnailUrl\":\"https:\\\/\\\/www.anovapeneira.gal\\\/wp-content\\\/uploads\\\/2020\\\/05\\\/logo_ponte_caldelas_a_nova_peneira.jpg\",\"articleSection\":[\"Pontevedra\"],\"inLanguage\":\"gl-ES\",\"potentialAction\":[{\"@type\":\"CommentAction\",\"name\":\"Comment\",\"target\":[\"https:\\\/\\\/www.anovapeneira.gal\\\/index.php\\\/2022\\\/11\\\/07\\\/ponte-caldelas-inicia-a-instalacion-da-numeracion-en-todas-as-vivendas-do-municipio\\\/#respond\"]}]},{\"@type\":\"WebPage\",\"@id\":\"https:\\\/\\\/www.anovapeneira.gal\\\/index.php\\\/2022\\\/11\\\/07\\\/ponte-caldelas-inicia-a-instalacion-da-numeracion-en-todas-as-vivendas-do-municipio\\\/\",\"url\":\"https:\\\/\\\/www.anovapeneira.gal\\\/index.php\\\/2022\\\/11\\\/07\\\/ponte-caldelas-inicia-a-instalacion-da-numeracion-en-todas-as-vivendas-do-municipio\\\/\",\"name\":\"Ponte Caldelas inicia a instalaci\u00f3n da numeraci\u00f3n en todas as vivendas do municipio -\",\"isPartOf\":{\"@id\":\"https:\\\/\\\/www.anovapeneira.gal\\\/#website\"},\"primaryImageOfPage\":{\"@id\":\"https:\\\/\\\/www.anovapeneira.gal\\\/index.php\\\/2022\\\/11\\\/07\\\/ponte-caldelas-inicia-a-instalacion-da-numeracion-en-todas-as-vivendas-do-municipio\\\/#primaryimage\"},\"image\":{\"@id\":\"https:\\\/\\\/www.anovapeneira.gal\\\/index.php\\\/2022\\\/11\\\/07\\\/ponte-caldelas-inicia-a-instalacion-da-numeracion-en-todas-as-vivendas-do-municipio\\\/#primaryimage\"},\"thumbnailUrl\":\"https:\\\/\\\/www.anovapeneira.gal\\\/wp-content\\\/uploads\\\/2020\\\/05\\\/logo_ponte_caldelas_a_nova_peneira.jpg\",\"datePublished\":\"2022-11-07T11:00:02+00:00\",\"breadcrumb\":{\"@id\":\"https:\\\/\\\/www.anovapeneira.gal\\\/index.php\\\/2022\\\/11\\\/07\\\/ponte-caldelas-inicia-a-instalacion-da-numeracion-en-todas-as-vivendas-do-municipio\\\/#breadcrumb\"},\"inLanguage\":\"gl-ES\",\"potentialAction\":[{\"@type\":\"ReadAction\",\"target\":[\"https:\\\/\\\/www.anovapeneira.gal\\\/index.php\\\/2022\\\/11\\\/07\\\/ponte-caldelas-inicia-a-instalacion-da-numeracion-en-todas-as-vivendas-do-municipio\\\/\"]}]},{\"@type\":\"ImageObject\",\"inLanguage\":\"gl-ES\",\"@id\":\"https:\\\/\\\/www.anovapeneira.gal\\\/index.php\\\/2022\\\/11\\\/07\\\/ponte-caldelas-inicia-a-instalacion-da-numeracion-en-todas-as-vivendas-do-municipio\\\/#primaryimage\",\"url\":\"https:\\\/\\\/www.anovapeneira.gal\\\/wp-content\\\/uploads\\\/2020\\\/05\\\/logo_ponte_caldelas_a_nova_peneira.jpg\",\"contentUrl\":\"https:\\\/\\\/www.anovapeneira.gal\\\/wp-content\\\/uploads\\\/2020\\\/05\\\/logo_ponte_caldelas_a_nova_peneira.jpg\",\"width\":720,\"height\":432,\"caption\":\"Concello de Ponte Caldelas A Nova Peneira\"},{\"@type\":\"BreadcrumbList\",\"@id\":\"https:\\\/\\\/www.anovapeneira.gal\\\/index.php\\\/2022\\\/11\\\/07\\\/ponte-caldelas-inicia-a-instalacion-da-numeracion-en-todas-as-vivendas-do-municipio\\\/#breadcrumb\",\"itemListElement\":[{\"@type\":\"ListItem\",\"position\":1,\"name\":\"Portada\",\"item\":\"https:\\\/\\\/www.anovapeneira.gal\\\/\"},{\"@type\":\"ListItem\",\"position\":2,\"name\":\"Ponte Caldelas inicia a instalaci\u00f3n da numeraci\u00f3n en todas as vivendas do municipio\"}]},{\"@type\":\"WebSite\",\"@id\":\"https:\\\/\\\/www.anovapeneira.gal\\\/#website\",\"url\":\"https:\\\/\\\/www.anovapeneira.gal\\\/\",\"name\":\"\",\"description\":\"Xornal galego de informaci\u00f3n xeral Publicaci\u00f3n mensual de novas de Galicia e en especial dos Concellos da sur da provincia de Pontevedra.\",\"publisher\":{\"@id\":\"https:\\\/\\\/www.anovapeneira.gal\\\/#organization\"},\"potentialAction\":[{\"@type\":\"SearchAction\",\"target\":{\"@type\":\"EntryPoint\",\"urlTemplate\":\"https:\\\/\\\/www.anovapeneira.gal\\\/?s={search_term_string}\"},\"query-input\":{\"@type\":\"PropertyValueSpecification\",\"valueRequired\":true,\"valueName\":\"search_term_string\"}}],\"inLanguage\":\"gl-ES\"},{\"@type\":\"Organization\",\"@id\":\"https:\\\/\\\/www.anovapeneira.gal\\\/#organization\",\"name\":\"A Nova Peneira\",\"url\":\"https:\\\/\\\/www.anovapeneira.gal\\\/\",\"logo\":{\"@type\":\"ImageObject\",\"inLanguage\":\"gl-ES\",\"@id\":\"https:\\\/\\\/www.anovapeneira.gal\\\/#\\\/schema\\\/logo\\\/image\\\/\",\"url\":\"http:\\\/\\\/www.anovapeneira.gal\\\/wp-content\\\/uploads\\\/2019\\\/06\\\/logo_a_nova_peneira_portal_web.png\",\"contentUrl\":\"http:\\\/\\\/www.anovapeneira.gal\\\/wp-content\\\/uploads\\\/2019\\\/06\\\/logo_a_nova_peneira_portal_web.png\",\"width\":300,\"height\":100,\"caption\":\"A Nova Peneira\"},\"image\":{\"@id\":\"https:\\\/\\\/www.anovapeneira.gal\\\/#\\\/schema\\\/logo\\\/image\\\/\"},\"sameAs\":[\"https:\\\/\\\/www.facebook.com\\\/anovapeneira\",\"https:\\\/\\\/x.com\\\/APeneira\"]},{\"@type\":\"Person\",\"@id\":\"https:\\\/\\\/www.anovapeneira.gal\\\/#\\\/schema\\\/person\\\/b93e3f8932e3f8da96334607eb6ac6aa\",\"name\":\"Redacci\u00f3n A Nova Peneira\",\"image\":{\"@type\":\"ImageObject\",\"inLanguage\":\"gl-ES\",\"@id\":\"https:\\\/\\\/secure.gravatar.com\\\/avatar\\\/c052a2551a06e23fac63626232eaa90abd78dbcf1700fc46a2b2c89fd27b735f?s=96&d=mm&r=g\",\"url\":\"https:\\\/\\\/secure.gravatar.com\\\/avatar\\\/c052a2551a06e23fac63626232eaa90abd78dbcf1700fc46a2b2c89fd27b735f?s=96&d=mm&r=g\",\"contentUrl\":\"https:\\\/\\\/secure.gravatar.com\\\/avatar\\\/c052a2551a06e23fac63626232eaa90abd78dbcf1700fc46a2b2c89fd27b735f?s=96&d=mm&r=g\",\"caption\":\"Redacci\u00f3n A Nova Peneira\"},\"sameAs\":[\"http:\\\/\\\/www.anovapeneira.gal\\\/\"],\"url\":\"https:\\\/\\\/www.anovapeneira.gal\\\/index.php\\\/author\\\/redactor\\\/\"}]}<\/script>\n<!-- \/ Yoast SEO plugin. -->","yoast_head_json":{"title":"Ponte Caldelas inicia a instalaci\u00f3n da numeraci\u00f3n en todas as vivendas do municipio -","robots":{"index":"index","follow":"follow","max-snippet":"max-snippet:-1","max-image-preview":"max-image-preview:large","max-video-preview":"max-video-preview:-1"},"canonical":"https:\/\/www.anovapeneira.gal\/index.php\/2022\/11\/07\/ponte-caldelas-inicia-a-instalacion-da-numeracion-en-todas-as-vivendas-do-municipio\/","og_locale":"gl_ES","og_type":"article","og_title":"Ponte Caldelas inicia a instalaci\u00f3n da numeraci\u00f3n en todas as vivendas do municipio -","og_description":"Crease unha imaxe m\u00e1is homexeneizada da sinalizaci\u00f3n das vivendas e facilitar\u00e1 notablemente a labor do servizo de Correos e das empresas de entrega a domicilio [...]","og_url":"https:\/\/www.anovapeneira.gal\/index.php\/2022\/11\/07\/ponte-caldelas-inicia-a-instalacion-da-numeracion-en-todas-as-vivendas-do-municipio\/","article_publisher":"https:\/\/www.facebook.com\/anovapeneira","article_published_time":"2022-11-07T11:00:02+00:00","og_image":[{"width":720,"height":432,"url":"https:\/\/www.anovapeneira.gal\/wp-content\/uploads\/2020\/05\/logo_ponte_caldelas_a_nova_peneira.jpg","type":"image\/jpeg"}],"author":"Redacci\u00f3n A Nova Peneira","twitter_card":"summary_large_image","twitter_creator":"@APeneira","twitter_site":"@APeneira","twitter_misc":{"Escrito por":"Redacci\u00f3n A Nova Peneira","Tempo de lectura":"2 minutos"},"schema":{"@context":"https:\/\/schema.org","@graph":[{"@type":"Article","@id":"https:\/\/www.anovapeneira.gal\/index.php\/2022\/11\/07\/ponte-caldelas-inicia-a-instalacion-da-numeracion-en-todas-as-vivendas-do-municipio\/#article","isPartOf":{"@id":"https:\/\/www.anovapeneira.gal\/index.php\/2022\/11\/07\/ponte-caldelas-inicia-a-instalacion-da-numeracion-en-todas-as-vivendas-do-municipio\/"},"author":{"name":"Redacci\u00f3n A Nova Peneira","@id":"https:\/\/www.anovapeneira.gal\/#\/schema\/person\/b93e3f8932e3f8da96334607eb6ac6aa"},"headline":"Ponte Caldelas inicia a instalaci\u00f3n da numeraci\u00f3n en todas as vivendas do municipio","datePublished":"2022-11-07T11:00:02+00:00","mainEntityOfPage":{"@id":"https:\/\/www.anovapeneira.gal\/index.php\/2022\/11\/07\/ponte-caldelas-inicia-a-instalacion-da-numeracion-en-todas-as-vivendas-do-municipio\/"},"wordCount":233,"commentCount":0,"publisher":{"@id":"https:\/\/www.anovapeneira.gal\/#organization"},"image":{"@id":"https:\/\/www.anovapeneira.gal\/index.php\/2022\/11\/07\/ponte-caldelas-inicia-a-instalacion-da-numeracion-en-todas-as-vivendas-do-municipio\/#primaryimage"},"thumbnailUrl":"https:\/\/www.anovapeneira.gal\/wp-content\/uploads\/2020\/05\/logo_ponte_caldelas_a_nova_peneira.jpg","articleSection":["Pontevedra"],"inLanguage":"gl-ES","potentialAction":[{"@type":"CommentAction","name":"Comment","target":["https:\/\/www.anovapeneira.gal\/index.php\/2022\/11\/07\/ponte-caldelas-inicia-a-instalacion-da-numeracion-en-todas-as-vivendas-do-municipio\/#respond"]}]},{"@type":"WebPage","@id":"https:\/\/www.anovapeneira.gal\/index.php\/2022\/11\/07\/ponte-caldelas-inicia-a-instalacion-da-numeracion-en-todas-as-vivendas-do-municipio\/","url":"https:\/\/www.anovapeneira.gal\/index.php\/2022\/11\/07\/ponte-caldelas-inicia-a-instalacion-da-numeracion-en-todas-as-vivendas-do-municipio\/","name":"Ponte Caldelas inicia a instalaci\u00f3n da numeraci\u00f3n en todas as vivendas do municipio -","isPartOf":{"@id":"https:\/\/www.anovapeneira.gal\/#website"},"primaryImageOfPage":{"@id":"https:\/\/www.anovapeneira.gal\/index.php\/2022\/11\/07\/ponte-caldelas-inicia-a-instalacion-da-numeracion-en-todas-as-vivendas-do-municipio\/#primaryimage"},"image":{"@id":"https:\/\/www.anovapeneira.gal\/index.php\/2022\/11\/07\/ponte-caldelas-inicia-a-instalacion-da-numeracion-en-todas-as-vivendas-do-municipio\/#primaryimage"},"thumbnailUrl":"https:\/\/www.anovapeneira.gal\/wp-content\/uploads\/2020\/05\/logo_ponte_caldelas_a_nova_peneira.jpg","datePublished":"2022-11-07T11:00:02+00:00","breadcrumb":{"@id":"https:\/\/www.anovapeneira.gal\/index.php\/2022\/11\/07\/ponte-caldelas-inicia-a-instalacion-da-numeracion-en-todas-as-vivendas-do-municipio\/#breadcrumb"},"inLanguage":"gl-ES","potentialAction":[{"@type":"ReadAction","target":["https:\/\/www.anovapeneira.gal\/index.php\/2022\/11\/07\/ponte-caldelas-inicia-a-instalacion-da-numeracion-en-todas-as-vivendas-do-municipio\/"]}]},{"@type":"ImageObject","inLanguage":"gl-ES","@id":"https:\/\/www.anovapeneira.gal\/index.php\/2022\/11\/07\/ponte-caldelas-inicia-a-instalacion-da-numeracion-en-todas-as-vivendas-do-municipio\/#primaryimage","url":"https:\/\/www.anovapeneira.gal\/wp-content\/uploads\/2020\/05\/logo_ponte_caldelas_a_nova_peneira.jpg","contentUrl":"https:\/\/www.anovapeneira.gal\/wp-content\/uploads\/2020\/05\/logo_ponte_caldelas_a_nova_peneira.jpg","width":720,"height":432,"caption":"Concello de Ponte Caldelas A Nova Peneira"},{"@type":"BreadcrumbList","@id":"https:\/\/www.anovapeneira.gal\/index.php\/2022\/11\/07\/ponte-caldelas-inicia-a-instalacion-da-numeracion-en-todas-as-vivendas-do-municipio\/#breadcrumb","itemListElement":[{"@type":"ListItem","position":1,"name":"Portada","item":"https:\/\/www.anovapeneira.gal\/"},{"@type":"ListItem","position":2,"name":"Ponte Caldelas inicia a instalaci\u00f3n da numeraci\u00f3n en todas as vivendas do municipio"}]},{"@type":"WebSite","@id":"https:\/\/www.anovapeneira.gal\/#website","url":"https:\/\/www.anovapeneira.gal\/","name":"","description":"Xornal galego de informaci\u00f3n xeral Publicaci\u00f3n mensual de novas de Galicia e en especial dos Concellos da sur da provincia de Pontevedra.","publisher":{"@id":"https:\/\/www.anovapeneira.gal\/#organization"},"potentialAction":[{"@type":"SearchAction","target":{"@type":"EntryPoint","urlTemplate":"https:\/\/www.anovapeneira.gal\/?s={search_term_string}"},"query-input":{"@type":"PropertyValueSpecification","valueRequired":true,"valueName":"search_term_string"}}],"inLanguage":"gl-ES"},{"@type":"Organization","@id":"https:\/\/www.anovapeneira.gal\/#organization","name":"A Nova Peneira","url":"https:\/\/www.anovapeneira.gal\/","logo":{"@type":"ImageObject","inLanguage":"gl-ES","@id":"https:\/\/www.anovapeneira.gal\/#\/schema\/logo\/image\/","url":"http:\/\/www.anovapeneira.gal\/wp-content\/uploads\/2019\/06\/logo_a_nova_peneira_portal_web.png","contentUrl":"http:\/\/www.anovapeneira.gal\/wp-content\/uploads\/2019\/06\/logo_a_nova_peneira_portal_web.png","width":300,"height":100,"caption":"A Nova Peneira"},"image":{"@id":"https:\/\/www.anovapeneira.gal\/#\/schema\/logo\/image\/"},"sameAs":["https:\/\/www.facebook.com\/anovapeneira","https:\/\/x.com\/APeneira"]},{"@type":"Person","@id":"https:\/\/www.anovapeneira.gal\/#\/schema\/person\/b93e3f8932e3f8da96334607eb6ac6aa","name":"Redacci\u00f3n A Nova Peneira","image":{"@type":"ImageObject","inLanguage":"gl-ES","@id":"https:\/\/secure.gravatar.com\/avatar\/c052a2551a06e23fac63626232eaa90abd78dbcf1700fc46a2b2c89fd27b735f?s=96&d=mm&r=g","url":"https:\/\/secure.gravatar.com\/avatar\/c052a2551a06e23fac63626232eaa90abd78dbcf1700fc46a2b2c89fd27b735f?s=96&d=mm&r=g","contentUrl":"https:\/\/secure.gravatar.com\/avatar\/c052a2551a06e23fac63626232eaa90abd78dbcf1700fc46a2b2c89fd27b735f?s=96&d=mm&r=g","caption":"Redacci\u00f3n A Nova Peneira"},"sameAs":["http:\/\/www.anovapeneira.gal\/"],"url":"https:\/\/www.anovapeneira.gal\/index.php\/author\/redactor\/"}]}},"jetpack_featured_media_url":"https:\/\/www.anovapeneira.gal\/wp-content\/uploads\/2020\/05\/logo_ponte_caldelas_a_nova_peneira.jpg","_links":{"self":[{"href":"https:\/\/www.anovapeneira.gal\/index.php\/wp-json\/wp\/v2\/posts\/8502","targetHints":{"allow":["GET"]}}],"collection":[{"href":"https:\/\/www.anovapeneira.gal\/index.php\/wp-json\/wp\/v2\/posts"}],"about":[{"href":"https:\/\/www.anovapeneira.gal\/index.php\/wp-json\/wp\/v2\/types\/post"}],"author":[{"embeddable":true,"href":"https:\/\/www.anovapeneira.gal\/index.php\/wp-json\/wp\/v2\/users\/3"}],"replies":[{"embeddable":true,"href":"https:\/\/www.anovapeneira.gal\/index.php\/wp-json\/wp\/v2\/comments?post=8502"}],"version-history":[{"count":2,"href":"https:\/\/www.anovapeneira.gal\/index.php\/wp-json\/wp\/v2\/posts\/8502\/revisions"}],"predecessor-version":[{"id":8504,"href":"https:\/\/www.anovapeneira.gal\/index.php\/wp-json\/wp\/v2\/posts\/8502\/revisions\/8504"}],"wp:featuredmedia":[{"embeddable":true,"href":"https:\/\/www.anovapeneira.gal\/index.php\/wp-json\/wp\/v2\/media\/3219"}],"wp:attachment":[{"href":"https:\/\/www.anovapeneira.gal\/index.php\/wp-json\/wp\/v2\/media?parent=8502"}],"wp:term":[{"taxonomy":"category","embeddable":true,"href":"https:\/\/www.anovapeneira.gal\/index.php\/wp-json\/wp\/v2\/categories?post=8502"},{"taxonomy":"post_tag","embeddable":true,"href":"https:\/\/www.anovapeneira.gal\/index.php\/wp-json\/wp\/v2\/tags?post=8502"}],"curies":[{"name":"wp","href":"https:\/\/api.w.org\/{rel}","templated":true}]}}