{"id":8505,"date":"2022-11-08T10:00:56","date_gmt":"2022-11-08T09:00:56","guid":{"rendered":"https:\/\/www.anovapeneira.gal\/?p=8505"},"modified":"2022-11-07T09:13:12","modified_gmt":"2022-11-07T08:13:12","slug":"a-cig-reclamara-que-todas-as-agresions-ao-persoal-sanitario-sexan-consideradas-de-oficio-atentado-contra-a-autoridade","status":"publish","type":"post","link":"https:\/\/www.anovapeneira.gal\/index.php\/2022\/11\/08\/a-cig-reclamara-que-todas-as-agresions-ao-persoal-sanitario-sexan-consideradas-de-oficio-atentado-contra-a-autoridade\/","title":{"rendered":"A CIG reclamar\u00e1 que todas as agresi\u00f3ns ao persoal sanitario sexan consideradas de oficio atentado contra a autoridade"},"content":{"rendered":"\n<h2 class=\"wp-block-heading\"><strong>C<\/strong>ondena a malleira sufrida por un t\u00e9cnico de emerxencias no PAC de Cangas e critica a actuaci\u00f3n da Garda Civil por non ter practicado detenci\u00f3ns<\/h2>\n\n\n\n<p><strong>Cangas, 2 de novembro de 2022.<\/strong><\/p>\n\n\n\n<p>A CIG anunciou hoxe que realizar\u00e1 as xesti\u00f3ns oportunas para reclamar que todas as agresi\u00f3ns que padece o persoal sanitario que presta un servizo p\u00fablico sexan consideradas atentado contra a autoridade, independentemente do tipo de contrato que te\u00f1an as persoas traballadoras afectadas. Dende a central sindical lamentan que este tipo de incidentes se resolvan normalmente con multas ou sanci\u00f3ns leves, ao tempo que critican a actuaci\u00f3n da Garda Civil por non ter realizado detenci\u00f3ns tras a malleira sufrida por un t\u00e9cnico de emerxencias no PAC de Cangas a madrugada do pasado d\u00eda 1.<\/p>\n\n\n\n<p>A FGAMT-CIG amosa a s\u00faa m\u00e1is en\u00e9rxica condena ao acontecido arredor das 6:30 horas da noite de Todos os Santos, cando un paciente do PAC de Cangas e dous acompa\u00f1antes agrediron de forma salvaxe a un t\u00e9cnico de emerxencias tras protagonizar previamente un incidente violento no interior do centro de sa\u00fade, at\u00e9 o punto de que d\u00faas traballadoras tiveron que pecharse nunha consulta m\u00e9dica para evitar seren agredidas. Mais cando o t\u00e9cnico de emerxencias accedeu ao interior do centro m\u00e9dico tras realizar un servizo atopouse de fronte con este suxeito, que se abalanzou sobre el, produc\u00edndose un forcexo. Foi neste momento cando o sanitario recibiu a agresi\u00f3n polas costas dun home e dunha muller que acompa\u00f1aban o paciente, rematando do chan e recibindo patadas e pu\u00f1azos por todo o corpo.<\/p>\n\n\n\n<p>A agresi\u00f3n rematou coa chegada da Garda Civil, que fora requirida con anterioridade polas traballadoras que se pecharan no interior da consulta ante as ameazas e a actitude violenta do doente. Mais a pesar de que o afectado expresou a s\u00faa intenci\u00f3n de presentar denuncia, os axentes limit\u00e1ronse a identificar as persoas causantes da agresi\u00f3n. Por iso dende a CIG preg\u00fantanse se os gardas civ\u00eds ter\u00edan actuado do mesmo xeito no caso de que a persoa agredida fose un integrante dos corpos e forzas de seguridade. \u201cIsto lanza unha perigosa mensaxe: unha persoa que se atopa de festa pode entrar nun centro m\u00e9dico, agredir brutalmente a un sanitario e continuar coa s\u00faa noite de troula\u201d, censuran.<\/p>\n\n\n\n<p>E consideran que isto \u00e9 as\u00ed porque este tipo de incidentes res\u00f3lvense habitualmente con multas ou sanci\u00f3ns leves, xa que as agresi\u00f3ns ao persoal sanitario que non ten contrato coa Administraci\u00f3n (e que polo tanto non son funcionarios\/as) non se consideran de oficio atentados contra a autoridade. \u201cPor iso imos reclamar que todas as agresi\u00f3n sexan consideradas deste xeito, independentemente do contrato que se te\u00f1a, como xa aconteceu nalgunha ocasi\u00f3n\u201d. Entenden que se trata dun primeiro paso fundamental para rematar con este tipo de situaci\u00f3ns, \u201cporque no pode sa\u00edr gratis agredir ao persoal sanitario\u201d.<\/p>\n\n\n\n<p>Ao mesmo tempo, denuncian que a central operativa de servizos da Garda Civil nega o env\u00edo de patrullas cando se avisa a unha ambulancia para intervir en situaci\u00f3ns nas que se sabe con antelaci\u00f3n a presenza de persoas en actitude agresiva ou violenta. \u201cO que fan \u00e9 dicir que primeiro vaia a ambulancia para confirmar este extremo; por iso se a este desamparo que padece o persoal lle sumamos o feito de que cando son agredidos o \u00fanico que se fai \u00e9 identificar as persoas agresoras a falta de protecci\u00f3n \u00e9 total\u201d.<\/p>\n\n\n\n<p><strong>Medidas de seguridade urxentes<\/strong><\/p>\n\n\n\n<p>Pola s\u00faa banda, dende a CIG-Sa\u00fade reclaman a adopci\u00f3n de medidas de seguridade urxentes ante a o aumento das situaci\u00f3ns violentas nos centros de sa\u00fade. No caso de Cangas, a central sindical solicitou as medidas necesarias para asegurar a realizaci\u00f3n de asistencia e atenci\u00f3n en condici\u00f3ns de seguridade. Neste senso, lembran que os PAC son centros especialmente sens\u00edbeis ao realizarse parte da xornada en horario nocturno e cun n\u00famero reducido de persoal. Tam\u00e9n demandan que o Sergas po\u00f1a os servizos xur\u00eddicos necesarios a disposici\u00f3n tanto das traballadoras do PAC afectadas como do t\u00e9cnico do 061 ferido.<\/p>\n\n\n\n<p>Ao mesmo tempo, alertan que este tipo de agresi\u00f3ns est\u00e1n aumentando, como no caso recente ocorrido no centro de sa\u00fade de Coia, no que un incidente similar saldouse cunha mampara rota. E lamentan a retirada da seguridade privada que se contratara para realizar funci\u00f3ns no PAC de Vigo, \u201cmalia ser palp\u00e1bel que durante a s\u00faa presenza diminu\u00edu de forma consider\u00e1bel este tipo de situaci\u00f3ns\u201d.<\/p>\n","protected":false},"excerpt":{"rendered":"<div class=\"mh-excerpt\"><p>Condena a malleira sufrida por un t\u00e9cnico de emerxencias no PAC de Cangas e critica a actuaci\u00f3n da Garda Civil por non ter practicado detenci\u00f3ns <a class=\"mh-excerpt-more\" href=\"https:\/\/www.anovapeneira.gal\/index.php\/2022\/11\/08\/a-cig-reclamara-que-todas-as-agresions-ao-persoal-sanitario-sexan-consideradas-de-oficio-atentado-contra-a-autoridade\/\" title=\"A CIG reclamar\u00e1 que todas as agresi\u00f3ns ao persoal sanitario sexan consideradas de oficio atentado contra a autoridade\">[&#8230;]<\/a><\/p>\n<\/div>","protected":false},"author":3,"featured_media":632,"comment_status":"open","ping_status":"open","sticky":false,"template":"","format":"standard","meta":{"_exactmetrics_skip_tracking":false,"_exactmetrics_sitenote_active":false,"_exactmetrics_sitenote_note":"","_exactmetrics_sitenote_category":0,"footnotes":""},"categories":[22],"tags":[681],"class_list":{"0":"post-8505","1":"post","2":"type-post","3":"status-publish","4":"format-standard","5":"has-post-thumbnail","7":"category-morrazo","8":"tag-concello-de-cangas-do-morrazo"},"yoast_head":"<!-- This site is optimized with the Yoast SEO plugin v27.4 - https:\/\/yoast.com\/product\/yoast-seo-wordpress\/ -->\n<title>A CIG reclamar\u00e1 que todas as agresi\u00f3ns ao persoal sanitario sexan consideradas de oficio atentado contra a autoridade -<\/title>\n<meta name=\"description\" content=\"Condena a malleira sufrida por un t\u00e9cnico de emerxencias no PAC de Cangas e critica a actuaci\u00f3n da Garda Civil por non ter practicado detenci\u00f3ns\" \/>\n<meta name=\"robots\" content=\"index, follow, max-snippet:-1, max-image-preview:large, max-video-preview:-1\" \/>\n<link rel=\"canonical\" href=\"https:\/\/www.anovapeneira.gal\/index.php\/2022\/11\/08\/a-cig-reclamara-que-todas-as-agresions-ao-persoal-sanitario-sexan-consideradas-de-oficio-atentado-contra-a-autoridade\/\" \/>\n<meta property=\"og:locale\" content=\"gl_ES\" \/>\n<meta property=\"og:type\" content=\"article\" \/>\n<meta property=\"og:title\" content=\"A CIG reclamar\u00e1 que todas as agresi\u00f3ns ao persoal sanitario sexan consideradas de oficio atentado contra a autoridade -\" \/>\n<meta property=\"og:description\" content=\"Condena a malleira sufrida por un t\u00e9cnico de emerxencias no PAC de Cangas e critica a actuaci\u00f3n da Garda Civil por non ter practicado detenci\u00f3ns\" \/>\n<meta property=\"og:url\" content=\"https:\/\/www.anovapeneira.gal\/index.php\/2022\/11\/08\/a-cig-reclamara-que-todas-as-agresions-ao-persoal-sanitario-sexan-consideradas-de-oficio-atentado-contra-a-autoridade\/\" \/>\n<meta property=\"article:publisher\" content=\"https:\/\/www.facebook.com\/anovapeneira\" \/>\n<meta property=\"article:published_time\" content=\"2022-11-08T09:00:56+00:00\" \/>\n<meta property=\"og:image\" content=\"https:\/\/www.anovapeneira.gal\/wp-content\/uploads\/2019\/07\/CIG_a_nova_peneira.png\" \/>\n\t<meta property=\"og:image:width\" content=\"720\" \/>\n\t<meta property=\"og:image:height\" content=\"473\" \/>\n\t<meta property=\"og:image:type\" content=\"image\/png\" \/>\n<meta name=\"author\" content=\"Redacci\u00f3n A Nova Peneira\" \/>\n<meta name=\"twitter:card\" content=\"summary_large_image\" \/>\n<meta name=\"twitter:creator\" content=\"@APeneira\" \/>\n<meta name=\"twitter:site\" content=\"@APeneira\" \/>\n<meta name=\"twitter:label1\" content=\"Escrito por\" \/>\n\t<meta name=\"twitter:data1\" content=\"Redacci\u00f3n A Nova Peneira\" \/>\n\t<meta name=\"twitter:label2\" content=\"Tempo de lectura\" \/>\n\t<meta name=\"twitter:data2\" content=\"4 minutos\" \/>\n<script type=\"application\/ld+json\" class=\"yoast-schema-graph\">{\"@context\":\"https:\\\/\\\/schema.org\",\"@graph\":[{\"@type\":\"Article\",\"@id\":\"https:\\\/\\\/www.anovapeneira.gal\\\/index.php\\\/2022\\\/11\\\/08\\\/a-cig-reclamara-que-todas-as-agresions-ao-persoal-sanitario-sexan-consideradas-de-oficio-atentado-contra-a-autoridade\\\/#article\",\"isPartOf\":{\"@id\":\"https:\\\/\\\/www.anovapeneira.gal\\\/index.php\\\/2022\\\/11\\\/08\\\/a-cig-reclamara-que-todas-as-agresions-ao-persoal-sanitario-sexan-consideradas-de-oficio-atentado-contra-a-autoridade\\\/\"},\"author\":{\"name\":\"Redacci\u00f3n A Nova Peneira\",\"@id\":\"https:\\\/\\\/www.anovapeneira.gal\\\/#\\\/schema\\\/person\\\/b93e3f8932e3f8da96334607eb6ac6aa\"},\"headline\":\"A CIG reclamar\u00e1 que todas as agresi\u00f3ns ao persoal sanitario sexan consideradas de oficio atentado contra a autoridade\",\"datePublished\":\"2022-11-08T09:00:56+00:00\",\"mainEntityOfPage\":{\"@id\":\"https:\\\/\\\/www.anovapeneira.gal\\\/index.php\\\/2022\\\/11\\\/08\\\/a-cig-reclamara-que-todas-as-agresions-ao-persoal-sanitario-sexan-consideradas-de-oficio-atentado-contra-a-autoridade\\\/\"},\"wordCount\":804,\"commentCount\":0,\"publisher\":{\"@id\":\"https:\\\/\\\/www.anovapeneira.gal\\\/#organization\"},\"image\":{\"@id\":\"https:\\\/\\\/www.anovapeneira.gal\\\/index.php\\\/2022\\\/11\\\/08\\\/a-cig-reclamara-que-todas-as-agresions-ao-persoal-sanitario-sexan-consideradas-de-oficio-atentado-contra-a-autoridade\\\/#primaryimage\"},\"thumbnailUrl\":\"https:\\\/\\\/www.anovapeneira.gal\\\/wp-content\\\/uploads\\\/2019\\\/07\\\/CIG_a_nova_peneira.png\",\"keywords\":[\"Concello de Cangas do Morrazo\"],\"articleSection\":[\"Morrazo\"],\"inLanguage\":\"gl-ES\",\"potentialAction\":[{\"@type\":\"CommentAction\",\"name\":\"Comment\",\"target\":[\"https:\\\/\\\/www.anovapeneira.gal\\\/index.php\\\/2022\\\/11\\\/08\\\/a-cig-reclamara-que-todas-as-agresions-ao-persoal-sanitario-sexan-consideradas-de-oficio-atentado-contra-a-autoridade\\\/#respond\"]}]},{\"@type\":\"WebPage\",\"@id\":\"https:\\\/\\\/www.anovapeneira.gal\\\/index.php\\\/2022\\\/11\\\/08\\\/a-cig-reclamara-que-todas-as-agresions-ao-persoal-sanitario-sexan-consideradas-de-oficio-atentado-contra-a-autoridade\\\/\",\"url\":\"https:\\\/\\\/www.anovapeneira.gal\\\/index.php\\\/2022\\\/11\\\/08\\\/a-cig-reclamara-que-todas-as-agresions-ao-persoal-sanitario-sexan-consideradas-de-oficio-atentado-contra-a-autoridade\\\/\",\"name\":\"A CIG reclamar\u00e1 que todas as agresi\u00f3ns ao persoal sanitario sexan consideradas de oficio atentado contra a autoridade -\",\"isPartOf\":{\"@id\":\"https:\\\/\\\/www.anovapeneira.gal\\\/#website\"},\"primaryImageOfPage\":{\"@id\":\"https:\\\/\\\/www.anovapeneira.gal\\\/index.php\\\/2022\\\/11\\\/08\\\/a-cig-reclamara-que-todas-as-agresions-ao-persoal-sanitario-sexan-consideradas-de-oficio-atentado-contra-a-autoridade\\\/#primaryimage\"},\"image\":{\"@id\":\"https:\\\/\\\/www.anovapeneira.gal\\\/index.php\\\/2022\\\/11\\\/08\\\/a-cig-reclamara-que-todas-as-agresions-ao-persoal-sanitario-sexan-consideradas-de-oficio-atentado-contra-a-autoridade\\\/#primaryimage\"},\"thumbnailUrl\":\"https:\\\/\\\/www.anovapeneira.gal\\\/wp-content\\\/uploads\\\/2019\\\/07\\\/CIG_a_nova_peneira.png\",\"datePublished\":\"2022-11-08T09:00:56+00:00\",\"description\":\"Condena a malleira sufrida por un t\u00e9cnico de emerxencias no PAC de Cangas e critica a actuaci\u00f3n da Garda Civil por non ter practicado detenci\u00f3ns\",\"breadcrumb\":{\"@id\":\"https:\\\/\\\/www.anovapeneira.gal\\\/index.php\\\/2022\\\/11\\\/08\\\/a-cig-reclamara-que-todas-as-agresions-ao-persoal-sanitario-sexan-consideradas-de-oficio-atentado-contra-a-autoridade\\\/#breadcrumb\"},\"inLanguage\":\"gl-ES\",\"potentialAction\":[{\"@type\":\"ReadAction\",\"target\":[\"https:\\\/\\\/www.anovapeneira.gal\\\/index.php\\\/2022\\\/11\\\/08\\\/a-cig-reclamara-que-todas-as-agresions-ao-persoal-sanitario-sexan-consideradas-de-oficio-atentado-contra-a-autoridade\\\/\"]}]},{\"@type\":\"ImageObject\",\"inLanguage\":\"gl-ES\",\"@id\":\"https:\\\/\\\/www.anovapeneira.gal\\\/index.php\\\/2022\\\/11\\\/08\\\/a-cig-reclamara-que-todas-as-agresions-ao-persoal-sanitario-sexan-consideradas-de-oficio-atentado-contra-a-autoridade\\\/#primaryimage\",\"url\":\"https:\\\/\\\/www.anovapeneira.gal\\\/wp-content\\\/uploads\\\/2019\\\/07\\\/CIG_a_nova_peneira.png\",\"contentUrl\":\"https:\\\/\\\/www.anovapeneira.gal\\\/wp-content\\\/uploads\\\/2019\\\/07\\\/CIG_a_nova_peneira.png\",\"width\":720,\"height\":473,\"caption\":\"Confederaci\u00f3n Intersindical Galega A Nova Peneira\"},{\"@type\":\"BreadcrumbList\",\"@id\":\"https:\\\/\\\/www.anovapeneira.gal\\\/index.php\\\/2022\\\/11\\\/08\\\/a-cig-reclamara-que-todas-as-agresions-ao-persoal-sanitario-sexan-consideradas-de-oficio-atentado-contra-a-autoridade\\\/#breadcrumb\",\"itemListElement\":[{\"@type\":\"ListItem\",\"position\":1,\"name\":\"Portada\",\"item\":\"https:\\\/\\\/www.anovapeneira.gal\\\/\"},{\"@type\":\"ListItem\",\"position\":2,\"name\":\"A CIG reclamar\u00e1 que todas as agresi\u00f3ns ao persoal sanitario sexan consideradas de oficio atentado contra a autoridade\"}]},{\"@type\":\"WebSite\",\"@id\":\"https:\\\/\\\/www.anovapeneira.gal\\\/#website\",\"url\":\"https:\\\/\\\/www.anovapeneira.gal\\\/\",\"name\":\"\",\"description\":\"Xornal galego de informaci\u00f3n xeral Publicaci\u00f3n mensual de novas de Galicia e en especial dos Concellos da sur da provincia de Pontevedra.\",\"publisher\":{\"@id\":\"https:\\\/\\\/www.anovapeneira.gal\\\/#organization\"},\"potentialAction\":[{\"@type\":\"SearchAction\",\"target\":{\"@type\":\"EntryPoint\",\"urlTemplate\":\"https:\\\/\\\/www.anovapeneira.gal\\\/?s={search_term_string}\"},\"query-input\":{\"@type\":\"PropertyValueSpecification\",\"valueRequired\":true,\"valueName\":\"search_term_string\"}}],\"inLanguage\":\"gl-ES\"},{\"@type\":\"Organization\",\"@id\":\"https:\\\/\\\/www.anovapeneira.gal\\\/#organization\",\"name\":\"A Nova Peneira\",\"url\":\"https:\\\/\\\/www.anovapeneira.gal\\\/\",\"logo\":{\"@type\":\"ImageObject\",\"inLanguage\":\"gl-ES\",\"@id\":\"https:\\\/\\\/www.anovapeneira.gal\\\/#\\\/schema\\\/logo\\\/image\\\/\",\"url\":\"http:\\\/\\\/www.anovapeneira.gal\\\/wp-content\\\/uploads\\\/2019\\\/06\\\/logo_a_nova_peneira_portal_web.png\",\"contentUrl\":\"http:\\\/\\\/www.anovapeneira.gal\\\/wp-content\\\/uploads\\\/2019\\\/06\\\/logo_a_nova_peneira_portal_web.png\",\"width\":300,\"height\":100,\"caption\":\"A Nova Peneira\"},\"image\":{\"@id\":\"https:\\\/\\\/www.anovapeneira.gal\\\/#\\\/schema\\\/logo\\\/image\\\/\"},\"sameAs\":[\"https:\\\/\\\/www.facebook.com\\\/anovapeneira\",\"https:\\\/\\\/x.com\\\/APeneira\"]},{\"@type\":\"Person\",\"@id\":\"https:\\\/\\\/www.anovapeneira.gal\\\/#\\\/schema\\\/person\\\/b93e3f8932e3f8da96334607eb6ac6aa\",\"name\":\"Redacci\u00f3n A Nova Peneira\",\"image\":{\"@type\":\"ImageObject\",\"inLanguage\":\"gl-ES\",\"@id\":\"https:\\\/\\\/secure.gravatar.com\\\/avatar\\\/c052a2551a06e23fac63626232eaa90abd78dbcf1700fc46a2b2c89fd27b735f?s=96&d=mm&r=g\",\"url\":\"https:\\\/\\\/secure.gravatar.com\\\/avatar\\\/c052a2551a06e23fac63626232eaa90abd78dbcf1700fc46a2b2c89fd27b735f?s=96&d=mm&r=g\",\"contentUrl\":\"https:\\\/\\\/secure.gravatar.com\\\/avatar\\\/c052a2551a06e23fac63626232eaa90abd78dbcf1700fc46a2b2c89fd27b735f?s=96&d=mm&r=g\",\"caption\":\"Redacci\u00f3n A Nova Peneira\"},\"sameAs\":[\"http:\\\/\\\/www.anovapeneira.gal\\\/\"],\"url\":\"https:\\\/\\\/www.anovapeneira.gal\\\/index.php\\\/author\\\/redactor\\\/\"}]}<\/script>\n<!-- \/ Yoast SEO plugin. -->","yoast_head_json":{"title":"A CIG reclamar\u00e1 que todas as agresi\u00f3ns ao persoal sanitario sexan consideradas de oficio atentado contra a autoridade -","description":"Condena a malleira sufrida por un t\u00e9cnico de emerxencias no PAC de Cangas e critica a actuaci\u00f3n da Garda Civil por non ter practicado detenci\u00f3ns","robots":{"index":"index","follow":"follow","max-snippet":"max-snippet:-1","max-image-preview":"max-image-preview:large","max-video-preview":"max-video-preview:-1"},"canonical":"https:\/\/www.anovapeneira.gal\/index.php\/2022\/11\/08\/a-cig-reclamara-que-todas-as-agresions-ao-persoal-sanitario-sexan-consideradas-de-oficio-atentado-contra-a-autoridade\/","og_locale":"gl_ES","og_type":"article","og_title":"A CIG reclamar\u00e1 que todas as agresi\u00f3ns ao persoal sanitario sexan consideradas de oficio atentado contra a autoridade -","og_description":"Condena a malleira sufrida por un t\u00e9cnico de emerxencias no PAC de Cangas e critica a actuaci\u00f3n da Garda Civil por non ter practicado detenci\u00f3ns","og_url":"https:\/\/www.anovapeneira.gal\/index.php\/2022\/11\/08\/a-cig-reclamara-que-todas-as-agresions-ao-persoal-sanitario-sexan-consideradas-de-oficio-atentado-contra-a-autoridade\/","article_publisher":"https:\/\/www.facebook.com\/anovapeneira","article_published_time":"2022-11-08T09:00:56+00:00","og_image":[{"width":720,"height":473,"url":"https:\/\/www.anovapeneira.gal\/wp-content\/uploads\/2019\/07\/CIG_a_nova_peneira.png","type":"image\/png"}],"author":"Redacci\u00f3n A Nova Peneira","twitter_card":"summary_large_image","twitter_creator":"@APeneira","twitter_site":"@APeneira","twitter_misc":{"Escrito por":"Redacci\u00f3n A Nova Peneira","Tempo de lectura":"4 minutos"},"schema":{"@context":"https:\/\/schema.org","@graph":[{"@type":"Article","@id":"https:\/\/www.anovapeneira.gal\/index.php\/2022\/11\/08\/a-cig-reclamara-que-todas-as-agresions-ao-persoal-sanitario-sexan-consideradas-de-oficio-atentado-contra-a-autoridade\/#article","isPartOf":{"@id":"https:\/\/www.anovapeneira.gal\/index.php\/2022\/11\/08\/a-cig-reclamara-que-todas-as-agresions-ao-persoal-sanitario-sexan-consideradas-de-oficio-atentado-contra-a-autoridade\/"},"author":{"name":"Redacci\u00f3n A Nova Peneira","@id":"https:\/\/www.anovapeneira.gal\/#\/schema\/person\/b93e3f8932e3f8da96334607eb6ac6aa"},"headline":"A CIG reclamar\u00e1 que todas as agresi\u00f3ns ao persoal sanitario sexan consideradas de oficio atentado contra a autoridade","datePublished":"2022-11-08T09:00:56+00:00","mainEntityOfPage":{"@id":"https:\/\/www.anovapeneira.gal\/index.php\/2022\/11\/08\/a-cig-reclamara-que-todas-as-agresions-ao-persoal-sanitario-sexan-consideradas-de-oficio-atentado-contra-a-autoridade\/"},"wordCount":804,"commentCount":0,"publisher":{"@id":"https:\/\/www.anovapeneira.gal\/#organization"},"image":{"@id":"https:\/\/www.anovapeneira.gal\/index.php\/2022\/11\/08\/a-cig-reclamara-que-todas-as-agresions-ao-persoal-sanitario-sexan-consideradas-de-oficio-atentado-contra-a-autoridade\/#primaryimage"},"thumbnailUrl":"https:\/\/www.anovapeneira.gal\/wp-content\/uploads\/2019\/07\/CIG_a_nova_peneira.png","keywords":["Concello de Cangas do Morrazo"],"articleSection":["Morrazo"],"inLanguage":"gl-ES","potentialAction":[{"@type":"CommentAction","name":"Comment","target":["https:\/\/www.anovapeneira.gal\/index.php\/2022\/11\/08\/a-cig-reclamara-que-todas-as-agresions-ao-persoal-sanitario-sexan-consideradas-de-oficio-atentado-contra-a-autoridade\/#respond"]}]},{"@type":"WebPage","@id":"https:\/\/www.anovapeneira.gal\/index.php\/2022\/11\/08\/a-cig-reclamara-que-todas-as-agresions-ao-persoal-sanitario-sexan-consideradas-de-oficio-atentado-contra-a-autoridade\/","url":"https:\/\/www.anovapeneira.gal\/index.php\/2022\/11\/08\/a-cig-reclamara-que-todas-as-agresions-ao-persoal-sanitario-sexan-consideradas-de-oficio-atentado-contra-a-autoridade\/","name":"A CIG reclamar\u00e1 que todas as agresi\u00f3ns ao persoal sanitario sexan consideradas de oficio atentado contra a autoridade -","isPartOf":{"@id":"https:\/\/www.anovapeneira.gal\/#website"},"primaryImageOfPage":{"@id":"https:\/\/www.anovapeneira.gal\/index.php\/2022\/11\/08\/a-cig-reclamara-que-todas-as-agresions-ao-persoal-sanitario-sexan-consideradas-de-oficio-atentado-contra-a-autoridade\/#primaryimage"},"image":{"@id":"https:\/\/www.anovapeneira.gal\/index.php\/2022\/11\/08\/a-cig-reclamara-que-todas-as-agresions-ao-persoal-sanitario-sexan-consideradas-de-oficio-atentado-contra-a-autoridade\/#primaryimage"},"thumbnailUrl":"https:\/\/www.anovapeneira.gal\/wp-content\/uploads\/2019\/07\/CIG_a_nova_peneira.png","datePublished":"2022-11-08T09:00:56+00:00","description":"Condena a malleira sufrida por un t\u00e9cnico de emerxencias no PAC de Cangas e critica a actuaci\u00f3n da Garda Civil por non ter practicado detenci\u00f3ns","breadcrumb":{"@id":"https:\/\/www.anovapeneira.gal\/index.php\/2022\/11\/08\/a-cig-reclamara-que-todas-as-agresions-ao-persoal-sanitario-sexan-consideradas-de-oficio-atentado-contra-a-autoridade\/#breadcrumb"},"inLanguage":"gl-ES","potentialAction":[{"@type":"ReadAction","target":["https:\/\/www.anovapeneira.gal\/index.php\/2022\/11\/08\/a-cig-reclamara-que-todas-as-agresions-ao-persoal-sanitario-sexan-consideradas-de-oficio-atentado-contra-a-autoridade\/"]}]},{"@type":"ImageObject","inLanguage":"gl-ES","@id":"https:\/\/www.anovapeneira.gal\/index.php\/2022\/11\/08\/a-cig-reclamara-que-todas-as-agresions-ao-persoal-sanitario-sexan-consideradas-de-oficio-atentado-contra-a-autoridade\/#primaryimage","url":"https:\/\/www.anovapeneira.gal\/wp-content\/uploads\/2019\/07\/CIG_a_nova_peneira.png","contentUrl":"https:\/\/www.anovapeneira.gal\/wp-content\/uploads\/2019\/07\/CIG_a_nova_peneira.png","width":720,"height":473,"caption":"Confederaci\u00f3n Intersindical Galega A Nova Peneira"},{"@type":"BreadcrumbList","@id":"https:\/\/www.anovapeneira.gal\/index.php\/2022\/11\/08\/a-cig-reclamara-que-todas-as-agresions-ao-persoal-sanitario-sexan-consideradas-de-oficio-atentado-contra-a-autoridade\/#breadcrumb","itemListElement":[{"@type":"ListItem","position":1,"name":"Portada","item":"https:\/\/www.anovapeneira.gal\/"},{"@type":"ListItem","position":2,"name":"A CIG reclamar\u00e1 que todas as agresi\u00f3ns ao persoal sanitario sexan consideradas de oficio atentado contra a autoridade"}]},{"@type":"WebSite","@id":"https:\/\/www.anovapeneira.gal\/#website","url":"https:\/\/www.anovapeneira.gal\/","name":"","description":"Xornal galego de informaci\u00f3n xeral Publicaci\u00f3n mensual de novas de Galicia e en especial dos Concellos da sur da provincia de Pontevedra.","publisher":{"@id":"https:\/\/www.anovapeneira.gal\/#organization"},"potentialAction":[{"@type":"SearchAction","target":{"@type":"EntryPoint","urlTemplate":"https:\/\/www.anovapeneira.gal\/?s={search_term_string}"},"query-input":{"@type":"PropertyValueSpecification","valueRequired":true,"valueName":"search_term_string"}}],"inLanguage":"gl-ES"},{"@type":"Organization","@id":"https:\/\/www.anovapeneira.gal\/#organization","name":"A Nova Peneira","url":"https:\/\/www.anovapeneira.gal\/","logo":{"@type":"ImageObject","inLanguage":"gl-ES","@id":"https:\/\/www.anovapeneira.gal\/#\/schema\/logo\/image\/","url":"http:\/\/www.anovapeneira.gal\/wp-content\/uploads\/2019\/06\/logo_a_nova_peneira_portal_web.png","contentUrl":"http:\/\/www.anovapeneira.gal\/wp-content\/uploads\/2019\/06\/logo_a_nova_peneira_portal_web.png","width":300,"height":100,"caption":"A Nova Peneira"},"image":{"@id":"https:\/\/www.anovapeneira.gal\/#\/schema\/logo\/image\/"},"sameAs":["https:\/\/www.facebook.com\/anovapeneira","https:\/\/x.com\/APeneira"]},{"@type":"Person","@id":"https:\/\/www.anovapeneira.gal\/#\/schema\/person\/b93e3f8932e3f8da96334607eb6ac6aa","name":"Redacci\u00f3n A Nova Peneira","image":{"@type":"ImageObject","inLanguage":"gl-ES","@id":"https:\/\/secure.gravatar.com\/avatar\/c052a2551a06e23fac63626232eaa90abd78dbcf1700fc46a2b2c89fd27b735f?s=96&d=mm&r=g","url":"https:\/\/secure.gravatar.com\/avatar\/c052a2551a06e23fac63626232eaa90abd78dbcf1700fc46a2b2c89fd27b735f?s=96&d=mm&r=g","contentUrl":"https:\/\/secure.gravatar.com\/avatar\/c052a2551a06e23fac63626232eaa90abd78dbcf1700fc46a2b2c89fd27b735f?s=96&d=mm&r=g","caption":"Redacci\u00f3n A Nova Peneira"},"sameAs":["http:\/\/www.anovapeneira.gal\/"],"url":"https:\/\/www.anovapeneira.gal\/index.php\/author\/redactor\/"}]}},"jetpack_featured_media_url":"https:\/\/www.anovapeneira.gal\/wp-content\/uploads\/2019\/07\/CIG_a_nova_peneira.png","_links":{"self":[{"href":"https:\/\/www.anovapeneira.gal\/index.php\/wp-json\/wp\/v2\/posts\/8505","targetHints":{"allow":["GET"]}}],"collection":[{"href":"https:\/\/www.anovapeneira.gal\/index.php\/wp-json\/wp\/v2\/posts"}],"about":[{"href":"https:\/\/www.anovapeneira.gal\/index.php\/wp-json\/wp\/v2\/types\/post"}],"author":[{"embeddable":true,"href":"https:\/\/www.anovapeneira.gal\/index.php\/wp-json\/wp\/v2\/users\/3"}],"replies":[{"embeddable":true,"href":"https:\/\/www.anovapeneira.gal\/index.php\/wp-json\/wp\/v2\/comments?post=8505"}],"version-history":[{"count":1,"href":"https:\/\/www.anovapeneira.gal\/index.php\/wp-json\/wp\/v2\/posts\/8505\/revisions"}],"predecessor-version":[{"id":8506,"href":"https:\/\/www.anovapeneira.gal\/index.php\/wp-json\/wp\/v2\/posts\/8505\/revisions\/8506"}],"wp:featuredmedia":[{"embeddable":true,"href":"https:\/\/www.anovapeneira.gal\/index.php\/wp-json\/wp\/v2\/media\/632"}],"wp:attachment":[{"href":"https:\/\/www.anovapeneira.gal\/index.php\/wp-json\/wp\/v2\/media?parent=8505"}],"wp:term":[{"taxonomy":"category","embeddable":true,"href":"https:\/\/www.anovapeneira.gal\/index.php\/wp-json\/wp\/v2\/categories?post=8505"},{"taxonomy":"post_tag","embeddable":true,"href":"https:\/\/www.anovapeneira.gal\/index.php\/wp-json\/wp\/v2\/tags?post=8505"}],"curies":[{"name":"wp","href":"https:\/\/api.w.org\/{rel}","templated":true}]}}