{"id":8507,"date":"2022-11-08T12:00:15","date_gmt":"2022-11-08T11:00:15","guid":{"rendered":"https:\/\/www.anovapeneira.gal\/?p=8507"},"modified":"2022-11-07T09:18:35","modified_gmt":"2022-11-07T08:18:35","slug":"os-socialistas-pidenlle-a-alcaldesa-que-aclare-como-vai-anular-as-multas-postas-na-contorna-da-igrexa-de-torroso-despois-das-suas-declaracions","status":"publish","type":"post","link":"https:\/\/www.anovapeneira.gal\/index.php\/2022\/11\/08\/os-socialistas-pidenlle-a-alcaldesa-que-aclare-como-vai-anular-as-multas-postas-na-contorna-da-igrexa-de-torroso-despois-das-suas-declaracions\/","title":{"rendered":"Os socialistas pidenlle a alcaldesa que aclare como vai anular as multas postas na contorna da igrexa de torroso despois das s\u00faas declaraci\u00f3ns"},"content":{"rendered":"\n<p>Trala humanizaci\u00f3n na contorna da Igrexa de Torroso, a\u00ednda despois de dicir por parte do goberno local que tan so se \u00eda limitar o tr\u00e1fico pesado nese tramo, coloc\u00e1ronse sinais limitando a circulaci\u00f3n a residentes. Durante a tarde do pasado luns d\u00eda 31 de outubro, patrullas da Polic\u00eda Local estiveron multando a veh\u00edculos que circulaban incumprindo as sinais de tr\u00e1fico.<\/p>\n\n\n\n<p>Os socialistas de Mos preguntaron por este feito no pleno do d\u00eda 2 de novembro despois de recibir informaci\u00f3ns contraditorias por parte da veci\u00f1anza, nas que se aseguraba que ditas multas \u00edan ser xestionadas para proceder a s\u00faa retirada. Situaci\u00f3n que os socialistas califican de pouco usual xa que a alcald\u00eda non pode interceder na potestade da Polic\u00eda Local. A alcaldesa pola s\u00faa banda, respondeu primeiro dicindo que non se multou a ningu\u00e9n, despois que non hai sanci\u00f3ns e finalizou dicindo que ningu\u00e9n \u00eda ter que pagar ningunha multa.<\/p>\n\n\n\n<p>A bancada socialista pregunta como a alcaldesa fai esta afirmaci\u00f3n. Dende o departamento da Polic\u00eda Local aseguran que esas sanci\u00f3ns son procedentes de acordo a sinalizaci\u00f3n existente. Polo tanto cuestionan o atrevemento de asegurar que se van a poder anular ditas multas cando \u00e9 un feito irregular por parte da alcald\u00eda, ademais de intentar enganar primeiramente cunhas declaraci\u00f3ns nas que afirmaba que non exist\u00edan multas.<\/p>\n\n\n\n<p>Os socialistas inciden en que este feito debese tam\u00e9n a confusi\u00f3n provocada na veci\u00f1anza por dicir, previo as obras, que tan so se \u00eda limitar o tr\u00e1fico pesado no tramo das melloras. Afirman ser conscientes de que os condutores te\u00f1en que respectar as normas de tr\u00e1fico, pero que neste caso ditas afirmaci\u00f3ns previas provocaron que se incorrese en malentendidos. Ademais de incorrer nun problema para toda aquela veci\u00f1anza que quer\u00eda e quere facer uso do torreiro da Igrexa, como vi\u00f1a sendo habitual. Situaci\u00f3n confusa que a veci\u00f1anza piden que se aclare, xa que dito torreiro foi cedido a administraci\u00f3n local para as obras de humanizaci\u00f3n.<\/p>\n\n\n\n<p>A voceira socialista, Victoria Alonso, califica de inadmisible a actitude da alcaldesa cando insin\u00faa que vai retirar multas. Alonso entende o malestar da veci\u00f1anza e afirma que a situaci\u00f3n viu provocada por unha mala xesti\u00f3n da informaci\u00f3n que se deu por parte do goberno, xa que deben concretar ca m\u00e1xima brevidade a situaci\u00f3n do tr\u00e1fico nesa zona e non caer na demagoxia de asegurar que pode retirar sanci\u00f3ns de tr\u00e1fico.<\/p>\n\n\n\n<figure class=\"wp-block-video\"><video height=\"288\" style=\"aspect-ratio: 640 \/ 288;\" width=\"640\" controls src=\"https:\/\/www.anovapeneira.gal\/wp-content\/uploads\/2022\/11\/WhatsApp-Video-2022-11-03-at-19.33.37.mp4\"><\/video><\/figure>\n","protected":false},"excerpt":{"rendered":"<div class=\"mh-excerpt\"><p>Trala humanizaci\u00f3n na contorna da Igrexa de Torroso, a\u00ednda despois de dicir por parte do goberno local que tan so se \u00eda limitar o tr\u00e1fico pesado nese tramo, coloc\u00e1ronse sinais limitando a circulaci\u00f3n a residentes. Durante a tarde do pasado luns d\u00eda 31 de outubro, patrullas da Polic\u00eda Local estiveron multando a veh\u00edculos que circulaban incumprindo as sinais de tr\u00e1fico <a class=\"mh-excerpt-more\" href=\"https:\/\/www.anovapeneira.gal\/index.php\/2022\/11\/08\/os-socialistas-pidenlle-a-alcaldesa-que-aclare-como-vai-anular-as-multas-postas-na-contorna-da-igrexa-de-torroso-despois-das-suas-declaracions\/\" title=\"Os socialistas pidenlle a alcaldesa que aclare como vai anular as multas postas na contorna da igrexa de torroso despois das s\u00faas declaraci\u00f3ns\">[&#8230;]<\/a><\/p>\n<\/div>","protected":false},"author":3,"featured_media":6833,"comment_status":"open","ping_status":"open","sticky":false,"template":"","format":"standard","meta":{"_exactmetrics_skip_tracking":false,"_exactmetrics_sitenote_active":false,"_exactmetrics_sitenote_note":"","_exactmetrics_sitenote_category":0,"footnotes":""},"categories":[23],"tags":[218],"class_list":{"0":"post-8507","1":"post","2":"type-post","3":"status-publish","4":"format-standard","5":"has-post-thumbnail","7":"category-a-lourina","8":"tag-concello-de-mos"},"yoast_head":"<!-- This site is optimized with the Yoast SEO plugin v27.4 - https:\/\/yoast.com\/product\/yoast-seo-wordpress\/ -->\n<title>Os socialistas pidenlle a alcaldesa que aclare como vai anular as multas postas na contorna da igrexa de torroso despois das s\u00faas declaraci\u00f3ns -<\/title>\n<meta name=\"description\" content=\"Trala humanizaci\u00f3n na contorna da Igrexa de Torroso, a\u00ednda despois de dicir por parte do goberno local que tan so se \u00eda limitar o tr\u00e1fico pesado nese tramo, coloc\u00e1ronse sinais limitando a circulaci\u00f3n a residentes. Durante a tarde do pasado luns d\u00eda 31 de outubro, patrullas da Polic\u00eda Local estiveron multando a veh\u00edculos que circulaban incumprindo as sinais de tr\u00e1fico\" \/>\n<meta name=\"robots\" content=\"index, follow, max-snippet:-1, max-image-preview:large, max-video-preview:-1\" \/>\n<link rel=\"canonical\" href=\"https:\/\/www.anovapeneira.gal\/index.php\/2022\/11\/08\/os-socialistas-pidenlle-a-alcaldesa-que-aclare-como-vai-anular-as-multas-postas-na-contorna-da-igrexa-de-torroso-despois-das-suas-declaracions\/\" \/>\n<meta property=\"og:locale\" content=\"gl_ES\" \/>\n<meta property=\"og:type\" content=\"article\" \/>\n<meta property=\"og:title\" content=\"Os socialistas pidenlle a alcaldesa que aclare como vai anular as multas postas na contorna da igrexa de torroso despois das s\u00faas declaraci\u00f3ns -\" \/>\n<meta property=\"og:description\" content=\"Trala humanizaci\u00f3n na contorna da Igrexa de Torroso, a\u00ednda despois de dicir por parte do goberno local que tan so se \u00eda limitar o tr\u00e1fico pesado nese tramo, coloc\u00e1ronse sinais limitando a circulaci\u00f3n a residentes. Durante a tarde do pasado luns d\u00eda 31 de outubro, patrullas da Polic\u00eda Local estiveron multando a veh\u00edculos que circulaban incumprindo as sinais de tr\u00e1fico\" \/>\n<meta property=\"og:url\" content=\"https:\/\/www.anovapeneira.gal\/index.php\/2022\/11\/08\/os-socialistas-pidenlle-a-alcaldesa-que-aclare-como-vai-anular-as-multas-postas-na-contorna-da-igrexa-de-torroso-despois-das-suas-declaracions\/\" \/>\n<meta property=\"article:publisher\" content=\"https:\/\/www.facebook.com\/anovapeneira\" \/>\n<meta property=\"article:published_time\" content=\"2022-11-08T11:00:15+00:00\" \/>\n<meta property=\"og:image\" content=\"https:\/\/www.anovapeneira.gal\/wp-content\/uploads\/2022\/01\/psdg_psoe_mos.png\" \/>\n\t<meta property=\"og:image:width\" content=\"720\" \/>\n\t<meta property=\"og:image:height\" content=\"432\" \/>\n\t<meta property=\"og:image:type\" content=\"image\/png\" \/>\n<meta name=\"author\" content=\"Redacci\u00f3n A Nova Peneira\" \/>\n<meta name=\"twitter:card\" content=\"summary_large_image\" \/>\n<meta name=\"twitter:creator\" content=\"@APeneira\" \/>\n<meta name=\"twitter:site\" content=\"@APeneira\" \/>\n<meta name=\"twitter:label1\" content=\"Escrito por\" \/>\n\t<meta name=\"twitter:data1\" content=\"Redacci\u00f3n A Nova Peneira\" \/>\n\t<meta name=\"twitter:label2\" content=\"Tempo de lectura\" \/>\n\t<meta name=\"twitter:data2\" content=\"3 minutos\" \/>\n<script type=\"application\/ld+json\" class=\"yoast-schema-graph\">{\"@context\":\"https:\\\/\\\/schema.org\",\"@graph\":[{\"@type\":\"Article\",\"@id\":\"https:\\\/\\\/www.anovapeneira.gal\\\/index.php\\\/2022\\\/11\\\/08\\\/os-socialistas-pidenlle-a-alcaldesa-que-aclare-como-vai-anular-as-multas-postas-na-contorna-da-igrexa-de-torroso-despois-das-suas-declaracions\\\/#article\",\"isPartOf\":{\"@id\":\"https:\\\/\\\/www.anovapeneira.gal\\\/index.php\\\/2022\\\/11\\\/08\\\/os-socialistas-pidenlle-a-alcaldesa-que-aclare-como-vai-anular-as-multas-postas-na-contorna-da-igrexa-de-torroso-despois-das-suas-declaracions\\\/\"},\"author\":{\"name\":\"Redacci\u00f3n A Nova Peneira\",\"@id\":\"https:\\\/\\\/www.anovapeneira.gal\\\/#\\\/schema\\\/person\\\/b93e3f8932e3f8da96334607eb6ac6aa\"},\"headline\":\"Os socialistas pidenlle a alcaldesa que aclare como vai anular as multas postas na contorna da igrexa de torroso despois das s\u00faas declaraci\u00f3ns\",\"datePublished\":\"2022-11-08T11:00:15+00:00\",\"mainEntityOfPage\":{\"@id\":\"https:\\\/\\\/www.anovapeneira.gal\\\/index.php\\\/2022\\\/11\\\/08\\\/os-socialistas-pidenlle-a-alcaldesa-que-aclare-como-vai-anular-as-multas-postas-na-contorna-da-igrexa-de-torroso-despois-das-suas-declaracions\\\/\"},\"wordCount\":462,\"commentCount\":0,\"publisher\":{\"@id\":\"https:\\\/\\\/www.anovapeneira.gal\\\/#organization\"},\"image\":{\"@id\":\"https:\\\/\\\/www.anovapeneira.gal\\\/index.php\\\/2022\\\/11\\\/08\\\/os-socialistas-pidenlle-a-alcaldesa-que-aclare-como-vai-anular-as-multas-postas-na-contorna-da-igrexa-de-torroso-despois-das-suas-declaracions\\\/#primaryimage\"},\"thumbnailUrl\":\"https:\\\/\\\/www.anovapeneira.gal\\\/wp-content\\\/uploads\\\/2022\\\/01\\\/psdg_psoe_mos.png\",\"keywords\":[\"Concello de Mos\"],\"articleSection\":[\"A Louri\u00f1a\"],\"inLanguage\":\"gl-ES\",\"potentialAction\":[{\"@type\":\"CommentAction\",\"name\":\"Comment\",\"target\":[\"https:\\\/\\\/www.anovapeneira.gal\\\/index.php\\\/2022\\\/11\\\/08\\\/os-socialistas-pidenlle-a-alcaldesa-que-aclare-como-vai-anular-as-multas-postas-na-contorna-da-igrexa-de-torroso-despois-das-suas-declaracions\\\/#respond\"]}]},{\"@type\":\"WebPage\",\"@id\":\"https:\\\/\\\/www.anovapeneira.gal\\\/index.php\\\/2022\\\/11\\\/08\\\/os-socialistas-pidenlle-a-alcaldesa-que-aclare-como-vai-anular-as-multas-postas-na-contorna-da-igrexa-de-torroso-despois-das-suas-declaracions\\\/\",\"url\":\"https:\\\/\\\/www.anovapeneira.gal\\\/index.php\\\/2022\\\/11\\\/08\\\/os-socialistas-pidenlle-a-alcaldesa-que-aclare-como-vai-anular-as-multas-postas-na-contorna-da-igrexa-de-torroso-despois-das-suas-declaracions\\\/\",\"name\":\"Os socialistas pidenlle a alcaldesa que aclare como vai anular as multas postas na contorna da igrexa de torroso despois das s\u00faas declaraci\u00f3ns -\",\"isPartOf\":{\"@id\":\"https:\\\/\\\/www.anovapeneira.gal\\\/#website\"},\"primaryImageOfPage\":{\"@id\":\"https:\\\/\\\/www.anovapeneira.gal\\\/index.php\\\/2022\\\/11\\\/08\\\/os-socialistas-pidenlle-a-alcaldesa-que-aclare-como-vai-anular-as-multas-postas-na-contorna-da-igrexa-de-torroso-despois-das-suas-declaracions\\\/#primaryimage\"},\"image\":{\"@id\":\"https:\\\/\\\/www.anovapeneira.gal\\\/index.php\\\/2022\\\/11\\\/08\\\/os-socialistas-pidenlle-a-alcaldesa-que-aclare-como-vai-anular-as-multas-postas-na-contorna-da-igrexa-de-torroso-despois-das-suas-declaracions\\\/#primaryimage\"},\"thumbnailUrl\":\"https:\\\/\\\/www.anovapeneira.gal\\\/wp-content\\\/uploads\\\/2022\\\/01\\\/psdg_psoe_mos.png\",\"datePublished\":\"2022-11-08T11:00:15+00:00\",\"description\":\"Trala humanizaci\u00f3n na contorna da Igrexa de Torroso, a\u00ednda despois de dicir por parte do goberno local que tan so se \u00eda limitar o tr\u00e1fico pesado nese tramo, coloc\u00e1ronse sinais limitando a circulaci\u00f3n a residentes. Durante a tarde do pasado luns d\u00eda 31 de outubro, patrullas da Polic\u00eda Local estiveron multando a veh\u00edculos que circulaban incumprindo as sinais de tr\u00e1fico\",\"breadcrumb\":{\"@id\":\"https:\\\/\\\/www.anovapeneira.gal\\\/index.php\\\/2022\\\/11\\\/08\\\/os-socialistas-pidenlle-a-alcaldesa-que-aclare-como-vai-anular-as-multas-postas-na-contorna-da-igrexa-de-torroso-despois-das-suas-declaracions\\\/#breadcrumb\"},\"inLanguage\":\"gl-ES\",\"potentialAction\":[{\"@type\":\"ReadAction\",\"target\":[\"https:\\\/\\\/www.anovapeneira.gal\\\/index.php\\\/2022\\\/11\\\/08\\\/os-socialistas-pidenlle-a-alcaldesa-que-aclare-como-vai-anular-as-multas-postas-na-contorna-da-igrexa-de-torroso-despois-das-suas-declaracions\\\/\"]}]},{\"@type\":\"ImageObject\",\"inLanguage\":\"gl-ES\",\"@id\":\"https:\\\/\\\/www.anovapeneira.gal\\\/index.php\\\/2022\\\/11\\\/08\\\/os-socialistas-pidenlle-a-alcaldesa-que-aclare-como-vai-anular-as-multas-postas-na-contorna-da-igrexa-de-torroso-despois-das-suas-declaracions\\\/#primaryimage\",\"url\":\"https:\\\/\\\/www.anovapeneira.gal\\\/wp-content\\\/uploads\\\/2022\\\/01\\\/psdg_psoe_mos.png\",\"contentUrl\":\"https:\\\/\\\/www.anovapeneira.gal\\\/wp-content\\\/uploads\\\/2022\\\/01\\\/psdg_psoe_mos.png\",\"width\":720,\"height\":432,\"caption\":\"Psdg psoe mos\"},{\"@type\":\"BreadcrumbList\",\"@id\":\"https:\\\/\\\/www.anovapeneira.gal\\\/index.php\\\/2022\\\/11\\\/08\\\/os-socialistas-pidenlle-a-alcaldesa-que-aclare-como-vai-anular-as-multas-postas-na-contorna-da-igrexa-de-torroso-despois-das-suas-declaracions\\\/#breadcrumb\",\"itemListElement\":[{\"@type\":\"ListItem\",\"position\":1,\"name\":\"Portada\",\"item\":\"https:\\\/\\\/www.anovapeneira.gal\\\/\"},{\"@type\":\"ListItem\",\"position\":2,\"name\":\"Os socialistas pidenlle a alcaldesa que aclare como vai anular as multas postas na contorna da igrexa de torroso despois das s\u00faas declaraci\u00f3ns\"}]},{\"@type\":\"WebSite\",\"@id\":\"https:\\\/\\\/www.anovapeneira.gal\\\/#website\",\"url\":\"https:\\\/\\\/www.anovapeneira.gal\\\/\",\"name\":\"\",\"description\":\"Xornal galego de informaci\u00f3n xeral Publicaci\u00f3n mensual de novas de Galicia e en especial dos Concellos da sur da provincia de Pontevedra.\",\"publisher\":{\"@id\":\"https:\\\/\\\/www.anovapeneira.gal\\\/#organization\"},\"potentialAction\":[{\"@type\":\"SearchAction\",\"target\":{\"@type\":\"EntryPoint\",\"urlTemplate\":\"https:\\\/\\\/www.anovapeneira.gal\\\/?s={search_term_string}\"},\"query-input\":{\"@type\":\"PropertyValueSpecification\",\"valueRequired\":true,\"valueName\":\"search_term_string\"}}],\"inLanguage\":\"gl-ES\"},{\"@type\":\"Organization\",\"@id\":\"https:\\\/\\\/www.anovapeneira.gal\\\/#organization\",\"name\":\"A Nova Peneira\",\"url\":\"https:\\\/\\\/www.anovapeneira.gal\\\/\",\"logo\":{\"@type\":\"ImageObject\",\"inLanguage\":\"gl-ES\",\"@id\":\"https:\\\/\\\/www.anovapeneira.gal\\\/#\\\/schema\\\/logo\\\/image\\\/\",\"url\":\"http:\\\/\\\/www.anovapeneira.gal\\\/wp-content\\\/uploads\\\/2019\\\/06\\\/logo_a_nova_peneira_portal_web.png\",\"contentUrl\":\"http:\\\/\\\/www.anovapeneira.gal\\\/wp-content\\\/uploads\\\/2019\\\/06\\\/logo_a_nova_peneira_portal_web.png\",\"width\":300,\"height\":100,\"caption\":\"A Nova Peneira\"},\"image\":{\"@id\":\"https:\\\/\\\/www.anovapeneira.gal\\\/#\\\/schema\\\/logo\\\/image\\\/\"},\"sameAs\":[\"https:\\\/\\\/www.facebook.com\\\/anovapeneira\",\"https:\\\/\\\/x.com\\\/APeneira\"]},{\"@type\":\"Person\",\"@id\":\"https:\\\/\\\/www.anovapeneira.gal\\\/#\\\/schema\\\/person\\\/b93e3f8932e3f8da96334607eb6ac6aa\",\"name\":\"Redacci\u00f3n A Nova Peneira\",\"image\":{\"@type\":\"ImageObject\",\"inLanguage\":\"gl-ES\",\"@id\":\"https:\\\/\\\/secure.gravatar.com\\\/avatar\\\/c052a2551a06e23fac63626232eaa90abd78dbcf1700fc46a2b2c89fd27b735f?s=96&d=mm&r=g\",\"url\":\"https:\\\/\\\/secure.gravatar.com\\\/avatar\\\/c052a2551a06e23fac63626232eaa90abd78dbcf1700fc46a2b2c89fd27b735f?s=96&d=mm&r=g\",\"contentUrl\":\"https:\\\/\\\/secure.gravatar.com\\\/avatar\\\/c052a2551a06e23fac63626232eaa90abd78dbcf1700fc46a2b2c89fd27b735f?s=96&d=mm&r=g\",\"caption\":\"Redacci\u00f3n A Nova Peneira\"},\"sameAs\":[\"http:\\\/\\\/www.anovapeneira.gal\\\/\"],\"url\":\"https:\\\/\\\/www.anovapeneira.gal\\\/index.php\\\/author\\\/redactor\\\/\"}]}<\/script>\n<!-- \/ Yoast SEO plugin. -->","yoast_head_json":{"title":"Os socialistas pidenlle a alcaldesa que aclare como vai anular as multas postas na contorna da igrexa de torroso despois das s\u00faas declaraci\u00f3ns -","description":"Trala humanizaci\u00f3n na contorna da Igrexa de Torroso, a\u00ednda despois de dicir por parte do goberno local que tan so se \u00eda limitar o tr\u00e1fico pesado nese tramo, coloc\u00e1ronse sinais limitando a circulaci\u00f3n a residentes. Durante a tarde do pasado luns d\u00eda 31 de outubro, patrullas da Polic\u00eda Local estiveron multando a veh\u00edculos que circulaban incumprindo as sinais de tr\u00e1fico","robots":{"index":"index","follow":"follow","max-snippet":"max-snippet:-1","max-image-preview":"max-image-preview:large","max-video-preview":"max-video-preview:-1"},"canonical":"https:\/\/www.anovapeneira.gal\/index.php\/2022\/11\/08\/os-socialistas-pidenlle-a-alcaldesa-que-aclare-como-vai-anular-as-multas-postas-na-contorna-da-igrexa-de-torroso-despois-das-suas-declaracions\/","og_locale":"gl_ES","og_type":"article","og_title":"Os socialistas pidenlle a alcaldesa que aclare como vai anular as multas postas na contorna da igrexa de torroso despois das s\u00faas declaraci\u00f3ns -","og_description":"Trala humanizaci\u00f3n na contorna da Igrexa de Torroso, a\u00ednda despois de dicir por parte do goberno local que tan so se \u00eda limitar o tr\u00e1fico pesado nese tramo, coloc\u00e1ronse sinais limitando a circulaci\u00f3n a residentes. Durante a tarde do pasado luns d\u00eda 31 de outubro, patrullas da Polic\u00eda Local estiveron multando a veh\u00edculos que circulaban incumprindo as sinais de tr\u00e1fico","og_url":"https:\/\/www.anovapeneira.gal\/index.php\/2022\/11\/08\/os-socialistas-pidenlle-a-alcaldesa-que-aclare-como-vai-anular-as-multas-postas-na-contorna-da-igrexa-de-torroso-despois-das-suas-declaracions\/","article_publisher":"https:\/\/www.facebook.com\/anovapeneira","article_published_time":"2022-11-08T11:00:15+00:00","og_image":[{"width":720,"height":432,"url":"https:\/\/www.anovapeneira.gal\/wp-content\/uploads\/2022\/01\/psdg_psoe_mos.png","type":"image\/png"}],"author":"Redacci\u00f3n A Nova Peneira","twitter_card":"summary_large_image","twitter_creator":"@APeneira","twitter_site":"@APeneira","twitter_misc":{"Escrito por":"Redacci\u00f3n A Nova Peneira","Tempo de lectura":"3 minutos"},"schema":{"@context":"https:\/\/schema.org","@graph":[{"@type":"Article","@id":"https:\/\/www.anovapeneira.gal\/index.php\/2022\/11\/08\/os-socialistas-pidenlle-a-alcaldesa-que-aclare-como-vai-anular-as-multas-postas-na-contorna-da-igrexa-de-torroso-despois-das-suas-declaracions\/#article","isPartOf":{"@id":"https:\/\/www.anovapeneira.gal\/index.php\/2022\/11\/08\/os-socialistas-pidenlle-a-alcaldesa-que-aclare-como-vai-anular-as-multas-postas-na-contorna-da-igrexa-de-torroso-despois-das-suas-declaracions\/"},"author":{"name":"Redacci\u00f3n A Nova Peneira","@id":"https:\/\/www.anovapeneira.gal\/#\/schema\/person\/b93e3f8932e3f8da96334607eb6ac6aa"},"headline":"Os socialistas pidenlle a alcaldesa que aclare como vai anular as multas postas na contorna da igrexa de torroso despois das s\u00faas declaraci\u00f3ns","datePublished":"2022-11-08T11:00:15+00:00","mainEntityOfPage":{"@id":"https:\/\/www.anovapeneira.gal\/index.php\/2022\/11\/08\/os-socialistas-pidenlle-a-alcaldesa-que-aclare-como-vai-anular-as-multas-postas-na-contorna-da-igrexa-de-torroso-despois-das-suas-declaracions\/"},"wordCount":462,"commentCount":0,"publisher":{"@id":"https:\/\/www.anovapeneira.gal\/#organization"},"image":{"@id":"https:\/\/www.anovapeneira.gal\/index.php\/2022\/11\/08\/os-socialistas-pidenlle-a-alcaldesa-que-aclare-como-vai-anular-as-multas-postas-na-contorna-da-igrexa-de-torroso-despois-das-suas-declaracions\/#primaryimage"},"thumbnailUrl":"https:\/\/www.anovapeneira.gal\/wp-content\/uploads\/2022\/01\/psdg_psoe_mos.png","keywords":["Concello de Mos"],"articleSection":["A Louri\u00f1a"],"inLanguage":"gl-ES","potentialAction":[{"@type":"CommentAction","name":"Comment","target":["https:\/\/www.anovapeneira.gal\/index.php\/2022\/11\/08\/os-socialistas-pidenlle-a-alcaldesa-que-aclare-como-vai-anular-as-multas-postas-na-contorna-da-igrexa-de-torroso-despois-das-suas-declaracions\/#respond"]}]},{"@type":"WebPage","@id":"https:\/\/www.anovapeneira.gal\/index.php\/2022\/11\/08\/os-socialistas-pidenlle-a-alcaldesa-que-aclare-como-vai-anular-as-multas-postas-na-contorna-da-igrexa-de-torroso-despois-das-suas-declaracions\/","url":"https:\/\/www.anovapeneira.gal\/index.php\/2022\/11\/08\/os-socialistas-pidenlle-a-alcaldesa-que-aclare-como-vai-anular-as-multas-postas-na-contorna-da-igrexa-de-torroso-despois-das-suas-declaracions\/","name":"Os socialistas pidenlle a alcaldesa que aclare como vai anular as multas postas na contorna da igrexa de torroso despois das s\u00faas declaraci\u00f3ns -","isPartOf":{"@id":"https:\/\/www.anovapeneira.gal\/#website"},"primaryImageOfPage":{"@id":"https:\/\/www.anovapeneira.gal\/index.php\/2022\/11\/08\/os-socialistas-pidenlle-a-alcaldesa-que-aclare-como-vai-anular-as-multas-postas-na-contorna-da-igrexa-de-torroso-despois-das-suas-declaracions\/#primaryimage"},"image":{"@id":"https:\/\/www.anovapeneira.gal\/index.php\/2022\/11\/08\/os-socialistas-pidenlle-a-alcaldesa-que-aclare-como-vai-anular-as-multas-postas-na-contorna-da-igrexa-de-torroso-despois-das-suas-declaracions\/#primaryimage"},"thumbnailUrl":"https:\/\/www.anovapeneira.gal\/wp-content\/uploads\/2022\/01\/psdg_psoe_mos.png","datePublished":"2022-11-08T11:00:15+00:00","description":"Trala humanizaci\u00f3n na contorna da Igrexa de Torroso, a\u00ednda despois de dicir por parte do goberno local que tan so se \u00eda limitar o tr\u00e1fico pesado nese tramo, coloc\u00e1ronse sinais limitando a circulaci\u00f3n a residentes. Durante a tarde do pasado luns d\u00eda 31 de outubro, patrullas da Polic\u00eda Local estiveron multando a veh\u00edculos que circulaban incumprindo as sinais de tr\u00e1fico","breadcrumb":{"@id":"https:\/\/www.anovapeneira.gal\/index.php\/2022\/11\/08\/os-socialistas-pidenlle-a-alcaldesa-que-aclare-como-vai-anular-as-multas-postas-na-contorna-da-igrexa-de-torroso-despois-das-suas-declaracions\/#breadcrumb"},"inLanguage":"gl-ES","potentialAction":[{"@type":"ReadAction","target":["https:\/\/www.anovapeneira.gal\/index.php\/2022\/11\/08\/os-socialistas-pidenlle-a-alcaldesa-que-aclare-como-vai-anular-as-multas-postas-na-contorna-da-igrexa-de-torroso-despois-das-suas-declaracions\/"]}]},{"@type":"ImageObject","inLanguage":"gl-ES","@id":"https:\/\/www.anovapeneira.gal\/index.php\/2022\/11\/08\/os-socialistas-pidenlle-a-alcaldesa-que-aclare-como-vai-anular-as-multas-postas-na-contorna-da-igrexa-de-torroso-despois-das-suas-declaracions\/#primaryimage","url":"https:\/\/www.anovapeneira.gal\/wp-content\/uploads\/2022\/01\/psdg_psoe_mos.png","contentUrl":"https:\/\/www.anovapeneira.gal\/wp-content\/uploads\/2022\/01\/psdg_psoe_mos.png","width":720,"height":432,"caption":"Psdg psoe mos"},{"@type":"BreadcrumbList","@id":"https:\/\/www.anovapeneira.gal\/index.php\/2022\/11\/08\/os-socialistas-pidenlle-a-alcaldesa-que-aclare-como-vai-anular-as-multas-postas-na-contorna-da-igrexa-de-torroso-despois-das-suas-declaracions\/#breadcrumb","itemListElement":[{"@type":"ListItem","position":1,"name":"Portada","item":"https:\/\/www.anovapeneira.gal\/"},{"@type":"ListItem","position":2,"name":"Os socialistas pidenlle a alcaldesa que aclare como vai anular as multas postas na contorna da igrexa de torroso despois das s\u00faas declaraci\u00f3ns"}]},{"@type":"WebSite","@id":"https:\/\/www.anovapeneira.gal\/#website","url":"https:\/\/www.anovapeneira.gal\/","name":"","description":"Xornal galego de informaci\u00f3n xeral Publicaci\u00f3n mensual de novas de Galicia e en especial dos Concellos da sur da provincia de Pontevedra.","publisher":{"@id":"https:\/\/www.anovapeneira.gal\/#organization"},"potentialAction":[{"@type":"SearchAction","target":{"@type":"EntryPoint","urlTemplate":"https:\/\/www.anovapeneira.gal\/?s={search_term_string}"},"query-input":{"@type":"PropertyValueSpecification","valueRequired":true,"valueName":"search_term_string"}}],"inLanguage":"gl-ES"},{"@type":"Organization","@id":"https:\/\/www.anovapeneira.gal\/#organization","name":"A Nova Peneira","url":"https:\/\/www.anovapeneira.gal\/","logo":{"@type":"ImageObject","inLanguage":"gl-ES","@id":"https:\/\/www.anovapeneira.gal\/#\/schema\/logo\/image\/","url":"http:\/\/www.anovapeneira.gal\/wp-content\/uploads\/2019\/06\/logo_a_nova_peneira_portal_web.png","contentUrl":"http:\/\/www.anovapeneira.gal\/wp-content\/uploads\/2019\/06\/logo_a_nova_peneira_portal_web.png","width":300,"height":100,"caption":"A Nova Peneira"},"image":{"@id":"https:\/\/www.anovapeneira.gal\/#\/schema\/logo\/image\/"},"sameAs":["https:\/\/www.facebook.com\/anovapeneira","https:\/\/x.com\/APeneira"]},{"@type":"Person","@id":"https:\/\/www.anovapeneira.gal\/#\/schema\/person\/b93e3f8932e3f8da96334607eb6ac6aa","name":"Redacci\u00f3n A Nova Peneira","image":{"@type":"ImageObject","inLanguage":"gl-ES","@id":"https:\/\/secure.gravatar.com\/avatar\/c052a2551a06e23fac63626232eaa90abd78dbcf1700fc46a2b2c89fd27b735f?s=96&d=mm&r=g","url":"https:\/\/secure.gravatar.com\/avatar\/c052a2551a06e23fac63626232eaa90abd78dbcf1700fc46a2b2c89fd27b735f?s=96&d=mm&r=g","contentUrl":"https:\/\/secure.gravatar.com\/avatar\/c052a2551a06e23fac63626232eaa90abd78dbcf1700fc46a2b2c89fd27b735f?s=96&d=mm&r=g","caption":"Redacci\u00f3n A Nova Peneira"},"sameAs":["http:\/\/www.anovapeneira.gal\/"],"url":"https:\/\/www.anovapeneira.gal\/index.php\/author\/redactor\/"}]}},"jetpack_featured_media_url":"https:\/\/www.anovapeneira.gal\/wp-content\/uploads\/2022\/01\/psdg_psoe_mos.png","_links":{"self":[{"href":"https:\/\/www.anovapeneira.gal\/index.php\/wp-json\/wp\/v2\/posts\/8507","targetHints":{"allow":["GET"]}}],"collection":[{"href":"https:\/\/www.anovapeneira.gal\/index.php\/wp-json\/wp\/v2\/posts"}],"about":[{"href":"https:\/\/www.anovapeneira.gal\/index.php\/wp-json\/wp\/v2\/types\/post"}],"author":[{"embeddable":true,"href":"https:\/\/www.anovapeneira.gal\/index.php\/wp-json\/wp\/v2\/users\/3"}],"replies":[{"embeddable":true,"href":"https:\/\/www.anovapeneira.gal\/index.php\/wp-json\/wp\/v2\/comments?post=8507"}],"version-history":[{"count":4,"href":"https:\/\/www.anovapeneira.gal\/index.php\/wp-json\/wp\/v2\/posts\/8507\/revisions"}],"predecessor-version":[{"id":8512,"href":"https:\/\/www.anovapeneira.gal\/index.php\/wp-json\/wp\/v2\/posts\/8507\/revisions\/8512"}],"wp:featuredmedia":[{"embeddable":true,"href":"https:\/\/www.anovapeneira.gal\/index.php\/wp-json\/wp\/v2\/media\/6833"}],"wp:attachment":[{"href":"https:\/\/www.anovapeneira.gal\/index.php\/wp-json\/wp\/v2\/media?parent=8507"}],"wp:term":[{"taxonomy":"category","embeddable":true,"href":"https:\/\/www.anovapeneira.gal\/index.php\/wp-json\/wp\/v2\/categories?post=8507"},{"taxonomy":"post_tag","embeddable":true,"href":"https:\/\/www.anovapeneira.gal\/index.php\/wp-json\/wp\/v2\/tags?post=8507"}],"curies":[{"name":"wp","href":"https:\/\/api.w.org\/{rel}","templated":true}]}}