{"id":8516,"date":"2022-11-09T12:00:47","date_gmt":"2022-11-09T11:00:47","guid":{"rendered":"https:\/\/www.anovapeneira.gal\/?p=8516"},"modified":"2022-11-07T09:33:10","modified_gmt":"2022-11-07T08:33:10","slug":"o-alcalde-xose-emilio-barros-revalidado-en-asemblea-como-candidato-do-bng-de-mondariz-para-as-municipais-de-2023","status":"publish","type":"post","link":"https:\/\/www.anovapeneira.gal\/index.php\/2022\/11\/09\/o-alcalde-xose-emilio-barros-revalidado-en-asemblea-como-candidato-do-bng-de-mondariz-para-as-municipais-de-2023\/","title":{"rendered":"O alcalde Xos\u00e9 Emilio Barros, revalidado en asemblea como candidato do BNG de Mondariz para as municipais de 2023"},"content":{"rendered":"\n<p>A asemblea local do BNG de Mondariz, reunida este pasado venres para decidir a s\u00faa candidatura nas elecci\u00f3ns municipais de 2023, respaldou o traballo pol\u00edtico dos seus tres concelleiros no Goberno municipal revalidando por unanimidade ao alcalde, Xos\u00e9 Emilio Barros Bello, como cabeza de lista e candidato da formaci\u00f3n nacionalista no Concello de Mondariz.<\/p>\n\n\n\n<p>\u201cHai un proxecto de futuro de pobo en marcha do que debemos sertirnos orgullosos e orgullosas\u201d, manifestou Barros diante das decenas de militantes e simpatizantes do BNG de Mondariz reunidos en asemblea local. \u201cSe acepto encabezar esta candidatura \u00e9 por representar un proxecto colectivo, un proxecto pol\u00edtico de cambio e transformaci\u00f3n para Mondariz. Non estou por ning\u00fan interese persoal\u201d.<\/p>\n\n\n\n<p><a><\/a><strong>Xos\u00e9 Emilio Barros liderar\u00e1 a candidatura do BNG de Mondariz nas elecci\u00f3ns municipais de 2023<\/strong> acompa\u00f1ado novamente por <strong>Leopoldo Tato e Anxos Carballo<\/strong>, actuais concelleiros do BNG no Goberno municipal de coalici\u00f3n, nos primeiros postos da lista. O alcalde de Mondariz propuxo aspirar a un segundo mandato co n\u00facleo duro do equipo pol\u00edtico actual, co obxectivo de continuar os traballos de cambio e transformaci\u00f3n iniciados en 2019. \u201cEstamos sentando as bases da modernizaci\u00f3n de Mondariz, algo que ning\u00fan Goberno municipal at\u00e9 agora fixo. O cami\u00f1o est\u00e1 perfectamente trazado. Cando se consumen os proxectos iniciados durante este mandato poderemos ver os resultados deste proxecto pol\u00edtico de cambio e transformaci\u00f3n, tan necesario para o futuro de Mondariz\u201d.<\/p>\n\n\n\n<p>Ademais de ter mellorado servizos tan b\u00e1sicos como a subministraci\u00f3n de auga e contar con enormes investimentos en infraestruturas municipais en marcha \u2013cambio a LED de toda a rede municipal de alumeado p\u00fablico con fondos europeos FEDER, reforma integral da antiga escola unitaria de Vilar con fondos europeos Next Generation, construci\u00f3n dun centro de ocio e deporte urbano no Campo da Minada con fondos do ReactPon da Deputaci\u00f3n de Pontevedra, ampliaci\u00f3n e mellora dunha senda fluvial xunto ao r\u00edo Xabri\u00f1a a trav\u00e9s dun convenio coa CHMS,&#8230;\u2013, o BNG de Mondariz est\u00e1 promovendo activamente a creaci\u00f3n de solo empresarial e solo dotacional para uso tur\u00edstico desde a Alcald\u00eda. Diante da militancia, Xos\u00e9 Emilio Barros destacou que estes traballos pol\u00edticos e administrativos, arduos e de dif\u00edcil visibilidade para a poboaci\u00f3n, son os que marcan o futuro dos concellos. Neste sentido, puxo o exemplo dunha decisi\u00f3n tomada hai tres d\u00e9cadas, como a non inclusi\u00f3n do Concello de Mondariz na denominaci\u00f3n de orixe R\u00edas Baixas, que a d\u00eda de hoxe define o desenvolvemento rural dos concellos da comarca e explica por que as ladeiras de Arbo est\u00e1n cheas de vides e as ladeiras de Mondariz est\u00e1n a monte.<\/p>\n\n\n\n<p>Para dar continuidade \u00e1s estratexias pol\u00edticas que se puxeron en marcha nos \u00faltimos tres anos e medio, o BNG de Mondariz aspira a converterse na lista m\u00e1is votada do Concello. Para seguir gobernando e mellorar a\u00ednda m\u00e1is a xesti\u00f3n pol\u00edtica desde o Concello de Mondariz \u00e9 necesario sumar concelleiros e concelleiras.<\/p>\n\n\n\n<p>O proceso de democracia interna que caracteriza o BNG levou a debatir na asemblea local sobre a acci\u00f3n de goberno no Concello de Mondariz, dado que hai proxectos en marcha de enorme magnitude que non se visibilizan na s\u00faa xusta medida. \u201cPara n\u00f3s, gobernar non \u00e9 unha cuesti\u00f3n de prebendas ou de contentar a uns e a outros. Representamos un proxecto pol\u00edtico que vai m\u00e1is al\u00e1 da xesti\u00f3n de asuntos coti\u00e1s, o \u00fanico proxecto pol\u00edtico da localidade que aspira a modernizar e reactivar de verdade este pobo\u201d.<\/p>\n","protected":false},"excerpt":{"rendered":"<div class=\"mh-excerpt\"><p>A asemblea local do BNG de Mondariz, reunida este pasado venres para decidir a s\u00faa candidatura nas elecci\u00f3ns municipais de 2023 <a class=\"mh-excerpt-more\" href=\"https:\/\/www.anovapeneira.gal\/index.php\/2022\/11\/09\/o-alcalde-xose-emilio-barros-revalidado-en-asemblea-como-candidato-do-bng-de-mondariz-para-as-municipais-de-2023\/\" title=\"O alcalde Xos\u00e9 Emilio Barros, revalidado en asemblea como candidato do BNG de Mondariz para as municipais de 2023\">[&#8230;]<\/a><\/p>\n<\/div>","protected":false},"author":3,"featured_media":8517,"comment_status":"open","ping_status":"open","sticky":false,"template":"","format":"standard","meta":{"_exactmetrics_skip_tracking":false,"_exactmetrics_sitenote_active":false,"_exactmetrics_sitenote_note":"","_exactmetrics_sitenote_category":0,"footnotes":""},"categories":[25],"tags":[405],"class_list":{"0":"post-8516","1":"post","2":"type-post","3":"status-publish","4":"format-standard","5":"has-post-thumbnail","7":"category-condado","8":"tag-concello-de-mondariz"},"yoast_head":"<!-- This site is optimized with the Yoast SEO plugin v27.4 - https:\/\/yoast.com\/product\/yoast-seo-wordpress\/ -->\n<title>O alcalde Xos\u00e9 Emilio Barros, revalidado en asemblea como candidato do BNG de Mondariz para as municipais de 2023 -<\/title>\n<meta name=\"description\" content=\"A asemblea local do BNG de Mondariz, reunida este pasado venres para decidir a s\u00faa candidatura nas elecci\u00f3ns municipais de 2023\" \/>\n<meta name=\"robots\" content=\"index, follow, max-snippet:-1, max-image-preview:large, max-video-preview:-1\" \/>\n<link rel=\"canonical\" href=\"https:\/\/www.anovapeneira.gal\/index.php\/2022\/11\/09\/o-alcalde-xose-emilio-barros-revalidado-en-asemblea-como-candidato-do-bng-de-mondariz-para-as-municipais-de-2023\/\" \/>\n<meta property=\"og:locale\" content=\"gl_ES\" \/>\n<meta property=\"og:type\" content=\"article\" \/>\n<meta property=\"og:title\" content=\"O alcalde Xos\u00e9 Emilio Barros, revalidado en asemblea como candidato do BNG de Mondariz para as municipais de 2023 -\" \/>\n<meta property=\"og:description\" content=\"A asemblea local do BNG de Mondariz, reunida este pasado venres para decidir a s\u00faa candidatura nas elecci\u00f3ns municipais de 2023\" \/>\n<meta property=\"og:url\" content=\"https:\/\/www.anovapeneira.gal\/index.php\/2022\/11\/09\/o-alcalde-xose-emilio-barros-revalidado-en-asemblea-como-candidato-do-bng-de-mondariz-para-as-municipais-de-2023\/\" \/>\n<meta property=\"article:publisher\" content=\"https:\/\/www.facebook.com\/anovapeneira\" \/>\n<meta property=\"article:published_time\" content=\"2022-11-09T11:00:47+00:00\" \/>\n<meta property=\"og:image\" content=\"https:\/\/www.anovapeneira.gal\/wp-content\/uploads\/2022\/11\/bng_mondariz.jpg\" \/>\n\t<meta property=\"og:image:width\" content=\"720\" \/>\n\t<meta property=\"og:image:height\" content=\"432\" \/>\n\t<meta property=\"og:image:type\" content=\"image\/jpeg\" \/>\n<meta name=\"author\" content=\"Redacci\u00f3n A Nova Peneira\" \/>\n<meta name=\"twitter:card\" content=\"summary_large_image\" \/>\n<meta name=\"twitter:creator\" content=\"@APeneira\" \/>\n<meta name=\"twitter:site\" content=\"@APeneira\" \/>\n<meta name=\"twitter:label1\" content=\"Escrito por\" \/>\n\t<meta name=\"twitter:data1\" content=\"Redacci\u00f3n A Nova Peneira\" \/>\n\t<meta name=\"twitter:label2\" content=\"Tempo de lectura\" \/>\n\t<meta name=\"twitter:data2\" content=\"4 minutos\" \/>\n<script type=\"application\/ld+json\" class=\"yoast-schema-graph\">{\"@context\":\"https:\\\/\\\/schema.org\",\"@graph\":[{\"@type\":\"Article\",\"@id\":\"https:\\\/\\\/www.anovapeneira.gal\\\/index.php\\\/2022\\\/11\\\/09\\\/o-alcalde-xose-emilio-barros-revalidado-en-asemblea-como-candidato-do-bng-de-mondariz-para-as-municipais-de-2023\\\/#article\",\"isPartOf\":{\"@id\":\"https:\\\/\\\/www.anovapeneira.gal\\\/index.php\\\/2022\\\/11\\\/09\\\/o-alcalde-xose-emilio-barros-revalidado-en-asemblea-como-candidato-do-bng-de-mondariz-para-as-municipais-de-2023\\\/\"},\"author\":{\"name\":\"Redacci\u00f3n A Nova Peneira\",\"@id\":\"https:\\\/\\\/www.anovapeneira.gal\\\/#\\\/schema\\\/person\\\/b93e3f8932e3f8da96334607eb6ac6aa\"},\"headline\":\"O alcalde Xos\u00e9 Emilio Barros, revalidado en asemblea como candidato do BNG de Mondariz para as municipais de 2023\",\"datePublished\":\"2022-11-09T11:00:47+00:00\",\"mainEntityOfPage\":{\"@id\":\"https:\\\/\\\/www.anovapeneira.gal\\\/index.php\\\/2022\\\/11\\\/09\\\/o-alcalde-xose-emilio-barros-revalidado-en-asemblea-como-candidato-do-bng-de-mondariz-para-as-municipais-de-2023\\\/\"},\"wordCount\":628,\"commentCount\":0,\"publisher\":{\"@id\":\"https:\\\/\\\/www.anovapeneira.gal\\\/#organization\"},\"image\":{\"@id\":\"https:\\\/\\\/www.anovapeneira.gal\\\/index.php\\\/2022\\\/11\\\/09\\\/o-alcalde-xose-emilio-barros-revalidado-en-asemblea-como-candidato-do-bng-de-mondariz-para-as-municipais-de-2023\\\/#primaryimage\"},\"thumbnailUrl\":\"https:\\\/\\\/www.anovapeneira.gal\\\/wp-content\\\/uploads\\\/2022\\\/11\\\/bng_mondariz.jpg\",\"keywords\":[\"Concello de Mondariz\"],\"articleSection\":[\"Condado\"],\"inLanguage\":\"gl-ES\",\"potentialAction\":[{\"@type\":\"CommentAction\",\"name\":\"Comment\",\"target\":[\"https:\\\/\\\/www.anovapeneira.gal\\\/index.php\\\/2022\\\/11\\\/09\\\/o-alcalde-xose-emilio-barros-revalidado-en-asemblea-como-candidato-do-bng-de-mondariz-para-as-municipais-de-2023\\\/#respond\"]}]},{\"@type\":\"WebPage\",\"@id\":\"https:\\\/\\\/www.anovapeneira.gal\\\/index.php\\\/2022\\\/11\\\/09\\\/o-alcalde-xose-emilio-barros-revalidado-en-asemblea-como-candidato-do-bng-de-mondariz-para-as-municipais-de-2023\\\/\",\"url\":\"https:\\\/\\\/www.anovapeneira.gal\\\/index.php\\\/2022\\\/11\\\/09\\\/o-alcalde-xose-emilio-barros-revalidado-en-asemblea-como-candidato-do-bng-de-mondariz-para-as-municipais-de-2023\\\/\",\"name\":\"O alcalde Xos\u00e9 Emilio Barros, revalidado en asemblea como candidato do BNG de Mondariz para as municipais de 2023 -\",\"isPartOf\":{\"@id\":\"https:\\\/\\\/www.anovapeneira.gal\\\/#website\"},\"primaryImageOfPage\":{\"@id\":\"https:\\\/\\\/www.anovapeneira.gal\\\/index.php\\\/2022\\\/11\\\/09\\\/o-alcalde-xose-emilio-barros-revalidado-en-asemblea-como-candidato-do-bng-de-mondariz-para-as-municipais-de-2023\\\/#primaryimage\"},\"image\":{\"@id\":\"https:\\\/\\\/www.anovapeneira.gal\\\/index.php\\\/2022\\\/11\\\/09\\\/o-alcalde-xose-emilio-barros-revalidado-en-asemblea-como-candidato-do-bng-de-mondariz-para-as-municipais-de-2023\\\/#primaryimage\"},\"thumbnailUrl\":\"https:\\\/\\\/www.anovapeneira.gal\\\/wp-content\\\/uploads\\\/2022\\\/11\\\/bng_mondariz.jpg\",\"datePublished\":\"2022-11-09T11:00:47+00:00\",\"description\":\"A asemblea local do BNG de Mondariz, reunida este pasado venres para decidir a s\u00faa candidatura nas elecci\u00f3ns municipais de 2023\",\"breadcrumb\":{\"@id\":\"https:\\\/\\\/www.anovapeneira.gal\\\/index.php\\\/2022\\\/11\\\/09\\\/o-alcalde-xose-emilio-barros-revalidado-en-asemblea-como-candidato-do-bng-de-mondariz-para-as-municipais-de-2023\\\/#breadcrumb\"},\"inLanguage\":\"gl-ES\",\"potentialAction\":[{\"@type\":\"ReadAction\",\"target\":[\"https:\\\/\\\/www.anovapeneira.gal\\\/index.php\\\/2022\\\/11\\\/09\\\/o-alcalde-xose-emilio-barros-revalidado-en-asemblea-como-candidato-do-bng-de-mondariz-para-as-municipais-de-2023\\\/\"]}]},{\"@type\":\"ImageObject\",\"inLanguage\":\"gl-ES\",\"@id\":\"https:\\\/\\\/www.anovapeneira.gal\\\/index.php\\\/2022\\\/11\\\/09\\\/o-alcalde-xose-emilio-barros-revalidado-en-asemblea-como-candidato-do-bng-de-mondariz-para-as-municipais-de-2023\\\/#primaryimage\",\"url\":\"https:\\\/\\\/www.anovapeneira.gal\\\/wp-content\\\/uploads\\\/2022\\\/11\\\/bng_mondariz.jpg\",\"contentUrl\":\"https:\\\/\\\/www.anovapeneira.gal\\\/wp-content\\\/uploads\\\/2022\\\/11\\\/bng_mondariz.jpg\",\"width\":720,\"height\":432,\"caption\":\"O alcalde Xos\u00e9 Emilio Barros, revalidado en asemblea como candidato do BNG de Mondariz para as municipais de 2023\"},{\"@type\":\"BreadcrumbList\",\"@id\":\"https:\\\/\\\/www.anovapeneira.gal\\\/index.php\\\/2022\\\/11\\\/09\\\/o-alcalde-xose-emilio-barros-revalidado-en-asemblea-como-candidato-do-bng-de-mondariz-para-as-municipais-de-2023\\\/#breadcrumb\",\"itemListElement\":[{\"@type\":\"ListItem\",\"position\":1,\"name\":\"Portada\",\"item\":\"https:\\\/\\\/www.anovapeneira.gal\\\/\"},{\"@type\":\"ListItem\",\"position\":2,\"name\":\"O alcalde Xos\u00e9 Emilio Barros, revalidado en asemblea como candidato do BNG de Mondariz para as municipais de 2023\"}]},{\"@type\":\"WebSite\",\"@id\":\"https:\\\/\\\/www.anovapeneira.gal\\\/#website\",\"url\":\"https:\\\/\\\/www.anovapeneira.gal\\\/\",\"name\":\"\",\"description\":\"Xornal galego de informaci\u00f3n xeral Publicaci\u00f3n mensual de novas de Galicia e en especial dos Concellos da sur da provincia de Pontevedra.\",\"publisher\":{\"@id\":\"https:\\\/\\\/www.anovapeneira.gal\\\/#organization\"},\"potentialAction\":[{\"@type\":\"SearchAction\",\"target\":{\"@type\":\"EntryPoint\",\"urlTemplate\":\"https:\\\/\\\/www.anovapeneira.gal\\\/?s={search_term_string}\"},\"query-input\":{\"@type\":\"PropertyValueSpecification\",\"valueRequired\":true,\"valueName\":\"search_term_string\"}}],\"inLanguage\":\"gl-ES\"},{\"@type\":\"Organization\",\"@id\":\"https:\\\/\\\/www.anovapeneira.gal\\\/#organization\",\"name\":\"A Nova Peneira\",\"url\":\"https:\\\/\\\/www.anovapeneira.gal\\\/\",\"logo\":{\"@type\":\"ImageObject\",\"inLanguage\":\"gl-ES\",\"@id\":\"https:\\\/\\\/www.anovapeneira.gal\\\/#\\\/schema\\\/logo\\\/image\\\/\",\"url\":\"http:\\\/\\\/www.anovapeneira.gal\\\/wp-content\\\/uploads\\\/2019\\\/06\\\/logo_a_nova_peneira_portal_web.png\",\"contentUrl\":\"http:\\\/\\\/www.anovapeneira.gal\\\/wp-content\\\/uploads\\\/2019\\\/06\\\/logo_a_nova_peneira_portal_web.png\",\"width\":300,\"height\":100,\"caption\":\"A Nova Peneira\"},\"image\":{\"@id\":\"https:\\\/\\\/www.anovapeneira.gal\\\/#\\\/schema\\\/logo\\\/image\\\/\"},\"sameAs\":[\"https:\\\/\\\/www.facebook.com\\\/anovapeneira\",\"https:\\\/\\\/x.com\\\/APeneira\"]},{\"@type\":\"Person\",\"@id\":\"https:\\\/\\\/www.anovapeneira.gal\\\/#\\\/schema\\\/person\\\/b93e3f8932e3f8da96334607eb6ac6aa\",\"name\":\"Redacci\u00f3n A Nova Peneira\",\"image\":{\"@type\":\"ImageObject\",\"inLanguage\":\"gl-ES\",\"@id\":\"https:\\\/\\\/secure.gravatar.com\\\/avatar\\\/c052a2551a06e23fac63626232eaa90abd78dbcf1700fc46a2b2c89fd27b735f?s=96&d=mm&r=g\",\"url\":\"https:\\\/\\\/secure.gravatar.com\\\/avatar\\\/c052a2551a06e23fac63626232eaa90abd78dbcf1700fc46a2b2c89fd27b735f?s=96&d=mm&r=g\",\"contentUrl\":\"https:\\\/\\\/secure.gravatar.com\\\/avatar\\\/c052a2551a06e23fac63626232eaa90abd78dbcf1700fc46a2b2c89fd27b735f?s=96&d=mm&r=g\",\"caption\":\"Redacci\u00f3n A Nova Peneira\"},\"sameAs\":[\"http:\\\/\\\/www.anovapeneira.gal\\\/\"],\"url\":\"https:\\\/\\\/www.anovapeneira.gal\\\/index.php\\\/author\\\/redactor\\\/\"}]}<\/script>\n<!-- \/ Yoast SEO plugin. -->","yoast_head_json":{"title":"O alcalde Xos\u00e9 Emilio Barros, revalidado en asemblea como candidato do BNG de Mondariz para as municipais de 2023 -","description":"A asemblea local do BNG de Mondariz, reunida este pasado venres para decidir a s\u00faa candidatura nas elecci\u00f3ns municipais de 2023","robots":{"index":"index","follow":"follow","max-snippet":"max-snippet:-1","max-image-preview":"max-image-preview:large","max-video-preview":"max-video-preview:-1"},"canonical":"https:\/\/www.anovapeneira.gal\/index.php\/2022\/11\/09\/o-alcalde-xose-emilio-barros-revalidado-en-asemblea-como-candidato-do-bng-de-mondariz-para-as-municipais-de-2023\/","og_locale":"gl_ES","og_type":"article","og_title":"O alcalde Xos\u00e9 Emilio Barros, revalidado en asemblea como candidato do BNG de Mondariz para as municipais de 2023 -","og_description":"A asemblea local do BNG de Mondariz, reunida este pasado venres para decidir a s\u00faa candidatura nas elecci\u00f3ns municipais de 2023","og_url":"https:\/\/www.anovapeneira.gal\/index.php\/2022\/11\/09\/o-alcalde-xose-emilio-barros-revalidado-en-asemblea-como-candidato-do-bng-de-mondariz-para-as-municipais-de-2023\/","article_publisher":"https:\/\/www.facebook.com\/anovapeneira","article_published_time":"2022-11-09T11:00:47+00:00","og_image":[{"width":720,"height":432,"url":"https:\/\/www.anovapeneira.gal\/wp-content\/uploads\/2022\/11\/bng_mondariz.jpg","type":"image\/jpeg"}],"author":"Redacci\u00f3n A Nova Peneira","twitter_card":"summary_large_image","twitter_creator":"@APeneira","twitter_site":"@APeneira","twitter_misc":{"Escrito por":"Redacci\u00f3n A Nova Peneira","Tempo de lectura":"4 minutos"},"schema":{"@context":"https:\/\/schema.org","@graph":[{"@type":"Article","@id":"https:\/\/www.anovapeneira.gal\/index.php\/2022\/11\/09\/o-alcalde-xose-emilio-barros-revalidado-en-asemblea-como-candidato-do-bng-de-mondariz-para-as-municipais-de-2023\/#article","isPartOf":{"@id":"https:\/\/www.anovapeneira.gal\/index.php\/2022\/11\/09\/o-alcalde-xose-emilio-barros-revalidado-en-asemblea-como-candidato-do-bng-de-mondariz-para-as-municipais-de-2023\/"},"author":{"name":"Redacci\u00f3n A Nova Peneira","@id":"https:\/\/www.anovapeneira.gal\/#\/schema\/person\/b93e3f8932e3f8da96334607eb6ac6aa"},"headline":"O alcalde Xos\u00e9 Emilio Barros, revalidado en asemblea como candidato do BNG de Mondariz para as municipais de 2023","datePublished":"2022-11-09T11:00:47+00:00","mainEntityOfPage":{"@id":"https:\/\/www.anovapeneira.gal\/index.php\/2022\/11\/09\/o-alcalde-xose-emilio-barros-revalidado-en-asemblea-como-candidato-do-bng-de-mondariz-para-as-municipais-de-2023\/"},"wordCount":628,"commentCount":0,"publisher":{"@id":"https:\/\/www.anovapeneira.gal\/#organization"},"image":{"@id":"https:\/\/www.anovapeneira.gal\/index.php\/2022\/11\/09\/o-alcalde-xose-emilio-barros-revalidado-en-asemblea-como-candidato-do-bng-de-mondariz-para-as-municipais-de-2023\/#primaryimage"},"thumbnailUrl":"https:\/\/www.anovapeneira.gal\/wp-content\/uploads\/2022\/11\/bng_mondariz.jpg","keywords":["Concello de Mondariz"],"articleSection":["Condado"],"inLanguage":"gl-ES","potentialAction":[{"@type":"CommentAction","name":"Comment","target":["https:\/\/www.anovapeneira.gal\/index.php\/2022\/11\/09\/o-alcalde-xose-emilio-barros-revalidado-en-asemblea-como-candidato-do-bng-de-mondariz-para-as-municipais-de-2023\/#respond"]}]},{"@type":"WebPage","@id":"https:\/\/www.anovapeneira.gal\/index.php\/2022\/11\/09\/o-alcalde-xose-emilio-barros-revalidado-en-asemblea-como-candidato-do-bng-de-mondariz-para-as-municipais-de-2023\/","url":"https:\/\/www.anovapeneira.gal\/index.php\/2022\/11\/09\/o-alcalde-xose-emilio-barros-revalidado-en-asemblea-como-candidato-do-bng-de-mondariz-para-as-municipais-de-2023\/","name":"O alcalde Xos\u00e9 Emilio Barros, revalidado en asemblea como candidato do BNG de Mondariz para as municipais de 2023 -","isPartOf":{"@id":"https:\/\/www.anovapeneira.gal\/#website"},"primaryImageOfPage":{"@id":"https:\/\/www.anovapeneira.gal\/index.php\/2022\/11\/09\/o-alcalde-xose-emilio-barros-revalidado-en-asemblea-como-candidato-do-bng-de-mondariz-para-as-municipais-de-2023\/#primaryimage"},"image":{"@id":"https:\/\/www.anovapeneira.gal\/index.php\/2022\/11\/09\/o-alcalde-xose-emilio-barros-revalidado-en-asemblea-como-candidato-do-bng-de-mondariz-para-as-municipais-de-2023\/#primaryimage"},"thumbnailUrl":"https:\/\/www.anovapeneira.gal\/wp-content\/uploads\/2022\/11\/bng_mondariz.jpg","datePublished":"2022-11-09T11:00:47+00:00","description":"A asemblea local do BNG de Mondariz, reunida este pasado venres para decidir a s\u00faa candidatura nas elecci\u00f3ns municipais de 2023","breadcrumb":{"@id":"https:\/\/www.anovapeneira.gal\/index.php\/2022\/11\/09\/o-alcalde-xose-emilio-barros-revalidado-en-asemblea-como-candidato-do-bng-de-mondariz-para-as-municipais-de-2023\/#breadcrumb"},"inLanguage":"gl-ES","potentialAction":[{"@type":"ReadAction","target":["https:\/\/www.anovapeneira.gal\/index.php\/2022\/11\/09\/o-alcalde-xose-emilio-barros-revalidado-en-asemblea-como-candidato-do-bng-de-mondariz-para-as-municipais-de-2023\/"]}]},{"@type":"ImageObject","inLanguage":"gl-ES","@id":"https:\/\/www.anovapeneira.gal\/index.php\/2022\/11\/09\/o-alcalde-xose-emilio-barros-revalidado-en-asemblea-como-candidato-do-bng-de-mondariz-para-as-municipais-de-2023\/#primaryimage","url":"https:\/\/www.anovapeneira.gal\/wp-content\/uploads\/2022\/11\/bng_mondariz.jpg","contentUrl":"https:\/\/www.anovapeneira.gal\/wp-content\/uploads\/2022\/11\/bng_mondariz.jpg","width":720,"height":432,"caption":"O alcalde Xos\u00e9 Emilio Barros, revalidado en asemblea como candidato do BNG de Mondariz para as municipais de 2023"},{"@type":"BreadcrumbList","@id":"https:\/\/www.anovapeneira.gal\/index.php\/2022\/11\/09\/o-alcalde-xose-emilio-barros-revalidado-en-asemblea-como-candidato-do-bng-de-mondariz-para-as-municipais-de-2023\/#breadcrumb","itemListElement":[{"@type":"ListItem","position":1,"name":"Portada","item":"https:\/\/www.anovapeneira.gal\/"},{"@type":"ListItem","position":2,"name":"O alcalde Xos\u00e9 Emilio Barros, revalidado en asemblea como candidato do BNG de Mondariz para as municipais de 2023"}]},{"@type":"WebSite","@id":"https:\/\/www.anovapeneira.gal\/#website","url":"https:\/\/www.anovapeneira.gal\/","name":"","description":"Xornal galego de informaci\u00f3n xeral Publicaci\u00f3n mensual de novas de Galicia e en especial dos Concellos da sur da provincia de Pontevedra.","publisher":{"@id":"https:\/\/www.anovapeneira.gal\/#organization"},"potentialAction":[{"@type":"SearchAction","target":{"@type":"EntryPoint","urlTemplate":"https:\/\/www.anovapeneira.gal\/?s={search_term_string}"},"query-input":{"@type":"PropertyValueSpecification","valueRequired":true,"valueName":"search_term_string"}}],"inLanguage":"gl-ES"},{"@type":"Organization","@id":"https:\/\/www.anovapeneira.gal\/#organization","name":"A Nova Peneira","url":"https:\/\/www.anovapeneira.gal\/","logo":{"@type":"ImageObject","inLanguage":"gl-ES","@id":"https:\/\/www.anovapeneira.gal\/#\/schema\/logo\/image\/","url":"http:\/\/www.anovapeneira.gal\/wp-content\/uploads\/2019\/06\/logo_a_nova_peneira_portal_web.png","contentUrl":"http:\/\/www.anovapeneira.gal\/wp-content\/uploads\/2019\/06\/logo_a_nova_peneira_portal_web.png","width":300,"height":100,"caption":"A Nova Peneira"},"image":{"@id":"https:\/\/www.anovapeneira.gal\/#\/schema\/logo\/image\/"},"sameAs":["https:\/\/www.facebook.com\/anovapeneira","https:\/\/x.com\/APeneira"]},{"@type":"Person","@id":"https:\/\/www.anovapeneira.gal\/#\/schema\/person\/b93e3f8932e3f8da96334607eb6ac6aa","name":"Redacci\u00f3n A Nova Peneira","image":{"@type":"ImageObject","inLanguage":"gl-ES","@id":"https:\/\/secure.gravatar.com\/avatar\/c052a2551a06e23fac63626232eaa90abd78dbcf1700fc46a2b2c89fd27b735f?s=96&d=mm&r=g","url":"https:\/\/secure.gravatar.com\/avatar\/c052a2551a06e23fac63626232eaa90abd78dbcf1700fc46a2b2c89fd27b735f?s=96&d=mm&r=g","contentUrl":"https:\/\/secure.gravatar.com\/avatar\/c052a2551a06e23fac63626232eaa90abd78dbcf1700fc46a2b2c89fd27b735f?s=96&d=mm&r=g","caption":"Redacci\u00f3n A Nova Peneira"},"sameAs":["http:\/\/www.anovapeneira.gal\/"],"url":"https:\/\/www.anovapeneira.gal\/index.php\/author\/redactor\/"}]}},"jetpack_featured_media_url":"https:\/\/www.anovapeneira.gal\/wp-content\/uploads\/2022\/11\/bng_mondariz.jpg","_links":{"self":[{"href":"https:\/\/www.anovapeneira.gal\/index.php\/wp-json\/wp\/v2\/posts\/8516","targetHints":{"allow":["GET"]}}],"collection":[{"href":"https:\/\/www.anovapeneira.gal\/index.php\/wp-json\/wp\/v2\/posts"}],"about":[{"href":"https:\/\/www.anovapeneira.gal\/index.php\/wp-json\/wp\/v2\/types\/post"}],"author":[{"embeddable":true,"href":"https:\/\/www.anovapeneira.gal\/index.php\/wp-json\/wp\/v2\/users\/3"}],"replies":[{"embeddable":true,"href":"https:\/\/www.anovapeneira.gal\/index.php\/wp-json\/wp\/v2\/comments?post=8516"}],"version-history":[{"count":1,"href":"https:\/\/www.anovapeneira.gal\/index.php\/wp-json\/wp\/v2\/posts\/8516\/revisions"}],"predecessor-version":[{"id":8518,"href":"https:\/\/www.anovapeneira.gal\/index.php\/wp-json\/wp\/v2\/posts\/8516\/revisions\/8518"}],"wp:featuredmedia":[{"embeddable":true,"href":"https:\/\/www.anovapeneira.gal\/index.php\/wp-json\/wp\/v2\/media\/8517"}],"wp:attachment":[{"href":"https:\/\/www.anovapeneira.gal\/index.php\/wp-json\/wp\/v2\/media?parent=8516"}],"wp:term":[{"taxonomy":"category","embeddable":true,"href":"https:\/\/www.anovapeneira.gal\/index.php\/wp-json\/wp\/v2\/categories?post=8516"},{"taxonomy":"post_tag","embeddable":true,"href":"https:\/\/www.anovapeneira.gal\/index.php\/wp-json\/wp\/v2\/tags?post=8516"}],"curies":[{"name":"wp","href":"https:\/\/api.w.org\/{rel}","templated":true}]}}