{"id":8529,"date":"2022-11-11T12:00:12","date_gmt":"2022-11-11T11:00:12","guid":{"rendered":"https:\/\/www.anovapeneira.gal\/?p=8529"},"modified":"2022-11-07T10:00:12","modified_gmt":"2022-11-07T09:00:12","slug":"posta-en-funcionamento-do-ascensor-no-centro-social-as-pedrinas","status":"publish","type":"post","link":"https:\/\/www.anovapeneira.gal\/index.php\/2022\/11\/11\/posta-en-funcionamento-do-ascensor-no-centro-social-as-pedrinas\/","title":{"rendered":"Posta en funcionamento do ascensor no centro social As Pedri\u00f1as"},"content":{"rendered":"\n<p>Posta en funcionamento do ascensor que conecta as distintas planta do Centro Social As Pedri\u00f1as. Deste xeito res\u00f3lvese os problemas de mobilidade das comuneiras e comuneiros con dificultade para moverse.<\/p>\n\n\n\n<p>O coste das obras que ascendeu a 45 mil euros foron sufragadas pola Comunidade de Montes de Tameiga coa colaboraci\u00f3n da Obra Social da Caixa.<\/p>\n\n\n\n<p>Coa instalaci\u00f3n dun ascensor que conecta as distintas plantas do centro social As Pedri\u00f1as, a Comunidade de Montes de Tameiga satisface unha demanda das comuneiras e comunieros con mobilidade reducida.<\/p>\n\n\n\n<p>O ascensor conecta a s\u00f3tano do auditorio coa primeira planta onde se ubican as oficinas e talleres, pasando pola planta baixa onde se atopa a cantina. Esta actuaci\u00f3n, cun importe de 35 mil euros e que est\u00e1 encadrada no plan de melloras do centro social, foi costeada con fondos propios da Comunidade de Montes de Tameiga e contou coa colaboraci\u00f3n ca obra social de A Caixa.<\/p>\n","protected":false},"excerpt":{"rendered":"<div class=\"mh-excerpt\"><p>Posta en funcionamento do ascensor que conecta as distintas planta do Centro Social As Pedri\u00f1as. Deste xeito res\u00f3lvese os problemas de mobilidade das comuneiras e comuneiros con dificultade para moverse <a class=\"mh-excerpt-more\" href=\"https:\/\/www.anovapeneira.gal\/index.php\/2022\/11\/11\/posta-en-funcionamento-do-ascensor-no-centro-social-as-pedrinas\/\" title=\"Posta en funcionamento do ascensor no centro social As Pedri\u00f1as\">[&#8230;]<\/a><\/p>\n<\/div>","protected":false},"author":3,"featured_media":8533,"comment_status":"open","ping_status":"open","sticky":false,"template":"","format":"standard","meta":{"_exactmetrics_skip_tracking":false,"_exactmetrics_sitenote_active":false,"_exactmetrics_sitenote_note":"","_exactmetrics_sitenote_category":0,"footnotes":""},"categories":[23],"tags":[218],"class_list":{"0":"post-8529","1":"post","2":"type-post","3":"status-publish","4":"format-standard","5":"has-post-thumbnail","7":"category-a-lourina","8":"tag-concello-de-mos"},"yoast_head":"<!-- This site is optimized with the Yoast SEO plugin v27.5 - https:\/\/yoast.com\/product\/yoast-seo-wordpress\/ -->\n<title>Posta en funcionamento do ascensor no centro social As Pedri\u00f1as -<\/title>\n<meta name=\"description\" content=\"Posta en funcionamento do ascensor que conecta as distintas planta do Centro Social As Pedri\u00f1as. Deste xeito res\u00f3lvese os problemas de mobilidade das comuneiras e comuneiros con dificultade para moverse\" \/>\n<meta name=\"robots\" content=\"index, follow, max-snippet:-1, max-image-preview:large, max-video-preview:-1\" \/>\n<link rel=\"canonical\" href=\"https:\/\/www.anovapeneira.gal\/index.php\/2022\/11\/11\/posta-en-funcionamento-do-ascensor-no-centro-social-as-pedrinas\/\" \/>\n<meta property=\"og:locale\" content=\"gl_ES\" \/>\n<meta property=\"og:type\" content=\"article\" \/>\n<meta property=\"og:title\" content=\"Posta en funcionamento do ascensor no centro social As Pedri\u00f1as -\" \/>\n<meta property=\"og:description\" content=\"Posta en funcionamento do ascensor que conecta as distintas planta do Centro Social As Pedri\u00f1as. Deste xeito res\u00f3lvese os problemas de mobilidade das comuneiras e comuneiros con dificultade para moverse\" \/>\n<meta property=\"og:url\" content=\"https:\/\/www.anovapeneira.gal\/index.php\/2022\/11\/11\/posta-en-funcionamento-do-ascensor-no-centro-social-as-pedrinas\/\" \/>\n<meta property=\"article:publisher\" content=\"https:\/\/www.facebook.com\/anovapeneira\" \/>\n<meta property=\"article:published_time\" content=\"2022-11-11T11:00:12+00:00\" \/>\n<meta property=\"og:image\" content=\"https:\/\/www.anovapeneira.gal\/wp-content\/uploads\/2022\/11\/as_pedrinas_mos.jpg\" \/>\n\t<meta property=\"og:image:width\" content=\"720\" \/>\n\t<meta property=\"og:image:height\" content=\"432\" \/>\n\t<meta property=\"og:image:type\" content=\"image\/jpeg\" \/>\n<meta name=\"author\" content=\"Redacci\u00f3n A Nova Peneira\" \/>\n<meta name=\"twitter:card\" content=\"summary_large_image\" \/>\n<meta name=\"twitter:creator\" content=\"@APeneira\" \/>\n<meta name=\"twitter:site\" content=\"@APeneira\" \/>\n<meta name=\"twitter:label1\" content=\"Escrito por\" \/>\n\t<meta name=\"twitter:data1\" content=\"Redacci\u00f3n A Nova Peneira\" \/>\n\t<meta name=\"twitter:label2\" content=\"Tempo de lectura\" \/>\n\t<meta name=\"twitter:data2\" content=\"1 minuto\" \/>\n<script type=\"application\/ld+json\" class=\"yoast-schema-graph\">{\"@context\":\"https:\\\/\\\/schema.org\",\"@graph\":[{\"@type\":\"Article\",\"@id\":\"https:\\\/\\\/www.anovapeneira.gal\\\/index.php\\\/2022\\\/11\\\/11\\\/posta-en-funcionamento-do-ascensor-no-centro-social-as-pedrinas\\\/#article\",\"isPartOf\":{\"@id\":\"https:\\\/\\\/www.anovapeneira.gal\\\/index.php\\\/2022\\\/11\\\/11\\\/posta-en-funcionamento-do-ascensor-no-centro-social-as-pedrinas\\\/\"},\"author\":{\"name\":\"Redacci\u00f3n A Nova Peneira\",\"@id\":\"https:\\\/\\\/www.anovapeneira.gal\\\/#\\\/schema\\\/person\\\/b93e3f8932e3f8da96334607eb6ac6aa\"},\"headline\":\"Posta en funcionamento do ascensor no centro social As Pedri\u00f1as\",\"datePublished\":\"2022-11-11T11:00:12+00:00\",\"mainEntityOfPage\":{\"@id\":\"https:\\\/\\\/www.anovapeneira.gal\\\/index.php\\\/2022\\\/11\\\/11\\\/posta-en-funcionamento-do-ascensor-no-centro-social-as-pedrinas\\\/\"},\"wordCount\":168,\"commentCount\":0,\"publisher\":{\"@id\":\"https:\\\/\\\/www.anovapeneira.gal\\\/#organization\"},\"image\":{\"@id\":\"https:\\\/\\\/www.anovapeneira.gal\\\/index.php\\\/2022\\\/11\\\/11\\\/posta-en-funcionamento-do-ascensor-no-centro-social-as-pedrinas\\\/#primaryimage\"},\"thumbnailUrl\":\"https:\\\/\\\/www.anovapeneira.gal\\\/wp-content\\\/uploads\\\/2022\\\/11\\\/as_pedrinas_mos.jpg\",\"keywords\":[\"Concello de Mos\"],\"articleSection\":[\"A Louri\u00f1a\"],\"inLanguage\":\"gl-ES\",\"potentialAction\":[{\"@type\":\"CommentAction\",\"name\":\"Comment\",\"target\":[\"https:\\\/\\\/www.anovapeneira.gal\\\/index.php\\\/2022\\\/11\\\/11\\\/posta-en-funcionamento-do-ascensor-no-centro-social-as-pedrinas\\\/#respond\"]}]},{\"@type\":\"WebPage\",\"@id\":\"https:\\\/\\\/www.anovapeneira.gal\\\/index.php\\\/2022\\\/11\\\/11\\\/posta-en-funcionamento-do-ascensor-no-centro-social-as-pedrinas\\\/\",\"url\":\"https:\\\/\\\/www.anovapeneira.gal\\\/index.php\\\/2022\\\/11\\\/11\\\/posta-en-funcionamento-do-ascensor-no-centro-social-as-pedrinas\\\/\",\"name\":\"Posta en funcionamento do ascensor no centro social As Pedri\u00f1as -\",\"isPartOf\":{\"@id\":\"https:\\\/\\\/www.anovapeneira.gal\\\/#website\"},\"primaryImageOfPage\":{\"@id\":\"https:\\\/\\\/www.anovapeneira.gal\\\/index.php\\\/2022\\\/11\\\/11\\\/posta-en-funcionamento-do-ascensor-no-centro-social-as-pedrinas\\\/#primaryimage\"},\"image\":{\"@id\":\"https:\\\/\\\/www.anovapeneira.gal\\\/index.php\\\/2022\\\/11\\\/11\\\/posta-en-funcionamento-do-ascensor-no-centro-social-as-pedrinas\\\/#primaryimage\"},\"thumbnailUrl\":\"https:\\\/\\\/www.anovapeneira.gal\\\/wp-content\\\/uploads\\\/2022\\\/11\\\/as_pedrinas_mos.jpg\",\"datePublished\":\"2022-11-11T11:00:12+00:00\",\"description\":\"Posta en funcionamento do ascensor que conecta as distintas planta do Centro Social As Pedri\u00f1as. Deste xeito res\u00f3lvese os problemas de mobilidade das comuneiras e comuneiros con dificultade para moverse\",\"breadcrumb\":{\"@id\":\"https:\\\/\\\/www.anovapeneira.gal\\\/index.php\\\/2022\\\/11\\\/11\\\/posta-en-funcionamento-do-ascensor-no-centro-social-as-pedrinas\\\/#breadcrumb\"},\"inLanguage\":\"gl-ES\",\"potentialAction\":[{\"@type\":\"ReadAction\",\"target\":[\"https:\\\/\\\/www.anovapeneira.gal\\\/index.php\\\/2022\\\/11\\\/11\\\/posta-en-funcionamento-do-ascensor-no-centro-social-as-pedrinas\\\/\"]}]},{\"@type\":\"ImageObject\",\"inLanguage\":\"gl-ES\",\"@id\":\"https:\\\/\\\/www.anovapeneira.gal\\\/index.php\\\/2022\\\/11\\\/11\\\/posta-en-funcionamento-do-ascensor-no-centro-social-as-pedrinas\\\/#primaryimage\",\"url\":\"https:\\\/\\\/www.anovapeneira.gal\\\/wp-content\\\/uploads\\\/2022\\\/11\\\/as_pedrinas_mos.jpg\",\"contentUrl\":\"https:\\\/\\\/www.anovapeneira.gal\\\/wp-content\\\/uploads\\\/2022\\\/11\\\/as_pedrinas_mos.jpg\",\"width\":720,\"height\":432,\"caption\":\"Posta\u00a0en\u00a0funcionamento\u00a0do\u00a0ascensor\u00a0no\u00a0centro\u00a0social\u00a0As\u00a0Pedri\u00f1as\"},{\"@type\":\"BreadcrumbList\",\"@id\":\"https:\\\/\\\/www.anovapeneira.gal\\\/index.php\\\/2022\\\/11\\\/11\\\/posta-en-funcionamento-do-ascensor-no-centro-social-as-pedrinas\\\/#breadcrumb\",\"itemListElement\":[{\"@type\":\"ListItem\",\"position\":1,\"name\":\"Portada\",\"item\":\"https:\\\/\\\/www.anovapeneira.gal\\\/\"},{\"@type\":\"ListItem\",\"position\":2,\"name\":\"Posta en funcionamento do ascensor no centro social As Pedri\u00f1as\"}]},{\"@type\":\"WebSite\",\"@id\":\"https:\\\/\\\/www.anovapeneira.gal\\\/#website\",\"url\":\"https:\\\/\\\/www.anovapeneira.gal\\\/\",\"name\":\"\",\"description\":\"Xornal galego de informaci\u00f3n xeral Publicaci\u00f3n mensual de novas de Galicia e en especial dos Concellos da sur da provincia de Pontevedra.\",\"publisher\":{\"@id\":\"https:\\\/\\\/www.anovapeneira.gal\\\/#organization\"},\"potentialAction\":[{\"@type\":\"SearchAction\",\"target\":{\"@type\":\"EntryPoint\",\"urlTemplate\":\"https:\\\/\\\/www.anovapeneira.gal\\\/?s={search_term_string}\"},\"query-input\":{\"@type\":\"PropertyValueSpecification\",\"valueRequired\":true,\"valueName\":\"search_term_string\"}}],\"inLanguage\":\"gl-ES\"},{\"@type\":\"Organization\",\"@id\":\"https:\\\/\\\/www.anovapeneira.gal\\\/#organization\",\"name\":\"A Nova Peneira\",\"url\":\"https:\\\/\\\/www.anovapeneira.gal\\\/\",\"logo\":{\"@type\":\"ImageObject\",\"inLanguage\":\"gl-ES\",\"@id\":\"https:\\\/\\\/www.anovapeneira.gal\\\/#\\\/schema\\\/logo\\\/image\\\/\",\"url\":\"http:\\\/\\\/www.anovapeneira.gal\\\/wp-content\\\/uploads\\\/2019\\\/06\\\/logo_a_nova_peneira_portal_web.png\",\"contentUrl\":\"http:\\\/\\\/www.anovapeneira.gal\\\/wp-content\\\/uploads\\\/2019\\\/06\\\/logo_a_nova_peneira_portal_web.png\",\"width\":300,\"height\":100,\"caption\":\"A Nova Peneira\"},\"image\":{\"@id\":\"https:\\\/\\\/www.anovapeneira.gal\\\/#\\\/schema\\\/logo\\\/image\\\/\"},\"sameAs\":[\"https:\\\/\\\/www.facebook.com\\\/anovapeneira\",\"https:\\\/\\\/x.com\\\/APeneira\"]},{\"@type\":\"Person\",\"@id\":\"https:\\\/\\\/www.anovapeneira.gal\\\/#\\\/schema\\\/person\\\/b93e3f8932e3f8da96334607eb6ac6aa\",\"name\":\"Redacci\u00f3n A Nova Peneira\",\"image\":{\"@type\":\"ImageObject\",\"inLanguage\":\"gl-ES\",\"@id\":\"https:\\\/\\\/secure.gravatar.com\\\/avatar\\\/c052a2551a06e23fac63626232eaa90abd78dbcf1700fc46a2b2c89fd27b735f?s=96&d=mm&r=g\",\"url\":\"https:\\\/\\\/secure.gravatar.com\\\/avatar\\\/c052a2551a06e23fac63626232eaa90abd78dbcf1700fc46a2b2c89fd27b735f?s=96&d=mm&r=g\",\"contentUrl\":\"https:\\\/\\\/secure.gravatar.com\\\/avatar\\\/c052a2551a06e23fac63626232eaa90abd78dbcf1700fc46a2b2c89fd27b735f?s=96&d=mm&r=g\",\"caption\":\"Redacci\u00f3n A Nova Peneira\"},\"sameAs\":[\"http:\\\/\\\/www.anovapeneira.gal\\\/\"],\"url\":\"https:\\\/\\\/www.anovapeneira.gal\\\/index.php\\\/author\\\/redactor\\\/\"}]}<\/script>\n<!-- \/ Yoast SEO plugin. -->","yoast_head_json":{"title":"Posta en funcionamento do ascensor no centro social As Pedri\u00f1as -","description":"Posta en funcionamento do ascensor que conecta as distintas planta do Centro Social As Pedri\u00f1as. Deste xeito res\u00f3lvese os problemas de mobilidade das comuneiras e comuneiros con dificultade para moverse","robots":{"index":"index","follow":"follow","max-snippet":"max-snippet:-1","max-image-preview":"max-image-preview:large","max-video-preview":"max-video-preview:-1"},"canonical":"https:\/\/www.anovapeneira.gal\/index.php\/2022\/11\/11\/posta-en-funcionamento-do-ascensor-no-centro-social-as-pedrinas\/","og_locale":"gl_ES","og_type":"article","og_title":"Posta en funcionamento do ascensor no centro social As Pedri\u00f1as -","og_description":"Posta en funcionamento do ascensor que conecta as distintas planta do Centro Social As Pedri\u00f1as. Deste xeito res\u00f3lvese os problemas de mobilidade das comuneiras e comuneiros con dificultade para moverse","og_url":"https:\/\/www.anovapeneira.gal\/index.php\/2022\/11\/11\/posta-en-funcionamento-do-ascensor-no-centro-social-as-pedrinas\/","article_publisher":"https:\/\/www.facebook.com\/anovapeneira","article_published_time":"2022-11-11T11:00:12+00:00","og_image":[{"width":720,"height":432,"url":"https:\/\/www.anovapeneira.gal\/wp-content\/uploads\/2022\/11\/as_pedrinas_mos.jpg","type":"image\/jpeg"}],"author":"Redacci\u00f3n A Nova Peneira","twitter_card":"summary_large_image","twitter_creator":"@APeneira","twitter_site":"@APeneira","twitter_misc":{"Escrito por":"Redacci\u00f3n A Nova Peneira","Tempo de lectura":"1 minuto"},"schema":{"@context":"https:\/\/schema.org","@graph":[{"@type":"Article","@id":"https:\/\/www.anovapeneira.gal\/index.php\/2022\/11\/11\/posta-en-funcionamento-do-ascensor-no-centro-social-as-pedrinas\/#article","isPartOf":{"@id":"https:\/\/www.anovapeneira.gal\/index.php\/2022\/11\/11\/posta-en-funcionamento-do-ascensor-no-centro-social-as-pedrinas\/"},"author":{"name":"Redacci\u00f3n A Nova Peneira","@id":"https:\/\/www.anovapeneira.gal\/#\/schema\/person\/b93e3f8932e3f8da96334607eb6ac6aa"},"headline":"Posta en funcionamento do ascensor no centro social As Pedri\u00f1as","datePublished":"2022-11-11T11:00:12+00:00","mainEntityOfPage":{"@id":"https:\/\/www.anovapeneira.gal\/index.php\/2022\/11\/11\/posta-en-funcionamento-do-ascensor-no-centro-social-as-pedrinas\/"},"wordCount":168,"commentCount":0,"publisher":{"@id":"https:\/\/www.anovapeneira.gal\/#organization"},"image":{"@id":"https:\/\/www.anovapeneira.gal\/index.php\/2022\/11\/11\/posta-en-funcionamento-do-ascensor-no-centro-social-as-pedrinas\/#primaryimage"},"thumbnailUrl":"https:\/\/www.anovapeneira.gal\/wp-content\/uploads\/2022\/11\/as_pedrinas_mos.jpg","keywords":["Concello de Mos"],"articleSection":["A Louri\u00f1a"],"inLanguage":"gl-ES","potentialAction":[{"@type":"CommentAction","name":"Comment","target":["https:\/\/www.anovapeneira.gal\/index.php\/2022\/11\/11\/posta-en-funcionamento-do-ascensor-no-centro-social-as-pedrinas\/#respond"]}]},{"@type":"WebPage","@id":"https:\/\/www.anovapeneira.gal\/index.php\/2022\/11\/11\/posta-en-funcionamento-do-ascensor-no-centro-social-as-pedrinas\/","url":"https:\/\/www.anovapeneira.gal\/index.php\/2022\/11\/11\/posta-en-funcionamento-do-ascensor-no-centro-social-as-pedrinas\/","name":"Posta en funcionamento do ascensor no centro social As Pedri\u00f1as -","isPartOf":{"@id":"https:\/\/www.anovapeneira.gal\/#website"},"primaryImageOfPage":{"@id":"https:\/\/www.anovapeneira.gal\/index.php\/2022\/11\/11\/posta-en-funcionamento-do-ascensor-no-centro-social-as-pedrinas\/#primaryimage"},"image":{"@id":"https:\/\/www.anovapeneira.gal\/index.php\/2022\/11\/11\/posta-en-funcionamento-do-ascensor-no-centro-social-as-pedrinas\/#primaryimage"},"thumbnailUrl":"https:\/\/www.anovapeneira.gal\/wp-content\/uploads\/2022\/11\/as_pedrinas_mos.jpg","datePublished":"2022-11-11T11:00:12+00:00","description":"Posta en funcionamento do ascensor que conecta as distintas planta do Centro Social As Pedri\u00f1as. Deste xeito res\u00f3lvese os problemas de mobilidade das comuneiras e comuneiros con dificultade para moverse","breadcrumb":{"@id":"https:\/\/www.anovapeneira.gal\/index.php\/2022\/11\/11\/posta-en-funcionamento-do-ascensor-no-centro-social-as-pedrinas\/#breadcrumb"},"inLanguage":"gl-ES","potentialAction":[{"@type":"ReadAction","target":["https:\/\/www.anovapeneira.gal\/index.php\/2022\/11\/11\/posta-en-funcionamento-do-ascensor-no-centro-social-as-pedrinas\/"]}]},{"@type":"ImageObject","inLanguage":"gl-ES","@id":"https:\/\/www.anovapeneira.gal\/index.php\/2022\/11\/11\/posta-en-funcionamento-do-ascensor-no-centro-social-as-pedrinas\/#primaryimage","url":"https:\/\/www.anovapeneira.gal\/wp-content\/uploads\/2022\/11\/as_pedrinas_mos.jpg","contentUrl":"https:\/\/www.anovapeneira.gal\/wp-content\/uploads\/2022\/11\/as_pedrinas_mos.jpg","width":720,"height":432,"caption":"Posta\u00a0en\u00a0funcionamento\u00a0do\u00a0ascensor\u00a0no\u00a0centro\u00a0social\u00a0As\u00a0Pedri\u00f1as"},{"@type":"BreadcrumbList","@id":"https:\/\/www.anovapeneira.gal\/index.php\/2022\/11\/11\/posta-en-funcionamento-do-ascensor-no-centro-social-as-pedrinas\/#breadcrumb","itemListElement":[{"@type":"ListItem","position":1,"name":"Portada","item":"https:\/\/www.anovapeneira.gal\/"},{"@type":"ListItem","position":2,"name":"Posta en funcionamento do ascensor no centro social As Pedri\u00f1as"}]},{"@type":"WebSite","@id":"https:\/\/www.anovapeneira.gal\/#website","url":"https:\/\/www.anovapeneira.gal\/","name":"","description":"Xornal galego de informaci\u00f3n xeral Publicaci\u00f3n mensual de novas de Galicia e en especial dos Concellos da sur da provincia de Pontevedra.","publisher":{"@id":"https:\/\/www.anovapeneira.gal\/#organization"},"potentialAction":[{"@type":"SearchAction","target":{"@type":"EntryPoint","urlTemplate":"https:\/\/www.anovapeneira.gal\/?s={search_term_string}"},"query-input":{"@type":"PropertyValueSpecification","valueRequired":true,"valueName":"search_term_string"}}],"inLanguage":"gl-ES"},{"@type":"Organization","@id":"https:\/\/www.anovapeneira.gal\/#organization","name":"A Nova Peneira","url":"https:\/\/www.anovapeneira.gal\/","logo":{"@type":"ImageObject","inLanguage":"gl-ES","@id":"https:\/\/www.anovapeneira.gal\/#\/schema\/logo\/image\/","url":"http:\/\/www.anovapeneira.gal\/wp-content\/uploads\/2019\/06\/logo_a_nova_peneira_portal_web.png","contentUrl":"http:\/\/www.anovapeneira.gal\/wp-content\/uploads\/2019\/06\/logo_a_nova_peneira_portal_web.png","width":300,"height":100,"caption":"A Nova Peneira"},"image":{"@id":"https:\/\/www.anovapeneira.gal\/#\/schema\/logo\/image\/"},"sameAs":["https:\/\/www.facebook.com\/anovapeneira","https:\/\/x.com\/APeneira"]},{"@type":"Person","@id":"https:\/\/www.anovapeneira.gal\/#\/schema\/person\/b93e3f8932e3f8da96334607eb6ac6aa","name":"Redacci\u00f3n A Nova Peneira","image":{"@type":"ImageObject","inLanguage":"gl-ES","@id":"https:\/\/secure.gravatar.com\/avatar\/c052a2551a06e23fac63626232eaa90abd78dbcf1700fc46a2b2c89fd27b735f?s=96&d=mm&r=g","url":"https:\/\/secure.gravatar.com\/avatar\/c052a2551a06e23fac63626232eaa90abd78dbcf1700fc46a2b2c89fd27b735f?s=96&d=mm&r=g","contentUrl":"https:\/\/secure.gravatar.com\/avatar\/c052a2551a06e23fac63626232eaa90abd78dbcf1700fc46a2b2c89fd27b735f?s=96&d=mm&r=g","caption":"Redacci\u00f3n A Nova Peneira"},"sameAs":["http:\/\/www.anovapeneira.gal\/"],"url":"https:\/\/www.anovapeneira.gal\/index.php\/author\/redactor\/"}]}},"jetpack_featured_media_url":"https:\/\/www.anovapeneira.gal\/wp-content\/uploads\/2022\/11\/as_pedrinas_mos.jpg","_links":{"self":[{"href":"https:\/\/www.anovapeneira.gal\/index.php\/wp-json\/wp\/v2\/posts\/8529","targetHints":{"allow":["GET"]}}],"collection":[{"href":"https:\/\/www.anovapeneira.gal\/index.php\/wp-json\/wp\/v2\/posts"}],"about":[{"href":"https:\/\/www.anovapeneira.gal\/index.php\/wp-json\/wp\/v2\/types\/post"}],"author":[{"embeddable":true,"href":"https:\/\/www.anovapeneira.gal\/index.php\/wp-json\/wp\/v2\/users\/3"}],"replies":[{"embeddable":true,"href":"https:\/\/www.anovapeneira.gal\/index.php\/wp-json\/wp\/v2\/comments?post=8529"}],"version-history":[{"count":2,"href":"https:\/\/www.anovapeneira.gal\/index.php\/wp-json\/wp\/v2\/posts\/8529\/revisions"}],"predecessor-version":[{"id":8532,"href":"https:\/\/www.anovapeneira.gal\/index.php\/wp-json\/wp\/v2\/posts\/8529\/revisions\/8532"}],"wp:featuredmedia":[{"embeddable":true,"href":"https:\/\/www.anovapeneira.gal\/index.php\/wp-json\/wp\/v2\/media\/8533"}],"wp:attachment":[{"href":"https:\/\/www.anovapeneira.gal\/index.php\/wp-json\/wp\/v2\/media?parent=8529"}],"wp:term":[{"taxonomy":"category","embeddable":true,"href":"https:\/\/www.anovapeneira.gal\/index.php\/wp-json\/wp\/v2\/categories?post=8529"},{"taxonomy":"post_tag","embeddable":true,"href":"https:\/\/www.anovapeneira.gal\/index.php\/wp-json\/wp\/v2\/tags?post=8529"}],"curies":[{"name":"wp","href":"https:\/\/api.w.org\/{rel}","templated":true}]}}