{"id":8539,"date":"2022-11-14T10:00:29","date_gmt":"2022-11-14T09:00:29","guid":{"rendered":"https:\/\/www.anovapeneira.gal\/?p=8539"},"modified":"2022-11-08T11:57:45","modified_gmt":"2022-11-08T10:57:45","slug":"a-musica-de-a-quenlla-alumea-puxeiros-en-casa-gallardo","status":"publish","type":"post","link":"https:\/\/www.anovapeneira.gal\/index.php\/2022\/11\/14\/a-musica-de-a-quenlla-alumea-puxeiros-en-casa-gallardo\/","title":{"rendered":"A m\u00fasica de \u201cA Quenlla\u201d alumea Puxeiros en Casa Gallardo"},"content":{"rendered":"\n<p>A Quenlla \u00e9 un grupo musical dos m\u00e1is importantes do pa\u00eds galego. Foi fundado en 1984 por , entre outros, Mini e Mero ex compo\u00f1entes hist\u00f3ricos de Fuxan os Ventos . Este grupo trata de fusionar a m\u00fasica tradicional galega coa tem\u00e1tica social e de combate que caracteriza \u00e1s letras dalg\u00fans dos nosos grandes poetas como Celso Emilio ou Ferr\u00edn. O resultado do seu traballo son pezas de extraordinaria calidade que penetran ata o m\u00e1is profundo das emoci\u00f3ns do p\u00fablico. O vindeiro venres dous de decembro \u00e1s 23,00 poderemos gozar da s\u00faa musica en Puxeiros no local do noso amigo Waldo, e n\u00f3s al\u00e9n de convidar a todos os nosos lectores e lectoras que non perdan a oportunidade de achegarse esa noite por casa Gallardo falamos con Waldo.<\/p>\n\n\n\n<figure class=\"wp-block-image size-full\"><img loading=\"lazy\" decoding=\"async\" width=\"720\" height=\"432\" src=\"https:\/\/www.anovapeneira.gal\/wp-content\/uploads\/2022\/11\/mero.jpg\" alt=\"\" class=\"wp-image-8543\" srcset=\"https:\/\/www.anovapeneira.gal\/wp-content\/uploads\/2022\/11\/mero.jpg 720w, https:\/\/www.anovapeneira.gal\/wp-content\/uploads\/2022\/11\/mero-300x180.jpg 300w\" sizes=\"auto, (max-width: 720px) 100vw, 720px\" \/><figcaption>Mero<\/figcaption><\/figure>\n\n\n\n<p><strong>Waldo Rodr\u00edguez propietario do local<\/strong><\/p>\n\n\n\n<p><strong>Waldo cando iniciaches a tempada de concertos en Casa Gallardo?<\/strong><\/p>\n\n\n\n<blockquote class=\"wp-block-quote is-layout-flow wp-block-quote-is-layout-flow\"><p>Arredor de dous ou tres anos antes da pandemia. Foi entre o 2016 e 2017<\/p><\/blockquote>\n\n\n\n<p><strong>A aposta que fixo Casa Gallardo pola m\u00fasica en vivo tivo un resultado excelente, verdade?<\/strong><\/p>\n\n\n\n<blockquote class=\"wp-block-quote is-layout-flow wp-block-quote-is-layout-flow\"><p>Si, a verdade \u00e9 que si. Sempre enchemos aforo e \u00e9 para estarmos moi satisfeitos<\/p><\/blockquote>\n\n\n\n<p><strong>Cada canto tempo os facedes?<\/strong><\/p>\n\n\n\n<blockquote class=\"wp-block-quote is-layout-flow wp-block-quote-is-layout-flow\"><p>Facemos un concerto ao mes e de cando en vez, unha sesi\u00f3n verm\u00fa.<\/p><\/blockquote>\n\n\n\n<p><strong>En que d\u00eda os fas?<\/strong><\/p>\n\n\n\n<blockquote class=\"wp-block-quote is-layout-flow wp-block-quote-is-layout-flow\"><p>Son o primeiro venres de cada mes, no ver\u00e1n descansamos.<\/p><\/blockquote>\n\n\n\n<p><strong>Que grupos te\u00f1en pasado por aqu\u00ed?<\/strong><\/p>\n\n\n\n<blockquote class=\"wp-block-quote is-layout-flow wp-block-quote-is-layout-flow\"><p>\u201cTino Baz, Mini e Mero, A Banda de Mazinger, , Lu\u00eds Caruncho, Cantares de Bri\u00f3n, Taitantos e pico&#8230; \u201cA verdade pasaron artistas de moita calidade algo que para min sup\u00f3n un enorme orgullo<\/p><\/blockquote>\n\n\n\n<p><strong>E como fas para contactar con estes grupos?<\/strong><\/p>\n\n\n\n<blockquote class=\"wp-block-quote is-layout-flow wp-block-quote-is-layout-flow\"><p>Alg\u00fans os co\u00f1ezo, outros fun conseguindo os contactos falando duns m\u00fasicos con outros&#8230; O boca a boca unha vez que te comezas a meter neste mundo \u00e9 o cami\u00f1o m\u00e1is adecuado<\/p><\/blockquote>\n\n\n\n<p><strong>Vexo que traes m\u00fasica moi variada?<\/strong><\/p>\n\n\n\n<blockquote class=\"wp-block-quote is-layout-flow wp-block-quote-is-layout-flow\"><p>Si,sobre todo m\u00fasica tradicional, pero tam\u00e9n algo de Pop e Rock. Tam\u00e9n trouxen unha actuaci\u00f3n algo diferente, que foi a do pianista redondel\u00e1n Alberto Vila que estivo impresionante.<\/p><\/blockquote>\n\n\n\n<p><strong>Que crees que lle gusta ao p\u00fablico en xeral?<\/strong><\/p>\n\n\n\n<blockquote class=\"wp-block-quote is-layout-flow wp-block-quote-is-layout-flow\"><p>Hai de todo, desde seguidores de Folk ata de m\u00fasica POP e Rock.<\/p><\/blockquote>\n\n\n\n<p><strong>Que perfil de clientes adoitan vir aqu\u00ed aos concertos?<\/strong><\/p>\n\n\n\n<blockquote class=\"wp-block-quote is-layout-flow wp-block-quote-is-layout-flow\"><p>Temos desde veci\u00f1os ata xente de f\u00f3ra, de Baiona, Pontevedra, de Tui&#8230; e de todas as idades.<\/p><\/blockquote>\n\n\n\n<p><strong>Seica no vindeiro Nadal imos ter unha actuaci\u00f3n espectacular?<\/strong><\/p>\n\n\n\n<blockquote class=\"wp-block-quote is-layout-flow wp-block-quote-is-layout-flow\"><p>Podemos dicir que ser\u00e1 o peche desta tempada e para este Nadal imos traer a \u201cA Quenlla\u201d. Considero que son un grupo dos m\u00e1is grandes deste pa\u00eds.<\/p><\/blockquote>\n\n\n\n<p><strong>Para cando est\u00e1 prevista a s\u00faa actuaci\u00f3n?<\/strong><\/p>\n\n\n\n<blockquote class=\"wp-block-quote is-layout-flow wp-block-quote-is-layout-flow\"><p>O primeiro venres de decembro, que \u00e9 o d\u00eda dous \u00e1s 23:00 H da noite.<\/p><\/blockquote>\n\n\n\n<p><strong>O acceso \u00e9 gratis?<\/strong><\/p>\n\n\n\n<blockquote class=\"wp-block-quote is-layout-flow wp-block-quote-is-layout-flow\"><p>Si, entrada libre ata completar o aforo.<\/p><\/blockquote>\n\n\n\n<p><strong>Vexo que est\u00e1s moi ilusionado con esta actuaci\u00f3n?<\/strong><\/p>\n\n\n\n<blockquote class=\"wp-block-quote is-layout-flow wp-block-quote-is-layout-flow\"><p>Si, hai moito tempo que ti\u00f1a ganas de traelos e, por fin chegou o momento.<\/p><\/blockquote>\n\n\n\n<p><strong>Que expectativas tes para esta actuaci\u00f3n?<\/strong><\/p>\n\n\n\n<blockquote class=\"wp-block-quote is-layout-flow wp-block-quote-is-layout-flow\"><p>Creo que teremos o local cheo de xente.<\/p><\/blockquote>\n","protected":false},"excerpt":{"rendered":"<div class=\"mh-excerpt\"><p>A Quenlla \u00e9 un grupo musical dos m\u00e1is importantes do pa\u00eds galego. Foi fundado en 1984 por , entre outros, Mini e Mero ex compo\u00f1entes hist\u00f3ricos de Fuxan os Ventos  <a class=\"mh-excerpt-more\" href=\"https:\/\/www.anovapeneira.gal\/index.php\/2022\/11\/14\/a-musica-de-a-quenlla-alumea-puxeiros-en-casa-gallardo\/\" title=\"A m\u00fasica de \u201cA Quenlla\u201d alumea Puxeiros en Casa Gallardo\">[&#8230;]<\/a><\/p>\n<\/div>","protected":false},"author":1,"featured_media":8541,"comment_status":"open","ping_status":"open","sticky":false,"template":"","format":"standard","meta":{"_exactmetrics_skip_tracking":false,"_exactmetrics_sitenote_active":false,"_exactmetrics_sitenote_note":"","_exactmetrics_sitenote_category":0,"footnotes":""},"categories":[265],"tags":[218],"class_list":{"0":"post-8539","1":"post","2":"type-post","3":"status-publish","4":"format-standard","5":"has-post-thumbnail","7":"category-a-lourina-entrevistas","8":"tag-concello-de-mos"},"yoast_head":"<!-- This site is optimized with the Yoast SEO plugin v27.4 - https:\/\/yoast.com\/product\/yoast-seo-wordpress\/ -->\n<title>A m\u00fasica de \u201cA Quenlla\u201d alumea Puxeiros en Casa Gallardo -<\/title>\n<meta name=\"description\" content=\"A Quenlla \u00e9 un grupo musical dos m\u00e1is importantes do pa\u00eds galego. Foi fundado en 1984 por , entre outros, Mini e Mero ex compo\u00f1entes hist\u00f3ricos de Fuxan os Ventos\" \/>\n<meta name=\"robots\" content=\"index, follow, max-snippet:-1, max-image-preview:large, max-video-preview:-1\" \/>\n<link rel=\"canonical\" href=\"https:\/\/www.anovapeneira.gal\/index.php\/2022\/11\/14\/a-musica-de-a-quenlla-alumea-puxeiros-en-casa-gallardo\/\" \/>\n<meta property=\"og:locale\" content=\"gl_ES\" \/>\n<meta property=\"og:type\" content=\"article\" \/>\n<meta property=\"og:title\" content=\"A m\u00fasica de \u201cA Quenlla\u201d alumea Puxeiros en Casa Gallardo -\" \/>\n<meta property=\"og:description\" content=\"A Quenlla \u00e9 un grupo musical dos m\u00e1is importantes do pa\u00eds galego. Foi fundado en 1984 por , entre outros, Mini e Mero ex compo\u00f1entes hist\u00f3ricos de Fuxan os Ventos\" \/>\n<meta property=\"og:url\" content=\"https:\/\/www.anovapeneira.gal\/index.php\/2022\/11\/14\/a-musica-de-a-quenlla-alumea-puxeiros-en-casa-gallardo\/\" \/>\n<meta property=\"article:publisher\" content=\"https:\/\/www.facebook.com\/anovapeneira\" \/>\n<meta property=\"article:author\" content=\"https:\/\/www.facebook.com\/anovapeneira\/\" \/>\n<meta property=\"article:published_time\" content=\"2022-11-14T09:00:29+00:00\" \/>\n<meta property=\"og:image\" content=\"https:\/\/www.anovapeneira.gal\/wp-content\/uploads\/2022\/11\/casa_gallardo.jpg\" \/>\n\t<meta property=\"og:image:width\" content=\"720\" \/>\n\t<meta property=\"og:image:height\" content=\"432\" \/>\n\t<meta property=\"og:image:type\" content=\"image\/jpeg\" \/>\n<meta name=\"author\" content=\"admin\" \/>\n<meta name=\"twitter:card\" content=\"summary_large_image\" \/>\n<meta name=\"twitter:creator\" content=\"@APeneira\" \/>\n<meta name=\"twitter:site\" content=\"@APeneira\" \/>\n<meta name=\"twitter:label1\" content=\"Escrito por\" \/>\n\t<meta name=\"twitter:data1\" content=\"admin\" \/>\n\t<meta name=\"twitter:label2\" content=\"Tempo de lectura\" \/>\n\t<meta name=\"twitter:data2\" content=\"3 minutos\" \/>\n<script type=\"application\/ld+json\" class=\"yoast-schema-graph\">{\"@context\":\"https:\\\/\\\/schema.org\",\"@graph\":[{\"@type\":\"Article\",\"@id\":\"https:\\\/\\\/www.anovapeneira.gal\\\/index.php\\\/2022\\\/11\\\/14\\\/a-musica-de-a-quenlla-alumea-puxeiros-en-casa-gallardo\\\/#article\",\"isPartOf\":{\"@id\":\"https:\\\/\\\/www.anovapeneira.gal\\\/index.php\\\/2022\\\/11\\\/14\\\/a-musica-de-a-quenlla-alumea-puxeiros-en-casa-gallardo\\\/\"},\"author\":{\"name\":\"admin\",\"@id\":\"https:\\\/\\\/www.anovapeneira.gal\\\/#\\\/schema\\\/person\\\/fb77575328c93684dae4b0075f90c2cb\"},\"headline\":\"A m\u00fasica de \u201cA Quenlla\u201d alumea Puxeiros en Casa Gallardo\",\"datePublished\":\"2022-11-14T09:00:29+00:00\",\"mainEntityOfPage\":{\"@id\":\"https:\\\/\\\/www.anovapeneira.gal\\\/index.php\\\/2022\\\/11\\\/14\\\/a-musica-de-a-quenlla-alumea-puxeiros-en-casa-gallardo\\\/\"},\"wordCount\":534,\"commentCount\":0,\"publisher\":{\"@id\":\"https:\\\/\\\/www.anovapeneira.gal\\\/#organization\"},\"image\":{\"@id\":\"https:\\\/\\\/www.anovapeneira.gal\\\/index.php\\\/2022\\\/11\\\/14\\\/a-musica-de-a-quenlla-alumea-puxeiros-en-casa-gallardo\\\/#primaryimage\"},\"thumbnailUrl\":\"https:\\\/\\\/www.anovapeneira.gal\\\/wp-content\\\/uploads\\\/2022\\\/11\\\/casa_gallardo.jpg\",\"keywords\":[\"Concello de Mos\"],\"articleSection\":[\"A Louri\u00f1a\"],\"inLanguage\":\"gl-ES\",\"potentialAction\":[{\"@type\":\"CommentAction\",\"name\":\"Comment\",\"target\":[\"https:\\\/\\\/www.anovapeneira.gal\\\/index.php\\\/2022\\\/11\\\/14\\\/a-musica-de-a-quenlla-alumea-puxeiros-en-casa-gallardo\\\/#respond\"]}]},{\"@type\":\"WebPage\",\"@id\":\"https:\\\/\\\/www.anovapeneira.gal\\\/index.php\\\/2022\\\/11\\\/14\\\/a-musica-de-a-quenlla-alumea-puxeiros-en-casa-gallardo\\\/\",\"url\":\"https:\\\/\\\/www.anovapeneira.gal\\\/index.php\\\/2022\\\/11\\\/14\\\/a-musica-de-a-quenlla-alumea-puxeiros-en-casa-gallardo\\\/\",\"name\":\"A m\u00fasica de \u201cA Quenlla\u201d alumea Puxeiros en Casa Gallardo -\",\"isPartOf\":{\"@id\":\"https:\\\/\\\/www.anovapeneira.gal\\\/#website\"},\"primaryImageOfPage\":{\"@id\":\"https:\\\/\\\/www.anovapeneira.gal\\\/index.php\\\/2022\\\/11\\\/14\\\/a-musica-de-a-quenlla-alumea-puxeiros-en-casa-gallardo\\\/#primaryimage\"},\"image\":{\"@id\":\"https:\\\/\\\/www.anovapeneira.gal\\\/index.php\\\/2022\\\/11\\\/14\\\/a-musica-de-a-quenlla-alumea-puxeiros-en-casa-gallardo\\\/#primaryimage\"},\"thumbnailUrl\":\"https:\\\/\\\/www.anovapeneira.gal\\\/wp-content\\\/uploads\\\/2022\\\/11\\\/casa_gallardo.jpg\",\"datePublished\":\"2022-11-14T09:00:29+00:00\",\"description\":\"A Quenlla \u00e9 un grupo musical dos m\u00e1is importantes do pa\u00eds galego. Foi fundado en 1984 por , entre outros, Mini e Mero ex compo\u00f1entes hist\u00f3ricos de Fuxan os Ventos\",\"breadcrumb\":{\"@id\":\"https:\\\/\\\/www.anovapeneira.gal\\\/index.php\\\/2022\\\/11\\\/14\\\/a-musica-de-a-quenlla-alumea-puxeiros-en-casa-gallardo\\\/#breadcrumb\"},\"inLanguage\":\"gl-ES\",\"potentialAction\":[{\"@type\":\"ReadAction\",\"target\":[\"https:\\\/\\\/www.anovapeneira.gal\\\/index.php\\\/2022\\\/11\\\/14\\\/a-musica-de-a-quenlla-alumea-puxeiros-en-casa-gallardo\\\/\"]}]},{\"@type\":\"ImageObject\",\"inLanguage\":\"gl-ES\",\"@id\":\"https:\\\/\\\/www.anovapeneira.gal\\\/index.php\\\/2022\\\/11\\\/14\\\/a-musica-de-a-quenlla-alumea-puxeiros-en-casa-gallardo\\\/#primaryimage\",\"url\":\"https:\\\/\\\/www.anovapeneira.gal\\\/wp-content\\\/uploads\\\/2022\\\/11\\\/casa_gallardo.jpg\",\"contentUrl\":\"https:\\\/\\\/www.anovapeneira.gal\\\/wp-content\\\/uploads\\\/2022\\\/11\\\/casa_gallardo.jpg\",\"width\":720,\"height\":432,\"caption\":\"Waldo Casa Gallardo\"},{\"@type\":\"BreadcrumbList\",\"@id\":\"https:\\\/\\\/www.anovapeneira.gal\\\/index.php\\\/2022\\\/11\\\/14\\\/a-musica-de-a-quenlla-alumea-puxeiros-en-casa-gallardo\\\/#breadcrumb\",\"itemListElement\":[{\"@type\":\"ListItem\",\"position\":1,\"name\":\"Portada\",\"item\":\"https:\\\/\\\/www.anovapeneira.gal\\\/\"},{\"@type\":\"ListItem\",\"position\":2,\"name\":\"A m\u00fasica de \u201cA Quenlla\u201d alumea Puxeiros en Casa Gallardo\"}]},{\"@type\":\"WebSite\",\"@id\":\"https:\\\/\\\/www.anovapeneira.gal\\\/#website\",\"url\":\"https:\\\/\\\/www.anovapeneira.gal\\\/\",\"name\":\"\",\"description\":\"Xornal galego de informaci\u00f3n xeral Publicaci\u00f3n mensual de novas de Galicia e en especial dos Concellos da sur da provincia de Pontevedra.\",\"publisher\":{\"@id\":\"https:\\\/\\\/www.anovapeneira.gal\\\/#organization\"},\"potentialAction\":[{\"@type\":\"SearchAction\",\"target\":{\"@type\":\"EntryPoint\",\"urlTemplate\":\"https:\\\/\\\/www.anovapeneira.gal\\\/?s={search_term_string}\"},\"query-input\":{\"@type\":\"PropertyValueSpecification\",\"valueRequired\":true,\"valueName\":\"search_term_string\"}}],\"inLanguage\":\"gl-ES\"},{\"@type\":\"Organization\",\"@id\":\"https:\\\/\\\/www.anovapeneira.gal\\\/#organization\",\"name\":\"A Nova Peneira\",\"url\":\"https:\\\/\\\/www.anovapeneira.gal\\\/\",\"logo\":{\"@type\":\"ImageObject\",\"inLanguage\":\"gl-ES\",\"@id\":\"https:\\\/\\\/www.anovapeneira.gal\\\/#\\\/schema\\\/logo\\\/image\\\/\",\"url\":\"http:\\\/\\\/www.anovapeneira.gal\\\/wp-content\\\/uploads\\\/2019\\\/06\\\/logo_a_nova_peneira_portal_web.png\",\"contentUrl\":\"http:\\\/\\\/www.anovapeneira.gal\\\/wp-content\\\/uploads\\\/2019\\\/06\\\/logo_a_nova_peneira_portal_web.png\",\"width\":300,\"height\":100,\"caption\":\"A Nova Peneira\"},\"image\":{\"@id\":\"https:\\\/\\\/www.anovapeneira.gal\\\/#\\\/schema\\\/logo\\\/image\\\/\"},\"sameAs\":[\"https:\\\/\\\/www.facebook.com\\\/anovapeneira\",\"https:\\\/\\\/x.com\\\/APeneira\"]},{\"@type\":\"Person\",\"@id\":\"https:\\\/\\\/www.anovapeneira.gal\\\/#\\\/schema\\\/person\\\/fb77575328c93684dae4b0075f90c2cb\",\"name\":\"admin\",\"image\":{\"@type\":\"ImageObject\",\"inLanguage\":\"gl-ES\",\"@id\":\"https:\\\/\\\/secure.gravatar.com\\\/avatar\\\/df15c36ce375448325e0bc870e91bbee95947a002eb98dcfd6c2b053e18843e9?s=96&d=mm&r=g\",\"url\":\"https:\\\/\\\/secure.gravatar.com\\\/avatar\\\/df15c36ce375448325e0bc870e91bbee95947a002eb98dcfd6c2b053e18843e9?s=96&d=mm&r=g\",\"contentUrl\":\"https:\\\/\\\/secure.gravatar.com\\\/avatar\\\/df15c36ce375448325e0bc870e91bbee95947a002eb98dcfd6c2b053e18843e9?s=96&d=mm&r=g\",\"caption\":\"admin\"},\"description\":\"Xornal galego de informaci\u00f3n xeral Publicaci\u00f3n mensual de novas de Galicia e en especial dos Concellos da sur da provincia de Pontevedra.\",\"sameAs\":[\"http:\\\/\\\/www.anovapeneira.gal\\\/\",\"https:\\\/\\\/www.facebook.com\\\/anovapeneira\\\/\"],\"url\":\"https:\\\/\\\/www.anovapeneira.gal\\\/index.php\\\/author\\\/admin\\\/\"}]}<\/script>\n<!-- \/ Yoast SEO plugin. -->","yoast_head_json":{"title":"A m\u00fasica de \u201cA Quenlla\u201d alumea Puxeiros en Casa Gallardo -","description":"A Quenlla \u00e9 un grupo musical dos m\u00e1is importantes do pa\u00eds galego. Foi fundado en 1984 por , entre outros, Mini e Mero ex compo\u00f1entes hist\u00f3ricos de Fuxan os Ventos","robots":{"index":"index","follow":"follow","max-snippet":"max-snippet:-1","max-image-preview":"max-image-preview:large","max-video-preview":"max-video-preview:-1"},"canonical":"https:\/\/www.anovapeneira.gal\/index.php\/2022\/11\/14\/a-musica-de-a-quenlla-alumea-puxeiros-en-casa-gallardo\/","og_locale":"gl_ES","og_type":"article","og_title":"A m\u00fasica de \u201cA Quenlla\u201d alumea Puxeiros en Casa Gallardo -","og_description":"A Quenlla \u00e9 un grupo musical dos m\u00e1is importantes do pa\u00eds galego. Foi fundado en 1984 por , entre outros, Mini e Mero ex compo\u00f1entes hist\u00f3ricos de Fuxan os Ventos","og_url":"https:\/\/www.anovapeneira.gal\/index.php\/2022\/11\/14\/a-musica-de-a-quenlla-alumea-puxeiros-en-casa-gallardo\/","article_publisher":"https:\/\/www.facebook.com\/anovapeneira","article_author":"https:\/\/www.facebook.com\/anovapeneira\/","article_published_time":"2022-11-14T09:00:29+00:00","og_image":[{"width":720,"height":432,"url":"https:\/\/www.anovapeneira.gal\/wp-content\/uploads\/2022\/11\/casa_gallardo.jpg","type":"image\/jpeg"}],"author":"admin","twitter_card":"summary_large_image","twitter_creator":"@APeneira","twitter_site":"@APeneira","twitter_misc":{"Escrito por":"admin","Tempo de lectura":"3 minutos"},"schema":{"@context":"https:\/\/schema.org","@graph":[{"@type":"Article","@id":"https:\/\/www.anovapeneira.gal\/index.php\/2022\/11\/14\/a-musica-de-a-quenlla-alumea-puxeiros-en-casa-gallardo\/#article","isPartOf":{"@id":"https:\/\/www.anovapeneira.gal\/index.php\/2022\/11\/14\/a-musica-de-a-quenlla-alumea-puxeiros-en-casa-gallardo\/"},"author":{"name":"admin","@id":"https:\/\/www.anovapeneira.gal\/#\/schema\/person\/fb77575328c93684dae4b0075f90c2cb"},"headline":"A m\u00fasica de \u201cA Quenlla\u201d alumea Puxeiros en Casa Gallardo","datePublished":"2022-11-14T09:00:29+00:00","mainEntityOfPage":{"@id":"https:\/\/www.anovapeneira.gal\/index.php\/2022\/11\/14\/a-musica-de-a-quenlla-alumea-puxeiros-en-casa-gallardo\/"},"wordCount":534,"commentCount":0,"publisher":{"@id":"https:\/\/www.anovapeneira.gal\/#organization"},"image":{"@id":"https:\/\/www.anovapeneira.gal\/index.php\/2022\/11\/14\/a-musica-de-a-quenlla-alumea-puxeiros-en-casa-gallardo\/#primaryimage"},"thumbnailUrl":"https:\/\/www.anovapeneira.gal\/wp-content\/uploads\/2022\/11\/casa_gallardo.jpg","keywords":["Concello de Mos"],"articleSection":["A Louri\u00f1a"],"inLanguage":"gl-ES","potentialAction":[{"@type":"CommentAction","name":"Comment","target":["https:\/\/www.anovapeneira.gal\/index.php\/2022\/11\/14\/a-musica-de-a-quenlla-alumea-puxeiros-en-casa-gallardo\/#respond"]}]},{"@type":"WebPage","@id":"https:\/\/www.anovapeneira.gal\/index.php\/2022\/11\/14\/a-musica-de-a-quenlla-alumea-puxeiros-en-casa-gallardo\/","url":"https:\/\/www.anovapeneira.gal\/index.php\/2022\/11\/14\/a-musica-de-a-quenlla-alumea-puxeiros-en-casa-gallardo\/","name":"A m\u00fasica de \u201cA Quenlla\u201d alumea Puxeiros en Casa Gallardo -","isPartOf":{"@id":"https:\/\/www.anovapeneira.gal\/#website"},"primaryImageOfPage":{"@id":"https:\/\/www.anovapeneira.gal\/index.php\/2022\/11\/14\/a-musica-de-a-quenlla-alumea-puxeiros-en-casa-gallardo\/#primaryimage"},"image":{"@id":"https:\/\/www.anovapeneira.gal\/index.php\/2022\/11\/14\/a-musica-de-a-quenlla-alumea-puxeiros-en-casa-gallardo\/#primaryimage"},"thumbnailUrl":"https:\/\/www.anovapeneira.gal\/wp-content\/uploads\/2022\/11\/casa_gallardo.jpg","datePublished":"2022-11-14T09:00:29+00:00","description":"A Quenlla \u00e9 un grupo musical dos m\u00e1is importantes do pa\u00eds galego. Foi fundado en 1984 por , entre outros, Mini e Mero ex compo\u00f1entes hist\u00f3ricos de Fuxan os Ventos","breadcrumb":{"@id":"https:\/\/www.anovapeneira.gal\/index.php\/2022\/11\/14\/a-musica-de-a-quenlla-alumea-puxeiros-en-casa-gallardo\/#breadcrumb"},"inLanguage":"gl-ES","potentialAction":[{"@type":"ReadAction","target":["https:\/\/www.anovapeneira.gal\/index.php\/2022\/11\/14\/a-musica-de-a-quenlla-alumea-puxeiros-en-casa-gallardo\/"]}]},{"@type":"ImageObject","inLanguage":"gl-ES","@id":"https:\/\/www.anovapeneira.gal\/index.php\/2022\/11\/14\/a-musica-de-a-quenlla-alumea-puxeiros-en-casa-gallardo\/#primaryimage","url":"https:\/\/www.anovapeneira.gal\/wp-content\/uploads\/2022\/11\/casa_gallardo.jpg","contentUrl":"https:\/\/www.anovapeneira.gal\/wp-content\/uploads\/2022\/11\/casa_gallardo.jpg","width":720,"height":432,"caption":"Waldo Casa Gallardo"},{"@type":"BreadcrumbList","@id":"https:\/\/www.anovapeneira.gal\/index.php\/2022\/11\/14\/a-musica-de-a-quenlla-alumea-puxeiros-en-casa-gallardo\/#breadcrumb","itemListElement":[{"@type":"ListItem","position":1,"name":"Portada","item":"https:\/\/www.anovapeneira.gal\/"},{"@type":"ListItem","position":2,"name":"A m\u00fasica de \u201cA Quenlla\u201d alumea Puxeiros en Casa Gallardo"}]},{"@type":"WebSite","@id":"https:\/\/www.anovapeneira.gal\/#website","url":"https:\/\/www.anovapeneira.gal\/","name":"","description":"Xornal galego de informaci\u00f3n xeral Publicaci\u00f3n mensual de novas de Galicia e en especial dos Concellos da sur da provincia de Pontevedra.","publisher":{"@id":"https:\/\/www.anovapeneira.gal\/#organization"},"potentialAction":[{"@type":"SearchAction","target":{"@type":"EntryPoint","urlTemplate":"https:\/\/www.anovapeneira.gal\/?s={search_term_string}"},"query-input":{"@type":"PropertyValueSpecification","valueRequired":true,"valueName":"search_term_string"}}],"inLanguage":"gl-ES"},{"@type":"Organization","@id":"https:\/\/www.anovapeneira.gal\/#organization","name":"A Nova Peneira","url":"https:\/\/www.anovapeneira.gal\/","logo":{"@type":"ImageObject","inLanguage":"gl-ES","@id":"https:\/\/www.anovapeneira.gal\/#\/schema\/logo\/image\/","url":"http:\/\/www.anovapeneira.gal\/wp-content\/uploads\/2019\/06\/logo_a_nova_peneira_portal_web.png","contentUrl":"http:\/\/www.anovapeneira.gal\/wp-content\/uploads\/2019\/06\/logo_a_nova_peneira_portal_web.png","width":300,"height":100,"caption":"A Nova Peneira"},"image":{"@id":"https:\/\/www.anovapeneira.gal\/#\/schema\/logo\/image\/"},"sameAs":["https:\/\/www.facebook.com\/anovapeneira","https:\/\/x.com\/APeneira"]},{"@type":"Person","@id":"https:\/\/www.anovapeneira.gal\/#\/schema\/person\/fb77575328c93684dae4b0075f90c2cb","name":"admin","image":{"@type":"ImageObject","inLanguage":"gl-ES","@id":"https:\/\/secure.gravatar.com\/avatar\/df15c36ce375448325e0bc870e91bbee95947a002eb98dcfd6c2b053e18843e9?s=96&d=mm&r=g","url":"https:\/\/secure.gravatar.com\/avatar\/df15c36ce375448325e0bc870e91bbee95947a002eb98dcfd6c2b053e18843e9?s=96&d=mm&r=g","contentUrl":"https:\/\/secure.gravatar.com\/avatar\/df15c36ce375448325e0bc870e91bbee95947a002eb98dcfd6c2b053e18843e9?s=96&d=mm&r=g","caption":"admin"},"description":"Xornal galego de informaci\u00f3n xeral Publicaci\u00f3n mensual de novas de Galicia e en especial dos Concellos da sur da provincia de Pontevedra.","sameAs":["http:\/\/www.anovapeneira.gal\/","https:\/\/www.facebook.com\/anovapeneira\/"],"url":"https:\/\/www.anovapeneira.gal\/index.php\/author\/admin\/"}]}},"jetpack_featured_media_url":"https:\/\/www.anovapeneira.gal\/wp-content\/uploads\/2022\/11\/casa_gallardo.jpg","_links":{"self":[{"href":"https:\/\/www.anovapeneira.gal\/index.php\/wp-json\/wp\/v2\/posts\/8539","targetHints":{"allow":["GET"]}}],"collection":[{"href":"https:\/\/www.anovapeneira.gal\/index.php\/wp-json\/wp\/v2\/posts"}],"about":[{"href":"https:\/\/www.anovapeneira.gal\/index.php\/wp-json\/wp\/v2\/types\/post"}],"author":[{"embeddable":true,"href":"https:\/\/www.anovapeneira.gal\/index.php\/wp-json\/wp\/v2\/users\/1"}],"replies":[{"embeddable":true,"href":"https:\/\/www.anovapeneira.gal\/index.php\/wp-json\/wp\/v2\/comments?post=8539"}],"version-history":[{"count":2,"href":"https:\/\/www.anovapeneira.gal\/index.php\/wp-json\/wp\/v2\/posts\/8539\/revisions"}],"predecessor-version":[{"id":8544,"href":"https:\/\/www.anovapeneira.gal\/index.php\/wp-json\/wp\/v2\/posts\/8539\/revisions\/8544"}],"wp:featuredmedia":[{"embeddable":true,"href":"https:\/\/www.anovapeneira.gal\/index.php\/wp-json\/wp\/v2\/media\/8541"}],"wp:attachment":[{"href":"https:\/\/www.anovapeneira.gal\/index.php\/wp-json\/wp\/v2\/media?parent=8539"}],"wp:term":[{"taxonomy":"category","embeddable":true,"href":"https:\/\/www.anovapeneira.gal\/index.php\/wp-json\/wp\/v2\/categories?post=8539"},{"taxonomy":"post_tag","embeddable":true,"href":"https:\/\/www.anovapeneira.gal\/index.php\/wp-json\/wp\/v2\/tags?post=8539"}],"curies":[{"name":"wp","href":"https:\/\/api.w.org\/{rel}","templated":true}]}}