{"id":8549,"date":"2022-11-14T12:00:09","date_gmt":"2022-11-14T11:00:09","guid":{"rendered":"https:\/\/www.anovapeneira.gal\/?p=8549"},"modified":"2022-11-10T10:46:16","modified_gmt":"2022-11-10T09:46:16","slug":"paseando-polas-ruas-de-marin","status":"publish","type":"post","link":"https:\/\/www.anovapeneira.gal\/index.php\/2022\/11\/14\/paseando-polas-ruas-de-marin\/","title":{"rendered":"Paseando polas r\u00faas de Mar\u00edn"},"content":{"rendered":"\n<figure class=\"wp-block-image size-full is-resized\"><img loading=\"lazy\" decoding=\"async\" src=\"https:\/\/www.anovapeneira.gal\/wp-content\/uploads\/2019\/07\/pedro_cortegoso_opinion_a_nova_peneira_bn.jpg\" alt=\"Pedro M. Cortegoso Gago Artigo Opini\u00f3n A Nova Peneira\" class=\"wp-image-464\" width=\"95\" height=\"111\"\/><figcaption>Pedro M. Cortegoso Gago\nTraballador do Sergas<\/figcaption><\/figure>\n\n\n\n<p>Se damos unha volta polas r\u00faas de Mar\u00edn podemos comprobar como moitas delas foron \u201chumanizadas\u201d e melloraron o seu aspecto, con beirarr\u00faas mais anchas e acces\u00edbeis. Con todo seguimos tendo que lamentar que hai varias cuesti\u00f3ns pendentes de mellorar na imaxe e no urbanismo do noso concello, e que deber\u00edan ser solucionadas canto antes.<\/p>\n\n\n\n<p>Estoume referindo \u00e1s edificaci\u00f3ns \u201chist\u00f3ricas\u201d a medio facer que podemos atopar por todo as r\u00faas, ao solar abandonado da r\u00faa M\u00e9ndez N\u00fa\u00f1ez e \u00e1 muralla china de contedores que a autoridade portuaria est\u00e1 constru\u00edndo no centro de Mar\u00edn, diante da Alameda.<\/p>\n\n\n\n<p>Temos a cincuenta metros do concello de Mar\u00edn, nunha das r\u00faas principais da nosa vila, un solar abandonado cheo de entullos e silvas para\u00edso da fauna felina. \u00c9 unha imaxe propia de calquera cidade do terceiro mundo sen ning\u00fan tipo de normativa e control urban\u00edstico..<\/p>\n\n\n\n<p>Na r\u00faa Real, a Caracol, a praza da Veigui\u00f1a, etc, tam\u00e9n podemos apreciar o abandono e o pasotismo institucional \u00e1 hora de controlar e facer valer as normas urban\u00edsticas. As\u00ed, podemos ver unhas cantas edificaci\u00f3ns a medio facer que levan nesa situaci\u00f3n anos e anos sen que ning\u00fan goberno municipal te\u00f1a a valent\u00eda de solucionar este problema.<\/p>\n\n\n\n<p>E para que temos unha conceller\u00eda de urbanismo se non fai uso das s\u00faas competencias nin lle reclama a Xunta que exerza as s\u00faas para mellorar esteticamente Mar\u00edn?<\/p>\n\n\n\n<p>Non se fai nada por que non se quere facer, non hai vontade. No concello non queren leas, non queren molestar, e practican unha pol\u00edtica de \u201cnon intervenci\u00f3n\u201d e deixar pasar.<\/p>\n\n\n\n<p>E isto non \u00e9 de agora, xa pasaron moitas lexislaturas e distintos gobernos municipais sen que ningu\u00e9n fixera ren por darlle soluci\u00f3n a este problema. Por que \u00e9 un problema est\u00e9tico, a\u00ednda que esteamos afeitos e xa non nos chame a atenci\u00f3n ver estas ru\u00ednas tan familiares.<\/p>\n\n\n\n<p>Algu\u00e9n se imaxina pasear por Hamburgo, Malm\u00f6 ou calquera outra cidade do norte de Europa e toparse con este panorama? Moito Edusi, moitos fondos europeos, moito presumir da humanizaci\u00f3n das r\u00faas, mais ter edificios abandonados e baixos pechados non da unha imaxe moderna de Mar\u00edn.<\/p>\n\n\n\n<p>Outro tanto acontece coa grande muralla china patrocinada pola Autoridade Portuaria. Cada d\u00eda \u00e9 m\u00e1is grande, os contedores medran, reprod\u00facense e ap\u00ed\u00f1anse uns enriba de outros diante da Alameda de Mar\u00edn. No centro da vila, onde deber\u00eda lucir coas nosas mellores galas, temos un espect\u00e1culo lament\u00e1bel, unha falta de respecto a todos e todas n\u00f3s que o vivimos cada d\u00eda e para as persoas que ve\u00f1en visitarnos.<\/p>\n\n\n\n<p>Damos unha imaxe terceiromundista inimaxin\u00e1bel en calquera pa\u00eds que se considere minimamente civilizado. \u00c9 que fai a nosa alcaldesa? Nada. Como lle vai chamar a atenci\u00f3n ao seu amigo e compa\u00f1eiro de partido o presidente da Autoridade Portuaria.<\/p>\n\n\n\n<p>Os disfraces de pirata ou de zombi non poden agochar a abandono e a inhibici\u00f3n contra o \u201cfe\u00edsmo\u201d urban\u00edstico e as malas pr\u00e1cticas da autoridade portuaria. Vai sendo hora de tomar decisi\u00f3ns por parte das persoas que te\u00f1en a responsabilidade pol\u00edtica de facelo.<\/p>\n\n\n\n<p>Hai que rematar coas construci\u00f3ns a medio facer que afean Mar\u00edn. O solar abandonado de M\u00e9ndez N\u00fa\u00f1ez ten que ser saneado, e nada mellor que unha gran zona verde, un parque urbano, para desfrute de todos e todas. E por \u00faltimo, a alcaldesa de Mar\u00edn debe facerse valer diante dos seus \u201cpadri\u00f1os\u201d da Autoridade Portuaria e exixir a retirada dos contedores a outra zona.<\/p>\n\n\n\n<p>Mar\u00edn, 4 de novembro de 2022<\/p>\n\n\n\n<p>Asdo.: Pedro M. Cortegoso Gago<\/p>\n","protected":false},"excerpt":{"rendered":"<div class=\"mh-excerpt\"><p>Se damos unha volta polas r\u00faas de Mar\u00edn podemos comprobar como moitas delas foron \u201chumanizadas\u201d e melloraron o seu aspecto, con beirarr\u00faas mais anchas e acces\u00edbeis <a class=\"mh-excerpt-more\" href=\"https:\/\/www.anovapeneira.gal\/index.php\/2022\/11\/14\/paseando-polas-ruas-de-marin\/\" title=\"Paseando polas r\u00faas de Mar\u00edn\">[&#8230;]<\/a><\/p>\n<\/div>","protected":false},"author":4,"featured_media":584,"comment_status":"open","ping_status":"open","sticky":false,"template":"","format":"standard","meta":{"_exactmetrics_skip_tracking":false,"_exactmetrics_sitenote_active":false,"_exactmetrics_sitenote_note":"","_exactmetrics_sitenote_category":0,"footnotes":""},"categories":[7],"tags":[144],"class_list":{"0":"post-8549","1":"post","2":"type-post","3":"status-publish","4":"format-standard","5":"has-post-thumbnail","7":"category-artigos-de-opinion","8":"tag-concello-de-marin"},"yoast_head":"<!-- This site is optimized with the Yoast SEO plugin v27.4 - https:\/\/yoast.com\/product\/yoast-seo-wordpress\/ -->\n<title>Paseando polas r\u00faas de Mar\u00edn -<\/title>\n<meta name=\"description\" content=\"Se damos unha volta polas r\u00faas de Mar\u00edn podemos comprobar como moitas delas foron \u201chumanizadas\u201d e melloraron o seu aspecto, con beirarr\u00faas mais anchas e acces\u00edbeis\" \/>\n<meta name=\"robots\" content=\"index, follow, max-snippet:-1, max-image-preview:large, max-video-preview:-1\" \/>\n<link rel=\"canonical\" href=\"https:\/\/www.anovapeneira.gal\/index.php\/2022\/11\/14\/paseando-polas-ruas-de-marin\/\" \/>\n<meta property=\"og:locale\" content=\"gl_ES\" \/>\n<meta property=\"og:type\" content=\"article\" \/>\n<meta property=\"og:title\" content=\"Paseando polas r\u00faas de Mar\u00edn -\" \/>\n<meta property=\"og:description\" content=\"Se damos unha volta polas r\u00faas de Mar\u00edn podemos comprobar como moitas delas foron \u201chumanizadas\u201d e melloraron o seu aspecto, con beirarr\u00faas mais anchas e acces\u00edbeis\" \/>\n<meta property=\"og:url\" content=\"https:\/\/www.anovapeneira.gal\/index.php\/2022\/11\/14\/paseando-polas-ruas-de-marin\/\" \/>\n<meta property=\"article:publisher\" content=\"https:\/\/www.facebook.com\/anovapeneira\" \/>\n<meta property=\"article:published_time\" content=\"2022-11-14T11:00:09+00:00\" \/>\n<meta property=\"og:image\" content=\"https:\/\/www.anovapeneira.gal\/wp-content\/uploads\/2019\/07\/ARTIGO_DE_OPINION_A_NOVA_PENEIRA.jpg\" \/>\n\t<meta property=\"og:image:width\" content=\"720\" \/>\n\t<meta property=\"og:image:height\" content=\"473\" \/>\n\t<meta property=\"og:image:type\" content=\"image\/jpeg\" \/>\n<meta name=\"author\" content=\"Pedro M. Cortegoso Gago\" \/>\n<meta name=\"twitter:card\" content=\"summary_large_image\" \/>\n<meta name=\"twitter:image\" content=\"https:\/\/www.anovapeneira.gal\/wp-content\/uploads\/2019\/07\/ARTIGO_DE_OPINION_A_NOVA_PENEIRA.jpg\" \/>\n<meta name=\"twitter:creator\" content=\"@APeneira\" \/>\n<meta name=\"twitter:site\" content=\"@APeneira\" \/>\n<meta name=\"twitter:label1\" content=\"Escrito por\" \/>\n\t<meta name=\"twitter:data1\" content=\"Pedro M. Cortegoso Gago\" \/>\n\t<meta name=\"twitter:label2\" content=\"Tempo de lectura\" \/>\n\t<meta name=\"twitter:data2\" content=\"4 minutos\" \/>\n<script type=\"application\/ld+json\" class=\"yoast-schema-graph\">{\"@context\":\"https:\\\/\\\/schema.org\",\"@graph\":[{\"@type\":\"Article\",\"@id\":\"https:\\\/\\\/www.anovapeneira.gal\\\/index.php\\\/2022\\\/11\\\/14\\\/paseando-polas-ruas-de-marin\\\/#article\",\"isPartOf\":{\"@id\":\"https:\\\/\\\/www.anovapeneira.gal\\\/index.php\\\/2022\\\/11\\\/14\\\/paseando-polas-ruas-de-marin\\\/\"},\"author\":{\"name\":\"Pedro M. Cortegoso Gago\",\"@id\":\"https:\\\/\\\/www.anovapeneira.gal\\\/#\\\/schema\\\/person\\\/c04a9c9f722c9446e71ae434c0353337\"},\"headline\":\"Paseando polas r\u00faas de Mar\u00edn\",\"datePublished\":\"2022-11-14T11:00:09+00:00\",\"mainEntityOfPage\":{\"@id\":\"https:\\\/\\\/www.anovapeneira.gal\\\/index.php\\\/2022\\\/11\\\/14\\\/paseando-polas-ruas-de-marin\\\/\"},\"wordCount\":649,\"commentCount\":0,\"publisher\":{\"@id\":\"https:\\\/\\\/www.anovapeneira.gal\\\/#organization\"},\"image\":{\"@id\":\"https:\\\/\\\/www.anovapeneira.gal\\\/index.php\\\/2022\\\/11\\\/14\\\/paseando-polas-ruas-de-marin\\\/#primaryimage\"},\"thumbnailUrl\":\"https:\\\/\\\/www.anovapeneira.gal\\\/wp-content\\\/uploads\\\/2019\\\/07\\\/ARTIGO_DE_OPINION_A_NOVA_PENEIRA.jpg\",\"keywords\":[\"Concello de Mar\u00edn\"],\"articleSection\":[\"Artigos de opini\u00f3n\"],\"inLanguage\":\"gl-ES\",\"potentialAction\":[{\"@type\":\"CommentAction\",\"name\":\"Comment\",\"target\":[\"https:\\\/\\\/www.anovapeneira.gal\\\/index.php\\\/2022\\\/11\\\/14\\\/paseando-polas-ruas-de-marin\\\/#respond\"]}]},{\"@type\":\"WebPage\",\"@id\":\"https:\\\/\\\/www.anovapeneira.gal\\\/index.php\\\/2022\\\/11\\\/14\\\/paseando-polas-ruas-de-marin\\\/\",\"url\":\"https:\\\/\\\/www.anovapeneira.gal\\\/index.php\\\/2022\\\/11\\\/14\\\/paseando-polas-ruas-de-marin\\\/\",\"name\":\"Paseando polas r\u00faas de Mar\u00edn -\",\"isPartOf\":{\"@id\":\"https:\\\/\\\/www.anovapeneira.gal\\\/#website\"},\"primaryImageOfPage\":{\"@id\":\"https:\\\/\\\/www.anovapeneira.gal\\\/index.php\\\/2022\\\/11\\\/14\\\/paseando-polas-ruas-de-marin\\\/#primaryimage\"},\"image\":{\"@id\":\"https:\\\/\\\/www.anovapeneira.gal\\\/index.php\\\/2022\\\/11\\\/14\\\/paseando-polas-ruas-de-marin\\\/#primaryimage\"},\"thumbnailUrl\":\"https:\\\/\\\/www.anovapeneira.gal\\\/wp-content\\\/uploads\\\/2019\\\/07\\\/ARTIGO_DE_OPINION_A_NOVA_PENEIRA.jpg\",\"datePublished\":\"2022-11-14T11:00:09+00:00\",\"description\":\"Se damos unha volta polas r\u00faas de Mar\u00edn podemos comprobar como moitas delas foron \u201chumanizadas\u201d e melloraron o seu aspecto, con beirarr\u00faas mais anchas e acces\u00edbeis\",\"breadcrumb\":{\"@id\":\"https:\\\/\\\/www.anovapeneira.gal\\\/index.php\\\/2022\\\/11\\\/14\\\/paseando-polas-ruas-de-marin\\\/#breadcrumb\"},\"inLanguage\":\"gl-ES\",\"potentialAction\":[{\"@type\":\"ReadAction\",\"target\":[\"https:\\\/\\\/www.anovapeneira.gal\\\/index.php\\\/2022\\\/11\\\/14\\\/paseando-polas-ruas-de-marin\\\/\"]}]},{\"@type\":\"ImageObject\",\"inLanguage\":\"gl-ES\",\"@id\":\"https:\\\/\\\/www.anovapeneira.gal\\\/index.php\\\/2022\\\/11\\\/14\\\/paseando-polas-ruas-de-marin\\\/#primaryimage\",\"url\":\"https:\\\/\\\/www.anovapeneira.gal\\\/wp-content\\\/uploads\\\/2019\\\/07\\\/ARTIGO_DE_OPINION_A_NOVA_PENEIRA.jpg\",\"contentUrl\":\"https:\\\/\\\/www.anovapeneira.gal\\\/wp-content\\\/uploads\\\/2019\\\/07\\\/ARTIGO_DE_OPINION_A_NOVA_PENEIRA.jpg\",\"width\":720,\"height\":473,\"caption\":\"Artigo de opini\u00f3n A Nova Peneira\"},{\"@type\":\"BreadcrumbList\",\"@id\":\"https:\\\/\\\/www.anovapeneira.gal\\\/index.php\\\/2022\\\/11\\\/14\\\/paseando-polas-ruas-de-marin\\\/#breadcrumb\",\"itemListElement\":[{\"@type\":\"ListItem\",\"position\":1,\"name\":\"Portada\",\"item\":\"https:\\\/\\\/www.anovapeneira.gal\\\/\"},{\"@type\":\"ListItem\",\"position\":2,\"name\":\"Paseando polas r\u00faas de Mar\u00edn\"}]},{\"@type\":\"WebSite\",\"@id\":\"https:\\\/\\\/www.anovapeneira.gal\\\/#website\",\"url\":\"https:\\\/\\\/www.anovapeneira.gal\\\/\",\"name\":\"\",\"description\":\"Xornal galego de informaci\u00f3n xeral Publicaci\u00f3n mensual de novas de Galicia e en especial dos Concellos da sur da provincia de Pontevedra.\",\"publisher\":{\"@id\":\"https:\\\/\\\/www.anovapeneira.gal\\\/#organization\"},\"potentialAction\":[{\"@type\":\"SearchAction\",\"target\":{\"@type\":\"EntryPoint\",\"urlTemplate\":\"https:\\\/\\\/www.anovapeneira.gal\\\/?s={search_term_string}\"},\"query-input\":{\"@type\":\"PropertyValueSpecification\",\"valueRequired\":true,\"valueName\":\"search_term_string\"}}],\"inLanguage\":\"gl-ES\"},{\"@type\":\"Organization\",\"@id\":\"https:\\\/\\\/www.anovapeneira.gal\\\/#organization\",\"name\":\"A Nova Peneira\",\"url\":\"https:\\\/\\\/www.anovapeneira.gal\\\/\",\"logo\":{\"@type\":\"ImageObject\",\"inLanguage\":\"gl-ES\",\"@id\":\"https:\\\/\\\/www.anovapeneira.gal\\\/#\\\/schema\\\/logo\\\/image\\\/\",\"url\":\"http:\\\/\\\/www.anovapeneira.gal\\\/wp-content\\\/uploads\\\/2019\\\/06\\\/logo_a_nova_peneira_portal_web.png\",\"contentUrl\":\"http:\\\/\\\/www.anovapeneira.gal\\\/wp-content\\\/uploads\\\/2019\\\/06\\\/logo_a_nova_peneira_portal_web.png\",\"width\":300,\"height\":100,\"caption\":\"A Nova Peneira\"},\"image\":{\"@id\":\"https:\\\/\\\/www.anovapeneira.gal\\\/#\\\/schema\\\/logo\\\/image\\\/\"},\"sameAs\":[\"https:\\\/\\\/www.facebook.com\\\/anovapeneira\",\"https:\\\/\\\/x.com\\\/APeneira\"]},{\"@type\":\"Person\",\"@id\":\"https:\\\/\\\/www.anovapeneira.gal\\\/#\\\/schema\\\/person\\\/c04a9c9f722c9446e71ae434c0353337\",\"name\":\"Pedro M. Cortegoso Gago\",\"image\":{\"@type\":\"ImageObject\",\"inLanguage\":\"gl-ES\",\"@id\":\"https:\\\/\\\/secure.gravatar.com\\\/avatar\\\/1613b27278a972c04db5c2f04fb2cbfa9edb58d6c3e2547817ecb8240eb58381?s=96&d=mm&r=g\",\"url\":\"https:\\\/\\\/secure.gravatar.com\\\/avatar\\\/1613b27278a972c04db5c2f04fb2cbfa9edb58d6c3e2547817ecb8240eb58381?s=96&d=mm&r=g\",\"contentUrl\":\"https:\\\/\\\/secure.gravatar.com\\\/avatar\\\/1613b27278a972c04db5c2f04fb2cbfa9edb58d6c3e2547817ecb8240eb58381?s=96&d=mm&r=g\",\"caption\":\"Pedro M. Cortegoso Gago\"},\"sameAs\":[\"http:\\\/\\\/anovapeneira.gal\"],\"url\":\"https:\\\/\\\/www.anovapeneira.gal\\\/index.php\\\/author\\\/opinionpcortegoso\\\/\"}]}<\/script>\n<!-- \/ Yoast SEO plugin. -->","yoast_head_json":{"title":"Paseando polas r\u00faas de Mar\u00edn -","description":"Se damos unha volta polas r\u00faas de Mar\u00edn podemos comprobar como moitas delas foron \u201chumanizadas\u201d e melloraron o seu aspecto, con beirarr\u00faas mais anchas e acces\u00edbeis","robots":{"index":"index","follow":"follow","max-snippet":"max-snippet:-1","max-image-preview":"max-image-preview:large","max-video-preview":"max-video-preview:-1"},"canonical":"https:\/\/www.anovapeneira.gal\/index.php\/2022\/11\/14\/paseando-polas-ruas-de-marin\/","og_locale":"gl_ES","og_type":"article","og_title":"Paseando polas r\u00faas de Mar\u00edn -","og_description":"Se damos unha volta polas r\u00faas de Mar\u00edn podemos comprobar como moitas delas foron \u201chumanizadas\u201d e melloraron o seu aspecto, con beirarr\u00faas mais anchas e acces\u00edbeis","og_url":"https:\/\/www.anovapeneira.gal\/index.php\/2022\/11\/14\/paseando-polas-ruas-de-marin\/","article_publisher":"https:\/\/www.facebook.com\/anovapeneira","article_published_time":"2022-11-14T11:00:09+00:00","og_image":[{"width":720,"height":473,"url":"https:\/\/www.anovapeneira.gal\/wp-content\/uploads\/2019\/07\/ARTIGO_DE_OPINION_A_NOVA_PENEIRA.jpg","type":"image\/jpeg"}],"author":"Pedro M. Cortegoso Gago","twitter_card":"summary_large_image","twitter_image":"https:\/\/www.anovapeneira.gal\/wp-content\/uploads\/2019\/07\/ARTIGO_DE_OPINION_A_NOVA_PENEIRA.jpg","twitter_creator":"@APeneira","twitter_site":"@APeneira","twitter_misc":{"Escrito por":"Pedro M. Cortegoso Gago","Tempo de lectura":"4 minutos"},"schema":{"@context":"https:\/\/schema.org","@graph":[{"@type":"Article","@id":"https:\/\/www.anovapeneira.gal\/index.php\/2022\/11\/14\/paseando-polas-ruas-de-marin\/#article","isPartOf":{"@id":"https:\/\/www.anovapeneira.gal\/index.php\/2022\/11\/14\/paseando-polas-ruas-de-marin\/"},"author":{"name":"Pedro M. Cortegoso Gago","@id":"https:\/\/www.anovapeneira.gal\/#\/schema\/person\/c04a9c9f722c9446e71ae434c0353337"},"headline":"Paseando polas r\u00faas de Mar\u00edn","datePublished":"2022-11-14T11:00:09+00:00","mainEntityOfPage":{"@id":"https:\/\/www.anovapeneira.gal\/index.php\/2022\/11\/14\/paseando-polas-ruas-de-marin\/"},"wordCount":649,"commentCount":0,"publisher":{"@id":"https:\/\/www.anovapeneira.gal\/#organization"},"image":{"@id":"https:\/\/www.anovapeneira.gal\/index.php\/2022\/11\/14\/paseando-polas-ruas-de-marin\/#primaryimage"},"thumbnailUrl":"https:\/\/www.anovapeneira.gal\/wp-content\/uploads\/2019\/07\/ARTIGO_DE_OPINION_A_NOVA_PENEIRA.jpg","keywords":["Concello de Mar\u00edn"],"articleSection":["Artigos de opini\u00f3n"],"inLanguage":"gl-ES","potentialAction":[{"@type":"CommentAction","name":"Comment","target":["https:\/\/www.anovapeneira.gal\/index.php\/2022\/11\/14\/paseando-polas-ruas-de-marin\/#respond"]}]},{"@type":"WebPage","@id":"https:\/\/www.anovapeneira.gal\/index.php\/2022\/11\/14\/paseando-polas-ruas-de-marin\/","url":"https:\/\/www.anovapeneira.gal\/index.php\/2022\/11\/14\/paseando-polas-ruas-de-marin\/","name":"Paseando polas r\u00faas de Mar\u00edn -","isPartOf":{"@id":"https:\/\/www.anovapeneira.gal\/#website"},"primaryImageOfPage":{"@id":"https:\/\/www.anovapeneira.gal\/index.php\/2022\/11\/14\/paseando-polas-ruas-de-marin\/#primaryimage"},"image":{"@id":"https:\/\/www.anovapeneira.gal\/index.php\/2022\/11\/14\/paseando-polas-ruas-de-marin\/#primaryimage"},"thumbnailUrl":"https:\/\/www.anovapeneira.gal\/wp-content\/uploads\/2019\/07\/ARTIGO_DE_OPINION_A_NOVA_PENEIRA.jpg","datePublished":"2022-11-14T11:00:09+00:00","description":"Se damos unha volta polas r\u00faas de Mar\u00edn podemos comprobar como moitas delas foron \u201chumanizadas\u201d e melloraron o seu aspecto, con beirarr\u00faas mais anchas e acces\u00edbeis","breadcrumb":{"@id":"https:\/\/www.anovapeneira.gal\/index.php\/2022\/11\/14\/paseando-polas-ruas-de-marin\/#breadcrumb"},"inLanguage":"gl-ES","potentialAction":[{"@type":"ReadAction","target":["https:\/\/www.anovapeneira.gal\/index.php\/2022\/11\/14\/paseando-polas-ruas-de-marin\/"]}]},{"@type":"ImageObject","inLanguage":"gl-ES","@id":"https:\/\/www.anovapeneira.gal\/index.php\/2022\/11\/14\/paseando-polas-ruas-de-marin\/#primaryimage","url":"https:\/\/www.anovapeneira.gal\/wp-content\/uploads\/2019\/07\/ARTIGO_DE_OPINION_A_NOVA_PENEIRA.jpg","contentUrl":"https:\/\/www.anovapeneira.gal\/wp-content\/uploads\/2019\/07\/ARTIGO_DE_OPINION_A_NOVA_PENEIRA.jpg","width":720,"height":473,"caption":"Artigo de opini\u00f3n A Nova Peneira"},{"@type":"BreadcrumbList","@id":"https:\/\/www.anovapeneira.gal\/index.php\/2022\/11\/14\/paseando-polas-ruas-de-marin\/#breadcrumb","itemListElement":[{"@type":"ListItem","position":1,"name":"Portada","item":"https:\/\/www.anovapeneira.gal\/"},{"@type":"ListItem","position":2,"name":"Paseando polas r\u00faas de Mar\u00edn"}]},{"@type":"WebSite","@id":"https:\/\/www.anovapeneira.gal\/#website","url":"https:\/\/www.anovapeneira.gal\/","name":"","description":"Xornal galego de informaci\u00f3n xeral Publicaci\u00f3n mensual de novas de Galicia e en especial dos Concellos da sur da provincia de Pontevedra.","publisher":{"@id":"https:\/\/www.anovapeneira.gal\/#organization"},"potentialAction":[{"@type":"SearchAction","target":{"@type":"EntryPoint","urlTemplate":"https:\/\/www.anovapeneira.gal\/?s={search_term_string}"},"query-input":{"@type":"PropertyValueSpecification","valueRequired":true,"valueName":"search_term_string"}}],"inLanguage":"gl-ES"},{"@type":"Organization","@id":"https:\/\/www.anovapeneira.gal\/#organization","name":"A Nova Peneira","url":"https:\/\/www.anovapeneira.gal\/","logo":{"@type":"ImageObject","inLanguage":"gl-ES","@id":"https:\/\/www.anovapeneira.gal\/#\/schema\/logo\/image\/","url":"http:\/\/www.anovapeneira.gal\/wp-content\/uploads\/2019\/06\/logo_a_nova_peneira_portal_web.png","contentUrl":"http:\/\/www.anovapeneira.gal\/wp-content\/uploads\/2019\/06\/logo_a_nova_peneira_portal_web.png","width":300,"height":100,"caption":"A Nova Peneira"},"image":{"@id":"https:\/\/www.anovapeneira.gal\/#\/schema\/logo\/image\/"},"sameAs":["https:\/\/www.facebook.com\/anovapeneira","https:\/\/x.com\/APeneira"]},{"@type":"Person","@id":"https:\/\/www.anovapeneira.gal\/#\/schema\/person\/c04a9c9f722c9446e71ae434c0353337","name":"Pedro M. Cortegoso Gago","image":{"@type":"ImageObject","inLanguage":"gl-ES","@id":"https:\/\/secure.gravatar.com\/avatar\/1613b27278a972c04db5c2f04fb2cbfa9edb58d6c3e2547817ecb8240eb58381?s=96&d=mm&r=g","url":"https:\/\/secure.gravatar.com\/avatar\/1613b27278a972c04db5c2f04fb2cbfa9edb58d6c3e2547817ecb8240eb58381?s=96&d=mm&r=g","contentUrl":"https:\/\/secure.gravatar.com\/avatar\/1613b27278a972c04db5c2f04fb2cbfa9edb58d6c3e2547817ecb8240eb58381?s=96&d=mm&r=g","caption":"Pedro M. Cortegoso Gago"},"sameAs":["http:\/\/anovapeneira.gal"],"url":"https:\/\/www.anovapeneira.gal\/index.php\/author\/opinionpcortegoso\/"}]}},"jetpack_featured_media_url":"https:\/\/www.anovapeneira.gal\/wp-content\/uploads\/2019\/07\/ARTIGO_DE_OPINION_A_NOVA_PENEIRA.jpg","_links":{"self":[{"href":"https:\/\/www.anovapeneira.gal\/index.php\/wp-json\/wp\/v2\/posts\/8549","targetHints":{"allow":["GET"]}}],"collection":[{"href":"https:\/\/www.anovapeneira.gal\/index.php\/wp-json\/wp\/v2\/posts"}],"about":[{"href":"https:\/\/www.anovapeneira.gal\/index.php\/wp-json\/wp\/v2\/types\/post"}],"author":[{"embeddable":true,"href":"https:\/\/www.anovapeneira.gal\/index.php\/wp-json\/wp\/v2\/users\/4"}],"replies":[{"embeddable":true,"href":"https:\/\/www.anovapeneira.gal\/index.php\/wp-json\/wp\/v2\/comments?post=8549"}],"version-history":[{"count":1,"href":"https:\/\/www.anovapeneira.gal\/index.php\/wp-json\/wp\/v2\/posts\/8549\/revisions"}],"predecessor-version":[{"id":8550,"href":"https:\/\/www.anovapeneira.gal\/index.php\/wp-json\/wp\/v2\/posts\/8549\/revisions\/8550"}],"wp:featuredmedia":[{"embeddable":true,"href":"https:\/\/www.anovapeneira.gal\/index.php\/wp-json\/wp\/v2\/media\/584"}],"wp:attachment":[{"href":"https:\/\/www.anovapeneira.gal\/index.php\/wp-json\/wp\/v2\/media?parent=8549"}],"wp:term":[{"taxonomy":"category","embeddable":true,"href":"https:\/\/www.anovapeneira.gal\/index.php\/wp-json\/wp\/v2\/categories?post=8549"},{"taxonomy":"post_tag","embeddable":true,"href":"https:\/\/www.anovapeneira.gal\/index.php\/wp-json\/wp\/v2\/tags?post=8549"}],"curies":[{"name":"wp","href":"https:\/\/api.w.org\/{rel}","templated":true}]}}